{"id":215823,"date":"2021-06-14T05:40:24","date_gmt":"2021-06-14T03:40:24","guid":{"rendered":"https:\/\/www.radiopiu.net\/wordpress\/?p=215823"},"modified":"2021-06-14T05:58:59","modified_gmt":"2021-06-14T03:58:59","slug":"escursionista-in-gravi-condizioni-dopo-essere-scivolato-tra-costoia-e-pecol-di-san-tomaso","status":"publish","type":"post","link":"https:\/\/www.radiopiu.net\/wordpress\/escursionista-in-gravi-condizioni-dopo-essere-scivolato-tra-costoia-e-pecol-di-san-tomaso\/","title":{"rendered":"ESCURSIONISTA IN GRAVI CONDIZIONI DOPO ESSERE SCIVOLATO TRA COSTOIA E PECOL DI SAN TOMASO"},"content":{"rendered":"<p><strong><a href=\"https:\/\/www.radiopiu.net\/wordpress\/recuperati-allalba-due-escursionisti-sulle-pale-di-san-lucano\/salt_20200809_102446_176_resized\/\" rel=\"attachment wp-att-154185\"><img loading=\"lazy\" decoding=\"async\" class=\"size-medium wp-image-154185 alignleft\" src=\"https:\/\/www.radiopiu.net\/wordpress\/wp-content\/uploads\/2020\/08\/salt_20200809_102446_176_resized-300x225.jpg\" alt=\"\" width=\"300\" height=\"225\" srcset=\"https:\/\/www.radiopiu.net\/wordpress\/wp-content\/uploads\/2020\/08\/salt_20200809_102446_176_resized-300x225.jpg 300w, https:\/\/www.radiopiu.net\/wordpress\/wp-content\/uploads\/2020\/08\/salt_20200809_102446_176_resized-1024x768.jpg 1024w, https:\/\/www.radiopiu.net\/wordpress\/wp-content\/uploads\/2020\/08\/salt_20200809_102446_176_resized-768x576.jpg 768w, https:\/\/www.radiopiu.net\/wordpress\/wp-content\/uploads\/2020\/08\/salt_20200809_102446_176_resized.jpg 1182w\" sizes=\"auto, (max-width: 300px) 100vw, 300px\" \/><\/a>SAN TOMASO\u00a0<\/strong>Passate da poco le 18 la Centrale del Suem \u00e8 stata allertata da un gruppo di escursionisti, poich\u00e9 uno di loro, mentre percorrevano il sentiero che da Costoia porta a Pecol, era scivolato cadendo tra la vegetazione nella scarpata laterale e non rispondeva ai loro richiami. Mentre due soccorritori della Val Biois si preparavano in piazzola per eventuale supporto, l&#8217;elicottero del Suem di Pieve di Cadore, una volta geolocalizzato il punto dell&#8217;incidente, ha sorvolato la zona, finch\u00e9 non \u00e8 riuscito a individuare l&#8217;uomo, una cinquantina di metri sotto il sentiero. Sbarcati equipe medica e tecnico di elisoccorso, al settantenne sono state prestate le cure pi\u00f9 urgenti, a seguito del possibile politrauma riportato. Caricato a Bordo, l&#8217;uomo \u00e8 stato trasportato in gravi condizioni all&#8217;ospedale di Treviso. Una squadra del Soccorso alpino \u00e8 andata incontro al resto del gruppo.<\/p>\n","protected":false},"excerpt":{"rendered":"<p>SAN TOMASO\u00a0Passate da poco le 18 la Centrale del Suem \u00e8 stata allertata da un gruppo di escursionisti, poich\u00e9 uno di loro, mentre percorrevano il sentiero che da Costoia porta a Pecol, era scivolato cadendo tra la vegetazione nella scarpata laterale e non rispondeva ai loro richiami. Mentre due soccorritori della Val Biois si preparavano&hellip;<\/p>\n","protected":false},"author":4,"featured_media":154185,"comment_status":"closed","ping_status":"open","sticky":false,"template":"","format":"standard","meta":{"_monsterinsights_skip_tracking":false,"_monsterinsights_sitenote_active":false,"_monsterinsights_sitenote_note":"","_monsterinsights_sitenote_category":0,"footnotes":""},"categories":[51,49],"tags":[],"class_list":["post-215823","post","type-post","status-publish","format-standard","has-post-thumbnail","hentry","category-evidenza-top","category-news-18","category-51","category-49","description-off"],"img_url":"https:\/\/www.radiopiu.net\/wordpress\/wp-content\/uploads\/2020\/08\/salt_20200809_102446_176_resized.jpg","_links":{"self":[{"href":"https:\/\/www.radiopiu.net\/wordpress\/wp-json\/wp\/v2\/posts\/215823","targetHints":{"allow":["GET"]}}],"collection":[{"href":"https:\/\/www.radiopiu.net\/wordpress\/wp-json\/wp\/v2\/posts"}],"about":[{"href":"https:\/\/www.radiopiu.net\/wordpress\/wp-json\/wp\/v2\/types\/post"}],"author":[{"embeddable":true,"href":"https:\/\/www.radiopiu.net\/wordpress\/wp-json\/wp\/v2\/users\/4"}],"replies":[{"embeddable":true,"href":"https:\/\/www.radiopiu.net\/wordpress\/wp-json\/wp\/v2\/comments?post=215823"}],"version-history":[{"count":0,"href":"https:\/\/www.radiopiu.net\/wordpress\/wp-json\/wp\/v2\/posts\/215823\/revisions"}],"wp:featuredmedia":[{"embeddable":true,"href":"https:\/\/www.radiopiu.net\/wordpress\/wp-json\/wp\/v2\/media\/154185"}],"wp:attachment":[{"href":"https:\/\/www.radiopiu.net\/wordpress\/wp-json\/wp\/v2\/media?parent=215823"}],"wp:term":[{"taxonomy":"category","embeddable":true,"href":"https:\/\/www.radiopiu.net\/wordpress\/wp-json\/wp\/v2\/categories?post=215823"},{"taxonomy":"post_tag","embeddable":true,"href":"https:\/\/www.radiopiu.net\/wordpress\/wp-json\/wp\/v2\/tags?post=215823"}],"curies":[{"name":"wp","href":"https:\/\/api.w.org\/{rel}","templated":true}]}}