{"id":215859,"date":"2021-06-14T05:13:42","date_gmt":"2021-06-14T03:13:42","guid":{"rendered":"https:\/\/www.radiopiu.net\/wordpress\/?p=215859"},"modified":"2021-06-14T06:02:10","modified_gmt":"2021-06-14T04:02:10","slug":"allettanti-proposte-dellufficio-diocesano-di-pastorale-giovanile","status":"publish","type":"post","link":"https:\/\/www.radiopiu.net\/wordpress\/allettanti-proposte-dellufficio-diocesano-di-pastorale-giovanile\/","title":{"rendered":"ALLETTANTI PROPOSTE DELL\u2019UFFICIO DIOCESANO DI PASTORALE GIOVANILE"},"content":{"rendered":"<div><strong>di RENATO BONA<\/strong><\/p>\n<p><strong>BELLUNO<\/strong>\u00a0 \u201cNotturna in Certosa\u201d, \u201c2 passi in Cansiglio\u201d e, per tre giorni, \u201cSulla via Claudia Augusta Altinate\u201d L\u2019invito: partecipare senza paura e di far strada insieme; l\u2019augurio: scoprire, nella semplicit\u00e0, la gioia dei passi condivisi; lo scopo: raggiungere la meta, che \u00e8 il cammino stesso! Costruire strade di amicizia e di fiducia reciproca, \u201cimparando che siamo fatti X fare cose + grandi!\u201d. E\u2019 cos\u00ec sintetizzata la triplice proposta dell\u2019Ufficio diocesano di pastorale dei giovani che, il gestore del servizio educativo-ricreativo guidato da don Roberto De Nardin di La Valle Agordina, ha rivolto a giovani ed adolescenti dai 16 ai 30 anni. Dunque &#8211; come si pu\u00f2 leggere nel servizio postato sul sito diocesano chiesabellunofeltre &#8211; dopo mesi di chiusura, di didattica online, di limitazioni alle quali abbiamo comunque cercato di far fronte, l\u2019estate ci riapre alla fiducia e da qui la proposta tradizionale di cammino, \u201cun\u2019opportunit\u00e0 in tre atti con un un filo rosso che delinea, in modo uniforme il tutto: \u00e8 la conoscenza di un compagno di viaggio, il Beato Charles de Foucauld, un cercatore di Dio, un maestro credibile di essenzialit\u00e0 e di fraternit\u00e0, un testimone del Vangelo per i nostri giorni\u201d. Questi i tre cammini, \u201caffiancati dalla sua compagnia\u201d: sabato 31 luglio -domenica 1 agosto: \u201cNotturna in Certosa\u201d (iscrizioni entro il 28 luglio): pellegrinaggio nella notte in Valbelluna: Mas, Certosa di Vedana, Santa Giustina; sabato 21 agosto: \u201c2 passi in Cansiglio (iscrizioni entro il 18 agosto): giro ad anello alla scoperta della bellezza della foresta pi\u00f9 importante della provincia: venerd\u00ec 3-domenica 5 settembre: \u201cSulla via Claudia Augusta Altinate\u201d (iscrizioni entro il 15 agosto): pellegrini oltre i confini, su strade antiche: Feltre, San Donato di Lamon, Tesino, Val Calamento, Santuario di Pin\u00e8 di Trento. Alcune puntualizzazioni: le proposte sono tre: una diurna, una notturna e quella con percorso pi\u00f9 lungo, e c\u2019\u00e8 la possibilit\u00e0 di partecipare ad una singola iniziativa oppure a due o a tutte e tre. Il percorso in notturna ha una lunghezza di circa 21 chilometri con partenza alle 21,30 dal parcheggio della chiesa di Mas ed arrivo nel Centro di spiritualit\u00e0 e cultura \u201cPapa Luciani\u201d a Col Cumano di Santa Giustina previsto per le 5: sar\u00e0 organizzato per chi ne avesse necessit\u00e0 il rientro a Mas. L\u2019uscita in Cansiglio, su un percorso ad anello di circa 10 chilometri prevede la parte za alle 9,30 e arrivo previsto per le 16: pranzo al sacco (compreso nella quota di iscrizione). Il percorso sulla Via Claudia Augusto con meta il Santuario di Pin\u00e8 si svolger\u00e0 dal 3 al 5 settembre su un tracciato di circa 75 chilometri, con partenza alle 6,30 da Feltre ed arrivo verso le 19 a Pin\u00e8 (il rientro avverr\u00e0 in pullman). Naturalmente la partecipazione \u00e8 legata all\u2019impegno a rispettare le norme relative all\u2019emergenza Covid. Per quanto concerne le iscrizioni, le quote sono fissate in 15 euro per quelle giornaliere, da versare alla partenza agli organizzatori; 80 euro invece per il percorso di 3 giorni (da eseguire con bonifico, causale: cammino 2021) Diocesi di Belluno-Feltre, Unicredit Banca IT34U0200811910000005263523 C.F. 93004520255). Per ulteriori informazioni si deve scrivere all\u2019indirizzo telematico: giovanibellunofeltre@gmail.com.<\/div>\n<div>\n\n\t\t\t<style type='text\/css'>\n\t\t\t\t#gallery-1 {\n\t\t\t\t\tmargin: auto;\n\t\t\t\t}\n\t\t\t\t#gallery-1 .gallery-item {\n\t\t\t\t\tfloat: left;\n\t\t\t\t\tmargin-top: 10px;\n\t\t\t\t\ttext-align: center;\n\t\t\t\t\twidth: 14%;\n\t\t\t\t}\n\t\t\t\t#gallery-1 img {\n\t\t\t\t\tborder: 2px solid #cfcfcf;\n\t\t\t\t}\n\t\t\t\t#gallery-1 .gallery-caption {\n\t\t\t\t\tmargin-left: 0;\n\t\t\t\t}\n\t\t\t\t\/* see gallery_shortcode() in wp-includes\/media.php *\/\n\t\t\t<\/style>\n\t\t<div id='gallery-1' class='dt-gallery-container gallery galleryid-215859 gallery-columns-7 gallery-size-thumbnail'><dl class='gallery-item'>\n\t\t\t\t<dt class='gallery-icon landscape'>\n\t\t\t\t\t<a class=\"rollover rollover-zoom dt-pswp-item\" title=\"199046991_224438972626134_3917960357811909878_n\" data-dt-img-description=\"\" data-large_image_width=\"275\" data-large_image_height=\"206\"href='https:\/\/www.radiopiu.net\/wordpress\/wp-content\/uploads\/2021\/06\/199046991_224438972626134_3917960357811909878_n.jpg'><img loading=\"lazy\" decoding=\"async\" width=\"150\" height=\"150\" src=\"https:\/\/www.radiopiu.net\/wordpress\/wp-content\/uploads\/2021\/06\/199046991_224438972626134_3917960357811909878_n-150x150.jpg\" class=\"attachment-thumbnail size-thumbnail\" alt=\"\" \/><\/a>\n\t\t\t\t<\/dt><\/dl><dl class='gallery-item'>\n\t\t\t\t<dt class='gallery-icon portrait'>\n\t\t\t\t\t<a class=\"rollover rollover-zoom dt-pswp-item\" title=\"199355283_318479906504183_1181617997224360737_n\" data-dt-img-description=\"\" data-large_image_width=\"160\" data-large_image_height=\"225\"href='https:\/\/www.radiopiu.net\/wordpress\/wp-content\/uploads\/2021\/06\/199355283_318479906504183_1181617997224360737_n.png'><img loading=\"lazy\" decoding=\"async\" width=\"150\" height=\"150\" src=\"https:\/\/www.radiopiu.net\/wordpress\/wp-content\/uploads\/2021\/06\/199355283_318479906504183_1181617997224360737_n-150x150.png\" class=\"attachment-thumbnail size-thumbnail\" alt=\"\" \/><\/a>\n\t\t\t\t<\/dt><\/dl><dl class='gallery-item'>\n\t\t\t\t<dt class='gallery-icon landscape'>\n\t\t\t\t\t<a class=\"rollover rollover-zoom dt-pswp-item\" title=\"199788795_4052686208147581_5987402395845579302_n\" data-dt-img-description=\"\" data-large_image_width=\"150\" data-large_image_height=\"150\"href='https:\/\/www.radiopiu.net\/wordpress\/wp-content\/uploads\/2021\/06\/199788795_4052686208147581_5987402395845579302_n.jpg'><img loading=\"lazy\" decoding=\"async\" width=\"150\" height=\"150\" src=\"https:\/\/www.radiopiu.net\/wordpress\/wp-content\/uploads\/2021\/06\/199788795_4052686208147581_5987402395845579302_n.jpg\" class=\"attachment-thumbnail size-thumbnail\" alt=\"\" \/><\/a>\n\t\t\t\t<\/dt><\/dl><dl class='gallery-item'>\n\t\t\t\t<dt class='gallery-icon portrait'>\n\t\t\t\t\t<a class=\"rollover rollover-zoom dt-pswp-item\" title=\"199768345_840239523258847_5736700675849179416_n\" data-dt-img-description=\"\" data-large_image_width=\"154\" data-large_image_height=\"206\"href='https:\/\/www.radiopiu.net\/wordpress\/wp-content\/uploads\/2021\/06\/199768345_840239523258847_5736700675849179416_n.jpg'><img loading=\"lazy\" decoding=\"async\" width=\"150\" height=\"150\" src=\"https:\/\/www.radiopiu.net\/wordpress\/wp-content\/uploads\/2021\/06\/199768345_840239523258847_5736700675849179416_n-150x150.jpg\" class=\"attachment-thumbnail size-thumbnail\" alt=\"\" \/><\/a>\n\t\t\t\t<\/dt><\/dl><dl class='gallery-item'>\n\t\t\t\t<dt class='gallery-icon landscape'>\n\t\t\t\t\t<a class=\"rollover rollover-zoom dt-pswp-item\" title=\"200011408_308723454218236_7385945987938607198_n\" data-dt-img-description=\"\" data-large_image_width=\"282\" data-large_image_height=\"178\"href='https:\/\/www.radiopiu.net\/wordpress\/wp-content\/uploads\/2021\/06\/200011408_308723454218236_7385945987938607198_n.jpg'><img loading=\"lazy\" decoding=\"async\" width=\"150\" height=\"150\" src=\"https:\/\/www.radiopiu.net\/wordpress\/wp-content\/uploads\/2021\/06\/200011408_308723454218236_7385945987938607198_n-150x150.jpg\" class=\"attachment-thumbnail size-thumbnail\" alt=\"\" \/><\/a>\n\t\t\t\t<\/dt><\/dl><dl class='gallery-item'>\n\t\t\t\t<dt class='gallery-icon landscape'>\n\t\t\t\t\t<a class=\"rollover rollover-zoom dt-pswp-item\" title=\"199342945_5697495773655745_1793273424002323207_n\" data-dt-img-description=\"\" data-large_image_width=\"275\" data-large_image_height=\"183\"href='https:\/\/www.radiopiu.net\/wordpress\/wp-content\/uploads\/2021\/06\/199342945_5697495773655745_1793273424002323207_n.jpg'><img loading=\"lazy\" decoding=\"async\" width=\"150\" height=\"150\" src=\"https:\/\/www.radiopiu.net\/wordpress\/wp-content\/uploads\/2021\/06\/199342945_5697495773655745_1793273424002323207_n-150x150.jpg\" class=\"attachment-thumbnail size-thumbnail\" alt=\"\" \/><\/a>\n\t\t\t\t<\/dt><\/dl><dl class='gallery-item'>\n\t\t\t\t<dt class='gallery-icon portrait'>\n\t\t\t\t\t<a class=\"rollover rollover-zoom dt-pswp-item\" title=\"200064854_1473160386359056_358266727247131604_n\" data-dt-img-description=\"\" data-large_image_width=\"160\" data-large_image_height=\"202\"href='https:\/\/www.radiopiu.net\/wordpress\/wp-content\/uploads\/2021\/06\/200064854_1473160386359056_358266727247131604_n.jpg'><img loading=\"lazy\" decoding=\"async\" width=\"150\" height=\"150\" src=\"https:\/\/www.radiopiu.net\/wordpress\/wp-content\/uploads\/2021\/06\/200064854_1473160386359056_358266727247131604_n-150x150.jpg\" class=\"attachment-thumbnail size-thumbnail\" alt=\"\" \/><\/a>\n\t\t\t\t<\/dt><\/dl><br style=\"clear: both\" \/>\n\t\t\t<\/div>\n\n<p>NELLE FOTO (siti chiesabellunofeltre, radiopi\u00f9, wikipedia, structurae, magicoveneto e italiavotiva.it): la locandina con l\u2019annuncio della triplice iniziativa dell\u2019Ufficio diocesano di Belluno-Feltre di pastorale dei giovani; il responsabile dell\u2019Ufficio, don Roberto De Nardin; il beato Charles de Foucauld, un cercatore di Dio; la Certosa di Vedana; panoramica della piana-foresta del Cansiglio; il santuario della Madonna di Pin\u00e8 di Montagnaga di Trento; opera commissionata da Giacomo Moser ad un pittore trentino, olio su tela 76&#215;60, anno 1729, esposto nella chiesa di Sant\u2019Anna con la Madonna che benedice Giovannetta Varoli mentre la giovane sui trovava nei campi nel 1432: l\u2019opera, sotto il titolo \u201cMiracoli particolari\u201d, riproduce l\u2019iconografia della Madonna di Caravaggio e segna l\u2019origine del Santuario.<\/p><\/div>\n","protected":false},"excerpt":{"rendered":"<p>di RENATO BONA BELLUNO\u00a0 \u201cNotturna in Certosa\u201d, \u201c2 passi in Cansiglio\u201d e, per tre giorni, \u201cSulla via Claudia Augusta Altinate\u201d L\u2019invito: partecipare senza paura e di far strada insieme; l\u2019augurio: scoprire, nella semplicit\u00e0, la gioia dei passi condivisi; lo scopo: raggiungere la meta, che \u00e8 il cammino stesso! Costruire strade di amicizia e di fiducia&hellip;<\/p>\n","protected":false},"author":4,"featured_media":215856,"comment_status":"closed","ping_status":"open","sticky":false,"template":"","format":"standard","meta":{"_monsterinsights_skip_tracking":false,"_monsterinsights_sitenote_active":false,"_monsterinsights_sitenote_note":"","_monsterinsights_sitenote_category":0,"footnotes":""},"categories":[49],"tags":[],"class_list":["post-215859","post","type-post","status-publish","format-standard","has-post-thumbnail","hentry","category-news-18","category-49","description-off"],"img_url":"https:\/\/www.radiopiu.net\/wordpress\/wp-content\/uploads\/2021\/06\/199355283_318479906504183_1181617997224360737_n.png","_links":{"self":[{"href":"https:\/\/www.radiopiu.net\/wordpress\/wp-json\/wp\/v2\/posts\/215859","targetHints":{"allow":["GET"]}}],"collection":[{"href":"https:\/\/www.radiopiu.net\/wordpress\/wp-json\/wp\/v2\/posts"}],"about":[{"href":"https:\/\/www.radiopiu.net\/wordpress\/wp-json\/wp\/v2\/types\/post"}],"author":[{"embeddable":true,"href":"https:\/\/www.radiopiu.net\/wordpress\/wp-json\/wp\/v2\/users\/4"}],"replies":[{"embeddable":true,"href":"https:\/\/www.radiopiu.net\/wordpress\/wp-json\/wp\/v2\/comments?post=215859"}],"version-history":[{"count":0,"href":"https:\/\/www.radiopiu.net\/wordpress\/wp-json\/wp\/v2\/posts\/215859\/revisions"}],"wp:featuredmedia":[{"embeddable":true,"href":"https:\/\/www.radiopiu.net\/wordpress\/wp-json\/wp\/v2\/media\/215856"}],"wp:attachment":[{"href":"https:\/\/www.radiopiu.net\/wordpress\/wp-json\/wp\/v2\/media?parent=215859"}],"wp:term":[{"taxonomy":"category","embeddable":true,"href":"https:\/\/www.radiopiu.net\/wordpress\/wp-json\/wp\/v2\/categories?post=215859"},{"taxonomy":"post_tag","embeddable":true,"href":"https:\/\/www.radiopiu.net\/wordpress\/wp-json\/wp\/v2\/tags?post=215859"}],"curies":[{"name":"wp","href":"https:\/\/api.w.org\/{rel}","templated":true}]}}