{"id":215989,"date":"2021-06-15T05:52:04","date_gmt":"2021-06-15T03:52:04","guid":{"rendered":"https:\/\/www.radiopiu.net\/wordpress\/?p=215989"},"modified":"2021-06-15T06:05:39","modified_gmt":"2021-06-15T04:05:39","slug":"dillo-a-radio-piu-lennesimo-schiaffo-alla-montagna","status":"publish","type":"post","link":"https:\/\/www.radiopiu.net\/wordpress\/dillo-a-radio-piu-lennesimo-schiaffo-alla-montagna\/","title":{"rendered":"DILLO A RADIO PIU&#8217;&#8230;L&#8217;ENNESIMO SCHIAFFO ALLA MONTAGNA"},"content":{"rendered":"<p><strong><a href=\"https:\/\/www.radiopiu.net\/wordpress\/giornale-radiopiu-08-giugno-2021-direttore-mirko-mezzacasa\/malga-framont-3\/\" rel=\"attachment wp-att-214653\"><img loading=\"lazy\" decoding=\"async\" class=\"size-medium wp-image-214653 alignleft\" src=\"https:\/\/www.radiopiu.net\/wordpress\/wp-content\/uploads\/2021\/06\/Malga-Framont-300x225.jpg\" alt=\"\" width=\"300\" height=\"225\" srcset=\"https:\/\/www.radiopiu.net\/wordpress\/wp-content\/uploads\/2021\/06\/Malga-Framont-300x225.jpg 300w, https:\/\/www.radiopiu.net\/wordpress\/wp-content\/uploads\/2021\/06\/Malga-Framont-1024x768.jpg 1024w, https:\/\/www.radiopiu.net\/wordpress\/wp-content\/uploads\/2021\/06\/Malga-Framont-768x576.jpg 768w, https:\/\/www.radiopiu.net\/wordpress\/wp-content\/uploads\/2021\/06\/Malga-Framont.jpg 1080w\" sizes=\"auto, (max-width: 300px) 100vw, 300px\" \/><\/a>REDAZIONE<\/strong> Riceviamo e pubblichiamo una lettera di Herman Follador che ritorna sulla questione di Malga Framont<\/p>\n<blockquote><p><em>Ennesimo schiaffo alla montagna. Dopo aver letto la storia della famiglia Frigimelica non posso non esprimere il mio pensiero. Ho scelto anche io come loro di intraprendere un lavoro, che non \u00e8 facile,nonostante uno ci metta passione,ad un certo punto ti viene voglia di mollare. Noi siamo gente che ama il territorio, ama le tradizioni,a cui siamo legati, fin da bambini. Il problema del pascolo \u00e8 una cosa che va avanti da molto tempo, il bosco continua ad avanzare,i prati diminuiscono,cambia la qualit\u00e0 dell&#8217;erba,ne risentono alcuni tipi di animali che non trovano pi\u00f9 il loro habitat naturale. In pi\u00f9 abbiamo avuto anche Vaia,che ha contribuito alla distruzione di ampie zone di bosco. Servono grossi interventi sul territorio, la manutenzione \u00e8 importante. In molti comuni Agordini sono state ristrutturate malghe spendendo molti soldi,ma se il bosco continua ad avanzare,logicamente calano i contributi, e cosa pi\u00f9 importante,in alcuni casi le malghe andranno perse per la mancanza proprio del pascolo. Dopo Vaia in certi posti non \u00e8 stato raccolto nemmeno un ramo. Si pensa solo a fare il &#8220;nuovo&#8221; fregandosene del resto. Non \u00e8 solo il bosco il problema, \u00e8 tutto che ha bisogno di manutenzione. Mi viene spesso in mente, se l&#8217;incendio di Taibon fosse venuto verso Cencenighe prendendo la zona di Cima Pape pi\u00f9 ricca di vegetazione, dove lo si sarebbe potuto fermare? Oppure penso a quella povera frazione distrutta sempre da un un&#8217;incendio, se fosse successo in altri luoghi dove gli idranti hanno poca pi\u00f9 acqua di una fontana? Meglio sicuramente pensare a costruire nuove grosse strutture&#8230;. Io anche come gestore di una malga da tre generazioni mi vien voglia di mollare, perch\u00e9 vengono solo fatte promesse senza risultati, ma poi grazie ad amici e semplici conoscenti che mi danno una parola di conforto mi torna la voglia di combattere, per la mia attivit\u00e0, e per il mio territorio. Sono nato contadino,e senza vergogna morir\u00f2 contadino. Bisogna cominciare a pensare a fare manutenzione al territorio, ma non solo per la mia attivit\u00e0 agricola,anche per altre realt\u00e0.<\/em><\/p><\/blockquote>\n<p>&nbsp;<\/p>\n<p>&nbsp;<\/p>\n<p>&nbsp;<\/p>\n<p>****<\/p>\n","protected":false},"excerpt":{"rendered":"<p>REDAZIONE Riceviamo e pubblichiamo una lettera di Herman Follador che ritorna sulla questione di Malga Framont Ennesimo schiaffo alla montagna. Dopo aver letto la storia della famiglia Frigimelica non posso non esprimere il mio pensiero. Ho scelto anche io come loro di intraprendere un lavoro, che non \u00e8 facile,nonostante uno ci metta passione,ad un certo&hellip;<\/p>\n","protected":false},"author":4,"featured_media":214653,"comment_status":"closed","ping_status":"open","sticky":false,"template":"","format":"standard","meta":{"_monsterinsights_skip_tracking":false,"_monsterinsights_sitenote_active":false,"_monsterinsights_sitenote_note":"","_monsterinsights_sitenote_category":0,"footnotes":""},"categories":[1,51,49],"tags":[],"class_list":["post-215989","post","type-post","status-publish","format-standard","has-post-thumbnail","hentry","category-senza-categoria","category-evidenza-top","category-news-18","category-1","category-51","category-49","description-off"],"img_url":"https:\/\/www.radiopiu.net\/wordpress\/wp-content\/uploads\/2021\/06\/Malga-Framont.jpg","_links":{"self":[{"href":"https:\/\/www.radiopiu.net\/wordpress\/wp-json\/wp\/v2\/posts\/215989","targetHints":{"allow":["GET"]}}],"collection":[{"href":"https:\/\/www.radiopiu.net\/wordpress\/wp-json\/wp\/v2\/posts"}],"about":[{"href":"https:\/\/www.radiopiu.net\/wordpress\/wp-json\/wp\/v2\/types\/post"}],"author":[{"embeddable":true,"href":"https:\/\/www.radiopiu.net\/wordpress\/wp-json\/wp\/v2\/users\/4"}],"replies":[{"embeddable":true,"href":"https:\/\/www.radiopiu.net\/wordpress\/wp-json\/wp\/v2\/comments?post=215989"}],"version-history":[{"count":0,"href":"https:\/\/www.radiopiu.net\/wordpress\/wp-json\/wp\/v2\/posts\/215989\/revisions"}],"wp:featuredmedia":[{"embeddable":true,"href":"https:\/\/www.radiopiu.net\/wordpress\/wp-json\/wp\/v2\/media\/214653"}],"wp:attachment":[{"href":"https:\/\/www.radiopiu.net\/wordpress\/wp-json\/wp\/v2\/media?parent=215989"}],"wp:term":[{"taxonomy":"category","embeddable":true,"href":"https:\/\/www.radiopiu.net\/wordpress\/wp-json\/wp\/v2\/categories?post=215989"},{"taxonomy":"post_tag","embeddable":true,"href":"https:\/\/www.radiopiu.net\/wordpress\/wp-json\/wp\/v2\/tags?post=215989"}],"curies":[{"name":"wp","href":"https:\/\/api.w.org\/{rel}","templated":true}]}}