{"id":216013,"date":"2021-06-14T14:56:56","date_gmt":"2021-06-14T12:56:56","guid":{"rendered":"https:\/\/www.radiopiu.net\/wordpress\/?p=216013"},"modified":"2021-06-14T14:56:56","modified_gmt":"2021-06-14T12:56:56","slug":"giornata-mondiale-del-donatore-di-sangue-2021","status":"publish","type":"post","link":"https:\/\/www.radiopiu.net\/wordpress\/giornata-mondiale-del-donatore-di-sangue-2021\/","title":{"rendered":"GIORNATA MONDIALE DEL DONATORE DI SANGUE 2021"},"content":{"rendered":"<p style=\"text-align: left;\" align=\"CENTER\"><strong><img loading=\"lazy\" decoding=\"async\" class=\"alignleft\" src=\"https:\/\/www.radiopiu.net\/wordpress\/wp-content\/uploads\/2020\/03\/sangue.jpg\" width=\"282\" height=\"188\" \/>BELLUNO<\/strong> Oggi \u00e8 la\u00a0<span style=\"font-family: Calibri Light, serif;\"><span style=\"font-size: large;\">la Giornata Mondiale dei Donatori di sangue, istituita dall\u2019Organizzazione Mondiale della Sanit\u00e0. <\/span><\/span><span style=\"font-family: Calibri Light, serif;\"><span style=\"font-size: large;\">In occasione di tale giornata il Direttore Generale della Ulss1\u00a0 Maria Grazia Carraro\u2013 esprime un <\/span><\/span><span style=\"font-family: Calibri Light, serif;\"><span style=\"font-size: large;\"><b>sentito ringraziamento<\/b><\/span><\/span><span style=\"font-family: Calibri Light, serif;\"><span style=\"font-size: large;\"> alle Associazioni dei Donatori del sangue della provincia. <\/span><\/span><span style=\"font-family: Calibri Light, serif;\"><span style=\"font-size: large;\">Nel 2020 sono state effettuate presso i vari punti di raccolta ospedalieri della UOC di Medicina Trasfusionale provinciale <\/span><\/span><span style=\"font-family: Calibri Light, serif;\"><span style=\"font-size: large;\"><b>13.000 donazioni<\/b><\/span><\/span><span style=\"font-family: Calibri Light, serif;\"><span style=\"font-size: large;\">: <\/span><\/span><span style=\"font-family: Calibri Light, serif;\"><span style=\"font-size: large;\"><b>11.820 di sangue, 1162 di plasma e 18 di plasma iperimmune Covid19<\/b><\/span><\/span><span style=\"font-family: Calibri Light, serif;\"><span style=\"font-size: large;\">. <\/span><\/span><span style=\"font-family: Calibri Light, serif;\"><span style=\"font-size: large;\">Al di l\u00e0 dei dati, che per l\u2019anno appena trascorso non sono confrontabili con i precedenti per ovvie ragioni, i Donatori di sangue della ULSS 1 Dolomiti hanno mostrato un <\/span><\/span><span style=\"font-family: Calibri Light, serif;\"><span style=\"font-size: large;\"><b>grande senso di responsabilit\u00e0<\/b><\/span><\/span><span style=\"font-family: Calibri Light, serif;\"><span style=\"font-size: large;\"> e una grande capacit\u00e0 di adeguarsi rapidamente alle disposizioni che sono state loro man mano trasmesse; ci\u00f2 ha permesso alla UOC di Medicina Trasfusionale aziendale di rispondere con la necessaria flessibilit\u00e0 ai cambiamenti che si sono succeduti, soprattutto grazie alla gestione dell\u2019afflusso tramite la prenotazione delle donazioni. <\/span><\/span><span style=\"font-family: Calibri Light, serif;\"><span style=\"font-size: large;\">Il <\/span><\/span><span style=\"font-family: Calibri Light, serif;\"><span style=\"font-size: large;\"><b>costante allineamento delle donazioni alle richieste<\/b><\/span><\/span><span style=\"font-family: Calibri Light, serif;\"><span style=\"font-size: large;\"> ha permesso di garantire non solo l\u2019autosufficienza locale, sia nella fase di contenimento dell\u2019attivit\u00e0 sia nella fase di ripresa, assicurando la disponibilit\u00e0 di sangue per le necessit\u00e0 di tutti i Pazienti, sia degenti che ambulatoriali, che afferiscono agli Ospedali della ULSS 1, ma anche di contribuire come sempre all\u2019autosufficienza nazionale (mediante le cessioni all\u2019Ospedale Brotzu di Cagliari) e anche e soprattutto a quella regionale.<\/span><\/span><\/p>\n<blockquote>\n<p align=\"JUSTIFY\"><em>\u201c<span style=\"font-family: Calibri Light, serif;\"><span style=\"font-size: large;\">Ancora una volta l\u2019ULSS 1 Dolomiti ed il Volontariato insieme fanno la differenza; nonostante la pandemia si \u00e8 riusciti non solo a garantire tutto il sangue necessario negli Ospedali dell\u2019Azienda, ma a supportare anche altri territori\u201d \u2013 conclude il Direttore dell\u2019Unit\u00e0 Operativa Complessa di Medicina Trasfusionale \u2013 dott.ssa Ersilia Angela Barbone.<\/span><\/span><\/em><\/p>\n<\/blockquote>\n<p align=\"JUSTIFY\">\n","protected":false},"excerpt":{"rendered":"<p>BELLUNO Oggi \u00e8 la\u00a0la Giornata Mondiale dei Donatori di sangue, istituita dall\u2019Organizzazione Mondiale della Sanit\u00e0. In occasione di tale giornata il Direttore Generale della Ulss1\u00a0 Maria Grazia Carraro\u2013 esprime un sentito ringraziamento alle Associazioni dei Donatori del sangue della provincia. Nel 2020 sono state effettuate presso i vari punti di raccolta ospedalieri della UOC di&hellip;<\/p>\n","protected":false},"author":4,"featured_media":124189,"comment_status":"closed","ping_status":"open","sticky":false,"template":"","format":"standard","meta":{"_monsterinsights_skip_tracking":false,"_monsterinsights_sitenote_active":false,"_monsterinsights_sitenote_note":"","_monsterinsights_sitenote_category":0,"footnotes":""},"categories":[49],"tags":[],"class_list":["post-216013","post","type-post","status-publish","format-standard","has-post-thumbnail","hentry","category-news-18","category-49","description-off"],"img_url":"https:\/\/www.radiopiu.net\/wordpress\/wp-content\/uploads\/2020\/03\/sangue.jpg","_links":{"self":[{"href":"https:\/\/www.radiopiu.net\/wordpress\/wp-json\/wp\/v2\/posts\/216013","targetHints":{"allow":["GET"]}}],"collection":[{"href":"https:\/\/www.radiopiu.net\/wordpress\/wp-json\/wp\/v2\/posts"}],"about":[{"href":"https:\/\/www.radiopiu.net\/wordpress\/wp-json\/wp\/v2\/types\/post"}],"author":[{"embeddable":true,"href":"https:\/\/www.radiopiu.net\/wordpress\/wp-json\/wp\/v2\/users\/4"}],"replies":[{"embeddable":true,"href":"https:\/\/www.radiopiu.net\/wordpress\/wp-json\/wp\/v2\/comments?post=216013"}],"version-history":[{"count":0,"href":"https:\/\/www.radiopiu.net\/wordpress\/wp-json\/wp\/v2\/posts\/216013\/revisions"}],"wp:featuredmedia":[{"embeddable":true,"href":"https:\/\/www.radiopiu.net\/wordpress\/wp-json\/wp\/v2\/media\/124189"}],"wp:attachment":[{"href":"https:\/\/www.radiopiu.net\/wordpress\/wp-json\/wp\/v2\/media?parent=216013"}],"wp:term":[{"taxonomy":"category","embeddable":true,"href":"https:\/\/www.radiopiu.net\/wordpress\/wp-json\/wp\/v2\/categories?post=216013"},{"taxonomy":"post_tag","embeddable":true,"href":"https:\/\/www.radiopiu.net\/wordpress\/wp-json\/wp\/v2\/tags?post=216013"}],"curies":[{"name":"wp","href":"https:\/\/api.w.org\/{rel}","templated":true}]}}