{"id":216343,"date":"2021-06-16T11:05:10","date_gmt":"2021-06-16T09:05:10","guid":{"rendered":"https:\/\/www.radiopiu.net\/wordpress\/?p=216343"},"modified":"2021-06-16T11:18:32","modified_gmt":"2021-06-16T09:18:32","slug":"media-rocca-il-rifacimento-della-copertura-si-fara","status":"publish","type":"post","link":"https:\/\/www.radiopiu.net\/wordpress\/media-rocca-il-rifacimento-della-copertura-si-fara\/","title":{"rendered":"MEDIA &#8220;ROCCA&#8221; IL RIFACIMENTO DELLA COPERTURA SI FARA&#8217;"},"content":{"rendered":"<p><strong> <a href=\"https:\/\/www.radiopiu.net\/wordpress\/media-rocca-il-rifacimento-della-copertura-si-fara\/palestra-rocca-2\/\" rel=\"attachment wp-att-216344\"><img loading=\"lazy\" decoding=\"async\" class=\"size-medium wp-image-216344 alignleft\" src=\"https:\/\/www.radiopiu.net\/wordpress\/wp-content\/uploads\/2021\/06\/Palestra-Rocca-300x169.jpg\" alt=\"\" width=\"300\" height=\"169\" srcset=\"https:\/\/www.radiopiu.net\/wordpress\/wp-content\/uploads\/2021\/06\/Palestra-Rocca-300x169.jpg 300w, https:\/\/www.radiopiu.net\/wordpress\/wp-content\/uploads\/2021\/06\/Palestra-Rocca-1024x576.jpg 1024w, https:\/\/www.radiopiu.net\/wordpress\/wp-content\/uploads\/2021\/06\/Palestra-Rocca-768x432.jpg 768w, https:\/\/www.radiopiu.net\/wordpress\/wp-content\/uploads\/2021\/06\/Palestra-Rocca-1536x864.jpg 1536w, https:\/\/www.radiopiu.net\/wordpress\/wp-content\/uploads\/2021\/06\/Palestra-Rocca.jpg 2048w\" sizes=\"auto, (max-width: 300px) 100vw, 300px\" \/><\/a>FELTRE\u00a0<\/strong> Ecco il \u00a0\u201cvia libera\u201d ai lavori sulla palestra della scuola media \u201cRocca\u201d, lo ha deliberato la Giunta. I lavori consisteranno nel rifacimento completo del manto di copertura in lamiera della palestra. Per consentire un pi\u00f9 facile deflusso delle acque piovane verr\u00e0 leggermente aumentata la pendenza delle falde del tetto, che verr\u00e0 contestualmente dotato di una struttura ventilata in grado di far meglio defluire l&#8217;aria calda durante il periodo estivo. Il progetto prevede anche un intervento nella parte interna dell&#8217;edificio. L&#8217;impegno di spesa complessivo sar\u00e0 pari a 100 mila euro, 49 mila dei quali ottenuti quale contributo a valere su un bando regionale, la parte rimanente della spesa verr\u00e0 coperta tramite l&#8217;accensione di un mutuo.<\/p>\n<blockquote>\n<blockquote><p><em>\u201cCon l&#8217;intervento sulla palestra della scuola Rocca diamo una risposta sia agli studenti dell&#8217;istituto che ai fruitori delle molte societ\u00e0 sportive che usano la struttura nelle ore pomeridiane e serali\u201d, sottolinea l&#8217;assessore ai lavori pubblici con delega all&#8217;impiantistica sportiva Adis Zatta.\u00a0<\/em><\/p>\n<p><strong>ALLA RADIO\u00a0<\/strong><\/p>\n<audio class=\"wp-audio-shortcode\" id=\"audio-216343-1\" preload=\"none\" style=\"width: 100%;\" controls=\"controls\"><source type=\"audio\/mpeg\" src=\"https:\/\/www.radiopiu.net\/wordpress\/wp-content\/uploads\/2021\/06\/ZATTA.mp3?_=1\" \/><a href=\"https:\/\/www.radiopiu.net\/wordpress\/wp-content\/uploads\/2021\/06\/ZATTA.mp3\">https:\/\/www.radiopiu.net\/wordpress\/wp-content\/uploads\/2021\/06\/ZATTA.mp3<\/a><\/audio>\n<p>&nbsp;<\/p><\/blockquote>\n<p>&nbsp;<\/p><\/blockquote>\n","protected":false},"excerpt":{"rendered":"<p>FELTRE\u00a0 Ecco il \u00a0\u201cvia libera\u201d ai lavori sulla palestra della scuola media \u201cRocca\u201d, lo ha deliberato la Giunta. I lavori consisteranno nel rifacimento completo del manto di copertura in lamiera della palestra. Per consentire un pi\u00f9 facile deflusso delle acque piovane verr\u00e0 leggermente aumentata la pendenza delle falde del tetto, che verr\u00e0 contestualmente dotato di&hellip;<\/p>\n","protected":false},"author":4,"featured_media":216344,"comment_status":"closed","ping_status":"open","sticky":false,"template":"","format":"standard","meta":{"_monsterinsights_skip_tracking":false,"_monsterinsights_sitenote_active":false,"_monsterinsights_sitenote_note":"","_monsterinsights_sitenote_category":0,"footnotes":""},"categories":[49],"tags":[],"class_list":["post-216343","post","type-post","status-publish","format-standard","has-post-thumbnail","hentry","category-news-18","category-49","description-off"],"img_url":"https:\/\/www.radiopiu.net\/wordpress\/wp-content\/uploads\/2021\/06\/Palestra-Rocca.jpg","_links":{"self":[{"href":"https:\/\/www.radiopiu.net\/wordpress\/wp-json\/wp\/v2\/posts\/216343","targetHints":{"allow":["GET"]}}],"collection":[{"href":"https:\/\/www.radiopiu.net\/wordpress\/wp-json\/wp\/v2\/posts"}],"about":[{"href":"https:\/\/www.radiopiu.net\/wordpress\/wp-json\/wp\/v2\/types\/post"}],"author":[{"embeddable":true,"href":"https:\/\/www.radiopiu.net\/wordpress\/wp-json\/wp\/v2\/users\/4"}],"replies":[{"embeddable":true,"href":"https:\/\/www.radiopiu.net\/wordpress\/wp-json\/wp\/v2\/comments?post=216343"}],"version-history":[{"count":0,"href":"https:\/\/www.radiopiu.net\/wordpress\/wp-json\/wp\/v2\/posts\/216343\/revisions"}],"wp:featuredmedia":[{"embeddable":true,"href":"https:\/\/www.radiopiu.net\/wordpress\/wp-json\/wp\/v2\/media\/216344"}],"wp:attachment":[{"href":"https:\/\/www.radiopiu.net\/wordpress\/wp-json\/wp\/v2\/media?parent=216343"}],"wp:term":[{"taxonomy":"category","embeddable":true,"href":"https:\/\/www.radiopiu.net\/wordpress\/wp-json\/wp\/v2\/categories?post=216343"},{"taxonomy":"post_tag","embeddable":true,"href":"https:\/\/www.radiopiu.net\/wordpress\/wp-json\/wp\/v2\/tags?post=216343"}],"curies":[{"name":"wp","href":"https:\/\/api.w.org\/{rel}","templated":true}]}}