{"id":216408,"date":"2021-06-16T14:10:53","date_gmt":"2021-06-16T12:10:53","guid":{"rendered":"https:\/\/www.radiopiu.net\/wordpress\/?p=216408"},"modified":"2021-06-17T06:11:50","modified_gmt":"2021-06-17T04:11:50","slug":"da-lunedi-13-settembre-il-nuovo-anno-scolastico-approvato-il-calendario-dalle-partenze-differenziate","status":"publish","type":"post","link":"https:\/\/www.radiopiu.net\/wordpress\/da-lunedi-13-settembre-il-nuovo-anno-scolastico-approvato-il-calendario-dalle-partenze-differenziate\/","title":{"rendered":"DA LUNEDI 13 SETTEMBRE IL NUOVO ANNO SCOLASTICO, APPROVATO IL CALENDARIO DALLE PARTENZE DIFFERENZIATE"},"content":{"rendered":"<blockquote><p><em>\u201cIl nuovo scolastico sar\u00e0 per noi una sfida fondamentale. Si tratta di ridare un contesto educativo all\u2019altezza delle aspettative di formazione e di socializzazione dei ragazzi per tornare a vivere la scuola con le proprie inderogabili prerogative&#8221; <\/em>Cos\u00ec l\u2019Assessore regionale all\u2019istruzione, formazione e lavoro Elena Donazzan annuncia la delibera con la quale la Giunta regionale del Veneto ha dato il via libera al nuovo calendario che fissa le date per l\u2019Anno Scolastico 2021\/2022.<\/p><\/blockquote>\n<p><img loading=\"lazy\" decoding=\"async\" class=\"alignleft\" src=\"https:\/\/www.radiopiu.net\/wordpress\/wp-content\/uploads\/2020\/09\/scuola-primaria-agordo-2.jpg\" width=\"234\" height=\"175\" \/><strong>VENEZIA<\/strong> Le scuole primarie e secondarie di primo grado inizieranno infatti luned\u00ec 13 settembre 2021, concludendo le lezioni mercoled\u00ec 8 giugno 2022, mentre le scuole secondarie di secondo grado inizieranno la frequenza gioved\u00ec 16 settembre 2021 per concluderla venerd\u00ec 10 giugno 2022. <em>\u201cSi tratta di una scelta nata da un\u2019esigenza specifica \u2013 sottolinea l\u2019Assessore Donazzan \u2013 che \u00e8 quella di estendere il tempo dedicato alle attivit\u00e0 di recupero e rafforzamento degli apprendimenti per le scuole secondarie di secondo grado, maggiormente interessate nel corso dell&#8217;anno scolastico 2020\/2021 dalle sospensioni delle attivit\u00e0 in presenza, disposte nell&#8217;ambito delle misure di contenimento dell&#8217;epidemia da Covid-19\u201d. <\/em>Novit\u00e0 anche per quanto concerne le vacanze natalizie che saranno particolarmente lunghe. Sono in fatti previste da venerd\u00ec 24 dicembre 2021 a sabato 8 gennaio 2022. <em>\u201cSi \u00e8 voluto in questo modo non solo consentire un miglior il recupero degli studenti, anche in termini di socialit\u00e0, ma anche favorire il turismo in montagna, nelle citt\u00e0 d&#8217;arte e in tutto il territorio del Veneto\u201d precisa Elena Donazzan. <\/em>Infine, le vacanze pasquali sono previste dal 14 al 19 aprile 2022 e le scuole saranno chiuse anche dal 28 febbraio al 2 marzo 2022 in occasione del Carnevale e del mercoled\u00ec delle Ceneri.<\/p>\n<p>&nbsp;<\/p>\n","protected":false},"excerpt":{"rendered":"<p>\u201cIl nuovo scolastico sar\u00e0 per noi una sfida fondamentale. Si tratta di ridare un contesto educativo all\u2019altezza delle aspettative di formazione e di socializzazione dei ragazzi per tornare a vivere la scuola con le proprie inderogabili prerogative&#8221; Cos\u00ec l\u2019Assessore regionale all\u2019istruzione, formazione e lavoro Elena Donazzan annuncia la delibera con la quale la Giunta regionale&hellip;<\/p>\n","protected":false},"author":4,"featured_media":160674,"comment_status":"closed","ping_status":"open","sticky":false,"template":"","format":"standard","meta":{"_monsterinsights_skip_tracking":false,"_monsterinsights_sitenote_active":false,"_monsterinsights_sitenote_note":"","_monsterinsights_sitenote_category":0,"footnotes":""},"categories":[104,49],"tags":[],"class_list":["post-216408","post","type-post","status-publish","format-standard","has-post-thumbnail","hentry","category-evidenza_3","category-news-18","category-104","category-49","description-off"],"img_url":"https:\/\/www.radiopiu.net\/wordpress\/wp-content\/uploads\/2020\/09\/scuola-primaria-agordo-2.jpg","_links":{"self":[{"href":"https:\/\/www.radiopiu.net\/wordpress\/wp-json\/wp\/v2\/posts\/216408","targetHints":{"allow":["GET"]}}],"collection":[{"href":"https:\/\/www.radiopiu.net\/wordpress\/wp-json\/wp\/v2\/posts"}],"about":[{"href":"https:\/\/www.radiopiu.net\/wordpress\/wp-json\/wp\/v2\/types\/post"}],"author":[{"embeddable":true,"href":"https:\/\/www.radiopiu.net\/wordpress\/wp-json\/wp\/v2\/users\/4"}],"replies":[{"embeddable":true,"href":"https:\/\/www.radiopiu.net\/wordpress\/wp-json\/wp\/v2\/comments?post=216408"}],"version-history":[{"count":0,"href":"https:\/\/www.radiopiu.net\/wordpress\/wp-json\/wp\/v2\/posts\/216408\/revisions"}],"wp:featuredmedia":[{"embeddable":true,"href":"https:\/\/www.radiopiu.net\/wordpress\/wp-json\/wp\/v2\/media\/160674"}],"wp:attachment":[{"href":"https:\/\/www.radiopiu.net\/wordpress\/wp-json\/wp\/v2\/media?parent=216408"}],"wp:term":[{"taxonomy":"category","embeddable":true,"href":"https:\/\/www.radiopiu.net\/wordpress\/wp-json\/wp\/v2\/categories?post=216408"},{"taxonomy":"post_tag","embeddable":true,"href":"https:\/\/www.radiopiu.net\/wordpress\/wp-json\/wp\/v2\/tags?post=216408"}],"curies":[{"name":"wp","href":"https:\/\/api.w.org\/{rel}","templated":true}]}}