{"id":216431,"date":"2021-06-16T17:08:22","date_gmt":"2021-06-16T15:08:22","guid":{"rendered":"https:\/\/www.radiopiu.net\/wordpress\/?p=216431"},"modified":"2021-06-17T06:11:37","modified_gmt":"2021-06-17T04:11:37","slug":"treno-delle-dolomiti-il-tempo-della-decisione","status":"publish","type":"post","link":"https:\/\/www.radiopiu.net\/wordpress\/treno-delle-dolomiti-il-tempo-della-decisione\/","title":{"rendered":"TRENO DELLE DOLOMITI, IL TEMPO DELLA DECISIONE"},"content":{"rendered":"<p><strong><img loading=\"lazy\" decoding=\"async\" class=\"alignleft\" src=\"https:\/\/www.radiopiu.net\/wordpress\/wp-content\/uploads\/2018\/07\/villa-patt.jpg\" width=\"168\" height=\"95\" \/>BELLUNO<\/strong> Giornata importante domani, a Belluno o meglio a Sedico Villa Patt arriva l&#8217;assessore ai trasporti della Regione Elisa De Berti, sar\u00e0 accolta dai sindaci del territorio di tutta la provincia, dal Cadore all&#8217;Agordino, dal longaronese alla Valbelluna e fino al feltrino. Niente di meglio alla vigilia di una decisione che sar\u00e0 ricordata nella storia circa il percorso del treno delle Dolomiti. Cadore o Agordino passando per Agordo? Per Calalzo o per la Val Cordevole passando per Sedico Luxottica? E&#8217; sempre stato detto che a decidere dovr\u00e0 essere il territorio la cui miglior espressione sono i sindaci, eletti da gran parte della popolazione bellunese, legittimamente gli ambasciatori pi\u00f9 accreditati verso la politica che conta. Al termine dell&#8217;incontro \u00e8 gi\u00e0 stato anticipato che l&#8217;assessore si fermer\u00e0 per un importante punto stampa. In queste ultime settimane dal Cadore, ma anche nelle risposte dall&#8217;Agordino i toni si sono alzati tra potenziali &#8220;fake news&#8221; (definizione del progetto agordino) e minacce di adire a vie legati <em>&#8220;Non siamo idioti&#8221;<\/em> la risposta dei professionisti agordini. Poi \u00e8 calato il silenzio in attesa della fatidica decisione. Per contribuire ad animare il dibattito proponiamo due tabelle con riferimento alla popolazione residente per Comune lungo i due tracciati (Agordino e Cadore) e le presenze turistiche negli stessi Comuni.<\/p>\n<a href=\"https:\/\/www.radiopiu.net\/wordpress\/wp-content\/uploads\/2021\/06\/Popolazione-per-comune-e-per-tracciato-1.pdf\" class=\"pdfemb-viewer\" style=\"\" data-width=\"max\" data-height=\"max\" data-toolbar=\"top\" data-toolbar-fixed=\"on\">Popolazione per comune e per tracciato<\/a>\n<p>&nbsp;<\/p>\n<a href=\"https:\/\/www.radiopiu.net\/wordpress\/wp-content\/uploads\/2021\/06\/Presenze-turistiche-per-comune-e-per-tracciato-1.pdf\" class=\"pdfemb-viewer\" style=\"\" data-width=\"max\" data-height=\"max\" data-toolbar=\"top\" data-toolbar-fixed=\"on\">Presenze turistiche per comune e per tracciato<\/a>\n<p>&nbsp;<\/p>\n<p>&nbsp;<\/p>\n<p>&nbsp;<\/p>\n<p>*****<\/p>\n","protected":false},"excerpt":{"rendered":"<p>BELLUNO Giornata importante domani, a Belluno o meglio a Sedico Villa Patt arriva l&#8217;assessore ai trasporti della Regione Elisa De Berti, sar\u00e0 accolta dai sindaci del territorio di tutta la provincia, dal Cadore all&#8217;Agordino, dal longaronese alla Valbelluna e fino al feltrino. Niente di meglio alla vigilia di una decisione che sar\u00e0 ricordata nella storia&hellip;<\/p>\n","protected":false},"author":4,"featured_media":53095,"comment_status":"closed","ping_status":"open","sticky":false,"template":"","format":"standard","meta":{"_monsterinsights_skip_tracking":false,"_monsterinsights_sitenote_active":false,"_monsterinsights_sitenote_note":"","_monsterinsights_sitenote_category":0,"footnotes":""},"categories":[51,49],"tags":[],"class_list":["post-216431","post","type-post","status-publish","format-standard","has-post-thumbnail","hentry","category-evidenza-top","category-news-18","category-51","category-49","description-off"],"img_url":"https:\/\/www.radiopiu.net\/wordpress\/wp-content\/uploads\/2018\/07\/villa-patt.jpg","_links":{"self":[{"href":"https:\/\/www.radiopiu.net\/wordpress\/wp-json\/wp\/v2\/posts\/216431","targetHints":{"allow":["GET"]}}],"collection":[{"href":"https:\/\/www.radiopiu.net\/wordpress\/wp-json\/wp\/v2\/posts"}],"about":[{"href":"https:\/\/www.radiopiu.net\/wordpress\/wp-json\/wp\/v2\/types\/post"}],"author":[{"embeddable":true,"href":"https:\/\/www.radiopiu.net\/wordpress\/wp-json\/wp\/v2\/users\/4"}],"replies":[{"embeddable":true,"href":"https:\/\/www.radiopiu.net\/wordpress\/wp-json\/wp\/v2\/comments?post=216431"}],"version-history":[{"count":0,"href":"https:\/\/www.radiopiu.net\/wordpress\/wp-json\/wp\/v2\/posts\/216431\/revisions"}],"wp:featuredmedia":[{"embeddable":true,"href":"https:\/\/www.radiopiu.net\/wordpress\/wp-json\/wp\/v2\/media\/53095"}],"wp:attachment":[{"href":"https:\/\/www.radiopiu.net\/wordpress\/wp-json\/wp\/v2\/media?parent=216431"}],"wp:term":[{"taxonomy":"category","embeddable":true,"href":"https:\/\/www.radiopiu.net\/wordpress\/wp-json\/wp\/v2\/categories?post=216431"},{"taxonomy":"post_tag","embeddable":true,"href":"https:\/\/www.radiopiu.net\/wordpress\/wp-json\/wp\/v2\/tags?post=216431"}],"curies":[{"name":"wp","href":"https:\/\/api.w.org\/{rel}","templated":true}]}}