{"id":216472,"date":"2021-06-16T23:59:29","date_gmt":"2021-06-16T21:59:29","guid":{"rendered":"https:\/\/www.radiopiu.net\/wordpress\/?p=216472"},"modified":"2021-06-17T07:23:07","modified_gmt":"2021-06-17T05:23:07","slug":"cordoglio-a-limana-paese-natale-per-la-morte-di-padre-sisto-da-rold","status":"publish","type":"post","link":"https:\/\/www.radiopiu.net\/wordpress\/cordoglio-a-limana-paese-natale-per-la-morte-di-padre-sisto-da-rold\/","title":{"rendered":"CORDOGLIO A LIMANA PER LA MORTE DI PADRE SISTO DA ROLD"},"content":{"rendered":"<p><strong>di Renato Bona<\/strong><\/p>\n<p>Avrebbe compiuto 86 anni sabato prossimo, 19 giugno, padre Sisto Da Rold, della famiglia missionaria Saveriana, nato a Limana il 19 maggio del 1935; ma \u00e8 mancato gioved\u00ec 27 maggio scorso, alle 18,30, nella Casa madre di Parma dove si era ritirato a causa delle precarie condizioni di salute, dopo oltre 40 anni di missione in Congo, paese devastato da guerre, inondazioni, fenomeni vulcanici. Il cordoglio \u00e8 stato unanime specie nel paese natale dove si \u00e8 fra l\u2019altro svolta la cerimonia funebre. L\u2019annuncio della scomparsa era stato dato con questa epigrafe: \u201cParma-Limana 28 maggio 2021. Amorevolmente assistito dai suoi confratelli Saveriani, dopo una vita dedicata alle missioni in Congo, \u00e8 tornato alla Casa del Padre Sisto Da Rold di anni 85. Lo annunciano il fratello Aldo con la cognata Cesira e i nipoti Ezio e Danila, la sorella Annamaria, il nipote Giovanni con Giorgia, la pronipote Emilie, i cugini, i confratelli Saveriani, il Centro missionario di Belluno e le persone che lo hanno seguito e aiutato nella sua missione\u2026 Non fiori, le eventuali offerte verranno devolute ai Missionari Saveriani\u201d. Qui di seguito un sintetico curriculum del benemerito conterraneo che, come molti altri, uomini e donne, ha esemplarmente dedicato la propria vita a favore dei meno fortunati: entr\u00f2 nella casa Saveriana a San Pietro in Vincoli a 19 anni, proveniente dal seminario vescovile di Feltre: era il 27 agosto 1954; dopo il noviziato, la prima professione religiosa e missionaria \u00e8 del 12 settembre 1955 e del 12 settembre di sei anni pi\u00f9 tardi l\u2019emissione della \u201cprofessione perpetua\u201d con ordinazione presbiterale avvenuta il 13 ottobre 1963. Primo incarico, promotore vocazionale, a Udine, nella Scuola apostolica dove venne inviato subito dopo l\u2019ordinazione. Risale al 1969 la partenza per il Congo dove lo troviamo fortemente impegnato nella pastorale parrocchiale come cappellano ed economo: Kiliba (1969-1972), Luvungi (1972-1973), Kidote (1974-1975 e 1980-1981) dal 1975 al 1980 \u00e8 anche parroco a Kidote; ancora: dal 1982 al 1983 cappellano a Baraka; rientra in Italia per un periodo di aggiornamento nella Scuola apostolica di Zelarino in provincia di Venezia (1983-1985) e quindi torna in Congo dove dal 1985 al 1993 \u00e8 cappellano a Mwenga, a Kitutu e Luvungi ed incaricato di seguire le costruzioni all\u2019Economato generale della Diocesi di Uvira. Torna a Parma per un anno sabbatico e di aggiornamento, destinato alla Circoscrizione dell\u2019Italia con l\u2019impegno della promozione vocazionale a Zelarino-Mestre. Risale al 1997 il nuovo ritorno in Congo: si dedica al servizio parrocchiale come cappellano a Bukavu (anche economo locale) e a Goma. Dal 2003 al 2005 viene nuovamente incaricato delle costruzioni. Conclude il suo servizio missionario a Luvungi (2009-2011) per poi tornare definitivamente in Italia per ragioni di salute: dal 2012 al 2015 si dedica al ministero nella comunit\u00e0 di Zelarino-Mestre e nel 2016 nella comunit\u00e0 di Vicenza. Dal 2016 si trovava a Parma in cura. Abbiamo detto che Da Rold era missionario saveriano, rifacendoci alla libera enciclopedia Wikipedia vediamo cosa \u00e8 l\u2019Istituto Saveriano che in origine era chiamato Seminario emiliano per le missioni estere. Fu fondato nel 1895 dall\u2019allora mons. Guido Maria Conforti (proclamato santo nel 2011 da papa Benedetto XVI) in un piccolo edificio di Borgo Leon d\u2019oro da lui acquistato tre anni prima, destinato ad accogliere seminaristi che desideravano avviarsi alla vita missionaria. Rinominata tre anni dopo Pia societ\u00e0 di San Francesco Saverio per le missioni estere, la congregazione necessitava di spazi pi\u00f9 ampi e Conforti riusc\u00ec ad acquistare un vasto appezzamento a sud della Citt\u00e0. L\u2019edificio: corpo di fabbrica centrale d\u2019ingresso e ala est, fu completato nell\u2019autunno del 1901. Nel 1919 altro ampliamento con l\u2019edificazione dell\u2019ala ovest, e un altro ancora nel 1957-59 con innalzamento di due piani dell\u2019intera costruzione e la realizzazione dell\u2019estrema ala est al cui interno furono ricavati anche la grande cappella e nuovi spazi per il museo. Sulla sommit\u00e0 del palazzo fu infine collocata la statua del Redentore, opera dello scultore Pietro Tavani. Concludiamo con una notizia e una curiosit\u00e0. La notizia: Il sito saveriani.it ospitava nell\u2019ottobre del 2014 sotto il titolo: \u201cDolore, nostalgia e invidia\u201d un intervento di padre Sisto: \u201cHo avuto la grazia di vivere 42 anni in Congo e, per parecchi anni, di lavorare nella stessa missione con le tre saveriane Olga, Lucia e Bernardetta, uccise tra domenica 7 e luned\u00ec 8 settembre a Kamenge, in periferia di Bujumbura, capitale del Burundi dove i saveriani avevano costruito un ambulatorio, un piccolo ospedale nella foresta. Le missionarie scelsero di sistemarsi proprio l\u00ec\u2026 A poca distanza poi abbiamo costruito il \u201cfoyer social\u201d per la formazione di ragazze e donne e per l\u2019alfabetizzazione degli adulti\u2026 Una volta la settimana, noi saveriani andavamo dalle sorelle per vivere insieme l\u2019adorazione al Santissimo Sacramento e la celebrazione Eucaristica; infine, c\u2019era la cena comunitaria che le sorelle preparavano con tanta cura e abilit\u00e0&#8230; Desideravano morire in Africa, ma non pensavano certamente in questo modo, e all\u2019Africa hanno dato tutta la loro vita. Bernardetta, Olga e Lucia sono ora sepolte in Congo dove riposeranno fino alla resurrezione dei morti. Anch\u2019io desideravo morire in Africa ed essere sepolto l\u00ec dove ho sudato nel campo del Signore. Invece, sono stato costretto a tornare in Italia, essere operato al cuore, con la proibizione assoluta di tornare in Africa dove, secondo i medici, non avrei pi\u00f9 retto n\u00e9 clima n\u00e9 fatica\u201d. La curiosit\u00e0 e rappresentata dalla rivista Missionari Saveriani che ha ospitato nel maggio 2013 il racconto di Da Rold a proposito del tentativo dell\u2019Arciprete di Limana di convincerlo a proseguire gli studi in Seminario mentre lui preferiva operare in terra di missione: \u201cCerc\u00f2 in tutti i modi di convincermi e con la sua vecchia Topolino mi port\u00f2 al santuario della Madonna di Alleghe e poi a Castelmonte di Udine, con tanti rosari e la messa perch\u00e9 la Madonna mi illuminasse\u2026 Tornati sulla portsa derlla canonica l\u2019Arciprete mi chiewse se avessi deciso ed io, ingenuo, risposi secco: \u2018sono pi\u00f9 deciso di prima per le missioni, lasciatemi andare\u2026 In casa avevo creato scompiglio, mio padre che lavorava lontano torn\u00f2 subito a casa e la sorerlla maggiore che voleva farsi suora mi disse: \u2018chi penser\u00e0 a pap\u00e0 e mamma quando saranno anziani? Se sei prete va bene ma se vai missionario io non posso diventare suora\u2026\u201d. Nella mia giovinezza e ingenuit\u00e0 ripetevo: o mi lasciate andare missionario o sto a casa, in seminario non torno\u201d. Nel 1954, il diciannovenne seminarista limanese scriveva invece dal suo paese, Dussoi: \u201cReverendissmo Padre, sono un umile lettore di \u2018Fede e Civilt\u00e0\u2019. Ho ricevuto la vostra lettera nella quale mi invitate a lavorare per le missioni. Io desidero donarmi a queste, ma Dio non ha detto l\u2019ultima parola all\u2019anima mia, n\u00e9 mi ha ancora aperto la via\u2026 Sono un giovanetto di 19 anni, di salute abbastanza buona, buono per natura, di carattere non perfetto, bisognoso soprattutto di un\u2019ottima guida che mi sostenga e mi guidi alle vette della santit\u00e0: solo non sono un buon scalatore, per\u00f2 con una buona guida s\u00ec\u2026\u201d. Padre Sisto Da Rold ha scalato al meglio per vari decenni e merita un sincero, immenso ringraziamento, purtroppo postumo, per la sua preziosa opera.<\/p>\n\n\t\t\t<style type='text\/css'>\n\t\t\t\t#gallery-1 {\n\t\t\t\t\tmargin: auto;\n\t\t\t\t}\n\t\t\t\t#gallery-1 .gallery-item {\n\t\t\t\t\tfloat: left;\n\t\t\t\t\tmargin-top: 10px;\n\t\t\t\t\ttext-align: center;\n\t\t\t\t\twidth: 14%;\n\t\t\t\t}\n\t\t\t\t#gallery-1 img {\n\t\t\t\t\tborder: 2px solid #cfcfcf;\n\t\t\t\t}\n\t\t\t\t#gallery-1 .gallery-caption {\n\t\t\t\t\tmargin-left: 0;\n\t\t\t\t}\n\t\t\t\t\/* see gallery_shortcode() in wp-includes\/media.php *\/\n\t\t\t<\/style>\n\t\t<div id='gallery-1' class='dt-gallery-container gallery galleryid-216472 gallery-columns-7 gallery-size-thumbnail'><dl class='gallery-item'>\n\t\t\t\t<dt class='gallery-icon landscape'>\n\t\t\t\t\t<a class=\"rollover rollover-zoom dt-pswp-item\" title=\"200230641_347414553386832_8858619979125430625_n\" data-dt-img-description=\"\" data-large_image_width=\"713\" data-large_image_height=\"403\"href='https:\/\/www.radiopiu.net\/wordpress\/wp-content\/uploads\/2021\/06\/200230641_347414553386832_8858619979125430625_n.jpg'><img loading=\"lazy\" decoding=\"async\" width=\"150\" height=\"150\" src=\"https:\/\/www.radiopiu.net\/wordpress\/wp-content\/uploads\/2021\/06\/200230641_347414553386832_8858619979125430625_n-150x150.jpg\" class=\"attachment-thumbnail size-thumbnail\" alt=\"\" \/><\/a>\n\t\t\t\t<\/dt><\/dl><dl class='gallery-item'>\n\t\t\t\t<dt class='gallery-icon landscape'>\n\t\t\t\t\t<a class=\"rollover rollover-zoom dt-pswp-item\" title=\"60222036_535674023503858_7239135972607131648_n\" data-dt-img-description=\"\" data-large_image_width=\"290\" data-large_image_height=\"190\"href='https:\/\/www.radiopiu.net\/wordpress\/wp-content\/uploads\/2021\/06\/60222036_535674023503858_7239135972607131648_n.png'><img loading=\"lazy\" decoding=\"async\" width=\"150\" height=\"150\" src=\"https:\/\/www.radiopiu.net\/wordpress\/wp-content\/uploads\/2021\/06\/60222036_535674023503858_7239135972607131648_n-150x150.png\" class=\"attachment-thumbnail size-thumbnail\" alt=\"\" \/><\/a>\n\t\t\t\t<\/dt><\/dl><dl class='gallery-item'>\n\t\t\t\t<dt class='gallery-icon landscape'>\n\t\t\t\t\t<a class=\"rollover rollover-zoom dt-pswp-item\" title=\"200589942_246945753899243_8584084252894531709_n\" data-dt-img-description=\"\" data-large_image_width=\"712\" data-large_image_height=\"403\"href='https:\/\/www.radiopiu.net\/wordpress\/wp-content\/uploads\/2021\/06\/200589942_246945753899243_8584084252894531709_n.jpg'><img loading=\"lazy\" decoding=\"async\" width=\"150\" height=\"150\" src=\"https:\/\/www.radiopiu.net\/wordpress\/wp-content\/uploads\/2021\/06\/200589942_246945753899243_8584084252894531709_n-150x150.jpg\" class=\"attachment-thumbnail size-thumbnail\" alt=\"\" \/><\/a>\n\t\t\t\t<\/dt><\/dl><dl class='gallery-item'>\n\t\t\t\t<dt class='gallery-icon portrait'>\n\t\t\t\t\t<a class=\"rollover rollover-zoom dt-pswp-item\" title=\"201182630_513473976632295_6634969953089442513_n\" data-dt-img-description=\"\" data-large_image_width=\"184\" data-large_image_height=\"262\"href='https:\/\/www.radiopiu.net\/wordpress\/wp-content\/uploads\/2021\/06\/201182630_513473976632295_6634969953089442513_n.png'><img loading=\"lazy\" decoding=\"async\" width=\"150\" height=\"150\" src=\"https:\/\/www.radiopiu.net\/wordpress\/wp-content\/uploads\/2021\/06\/201182630_513473976632295_6634969953089442513_n-150x150.png\" class=\"attachment-thumbnail size-thumbnail\" alt=\"\" \/><\/a>\n\t\t\t\t<\/dt><\/dl><dl class='gallery-item'>\n\t\t\t\t<dt class='gallery-icon landscape'>\n\t\t\t\t\t<a class=\"rollover rollover-zoom dt-pswp-item\" title=\"200406220_393334811990103_5626453476056768081_n\" data-dt-img-description=\"\" data-large_image_width=\"548\" data-large_image_height=\"403\"href='https:\/\/www.radiopiu.net\/wordpress\/wp-content\/uploads\/2021\/06\/200406220_393334811990103_5626453476056768081_n.jpg'><img loading=\"lazy\" decoding=\"async\" width=\"150\" height=\"150\" src=\"https:\/\/www.radiopiu.net\/wordpress\/wp-content\/uploads\/2021\/06\/200406220_393334811990103_5626453476056768081_n-150x150.jpg\" class=\"attachment-thumbnail size-thumbnail\" alt=\"\" \/><\/a>\n\t\t\t\t<\/dt><\/dl><dl class='gallery-item'>\n\t\t\t\t<dt class='gallery-icon portrait'>\n\t\t\t\t\t<a class=\"rollover rollover-zoom dt-pswp-item\" title=\"200291465_781591165865023_7840450166049950685_n\" data-dt-img-description=\"\" data-large_image_width=\"308\" data-large_image_height=\"403\"href='https:\/\/www.radiopiu.net\/wordpress\/wp-content\/uploads\/2021\/06\/200291465_781591165865023_7840450166049950685_n.jpg'><img loading=\"lazy\" decoding=\"async\" width=\"150\" height=\"150\" src=\"https:\/\/www.radiopiu.net\/wordpress\/wp-content\/uploads\/2021\/06\/200291465_781591165865023_7840450166049950685_n-150x150.jpg\" class=\"attachment-thumbnail size-thumbnail\" alt=\"\" \/><\/a>\n\t\t\t\t<\/dt><\/dl><dl class='gallery-item'>\n\t\t\t\t<dt class='gallery-icon landscape'>\n\t\t\t\t\t<a class=\"rollover rollover-zoom dt-pswp-item\" title=\"200437500_2590890627880248_2335005300701719189_n\" data-dt-img-description=\"\" data-large_image_width=\"600\" data-large_image_height=\"400\"href='https:\/\/www.radiopiu.net\/wordpress\/wp-content\/uploads\/2021\/06\/200437500_2590890627880248_2335005300701719189_n.jpg'><img loading=\"lazy\" decoding=\"async\" width=\"150\" height=\"150\" src=\"https:\/\/www.radiopiu.net\/wordpress\/wp-content\/uploads\/2021\/06\/200437500_2590890627880248_2335005300701719189_n-150x150.jpg\" class=\"attachment-thumbnail size-thumbnail\" alt=\"\" \/><\/a>\n\t\t\t\t<\/dt><\/dl><br style=\"clear: both\" \/>\n\t\t\t<\/div>\n\n<p>NELLE FOTO (siti chiesabellunofeltre, saveriani.it, wikipedia, corrieredellealpi): padre Sisto Da Rold; il missionario con un gruppo di giovani congolesi; Uvira in Congo devastata dalle alluvioni; distribuzione di alimenti indispensabili; si garantisce assistenza sanitaria; la casa madre dei Saveriani a Parma; la rivista Missionari Salesiani con le immagini delle tre missionarie uccise in Burundi.<\/p>\n","protected":false},"excerpt":{"rendered":"<p>di Renato Bona Avrebbe compiuto 86 anni sabato prossimo, 19 giugno, padre Sisto Da Rold, della famiglia missionaria Saveriana, nato a Limana il 19 maggio del 1935; ma \u00e8 mancato gioved\u00ec 27 maggio scorso, alle 18,30, nella Casa madre di Parma dove si era ritirato a causa delle precarie condizioni di salute, dopo oltre 40&hellip;<\/p>\n","protected":false},"author":4,"featured_media":216487,"comment_status":"closed","ping_status":"open","sticky":false,"template":"","format":"standard","meta":{"_monsterinsights_skip_tracking":false,"_monsterinsights_sitenote_active":false,"_monsterinsights_sitenote_note":"","_monsterinsights_sitenote_category":0,"footnotes":""},"categories":[51,49],"tags":[],"class_list":["post-216472","post","type-post","status-publish","format-standard","has-post-thumbnail","hentry","category-evidenza-top","category-news-18","category-51","category-49","description-off"],"img_url":"https:\/\/www.radiopiu.net\/wordpress\/wp-content\/uploads\/2021\/06\/200291465_781591165865023_7840450166049950685_n.jpg","_links":{"self":[{"href":"https:\/\/www.radiopiu.net\/wordpress\/wp-json\/wp\/v2\/posts\/216472","targetHints":{"allow":["GET"]}}],"collection":[{"href":"https:\/\/www.radiopiu.net\/wordpress\/wp-json\/wp\/v2\/posts"}],"about":[{"href":"https:\/\/www.radiopiu.net\/wordpress\/wp-json\/wp\/v2\/types\/post"}],"author":[{"embeddable":true,"href":"https:\/\/www.radiopiu.net\/wordpress\/wp-json\/wp\/v2\/users\/4"}],"replies":[{"embeddable":true,"href":"https:\/\/www.radiopiu.net\/wordpress\/wp-json\/wp\/v2\/comments?post=216472"}],"version-history":[{"count":0,"href":"https:\/\/www.radiopiu.net\/wordpress\/wp-json\/wp\/v2\/posts\/216472\/revisions"}],"wp:featuredmedia":[{"embeddable":true,"href":"https:\/\/www.radiopiu.net\/wordpress\/wp-json\/wp\/v2\/media\/216487"}],"wp:attachment":[{"href":"https:\/\/www.radiopiu.net\/wordpress\/wp-json\/wp\/v2\/media?parent=216472"}],"wp:term":[{"taxonomy":"category","embeddable":true,"href":"https:\/\/www.radiopiu.net\/wordpress\/wp-json\/wp\/v2\/categories?post=216472"},{"taxonomy":"post_tag","embeddable":true,"href":"https:\/\/www.radiopiu.net\/wordpress\/wp-json\/wp\/v2\/tags?post=216472"}],"curies":[{"name":"wp","href":"https:\/\/api.w.org\/{rel}","templated":true}]}}