{"id":216491,"date":"2021-06-18T06:00:01","date_gmt":"2021-06-18T04:00:01","guid":{"rendered":"https:\/\/www.radiopiu.net\/wordpress\/?p=216491"},"modified":"2021-06-18T11:49:41","modified_gmt":"2021-06-18T09:49:41","slug":"giornale-radiopiu-18-giugno-2021-direttore-mirko-mezzacasa","status":"publish","type":"post","link":"https:\/\/www.radiopiu.net\/wordpress\/giornale-radiopiu-18-giugno-2021-direttore-mirko-mezzacasa\/","title":{"rendered":"GIORNALE RADIOPIU 18 GIUGNO 2021 DIRETTORE MIRKO MEZZACASA"},"content":{"rendered":"<h3><span style=\"color: #0000ff;\">PER<strong>\u00a0RICEVERE QUESTO NOTIZIARIO DIRETTAMENTE SUL TUO CELLULARE ISCRIVITI AL CANALE TELEGRAM\u00a0<\/strong><strong>\u201cRADIO PIU\u00a0 INFORMAZIONE\u201d\u00a0 \u00a0 \u00a0 \u00a0<\/strong><\/span><\/h3>\n<p>&nbsp;<\/p>\n<p><a href=\"https:\/\/www.radiopiu.net\/wordpress\/giornale-radiopiu-18-giugno-2021-direttore-mirko-mezzacasa\/131354022_2600407826919916_4107840310947803527_n\/\" rel=\"attachment wp-att-216549\"><img loading=\"lazy\" decoding=\"async\" class=\"wp-image-216549 alignleft\" src=\"https:\/\/www.radiopiu.net\/wordpress\/wp-content\/uploads\/2021\/06\/131354022_2600407826919916_4107840310947803527_n-300x225.jpg\" alt=\"\" width=\"127\" height=\"95\" srcset=\"https:\/\/www.radiopiu.net\/wordpress\/wp-content\/uploads\/2021\/06\/131354022_2600407826919916_4107840310947803527_n-300x225.jpg 300w, https:\/\/www.radiopiu.net\/wordpress\/wp-content\/uploads\/2021\/06\/131354022_2600407826919916_4107840310947803527_n-1024x768.jpg 1024w, https:\/\/www.radiopiu.net\/wordpress\/wp-content\/uploads\/2021\/06\/131354022_2600407826919916_4107840310947803527_n-768x576.jpg 768w, https:\/\/www.radiopiu.net\/wordpress\/wp-content\/uploads\/2021\/06\/131354022_2600407826919916_4107840310947803527_n.jpg 1080w\" sizes=\"auto, (max-width: 127px) 100vw, 127px\" \/><\/a><strong>DALLA QUESTURA DI BELLUNO<\/strong> Sono stati consegnati in Questura un anello tipo fede ed una cassa bluetooth. Per informazioni contattare l&#8217;Ufficio Anticrimine allo 0437 94 55 69<\/p>\n<p>&nbsp;<\/p>\n<p>&nbsp;<\/p>\n<p>&nbsp;<\/p>\n<blockquote>\n<h3>LE CHIUSURE DEI PASSI DOLOMITICI IN OCCASIONE DEL DOLOMITES BIKE DAY E IL SELLA RONDA BIKE DAY<\/h3>\n<\/blockquote>\n<p><strong><a href=\"https:\/\/www.radiopiu.net\/wordpress\/lemergenza-stravolge-i-piani-turistici-annullati-gli-eventi-in-terra-fodom\/sellaronda-bike-day-ph-credit_freddy-planinschek\/\" rel=\"attachment wp-att-132243\"><img loading=\"lazy\" decoding=\"async\" class=\"size-medium wp-image-132243 alignleft\" src=\"https:\/\/www.radiopiu.net\/wordpress\/wp-content\/uploads\/2020\/04\/Sellaronda-bike-day-ph.credit_freddy-planinschek-300x200.jpg\" alt=\"\" width=\"300\" height=\"200\" srcset=\"https:\/\/www.radiopiu.net\/wordpress\/wp-content\/uploads\/2020\/04\/Sellaronda-bike-day-ph.credit_freddy-planinschek-300x200.jpg 300w, https:\/\/www.radiopiu.net\/wordpress\/wp-content\/uploads\/2020\/04\/Sellaronda-bike-day-ph.credit_freddy-planinschek-768x512.jpg 768w, https:\/\/www.radiopiu.net\/wordpress\/wp-content\/uploads\/2020\/04\/Sellaronda-bike-day-ph.credit_freddy-planinschek.jpg 990w\" sizes=\"auto, (max-width: 300px) 100vw, 300px\" \/><\/a>LIVINALLONGO<\/strong> domani\u00a0 in occasione del Dolomites Bike Day e domenica 27 giugno per il Sella Ronda Bike Day ci saranno delle limitazioni al traffico sui passi dolomitici.<\/p>\n<p class=\"p1\"><span class=\"s1\"><strong>domani <\/strong>: DOLOMITES BIKE DAY <\/span><span class=\"s1\">chiusura dalle ore 08:30 alle ore 14.30: da <\/span><span class=\"s2\">Passo Campolongo \u2013 Arabba \u2013 Pieve di Livinallongo (SS48) \u2013 Passo Falzarego \u2013 (SP 37) Passo Valparola \u2013 San Cassiano \u2013 La Villa (SS244) \u2013 Corvara bivio direzione Passo Campolongo.\u00a0 <\/span><span class=\"s1\">Ai ciclisti si consiglia il senso antiorario, quindi da Passo Campolongo, Arabba, Pieve di Livinallongo in salita verso il Passo Falzarego, Passo Valparola.<\/span><\/p>\n<p class=\"p1\"><span class=\"s1\"><strong> DOMENICA 27 giugno 2021<\/strong>: SELLA RONDA BIKE DAY con la chiusura dei 4 Passi Dolomitici attorno al massiccio del Sella: <\/span><span class=\"s2\">Passo Campolongo, Passo Gardena, Passo Sella e Passo Pordoi dalle ore 8:30 alle ore 15:30. <\/span><span class=\"s1\">Ai ciclisti si consiglia il senso antiorario, quindi in salita da Arabba verso il Passo Campolongo.\u00a0<\/span><\/p>\n<p>&nbsp;<\/p>\n<p>&nbsp;<\/p>\n<p>&nbsp;<\/p>\n<p>&nbsp;<\/p>\n<hr \/>\n<p><span style=\"color: #0000ff;\"><strong>\u00a0<\/strong><\/span><\/p>\n<p>&nbsp;<\/p>\n<p><strong><a href=\"https:\/\/www.radiopiu.net\/wordpress\/giornale-radiopiu-16-giugno-2021-direttore-mirko-mezzacasa\/lavorii\/\" rel=\"attachment wp-att-216177\"><img loading=\"lazy\" decoding=\"async\" class=\"size-medium wp-image-216177 alignleft\" src=\"https:\/\/www.radiopiu.net\/wordpress\/wp-content\/uploads\/2021\/06\/LAVORII-300x159.jpg\" alt=\"\" width=\"300\" height=\"159\" srcset=\"https:\/\/www.radiopiu.net\/wordpress\/wp-content\/uploads\/2021\/06\/LAVORII-300x159.jpg 300w, https:\/\/www.radiopiu.net\/wordpress\/wp-content\/uploads\/2021\/06\/LAVORII.jpg 335w\" sizes=\"auto, (max-width: 300px) 100vw, 300px\" \/><\/a><\/strong><\/p>\n<p>&nbsp;<\/p>\n<p><strong>GOSALDO<\/strong> Dal 17 giugno a tutto il 18 giugno interruzione della viabilita&#8217; per lavori di esboso lungo la provinciale 3 di Valle Imperina a Gosaldo. CHIUSURE: DALLE 8 ALLE 9.45, DALLE 10 ALLE 12, DALL13 ALLE 17. Senso unico alternato negli orari non interessati dalla chiusure tra le 8 e le 17<\/p>\n<p><strong>VOLTAGO<\/strong>\u00a0 Fino al 3 luglio, domeniche escluse, per consentire i lavori di esbosco\u00a0 interdizione totale alla circolazione\u00a0 dalle 8 alle 17 lungo la Strada provinciale 26 \u201cdi Digoman\u201d, nei comuni di Rivamonte e Voltago Agordino.\u00a0 Nei periodi non interessati dalle chiusure sar\u00e0 istituto il senso unico alternato regolato da impianto semaforico.<\/p>\n<p><span style=\"color: #ff0000;\"><strong>ALTRE INTERRUZIONI TOTALI<\/strong><\/span><\/p>\n<p><b>GALLERIA \u2018COMELICO\u00a0<\/b>fino al 31 luglio\u00a0 dalle 21 alle\u00a0 6 la galleria sar\u00e0 chiusa al traffico. Per i veicoli pesanti trainanti un rimorchio \u00e8 prevista la deviazione sulla SR 48 \u201cdelle Dolomiti e sulla SP 49 \u201cMisurina\u201d,\u00a0 \u00a0il traffico pesante sar\u00e0 deviato lungo la SP 532 \u201cPasso S. Antonio\u201d. Il traffico leggero\u00a0 sulla SP 532.<\/p>\n<p><span style=\"color: #ff0000;\"><strong>INTERRUZIONI FINO A 20 MINUTI<\/strong><\/span><\/p>\n<p><strong>48 DELLE DOLOMITI<\/strong>\u00a0Fino al 16 luglio da Pieve di Livinallongo ad Arabba si potr\u00e0 transitare ma in determinate fasce orarie. Dalle 7 del mattino alle 18 sono infatti previste interruzioni fino a 20 minuti per permettere i lavori di esbosco e realizzazione paramassi. Per tutta la durata dei lavori senso unico alternato nei periodi non interessati delle interruzioni.<\/p>\n<p><strong>REGIONALE 203 AGORDINA\u00a0<\/strong>\u00a0Fino al 18 giugno\u00a0 Dalle 7 alle 18 (esclusi festivi e prefestivi) tra Ru Sech e Zunaia,\u00a0 interruzioni della durata massima di 20 minuti e senso unico alternato nei periodi non interessati dalle interruzioni<\/p>\n<p>&nbsp;<\/p>\n<p>&nbsp;<\/p>\n<hr \/>\n<p>&nbsp;<\/p>\n<p>&nbsp;<\/p>\n<blockquote><p>&nbsp;<\/p>\n<p><strong><span style=\"color: #800000;\"><a href=\"https:\/\/www.radiopiu.net\/wordpress\/giornale-radiopiu-16-giugno-2021-direttore-mirko-mezzacasa\/th-140\/\" rel=\"attachment wp-att-216173\"><img loading=\"lazy\" decoding=\"async\" class=\"wp-image-216173 alignleft\" src=\"https:\/\/www.radiopiu.net\/wordpress\/wp-content\/uploads\/2021\/06\/th-13.jpg\" alt=\"\" width=\"71\" height=\"47\" \/><\/a>ENEL, INTERRUZIONI PROGRAMMATE PER LAVORI SULLE LINEE ELETTRICHE\u00a0\u00a0<\/span><\/strong><\/p><\/blockquote>\n<p><strong>\u00a0FALCADE<\/strong>\u00a0 Oggi dalle 9 alle 16 localit\u00e0 Sappade, Tabiadon, Meneghina, Barezze, Pians. <strong>ALLEGHE<\/strong> Lunedi dalle 13 alle 16 sono interessate le vie Coldai, Serenissima, Scuole, Sm Battuti. <strong>AGORDO<\/strong> Sabato dalle 7.15 alle 9.15 sono interessate le vie Pz.Marconi, C.so Alpini, Narae, Cordevole, Pz Libert\u00e0 Broi <strong>AGORDO<\/strong> Martedi dalle 8 alle 12 sono interessate le vie Parech, Val di Frela, 4 Novembre<strong> LIVINALLONGO DEL COL DI LANA<\/strong> Mercoledi dalle 8.30 alle 14.30 sono interessate le vie Larzonei e Collaz. <strong>COLLE SANTA LUCIA<\/strong> Mercoledi dalle 8.30 alle 14.30 sono interessate le vie Colcuc e Rucav\u00e0.<\/p>\n<p>&nbsp;<\/p>\n<p>&nbsp;<\/p>\n<hr \/>\n<p>&nbsp;<\/p>\n<blockquote>\n<h2><a href=\"https:\/\/www.radiopiu.net\/wordpress\/giornale-radiopiu-16-giugno-2021-direttore-mirko-mezzacasa\/lavori-6\/\" rel=\"attachment wp-att-216175\"><img loading=\"lazy\" decoding=\"async\" class=\"wp-image-216175 alignleft\" src=\"https:\/\/www.radiopiu.net\/wordpress\/wp-content\/uploads\/2021\/06\/LAVORI-1-1.jpg\" alt=\"\" width=\"122\" height=\"122\" srcset=\"https:\/\/www.radiopiu.net\/wordpress\/wp-content\/uploads\/2021\/06\/LAVORI-1-1.jpg 300w, https:\/\/www.radiopiu.net\/wordpress\/wp-content\/uploads\/2021\/06\/LAVORI-1-1-150x150.jpg 150w\" sizes=\"auto, (max-width: 122px) 100vw, 122px\" \/><\/a>CANTIERI A ROCCA PIETORE<\/h2>\n<\/blockquote>\n<p><strong>ROCCA PIETORE<\/strong> Fino al 10 luglio \u00e8 chiuso al transito il ponte sul Ru de Molin tra le localit\u00e0 di Santa Maria delle Grazie e Caracoi. Chiusura dell&#8217;area compresa tra la localit\u00e0 di Aur\u00f9 e l&#8217;intersezione con la strada per Laste Fino al 9 luglio \u00e8 chiuso il tratto di strada in localit\u00e0 Col di Rocca nel tratto tra la Centralina Comunale e il bivio in cui si innesta con la strada provinciale 641 lato Sass Negher. . La viabilit\u00e0 da e per l&#8217;abitato di Col di Rocca \u00e8 comunque garantita da altri due accessi esistenti.<\/p>\n<p>&nbsp;<\/p>\n<p>&nbsp;<\/p>\n<hr \/>\n<p>&nbsp;<\/p>\n<blockquote>\n<h3><strong><a href=\"https:\/\/www.radiopiu.net\/wordpress\/agordo-il-mio-paese-litalia-che-vorrei-di-mirko-mezzacasa\/8cea600a-c88b-4d28-8748-e360e4864c44\/\" rel=\"attachment wp-att-144890\"><img loading=\"lazy\" decoding=\"async\" class=\" wp-image-144890 alignleft\" src=\"https:\/\/www.radiopiu.net\/wordpress\/wp-content\/uploads\/2020\/06\/8cea600a-c88b-4d28-8748-e360e4864c44-300x225.jpg\" alt=\"\" width=\"155\" height=\"116\" srcset=\"https:\/\/www.radiopiu.net\/wordpress\/wp-content\/uploads\/2020\/06\/8cea600a-c88b-4d28-8748-e360e4864c44-300x225.jpg 300w, https:\/\/www.radiopiu.net\/wordpress\/wp-content\/uploads\/2020\/06\/8cea600a-c88b-4d28-8748-e360e4864c44-1024x768.jpg 1024w, https:\/\/www.radiopiu.net\/wordpress\/wp-content\/uploads\/2020\/06\/8cea600a-c88b-4d28-8748-e360e4864c44-768x576.jpg 768w, https:\/\/www.radiopiu.net\/wordpress\/wp-content\/uploads\/2020\/06\/8cea600a-c88b-4d28-8748-e360e4864c44-1536x1152.jpg 1536w, https:\/\/www.radiopiu.net\/wordpress\/wp-content\/uploads\/2020\/06\/8cea600a-c88b-4d28-8748-e360e4864c44.jpg 2048w\" sizes=\"auto, (max-width: 155px) 100vw, 155px\" \/><\/a><\/strong>LAVORI DI RIFACIMENTO DEL PONTE SUL TORRENTE CAMPREGANA<\/h3>\n<\/blockquote>\n<p><strong>AGORDO<\/strong> Fino al 16 luglio, per le frazioni Farenzena e Val di Frela deviazioni per la\u00a0 strada silvo-pastorale Farenzena-Don <em>Transito consentito <strong>A SALIRE<\/strong>, da frazione FARENZENA a localita\u0300 DON: dalle 6 alle 7:45, dalle 9 alle 9:45, dalle 11:00 alle 11:45, dalle 13 alle 13:45 &#8211; dalle 15 alle 15:45, dalle 17 alle 17:45, dalle 19 alle 19:45. Transito consentito<strong> A SCENDERE<\/strong>, da localita\u0300 DON a frazione FARENZENA: dalle 8 alle 8:45, dalle 10 alle 10:45, dalle 12 alle 12:45, dalle 14 alle 14:45, dalle 16 alle 16:45, dalle 18 alle 18:45, dalle 20 alle 20:45. Dalle ore 20:45 alle ore 05:45 la circolazione dei veicoli e\u0300 consentita contemporaneamente in entrambi i sensi di marcia.\u00a0<\/em><\/p>\n<blockquote><p>&nbsp;<\/p><\/blockquote>\n<p>&nbsp;<\/p>\n<hr \/>\n<p>&nbsp;<\/p>\n<blockquote>\n<h3><strong><a href=\"https:\/\/www.radiopiu.net\/wordpress\/ancora-al-lavoro-i-vigili-del-fuoco-a-canazei-di-colle-santa-lucia\/1a1a094a-7a44-4ffc-8b60-56b1a06b12e8\/\" rel=\"attachment wp-att-214046\"><img loading=\"lazy\" decoding=\"async\" class=\" wp-image-214046 alignleft\" src=\"https:\/\/www.radiopiu.net\/wordpress\/wp-content\/uploads\/2021\/06\/1a1a094a-7a44-4ffc-8b60-56b1a06b12e8-300x225.jpg\" alt=\"\" width=\"112\" height=\"84\" srcset=\"https:\/\/www.radiopiu.net\/wordpress\/wp-content\/uploads\/2021\/06\/1a1a094a-7a44-4ffc-8b60-56b1a06b12e8-300x225.jpg 300w, https:\/\/www.radiopiu.net\/wordpress\/wp-content\/uploads\/2021\/06\/1a1a094a-7a44-4ffc-8b60-56b1a06b12e8-1024x768.jpg 1024w, https:\/\/www.radiopiu.net\/wordpress\/wp-content\/uploads\/2021\/06\/1a1a094a-7a44-4ffc-8b60-56b1a06b12e8-768x576.jpg 768w, https:\/\/www.radiopiu.net\/wordpress\/wp-content\/uploads\/2021\/06\/1a1a094a-7a44-4ffc-8b60-56b1a06b12e8.jpg 1280w\" sizes=\"auto, (max-width: 112px) 100vw, 112px\" \/><\/a><\/strong>RACCOLTA FONDI PER L&#8217;INCENDIO DI CANAZEI A COLLE SANTA LUCIA<\/h3>\n<\/blockquote>\n<p><strong>COLLE SANTA LUCIA <\/strong>Le donazioni potranno essere effettuate al seguente conto corrente bancario Unicredit banca SPA intestato al Comune di Colle Santa Lucia: IT15A0200861000000002713253 inserendo la seguente causale: \u201cIncendio Canazei di Colle Santa Lucia del 4 giugno 2021\u201d.<\/p>\n<p>&nbsp;<\/p>\n<p>&nbsp;<\/p>\n<hr \/>\n<p>&nbsp;<\/p>\n<blockquote>\n<h3>CON LA BICICLETTA CONTRO L&#8217;AUTO IN VIA FORNACI. SEDICENNE IN GRAVISSIME CONDIZIONI<\/h3>\n<\/blockquote>\n<p><strong><a href=\"https:\/\/www.radiopiu.net\/wordpress\/investito-un-minorenne-a-santa-giustina\/3b02d71e-80c6-488f-bd03-e79ac6feeebe\/\" rel=\"attachment wp-att-216574\"><img loading=\"lazy\" decoding=\"async\" class=\"size-medium wp-image-216574 alignleft\" src=\"https:\/\/www.radiopiu.net\/wordpress\/wp-content\/uploads\/2021\/06\/3b02d71e-80c6-488f-bd03-e79ac6feeebe-225x300.jpg\" alt=\"\" width=\"225\" height=\"300\" srcset=\"https:\/\/www.radiopiu.net\/wordpress\/wp-content\/uploads\/2021\/06\/3b02d71e-80c6-488f-bd03-e79ac6feeebe-225x300.jpg 225w, https:\/\/www.radiopiu.net\/wordpress\/wp-content\/uploads\/2021\/06\/3b02d71e-80c6-488f-bd03-e79ac6feeebe.jpg 601w\" sizes=\"auto, (max-width: 225px) 100vw, 225px\" \/><\/a> <\/strong><\/p>\n<p><strong>\u00a0<\/strong><\/p>\n<p><strong>\u00a0<\/strong><\/p>\n<p><strong>\u00a0<\/strong><\/p>\n<p><strong>SEDICO<\/strong>\u00a0Pedalava in via Fornaci nei pressi dello stablimento Luxottica quando improvvisamente s\u2019\u00e8 ritrovato a terra per un incidente contro un\u2019auto. Alla base del sinistro una mancata precedenza, ma saranno i Carabinieri a stabilire l\u2019esatta dinamica e relative responsabilit\u00e0.<\/p>\n<p>Un ragazzo minorenne di Sedico \u00e8 ricoverato in prognosi riservata all\u2019ospedale di Treviso. L\u2019incidente stamane lungo la regionale 203. Al volante della Mini Minor V.Z. 29 anni di Venezia. Sul posto per i rilievi di legge i Carabinieri di Santa Giustina.<\/p>\n<p>&nbsp;<\/p>\n<p>&nbsp;<\/p>\n<p>&nbsp;<\/p>\n<p>&nbsp;<\/p>\n<p>&nbsp;<\/p>\n<hr \/>\n<p>&nbsp;<\/p>\n<blockquote>\n<h3>IL TRENO DELLE DOLOMITI IN VAL BOITE, IL PROGETTO AGORDINO SCARTATO. PADRIN &#8220;LA PROVINCIA ERA ALLINEATA&#8221;<\/h3>\n<\/blockquote>\n<p><strong>SEDICO<\/strong><\/p>\n<p>di Moreno Gioli<\/p>\n<audio class=\"wp-audio-shortcode\" id=\"audio-216491-1\" preload=\"none\" style=\"width: 100%;\" controls=\"controls\"><source type=\"audio\/mpeg\" src=\"https:\/\/www.radiopiu.net\/wordpress\/wp-content\/uploads\/2021\/06\/GIOLI-TRENO.mp3?_=1\" \/><a href=\"https:\/\/www.radiopiu.net\/wordpress\/wp-content\/uploads\/2021\/06\/GIOLI-TRENO.mp3\">https:\/\/www.radiopiu.net\/wordpress\/wp-content\/uploads\/2021\/06\/GIOLI-TRENO.mp3<\/a><\/audio>\n<p>&nbsp;<\/p>\n<p><strong>L&#8217;ASSESSORE REGIONALE ELISA DE BERTI<\/strong><\/p>\n<audio class=\"wp-audio-shortcode\" id=\"audio-216491-2\" preload=\"none\" style=\"width: 100%;\" controls=\"controls\"><source type=\"audio\/mpeg\" src=\"https:\/\/www.radiopiu.net\/wordpress\/wp-content\/uploads\/2021\/06\/DE-BERTI-TRENO.mp3?_=2\" \/><a href=\"https:\/\/www.radiopiu.net\/wordpress\/wp-content\/uploads\/2021\/06\/DE-BERTI-TRENO.mp3\">https:\/\/www.radiopiu.net\/wordpress\/wp-content\/uploads\/2021\/06\/DE-BERTI-TRENO.mp3<\/a><\/audio>\n<p>&nbsp;<\/p>\n<p><strong>IL PRESIDENTE DELLA PROVINCIA ROBERTO PADRIN<\/strong><\/p>\n<audio class=\"wp-audio-shortcode\" id=\"audio-216491-3\" preload=\"none\" style=\"width: 100%;\" controls=\"controls\"><source type=\"audio\/mpeg\" src=\"https:\/\/www.radiopiu.net\/wordpress\/wp-content\/uploads\/2021\/06\/PADRIN-TRENO.mp3?_=3\" \/><a href=\"https:\/\/www.radiopiu.net\/wordpress\/wp-content\/uploads\/2021\/06\/PADRIN-TRENO.mp3\">https:\/\/www.radiopiu.net\/wordpress\/wp-content\/uploads\/2021\/06\/PADRIN-TRENO.mp3<\/a><\/audio>\n<p>&nbsp;<\/p>\n\n\t\t\t<style type='text\/css'>\n\t\t\t\t#gallery-1 {\n\t\t\t\t\tmargin: auto;\n\t\t\t\t}\n\t\t\t\t#gallery-1 .gallery-item {\n\t\t\t\t\tfloat: left;\n\t\t\t\t\tmargin-top: 10px;\n\t\t\t\t\ttext-align: center;\n\t\t\t\t\twidth: 25%;\n\t\t\t\t}\n\t\t\t\t#gallery-1 img {\n\t\t\t\t\tborder: 2px solid #cfcfcf;\n\t\t\t\t}\n\t\t\t\t#gallery-1 .gallery-caption {\n\t\t\t\t\tmargin-left: 0;\n\t\t\t\t}\n\t\t\t\t\/* see gallery_shortcode() in wp-includes\/media.php *\/\n\t\t\t<\/style>\n\t\t<div id='gallery-1' class='dt-gallery-container gallery galleryid-216491 gallery-columns-4 gallery-size-medium'><dl class='gallery-item'>\n\t\t\t\t<dt class='gallery-icon landscape'>\n\t\t\t\t\t<a class=\"rollover rollover-zoom dt-pswp-item\" title=\"d9506b16-6379-48c3-aa17-c93a3eaa4ac4\" data-dt-img-description=\"\" data-large_image_width=\"2048\" data-large_image_height=\"1536\"href='https:\/\/www.radiopiu.net\/wordpress\/wp-content\/uploads\/2021\/06\/d9506b16-6379-48c3-aa17-c93a3eaa4ac4.jpg'><img loading=\"lazy\" decoding=\"async\" width=\"300\" height=\"225\" src=\"https:\/\/www.radiopiu.net\/wordpress\/wp-content\/uploads\/2021\/06\/d9506b16-6379-48c3-aa17-c93a3eaa4ac4-300x225.jpg\" class=\"attachment-medium size-medium\" alt=\"\" srcset=\"https:\/\/www.radiopiu.net\/wordpress\/wp-content\/uploads\/2021\/06\/d9506b16-6379-48c3-aa17-c93a3eaa4ac4-300x225.jpg 300w, https:\/\/www.radiopiu.net\/wordpress\/wp-content\/uploads\/2021\/06\/d9506b16-6379-48c3-aa17-c93a3eaa4ac4-1024x768.jpg 1024w, https:\/\/www.radiopiu.net\/wordpress\/wp-content\/uploads\/2021\/06\/d9506b16-6379-48c3-aa17-c93a3eaa4ac4-768x576.jpg 768w, https:\/\/www.radiopiu.net\/wordpress\/wp-content\/uploads\/2021\/06\/d9506b16-6379-48c3-aa17-c93a3eaa4ac4-1536x1152.jpg 1536w, https:\/\/www.radiopiu.net\/wordpress\/wp-content\/uploads\/2021\/06\/d9506b16-6379-48c3-aa17-c93a3eaa4ac4.jpg 2048w\" sizes=\"auto, (max-width: 300px) 100vw, 300px\" \/><\/a>\n\t\t\t\t<\/dt><\/dl><dl class='gallery-item'>\n\t\t\t\t<dt class='gallery-icon landscape'>\n\t\t\t\t\t<a class=\"rollover rollover-zoom dt-pswp-item\" title=\"139917bd-40c3-43ff-8143-ace4abe889fa\" data-dt-img-description=\"\" data-large_image_width=\"2048\" data-large_image_height=\"1536\"href='https:\/\/www.radiopiu.net\/wordpress\/wp-content\/uploads\/2021\/06\/139917bd-40c3-43ff-8143-ace4abe889fa.jpg'><img loading=\"lazy\" decoding=\"async\" width=\"300\" height=\"225\" src=\"https:\/\/www.radiopiu.net\/wordpress\/wp-content\/uploads\/2021\/06\/139917bd-40c3-43ff-8143-ace4abe889fa-300x225.jpg\" class=\"attachment-medium size-medium\" alt=\"\" srcset=\"https:\/\/www.radiopiu.net\/wordpress\/wp-content\/uploads\/2021\/06\/139917bd-40c3-43ff-8143-ace4abe889fa-300x225.jpg 300w, https:\/\/www.radiopiu.net\/wordpress\/wp-content\/uploads\/2021\/06\/139917bd-40c3-43ff-8143-ace4abe889fa-1024x768.jpg 1024w, https:\/\/www.radiopiu.net\/wordpress\/wp-content\/uploads\/2021\/06\/139917bd-40c3-43ff-8143-ace4abe889fa-768x576.jpg 768w, https:\/\/www.radiopiu.net\/wordpress\/wp-content\/uploads\/2021\/06\/139917bd-40c3-43ff-8143-ace4abe889fa-1536x1152.jpg 1536w, https:\/\/www.radiopiu.net\/wordpress\/wp-content\/uploads\/2021\/06\/139917bd-40c3-43ff-8143-ace4abe889fa.jpg 2048w\" sizes=\"auto, (max-width: 300px) 100vw, 300px\" \/><\/a>\n\t\t\t\t<\/dt><\/dl><dl class='gallery-item'>\n\t\t\t\t<dt class='gallery-icon landscape'>\n\t\t\t\t\t<a class=\"rollover rollover-zoom dt-pswp-item\" title=\"cb747e0a-735a-48da-8c03-7321a7cb830f\" data-dt-img-description=\"\" data-large_image_width=\"2048\" data-large_image_height=\"1536\"href='https:\/\/www.radiopiu.net\/wordpress\/wp-content\/uploads\/2021\/06\/cb747e0a-735a-48da-8c03-7321a7cb830f.jpg'><img loading=\"lazy\" decoding=\"async\" width=\"300\" height=\"225\" src=\"https:\/\/www.radiopiu.net\/wordpress\/wp-content\/uploads\/2021\/06\/cb747e0a-735a-48da-8c03-7321a7cb830f-300x225.jpg\" class=\"attachment-medium size-medium\" alt=\"\" srcset=\"https:\/\/www.radiopiu.net\/wordpress\/wp-content\/uploads\/2021\/06\/cb747e0a-735a-48da-8c03-7321a7cb830f-300x225.jpg 300w, https:\/\/www.radiopiu.net\/wordpress\/wp-content\/uploads\/2021\/06\/cb747e0a-735a-48da-8c03-7321a7cb830f-1024x768.jpg 1024w, https:\/\/www.radiopiu.net\/wordpress\/wp-content\/uploads\/2021\/06\/cb747e0a-735a-48da-8c03-7321a7cb830f-768x576.jpg 768w, https:\/\/www.radiopiu.net\/wordpress\/wp-content\/uploads\/2021\/06\/cb747e0a-735a-48da-8c03-7321a7cb830f-1536x1152.jpg 1536w, https:\/\/www.radiopiu.net\/wordpress\/wp-content\/uploads\/2021\/06\/cb747e0a-735a-48da-8c03-7321a7cb830f.jpg 2048w\" sizes=\"auto, (max-width: 300px) 100vw, 300px\" \/><\/a>\n\t\t\t\t<\/dt><\/dl><dl class='gallery-item'>\n\t\t\t\t<dt class='gallery-icon landscape'>\n\t\t\t\t\t<a class=\"rollover rollover-zoom dt-pswp-item\" title=\"82dc1c10-0eda-486a-98f0-bfa1b92b5a84\" data-dt-img-description=\"\" data-large_image_width=\"2048\" data-large_image_height=\"1536\"href='https:\/\/www.radiopiu.net\/wordpress\/wp-content\/uploads\/2021\/06\/82dc1c10-0eda-486a-98f0-bfa1b92b5a84.jpg'><img loading=\"lazy\" decoding=\"async\" width=\"300\" height=\"225\" src=\"https:\/\/www.radiopiu.net\/wordpress\/wp-content\/uploads\/2021\/06\/82dc1c10-0eda-486a-98f0-bfa1b92b5a84-300x225.jpg\" class=\"attachment-medium size-medium\" alt=\"\" srcset=\"https:\/\/www.radiopiu.net\/wordpress\/wp-content\/uploads\/2021\/06\/82dc1c10-0eda-486a-98f0-bfa1b92b5a84-300x225.jpg 300w, https:\/\/www.radiopiu.net\/wordpress\/wp-content\/uploads\/2021\/06\/82dc1c10-0eda-486a-98f0-bfa1b92b5a84-1024x768.jpg 1024w, https:\/\/www.radiopiu.net\/wordpress\/wp-content\/uploads\/2021\/06\/82dc1c10-0eda-486a-98f0-bfa1b92b5a84-768x576.jpg 768w, https:\/\/www.radiopiu.net\/wordpress\/wp-content\/uploads\/2021\/06\/82dc1c10-0eda-486a-98f0-bfa1b92b5a84-1536x1152.jpg 1536w, https:\/\/www.radiopiu.net\/wordpress\/wp-content\/uploads\/2021\/06\/82dc1c10-0eda-486a-98f0-bfa1b92b5a84.jpg 2048w\" sizes=\"auto, (max-width: 300px) 100vw, 300px\" \/><\/a>\n\t\t\t\t<\/dt><\/dl><br style=\"clear: both\" \/>\n\t\t\t<\/div>\n\n<p>&nbsp;<\/p>\n<hr \/>\n<p>&nbsp;<\/p>\n<p>&nbsp;<\/p>\n<blockquote><p><strong><a href=\"https:\/\/www.radiopiu.net\/wordpress\/elezioni-comunali-2019-agordo\/agordo-paolo-selva-moretti\/\" rel=\"attachment wp-att-86459\"><img loading=\"lazy\" decoding=\"async\" class=\"wp-image-86459 alignleft\" src=\"https:\/\/www.radiopiu.net\/wordpress\/wp-content\/uploads\/2019\/05\/AGORDO-PAOLO-SELVA-MORETTI-300x279.jpeg\" alt=\"\" width=\"126\" height=\"117\" srcset=\"https:\/\/www.radiopiu.net\/wordpress\/wp-content\/uploads\/2019\/05\/AGORDO-PAOLO-SELVA-MORETTI-300x279.jpeg 300w, https:\/\/www.radiopiu.net\/wordpress\/wp-content\/uploads\/2019\/05\/AGORDO-PAOLO-SELVA-MORETTI-768x713.jpeg 768w, https:\/\/www.radiopiu.net\/wordpress\/wp-content\/uploads\/2019\/05\/AGORDO-PAOLO-SELVA-MORETTI.jpeg 1024w\" sizes=\"auto, (max-width: 126px) 100vw, 126px\" \/><\/a>SEDICO<\/strong>Paolo Selva Moretti Presidente del Comitato per il treno nell&#8217;Agordino e consigliere comunale a Palazzo Marconi,\u00a0 ieri era presente all&#8217;incontro di Sedico con l&#8217;assessore regionale ai trasporti Elisa De Berti.<em> &#8220;La proposta dell&#8217;Arch. Stefano Dell&#8217;Osbel sar\u00e0 comunque oggetto di ulteriori studi sulla tratta Belluno-Caprile, tra un anno vedremo i risultati degli studi e l&#8217;eventuale sostenibilit\u00e0 economica&#8221;.<\/em><strong><br \/>\n<\/strong><\/p><\/blockquote>\n<p>AUDIO Paolo Selva Moretti<\/p>\n<audio class=\"wp-audio-shortcode\" id=\"audio-216491-4\" preload=\"none\" style=\"width: 100%;\" controls=\"controls\"><source type=\"audio\/mpeg\" src=\"https:\/\/www.radiopiu.net\/wordpress\/wp-content\/uploads\/2021\/06\/PAOLO-1.mp3?_=4\" \/><a href=\"https:\/\/www.radiopiu.net\/wordpress\/wp-content\/uploads\/2021\/06\/PAOLO-1.mp3\">https:\/\/www.radiopiu.net\/wordpress\/wp-content\/uploads\/2021\/06\/PAOLO-1.mp3<\/a><\/audio>\n<p>&nbsp;<\/p>\n<p>&nbsp;<\/p>\n<p>&nbsp;<\/p>\n<hr \/>\n<p>&nbsp;<\/p>\n<blockquote>\n<h3>TRE ASSALTI DEI LUPI IN ALPAGO, SBRANATE 20 PECORE<\/h3>\n<h3><em>Alessandro Fullin: Siamo stremati, bisogna eliminare i grandi predatori o addio biodiversit\u00e0<\/em><\/h3>\n<\/blockquote>\n<blockquote><p><strong><a href=\"https:\/\/www.radiopiu.net\/wordpress\/tre-assalti-dei-lupi-in-alpago-sbranate-20-pecore\/pecore-sbranate-in-passato-nel-bellunese\/\" rel=\"attachment wp-att-216536\"><img loading=\"lazy\" decoding=\"async\" class=\"size-medium wp-image-216536 alignleft\" src=\"https:\/\/www.radiopiu.net\/wordpress\/wp-content\/uploads\/2021\/06\/pecore-sbranate-in-passato-nel-Bellunese-300x180.jpg\" alt=\"\" width=\"300\" height=\"180\" srcset=\"https:\/\/www.radiopiu.net\/wordpress\/wp-content\/uploads\/2021\/06\/pecore-sbranate-in-passato-nel-Bellunese-300x180.jpg 300w, https:\/\/www.radiopiu.net\/wordpress\/wp-content\/uploads\/2021\/06\/pecore-sbranate-in-passato-nel-Bellunese-1024x616.jpg 1024w, https:\/\/www.radiopiu.net\/wordpress\/wp-content\/uploads\/2021\/06\/pecore-sbranate-in-passato-nel-Bellunese-768x462.jpg 768w, https:\/\/www.radiopiu.net\/wordpress\/wp-content\/uploads\/2021\/06\/pecore-sbranate-in-passato-nel-Bellunese.jpg 1199w\" sizes=\"auto, (max-width: 300px) 100vw, 300px\" \/><\/a>BELLUNO <\/strong><span style=\"font-family: Times New Roman, serif;\"><span style=\"font-size: medium;\">Il lupo torna all\u2019assalto in Alpago: sbranate 20 pecore nel giro degli ultimi dieci giorni agli allevatori Alessandro e Sebastiano Fullin, gi\u00e0 colpiti in passato dalle predazioni. <\/span><\/span><em>\u201c<span style=\"font-family: Times New Roman, serif;\"><span style=\"font-size: medium;\">Hanno ucciso 5 pecore a mio figlio Sebastiano luned\u00ec mattina e il resto a me, tra pecore e agnellini, in altri due assalti \u2013 dice <\/span><\/span><span style=\"font-family: Times New Roman, serif;\"><span style=\"font-size: medium;\">Alessandro Fullin<\/span><\/span><span style=\"font-family: Times New Roman, serif;\"><span style=\"font-size: medium;\">, allevatore di <\/span><\/span><span style=\"font-family: Times New Roman, serif;\"><span style=\"font-size: medium;\">Confagricoltura Belluno<\/span><\/span><span style=\"font-family: Times New Roman, serif;\"><span style=\"font-size: medium;\"> -. Ma Sebastiano era gi\u00e0 stato colpito in aprile, senza contare che l\u2019anno scorso abbiamo subito 15 predazioni. Di 600 pecore che avevamo, ne saranno rimaste 550. Siamo sfiniti fisicamente. A parte la tensione nervosa, che ci distrugge, e la paura, lavoriamo tre ore in pi\u00f9 ogni giorno per il lupo perch\u00e9 abbiamo da gestire cento chilometri di recinzioni fisse durante il giorno, che servono per far mangiare le pecore, e in pi\u00f9 le reti con corrente elettrica dove la notte chiudiamo i branchi a rischio. E la sera che non ce la facciamo a chiudere tutto il lupo \u00e8 l\u00ec in agguato e fa strage di bestie\u201d. <\/span><\/span><\/em><span style=\"font-family: Times New Roman, serif;\"><span style=\"font-size: medium;\">Fullin sperava che la Regione gli mandasse un uomo<\/span><\/span><span style=\"font-family: Times New Roman, serif;\"><span style=\"font-size: medium;\"> in pi\u00f9 per chiudere le greggi durante la notte, ma non \u00e8 arrivato. <em>\u201cNon ce la facciamo pi\u00f9, camminiamo 70 chilometri al giorno per fare tutto, ma siamo stremati \u2013 spiega -. Noi <\/em><\/span><\/span><em><span style=\"color: #000000;\"><span style=\"font-family: Times New Roman, serif;\"><span style=\"font-size: medium;\">garantiamo la biodiversit\u00e0 con la pecora Alpagota, ma non possiamo pi\u00f9 farcela se ci sono i lupi, che ogni anno aumentano sempre di pi\u00f9. Siamo convinti che vada preservato il branco di lupi presente in Cansiglio, perch\u00e9 siamo per la biodiversit\u00e0, ma i lupi in dispersione presenti in Alpago che stanno massacrando le greggi e gli allevamenti vanno uccisi o prelevati. Perch\u00e9 il nostro gregge in Cansiglio non viene mai attaccato? Perch\u00e9 la coppia Alfa che guida il branco in quell\u2019area ha delle regole e non attacca, mentre i lupi in dispersione sono terrorizzati perch\u00e9 temono di morire di fame e riprodursi e attaccano tutto e tutti\u201d.<\/span><\/span><\/span><\/em><\/p>\n<blockquote>\n<p align=\"JUSTIFY\"><span style=\"color: #000000;\"><span style=\"font-family: Times New Roman, serif;\"><span style=\"font-size: medium;\">Diego Donazzolo, presidente di Confagricoltura Belluno<\/span><\/span><\/span><span style=\"color: #000000;\"><span style=\"font-family: Times New Roman, serif;\"><span style=\"font-size: medium;\">, \u00e8 sconsolato: <em>\u201c<\/em><\/span><\/span><\/span><em><span style=\"font-family: Times New Roman, serif;\"><span style=\"font-size: medium;\">La convivenza tra allevatori e lupo non \u00e8 possibile, lo diciamo da anni \u2013 sottolinea -. Purtroppo non \u00e8 un problema solo nazionale, ma europeo, sorto da quando \u00e8 stato varato il progetto Life Wolfalps per la conservazione della popolazione di lupo nell\u2019ecosistema alpino. Si vuole che i lupi vivano assieme agli uomini nella natura, come accadeva secoli fa, ma non hanno pensato alla tutela dei territori e delle attivit\u00e0 economiche. Non si sono resi conto che in questo modo tutte le attivit\u00e0 di alpeggio e allevamento verranno abbandonate. Ma se la politica europea \u00e8 questo che vuole, abbandoneremo le stalle in provincia di Belluno e ci dedicheremo ad altro. Come organizzazione chiederemo per\u00f2 i risarcimenti per la chiusura delle nostre attivit\u00e0 e per tutti gli investimenti fatti in questi anni\u201d.<\/span><\/span><\/em><\/p>\n<\/blockquote>\n<\/blockquote>\n<p>&nbsp;<\/p>\n<hr \/>\n<p>&nbsp;<\/p>\n<blockquote>\n<h3>I NUOVI VANDALI, QUELLI CHE ROMPONO LE BALLE DI FIENO<\/h3>\n<\/blockquote>\n<p><strong>PONTE NELLE ALPI\u00a0<\/strong> Alcuni volontari del comitato frazionale\u00a0 avevano imballato il fieno. L&#8217;imbecille di turno si \u00e8 divertito ad andare a squarciare le balle appena sistemate. Studi di\u00a0 tutto questo i volontari\u00a0 non vogliono pi\u00f9 prendersi cura di quella parte del parco che, da un anno a questa parte, viene costantemente danneggiata e riempita di rifiuti lasciati da maleducati.<\/p>\n<p>&nbsp;<\/p>\n<p>&nbsp;<\/p>\n<hr \/>\n<p>&nbsp;<\/p>\n<blockquote>\n<h3>FIAMME IN PROSSIMITA&#8217; DELL&#8217;ARCHIVIO, L&#8217;IMMEDIATO ALLARME EVITA IL PEGGIO<\/h3>\n<\/blockquote>\n<p><strong>FELTRE<\/strong> Incendio ieri sera negli uffici del&#8217;Anagrafe in piazza delle Biade. I\u00a0 vigili del fuoco hanno contenuto i danni soprattutto nei locali dell&#8217;archivio, nessuno documento \u00e8 finito in fumo.\u00a0 Sul posto \u00e8 intervenuta subito anche una pattuglia dei carabinieri della stazione di Santa Giustina.\u00a0 Recuperate le batterie che sono state accatastate all&#8217;esterno. L&#8217;immediato allarme che ha allertato i pompieri ha evitato il peggio.<\/p>\n<p>&nbsp;<\/p>\n<hr \/>\n<p>&nbsp;<\/p>\n<blockquote>\n<h3>L&#8217;INAUGURAZIONE DELLA PIANTUMAZIONE ALLE PESCHIERE, SILVIA TORMEN &#8220;CON VAIA LE COSE PREZIOSE NON LE ABBIAMO PERSE, SI POSSONO RICOSTRUIRE&#8221;<\/h3>\n<\/blockquote>\n<p><strong>TAIBON<\/strong><\/p>\n<p><strong>DI GIANNI SANTOMASO<\/strong><\/p>\n<audio class=\"wp-audio-shortcode\" id=\"audio-216491-5\" preload=\"none\" style=\"width: 100%;\" controls=\"controls\"><source type=\"audio\/mpeg\" src=\"https:\/\/www.radiopiu.net\/wordpress\/wp-content\/uploads\/2021\/06\/GIANNI-PIANTUMAZIONE-LAGHETTO-PESCHIERE.mp3?_=5\" \/><a href=\"https:\/\/www.radiopiu.net\/wordpress\/wp-content\/uploads\/2021\/06\/GIANNI-PIANTUMAZIONE-LAGHETTO-PESCHIERE.mp3\">https:\/\/www.radiopiu.net\/wordpress\/wp-content\/uploads\/2021\/06\/GIANNI-PIANTUMAZIONE-LAGHETTO-PESCHIERE.mp3<\/a><\/audio>\n<p><strong>gli interventi&#8230;.. AUDIO Silvia Tormen Sindaco Comune di Taibon; Paolo Vigan\u00f2 di Rete Clima-Pfc\u00a0 e\u00a0 Michele Nenz direttore\u00a0 Coldiretti Belluno<\/strong><\/p>\n<audio class=\"wp-audio-shortcode\" id=\"audio-216491-6\" preload=\"none\" style=\"width: 100%;\" controls=\"controls\"><source type=\"audio\/mpeg\" src=\"https:\/\/www.radiopiu.net\/wordpress\/wp-content\/uploads\/2021\/06\/peschiere-definitivo.mp3?_=6\" \/><a href=\"https:\/\/www.radiopiu.net\/wordpress\/wp-content\/uploads\/2021\/06\/peschiere-definitivo.mp3\">https:\/\/www.radiopiu.net\/wordpress\/wp-content\/uploads\/2021\/06\/peschiere-definitivo.mp3<\/a><\/audio>\n<p>&nbsp;<\/p>\n\n\t\t\t<style type='text\/css'>\n\t\t\t\t#gallery-2 {\n\t\t\t\t\tmargin: auto;\n\t\t\t\t}\n\t\t\t\t#gallery-2 .gallery-item {\n\t\t\t\t\tfloat: left;\n\t\t\t\t\tmargin-top: 10px;\n\t\t\t\t\ttext-align: center;\n\t\t\t\t\twidth: 33%;\n\t\t\t\t}\n\t\t\t\t#gallery-2 img {\n\t\t\t\t\tborder: 2px solid #cfcfcf;\n\t\t\t\t}\n\t\t\t\t#gallery-2 .gallery-caption {\n\t\t\t\t\tmargin-left: 0;\n\t\t\t\t}\n\t\t\t\t\/* see gallery_shortcode() in wp-includes\/media.php *\/\n\t\t\t<\/style>\n\t\t<div id='gallery-2' class='dt-gallery-container gallery galleryid-216491 gallery-columns-3 gallery-size-medium'><dl class='gallery-item'>\n\t\t\t\t<dt class='gallery-icon portrait'>\n\t\t\t\t\t<a class=\"rollover rollover-zoom dt-pswp-item\" title=\"8059b29f-1bf6-4170-8d85-062bdbc53aab\" data-dt-img-description=\"\" data-large_image_width=\"1154\" data-large_image_height=\"2048\"href='https:\/\/www.radiopiu.net\/wordpress\/wp-content\/uploads\/2021\/06\/8059b29f-1bf6-4170-8d85-062bdbc53aab.jpg'><img loading=\"lazy\" decoding=\"async\" width=\"169\" height=\"300\" src=\"https:\/\/www.radiopiu.net\/wordpress\/wp-content\/uploads\/2021\/06\/8059b29f-1bf6-4170-8d85-062bdbc53aab-169x300.jpg\" class=\"attachment-medium size-medium\" alt=\"\" srcset=\"https:\/\/www.radiopiu.net\/wordpress\/wp-content\/uploads\/2021\/06\/8059b29f-1bf6-4170-8d85-062bdbc53aab-169x300.jpg 169w, https:\/\/www.radiopiu.net\/wordpress\/wp-content\/uploads\/2021\/06\/8059b29f-1bf6-4170-8d85-062bdbc53aab-577x1024.jpg 577w, https:\/\/www.radiopiu.net\/wordpress\/wp-content\/uploads\/2021\/06\/8059b29f-1bf6-4170-8d85-062bdbc53aab-768x1363.jpg 768w, https:\/\/www.radiopiu.net\/wordpress\/wp-content\/uploads\/2021\/06\/8059b29f-1bf6-4170-8d85-062bdbc53aab-866x1536.jpg 866w, https:\/\/www.radiopiu.net\/wordpress\/wp-content\/uploads\/2021\/06\/8059b29f-1bf6-4170-8d85-062bdbc53aab.jpg 1154w\" sizes=\"auto, (max-width: 169px) 100vw, 169px\" \/><\/a>\n\t\t\t\t<\/dt><\/dl><dl class='gallery-item'>\n\t\t\t\t<dt class='gallery-icon landscape'>\n\t\t\t\t\t<a class=\"rollover rollover-zoom dt-pswp-item\" title=\"3b2b0fdd-d2db-432b-bc50-e5f7677a6b85\" data-dt-img-description=\"\" data-large_image_width=\"2048\" data-large_image_height=\"1154\"href='https:\/\/www.radiopiu.net\/wordpress\/wp-content\/uploads\/2021\/06\/3b2b0fdd-d2db-432b-bc50-e5f7677a6b85.jpg'><img loading=\"lazy\" decoding=\"async\" width=\"300\" height=\"169\" src=\"https:\/\/www.radiopiu.net\/wordpress\/wp-content\/uploads\/2021\/06\/3b2b0fdd-d2db-432b-bc50-e5f7677a6b85-300x169.jpg\" class=\"attachment-medium size-medium\" alt=\"\" srcset=\"https:\/\/www.radiopiu.net\/wordpress\/wp-content\/uploads\/2021\/06\/3b2b0fdd-d2db-432b-bc50-e5f7677a6b85-300x169.jpg 300w, https:\/\/www.radiopiu.net\/wordpress\/wp-content\/uploads\/2021\/06\/3b2b0fdd-d2db-432b-bc50-e5f7677a6b85-1024x577.jpg 1024w, https:\/\/www.radiopiu.net\/wordpress\/wp-content\/uploads\/2021\/06\/3b2b0fdd-d2db-432b-bc50-e5f7677a6b85-768x433.jpg 768w, https:\/\/www.radiopiu.net\/wordpress\/wp-content\/uploads\/2021\/06\/3b2b0fdd-d2db-432b-bc50-e5f7677a6b85-1536x866.jpg 1536w, https:\/\/www.radiopiu.net\/wordpress\/wp-content\/uploads\/2021\/06\/3b2b0fdd-d2db-432b-bc50-e5f7677a6b85.jpg 2048w\" sizes=\"auto, (max-width: 300px) 100vw, 300px\" \/><\/a>\n\t\t\t\t<\/dt><\/dl><dl class='gallery-item'>\n\t\t\t\t<dt class='gallery-icon landscape'>\n\t\t\t\t\t<a class=\"rollover rollover-zoom dt-pswp-item\" title=\"074b22cf-e1f7-419b-958c-05db36601cf8\" data-dt-img-description=\"\" data-large_image_width=\"2048\" data-large_image_height=\"1154\"href='https:\/\/www.radiopiu.net\/wordpress\/wp-content\/uploads\/2021\/06\/074b22cf-e1f7-419b-958c-05db36601cf8.jpg'><img loading=\"lazy\" decoding=\"async\" width=\"300\" height=\"169\" src=\"https:\/\/www.radiopiu.net\/wordpress\/wp-content\/uploads\/2021\/06\/074b22cf-e1f7-419b-958c-05db36601cf8-300x169.jpg\" class=\"attachment-medium size-medium\" alt=\"\" srcset=\"https:\/\/www.radiopiu.net\/wordpress\/wp-content\/uploads\/2021\/06\/074b22cf-e1f7-419b-958c-05db36601cf8-300x169.jpg 300w, https:\/\/www.radiopiu.net\/wordpress\/wp-content\/uploads\/2021\/06\/074b22cf-e1f7-419b-958c-05db36601cf8-1024x577.jpg 1024w, https:\/\/www.radiopiu.net\/wordpress\/wp-content\/uploads\/2021\/06\/074b22cf-e1f7-419b-958c-05db36601cf8-768x433.jpg 768w, https:\/\/www.radiopiu.net\/wordpress\/wp-content\/uploads\/2021\/06\/074b22cf-e1f7-419b-958c-05db36601cf8-1536x866.jpg 1536w, https:\/\/www.radiopiu.net\/wordpress\/wp-content\/uploads\/2021\/06\/074b22cf-e1f7-419b-958c-05db36601cf8.jpg 2048w\" sizes=\"auto, (max-width: 300px) 100vw, 300px\" \/><\/a>\n\t\t\t\t<\/dt><\/dl><br style=\"clear: both\" \/><dl class='gallery-item'>\n\t\t\t\t<dt class='gallery-icon landscape'>\n\t\t\t\t\t<a class=\"rollover rollover-zoom dt-pswp-item\" title=\"c6b73f72-224c-4d81-8cc5-9b1b995dbb1c\" data-dt-img-description=\"\" data-large_image_width=\"2048\" data-large_image_height=\"1154\"href='https:\/\/www.radiopiu.net\/wordpress\/wp-content\/uploads\/2021\/06\/c6b73f72-224c-4d81-8cc5-9b1b995dbb1c.jpg'><img loading=\"lazy\" decoding=\"async\" width=\"300\" height=\"169\" src=\"https:\/\/www.radiopiu.net\/wordpress\/wp-content\/uploads\/2021\/06\/c6b73f72-224c-4d81-8cc5-9b1b995dbb1c-300x169.jpg\" class=\"attachment-medium size-medium\" alt=\"\" srcset=\"https:\/\/www.radiopiu.net\/wordpress\/wp-content\/uploads\/2021\/06\/c6b73f72-224c-4d81-8cc5-9b1b995dbb1c-300x169.jpg 300w, https:\/\/www.radiopiu.net\/wordpress\/wp-content\/uploads\/2021\/06\/c6b73f72-224c-4d81-8cc5-9b1b995dbb1c-1024x577.jpg 1024w, https:\/\/www.radiopiu.net\/wordpress\/wp-content\/uploads\/2021\/06\/c6b73f72-224c-4d81-8cc5-9b1b995dbb1c-768x433.jpg 768w, https:\/\/www.radiopiu.net\/wordpress\/wp-content\/uploads\/2021\/06\/c6b73f72-224c-4d81-8cc5-9b1b995dbb1c-1536x866.jpg 1536w, https:\/\/www.radiopiu.net\/wordpress\/wp-content\/uploads\/2021\/06\/c6b73f72-224c-4d81-8cc5-9b1b995dbb1c.jpg 2048w\" sizes=\"auto, (max-width: 300px) 100vw, 300px\" \/><\/a>\n\t\t\t\t<\/dt><\/dl><dl class='gallery-item'>\n\t\t\t\t<dt class='gallery-icon portrait'>\n\t\t\t\t\t<a class=\"rollover rollover-zoom dt-pswp-item\" title=\"4d610af4-fbfb-4895-b007-ecab32974c0c\" data-dt-img-description=\"\" data-large_image_width=\"1154\" data-large_image_height=\"2048\"href='https:\/\/www.radiopiu.net\/wordpress\/wp-content\/uploads\/2021\/06\/4d610af4-fbfb-4895-b007-ecab32974c0c.jpg'><img loading=\"lazy\" decoding=\"async\" width=\"169\" height=\"300\" src=\"https:\/\/www.radiopiu.net\/wordpress\/wp-content\/uploads\/2021\/06\/4d610af4-fbfb-4895-b007-ecab32974c0c-169x300.jpg\" class=\"attachment-medium size-medium\" alt=\"\" srcset=\"https:\/\/www.radiopiu.net\/wordpress\/wp-content\/uploads\/2021\/06\/4d610af4-fbfb-4895-b007-ecab32974c0c-169x300.jpg 169w, https:\/\/www.radiopiu.net\/wordpress\/wp-content\/uploads\/2021\/06\/4d610af4-fbfb-4895-b007-ecab32974c0c-577x1024.jpg 577w, https:\/\/www.radiopiu.net\/wordpress\/wp-content\/uploads\/2021\/06\/4d610af4-fbfb-4895-b007-ecab32974c0c-768x1363.jpg 768w, https:\/\/www.radiopiu.net\/wordpress\/wp-content\/uploads\/2021\/06\/4d610af4-fbfb-4895-b007-ecab32974c0c-866x1536.jpg 866w, https:\/\/www.radiopiu.net\/wordpress\/wp-content\/uploads\/2021\/06\/4d610af4-fbfb-4895-b007-ecab32974c0c.jpg 1154w\" sizes=\"auto, (max-width: 169px) 100vw, 169px\" \/><\/a>\n\t\t\t\t<\/dt><\/dl><dl class='gallery-item'>\n\t\t\t\t<dt class='gallery-icon landscape'>\n\t\t\t\t\t<a class=\"rollover rollover-zoom dt-pswp-item\" title=\"3218bc75-887a-4949-918e-44bfb44ab979\" data-dt-img-description=\"\" data-large_image_width=\"2048\" data-large_image_height=\"1154\"href='https:\/\/www.radiopiu.net\/wordpress\/wp-content\/uploads\/2021\/06\/3218bc75-887a-4949-918e-44bfb44ab979.jpg'><img loading=\"lazy\" decoding=\"async\" width=\"300\" height=\"169\" src=\"https:\/\/www.radiopiu.net\/wordpress\/wp-content\/uploads\/2021\/06\/3218bc75-887a-4949-918e-44bfb44ab979-300x169.jpg\" class=\"attachment-medium size-medium\" alt=\"\" srcset=\"https:\/\/www.radiopiu.net\/wordpress\/wp-content\/uploads\/2021\/06\/3218bc75-887a-4949-918e-44bfb44ab979-300x169.jpg 300w, https:\/\/www.radiopiu.net\/wordpress\/wp-content\/uploads\/2021\/06\/3218bc75-887a-4949-918e-44bfb44ab979-1024x577.jpg 1024w, https:\/\/www.radiopiu.net\/wordpress\/wp-content\/uploads\/2021\/06\/3218bc75-887a-4949-918e-44bfb44ab979-768x433.jpg 768w, https:\/\/www.radiopiu.net\/wordpress\/wp-content\/uploads\/2021\/06\/3218bc75-887a-4949-918e-44bfb44ab979-1536x866.jpg 1536w, https:\/\/www.radiopiu.net\/wordpress\/wp-content\/uploads\/2021\/06\/3218bc75-887a-4949-918e-44bfb44ab979.jpg 2048w\" sizes=\"auto, (max-width: 300px) 100vw, 300px\" \/><\/a>\n\t\t\t\t<\/dt><\/dl><br style=\"clear: both\" \/>\n\t\t\t<\/div>\n\n<h2>video 1<\/h2>\n<div style=\"width: 1200px;\" class=\"wp-video\"><video class=\"wp-video-shortcode\" id=\"video-216491-1\" width=\"1200\" height=\"675\" preload=\"metadata\" controls=\"controls\"><source type=\"video\/mp4\" src=\"https:\/\/www.radiopiu.net\/wordpress\/wp-content\/uploads\/2021\/06\/VID_20210617_113427-1.mp4?_=1\" \/><a href=\"https:\/\/www.radiopiu.net\/wordpress\/wp-content\/uploads\/2021\/06\/VID_20210617_113427-1.mp4\">https:\/\/www.radiopiu.net\/wordpress\/wp-content\/uploads\/2021\/06\/VID_20210617_113427-1.mp4<\/a><\/video><\/div>\n<p>DAI NOTIZIARI DI IERI, LA STORIA.<\/p>\n<blockquote class=\"wp-embedded-content\" data-secret=\"kCO13B64Om\"><p><a href=\"https:\/\/www.radiopiu.net\/wordpress\/la-nuova-piantumazione-al-laghetto-delle-peschiere\/\">LA NUOVA PIANTUMAZIONE AL LAGHETTO DELLE PESCHIERE<\/a><\/p><\/blockquote>\n<p><iframe loading=\"lazy\" class=\"wp-embedded-content\" sandbox=\"allow-scripts\" security=\"restricted\" style=\"position: absolute; clip: rect(1px, 1px, 1px, 1px);\" title=\"&#8220;LA NUOVA PIANTUMAZIONE AL LAGHETTO DELLE PESCHIERE&#8221; &#8212; Radio Pi\u00f9\" src=\"https:\/\/www.radiopiu.net\/wordpress\/la-nuova-piantumazione-al-laghetto-delle-peschiere\/embed\/#?secret=kCO13B64Om\" data-secret=\"kCO13B64Om\" width=\"600\" height=\"338\" frameborder=\"0\" marginwidth=\"0\" marginheight=\"0\" scrolling=\"no\"><\/iframe><\/p>\n<p>&nbsp;<\/p>\n<p>&nbsp;<\/p>\n<p>&nbsp;<\/p>\n<p>&nbsp;<\/p>\n<hr \/>\n<p>&nbsp;<\/p>\n<blockquote>\n<h3>L&#8217;ASSEMBLEA PROVINCIALE DEI DELEGATI PER LA SICUREZZA DI CGIL, CISL E UIL<\/h3>\n<\/blockquote>\n<p><strong><a href=\"https:\/\/www.radiopiu.net\/wordpress\/giornale-radiopiu-17-giugno-2021-direttore-mirko-mezzacasa\/safety-shoes-2432467__480\/\" rel=\"attachment wp-att-216347\"><img loading=\"lazy\" decoding=\"async\" class=\" wp-image-216347 alignleft\" src=\"https:\/\/www.radiopiu.net\/wordpress\/wp-content\/uploads\/2021\/06\/safety-shoes-2432467__480-300x200.jpg\" alt=\"\" width=\"183\" height=\"122\" srcset=\"https:\/\/www.radiopiu.net\/wordpress\/wp-content\/uploads\/2021\/06\/safety-shoes-2432467__480-300x200.jpg 300w, https:\/\/www.radiopiu.net\/wordpress\/wp-content\/uploads\/2021\/06\/safety-shoes-2432467__480.jpg 720w\" sizes=\"auto, (max-width: 183px) 100vw, 183px\" \/><\/a>BELLUNO<\/strong> Al Centro Giovanni XXIII assemblea dei delegati dei lavoratori per la sicurezza di Cgil, Cisl e Uil di Belluno. All\u2019assemblea provinciale hammp partecipato circa 80 rappresentanti dei lavoratori per la sicurezza. Nei primi 4 mesi del 2021 sono state 26 le vittime del lavoro in Veneto, con un aumento della mortalit\u00e0 del 30% rispetto al primo quadrimestre del 2020 a\u00a0 Belluno 882 vittime del lavoro.<\/p>\n<p>&nbsp;<\/p>\n<p>&nbsp;<\/p>\n<p><strong>DI MORENO GIOLI<\/strong><\/p>\n<audio class=\"wp-audio-shortcode\" id=\"audio-216491-7\" preload=\"none\" style=\"width: 100%;\" controls=\"controls\"><source type=\"audio\/mpeg\" src=\"https:\/\/www.radiopiu.net\/wordpress\/wp-content\/uploads\/2021\/06\/GIOLI-SINDACATI.mp3?_=7\" \/><a href=\"https:\/\/www.radiopiu.net\/wordpress\/wp-content\/uploads\/2021\/06\/GIOLI-SINDACATI.mp3\">https:\/\/www.radiopiu.net\/wordpress\/wp-content\/uploads\/2021\/06\/GIOLI-SINDACATI.mp3<\/a><\/audio>\n<p>&nbsp;<\/p>\n<p><strong>IL PREFETTO MARIANO SAVASTANO\u00a0\u00a0<\/strong><\/p>\n<audio class=\"wp-audio-shortcode\" id=\"audio-216491-8\" preload=\"none\" style=\"width: 100%;\" controls=\"controls\"><source type=\"audio\/mpeg\" src=\"https:\/\/www.radiopiu.net\/wordpress\/wp-content\/uploads\/2021\/06\/IL-PREFETTO.mp3?_=8\" \/><a href=\"https:\/\/www.radiopiu.net\/wordpress\/wp-content\/uploads\/2021\/06\/IL-PREFETTO.mp3\">https:\/\/www.radiopiu.net\/wordpress\/wp-content\/uploads\/2021\/06\/IL-PREFETTO.mp3<\/a><\/audio>\n<p>&nbsp;<\/p>\n<p><strong>FERRARO-UIL<\/strong><\/p>\n<audio class=\"wp-audio-shortcode\" id=\"audio-216491-9\" preload=\"none\" style=\"width: 100%;\" controls=\"controls\"><source type=\"audio\/mpeg\" src=\"https:\/\/www.radiopiu.net\/wordpress\/wp-content\/uploads\/2021\/06\/FERRARRO-UIOL.mp3?_=9\" \/><a href=\"https:\/\/www.radiopiu.net\/wordpress\/wp-content\/uploads\/2021\/06\/FERRARRO-UIOL.mp3\">https:\/\/www.radiopiu.net\/wordpress\/wp-content\/uploads\/2021\/06\/FERRARRO-UIOL.mp3<\/a><\/audio>\n<p>&nbsp;<\/p>\n<p><strong>PAGNINI-CISL<\/strong><\/p>\n<audio class=\"wp-audio-shortcode\" id=\"audio-216491-10\" preload=\"none\" style=\"width: 100%;\" controls=\"controls\"><source type=\"audio\/mpeg\" src=\"https:\/\/www.radiopiu.net\/wordpress\/wp-content\/uploads\/2021\/06\/PAGNINI-CISL.mp3?_=10\" \/><a href=\"https:\/\/www.radiopiu.net\/wordpress\/wp-content\/uploads\/2021\/06\/PAGNINI-CISL.mp3\">https:\/\/www.radiopiu.net\/wordpress\/wp-content\/uploads\/2021\/06\/PAGNINI-CISL.mp3<\/a><\/audio>\n<p>&nbsp;<\/p>\n<p><strong>DE CARLI CGIL\u00a0<\/strong><\/p>\n<audio class=\"wp-audio-shortcode\" id=\"audio-216491-11\" preload=\"none\" style=\"width: 100%;\" controls=\"controls\"><source type=\"audio\/mpeg\" src=\"https:\/\/www.radiopiu.net\/wordpress\/wp-content\/uploads\/2021\/06\/DE-CARLI-CGIL.mp3?_=11\" \/><a href=\"https:\/\/www.radiopiu.net\/wordpress\/wp-content\/uploads\/2021\/06\/DE-CARLI-CGIL.mp3\">https:\/\/www.radiopiu.net\/wordpress\/wp-content\/uploads\/2021\/06\/DE-CARLI-CGIL.mp3<\/a><\/audio>\n<p>&nbsp;<\/p>\n<hr \/>\n<p>&nbsp;<\/p>\n<blockquote>\n<h3>ACC, PRESIDENTE ZAIA SU INCONTRO CON MINISTRO GIORGETTI<\/h3>\n<\/blockquote>\n<p><strong><a href=\"https:\/\/www.radiopiu.net\/wordpress\/acc-presidente-zaia-su-incontro-con-ministro-giorgetti\/21151cd5-190a-4621-81ad-6ca849d8c13c\/\" rel=\"attachment wp-att-216609\"><img loading=\"lazy\" decoding=\"async\" class=\" wp-image-216609 alignleft\" src=\"https:\/\/www.radiopiu.net\/wordpress\/wp-content\/uploads\/2021\/06\/21151cd5-190a-4621-81ad-6ca849d8c13c-300x225.jpg\" alt=\"\" width=\"280\" height=\"210\" srcset=\"https:\/\/www.radiopiu.net\/wordpress\/wp-content\/uploads\/2021\/06\/21151cd5-190a-4621-81ad-6ca849d8c13c-300x225.jpg 300w, https:\/\/www.radiopiu.net\/wordpress\/wp-content\/uploads\/2021\/06\/21151cd5-190a-4621-81ad-6ca849d8c13c-1024x768.jpg 1024w, https:\/\/www.radiopiu.net\/wordpress\/wp-content\/uploads\/2021\/06\/21151cd5-190a-4621-81ad-6ca849d8c13c-768x576.jpg 768w, https:\/\/www.radiopiu.net\/wordpress\/wp-content\/uploads\/2021\/06\/21151cd5-190a-4621-81ad-6ca849d8c13c-1536x1152.jpg 1536w, https:\/\/www.radiopiu.net\/wordpress\/wp-content\/uploads\/2021\/06\/21151cd5-190a-4621-81ad-6ca849d8c13c.jpg 1600w\" sizes=\"auto, (max-width: 280px) 100vw, 280px\" \/><\/a>ROMA<\/strong> \u201c<em>Se tutto andr\u00e0 per il verso giusto, penso che a breve ci saranno novit\u00e0<\/em>\u201d. Con queste parole il Presidente della Regione Veneto Luca Zaia ha commentato l\u2019esito dell\u2019incontro odierno, svoltosi a Roma, con il Ministro allo Sviluppo Economico Giancarlo Giorgetti relativo alla situazione di Acc, l\u2019azienda bellunese di compressori per frigoriferi. \u201c<em>Con il Ministro, che sta seguendo da vicino la questione, abbiamo parlato approfonditamente \u2013 precisa Zaia \u2013 La novit\u00e0 \u00e8 rappresentata dal fatto che la partita dell\u2019articolo 37 (del \u2018decreto Sostegni\u2019 ndr), \u00e8 di fatto confermata e chiusa. Ormai ci sono le ultime firme e va alla Corte dei Conti\u201d. \u201cE\u2019 ancora in fase di attesa un eventuale progetto di valorizzazione industriale di questa realt\u00e0 \u2013 prosegue Zaia \u2013 ma in ogni caso credo che in tempi brevi, se tutto proceder\u00e0 come previsto, ci saranno aggiornamenti, ma \u00e8 giusto che di questo parli il Ministro<\/em>\u201d.<\/p>\n<p>Alla notizia interviene il delegato della FIOM CGIL di Belluno Stefano Bona. &#8220;<em>Apprezziamo l&#8217;energia con cui ha preso le difese di un patrimonio del territorio che pu\u00f2 ancora contribuire in modo significativo allo sviluppo economico di alcune filiere chiave come quelle dell&#8217;elettrodomestico &#8211; dice Bona &#8211; siamo certi che grazie al suo presidio su Roma si sblocheranno i finanziamenti, abbiamo fiducia che egli impedir\u00e0 che la gara di vendita in corso si concluda con la svendita a cinesi o bengalesi, lo invitiamo ad aprire al pi\u00f9 presto un tavolo concertativo per fissare, valorizzando la vera autonomia, i fondamenti di una politica industriale propulsiva a livello regionale<\/em>&#8221;<\/p>\n<p><a href=\"https:\/\/www.radiopiu.net\/wordpress\/giornale-radiopiu-23-aprile-2020-direttore-mirko-mezzacasa\/federico-dinca-3\/\" rel=\"attachment wp-att-132319\"><img loading=\"lazy\" decoding=\"async\" class=\" wp-image-132319 alignright\" src=\"https:\/\/www.radiopiu.net\/wordpress\/wp-content\/uploads\/2020\/04\/FEDERICO-DINCA-237x300.png\" alt=\"\" width=\"183\" height=\"232\" srcset=\"https:\/\/www.radiopiu.net\/wordpress\/wp-content\/uploads\/2020\/04\/FEDERICO-DINCA-237x300.png 237w, https:\/\/www.radiopiu.net\/wordpress\/wp-content\/uploads\/2020\/04\/FEDERICO-DINCA-808x1024.png 808w, https:\/\/www.radiopiu.net\/wordpress\/wp-content\/uploads\/2020\/04\/FEDERICO-DINCA-768x973.png 768w, https:\/\/www.radiopiu.net\/wordpress\/wp-content\/uploads\/2020\/04\/FEDERICO-DINCA.png 1018w\" sizes=\"auto, (max-width: 183px) 100vw, 183px\" \/><\/a>\u201c<em>Il decreto per dare attuazione all\u2019articolo 37 del decreto Sostegni \u00e8 stato firmato dal Mise: ora manca il passaggio finale al Mef e poi la valutazione della Corte dei Conti e della Commissione Europea per il temporary framework. Di conseguenza, lo stabilimento ACC di Mel potr\u00e0 accedere alle linee di credito bancarie necessarie per proseguire la propria attivit\u00e0 attraverso le garanzie di SACE. <\/em><em>Sono convinto che il Ministero dell\u2019Economia e Finanze, attraverso il Ministro Daniele Franco che ha seguito con attenzione la stesura del decreto Sostegni, sapr\u00e0 terminare in pochi giorni l\u2019iter attuativo dell\u2019articolo 37 che, ad oggi, presenta una copertura di 400 milioni di euro. Si tratta di importanti risorse in grado di rilanciare le tante aziende del nostro Paese ad oggi in amministrazione straordinaria, come nel caso dello stabilimento Acc di Mel. Mi auguro che, grazie le nuove linee di credito coperte dalle garanzie SACE, questo lungo percorso di salvezza possa finalmente concludersi nei migliori dei modi per i dipendenti e per l\u2019intero territorio che ha sempre creduto in questa realt\u00e0<\/em>\u201d. Lo dichiara in una nota Federico D\u2019Inc\u00e0, Ministro per i Rapporti con il Parlamento.<\/p>\n<p>&nbsp;<\/p>\n<p>&nbsp;<\/p>\n<p>&nbsp;<\/p>\n<p>&nbsp;<\/p>\n<hr \/>\n<p>&nbsp;<\/p>\n<p>&nbsp;<\/p>\n<blockquote>\n<h3>STASERA IL CONSIGLIO COMUNALE A LIVINALLONGO<\/h3>\n<\/blockquote>\n<p><strong>LIVINALLONGO\u00a0<\/strong>Il sindaco di Livinallongo Leandro Grones ha convocato il consiglio comunale per stasera alle 20. Sono 8 i punti da discutere tra cui il riconoscimento dei debiti fuori bilancio, la terza variazione al bilancio 2021-2023, l&#8217;acquisizione di un&#8217;unit\u00e0 immobiliare e due risposte all&#8217;interrogazioni della minoranza riguardanti il rilevatore di velocit\u00e0 in localit\u00e0 Brenta e le pendenze giudiziarie del comune.<\/p>\n<blockquote>\n<h3>AUTOVELOX DI BRENTA, TEMPO DI RICORSI E LA MINORANZA CHIEDE LUMI AL SINDACO<\/h3>\n<\/blockquote>\n<p><a href=\"https:\/\/www.radiopiu.net\/wordpress\/stasera-consiglio-comunale-a-livinallongo-grones-invitato-a-rispondere-alla-critiche-dellopposizione\/dav-255\/\" rel=\"attachment wp-att-216720\"><img loading=\"lazy\" decoding=\"async\" class=\"wp-image-216720 alignleft\" src=\"https:\/\/www.radiopiu.net\/wordpress\/wp-content\/uploads\/2021\/06\/consiglio-comunale-18-giugno-2021-225x300.jpg\" alt=\"\" width=\"124\" height=\"165\" srcset=\"https:\/\/www.radiopiu.net\/wordpress\/wp-content\/uploads\/2021\/06\/consiglio-comunale-18-giugno-2021-225x300.jpg 225w, https:\/\/www.radiopiu.net\/wordpress\/wp-content\/uploads\/2021\/06\/consiglio-comunale-18-giugno-2021-768x1024.jpg 768w, https:\/\/www.radiopiu.net\/wordpress\/wp-content\/uploads\/2021\/06\/consiglio-comunale-18-giugno-2021-1152x1536.jpg 1152w, https:\/\/www.radiopiu.net\/wordpress\/wp-content\/uploads\/2021\/06\/consiglio-comunale-18-giugno-2021-1536x2048.jpg 1536w, https:\/\/www.radiopiu.net\/wordpress\/wp-content\/uploads\/2021\/06\/consiglio-comunale-18-giugno-2021.jpg 1728w\" sizes=\"auto, (max-width: 124px) 100vw, 124px\" \/><\/a><\/p>\n<p><strong>LIVINALLONGO<\/strong>\u00a0 Nel consiglio comunale di questa sera il sindaco Leandro Grones \u00e8 chiamato a rispondere alle interrogazioni del gruppo di minoranza. Due in particolare, sull&#8217;autovelox di Brenta e sulle pendenze giudiziarie.\u00a0 Le domande portano la firma di Daniela Templari, Silvia De Dorigo Del Monego e Claudio Sorarui.<\/p>\n<p><strong>L&#8217;AUTOVELOX:<\/strong>\u00a0 I<span style=\"font-size: medium; font-family: 'Times New Roman', serif;\">l Giudice di Pace di Belluno avrebbe annullato una sanzione condannando il comune al pagamento delle spese processuali. &#8220;Ci risulta &#8211; dicono i consiglieri &#8211; che molti automobilisti, cui era stata comminata una multa per la trasgressione del limite di velocit\u00e0 nella stessa localit\u00e0, abbiano avanzato opposizione contro altrettante sanzioni. Di qui l&#8217;interrogazione: &#8221; Per quale motivo <\/span><span style=\"font-family: Times New Roman, serif;\"><span style=\"font-size: medium;\">\u00a0la multa \u00e8 stata annullata? Come mai il rilevatore non rispetta le normative di legge vigenti? L<\/span><\/span><span style=\"font-family: Times New Roman, serif;\"><span style=\"font-size: medium;\">\u2019amministrazione come intende comportarsi nei confronti di residenti e non che ingiustamente sono stati sanzionati e con diligenza hanno pagato la cifra richiesta? <\/span><\/span><span style=\"font-family: Times New Roman, serif;\"><span style=\"font-size: medium;\">Fatto ancora pi\u00f9 grave alcuni di essi si sono anche visti togliere punti dalla patente che, come tutti sappiamo, sono preziosi.<\/span><\/span><\/p>\n<p><strong>PENDENZE GIUDIZIARIE<\/strong> <span style=\"font-family: Times New Roman, serif;\"><span style=\"font-size: medium;\">Vista la consistente cifra messa a bilancio al fine di poter sostenere le spese per denunce e pendenze giudiziarie, la minoranza chiede di essere messa a conoscenza delle pendenze in corso con esplicitazione delle cause e delle controparti, e delle pratiche gi\u00e0 chiuse dall\u2019inizio del mandato amministrativo.<\/span><\/span><\/p>\n<p>&nbsp;<\/p>\n<hr \/>\n<blockquote>\n<h3><\/h3>\n<h3>OGGI APRE IL PONTE DEL FELICE E SUL TRENO &#8220;PIENO APPOGGIO AL PROGETTO AGORDINO&#8221; DICE ZUANEL<\/h3>\n<\/blockquote>\n<p><strong><a class=\"dt-pswp-item\" href=\"https:\/\/www.radiopiu.net\/wordpress\/wp-content\/uploads\/2020\/01\/ZUANEL-2.jpg\" data-dt-img-description=\"\" data-large_image_width=\"1599\" data-large_image_height=\"899\"><img loading=\"lazy\" decoding=\"async\" class=\" wp-image-115315 alignleft\" src=\"https:\/\/www.radiopiu.net\/wordpress\/wp-content\/uploads\/2020\/01\/ZUANEL-2-300x169.jpg\" alt=\"\" width=\"193\" height=\"109\" srcset=\"https:\/\/www.radiopiu.net\/wordpress\/wp-content\/uploads\/2020\/01\/ZUANEL-2-300x169.jpg 300w, https:\/\/www.radiopiu.net\/wordpress\/wp-content\/uploads\/2020\/01\/ZUANEL-2-1024x576.jpg 1024w, https:\/\/www.radiopiu.net\/wordpress\/wp-content\/uploads\/2020\/01\/ZUANEL-2-768x432.jpg 768w, https:\/\/www.radiopiu.net\/wordpress\/wp-content\/uploads\/2020\/01\/ZUANEL-2-1536x864.jpg 1536w, https:\/\/www.radiopiu.net\/wordpress\/wp-content\/uploads\/2020\/01\/ZUANEL-2.jpg 1599w\" sizes=\"auto, (max-width: 193px) 100vw, 193px\" \/><\/a>LA VALLE<\/strong> Ci siamo, apre il ponte del Felice a Crostolin di Agordo, confine con il territorio dell&#8217;amminitrazione\u00a0 lavallese che ha fatto risanare il ponte\u00a0 con l&#8217;intervento della Provincia. Il sindaco Ezio Zunale a Radio Pi\u00f9 anticipa che al 99% il prossimo sar\u00e0 l&#8217;anno del nuovo ponte da 1 milione 200 mila euro. Ieri anche il primo cittadino a Villa Patt per incontrare l&#8217;assessore Elisa De Berti sul tema Il Treno\u00a0 Dolomiti per l&#8217;Agordino-Val Cordevole\u00a0 \u00a0o per il Cadore?<\/p>\n<p><strong>L&#8217;INTERVISTA di Mirko Mezzacasa<\/strong><\/p>\n<audio class=\"wp-audio-shortcode\" id=\"audio-216491-12\" preload=\"none\" style=\"width: 100%;\" controls=\"controls\"><source type=\"audio\/mpeg\" src=\"https:\/\/www.radiopiu.net\/wordpress\/wp-content\/uploads\/2021\/06\/ZUANEL.mp3?_=12\" \/><a href=\"https:\/\/www.radiopiu.net\/wordpress\/wp-content\/uploads\/2021\/06\/ZUANEL.mp3\">https:\/\/www.radiopiu.net\/wordpress\/wp-content\/uploads\/2021\/06\/ZUANEL.mp3<\/a><\/audio>\n<p>&nbsp;<\/p>\n\n\t\t\t<style type='text\/css'>\n\t\t\t\t#gallery-3 {\n\t\t\t\t\tmargin: auto;\n\t\t\t\t}\n\t\t\t\t#gallery-3 .gallery-item {\n\t\t\t\t\tfloat: left;\n\t\t\t\t\tmargin-top: 10px;\n\t\t\t\t\ttext-align: center;\n\t\t\t\t\twidth: 50%;\n\t\t\t\t}\n\t\t\t\t#gallery-3 img {\n\t\t\t\t\tborder: 2px solid #cfcfcf;\n\t\t\t\t}\n\t\t\t\t#gallery-3 .gallery-caption {\n\t\t\t\t\tmargin-left: 0;\n\t\t\t\t}\n\t\t\t\t\/* see gallery_shortcode() in wp-includes\/media.php *\/\n\t\t\t<\/style>\n\t\t<div id='gallery-3' class='dt-gallery-container gallery galleryid-216491 gallery-columns-2 gallery-size-medium'><dl class='gallery-item'>\n\t\t\t\t<dt class='gallery-icon landscape'>\n\t\t\t\t\t<a class=\"rollover rollover-zoom dt-pswp-item\" title=\"79596fa5-66cb-44a0-9a2a-1fa97c96b967\" data-dt-img-description=\"\" data-large_image_width=\"1600\" data-large_image_height=\"901\"href='https:\/\/www.radiopiu.net\/wordpress\/wp-content\/uploads\/2021\/06\/79596fa5-66cb-44a0-9a2a-1fa97c96b967.jpg'><img loading=\"lazy\" decoding=\"async\" width=\"300\" height=\"169\" src=\"https:\/\/www.radiopiu.net\/wordpress\/wp-content\/uploads\/2021\/06\/79596fa5-66cb-44a0-9a2a-1fa97c96b967-300x169.jpg\" class=\"attachment-medium size-medium\" alt=\"\" srcset=\"https:\/\/www.radiopiu.net\/wordpress\/wp-content\/uploads\/2021\/06\/79596fa5-66cb-44a0-9a2a-1fa97c96b967-300x169.jpg 300w, https:\/\/www.radiopiu.net\/wordpress\/wp-content\/uploads\/2021\/06\/79596fa5-66cb-44a0-9a2a-1fa97c96b967-1024x577.jpg 1024w, https:\/\/www.radiopiu.net\/wordpress\/wp-content\/uploads\/2021\/06\/79596fa5-66cb-44a0-9a2a-1fa97c96b967-768x432.jpg 768w, https:\/\/www.radiopiu.net\/wordpress\/wp-content\/uploads\/2021\/06\/79596fa5-66cb-44a0-9a2a-1fa97c96b967-1536x865.jpg 1536w, https:\/\/www.radiopiu.net\/wordpress\/wp-content\/uploads\/2021\/06\/79596fa5-66cb-44a0-9a2a-1fa97c96b967.jpg 1600w\" sizes=\"auto, (max-width: 300px) 100vw, 300px\" \/><\/a>\n\t\t\t\t<\/dt><\/dl><dl class='gallery-item'>\n\t\t\t\t<dt class='gallery-icon landscape'>\n\t\t\t\t\t<a class=\"rollover rollover-zoom dt-pswp-item\" title=\"7a483ffb-5038-4dfe-be14-46f703844a41\" data-dt-img-description=\"\" data-large_image_width=\"1600\" data-large_image_height=\"901\"href='https:\/\/www.radiopiu.net\/wordpress\/wp-content\/uploads\/2021\/06\/7a483ffb-5038-4dfe-be14-46f703844a41.jpg'><img loading=\"lazy\" decoding=\"async\" width=\"300\" height=\"169\" src=\"https:\/\/www.radiopiu.net\/wordpress\/wp-content\/uploads\/2021\/06\/7a483ffb-5038-4dfe-be14-46f703844a41-300x169.jpg\" class=\"attachment-medium size-medium\" alt=\"\" srcset=\"https:\/\/www.radiopiu.net\/wordpress\/wp-content\/uploads\/2021\/06\/7a483ffb-5038-4dfe-be14-46f703844a41-300x169.jpg 300w, https:\/\/www.radiopiu.net\/wordpress\/wp-content\/uploads\/2021\/06\/7a483ffb-5038-4dfe-be14-46f703844a41-1024x577.jpg 1024w, https:\/\/www.radiopiu.net\/wordpress\/wp-content\/uploads\/2021\/06\/7a483ffb-5038-4dfe-be14-46f703844a41-768x432.jpg 768w, https:\/\/www.radiopiu.net\/wordpress\/wp-content\/uploads\/2021\/06\/7a483ffb-5038-4dfe-be14-46f703844a41-1536x865.jpg 1536w, https:\/\/www.radiopiu.net\/wordpress\/wp-content\/uploads\/2021\/06\/7a483ffb-5038-4dfe-be14-46f703844a41.jpg 1600w\" sizes=\"auto, (max-width: 300px) 100vw, 300px\" \/><\/a>\n\t\t\t\t<\/dt><\/dl><br style=\"clear: both\" \/>\n\t\t\t<\/div>\n\n<p>&nbsp;<\/p>\n<p><strong>\u00a0DI GIANNI SANTOMASO<\/strong><\/p>\n<audio class=\"wp-audio-shortcode\" id=\"audio-216491-13\" preload=\"none\" style=\"width: 100%;\" controls=\"controls\"><source type=\"audio\/mpeg\" src=\"https:\/\/www.radiopiu.net\/wordpress\/wp-content\/uploads\/2021\/06\/GIANNI-PONTE-FELICE-LA-VALLE.mp3?_=13\" \/><a href=\"https:\/\/www.radiopiu.net\/wordpress\/wp-content\/uploads\/2021\/06\/GIANNI-PONTE-FELICE-LA-VALLE.mp3\">https:\/\/www.radiopiu.net\/wordpress\/wp-content\/uploads\/2021\/06\/GIANNI-PONTE-FELICE-LA-VALLE.mp3<\/a><\/audio>\n<p>&nbsp;<\/p>\n<p>&nbsp;<\/p>\n<hr \/>\n<p>&nbsp;<\/p>\n<blockquote class=\"wp-embedded-content\" data-secret=\"vWhEw6gTVN\"><p><a href=\"https:\/\/www.radiopiu.net\/wordpress\/aggiornamentogiu17\/\">CORONAVIRUS: AGGIORNAMENTO NAZIONALE 17 GIUGNO  2021<\/a><\/p><\/blockquote>\n<p><iframe loading=\"lazy\" class=\"wp-embedded-content\" sandbox=\"allow-scripts\" security=\"restricted\" style=\"position: absolute; clip: rect(1px, 1px, 1px, 1px);\" title=\"&#8220;CORONAVIRUS: AGGIORNAMENTO NAZIONALE 17 GIUGNO  2021&#8221; &#8212; Radio Pi\u00f9\" src=\"https:\/\/www.radiopiu.net\/wordpress\/aggiornamentogiu17\/embed\/#?secret=vWhEw6gTVN\" data-secret=\"vWhEw6gTVN\" width=\"600\" height=\"338\" frameborder=\"0\" marginwidth=\"0\" marginheight=\"0\" scrolling=\"no\"><\/iframe><\/p>\n<p>&nbsp;<\/p>\n<blockquote class=\"wp-embedded-content\" data-secret=\"zVcI87boIi\"><p><a href=\"https:\/\/www.radiopiu.net\/wordpress\/in-24-ore-58-nuovi-positivi-in-veneto-calano-i-ricoveri-nessun-decesso\/\">IN 24 ORE 58 NUOVI POSITIVI IN VENETO, CALANO I RICOVERI. NESSUN DECESSO<\/a><\/p><\/blockquote>\n<p><iframe loading=\"lazy\" class=\"wp-embedded-content\" sandbox=\"allow-scripts\" security=\"restricted\" style=\"position: absolute; clip: rect(1px, 1px, 1px, 1px);\" title=\"&#8220;IN 24 ORE 58 NUOVI POSITIVI IN VENETO, CALANO I RICOVERI. NESSUN DECESSO&#8221; &#8212; Radio Pi\u00f9\" src=\"https:\/\/www.radiopiu.net\/wordpress\/in-24-ore-58-nuovi-positivi-in-veneto-calano-i-ricoveri-nessun-decesso\/embed\/#?secret=zVcI87boIi\" data-secret=\"zVcI87boIi\" width=\"600\" height=\"338\" frameborder=\"0\" marginwidth=\"0\" marginheight=\"0\" scrolling=\"no\"><\/iframe><\/p>\n<p>&nbsp;<\/p>\n<h3>I GRAFICI DI TIZIANO DE COL<\/h3>\n\n\t\t\t<style type='text\/css'>\n\t\t\t\t#gallery-4 {\n\t\t\t\t\tmargin: auto;\n\t\t\t\t}\n\t\t\t\t#gallery-4 .gallery-item {\n\t\t\t\t\tfloat: left;\n\t\t\t\t\tmargin-top: 10px;\n\t\t\t\t\ttext-align: center;\n\t\t\t\t\twidth: 20%;\n\t\t\t\t}\n\t\t\t\t#gallery-4 img {\n\t\t\t\t\tborder: 2px solid #cfcfcf;\n\t\t\t\t}\n\t\t\t\t#gallery-4 .gallery-caption {\n\t\t\t\t\tmargin-left: 0;\n\t\t\t\t}\n\t\t\t\t\/* see gallery_shortcode() in wp-includes\/media.php *\/\n\t\t\t<\/style>\n\t\t<div id='gallery-4' class='dt-gallery-container gallery galleryid-216491 gallery-columns-5 gallery-size-thumbnail'><dl class='gallery-item'>\n\t\t\t\t<dt class='gallery-icon landscape'>\n\t\t\t\t\t<a class=\"rollover rollover-zoom dt-pswp-item\" title=\"e07aaada-d024-4c7a-afbc-dba2fc8bf5f1\" data-dt-img-description=\"\" data-large_image_width=\"599\" data-large_image_height=\"357\"href='https:\/\/www.radiopiu.net\/wordpress\/wp-content\/uploads\/2021\/06\/e07aaada-d024-4c7a-afbc-dba2fc8bf5f1.jpg'><img loading=\"lazy\" decoding=\"async\" width=\"150\" height=\"150\" src=\"https:\/\/www.radiopiu.net\/wordpress\/wp-content\/uploads\/2021\/06\/e07aaada-d024-4c7a-afbc-dba2fc8bf5f1-150x150.jpg\" class=\"attachment-thumbnail size-thumbnail\" alt=\"\" \/><\/a>\n\t\t\t\t<\/dt><\/dl><dl class='gallery-item'>\n\t\t\t\t<dt class='gallery-icon landscape'>\n\t\t\t\t\t<a class=\"rollover rollover-zoom dt-pswp-item\" title=\"fa07f638-a10f-4f60-969e-70cb8fc82fe9\" data-dt-img-description=\"\" data-large_image_width=\"598\" data-large_image_height=\"354\"href='https:\/\/www.radiopiu.net\/wordpress\/wp-content\/uploads\/2021\/06\/fa07f638-a10f-4f60-969e-70cb8fc82fe9.jpg'><img loading=\"lazy\" decoding=\"async\" width=\"150\" height=\"150\" src=\"https:\/\/www.radiopiu.net\/wordpress\/wp-content\/uploads\/2021\/06\/fa07f638-a10f-4f60-969e-70cb8fc82fe9-150x150.jpg\" class=\"attachment-thumbnail size-thumbnail\" alt=\"\" \/><\/a>\n\t\t\t\t<\/dt><\/dl><dl class='gallery-item'>\n\t\t\t\t<dt class='gallery-icon landscape'>\n\t\t\t\t\t<a class=\"rollover rollover-zoom dt-pswp-item\" title=\"a369f588-75da-4ce8-b0c8-8ab7540f55e4\" data-dt-img-description=\"\" data-large_image_width=\"600\" data-large_image_height=\"355\"href='https:\/\/www.radiopiu.net\/wordpress\/wp-content\/uploads\/2021\/06\/a369f588-75da-4ce8-b0c8-8ab7540f55e4.jpg'><img loading=\"lazy\" decoding=\"async\" width=\"150\" height=\"150\" src=\"https:\/\/www.radiopiu.net\/wordpress\/wp-content\/uploads\/2021\/06\/a369f588-75da-4ce8-b0c8-8ab7540f55e4-150x150.jpg\" class=\"attachment-thumbnail size-thumbnail\" alt=\"\" \/><\/a>\n\t\t\t\t<\/dt><\/dl><dl class='gallery-item'>\n\t\t\t\t<dt class='gallery-icon landscape'>\n\t\t\t\t\t<a class=\"rollover rollover-zoom dt-pswp-item\" title=\"b5554998-fdd0-420f-b423-7ca15e1282d7\" data-dt-img-description=\"\" data-large_image_width=\"606\" data-large_image_height=\"349\"href='https:\/\/www.radiopiu.net\/wordpress\/wp-content\/uploads\/2021\/06\/b5554998-fdd0-420f-b423-7ca15e1282d7.jpg'><img loading=\"lazy\" decoding=\"async\" width=\"150\" height=\"150\" src=\"https:\/\/www.radiopiu.net\/wordpress\/wp-content\/uploads\/2021\/06\/b5554998-fdd0-420f-b423-7ca15e1282d7-150x150.jpg\" class=\"attachment-thumbnail size-thumbnail\" alt=\"\" \/><\/a>\n\t\t\t\t<\/dt><\/dl><dl class='gallery-item'>\n\t\t\t\t<dt class='gallery-icon landscape'>\n\t\t\t\t\t<a class=\"rollover rollover-zoom dt-pswp-item\" title=\"26a50061-d584-4612-885d-af2d15d03572\" data-dt-img-description=\"\" data-large_image_width=\"606\" data-large_image_height=\"352\"href='https:\/\/www.radiopiu.net\/wordpress\/wp-content\/uploads\/2021\/06\/26a50061-d584-4612-885d-af2d15d03572.jpg'><img loading=\"lazy\" decoding=\"async\" width=\"150\" height=\"150\" src=\"https:\/\/www.radiopiu.net\/wordpress\/wp-content\/uploads\/2021\/06\/26a50061-d584-4612-885d-af2d15d03572-150x150.jpg\" class=\"attachment-thumbnail size-thumbnail\" alt=\"\" \/><\/a>\n\t\t\t\t<\/dt><\/dl><br style=\"clear: both\" \/>\n\t\t\t<\/div>\n\n<p>&nbsp;<\/p>\n<hr \/>\n<p>&nbsp;<\/p>\n<blockquote>\n<h3>COVID. SITUAZIONE IN VENETO MIGLIORA. RT A 0,67, INCIDENZA 11,5 SU 100.000<\/h3>\n<\/blockquote>\n<p><strong><a href=\"https:\/\/www.radiopiu.net\/wordpress\/covid-19-riacutizzazioni-studio-impact\/covid-ss\/\" rel=\"attachment wp-att-145704\"><img loading=\"lazy\" decoding=\"async\" class=\" wp-image-145704 alignleft\" src=\"https:\/\/www.radiopiu.net\/wordpress\/wp-content\/uploads\/2020\/06\/covid-ss-300x183.jpg\" alt=\"\" width=\"131\" height=\"80\" srcset=\"https:\/\/www.radiopiu.net\/wordpress\/wp-content\/uploads\/2020\/06\/covid-ss-300x183.jpg 300w, https:\/\/www.radiopiu.net\/wordpress\/wp-content\/uploads\/2020\/06\/covid-ss.jpg 626w\" sizes=\"auto, (max-width: 131px) 100vw, 131px\" \/><\/a>VENEZIA<\/strong> E\u2019 ancora in miglioramento la situazione legata al Covid-19 in Veneto. L\u2019indice Rt del Veneto si attesta a 0,67. I tassi di ospedalizzazione in terapia intensiva e in area medica sono al 2%, l\u2019incidenza \u00e8 pari a 11,5 su 100.000 abitanti. Bene anche l\u2019andamento dei vaccini. Nelle ultime 24 ore ne sono stati erogati 46.619, che porta il totale dall\u2019inizio della campagna vaccinale a 3.523.560 dosi. Di queste, 2.386.471 sono prime dosi; 1.137.089 sono cicli completati.<\/p>\n<p>\u200b<\/p>\n<p>&nbsp;<\/p>\n<hr \/>\n<p>&nbsp;<\/p>\n<blockquote>\n<h3>TAMPONI PER ACCESSO ANCHE ALLE STRUTTURE OSPEDALIERE OLTRE CHE RESIDENZIALI DEL TERRITORIO<\/h3>\n<\/blockquote>\n<p><strong><a href=\"https:\/\/www.radiopiu.net\/wordpress\/covid-19-aumentata-la-capacita-giornaliera-di-analizzare-tamponi\/tamponi-covid\/\" rel=\"attachment wp-att-123875\"><img loading=\"lazy\" decoding=\"async\" class=\"size-medium wp-image-123875 alignleft\" src=\"https:\/\/www.radiopiu.net\/wordpress\/wp-content\/uploads\/2020\/03\/TAMPONI-COVID-300x200.jpg\" alt=\"\" width=\"300\" height=\"200\" srcset=\"https:\/\/www.radiopiu.net\/wordpress\/wp-content\/uploads\/2020\/03\/TAMPONI-COVID-300x200.jpg 300w, https:\/\/www.radiopiu.net\/wordpress\/wp-content\/uploads\/2020\/03\/TAMPONI-COVID-1024x684.jpg 1024w, https:\/\/www.radiopiu.net\/wordpress\/wp-content\/uploads\/2020\/03\/TAMPONI-COVID-768x513.jpg 768w, https:\/\/www.radiopiu.net\/wordpress\/wp-content\/uploads\/2020\/03\/TAMPONI-COVID.jpg 1102w\" sizes=\"auto, (max-width: 300px) 100vw, 300px\" \/><\/a>BELLUNO <\/strong>In aggiunta a quanto gi\u00e0 previsto per le strutture residenziali del territorio \u00e8 possibile eseguire un tampone per accedere alle strutture ospedaliere in qualit\u00e0 di familiari o visitatori dei degenti delle strutture stesse. Gli interessati dovranno compilare e presentare al Covid-Point tamponi il modulo di autocertificazione disponibile sul sito <a href=\"http:\/\/www.aulss1.veneto.it\/\">www.aulss1.veneto.it<\/a> . Il modulo compilato verr\u00e0 ritirato dagli operatori del Covid-Point per eventuali successivi verifiche sull\u2019autocertificazione. I tamponi per questa finalit\u00e0 vengono eseguiti gratuitamente nei seguenti covid poitn e orari: <strong>Drive-in Paludi <\/strong>dal luned\u00ec al sabato (festivi esclusi), dalle 8.30 alle 12.30; <strong>Drive-in Feltre \u2013 loc. Anz\u00f9 <\/strong>dal luned\u00ec al sabato (festivi esclusi), dalle 8.30 alle 12.30; <strong>Drive-in Tai di Cadore <\/strong>marted\u00ec, gioved\u00ec e sabato (festivi esclusi), dalle 15.00 alle 17.00; <strong>Drive-in Agordo <\/strong>luned\u00ec, mercoled\u00ec e venerd\u00ec (festivi esclusi), dalle 16.00 alle 17.00; <strong>Drive in Belluno (area ospedale San Martino \u2013 vicino ad asilo aziendale) <\/strong>domenica e festivi, dalle 8.30 alle 10.30.<\/p>\n<p>&nbsp;<\/p>\n<p>&nbsp;<\/p>\n<hr \/>\n<p>&nbsp;<\/p>\n<blockquote>\n<h3>ULSS 1 DOLOMITI: SITUAZIONE DEL DIPARTIMENTO DI SALUTE MENTALE<\/h3>\n<\/blockquote>\n<p><strong>BELLUNO <\/strong>Al momento l\u2019attivit\u00e0 delle Unit\u00e0 Operative di Psichiatria sia di Belluno che di Feltre prosegue regolarmente. L\u2019Azienda in queste settimane sta lavorando contemporaneamente su pi\u00f9 piani, tesi in primis a reclutare un adeguato numero di specialisti, nelle forme e con le modalit\u00e0 ordinarie e straordinarie che la situazione impone (convenzioni, incarichi libero professionali, mobilit\u00e0\u2026); tutto ci\u00f2 nell\u2019ambito di un quadro nazionale di grande difficolt\u00e0 di reperimento di specialisti. Attualmente n. 2 dirigenti sono momentaneamente assenti e non sospesi e ad oggi non c\u2019\u00e8 ancora una data di possibile rientro. Si stanno rimodulando le modalit\u00e0 di lavoro con l\u2019inserimento nel Dipartimento di Salute Mentale di n. 3 psicologi-psicoterapeuti, che integrano le equipe mediche nella gestione dei casi. Si stanno ipotizzando piani riorganizzativi da attuare nel caso in cui anche le collaborazioni richieste ad altre ULSS non permettano di mantenere l\u2019attuale articolazione. L\u2019attuale situazione con le diverse linee di lavoro oggi seguite dall\u2019Azienda \u00e8 stata presentata alle Organizzazioni Sindacali nel corso degli incontri con la Dirigenza e con il Comparto Sanit\u00e0.<\/p>\n<p>&nbsp;<\/p>\n<p>&nbsp;<\/p>\n<hr \/>\n<p>&nbsp;<\/p>\n<blockquote>\n<h3>OLIMPIADI 2026: ZAIA E GHEDINA A ROMA<\/h3>\n<\/blockquote>\n<p><strong>IL VIDEO<\/strong><\/p>\n<div style=\"width: 720px;\" class=\"wp-video\"><video class=\"wp-video-shortcode\" id=\"video-216491-2\" width=\"720\" height=\"480\" preload=\"metadata\" controls=\"controls\"><source type=\"video\/mp4\" src=\"https:\/\/www.radiopiu.net\/wordpress\/wp-content\/uploads\/2021\/06\/OLIMPIADI-ZAIA-GHEDINA-ROMA-OK.mp4?_=2\" \/><a href=\"https:\/\/www.radiopiu.net\/wordpress\/wp-content\/uploads\/2021\/06\/OLIMPIADI-ZAIA-GHEDINA-ROMA-OK.mp4\">https:\/\/www.radiopiu.net\/wordpress\/wp-content\/uploads\/2021\/06\/OLIMPIADI-ZAIA-GHEDINA-ROMA-OK.mp4<\/a><\/video><\/div>\n<p><strong>\u00a0<\/strong><\/p>\n<p><strong>LE FOTO DELL&#8217;INCONTRO CON IL PRESIDENTE DELLA REPUBBLICA<\/strong><\/p>\n\n\t\t\t<style type='text\/css'>\n\t\t\t\t#gallery-5 {\n\t\t\t\t\tmargin: auto;\n\t\t\t\t}\n\t\t\t\t#gallery-5 .gallery-item {\n\t\t\t\t\tfloat: left;\n\t\t\t\t\tmargin-top: 10px;\n\t\t\t\t\ttext-align: center;\n\t\t\t\t\twidth: 25%;\n\t\t\t\t}\n\t\t\t\t#gallery-5 img {\n\t\t\t\t\tborder: 2px solid #cfcfcf;\n\t\t\t\t}\n\t\t\t\t#gallery-5 .gallery-caption {\n\t\t\t\t\tmargin-left: 0;\n\t\t\t\t}\n\t\t\t\t\/* see gallery_shortcode() in wp-includes\/media.php *\/\n\t\t\t<\/style>\n\t\t<div id='gallery-5' class='dt-gallery-container gallery galleryid-216491 gallery-columns-4 gallery-size-medium'><dl class='gallery-item'>\n\t\t\t\t<dt class='gallery-icon landscape'>\n\t\t\t\t\t<a class=\"rollover rollover-zoom dt-pswp-item\" title=\"e9400c1d-6b59-4fe8-9020-9bb553c95a00\" data-dt-img-description=\"\" data-large_image_width=\"1600\" data-large_image_height=\"1067\"href='https:\/\/www.radiopiu.net\/wordpress\/wp-content\/uploads\/2021\/06\/e9400c1d-6b59-4fe8-9020-9bb553c95a00.jpg'><img loading=\"lazy\" decoding=\"async\" width=\"300\" height=\"200\" src=\"https:\/\/www.radiopiu.net\/wordpress\/wp-content\/uploads\/2021\/06\/e9400c1d-6b59-4fe8-9020-9bb553c95a00-300x200.jpg\" class=\"attachment-medium size-medium\" alt=\"\" srcset=\"https:\/\/www.radiopiu.net\/wordpress\/wp-content\/uploads\/2021\/06\/e9400c1d-6b59-4fe8-9020-9bb553c95a00-300x200.jpg 300w, https:\/\/www.radiopiu.net\/wordpress\/wp-content\/uploads\/2021\/06\/e9400c1d-6b59-4fe8-9020-9bb553c95a00-1024x683.jpg 1024w, https:\/\/www.radiopiu.net\/wordpress\/wp-content\/uploads\/2021\/06\/e9400c1d-6b59-4fe8-9020-9bb553c95a00-768x512.jpg 768w, https:\/\/www.radiopiu.net\/wordpress\/wp-content\/uploads\/2021\/06\/e9400c1d-6b59-4fe8-9020-9bb553c95a00-1536x1024.jpg 1536w, https:\/\/www.radiopiu.net\/wordpress\/wp-content\/uploads\/2021\/06\/e9400c1d-6b59-4fe8-9020-9bb553c95a00.jpg 1600w\" sizes=\"auto, (max-width: 300px) 100vw, 300px\" \/><\/a>\n\t\t\t\t<\/dt><\/dl><dl class='gallery-item'>\n\t\t\t\t<dt class='gallery-icon landscape'>\n\t\t\t\t\t<a class=\"rollover rollover-zoom dt-pswp-item\" title=\"2563a515-2f9d-46ba-b7d5-4a036a16da6b\" data-dt-img-description=\"\" data-large_image_width=\"1600\" data-large_image_height=\"1067\"href='https:\/\/www.radiopiu.net\/wordpress\/wp-content\/uploads\/2021\/06\/2563a515-2f9d-46ba-b7d5-4a036a16da6b.jpg'><img loading=\"lazy\" decoding=\"async\" width=\"300\" height=\"200\" src=\"https:\/\/www.radiopiu.net\/wordpress\/wp-content\/uploads\/2021\/06\/2563a515-2f9d-46ba-b7d5-4a036a16da6b-300x200.jpg\" class=\"attachment-medium size-medium\" alt=\"\" srcset=\"https:\/\/www.radiopiu.net\/wordpress\/wp-content\/uploads\/2021\/06\/2563a515-2f9d-46ba-b7d5-4a036a16da6b-300x200.jpg 300w, https:\/\/www.radiopiu.net\/wordpress\/wp-content\/uploads\/2021\/06\/2563a515-2f9d-46ba-b7d5-4a036a16da6b-1024x683.jpg 1024w, https:\/\/www.radiopiu.net\/wordpress\/wp-content\/uploads\/2021\/06\/2563a515-2f9d-46ba-b7d5-4a036a16da6b-768x512.jpg 768w, https:\/\/www.radiopiu.net\/wordpress\/wp-content\/uploads\/2021\/06\/2563a515-2f9d-46ba-b7d5-4a036a16da6b-1536x1024.jpg 1536w, https:\/\/www.radiopiu.net\/wordpress\/wp-content\/uploads\/2021\/06\/2563a515-2f9d-46ba-b7d5-4a036a16da6b.jpg 1600w\" sizes=\"auto, (max-width: 300px) 100vw, 300px\" \/><\/a>\n\t\t\t\t<\/dt><\/dl><dl class='gallery-item'>\n\t\t\t\t<dt class='gallery-icon landscape'>\n\t\t\t\t\t<a class=\"rollover rollover-zoom dt-pswp-item\" title=\"22fcc5b2-68f4-434d-ba5b-e4e2095fc830\" data-dt-img-description=\"\" data-large_image_width=\"1600\" data-large_image_height=\"1067\"href='https:\/\/www.radiopiu.net\/wordpress\/wp-content\/uploads\/2021\/06\/22fcc5b2-68f4-434d-ba5b-e4e2095fc830.jpg'><img loading=\"lazy\" decoding=\"async\" width=\"300\" height=\"200\" src=\"https:\/\/www.radiopiu.net\/wordpress\/wp-content\/uploads\/2021\/06\/22fcc5b2-68f4-434d-ba5b-e4e2095fc830-300x200.jpg\" class=\"attachment-medium size-medium\" alt=\"\" srcset=\"https:\/\/www.radiopiu.net\/wordpress\/wp-content\/uploads\/2021\/06\/22fcc5b2-68f4-434d-ba5b-e4e2095fc830-300x200.jpg 300w, https:\/\/www.radiopiu.net\/wordpress\/wp-content\/uploads\/2021\/06\/22fcc5b2-68f4-434d-ba5b-e4e2095fc830-1024x683.jpg 1024w, https:\/\/www.radiopiu.net\/wordpress\/wp-content\/uploads\/2021\/06\/22fcc5b2-68f4-434d-ba5b-e4e2095fc830-768x512.jpg 768w, https:\/\/www.radiopiu.net\/wordpress\/wp-content\/uploads\/2021\/06\/22fcc5b2-68f4-434d-ba5b-e4e2095fc830-1536x1024.jpg 1536w, https:\/\/www.radiopiu.net\/wordpress\/wp-content\/uploads\/2021\/06\/22fcc5b2-68f4-434d-ba5b-e4e2095fc830.jpg 1600w\" sizes=\"auto, (max-width: 300px) 100vw, 300px\" \/><\/a>\n\t\t\t\t<\/dt><\/dl><dl class='gallery-item'>\n\t\t\t\t<dt class='gallery-icon landscape'>\n\t\t\t\t\t<a class=\"rollover rollover-zoom dt-pswp-item\" title=\"9631193c-b2d9-4097-b303-ea3e8deeee7b\" data-dt-img-description=\"\" data-large_image_width=\"2048\" data-large_image_height=\"1365\"href='https:\/\/www.radiopiu.net\/wordpress\/wp-content\/uploads\/2021\/06\/9631193c-b2d9-4097-b303-ea3e8deeee7b.jpg'><img loading=\"lazy\" decoding=\"async\" width=\"300\" height=\"200\" src=\"https:\/\/www.radiopiu.net\/wordpress\/wp-content\/uploads\/2021\/06\/9631193c-b2d9-4097-b303-ea3e8deeee7b-300x200.jpg\" class=\"attachment-medium size-medium\" alt=\"\" srcset=\"https:\/\/www.radiopiu.net\/wordpress\/wp-content\/uploads\/2021\/06\/9631193c-b2d9-4097-b303-ea3e8deeee7b-300x200.jpg 300w, https:\/\/www.radiopiu.net\/wordpress\/wp-content\/uploads\/2021\/06\/9631193c-b2d9-4097-b303-ea3e8deeee7b-1024x683.jpg 1024w, https:\/\/www.radiopiu.net\/wordpress\/wp-content\/uploads\/2021\/06\/9631193c-b2d9-4097-b303-ea3e8deeee7b-768x512.jpg 768w, https:\/\/www.radiopiu.net\/wordpress\/wp-content\/uploads\/2021\/06\/9631193c-b2d9-4097-b303-ea3e8deeee7b-1536x1024.jpg 1536w, https:\/\/www.radiopiu.net\/wordpress\/wp-content\/uploads\/2021\/06\/9631193c-b2d9-4097-b303-ea3e8deeee7b.jpg 2048w\" sizes=\"auto, (max-width: 300px) 100vw, 300px\" \/><\/a>\n\t\t\t\t<\/dt><\/dl><br style=\"clear: both\" \/>\n\t\t\t<\/div>\n\n<p><strong>LE DICHIARAZIONI DEL MINISTRO FEDERICO D&#8217;INCA&#8217;<\/strong><\/p>\n<p><strong>ROMA <\/strong>\u201c<em>La societ\u00e0 che sar\u00e0 incaricata di realizzare le opere infrastrutturali per le Olimpiadi di Milano-Cortina 2026 interverr\u00e0 anche sulla loro progettazione e sugli impianti sportivi olimpici, sulla base di un piano degli interventi predisposto dalla stessa societ\u00e0 di intesa con il Ministero delle Infrastrutture e dei Trasporti e delle Mobilit\u00e0 sostenibili con le Regioni interessate<\/em>\u201d. Lo afferma Federico D\u2019Inc\u00e0, Ministro per i Rapporti con il Parlamento, in occasione della nuova norma contenuta nel decreto approvato dall\u2019ultimo Consiglio dei Ministri. \u201c<em>L\u2019estensione alle opere sportive permetter\u00e0, di conseguenza, un maggiore ambito di intervento da parte del prossimo Commissario che sar\u00e0 nominato a breve \u2013 prosegue il Ministro per i Rapporti con il Parlamento, che aggiunge &#8211; : \u00e8 un risultato molto importante per la riuscita dei Giochi del 2026 che, \u00e8 opportuno ricordarlo, avranno infrastrutture utili e sostenibili che rimarranno a beneficio dell\u2019intera collettivit\u00e0. Le risorse messe a disposizione saranno spese con estrema precisione e con una particolare attenzione all\u2019ambiente. <\/em><em>Ora ci sar\u00e0 un&#8217;accelerazione per la realizzazione delle opere in modo da iniziare l&#8217;importante percorso che ci porter\u00e0 ai Giochi del 2026, rispettando i corretti tempi di esecuzione<\/em>\u201d. \u201c<em>Nelle ultime settimane ho affrontato il tema delle Olimpiadi attraverso alcuni incontri istituzionali, tra cui la Sottosegretaria Vezzali e il Viceministro Morelli: si lavorer\u00e0 intensamente per un evento straordinario che dar\u00e0 immensa visibilit\u00e0 ai nostri territori e all\u2019intero Paese. Un Paese che, anche attraverso i grandi eventi sportivi e la corretta organizzazione dei lavori, sta finalmente cambiando<\/em> \u2013 conclude il Ministro D\u2019Inc\u00e0\u201d.<\/p>\n<p>&nbsp;<\/p>\n<p>&nbsp;<\/p>\n<hr \/>\n<p>&nbsp;<\/p>\n<blockquote>\n<h3>SEGRETARI COMUNALI, UNCEM SCRIVE AI PREFETTI: FATE CON NOI UN&#8217;AZIONE PER DARE AI COMUNI SEGRETARI E VICESEGRETARI<\/h3>\n<\/blockquote>\n<p><strong><a href=\"https:\/\/www.radiopiu.net\/wordpress\/giornale-radiopiu-06-novembre-2020-direttore-mirko-mezzacasa\/logouncem_no_scritta-wdtr\/\" rel=\"attachment wp-att-170846\"><img loading=\"lazy\" decoding=\"async\" class=\"wp-image-170846 alignleft\" src=\"https:\/\/www.radiopiu.net\/wordpress\/wp-content\/uploads\/2020\/11\/logoUNCEM_no_scritta-wdtr-300x300.jpg\" alt=\"\" width=\"140\" height=\"140\" srcset=\"https:\/\/www.radiopiu.net\/wordpress\/wp-content\/uploads\/2020\/11\/logoUNCEM_no_scritta-wdtr-300x300.jpg 300w, https:\/\/www.radiopiu.net\/wordpress\/wp-content\/uploads\/2020\/11\/logoUNCEM_no_scritta-wdtr-150x150.jpg 150w, https:\/\/www.radiopiu.net\/wordpress\/wp-content\/uploads\/2020\/11\/logoUNCEM_no_scritta-wdtr.jpg 640w\" sizes=\"auto, (max-width: 140px) 100vw, 140px\" \/><\/a>ROMA <\/strong>&#8220;Cari Prefetti, fate con Uncem e con i Sindaci un&#8217;azione sul Governo per dare ai Comuni Segretari comunali e Vicesegretari cos\u00ec da permettere l&#8217;azione ordinaria e progettuale degli Enti. Le macchine, senza Segretari, sono bloccate e gli Enti locali sono in crisi&#8221;. Lo ha scritto il Presidente Uncem Marco Bussone a tutti i Prefetti d&#8217;Italia. \u00c8 l&#8217;ennesima lettera che chiede alle Prefetture di non lasciare il cerino in mano ai Sindaci. Non solo mancano 1800 Segretari, ma anche i Vicesegretari hanno troppi vincoli per il loro utilizzo nei piccoli Comuni. Dopo un anno di impegno, le Prefetture vietano il rinnovo. E cos\u00ec, Comuni e anche Unioni di Comuni si ritrovano con le macchine ferme, senza alcun dirigente con potere di firma.<\/p>\n<p>&nbsp;<\/p>\n<p>&nbsp;<\/p>\n<p>&nbsp;<\/p>\n<hr \/>\n<p>&nbsp;<\/p>\n<blockquote>\n<h3>CONTRIBUTI AGLI IMPIANTI DI RISALITA, AL VIA L\u2019EROGAZIONE DEI 500MILA EURO STANZIATI DALLA PROVINCIA<\/h3>\n<\/blockquote>\n<p><strong><a href=\"https:\/\/www.radiopiu.net\/wordpress\/urgente-segnalazione-danni-maltempo-a-feltre\/funivia-col-margherita\/\" rel=\"attachment wp-att-51274\"><img loading=\"lazy\" decoding=\"async\" class=\"size-medium wp-image-51274 alignleft\" src=\"https:\/\/www.radiopiu.net\/wordpress\/wp-content\/uploads\/2018\/06\/funivia-Col-Margherita-300x225.jpg\" alt=\"\" width=\"300\" height=\"225\" srcset=\"https:\/\/www.radiopiu.net\/wordpress\/wp-content\/uploads\/2018\/06\/funivia-Col-Margherita-300x225.jpg 300w, https:\/\/www.radiopiu.net\/wordpress\/wp-content\/uploads\/2018\/06\/funivia-Col-Margherita-768x576.jpg 768w, https:\/\/www.radiopiu.net\/wordpress\/wp-content\/uploads\/2018\/06\/funivia-Col-Margherita-1024x768.jpg 1024w, https:\/\/www.radiopiu.net\/wordpress\/wp-content\/uploads\/2018\/06\/funivia-Col-Margherita.jpg 2000w\" sizes=\"auto, (max-width: 300px) 100vw, 300px\" \/><\/a>BELLUNO <\/strong><span class=\"s1\">Nelle prossime settimane saranno erogati i contributi economici agli impianti di risalita. Una manovra da 500mila euro varata dalla Provincia nel dicembre scorso e orientata a sostenere le societ\u00e0 che gestiscono seggiovie e ski-aree dopo un inverno di chiusura imposta per l\u2019emergenza pandemica. Con la determina approvata dall\u2019ente di Palazzo Piloni nei giorni scorsi, le risorse economiche potranno essere distribuite. Le societ\u00e0 di impianti hanno tempo fino al 9 luglio per presentare apposita richiesta di erogazione del contributo, confermando i requisiti e le dichiarazioni previsti. <\/span><span class=\"s1\">\u00ab<em>Abbiamo dovuto attendere qualche mese, per verificare che il contributo provinciale non inficiasse eventuali bonus o sostegni da parte dello Stato &#8211; spiega il consigliere provinciale delegato agli impianti a fune, Massimo Bortoluzzi -. Ora che questo rischio non sussiste, possiamo finalmente dare seguito alla manovra approvata a dicembre, inserita nel cosiddetto \u201cpacchetto Covid\u201d che il consiglio provinciale ha fortemente voluto, per dare un segnale forte e insieme un aiuto concreto a un comparto &#8211; quello dello sci e del turismo invernale &#8211; che ha particolarmente sofferto la pandemia<\/em>\u00bb. <\/span><span class=\"s1\">Le societ\u00e0 che potranno beneficiare del contributo provinciale sono 27, vale a dire tutte quelle che operano nella montagna bellunese. La cifra stanziata verr\u00e0 suddivisa cos\u00ec: 125mila euro (un quarto) suddivisi per tutte le 27 societ\u00e0; i restanti 375mila euro andranno assegnati in base alle spese di gestione, secondo un sistema di punteggi (sciovie 1 punto, seggiovie a collegamento fisso 2 punti, seggiovie a collegamento temporaneo 3 punti, cabinovia e funivia 4 punti, campo scuola 5 punti). <\/span><span class=\"s1\">\u00ab<em>\u00c8 stato doveroso per noi intervenire a sostegno degli impianti a fune. Secondo una stima di Anef Veneto, producono un fatturato di 60 milioni di euro e un indotto turistico complessivo i circa 600 milioni di euro. Si tratta di un comparto importante ha sofferto particolarmente &#8211; sottolinea il consigliere provinciale delegato al turismo, Danilo De Toni -. E che ha comportato una sofferenza diffusa su tutto il turismo invernale, perch\u00e9 quando gli impianti chiudono, salta di fatto tutto il comparto, compresa l\u2019ospitalit\u00e0, il commercio, l\u2019artigianato. La cifra che abbiamo messo a disposizione forse \u00e8 piccola, ma \u00e8 il massimo che possiamo fare. Avremmo voluto dare risorse a tutte le attivit\u00e0 coinvolte nel turismo invernale, ma cos\u00ec facendo avremmo polverizzato in un attimo l\u2019intero budget. Invece, canalizzare le risorse sulle ski-aree, permette di garantire cifre importanti e di far vivere la montagna che ruota attorno agli impianti. Siamo convinti che la ripartenza possa avvenire gi\u00e0 nelle prossime settimane. L\u2019estate 2020 ci ha dimostrato che c\u2019\u00e8 voglia di montagna. L\u2019estate 2021 dovr\u00e0 confermare questo trend, con le Dolomiti bellunesi simbolo di ambiente sano, aria pulita e salute<\/em>\u00bb.<\/span><\/p>\n<p>&nbsp;<\/p>\n<p>&nbsp;<\/p>\n<hr \/>\n<p>&nbsp;<\/p>\n<blockquote>\n<h3>PROGETTO REGIONALE \u201cSCUOLA &amp; SPORT\u201d PER PROMUOVERE LA PRATICA SPORTIVA IN AMBITO SCOLASTICO<\/h3>\n<\/blockquote>\n<p><strong><a href=\"https:\/\/www.radiopiu.net\/wordpress\/giornale-radiopiu-17-maggio-2019-direttore-mirko-mezzacasa\/ic-feltre-sport-alla-primaria-9\/\" rel=\"attachment wp-att-85709\"><img loading=\"lazy\" decoding=\"async\" class=\"size-medium wp-image-85709 alignleft\" src=\"https:\/\/www.radiopiu.net\/wordpress\/wp-content\/uploads\/2019\/05\/IC-FELTRE-Sport-alla-Primaria-9-300x169.jpg\" alt=\"\" width=\"300\" height=\"169\" srcset=\"https:\/\/www.radiopiu.net\/wordpress\/wp-content\/uploads\/2019\/05\/IC-FELTRE-Sport-alla-Primaria-9-300x169.jpg 300w, https:\/\/www.radiopiu.net\/wordpress\/wp-content\/uploads\/2019\/05\/IC-FELTRE-Sport-alla-Primaria-9-768x432.jpg 768w, https:\/\/www.radiopiu.net\/wordpress\/wp-content\/uploads\/2019\/05\/IC-FELTRE-Sport-alla-Primaria-9-1024x576.jpg 1024w\" sizes=\"auto, (max-width: 300px) 100vw, 300px\" \/><\/a>VENEZIA <\/strong>La Giunta regionale ha approvato la delibera, su proposta dell\u2019Assessore allo Sport Cristiano Corazzari, di concerto con l\u2019Assessore all\u2019Istruzione Elena Donazzan, per la\u00a0 partecipazione della Regione del Veneto al progetto regionale \u201cScuola &amp; Sport\u201d 2021\u201d, finalizzato alla promozione della pratica motoria e sportiva in ambito scolastico. La Regione Veneto, sulla base delle risorse rese disponibili nel bilancio di previsione 2021-2023 ha destinato, per l\u2019anno 2021, la somma di 150mila euro per uno specifico progetto, da realizzarsi su scala regionale, definito d\u2019intesa con l\u2019USR VENETO &#8211;\u00a0 Ministero dell\u2019Istruzione. Il progetto si articola in quattro aree tematiche: Promozione sportiva scolastica e campionati studenteschi nella Scuola Secondaria di I e II grado: il progetto viene sviluppato all\u2019area aperta oppure all\u2019interno delle singole classi e promuove molteplici iniziative: giochi e gare sportive, anche \u201cvirtuali\u201d, educazione alla pratica sportiva in sicurezza, educazione all\u2019arbitraggio, giochi e sport ricavati dal recupero di spazi attrezzati per ampliare il distanziamento. Diffusione della pratica sportiva inclusiva, attraverso il progetto: Integralmente Sport-Cultura: il progetto prevede di avvicinare gli studenti al mondo della disabilit\u00e0 attraverso l\u2019attivit\u00e0 motoria e lo sport. Incremento dell\u2019attivit\u00e0 ludico motoria nella Scuola Primaria e dell\u2019Infanzia: si tratta di attivit\u00e0 finalizzate a promuovere corretti di stili di vita e condotte motorio-relazionali, sin dalle prime fasi dell\u2019infanzia. La necessit\u00e0 primaria, aggravata dal contesto emergenziale, \u00e8 contrastare l\u2019affaticamento provocato dallo stare seduti a lungo attraverso la promozione del km giornaliero. Rispetto, valorizzazione e recupero di ambiente, territorio e sport tradizionali: l\u2019iniziativa \u00e8 finalizzata alla promozione e diffusione delle discipline sportive tradizionali legate all\u2019espressione locale e alla valorizzazione del patrimonio naturalistico ambientale. Le iniziative relative a quest\u2019area hanno la peculiarit\u00e0 di favorire la pratica di attivit\u00e0 motoria privilegiandone lo svolgimento all\u2019aperto. Ciascuna delle quattro aree sar\u00e0 promossa in ambito provinciale attraverso l\u2019organizzazione di eventi specifici, lasciando ampio spazio alla caratterizzazione locale e alla risposta ai bisogni formativi territoriali.<\/p>\n<p>\u200b<\/p>\n<p>&nbsp;<\/p>\n<hr \/>\n<p>&nbsp;<\/p>\n<blockquote>\n<h3>IL GENERALE DI DIVISIONE FABRIZIO PARULLI IN VISITA A BELLUNO<\/h3>\n<\/blockquote>\n<p><strong>BELLUNO<\/strong> il Generale di Divisione Fabrizio Parulli ha fatto visita questa mattina al comando provinciale dei Carabinieri di Belluno. Dopo essere stato accolto dal Comandante Provinciale, Tenente Colonnello Francesco Rastelli, si \u00e8 trattenuto con una rappresentanza del Comando Provinciale e dell&#8217;Associazione Nazionale Arma dei Carabinieri per un saluto di commiato in quanto a breve assumer\u00e0 l&#8217;incarico di Addetto per la Difesa e Consigliere Militare come Capo Ufficio Addetti presso la rappresentanza permanente d&#8217;Italia all&#8217;ONU. Nell&#8217;occasione, il Comandante della Legione Carabinieri Veneto, ha avuto modo di incontrare il Prefetto di Belluno Mariano Savastano, il procuratore della Repubblica presso il tribunale di Belluno Paolo Luca e il presidente della Provincia Roberto Padrin.<\/p>\n\n\t\t\t<style type='text\/css'>\n\t\t\t\t#gallery-6 {\n\t\t\t\t\tmargin: auto;\n\t\t\t\t}\n\t\t\t\t#gallery-6 .gallery-item {\n\t\t\t\t\tfloat: left;\n\t\t\t\t\tmargin-top: 10px;\n\t\t\t\t\ttext-align: center;\n\t\t\t\t\twidth: 50%;\n\t\t\t\t}\n\t\t\t\t#gallery-6 img {\n\t\t\t\t\tborder: 2px solid #cfcfcf;\n\t\t\t\t}\n\t\t\t\t#gallery-6 .gallery-caption {\n\t\t\t\t\tmargin-left: 0;\n\t\t\t\t}\n\t\t\t\t\/* see gallery_shortcode() in wp-includes\/media.php *\/\n\t\t\t<\/style>\n\t\t<div id='gallery-6' class='dt-gallery-container gallery galleryid-216491 gallery-columns-2 gallery-size-medium'><dl class='gallery-item'>\n\t\t\t\t<dt class='gallery-icon landscape'>\n\t\t\t\t\t<a class=\"rollover rollover-zoom dt-pswp-item\" title=\"c118b03a-4002-489b-8308-9a0743241083\" data-dt-img-description=\"\" data-large_image_width=\"1280\" data-large_image_height=\"848\"href='https:\/\/www.radiopiu.net\/wordpress\/wp-content\/uploads\/2021\/06\/c118b03a-4002-489b-8308-9a0743241083.jpg'><img loading=\"lazy\" decoding=\"async\" width=\"300\" height=\"199\" src=\"https:\/\/www.radiopiu.net\/wordpress\/wp-content\/uploads\/2021\/06\/c118b03a-4002-489b-8308-9a0743241083-300x199.jpg\" class=\"attachment-medium size-medium\" alt=\"\" srcset=\"https:\/\/www.radiopiu.net\/wordpress\/wp-content\/uploads\/2021\/06\/c118b03a-4002-489b-8308-9a0743241083-300x199.jpg 300w, https:\/\/www.radiopiu.net\/wordpress\/wp-content\/uploads\/2021\/06\/c118b03a-4002-489b-8308-9a0743241083-1024x678.jpg 1024w, https:\/\/www.radiopiu.net\/wordpress\/wp-content\/uploads\/2021\/06\/c118b03a-4002-489b-8308-9a0743241083-768x509.jpg 768w, https:\/\/www.radiopiu.net\/wordpress\/wp-content\/uploads\/2021\/06\/c118b03a-4002-489b-8308-9a0743241083.jpg 1280w\" sizes=\"auto, (max-width: 300px) 100vw, 300px\" \/><\/a>\n\t\t\t\t<\/dt><\/dl><dl class='gallery-item'>\n\t\t\t\t<dt class='gallery-icon landscape'>\n\t\t\t\t\t<a class=\"rollover rollover-zoom dt-pswp-item\" title=\"cc8c67a3-c991-45f5-9592-d89dbeb7148f\" data-dt-img-description=\"\" data-large_image_width=\"1280\" data-large_image_height=\"848\"href='https:\/\/www.radiopiu.net\/wordpress\/wp-content\/uploads\/2021\/06\/cc8c67a3-c991-45f5-9592-d89dbeb7148f.jpg'><img loading=\"lazy\" decoding=\"async\" width=\"300\" height=\"199\" src=\"https:\/\/www.radiopiu.net\/wordpress\/wp-content\/uploads\/2021\/06\/cc8c67a3-c991-45f5-9592-d89dbeb7148f-300x199.jpg\" class=\"attachment-medium size-medium\" alt=\"\" srcset=\"https:\/\/www.radiopiu.net\/wordpress\/wp-content\/uploads\/2021\/06\/cc8c67a3-c991-45f5-9592-d89dbeb7148f-300x199.jpg 300w, https:\/\/www.radiopiu.net\/wordpress\/wp-content\/uploads\/2021\/06\/cc8c67a3-c991-45f5-9592-d89dbeb7148f-1024x678.jpg 1024w, https:\/\/www.radiopiu.net\/wordpress\/wp-content\/uploads\/2021\/06\/cc8c67a3-c991-45f5-9592-d89dbeb7148f-768x509.jpg 768w, https:\/\/www.radiopiu.net\/wordpress\/wp-content\/uploads\/2021\/06\/cc8c67a3-c991-45f5-9592-d89dbeb7148f.jpg 1280w\" sizes=\"auto, (max-width: 300px) 100vw, 300px\" \/><\/a>\n\t\t\t\t<\/dt><\/dl><br style=\"clear: both\" \/>\n\t\t\t<\/div>\n\n<p>&nbsp;<\/p>\n<hr \/>\n<p>&nbsp;<\/p>\n<blockquote>\n<h3>LE ATTIVITA&#8217; DI VOLONTARIATO DI SCUOLE IN RETE<\/h3>\n<\/blockquote>\n<p><strong>BELLUNO<\/strong> Dal primo luglio ritornano le tradizionali attivit\u00e0 di volontariato informatico delle Scuole in Rete, tramite le quali gli studenti e i volontari dell&#8217;Associazione Amici delle Scuole in Rete tenteranno di limitare il gap generazionale e sostenere adulti, anziani e associazioni nell&#8217;acquisizione delle competenze digitali per l&#8217;uso dello smartphone o del computer, ma anche di recuperare e ringiovanire\u00a0 vecchi pc dismessi dalle aziende a beneficio di famiglie e associazioni. Sollecitiamo anzi di sensibilizzare le aziende nella donazione dei pc che verranno poi aggiornati e resi di nuovo fruibili. Novit\u00e0 di quest&#8217;anno, la ripresa di una iniziativa gi\u00e0 proposta nel 2011 e 2012, che prevede il coinvolgimento di studenti degli Istituti Tecnici della provincia, appositamente formati con un corso sull&#8217;uso del nuovo software di contabilit\u00e0 adottato dal CSV di Belluno e Treviso, come consulenza per le piccole associazioni sulla contabilit\u00e0 e sull&#8217;uso del software di contabilit\u00e0. Le attivit\u00e0 di volontariato informatico delle scuole in Rete sono attive da almeno 11 anni, nell&#8217;anno prima della pandemia hanno coinvolto pi\u00f9 di 70 studenti e quasi 200 utenti, per lo pi\u00f9 anziani, tra Belluno, Feltre e Alpago. L&#8217;anno scorso le attivit\u00e0 si sono svolte in 4 modalit\u00e0: trashware, con il recupero di computer a beneficio delle famiglie i difficolt\u00e0 a seguire la DAD, corsi per adulti e anziani, peer educatione per gli studneti delle medie e Creazione di Tutorial sull&#8217;uso dello smartphone. Le iscrizioni online sul sito www.studentibelluno.it, oppure presso lo sportello del cittadino di Belluno<\/p>\n\n\t\t\t<style type='text\/css'>\n\t\t\t\t#gallery-7 {\n\t\t\t\t\tmargin: auto;\n\t\t\t\t}\n\t\t\t\t#gallery-7 .gallery-item {\n\t\t\t\t\tfloat: left;\n\t\t\t\t\tmargin-top: 10px;\n\t\t\t\t\ttext-align: center;\n\t\t\t\t\twidth: 33%;\n\t\t\t\t}\n\t\t\t\t#gallery-7 img {\n\t\t\t\t\tborder: 2px solid #cfcfcf;\n\t\t\t\t}\n\t\t\t\t#gallery-7 .gallery-caption {\n\t\t\t\t\tmargin-left: 0;\n\t\t\t\t}\n\t\t\t\t\/* see gallery_shortcode() in wp-includes\/media.php *\/\n\t\t\t<\/style>\n\t\t<div id='gallery-7' class='dt-gallery-container gallery galleryid-216491 gallery-columns-3 gallery-size-thumbnail'><dl class='gallery-item'>\n\t\t\t\t<dt class='gallery-icon landscape'>\n\t\t\t\t\t<a class=\"rollover rollover-zoom dt-pswp-item\" title=\"WP_20170724_08_57_27_Pro\" data-dt-img-description=\"\" data-large_image_width=\"2560\" data-large_image_height=\"1441\"href='https:\/\/www.radiopiu.net\/wordpress\/wp-content\/uploads\/2021\/06\/WP_20170724_08_57_27_Pro-scaled.jpg'><img loading=\"lazy\" decoding=\"async\" width=\"150\" height=\"150\" src=\"https:\/\/www.radiopiu.net\/wordpress\/wp-content\/uploads\/2021\/06\/WP_20170724_08_57_27_Pro-150x150.jpg\" class=\"attachment-thumbnail size-thumbnail\" alt=\"\" \/><\/a>\n\t\t\t\t<\/dt><\/dl><dl class='gallery-item'>\n\t\t\t\t<dt class='gallery-icon landscape'>\n\t\t\t\t\t<a class=\"rollover rollover-zoom dt-pswp-item\" title=\"WhatsApp Image 2020-08-08 at 12.20.42\" data-dt-img-description=\"\" data-large_image_width=\"1600\" data-large_image_height=\"1200\"href='https:\/\/www.radiopiu.net\/wordpress\/wp-content\/uploads\/2021\/06\/WhatsApp-Image-2020-08-08-at-12.20.42.jpeg'><img loading=\"lazy\" decoding=\"async\" width=\"150\" height=\"150\" src=\"https:\/\/www.radiopiu.net\/wordpress\/wp-content\/uploads\/2021\/06\/WhatsApp-Image-2020-08-08-at-12.20.42-150x150.jpeg\" class=\"attachment-thumbnail size-thumbnail\" alt=\"\" \/><\/a>\n\t\t\t\t<\/dt><\/dl><dl class='gallery-item'>\n\t\t\t\t<dt class='gallery-icon landscape'>\n\t\t\t\t\t<a class=\"rollover rollover-zoom dt-pswp-item\" title=\"WhatsApp Image 2020-08-04 at 17.23.46\" data-dt-img-description=\"\" data-large_image_width=\"1600\" data-large_image_height=\"1200\"href='https:\/\/www.radiopiu.net\/wordpress\/wp-content\/uploads\/2021\/06\/WhatsApp-Image-2020-08-04-at-17.23.46.jpeg'><img loading=\"lazy\" decoding=\"async\" width=\"150\" height=\"150\" src=\"https:\/\/www.radiopiu.net\/wordpress\/wp-content\/uploads\/2021\/06\/WhatsApp-Image-2020-08-04-at-17.23.46-150x150.jpeg\" class=\"attachment-thumbnail size-thumbnail\" alt=\"\" \/><\/a>\n\t\t\t\t<\/dt><\/dl><br style=\"clear: both\" \/><dl class='gallery-item'>\n\t\t\t\t<dt class='gallery-icon landscape'>\n\t\t\t\t\t<a class=\"rollover rollover-zoom dt-pswp-item\" title=\"20200708_100313\" data-dt-img-description=\"\" data-large_image_width=\"2560\" data-large_image_height=\"1920\"href='https:\/\/www.radiopiu.net\/wordpress\/wp-content\/uploads\/2021\/06\/20200708_100313-scaled.jpg'><img loading=\"lazy\" decoding=\"async\" width=\"150\" height=\"150\" src=\"https:\/\/www.radiopiu.net\/wordpress\/wp-content\/uploads\/2021\/06\/20200708_100313-150x150.jpg\" class=\"attachment-thumbnail size-thumbnail\" alt=\"\" \/><\/a>\n\t\t\t\t<\/dt><\/dl><dl class='gallery-item'>\n\t\t\t\t<dt class='gallery-icon landscape'>\n\t\t\t\t\t<a class=\"rollover rollover-zoom dt-pswp-item\" title=\"WP_20170724_08_56_40_Pro\" data-dt-img-description=\"\" data-large_image_width=\"2560\" data-large_image_height=\"1441\"href='https:\/\/www.radiopiu.net\/wordpress\/wp-content\/uploads\/2021\/06\/WP_20170724_08_56_40_Pro-scaled.jpg'><img loading=\"lazy\" decoding=\"async\" width=\"150\" height=\"150\" src=\"https:\/\/www.radiopiu.net\/wordpress\/wp-content\/uploads\/2021\/06\/WP_20170724_08_56_40_Pro-150x150.jpg\" class=\"attachment-thumbnail size-thumbnail\" alt=\"\" \/><\/a>\n\t\t\t\t<\/dt><\/dl><dl class='gallery-item'>\n\t\t\t\t<dt class='gallery-icon landscape'>\n\t\t\t\t\t<a class=\"rollover rollover-zoom dt-pswp-item\" title=\"WhatsApp Image 2020-08-08 at 12.20.15\" data-dt-img-description=\"\" data-large_image_width=\"1599\" data-large_image_height=\"777\"href='https:\/\/www.radiopiu.net\/wordpress\/wp-content\/uploads\/2021\/06\/WhatsApp-Image-2020-08-08-at-12.20.15.jpeg'><img loading=\"lazy\" decoding=\"async\" width=\"150\" height=\"150\" src=\"https:\/\/www.radiopiu.net\/wordpress\/wp-content\/uploads\/2021\/06\/WhatsApp-Image-2020-08-08-at-12.20.15-150x150.jpeg\" class=\"attachment-thumbnail size-thumbnail\" alt=\"\" \/><\/a>\n\t\t\t\t<\/dt><\/dl><br style=\"clear: both\" \/>\n\t\t\t<\/div>\n\n<p>&nbsp;<\/p>\n<p>&nbsp;<\/p>\n<p>&nbsp;<\/p>\n<p>&nbsp;<\/p>\n<hr \/>\n<p>&nbsp;<\/p>\n<blockquote>\n<h3>QUANDO IL CENTRO ESTIVO FA IL PIENO<\/h3>\n<\/blockquote>\n<p>&nbsp;<\/p>\n<p><strong><a href=\"https:\/\/www.radiopiu.net\/wordpress\/giornale-radiopiu-18-giugno-2021-direttore-mirko-mezzacasa\/sign-741813__340\/\" rel=\"attachment wp-att-216706\"><img loading=\"lazy\" decoding=\"async\" class=\"wp-image-216706 alignleft\" src=\"https:\/\/www.radiopiu.net\/wordpress\/wp-content\/uploads\/2021\/06\/sign-741813__340-300x200.jpg\" alt=\"\" width=\"155\" height=\"103\" srcset=\"https:\/\/www.radiopiu.net\/wordpress\/wp-content\/uploads\/2021\/06\/sign-741813__340-300x200.jpg 300w, https:\/\/www.radiopiu.net\/wordpress\/wp-content\/uploads\/2021\/06\/sign-741813__340.jpg 510w\" sizes=\"auto, (max-width: 155px) 100vw, 155px\" \/><\/a>SEDICO\u00a0<\/strong><\/p>\n<p><strong>DI DAMIANO TORMEN\u00a0<\/strong><\/p>\n<audio class=\"wp-audio-shortcode\" id=\"audio-216491-14\" preload=\"none\" style=\"width: 100%;\" controls=\"controls\"><source type=\"audio\/mpeg\" src=\"https:\/\/www.radiopiu.net\/wordpress\/wp-content\/uploads\/2021\/06\/DAMIANO-1.mp3?_=14\" \/><a href=\"https:\/\/www.radiopiu.net\/wordpress\/wp-content\/uploads\/2021\/06\/DAMIANO-1.mp3\">https:\/\/www.radiopiu.net\/wordpress\/wp-content\/uploads\/2021\/06\/DAMIANO-1.mp3<\/a><\/audio>\n<p>&nbsp;<\/p>\n<hr \/>\n<p>&nbsp;<\/p>\n<blockquote>\n<h3>DA LUNEDI 13 SETTEMBRE IL NUOVO ANNO SCOLASTICO<\/h3>\n<\/blockquote>\n<p><img loading=\"lazy\" decoding=\"async\" class=\"alignleft\" src=\"https:\/\/www.radiopiu.net\/wordpress\/wp-content\/uploads\/2020\/09\/scuola-primaria-agordo-2.jpg\" width=\"122\" height=\"92\" \/><strong>VENEZIA<\/strong> Le scuole primarie e secondarie di primo grado inizieranno luned\u00ec 13 settembre 2021, concludendo le lezioni mercoled\u00ec 8 giugno 2022, mentre le scuole secondarie di secondo grado inizieranno la frequenza gioved\u00ec 16 settembre 2021 per concluderla venerd\u00ec 10 giugno 2022. Vacanze natalizie da venerd\u00ec 24 dicembre 2021 a sabato 8 gennaio 2022.\u00a0 Vacanze pasquali dal 14 al 19 aprile 2022. Per il carnevale scuole chiuse\u00a0 dal 28 febbraio al 2 marzo<\/p>\n<p>&nbsp;<\/p>\n<p>&nbsp;<\/p>\n<p>&nbsp;<\/p>\n<p>&nbsp;<\/p>\n<hr \/>\n<p>&nbsp;<\/p>\n<blockquote>\n<h3><a href=\"https:\/\/www.radiopiu.net\/wordpress\/giornale-radiopiu-17-giugno-2021-direttore-mirko-mezzacasa\/aaa_offesi_edizione_2020\/\" rel=\"attachment wp-att-216401\"><img loading=\"lazy\" decoding=\"async\" class=\"wp-image-216401 alignleft\" src=\"https:\/\/www.radiopiu.net\/wordpress\/wp-content\/uploads\/2021\/06\/Aaa_Offesi_edizione_2020-300x178.jpg\" alt=\"\" width=\"202\" height=\"120\" srcset=\"https:\/\/www.radiopiu.net\/wordpress\/wp-content\/uploads\/2021\/06\/Aaa_Offesi_edizione_2020-300x178.jpg 300w, https:\/\/www.radiopiu.net\/wordpress\/wp-content\/uploads\/2021\/06\/Aaa_Offesi_edizione_2020.jpg 521w\" sizes=\"auto, (max-width: 202px) 100vw, 202px\" \/><\/a>ESTATE UTILE E CREATIVA PER I GIOVANI DEL TERRITORIO<\/h3>\n<\/blockquote>\n<p><strong>PONTE NELLE ALPI<\/strong>\u00a0 Torna il progetto Aaa Offresi, promosso dal Comune di Ponte nelle Alpi: i laboratori creativi e le attivit\u00e0 di manutenzione si svilupperanno da luned\u00ec 5 luglio alla prima settimana di settembre.<\/p>\n<p>sito www.comune.pontenellealpi.bl.it.<\/p>\n<p>&nbsp;<\/p>\n<p>&nbsp;<\/p>\n<h3><\/h3>\n<p>&nbsp;<\/p>\n<p>&nbsp;<\/p>\n<blockquote>\n<hr \/>\n<h3><strong><a href=\"https:\/\/www.radiopiu.net\/wordpress\/al-via-le-prenotazioni-per-il-concerto-la-mia-terra-con-roby-facchinetti\/6d2f3eca-51eb-475d-a53d-f8cc7852afd5\/\" rel=\"attachment wp-att-216089\"><img loading=\"lazy\" decoding=\"async\" class=\" wp-image-216089 alignleft\" src=\"https:\/\/www.radiopiu.net\/wordpress\/wp-content\/uploads\/2021\/06\/6d2f3eca-51eb-475d-a53d-f8cc7852afd5-300x300.jpg\" alt=\"\" width=\"169\" height=\"169\" srcset=\"https:\/\/www.radiopiu.net\/wordpress\/wp-content\/uploads\/2021\/06\/6d2f3eca-51eb-475d-a53d-f8cc7852afd5-300x300.jpg 300w, https:\/\/www.radiopiu.net\/wordpress\/wp-content\/uploads\/2021\/06\/6d2f3eca-51eb-475d-a53d-f8cc7852afd5-150x150.jpg 150w, https:\/\/www.radiopiu.net\/wordpress\/wp-content\/uploads\/2021\/06\/6d2f3eca-51eb-475d-a53d-f8cc7852afd5-768x768.jpg 768w, https:\/\/www.radiopiu.net\/wordpress\/wp-content\/uploads\/2021\/06\/6d2f3eca-51eb-475d-a53d-f8cc7852afd5.jpg 1024w\" sizes=\"auto, (max-width: 169px) 100vw, 169px\" \/><\/a><\/strong>AL VIA LE PRENOTAZIONI PER IL CONCERTO &#8220;LA MIA TERRA&#8221; CON ROBY FACCHINETTI<\/h3>\n<p><em>Regione Veneto, Provincia di Belluno, Comune di Falcade, Pro Loco Falcade Caviola, PromoFalcade Dolomiti e Ski Area San Pellegrino.<\/em><\/p><\/blockquote>\n<p><strong>FALCADE <\/strong>\u00a0Diretti dal Maestro Diego Basso un centinaio di artisti tra musicisti e coristi dell\u2019Orchestra Ritmico Sinfonica Italiana e Le Voci di Art Voice Academy.\u00a0 L\u2019accesso all\u2019area del concerto e\u0300 raggiungibile solo su prenotazione, tramite il sito: <a href=\"https:\/\/www.falcadedolomiti.it\/falcade-e-il-concerto-la-mia-terra\/\">https:\/\/www.falcadedolomiti.it\/falcade-e-il-concerto-la-mia-terra\/<\/a><\/p>\n<p>&nbsp;<\/p>\n<hr \/>\n<p>&nbsp;<\/p>\n<p>&nbsp;<\/p>\n<h3>Concerto di Gala<br \/>\n<em>Concerto celebrativo del 154\u00b0 anno dalla fondazione della Filarmonica di Belluno.<\/em><\/h3>\n<p><strong>\u00a0DOMANI ALLE\u00a0 20:30 IN PIAZZA DUOMO A BELLUNO<\/strong><\/p>\n<p><strong>BELLUNO<\/strong> La Filarmonica, diretta dai maestri Sandro De Marchi e Andrea Gasperin, si esibir\u00e0 in un articolato programma che spazia dalla musica originale per banda ad apposite trascrizioni di musica classica, dalla musica pop alle colonne sonore fino alla musica jazz. Per poter partecipare\u00a0<a href=\"https:\/\/bandabelluno.us15.list-manage.com\/track\/click?u=894cd617e4f50012757ef7e42&amp;id=814a764e20&amp;e=40f9faa4f0\">clicca qui<\/a>\u00a0Ingresso libero.<\/p>\n<p>&nbsp;<\/p>\n<hr \/>\n<p>&nbsp;<\/p>\n<blockquote>\n<h3>TRA FELTRO E FELTRE&#8230;DANTE CON IL LIBRO PARLATO DI FELTRE<\/h3>\n<\/blockquote>\n<p><strong>FELTRE<\/strong> \u00c8 in programma per domenica 4 luglio alle 17:30 &#8220;Tra Feltro e Feltre&#8230;700 anni dalla morte di Dante&#8221;, la lettura della Divina Commedia, La Vita Nova, Le Rime e le Epistole in Chiesa San Rocco nella Piazza Maggiore di Feltre con le voci dei Libri Parlanti Luisa Alchini, Ornella Favretti, Annunciata Olivieri, Enis Pocchetto, Maria Teresa Totti e Mauro Viani. Per informazioni www.libroparlato.org oppure www.fondacofeltre.it<\/p>\n<p>&nbsp;<\/p>\n<p>&nbsp;<\/p>\n<hr \/>\n<p>&nbsp;<\/p>\n<blockquote>\n<h3>GIORNATE NAZIONALI DEL CICLOTURISMO, DOMENICA A FELTRE<\/h3>\n<\/blockquote>\n<p><strong>FELTRE<\/strong> Domenica 20 giugno\u00a0FIAB FeltreInBici \u00a0propone una pedalata nei dintorni di Feltre con visita a 5 dimore storiche:\u00a0Villa Zugni Tauro De Mezzan, Villa Dei Rosada, Villa San Liberale, Villa Tonello &#8211; Zampiero, Villa Fabris Guarnieri.\u00a0 L&#8217;appuntamento \u00e8 fissato alle ore 08.00\u00a0a\u00a0Pr\u00e0 del Moro, per\u00a0iniziare la pedalata alle ore 08:30\u00a0che si\u00a0concluder\u00e0\u00a0in Largo Panfilo Castaldi alle\u00a0ore 18:00 circa. (Il programma completo della giornata <a href=\"https:\/\/mailchi.mp\/571ba0e0ffbd\/giornata_nazionale_del_cicloturismo\">CLICCANDO QU<\/a>I) (Iscrizione obbligatoria sul sito <a title=\"http:\/\/www.feltreinbici.blogspot.com\" href=\"http:\/\/www.feltreinbici.blogspot.com\/\">www.feltreinbici.blogspot.com<\/a>)<\/p>\n<p>&nbsp;<\/p>\n<hr \/>\n<p>&nbsp;<\/p>\n<blockquote>\n<h3><strong><a href=\"https:\/\/www.radiopiu.net\/wordpress\/giornale-radiopiu-16-giugno-2021-direttore-mirko-mezzacasa\/a4f570bb-b6f9-5c59-adc6-8f74a1091ee0\/\" rel=\"attachment wp-att-216315\"><img loading=\"lazy\" decoding=\"async\" class=\"wp-image-216315 alignleft\" src=\"https:\/\/www.radiopiu.net\/wordpress\/wp-content\/uploads\/2021\/06\/a4f570bb-b6f9-5c59-adc6-8f74a1091ee0-300x200.jpg\" alt=\"\" width=\"158\" height=\"105\" srcset=\"https:\/\/www.radiopiu.net\/wordpress\/wp-content\/uploads\/2021\/06\/a4f570bb-b6f9-5c59-adc6-8f74a1091ee0-300x200.jpg 300w, https:\/\/www.radiopiu.net\/wordpress\/wp-content\/uploads\/2021\/06\/a4f570bb-b6f9-5c59-adc6-8f74a1091ee0-768x512.jpg 768w, https:\/\/www.radiopiu.net\/wordpress\/wp-content\/uploads\/2021\/06\/a4f570bb-b6f9-5c59-adc6-8f74a1091ee0.jpg 1024w\" sizes=\"auto, (max-width: 158px) 100vw, 158px\" \/><\/a>LAGHI DI FOSSES <\/strong><strong>PARCO NATURALE DELLE DOLOMITI D&#8217;AMPEZZO\u00a0<\/strong><\/h3>\n<\/blockquote>\n<p><strong>AGORDO<\/strong> Domenica 20 giugno l&#8217;escursione con il Cai di Agordo\u00a0nel Parco Naturale delle Dolomiti d&#8217;Ampezzo. L&#8217;escursione\u00a0 \u00a0organizzata in collaborazione con il Gruppo Agordino Mineralogico-Paleontologico in uno dei posti pi\u00f9 affascinanti e sorprendenti del Parco: l&#8217;<strong>Alpe di F\u00f2sses<\/strong>, dominata dalla Piccola Croda Rossa d&#8217;Ampezzo e dalla Croda del B\u00e9cco. Il supporto di esperti geologi\u00a0 permetter\u00e0 di scoprire e valorizzare il patrimonio geologico dolomitico<\/p>\n<p>&nbsp;<\/p>\n<hr \/>\n<p>&nbsp;<\/p>\n<blockquote>\n<h3>SULLE ALPI CARNICHE CON IL CAI DI BELLUNO<\/h3>\n<\/blockquote>\n<p><strong>BELLUNO<\/strong> La sezione di Belluno del Club Alpino Italiano propone, per domenica, un&#8217;escursione nelle Alpi Carniche, sull&#8217;altopiano di Razzo:\u00a0 Il giro del Tiarfin, escursione ad anello con partenza ed arrivo presso la malga di Casera Razzo a 1733 metri lungo il sentiero 208 che sale alla Sella posta a 2250 metri alla testata della Busa del Tiarfin.<\/p>\n<p>&nbsp;<\/p>\n<p>&nbsp;<\/p>\n<hr \/>\n<p>&nbsp;<\/p>\n<blockquote>\n<h3>GLI ALLIEVI BELLUNESI DONANO NUOVA VITA AL LEGNO DOLOMITICO POST VAIA<\/h3>\n<\/blockquote>\n<p><strong>LONGARONE<\/strong>12 ragazzi e un\u2019idea imprenditoriale: recuperare il legname proveniente dai boschi schiantati da Vaia. E\u2019 questo, in sintesi, il progetto \u201cChe Impresa! Nuova vita al Legno delle Dolomiti bellunesi\u201d. Protagonisti gli studenti dell\u2019ITIS \u201cG. Segato\u201d di Belluno. Oggi alle 16 nell\u2019aula magna del Politecnico Internazionale dell\u2019Occhiale l&#8217;evento finale, gli allievi bellunesi che illustreranno un lavoro durato ben due anni. Partenza: ore 7.00 dal Piazzale Resistenza (stadio) a Belluno ritrovo 10 min. Prima con mezzi propri; il rientro \u00e8 previsto in serata. Le iscrizioni, aperte solo ai soci CAI, causa emergenza COVID si effettuano esclusivamente in modalit\u00e0 online improrogabilmente entro le ore 12 di sabato 19 giugno\u00a0<strong><span style=\"color: #0000ff;\"> <a style=\"color: #0000ff;\" href=\"https:\/\/form.jotformeu.com\/EscursionismoCaiBL\/Tiarfin\">CLICCA QUI<\/a><\/span><\/strong><\/p>\n<p>&nbsp;<\/p>\n<p>&nbsp;<\/p>\n<hr \/>\n<p>&nbsp;<\/p>\n<p>&nbsp;<\/p>\n<blockquote>\n<h3>COLLAGE&#8230; DI LORIS SCUSSEL dal lunedi al venerdi alle 16 e alle 23 su RADIO PIU<\/h3>\n<\/blockquote>\n<div><strong>AUDIO PUNTATA 369 DEL\u00a0 17\u00a0 GIUGNO\u00a0 \u00a0<\/strong><\/div>\n<div>\n<div>\n<div>\n<div>\n<audio class=\"wp-audio-shortcode\" id=\"audio-216491-15\" preload=\"none\" style=\"width: 100%;\" controls=\"controls\"><source type=\"audio\/mpeg\" src=\"https:\/\/www.radiopiu.net\/wordpress\/wp-content\/uploads\/2021\/06\/COME.mp3?_=15\" \/><a href=\"https:\/\/www.radiopiu.net\/wordpress\/wp-content\/uploads\/2021\/06\/COME.mp3\">https:\/\/www.radiopiu.net\/wordpress\/wp-content\/uploads\/2021\/06\/COME.mp3<\/a><\/audio>\n<\/div>\n<\/div>\n<div>\n<p><strong>\u00a0 \u00a0<\/strong><strong>\u00a0<\/strong><img loading=\"lazy\" decoding=\"async\" class=\"alignleft\" src=\"https:\/\/www.radiopiu.net\/wordpress\/wp-content\/uploads\/2021\/05\/Schermata-2021-05-23-alle-11.50.11.png\" width=\"186\" height=\"131\" \/>Il programma \u00e8 andato in onda da dicembre 2013 fino a luglio 2019, comprese le repliche, in due serie per 350 puntate complessive con 1.890 brani trasmessi. L\u2019obiettivo del programma: riproporre agli ascoltatori pi\u00f9 grandicelli le canzoni che ascoltavano nel passato e nello stesso tempo farle conoscere anche ai pi\u00f9 giovani.<\/p>\n<\/div>\n<p>&nbsp;<\/p>\n<\/div>\n<p>&nbsp;<\/p>\n<\/div>\n<p>&nbsp;<\/p>\n<p>&nbsp;<\/p>\n<p>&nbsp;<\/p>\n<hr \/>\n<p>&nbsp;<\/p>\n<blockquote>\n<h3>IL PRODIGIOSO SVILUPPO DELLE FABBRICHE DI OCCHIALI DEL CADORE: I FRATELLI LOZZA<\/h3>\n<\/blockquote>\n<p><strong>di Renato Bona<\/strong><\/p>\n<p>Nelle centotrenta pagine del libro \u201cDallo smeraldo di Nerone agli occhiali del Cadore\u201d realizzato dallo storico Enrico De Lotto nel 1956 con la tipografia Silvio Benetta di Belluno (in occasione della rassegna allestita nel palazzo della Magnifica comunit\u00e0 cadorina, a Pieve, a cura della Camera di commercio bellunese: \u201cMostra degli occhiali attraverso i secoli\u201d, in occasione dei Giochi olimpici invernali di Cortina) giusto spazio \u00e8 stato riservato nel capitolo: \u201cIl prodigioso sviluppo delle fabbriche di occhiali del Cadore dopo la prima guerra mondiale e fino ai giorni nostri\u201d ai fratelli Lozza. L\u2019autore esordisce cos\u00ec: \u201cL\u2019industria degli occhiali in Cadore \u00e8 stata sviluppata e si \u00e8 affermata nel mondo non per iniziativa di capaci borse, pi\u00f9 o meno anonime, bens\u00ec e solo per volont\u00e0 e tenacia di lavoratori, di uomini che conobbero l\u2019umile fatica manuale, i disagi e lo sconforto della povert\u00e0 e che solo e sempre fecero della propria istintiva ed intensiva capacit\u00e0 d\u2019intelletto la forza che li condusse a vincere l\u2019avversit\u00e0 e la nequizia degli uomini e la violenza bruta della natura, Cos\u00ec avvenne per tutte le ditte cadorine che oggi dominano i mercati del mondo con i loro pregiati prodotti\u201d. E poi spiega che \u201cCos\u00ec avvenne per la grande occhialeria Lozza, quando Giovanni, l\u2019antenato degli attuali dirigenti, iniziando nel lontano 1878, con Angelo e Leone Frescura, la fabbricazione dei primi rudimentali occhiali sulle rive del Molin\u00e0 non era sorretto che dalla tenacia e da un grande spirito di sacrificio\u2026\u201d. Si spiega cos\u00ec perch\u00e9 gli immancabili alti e bassi delle persone e delle situazioni non fermarono \u201cil trionfale cammino dell\u2019industria cadorina, e quindi italiana, degli occhiali. E\u2019 nel 1886 &#8211; sempre secondo quanto scritto dal De Lotto &#8211; che Giovanni Lozza, dopo la morte di Angelo Frescura, dovette abbandonare per mancanza di mezzi l\u2019impresa di costruire occhiali e si ritir\u00f2 nella sua rustica officina a San Francesco dove gett\u00f2 le basi di una grande industria, costruendo macchine per Ferrari e poi per Cargnel. Nel giugno 1912 fu costituita la ditta Fratelli Lozza come Officina meccanica, continuando la collaborazione con la Cargnel. Nel 1915, anno in cui scoppi\u00f2 la Grande Guerra, Giovanni Lozza pass\u00f2 a miglior vita. Lucio Lozza, nato il 19 aprile 1887, dopo anni alle dipendenze di Cargnel come tecnico specialista in meccanica col fratello Giuseppe, fu preposto alla direzione del reparto costruzioni ottiche del R. Laboratorio di precisione a Roma e in quel periodo si form\u00f2 una profonda cultura in campo ottico e nella tecnica dei vari strumenti; fra l\u2019altro collabor\u00f2 all\u2019allestimento di macchinari per la milanese ditta Cargnel fornendo anche il progetto per un nuovo macchinario. In Lucio per\u00f2 c\u2019era sempre il pensiero dell\u2019officina di suo padre sotto la diroccata chiesa di San Francesco d\u2019Orsina. Matur\u00f2 dunque l\u2019idea di specializzarsi nella creazione di occhiali da sole e ricostru\u00ec la piccola officina dando vita al primo nucleo dell\u2019attuale fabbrica. Nel 1919 riprese a produrre occhiali in celluloide, articolo ricercato e redditizio ed i primi occhiali Lozza furono venduti a Milano dalla Cargnel con la quale la collaborazione era proseguita intensa. Intanto a Lucio si era associato il fratello Giuseppe (1870-1954), provetto meccanico che aveva collaborato per lustri con Ferrari e Cargnel. Risale all\u2019aprile 1920 la costituzione ufficiale della ditta fratelli Lozza come fabbrica di occhiali in celluloide, allora unica in Italia. L\u2019azienda, che era costretta in un piccolo locale dove lavoravano 7 operai si svilupp\u00f2 presto e bene, fino ad arrivare a cinquecento operai, la pi\u00f9 importante d\u2019Europa e tra le prime al mondo. L\u2019autore ricorda poi che a seguito di una visita disposta dal Regio Istituto Veneto che per favorire il progresso delle scienze, lettere ed arti indiceva periodicamente appositi concorsi, il presidente prof. Spica ed il relatore Albertotti conclusero la loro relazione a proposito della Lozza che vi aveva partecipato, affermando fra l\u2019altro &#8211; era il 13 giugno 1923 &#8211; che: \u201csotto ogni riguardo d\u00e0 i migliori affidamenti per l\u2019incremento e l\u2019avvenire dello stabilimento che gi\u00e0 fin d\u2019ora grandemente onora il nostro Paese\u201d. De Lotto conclude quest\u2019altro splendido capitolo della storia dell\u2019occhialeria cadorina ricordando che Giuseppe Lozza \u201cuomo fattivo, volitivo, intelligente e laborioso\u201d fu a lungo presidente dell\u2019Associazione fra gli industriali della provincia di Belluno e presidente dell\u2019Associazione italiana degli ottici; si impegn\u00f2 nelle problematiche sociali e fra l\u2019altro per la salvaguardia della salute degli operai, e conclude: \u201cLa sua grande opera rimane e continuer\u00f2 a fiorire sotto la guida di Agostino e Mario Lozza, che da Lucio e da Giuseppe hanno ereditato la ferrea volont\u00e0, l\u2019acutezza d\u2019ingegno, la laboriosa perseveranza\u201d.<\/p>\n\n\t\t\t<style type='text\/css'>\n\t\t\t\t#gallery-8 {\n\t\t\t\t\tmargin: auto;\n\t\t\t\t}\n\t\t\t\t#gallery-8 .gallery-item {\n\t\t\t\t\tfloat: left;\n\t\t\t\t\tmargin-top: 10px;\n\t\t\t\t\ttext-align: center;\n\t\t\t\t\twidth: 16%;\n\t\t\t\t}\n\t\t\t\t#gallery-8 img {\n\t\t\t\t\tborder: 2px solid #cfcfcf;\n\t\t\t\t}\n\t\t\t\t#gallery-8 .gallery-caption {\n\t\t\t\t\tmargin-left: 0;\n\t\t\t\t}\n\t\t\t\t\/* see gallery_shortcode() in wp-includes\/media.php *\/\n\t\t\t<\/style>\n\t\t<div id='gallery-8' class='dt-gallery-container gallery galleryid-216491 gallery-columns-6 gallery-size-thumbnail'><dl class='gallery-item'>\n\t\t\t\t<dt class='gallery-icon portrait'>\n\t\t\t\t\t<a class=\"rollover rollover-zoom dt-pswp-item\" title=\"201310480_314508793561051_7467475829832355412_n\" data-dt-img-description=\"\" data-large_image_width=\"320\" data-large_image_height=\"1330\"href='https:\/\/www.radiopiu.net\/wordpress\/wp-content\/uploads\/2021\/06\/201310480_314508793561051_7467475829832355412_n.jpg'><img loading=\"lazy\" decoding=\"async\" width=\"150\" height=\"150\" src=\"https:\/\/www.radiopiu.net\/wordpress\/wp-content\/uploads\/2021\/06\/201310480_314508793561051_7467475829832355412_n-150x150.jpg\" class=\"attachment-thumbnail size-thumbnail\" alt=\"\" \/><\/a>\n\t\t\t\t<\/dt><\/dl><dl class='gallery-item'>\n\t\t\t\t<dt class='gallery-icon landscape'>\n\t\t\t\t\t<a class=\"rollover rollover-zoom dt-pswp-item\" title=\"201737743_1380834305628190_6189581285747202556_n\" data-dt-img-description=\"\" data-large_image_width=\"730\" data-large_image_height=\"403\"href='https:\/\/www.radiopiu.net\/wordpress\/wp-content\/uploads\/2021\/06\/201737743_1380834305628190_6189581285747202556_n.jpg'><img loading=\"lazy\" decoding=\"async\" width=\"150\" height=\"150\" src=\"https:\/\/www.radiopiu.net\/wordpress\/wp-content\/uploads\/2021\/06\/201737743_1380834305628190_6189581285747202556_n-150x150.jpg\" class=\"attachment-thumbnail size-thumbnail\" alt=\"\" \/><\/a>\n\t\t\t\t<\/dt><\/dl><dl class='gallery-item'>\n\t\t\t\t<dt class='gallery-icon landscape'>\n\t\t\t\t\t<a class=\"rollover rollover-zoom dt-pswp-item\" title=\"201309437_4183599565060237_8166798198739534846_n\" data-dt-img-description=\"\" data-large_image_width=\"805\" data-large_image_height=\"403\"href='https:\/\/www.radiopiu.net\/wordpress\/wp-content\/uploads\/2021\/06\/201309437_4183599565060237_8166798198739534846_n.jpg'><img loading=\"lazy\" decoding=\"async\" width=\"150\" height=\"150\" src=\"https:\/\/www.radiopiu.net\/wordpress\/wp-content\/uploads\/2021\/06\/201309437_4183599565060237_8166798198739534846_n-150x150.jpg\" class=\"attachment-thumbnail size-thumbnail\" alt=\"\" \/><\/a>\n\t\t\t\t<\/dt><\/dl><dl class='gallery-item'>\n\t\t\t\t<dt class='gallery-icon landscape'>\n\t\t\t\t\t<a class=\"rollover rollover-zoom dt-pswp-item\" title=\"201410069_255151983037496_5459033113471614936_n\" data-dt-img-description=\"\" data-large_image_width=\"498\" data-large_image_height=\"403\"href='https:\/\/www.radiopiu.net\/wordpress\/wp-content\/uploads\/2021\/06\/201410069_255151983037496_5459033113471614936_n.jpg'><img loading=\"lazy\" decoding=\"async\" width=\"150\" height=\"150\" src=\"https:\/\/www.radiopiu.net\/wordpress\/wp-content\/uploads\/2021\/06\/201410069_255151983037496_5459033113471614936_n-150x150.jpg\" class=\"attachment-thumbnail size-thumbnail\" alt=\"\" \/><\/a>\n\t\t\t\t<\/dt><\/dl><dl class='gallery-item'>\n\t\t\t\t<dt class='gallery-icon landscape'>\n\t\t\t\t\t<a class=\"rollover rollover-zoom dt-pswp-item\" title=\"200597717_917391689109806_5364212343376200113_n\" data-dt-img-description=\"\" data-large_image_width=\"591\" data-large_image_height=\"403\"href='https:\/\/www.radiopiu.net\/wordpress\/wp-content\/uploads\/2021\/06\/200597717_917391689109806_5364212343376200113_n.jpg'><img loading=\"lazy\" decoding=\"async\" width=\"150\" height=\"150\" src=\"https:\/\/www.radiopiu.net\/wordpress\/wp-content\/uploads\/2021\/06\/200597717_917391689109806_5364212343376200113_n-150x150.jpg\" class=\"attachment-thumbnail size-thumbnail\" alt=\"\" \/><\/a>\n\t\t\t\t<\/dt><\/dl><dl class='gallery-item'>\n\t\t\t\t<dt class='gallery-icon portrait'>\n\t\t\t\t\t<a class=\"rollover rollover-zoom dt-pswp-item\" title=\"200816452_784995388880086_1180677139094604260_n\" data-dt-img-description=\"\" data-large_image_width=\"356\" data-large_image_height=\"403\"href='https:\/\/www.radiopiu.net\/wordpress\/wp-content\/uploads\/2021\/06\/200816452_784995388880086_1180677139094604260_n.jpg'><img loading=\"lazy\" decoding=\"async\" width=\"150\" height=\"150\" src=\"https:\/\/www.radiopiu.net\/wordpress\/wp-content\/uploads\/2021\/06\/200816452_784995388880086_1180677139094604260_n-150x150.jpg\" class=\"attachment-thumbnail size-thumbnail\" alt=\"\" \/><\/a>\n\t\t\t\t<\/dt><\/dl><br style=\"clear: both\" \/><dl class='gallery-item'>\n\t\t\t\t<dt class='gallery-icon landscape'>\n\t\t\t\t\t<a class=\"rollover rollover-zoom dt-pswp-item\" title=\"201173762_892567794935938_5267780707226093969_n\" data-dt-img-description=\"\" data-large_image_width=\"566\" data-large_image_height=\"403\"href='https:\/\/www.radiopiu.net\/wordpress\/wp-content\/uploads\/2021\/06\/201173762_892567794935938_5267780707226093969_n.jpg'><img loading=\"lazy\" decoding=\"async\" width=\"150\" height=\"150\" src=\"https:\/\/www.radiopiu.net\/wordpress\/wp-content\/uploads\/2021\/06\/201173762_892567794935938_5267780707226093969_n-150x150.jpg\" class=\"attachment-thumbnail size-thumbnail\" alt=\"\" \/><\/a>\n\t\t\t\t<\/dt><\/dl><dl class='gallery-item'>\n\t\t\t\t<dt class='gallery-icon landscape'>\n\t\t\t\t\t<a class=\"rollover rollover-zoom dt-pswp-item\" title=\"201814500_395159938457267_7637019652116906013_n\" data-dt-img-description=\"\" data-large_image_width=\"651\" data-large_image_height=\"403\"href='https:\/\/www.radiopiu.net\/wordpress\/wp-content\/uploads\/2021\/06\/201814500_395159938457267_7637019652116906013_n.jpg'><img loading=\"lazy\" decoding=\"async\" width=\"150\" height=\"150\" src=\"https:\/\/www.radiopiu.net\/wordpress\/wp-content\/uploads\/2021\/06\/201814500_395159938457267_7637019652116906013_n-150x150.jpg\" class=\"attachment-thumbnail size-thumbnail\" alt=\"\" \/><\/a>\n\t\t\t\t<\/dt><\/dl><dl class='gallery-item'>\n\t\t\t\t<dt class='gallery-icon landscape'>\n\t\t\t\t\t<a class=\"rollover rollover-zoom dt-pswp-item\" title=\"200212659_621895622538459_3177319809383794612_n\" data-dt-img-description=\"\" data-large_image_width=\"472\" data-large_image_height=\"403\"href='https:\/\/www.radiopiu.net\/wordpress\/wp-content\/uploads\/2021\/06\/200212659_621895622538459_3177319809383794612_n.jpg'><img loading=\"lazy\" decoding=\"async\" width=\"150\" height=\"150\" src=\"https:\/\/www.radiopiu.net\/wordpress\/wp-content\/uploads\/2021\/06\/200212659_621895622538459_3177319809383794612_n-150x150.jpg\" class=\"attachment-thumbnail size-thumbnail\" alt=\"\" \/><\/a>\n\t\t\t\t<\/dt><\/dl><dl class='gallery-item'>\n\t\t\t\t<dt class='gallery-icon landscape'>\n\t\t\t\t\t<a class=\"rollover rollover-zoom dt-pswp-item\" title=\"200731861_902371673952231_1378832288502951824_n\" data-dt-img-description=\"\" data-large_image_width=\"536\" data-large_image_height=\"403\"href='https:\/\/www.radiopiu.net\/wordpress\/wp-content\/uploads\/2021\/06\/200731861_902371673952231_1378832288502951824_n.jpg'><img loading=\"lazy\" decoding=\"async\" width=\"150\" height=\"150\" src=\"https:\/\/www.radiopiu.net\/wordpress\/wp-content\/uploads\/2021\/06\/200731861_902371673952231_1378832288502951824_n-150x150.jpg\" class=\"attachment-thumbnail size-thumbnail\" alt=\"\" \/><\/a>\n\t\t\t\t<\/dt><\/dl><dl class='gallery-item'>\n\t\t\t\t<dt class='gallery-icon portrait'>\n\t\t\t\t\t<a class=\"rollover rollover-zoom dt-pswp-item\" title=\"201842142_960475988125810_8441096313144196291_n\" data-dt-img-description=\"\" data-large_image_width=\"320\" data-large_image_height=\"458\"href='https:\/\/www.radiopiu.net\/wordpress\/wp-content\/uploads\/2021\/06\/201842142_960475988125810_8441096313144196291_n.jpg'><img loading=\"lazy\" decoding=\"async\" width=\"150\" height=\"150\" src=\"https:\/\/www.radiopiu.net\/wordpress\/wp-content\/uploads\/2021\/06\/201842142_960475988125810_8441096313144196291_n-150x150.jpg\" class=\"attachment-thumbnail size-thumbnail\" alt=\"\" \/><\/a>\n\t\t\t\t<\/dt><\/dl>\n\t\t\t\t<br style='clear: both' \/>\n\t\t\t<\/div>\n\n<p>NELLE FOTO (riproduzioni dal libro \u201cDallo smeraldo di Nerone agli occhiali del Cadore): la fabbrica Lozza nel 1921; il cavaliere del lavoro Lucio Lozza; Giuseppe Lozza iniziatore della fabbricazione di ogni sorta di macchine ed attrezzi per occhiali; il nono reparto dell\u2019Esercito italiano di Ottica di precisione di Roma: il terzo da destra in alto \u00e8 Lucio Lozza, il primo a sinistra Calisto Fedon; 1922: invenzione di Lozza, la speciale macchina per la preparazione automatica del bisello della lente; un reparto della fabbrica nel 1923, in primo piano Lucio ed Agostino Lozza, vicino alla finestra Giuseppe Lozza; serie di occhiali prodotta dalla azienda cadorina nel 1935; un grande, moderno salone dell\u2019occhialeria; panoramica della grande fabbrica specializzata in montature in celluloide; speciale montatura per lenti bifocali; reparto per la fabbricazione delle cerniere per occhiali.<\/p>\n<p>&nbsp;<\/p>\n<p>&nbsp;<\/p>\n<hr \/>\n<p>&nbsp;<\/p>\n<h1><span style=\"color: #ff0000;\">IERI ALLA RADIO<\/span><\/h1>\n<h2><strong><a href=\"https:\/\/www.radiopiu.net\/wordpress\/riapre-al-pubblico-il-castello-di-andraz\/castello_di_andraz1\/\" rel=\"attachment wp-att-216599\"><img loading=\"lazy\" decoding=\"async\" class=\" wp-image-216599 alignleft\" src=\"https:\/\/www.radiopiu.net\/wordpress\/wp-content\/uploads\/2021\/06\/Castello_di_Andraz1-225x300.jpg\" alt=\"\" width=\"125\" height=\"167\" srcset=\"https:\/\/www.radiopiu.net\/wordpress\/wp-content\/uploads\/2021\/06\/Castello_di_Andraz1-225x300.jpg 225w, https:\/\/www.radiopiu.net\/wordpress\/wp-content\/uploads\/2021\/06\/Castello_di_Andraz1-768x1024.jpg 768w, https:\/\/www.radiopiu.net\/wordpress\/wp-content\/uploads\/2021\/06\/Castello_di_Andraz1.jpg 960w\" sizes=\"auto, (max-width: 125px) 100vw, 125px\" \/><\/a><\/strong><span style=\"color: #666699;\">RIAPRE AL PUBBLICO IL CASTELLO DI ANDRAZ<\/span><\/h2>\n<p><strong>di Claudio Fontanive<\/strong><\/p>\n<p>OSPITE: Denny Dorigo ed Eleonora De Mattia<\/p>\n<audio class=\"wp-audio-shortcode\" id=\"audio-216491-16\" preload=\"none\" style=\"width: 100%;\" controls=\"controls\"><source type=\"audio\/mpeg\" src=\"https:\/\/www.radiopiu.net\/wordpress\/wp-content\/uploads\/2021\/06\/DENNI-ANDRAZ.mp3?_=16\" \/><a href=\"https:\/\/www.radiopiu.net\/wordpress\/wp-content\/uploads\/2021\/06\/DENNI-ANDRAZ.mp3\">https:\/\/www.radiopiu.net\/wordpress\/wp-content\/uploads\/2021\/06\/DENNI-ANDRAZ.mp3<\/a><\/audio>\n<p>&nbsp;<\/p>\n<hr \/>\n<p>&nbsp;<\/p>\n<h2><span style=\"color: #ff0000;\">LA RACCOLTA COMPLETA<\/span><\/h2>\n<blockquote class=\"wp-embedded-content\" data-secret=\"MxlBase9ea\"><p><a href=\"https:\/\/www.radiopiu.net\/wordpress\/girovagando-in-e-bike-tra-le-dolomiti\/\">GIROVAGANDO IN E BIKE TRA LE DOLOMITI<\/a><\/p><\/blockquote>\n<p><iframe loading=\"lazy\" class=\"wp-embedded-content\" sandbox=\"allow-scripts\" security=\"restricted\" style=\"position: absolute; clip: rect(1px, 1px, 1px, 1px);\" title=\"&#8220;GIROVAGANDO IN E BIKE TRA LE DOLOMITI&#8221; &#8212; Radio Pi\u00f9\" src=\"https:\/\/www.radiopiu.net\/wordpress\/girovagando-in-e-bike-tra-le-dolomiti\/embed\/#?secret=MxlBase9ea\" data-secret=\"MxlBase9ea\" width=\"600\" height=\"338\" frameborder=\"0\" marginwidth=\"0\" marginheight=\"0\" scrolling=\"no\"><\/iframe><\/p>\n<p>&nbsp;<\/p>\n<hr \/>\n<p>&nbsp;<\/p>\n<p>&nbsp;<\/p>\n<blockquote class=\"wp-embedded-content\" data-secret=\"xs6dRBjsAq\"><p><a href=\"https:\/\/www.radiopiu.net\/wordpress\/giovani-agricoltori-agordini-di-gianni-santomaso\/\">GIOVANI AGRICOLTORI AGORDINI, di GIANNI SANTOMASO<\/a><\/p><\/blockquote>\n<p><iframe loading=\"lazy\" class=\"wp-embedded-content\" sandbox=\"allow-scripts\" security=\"restricted\" style=\"position: absolute; clip: rect(1px, 1px, 1px, 1px);\" title=\"&#8220;GIOVANI AGRICOLTORI AGORDINI, di GIANNI SANTOMASO&#8221; &#8212; Radio Pi\u00f9\" src=\"https:\/\/www.radiopiu.net\/wordpress\/giovani-agricoltori-agordini-di-gianni-santomaso\/embed\/#?secret=xs6dRBjsAq\" data-secret=\"xs6dRBjsAq\" width=\"600\" height=\"338\" frameborder=\"0\" marginwidth=\"0\" marginheight=\"0\" scrolling=\"no\"><\/iframe><\/p>\n<p>&nbsp;<\/p>\n<p>&nbsp;<\/p>\n<hr \/>\n<p>&nbsp;<\/p>\n<p>&nbsp;<\/p>\n<div>\n<div class=\"b654a4as d2edcug0\">\n<div class=\"rq0escxv hkbzh7o3 jwdofwj8 n8tt0mok r8blr3vg hyh9befq\">\n<p><a class=\"dt-pswp-item\" href=\"https:\/\/www.radiopiu.net\/wordpress\/wp-content\/uploads\/2020\/10\/pp.jpg\" data-dt-img-description=\"\" data-large_image_width=\"640\" data-large_image_height=\"640\"><img loading=\"lazy\" decoding=\"async\" class=\"wp-image-163678 alignleft\" src=\"https:\/\/www.radiopiu.net\/wordpress\/wp-content\/uploads\/2020\/10\/pp-300x300.jpg\" alt=\"\" width=\"106\" height=\"106\" srcset=\"https:\/\/www.radiopiu.net\/wordpress\/wp-content\/uploads\/2020\/10\/pp-300x300.jpg 300w, https:\/\/www.radiopiu.net\/wordpress\/wp-content\/uploads\/2020\/10\/pp-150x150.jpg 150w, https:\/\/www.radiopiu.net\/wordpress\/wp-content\/uploads\/2020\/10\/pp-125x125.jpg 125w, https:\/\/www.radiopiu.net\/wordpress\/wp-content\/uploads\/2020\/10\/pp-200x200.jpg 200w, https:\/\/www.radiopiu.net\/wordpress\/wp-content\/uploads\/2020\/10\/pp-80x80.jpg 80w, https:\/\/www.radiopiu.net\/wordpress\/wp-content\/uploads\/2020\/10\/pp-480x480.jpg 480w, https:\/\/www.radiopiu.net\/wordpress\/wp-content\/uploads\/2020\/10\/pp.jpg 640w\" sizes=\"auto, (max-width: 106px) 100vw, 106px\" \/><\/a><\/p>\n<\/div>\n<\/div>\n<\/div>\n<div>\n<div class=\"page-title-head hgroup\">\n<div class=\"page-title-head hgroup\">\n<div class=\"b654a4as d2edcug0\">\n<div class=\"j83agx80 btwxx1t3 lhclo0ds hop8lmos nkwizq5d scwd0bx6 roh60bw9\">\n<div class=\"rq0escxv hkbzh7o3 jwdofwj8 n8tt0mok r8blr3vg hyh9befq\">\n<div class=\"do00u71z l9j0dhe7 k4urcfbm\">\n<h2><span style=\"color: #000080;\">DON CESARE, IL PENSIERO DEL GIORNO. ALLA RADIO ALLE 7 DEL MATTINO E ALLE 19.30 DELLA SERA.\u00a0\u00a0<\/span><\/h2>\n<\/div>\n<\/div>\n<\/div>\n<div class=\"rq0escxv hkbzh7o3 jwdofwj8 n8tt0mok r8blr3vg hyh9befq\"><\/div>\n<div><\/div>\n<div><\/div>\n<div><\/div>\n<div>\n<audio class=\"wp-audio-shortcode\" id=\"audio-216491-17\" preload=\"none\" style=\"width: 100%;\" controls=\"controls\"><source type=\"audio\/mpeg\" src=\"https:\/\/www.radiopiu.net\/wordpress\/wp-content\/uploads\/2021\/06\/CESARE-15.mp3?_=17\" \/><a href=\"https:\/\/www.radiopiu.net\/wordpress\/wp-content\/uploads\/2021\/06\/CESARE-15.mp3\">https:\/\/www.radiopiu.net\/wordpress\/wp-content\/uploads\/2021\/06\/CESARE-15.mp3<\/a><\/audio>\n<\/div>\n<div><\/div>\n<div>\n<hr \/>\n<\/div>\n<div><\/div>\n<div>\n<div><\/div>\n<div>\n<blockquote><p>&nbsp;<\/p><\/blockquote>\n<\/div>\n<div><\/div>\n<div><\/div>\n<hr \/>\n<p>&nbsp;<\/p>\n<blockquote>\n<h2>FANTASTICHE DOLOMITI, NUOVA STAGIONE. APPUNTAMENTO QUINDICINALE IL GIOVEDI ALLE 10.30 E 19.00<\/h2>\n<\/blockquote>\n<h2><span style=\"color: #ff0000;\"><strong><a class=\"dt-pswp-item\" href=\"https:\/\/www.radiopiu.net\/wordpress\/wp-content\/uploads\/2020\/08\/montagna-2020-scaled.jpg\" data-dt-img-description=\"\" data-large_image_width=\"2560\" data-large_image_height=\"1440\"><img loading=\"lazy\" decoding=\"async\" class=\"wp-image-158273 alignleft\" src=\"https:\/\/www.radiopiu.net\/wordpress\/wp-content\/uploads\/2020\/08\/montagna-2020-300x169.jpg\" alt=\"\" width=\"147\" height=\"83\" srcset=\"https:\/\/www.radiopiu.net\/wordpress\/wp-content\/uploads\/2020\/08\/montagna-2020-300x169.jpg 300w, https:\/\/www.radiopiu.net\/wordpress\/wp-content\/uploads\/2020\/08\/montagna-2020-1024x576.jpg 1024w, https:\/\/www.radiopiu.net\/wordpress\/wp-content\/uploads\/2020\/08\/montagna-2020-768x432.jpg 768w, https:\/\/www.radiopiu.net\/wordpress\/wp-content\/uploads\/2020\/08\/montagna-2020-1536x864.jpg 1536w, https:\/\/www.radiopiu.net\/wordpress\/wp-content\/uploads\/2020\/08\/montagna-2020-2048x1152.jpg 2048w, https:\/\/www.radiopiu.net\/wordpress\/wp-content\/uploads\/2020\/08\/montagna-2020-640x360.jpg 640w\" sizes=\"auto, (max-width: 147px) 100vw, 147px\" \/><\/a><\/strong><\/span><\/h2>\n<h2><span style=\"color: #ff0000;\">PUNTATA 18 17 GIUGNO\u00a0<\/span><\/h2>\n<p><strong>OSPITE IL PRESIDENTE CLAUDIO CANOVA<\/strong><\/p>\n<audio class=\"wp-audio-shortcode\" id=\"audio-216491-18\" preload=\"none\" style=\"width: 100%;\" controls=\"controls\"><source type=\"audio\/mpeg\" src=\"https:\/\/www.radiopiu.net\/wordpress\/wp-content\/uploads\/2021\/06\/fantasticvhe-dolomiti-17-giugno.mp3?_=18\" \/><a href=\"https:\/\/www.radiopiu.net\/wordpress\/wp-content\/uploads\/2021\/06\/fantasticvhe-dolomiti-17-giugno.mp3\">https:\/\/www.radiopiu.net\/wordpress\/wp-content\/uploads\/2021\/06\/fantasticvhe-dolomiti-17-giugno.mp3<\/a><\/audio>\n<h3>LA RACCOLTA COMPLETA<\/h3>\n<blockquote class=\"wp-embedded-content\" data-secret=\"sgEETZ5xlZ\"><p><a href=\"https:\/\/www.radiopiu.net\/wordpress\/raccolta-completa11\/\">FANTASTICHE DOLOMITI LA RACCOLTA COMPLETA<\/a><\/p><\/blockquote>\n<p><iframe loading=\"lazy\" class=\"wp-embedded-content\" sandbox=\"allow-scripts\" security=\"restricted\" style=\"position: absolute; clip: rect(1px, 1px, 1px, 1px);\" title=\"&#8220;FANTASTICHE DOLOMITI LA RACCOLTA COMPLETA&#8221; &#8212; Radio Pi\u00f9\" src=\"https:\/\/www.radiopiu.net\/wordpress\/raccolta-completa11\/embed\/#?secret=sgEETZ5xlZ\" data-secret=\"sgEETZ5xlZ\" width=\"600\" height=\"338\" frameborder=\"0\" marginwidth=\"0\" marginheight=\"0\" scrolling=\"no\"><\/iframe><\/p>\n<p>&nbsp;<\/p>\n<p>&nbsp;<\/p>\n<p>&nbsp;<\/p>\n<hr \/>\n<div>\n<div class=\"b654a4as d2edcug0\">\n<div class=\"rq0escxv hkbzh7o3 jwdofwj8 n8tt0mok r8blr3vg hyh9befq\">\n<div class=\"b654a4as d2edcug0\">\n<h2><span style=\"color: #008000;\">\u00a0<\/span><\/h2>\n<h2><span style=\"color: #008000;\">ERBE E PIANTE CURATIVE&#8230;IL\u00a0 PROGRAMMA DI PAOLA LANCIATO<\/span><\/h2>\n<p><strong>LA RACCOLTA COMPLETA<\/strong><\/p>\n<\/div>\n<blockquote class=\"wp-embedded-content\" data-secret=\"Mhbze2TyCo\"><p><a href=\"https:\/\/www.radiopiu.net\/wordpress\/erbe-e-piante-curative-il-mandorlo\/\">L\u2019ERBA VOGLIO DEL GIARDINO DEL RE\u2026 ERBE, FIORI E PIANTE DI E CON PAOLA LANCIATO<\/a><\/p><\/blockquote>\n<p><iframe loading=\"lazy\" class=\"wp-embedded-content\" sandbox=\"allow-scripts\" security=\"restricted\" style=\"position: absolute; clip: rect(1px, 1px, 1px, 1px);\" title=\"&#8220;L\u2019ERBA VOGLIO DEL GIARDINO DEL RE\u2026 ERBE, FIORI E PIANTE DI E CON PAOLA LANCIATO&#8221; &#8212; Radio Pi\u00f9\" src=\"https:\/\/www.radiopiu.net\/wordpress\/erbe-e-piante-curative-il-mandorlo\/embed\/#?secret=Mhbze2TyCo\" data-secret=\"Mhbze2TyCo\" width=\"600\" height=\"338\" frameborder=\"0\" marginwidth=\"0\" marginheight=\"0\" scrolling=\"no\"><\/iframe><\/p>\n<p>&nbsp;<\/p>\n<\/div>\n<\/div>\n<\/div>\n<p>&nbsp;<\/p>\n<hr \/>\n<p>&nbsp;<\/p>\n<div>\n<h2><span style=\"color: #ff0000;\"><strong>IN VIVO VERSO 2020-21 ESTATE, RIASCOLTIAMOLI&#8230; DAL CASSETTO DEI RICORDI DI RADIO PIU&#8217;&#8230; LE PRIME\u00a0 SEI STAGIONI\u00a0 \u00a0<\/strong><\/span><\/h2>\n<div class=\"page-title-head hgroup\">\n<div class=\"page-title-head hgroup\">\n<div class=\"page-title-head hgroup\">\n<div class=\"page-title-head hgroup\">\n<div class=\"page-title-head hgroup\">\n<div class=\"page-title-head hgroup\">\n<blockquote>\n<h2 align=\"left\">riascoltiamole DUTTILE di ALESSANDRA SERVI 2017<\/h2>\n<\/blockquote>\n<blockquote><p><strong>AUDIO\u00a0<\/strong><\/p>\n<audio class=\"wp-audio-shortcode\" id=\"audio-216491-19\" preload=\"none\" style=\"width: 100%;\" controls=\"controls\"><source type=\"audio\/mpeg\" src=\"https:\/\/www.radiopiu.net\/wordpress\/wp-content\/uploads\/2021\/06\/VIVO-VERSO-GIO-1.mp3?_=19\" \/><a href=\"https:\/\/www.radiopiu.net\/wordpress\/wp-content\/uploads\/2021\/06\/VIVO-VERSO-GIO-1.mp3\">https:\/\/www.radiopiu.net\/wordpress\/wp-content\/uploads\/2021\/06\/VIVO-VERSO-GIO-1.mp3<\/a><\/audio>\n<p><strong>LA RACCOLTA COMPLETA<\/strong><\/p><\/blockquote>\n<\/div>\n<\/div>\n<\/div>\n<\/div>\n<\/div>\n<\/div>\n<blockquote class=\"wp-embedded-content\" data-secret=\"0TQTYxFuO8\"><p><a href=\"https:\/\/www.radiopiu.net\/wordpress\/in-vivo-verso\/\">In Vivo Verso<\/a><\/p><\/blockquote>\n<p><iframe loading=\"lazy\" class=\"wp-embedded-content\" sandbox=\"allow-scripts\" security=\"restricted\" style=\"position: absolute; clip: rect(1px, 1px, 1px, 1px);\" title=\"&#8220;In Vivo Verso&#8221; &#8212; Radio Pi\u00f9\" src=\"https:\/\/www.radiopiu.net\/wordpress\/in-vivo-verso\/embed\/#?secret=0TQTYxFuO8\" data-secret=\"0TQTYxFuO8\" width=\"600\" height=\"338\" frameborder=\"0\" marginwidth=\"0\" marginheight=\"0\" scrolling=\"no\"><\/iframe><\/p>\n<p>&nbsp;<\/p>\n<p>&nbsp;<\/p>\n<hr \/>\n<\/div>\n<blockquote>\n<blockquote>\n<h2><\/h2>\n<\/blockquote>\n<\/blockquote>\n<div>\n<div class=\"b654a4as d2edcug0\">\n<div class=\"rq0escxv hkbzh7o3 jwdofwj8 n8tt0mok r8blr3vg hyh9befq\">\n<p>&nbsp;<\/p>\n<blockquote>\n<h2><span style=\"color: #ff0000;\"><em>ZAINO ALLA RADIO&#8230;ESTATE DI PAOLA LANCIATO TUTTI I GIORNI dal lunedi al venerdi ALLE 14 E 23.30\u00a0 \u00a0<\/em><\/span><\/h2>\n<\/blockquote>\n<div class=\"b654a4as d2edcug0\">\n<blockquote>\n<h3>ZAINO DA VIAGGIO ESTATE di Paola Lanciato LUNGO LA GARDESANA<\/h3>\n<\/blockquote>\n<p><strong>AUDIO<\/strong><\/p>\n<audio class=\"wp-audio-shortcode\" id=\"audio-216491-20\" preload=\"none\" style=\"width: 100%;\" controls=\"controls\"><source type=\"audio\/mpeg\" src=\"https:\/\/www.radiopiu.net\/wordpress\/wp-content\/uploads\/2021\/06\/29-Lungo-la-Gardesana-M.mp3?_=20\" \/><a href=\"https:\/\/www.radiopiu.net\/wordpress\/wp-content\/uploads\/2021\/06\/29-Lungo-la-Gardesana-M.mp3\">https:\/\/www.radiopiu.net\/wordpress\/wp-content\/uploads\/2021\/06\/29-Lungo-la-Gardesana-M.mp3<\/a><\/audio>\n<p><a class=\"dt-pswp-item\" href=\"https:\/\/www.radiopiu.net\/wordpress\/wp-content\/uploads\/2021\/06\/29.jpg\" data-dt-img-description=\"\" data-large_image_width=\"720\" data-large_image_height=\"960\"><img loading=\"lazy\" decoding=\"async\" class=\"alignnone size-medium wp-image-215902\" src=\"https:\/\/www.radiopiu.net\/wordpress\/wp-content\/uploads\/2021\/06\/29-225x300.jpg\" alt=\"\" width=\"225\" height=\"300\" srcset=\"https:\/\/www.radiopiu.net\/wordpress\/wp-content\/uploads\/2021\/06\/29-225x300.jpg 225w, https:\/\/www.radiopiu.net\/wordpress\/wp-content\/uploads\/2021\/06\/29.jpg 720w\" sizes=\"auto, (max-width: 225px) 100vw, 225px\" \/><\/a><\/p>\n<p>&nbsp;<\/p>\n<p>&nbsp;<\/p>\n<p><strong>LA RACCOLTA COMPLETA<\/strong><\/p>\n<\/div>\n<blockquote class=\"wp-embedded-content\" data-secret=\"Ilf96zSSiH\"><p><a href=\"https:\/\/www.radiopiu.net\/wordpress\/zaino-femminile-lanciato\/\">Zaino da viaggio al femminile<\/a><\/p><\/blockquote>\n<p><iframe loading=\"lazy\" class=\"wp-embedded-content\" sandbox=\"allow-scripts\" security=\"restricted\" style=\"position: absolute; clip: rect(1px, 1px, 1px, 1px);\" title=\"&#8220;Zaino da viaggio al femminile&#8221; &#8212; Radio Pi\u00f9\" src=\"https:\/\/www.radiopiu.net\/wordpress\/zaino-femminile-lanciato\/embed\/#?secret=Ilf96zSSiH\" data-secret=\"Ilf96zSSiH\" width=\"600\" height=\"338\" frameborder=\"0\" marginwidth=\"0\" marginheight=\"0\" scrolling=\"no\"><\/iframe><\/p>\n<p>&nbsp;<\/p>\n<\/div>\n<\/div>\n<\/div>\n<hr \/>\n<p>&nbsp;<\/p>\n<div>\n<h2><span style=\"color: #800080;\"><strong>LA RASSEGNA STAMPA DA L&#8217;AMICO DEL POPOLO\u00a0<\/strong><\/span><\/h2>\n<h3 class=\"kvgmc6g5 cxmmr5t8 oygrvhab hcukyx3x c1et5uql\"><span style=\"color: #0000ff;\"> INFORMAZIONE il canale su TELEGRAM informazione di prima mano e in tempo reale. iscriviti ed aiutaci a farlo conoscere\u00a0\u00a0<\/span><\/h3>\n<p><img loading=\"lazy\" decoding=\"async\" class=\"alignleft\" src=\"https:\/\/www.radiopiu.net\/wordpress\/wp-content\/uploads\/2019\/02\/AUSER.png\" width=\"246\" height=\"110\" \/><strong>PUNTATA 12 GIUGNO 2021<\/strong><\/p>\n<p><strong>OSPITE ARNO PAULETTI<\/strong><\/p>\n<p><strong>DI GIANNI SANTOMASO\u00a0<\/strong><\/p>\n<audio class=\"wp-audio-shortcode\" id=\"audio-216491-21\" preload=\"none\" style=\"width: 100%;\" controls=\"controls\"><source type=\"audio\/mpeg\" src=\"https:\/\/www.radiopiu.net\/wordpress\/wp-content\/uploads\/2021\/06\/RASSEGNA-GIANNI-2.mp3?_=21\" \/><a href=\"https:\/\/www.radiopiu.net\/wordpress\/wp-content\/uploads\/2021\/06\/RASSEGNA-GIANNI-2.mp3\">https:\/\/www.radiopiu.net\/wordpress\/wp-content\/uploads\/2021\/06\/RASSEGNA-GIANNI-2.mp3<\/a><\/audio>\n<p>&nbsp;<\/p>\n<p><strong>LA RACCOLTA COMPLETA<\/strong><\/p>\n<blockquote class=\"wp-embedded-content\" data-secret=\"rjlRzrU5Yk\"><p><a href=\"https:\/\/www.radiopiu.net\/wordpress\/rassegna-stampa-di-gianni-santomaso\/\">Rassegna stampa da l&#8217;amico del popolo &#8211; di Gianni Santomaso<\/a><\/p><\/blockquote>\n<p><iframe loading=\"lazy\" class=\"wp-embedded-content\" sandbox=\"allow-scripts\" security=\"restricted\" style=\"position: absolute; clip: rect(1px, 1px, 1px, 1px);\" title=\"&#8220;Rassegna stampa da l&#8217;amico del popolo &#8211; di Gianni Santomaso&#8221; &#8212; Radio Pi\u00f9\" src=\"https:\/\/www.radiopiu.net\/wordpress\/rassegna-stampa-di-gianni-santomaso\/embed\/#?secret=rjlRzrU5Yk\" data-secret=\"rjlRzrU5Yk\" width=\"600\" height=\"338\" frameborder=\"0\" marginwidth=\"0\" marginheight=\"0\" scrolling=\"no\"><\/iframe><\/p>\n<div class=\"b654a4as d2edcug0\"><\/div>\n<\/div>\n<p>&nbsp;<\/p>\n<hr \/>\n<p>&nbsp;<\/p>\n<div dir=\"auto\">\n<blockquote>\n<h3 class=\"kvgmc6g5 cxmmr5t8 oygrvhab hcukyx3x c1et5uql\"><\/h3>\n<\/blockquote>\n<h2>007 IN CONDOTTA CON LA PROF. MARIA ROSA SALMAZO<\/h2>\n<p>LA RACCOLTA COMPLETA<\/p>\n<\/div>\n<div dir=\"auto\">\n<blockquote class=\"wp-embedded-content\" data-secret=\"avdObJUpWd\"><p><a href=\"https:\/\/www.radiopiu.net\/wordpress\/007incondotta-9\/\">007 in condotta<\/a><\/p><\/blockquote>\n<p><iframe loading=\"lazy\" class=\"wp-embedded-content\" sandbox=\"allow-scripts\" security=\"restricted\" style=\"position: absolute; clip: rect(1px, 1px, 1px, 1px);\" title=\"&#8220;007 in condotta&#8221; &#8212; Radio Pi\u00f9\" src=\"https:\/\/www.radiopiu.net\/wordpress\/007incondotta-9\/embed\/#?secret=avdObJUpWd\" data-secret=\"avdObJUpWd\" width=\"600\" height=\"338\" frameborder=\"0\" marginwidth=\"0\" marginheight=\"0\" scrolling=\"no\"><\/iframe><\/p>\n<p>&nbsp;<\/p>\n<h1><\/h1>\n<\/div>\n<hr \/>\n<p>&nbsp;<\/p>\n<p>&nbsp;<\/p>\n<div dir=\"auto\">\n<blockquote>\n<h3>SALUTE E SOCIETA&#8217; IL LUNEDI ALLE 13.10 E ALLE 20.10, LA DOMENICA ALLE 10.30 A CURA DEL DOTTOR MARCO CARACCIOLO. QUINTA STAGIONE<\/h3>\n<\/blockquote>\n<p><strong><img loading=\"lazy\" decoding=\"async\" class=\"alignleft\" src=\"https:\/\/www.radiopiu.net\/wordpress\/wp-content\/uploads\/2021\/06\/1b50a449-5422-150a-79c9-d820371a086f.png\" width=\"235\" height=\"132\" \/>LA PUNTATA DELLA SETTIMANA del 7 GIUGNO<\/strong><\/p>\n<p>Dal congresso annuale dell\u2019ASCO, American Society of Clinical Oncology, una buona notizia per il trattamento del tumore della prostata metastatico e resistente alla castrazione. La terapia nota con la sigla 177Lu-PSMA-617, basata su un nuovo radiofarmaco, quando aggiunta al trattamento standard permette di migliorare in modo significativo la sopravvivenza globale.<\/p>\n<p>Danilo Magliano ne ha parlato con Giuseppe Procopio, Responsabile Oncologia Medica genitourinaria, Fondazione IRCCS Istituto Nazionale dei Tumori di Milano<\/p>\n<audio class=\"wp-audio-shortcode\" id=\"audio-216491-22\" preload=\"none\" style=\"width: 100%;\" controls=\"controls\"><source type=\"audio\/mpeg\" src=\"https:\/\/www.radiopiu.net\/wordpress\/wp-content\/uploads\/2021\/06\/SALUTE-1.mp3?_=22\" \/><a href=\"https:\/\/www.radiopiu.net\/wordpress\/wp-content\/uploads\/2021\/06\/SALUTE-1.mp3\">https:\/\/www.radiopiu.net\/wordpress\/wp-content\/uploads\/2021\/06\/SALUTE-1.mp3<\/a><\/audio>\n<p>&nbsp;<\/p>\n<blockquote class=\"wp-embedded-content\" data-secret=\"EzpZLu83Vt\"><p><a href=\"https:\/\/www.radiopiu.net\/wordpress\/saluteesocieta\/\">Salute e Societ\u00e0<\/a><\/p><\/blockquote>\n<p><iframe loading=\"lazy\" class=\"wp-embedded-content\" sandbox=\"allow-scripts\" security=\"restricted\" style=\"position: absolute; clip: rect(1px, 1px, 1px, 1px);\" title=\"&#8220;Salute e Societ\u00e0&#8221; &#8212; Radio Pi\u00f9\" src=\"https:\/\/www.radiopiu.net\/wordpress\/saluteesocieta\/embed\/#?secret=EzpZLu83Vt\" data-secret=\"EzpZLu83Vt\" width=\"600\" height=\"338\" frameborder=\"0\" marginwidth=\"0\" marginheight=\"0\" scrolling=\"no\"><\/iframe><\/p>\n<\/div>\n<div dir=\"auto\">\n<h1><\/h1>\n<\/div>\n<p>&nbsp;<\/p>\n<h1><\/h1>\n<div>\n<div class=\"page-title-head hgroup\">\n<div class=\"page-title-head hgroup\">\n<div class=\"page-title-head hgroup\">\n<div>\n<div class=\"b654a4as d2edcug0\">\n<div class=\"rq0escxv hkbzh7o3 jwdofwj8 n8tt0mok r8blr3vg hyh9befq\">\n<hr \/>\n<\/div>\n<\/div>\n<\/div>\n<div>\n<div class=\"page-title-head hgroup\">\n<div class=\"page-title-head hgroup\">\n<div>\n<div class=\"b654a4as d2edcug0\">\n<p>&nbsp;<\/p>\n<blockquote>\n<h3><img loading=\"lazy\" decoding=\"async\" class=\"alignleft\" src=\"https:\/\/www.radiopiu.net\/wordpress\/wp-content\/uploads\/2021\/06\/fresh-flower-leaves-saffron-white-background-place-your-text-use-saffron-spice-cooking-cosmetology_347372-394.jpeg\" width=\"141\" height=\"94\" \/>L&#8217;ALMANACCO LADINO CON L&#8217;ISTITUT CESA DE JAN QUINDICINALE APPUNTAMENTO. LA DOMENICA ALLE 9 IL LUNEDI ALLE 8.35 IL MARTEDI ALLE 12.35 IL MERCOLEDI ALLE 18.35. SECONDA STAGIONE.<\/h3>\n<\/blockquote>\n<p><strong>RACCOLTA COMPLETA\u00a0<\/strong><\/p>\n<blockquote class=\"wp-embedded-content\" data-secret=\"R7n9mSYdEN\"><p><a href=\"https:\/\/www.radiopiu.net\/wordpress\/almanacco-ladino\/\">Almanacco Ladino<\/a><\/p><\/blockquote>\n<p><iframe loading=\"lazy\" class=\"wp-embedded-content\" sandbox=\"allow-scripts\" security=\"restricted\" style=\"position: absolute; clip: rect(1px, 1px, 1px, 1px);\" title=\"&#8220;Almanacco Ladino&#8221; &#8212; Radio Pi\u00f9\" src=\"https:\/\/www.radiopiu.net\/wordpress\/almanacco-ladino\/embed\/#?secret=R7n9mSYdEN\" data-secret=\"R7n9mSYdEN\" width=\"600\" height=\"338\" frameborder=\"0\" marginwidth=\"0\" marginheight=\"0\" scrolling=\"no\"><\/iframe><\/p>\n<div dir=\"auto\"><\/div>\n<\/div>\n<div>\n<p>&nbsp;<\/p>\n<hr \/>\n<h2><span style=\"color: #808000;\">\u00a0<\/span><\/h2>\n<h2><span style=\"color: #808000;\">DUE MINUTI UN LIBRO\u00a0 TUTTI I GIORNI ALLA RADIO ALLE 9.30 E ALLE 18. QUINTA STAGIONE\u00a0 \u00a0 \u00a0<\/span><\/h2>\n<blockquote class=\"wp-embedded-content\" data-secret=\"DONJcGsqp3\"><p><a href=\"https:\/\/www.radiopiu.net\/wordpress\/mozart-deve-morire\/\">MOZART DEVE MORIRE<\/a><\/p><\/blockquote>\n<p><iframe loading=\"lazy\" class=\"wp-embedded-content\" sandbox=\"allow-scripts\" security=\"restricted\" style=\"position: absolute; clip: rect(1px, 1px, 1px, 1px);\" title=\"&#8220;MOZART DEVE MORIRE&#8221; &#8212; Radio Pi\u00f9\" src=\"https:\/\/www.radiopiu.net\/wordpress\/mozart-deve-morire\/embed\/#?secret=DONJcGsqp3\" data-secret=\"DONJcGsqp3\" width=\"600\" height=\"338\" frameborder=\"0\" marginwidth=\"0\" marginheight=\"0\" scrolling=\"no\"><\/iframe><\/p>\n<blockquote class=\"wp-embedded-content\" data-secret=\"fgQxyAtXLc\"><p><a href=\"https:\/\/www.radiopiu.net\/wordpress\/due-minuti-un-libro\/\">Due minuti un libro<\/a><\/p><\/blockquote>\n<p><iframe loading=\"lazy\" class=\"wp-embedded-content\" sandbox=\"allow-scripts\" security=\"restricted\" style=\"position: absolute; clip: rect(1px, 1px, 1px, 1px);\" title=\"&#8220;Due minuti un libro&#8221; &#8212; Radio Pi\u00f9\" src=\"https:\/\/www.radiopiu.net\/wordpress\/due-minuti-un-libro\/embed\/#?secret=fgQxyAtXLc\" data-secret=\"fgQxyAtXLc\" width=\"600\" height=\"338\" frameborder=\"0\" marginwidth=\"0\" marginheight=\"0\" scrolling=\"no\"><\/iframe><\/p>\n<p>&nbsp;<\/p>\n<p>&nbsp;<\/p>\n<hr \/>\n<p>\u200b<\/p>\n<div>\n<h2><span style=\"color: #33cccc;\">I RACCONTI DI PAOLO SOPPELSA il lunedi alle 9.30 e 18.30<\/span><\/h2>\n<p><span style=\"color: #0000ff;\">INFORMAZIONE il canale su TELEGRAM informazione di prima mano e in tempo reale. iscriviti ed aiutaci a farlo conoscere\u00a0<\/span><\/p>\n<blockquote class=\"wp-embedded-content\" data-secret=\"vFeNZDOIYA\"><p><a href=\"https:\/\/www.radiopiu.net\/wordpress\/i-racconti-di-paolo-soppelsa-settantanovesima-puntata\/\">I RACCONTI DI PAOLO SOPPELSA SETTANTANOVESIMA PUNTATA<\/a><\/p><\/blockquote>\n<p><iframe loading=\"lazy\" class=\"wp-embedded-content\" sandbox=\"allow-scripts\" security=\"restricted\" style=\"position: absolute; clip: rect(1px, 1px, 1px, 1px);\" title=\"&#8220;I RACCONTI DI PAOLO SOPPELSA SETTANTANOVESIMA PUNTATA&#8221; &#8212; Radio Pi\u00f9\" src=\"https:\/\/www.radiopiu.net\/wordpress\/i-racconti-di-paolo-soppelsa-settantanovesima-puntata\/embed\/#?secret=vFeNZDOIYA\" data-secret=\"vFeNZDOIYA\" width=\"600\" height=\"338\" frameborder=\"0\" marginwidth=\"0\" marginheight=\"0\" scrolling=\"no\"><\/iframe><\/p>\n<p>&nbsp;<\/p>\n<blockquote class=\"wp-embedded-content\" data-secret=\"IbNAfZGys9\"><p><a href=\"https:\/\/www.radiopiu.net\/wordpress\/i-racconti-di-paolo-soppelsa\/\">I racconti di Paolo Soppelsa<\/a><\/p><\/blockquote>\n<p><iframe loading=\"lazy\" class=\"wp-embedded-content\" sandbox=\"allow-scripts\" security=\"restricted\" style=\"position: absolute; clip: rect(1px, 1px, 1px, 1px);\" title=\"&#8220;I racconti di Paolo Soppelsa&#8221; &#8212; Radio Pi\u00f9\" src=\"https:\/\/www.radiopiu.net\/wordpress\/i-racconti-di-paolo-soppelsa\/embed\/#?secret=IbNAfZGys9\" data-secret=\"IbNAfZGys9\" width=\"600\" height=\"338\" frameborder=\"0\" marginwidth=\"0\" marginheight=\"0\" scrolling=\"no\"><\/iframe><\/p>\n<p>&nbsp;<\/p>\n<\/div>\n<\/div>\n<hr \/>\n<p>&nbsp;<\/p>\n<h2><strong><span style=\"color: #ff0000;\">ALLA RADIO<\/span><\/strong><\/h2>\n<div data-offset-key=\"5n5nl-0-0\">\n<h3>Per ricevere gli aggiornamenti in tempo reale delle notizie pubblicate alla radio e sul sito di radio pi\u00f9 iscriviti al gruppo RADIO PIU INFORMAZIONE su Telegram.\u00a0\u00a0<a href=\"https:\/\/t.me\/radiopiu\">clicca qui<\/a><\/h3>\n<p>&nbsp;<\/p>\n<\/div>\n<blockquote><p><strong><a href=\"https:\/\/www.radiopiu.net\/wordpress\/cassa-solidarieta-luxottica-puntata-del-19-giugno-2020\/cslxo-2\/\" rel=\"attachment wp-att-145244\"><img loading=\"lazy\" decoding=\"async\" class=\"size-medium wp-image-145244 alignleft\" src=\"https:\/\/www.radiopiu.net\/wordpress\/wp-content\/uploads\/2020\/06\/cassa-solidarieta-luxottica-300x148.jpg\" alt=\"\" width=\"300\" height=\"148\" srcset=\"https:\/\/www.radiopiu.net\/wordpress\/wp-content\/uploads\/2020\/06\/cassa-solidarieta-luxottica-300x148.jpg 300w, https:\/\/www.radiopiu.net\/wordpress\/wp-content\/uploads\/2020\/06\/cassa-solidarieta-luxottica-1024x504.jpg 1024w, https:\/\/www.radiopiu.net\/wordpress\/wp-content\/uploads\/2020\/06\/cassa-solidarieta-luxottica-768x378.jpg 768w, https:\/\/www.radiopiu.net\/wordpress\/wp-content\/uploads\/2020\/06\/cassa-solidarieta-luxottica.jpg 1167w\" sizes=\"auto, (max-width: 300px) 100vw, 300px\" \/><\/a>di Claudio Fontanive<\/strong><\/p>\n<p>OSPITI: Paolo Chissal\u00e8 e Fabrizio Campedel<\/p>\n<p>&nbsp;<\/p>\n<p><strong>PUNTATA MAGGIO 2021<\/strong><\/p>\n<audio class=\"wp-audio-shortcode\" id=\"audio-216491-23\" preload=\"none\" style=\"width: 100%;\" controls=\"controls\"><source type=\"audio\/mpeg\" src=\"https:\/\/www.radiopiu.net\/wordpress\/wp-content\/uploads\/2021\/05\/ca-sol-lux-maggio-2021.mp3?_=23\" \/><a href=\"https:\/\/www.radiopiu.net\/wordpress\/wp-content\/uploads\/2021\/05\/ca-sol-lux-maggio-2021.mp3\">https:\/\/www.radiopiu.net\/wordpress\/wp-content\/uploads\/2021\/05\/ca-sol-lux-maggio-2021.mp3<\/a><\/audio>\n<h2>RACCOLTA COMPLETA<\/h2>\n<\/blockquote>\n<blockquote class=\"wp-embedded-content\" data-secret=\"91GyaTS9gX\"><p><a href=\"https:\/\/www.radiopiu.net\/wordpress\/cassa-solidarieta-luxottica-puntata-del-16-ottobre-2020\/\">CASSA SOLIDARIET\u00c0 LUXOTTICA &#8211; TUTTE LE PUNTATE<\/a><\/p><\/blockquote>\n<p><iframe loading=\"lazy\" class=\"wp-embedded-content\" sandbox=\"allow-scripts\" security=\"restricted\" style=\"position: absolute; clip: rect(1px, 1px, 1px, 1px);\" title=\"&#8220;CASSA SOLIDARIET\u00c0 LUXOTTICA &#8211; TUTTE LE PUNTATE&#8221; &#8212; Radio Pi\u00f9\" src=\"https:\/\/www.radiopiu.net\/wordpress\/cassa-solidarieta-luxottica-puntata-del-16-ottobre-2020\/embed\/#?secret=91GyaTS9gX\" data-secret=\"91GyaTS9gX\" width=\"600\" height=\"338\" frameborder=\"0\" marginwidth=\"0\" marginheight=\"0\" scrolling=\"no\"><\/iframe><\/p>\n<div>\n<p>&nbsp;<\/p>\n<h2><\/h2>\n<hr \/>\n<p><strong><span style=\"color: #ff0000;\">\u00a0<\/span><\/strong><\/p>\n<h2><strong><span style=\"color: #ff0000;\">QUINDICINALE APPUNTAMENTO ALLA RADIO<\/span><\/strong><\/h2>\n<blockquote>\n<h3><a style=\"font-size: 14px; font-weight: normal;\" href=\"https:\/\/www.radiopiu.net\/wordpress\/giornale-radiopiu-06-febbraio-2019-direttore-mirko-mezzacasa\/logo_spi-cgil-800x445\/\" rel=\"attachment wp-att-75538\"><img loading=\"lazy\" decoding=\"async\" class=\"wp-image-75538 alignleft\" src=\"https:\/\/www.radiopiu.net\/wordpress\/wp-content\/uploads\/2019\/02\/Logo_Spi-CGIL-800x445-300x167.jpg\" alt=\"\" width=\"210\" height=\"117\" srcset=\"https:\/\/www.radiopiu.net\/wordpress\/wp-content\/uploads\/2019\/02\/Logo_Spi-CGIL-800x445-300x167.jpg 300w, https:\/\/www.radiopiu.net\/wordpress\/wp-content\/uploads\/2019\/02\/Logo_Spi-CGIL-800x445-768x427.jpg 768w, https:\/\/www.radiopiu.net\/wordpress\/wp-content\/uploads\/2019\/02\/Logo_Spi-CGIL-800x445.jpg 800w\" sizes=\"auto, (max-width: 210px) 100vw, 210px\" \/><\/a><\/h3>\n<\/blockquote>\n<blockquote>\n<h3>ALLA RADIO, APPUNTAMENTO QUINDICINALE CON SPI-CGIL BELLUNO, IN STUDIO MARIA RITA GENTILIN<\/h3>\n<\/blockquote>\n<p><strong>di Claudio Fontanive\u00a0<\/strong><\/p>\n<p><span style=\"color: #ff0000;\"><strong>PUNTATA DEL 10 GIUGNO 2021<br \/>\n<\/strong><\/span><\/p>\n<audio class=\"wp-audio-shortcode\" id=\"audio-216491-24\" preload=\"none\" style=\"width: 100%;\" controls=\"controls\"><source type=\"audio\/mpeg\" src=\"https:\/\/www.radiopiu.net\/wordpress\/wp-content\/uploads\/2021\/06\/spi-cgil-10-giugno.mp3?_=24\" \/><a href=\"https:\/\/www.radiopiu.net\/wordpress\/wp-content\/uploads\/2021\/06\/spi-cgil-10-giugno.mp3\">https:\/\/www.radiopiu.net\/wordpress\/wp-content\/uploads\/2021\/06\/spi-cgil-10-giugno.mp3<\/a><\/audio>\n<\/div>\n<p>&nbsp;<\/p>\n<hr \/>\n<\/div>\n<blockquote>\n<blockquote>\n<h2><a href=\"https:\/\/www.radiopiu.net\/wordpress\/speciale-solidarieta-veneto\/solidarieta-veneto-3\/\" rel=\"attachment wp-att-134366\">\u00a0<\/a><\/h2>\n<h2><a href=\"https:\/\/www.radiopiu.net\/wordpress\/speciale-solidarieta-veneto\/solidarieta-veneto-3\/\" rel=\"attachment wp-att-134366\"><img loading=\"lazy\" decoding=\"async\" class=\"wp-image-134366 alignleft\" src=\"https:\/\/www.radiopiu.net\/wordpress\/wp-content\/uploads\/2020\/05\/solidariet\u00e0-veneto-300x210.jpg\" alt=\"\" width=\"102\" height=\"71\" srcset=\"https:\/\/www.radiopiu.net\/wordpress\/wp-content\/uploads\/2020\/05\/solidariet\u00e0-veneto-300x210.jpg 300w, https:\/\/www.radiopiu.net\/wordpress\/wp-content\/uploads\/2020\/05\/solidariet\u00e0-veneto-1024x717.jpg 1024w, https:\/\/www.radiopiu.net\/wordpress\/wp-content\/uploads\/2020\/05\/solidariet\u00e0-veneto-768x538.jpg 768w, https:\/\/www.radiopiu.net\/wordpress\/wp-content\/uploads\/2020\/05\/solidariet\u00e0-veneto.jpg 1373w\" sizes=\"auto, (max-width: 102px) 100vw, 102px\" \/><\/a>SOLIDARIETA&#8217; VENETO FONDO PENSIONE, IN ONDA IL PRIMO VENERDI DEL MESE ALLE 10.30 E ALLE 19.00 QUINTA STAGIONE<\/h2>\n<\/blockquote>\n<h2><strong><span style=\"color: #ff0000;\">AUDIO MAGGIO 2021<\/span><\/strong><\/h2>\n<\/blockquote>\n<div>\n<audio class=\"wp-audio-shortcode\" id=\"audio-216491-25\" preload=\"none\" style=\"width: 100%;\" controls=\"controls\"><source type=\"audio\/mpeg\" src=\"https:\/\/www.radiopiu.net\/wordpress\/wp-content\/uploads\/2021\/05\/solidarieta-veneto-maggio-2021.mp3?_=25\" \/><a href=\"https:\/\/www.radiopiu.net\/wordpress\/wp-content\/uploads\/2021\/05\/solidarieta-veneto-maggio-2021.mp3\">https:\/\/www.radiopiu.net\/wordpress\/wp-content\/uploads\/2021\/05\/solidarieta-veneto-maggio-2021.mp3<\/a><\/audio>\n<\/div>\n<h2>LA RACCOLTA COMPLETA<\/h2>\n<blockquote class=\"wp-embedded-content\" data-secret=\"eIvZeihIIx\"><p><a href=\"https:\/\/www.radiopiu.net\/wordpress\/solidarieta-veneto\/\">Solidariet\u00e0 Veneto<\/a><\/p><\/blockquote>\n<p><iframe loading=\"lazy\" class=\"wp-embedded-content\" sandbox=\"allow-scripts\" security=\"restricted\" style=\"position: absolute; clip: rect(1px, 1px, 1px, 1px);\" title=\"&#8220;Solidariet\u00e0 Veneto&#8221; &#8212; Radio Pi\u00f9\" src=\"https:\/\/www.radiopiu.net\/wordpress\/solidarieta-veneto\/embed\/#?secret=eIvZeihIIx\" data-secret=\"eIvZeihIIx\" width=\"600\" height=\"338\" frameborder=\"0\" marginwidth=\"0\" marginheight=\"0\" scrolling=\"no\"><\/iframe><\/p>\n<blockquote>\n<h2><\/h2>\n<h2><\/h2>\n<\/blockquote>\n<div>\n<hr \/>\n<\/div>\n<div class=\"page-title-head hgroup\">\n<div>\n<p>&nbsp;<\/p>\n<h2><span style=\"color: #ff0000;\">MUSLA, CON LA NUOVA GENERAZIONE LINGUE, USI, COSTUMI , raccolta completa<\/span><\/h2>\n<blockquote class=\"wp-embedded-content\" data-secret=\"DHKXgFcYY3\"><p><a href=\"https:\/\/www.radiopiu.net\/wordpress\/agora-agordina-la-nosta-piaza\/\">AGORA&#8217; AGORDINA&#8230; LA NOSTA PIAZA LADINA RACCOLTA COMPLETA PRIMA STAGIONE<\/a><\/p><\/blockquote>\n<p><iframe loading=\"lazy\" class=\"wp-embedded-content\" sandbox=\"allow-scripts\" security=\"restricted\" style=\"position: absolute; clip: rect(1px, 1px, 1px, 1px);\" title=\"&#8220;AGORA&#8217; AGORDINA&#8230; LA NOSTA PIAZA LADINA RACCOLTA COMPLETA PRIMA STAGIONE&#8221; &#8212; Radio Pi\u00f9\" src=\"https:\/\/www.radiopiu.net\/wordpress\/agora-agordina-la-nosta-piaza\/embed\/#?secret=DHKXgFcYY3\" data-secret=\"DHKXgFcYY3\" width=\"600\" height=\"338\" frameborder=\"0\" marginwidth=\"0\" marginheight=\"0\" scrolling=\"no\"><\/iframe><\/p>\n<p>&nbsp;<\/p>\n<div class=\"b654a4as d2edcug0\">\n<div dir=\"auto\">\n<h1><\/h1>\n<hr \/>\n<p>&nbsp;<\/p>\n<div>\n<h2><span style=\"color: #ff0000;\">LEGGERMENTE BELLUNESI CON LUISA ALCHINI la raccolta completa<\/span><\/h2>\n<\/div>\n<div>\n<blockquote class=\"wp-embedded-content\" data-secret=\"FBzXLsQgxb\"><p><a href=\"https:\/\/www.radiopiu.net\/wordpress\/leggermente-20\/\">LEGGERmente&#8230;Bellunesi<\/a><\/p><\/blockquote>\n<p><iframe loading=\"lazy\" class=\"wp-embedded-content\" sandbox=\"allow-scripts\" security=\"restricted\" style=\"position: absolute; clip: rect(1px, 1px, 1px, 1px);\" title=\"&#8220;LEGGERmente&#8230;Bellunesi&#8221; &#8212; Radio Pi\u00f9\" src=\"https:\/\/www.radiopiu.net\/wordpress\/leggermente-20\/embed\/#?secret=FBzXLsQgxb\" data-secret=\"FBzXLsQgxb\" width=\"600\" height=\"338\" frameborder=\"0\" marginwidth=\"0\" marginheight=\"0\" scrolling=\"no\"><\/iframe><\/p>\n<\/div>\n<\/div>\n<p>&nbsp;<\/p>\n<hr \/>\n<p>&nbsp;<\/p>\n<h2><span style=\"color: #ff0000;\">GOCCE DI FILOSOFIA, CON CHIARA CAU, CON LISA DE LUCA la raccolta completa<\/span><\/h2>\n<blockquote class=\"wp-embedded-content\" data-secret=\"kmNOrv5Txm\"><p><a href=\"https:\/\/www.radiopiu.net\/wordpress\/gocce-filosofia\/\">Gocce di filosofia<\/a><\/p><\/blockquote>\n<p><iframe loading=\"lazy\" class=\"wp-embedded-content\" sandbox=\"allow-scripts\" security=\"restricted\" style=\"position: absolute; clip: rect(1px, 1px, 1px, 1px);\" title=\"&#8220;Gocce di filosofia&#8221; &#8212; Radio Pi\u00f9\" src=\"https:\/\/www.radiopiu.net\/wordpress\/gocce-filosofia\/embed\/#?secret=kmNOrv5Txm\" data-secret=\"kmNOrv5Txm\" width=\"600\" height=\"338\" frameborder=\"0\" marginwidth=\"0\" marginheight=\"0\" scrolling=\"no\"><\/iframe><\/p>\n<p>&nbsp;<\/p>\n<p>&nbsp;<\/p>\n<hr \/>\n<\/div>\n<\/div>\n<p>&nbsp;<\/p>\n<p><a href=\"https:\/\/www.radiopiu.net\/wordpress\/giornale-radiopiu-26-settembre-2018-direttore-mirko-mezzacasa\/viabilita-2\/\" rel=\"attachment wp-att-61954\"><img loading=\"lazy\" decoding=\"async\" class=\"wp-image-61954 size-full aligncenter\" src=\"https:\/\/www.radiopiu.net\/wordpress\/wp-content\/uploads\/2018\/09\/viabilita.jpeg\" alt=\"\" width=\"800\" height=\"100\" srcset=\"https:\/\/www.radiopiu.net\/wordpress\/wp-content\/uploads\/2018\/09\/viabilita.jpeg 800w, https:\/\/www.radiopiu.net\/wordpress\/wp-content\/uploads\/2018\/09\/viabilita-300x38.jpeg 300w, https:\/\/www.radiopiu.net\/wordpress\/wp-content\/uploads\/2018\/09\/viabilita-768x96.jpeg 768w\" sizes=\"auto, (max-width: 800px) 100vw, 800px\" \/><\/a><\/p>\n<blockquote><p>&nbsp;<\/p><\/blockquote>\n<\/div>\n<\/div>\n<\/div>\n<\/div>\n<\/div>\n<\/div>\n<\/div>\n<\/div>\n<\/div>\n<div><\/div>\n<div>\n<div>\n<div>\n<div>\n<div class=\"page-title-head hgroup\">\n<div class=\"page-title-head hgroup\">\n<div class=\"page-title-head hgroup\">\n<div>\n<div>\n<div class=\"page-title-head hgroup\">\n<div class=\"page-title-head hgroup\">\n<div class=\"page-title-head hgroup\">\n<blockquote><p><a href=\"https:\/\/www.radiopiu.net\/wordpress\/giornale-radiopiu-09-agosto-2018-direttore-mirko-mezzacasa\/viabilia\/\" rel=\"attachment wp-att-57053\"><img loading=\"lazy\" decoding=\"async\" class=\" wp-image-57053 alignleft\" src=\"https:\/\/www.radiopiu.net\/wordpress\/wp-content\/uploads\/2018\/08\/VIABILIA-300x180.jpeg\" alt=\"\" width=\"220\" height=\"132\" srcset=\"https:\/\/www.radiopiu.net\/wordpress\/wp-content\/uploads\/2018\/08\/VIABILIA-300x180.jpeg 300w, https:\/\/www.radiopiu.net\/wordpress\/wp-content\/uploads\/2018\/08\/VIABILIA-768x461.jpeg 768w, https:\/\/www.radiopiu.net\/wordpress\/wp-content\/uploads\/2018\/08\/VIABILIA-1024x614.jpeg 1024w, https:\/\/www.radiopiu.net\/wordpress\/wp-content\/uploads\/2018\/08\/VIABILIA.jpeg 1280w\" sizes=\"auto, (max-width: 220px) 100vw, 220px\" \/><\/a>La viabilit\u00e0 con gli ultimi aggiornamenti<\/p><\/blockquote>\n<\/div>\n<\/div>\n<\/div>\n<\/div>\n<\/div>\n<\/div>\n<\/div>\n<\/div>\n<\/div>\n<\/div>\n<\/div>\n<div><\/div>\n<div><\/div>\n<div>\n<div>\n<div class=\"page-title-head hgroup\">\n<p>&nbsp;<\/p>\n<p>&nbsp;<\/p>\n<audio class=\"wp-audio-shortcode\" id=\"audio-216491-26\" preload=\"none\" style=\"width: 100%;\" controls=\"controls\"><source type=\"audio\/mpeg\" src=\"https:\/\/www.radiopiu.net\/wordpress\/wp-content\/uploads\/2021\/06\/VIABILITA-5.mp3?_=26\" \/><a href=\"https:\/\/www.radiopiu.net\/wordpress\/wp-content\/uploads\/2021\/06\/VIABILITA-5.mp3\">https:\/\/www.radiopiu.net\/wordpress\/wp-content\/uploads\/2021\/06\/VIABILITA-5.mp3<\/a><\/audio>\n<p>&nbsp;<\/p>\n<p>&nbsp;<\/p>\n<\/div>\n<\/div>\n<\/div>\n<\/div>\n<div>\n<div class=\"page-title-head hgroup\">\n<div class=\"page-title-head hgroup\">\n<div dir=\"auto\">\n<p><a class=\"dt-pswp-item pspw-wrap-ready\" href=\"https:\/\/i0.wp.com\/www.radiopiu.net\/wordpress\/wp-content\/uploads\/2018\/09\/WhatsApp-Image-2018-09-20-at-16.04.06.jpeg?ssl=1\" data-dt-img-description=\"\" data-large_image_width=\"800\" data-large_image_height=\"100\"><img loading=\"lazy\" decoding=\"async\" class=\"aligncenter wp-image-61378 size-full jetpack-lazy-image jetpack-lazy-image--handled\" src=\"https:\/\/i0.wp.com\/www.radiopiu.net\/wordpress\/wp-content\/uploads\/2018\/09\/WhatsApp-Image-2018-09-20-at-16.04.06.jpeg?resize=800%2C100&amp;ssl=1\" sizes=\"auto, (max-width: 800px) 100vw, 800px\" srcset=\"https:\/\/i0.wp.com\/www.radiopiu.net\/wordpress\/wp-content\/uploads\/2018\/09\/WhatsApp-Image-2018-09-20-at-16.04.06.jpeg?w=800&amp;ssl=1 800w, https:\/\/i0.wp.com\/www.radiopiu.net\/wordpress\/wp-content\/uploads\/2018\/09\/WhatsApp-Image-2018-09-20-at-16.04.06.jpeg?resize=300%2C38&amp;ssl=1 300w, https:\/\/i0.wp.com\/www.radiopiu.net\/wordpress\/wp-content\/uploads\/2018\/09\/WhatsApp-Image-2018-09-20-at-16.04.06.jpeg?resize=768%2C96&amp;ssl=1 768w\" alt=\"\" width=\"800\" height=\"100\" data-lazy-loaded=\"1\" \/><\/a><\/p>\n<div><\/div>\n<\/div>\n<\/div>\n<\/div>\n<\/div>\n<div><center><b>Venerdi 18<\/b><\/center><b>Tempo atteso: <\/b>Nottetempo eventuale lieve instabilit\u00e0 sulle Prealpi bellunesi. Al mattino tempo solo parzialmente soleggiato per stratocumuli, velature del cielo e primi cumuli al mattino. Poi attivit\u00e0 cumuliforme irregolare durante le ore pi\u00f9 calde. La convezione diurna potr\u00e0 dar luogo a qualche singolo temporale, ma sar\u00e0 l&#8217;eccezione in un quadro un po&#8217; pi\u00f9 stabile rispetto a mercoled\u00ec e gioved\u00ec. Persistenza del contesto termico estivo.<br \/>\n<b>Precipitazioni: <\/b>Sulle Prealpi bellunesi non escluso qualche rovescio notturno (20\/40%). Al mattino assenti (0%) e al pomeriggio probabilit\u00e0 medio-bassa di rovesci e temporali (20\/30%) sulle Dolomiti, specie a ridosso del Trentino e dell&#8217;Alto Adige. Il rischio sar\u00e0 minore sulle Prealpi (10\/20%) per trasferimento di qualche fenomeno nato sulle Dolomiti. In ogni caso su molti settori montani non piover\u00e0 affatto.<br \/>\n<b>Temperature: <\/b>Minime in rialzo e massime stazionarie. Sono previste punte di 29\/30\u00b0C nei fondovalle prealpini e di 24\/26\u00b0C a 1000\/1200 m. Su Prealpi a 1500 m min 14\u00b0C max 19\u00b0C, a 2000 m min 12\u00b0C max 16\u00b0C. Su Dolomiti a 2000 m min 12\u00b0C max 17\u00b0C, a 3000 m min 6\u00b0C max 7\u00b0C.<br \/>\n<b>Venti: <\/b>Perlopi\u00f9 deboli per brezze nelle valli, localmente e a tratti moderati nei settori solitamente pi\u00f9 ventilati; in quota deboli\/moderati da ovest nord-ovest, a 5-10 km\/h a 2000 m e 10-20 km\/h a 3000 m.<\/p>\n<hr \/>\n<p><center><b>Sabato 19<\/b><\/center><b>Tempo atteso: <\/b>Tempo soleggiato, ma con cielo lattiginoso per estese velature per presenza di sottili nubi alte. Lo stato del cielo rimarr\u00e0 tale quale sulle Prealpi, mentre ci sar\u00e0 una irregolare attivit\u00e0 cumuliforme sulle Dolomiti, dove il caldo assai marcato potr\u00e0 favorire qualche singolo addensamento con insidia di qualche sporadico temporale da met\u00e0 pomeriggio in poi. L&#8217;instabilit\u00e0 convettiva sar\u00e0 limitata e spesso marginale o del tutto assente. Accentuazione del caldo.<br \/>\n<b>Precipitazioni: <\/b>Assenti al mattino (0%); al pomeriggio probabilit\u00e0 medio-bassa (20\/40%) sulle Dolomiti, specie a ridosso del Trentino e dell&#8217;Alto Adige, e minore sulle Prealpi (10\/20%), dove i fenomeni saranno occasionali e spesso del tutto assenti.<br \/>\n<b>Temperature: <\/b>In ulteriore lieve aumento, 5\/6\u00b0C sopra la norma. Sono previste punte di 30\/32\u00b0C nei fondovalle prealpini e di 26\/29\u00b0C a 1000\/1200 m. Su Prealpi a 1500 m min 15\u00b0C max 21\u00b0C, a 2000 m min 13\u00b0C max 18\u00b0C. Su Dolomiti a 2000 m min 13\u00b0C max 19\u00b0C, a 3000 m min 7\u00b0C max 9\u00b0C.<br \/>\n<b>Venti: <\/b>Perlopi\u00f9 deboli per brezze nelle valli, localmente e a tratti moderati nei settori solitamente pi\u00f9 ventilati; in quota deboli\/moderati da nord-ovest, a 5-10 km\/h a 2000 m e 10-25 km\/h a 3000 m.<\/p>\n<hr \/>\n<p><center><b>Domenica 20<\/b><\/center>Situazione assai simile a sabato con sole prevalente al mattino e attivit\u00e0 cumuliforme pomeridiana, pi\u00f9 presente sulle Dolomiti rispetto alle Prealpi. Sulle prime qualche locale temporale non sar\u00e0 da escludere, specie sui settori confinanti con il Trentino e l&#8217;Alto Adige e in maniera particolare nel tardo pomeriggio\/sera, ma si tratter\u00e0 di singoli fenomeni e su gran parte dei monti veneti l&#8217;instabilit\u00e0 convettiva rimarr\u00e0 assente o marginale. Far\u00e0 sempre pi\u00f9 caldo. In quota venti moderati da sud-ovest nella notte, in rinforzo fino a tesi in giornata; nelle valli deboli per brezze, localmente e a tratti moderati nei settori solitamente pi\u00f9 ventilati.<\/p>\n<hr \/>\n<p><center><b>Lunedi 21<\/b><\/center>Al mattino ampi tratti di sereno e primi annuvolamenti irregolari, associati a primi fenomeni prima delle ore centrali. Al pomeriggio attivit\u00e0 cumuliforme e lieve aumento dell&#8217;instabilit\u00e0, ma senza che i fenomeni siano diffusi. Temperature minime stazionarie e massime in diminuzione, ma far\u00e0 ancora caldo. In quota venti moderati\/tesi da sud-ovest, anche forti sulle cime pi\u00f9 alte al pomeriggio; nelle valli deboli per brezze, localmente e a tratti moderati nei settori solitamente pi\u00f9 ventilati, locali forti raffiche in caso di temporali. Previsore: R.L.Th.<\/p>\n<p>&nbsp;<\/p>\n<hr \/>\n<\/div>\n<p><center><\/center>&nbsp;<\/p>\n<div dir=\"auto\"><\/div>\n<p><a href=\"https:\/\/www.radiopiu.net\/wordpress\/giornale-radiopiu-15-settembre-2018-direttore-mirko-mezzacasa\/sport-7\/\" rel=\"attachment wp-att-60761\"><img loading=\"lazy\" decoding=\"async\" class=\"aligncenter wp-image-60761 size-full\" src=\"https:\/\/www.radiopiu.net\/wordpress\/wp-content\/uploads\/2018\/09\/sport.jpg\" alt=\"\" width=\"800\" height=\"100\" srcset=\"https:\/\/www.radiopiu.net\/wordpress\/wp-content\/uploads\/2018\/09\/sport.jpg 800w, https:\/\/www.radiopiu.net\/wordpress\/wp-content\/uploads\/2018\/09\/sport-300x38.jpg 300w, https:\/\/www.radiopiu.net\/wordpress\/wp-content\/uploads\/2018\/09\/sport-768x96.jpg 768w\" sizes=\"auto, (max-width: 800px) 100vw, 800px\" \/><\/a><\/p>\n<\/div>\n<\/div>\n<\/div>\n<\/div>\n<p>&nbsp;<\/p>\n<blockquote>\n<h3>TERMINATA UFFICIALMENTE LA STAGIONE DEL VOLLEY CLUB AGORDINO<\/h3>\n<\/blockquote>\n<p><strong><a href=\"https:\/\/www.radiopiu.net\/wordpress\/due-sconfitte-per-il-settore-giovanile-del-volley-club-agordino\/volley-2021\/\" rel=\"attachment wp-att-207180\"><img loading=\"lazy\" decoding=\"async\" class=\"size-medium wp-image-207180 alignleft\" src=\"https:\/\/www.radiopiu.net\/wordpress\/wp-content\/uploads\/2021\/05\/volley-2021-300x175.jpg\" alt=\"\" width=\"300\" height=\"175\" srcset=\"https:\/\/www.radiopiu.net\/wordpress\/wp-content\/uploads\/2021\/05\/volley-2021-300x175.jpg 300w, https:\/\/www.radiopiu.net\/wordpress\/wp-content\/uploads\/2021\/05\/volley-2021-768x449.jpg 768w, https:\/\/www.radiopiu.net\/wordpress\/wp-content\/uploads\/2021\/05\/volley-2021.jpg 770w\" sizes=\"auto, (max-width: 300px) 100vw, 300px\" \/><\/a>AGORDO<\/strong> \u00c8 ufficialmente terminata la stagione 2020-21 del Volley Club Agordino. Tutte e 3 le categorie in cui la squadra di Agordo si \u00e8 iscritta sono terminate. Un campionato molto breve a causa della pandemia che non ha permesso alle pallavoliste di effettuare un campionato completo. Poche le squadre iscritte e di conseguenza poche le partite da giocare. Le due squadre giovanili, Under 15 e Under 17, hanno concluso la stagione da pi\u00f9 di un mese. Entrambe non sono riuscite ad accedere alla fase finale chiudendo la stagione all&#8217;ultimo posto. La prima squadra del Volley Club Agordino ha partecipato solo alla Coppa Italia di Seconda Divisione. Dopo una partenza in sordina, le ragazze di Livio De Nardin hanno ingranato la marcia giusta ma non sono riuscite ad accedere alla fase finale del torneo. Nei giorni scorsi le partite di consolazione per decretare la settima posizione in classifica dove la squadra di Agordo ha fatto la voce grossa contro il Conegliano vincendo 3 a 2 la gara di andata in terra trevigiana. Buona la prestazione anche al ritorno dove al PalaRova di Agordo le ragazze di De Nardin si sono imposte per 3 a 1. Ora una lunga pausa per capire quale sar\u00e0 il futuro del volley agordino. La dirigenza sar\u00e0 gi\u00e0 al lavoro per iscrivere le squadre anche ai campionato della prossima stagione.<\/p>\n<p>&nbsp;<\/p>\n<p>&nbsp;<\/p>\n","protected":false},"excerpt":{"rendered":"<p>PER\u00a0RICEVERE QUESTO NOTIZIARIO DIRETTAMENTE SUL TUO CELLULARE ISCRIVITI AL CANALE TELEGRAM\u00a0\u201cRADIO PIU\u00a0 INFORMAZIONE\u201d\u00a0 \u00a0 \u00a0 \u00a0 &nbsp; DALLA QUESTURA DI BELLUNO Sono stati consegnati in Questura un anello tipo fede ed una cassa bluetooth. Per informazioni contattare l&#8217;Ufficio Anticrimine allo 0437 94 55 69 &nbsp; &nbsp; &nbsp; LE CHIUSURE DEI PASSI DOLOMITICI IN OCCASIONE DEL&hellip;<\/p>\n","protected":false},"author":4,"featured_media":216656,"comment_status":"closed","ping_status":"open","sticky":false,"template":"","format":"standard","meta":{"_monsterinsights_skip_tracking":false,"_monsterinsights_sitenote_active":false,"_monsterinsights_sitenote_note":"","_monsterinsights_sitenote_category":0,"footnotes":""},"categories":[1,51,86,49],"tags":[],"class_list":["post-216491","post","type-post","status-publish","format-standard","has-post-thumbnail","hentry","category-senza-categoria","category-evidenza-top","category-gr","category-news-18","category-1","category-51","category-86","category-49","description-off"],"img_url":"https:\/\/www.radiopiu.net\/wordpress\/wp-content\/uploads\/2021\/06\/9631193c-b2d9-4097-b303-ea3e8deeee7b.jpg","_links":{"self":[{"href":"https:\/\/www.radiopiu.net\/wordpress\/wp-json\/wp\/v2\/posts\/216491","targetHints":{"allow":["GET"]}}],"collection":[{"href":"https:\/\/www.radiopiu.net\/wordpress\/wp-json\/wp\/v2\/posts"}],"about":[{"href":"https:\/\/www.radiopiu.net\/wordpress\/wp-json\/wp\/v2\/types\/post"}],"author":[{"embeddable":true,"href":"https:\/\/www.radiopiu.net\/wordpress\/wp-json\/wp\/v2\/users\/4"}],"replies":[{"embeddable":true,"href":"https:\/\/www.radiopiu.net\/wordpress\/wp-json\/wp\/v2\/comments?post=216491"}],"version-history":[{"count":0,"href":"https:\/\/www.radiopiu.net\/wordpress\/wp-json\/wp\/v2\/posts\/216491\/revisions"}],"wp:featuredmedia":[{"embeddable":true,"href":"https:\/\/www.radiopiu.net\/wordpress\/wp-json\/wp\/v2\/media\/216656"}],"wp:attachment":[{"href":"https:\/\/www.radiopiu.net\/wordpress\/wp-json\/wp\/v2\/media?parent=216491"}],"wp:term":[{"taxonomy":"category","embeddable":true,"href":"https:\/\/www.radiopiu.net\/wordpress\/wp-json\/wp\/v2\/categories?post=216491"},{"taxonomy":"post_tag","embeddable":true,"href":"https:\/\/www.radiopiu.net\/wordpress\/wp-json\/wp\/v2\/tags?post=216491"}],"curies":[{"name":"wp","href":"https:\/\/api.w.org\/{rel}","templated":true}]}}