{"id":216571,"date":"2021-06-18T05:54:59","date_gmt":"2021-06-18T03:54:59","guid":{"rendered":"https:\/\/www.radiopiu.net\/wordpress\/?p=216571"},"modified":"2021-06-18T06:07:21","modified_gmt":"2021-06-18T04:07:21","slug":"contributi-agli-impianti-di-risalita-al-via-lerogazione-dei-500mila-euro-stanziati-dalla-provincia","status":"publish","type":"post","link":"https:\/\/www.radiopiu.net\/wordpress\/contributi-agli-impianti-di-risalita-al-via-lerogazione-dei-500mila-euro-stanziati-dalla-provincia\/","title":{"rendered":"CONTRIBUTI AGLI IMPIANTI DI RISALITA, AL VIA L\u2019EROGAZIONE DEI 500MILA EURO STANZIATI DALLA PROVINCIA"},"content":{"rendered":"<p><strong><a href=\"https:\/\/www.radiopiu.net\/wordpress\/urgente-segnalazione-danni-maltempo-a-feltre\/funivia-col-margherita\/\" rel=\"attachment wp-att-51274\"><img loading=\"lazy\" decoding=\"async\" class=\"size-medium wp-image-51274 alignleft\" src=\"https:\/\/www.radiopiu.net\/wordpress\/wp-content\/uploads\/2018\/06\/funivia-Col-Margherita-300x225.jpg\" alt=\"\" width=\"300\" height=\"225\" srcset=\"https:\/\/www.radiopiu.net\/wordpress\/wp-content\/uploads\/2018\/06\/funivia-Col-Margherita-300x225.jpg 300w, https:\/\/www.radiopiu.net\/wordpress\/wp-content\/uploads\/2018\/06\/funivia-Col-Margherita-768x576.jpg 768w, https:\/\/www.radiopiu.net\/wordpress\/wp-content\/uploads\/2018\/06\/funivia-Col-Margherita-1024x768.jpg 1024w, https:\/\/www.radiopiu.net\/wordpress\/wp-content\/uploads\/2018\/06\/funivia-Col-Margherita.jpg 2000w\" sizes=\"auto, (max-width: 300px) 100vw, 300px\" \/><\/a>BELLUNO <\/strong><span class=\"s1\">Nelle prossime settimane saranno erogati i contributi economici agli impianti di risalita. Una manovra da 500mila euro varata dalla Provincia nel dicembre scorso e orientata a sostenere le societ\u00e0 che gestiscono seggiovie e ski-aree dopo un inverno di chiusura imposta per l\u2019emergenza pandemica. Con la determina approvata dall\u2019ente di Palazzo Piloni nei giorni scorsi, le risorse economiche potranno essere distribuite. Le societ\u00e0 di impianti hanno tempo fino al 9 luglio per presentare apposita richiesta di erogazione del contributo, confermando i requisiti e le dichiarazioni previsti. <\/span><span class=\"s1\">\u00ab<em>Abbiamo dovuto attendere qualche mese, per verificare che il contributo provinciale non inficiasse eventuali bonus o sostegni da parte dello Stato &#8211; spiega il consigliere provinciale delegato agli impianti a fune, Massimo Bortoluzzi -. Ora che questo rischio non sussiste, possiamo finalmente dare seguito alla manovra approvata a dicembre, inserita nel cosiddetto \u201cpacchetto Covid\u201d che il consiglio provinciale ha fortemente voluto, per dare un segnale forte e insieme un aiuto concreto a un comparto &#8211; quello dello sci e del turismo invernale &#8211; che ha particolarmente sofferto la pandemia<\/em>\u00bb. <\/span><span class=\"s1\">Le societ\u00e0 che potranno beneficiare del contributo provinciale sono 27, vale a dire tutte quelle che operano nella montagna bellunese. La cifra stanziata verr\u00e0 suddivisa cos\u00ec: 125mila euro (un quarto) suddivisi per tutte le 27 societ\u00e0; i restanti 375mila euro andranno assegnati in base alle spese di gestione, secondo un sistema di punteggi (sciovie 1 punto, seggiovie a collegamento fisso 2 punti, seggiovie a collegamento temporaneo 3 punti, cabinovia e funivia 4 punti, campo scuola 5 punti). <\/span><span class=\"s1\">\u00ab<em>\u00c8 stato doveroso per noi intervenire a sostegno degli impianti a fune. Secondo una stima di Anef Veneto, producono un fatturato di 60 milioni di euro e un indotto turistico complessivo i circa 600 milioni di euro. Si tratta di un comparto importante ha sofferto particolarmente &#8211; sottolinea il consigliere provinciale delegato al turismo, Danilo De Toni -. E che ha comportato una sofferenza diffusa su tutto il turismo invernale, perch\u00e9 quando gli impianti chiudono, salta di fatto tutto il comparto, compresa l\u2019ospitalit\u00e0, il commercio, l\u2019artigianato. La cifra che abbiamo messo a disposizione forse \u00e8 piccola, ma \u00e8 il massimo che possiamo fare. Avremmo voluto dare risorse a tutte le attivit\u00e0 coinvolte nel turismo invernale, ma cos\u00ec facendo avremmo polverizzato in un attimo l\u2019intero budget. Invece, canalizzare le risorse sulle ski-aree, permette di garantire cifre importanti e di far vivere la montagna che ruota attorno agli impianti. Siamo convinti che la ripartenza possa avvenire gi\u00e0 nelle prossime settimane. L\u2019estate 2020 ci ha dimostrato che c\u2019\u00e8 voglia di montagna. L\u2019estate 2021 dovr\u00e0 confermare questo trend, con le Dolomiti bellunesi simbolo di ambiente sano, aria pulita e salute<\/em>\u00bb.<\/span><\/p>\n<p>&nbsp;<\/p>\n<p>&nbsp;<\/p>\n<p>&nbsp;<\/p>\n<p>****<\/p>\n","protected":false},"excerpt":{"rendered":"<p>BELLUNO Nelle prossime settimane saranno erogati i contributi economici agli impianti di risalita. Una manovra da 500mila euro varata dalla Provincia nel dicembre scorso e orientata a sostenere le societ\u00e0 che gestiscono seggiovie e ski-aree dopo un inverno di chiusura imposta per l\u2019emergenza pandemica. Con la determina approvata dall\u2019ente di Palazzo Piloni nei giorni scorsi,&hellip;<\/p>\n","protected":false},"author":4,"featured_media":51274,"comment_status":"closed","ping_status":"open","sticky":false,"template":"","format":"standard","meta":{"_monsterinsights_skip_tracking":false,"_monsterinsights_sitenote_active":false,"_monsterinsights_sitenote_note":"","_monsterinsights_sitenote_category":0,"footnotes":""},"categories":[51,49],"tags":[],"class_list":["post-216571","post","type-post","status-publish","format-standard","has-post-thumbnail","hentry","category-evidenza-top","category-news-18","category-51","category-49","description-off"],"img_url":"https:\/\/www.radiopiu.net\/wordpress\/wp-content\/uploads\/2018\/06\/funivia-Col-Margherita.jpg","_links":{"self":[{"href":"https:\/\/www.radiopiu.net\/wordpress\/wp-json\/wp\/v2\/posts\/216571","targetHints":{"allow":["GET"]}}],"collection":[{"href":"https:\/\/www.radiopiu.net\/wordpress\/wp-json\/wp\/v2\/posts"}],"about":[{"href":"https:\/\/www.radiopiu.net\/wordpress\/wp-json\/wp\/v2\/types\/post"}],"author":[{"embeddable":true,"href":"https:\/\/www.radiopiu.net\/wordpress\/wp-json\/wp\/v2\/users\/4"}],"replies":[{"embeddable":true,"href":"https:\/\/www.radiopiu.net\/wordpress\/wp-json\/wp\/v2\/comments?post=216571"}],"version-history":[{"count":0,"href":"https:\/\/www.radiopiu.net\/wordpress\/wp-json\/wp\/v2\/posts\/216571\/revisions"}],"wp:featuredmedia":[{"embeddable":true,"href":"https:\/\/www.radiopiu.net\/wordpress\/wp-json\/wp\/v2\/media\/51274"}],"wp:attachment":[{"href":"https:\/\/www.radiopiu.net\/wordpress\/wp-json\/wp\/v2\/media?parent=216571"}],"wp:term":[{"taxonomy":"category","embeddable":true,"href":"https:\/\/www.radiopiu.net\/wordpress\/wp-json\/wp\/v2\/categories?post=216571"},{"taxonomy":"post_tag","embeddable":true,"href":"https:\/\/www.radiopiu.net\/wordpress\/wp-json\/wp\/v2\/tags?post=216571"}],"curies":[{"name":"wp","href":"https:\/\/api.w.org\/{rel}","templated":true}]}}