{"id":216644,"date":"2021-06-18T05:56:08","date_gmt":"2021-06-18T03:56:08","guid":{"rendered":"https:\/\/www.radiopiu.net\/wordpress\/?p=216644"},"modified":"2021-06-18T06:06:12","modified_gmt":"2021-06-18T04:06:12","slug":"olimpiadi-2026-zaia-e-ghedina-a-roma","status":"publish","type":"post","link":"https:\/\/www.radiopiu.net\/wordpress\/olimpiadi-2026-zaia-e-ghedina-a-roma\/","title":{"rendered":"OLIMPIADI 2026: ZAIA E GHEDINA A ROMA"},"content":{"rendered":"<p><strong>IL VIDEO<\/strong><\/p>\n<div style=\"width: 720px;\" class=\"wp-video\"><video class=\"wp-video-shortcode\" id=\"video-216644-1\" width=\"720\" height=\"480\" preload=\"metadata\" controls=\"controls\"><source type=\"video\/mp4\" src=\"https:\/\/www.radiopiu.net\/wordpress\/wp-content\/uploads\/2021\/06\/OLIMPIADI-ZAIA-GHEDINA-ROMA-OK.mp4?_=1\" \/><a href=\"https:\/\/www.radiopiu.net\/wordpress\/wp-content\/uploads\/2021\/06\/OLIMPIADI-ZAIA-GHEDINA-ROMA-OK.mp4\">https:\/\/www.radiopiu.net\/wordpress\/wp-content\/uploads\/2021\/06\/OLIMPIADI-ZAIA-GHEDINA-ROMA-OK.mp4<\/a><\/video><\/div>\n<p>&nbsp;<\/p>\n<p><strong>LE FOTO DELL&#8217;INCONTRO CON IL PRESIDENTE DELLA REPUBBLICA<\/strong><\/p>\n\n\t\t\t<style type='text\/css'>\n\t\t\t\t#gallery-1 {\n\t\t\t\t\tmargin: auto;\n\t\t\t\t}\n\t\t\t\t#gallery-1 .gallery-item {\n\t\t\t\t\tfloat: left;\n\t\t\t\t\tmargin-top: 10px;\n\t\t\t\t\ttext-align: center;\n\t\t\t\t\twidth: 25%;\n\t\t\t\t}\n\t\t\t\t#gallery-1 img {\n\t\t\t\t\tborder: 2px solid #cfcfcf;\n\t\t\t\t}\n\t\t\t\t#gallery-1 .gallery-caption {\n\t\t\t\t\tmargin-left: 0;\n\t\t\t\t}\n\t\t\t\t\/* see gallery_shortcode() in wp-includes\/media.php *\/\n\t\t\t<\/style>\n\t\t<div id='gallery-1' class='dt-gallery-container gallery galleryid-216644 gallery-columns-4 gallery-size-medium'><dl class='gallery-item'>\n\t\t\t\t<dt class='gallery-icon landscape'>\n\t\t\t\t\t<a class=\"rollover rollover-zoom dt-pswp-item\" title=\"e9400c1d-6b59-4fe8-9020-9bb553c95a00\" data-dt-img-description=\"\" data-large_image_width=\"1600\" data-large_image_height=\"1067\"href='https:\/\/www.radiopiu.net\/wordpress\/wp-content\/uploads\/2021\/06\/e9400c1d-6b59-4fe8-9020-9bb553c95a00.jpg'><img loading=\"lazy\" decoding=\"async\" width=\"300\" height=\"200\" src=\"https:\/\/www.radiopiu.net\/wordpress\/wp-content\/uploads\/2021\/06\/e9400c1d-6b59-4fe8-9020-9bb553c95a00-300x200.jpg\" class=\"attachment-medium size-medium\" alt=\"\" srcset=\"https:\/\/www.radiopiu.net\/wordpress\/wp-content\/uploads\/2021\/06\/e9400c1d-6b59-4fe8-9020-9bb553c95a00-300x200.jpg 300w, https:\/\/www.radiopiu.net\/wordpress\/wp-content\/uploads\/2021\/06\/e9400c1d-6b59-4fe8-9020-9bb553c95a00-1024x683.jpg 1024w, https:\/\/www.radiopiu.net\/wordpress\/wp-content\/uploads\/2021\/06\/e9400c1d-6b59-4fe8-9020-9bb553c95a00-768x512.jpg 768w, https:\/\/www.radiopiu.net\/wordpress\/wp-content\/uploads\/2021\/06\/e9400c1d-6b59-4fe8-9020-9bb553c95a00-1536x1024.jpg 1536w, https:\/\/www.radiopiu.net\/wordpress\/wp-content\/uploads\/2021\/06\/e9400c1d-6b59-4fe8-9020-9bb553c95a00.jpg 1600w\" sizes=\"auto, (max-width: 300px) 100vw, 300px\" \/><\/a>\n\t\t\t\t<\/dt><\/dl><dl class='gallery-item'>\n\t\t\t\t<dt class='gallery-icon landscape'>\n\t\t\t\t\t<a class=\"rollover rollover-zoom dt-pswp-item\" title=\"2563a515-2f9d-46ba-b7d5-4a036a16da6b\" data-dt-img-description=\"\" data-large_image_width=\"1600\" data-large_image_height=\"1067\"href='https:\/\/www.radiopiu.net\/wordpress\/wp-content\/uploads\/2021\/06\/2563a515-2f9d-46ba-b7d5-4a036a16da6b.jpg'><img loading=\"lazy\" decoding=\"async\" width=\"300\" height=\"200\" src=\"https:\/\/www.radiopiu.net\/wordpress\/wp-content\/uploads\/2021\/06\/2563a515-2f9d-46ba-b7d5-4a036a16da6b-300x200.jpg\" class=\"attachment-medium size-medium\" alt=\"\" srcset=\"https:\/\/www.radiopiu.net\/wordpress\/wp-content\/uploads\/2021\/06\/2563a515-2f9d-46ba-b7d5-4a036a16da6b-300x200.jpg 300w, https:\/\/www.radiopiu.net\/wordpress\/wp-content\/uploads\/2021\/06\/2563a515-2f9d-46ba-b7d5-4a036a16da6b-1024x683.jpg 1024w, https:\/\/www.radiopiu.net\/wordpress\/wp-content\/uploads\/2021\/06\/2563a515-2f9d-46ba-b7d5-4a036a16da6b-768x512.jpg 768w, https:\/\/www.radiopiu.net\/wordpress\/wp-content\/uploads\/2021\/06\/2563a515-2f9d-46ba-b7d5-4a036a16da6b-1536x1024.jpg 1536w, https:\/\/www.radiopiu.net\/wordpress\/wp-content\/uploads\/2021\/06\/2563a515-2f9d-46ba-b7d5-4a036a16da6b.jpg 1600w\" sizes=\"auto, (max-width: 300px) 100vw, 300px\" \/><\/a>\n\t\t\t\t<\/dt><\/dl><dl class='gallery-item'>\n\t\t\t\t<dt class='gallery-icon landscape'>\n\t\t\t\t\t<a class=\"rollover rollover-zoom dt-pswp-item\" title=\"22fcc5b2-68f4-434d-ba5b-e4e2095fc830\" data-dt-img-description=\"\" data-large_image_width=\"1600\" data-large_image_height=\"1067\"href='https:\/\/www.radiopiu.net\/wordpress\/wp-content\/uploads\/2021\/06\/22fcc5b2-68f4-434d-ba5b-e4e2095fc830.jpg'><img loading=\"lazy\" decoding=\"async\" width=\"300\" height=\"200\" src=\"https:\/\/www.radiopiu.net\/wordpress\/wp-content\/uploads\/2021\/06\/22fcc5b2-68f4-434d-ba5b-e4e2095fc830-300x200.jpg\" class=\"attachment-medium size-medium\" alt=\"\" srcset=\"https:\/\/www.radiopiu.net\/wordpress\/wp-content\/uploads\/2021\/06\/22fcc5b2-68f4-434d-ba5b-e4e2095fc830-300x200.jpg 300w, https:\/\/www.radiopiu.net\/wordpress\/wp-content\/uploads\/2021\/06\/22fcc5b2-68f4-434d-ba5b-e4e2095fc830-1024x683.jpg 1024w, https:\/\/www.radiopiu.net\/wordpress\/wp-content\/uploads\/2021\/06\/22fcc5b2-68f4-434d-ba5b-e4e2095fc830-768x512.jpg 768w, https:\/\/www.radiopiu.net\/wordpress\/wp-content\/uploads\/2021\/06\/22fcc5b2-68f4-434d-ba5b-e4e2095fc830-1536x1024.jpg 1536w, https:\/\/www.radiopiu.net\/wordpress\/wp-content\/uploads\/2021\/06\/22fcc5b2-68f4-434d-ba5b-e4e2095fc830.jpg 1600w\" sizes=\"auto, (max-width: 300px) 100vw, 300px\" \/><\/a>\n\t\t\t\t<\/dt><\/dl><dl class='gallery-item'>\n\t\t\t\t<dt class='gallery-icon landscape'>\n\t\t\t\t\t<a class=\"rollover rollover-zoom dt-pswp-item\" title=\"9631193c-b2d9-4097-b303-ea3e8deeee7b\" data-dt-img-description=\"\" data-large_image_width=\"2048\" data-large_image_height=\"1365\"href='https:\/\/www.radiopiu.net\/wordpress\/wp-content\/uploads\/2021\/06\/9631193c-b2d9-4097-b303-ea3e8deeee7b.jpg'><img loading=\"lazy\" decoding=\"async\" width=\"300\" height=\"200\" src=\"https:\/\/www.radiopiu.net\/wordpress\/wp-content\/uploads\/2021\/06\/9631193c-b2d9-4097-b303-ea3e8deeee7b-300x200.jpg\" class=\"attachment-medium size-medium\" alt=\"\" srcset=\"https:\/\/www.radiopiu.net\/wordpress\/wp-content\/uploads\/2021\/06\/9631193c-b2d9-4097-b303-ea3e8deeee7b-300x200.jpg 300w, https:\/\/www.radiopiu.net\/wordpress\/wp-content\/uploads\/2021\/06\/9631193c-b2d9-4097-b303-ea3e8deeee7b-1024x683.jpg 1024w, https:\/\/www.radiopiu.net\/wordpress\/wp-content\/uploads\/2021\/06\/9631193c-b2d9-4097-b303-ea3e8deeee7b-768x512.jpg 768w, https:\/\/www.radiopiu.net\/wordpress\/wp-content\/uploads\/2021\/06\/9631193c-b2d9-4097-b303-ea3e8deeee7b-1536x1024.jpg 1536w, https:\/\/www.radiopiu.net\/wordpress\/wp-content\/uploads\/2021\/06\/9631193c-b2d9-4097-b303-ea3e8deeee7b.jpg 2048w\" sizes=\"auto, (max-width: 300px) 100vw, 300px\" \/><\/a>\n\t\t\t\t<\/dt><\/dl><br style=\"clear: both\" \/>\n\t\t\t<\/div>\n\n<p><strong>LE DICHIARAZIONI DEL MINISTRO FEDERICO D&#8217;INCA&#8217;<\/strong><\/p>\n<p>\u201c<em>La societ\u00e0 che sar\u00e0 incaricata di realizzare le opere infrastrutturali per le Olimpiadi di Milano-Cortina 2026 interverr\u00e0 anche sulla loro progettazione e sugli impianti sportivi olimpici, sulla base di un piano degli interventi predisposto dalla stessa societ\u00e0 di intesa con il Ministero delle Infrastrutture e dei Trasporti e delle Mobilit\u00e0 sostenibili con le Regioni interessate<\/em>\u201d. Lo afferma dichiara Federico D\u2019Inc\u00e0, Ministro per i Rapporti con il Parlamento, in occasione della nuova norma contenuta nel decreto approvato dall\u2019ultimo Consiglio dei Ministri. \u201c<em>L\u2019estensione alle opere sportive permetter\u00e0, di conseguenza, un maggiore ambito di intervento da parte del prossimo Commissario che sar\u00e0 nominato a breve \u2013 prosegue il Ministro per i Rapporti con il Parlamento, che aggiunge &#8211; : \u00e8 un risultato molto importante per la riuscita dei Giochi del 2026 che, \u00e8 opportuno ricordarlo, avranno infrastrutture utili e sostenibili che rimarranno a beneficio dell\u2019intera collettivit\u00e0. Le risorse messe a disposizione saranno spese con estrema precisione e con una particolare attenzione all\u2019ambiente. <\/em><em>Ora ci sar\u00e0 un&#8217;accelerazione per la realizzazione delle opere in modo da iniziare l&#8217;importante percorso che ci porter\u00e0 ai Giochi del 2026, rispettando i corretti tempi di esecuzione<\/em>\u201d. \u201c<em>Nelle ultime settimane ho affrontato il tema delle Olimpiadi attraverso alcuni incontri istituzionali, tra cui la Sottosegretaria Vezzali e il Viceministro Morelli: si lavorer\u00e0 intensamente per un evento straordinario che dar\u00e0 immensa visibilit\u00e0 ai nostri territori e all\u2019intero Paese. Un Paese che, anche attraverso i grandi eventi sportivi e la corretta organizzazione dei lavori, sta finalmente cambiando<\/em> \u2013 conclude il Ministro D\u2019Inc\u00e0\u201d.<\/p>\n<p>&nbsp;<\/p>\n<p>****<\/p>\n","protected":false},"excerpt":{"rendered":"<p>IL VIDEO &nbsp; LE FOTO DELL&#8217;INCONTRO CON IL PRESIDENTE DELLA REPUBBLICA LE DICHIARAZIONI DEL MINISTRO FEDERICO D&#8217;INCA&#8217; \u201cLa societ\u00e0 che sar\u00e0 incaricata di realizzare le opere infrastrutturali per le Olimpiadi di Milano-Cortina 2026 interverr\u00e0 anche sulla loro progettazione e sugli impianti sportivi olimpici, sulla base di un piano degli interventi predisposto dalla stessa societ\u00e0 di&hellip;<\/p>\n","protected":false},"author":4,"featured_media":0,"comment_status":"closed","ping_status":"open","sticky":false,"template":"","format":"standard","meta":{"_monsterinsights_skip_tracking":false,"_monsterinsights_sitenote_active":false,"_monsterinsights_sitenote_note":"","_monsterinsights_sitenote_category":0,"footnotes":""},"categories":[51,49],"tags":[],"class_list":["post-216644","post","type-post","status-publish","format-standard","hentry","category-evidenza-top","category-news-18","category-51","category-49","description-off"],"img_url":false,"_links":{"self":[{"href":"https:\/\/www.radiopiu.net\/wordpress\/wp-json\/wp\/v2\/posts\/216644","targetHints":{"allow":["GET"]}}],"collection":[{"href":"https:\/\/www.radiopiu.net\/wordpress\/wp-json\/wp\/v2\/posts"}],"about":[{"href":"https:\/\/www.radiopiu.net\/wordpress\/wp-json\/wp\/v2\/types\/post"}],"author":[{"embeddable":true,"href":"https:\/\/www.radiopiu.net\/wordpress\/wp-json\/wp\/v2\/users\/4"}],"replies":[{"embeddable":true,"href":"https:\/\/www.radiopiu.net\/wordpress\/wp-json\/wp\/v2\/comments?post=216644"}],"version-history":[{"count":0,"href":"https:\/\/www.radiopiu.net\/wordpress\/wp-json\/wp\/v2\/posts\/216644\/revisions"}],"wp:attachment":[{"href":"https:\/\/www.radiopiu.net\/wordpress\/wp-json\/wp\/v2\/media?parent=216644"}],"wp:term":[{"taxonomy":"category","embeddable":true,"href":"https:\/\/www.radiopiu.net\/wordpress\/wp-json\/wp\/v2\/categories?post=216644"},{"taxonomy":"post_tag","embeddable":true,"href":"https:\/\/www.radiopiu.net\/wordpress\/wp-json\/wp\/v2\/tags?post=216644"}],"curies":[{"name":"wp","href":"https:\/\/api.w.org\/{rel}","templated":true}]}}