{"id":216693,"date":"2021-06-19T05:42:44","date_gmt":"2021-06-19T03:42:44","guid":{"rendered":"https:\/\/www.radiopiu.net\/wordpress\/?p=216693"},"modified":"2021-06-19T08:19:18","modified_gmt":"2021-06-19T06:19:18","slug":"giornale-radiopiu-19-giugno-2021-direttore-mirko-mezzacasa","status":"publish","type":"post","link":"https:\/\/www.radiopiu.net\/wordpress\/giornale-radiopiu-19-giugno-2021-direttore-mirko-mezzacasa\/","title":{"rendered":"GIORNALE RADIOPIU 19 GIUGNO 2021 DIRETTORE MIRKO MEZZACASA"},"content":{"rendered":"<h3><span style=\"color: #0000ff;\">PER<strong>\u00a0RICEVERE QUESTO NOTIZIARIO DIRETTAMENTE SUL TUO CELLULARE ISCRIVITI AL CANALE TELEGRAM\u00a0<\/strong><strong>\u201cRADIO PIU\u00a0 INFORMAZIONE\u201d\u00a0 \u00a0 \u00a0 \u00a0\u00a0<\/strong><\/span><\/h3>\n<p>&nbsp;<\/p>\n<p><strong>DI LEANDRO GRONES, SINDACO DI LIVINALLONGO_FODOM<\/strong> Le nevere de novembre 2019 i\u00e0 fat rebalt\u00e8 p\u00eb\u0107 soura l Crist pr\u00f2 l teriol de Col de Lana sa le vasche. I Jagri da Fodom i l\u2019ha comed\u00e8 fora e n ch\u00ebstad\u00ec i l\u2019ha port\u00e8 s\u00f9 pr\u00f3 l festil zupl\u00e8 fora da la Vijinanza de Salejei. N gran Diovelpaie!!!<\/p>\n<blockquote><p><em>Le nevicate copiose di novembre 2019 hanno causato schianti di piante sopra il crocifisso sul sentiero che porta al Col di Lana. I cacciatori di Livinallongo, lo hanno riparato e riposizionato nuovamente al suo posto vicino anche alla fontana che i frazionisti di Salesei gli avevano messo accanto.<\/em><\/p><\/blockquote>\n\n\t\t\t<style type='text\/css'>\n\t\t\t\t#gallery-1 {\n\t\t\t\t\tmargin: auto;\n\t\t\t\t}\n\t\t\t\t#gallery-1 .gallery-item {\n\t\t\t\t\tfloat: left;\n\t\t\t\t\tmargin-top: 10px;\n\t\t\t\t\ttext-align: center;\n\t\t\t\t\twidth: 33%;\n\t\t\t\t}\n\t\t\t\t#gallery-1 img {\n\t\t\t\t\tborder: 2px solid #cfcfcf;\n\t\t\t\t}\n\t\t\t\t#gallery-1 .gallery-caption {\n\t\t\t\t\tmargin-left: 0;\n\t\t\t\t}\n\t\t\t\t\/* see gallery_shortcode() in wp-includes\/media.php *\/\n\t\t\t<\/style>\n\t\t<div id='gallery-1' class='dt-gallery-container gallery galleryid-216693 gallery-columns-3 gallery-size-medium'><dl class='gallery-item'>\n\t\t\t\t<dt class='gallery-icon portrait'>\n\t\t\t\t\t<a class=\"rollover rollover-zoom dt-pswp-item\" title=\"feb00698-25fa-414c-a2eb-fd65b7c797c6\" data-dt-img-description=\"\" data-large_image_width=\"575\" data-large_image_height=\"1024\"href='https:\/\/www.radiopiu.net\/wordpress\/wp-content\/uploads\/2021\/06\/feb00698-25fa-414c-a2eb-fd65b7c797c6.jpg'><img loading=\"lazy\" decoding=\"async\" width=\"168\" height=\"300\" src=\"https:\/\/www.radiopiu.net\/wordpress\/wp-content\/uploads\/2021\/06\/feb00698-25fa-414c-a2eb-fd65b7c797c6-168x300.jpg\" class=\"attachment-medium size-medium\" alt=\"\" srcset=\"https:\/\/www.radiopiu.net\/wordpress\/wp-content\/uploads\/2021\/06\/feb00698-25fa-414c-a2eb-fd65b7c797c6-168x300.jpg 168w, https:\/\/www.radiopiu.net\/wordpress\/wp-content\/uploads\/2021\/06\/feb00698-25fa-414c-a2eb-fd65b7c797c6.jpg 575w\" sizes=\"auto, (max-width: 168px) 100vw, 168px\" \/><\/a>\n\t\t\t\t<\/dt><\/dl><dl class='gallery-item'>\n\t\t\t\t<dt class='gallery-icon portrait'>\n\t\t\t\t\t<a class=\"rollover rollover-zoom dt-pswp-item\" title=\"9e65b4c0-a3eb-403e-a74e-3c2cc7cef280\" data-dt-img-description=\"\" data-large_image_width=\"768\" data-large_image_height=\"1024\"href='https:\/\/www.radiopiu.net\/wordpress\/wp-content\/uploads\/2021\/06\/9e65b4c0-a3eb-403e-a74e-3c2cc7cef280.jpg'><img loading=\"lazy\" decoding=\"async\" width=\"225\" height=\"300\" src=\"https:\/\/www.radiopiu.net\/wordpress\/wp-content\/uploads\/2021\/06\/9e65b4c0-a3eb-403e-a74e-3c2cc7cef280-225x300.jpg\" class=\"attachment-medium size-medium\" alt=\"\" srcset=\"https:\/\/www.radiopiu.net\/wordpress\/wp-content\/uploads\/2021\/06\/9e65b4c0-a3eb-403e-a74e-3c2cc7cef280-225x300.jpg 225w, https:\/\/www.radiopiu.net\/wordpress\/wp-content\/uploads\/2021\/06\/9e65b4c0-a3eb-403e-a74e-3c2cc7cef280.jpg 768w\" sizes=\"auto, (max-width: 225px) 100vw, 225px\" \/><\/a>\n\t\t\t\t<\/dt><\/dl><dl class='gallery-item'>\n\t\t\t\t<dt class='gallery-icon portrait'>\n\t\t\t\t\t<a class=\"rollover rollover-zoom dt-pswp-item\" title=\"998e0b1d-052d-4351-b8e9-caebb0ce2b5e\" data-dt-img-description=\"\" data-large_image_width=\"768\" data-large_image_height=\"1024\"href='https:\/\/www.radiopiu.net\/wordpress\/wp-content\/uploads\/2021\/06\/998e0b1d-052d-4351-b8e9-caebb0ce2b5e.jpg'><img loading=\"lazy\" decoding=\"async\" width=\"225\" height=\"300\" src=\"https:\/\/www.radiopiu.net\/wordpress\/wp-content\/uploads\/2021\/06\/998e0b1d-052d-4351-b8e9-caebb0ce2b5e-225x300.jpg\" class=\"attachment-medium size-medium\" alt=\"\" srcset=\"https:\/\/www.radiopiu.net\/wordpress\/wp-content\/uploads\/2021\/06\/998e0b1d-052d-4351-b8e9-caebb0ce2b5e-225x300.jpg 225w, https:\/\/www.radiopiu.net\/wordpress\/wp-content\/uploads\/2021\/06\/998e0b1d-052d-4351-b8e9-caebb0ce2b5e.jpg 768w\" sizes=\"auto, (max-width: 225px) 100vw, 225px\" \/><\/a>\n\t\t\t\t<\/dt><\/dl><br style=\"clear: both\" \/>\n\t\t\t<\/div>\n\n<blockquote><p>&nbsp;<\/p><\/blockquote>\n<p>&nbsp;<\/p>\n<hr \/>\n<p><span style=\"color: #ff0000;\"><strong>OGGI FALZAREGO, VALPAROLA E CAMPOLONGO: CHIUSI<\/strong><\/span><\/p>\n<blockquote>\n<h3>LE CHIUSURE DEI PASSI DOLOMITICI IN OCCASIONE DEL DOLOMITES BIKE DAY E IL SELLA RONDA BIKE DAY<\/h3>\n<\/blockquote>\n<p><strong><a href=\"https:\/\/www.radiopiu.net\/wordpress\/lemergenza-stravolge-i-piani-turistici-annullati-gli-eventi-in-terra-fodom\/sellaronda-bike-day-ph-credit_freddy-planinschek\/\" rel=\"attachment wp-att-132243\"><img loading=\"lazy\" decoding=\"async\" class=\"size-medium wp-image-132243 alignleft\" src=\"https:\/\/www.radiopiu.net\/wordpress\/wp-content\/uploads\/2020\/04\/Sellaronda-bike-day-ph.credit_freddy-planinschek-300x200.jpg\" alt=\"\" width=\"300\" height=\"200\" srcset=\"https:\/\/www.radiopiu.net\/wordpress\/wp-content\/uploads\/2020\/04\/Sellaronda-bike-day-ph.credit_freddy-planinschek-300x200.jpg 300w, https:\/\/www.radiopiu.net\/wordpress\/wp-content\/uploads\/2020\/04\/Sellaronda-bike-day-ph.credit_freddy-planinschek-768x512.jpg 768w, https:\/\/www.radiopiu.net\/wordpress\/wp-content\/uploads\/2020\/04\/Sellaronda-bike-day-ph.credit_freddy-planinschek.jpg 990w\" sizes=\"auto, (max-width: 300px) 100vw, 300px\" \/><\/a>LIVINALLONGO<\/strong> Oggi in occasione del Dolomites Bike Day e domenica 27 giugno per il Sella Ronda Bike Day ci saranno delle limitazioni al traffico sui passi dolomitici.<\/p>\n<p class=\"p1\"><span class=\"s1\"><strong>OGGI<\/strong>: DOLOMITES BIKE DAY <\/span><span class=\"s1\">chiusura dalle ore 08:30 alle ore 14.30: da <\/span><span class=\"s2\">Passo Campolongo \u2013 Arabba \u2013 Pieve di Livinallongo (SS48) \u2013 Passo Falzarego \u2013 (SP 37) Passo Valparola \u2013 San Cassiano \u2013 La Villa (SS244) \u2013 Corvara bivio direzione Passo Campolongo.\u00a0 <\/span><span class=\"s1\">Ai ciclisti si consiglia il senso antiorario, quindi da Passo Campolongo, Arabba, Pieve di Livinallongo in salita verso il Passo Falzarego, Passo Valparola.<\/span><\/p>\n<p class=\"p1\"><span class=\"s1\"><strong> DOMENICA 27 giugno 2021<\/strong>: SELLA RONDA BIKE DAY con la chiusura dei 4 Passi Dolomitici attorno al massiccio del Sella: <\/span><span class=\"s2\">Passo Campolongo, Passo Gardena, Passo Sella e Passo Pordoi dalle ore 8:30 alle ore 15:30. <\/span><span class=\"s1\">Ai ciclisti si consiglia il senso antiorario, quindi in salita da Arabba verso il Passo Campolongo.<\/span><\/p>\n<p>&nbsp;<\/p>\n<p>&nbsp;<\/p>\n<p>&nbsp;<\/p>\n<hr \/>\n<p><span style=\"color: #0000ff;\"><strong>\u00a0<\/strong><\/span><\/p>\n<blockquote>\n<h3>DA MERCOLEDI CHIUDE LA 563 DI SALESEI (ROCCA PIETORE-DIGONERA)<\/h3>\n<\/blockquote>\n<p><strong><a href=\"https:\/\/www.radiopiu.net\/wordpress\/da-mercoledi-chiude-la-563-di-salesei-rocca-pietore-digonera\/th-143\/\" rel=\"attachment wp-att-216769\"><img loading=\"lazy\" decoding=\"async\" class=\"wp-image-216769 alignleft\" src=\"https:\/\/www.radiopiu.net\/wordpress\/wp-content\/uploads\/2021\/06\/th-16-300x169.jpg\" alt=\"\" width=\"154\" height=\"87\" srcset=\"https:\/\/www.radiopiu.net\/wordpress\/wp-content\/uploads\/2021\/06\/th-16-300x169.jpg 300w, https:\/\/www.radiopiu.net\/wordpress\/wp-content\/uploads\/2021\/06\/th-16.jpg 330w\" sizes=\"auto, (max-width: 154px) 100vw, 154px\" \/><\/a>ROCCA PIETORE<\/strong>\u00a0 Dal 23 giugno a fino al 2 luglio (sabato e domenica escluso) lungo la 563 di Digonera sono previsti gli interventi di realizzazione delle opere di difesa dalla valanghe. La circolazione stradale sar\u00e0 totalmente interdetta dalle 8 alle 12 e dalle 14 alle 18. Negli altri orari senso unico alternato a vista.<\/p>\n<p><strong><a href=\"https:\/\/www.radiopiu.net\/wordpress\/giornale-radiopiu-16-giugno-2021-direttore-mirko-mezzacasa\/lavorii\/\" rel=\"attachment wp-att-216177\"><img loading=\"lazy\" decoding=\"async\" class=\"size-medium wp-image-216177 alignleft\" src=\"https:\/\/www.radiopiu.net\/wordpress\/wp-content\/uploads\/2021\/06\/LAVORII-300x159.jpg\" alt=\"\" width=\"300\" height=\"159\" srcset=\"https:\/\/www.radiopiu.net\/wordpress\/wp-content\/uploads\/2021\/06\/LAVORII-300x159.jpg 300w, https:\/\/www.radiopiu.net\/wordpress\/wp-content\/uploads\/2021\/06\/LAVORII.jpg 335w\" sizes=\"auto, (max-width: 300px) 100vw, 300px\" \/><\/a><\/strong><\/p>\n<p>&nbsp;<\/p>\n<p><b>GALLERIA \u2018COMELICO\u00a0<\/b>fino al 31 luglio\u00a0 dalle 21 alle\u00a0 6 la galleria sar\u00e0 chiusa al traffico. Per i veicoli pesanti trainanti un rimorchio \u00e8 prevista la deviazione sulla SR 48 \u201cdelle Dolomiti e sulla SP 49 \u201cMisurina\u201d,\u00a0 \u00a0il traffico pesante sar\u00e0 deviato lungo la SP 532 \u201cPasso S. Antonio\u201d. Il traffico leggero\u00a0 sulla SP 532.<\/p>\n<p>&nbsp;<\/p>\n<p><strong>BELLUNO <\/strong>Per consentire l\u2019esecuzione dei lavori di manutenzione degli impianti a servizio della galleria \u2018Termine\u2019 sono previste limitazioni notturne lungo la strada statale 51 \u201cdi Alemagna\u201d.Da luned\u00ec 21 giugno, nella fascia oraria compresa tra le 21:00 e le 6:00 del giorno successivo, sar\u00e0 chiuso al traffico il tratto dal km 53,400 al km 55,950 con deviazione della circolazione sulla ex strada statale 51.La modifica alla circolazione non sar\u00e0 in vigore nei giorni festivi e prefestivi ed \u00e8 prevista fino a venerd\u00ec 2 luglio 2021.<\/p>\n<p>&nbsp;<\/p>\n<hr \/>\n<p>&nbsp;<\/p>\n<p>&nbsp;<\/p>\n<blockquote><p>&nbsp;<\/p>\n<p><strong><span style=\"color: #800000;\"><a href=\"https:\/\/www.radiopiu.net\/wordpress\/giornale-radiopiu-16-giugno-2021-direttore-mirko-mezzacasa\/th-140\/\" rel=\"attachment wp-att-216173\"><img loading=\"lazy\" decoding=\"async\" class=\"wp-image-216173 alignleft\" src=\"https:\/\/www.radiopiu.net\/wordpress\/wp-content\/uploads\/2021\/06\/th-13.jpg\" alt=\"\" width=\"71\" height=\"47\" \/><\/a>ENEL, INTERRUZIONI PROGRAMMATE PER LAVORI SULLE LINEE ELETTRICHE\u00a0\u00a0<\/span><\/strong><\/p><\/blockquote>\n<p><strong>\u00a0<\/strong><strong>ALLEGHE<\/strong> Lunedi dalle 13 alle 16 sono interessate le vie Coldai, Serenissima, Scuole, Sm Battuti.<strong>AGORDO<\/strong> Martedi dalle 8 alle 12 sono interessate le vie Parech, Val di Frela, 4 Novembre<strong> LIVINALLONGO DEL COL DI LANA<\/strong> Mercoledi dalle 8.30 alle 14.30 sono interessate le vie Larzonei e Collaz. <strong>COLLE SANTA LUCIA<\/strong> Mercoledi dalle 8.30 alle 14.30 sono interessate le vie Colcuc e Rucav\u00e0.<\/p>\n<p>&nbsp;<\/p>\n<p>&nbsp;<\/p>\n<hr \/>\n<p>&nbsp;<\/p>\n<blockquote>\n<h2><a href=\"https:\/\/www.radiopiu.net\/wordpress\/giornale-radiopiu-16-giugno-2021-direttore-mirko-mezzacasa\/lavori-6\/\" rel=\"attachment wp-att-216175\"><img loading=\"lazy\" decoding=\"async\" class=\"wp-image-216175 alignleft\" src=\"https:\/\/www.radiopiu.net\/wordpress\/wp-content\/uploads\/2021\/06\/LAVORI-1-1.jpg\" alt=\"\" width=\"122\" height=\"122\" srcset=\"https:\/\/www.radiopiu.net\/wordpress\/wp-content\/uploads\/2021\/06\/LAVORI-1-1.jpg 300w, https:\/\/www.radiopiu.net\/wordpress\/wp-content\/uploads\/2021\/06\/LAVORI-1-1-150x150.jpg 150w\" sizes=\"auto, (max-width: 122px) 100vw, 122px\" \/><\/a>CANTIERI A ROCCA PIETORE<\/h2>\n<\/blockquote>\n<p><strong>ROCCA PIETORE<\/strong> Fino al 10 luglio \u00e8 chiuso al transito il ponte sul Ru de Molin tra le localit\u00e0 di Santa Maria delle Grazie e Caracoi. Chiusura dell&#8217;area compresa tra la localit\u00e0 di Aur\u00f9 e l&#8217;intersezione con la strada per Laste Fino al 9 luglio \u00e8 chiuso il tratto di strada in localit\u00e0 Col di Rocca nel tratto tra la Centralina Comunale e il bivio in cui si innesta con la strada provinciale 641 lato Sass Negher. . La viabilit\u00e0 da e per l&#8217;abitato di Col di Rocca \u00e8 comunque garantita da altri due accessi esistenti.<\/p>\n<p>&nbsp;<\/p>\n<p>&nbsp;<\/p>\n<hr \/>\n<p>&nbsp;<\/p>\n<blockquote>\n<h3><strong><a href=\"https:\/\/www.radiopiu.net\/wordpress\/agordo-il-mio-paese-litalia-che-vorrei-di-mirko-mezzacasa\/8cea600a-c88b-4d28-8748-e360e4864c44\/\" rel=\"attachment wp-att-144890\"><img loading=\"lazy\" decoding=\"async\" class=\" wp-image-144890 alignleft\" src=\"https:\/\/www.radiopiu.net\/wordpress\/wp-content\/uploads\/2020\/06\/8cea600a-c88b-4d28-8748-e360e4864c44-300x225.jpg\" alt=\"\" width=\"155\" height=\"116\" srcset=\"https:\/\/www.radiopiu.net\/wordpress\/wp-content\/uploads\/2020\/06\/8cea600a-c88b-4d28-8748-e360e4864c44-300x225.jpg 300w, https:\/\/www.radiopiu.net\/wordpress\/wp-content\/uploads\/2020\/06\/8cea600a-c88b-4d28-8748-e360e4864c44-1024x768.jpg 1024w, https:\/\/www.radiopiu.net\/wordpress\/wp-content\/uploads\/2020\/06\/8cea600a-c88b-4d28-8748-e360e4864c44-768x576.jpg 768w, https:\/\/www.radiopiu.net\/wordpress\/wp-content\/uploads\/2020\/06\/8cea600a-c88b-4d28-8748-e360e4864c44-1536x1152.jpg 1536w, https:\/\/www.radiopiu.net\/wordpress\/wp-content\/uploads\/2020\/06\/8cea600a-c88b-4d28-8748-e360e4864c44.jpg 2048w\" sizes=\"auto, (max-width: 155px) 100vw, 155px\" \/><\/a><\/strong>LAVORI DI RIFACIMENTO DEL PONTE SUL TORRENTE CAMPREGANA<\/h3>\n<\/blockquote>\n<p><strong>AGORDO<\/strong> Fino al 16 luglio, per le frazioni Farenzena e Val di Frela deviazioni per la\u00a0 strada silvo-pastorale Farenzena-Don <em>Transito consentito <strong>A SALIRE<\/strong>, da frazione FARENZENA a localita\u0300 DON: dalle 6 alle 7:45, dalle 9 alle 9:45, dalle 11:00 alle 11:45, dalle 13 alle 13:45 &#8211; dalle 15 alle 15:45, dalle 17 alle 17:45, dalle 19 alle 19:45. Transito consentito<strong> A SCENDERE<\/strong>, da localita\u0300 DON a frazione FARENZENA: dalle 8 alle 8:45, dalle 10 alle 10:45, dalle 12 alle 12:45, dalle 14 alle 14:45, dalle 16 alle 16:45, dalle 18 alle 18:45, dalle 20 alle 20:45. Dalle ore 20:45 alle ore 05:45 la circolazione dei veicoli e\u0300 consentita contemporaneamente in entrambi i sensi di marcia.\u00a0<\/em><\/p>\n<blockquote><p>&nbsp;<\/p><\/blockquote>\n<p>&nbsp;<\/p>\n<hr \/>\n<p>&nbsp;<\/p>\n<blockquote>\n<h3><strong><a href=\"https:\/\/www.radiopiu.net\/wordpress\/ancora-al-lavoro-i-vigili-del-fuoco-a-canazei-di-colle-santa-lucia\/1a1a094a-7a44-4ffc-8b60-56b1a06b12e8\/\" rel=\"attachment wp-att-214046\"><img loading=\"lazy\" decoding=\"async\" class=\" wp-image-214046 alignleft\" src=\"https:\/\/www.radiopiu.net\/wordpress\/wp-content\/uploads\/2021\/06\/1a1a094a-7a44-4ffc-8b60-56b1a06b12e8-300x225.jpg\" alt=\"\" width=\"112\" height=\"84\" srcset=\"https:\/\/www.radiopiu.net\/wordpress\/wp-content\/uploads\/2021\/06\/1a1a094a-7a44-4ffc-8b60-56b1a06b12e8-300x225.jpg 300w, https:\/\/www.radiopiu.net\/wordpress\/wp-content\/uploads\/2021\/06\/1a1a094a-7a44-4ffc-8b60-56b1a06b12e8-1024x768.jpg 1024w, https:\/\/www.radiopiu.net\/wordpress\/wp-content\/uploads\/2021\/06\/1a1a094a-7a44-4ffc-8b60-56b1a06b12e8-768x576.jpg 768w, https:\/\/www.radiopiu.net\/wordpress\/wp-content\/uploads\/2021\/06\/1a1a094a-7a44-4ffc-8b60-56b1a06b12e8.jpg 1280w\" sizes=\"auto, (max-width: 112px) 100vw, 112px\" \/><\/a><\/strong>RACCOLTA FONDI PER L&#8217;INCENDIO DI CANAZEI A COLLE SANTA LUCIA<\/h3>\n<\/blockquote>\n<p><strong>COLLE SANTA LUCIA <\/strong>Le donazioni potranno essere effettuate al seguente conto corrente bancario Unicredit banca SPA intestato al Comune di Colle Santa Lucia: IT15A0200861000000002713253 inserendo la seguente causale: \u201cIncendio Canazei di Colle Santa Lucia del 4 giugno 2021\u201d.<\/p>\n<p>&nbsp;<\/p>\n<p>&nbsp;<\/p>\n<hr \/>\n<p>&nbsp;<\/p>\n<p>&nbsp;<\/p>\n<blockquote>\n<h3>ACCUSA UN MALORE E SCIVOLA NEL TORRENTE. MUORE UN TRIESTINO SOTTO IL RIFUGIO SETTIMO ALPINI<\/h3>\n<\/blockquote>\n<p><strong><a href=\"https:\/\/www.radiopiu.net\/wordpress\/torna-la-festa-del-volontariato-cadorino-sabato-1-settembre\/soccorsoalpino\/\" rel=\"attachment wp-att-59164\"><img loading=\"lazy\" decoding=\"async\" class=\"size-medium wp-image-59164 alignleft\" src=\"https:\/\/www.radiopiu.net\/wordpress\/wp-content\/uploads\/2018\/08\/soccorsoalpino-300x300.jpg\" alt=\"\" width=\"300\" height=\"300\" srcset=\"https:\/\/www.radiopiu.net\/wordpress\/wp-content\/uploads\/2018\/08\/soccorsoalpino-300x300.jpg 300w, https:\/\/www.radiopiu.net\/wordpress\/wp-content\/uploads\/2018\/08\/soccorsoalpino-150x150.jpg 150w, https:\/\/www.radiopiu.net\/wordpress\/wp-content\/uploads\/2018\/08\/soccorsoalpino-768x768.jpg 768w, https:\/\/www.radiopiu.net\/wordpress\/wp-content\/uploads\/2018\/08\/soccorsoalpino-1024x1024.jpg 1024w, https:\/\/www.radiopiu.net\/wordpress\/wp-content\/uploads\/2018\/08\/soccorsoalpino.jpg 1200w\" sizes=\"auto, (max-width: 300px) 100vw, 300px\" \/><\/a>BELLUNO<\/strong> Ieri attorno alle 13.20 il Soccorso alpino di Belluno \u00e8 stato allertato a seguito della chiamata della gestrice del Rifugio Settimo alpini, per un escursionista ruzzolato nel torrente, durante la discesa verso il Calvario. Federico De Lazzer 63 anni bellunese di origine residente a Trieste,\u00a0 arrivato in compagnia all&#8217;altezza dell&#8217;ultimo tornante prima del Calvario, quasi sicuramente a causa di un malore, era scivolato dal sentiero e ruzzolato una trentina di metri sul prato ripido fino al torrente sottostante, dove aveva sbattuto la testa. Mentre il fratello lo raggiungeva e gli prestava le prime cure, dal momento che non c&#8217;era copertura telefonica un&#8217;altra persona risaliva al rifugio e lanciava l&#8217;allarme. In contatto telefonico con la gestrice, arrivata anche lei sul luogo dell&#8217;incidente, i soccorritori hanno raccolto le prime informazioni poi trasmesse all&#8217;equipaggio dell&#8217;elicottero del Suem di Pieve di Cadore. Una volta sulla verticale, a 1.300 metri di quota, l&#8217;eliambulanza ha calato con un verricello di 60 metri tecnico di elisoccorso, medico e infermiere, che sono subentrati nelle manovre di rianimazione. Purtroppo non \u00e8 rimasto altro che constatare il decesso dell&#8217;uomo. La salma \u00e8 stata imbarellata e recuperata con il verricello per essere trasportata a Bolzano Bellunese, dove attendevano il Soccorso alpino di Belluno, la Polizia e il carro funebre.<\/p>\n<p>&nbsp;<\/p>\n<p>&nbsp;<\/p>\n<hr \/>\n<p>&nbsp;<\/p>\n<blockquote>\n<h3>SOCCORSO ESCURSIONISTA SULLA SCHIARA<\/h3>\n<\/blockquote>\n<p><strong><img loading=\"lazy\" decoding=\"async\" class=\"alignleft\" src=\"https:\/\/www.radiopiu.net\/wordpress\/wp-content\/uploads\/2021\/06\/th-17.jpg\" width=\"321\" height=\"144\" \/>BELLUNO\u00a0 <\/strong>Erano le 7 ieri mattina quando\u00a0 il Soccorso alpino di Belluno \u00e8 stato allertato dalla Centrale del Suem, per un escursionista bloccato dalla neve sulla Schiara. S.B., 27 anni, di nazionalit\u00e0 tedesca, stava percorrendo l&#8217;Alta via numero 1 e, dopo aver passato la notte al Bivacco Bocco-Zago, stava scendendo lungo la Ferrata del Marmol. Arrivato nella gola che precede la sommit\u00e0 del Porton, prima del bivio tra la Ferrata Marmol e la Zacchi, l&#8217;aveva per\u00f2 trovata colma di neve ghiacciata. Sprovvisto di ramponi e piccozze, si era bloccato a 1.860 metri di altitudine, essendo il cavo sommerso e il tratto molto ripido. Poich\u00e9 le nuvole ne impedivano l&#8217;avvicinamento, l&#8217;elicottero del Suem di Pieve di Cadore ha imbarcato due soccorritori e li ha sbarcato tra il Rifugio Settimo alpini e il Porton, per scendere a prelevare una seconda squadra. I due soccorritori sono risaliti, superando alcuni punti verticali innevati. Mentre uno iniziava ad attrezzare il percorso con una corda fissa, l&#8217;altro ha raggiunto l&#8217;escursionista. Nel momento in cui si \u00e8 aperto un varco nella nebbia, lo ha quindi spostato in un posto pi\u00f9 agevole per il recupero, avvenuto in hovering quando l&#8217;eliambulanza \u00e8 arrivata. Trasportati al Settimo alpini, l&#8217;elicottero \u00e8 tornato a prendere il secondo soccorritore rimasto in quota. Tutti sono poi stati trasportati a valle.<\/p>\n\n\t\t\t<style type='text\/css'>\n\t\t\t\t#gallery-2 {\n\t\t\t\t\tmargin: auto;\n\t\t\t\t}\n\t\t\t\t#gallery-2 .gallery-item {\n\t\t\t\t\tfloat: left;\n\t\t\t\t\tmargin-top: 10px;\n\t\t\t\t\ttext-align: center;\n\t\t\t\t\twidth: 100%;\n\t\t\t\t}\n\t\t\t\t#gallery-2 img {\n\t\t\t\t\tborder: 2px solid #cfcfcf;\n\t\t\t\t}\n\t\t\t\t#gallery-2 .gallery-caption {\n\t\t\t\t\tmargin-left: 0;\n\t\t\t\t}\n\t\t\t\t\/* see gallery_shortcode() in wp-includes\/media.php *\/\n\t\t\t<\/style>\n\t\t<div id='gallery-2' class='dt-gallery-container gallery galleryid-216693 gallery-columns-1 gallery-size-large'><dl class='gallery-item'>\n\t\t\t\t<dt class='gallery-icon portrait'>\n\t\t\t\t\t<a class=\"rollover rollover-zoom dt-pswp-item\" title=\"salt_20210618_141210_917\" data-dt-img-description=\"\" data-large_image_width=\"1773\" data-large_image_height=\"2364\"href='https:\/\/www.radiopiu.net\/wordpress\/wp-content\/uploads\/2021\/06\/salt_20210618_141210_917.jpg'><img loading=\"lazy\" decoding=\"async\" width=\"768\" height=\"1024\" src=\"https:\/\/www.radiopiu.net\/wordpress\/wp-content\/uploads\/2021\/06\/salt_20210618_141210_917-768x1024.jpg\" class=\"attachment-large size-large\" alt=\"\" srcset=\"https:\/\/www.radiopiu.net\/wordpress\/wp-content\/uploads\/2021\/06\/salt_20210618_141210_917-768x1024.jpg 768w, https:\/\/www.radiopiu.net\/wordpress\/wp-content\/uploads\/2021\/06\/salt_20210618_141210_917-225x300.jpg 225w, https:\/\/www.radiopiu.net\/wordpress\/wp-content\/uploads\/2021\/06\/salt_20210618_141210_917-1152x1536.jpg 1152w, https:\/\/www.radiopiu.net\/wordpress\/wp-content\/uploads\/2021\/06\/salt_20210618_141210_917-1536x2048.jpg 1536w, https:\/\/www.radiopiu.net\/wordpress\/wp-content\/uploads\/2021\/06\/salt_20210618_141210_917.jpg 1773w\" sizes=\"auto, (max-width: 768px) 100vw, 768px\" \/><\/a>\n\t\t\t\t<\/dt><\/dl><br style=\"clear: both\" \/>\n\t\t\t<\/div>\n\n<p>&nbsp;<\/p>\n<hr \/>\n<p>&nbsp;<\/p>\n<blockquote>\n<h3>ELISOCCORSO NOTTURNO. ASSESSORE LANZARIN, \u201cCOMPLETATE LE STRUTTURE NECESSARIE, I VOLI SUL BELLUNESE SARANNO GARANTITI DA PIEVE DI CADORE, IN ATTESA IL SERVIZIO SARA\u2019 GIA\u2019 ATTIVO APPOGGIANDOSI SU TREVISO\u201d<\/h3>\n<\/blockquote>\n<p><strong><a href=\"https:\/\/www.radiopiu.net\/wordpress\/scivola-sulla-neve-il-soccorso-alpino-interviene\/20210405_163922\/\" rel=\"attachment wp-att-202691\"><img loading=\"lazy\" decoding=\"async\" class=\"size-medium wp-image-202691 alignleft\" src=\"https:\/\/www.radiopiu.net\/wordpress\/wp-content\/uploads\/2021\/04\/20210405_163922-300x225.jpg\" alt=\"\" width=\"300\" height=\"225\" srcset=\"https:\/\/www.radiopiu.net\/wordpress\/wp-content\/uploads\/2021\/04\/20210405_163922-300x225.jpg 300w, https:\/\/www.radiopiu.net\/wordpress\/wp-content\/uploads\/2021\/04\/20210405_163922-1024x768.jpg 1024w, https:\/\/www.radiopiu.net\/wordpress\/wp-content\/uploads\/2021\/04\/20210405_163922-768x576.jpg 768w, https:\/\/www.radiopiu.net\/wordpress\/wp-content\/uploads\/2021\/04\/20210405_163922-1536x1152.jpg 1536w, https:\/\/www.radiopiu.net\/wordpress\/wp-content\/uploads\/2021\/04\/20210405_163922-2048x1536.jpg 2048w\" sizes=\"auto, (max-width: 300px) 100vw, 300px\" \/><\/a>VENEZIA <\/strong>\u00c8 in via d\u2019attivazione l\u2019elisoccorso notturno sul territorio bellunese, come previsto dalla pianificazione regionale. Pur non essendo ancora completate le infrastrutture necessarie presso l\u2019ospedale di Pieve di Cadore, il servizio sar\u00e0 gi\u00e0 attivato comunque, garantito nel frattempo dalla base di Treviso. \u201c<em>Come previsto dalla programmazione \u2013 spiega il dottor Paolo Rosi, responsabile del CREU (Coordinamento Regionale Emergenza Urgenza) \u2013 nella provincia di Belluno \u00e8 previsto l\u2019elisoccorso nelle ore notturne. La tempistica prevede che sia operativo circa due mesi dopo la fine del contratto, quindi contiamo di vederlo all\u2019opera circa per la fine di agosto. Pur sapendo che per quei giorni non saranno ancora pronte le strutture necessarie all\u2019eliporto di Pieve, si \u00e8 scelto di non attendere gli altri sei mesi necessari ma di partire nel minimo tempo utile, facendo garantire il servizio da Treviso per il tempo indispensabile. Naturalmente, appena ultimate le infrastrutture previste presso l\u2019azienda sanitaria Dolomitica, i voli notturni saranno garantiti direttamente dal Bellunese<\/em>\u201d. La Ulss 1 Dolomitica firmer\u00e0 la delibera per l&#8217;estensione del servizio di elisoccorso anche nel periodo notturno due mesi prima dell&#8217;attivazione del nuovo eliporto sanitario cadorino. \u201c<em>Stiamo parlando di un servizio atteso e particolarmente sentito dalla popolazione in un territorio di montagna \u2013 sottolinea l\u2019assessore regionale alla Sanit\u00e0, Manuela Lanzarin -. Si sta lavorando il pi\u00f9 velocemente possibile perch\u00e9 il servizio sia garantito dal Bellunese e contiamo di poterlo fare prima della fine dell\u2019anno. Intanto, si \u00e8 ritenuto di evitare un\u2019attesa di altri sei mesi e riusciamo gi\u00e0 a mantenere l\u2019impegno di garantire i voli notturni, affidandoci temporaneamente all\u2019elisoccorso trevigiano<\/em>\u201d.<\/p>\n<p>&nbsp;<\/p>\n<p>&nbsp;<\/p>\n<hr \/>\n<p>&nbsp;<\/p>\n<blockquote>\n<h3>NO AD UN\u2019ESTATE \u201cMOSTRUOSA\u201d: SUL RISPETTO DELLA MONTAGNA VIGILA \u201cDOLOMEYES&#8221;<\/h3>\n<\/blockquote>\n<p><strong><a href=\"https:\/\/www.radiopiu.net\/wordpress\/no-ad-unestate-mostruosa-sul-rispetto-della-montagna-vigila-dolomeyes\/da-sx_perricone-frigo-padrin-dolomeyes-nemela-giurgevich-silva-fiorentini\/\" rel=\"attachment wp-att-216862\"><img loading=\"lazy\" decoding=\"async\" class=\" wp-image-216862 alignleft\" src=\"https:\/\/www.radiopiu.net\/wordpress\/wp-content\/uploads\/2021\/06\/da-sx_perricone-frigo-padrin-dolomeyes-nemela-giurgevich-silva-fiorentini-300x225.jpeg\" alt=\"\" width=\"199\" height=\"149\" srcset=\"https:\/\/www.radiopiu.net\/wordpress\/wp-content\/uploads\/2021\/06\/da-sx_perricone-frigo-padrin-dolomeyes-nemela-giurgevich-silva-fiorentini-300x225.jpeg 300w, https:\/\/www.radiopiu.net\/wordpress\/wp-content\/uploads\/2021\/06\/da-sx_perricone-frigo-padrin-dolomeyes-nemela-giurgevich-silva-fiorentini-1024x768.jpeg 1024w, https:\/\/www.radiopiu.net\/wordpress\/wp-content\/uploads\/2021\/06\/da-sx_perricone-frigo-padrin-dolomeyes-nemela-giurgevich-silva-fiorentini-768x576.jpeg 768w, https:\/\/www.radiopiu.net\/wordpress\/wp-content\/uploads\/2021\/06\/da-sx_perricone-frigo-padrin-dolomeyes-nemela-giurgevich-silva-fiorentini-1536x1152.jpeg 1536w, https:\/\/www.radiopiu.net\/wordpress\/wp-content\/uploads\/2021\/06\/da-sx_perricone-frigo-padrin-dolomeyes-nemela-giurgevich-silva-fiorentini.jpeg 2000w\" sizes=\"auto, (max-width: 199px) 100vw, 199px\" \/><\/a>BELLUNO<\/strong> All\u2019inizio di un\u2019estate che sara\u0300 segnata da importanti flussi turistici sulle Dolomiti Patrimonio Mondiale, la Fondazione Dolomiti UNESCO ha sviluppato una campagna di comunicazione sull\u2019uso consapevole dell\u2019acqua nei rifugi di alta quota e sulla frequentazione consapevole della montagna, insieme ai gestori di rifugio, rappresentati dalle varie associazioni che li riuniscono e alle associazioni alpinistiche della regione dolomitica. Lo scopo e\u0300 quello di sensibilizzare gli ospiti al rispetto del fragile ambiente dolomitico e alla comprensione del ruolo dei gestori di rifugio.<\/p>\n<p><strong>di Moreno Gioli<\/strong><\/p>\n<audio class=\"wp-audio-shortcode\" id=\"audio-216693-1\" preload=\"none\" style=\"width: 100%;\" controls=\"controls\"><source type=\"audio\/mpeg\" src=\"https:\/\/www.radiopiu.net\/wordpress\/wp-content\/uploads\/2021\/06\/GIOLI-DOLOMEYES.mp3?_=1\" \/><a href=\"https:\/\/www.radiopiu.net\/wordpress\/wp-content\/uploads\/2021\/06\/GIOLI-DOLOMEYES.mp3\">https:\/\/www.radiopiu.net\/wordpress\/wp-content\/uploads\/2021\/06\/GIOLI-DOLOMEYES.mp3<\/a><\/audio>\n<p>&nbsp;<\/p>\n<p><strong>Mara Nemela direttrice della Fondazione Dolomiti UNESCO <\/strong><\/p>\n<audio class=\"wp-audio-shortcode\" id=\"audio-216693-2\" preload=\"none\" style=\"width: 100%;\" controls=\"controls\"><source type=\"audio\/mpeg\" src=\"https:\/\/www.radiopiu.net\/wordpress\/wp-content\/uploads\/2021\/06\/MARA-NEMELA.mp3?_=2\" \/><a href=\"https:\/\/www.radiopiu.net\/wordpress\/wp-content\/uploads\/2021\/06\/MARA-NEMELA.mp3\">https:\/\/www.radiopiu.net\/wordpress\/wp-content\/uploads\/2021\/06\/MARA-NEMELA.mp3<\/a><\/audio>\n<p><strong>\u00a0<\/strong><\/p>\n<p><strong>Mario Fiorentini Presidente dell&#8217;Associazione Gestori di Rifugi Alpini della Regione del Veneto\u00a0<\/strong><\/p>\n<audio class=\"wp-audio-shortcode\" id=\"audio-216693-3\" preload=\"none\" style=\"width: 100%;\" controls=\"controls\"><source type=\"audio\/mpeg\" src=\"https:\/\/www.radiopiu.net\/wordpress\/wp-content\/uploads\/2021\/06\/MARIO-FIORENTINI.mp3?_=3\" \/><a href=\"https:\/\/www.radiopiu.net\/wordpress\/wp-content\/uploads\/2021\/06\/MARIO-FIORENTINI.mp3\">https:\/\/www.radiopiu.net\/wordpress\/wp-content\/uploads\/2021\/06\/MARIO-FIORENTINI.mp3<\/a><\/audio>\n<p>&nbsp;<\/p>\n<p><strong>LE VIDEO INTERVISTE<\/strong><\/p>\n<div style=\"width: 1200px;\" class=\"wp-video\"><video class=\"wp-video-shortcode\" id=\"video-216693-1\" width=\"1200\" height=\"675\" preload=\"metadata\" controls=\"controls\"><source type=\"video\/mp4\" src=\"https:\/\/www.radiopiu.net\/wordpress\/wp-content\/uploads\/2021\/06\/INTERVISTE-DOLOMEYS.mp4?_=1\" \/><a href=\"https:\/\/www.radiopiu.net\/wordpress\/wp-content\/uploads\/2021\/06\/INTERVISTE-DOLOMEYS.mp4\">https:\/\/www.radiopiu.net\/wordpress\/wp-content\/uploads\/2021\/06\/INTERVISTE-DOLOMEYS.mp4<\/a><\/video><\/div>\n<p>&nbsp;<\/p>\n<hr \/>\n<p>&nbsp;<\/p>\n<blockquote>\n<h2>LUTTO A BELLUNO, L&#8217;ADDIO A PAOLO CAPPONI\u00a0 <a href=\"https:\/\/www.radiopiu.net\/wordpress\/giornale-radiopiu-19-giugno-2021-direttore-mirko-mezzacasa\/13316891_1183457841666312_8583851545016465211_o\/\" rel=\"attachment wp-att-216982\"><img loading=\"lazy\" decoding=\"async\" class=\"size-medium wp-image-216982 alignright\" src=\"https:\/\/www.radiopiu.net\/wordpress\/wp-content\/uploads\/2021\/06\/13316891_1183457841666312_8583851545016465211_o-225x300.jpg\" alt=\"\" width=\"225\" height=\"300\" srcset=\"https:\/\/www.radiopiu.net\/wordpress\/wp-content\/uploads\/2021\/06\/13316891_1183457841666312_8583851545016465211_o-225x300.jpg 225w, https:\/\/www.radiopiu.net\/wordpress\/wp-content\/uploads\/2021\/06\/13316891_1183457841666312_8583851545016465211_o-768x1024.jpg 768w, https:\/\/www.radiopiu.net\/wordpress\/wp-content\/uploads\/2021\/06\/13316891_1183457841666312_8583851545016465211_o-1152x1536.jpg 1152w, https:\/\/www.radiopiu.net\/wordpress\/wp-content\/uploads\/2021\/06\/13316891_1183457841666312_8583851545016465211_o.jpg 1536w\" sizes=\"auto, (max-width: 225px) 100vw, 225px\" \/><\/a><\/h2>\n<\/blockquote>\n<p><strong>BELLUNO\u00a0<\/strong> Il sarto Paolo Capponi \u00e8 mancato ieri mattina, a Carpi. Aveva 88 anni,\u00a0 pontalpino di Cadola a ventitr\u00e9 anni aveva aperto il primo laboratorio sartoriale a Belluno in\u00a0 via del Cansiglio poi in\u00a0 via Psaro e in via Feltre. Un Maestro del lavoro e anche un Cavaliere anche se\u00a0 non\u00a0 gli piacevano i titoli onorifici. Appassionato per il calcio fu tra i fondatori del Belluno veterani. I funerali si celebreranno marted\u00ec, alle 16, in cattedrale<\/p>\n<p>&nbsp;<\/p>\n<p>&nbsp;<\/p>\n<p>&nbsp;<\/p>\n<p>&nbsp;<\/p>\n<p>&nbsp;<\/p>\n<p>&nbsp;<\/p>\n<p>&nbsp;<\/p>\n<hr \/>\n<p>&nbsp;<\/p>\n<blockquote>\n<h3><a href=\"https:\/\/www.radiopiu.net\/wordpress\/giornale-radiopiu-19-giugno-2021-direttore-mirko-mezzacasa\/burglar-157142__340\/\" rel=\"attachment wp-att-216985\"><img loading=\"lazy\" decoding=\"async\" class=\"size-medium wp-image-216985 alignleft\" src=\"https:\/\/www.radiopiu.net\/wordpress\/wp-content\/uploads\/2021\/06\/burglar-157142__340-207x300.jpg\" alt=\"\" width=\"207\" height=\"300\" srcset=\"https:\/\/www.radiopiu.net\/wordpress\/wp-content\/uploads\/2021\/06\/burglar-157142__340-207x300.jpg 207w, https:\/\/www.radiopiu.net\/wordpress\/wp-content\/uploads\/2021\/06\/burglar-157142__340.jpg 235w\" sizes=\"auto, (max-width: 207px) 100vw, 207px\" \/><\/a>IL FURTO AD ANTOLE, RUBATI I RISPARMI PER I BIMBI<\/h3>\n<p><strong>BELLUNO<\/strong> Nel bottino dei ladri oltre 1200 euro,\u00a0 900 erano dei genitori\u00a0 per i ragazzi del calcio Sois pronti per essere consegnati, erano nel borsello rubato la scorsa domenica ad Elio Rossa, dirigente del club.\u00a0 Qualcuno si \u00e8 introdotto nel ricovero per attrezzi in cui Rossa aveva lasciato il suo zainetto nero.\u00a0 Rossa sui social:\u00a0 <em>&#8220;lettera aperta all&#8217;artista che domenica 13 giugno dalle 16 alle 18 ha messo a segno il furto con destrezza&#8221; del borsello: magari anche tu hai qualche figlio o nipote che milita in qualche societ\u00e0 sportiva. Cosa penser\u00e0 di te?&#8221;<\/em>. Per questo l&#8217;invito a restituire il mal tolto compresi documenti e le foto del cuore contenuti nel borsello<\/p><\/blockquote>\n<p>&nbsp;<\/p>\n<p>&nbsp;<\/p>\n<p>&nbsp;<\/p>\n<p>&nbsp;<\/p>\n<hr \/>\n<p>&nbsp;<\/p>\n<blockquote>\n<h3>IN MIGLIORAMENTO LE CONDIZIONI DEL RAGAZZINO INVESTITO A SEDICO<\/h3>\n<\/blockquote>\n<p><strong>SEDICO<\/strong> Il sedicenne finito con la bicicletta contro una mini minor \u00e8 in reparto, fuori dalla rianimazione, \u00e8 cosciente e non c&#8217;\u00e8 stato bisogno di interventi chirurgici. La buona notizia dall&#8217;ospedale Ca&#8217; Foncello di Treviso. La ripresa fisica del ragazzo \u00e8 stata molto rapida. I sanitari sono cauti, ma ottimisti<\/p>\n<p>&nbsp;<\/p>\n<hr \/>\n<blockquote>\n<h3><\/h3>\n<h3>IERI LA CONFERENZA STAMPA DELLA CAMERA DI COMMERCIO DI TREVISO E BELLUNO<\/h3>\n<\/blockquote>\n<p><strong><a href=\"https:\/\/www.radiopiu.net\/wordpress\/ieri-la-conferenza-stampa-della-camera-di-commercio-di-treviso-e-belluno\/60688733_2189534304493868_8603409351811530752_n\/\" rel=\"attachment wp-att-216967\"><img loading=\"lazy\" decoding=\"async\" class=\"size-medium wp-image-216967 alignleft\" src=\"https:\/\/www.radiopiu.net\/wordpress\/wp-content\/uploads\/2021\/06\/60688733_2189534304493868_8603409351811530752_n-300x300.jpg\" alt=\"\" width=\"300\" height=\"300\" srcset=\"https:\/\/www.radiopiu.net\/wordpress\/wp-content\/uploads\/2021\/06\/60688733_2189534304493868_8603409351811530752_n-300x300.jpg 300w, https:\/\/www.radiopiu.net\/wordpress\/wp-content\/uploads\/2021\/06\/60688733_2189534304493868_8603409351811530752_n-1024x1024.jpg 1024w, https:\/\/www.radiopiu.net\/wordpress\/wp-content\/uploads\/2021\/06\/60688733_2189534304493868_8603409351811530752_n-150x150.jpg 150w, https:\/\/www.radiopiu.net\/wordpress\/wp-content\/uploads\/2021\/06\/60688733_2189534304493868_8603409351811530752_n-768x768.jpg 768w, https:\/\/www.radiopiu.net\/wordpress\/wp-content\/uploads\/2021\/06\/60688733_2189534304493868_8603409351811530752_n.jpg 1107w\" sizes=\"auto, (max-width: 300px) 100vw, 300px\" \/><\/a>BELLUNO<\/strong><\/p>\n<p>di Gianni Santomaso<\/p>\n<audio class=\"wp-audio-shortcode\" id=\"audio-216693-4\" preload=\"none\" style=\"width: 100%;\" controls=\"controls\"><source type=\"audio\/mpeg\" src=\"https:\/\/www.radiopiu.net\/wordpress\/wp-content\/uploads\/2021\/06\/GIANNI-CAMERA-COMMERCIO.mp3?_=4\" \/><a href=\"https:\/\/www.radiopiu.net\/wordpress\/wp-content\/uploads\/2021\/06\/GIANNI-CAMERA-COMMERCIO.mp3\">https:\/\/www.radiopiu.net\/wordpress\/wp-content\/uploads\/2021\/06\/GIANNI-CAMERA-COMMERCIO.mp3<\/a><\/audio>\n<p>&nbsp;<\/p>\n<hr \/>\n<p>&nbsp;<\/p>\n<blockquote>\n<h3>A FORCELLA AURINE IL PARCO TEMATICO PER INSEGNARE AI BAMBINI LE TRADIZIONI<\/h3>\n<\/blockquote>\n<p><strong>GOSALDO<\/strong><\/p>\n<p>di Gianni Santomaso<\/p>\n<audio class=\"wp-audio-shortcode\" id=\"audio-216693-5\" preload=\"none\" style=\"width: 100%;\" controls=\"controls\"><source type=\"audio\/mpeg\" src=\"https:\/\/www.radiopiu.net\/wordpress\/wp-content\/uploads\/2021\/06\/GIANNI-PERCORSO-FORCELLA-AURINE.mp3?_=5\" \/><a href=\"https:\/\/www.radiopiu.net\/wordpress\/wp-content\/uploads\/2021\/06\/GIANNI-PERCORSO-FORCELLA-AURINE.mp3\">https:\/\/www.radiopiu.net\/wordpress\/wp-content\/uploads\/2021\/06\/GIANNI-PERCORSO-FORCELLA-AURINE.mp3<\/a><\/audio>\n<p>&nbsp;<\/p>\n\n\t\t\t<style type='text\/css'>\n\t\t\t\t#gallery-3 {\n\t\t\t\t\tmargin: auto;\n\t\t\t\t}\n\t\t\t\t#gallery-3 .gallery-item {\n\t\t\t\t\tfloat: left;\n\t\t\t\t\tmargin-top: 10px;\n\t\t\t\t\ttext-align: center;\n\t\t\t\t\twidth: 33%;\n\t\t\t\t}\n\t\t\t\t#gallery-3 img {\n\t\t\t\t\tborder: 2px solid #cfcfcf;\n\t\t\t\t}\n\t\t\t\t#gallery-3 .gallery-caption {\n\t\t\t\t\tmargin-left: 0;\n\t\t\t\t}\n\t\t\t\t\/* see gallery_shortcode() in wp-includes\/media.php *\/\n\t\t\t<\/style>\n\t\t<div id='gallery-3' class='dt-gallery-container gallery galleryid-216693 gallery-columns-3 gallery-size-medium'><dl class='gallery-item'>\n\t\t\t\t<dt class='gallery-icon portrait'>\n\t\t\t\t\t<a class=\"rollover rollover-zoom dt-pswp-item\" title=\"67e62c73-963d-480b-b8c1-a0ee655fb451\" data-dt-img-description=\"\" data-large_image_width=\"1200\" data-large_image_height=\"1600\"href='https:\/\/www.radiopiu.net\/wordpress\/wp-content\/uploads\/2021\/06\/67e62c73-963d-480b-b8c1-a0ee655fb451.jpg'><img loading=\"lazy\" decoding=\"async\" width=\"225\" height=\"300\" src=\"https:\/\/www.radiopiu.net\/wordpress\/wp-content\/uploads\/2021\/06\/67e62c73-963d-480b-b8c1-a0ee655fb451-225x300.jpg\" class=\"attachment-medium size-medium\" alt=\"\" srcset=\"https:\/\/www.radiopiu.net\/wordpress\/wp-content\/uploads\/2021\/06\/67e62c73-963d-480b-b8c1-a0ee655fb451-225x300.jpg 225w, https:\/\/www.radiopiu.net\/wordpress\/wp-content\/uploads\/2021\/06\/67e62c73-963d-480b-b8c1-a0ee655fb451-768x1024.jpg 768w, https:\/\/www.radiopiu.net\/wordpress\/wp-content\/uploads\/2021\/06\/67e62c73-963d-480b-b8c1-a0ee655fb451-1152x1536.jpg 1152w, https:\/\/www.radiopiu.net\/wordpress\/wp-content\/uploads\/2021\/06\/67e62c73-963d-480b-b8c1-a0ee655fb451.jpg 1200w\" sizes=\"auto, (max-width: 225px) 100vw, 225px\" \/><\/a>\n\t\t\t\t<\/dt><\/dl><dl class='gallery-item'>\n\t\t\t\t<dt class='gallery-icon portrait'>\n\t\t\t\t\t<a class=\"rollover rollover-zoom dt-pswp-item\" title=\"587a3900-7953-4478-8915-f2127954300d\" data-dt-img-description=\"\" data-large_image_width=\"900\" data-large_image_height=\"2000\"href='https:\/\/www.radiopiu.net\/wordpress\/wp-content\/uploads\/2021\/06\/587a3900-7953-4478-8915-f2127954300d.jpg'><img loading=\"lazy\" decoding=\"async\" width=\"135\" height=\"300\" src=\"https:\/\/www.radiopiu.net\/wordpress\/wp-content\/uploads\/2021\/06\/587a3900-7953-4478-8915-f2127954300d-135x300.jpg\" class=\"attachment-medium size-medium\" alt=\"\" srcset=\"https:\/\/www.radiopiu.net\/wordpress\/wp-content\/uploads\/2021\/06\/587a3900-7953-4478-8915-f2127954300d-135x300.jpg 135w, https:\/\/www.radiopiu.net\/wordpress\/wp-content\/uploads\/2021\/06\/587a3900-7953-4478-8915-f2127954300d-461x1024.jpg 461w, https:\/\/www.radiopiu.net\/wordpress\/wp-content\/uploads\/2021\/06\/587a3900-7953-4478-8915-f2127954300d-768x1707.jpg 768w, https:\/\/www.radiopiu.net\/wordpress\/wp-content\/uploads\/2021\/06\/587a3900-7953-4478-8915-f2127954300d-691x1536.jpg 691w, https:\/\/www.radiopiu.net\/wordpress\/wp-content\/uploads\/2021\/06\/587a3900-7953-4478-8915-f2127954300d.jpg 900w\" sizes=\"auto, (max-width: 135px) 100vw, 135px\" \/><\/a>\n\t\t\t\t<\/dt><\/dl><dl class='gallery-item'>\n\t\t\t\t<dt class='gallery-icon portrait'>\n\t\t\t\t\t<a class=\"rollover rollover-zoom dt-pswp-item\" title=\"43c10dfb-2d07-488e-8d77-948e22e00e55\" data-dt-img-description=\"\" data-large_image_width=\"720\" data-large_image_height=\"1600\"href='https:\/\/www.radiopiu.net\/wordpress\/wp-content\/uploads\/2021\/06\/43c10dfb-2d07-488e-8d77-948e22e00e55.jpg'><img loading=\"lazy\" decoding=\"async\" width=\"135\" height=\"300\" src=\"https:\/\/www.radiopiu.net\/wordpress\/wp-content\/uploads\/2021\/06\/43c10dfb-2d07-488e-8d77-948e22e00e55-135x300.jpg\" class=\"attachment-medium size-medium\" alt=\"\" srcset=\"https:\/\/www.radiopiu.net\/wordpress\/wp-content\/uploads\/2021\/06\/43c10dfb-2d07-488e-8d77-948e22e00e55-135x300.jpg 135w, https:\/\/www.radiopiu.net\/wordpress\/wp-content\/uploads\/2021\/06\/43c10dfb-2d07-488e-8d77-948e22e00e55-461x1024.jpg 461w, https:\/\/www.radiopiu.net\/wordpress\/wp-content\/uploads\/2021\/06\/43c10dfb-2d07-488e-8d77-948e22e00e55-691x1536.jpg 691w, https:\/\/www.radiopiu.net\/wordpress\/wp-content\/uploads\/2021\/06\/43c10dfb-2d07-488e-8d77-948e22e00e55.jpg 720w\" sizes=\"auto, (max-width: 135px) 100vw, 135px\" \/><\/a>\n\t\t\t\t<\/dt><\/dl><br style=\"clear: both\" \/>\n\t\t\t<\/div>\n\n<p>&nbsp;<\/p>\n<hr \/>\n<p>&nbsp;<\/p>\n<p>&nbsp;<\/p>\n<blockquote>\n<h2>CROSTOLIN DI AGORDO-LA VALLE: PONTE DEL FELICE TRANSITABILE<\/h2>\n<\/blockquote>\n\n\t\t\t<style type='text\/css'>\n\t\t\t\t#gallery-4 {\n\t\t\t\t\tmargin: auto;\n\t\t\t\t}\n\t\t\t\t#gallery-4 .gallery-item {\n\t\t\t\t\tfloat: left;\n\t\t\t\t\tmargin-top: 10px;\n\t\t\t\t\ttext-align: center;\n\t\t\t\t\twidth: 50%;\n\t\t\t\t}\n\t\t\t\t#gallery-4 img {\n\t\t\t\t\tborder: 2px solid #cfcfcf;\n\t\t\t\t}\n\t\t\t\t#gallery-4 .gallery-caption {\n\t\t\t\t\tmargin-left: 0;\n\t\t\t\t}\n\t\t\t\t\/* see gallery_shortcode() in wp-includes\/media.php *\/\n\t\t\t<\/style>\n\t\t<div id='gallery-4' class='dt-gallery-container gallery galleryid-216693 gallery-columns-2 gallery-size-medium'><dl class='gallery-item'>\n\t\t\t\t<dt class='gallery-icon landscape'>\n\t\t\t\t\t<a class=\"rollover rollover-zoom dt-pswp-item\" title=\"7a483ffb-5038-4dfe-be14-46f703844a41\" data-dt-img-description=\"\" data-large_image_width=\"1600\" data-large_image_height=\"901\"href='https:\/\/www.radiopiu.net\/wordpress\/wp-content\/uploads\/2021\/06\/7a483ffb-5038-4dfe-be14-46f703844a41.jpg'><img loading=\"lazy\" decoding=\"async\" width=\"300\" height=\"169\" src=\"https:\/\/www.radiopiu.net\/wordpress\/wp-content\/uploads\/2021\/06\/7a483ffb-5038-4dfe-be14-46f703844a41-300x169.jpg\" class=\"attachment-medium size-medium\" alt=\"\" srcset=\"https:\/\/www.radiopiu.net\/wordpress\/wp-content\/uploads\/2021\/06\/7a483ffb-5038-4dfe-be14-46f703844a41-300x169.jpg 300w, https:\/\/www.radiopiu.net\/wordpress\/wp-content\/uploads\/2021\/06\/7a483ffb-5038-4dfe-be14-46f703844a41-1024x577.jpg 1024w, https:\/\/www.radiopiu.net\/wordpress\/wp-content\/uploads\/2021\/06\/7a483ffb-5038-4dfe-be14-46f703844a41-768x432.jpg 768w, https:\/\/www.radiopiu.net\/wordpress\/wp-content\/uploads\/2021\/06\/7a483ffb-5038-4dfe-be14-46f703844a41-1536x865.jpg 1536w, https:\/\/www.radiopiu.net\/wordpress\/wp-content\/uploads\/2021\/06\/7a483ffb-5038-4dfe-be14-46f703844a41.jpg 1600w\" sizes=\"auto, (max-width: 300px) 100vw, 300px\" \/><\/a>\n\t\t\t\t<\/dt><\/dl><dl class='gallery-item'>\n\t\t\t\t<dt class='gallery-icon landscape'>\n\t\t\t\t\t<a class=\"rollover rollover-zoom dt-pswp-item\" title=\"79596fa5-66cb-44a0-9a2a-1fa97c96b967\" data-dt-img-description=\"\" data-large_image_width=\"1600\" data-large_image_height=\"901\"href='https:\/\/www.radiopiu.net\/wordpress\/wp-content\/uploads\/2021\/06\/79596fa5-66cb-44a0-9a2a-1fa97c96b967.jpg'><img loading=\"lazy\" decoding=\"async\" width=\"300\" height=\"169\" src=\"https:\/\/www.radiopiu.net\/wordpress\/wp-content\/uploads\/2021\/06\/79596fa5-66cb-44a0-9a2a-1fa97c96b967-300x169.jpg\" class=\"attachment-medium size-medium\" alt=\"\" srcset=\"https:\/\/www.radiopiu.net\/wordpress\/wp-content\/uploads\/2021\/06\/79596fa5-66cb-44a0-9a2a-1fa97c96b967-300x169.jpg 300w, https:\/\/www.radiopiu.net\/wordpress\/wp-content\/uploads\/2021\/06\/79596fa5-66cb-44a0-9a2a-1fa97c96b967-1024x577.jpg 1024w, https:\/\/www.radiopiu.net\/wordpress\/wp-content\/uploads\/2021\/06\/79596fa5-66cb-44a0-9a2a-1fa97c96b967-768x432.jpg 768w, https:\/\/www.radiopiu.net\/wordpress\/wp-content\/uploads\/2021\/06\/79596fa5-66cb-44a0-9a2a-1fa97c96b967-1536x865.jpg 1536w, https:\/\/www.radiopiu.net\/wordpress\/wp-content\/uploads\/2021\/06\/79596fa5-66cb-44a0-9a2a-1fa97c96b967.jpg 1600w\" sizes=\"auto, (max-width: 300px) 100vw, 300px\" \/><\/a>\n\t\t\t\t<\/dt><\/dl><br style=\"clear: both\" \/>\n\t\t\t<\/div>\n\n<p>&nbsp;<\/p>\n<p>&nbsp;<\/p>\n<p>&nbsp;<\/p>\n<hr \/>\n<p>&nbsp;<\/p>\n<blockquote class=\"wp-embedded-content\" data-secret=\"CD91HvdljL\"><p><a href=\"https:\/\/www.radiopiu.net\/wordpress\/aggiornamentogiu18\/\">CORONAVIRUS: AGGIORNAMENTO NAZIONALE 18 GIUGNO  2021<\/a><\/p><\/blockquote>\n<p><iframe loading=\"lazy\" class=\"wp-embedded-content\" sandbox=\"allow-scripts\" security=\"restricted\" style=\"position: absolute; clip: rect(1px, 1px, 1px, 1px);\" title=\"&#8220;CORONAVIRUS: AGGIORNAMENTO NAZIONALE 18 GIUGNO  2021&#8221; &#8212; Radio Pi\u00f9\" src=\"https:\/\/www.radiopiu.net\/wordpress\/aggiornamentogiu18\/embed\/#?secret=CD91HvdljL\" data-secret=\"CD91HvdljL\" width=\"600\" height=\"338\" frameborder=\"0\" marginwidth=\"0\" marginheight=\"0\" scrolling=\"no\"><\/iframe><\/p>\n<p>&nbsp;<\/p>\n<blockquote class=\"wp-embedded-content\" data-secret=\"rVeABnrFbb\"><p><a href=\"https:\/\/www.radiopiu.net\/wordpress\/i-nuovi-positivi-in-veneto-sono-64-piu-del-doppio-i-negativizzati-nessun-decesso-in-24-ore\/\">I NUOVI POSITIVI IN VENETO SONO 64, PIU&#8217; DEL DOPPIO I NEGATIVIZZATI. NESSUN DECESSO IN 24 ORE<\/a><\/p><\/blockquote>\n<p><iframe loading=\"lazy\" class=\"wp-embedded-content\" sandbox=\"allow-scripts\" security=\"restricted\" style=\"position: absolute; clip: rect(1px, 1px, 1px, 1px);\" title=\"&#8220;I NUOVI POSITIVI IN VENETO SONO 64, PIU&#8217; DEL DOPPIO I NEGATIVIZZATI. NESSUN DECESSO IN 24 ORE&#8221; &#8212; Radio Pi\u00f9\" src=\"https:\/\/www.radiopiu.net\/wordpress\/i-nuovi-positivi-in-veneto-sono-64-piu-del-doppio-i-negativizzati-nessun-decesso-in-24-ore\/embed\/#?secret=rVeABnrFbb\" data-secret=\"rVeABnrFbb\" width=\"600\" height=\"338\" frameborder=\"0\" marginwidth=\"0\" marginheight=\"0\" scrolling=\"no\"><\/iframe><\/p>\n<p>&nbsp;<\/p>\n<h3>I GRAFICI DI TIZIANO DE COL<\/h3>\n\n\t\t\t<style type='text\/css'>\n\t\t\t\t#gallery-5 {\n\t\t\t\t\tmargin: auto;\n\t\t\t\t}\n\t\t\t\t#gallery-5 .gallery-item {\n\t\t\t\t\tfloat: left;\n\t\t\t\t\tmargin-top: 10px;\n\t\t\t\t\ttext-align: center;\n\t\t\t\t\twidth: 20%;\n\t\t\t\t}\n\t\t\t\t#gallery-5 img {\n\t\t\t\t\tborder: 2px solid #cfcfcf;\n\t\t\t\t}\n\t\t\t\t#gallery-5 .gallery-caption {\n\t\t\t\t\tmargin-left: 0;\n\t\t\t\t}\n\t\t\t\t\/* see gallery_shortcode() in wp-includes\/media.php *\/\n\t\t\t<\/style>\n\t\t<div id='gallery-5' class='dt-gallery-container gallery galleryid-216693 gallery-columns-5 gallery-size-medium'><dl class='gallery-item'>\n\t\t\t\t<dt class='gallery-icon landscape'>\n\t\t\t\t\t<a class=\"rollover rollover-zoom dt-pswp-item\" title=\"627c09c2-3ed5-48f7-bd0b-c8279e846a53\" data-dt-img-description=\"\" data-large_image_width=\"614\" data-large_image_height=\"351\"href='https:\/\/www.radiopiu.net\/wordpress\/wp-content\/uploads\/2021\/06\/627c09c2-3ed5-48f7-bd0b-c8279e846a53.jpg'><img loading=\"lazy\" decoding=\"async\" width=\"300\" height=\"171\" src=\"https:\/\/www.radiopiu.net\/wordpress\/wp-content\/uploads\/2021\/06\/627c09c2-3ed5-48f7-bd0b-c8279e846a53-300x171.jpg\" class=\"attachment-medium size-medium\" alt=\"\" srcset=\"https:\/\/www.radiopiu.net\/wordpress\/wp-content\/uploads\/2021\/06\/627c09c2-3ed5-48f7-bd0b-c8279e846a53-300x171.jpg 300w, https:\/\/www.radiopiu.net\/wordpress\/wp-content\/uploads\/2021\/06\/627c09c2-3ed5-48f7-bd0b-c8279e846a53.jpg 614w\" sizes=\"auto, (max-width: 300px) 100vw, 300px\" \/><\/a>\n\t\t\t\t<\/dt><\/dl><dl class='gallery-item'>\n\t\t\t\t<dt class='gallery-icon landscape'>\n\t\t\t\t\t<a class=\"rollover rollover-zoom dt-pswp-item\" title=\"47de0245-8559-458d-abb3-e1af52fa5176\" data-dt-img-description=\"\" data-large_image_width=\"589\" data-large_image_height=\"359\"href='https:\/\/www.radiopiu.net\/wordpress\/wp-content\/uploads\/2021\/06\/47de0245-8559-458d-abb3-e1af52fa5176.jpg'><img loading=\"lazy\" decoding=\"async\" width=\"300\" height=\"183\" src=\"https:\/\/www.radiopiu.net\/wordpress\/wp-content\/uploads\/2021\/06\/47de0245-8559-458d-abb3-e1af52fa5176-300x183.jpg\" class=\"attachment-medium size-medium\" alt=\"\" srcset=\"https:\/\/www.radiopiu.net\/wordpress\/wp-content\/uploads\/2021\/06\/47de0245-8559-458d-abb3-e1af52fa5176-300x183.jpg 300w, https:\/\/www.radiopiu.net\/wordpress\/wp-content\/uploads\/2021\/06\/47de0245-8559-458d-abb3-e1af52fa5176.jpg 589w\" sizes=\"auto, (max-width: 300px) 100vw, 300px\" \/><\/a>\n\t\t\t\t<\/dt><\/dl><dl class='gallery-item'>\n\t\t\t\t<dt class='gallery-icon landscape'>\n\t\t\t\t\t<a class=\"rollover rollover-zoom dt-pswp-item\" title=\"701c7be0-5c99-4a90-83e2-d63c20227e6f\" data-dt-img-description=\"\" data-large_image_width=\"608\" data-large_image_height=\"360\"href='https:\/\/www.radiopiu.net\/wordpress\/wp-content\/uploads\/2021\/06\/701c7be0-5c99-4a90-83e2-d63c20227e6f.jpg'><img loading=\"lazy\" decoding=\"async\" width=\"300\" height=\"178\" src=\"https:\/\/www.radiopiu.net\/wordpress\/wp-content\/uploads\/2021\/06\/701c7be0-5c99-4a90-83e2-d63c20227e6f-300x178.jpg\" class=\"attachment-medium size-medium\" alt=\"\" srcset=\"https:\/\/www.radiopiu.net\/wordpress\/wp-content\/uploads\/2021\/06\/701c7be0-5c99-4a90-83e2-d63c20227e6f-300x178.jpg 300w, https:\/\/www.radiopiu.net\/wordpress\/wp-content\/uploads\/2021\/06\/701c7be0-5c99-4a90-83e2-d63c20227e6f.jpg 608w\" sizes=\"auto, (max-width: 300px) 100vw, 300px\" \/><\/a>\n\t\t\t\t<\/dt><\/dl><dl class='gallery-item'>\n\t\t\t\t<dt class='gallery-icon landscape'>\n\t\t\t\t\t<a class=\"rollover rollover-zoom dt-pswp-item\" title=\"497d5315-c190-4ccf-b493-cf739a30e7c5\" data-dt-img-description=\"\" data-large_image_width=\"608\" data-large_image_height=\"356\"href='https:\/\/www.radiopiu.net\/wordpress\/wp-content\/uploads\/2021\/06\/497d5315-c190-4ccf-b493-cf739a30e7c5.jpg'><img loading=\"lazy\" decoding=\"async\" width=\"300\" height=\"176\" src=\"https:\/\/www.radiopiu.net\/wordpress\/wp-content\/uploads\/2021\/06\/497d5315-c190-4ccf-b493-cf739a30e7c5-300x176.jpg\" class=\"attachment-medium size-medium\" alt=\"\" srcset=\"https:\/\/www.radiopiu.net\/wordpress\/wp-content\/uploads\/2021\/06\/497d5315-c190-4ccf-b493-cf739a30e7c5-300x176.jpg 300w, https:\/\/www.radiopiu.net\/wordpress\/wp-content\/uploads\/2021\/06\/497d5315-c190-4ccf-b493-cf739a30e7c5.jpg 608w\" sizes=\"auto, (max-width: 300px) 100vw, 300px\" \/><\/a>\n\t\t\t\t<\/dt><\/dl><dl class='gallery-item'>\n\t\t\t\t<dt class='gallery-icon landscape'>\n\t\t\t\t\t<a class=\"rollover rollover-zoom dt-pswp-item\" title=\"041acf09-a69d-4078-aa86-e83b0a34d26f\" data-dt-img-description=\"\" data-large_image_width=\"614\" data-large_image_height=\"355\"href='https:\/\/www.radiopiu.net\/wordpress\/wp-content\/uploads\/2021\/06\/041acf09-a69d-4078-aa86-e83b0a34d26f.jpg'><img loading=\"lazy\" decoding=\"async\" width=\"300\" height=\"173\" src=\"https:\/\/www.radiopiu.net\/wordpress\/wp-content\/uploads\/2021\/06\/041acf09-a69d-4078-aa86-e83b0a34d26f-300x173.jpg\" class=\"attachment-medium size-medium\" alt=\"\" srcset=\"https:\/\/www.radiopiu.net\/wordpress\/wp-content\/uploads\/2021\/06\/041acf09-a69d-4078-aa86-e83b0a34d26f-300x173.jpg 300w, https:\/\/www.radiopiu.net\/wordpress\/wp-content\/uploads\/2021\/06\/041acf09-a69d-4078-aa86-e83b0a34d26f.jpg 614w\" sizes=\"auto, (max-width: 300px) 100vw, 300px\" \/><\/a>\n\t\t\t\t<\/dt><\/dl><br style=\"clear: both\" \/>\n\t\t\t<\/div>\n\n<p>&nbsp;<\/p>\n<hr \/>\n<p>&nbsp;<\/p>\n<blockquote>\n<h2>DOLOMITIBUS NON RISPONDE, INTANTO TRENTINO TRASPORTI CON I FATTI DIMOSTRA COME SI FA<\/h2>\n<\/blockquote>\n<p><strong><a class=\"dt-pswp-item\" href=\"https:\/\/www.radiopiu.net\/wordpress\/wp-content\/uploads\/2019\/03\/download-18.jpg\" data-dt-img-description=\"\" data-large_image_width=\"200\" data-large_image_height=\"200\"><img loading=\"lazy\" decoding=\"async\" class=\"wp-image-216763 alignleft\" src=\"https:\/\/www.radiopiu.net\/wordpress\/wp-content\/uploads\/2019\/03\/download-18.jpg\" alt=\"\" width=\"96\" height=\"96\" srcset=\"https:\/\/www.radiopiu.net\/wordpress\/wp-content\/uploads\/2019\/03\/download-18.jpg 200w, https:\/\/www.radiopiu.net\/wordpress\/wp-content\/uploads\/2019\/03\/download-18-150x150.jpg 150w\" sizes=\"auto, (max-width: 96px) 100vw, 96px\" \/><\/a>FALCADE<\/strong> Cesare Bon ha avuto l&#8217;idea, ma Dolomitibus non ha mai risposto. Intanto in Trentino l&#8217;hanno messa in pratica.\u00a0 Il Capogruppo di minoranza in consiglio comunale. L&#8217;ultima lettera a Dolomitibus inviata dalla Provincia \u00e8 datata\u00a0 \u00a028 maggio\u00a0 \u00a0 \u00a0 e anche questa volta silenzio completo da via Col da Ren.<\/p>\n<p><em>&#8220;E&#8217; pervenuta la proposta di Cesare Bon relativa al collegamento Falcade-Passo Valles. Si coglie l&#8217;occasione per rimarcare la necessit\u00e0 che gli uffici competenti vengano costantemente informati circa l&#8217;iter di approvazione e finanziamento del progetto&#8230; Si chiede se l&#8217;integrazione degli orari tra servizio Dolomitibus e Trentino Trasporti possa essere applicata fin dal prossimo orario estivo&#8221;.<\/em><\/p>\n<p><span style=\"color: #ff0000;\"><strong>IERI ALLA RADIO (il domani \u00e8 riferito ad oggi)<\/strong><\/span><\/p>\n<audio class=\"wp-audio-shortcode\" id=\"audio-216693-6\" preload=\"none\" style=\"width: 100%;\" controls=\"controls\"><source type=\"audio\/mpeg\" src=\"https:\/\/www.radiopiu.net\/wordpress\/wp-content\/uploads\/2019\/03\/CESARE-BON.mp3?_=6\" \/><a href=\"https:\/\/www.radiopiu.net\/wordpress\/wp-content\/uploads\/2019\/03\/CESARE-BON.mp3\">https:\/\/www.radiopiu.net\/wordpress\/wp-content\/uploads\/2019\/03\/CESARE-BON.mp3<\/a><\/audio>\n<hr \/>\n<hr \/>\n<hr \/>\n<p><span style=\"color: #ff0000;\"><strong>DAL NOTIZIARIO DI RADIO PIU DEL MARZO 2019<\/strong><\/span><\/p>\n<p><strong>PASSO VALLES<\/strong> Venerdi alle 18 al Rifugio Capanna Passo Valles sar\u00e0 presentata la proposta di nuova mobilit\u00e0 sostenibile pubblica per i passi San Pellegrino e Valles. Iniziativa supportata dal capogruppo di minoranza di Falcade Cesare Bon e dal commissario della sezione della Lega Nord Cesare Rizzi del Gruppo Consigliare Uniti per la Val Biois rilanciAmo Falcade.<strong><a class=\"dt-pswp-item\" href=\"http:\/\/www.radiopiu.net\/wordpress\/wp-content\/uploads\/2019\/03\/mappa-linea-valles-intero-2_page-0001.jpg\" data-dt-img-description=\"\" data-large_image_width=\"1755\" data-large_image_height=\"1240\"><img loading=\"lazy\" decoding=\"async\" class=\"wp-image-80329 alignleft\" src=\"http:\/\/www.radiopiu.net\/wordpress\/wp-content\/uploads\/2019\/03\/mappa-linea-valles-intero-2_page-0001.jpg\" alt=\"\" width=\"268\" height=\"189\" srcset=\"https:\/\/www.radiopiu.net\/wordpress\/wp-content\/uploads\/2019\/03\/mappa-linea-valles-intero-2_page-0001.jpg 1755w, https:\/\/www.radiopiu.net\/wordpress\/wp-content\/uploads\/2019\/03\/mappa-linea-valles-intero-2_page-0001-300x212.jpg 300w, https:\/\/www.radiopiu.net\/wordpress\/wp-content\/uploads\/2019\/03\/mappa-linea-valles-intero-2_page-0001-768x543.jpg 768w, https:\/\/www.radiopiu.net\/wordpress\/wp-content\/uploads\/2019\/03\/mappa-linea-valles-intero-2_page-0001-1024x724.jpg 1024w\" sizes=\"auto, (max-width: 268px) 100vw, 268px\" \/><\/a><\/strong><\/p>\n<p><strong>LE MOTIVAZIONI:<\/strong> Constatato che attualmente i due passi in questione sono serviti solamente in estate come di seguito:<br \/>\nPasso San Pellegrino &#8211; due linee gestite dalla Provincia di Trento e dalla Provincia di Belluno che si sovrappongono tra le due aree. Questi servizi assieme assicurano la possibilit\u00e0 per l\u2019utenza di percorrere il passo San Pellegrino due volte in andata (al mattino ) e due volte in ritorno ( il pomeriggio ). Le due aziende di trasporto si sovrappongono sulla stessa tratta. Passo Valles \u2013 nessun collegamento di linea <strong>LA PROPOSTA\u00a0<\/strong> Passo San Pellegrino &#8211; si propone di rivedere le linee esistenti proponendo l\u2019interscambio al passo con relativa coincidenza degli orari tra i bus delle due aziende interessate.<br \/>\nIn questo modo ogni azienda avrebbe un risparmio chilometrico non indifferente utilizzabile per un possibile potenziamento delle tratte o per attivare, come spiegheremo in seguito relativamente al Passo Valles ( vedi l\u2019esempio del Passo Pordoi ). Passo Valles &#8211; si propone di attivare una nuova linea da Falcade Municipio al Passo con relativa coincidenza degli orari tra i bus delle due aziende interessate. Auspichiamo naturalmente che il servizio sia possibilmente equivalente a quello gi\u00e0 attivo per il Passo San Pellegrino. Facciamo presente che se dalla parte bellunese, attualmente non esiste nessun servizio pubblico, cos\u00ec non si pu\u00f2 dire della parte trentina, attualmente servita molto bene e frequentemente fino alla Val Venegia ( pochi chilometri dal passo ).<\/p>\n<p><a class=\"dt-pswp-item\" href=\"http:\/\/www.radiopiu.net\/wordpress\/wp-content\/uploads\/2019\/03\/Mappa-linea-Passo-S.Pellegrino-2_page-0001.jpg\" data-dt-img-description=\"\" data-large_image_width=\"1755\" data-large_image_height=\"1240\"><img loading=\"lazy\" decoding=\"async\" class=\"wp-image-80328 alignright\" src=\"http:\/\/www.radiopiu.net\/wordpress\/wp-content\/uploads\/2019\/03\/Mappa-linea-Passo-S.Pellegrino-2_page-0001.jpg\" alt=\"\" width=\"344\" height=\"243\" srcset=\"https:\/\/www.radiopiu.net\/wordpress\/wp-content\/uploads\/2019\/03\/Mappa-linea-Passo-S.Pellegrino-2_page-0001.jpg 1755w, https:\/\/www.radiopiu.net\/wordpress\/wp-content\/uploads\/2019\/03\/Mappa-linea-Passo-S.Pellegrino-2_page-0001-300x212.jpg 300w, https:\/\/www.radiopiu.net\/wordpress\/wp-content\/uploads\/2019\/03\/Mappa-linea-Passo-S.Pellegrino-2_page-0001-768x543.jpg 768w, https:\/\/www.radiopiu.net\/wordpress\/wp-content\/uploads\/2019\/03\/Mappa-linea-Passo-S.Pellegrino-2_page-0001-1024x724.jpg 1024w\" sizes=\"auto, (max-width: 344px) 100vw, 344px\" \/><\/a> I <strong>RISULTATI SPERATI<\/strong> Se per il Passo San Pellegrino \u00e8 notorio l\u2019interesse turistico e anche economico legato a eccellenti presenze alberghiere e di ristorazione che giustificano ampiamente l\u2019attuale interesse per attivare linee di servizio pubblico, non di meno il Passo Valles risulta ogni anno di pi\u00f9 meta di frequentazione turistica a vari livelli e numericamente sempre pi\u00f9 elevata. Nella presentazione ufficiale verranno esposte con dovizia di particolari, tutte le opportunit\u00e0 offerte al visitatore dal Passo Valles che nulla hanno da invidiare al San Pellegrino o localit\u00e0 pi\u00f9 note.<\/p>\n<blockquote>\n<blockquote><p><em>&#8220;Anche se esposta in maniera sintetica- dicono i promotori &#8211;\u00a0 crediamo che la nostra proposta possa essere recepita da chi potr\u00e0 attuarla, in maniera positiva. <\/em><em>Confidiamo che, i possibili Enti e Soggetti Attuatori, colgano l\u2019importanza dei collegamenti proposti per lo sviluppo sostenibile del turismo delle zone interessate&#8221;.\u00a0<\/em><\/p><\/blockquote>\n<p>&nbsp;<\/p><\/blockquote>\n<hr \/>\n<p>&nbsp;<\/p>\n<p>&nbsp;<\/p>\n<blockquote>\n<h3><a href=\"https:\/\/www.radiopiu.net\/wordpress\/speciale-feltre-fondi-di-confine-e-biblioteche-dal-gr-pomeriggio-di-radio-piu\/roger_de_menech_daticamera\/\" rel=\"attachment wp-att-49599\"><img loading=\"lazy\" decoding=\"async\" class=\" wp-image-49599 alignleft\" src=\"https:\/\/www.radiopiu.net\/wordpress\/wp-content\/uploads\/2018\/05\/Roger_De_Menech_daticamera.jpg\" alt=\"\" width=\"120\" height=\"166\" \/><\/a>AREE INTERNE, TOLTI 4,6 MILIARDI PER LE INFRASTRUTTURE NELLE ZONE DEBOLI<\/h3>\n<\/blockquote>\n<p><strong>ROMA<\/strong><em> \u00abC\u2019\u00e8 un tentativo di sottrarre risorse alla montagna, alle aree interne e al sud. Grave il colpo di mano che ha tolto dal decreto legge \u2018Semplificazioni\u2019 i 4,6 miliardi del fondo perequativo destinato alle aree in cui \u00e8 pi\u00f9 alto il gap infrastrutturale, previsti all\u2019articolo 59, per spalmarli in una serie di interventi generici\u00bb.<\/em> Il deputato veneto Roger De Menech promette un \u00abconfronto serrato\u00bb, quando il provvedimento arriver\u00e0 alla Camera per la conversione in legge<\/p>\n<p>&nbsp;<\/p>\n<p>ALLA RADIO<\/p>\n<p><strong>ROGER DE MENECH<\/strong><\/p>\n<audio class=\"wp-audio-shortcode\" id=\"audio-216693-7\" preload=\"none\" style=\"width: 100%;\" controls=\"controls\"><source type=\"audio\/mpeg\" src=\"https:\/\/www.radiopiu.net\/wordpress\/wp-content\/uploads\/2021\/06\/DE-MENECH-AREE-INTERNE.mp3?_=7\" \/><a href=\"https:\/\/www.radiopiu.net\/wordpress\/wp-content\/uploads\/2021\/06\/DE-MENECH-AREE-INTERNE.mp3\">https:\/\/www.radiopiu.net\/wordpress\/wp-content\/uploads\/2021\/06\/DE-MENECH-AREE-INTERNE.mp3<\/a><\/audio>\n<p>&nbsp;<\/p>\n<hr \/>\n<p>&nbsp;<\/p>\n<blockquote>\n<h3>TURISMO DI MONTAGNA. BOND:&#8221;SERVE UN&#8217;ACCELLERAZIONE SULL&#8217;EROGAZIONE DEI RISTORI&#8221;<\/h3>\n<\/blockquote>\n<p><strong><a href=\"https:\/\/www.radiopiu.net\/wordpress\/giornale-radiopiu-20-maggio-2020-direttore-mirko-mezzacasa\/dario-bond-11\/\" rel=\"attachment wp-att-138833\"><img loading=\"lazy\" decoding=\"async\" class=\"size-full wp-image-138833 alignleft\" src=\"https:\/\/www.radiopiu.net\/wordpress\/wp-content\/uploads\/2020\/05\/Dario-Bond.jpg\" alt=\"\" width=\"165\" height=\"228\" \/><\/a>ROMA <\/strong>\u00ab<em>Entro met\u00e0 luglio gli impiantisti, i maestri di sci e il settore ricettivo devono ricevere i ristori tanto attesi. Si tratta di una iniezione di liquidit\u00e0 fondamentale, e insieme uno spiraglio di fiducia per l\u2019estate che sta partendo. Senza impianti, alberghi, ristoranti e attivit\u00e0, la montagna muore<\/em>\u00bb. \u00c8 quanto afferma il deputato di Forza Italia Dario Bond, a seguito di alcuni colloqui avuti con il ministro del turismo Massimo Garavaglia e con la vice ministra dell\u2019economia Laura Castelli.<\/p>\n<p><strong>\u00a0<\/strong><\/p>\n<p><strong>\u00a0<\/strong><\/p>\n<p><strong>\u00a0<\/strong><\/p>\n<p><b>ALLA RADIO\u00a0<\/b><\/p>\n<audio class=\"wp-audio-shortcode\" id=\"audio-216693-8\" preload=\"none\" style=\"width: 100%;\" controls=\"controls\"><source type=\"audio\/mpeg\" src=\"https:\/\/www.radiopiu.net\/wordpress\/wp-content\/uploads\/2021\/06\/BOND-RISTORI-IMPIANTI.mp3?_=8\" \/><a href=\"https:\/\/www.radiopiu.net\/wordpress\/wp-content\/uploads\/2021\/06\/BOND-RISTORI-IMPIANTI.mp3\">https:\/\/www.radiopiu.net\/wordpress\/wp-content\/uploads\/2021\/06\/BOND-RISTORI-IMPIANTI.mp3<\/a><\/audio>\n<p>&nbsp;<\/p>\n<hr \/>\n<p>&nbsp;<\/p>\n<blockquote>\n<h3>VERTIK AREA, DE VAL &#8220;DOPO LA PALESTRA ANCHE IL RISTORANTE HA IL GESTORE AGORDINO&#8221;<\/h3>\n<p><em><strong><a class=\"dt-pswp-item\" href=\"https:\/\/www.radiopiu.net\/wordpress\/wp-content\/uploads\/2021\/06\/dsownload.jpg\" data-dt-img-description=\"\" data-large_image_width=\"300\" data-large_image_height=\"168\"><img loading=\"lazy\" decoding=\"async\" class=\" wp-image-216744 alignleft\" src=\"https:\/\/www.radiopiu.net\/wordpress\/wp-content\/uploads\/2021\/06\/dsownload.jpg\" alt=\"\" width=\"214\" height=\"120\" \/><\/a>Buon lavoro ai nuovi gestori\u00a0<\/strong><\/em><\/p>\n<p>Ultime notizie dalla Vertik Area che dar\u00e0 lavoro a diverse persone. L&#8217;apertura nel corso della stagione estiva, probabilmente ai primi di agosto.\u00a0 <em>&#8220;Attendiamo i fondi (di confine ndr.) da Trento per poter proseguire con i lavori&#8221;<\/em><br \/>\nAi microfoni di Radio Pi\u00f9 il sindaco Moreno De Val<\/p><\/blockquote>\n<audio class=\"wp-audio-shortcode\" id=\"audio-216693-9\" preload=\"none\" style=\"width: 100%;\" controls=\"controls\"><source type=\"audio\/mpeg\" src=\"https:\/\/www.radiopiu.net\/wordpress\/wp-content\/uploads\/2021\/06\/MORENO-DE-VAL.mp3?_=9\" \/><a href=\"https:\/\/www.radiopiu.net\/wordpress\/wp-content\/uploads\/2021\/06\/MORENO-DE-VAL.mp3\">https:\/\/www.radiopiu.net\/wordpress\/wp-content\/uploads\/2021\/06\/MORENO-DE-VAL.mp3<\/a><\/audio>\n<blockquote><p>&nbsp;<\/p>\n<p>&nbsp;<\/p>\n<hr \/>\n<p>&nbsp;<\/p>\n<h3><a href=\"https:\/\/www.radiopiu.net\/wordpress\/giornale-radiopiu-19-giugno-2021-direttore-mirko-mezzacasa\/vv_marchio_tondo\/\" rel=\"attachment wp-att-216767\"><img loading=\"lazy\" decoding=\"async\" class=\"wp-image-216767 alignleft\" src=\"https:\/\/www.radiopiu.net\/wordpress\/wp-content\/uploads\/2021\/06\/VV_MARCHIO_TONDO.jpeg\" alt=\"\" width=\"110\" height=\"110\" srcset=\"https:\/\/www.radiopiu.net\/wordpress\/wp-content\/uploads\/2021\/06\/VV_MARCHIO_TONDO.jpeg 240w, https:\/\/www.radiopiu.net\/wordpress\/wp-content\/uploads\/2021\/06\/VV_MARCHIO_TONDO-150x150.jpeg 150w\" sizes=\"auto, (max-width: 110px) 100vw, 110px\" \/><\/a>UN NUOVO SPAZIO CONTRO LA VIOLENZA SULLE DONNE<\/h3>\n<\/blockquote>\n<p><strong>BELLUNO<\/strong> Lo spazio &#8220;Viva Vittoria Tre Cime di Lavaredo&#8221; sar\u00e0 inaugurato oggi alle 11 in via Mezzaterra presso i locali dell&#8217;ex panificio Balbinot. Lo spazio Viva Vittoria \u00e8 uno dei centri di raccolta e di realizzazione creativa delle coperte che verranno poi esposte il giorno 4 settembre alle Tre Cime di Lavaredo.<\/p>\n<blockquote><p>&nbsp;<\/p><\/blockquote>\n<hr \/>\n<p>&nbsp;<\/p>\n<blockquote>\n<h2>MASCANZONI ALLA SOGLIA DELLA PENSIONE. CESTARO &#8220;GRAZIE DOTTORE&#8221;<\/h2>\n<\/blockquote>\n<p><strong>SELVA DI CADORE<\/strong> Silvia Cestaro oggi consigliere regionale ma fino a pochi mesi fa sindaco di Selva di Cadore e paziente del dottor Agostino Mascanzoni prossimo alla pensione, saluta e ringrazia il medico di base per il grande servizio svolto in paese.<\/p>\n<p><strong>L&#8217;EX SINDACO SILVIA CESTARO\u00a0<\/strong><\/p>\n<audio class=\"wp-audio-shortcode\" id=\"audio-216693-10\" preload=\"none\" style=\"width: 100%;\" controls=\"controls\"><source type=\"audio\/mpeg\" src=\"https:\/\/www.radiopiu.net\/wordpress\/wp-content\/uploads\/2021\/06\/SILVIA.mp3?_=10\" \/><a href=\"https:\/\/www.radiopiu.net\/wordpress\/wp-content\/uploads\/2021\/06\/SILVIA.mp3\">https:\/\/www.radiopiu.net\/wordpress\/wp-content\/uploads\/2021\/06\/SILVIA.mp3<\/a><\/audio>\n<p>&nbsp;<\/p>\n<p>&nbsp;<\/p>\n<p><strong><a href=\"https:\/\/www.radiopiu.net\/wordpress\/solidarieta-umana-a-chi-vive-lesperienza-negativa-covid-ma-le-regole-devono-essere-rispettate\/medicodimedicinagenerale\/\" rel=\"attachment wp-att-167000\"><img loading=\"lazy\" decoding=\"async\" class=\"size-medium wp-image-167000 alignleft\" src=\"https:\/\/www.radiopiu.net\/wordpress\/wp-content\/uploads\/2020\/10\/Medicodimedicinagenerale-300x198.jpg\" alt=\"\" width=\"300\" height=\"198\" srcset=\"https:\/\/www.radiopiu.net\/wordpress\/wp-content\/uploads\/2020\/10\/Medicodimedicinagenerale-300x198.jpg 300w, https:\/\/www.radiopiu.net\/wordpress\/wp-content\/uploads\/2020\/10\/Medicodimedicinagenerale-1024x674.jpg 1024w, https:\/\/www.radiopiu.net\/wordpress\/wp-content\/uploads\/2020\/10\/Medicodimedicinagenerale-768x506.jpg 768w, https:\/\/www.radiopiu.net\/wordpress\/wp-content\/uploads\/2020\/10\/Medicodimedicinagenerale.jpg 1200w\" sizes=\"auto, (max-width: 300px) 100vw, 300px\" \/><\/a>BELLUNO <\/strong>Il dr Agostino Mascanzoni, medico di assistenza primaria nell\u2019ambito territoriale dei Comuni di Livinallongo del Col di Lana, Selva di Cadore, Alleghe, Rocca Pietore e Colle Santa Lucia, terminer\u00e0 il proprio incarico il 20 giugno 2021 (ultimo giorno di servizio). Nonostante le innumerevoli iniziative messe in campo da questa ULSS anche sull\u2019intero territorio nazionale, ad oggi non \u00e8 stata acquisita nessuna disponibilit\u00e0 per un incarico provvisorio di medico presso i Comuni di Alleghe e Selva di Cadore. Al fine di garantire la continuit\u00e0 dell\u2019assistenza primaria alla popolazione residente, <em>i dottori Claudio Allegro, Pietro Demattia (attualmente sostituito dal dr Luca Favero), Paolo Barone, Valter Tomaselli e Giovanni Magra<\/em><em>, <\/em>si sono resi disponibili ad accogliere, in via temporanea, i pazienti del dr Mascanzoni. I pazienti saranno pertanto assegnati temporaneamente e d\u2019ufficio ai medici suddetti e quindi non dovranno effettuare alcuna nuova scelta del medico.<\/p>\n<p>&nbsp;<\/p>\n<hr \/>\n<blockquote>\n<h3><\/h3>\n<div>\n<h3>ACC, DE MENECH &#8220;FATE PRESTO, I LAVORATORI VOGLIONO CERTEZZE&#8221;<\/h3>\n<p><strong>di Roger De Menech, Deputato PD<\/strong><\/p>\n<p><em>\u00abIl tempo potrebbe essere il fattore decisivo nella vicenda ACC. Sul futuro dello stabilimento il ministero competente purtroppo non ha ancora fornito indicazioni risolutive. Bene che sia stato richiamato a riferire pubblicamente davanti al Parlamento delle attivit\u00e0 e delle iniziative in corso. Positivo anche l\u2019incontro della Regione, ma pure in questo caso non si conoscono i termini n\u00e9 i tempi. Credo sia necessaria pi\u00f9 trasparenza in queste attivit\u00e0 e la necessit\u00e0 di non perdere altro tempo. I sindacati, i lavoratori e le loro famiglie come tutta al comunit\u00e0 della sinistra Piave hanno diritto a conoscere quale sar\u00e0 il loro destino ed esigono dignit\u00e0, rispetto e certezze\u00bb.\u00a0<\/em><\/p>\n<\/div>\n<p>ALLA RADIO<\/p>\n<audio class=\"wp-audio-shortcode\" id=\"audio-216693-11\" preload=\"none\" style=\"width: 100%;\" controls=\"controls\"><source type=\"audio\/mpeg\" src=\"https:\/\/www.radiopiu.net\/wordpress\/wp-content\/uploads\/2021\/06\/ROGER-ACC.mp3?_=11\" \/><a href=\"https:\/\/www.radiopiu.net\/wordpress\/wp-content\/uploads\/2021\/06\/ROGER-ACC.mp3\">https:\/\/www.radiopiu.net\/wordpress\/wp-content\/uploads\/2021\/06\/ROGER-ACC.mp3<\/a><\/audio>\n<p>&nbsp;<\/p><\/blockquote>\n<hr \/>\n<blockquote>\n<h3><\/h3>\n<h3>ACC PARLA LA CISL &#8220;EUFORIA CONDIVISIBILE MA NON SCACCIA LE PAURE&#8221;<\/h3>\n<\/blockquote>\n<div align=\"left\"><strong>REDAZIONE<\/strong> Dopo l&#8217;incontro di ieri a Roma tra il Presidente Luca Zaia e i Ministri competenti anche la Cisl si esprime con Alessio Lovisotto della Rsu e Alessio Rovisotto, Segretario generale Fim Belluno_Treviso<\/div>\n<div align=\"left\"><\/div>\n<div align=\"left\"><span style=\"color: #ff0000;\"><strong>L&#8217;INTERVENTO\u00a0<\/strong><\/span><\/div>\n<div align=\"left\"><\/div>\n<blockquote>\n<div align=\"left\"><em><span style=\"color: #000000; font-family: Helvetica;\"><a href=\"https:\/\/www.radiopiu.net\/wordpress\/in-provincia-di-belluno-passa-con-il-938-il-si-al-rinnovo-del-ccnl-metalmeccanico\/fim-cisl\/\" rel=\"attachment wp-att-204036\"><img loading=\"lazy\" decoding=\"async\" class=\"size-medium wp-image-204036 alignleft\" src=\"https:\/\/www.radiopiu.net\/wordpress\/wp-content\/uploads\/2021\/04\/FIM-CISL-300x205.png\" alt=\"\" width=\"300\" height=\"205\" srcset=\"https:\/\/www.radiopiu.net\/wordpress\/wp-content\/uploads\/2021\/04\/FIM-CISL-300x205.png 300w, https:\/\/www.radiopiu.net\/wordpress\/wp-content\/uploads\/2021\/04\/FIM-CISL-768x524.png 768w, https:\/\/www.radiopiu.net\/wordpress\/wp-content\/uploads\/2021\/04\/FIM-CISL.png 820w\" sizes=\"auto, (max-width: 300px) 100vw, 300px\" \/><\/a>\u201cDalle dichiarazioni del presidente Luca Zaia e del ministro Federico D\u2019inc\u00e0 sembra finalmente che il Ministero dello Sviluppo Economico abbia fatto un passo avanti verso il salvataggio di Wambao-Acc in amministrazione straordinaria. La presentazione del decreto attuativo era una notizia che le lavoratrici e i lavoratori aspettavano da tempo. Accanto a loro il sindaco Stefano Cesa, il prefetto Mariano Savastano\u00a0 e il Vescovo Renato Marangoni che vedono nella conservazione dello stabilimento un presidio insostituibile per salvaguardare il benessere e il futuro di tutto il territorio. Euforia condivisibile che rasserena gli animi ma non allontana tutte le paure. <\/span><span style=\"color: #000000; font-family: Helvetica;\">Il futuro dello stabilimento passa necessariamente attraverso la condivisione di un progetto industriale nel quale la forza lavoro possa esprimere tutta la sua capacit\u00e0 e determinazione. Come FIM CISL non possiamo smettere di chiedere al ministro Giancarlo Giorgetti l&#8217;individuazione di una strategia che possa finalmente permettere ad ACC di conseguire una propria autonomia economica. \u00c8 indispensabile definire immediatamente quali sono gli obiettivi attualmente perseguibili all&#8217;interno di un disegno che proietti lo stabilimento verso la produzione di compressori maggiormente profittevoli. <\/span><span style=\"color: #000000; font-family: Helvetica;\">Rimettere in moto il processo di sviluppo del prodotto, a velocit\u00e0 variabile, e quello commerciale, innesca solide relazioni commerciali e partnership strategiche con i maggiori produttori dell&#8217;industria del freddo. L&#8217;inserimento di nuova tecnologia permette di aumentare l&#8217;efficienza, variare la tipologia produttiva e di promuovere la crescita professionale degli addetti, migliorando la capacit\u00e0 attrattiva aziendale verso quelle professionalit\u00e0 difficilmente reperibili sul mercato del lavoro. La stabilit\u00e0 finanziaria migliora il rapporto con i clienti e fornitori ma da sola non basta, centrale rimane l&#8217;individuazione di un progetto industriale ben definito, unico elemento attorno al quale pu\u00f2 aggregarsi un vero e proprio interesse degli investitori privati\u201d.\u00a0<\/span><\/em><\/div>\n<\/blockquote>\n<div align=\"left\"><\/div>\n<div align=\"left\">\n<hr \/>\n<\/div>\n<div align=\"left\"><\/div>\n<blockquote>\n<h3 align=\"left\">IL PREFETTO &#8220;FOTOGRAFA&#8221; LO STATO DI AVANZAMENTO DELLE TRE VARIANTI OLIMPICHE<\/h3>\n<\/blockquote>\n<p>&nbsp;<\/p>\n<p><strong>BELLUNO<\/strong> La dichiarazione del Prefetto Mariano Savastano: <em>&#8220;<span style=\"font-family: Times New Roman, serif;\"><span style=\"font-size: medium;\">Sin dai primi giorni dopo il mio insediamento a Belluno, avvenuto il 26 aprile u.s., tutti gli Amministratori locali, le Autorit\u00e0 istituzionali ed i rappresentanti delle categorie economiche che ho incontrato hanno sottoposto alla mia attenzione le problematiche legate alle carenze delle infrastrutture esistenti ed alla viabilit\u00e0 caratterizzata da un\u2019autostrada che arriva sino a Ponte nelle Alpi e che prosegue nelle varie direttrici &#8211; Feltre, Agordo, Cortina d\u2019Ampezzo, il Cadore &#8211; attraverso strade statali e regionali non pi\u00f9 adeguate alle esigenze di mobilit\u00e0 di persone, merci, turisti ed imprese. <\/span><\/span><span style=\"font-family: Times New Roman, serif;\"><span style=\"font-size: medium;\">Occorre rimanere concentrati per riuscire a portare a termine il Piano di potenziamento della viabilit\u00e0 gi\u00e0 previsto per i Mondiali di Sci di Cortina 2021 e per tale motivo ho incontrato i vertici di ANAS per fare il punto di situazione sullo stato di realizzazione delle tre varianti di Tai di Cadore, di Valle di Cadore e di San Vito di Cadore al fine di offrire alle comunit\u00e0 interessate, agli amministratori locali ed ai rappresentanti delle associazioni di categoria informazioni puntuali, aggiornate e verificate. <\/span><\/span><span style=\"font-family: Times New Roman, serif;\"><span style=\"font-size: medium;\">Mi riprometto che, periodicamente, la Prefettura verificher\u00e0 insieme ad ANAS lo stato di avanzamento delle procedure e dei cantieri, pronti a dare sostegno e ad intervenire ogni qualvolta ANAS, gli amministratori o altri qualificati portatori di interessi collettivi lo richiederanno per approfondire gli eventuali aspetti critici che dovessero emergere e per trovare, d\u2019intesa con il territorio, le soluzioni pi\u00f9 adeguate&#8221;.<\/span><\/span><\/em><\/p>\n<p><strong><a href=\"https:\/\/www.radiopiu.net\/wordpress\/il-prefetto-fotografa-lo-stato-di-avanzamento-delle-tre-varianti-olimpiche\/aaaaaaa-3\/\" rel=\"attachment wp-att-216803\"><img loading=\"lazy\" decoding=\"async\" class=\"wp-image-216803 alignleft\" src=\"https:\/\/www.radiopiu.net\/wordpress\/wp-content\/uploads\/2021\/06\/AAAAAAA-300x276.png\" alt=\"\" width=\"138\" height=\"127\" srcset=\"https:\/\/www.radiopiu.net\/wordpress\/wp-content\/uploads\/2021\/06\/AAAAAAA-300x276.png 300w, https:\/\/www.radiopiu.net\/wordpress\/wp-content\/uploads\/2021\/06\/AAAAAAA.png 510w\" sizes=\"auto, (max-width: 138px) 100vw, 138px\" \/><\/a>VALLE DI CADORE<\/strong><\/p>\n<p align=\"JUSTIFY\"><span style=\"color: #0033a0;\"><span style=\"font-family: Open Sans SemiBold, serif;\"><span style=\"font-size: small;\"><i><u>Costo dell\u2019intervento <\/u><\/i><\/span><\/span><\/span><span style=\"font-family: Open Sans Light, serif;\"><span style=\"font-size: small;\">44,138 M\u20ac <\/span><\/span><i style=\"font-size: small; font-family: 'Open Sans SemiBold', serif; color: #0033a0;\"><u>Stato di avanzamento: <\/u><\/i><span style=\"color: #595c62;\"><span style=\"font-family: Open Sans Light, serif;\"><span style=\"font-size: small;\"><span style=\"color: #00000a;\">Il Comune di Valle di Cadore ha predisposto nel 2017 uno studio di fattibilit\u00e0 con individuazione del tracciato della variante. ANAS ha successivamente sviluppato il progetto definitivo sul tracciato individuato nello studio di fattibilit\u00e0. <\/span><\/span><\/span><\/span><span style=\"color: #595c62;\"><span style=\"font-family: Open Sans Light, serif;\"><span style=\"font-size: small;\"><span style=\"color: #00000a;\">Allo stato attuale ANAS ha avviato la progettazione esecutiva, attivando un continuo confronto con la Regione Veneto e il Comune di Valle di Cadore per condividere gli approfondimenti svolti e individuare la soluzione progettuale maggiormente compatibile con il contesto territoriale e con il sistema di vincoli in cui l\u2019intervento si inserisce. <\/span><\/span><\/span><\/span><span style=\"color: #595c62;\"><span style=\"font-family: Open Sans Light, serif;\"><span style=\"font-size: small;\"><span style=\"color: #00000a;\">\u00c8 in fase di restituzione dei dati la campagna di indagini geognostiche integrative. <\/span><\/span><\/span><\/span><span style=\"color: #595c62;\"><span style=\"font-family: Open Sans Light, serif;\"><span style=\"font-size: small;\"><span style=\"color: #00000a;\">\u00c8 in avvio la fase di esecuzione delle indagini archeologiche. <\/span><\/span><\/span><\/span><span style=\"color: #595c62;\"><span style=\"font-family: Open Sans Light, serif;\"><span style=\"font-size: small;\"><span style=\"color: #00000a;\">Si prevede l\u2019avvio delle procedure di gara entro il corrente anno, a fronte di un tempo di esecuzione lavori di ca. 20 mesi.<\/span><\/span><\/span><\/span><\/p>\n<p><strong><a href=\"https:\/\/www.radiopiu.net\/wordpress\/il-prefetto-fotografa-lo-stato-di-avanzamento-delle-tre-varianti-olimpiche\/aaa-12\/\" rel=\"attachment wp-att-216801\"><img loading=\"lazy\" decoding=\"async\" class=\"wp-image-216801 alignleft\" src=\"https:\/\/www.radiopiu.net\/wordpress\/wp-content\/uploads\/2021\/06\/AAA-300x216.png\" alt=\"\" width=\"194\" height=\"140\" srcset=\"https:\/\/www.radiopiu.net\/wordpress\/wp-content\/uploads\/2021\/06\/AAA-300x216.png 300w, https:\/\/www.radiopiu.net\/wordpress\/wp-content\/uploads\/2021\/06\/AAA-1024x737.png 1024w, https:\/\/www.radiopiu.net\/wordpress\/wp-content\/uploads\/2021\/06\/AAA-768x553.png 768w, https:\/\/www.radiopiu.net\/wordpress\/wp-content\/uploads\/2021\/06\/AAA.png 1107w\" sizes=\"auto, (max-width: 194px) 100vw, 194px\" \/><\/a>SAN VITO DI CADORE\u00a0<\/strong><\/p>\n<p>&nbsp;<\/p>\n<p align=\"JUSTIFY\"><span style=\"color: #0033a0;\"><span style=\"font-family: Open Sans SemiBold, serif;\"><span style=\"font-size: small;\"><i><u>Costo dell\u2019intervento<\/u><\/i><\/span><\/span><\/span><span style=\"color: #0033a0;\"><span style=\"font-family: Open Sans SemiBold, serif;\"><span style=\"font-size: small;\"><i>\u00a0<\/i><\/span><\/span><\/span><span style=\"font-family: Open Sans Light, serif;\"><span style=\"font-size: small;\">37,153 M\u20ac <\/span><\/span><i style=\"font-size: small; font-family: 'Open Sans SemiBold', serif; color: #0033a0;\"><u>Stato di avanzamento\u00a0 <\/u><\/i><span style=\"color: #595c62;\"><span style=\"font-family: Open Sans Light, serif;\"><span style=\"font-size: small;\"><span style=\"color: #00000a;\">\u00c8 in corso la progettazione esecutiva. <\/span><\/span><\/span><\/span><span style=\"color: #595c62;\"><span style=\"font-family: Open Sans Light, serif;\"><span style=\"font-size: small;\"><span style=\"color: #00000a;\">Il progetto \u00e8 l\u2019esito di un approfondimento tecnico e di precedenti fasi progettuali, consistenti in uno studio di fattibilit\u00e0 proposto dal Comune nel 2017 con individuazione del tracciato della variante. L\u2019ANAS sta realizzando il progetto definitivo che segue il tracciato proposto dal Comune; tuttavia, rispetto a tale studio \u00e8 emersa la necessit\u00e0 di apportare correzioni al tracciato stradale per renderlo rispondente alla normativa di settore; \u00e8 stata studiata una variante altimetrica per ridurre le forti pendenze in arrivo alla rotatoria; sono state studiate soluzioni alternative e migliorative alle rotatorie di inizio e fine intervento. <\/span><\/span><\/span><\/span><span style=\"color: #595c62;\"><span style=\"font-family: Open Sans Light, serif;\"><span style=\"font-size: small;\"><span style=\"color: #00000a;\">Entro il corrente anno \u00e8 previsto l\u2019avvio delle procedure di gara, a fronte di un tempo previsto per l\u2019esecuzione dei lavori di ca. 30 mesi.<\/span><\/span><\/span><\/span><\/p>\n<p><strong><a href=\"https:\/\/www.radiopiu.net\/wordpress\/il-prefetto-fotografa-lo-stato-di-avanzamento-delle-tre-varianti-olimpiche\/ssss-10\/\" rel=\"attachment wp-att-216800\"><img loading=\"lazy\" decoding=\"async\" class=\"wp-image-216800 alignleft\" src=\"https:\/\/www.radiopiu.net\/wordpress\/wp-content\/uploads\/2021\/06\/SSSS-300x173.jpg\" alt=\"\" width=\"199\" height=\"115\" srcset=\"https:\/\/www.radiopiu.net\/wordpress\/wp-content\/uploads\/2021\/06\/SSSS-300x173.jpg 300w, https:\/\/www.radiopiu.net\/wordpress\/wp-content\/uploads\/2021\/06\/SSSS-1024x589.jpg 1024w, https:\/\/www.radiopiu.net\/wordpress\/wp-content\/uploads\/2021\/06\/SSSS-768x442.jpg 768w, https:\/\/www.radiopiu.net\/wordpress\/wp-content\/uploads\/2021\/06\/SSSS.jpg 1265w\" sizes=\"auto, (max-width: 199px) 100vw, 199px\" \/><\/a>TAI DI CADORE<\/strong><\/p>\n<p align=\"JUSTIFY\"><span style=\"color: #0033a0;\"><span style=\"font-family: Open Sans SemiBold, serif;\"><span style=\"font-size: small;\"><i><u>Costo dell\u2019intervento <\/u><\/i><\/span><\/span><\/span><span style=\"font-family: Open Sans Light, serif;\"><span style=\"font-size: small;\">46,300 M\u20ac S<\/span><\/span><i style=\"font-size: small; font-family: 'Open Sans SemiBold', serif; color: #0033a0;\"><u>tato di avanzamento: <\/u><\/i><span style=\"color: #595c62;\"><span style=\"font-family: Open Sans Light, serif;\"><span style=\"font-size: small;\"><span style=\"color: #00000a;\">\u00c8 in corso la chiusura del progetto definitivo per la successiva approvazione e l\u2019avvio della progettazione esecutiva. <\/span><\/span><\/span><\/span><span style=\"color: #595c62;\"><span style=\"font-family: Open Sans Light, serif;\"><span style=\"font-size: small;\"><span style=\"color: #00000a;\">\u00c8 stata effettuata la campagna di indagini geognostiche integrative al progetto definitivo. <\/span><\/span><\/span><\/span><span style=\"color: #595c62;\"><span style=\"font-family: Open Sans Light, serif;\"><span style=\"font-size: small;\"><span style=\"color: #00000a;\">A completamento della progettazione esecutiva saranno attivate le procedure autorizzative. <\/span><\/span><\/span><\/span><span style=\"color: #595c62;\"><span style=\"font-family: Open Sans Light, serif;\"><span style=\"font-size: small;\"><span style=\"color: #00000a;\">Si prevede di avviare le procedure di gara entro il corrente anno, a fronte di un cronoprogramma dei lavori di ca, 30 mesi.<\/span><\/span><\/span><\/span><\/p>\n<div align=\"left\"><\/div>\n<div align=\"left\"><\/div>\n<div align=\"left\">\n<hr \/>\n<\/div>\n<h3 align=\"left\"><\/h3>\n<blockquote>\n<h3>APPROVATO IL BILANCIO DI ESERCIZIO 2020 DI GSP<\/h3>\n<\/blockquote>\n<p><strong><a href=\"https:\/\/www.radiopiu.net\/wordpress\/giornale-radiopiu-16-giugno-2021-direttore-mirko-mezzacasa\/th-139\/\" rel=\"attachment wp-att-216172\"><img loading=\"lazy\" decoding=\"async\" class=\"size-full wp-image-216172 alignleft\" src=\"https:\/\/www.radiopiu.net\/wordpress\/wp-content\/uploads\/2021\/06\/th-12.jpg\" alt=\"\" width=\"282\" height=\"188\" \/><\/a>BELLUNO <\/strong>Si \u00e8 tenuta ieri, in videoconferenza causa Covid-19, l\u2019assemblea dei soci di Bim Gsp per l\u2019approvazione del bilancio di esercizio del 2020 e del piano industriale \u00a02021-2023 revisionato. A presentare i principali risultati del 2020 il presidente di Bim Gsp Attilio Sommavilla, coadiuvato dai consiglieri di amministrazione Lara Stefani e Andrea Menin: patrimonio a 42,2 milioni di euro, valore della produzione a 27,3 milioni, costi a 22,5 milioni, investimenti a quota 9,2 milioni. Novit\u00e0 principale del Piano industriale, la gestione degli impianti di depurazione presenti nel territorio, che Bim Gsp far\u00e0, a partire da settembre 2021, con personale proprio e non con ditte esterne. Una scelta importante, che permetter\u00e0 di migliorare la programmazione e l\u2019esecuzione degli interventi, di ridurre i costi generali, di aumentare l\u2019efficienza energetica e depurativa, di accrescere il know how dell\u2019azienda<\/p>\n<p>&nbsp;<\/p>\n<p>&nbsp;<\/p>\n<hr \/>\n<p>&nbsp;<\/p>\n<blockquote>\n<h3>APPROVATO IL BILANCIO DI ESERCIZIO 2020 DI BIM INFRASTRUTTURE<\/h3>\n<\/blockquote>\n<p><strong><a href=\"https:\/\/www.radiopiu.net\/wordpress\/giornale-radiopiu-31-dicembre-2020-direttore-mirko-mezzacasa\/bim-belluno-infrastrutture\/\" rel=\"attachment wp-att-182297\"><img loading=\"lazy\" decoding=\"async\" class=\"size-medium wp-image-182297 alignleft\" src=\"https:\/\/www.radiopiu.net\/wordpress\/wp-content\/uploads\/2020\/12\/bim-belluno-infrastrutture-300x89.png\" alt=\"\" width=\"300\" height=\"89\" srcset=\"https:\/\/www.radiopiu.net\/wordpress\/wp-content\/uploads\/2020\/12\/bim-belluno-infrastrutture-300x89.png 300w, https:\/\/www.radiopiu.net\/wordpress\/wp-content\/uploads\/2020\/12\/bim-belluno-infrastrutture.png 412w\" sizes=\"auto, (max-width: 300px) 100vw, 300px\" \/><\/a>BELLUNO <\/strong>Si \u00e8 tenuta ieri, in videoconferenza causa Covid, l\u2019Assemblea dei soci di Bim Belluno Infrastrutture, per l\u2019approvazione del bilancio di esercizio 2020. A presentare i risultati conseguiti, l\u2019Amministratore Unico della societ\u00e0, Bruno Zanolla. Il 2020 si \u00e8 chiuso in maniera positiva per la societ\u00e0, con un valore della produzione di 17,3 milioni di euro, in forte aumento rispetto ai 12,3 milioni di euro del 2019: a determinarne il gap di crescita di 4,3 milioni di euro, il riconoscimento, nel corso dell\u2019anno, della nuova tariffa per la distribuzione del gas metano sia del 2019 che del 2020. Costante la produzione di energia, pari a 24,1 milioni di kWh, mentre i costi della produzione passano a 11,5 milioni di euro dai 11,1 del 2019. Il margine operativo lordo, differenza tra ricavi e costi maturati, si attesta di conseguenza a 5,7 milioni di euro rispetto ai 1,2 milioni del 2019. L\u2019utile generato, detratte le imposte, \u00e8 complessivamente di 4,1 milioni di euro rispetto ai 500mila euro del 2019. Un valore rilevante, che la societ\u00e0 reinveste puntualmente nel territorio con opere ed infrastrutture a beneficio di Comuni soci<\/p>\n<p>&nbsp;<\/p>\n<p>&nbsp;<\/p>\n<hr \/>\n<p>&nbsp;<\/p>\n<blockquote>\n<h3 align=\"left\">I DANNI SUL PONTE VALDA HANNO LE ORE CONTATE<\/h3>\n<\/blockquote>\n<blockquote><p><em>Il Comune di Alpago \u00e8 pronto ad accogliere i turisti che potranno visitare i\u00a0 luoghi in sicurezza.<\/em><\/p><\/blockquote>\n<p><b><a href=\"https:\/\/www.radiopiu.net\/wordpress\/i-danni-sul-ponte-valda-hanno-le-ore-contate\/whatsapp-image-2021-06-17-at-13-40-52\/\" rel=\"attachment wp-att-216807\"><img loading=\"lazy\" decoding=\"async\" class=\" wp-image-216807 alignleft\" src=\"https:\/\/www.radiopiu.net\/wordpress\/wp-content\/uploads\/2021\/06\/WhatsApp-Image-2021-06-17-at-13.40.52-300x225.jpeg\" alt=\"\" width=\"263\" height=\"197\" srcset=\"https:\/\/www.radiopiu.net\/wordpress\/wp-content\/uploads\/2021\/06\/WhatsApp-Image-2021-06-17-at-13.40.52-300x225.jpeg 300w, https:\/\/www.radiopiu.net\/wordpress\/wp-content\/uploads\/2021\/06\/WhatsApp-Image-2021-06-17-at-13.40.52-1024x768.jpeg 1024w, https:\/\/www.radiopiu.net\/wordpress\/wp-content\/uploads\/2021\/06\/WhatsApp-Image-2021-06-17-at-13.40.52-768x576.jpeg 768w, https:\/\/www.radiopiu.net\/wordpress\/wp-content\/uploads\/2021\/06\/WhatsApp-Image-2021-06-17-at-13.40.52-1536x1152.jpeg 1536w, https:\/\/www.radiopiu.net\/wordpress\/wp-content\/uploads\/2021\/06\/WhatsApp-Image-2021-06-17-at-13.40.52.jpeg 1600w\" sizes=\"auto, (max-width: 263px) 100vw, 263px\" \/><\/a>ALPAGO\u00a0 \u00a0<\/b>In corso\u00a0i lavori di sistemazione del tratto di ciclabile nella zona umida di Bastia che, dopo gli eventi alluvionali del dicembre 2020, era rimasto seriamente danneggiato, in particolare sulla spalla del ponte sul torrente Valda, interrompendo cos\u00ec per alcuni mesi il collegamento della ciclabile.<br \/>\nL&#8217;intervento segue di pochi giorni quello effettuato da Veneto Strade per la rimozione della frana che interessava il sentiero della zona di Poiatte e della sua messa in sicurezza, e consentir\u00e0 quindi il normale ripristino del transito su tutta la ciclovia che attraversa il Comune di Alpago. <em>&#8220;L&#8217;intervento che ammonta ad oltre 30.000 euro &#8211; afferma l&#8217;assessore Federico Costa- \u00e8 stato finanziato interamente dal Comune Alpago che ne ha curato sia la fase progettuale che di appalto dei lavori, grazie anche ad un attento coordinamento con gli altri Enti competenti- in particolare il Genio Civile- trattandosi di opera che insiste su un alveo demaniale. I lavori di ripristino vedranno la posa di massi e la sistemazione della passerella lignea e dovrebbero concludersi nell&#8217;arco di una settimana&#8221;. <\/em>L&#8217;opera da subito censita tra i lavori da compiere in seguito all&#8217;alluvione del 6.12.2020 \u00e8 di sicuro interesse strategico per l&#8217;intero tratto di ciclabile della Monaco- Venezia, ma nei mesi immediatamente successivi all&#8217;evento alluvionale si \u00e8 dato priorit\u00e0 ad interventi di somma urgenza che interessavano centri abitati, strade comunali e frane che creavano problemi di pubblica sicurezza. <em>&#8220;Ricordiamo che per affrontare la disastrosa situazione del nostro territorio dopo la notte del 6.12, il Comune Alpago ha effettuato interventi per 890.000 mila euro ingessando cos\u00ec il bilancio comunale su molti fronti. Ora per\u00f2 stiamo entrando nel vivo della stagione turistica &#8211; conclude il vicesindaco Vanessa De Francesch- ed \u00e8 diventato fondamentale intervenire anche su questo dissesto, in quanto la ciclovia insistente nell&#8217;oasi naturalistica \u00e8 un punto strategico sia per i pedoni che per i ciclisti&#8221;.<\/em><\/p>\n<div align=\"left\"><\/div>\n<div align=\"left\"><\/div>\n<div align=\"left\"><\/div>\n<div align=\"left\">\n<hr \/>\n<\/div>\n<div align=\"left\"><\/div>\n<blockquote>\n<h3 align=\"left\">DILLO A RADIO PIU&#8230;IL PROBLEMA DEGLI ALLEVATORI E&#8217; BEN ALTRO CHE IL LUPO E VANNO TUTELATI<\/h3>\n<\/blockquote>\n<div align=\"left\">\n<p><strong><a href=\"https:\/\/www.radiopiu.net\/wordpress\/per-legambiente-la-caccia-al-lupo-non-e-una-soluzione\/lupo-4\/\" rel=\"attachment wp-att-188785\"><img loading=\"lazy\" decoding=\"async\" class=\"size-medium wp-image-188785 alignleft\" src=\"https:\/\/www.radiopiu.net\/wordpress\/wp-content\/uploads\/2021\/02\/LUPO-300x206.jpg\" alt=\"\" width=\"300\" height=\"206\" srcset=\"https:\/\/www.radiopiu.net\/wordpress\/wp-content\/uploads\/2021\/02\/LUPO-300x206.jpg 300w, https:\/\/www.radiopiu.net\/wordpress\/wp-content\/uploads\/2021\/02\/LUPO.jpg 512w\" sizes=\"auto, (max-width: 300px) 100vw, 300px\" \/><\/a>di Cristiano Fant<\/strong><\/p>\n<p>Ancora delle predazioni da parte del lupo nella zona dell&#8217;Alpago o cos\u00ec almeno sembra, dato che senza l&#8217;esame del DNA rinvenuto sulle carcasse, certezze non se ne possono avere. L&#8217;evento \u00e8 ancora una volta a danno della famiglia Fullin che ha gi\u00e0 subito 15 predazioni solo nel 2020 , decisamente troppe per non giungere alla conclusione che qualcosa nel frattempo si sarebbe dovuto imparare in tema di detenzione in sicurezza degli animali da reddito. 50 pecore perse in un anno sono decisamente una strage di individui, soggetti per legge alla tutela del proprietario. Infatti il Decreto Legislativo 146\/2001, Attuazione della Direttiva 98\/58\/CE relativa alla protezione degli animali da reddito, recita all&#8217;Art. 2 <em>Obblighi dei proprietari, dei custodi dei detentori degli animali<\/em> &#8220;il proprietario o custode ovvero il detentore deve:\u00a0 a) adottare misure adeguate per garantire il benessere dei propri animali e affinch\u00e8 non vengano loro provocati dolore, sofferenza o lesioni inutili. Sicuramente si tratta di un lavoro non semplice, quello dell&#8217;allevatore ma che va portato avanti,\u00a0 come ogni altro con i dovuti metodi e mezzi. Le reti da sole, seppur elettrificate, non sempre bastano la cosa \u00e8 ormai risaputa in tutta Europa per cui sorprende che ancora qualcuno le usi senza nessun altro tipo di deterrente. Il connubio reti elettrificate (dell&#8217;altezza adeguata che varia a seconda delle pendenze e del tipo di terreno) e cani da guardiania (in numero adeguato, sempre superiore ad uno), funziona quasi sempre. La presenza umana, nei momenti pi\u00f9 delicati (spostamento degli armenti, nascita dei piccoli, ecc&#8230;) \u00e8 necessaria. Un lavoro non semplice, paradossalmente pi\u00f9 difficile oggi che un tempo visto che ci si \u00e8 scordati di vivere in un territorio di montagna nel quale il lupo, per fortuna, sta riprendendo gli spazi che l&#8217;uomo, compiendo stragi crudeli, gli aveva tolto. Mettendo da parte per un momento l&#8217;antropocentrismo che ci caratterizza, bisogna sottolineare come la presenza di un predatore in cima alla catena alimentare, una specie chiave per l&#8217;ecosistema, risulti fondamentale per ridare equilibrio ad un mondo che la nostra specie ha violentato e continua a violentare. Ovviamente ci sono delle criticit\u00e0, come in ogni interazione ma \u00e8 fondamentale comprendere che la presenza del lupo pu\u00f2 portare benifici per la provincia a livello turistico, ecologico, culturale ed economico. Cosa serve per una corretta convivenza con la specie lupo? Innanzitutto una corretta informazione e sinora la nostra provincia ha miseramente fallito in questo per tre motivi; il primo: non si \u00e8 fatto nulla per preparare gli addetti al settore, alla convivenza con il lupo tanto che, quando nel 2016 sono cominciate le predazioni di animali da reddito il fatto ha sorpreso tutti e dire che l&#8217;Ufficio Caccia e pesca della Provincia di Bolzano aveva avvisato nel 2012, il corrispondente Ufficio bellunese che il lupo Slavc, proveniente da Est e radiocollarato era passato per il nostro territorio, fermandosi qualche giorno e predando. Da li alle prime predazioni sono passati 4 anni; il secondo motivo del fallimento sta nel lavoro fatto dai mass media che spesso hanno &#8220;gettato benzina sul fuoco&#8221; con articoli allarmisti nei quali hanno dato ampio spazio al parere di privati cittadini, decisamente incapaci di valutare in modo professionale gli eventi a cui hanno assistito, anzich\u00e8 coinvolgere esperti in materia; il terzo motivo, la mancanza di una corretta formazione degli allevatori da parte delle associazioni di categoria e degli enti preposti (Provincia e Regione). Come si evince dalle testimonianze dei Fullin e di tanti altri allevatori, il lupo non \u00e8 ancora specie abbastanza conosciuta. Dire che &#8220;ogni anno aumentano sempre pi\u00f9&#8221; \u00e8 falso visto che il numero dei lupi presenti in un branco \u00e8 geneticamente controllato; areali piccoli come quelli presenti in provincia, non avranno mai un numero eccessivo di individui presenti nel branco. Anche pensare di abbattere i lupi in dispersione \u00e8 una pessima idea, in primis perch\u00e8 si istiga ad una attivit\u00e0 severamente vietata ma anche perch\u00e8 questo pu\u00f2 creare dinamiche nei branchi che gestiscono areali confinanti con le aree in questione, che potrebbero portare a danni maggiori. Ovviamente il lupo in dispersione (essendo solo) tende a predare animali da zootecnia in quanto pi\u00f9 semplici da uccidere ma questo da cosa dipende? Ovviamente dal fatto che non sono detenuti in sicurezza. Il Presidente di Confagricoltura Donazzolo \u00e8 convinto che la convivenza tra uomini e lupi non sia possibile; il mio invito \u00e8 che si rechi in alcune zone d&#8217;Italia, magari accompagnato da quei politici che il lupo non lo vogliono, pur senza conoscerlo, dove la convivenza non solo \u00e8 possibile ma porta, in termini economici, dei vantaggi per la nostra specie, grazie al turismo consapevole. In quanto presidente di Confagricoltura, lo invito inoltre a studiarsi i dati relativi ai danni compiuti dalla fauna selvatica, in particolare dai cinghiali, alle attivit\u00e0 agricole, danni di gran lunga maggiori in termini di bilancio che non quelli provocati dal lupo. In questo caso, l&#8217;apporto del predatore si \u00e8 gi\u00e0 dimostrato fondamentale per il calo dei suidi in alcuni territori italiani in quanto capace di fare quello che l&#8217;attivit\u00e0 venatoria, rea di aver importato suidi non autoctoni e decisamente distruttivi sul territorio italiano, non ha mai saputo fare, creando piuttosto un aumento della specie grazie ad una caccia scriteriata. Per chiudere, i problemi degli allevatori sono di ben altra caratura: costi troppo elevati degli alpeggi, crollo del valore della carne e del latte, mancanza di personale, abbandono dell&#8217;attivit\u00e0 per lavori meno faticosi e pi\u00f9 redditizi. La predazione del lupo si profila come l&#8217;ultimo anello di una catena decisamente logora. I vantaggi che la presenza del predatore porta al territorio (turismo, cultura, riequilibrio della biodiverist\u00e0, interesse, ecc&#8230;) sono indiscutibili e vanno considerati nella giusta proporzione. Il mio consiglio agli allevatori \u00e8 quello di pretendere di pi\u00f9 da una Provincia ed una Regione che non hanno sinora fatto abbastanza in termini di informazione, formazione e aiuti alla categoria. Gli allevatori vanno tutelati, i loro animali anche; il lupo non \u00e8 da meno.<\/p>\n<\/div>\n<h2 align=\"left\"><span style=\"color: #ff0000;\">IERI ALLA RADIO\u00a0<\/span><\/h2>\n<blockquote class=\"wp-embedded-content\" data-secret=\"tolqkUo5GX\"><p><a href=\"https:\/\/www.radiopiu.net\/wordpress\/tre-assalti-dei-lupi-in-alpago-sbranate-20-pecore\/\">TRE ASSALTI DEI LUPI IN ALPAGO, SBRANATE 20 PECORE<\/a><\/p><\/blockquote>\n<p><iframe loading=\"lazy\" class=\"wp-embedded-content\" sandbox=\"allow-scripts\" security=\"restricted\" style=\"position: absolute; clip: rect(1px, 1px, 1px, 1px);\" title=\"&#8220;TRE ASSALTI DEI LUPI IN ALPAGO, SBRANATE 20 PECORE&#8221; &#8212; Radio Pi\u00f9\" src=\"https:\/\/www.radiopiu.net\/wordpress\/tre-assalti-dei-lupi-in-alpago-sbranate-20-pecore\/embed\/#?secret=tolqkUo5GX\" data-secret=\"tolqkUo5GX\" width=\"600\" height=\"338\" frameborder=\"0\" marginwidth=\"0\" marginheight=\"0\" scrolling=\"no\"><\/iframe><\/p>\n<div align=\"left\"><\/div>\n<div align=\"left\">\n<hr \/>\n<\/div>\n<div align=\"left\"><\/div>\n<div align=\"left\">\n<blockquote>\n<h3>AMBITO TERRITORIALE DELLA MEDICINA DI FAMIGLIA DELLA \u201cDESTRA PIAVE\u201d<\/h3>\n<\/blockquote>\n<p><strong><a href=\"https:\/\/www.radiopiu.net\/wordpress\/giornale-radiopiu-19-giugno-2021-direttore-mirko-mezzacasa\/medico\/\" rel=\"attachment wp-att-216887\"><img loading=\"lazy\" decoding=\"async\" class=\"size-medium wp-image-216887 alignleft\" src=\"https:\/\/www.radiopiu.net\/wordpress\/wp-content\/uploads\/2021\/06\/MEDICO-300x225.jpg\" alt=\"\" width=\"300\" height=\"225\" srcset=\"https:\/\/www.radiopiu.net\/wordpress\/wp-content\/uploads\/2021\/06\/MEDICO-300x225.jpg 300w, https:\/\/www.radiopiu.net\/wordpress\/wp-content\/uploads\/2021\/06\/MEDICO-1024x768.jpg 1024w, https:\/\/www.radiopiu.net\/wordpress\/wp-content\/uploads\/2021\/06\/MEDICO-768x576.jpg 768w, https:\/\/www.radiopiu.net\/wordpress\/wp-content\/uploads\/2021\/06\/MEDICO-1536x1152.jpg 1536w, https:\/\/www.radiopiu.net\/wordpress\/wp-content\/uploads\/2021\/06\/MEDICO.jpg 1920w\" sizes=\"auto, (max-width: 300px) 100vw, 300px\" \/><\/a>BELLUNO <\/strong>La carenza di medici \u00e8 particolarmente significativa anche per i medici di famiglia e questa situazione si \u00e8 creata anche nell\u2019area della \u201cDestra Piave\u201d. Dopo un incontro tra la Direzione Aziendale con i Sindaci di Santa Giustina, San Gregorio nelle Alpi e Cesiomaggiore, e i Medici dell\u2019ambito territoriale \u00e8 stata trovata la soluzione, al fine di garantire i servizi gi\u00e0 esistenti nell\u2019area e quindi la continuit\u00e0 di cure agli assistiti. Dal 1\u00b0 luglio 2021 cesser\u00e0 la dr.ssa Bianchi, medico di medicina generale, che sar\u00e0 sostituita dalla dr.ssa Anna Caldart. Dal 1\u00b0 agosto 2021 cesser\u00e0 anche il dr Pegoraro: sono in corso le procedure per il conferimento di apposito incarico provvisorio ad un giovane medico. Gli assistiti della dr.ssa Bianchi saranno assegnati d\u2019ufficio alla dr.ssa Caldart; non sar\u00e0 pertanto necessario che gli stessi si rechino presso gli sportelli anagrafe di questa ULSS per effettuare la scelta del nuovo medico. Anche gli assistiti del dr Pegoraro, prima della sua cessazione, riceveranno una analoga comunicazione. La Direzione ha apprezzato la disponibilit\u00e0 e la collaborazione dimostrata dai Medici di Medicina Generale e l\u2019impegno dei Sindaci, per mantenere un servizio vicino ai cittadini. Per eventuali informazioni contattare il Distretto di Feltre al numero 0439 883680.<\/p>\n<p>&nbsp;<\/p>\n<p>&nbsp;<\/p>\n<hr \/>\n<p>&nbsp;<\/p>\n<\/div>\n<div align=\"left\">\n<blockquote>\n<h3>TAMPONI PER ACCESSO ANCHE ALLE STRUTTURE OSPEDALIERE OLTRE CHE RESIDENZIALI DEL TERRITORIO<\/h3>\n<\/blockquote>\n<p><strong><a href=\"https:\/\/www.radiopiu.net\/wordpress\/covid-19-aumentata-la-capacita-giornaliera-di-analizzare-tamponi\/tamponi-covid\/\" rel=\"attachment wp-att-123875\"><img loading=\"lazy\" decoding=\"async\" class=\"size-medium wp-image-123875 alignleft\" src=\"https:\/\/www.radiopiu.net\/wordpress\/wp-content\/uploads\/2020\/03\/TAMPONI-COVID-300x200.jpg\" alt=\"\" width=\"300\" height=\"200\" srcset=\"https:\/\/www.radiopiu.net\/wordpress\/wp-content\/uploads\/2020\/03\/TAMPONI-COVID-300x200.jpg 300w, https:\/\/www.radiopiu.net\/wordpress\/wp-content\/uploads\/2020\/03\/TAMPONI-COVID-1024x684.jpg 1024w, https:\/\/www.radiopiu.net\/wordpress\/wp-content\/uploads\/2020\/03\/TAMPONI-COVID-768x513.jpg 768w, https:\/\/www.radiopiu.net\/wordpress\/wp-content\/uploads\/2020\/03\/TAMPONI-COVID.jpg 1102w\" sizes=\"auto, (max-width: 300px) 100vw, 300px\" \/><\/a>BELLUNO <\/strong>I tamponi vengono eseguiti gratuitamente nei seguenti covid poitn e orari: <strong>Drive-in Paludi <\/strong>dal luned\u00ec al sabato (festivi esclusi), dalle 8.30 alle 12.30; <strong>Drive-in Feltre \u2013 loc. Anz\u00f9 <\/strong>dal luned\u00ec al sabato (festivi esclusi), dalle 8.30 alle 12.30; <strong>Drive-in Tai di Cadore <\/strong>marted\u00ec, gioved\u00ec e sabato (festivi esclusi), dalle 15.00 alle 17.00; <strong>Drive-in Agordo <\/strong>luned\u00ec, mercoled\u00ec e venerd\u00ec (festivi esclusi), dalle 16.00 alle 17.00; <strong>Drive in Belluno (area ospedale San Martino \u2013 vicino ad asilo aziendale) <\/strong>domenica e festivi, dalle 8.30 alle 10.30.<\/p>\n<\/div>\n<div align=\"left\"><\/div>\n<p>&nbsp;<\/p>\n<p>&nbsp;<\/p>\n<p>&nbsp;<\/p>\n<hr \/>\n<p>&nbsp;<\/p>\n<blockquote>\n<h3>TEST ANTIGIENICI NELLE FARMACIE A BELLUNO,CORTINA, FELTRE, ALPAGO, VALBELLUNA E CADORE<\/h3>\n<\/blockquote>\n<p><a href=\"https:\/\/www.radiopiu.net\/wordpress\/azienda-agordo-servizi-farmacia-e-asilo-nido-bilancio-in-positivo\/farmacia-2\/\" rel=\"attachment wp-att-84142\"><img loading=\"lazy\" decoding=\"async\" class=\"size-full wp-image-84142 alignleft\" src=\"https:\/\/www.radiopiu.net\/wordpress\/wp-content\/uploads\/2019\/04\/FARMACIA.jpg\" alt=\"\" width=\"295\" height=\"171\" \/><\/a>BELLUNO Con l\u2019avvio della stagione turistica ecco le Farmacie che ad oggi hanno aderito al Protocollo di Intesa per l&#8217;esecuzione del test antigenico rapido: <strong>BELLUNO<\/strong>\u00a0FARMACIE CHIMENTI e FARMACIA VENEGGIA <strong>CORTINA<\/strong><u> \u00a0<\/u>FARMACIA SAN GIORGIO e\u00a0 FARMACIA INTERNAZIONALE\u00a0 <strong>FELTRE<\/strong> FARMACIA COMUNALE e\u00a0 FARMACIA MINCIOTTI <strong>ALPAGO<\/strong><u> <\/u>FARMACIA PHARMA FUTURE <strong>LIMANA <\/strong>FARMACIA SMERIERI <strong>TRICHIANA<\/strong> DOLOMITI sas <strong>SEDICO<\/strong>\u00a0 FARMACIA DR. ARRIGONI DOMINGO <strong>SEREN DEL GRAPPA <\/strong>FARMACIA MAZZOCCATO DR.SSA GIULIA <strong>BORGO VALBELLUNA <\/strong>FARMACIA AL CASTELLO <strong>VALLE DI CADORE <\/strong>FARMACIA SORAVIA <strong>AURONZO<\/strong> ENTE COOP. DI MUTUO SOCCORSO <strong>LOZZO DI CADORE<\/strong> DOLOMITI. L\u2019iniziativa \u00e8 rivolta ai cittadini che, a titolo totalmente volontario, intendono sottoporsi all\u2019effettuazione del test antigenico rapido, senza necessit\u00e0 di presentare ricetta medica e a proprio carico. Il costo della prestazione non pu\u00f2 superare l\u2019importo di\u00a0 22\u00a0 euro.Rimangono invariate le modalit\u00e0 di esecuzione dei tamponi presso i siti individuati dalla ULSS 1 Dolomiti, su prescrizione del Medico di Medicina Generale o Pediatra di Libera Scelta o su invito del Dipartimento di Prevenzione dell\u2019ULSS. Dal 7 giugno le farmacie territoriali effettuano tamponi anche a favore di cittadini italiani non assistiti in Veneto e di cittadini stranieri. Le farmacie, effettuato il tampone antigenico, rilasciano il relativo certificato.<\/p>\n<p>&nbsp;<\/p>\n<p>&nbsp;<\/p>\n<hr \/>\n<p>&nbsp;<\/p>\n<blockquote>\n<h3>IL LAGO IN VALPAROLA E&#8217; AGORDINO&#8230; SIA CHIARO<\/h3>\n<\/blockquote>\n<p><strong>LIVINALLONGO<\/strong>\u00a0 Sia chiaro, il\u00a0 Lago di Valparola \u00e8 un piccolo ma suggestivo specchio d\u2019acqua situato sulla sommit\u00e0 del Passo Valparola nel territorio comunale di Livinallongo del Col di Lana in Alto Agordino, Provincia di Belluno, Regione Veneto.\u00a0 Tutt&#8217;altro. sulla pagina<span style=\"color: #ff0000;\"> MERIDIANI MONTAGNE<\/span> leggiamo accanto alla significativa foto:\u00a0 <strong>Sapete in quale anno per la prima volta la Val Badia fu toccata dal Giro d&#8217;Italia? Era il lontano 1949. Il 2 giugno Corvara vide transitare in prima posizione Fausto Coppi, lanciatissimo verso il successo di tappa. L&#8217;anno successivo la scena si ripet\u00e9 con Gino Bartali. Due nomi che contribuirono a trasformare la Val Badia in una meta da sogno per i tanti ciclisti desiderosi di ripercorrere le strade dei <a href=\"https:\/\/www.radiopiu.net\/wordpress\/il-lago-in-valparola-e-agordino-sia-chiaro\/201537051_10159619259231204_7512475292731924532_n\/\" rel=\"attachment wp-att-216785\"><img loading=\"lazy\" decoding=\"async\" class=\"size-medium wp-image-216785 alignleft\" src=\"https:\/\/www.radiopiu.net\/wordpress\/wp-content\/uploads\/2021\/06\/201537051_10159619259231204_7512475292731924532_n-300x200.jpg\" alt=\"\" width=\"300\" height=\"200\" srcset=\"https:\/\/www.radiopiu.net\/wordpress\/wp-content\/uploads\/2021\/06\/201537051_10159619259231204_7512475292731924532_n-300x200.jpg 300w, https:\/\/www.radiopiu.net\/wordpress\/wp-content\/uploads\/2021\/06\/201537051_10159619259231204_7512475292731924532_n-1024x683.jpg 1024w, https:\/\/www.radiopiu.net\/wordpress\/wp-content\/uploads\/2021\/06\/201537051_10159619259231204_7512475292731924532_n-768x512.jpg 768w, https:\/\/www.radiopiu.net\/wordpress\/wp-content\/uploads\/2021\/06\/201537051_10159619259231204_7512475292731924532_n.jpg 1440w\" sizes=\"auto, (max-width: 300px) 100vw, 300px\" \/><\/a>grandi campioni. Oggi sono tanti i circuiti su cui divertirsi pedalando. Il pi\u00f9 celebre \u00e8 la Sellaronda che vede scavalcare in una cinquantina di chilometri quattro passi (Gardena, Sella, Pordoi e Campolongo) Altro percorso interessante \u00e8 il Giro del Fodom, che prevede l\u2019ascesa dei passi Campolongo, Falzarego e Valparola<\/strong><\/p>\n<p>Alta Badia\/Alex Moling<\/p>\n<p><strong>il commento di Luca<\/strong><em> &#8220;Comprensibile che ne capiate pi\u00f9 di meridiani che di paralleli&#8230; ad ogni modo quello ripreso in foto \u00e8 il Lago di Valparola un piccolo specchio d\u2019acqua situato sulla sommit\u00e0 dell&#8217;omonimo passo nel territorio comunale di Livinallongo del Col di Lana in Alto Agordino, Provincia di Belluno, Regione Veneto. Ma poi scusate circuiti dove? mica siamo a Misano o al Mugello, questa \u00e8 la viabilit\u00e0 ordinaria che collega, Agordino, Cadore, val di Fassa e (quella da voi tanto amata) Val Badia. Semmai alcune giornate l&#8217;anno \u00e8 interdetto il traffico veicolare per consentire l&#8217;accesso ai soli ciclisti. Sono manifestazioni molto sentite e partecipate che per ragioni di sicurezza prevedono un senso di marcia consigliato; guarda caso contrario da quello da voi illustrato in foto&#8221;.<\/em><\/p>\n<p>&nbsp;<\/p>\n<hr \/>\n<p>&nbsp;<\/p>\n<blockquote>\n<h2>NUOVO SPAZIO ESPOSITIVO ALLA GALLERIA &#8220;OFFICINA RIZZARDA&#8221;<\/h2>\n<\/blockquote>\n<blockquote>\n<h3 align=\"JUSTIFY\">Presentazione ufficiale \u00a0gioved\u00ec 24 giugno alle 20.45<\/h3>\n<\/blockquote>\n<p><strong><a href=\"https:\/\/www.radiopiu.net\/wordpress\/nuovo-spazio-espositivo-alla-galleria-officina-rizzarda\/allestiomento-officina-rizzarda-1\/\" rel=\"attachment wp-att-216856\"><img loading=\"lazy\" decoding=\"async\" class=\"size-medium wp-image-216856 alignleft\" src=\"https:\/\/www.radiopiu.net\/wordpress\/wp-content\/uploads\/2021\/06\/Allestiomento-Officina-Rizzarda-1-300x169.jpg\" alt=\"\" width=\"300\" height=\"169\" srcset=\"https:\/\/www.radiopiu.net\/wordpress\/wp-content\/uploads\/2021\/06\/Allestiomento-Officina-Rizzarda-1-300x169.jpg 300w, https:\/\/www.radiopiu.net\/wordpress\/wp-content\/uploads\/2021\/06\/Allestiomento-Officina-Rizzarda-1-1024x576.jpg 1024w, https:\/\/www.radiopiu.net\/wordpress\/wp-content\/uploads\/2021\/06\/Allestiomento-Officina-Rizzarda-1-768x432.jpg 768w, https:\/\/www.radiopiu.net\/wordpress\/wp-content\/uploads\/2021\/06\/Allestiomento-Officina-Rizzarda-1-1536x864.jpg 1536w, https:\/\/www.radiopiu.net\/wordpress\/wp-content\/uploads\/2021\/06\/Allestiomento-Officina-Rizzarda-1.jpg 2048w\" sizes=\"auto, (max-width: 300px) 100vw, 300px\" \/><\/a>FELTRE\u00a0<\/strong> Nella \u201cOfficina Rizzarda\u201d dai prossimi giorni\u00a0 trover\u00e0 posto al piano terra la Galleria d&#8217;Arte Moderna. Un nome, quello scelto per il nuovo spazio espositivo, non casuale. Quando, negli ultimi anni della sua vita, Carlo Rizzarda acquist\u00f2 il Palazzo ora sede dell&#8217;omonima Galleria, intendeva infatti ricreare nell&#8217;attuale Sala Guarnieri dell&#8217;edificio la propria officina. E cos\u00ec quello spazio diventer\u00e0 a tutti gli effetti uno showroom per le arti decorative contemporanee grazie ai lavori, tutti ispirati alle opere conservate nel museo, di alcuni tra i pi\u00f9 capaci artigiani feltrini.In questa prima fase del progetto sono stati coinvolti quattro artigiani e designer feltrini nella produzione di alcuni manufatti in tiratura limitata o esemplari unici che potranno essere acquistati all\u2019interno della Galleria Rizzarda. Dai prossimi giorni verranno proposti al pubblico alcuni prodotti artigianali di assoluta qualit\u00e0 afferenti, in particolare, a due settori dell\u2019artigianato artistico: 14 gioielli realizzati in ferro, argento, oro e vetro a lume, frutto delle creazioni di Sergio Innocente e Silvia De Cet, e 5 tipologie di abiti con decori di carattere rizzardiano, realizzati con l\u2019antica tecnica della stampa con la ruggine, proposti da Sandra Dal Pont e Alberto Fiocco. <em>\u201cCon \u201cOfficina Rizzarda\u201d prende avvio un progetto innovativo per la nostra citt\u00e0, ma che intende mettere in atto una sinergia gi\u00e0 sperimentata con grande successo presso importanti strutture espositive italiane ed internazionali\u201d, sottolinea l&#8217;assessore alla Cultura del Comune di Feltre Alessandro Del Bianco. \u201cQuesto progetto, che collega la cultura alla produzione, rappresenta a tutti gli effetti un valore aggiunto per lo sviluppo turistico del territorio; in questo modo il visitatore potr\u00e0 \u201cprolungare\u201d la propria esperienza culturale e museale portando con s\u00e9 un oggetto che identifichi e rappresenti la citt\u00e0. Nei prossimi mesi intendiamo ampliare aprendolo anche ad altri artigiani e allargando i riferimenti museali anche grazie all&#8217;apertura della nuova sezione archeologica\u201d.\u00a0<\/em><\/p>\n<p>&nbsp;<\/p>\n<hr \/>\n<p>&nbsp;<\/p>\n<blockquote>\n<h3>RICHIESTA DANNI SUBITI DOPO IL MALTEMPO DELLO SCORSO DICEMBRE<\/h3>\n<\/blockquote>\n<p><strong>FELTRE<\/strong> I privati cittadini residenti nel Comune di Feltre che hanno subito danni a beni mobili registrati (quali ad esempio: auto, moto, mezzi di lavoro, altri mezzi di trasporto privati&#8230; ) durante l&#8217;evento meteo del 4-6 dicembre 2020, possono effettuare richiesta di contributo regionale finalizzato al ristoro dei danni stessi, fatto salvo il pieno rispetto dei requisiti e delle modalita\u0300 indicate.<\/p>\n<p><strong>PER LEGGERE L&#8217;AVVISO DEL COMUNE DI FELTRE <a href=\"https:\/\/www.radiopiu.net\/wordpress\/wp-content\/uploads\/2021\/06\/Avviso-pubblico-ristoro-beni-mobili-evento-dic-2020.pdf\">CLICCA QUI<\/a><\/strong><\/p>\n<p>&nbsp;<\/p>\n<p>&nbsp;<\/p>\n<hr \/>\n<p>&nbsp;<\/p>\n<p>I MERCATINI A CAVIOLA E LA SAGRA DI SAN GIOVANNI A CANALE<\/p>\n<p><strong><a href=\"https:\/\/www.radiopiu.net\/wordpress\/giornale-radiopiu-02-aprile-2021-direttore-mirko-mezzacasa\/6db80eb8-d49d-421d-9599-beba92ea41dc\/\" rel=\"attachment wp-att-200811\"><img loading=\"lazy\" decoding=\"async\" class=\"size-medium wp-image-200811 alignleft\" src=\"https:\/\/www.radiopiu.net\/wordpress\/wp-content\/uploads\/2021\/04\/6db80eb8-d49d-421d-9599-beba92ea41dc-300x168.jpg\" alt=\"\" width=\"300\" height=\"168\" srcset=\"https:\/\/www.radiopiu.net\/wordpress\/wp-content\/uploads\/2021\/04\/6db80eb8-d49d-421d-9599-beba92ea41dc-300x168.jpg 300w, https:\/\/www.radiopiu.net\/wordpress\/wp-content\/uploads\/2021\/04\/6db80eb8-d49d-421d-9599-beba92ea41dc-1024x575.jpg 1024w, https:\/\/www.radiopiu.net\/wordpress\/wp-content\/uploads\/2021\/04\/6db80eb8-d49d-421d-9599-beba92ea41dc-768x431.jpg 768w, https:\/\/www.radiopiu.net\/wordpress\/wp-content\/uploads\/2021\/04\/6db80eb8-d49d-421d-9599-beba92ea41dc-1536x862.jpg 1536w, https:\/\/www.radiopiu.net\/wordpress\/wp-content\/uploads\/2021\/04\/6db80eb8-d49d-421d-9599-beba92ea41dc.jpg 1600w\" sizes=\"auto, (max-width: 300px) 100vw, 300px\" \/><\/a>FALCADE \/ CANALE D&#8217;AGORDO<\/strong><\/p>\n<p>di Gianni Santomaso<\/p>\n<audio class=\"wp-audio-shortcode\" id=\"audio-216693-12\" preload=\"none\" style=\"width: 100%;\" controls=\"controls\"><source type=\"audio\/mpeg\" src=\"https:\/\/www.radiopiu.net\/wordpress\/wp-content\/uploads\/2021\/06\/GIANNI-MERCATINI-CAVIOLA-SAN-GIOVANNI-CANALE.mp3?_=12\" \/><a href=\"https:\/\/www.radiopiu.net\/wordpress\/wp-content\/uploads\/2021\/06\/GIANNI-MERCATINI-CAVIOLA-SAN-GIOVANNI-CANALE.mp3\">https:\/\/www.radiopiu.net\/wordpress\/wp-content\/uploads\/2021\/06\/GIANNI-MERCATINI-CAVIOLA-SAN-GIOVANNI-CANALE.mp3<\/a><\/audio>\n<p>&nbsp;<\/p>\n<hr \/>\n<p>&nbsp;<\/p>\n<blockquote>\n<h3>GIOVEDI&#8217; IL CONSIGLIO COMUNALE A FALCADE<\/h3>\n<\/blockquote>\n<p><strong><a href=\"https:\/\/www.radiopiu.net\/wordpress\/consiglio-comunale-di-falcade-registrazione-integrale-durata-1h33m\/falcade-1\/\" rel=\"attachment wp-att-163186\"><img loading=\"lazy\" decoding=\"async\" class=\"size-medium wp-image-163186 alignleft\" src=\"https:\/\/www.radiopiu.net\/wordpress\/wp-content\/uploads\/2020\/09\/FALCADE-1-300x225.jpg\" alt=\"\" width=\"300\" height=\"225\" srcset=\"https:\/\/www.radiopiu.net\/wordpress\/wp-content\/uploads\/2020\/09\/FALCADE-1-300x225.jpg 300w, https:\/\/www.radiopiu.net\/wordpress\/wp-content\/uploads\/2020\/09\/FALCADE-1-768x576.jpg 768w, https:\/\/www.radiopiu.net\/wordpress\/wp-content\/uploads\/2020\/09\/FALCADE-1-640x480.jpg 640w, https:\/\/www.radiopiu.net\/wordpress\/wp-content\/uploads\/2020\/09\/FALCADE-1.jpg 960w\" sizes=\"auto, (max-width: 300px) 100vw, 300px\" \/><\/a>FALCADE<\/strong><\/p>\n<p>di Gianni Santomaso<\/p>\n<audio class=\"wp-audio-shortcode\" id=\"audio-216693-13\" preload=\"none\" style=\"width: 100%;\" controls=\"controls\"><source type=\"audio\/mpeg\" src=\"https:\/\/www.radiopiu.net\/wordpress\/wp-content\/uploads\/2021\/06\/GIANNI-CONSIGLIO-FALCADE.mp3?_=13\" \/><a href=\"https:\/\/www.radiopiu.net\/wordpress\/wp-content\/uploads\/2021\/06\/GIANNI-CONSIGLIO-FALCADE.mp3\">https:\/\/www.radiopiu.net\/wordpress\/wp-content\/uploads\/2021\/06\/GIANNI-CONSIGLIO-FALCADE.mp3<\/a><\/audio>\n<p>&nbsp;<\/p>\n<hr \/>\n<p>&nbsp;<\/p>\n<blockquote>\n<h3><a href=\"https:\/\/www.radiopiu.net\/wordpress\/quando-il-centro-estivo-fa-il-pieno\/whatsapp-image-2020-08-04-at-17-23-46\/\" rel=\"attachment wp-att-216713\"><img loading=\"lazy\" decoding=\"async\" class=\"wp-image-216713 alignleft\" src=\"https:\/\/www.radiopiu.net\/wordpress\/wp-content\/uploads\/2021\/06\/WhatsApp-Image-2020-08-04-at-17.23.46-300x225.jpeg\" alt=\"\" width=\"137\" height=\"103\" srcset=\"https:\/\/www.radiopiu.net\/wordpress\/wp-content\/uploads\/2021\/06\/WhatsApp-Image-2020-08-04-at-17.23.46-300x225.jpeg 300w, https:\/\/www.radiopiu.net\/wordpress\/wp-content\/uploads\/2021\/06\/WhatsApp-Image-2020-08-04-at-17.23.46-1024x768.jpeg 1024w, https:\/\/www.radiopiu.net\/wordpress\/wp-content\/uploads\/2021\/06\/WhatsApp-Image-2020-08-04-at-17.23.46-768x576.jpeg 768w, https:\/\/www.radiopiu.net\/wordpress\/wp-content\/uploads\/2021\/06\/WhatsApp-Image-2020-08-04-at-17.23.46-1536x1152.jpeg 1536w, https:\/\/www.radiopiu.net\/wordpress\/wp-content\/uploads\/2021\/06\/WhatsApp-Image-2020-08-04-at-17.23.46.jpeg 1600w\" sizes=\"auto, (max-width: 137px) 100vw, 137px\" \/><\/a>LE ATTIVITA&#8217; DI VOLONTARIATO DI SCUOLE IN RETE<\/h3>\n<\/blockquote>\n<p><strong>BELLUNO<\/strong> Dal primo luglio ritornano le tradizionali attivit\u00e0 di volontariato informatico delle Scuole in Rete, tramite le quali gli studenti e i volontari dell&#8217;Associazione Amici delle Scuole in Rete tenteranno di limitare il gap generazionale e sostenere adulti, anziani e associazioni nell&#8217;acquisizione delle competenze digitali per l&#8217;uso dello smartphone o del computer, ma anche di recuperare e ringiovanire\u00a0 vecchi pc dismessi dalle aziende a beneficio di famiglie e associazioni.\u00a0 Le iscrizioni online sul sito www.studentibelluno.it, oppure presso lo sportello del cittadino di Belluno<\/p>\n<p>&nbsp;<\/p>\n<hr \/>\n<blockquote>\n<h3><\/h3>\n<blockquote>\n<h3>QUANDO IL CENTRO ESTIVO FA IL PIENO<\/h3>\n<\/blockquote>\n<p><strong><a href=\"https:\/\/www.radiopiu.net\/wordpress\/giornale-radiopiu-18-giugno-2021-direttore-mirko-mezzacasa\/sign-741813__340\/\" rel=\"attachment wp-att-216706\"><img loading=\"lazy\" decoding=\"async\" class=\"wp-image-216706 alignleft\" src=\"https:\/\/www.radiopiu.net\/wordpress\/wp-content\/uploads\/2021\/06\/sign-741813__340-300x200.jpg\" alt=\"\" width=\"155\" height=\"103\" srcset=\"https:\/\/www.radiopiu.net\/wordpress\/wp-content\/uploads\/2021\/06\/sign-741813__340-300x200.jpg 300w, https:\/\/www.radiopiu.net\/wordpress\/wp-content\/uploads\/2021\/06\/sign-741813__340.jpg 510w\" sizes=\"auto, (max-width: 155px) 100vw, 155px\" \/><\/a>SEDICO\u00a0<\/strong><\/p>\n<p><strong>DI DAMIANO TORMEN\u00a0<\/strong><\/p>\n<audio class=\"wp-audio-shortcode\" id=\"audio-216693-14\" preload=\"none\" style=\"width: 100%;\" controls=\"controls\"><source type=\"audio\/mpeg\" src=\"https:\/\/www.radiopiu.net\/wordpress\/wp-content\/uploads\/2021\/06\/DAMIANO-1.mp3?_=14\" \/><a href=\"https:\/\/www.radiopiu.net\/wordpress\/wp-content\/uploads\/2021\/06\/DAMIANO-1.mp3\">https:\/\/www.radiopiu.net\/wordpress\/wp-content\/uploads\/2021\/06\/DAMIANO-1.mp3<\/a><\/audio>\n<p>&nbsp;<\/p>\n<p>&nbsp;<\/p><\/blockquote>\n<hr \/>\n<blockquote>\n<h3><\/h3>\n<h3>DA LUNEDI 13 SETTEMBRE IL NUOVO ANNO SCOLASTICO<\/h3>\n<\/blockquote>\n<p><img loading=\"lazy\" decoding=\"async\" class=\"alignleft\" src=\"https:\/\/www.radiopiu.net\/wordpress\/wp-content\/uploads\/2020\/09\/scuola-primaria-agordo-2.jpg\" width=\"122\" height=\"92\" \/><strong>VENEZIA<\/strong> Le scuole primarie e secondarie di primo grado inizieranno luned\u00ec 13 settembre 2021, concludendo le lezioni mercoled\u00ec 8 giugno 2022, mentre le scuole secondarie di secondo grado inizieranno la frequenza gioved\u00ec 16 settembre 2021 per concluderla venerd\u00ec 10 giugno 2022. Vacanze natalizie da venerd\u00ec 24 dicembre 2021 a sabato 8 gennaio 2022.\u00a0 Vacanze pasquali dal 14 al 19 aprile 2022. Per il carnevale scuole chiuse\u00a0 dal 28 febbraio al 2 marzo<\/p>\n<p>&nbsp;<\/p>\n<p>&nbsp;<\/p>\n<hr \/>\n<p>&nbsp;<\/p>\n<p>&nbsp;<\/p>\n<h2><strong><a href=\"https:\/\/www.radiopiu.net\/wordpress\/riapre-al-pubblico-il-castello-di-andraz\/castello_di_andraz1\/\" rel=\"attachment wp-att-216599\"><img loading=\"lazy\" decoding=\"async\" class=\" wp-image-216599 alignleft\" src=\"https:\/\/www.radiopiu.net\/wordpress\/wp-content\/uploads\/2021\/06\/Castello_di_Andraz1-225x300.jpg\" alt=\"\" width=\"125\" height=\"167\" srcset=\"https:\/\/www.radiopiu.net\/wordpress\/wp-content\/uploads\/2021\/06\/Castello_di_Andraz1-225x300.jpg 225w, https:\/\/www.radiopiu.net\/wordpress\/wp-content\/uploads\/2021\/06\/Castello_di_Andraz1-768x1024.jpg 768w, https:\/\/www.radiopiu.net\/wordpress\/wp-content\/uploads\/2021\/06\/Castello_di_Andraz1.jpg 960w\" sizes=\"auto, (max-width: 125px) 100vw, 125px\" \/><\/a><\/strong><span style=\"color: #666699;\">RIAPRE AL PUBBLICO IL CASTELLO DI ANDRAZ<\/span><\/h2>\n<p><strong>di Claudio Fontanive<\/strong><\/p>\n<p>OSPITE: Denny Dorigo ed Eleonora De Mattia<\/p>\n<audio class=\"wp-audio-shortcode\" id=\"audio-216693-15\" preload=\"none\" style=\"width: 100%;\" controls=\"controls\"><source type=\"audio\/mpeg\" src=\"https:\/\/www.radiopiu.net\/wordpress\/wp-content\/uploads\/2021\/06\/DENNI-ANDRAZ.mp3?_=15\" \/><a href=\"https:\/\/www.radiopiu.net\/wordpress\/wp-content\/uploads\/2021\/06\/DENNI-ANDRAZ.mp3\">https:\/\/www.radiopiu.net\/wordpress\/wp-content\/uploads\/2021\/06\/DENNI-ANDRAZ.mp3<\/a><\/audio>\n<p>&nbsp;<\/p>\n<p>&nbsp;<\/p>\n<p>&nbsp;<\/p>\n<p>&nbsp;<\/p>\n<hr \/>\n<h3><strong><a href=\"https:\/\/www.radiopiu.net\/wordpress\/al-via-le-prenotazioni-per-il-concerto-la-mia-terra-con-roby-facchinetti\/6d2f3eca-51eb-475d-a53d-f8cc7852afd5\/\" rel=\"attachment wp-att-216089\"><img loading=\"lazy\" decoding=\"async\" class=\" wp-image-216089 alignleft\" src=\"https:\/\/www.radiopiu.net\/wordpress\/wp-content\/uploads\/2021\/06\/6d2f3eca-51eb-475d-a53d-f8cc7852afd5-300x300.jpg\" alt=\"\" width=\"169\" height=\"169\" srcset=\"https:\/\/www.radiopiu.net\/wordpress\/wp-content\/uploads\/2021\/06\/6d2f3eca-51eb-475d-a53d-f8cc7852afd5-300x300.jpg 300w, https:\/\/www.radiopiu.net\/wordpress\/wp-content\/uploads\/2021\/06\/6d2f3eca-51eb-475d-a53d-f8cc7852afd5-150x150.jpg 150w, https:\/\/www.radiopiu.net\/wordpress\/wp-content\/uploads\/2021\/06\/6d2f3eca-51eb-475d-a53d-f8cc7852afd5-768x768.jpg 768w, https:\/\/www.radiopiu.net\/wordpress\/wp-content\/uploads\/2021\/06\/6d2f3eca-51eb-475d-a53d-f8cc7852afd5.jpg 1024w\" sizes=\"auto, (max-width: 169px) 100vw, 169px\" \/><\/a><\/strong>AL VIA LE PRENOTAZIONI PER IL CONCERTO &#8220;LA MIA TERRA&#8221; CON ROBY FACCHINETTI<\/h3>\n<p><em>Regione Veneto, Provincia di Belluno, Comune di Falcade, Pro Loco Falcade Caviola, PromoFalcade Dolomiti e Ski Area San Pellegrino.<\/em><\/p>\n<p><strong>FALCADE <\/strong>\u00a0Diretti dal Maestro Diego Basso un centinaio di artisti tra musicisti e coristi dell\u2019Orchestra Ritmico Sinfonica Italiana e Le Voci di Art Voice Academy.\u00a0 L\u2019accesso all\u2019area del concerto e\u0300 raggiungibile solo su prenotazione, tramite il sito: <a href=\"https:\/\/www.falcadedolomiti.it\/falcade-e-il-concerto-la-mia-terra\/\">https:\/\/www.falcadedolomiti.it\/falcade-e-il-concerto-la-mia-terra\/\u00a0<\/a><\/p>\n<p>&nbsp;<\/p>\n<p>&nbsp;<\/p>\n<hr \/>\n<p>&nbsp;<\/p>\n<blockquote>\n<h3>DILLO A RADIO PIU&#8217;&#8230;LE PIANTUMAZIONI AL LAGHETTO DELLE PESCHIERE<\/h3>\n<\/blockquote>\n<p><a href=\"https:\/\/www.radiopiu.net\/wordpress\/linaugurazione-della-piantumazione-alle-peschiere-silvia-tormen-con-vaia-le-cose-preziose-non-le-abbiamo-perse-si-possono-ricostruire\/dav-253\/\" rel=\"attachment wp-att-216547\"><img loading=\"lazy\" decoding=\"async\" class=\"alignleft wp-image-216547 size-medium\" src=\"https:\/\/www.radiopiu.net\/wordpress\/wp-content\/uploads\/2021\/06\/IMG_20210617_113511-300x150.jpg\" alt=\"\" width=\"300\" height=\"150\" srcset=\"https:\/\/www.radiopiu.net\/wordpress\/wp-content\/uploads\/2021\/06\/IMG_20210617_113511-300x150.jpg 300w, https:\/\/www.radiopiu.net\/wordpress\/wp-content\/uploads\/2021\/06\/IMG_20210617_113511-1024x512.jpg 1024w, https:\/\/www.radiopiu.net\/wordpress\/wp-content\/uploads\/2021\/06\/IMG_20210617_113511-768x384.jpg 768w, https:\/\/www.radiopiu.net\/wordpress\/wp-content\/uploads\/2021\/06\/IMG_20210617_113511-1536x768.jpg 1536w, https:\/\/www.radiopiu.net\/wordpress\/wp-content\/uploads\/2021\/06\/IMG_20210617_113511-2048x1024.jpg 2048w\" sizes=\"auto, (max-width: 300px) 100vw, 300px\" \/><\/a><\/p>\n<p><strong>REDAZIONE<\/strong> Riceviamo e volentieri pubblichiamo delle considerazioni del professor Maurizio Reberschak in seguito agli articoli pubblicati sulle piantumazioni al laghetto delle Peschiere di Taibon Agordino.<\/p>\n<blockquote><p><em>Ho seguito i servizi di Radio Pi\u00f9 sulle piantumazioni intorno al laghetto delle Peschiere. Ottimi servizi! Si ricava un&#8217;idea completa dei danni causati da Vaia e della bellissima intelligente iniziativa promossa. La natura spesso d\u00e0 segnali di autodifesa anche con distruzioni impensabili. Sono segnali che andrebbero colti per non sfidare la natura , anche con opere distruttive da parte dell&#8217;uomo, come testimoniato anche da quanto avvenuto accanto al laghetto, dove l&#8217;insensatezza umana ci ha messo del suo. L&#8217;area del laghetto delle Peschiere testimonia il corso dell&#8217;evoluzione della natura negli ultimi 10.000 anni. Dovremmo imparare dalla storia della natura per rispettarne i segnali che ci invia continuamente non solo di sopravvivenza, ma anche e soprattutto di evoluzione. La natura insegna. Ascoltiamola e interpretiamola. Basterebbe coglierne sempre i messaggi per imparare a vivere con lei e non provocare opere di distruzioni spesso irreparabili, che sono sempre iniziative di autodistruzione.<\/em><\/p><\/blockquote>\n<p>&nbsp;<\/p>\n<p>&nbsp;<\/p>\n<hr \/>\n<p>&nbsp;<\/p>\n<blockquote>\n<h3>GIUGNO 2004, AGORDO PIAZZA LIBERTA&#8217; &#8220;A CESARE TOME'&#8221;<\/h3>\n<\/blockquote>\n<blockquote><p><strong>DAL NOTIZIARIO DI RADIO PIU&#8217; DEL 27 GIUGNO 2004<\/strong><\/p>\n<p>Cesare Tom\u00e8, gi\u00e0 presente nel cuore di ogni singolo alpinista e amante della montagna ha, da domenica, un angolo di Piazza Libert\u00e0 che lo ricorda. Una stele, sotto ai portici, fortemente voluta dal Club Alpino Italiano-Sezione Agordina e dal suo presidente Giorgio Fontanive. Una targa importante sistemata tra le due (sempre del Cai) che ricordano il quarto congresso alpino del 1871 e l&#8217;ottantesimo del 1968. Il presidente del Cai nella dettagliata relazione presentata ad un numeroso pubblico ha voluto ricordare le grandi doti di alpinista, ma anche di uomo, di Cesare Tom\u00e8, tra l&#8217;altro gi\u00e0 sindaco di Agordo. &#8220;In questo 2004 &#8211; ha aggiunto &#8211; la sua figura di uomo e alpinista, dopo anni di oblio, torna a riacquisire il suo spazio ufficiale anche ad Agordo sua citt\u00e0 natale, in un luogo che lo ricorda pi\u00f9 da vicino di quanto si potrebbe presumere. La stele \u00e8 stata posizionata proprio accanto all&#8217;ingresso della prima e prestigiosa sede dela Sezione Agordina del Cai nel fabbricato dell&#8217;antico Hotel Miniere ritrovo dei pi\u00f9 celebrati pionieri dell&#8217;esplorazione dolomitica e fulcro su cui hanno ruotato tanti importanti avvenimenti&#8221;. Secondo Giorgio Fontanive un atto doveroso che si affianca ad altre iniziative del mondo della montagna locale che &#8211; soprattutto attraverso gli scritti di Giovanni Angelini &#8211; non ha mai dimenticato questo grande alpinista. Cesare Tom\u00e8 \u00e8 un nome che si ritrova a Passo Duran (rifugio Tom\u00e8), ma anche all&#8217;alto Bivacco del Giazzer in Val dei Cantoni, sulla cima della Civetta salita assieme a Michele Bettega e adesso anche in Piazza Libert\u00e0 con una precisa dedica incisa nel marmo: &#8220;A Cesare Tom\u00e8 (1844-1922) alpinista di rango e pioniere dell&#8217;esplorazione dolomitica, schietta figura di montanaro forte nella vita e sulla roccia, assieme a fidati compagni primo salitore dell&#8217;Agner (1875), della Moiazza Sud (1895) e di altre importanti cime dolomitiche. Esempio di longevit\u00e0 atletica, di indipendenza sociale e di attaccamento ai valori insiti nell&#8217;alpinismo. Comune di Agordo, Cai Sezione Agordina&#8221;.<br \/>\nMirko Mezzacasa<\/p><\/blockquote>\n\n\t\t\t<style type='text\/css'>\n\t\t\t\t#gallery-6 {\n\t\t\t\t\tmargin: auto;\n\t\t\t\t}\n\t\t\t\t#gallery-6 .gallery-item {\n\t\t\t\t\tfloat: left;\n\t\t\t\t\tmargin-top: 10px;\n\t\t\t\t\ttext-align: center;\n\t\t\t\t\twidth: 20%;\n\t\t\t\t}\n\t\t\t\t#gallery-6 img {\n\t\t\t\t\tborder: 2px solid #cfcfcf;\n\t\t\t\t}\n\t\t\t\t#gallery-6 .gallery-caption {\n\t\t\t\t\tmargin-left: 0;\n\t\t\t\t}\n\t\t\t\t\/* see gallery_shortcode() in wp-includes\/media.php *\/\n\t\t\t<\/style>\n\t\t<div id='gallery-6' class='dt-gallery-container gallery galleryid-216693 gallery-columns-5 gallery-size-thumbnail'><dl class='gallery-item'>\n\t\t\t\t<dt class='gallery-icon landscape'>\n\t\t\t\t\t<a class=\"rollover rollover-zoom dt-pswp-item\" title=\"DSCF1577\" data-dt-img-description=\"\" data-large_image_width=\"1280\" data-large_image_height=\"960\"href='https:\/\/www.radiopiu.net\/wordpress\/wp-content\/uploads\/2021\/06\/DSCF1577.jpg'><img loading=\"lazy\" decoding=\"async\" width=\"150\" height=\"150\" src=\"https:\/\/www.radiopiu.net\/wordpress\/wp-content\/uploads\/2021\/06\/DSCF1577-150x150.jpg\" class=\"attachment-thumbnail size-thumbnail\" alt=\"\" \/><\/a>\n\t\t\t\t<\/dt><\/dl><dl class='gallery-item'>\n\t\t\t\t<dt class='gallery-icon landscape'>\n\t\t\t\t\t<a class=\"rollover rollover-zoom dt-pswp-item\" title=\"DSCF1576\" data-dt-img-description=\"\" data-large_image_width=\"1280\" data-large_image_height=\"960\"href='https:\/\/www.radiopiu.net\/wordpress\/wp-content\/uploads\/2021\/06\/DSCF1576.jpg'><img loading=\"lazy\" decoding=\"async\" width=\"150\" height=\"150\" src=\"https:\/\/www.radiopiu.net\/wordpress\/wp-content\/uploads\/2021\/06\/DSCF1576-150x150.jpg\" class=\"attachment-thumbnail size-thumbnail\" alt=\"\" \/><\/a>\n\t\t\t\t<\/dt><\/dl><dl class='gallery-item'>\n\t\t\t\t<dt class='gallery-icon landscape'>\n\t\t\t\t\t<a class=\"rollover rollover-zoom dt-pswp-item\" title=\"DSCF1578\" data-dt-img-description=\"\" data-large_image_width=\"1280\" data-large_image_height=\"960\"href='https:\/\/www.radiopiu.net\/wordpress\/wp-content\/uploads\/2021\/06\/DSCF1578.jpg'><img loading=\"lazy\" decoding=\"async\" width=\"150\" height=\"150\" src=\"https:\/\/www.radiopiu.net\/wordpress\/wp-content\/uploads\/2021\/06\/DSCF1578-150x150.jpg\" class=\"attachment-thumbnail size-thumbnail\" alt=\"\" \/><\/a>\n\t\t\t\t<\/dt><\/dl><dl class='gallery-item'>\n\t\t\t\t<dt class='gallery-icon landscape'>\n\t\t\t\t\t<a class=\"rollover rollover-zoom dt-pswp-item\" title=\"DSCF1584\" data-dt-img-description=\"\" data-large_image_width=\"1280\" data-large_image_height=\"960\"href='https:\/\/www.radiopiu.net\/wordpress\/wp-content\/uploads\/2021\/06\/DSCF1584.jpg'><img loading=\"lazy\" decoding=\"async\" width=\"150\" height=\"150\" src=\"https:\/\/www.radiopiu.net\/wordpress\/wp-content\/uploads\/2021\/06\/DSCF1584-150x150.jpg\" class=\"attachment-thumbnail size-thumbnail\" alt=\"\" \/><\/a>\n\t\t\t\t<\/dt><\/dl><dl class='gallery-item'>\n\t\t\t\t<dt class='gallery-icon landscape'>\n\t\t\t\t\t<a class=\"rollover rollover-zoom dt-pswp-item\" title=\"DSCF1587\" data-dt-img-description=\"\" data-large_image_width=\"1280\" data-large_image_height=\"960\"href='https:\/\/www.radiopiu.net\/wordpress\/wp-content\/uploads\/2021\/06\/DSCF1587.jpg'><img loading=\"lazy\" decoding=\"async\" width=\"150\" height=\"150\" src=\"https:\/\/www.radiopiu.net\/wordpress\/wp-content\/uploads\/2021\/06\/DSCF1587-150x150.jpg\" class=\"attachment-thumbnail size-thumbnail\" alt=\"\" \/><\/a>\n\t\t\t\t<\/dt><\/dl><br style=\"clear: both\" \/><dl class='gallery-item'>\n\t\t\t\t<dt class='gallery-icon landscape'>\n\t\t\t\t\t<a class=\"rollover rollover-zoom dt-pswp-item\" title=\"DSCF1594\" data-dt-img-description=\"\" data-large_image_width=\"1280\" data-large_image_height=\"960\"href='https:\/\/www.radiopiu.net\/wordpress\/wp-content\/uploads\/2021\/06\/DSCF1594.jpg'><img loading=\"lazy\" decoding=\"async\" width=\"150\" height=\"150\" src=\"https:\/\/www.radiopiu.net\/wordpress\/wp-content\/uploads\/2021\/06\/DSCF1594-150x150.jpg\" class=\"attachment-thumbnail size-thumbnail\" alt=\"\" \/><\/a>\n\t\t\t\t<\/dt><\/dl><dl class='gallery-item'>\n\t\t\t\t<dt class='gallery-icon landscape'>\n\t\t\t\t\t<a class=\"rollover rollover-zoom dt-pswp-item\" title=\"DSCF1595\" data-dt-img-description=\"\" data-large_image_width=\"1280\" data-large_image_height=\"960\"href='https:\/\/www.radiopiu.net\/wordpress\/wp-content\/uploads\/2021\/06\/DSCF1595.jpg'><img loading=\"lazy\" decoding=\"async\" width=\"150\" height=\"150\" src=\"https:\/\/www.radiopiu.net\/wordpress\/wp-content\/uploads\/2021\/06\/DSCF1595-150x150.jpg\" class=\"attachment-thumbnail size-thumbnail\" alt=\"\" \/><\/a>\n\t\t\t\t<\/dt><\/dl><dl class='gallery-item'>\n\t\t\t\t<dt class='gallery-icon landscape'>\n\t\t\t\t\t<a class=\"rollover rollover-zoom dt-pswp-item\" title=\"DSCF1579\" data-dt-img-description=\"\" data-large_image_width=\"1280\" data-large_image_height=\"960\"href='https:\/\/www.radiopiu.net\/wordpress\/wp-content\/uploads\/2021\/06\/DSCF1579.jpg'><img loading=\"lazy\" decoding=\"async\" width=\"150\" height=\"150\" src=\"https:\/\/www.radiopiu.net\/wordpress\/wp-content\/uploads\/2021\/06\/DSCF1579-150x150.jpg\" class=\"attachment-thumbnail size-thumbnail\" alt=\"\" \/><\/a>\n\t\t\t\t<\/dt><\/dl><dl class='gallery-item'>\n\t\t\t\t<dt class='gallery-icon portrait'>\n\t\t\t\t\t<a class=\"rollover rollover-zoom dt-pswp-item\" title=\"DSCF1573\" data-dt-img-description=\"\" data-large_image_width=\"960\" data-large_image_height=\"1280\"href='https:\/\/www.radiopiu.net\/wordpress\/wp-content\/uploads\/2021\/06\/DSCF1573-e1624018235556.jpg'><img loading=\"lazy\" decoding=\"async\" width=\"150\" height=\"150\" src=\"https:\/\/www.radiopiu.net\/wordpress\/wp-content\/uploads\/2021\/06\/DSCF1573-e1624018235556-150x150.jpg\" class=\"attachment-thumbnail size-thumbnail\" alt=\"\" \/><\/a>\n\t\t\t\t<\/dt><\/dl><dl class='gallery-item'>\n\t\t\t\t<dt class='gallery-icon landscape'>\n\t\t\t\t\t<a class=\"rollover rollover-zoom dt-pswp-item\" title=\"DSCF1601\" data-dt-img-description=\"\" data-large_image_width=\"1280\" data-large_image_height=\"960\"href='https:\/\/www.radiopiu.net\/wordpress\/wp-content\/uploads\/2021\/06\/DSCF1601.jpg'><img loading=\"lazy\" decoding=\"async\" width=\"150\" height=\"150\" src=\"https:\/\/www.radiopiu.net\/wordpress\/wp-content\/uploads\/2021\/06\/DSCF1601-150x150.jpg\" class=\"attachment-thumbnail size-thumbnail\" alt=\"\" \/><\/a>\n\t\t\t\t<\/dt><\/dl><br style=\"clear: both\" \/>\n\t\t\t<\/div>\n\n<p>&nbsp;<\/p>\n<p>&nbsp;<\/p>\n<p>&nbsp;<\/p>\n<hr \/>\n<blockquote>\n<h3><a href=\"https:\/\/www.radiopiu.net\/wordpress\/giornale-radiopiu-17-giugno-2021-direttore-mirko-mezzacasa\/aaa_offesi_edizione_2020\/\" rel=\"attachment wp-att-216401\"><img loading=\"lazy\" decoding=\"async\" class=\"wp-image-216401 alignleft\" src=\"https:\/\/www.radiopiu.net\/wordpress\/wp-content\/uploads\/2021\/06\/Aaa_Offesi_edizione_2020-300x178.jpg\" alt=\"\" width=\"202\" height=\"120\" srcset=\"https:\/\/www.radiopiu.net\/wordpress\/wp-content\/uploads\/2021\/06\/Aaa_Offesi_edizione_2020-300x178.jpg 300w, https:\/\/www.radiopiu.net\/wordpress\/wp-content\/uploads\/2021\/06\/Aaa_Offesi_edizione_2020.jpg 521w\" sizes=\"auto, (max-width: 202px) 100vw, 202px\" \/><\/a>ESTATE UTILE E CREATIVA PER I GIOVANI DEL TERRITORIO<\/h3>\n<\/blockquote>\n<p><strong>PONTE NELLE ALPI<\/strong>\u00a0 Torna il progetto Aaa Offresi, promosso dal Comune di Ponte nelle Alpi: i laboratori creativi e le attivit\u00e0 di manutenzione si svilupperanno da luned\u00ec 5 luglio alla prima settimana di settembre.<\/p>\n<p>sito www.comune.pontenellealpi.bl.it.<\/p>\n<p>&nbsp;<\/p>\n<p>&nbsp;<\/p>\n<hr \/>\n<h3><\/h3>\n<h3>Concerto di Gala<br \/>\n<em>Concerto celebrativo del 154\u00b0 anno dalla fondazione della Filarmonica di Belluno.<\/em><\/h3>\n<p><strong>QUESTA SERA\u00a0 ALLE\u00a0 20:30 IN PIAZZA DUOMO A BELLUNO<\/strong><\/p>\n<p><strong>BELLUNO<\/strong> La Filarmonica, diretta dai maestri Sandro De Marchi e Andrea Gasperin, si esibir\u00e0 in un articolato programma che spazia dalla musica originale per banda ad apposite trascrizioni di musica classica, dalla musica pop alle colonne sonore fino alla musica jazz. Per poter partecipare\u00a0<a href=\"https:\/\/bandabelluno.us15.list-manage.com\/track\/click?u=894cd617e4f50012757ef7e42&amp;id=814a764e20&amp;e=40f9faa4f0\">clicca qui<\/a>\u00a0Ingresso libero.<\/p>\n<p>&nbsp;<\/p>\n<hr \/>\n<p>&nbsp;<\/p>\n<blockquote>\n<h3>TRA FELTRO E FELTRE&#8230;DANTE CON IL LIBRO PARLATO DI FELTRE<\/h3>\n<\/blockquote>\n<p><strong>FELTRE<\/strong> \u00c8 in programma per domani alle 17:30 &#8220;Tra Feltro e Feltre&#8230;700 anni dalla morte di Dante&#8221;, la lettura della Divina Commedia, La Vita Nova, Le Rime e le Epistole in Chiesa San Rocco nella Piazza Maggiore di Feltre con le voci dei Libri Parlanti Luisa Alchini, Ornella Favretti, Annunciata Olivieri, Enis Pocchetto, Maria Teresa Totti e Mauro Viani. Per informazioni www.libroparlato.org oppure www.fondacofeltre.it<\/p>\n<p>&nbsp;<\/p>\n<p>&nbsp;<\/p>\n<hr \/>\n<p>&nbsp;<\/p>\n<blockquote>\n<h3>GIORNATE NAZIONALI DEL CICLOTURISMO, DOMENICA A FELTRE<\/h3>\n<\/blockquote>\n<p><strong>FELTRE<\/strong> Domani FIAB FeltreInBici \u00a0propone una pedalata nei dintorni di Feltre con visita a 5 dimore storiche: Villa Zugni Tauro De Mezzan, Villa Dei Rosada, Villa San Liberale, Villa Tonello &#8211; Zampiero, Villa Fabris Guarnieri.\u00a0 L&#8217;appuntamento \u00e8 fissato alle ore 08.00 a Pr\u00e0 del Moro, per iniziare la pedalata alle ore 08:30 che si concluder\u00e0 in Largo Panfilo Castaldi alle ore 18:00 circa. (Il programma completo della giornata <a href=\"https:\/\/mailchi.mp\/571ba0e0ffbd\/giornata_nazionale_del_cicloturismo\">CLICCANDO QU<\/a>I) (Iscrizione obbligatoria sul sito <a title=\"http:\/\/www.feltreinbici.blogspot.com\" href=\"http:\/\/www.feltreinbici.blogspot.com\/\">www.feltreinbici.blogspot.com<\/a>)<\/p>\n<p>&nbsp;<\/p>\n<hr \/>\n<p>&nbsp;<\/p>\n<blockquote>\n<h3><strong><a href=\"https:\/\/www.radiopiu.net\/wordpress\/giornale-radiopiu-16-giugno-2021-direttore-mirko-mezzacasa\/a4f570bb-b6f9-5c59-adc6-8f74a1091ee0\/\" rel=\"attachment wp-att-216315\"><img loading=\"lazy\" decoding=\"async\" class=\"wp-image-216315 alignleft\" src=\"https:\/\/www.radiopiu.net\/wordpress\/wp-content\/uploads\/2021\/06\/a4f570bb-b6f9-5c59-adc6-8f74a1091ee0-300x200.jpg\" alt=\"\" width=\"158\" height=\"105\" srcset=\"https:\/\/www.radiopiu.net\/wordpress\/wp-content\/uploads\/2021\/06\/a4f570bb-b6f9-5c59-adc6-8f74a1091ee0-300x200.jpg 300w, https:\/\/www.radiopiu.net\/wordpress\/wp-content\/uploads\/2021\/06\/a4f570bb-b6f9-5c59-adc6-8f74a1091ee0-768x512.jpg 768w, https:\/\/www.radiopiu.net\/wordpress\/wp-content\/uploads\/2021\/06\/a4f570bb-b6f9-5c59-adc6-8f74a1091ee0.jpg 1024w\" sizes=\"auto, (max-width: 158px) 100vw, 158px\" \/><\/a>LAGHI DI FOSSES <\/strong><strong>PARCO NATURALE DELLE DOLOMITI D&#8217;AMPEZZO\u00a0<\/strong><\/h3>\n<\/blockquote>\n<p><strong>AGORDO<\/strong> Domani l&#8217;escursione con il Cai di Agordo nel Parco Naturale delle Dolomiti d&#8217;Ampezzo. L&#8217;escursione\u00a0 \u00a0organizzata in collaborazione con il Gruppo Agordino Mineralogico-Paleontologico in uno dei posti pi\u00f9 affascinanti e sorprendenti del Parco: l&#8217;<strong>Alpe di F\u00f2sses<\/strong>, dominata dalla Piccola Croda Rossa d&#8217;Ampezzo e dalla Croda del B\u00e9cco. Il supporto di esperti geologi\u00a0 permetter\u00e0 di scoprire e valorizzare il patrimonio geologico dolomitico<\/p>\n<p>&nbsp;<\/p>\n<hr \/>\n<p>&nbsp;<\/p>\n<blockquote>\n<h3>SULLE ALPI CARNICHE CON IL CAI DI BELLUNO<\/h3>\n<\/blockquote>\n<p><strong>BELLUNO<\/strong> La sezione di Belluno del Club Alpino Italiano propone, per domani, un&#8217;escursione nelle Alpi Carniche, sull&#8217;altopiano di Razzo:\u00a0 Il giro del Tiarfin, escursione ad anello con partenza ed arrivo presso la malga di Casera Razzo a 1733 metri lungo il sentiero 208 che sale alla Sella posta a 2250 metri alla testata della Busa del Tiarfin. Partenza: ore 7.00 dal Piazzale Resistenza (stadio) a Belluno ritrovo 10 min. Prima con mezzi propri; il rientro \u00e8 previsto in serata. Le iscrizioni, aperte solo ai soci CAI, causa emergenza COVID si effettuano esclusivamente in modalit\u00e0 online improrogabilmente entro le ore 12 di sabato 19 giugno\u00a0<strong><span style=\"color: #0000ff;\"> <a style=\"color: #0000ff;\" href=\"https:\/\/form.jotformeu.com\/EscursionismoCaiBL\/Tiarfin\">CLICCA QUI<\/a><\/span><\/strong><\/p>\n<p>&nbsp;<\/p>\n<hr \/>\n<p>&nbsp;<\/p>\n<blockquote>\n<h3 style=\"text-align: center;\">ERICA PICCOTTI E LEONARDO PIERDOMENICO AL GIOVANNI XXIII<\/h3>\n<\/blockquote>\n\n\t\t\t<style type='text\/css'>\n\t\t\t\t#gallery-7 {\n\t\t\t\t\tmargin: auto;\n\t\t\t\t}\n\t\t\t\t#gallery-7 .gallery-item {\n\t\t\t\t\tfloat: left;\n\t\t\t\t\tmargin-top: 10px;\n\t\t\t\t\ttext-align: center;\n\t\t\t\t\twidth: 50%;\n\t\t\t\t}\n\t\t\t\t#gallery-7 img {\n\t\t\t\t\tborder: 2px solid #cfcfcf;\n\t\t\t\t}\n\t\t\t\t#gallery-7 .gallery-caption {\n\t\t\t\t\tmargin-left: 0;\n\t\t\t\t}\n\t\t\t\t\/* see gallery_shortcode() in wp-includes\/media.php *\/\n\t\t\t<\/style>\n\t\t<div id='gallery-7' class='dt-gallery-container gallery galleryid-216693 gallery-columns-2 gallery-size-medium'><dl class='gallery-item'>\n\t\t\t\t<dt class='gallery-icon landscape'>\n\t\t\t\t\t<a class=\"rollover rollover-zoom dt-pswp-item\" title=\"Leonardo Pierdomenico 1\" data-dt-img-description=\"\" data-large_image_width=\"1000\" data-large_image_height=\"763\"href='https:\/\/www.radiopiu.net\/wordpress\/wp-content\/uploads\/2021\/06\/Leonardo-Pierdomenico-1.jpg'><img loading=\"lazy\" decoding=\"async\" width=\"300\" height=\"229\" src=\"https:\/\/www.radiopiu.net\/wordpress\/wp-content\/uploads\/2021\/06\/Leonardo-Pierdomenico-1-300x229.jpg\" class=\"attachment-medium size-medium\" alt=\"\" srcset=\"https:\/\/www.radiopiu.net\/wordpress\/wp-content\/uploads\/2021\/06\/Leonardo-Pierdomenico-1-300x229.jpg 300w, https:\/\/www.radiopiu.net\/wordpress\/wp-content\/uploads\/2021\/06\/Leonardo-Pierdomenico-1-768x586.jpg 768w, https:\/\/www.radiopiu.net\/wordpress\/wp-content\/uploads\/2021\/06\/Leonardo-Pierdomenico-1.jpg 1000w\" sizes=\"auto, (max-width: 300px) 100vw, 300px\" \/><\/a>\n\t\t\t\t<\/dt><\/dl><dl class='gallery-item'>\n\t\t\t\t<dt class='gallery-icon landscape'>\n\t\t\t\t\t<a class=\"rollover rollover-zoom dt-pswp-item\" title=\"Erica Piccotti - photo Laure Jacquemin\" data-dt-img-description=\"\" data-large_image_width=\"1000\" data-large_image_height=\"842\"href='https:\/\/www.radiopiu.net\/wordpress\/wp-content\/uploads\/2021\/06\/Erica-Piccotti-photo-Laure-Jacquemin.jpg'><img loading=\"lazy\" decoding=\"async\" width=\"300\" height=\"253\" src=\"https:\/\/www.radiopiu.net\/wordpress\/wp-content\/uploads\/2021\/06\/Erica-Piccotti-photo-Laure-Jacquemin-300x253.jpg\" class=\"attachment-medium size-medium\" alt=\"\" srcset=\"https:\/\/www.radiopiu.net\/wordpress\/wp-content\/uploads\/2021\/06\/Erica-Piccotti-photo-Laure-Jacquemin-300x253.jpg 300w, https:\/\/www.radiopiu.net\/wordpress\/wp-content\/uploads\/2021\/06\/Erica-Piccotti-photo-Laure-Jacquemin-768x647.jpg 768w, https:\/\/www.radiopiu.net\/wordpress\/wp-content\/uploads\/2021\/06\/Erica-Piccotti-photo-Laure-Jacquemin.jpg 1000w\" sizes=\"auto, (max-width: 300px) 100vw, 300px\" \/><\/a>\n\t\t\t\t<\/dt><\/dl><br style=\"clear: both\" \/>\n\t\t\t<\/div>\n\n<p><strong>BELLUNO<\/strong> Violoncello e pianoforte, suonati da due giovani talenti della musica internazionale, rispettivamente Erica Piccotti e Leonardo Pierdomenico, sono i protagonisti del concerto di marted\u00ec 22 giugno 2021, alle\u00a0 19 nel Teatro Giovanni XXIII. In programma, i Cinque pezzi in stile popolare di Robert Schumann, seguiti dall&#8217;Adagio e Allegro op. 70 e dalla Fantasiest\u00fccke op. 73. Segue la Sonata in fa maggiore per violoncello e pianoforte op. 6 di Richard Strauss. Prenotazione richiesta tel. 0437 940407, e-mail: info@alpebellunese.it.<\/p>\n<p>&nbsp;<\/p>\n<hr \/>\n<p>&nbsp;<\/p>\n<blockquote>\n<h3>GLI EMIGRANTI (DI MURER E GUARNIERI)<\/h3>\n<\/blockquote>\n<p><strong>di Renato Bona<\/strong><\/p>\n<p>Il presidente del sodalizio, Oscar De Bona, d\u2019accordo con i colleghi del consiglio direttivo, ha convocato per sabato 19 giugno, a partire dalle 10, l\u2019assemblea generale dell\u2019Associazione Bellunesi nel mondo che, anche in questa occasione, perdurando la pandemia da Corona virus 19, si svolger\u00e0 per via telematica. On line, dunque, le relazioni: morale dello stesso De Bona, ed economica del tesoriere Angelo Paganin, quindi l\u2019approvazione dei bilanci: consuntivo del 2020 e preventivo del 2021; seguiranno le votazioni per il rinnovo delle cariche, con 31 candidati in corsa per 21 posti, non solo del Bellunese ma anche da diversi Paesi del mondo: Argentina, Svizzera, Germania e Brasile. A proposito di quest\u2019ultimo grande Paese, l\u2019appuntamento con l\u2019assemblea, prezioso per \u201cdare voce agli emigranti bellunesi per un confronto diretto con le istituzioni provinciali e sono numerosi gli interventi gi\u00e0 programmati, come si pu\u00f2 leggere nel sito Abm), ci offre il destro per riguardare e rileggere con grande piacere il libro \u201cMurer. Gli emigranti\u201d con il testo \u201cVecchia cronaca\u201d di Silvio Guarnieri, che la Nuovi Sentieri Editore di Bepi Pellegrinon fece stampare nel 1976 da Arti Grafiche Tamari di Bologna, per il coordinamento grafico e impaginazione di Eronda. F.to Ezio Quiresi di Cremona. Anche perch\u00e9, non lo nascondiamo, del maestro Augusto Murer eravamo amici da quando ci era stato presentato dallo scomparso maresciallo dei carabinieri Alceo D\u2019Agostini; il prof. Guarnieri era il preside della scuola superiore che abbiamo frequentato a Feltre: il glorioso \u201cColotti\u201d; al fenomeno migratorio siamo stati interessati fin da ragazzini, grazie ad una zia materna, Emma Bondioli, che si era trasferita nella Confederazione elvetica per ragioni di lavoro; ancora: perch\u00e9 abbiamo avuto l\u2019onore di essere per un mandato, componente del consiglio direttivo dell\u2019Associazione; infine perch\u00e9 a Caxias do Sul ci siamo stati da cronisti al seguito di una delegazione di quella che all\u2019epoca era ancora l\u2019Aeb, associazione emigranti bellunesi. Ma bando ai ricordi personali e, grazie al prof. Guarnieri, apprendiamo che \u201cNegli ultimi 25 anni dell\u2019Ottocento nella provincia di Belluno, mentre continua e si incrementa l\u2019emigrazione temporanea, stagionale sino a superare le 340 mila unit\u00e0, ad essa si accompagna quella definitiva, indirizzata per lo pi\u00f9 verso paesi europei e del bacino mediterraneo ma anche, e per quote notevoli, verso paesi transoceanici. Complessivamente durante questo periodo pi\u00f9 di 12 mila suoi abitanti, per la loro massima parte contadini, abbandonano la propria terra definitivamente, andando incontro ad un nuovo destino senza nessuna riserva, senza serbare a s\u00e9 alcuna possibilit\u00e0 di un eventuale ritorno. E questo flusso numeroso si accompagna e partecipa di quello pi\u00f9 ampio che proviene dalle altre province venete, e specificamente, dalle zone di collina e di montagna di esse, come l\u2019intera provincia di Belluno pi\u00f9 colpite evidentemente dalla crisi economica\u201d. Lo storico ricorda poi che a partire dall\u2019autunno del 1875, una parte notevole di questo flusso migratorio si dirige verso il Brasile, e specificamente verso la regione del Rio Grande del Sud, in tre ondate successive, le prime due, pi\u00f9 consistenti, rispettivamente nel 1875, 1876 e 1877, e dal 1885 al 1889, la terza, sul finire del secolo e nei primi mesi del novecento; ma questa meno intensa, priva di quei caratteri di fenomeno di massa specifico di quelle. Cosicch\u00e9 dalla data della proclamazione della Repubblica del Brasile, nel1889, in quella regione gi\u00e0 risiedono 41.500 italiani, provenienti per la pi\u00f9 gran parte dal Veneto\u2026 Gli immigrati della provincia di Belluno costituiscono circa il 30 per cento e tutti i circondari di essa vi sono rappresentati: numerosi i bellunesi, come i feltrini, gli agordini ed i cadorini. Per Guarnieri un tale fenomeno migratorio di massa verso un paese tanto lontano e del tutto sconosciuto, fu provocato dall\u2019invito ufficiale rivolto dal governo imperiale prima e da quello repubblicano poi a queste popolazioni italiane dell\u2019arco alpino, allo scopo di popolare e di mettere a coltura tutte questa regione meridionale del Brasile. Specifica quindi che: \u201ca questi nuovi coloni si offriva la terra in propriet\u00e0 mediante un riscatto dopo cinque anni dalla presa di possesso. Questo miraggio di una terra propria e di una terra fertile in un paese ricco di produzione agricola di grano, caff\u00e8 e zucchero, e ben propizio all\u2019allevamento del bestiame, e soprattutto il fatto che la propriet\u00e0 venisse garantita dallo Stato \u201cdette forza ad illusioni ed a progetti, aiut\u00f2 a vincere riluttanze e diffidenze\u201d. Nell\u2019impossibilit\u00e0 di soffermarci sullo sviluppo economico, sociale e culturale della regione di Caxias do Sul, ci preme richiamare il fatto &#8211; sottolineato da Silvio Guarnieri &#8211; che \u201ca Murer la tematica di quell\u2019esodo, di quella fuga dal paese natale, di quei viaggi avventurosi e rischiosi, di quelle fatiche, di quegli sforzi e di quell\u2019impegno che andavano al di l\u00e0 dell\u2019umano, tutta la vicenda di quegli emigrati, di quei coloni di Rio Grande del Sud, risult\u00f2 connaturale, come l\u2019avesse sperimentata, sofferta di persona e forse nei suoi lontani ricordi, per testimonianza di quale parente, di qualche vecchio, di qualche amico, risuscitarono, vennero a galla in lui un\u2019immagine, un sentimento. Subito gli si configur\u00f2 l\u2019opera che gli era stata commissionata: la porta centrale in bronzo e le due laterali della cattedrale di San Pellegrino, dedicate al tema dell\u2019emigrazione veneta in Brasile, ritenute una delle sue opere pi\u00f9 importanti ed inaugurate il 29 ottobre 1983.<\/p>\n\n\t\t\t<style type='text\/css'>\n\t\t\t\t#gallery-8 {\n\t\t\t\t\tmargin: auto;\n\t\t\t\t}\n\t\t\t\t#gallery-8 .gallery-item {\n\t\t\t\t\tfloat: left;\n\t\t\t\t\tmargin-top: 10px;\n\t\t\t\t\ttext-align: center;\n\t\t\t\t\twidth: 12%;\n\t\t\t\t}\n\t\t\t\t#gallery-8 img {\n\t\t\t\t\tborder: 2px solid #cfcfcf;\n\t\t\t\t}\n\t\t\t\t#gallery-8 .gallery-caption {\n\t\t\t\t\tmargin-left: 0;\n\t\t\t\t}\n\t\t\t\t\/* see gallery_shortcode() in wp-includes\/media.php *\/\n\t\t\t<\/style>\n\t\t<div id='gallery-8' class='dt-gallery-container gallery galleryid-216693 gallery-columns-8 gallery-size-thumbnail'><dl class='gallery-item'>\n\t\t\t\t<dt class='gallery-icon portrait'>\n\t\t\t\t\t<a class=\"rollover rollover-zoom dt-pswp-item\" title=\"202606374_816294372337968_1097516498347703113_n\" data-dt-img-description=\"\" data-large_image_width=\"162\" data-large_image_height=\"210\"href='https:\/\/www.radiopiu.net\/wordpress\/wp-content\/uploads\/2021\/06\/202606374_816294372337968_1097516498347703113_n.jpg'><img loading=\"lazy\" decoding=\"async\" width=\"150\" height=\"150\" src=\"https:\/\/www.radiopiu.net\/wordpress\/wp-content\/uploads\/2021\/06\/202606374_816294372337968_1097516498347703113_n-150x150.jpg\" class=\"attachment-thumbnail size-thumbnail\" alt=\"\" \/><\/a>\n\t\t\t\t<\/dt><\/dl><dl class='gallery-item'>\n\t\t\t\t<dt class='gallery-icon portrait'>\n\t\t\t\t\t<a class=\"rollover rollover-zoom dt-pswp-item\" title=\"201662827_872441463369367_4278293270238267562_n\" data-dt-img-description=\"\" data-large_image_width=\"304\" data-large_image_height=\"414\"href='https:\/\/www.radiopiu.net\/wordpress\/wp-content\/uploads\/2021\/06\/201662827_872441463369367_4278293270238267562_n.jpg'><img loading=\"lazy\" decoding=\"async\" width=\"150\" height=\"150\" src=\"https:\/\/www.radiopiu.net\/wordpress\/wp-content\/uploads\/2021\/06\/201662827_872441463369367_4278293270238267562_n-150x150.jpg\" class=\"attachment-thumbnail size-thumbnail\" alt=\"\" \/><\/a>\n\t\t\t\t<\/dt><\/dl><dl class='gallery-item'>\n\t\t\t\t<dt class='gallery-icon portrait'>\n\t\t\t\t\t<a class=\"rollover rollover-zoom dt-pswp-item\" title=\"203116761_527357575279346_658488275718211037_n\" data-dt-img-description=\"\" data-large_image_width=\"303\" data-large_image_height=\"414\"href='https:\/\/www.radiopiu.net\/wordpress\/wp-content\/uploads\/2021\/06\/203116761_527357575279346_658488275718211037_n.jpg'><img loading=\"lazy\" decoding=\"async\" width=\"150\" height=\"150\" src=\"https:\/\/www.radiopiu.net\/wordpress\/wp-content\/uploads\/2021\/06\/203116761_527357575279346_658488275718211037_n-150x150.jpg\" class=\"attachment-thumbnail size-thumbnail\" alt=\"\" \/><\/a>\n\t\t\t\t<\/dt><\/dl><dl class='gallery-item'>\n\t\t\t\t<dt class='gallery-icon portrait'>\n\t\t\t\t\t<a class=\"rollover rollover-zoom dt-pswp-item\" title=\"201045784_603811124336584_1652279509613474306_n\" data-dt-img-description=\"\" data-large_image_width=\"300\" data-large_image_height=\"403\"href='https:\/\/www.radiopiu.net\/wordpress\/wp-content\/uploads\/2021\/06\/201045784_603811124336584_1652279509613474306_n.jpg'><img loading=\"lazy\" decoding=\"async\" width=\"150\" height=\"150\" src=\"https:\/\/www.radiopiu.net\/wordpress\/wp-content\/uploads\/2021\/06\/201045784_603811124336584_1652279509613474306_n-150x150.jpg\" class=\"attachment-thumbnail size-thumbnail\" alt=\"\" \/><\/a>\n\t\t\t\t<\/dt><\/dl><dl class='gallery-item'>\n\t\t\t\t<dt class='gallery-icon portrait'>\n\t\t\t\t\t<a class=\"rollover rollover-zoom dt-pswp-item\" title=\"201034388_534926651036275_3401881162451179605_n\" data-dt-img-description=\"\" data-large_image_width=\"366\" data-large_image_height=\"403\"href='https:\/\/www.radiopiu.net\/wordpress\/wp-content\/uploads\/2021\/06\/201034388_534926651036275_3401881162451179605_n.jpg'><img loading=\"lazy\" decoding=\"async\" width=\"150\" height=\"150\" src=\"https:\/\/www.radiopiu.net\/wordpress\/wp-content\/uploads\/2021\/06\/201034388_534926651036275_3401881162451179605_n-150x150.jpg\" class=\"attachment-thumbnail size-thumbnail\" alt=\"\" \/><\/a>\n\t\t\t\t<\/dt><\/dl><dl class='gallery-item'>\n\t\t\t\t<dt class='gallery-icon portrait'>\n\t\t\t\t\t<a class=\"rollover rollover-zoom dt-pswp-item\" title=\"201516499_2902954866585057_7591537068847253935_n\" data-dt-img-description=\"\" data-large_image_width=\"311\" data-large_image_height=\"403\"href='https:\/\/www.radiopiu.net\/wordpress\/wp-content\/uploads\/2021\/06\/201516499_2902954866585057_7591537068847253935_n.jpg'><img loading=\"lazy\" decoding=\"async\" width=\"150\" height=\"150\" src=\"https:\/\/www.radiopiu.net\/wordpress\/wp-content\/uploads\/2021\/06\/201516499_2902954866585057_7591537068847253935_n-150x150.jpg\" class=\"attachment-thumbnail size-thumbnail\" alt=\"\" \/><\/a>\n\t\t\t\t<\/dt><\/dl><dl class='gallery-item'>\n\t\t\t\t<dt class='gallery-icon portrait'>\n\t\t\t\t\t<a class=\"rollover rollover-zoom dt-pswp-item\" title=\"203210866_1048085109369124_4708444753683546556_n\" data-dt-img-description=\"\" data-large_image_width=\"304\" data-large_image_height=\"414\"href='https:\/\/www.radiopiu.net\/wordpress\/wp-content\/uploads\/2021\/06\/203210866_1048085109369124_4708444753683546556_n.jpg'><img loading=\"lazy\" decoding=\"async\" width=\"150\" height=\"150\" src=\"https:\/\/www.radiopiu.net\/wordpress\/wp-content\/uploads\/2021\/06\/203210866_1048085109369124_4708444753683546556_n-150x150.jpg\" class=\"attachment-thumbnail size-thumbnail\" alt=\"\" \/><\/a>\n\t\t\t\t<\/dt><\/dl><dl class='gallery-item'>\n\t\t\t\t<dt class='gallery-icon portrait'>\n\t\t\t\t\t<a class=\"rollover rollover-zoom dt-pswp-item\" title=\"200910496_863461314265975_5819474794877688864_n\" data-dt-img-description=\"\" data-large_image_width=\"403\" data-large_image_height=\"404\"href='https:\/\/www.radiopiu.net\/wordpress\/wp-content\/uploads\/2021\/06\/200910496_863461314265975_5819474794877688864_n.jpg'><img loading=\"lazy\" decoding=\"async\" width=\"150\" height=\"150\" src=\"https:\/\/www.radiopiu.net\/wordpress\/wp-content\/uploads\/2021\/06\/200910496_863461314265975_5819474794877688864_n-150x150.jpg\" class=\"attachment-thumbnail size-thumbnail\" alt=\"\" srcset=\"https:\/\/www.radiopiu.net\/wordpress\/wp-content\/uploads\/2021\/06\/200910496_863461314265975_5819474794877688864_n-150x150.jpg 150w, https:\/\/www.radiopiu.net\/wordpress\/wp-content\/uploads\/2021\/06\/200910496_863461314265975_5819474794877688864_n-300x300.jpg 300w, https:\/\/www.radiopiu.net\/wordpress\/wp-content\/uploads\/2021\/06\/200910496_863461314265975_5819474794877688864_n.jpg 403w\" sizes=\"auto, (max-width: 150px) 100vw, 150px\" \/><\/a>\n\t\t\t\t<\/dt><\/dl><br style=\"clear: both\" \/><dl class='gallery-item'>\n\t\t\t\t<dt class='gallery-icon portrait'>\n\t\t\t\t\t<a class=\"rollover rollover-zoom dt-pswp-item\" title=\"201139392_191947352852182_6374723791518942851_n\" data-dt-img-description=\"\" data-large_image_width=\"304\" data-large_image_height=\"403\"href='https:\/\/www.radiopiu.net\/wordpress\/wp-content\/uploads\/2021\/06\/201139392_191947352852182_6374723791518942851_n.jpg'><img loading=\"lazy\" decoding=\"async\" width=\"150\" height=\"150\" src=\"https:\/\/www.radiopiu.net\/wordpress\/wp-content\/uploads\/2021\/06\/201139392_191947352852182_6374723791518942851_n-150x150.jpg\" class=\"attachment-thumbnail size-thumbnail\" alt=\"\" \/><\/a>\n\t\t\t\t<\/dt><\/dl><dl class='gallery-item'>\n\t\t\t\t<dt class='gallery-icon landscape'>\n\t\t\t\t\t<a class=\"rollover rollover-zoom dt-pswp-item\" title=\"202514691_233853541583091_9082566377371237768_n\" data-dt-img-description=\"\" data-large_image_width=\"535\" data-large_image_height=\"403\"href='https:\/\/www.radiopiu.net\/wordpress\/wp-content\/uploads\/2021\/06\/202514691_233853541583091_9082566377371237768_n.jpg'><img loading=\"lazy\" decoding=\"async\" width=\"150\" height=\"150\" src=\"https:\/\/www.radiopiu.net\/wordpress\/wp-content\/uploads\/2021\/06\/202514691_233853541583091_9082566377371237768_n-150x150.jpg\" class=\"attachment-thumbnail size-thumbnail\" alt=\"\" \/><\/a>\n\t\t\t\t<\/dt><\/dl><dl class='gallery-item'>\n\t\t\t\t<dt class='gallery-icon portrait'>\n\t\t\t\t\t<a class=\"rollover rollover-zoom dt-pswp-item\" title=\"201772019_599785091003485_3113632250174806751_n\" data-dt-img-description=\"\" data-large_image_width=\"299\" data-large_image_height=\"403\"href='https:\/\/www.radiopiu.net\/wordpress\/wp-content\/uploads\/2021\/06\/201772019_599785091003485_3113632250174806751_n.jpg'><img loading=\"lazy\" decoding=\"async\" width=\"150\" height=\"150\" src=\"https:\/\/www.radiopiu.net\/wordpress\/wp-content\/uploads\/2021\/06\/201772019_599785091003485_3113632250174806751_n-150x150.jpg\" class=\"attachment-thumbnail size-thumbnail\" alt=\"\" \/><\/a>\n\t\t\t\t<\/dt><\/dl><dl class='gallery-item'>\n\t\t\t\t<dt class='gallery-icon landscape'>\n\t\t\t\t\t<a class=\"rollover rollover-zoom dt-pswp-item\" title=\"202675274_945052839615763_8061941009590719470_n\" data-dt-img-description=\"\" data-large_image_width=\"568\" data-large_image_height=\"403\"href='https:\/\/www.radiopiu.net\/wordpress\/wp-content\/uploads\/2021\/06\/202675274_945052839615763_8061941009590719470_n.jpg'><img loading=\"lazy\" decoding=\"async\" width=\"150\" height=\"150\" src=\"https:\/\/www.radiopiu.net\/wordpress\/wp-content\/uploads\/2021\/06\/202675274_945052839615763_8061941009590719470_n-150x150.jpg\" class=\"attachment-thumbnail size-thumbnail\" alt=\"\" \/><\/a>\n\t\t\t\t<\/dt><\/dl><dl class='gallery-item'>\n\t\t\t\t<dt class='gallery-icon landscape'>\n\t\t\t\t\t<a class=\"rollover rollover-zoom dt-pswp-item\" title=\"202946359_582932816022881_2832916715641932072_n\" data-dt-img-description=\"\" data-large_image_width=\"236\" data-large_image_height=\"214\"href='https:\/\/www.radiopiu.net\/wordpress\/wp-content\/uploads\/2021\/06\/202946359_582932816022881_2832916715641932072_n.jpg'><img loading=\"lazy\" decoding=\"async\" width=\"150\" height=\"150\" src=\"https:\/\/www.radiopiu.net\/wordpress\/wp-content\/uploads\/2021\/06\/202946359_582932816022881_2832916715641932072_n-150x150.jpg\" class=\"attachment-thumbnail size-thumbnail\" alt=\"\" \/><\/a>\n\t\t\t\t<\/dt><\/dl><dl class='gallery-item'>\n\t\t\t\t<dt class='gallery-icon landscape'>\n\t\t\t\t\t<a class=\"rollover rollover-zoom dt-pswp-item\" title=\"202310829_768738877134603_8574275151771422357_n\" data-dt-img-description=\"\" data-large_image_width=\"620\" data-large_image_height=\"403\"href='https:\/\/www.radiopiu.net\/wordpress\/wp-content\/uploads\/2021\/06\/202310829_768738877134603_8574275151771422357_n.jpg'><img loading=\"lazy\" decoding=\"async\" width=\"150\" height=\"150\" src=\"https:\/\/www.radiopiu.net\/wordpress\/wp-content\/uploads\/2021\/06\/202310829_768738877134603_8574275151771422357_n-150x150.jpg\" class=\"attachment-thumbnail size-thumbnail\" alt=\"\" \/><\/a>\n\t\t\t\t<\/dt><\/dl><dl class='gallery-item'>\n\t\t\t\t<dt class='gallery-icon portrait'>\n\t\t\t\t\t<a class=\"rollover rollover-zoom dt-pswp-item\" title=\"201111504_4420306791333039_8395192753509300137_n\" data-dt-img-description=\"\" data-large_image_width=\"303\" data-large_image_height=\"640\"href='https:\/\/www.radiopiu.net\/wordpress\/wp-content\/uploads\/2021\/06\/201111504_4420306791333039_8395192753509300137_n.jpg'><img loading=\"lazy\" decoding=\"async\" width=\"150\" height=\"150\" src=\"https:\/\/www.radiopiu.net\/wordpress\/wp-content\/uploads\/2021\/06\/201111504_4420306791333039_8395192753509300137_n-150x150.jpg\" class=\"attachment-thumbnail size-thumbnail\" alt=\"\" \/><\/a>\n\t\t\t\t<\/dt><\/dl><dl class='gallery-item'>\n\t\t\t\t<dt class='gallery-icon portrait'>\n\t\t\t\t\t<a class=\"rollover rollover-zoom dt-pswp-item\" title=\"201162464_240067990840845_9071045293865309408_n\" data-dt-img-description=\"\" data-large_image_width=\"307\" data-large_image_height=\"540\"href='https:\/\/www.radiopiu.net\/wordpress\/wp-content\/uploads\/2021\/06\/201162464_240067990840845_9071045293865309408_n.jpg'><img loading=\"lazy\" decoding=\"async\" width=\"150\" height=\"150\" src=\"https:\/\/www.radiopiu.net\/wordpress\/wp-content\/uploads\/2021\/06\/201162464_240067990840845_9071045293865309408_n-150x150.jpg\" class=\"attachment-thumbnail size-thumbnail\" alt=\"\" \/><\/a>\n\t\t\t\t<\/dt><\/dl><br style=\"clear: both\" \/>\n\t\t\t<\/div>\n\n<p>NELLE FOTO (archivio Museo Murer; Bellunesi nel mondo; riproduzioni dal libro \u201cMurer. Gli emigranti\u201d): il presidente dell\u2019Associazione Bellunesi nel Mondo, Oscar De Bona; la copertina del libro-catalogo dell\u2019opera di Augusto Murer con testo del prof. Silvio Guarnieri; lo scultore di Falcade, purtroppo scomparso; \u201cContadine\u201d, studio per la porta centrale; studio-litografia; altra litografia del maestro falcadino; studio-disegno per la stessa porta; tre interpretazioni della \u201cpartenza\u2026\u201d; \u201cnaufragio\u201d; uomini e animali nella foresta; il raccolto delle contadine; particolare della \u201cporta dell\u2019amore\u201d; Caxias do Sul: cerimonia inaugurale delle porte della Cattedrale, il 29 ottobre 1983.<\/p>\n<blockquote><p><em><strong>Il pregevole lavoro fa riferimento alle porte della chiesa di San Pellegrino nella brasiliana Caxias do Sul<\/strong><\/em><\/p><\/blockquote>\n<p>&nbsp;<\/p>\n<hr \/>\n<p>&nbsp;<\/p>\n<p>&nbsp;<\/p>\n<h1><span style=\"color: #ff0000;\">IERI ALLA RADIO\u00a0<\/span><\/h1>\n<blockquote class=\"wp-embedded-content\" data-secret=\"3BcO4aWZmb\"><p><a href=\"https:\/\/www.radiopiu.net\/wordpress\/linaugurazione-della-piantumazione-alle-peschiere-silvia-tormen-con-vaia-le-cose-preziose-non-le-abbiamo-perse-si-possono-ricostruire\/\">L&#8217;INAUGURAZIONE DELLA PIANTUMAZIONE ALLE PESCHIERE, SILVIA TORMEN &#8220;CON VAIA LE COSE PREZIOSE NON LE ABBIAMO PERSE, SI POSSONO RICOSTRUIRE&#8221;<\/a><\/p><\/blockquote>\n<p><iframe loading=\"lazy\" class=\"wp-embedded-content\" sandbox=\"allow-scripts\" security=\"restricted\" style=\"position: absolute; clip: rect(1px, 1px, 1px, 1px);\" title=\"&#8220;L&#8217;INAUGURAZIONE DELLA PIANTUMAZIONE ALLE PESCHIERE, SILVIA TORMEN &#8220;CON VAIA LE COSE PREZIOSE NON LE ABBIAMO PERSE, SI POSSONO RICOSTRUIRE&#8221;&#8221; &#8212; Radio Pi\u00f9\" src=\"https:\/\/www.radiopiu.net\/wordpress\/linaugurazione-della-piantumazione-alle-peschiere-silvia-tormen-con-vaia-le-cose-preziose-non-le-abbiamo-perse-si-possono-ricostruire\/embed\/#?secret=3BcO4aWZmb\" data-secret=\"3BcO4aWZmb\" width=\"600\" height=\"338\" frameborder=\"0\" marginwidth=\"0\" marginheight=\"0\" scrolling=\"no\"><\/iframe><\/p>\n<p>&nbsp;<\/p>\n<p>&nbsp;<\/p>\n<hr \/>\n<p>&nbsp;<\/p>\n<h2><span style=\"color: #ff0000;\">LA RACCOLTA COMPLETA<\/span><\/h2>\n<blockquote class=\"wp-embedded-content\" data-secret=\"y8LdFTJcxn\"><p><a href=\"https:\/\/www.radiopiu.net\/wordpress\/girovagando-in-e-bike-tra-le-dolomiti\/\">GIROVAGANDO IN E BIKE TRA LE DOLOMITI<\/a><\/p><\/blockquote>\n<p><iframe loading=\"lazy\" class=\"wp-embedded-content\" sandbox=\"allow-scripts\" security=\"restricted\" style=\"position: absolute; clip: rect(1px, 1px, 1px, 1px);\" title=\"&#8220;GIROVAGANDO IN E BIKE TRA LE DOLOMITI&#8221; &#8212; Radio Pi\u00f9\" src=\"https:\/\/www.radiopiu.net\/wordpress\/girovagando-in-e-bike-tra-le-dolomiti\/embed\/#?secret=y8LdFTJcxn\" data-secret=\"y8LdFTJcxn\" width=\"600\" height=\"338\" frameborder=\"0\" marginwidth=\"0\" marginheight=\"0\" scrolling=\"no\"><\/iframe><\/p>\n<p>&nbsp;<\/p>\n<hr \/>\n<p>&nbsp;<\/p>\n<p>&nbsp;<\/p>\n<blockquote class=\"wp-embedded-content\" data-secret=\"3txBcll6JN\"><p><a href=\"https:\/\/www.radiopiu.net\/wordpress\/giovani-agricoltori-agordini-di-gianni-santomaso\/\">GIOVANI AGRICOLTORI AGORDINI, di GIANNI SANTOMASO<\/a><\/p><\/blockquote>\n<p><iframe loading=\"lazy\" class=\"wp-embedded-content\" sandbox=\"allow-scripts\" security=\"restricted\" style=\"position: absolute; clip: rect(1px, 1px, 1px, 1px);\" title=\"&#8220;GIOVANI AGRICOLTORI AGORDINI, di GIANNI SANTOMASO&#8221; &#8212; Radio Pi\u00f9\" src=\"https:\/\/www.radiopiu.net\/wordpress\/giovani-agricoltori-agordini-di-gianni-santomaso\/embed\/#?secret=3txBcll6JN\" data-secret=\"3txBcll6JN\" width=\"600\" height=\"338\" frameborder=\"0\" marginwidth=\"0\" marginheight=\"0\" scrolling=\"no\"><\/iframe><\/p>\n<p>&nbsp;<\/p>\n<p>&nbsp;<\/p>\n<hr \/>\n<p>&nbsp;<\/p>\n<p>&nbsp;<\/p>\n<div>\n<div class=\"b654a4as d2edcug0\">\n<div class=\"rq0escxv hkbzh7o3 jwdofwj8 n8tt0mok r8blr3vg hyh9befq\">\n<p><a class=\"dt-pswp-item\" href=\"https:\/\/www.radiopiu.net\/wordpress\/wp-content\/uploads\/2020\/10\/pp.jpg\" data-dt-img-description=\"\" data-large_image_width=\"640\" data-large_image_height=\"640\"><img loading=\"lazy\" decoding=\"async\" class=\"wp-image-163678 alignleft\" src=\"https:\/\/www.radiopiu.net\/wordpress\/wp-content\/uploads\/2020\/10\/pp-300x300.jpg\" alt=\"\" width=\"106\" height=\"106\" srcset=\"https:\/\/www.radiopiu.net\/wordpress\/wp-content\/uploads\/2020\/10\/pp-300x300.jpg 300w, https:\/\/www.radiopiu.net\/wordpress\/wp-content\/uploads\/2020\/10\/pp-150x150.jpg 150w, https:\/\/www.radiopiu.net\/wordpress\/wp-content\/uploads\/2020\/10\/pp-125x125.jpg 125w, https:\/\/www.radiopiu.net\/wordpress\/wp-content\/uploads\/2020\/10\/pp-200x200.jpg 200w, https:\/\/www.radiopiu.net\/wordpress\/wp-content\/uploads\/2020\/10\/pp-80x80.jpg 80w, https:\/\/www.radiopiu.net\/wordpress\/wp-content\/uploads\/2020\/10\/pp-480x480.jpg 480w, https:\/\/www.radiopiu.net\/wordpress\/wp-content\/uploads\/2020\/10\/pp.jpg 640w\" sizes=\"auto, (max-width: 106px) 100vw, 106px\" \/><\/a><\/p>\n<\/div>\n<\/div>\n<\/div>\n<div>\n<div class=\"page-title-head hgroup\">\n<div class=\"page-title-head hgroup\">\n<div class=\"b654a4as d2edcug0\">\n<div class=\"j83agx80 btwxx1t3 lhclo0ds hop8lmos nkwizq5d scwd0bx6 roh60bw9\">\n<div class=\"rq0escxv hkbzh7o3 jwdofwj8 n8tt0mok r8blr3vg hyh9befq\">\n<div class=\"do00u71z l9j0dhe7 k4urcfbm\">\n<h2><span style=\"color: #000080;\">DON CESARE, IL PENSIERO DEL GIORNO. ALLA RADIO ALLE 7 DEL MATTINO E ALLE 19.30 DELLA SERA.\u00a0\u00a0<\/span><\/h2>\n<\/div>\n<\/div>\n<\/div>\n<div class=\"rq0escxv hkbzh7o3 jwdofwj8 n8tt0mok r8blr3vg hyh9befq\"><\/div>\n<div><\/div>\n<div><\/div>\n<div>\n<audio class=\"wp-audio-shortcode\" id=\"audio-216693-16\" preload=\"none\" style=\"width: 100%;\" controls=\"controls\"><source type=\"audio\/mpeg\" src=\"https:\/\/www.radiopiu.net\/wordpress\/wp-content\/uploads\/2021\/06\/cesare-2.mp3?_=16\" \/><a href=\"https:\/\/www.radiopiu.net\/wordpress\/wp-content\/uploads\/2021\/06\/cesare-2.mp3\">https:\/\/www.radiopiu.net\/wordpress\/wp-content\/uploads\/2021\/06\/cesare-2.mp3<\/a><\/audio>\n<\/div>\n<div><\/div>\n<div>\n<hr \/>\n<\/div>\n<div><\/div>\n<div>\n<div><\/div>\n<blockquote>\n<h3>COLLAGE&#8230; DI LORIS SCUSSEL dal lunedi al venerdi alle 16 e alle 23 su RADIO PIU<\/h3>\n<\/blockquote>\n<div>\n<blockquote>\n<div>\n<div>\n<div><strong>AUDIO PUNTATA 370 DEL\u00a0 18\u00a0 GIUGNO\u00a0 \u00a0<\/strong><\/div>\n<\/div>\n<\/div>\n<\/blockquote>\n<div>\n<audio class=\"wp-audio-shortcode\" id=\"audio-216693-17\" preload=\"none\" style=\"width: 100%;\" controls=\"controls\"><source type=\"audio\/mpeg\" src=\"https:\/\/www.radiopiu.net\/wordpress\/wp-content\/uploads\/2021\/06\/COVE.mp3?_=17\" \/><a href=\"https:\/\/www.radiopiu.net\/wordpress\/wp-content\/uploads\/2021\/06\/COVE.mp3\">https:\/\/www.radiopiu.net\/wordpress\/wp-content\/uploads\/2021\/06\/COVE.mp3<\/a><\/audio>\n<p>&nbsp;<\/p>\n<\/div>\n<blockquote>\n<div>\n<div>\n<div>\n<div>\n<div>\n<p><img loading=\"lazy\" decoding=\"async\" class=\"alignleft\" src=\"https:\/\/www.radiopiu.net\/wordpress\/wp-content\/uploads\/2021\/05\/Schermata-2021-05-23-alle-11.50.11.png\" width=\"186\" height=\"131\" \/>Il programma \u00e8 andato in onda da dicembre 2013 fino a luglio 2019, comprese le repliche, in due serie per 350 puntate complessive con 1.890 brani trasmessi. L\u2019obiettivo del programma: riproporre agli ascoltatori pi\u00f9 grandicelli le canzoni che ascoltavano nel passato e nello stesso tempo farle conoscere anche ai pi\u00f9 giovani.<\/p>\n<\/div>\n<p>&nbsp;<\/p>\n<\/div>\n<\/div>\n<\/div>\n<\/div>\n<p>&nbsp;<\/p><\/blockquote>\n<\/div>\n<div><\/div>\n<div><\/div>\n<hr \/>\n<p>&nbsp;<\/p>\n<blockquote>\n<h2>FANTASTICHE DOLOMITI, NUOVA STAGIONE. APPUNTAMENTO QUINDICINALE IL GIOVEDI ALLE 10.30 E 19.00<\/h2>\n<\/blockquote>\n<h2><span style=\"color: #ff0000;\"><strong><a class=\"dt-pswp-item\" href=\"https:\/\/www.radiopiu.net\/wordpress\/wp-content\/uploads\/2020\/08\/montagna-2020-scaled.jpg\" data-dt-img-description=\"\" data-large_image_width=\"2560\" data-large_image_height=\"1440\"><img loading=\"lazy\" decoding=\"async\" class=\"wp-image-158273 alignleft\" src=\"https:\/\/www.radiopiu.net\/wordpress\/wp-content\/uploads\/2020\/08\/montagna-2020-300x169.jpg\" alt=\"\" width=\"147\" height=\"83\" srcset=\"https:\/\/www.radiopiu.net\/wordpress\/wp-content\/uploads\/2020\/08\/montagna-2020-300x169.jpg 300w, https:\/\/www.radiopiu.net\/wordpress\/wp-content\/uploads\/2020\/08\/montagna-2020-1024x576.jpg 1024w, https:\/\/www.radiopiu.net\/wordpress\/wp-content\/uploads\/2020\/08\/montagna-2020-768x432.jpg 768w, https:\/\/www.radiopiu.net\/wordpress\/wp-content\/uploads\/2020\/08\/montagna-2020-1536x864.jpg 1536w, https:\/\/www.radiopiu.net\/wordpress\/wp-content\/uploads\/2020\/08\/montagna-2020-2048x1152.jpg 2048w, https:\/\/www.radiopiu.net\/wordpress\/wp-content\/uploads\/2020\/08\/montagna-2020-640x360.jpg 640w\" sizes=\"auto, (max-width: 147px) 100vw, 147px\" \/><\/a><\/strong><\/span><\/h2>\n<h2><span style=\"color: #ff0000;\">PUNTATA 18 17 GIUGNO\u00a0<\/span><\/h2>\n<p><strong>OSPITE IL PRESIDENTE CLAUDIO CANOVA<\/strong><\/p>\n<audio class=\"wp-audio-shortcode\" id=\"audio-216693-18\" preload=\"none\" style=\"width: 100%;\" controls=\"controls\"><source type=\"audio\/mpeg\" src=\"https:\/\/www.radiopiu.net\/wordpress\/wp-content\/uploads\/2021\/06\/fantasticvhe-dolomiti-17-giugno.mp3?_=18\" \/><a href=\"https:\/\/www.radiopiu.net\/wordpress\/wp-content\/uploads\/2021\/06\/fantasticvhe-dolomiti-17-giugno.mp3\">https:\/\/www.radiopiu.net\/wordpress\/wp-content\/uploads\/2021\/06\/fantasticvhe-dolomiti-17-giugno.mp3<\/a><\/audio>\n<h3>LA RACCOLTA COMPLETA<\/h3>\n<blockquote class=\"wp-embedded-content\" data-secret=\"jOE2eT20ul\"><p><a href=\"https:\/\/www.radiopiu.net\/wordpress\/raccolta-completa11\/\">FANTASTICHE DOLOMITI LA RACCOLTA COMPLETA<\/a><\/p><\/blockquote>\n<p><iframe loading=\"lazy\" class=\"wp-embedded-content\" sandbox=\"allow-scripts\" security=\"restricted\" style=\"position: absolute; clip: rect(1px, 1px, 1px, 1px);\" title=\"&#8220;FANTASTICHE DOLOMITI LA RACCOLTA COMPLETA&#8221; &#8212; Radio Pi\u00f9\" src=\"https:\/\/www.radiopiu.net\/wordpress\/raccolta-completa11\/embed\/#?secret=jOE2eT20ul\" data-secret=\"jOE2eT20ul\" width=\"600\" height=\"338\" frameborder=\"0\" marginwidth=\"0\" marginheight=\"0\" scrolling=\"no\"><\/iframe><\/p>\n<p>&nbsp;<\/p>\n<p>&nbsp;<\/p>\n<p>&nbsp;<\/p>\n<hr \/>\n<div>\n<div class=\"b654a4as d2edcug0\">\n<div class=\"rq0escxv hkbzh7o3 jwdofwj8 n8tt0mok r8blr3vg hyh9befq\">\n<div class=\"b654a4as d2edcug0\">\n<h2><span style=\"color: #008000;\">\u00a0<\/span><\/h2>\n<h2><span style=\"color: #008000;\">ERBE E PIANTE CURATIVE&#8230;IL\u00a0 PROGRAMMA DI PAOLA LANCIATO<\/span><\/h2>\n<p><strong>LA RACCOLTA COMPLETA<\/strong><\/p>\n<\/div>\n<blockquote class=\"wp-embedded-content\" data-secret=\"eoibveTNIi\"><p><a href=\"https:\/\/www.radiopiu.net\/wordpress\/erbe-e-piante-curative-il-mandorlo\/\">L\u2019ERBA VOGLIO DEL GIARDINO DEL RE\u2026 ERBE, FIORI E PIANTE DI E CON PAOLA LANCIATO<\/a><\/p><\/blockquote>\n<p><iframe loading=\"lazy\" class=\"wp-embedded-content\" sandbox=\"allow-scripts\" security=\"restricted\" style=\"position: absolute; clip: rect(1px, 1px, 1px, 1px);\" title=\"&#8220;L\u2019ERBA VOGLIO DEL GIARDINO DEL RE\u2026 ERBE, FIORI E PIANTE DI E CON PAOLA LANCIATO&#8221; &#8212; Radio Pi\u00f9\" src=\"https:\/\/www.radiopiu.net\/wordpress\/erbe-e-piante-curative-il-mandorlo\/embed\/#?secret=eoibveTNIi\" data-secret=\"eoibveTNIi\" width=\"600\" height=\"338\" frameborder=\"0\" marginwidth=\"0\" marginheight=\"0\" scrolling=\"no\"><\/iframe><\/p>\n<p>&nbsp;<\/p>\n<\/div>\n<\/div>\n<\/div>\n<p>&nbsp;<\/p>\n<hr \/>\n<p>&nbsp;<\/p>\n<div>\n<h2><span style=\"color: #ff0000;\"><strong>IN VIVO VERSO 2020-21 ESTATE, RIASCOLTIAMOLI&#8230; DAL CASSETTO DEI RICORDI DI RADIO PIU&#8217;&#8230; LE PRIME\u00a0 SEI STAGIONI\u00a0 \u00a0<\/strong><\/span><\/h2>\n<div class=\"page-title-head hgroup\">\n<div class=\"page-title-head hgroup\">\n<div class=\"page-title-head hgroup\">\n<div class=\"page-title-head hgroup\">\n<div class=\"page-title-head hgroup\">\n<div class=\"page-title-head hgroup\">\n<blockquote>\n<h2 align=\"left\">riascoltiamole NOVEMBRE DI DOMENICA di ANDREA TOMASELLI<\/h2>\n<\/blockquote>\n<blockquote><p><strong>AUDIO<\/strong><\/p>\n<audio class=\"wp-audio-shortcode\" id=\"audio-216693-19\" preload=\"none\" style=\"width: 100%;\" controls=\"controls\"><source type=\"audio\/mpeg\" src=\"https:\/\/www.radiopiu.net\/wordpress\/wp-content\/uploads\/2021\/06\/VIVO-VERSO-VEN-2.mp3?_=19\" \/><a href=\"https:\/\/www.radiopiu.net\/wordpress\/wp-content\/uploads\/2021\/06\/VIVO-VERSO-VEN-2.mp3\">https:\/\/www.radiopiu.net\/wordpress\/wp-content\/uploads\/2021\/06\/VIVO-VERSO-VEN-2.mp3<\/a><\/audio>\n<p>&nbsp;<\/p>\n<p>&nbsp;<\/p>\n<p><strong>LA RACCOLTA COMPLETA<\/strong><\/p><\/blockquote>\n<\/div>\n<\/div>\n<\/div>\n<\/div>\n<\/div>\n<\/div>\n<blockquote class=\"wp-embedded-content\" data-secret=\"3hXfKLtgLr\"><p><a href=\"https:\/\/www.radiopiu.net\/wordpress\/in-vivo-verso\/\">In Vivo Verso<\/a><\/p><\/blockquote>\n<p><iframe loading=\"lazy\" class=\"wp-embedded-content\" sandbox=\"allow-scripts\" security=\"restricted\" style=\"position: absolute; clip: rect(1px, 1px, 1px, 1px);\" title=\"&#8220;In Vivo Verso&#8221; &#8212; Radio Pi\u00f9\" src=\"https:\/\/www.radiopiu.net\/wordpress\/in-vivo-verso\/embed\/#?secret=3hXfKLtgLr\" data-secret=\"3hXfKLtgLr\" width=\"600\" height=\"338\" frameborder=\"0\" marginwidth=\"0\" marginheight=\"0\" scrolling=\"no\"><\/iframe><\/p>\n<p>&nbsp;<\/p>\n<p>&nbsp;<\/p>\n<hr \/>\n<\/div>\n<blockquote>\n<blockquote>\n<h2><\/h2>\n<\/blockquote>\n<\/blockquote>\n<div>\n<div class=\"b654a4as d2edcug0\">\n<div class=\"rq0escxv hkbzh7o3 jwdofwj8 n8tt0mok r8blr3vg hyh9befq\">\n<p>&nbsp;<\/p>\n<blockquote>\n<h2><span style=\"color: #ff0000;\"><em>ZAINO ALLA RADIO&#8230;ESTATE DI PAOLA LANCIATO TUTTI I GIORNI dal lunedi al venerdi ALLE 14 E 23.30\u00a0 \u00a0<\/em><\/span><\/h2>\n<\/blockquote>\n<div class=\"b654a4as d2edcug0\">\n<blockquote>\n<h3>ZAINO DA VIAGGIO ESTATE di PAOLA LANCIATO Castrocaro e la terra del sole<\/h3>\n<\/blockquote>\n<p>AUDIO<\/p>\n<audio class=\"wp-audio-shortcode\" id=\"audio-216693-20\" preload=\"none\" style=\"width: 100%;\" controls=\"controls\"><source type=\"audio\/mpeg\" src=\"https:\/\/www.radiopiu.net\/wordpress\/wp-content\/uploads\/2021\/06\/30-Castrocaro-e-la-Terra-del-Sole.mp3?_=20\" \/><a href=\"https:\/\/www.radiopiu.net\/wordpress\/wp-content\/uploads\/2021\/06\/30-Castrocaro-e-la-Terra-del-Sole.mp3\">https:\/\/www.radiopiu.net\/wordpress\/wp-content\/uploads\/2021\/06\/30-Castrocaro-e-la-Terra-del-Sole.mp3<\/a><\/audio>\n<p><a href=\"https:\/\/www.radiopiu.net\/wordpress\/giornale-radiopiu-14-giugno-2021-direttore-mirko-mezzacasa\/30-3\/\" rel=\"attachment wp-att-215904\"><img loading=\"lazy\" decoding=\"async\" class=\"alignnone size-medium wp-image-215904\" src=\"https:\/\/www.radiopiu.net\/wordpress\/wp-content\/uploads\/2021\/06\/30-300x200.jpg\" alt=\"\" width=\"300\" height=\"200\" srcset=\"https:\/\/www.radiopiu.net\/wordpress\/wp-content\/uploads\/2021\/06\/30-300x200.jpg 300w, https:\/\/www.radiopiu.net\/wordpress\/wp-content\/uploads\/2021\/06\/30-1024x684.jpg 1024w, https:\/\/www.radiopiu.net\/wordpress\/wp-content\/uploads\/2021\/06\/30-768x513.jpg 768w, https:\/\/www.radiopiu.net\/wordpress\/wp-content\/uploads\/2021\/06\/30-1536x1025.jpg 1536w, https:\/\/www.radiopiu.net\/wordpress\/wp-content\/uploads\/2021\/06\/30.jpg 2000w\" sizes=\"auto, (max-width: 300px) 100vw, 300px\" \/><\/a><\/p>\n<p>&nbsp;<\/p>\n<p>&nbsp;<\/p>\n<p><strong>LA RACCOLTA COMPLETA<\/strong><\/p>\n<\/div>\n<blockquote class=\"wp-embedded-content\" data-secret=\"3cgkm1hVuR\"><p><a href=\"https:\/\/www.radiopiu.net\/wordpress\/zaino-femminile-lanciato\/\">Zaino da viaggio al femminile<\/a><\/p><\/blockquote>\n<p><iframe loading=\"lazy\" class=\"wp-embedded-content\" sandbox=\"allow-scripts\" security=\"restricted\" style=\"position: absolute; clip: rect(1px, 1px, 1px, 1px);\" title=\"&#8220;Zaino da viaggio al femminile&#8221; &#8212; Radio Pi\u00f9\" src=\"https:\/\/www.radiopiu.net\/wordpress\/zaino-femminile-lanciato\/embed\/#?secret=3cgkm1hVuR\" data-secret=\"3cgkm1hVuR\" width=\"600\" height=\"338\" frameborder=\"0\" marginwidth=\"0\" marginheight=\"0\" scrolling=\"no\"><\/iframe><\/p>\n<p>&nbsp;<\/p>\n<\/div>\n<\/div>\n<\/div>\n<hr \/>\n<p>&nbsp;<\/p>\n<div>\n<h2><span style=\"color: #800080;\"><strong>LA RASSEGNA STAMPA DA L&#8217;AMICO DEL POPOLO\u00a0<\/strong><\/span><\/h2>\n<h3 class=\"kvgmc6g5 cxmmr5t8 oygrvhab hcukyx3x c1et5uql\"><span style=\"color: #0000ff;\"> INFORMAZIONE il canale su TELEGRAM informazione di prima mano e in tempo reale. iscriviti ed aiutaci a farlo conoscere\u00a0\u00a0<\/span><\/h3>\n<p><img loading=\"lazy\" decoding=\"async\" class=\"alignleft\" src=\"https:\/\/www.radiopiu.net\/wordpress\/wp-content\/uploads\/2019\/02\/AUSER.png\" width=\"246\" height=\"110\" \/><strong>PUNTATA 12 GIUGNO 2021<\/strong><\/p>\n<p><strong>OSPITE ARNO PAULETTI<\/strong><\/p>\n<p><strong>DI GIANNI SANTOMASO\u00a0<\/strong><\/p>\n<audio class=\"wp-audio-shortcode\" id=\"audio-216693-21\" preload=\"none\" style=\"width: 100%;\" controls=\"controls\"><source type=\"audio\/mpeg\" src=\"https:\/\/www.radiopiu.net\/wordpress\/wp-content\/uploads\/2021\/06\/RASSEGNA-GIANNI-2.mp3?_=21\" \/><a href=\"https:\/\/www.radiopiu.net\/wordpress\/wp-content\/uploads\/2021\/06\/RASSEGNA-GIANNI-2.mp3\">https:\/\/www.radiopiu.net\/wordpress\/wp-content\/uploads\/2021\/06\/RASSEGNA-GIANNI-2.mp3<\/a><\/audio>\n<p>&nbsp;<\/p>\n<p><strong>LA RACCOLTA COMPLETA<\/strong><\/p>\n<blockquote class=\"wp-embedded-content\" data-secret=\"1hibRCCb9A\"><p><a href=\"https:\/\/www.radiopiu.net\/wordpress\/rassegna-stampa-di-gianni-santomaso\/\">Rassegna stampa da l&#8217;amico del popolo &#8211; di Gianni Santomaso<\/a><\/p><\/blockquote>\n<p><iframe loading=\"lazy\" class=\"wp-embedded-content\" sandbox=\"allow-scripts\" security=\"restricted\" style=\"position: absolute; clip: rect(1px, 1px, 1px, 1px);\" title=\"&#8220;Rassegna stampa da l&#8217;amico del popolo &#8211; di Gianni Santomaso&#8221; &#8212; Radio Pi\u00f9\" src=\"https:\/\/www.radiopiu.net\/wordpress\/rassegna-stampa-di-gianni-santomaso\/embed\/#?secret=1hibRCCb9A\" data-secret=\"1hibRCCb9A\" width=\"600\" height=\"338\" frameborder=\"0\" marginwidth=\"0\" marginheight=\"0\" scrolling=\"no\"><\/iframe><\/p>\n<div class=\"b654a4as d2edcug0\"><\/div>\n<\/div>\n<p>&nbsp;<\/p>\n<hr \/>\n<p>&nbsp;<\/p>\n<div dir=\"auto\">\n<blockquote>\n<h3 class=\"kvgmc6g5 cxmmr5t8 oygrvhab hcukyx3x c1et5uql\"><\/h3>\n<\/blockquote>\n<h2>007 IN CONDOTTA CON LA PROF. MARIA ROSA SALMAZO<\/h2>\n<p>LA RACCOLTA COMPLETA<\/p>\n<\/div>\n<div dir=\"auto\">\n<blockquote class=\"wp-embedded-content\" data-secret=\"fyUYok1S6r\"><p><a href=\"https:\/\/www.radiopiu.net\/wordpress\/007incondotta-9\/\">007 in condotta<\/a><\/p><\/blockquote>\n<p><iframe loading=\"lazy\" class=\"wp-embedded-content\" sandbox=\"allow-scripts\" security=\"restricted\" style=\"position: absolute; clip: rect(1px, 1px, 1px, 1px);\" title=\"&#8220;007 in condotta&#8221; &#8212; Radio Pi\u00f9\" src=\"https:\/\/www.radiopiu.net\/wordpress\/007incondotta-9\/embed\/#?secret=fyUYok1S6r\" data-secret=\"fyUYok1S6r\" width=\"600\" height=\"338\" frameborder=\"0\" marginwidth=\"0\" marginheight=\"0\" scrolling=\"no\"><\/iframe><\/p>\n<p>&nbsp;<\/p>\n<h1><\/h1>\n<\/div>\n<hr \/>\n<p>&nbsp;<\/p>\n<p>&nbsp;<\/p>\n<div dir=\"auto\">\n<blockquote>\n<h3>SALUTE E SOCIETA&#8217; IL LUNEDI ALLE 13.10 E ALLE 20.10, LA DOMENICA ALLE 10.30 A CURA DEL DOTTOR MARCO CARACCIOLO. QUINTA STAGIONE<\/h3>\n<\/blockquote>\n<p><strong><img loading=\"lazy\" decoding=\"async\" class=\"alignleft\" src=\"https:\/\/www.radiopiu.net\/wordpress\/wp-content\/uploads\/2021\/06\/1b50a449-5422-150a-79c9-d820371a086f.png\" width=\"235\" height=\"132\" \/>LA PUNTATA DELLA SETTIMANA del 7 GIUGNO<\/strong><\/p>\n<p>Dal congresso annuale dell\u2019ASCO, American Society of Clinical Oncology, una buona notizia per il trattamento del tumore della prostata metastatico e resistente alla castrazione. La terapia nota con la sigla 177Lu-PSMA-617, basata su un nuovo radiofarmaco, quando aggiunta al trattamento standard permette di migliorare in modo significativo la sopravvivenza globale.<\/p>\n<p>Danilo Magliano ne ha parlato con Giuseppe Procopio, Responsabile Oncologia Medica genitourinaria, Fondazione IRCCS Istituto Nazionale dei Tumori di Milano<\/p>\n<audio class=\"wp-audio-shortcode\" id=\"audio-216693-22\" preload=\"none\" style=\"width: 100%;\" controls=\"controls\"><source type=\"audio\/mpeg\" src=\"https:\/\/www.radiopiu.net\/wordpress\/wp-content\/uploads\/2021\/06\/SALUTE-1.mp3?_=22\" \/><a href=\"https:\/\/www.radiopiu.net\/wordpress\/wp-content\/uploads\/2021\/06\/SALUTE-1.mp3\">https:\/\/www.radiopiu.net\/wordpress\/wp-content\/uploads\/2021\/06\/SALUTE-1.mp3<\/a><\/audio>\n<p>&nbsp;<\/p>\n<blockquote class=\"wp-embedded-content\" data-secret=\"TE2FTCUpCL\"><p><a href=\"https:\/\/www.radiopiu.net\/wordpress\/saluteesocieta\/\">Salute e Societ\u00e0<\/a><\/p><\/blockquote>\n<p><iframe loading=\"lazy\" class=\"wp-embedded-content\" sandbox=\"allow-scripts\" security=\"restricted\" style=\"position: absolute; clip: rect(1px, 1px, 1px, 1px);\" title=\"&#8220;Salute e Societ\u00e0&#8221; &#8212; Radio Pi\u00f9\" src=\"https:\/\/www.radiopiu.net\/wordpress\/saluteesocieta\/embed\/#?secret=TE2FTCUpCL\" data-secret=\"TE2FTCUpCL\" width=\"600\" height=\"338\" frameborder=\"0\" marginwidth=\"0\" marginheight=\"0\" scrolling=\"no\"><\/iframe><\/p>\n<\/div>\n<div dir=\"auto\">\n<h1><\/h1>\n<\/div>\n<p>&nbsp;<\/p>\n<h1><\/h1>\n<div>\n<div class=\"page-title-head hgroup\">\n<div class=\"page-title-head hgroup\">\n<div class=\"page-title-head hgroup\">\n<div>\n<div class=\"b654a4as d2edcug0\">\n<div class=\"rq0escxv hkbzh7o3 jwdofwj8 n8tt0mok r8blr3vg hyh9befq\">\n<hr \/>\n<\/div>\n<\/div>\n<\/div>\n<div>\n<div class=\"page-title-head hgroup\">\n<div class=\"page-title-head hgroup\">\n<div>\n<div class=\"b654a4as d2edcug0\">\n<p>&nbsp;<\/p>\n<blockquote>\n<h3><img loading=\"lazy\" decoding=\"async\" class=\"alignleft\" src=\"https:\/\/www.radiopiu.net\/wordpress\/wp-content\/uploads\/2021\/06\/fresh-flower-leaves-saffron-white-background-place-your-text-use-saffron-spice-cooking-cosmetology_347372-394.jpeg\" width=\"141\" height=\"94\" \/>L&#8217;ALMANACCO LADINO CON L&#8217;ISTITUT CESA DE JAN QUINDICINALE APPUNTAMENTO. LA DOMENICA ALLE 9 IL LUNEDI ALLE 8.35 IL MARTEDI ALLE 12.35 IL MERCOLEDI ALLE 18.35. SECONDA STAGIONE.<\/h3>\n<\/blockquote>\n<p><strong>RACCOLTA COMPLETA\u00a0<\/strong><\/p>\n<blockquote class=\"wp-embedded-content\" data-secret=\"i2eLWnfK21\"><p><a href=\"https:\/\/www.radiopiu.net\/wordpress\/almanacco-ladino\/\">Almanacco Ladino<\/a><\/p><\/blockquote>\n<p><iframe loading=\"lazy\" class=\"wp-embedded-content\" sandbox=\"allow-scripts\" security=\"restricted\" style=\"position: absolute; clip: rect(1px, 1px, 1px, 1px);\" title=\"&#8220;Almanacco Ladino&#8221; &#8212; Radio Pi\u00f9\" src=\"https:\/\/www.radiopiu.net\/wordpress\/almanacco-ladino\/embed\/#?secret=i2eLWnfK21\" data-secret=\"i2eLWnfK21\" width=\"600\" height=\"338\" frameborder=\"0\" marginwidth=\"0\" marginheight=\"0\" scrolling=\"no\"><\/iframe><\/p>\n<div dir=\"auto\"><\/div>\n<\/div>\n<div>\n<p>&nbsp;<\/p>\n<hr \/>\n<h2><span style=\"color: #808000;\">\u00a0<\/span><\/h2>\n<h2><span style=\"color: #808000;\">DUE MINUTI UN LIBRO\u00a0 TUTTI I GIORNI ALLA RADIO ALLE 9.30 E ALLE 18. QUINTA STAGIONE\u00a0 \u00a0 \u00a0\u00a0<\/span><\/h2>\n<blockquote class=\"wp-embedded-content\" data-secret=\"J3oqM8ppqx\"><p><a href=\"https:\/\/www.radiopiu.net\/wordpress\/panni-sporchi-per-martinengo\/\">PANNI SPORCHI PER MARTINENGO<\/a><\/p><\/blockquote>\n<p><iframe loading=\"lazy\" class=\"wp-embedded-content\" sandbox=\"allow-scripts\" security=\"restricted\" style=\"position: absolute; clip: rect(1px, 1px, 1px, 1px);\" title=\"&#8220;PANNI SPORCHI PER MARTINENGO&#8221; &#8212; Radio Pi\u00f9\" src=\"https:\/\/www.radiopiu.net\/wordpress\/panni-sporchi-per-martinengo\/embed\/#?secret=J3oqM8ppqx\" data-secret=\"J3oqM8ppqx\" width=\"600\" height=\"338\" frameborder=\"0\" marginwidth=\"0\" marginheight=\"0\" scrolling=\"no\"><\/iframe><\/p>\n<p>&nbsp;<\/p>\n<blockquote class=\"wp-embedded-content\" data-secret=\"BkEjZkxKEH\"><p><a href=\"https:\/\/www.radiopiu.net\/wordpress\/due-minuti-un-libro\/\">Due minuti un libro<\/a><\/p><\/blockquote>\n<p><iframe loading=\"lazy\" class=\"wp-embedded-content\" sandbox=\"allow-scripts\" security=\"restricted\" style=\"position: absolute; clip: rect(1px, 1px, 1px, 1px);\" title=\"&#8220;Due minuti un libro&#8221; &#8212; Radio Pi\u00f9\" src=\"https:\/\/www.radiopiu.net\/wordpress\/due-minuti-un-libro\/embed\/#?secret=BkEjZkxKEH\" data-secret=\"BkEjZkxKEH\" width=\"600\" height=\"338\" frameborder=\"0\" marginwidth=\"0\" marginheight=\"0\" scrolling=\"no\"><\/iframe><\/p>\n<p>&nbsp;<\/p>\n<p>&nbsp;<\/p>\n<hr \/>\n<p>\u200b<\/p>\n<div>\n<h2><span style=\"color: #33cccc;\">I RACCONTI DI PAOLO SOPPELSA il lunedi alle 9.30 e 18.30<\/span><\/h2>\n<p><span style=\"color: #0000ff;\">INFORMAZIONE il canale su TELEGRAM informazione di prima mano e in tempo reale. iscriviti ed aiutaci a farlo conoscere\u00a0<\/span><\/p>\n<blockquote class=\"wp-embedded-content\" data-secret=\"otLAOTxNvE\"><p><a href=\"https:\/\/www.radiopiu.net\/wordpress\/i-racconti-di-paolo-soppelsa-settantanovesima-puntata\/\">I RACCONTI DI PAOLO SOPPELSA SETTANTANOVESIMA PUNTATA<\/a><\/p><\/blockquote>\n<p><iframe loading=\"lazy\" class=\"wp-embedded-content\" sandbox=\"allow-scripts\" security=\"restricted\" style=\"position: absolute; clip: rect(1px, 1px, 1px, 1px);\" title=\"&#8220;I RACCONTI DI PAOLO SOPPELSA SETTANTANOVESIMA PUNTATA&#8221; &#8212; Radio Pi\u00f9\" src=\"https:\/\/www.radiopiu.net\/wordpress\/i-racconti-di-paolo-soppelsa-settantanovesima-puntata\/embed\/#?secret=otLAOTxNvE\" data-secret=\"otLAOTxNvE\" width=\"600\" height=\"338\" frameborder=\"0\" marginwidth=\"0\" marginheight=\"0\" scrolling=\"no\"><\/iframe><\/p>\n<p>&nbsp;<\/p>\n<blockquote class=\"wp-embedded-content\" data-secret=\"QuJx1rRxVg\"><p><a href=\"https:\/\/www.radiopiu.net\/wordpress\/i-racconti-di-paolo-soppelsa\/\">I racconti di Paolo Soppelsa<\/a><\/p><\/blockquote>\n<p><iframe loading=\"lazy\" class=\"wp-embedded-content\" sandbox=\"allow-scripts\" security=\"restricted\" style=\"position: absolute; clip: rect(1px, 1px, 1px, 1px);\" title=\"&#8220;I racconti di Paolo Soppelsa&#8221; &#8212; Radio Pi\u00f9\" src=\"https:\/\/www.radiopiu.net\/wordpress\/i-racconti-di-paolo-soppelsa\/embed\/#?secret=QuJx1rRxVg\" data-secret=\"QuJx1rRxVg\" width=\"600\" height=\"338\" frameborder=\"0\" marginwidth=\"0\" marginheight=\"0\" scrolling=\"no\"><\/iframe><\/p>\n<p>&nbsp;<\/p>\n<\/div>\n<\/div>\n<hr \/>\n<p>&nbsp;<\/p>\n<h2><strong><span style=\"color: #ff0000;\">ALLA RADIO<\/span><\/strong><\/h2>\n<div data-offset-key=\"5n5nl-0-0\">\n<h3>Per ricevere gli aggiornamenti in tempo reale delle notizie pubblicate alla radio e sul sito di radio pi\u00f9 iscriviti al gruppo RADIO PIU INFORMAZIONE su Telegram.\u00a0\u00a0<a href=\"https:\/\/t.me\/radiopiu\">clicca qui<\/a><\/h3>\n<p>&nbsp;<\/p>\n<\/div>\n<blockquote><p><strong><a href=\"https:\/\/www.radiopiu.net\/wordpress\/cassa-solidarieta-luxottica-puntata-del-19-giugno-2020\/cslxo-2\/\" rel=\"attachment wp-att-145244\"><img loading=\"lazy\" decoding=\"async\" class=\"size-medium wp-image-145244 alignleft\" src=\"https:\/\/www.radiopiu.net\/wordpress\/wp-content\/uploads\/2020\/06\/cassa-solidarieta-luxottica-300x148.jpg\" alt=\"\" width=\"300\" height=\"148\" srcset=\"https:\/\/www.radiopiu.net\/wordpress\/wp-content\/uploads\/2020\/06\/cassa-solidarieta-luxottica-300x148.jpg 300w, https:\/\/www.radiopiu.net\/wordpress\/wp-content\/uploads\/2020\/06\/cassa-solidarieta-luxottica-1024x504.jpg 1024w, https:\/\/www.radiopiu.net\/wordpress\/wp-content\/uploads\/2020\/06\/cassa-solidarieta-luxottica-768x378.jpg 768w, https:\/\/www.radiopiu.net\/wordpress\/wp-content\/uploads\/2020\/06\/cassa-solidarieta-luxottica.jpg 1167w\" sizes=\"auto, (max-width: 300px) 100vw, 300px\" \/><\/a>di Claudio Fontanive<\/strong><\/p>\n<p>OSPITI: Paolo Chissal\u00e8 e Fabrizio Campedel<\/p>\n<p>&nbsp;<\/p>\n<p><strong>PUNTATA MAGGIO 2021<\/strong><\/p>\n<audio class=\"wp-audio-shortcode\" id=\"audio-216693-23\" preload=\"none\" style=\"width: 100%;\" controls=\"controls\"><source type=\"audio\/mpeg\" src=\"https:\/\/www.radiopiu.net\/wordpress\/wp-content\/uploads\/2021\/05\/ca-sol-lux-maggio-2021.mp3?_=23\" \/><a href=\"https:\/\/www.radiopiu.net\/wordpress\/wp-content\/uploads\/2021\/05\/ca-sol-lux-maggio-2021.mp3\">https:\/\/www.radiopiu.net\/wordpress\/wp-content\/uploads\/2021\/05\/ca-sol-lux-maggio-2021.mp3<\/a><\/audio>\n<h2>RACCOLTA COMPLETA<\/h2>\n<\/blockquote>\n<blockquote class=\"wp-embedded-content\" data-secret=\"retfYYqVdO\"><p><a href=\"https:\/\/www.radiopiu.net\/wordpress\/cassa-solidarieta-luxottica-puntata-del-16-ottobre-2020\/\">CASSA SOLIDARIET\u00c0 LUXOTTICA &#8211; TUTTE LE PUNTATE<\/a><\/p><\/blockquote>\n<p><iframe loading=\"lazy\" class=\"wp-embedded-content\" sandbox=\"allow-scripts\" security=\"restricted\" style=\"position: absolute; clip: rect(1px, 1px, 1px, 1px);\" title=\"&#8220;CASSA SOLIDARIET\u00c0 LUXOTTICA &#8211; TUTTE LE PUNTATE&#8221; &#8212; Radio Pi\u00f9\" src=\"https:\/\/www.radiopiu.net\/wordpress\/cassa-solidarieta-luxottica-puntata-del-16-ottobre-2020\/embed\/#?secret=retfYYqVdO\" data-secret=\"retfYYqVdO\" width=\"600\" height=\"338\" frameborder=\"0\" marginwidth=\"0\" marginheight=\"0\" scrolling=\"no\"><\/iframe><\/p>\n<div>\n<p>&nbsp;<\/p>\n<h2><\/h2>\n<hr \/>\n<p><strong><span style=\"color: #ff0000;\">\u00a0<\/span><\/strong><\/p>\n<h2><strong><span style=\"color: #ff0000;\">QUINDICINALE APPUNTAMENTO ALLA RADIO<\/span><\/strong><\/h2>\n<blockquote>\n<h3><a style=\"font-size: 14px; font-weight: normal;\" href=\"https:\/\/www.radiopiu.net\/wordpress\/giornale-radiopiu-06-febbraio-2019-direttore-mirko-mezzacasa\/logo_spi-cgil-800x445\/\" rel=\"attachment wp-att-75538\"><img loading=\"lazy\" decoding=\"async\" class=\"wp-image-75538 alignleft\" src=\"https:\/\/www.radiopiu.net\/wordpress\/wp-content\/uploads\/2019\/02\/Logo_Spi-CGIL-800x445-300x167.jpg\" alt=\"\" width=\"210\" height=\"117\" srcset=\"https:\/\/www.radiopiu.net\/wordpress\/wp-content\/uploads\/2019\/02\/Logo_Spi-CGIL-800x445-300x167.jpg 300w, https:\/\/www.radiopiu.net\/wordpress\/wp-content\/uploads\/2019\/02\/Logo_Spi-CGIL-800x445-768x427.jpg 768w, https:\/\/www.radiopiu.net\/wordpress\/wp-content\/uploads\/2019\/02\/Logo_Spi-CGIL-800x445.jpg 800w\" sizes=\"auto, (max-width: 210px) 100vw, 210px\" \/><\/a><\/h3>\n<\/blockquote>\n<blockquote>\n<h3>ALLA RADIO, APPUNTAMENTO QUINDICINALE CON SPI-CGIL BELLUNO, IN STUDIO MARIA RITA GENTILIN<\/h3>\n<\/blockquote>\n<p><strong>di Claudio Fontanive\u00a0<\/strong><\/p>\n<p><span style=\"color: #ff0000;\"><strong>PUNTATA DEL 10 GIUGNO 2021<br \/>\n<\/strong><\/span><\/p>\n<audio class=\"wp-audio-shortcode\" id=\"audio-216693-24\" preload=\"none\" style=\"width: 100%;\" controls=\"controls\"><source type=\"audio\/mpeg\" src=\"https:\/\/www.radiopiu.net\/wordpress\/wp-content\/uploads\/2021\/06\/spi-cgil-10-giugno.mp3?_=24\" \/><a href=\"https:\/\/www.radiopiu.net\/wordpress\/wp-content\/uploads\/2021\/06\/spi-cgil-10-giugno.mp3\">https:\/\/www.radiopiu.net\/wordpress\/wp-content\/uploads\/2021\/06\/spi-cgil-10-giugno.mp3<\/a><\/audio>\n<\/div>\n<p>&nbsp;<\/p>\n<hr \/>\n<\/div>\n<blockquote>\n<blockquote>\n<h2><a href=\"https:\/\/www.radiopiu.net\/wordpress\/speciale-solidarieta-veneto\/solidarieta-veneto-3\/\" rel=\"attachment wp-att-134366\">\u00a0<\/a><\/h2>\n<h2><a href=\"https:\/\/www.radiopiu.net\/wordpress\/speciale-solidarieta-veneto\/solidarieta-veneto-3\/\" rel=\"attachment wp-att-134366\"><img loading=\"lazy\" decoding=\"async\" class=\"wp-image-134366 alignleft\" src=\"https:\/\/www.radiopiu.net\/wordpress\/wp-content\/uploads\/2020\/05\/solidariet\u00e0-veneto-300x210.jpg\" alt=\"\" width=\"102\" height=\"71\" srcset=\"https:\/\/www.radiopiu.net\/wordpress\/wp-content\/uploads\/2020\/05\/solidariet\u00e0-veneto-300x210.jpg 300w, https:\/\/www.radiopiu.net\/wordpress\/wp-content\/uploads\/2020\/05\/solidariet\u00e0-veneto-1024x717.jpg 1024w, https:\/\/www.radiopiu.net\/wordpress\/wp-content\/uploads\/2020\/05\/solidariet\u00e0-veneto-768x538.jpg 768w, https:\/\/www.radiopiu.net\/wordpress\/wp-content\/uploads\/2020\/05\/solidariet\u00e0-veneto.jpg 1373w\" sizes=\"auto, (max-width: 102px) 100vw, 102px\" \/><\/a>SOLIDARIETA&#8217; VENETO FONDO PENSIONE, IN ONDA IL PRIMO VENERDI DEL MESE ALLE 10.30 E ALLE 19.00 QUINTA STAGIONE<\/h2>\n<\/blockquote>\n<h2><strong><span style=\"color: #ff0000;\">AUDIO MAGGIO 2021<\/span><\/strong><\/h2>\n<\/blockquote>\n<div>\n<audio class=\"wp-audio-shortcode\" id=\"audio-216693-25\" preload=\"none\" style=\"width: 100%;\" controls=\"controls\"><source type=\"audio\/mpeg\" src=\"https:\/\/www.radiopiu.net\/wordpress\/wp-content\/uploads\/2021\/05\/solidarieta-veneto-maggio-2021.mp3?_=25\" \/><a href=\"https:\/\/www.radiopiu.net\/wordpress\/wp-content\/uploads\/2021\/05\/solidarieta-veneto-maggio-2021.mp3\">https:\/\/www.radiopiu.net\/wordpress\/wp-content\/uploads\/2021\/05\/solidarieta-veneto-maggio-2021.mp3<\/a><\/audio>\n<\/div>\n<h2>LA RACCOLTA COMPLETA<\/h2>\n<blockquote class=\"wp-embedded-content\" data-secret=\"tTdHhMt5ew\"><p><a href=\"https:\/\/www.radiopiu.net\/wordpress\/solidarieta-veneto\/\">Solidariet\u00e0 Veneto<\/a><\/p><\/blockquote>\n<p><iframe loading=\"lazy\" class=\"wp-embedded-content\" sandbox=\"allow-scripts\" security=\"restricted\" style=\"position: absolute; clip: rect(1px, 1px, 1px, 1px);\" title=\"&#8220;Solidariet\u00e0 Veneto&#8221; &#8212; Radio Pi\u00f9\" src=\"https:\/\/www.radiopiu.net\/wordpress\/solidarieta-veneto\/embed\/#?secret=tTdHhMt5ew\" data-secret=\"tTdHhMt5ew\" width=\"600\" height=\"338\" frameborder=\"0\" marginwidth=\"0\" marginheight=\"0\" scrolling=\"no\"><\/iframe><\/p>\n<blockquote>\n<h2><\/h2>\n<h2><\/h2>\n<\/blockquote>\n<div>\n<hr \/>\n<\/div>\n<div class=\"page-title-head hgroup\">\n<div>\n<p>&nbsp;<\/p>\n<h2><span style=\"color: #ff0000;\">MUSLA, CON LA NUOVA GENERAZIONE LINGUE, USI, COSTUMI , raccolta completa<\/span><\/h2>\n<blockquote class=\"wp-embedded-content\" data-secret=\"JfeW6VbNO3\"><p><a href=\"https:\/\/www.radiopiu.net\/wordpress\/agora-agordina-la-nosta-piaza\/\">AGORA&#8217; AGORDINA&#8230; LA NOSTA PIAZA LADINA RACCOLTA COMPLETA PRIMA STAGIONE<\/a><\/p><\/blockquote>\n<p><iframe loading=\"lazy\" class=\"wp-embedded-content\" sandbox=\"allow-scripts\" security=\"restricted\" style=\"position: absolute; clip: rect(1px, 1px, 1px, 1px);\" title=\"&#8220;AGORA&#8217; AGORDINA&#8230; LA NOSTA PIAZA LADINA RACCOLTA COMPLETA PRIMA STAGIONE&#8221; &#8212; Radio Pi\u00f9\" src=\"https:\/\/www.radiopiu.net\/wordpress\/agora-agordina-la-nosta-piaza\/embed\/#?secret=JfeW6VbNO3\" data-secret=\"JfeW6VbNO3\" width=\"600\" height=\"338\" frameborder=\"0\" marginwidth=\"0\" marginheight=\"0\" scrolling=\"no\"><\/iframe><\/p>\n<p>&nbsp;<\/p>\n<div class=\"b654a4as d2edcug0\">\n<div dir=\"auto\">\n<h1><\/h1>\n<hr \/>\n<p>&nbsp;<\/p>\n<div>\n<h2><span style=\"color: #ff0000;\">LEGGERMENTE BELLUNESI CON LUISA ALCHINI la raccolta completa<\/span><\/h2>\n<\/div>\n<div>\n<blockquote class=\"wp-embedded-content\" data-secret=\"XnDkAzUVlX\"><p><a href=\"https:\/\/www.radiopiu.net\/wordpress\/leggermente-20\/\">LEGGERmente&#8230;Bellunesi<\/a><\/p><\/blockquote>\n<p><iframe loading=\"lazy\" class=\"wp-embedded-content\" sandbox=\"allow-scripts\" security=\"restricted\" style=\"position: absolute; clip: rect(1px, 1px, 1px, 1px);\" title=\"&#8220;LEGGERmente&#8230;Bellunesi&#8221; &#8212; Radio Pi\u00f9\" src=\"https:\/\/www.radiopiu.net\/wordpress\/leggermente-20\/embed\/#?secret=XnDkAzUVlX\" data-secret=\"XnDkAzUVlX\" width=\"600\" height=\"338\" frameborder=\"0\" marginwidth=\"0\" marginheight=\"0\" scrolling=\"no\"><\/iframe><\/p>\n<\/div>\n<\/div>\n<p>&nbsp;<\/p>\n<hr \/>\n<p>&nbsp;<\/p>\n<h2><span style=\"color: #ff0000;\">GOCCE DI FILOSOFIA, CON CHIARA CAU, CON LISA DE LUCA la raccolta completa<\/span><\/h2>\n<blockquote class=\"wp-embedded-content\" data-secret=\"nucWXNbMmq\"><p><a href=\"https:\/\/www.radiopiu.net\/wordpress\/gocce-filosofia\/\">Gocce di filosofia<\/a><\/p><\/blockquote>\n<p><iframe loading=\"lazy\" class=\"wp-embedded-content\" sandbox=\"allow-scripts\" security=\"restricted\" style=\"position: absolute; clip: rect(1px, 1px, 1px, 1px);\" title=\"&#8220;Gocce di filosofia&#8221; &#8212; Radio Pi\u00f9\" src=\"https:\/\/www.radiopiu.net\/wordpress\/gocce-filosofia\/embed\/#?secret=nucWXNbMmq\" data-secret=\"nucWXNbMmq\" width=\"600\" height=\"338\" frameborder=\"0\" marginwidth=\"0\" marginheight=\"0\" scrolling=\"no\"><\/iframe><\/p>\n<p>&nbsp;<\/p>\n<p>&nbsp;<\/p>\n<hr \/>\n<\/div>\n<\/div>\n<p>&nbsp;<\/p>\n<p><a href=\"https:\/\/www.radiopiu.net\/wordpress\/giornale-radiopiu-26-settembre-2018-direttore-mirko-mezzacasa\/viabilita-2\/\" rel=\"attachment wp-att-61954\"><img loading=\"lazy\" decoding=\"async\" class=\"wp-image-61954 size-full aligncenter\" src=\"https:\/\/www.radiopiu.net\/wordpress\/wp-content\/uploads\/2018\/09\/viabilita.jpeg\" alt=\"\" width=\"800\" height=\"100\" srcset=\"https:\/\/www.radiopiu.net\/wordpress\/wp-content\/uploads\/2018\/09\/viabilita.jpeg 800w, https:\/\/www.radiopiu.net\/wordpress\/wp-content\/uploads\/2018\/09\/viabilita-300x38.jpeg 300w, https:\/\/www.radiopiu.net\/wordpress\/wp-content\/uploads\/2018\/09\/viabilita-768x96.jpeg 768w\" sizes=\"auto, (max-width: 800px) 100vw, 800px\" \/><\/a><\/p>\n<blockquote><p>&nbsp;<\/p><\/blockquote>\n<\/div>\n<\/div>\n<\/div>\n<\/div>\n<\/div>\n<\/div>\n<\/div>\n<\/div>\n<\/div>\n<div><\/div>\n<div>\n<div>\n<div>\n<div>\n<div class=\"page-title-head hgroup\">\n<div class=\"page-title-head hgroup\">\n<div class=\"page-title-head hgroup\">\n<div>\n<div>\n<div class=\"page-title-head hgroup\">\n<div class=\"page-title-head hgroup\">\n<div class=\"page-title-head hgroup\">\n<blockquote><p><a href=\"https:\/\/www.radiopiu.net\/wordpress\/giornale-radiopiu-09-agosto-2018-direttore-mirko-mezzacasa\/viabilia\/\" rel=\"attachment wp-att-57053\"><img loading=\"lazy\" decoding=\"async\" class=\" wp-image-57053 alignleft\" src=\"https:\/\/www.radiopiu.net\/wordpress\/wp-content\/uploads\/2018\/08\/VIABILIA-300x180.jpeg\" alt=\"\" width=\"220\" height=\"132\" srcset=\"https:\/\/www.radiopiu.net\/wordpress\/wp-content\/uploads\/2018\/08\/VIABILIA-300x180.jpeg 300w, https:\/\/www.radiopiu.net\/wordpress\/wp-content\/uploads\/2018\/08\/VIABILIA-768x461.jpeg 768w, https:\/\/www.radiopiu.net\/wordpress\/wp-content\/uploads\/2018\/08\/VIABILIA-1024x614.jpeg 1024w, https:\/\/www.radiopiu.net\/wordpress\/wp-content\/uploads\/2018\/08\/VIABILIA.jpeg 1280w\" sizes=\"auto, (max-width: 220px) 100vw, 220px\" \/><\/a>La viabilit\u00e0 con gli ultimi aggiornamenti<\/p><\/blockquote>\n<\/div>\n<\/div>\n<\/div>\n<\/div>\n<\/div>\n<\/div>\n<\/div>\n<\/div>\n<\/div>\n<\/div>\n<\/div>\n<div><\/div>\n<div><\/div>\n<div>\n<div>\n<div class=\"page-title-head hgroup\">\n<p>&nbsp;<\/p>\n<audio class=\"wp-audio-shortcode\" id=\"audio-216693-26\" preload=\"none\" style=\"width: 100%;\" controls=\"controls\"><source type=\"audio\/mpeg\" src=\"https:\/\/www.radiopiu.net\/wordpress\/wp-content\/uploads\/2021\/06\/VIABILITA-7.mp3?_=26\" \/><a href=\"https:\/\/www.radiopiu.net\/wordpress\/wp-content\/uploads\/2021\/06\/VIABILITA-7.mp3\">https:\/\/www.radiopiu.net\/wordpress\/wp-content\/uploads\/2021\/06\/VIABILITA-7.mp3<\/a><\/audio>\n<p>&nbsp;<\/p>\n<\/div>\n<\/div>\n<\/div>\n<\/div>\n<div>\n<div class=\"page-title-head hgroup\">\n<div class=\"page-title-head hgroup\">\n<div dir=\"auto\">\n<p><a class=\"dt-pswp-item pspw-wrap-ready\" href=\"https:\/\/i0.wp.com\/www.radiopiu.net\/wordpress\/wp-content\/uploads\/2018\/09\/WhatsApp-Image-2018-09-20-at-16.04.06.jpeg?ssl=1\" data-dt-img-description=\"\" data-large_image_width=\"800\" data-large_image_height=\"100\"><img loading=\"lazy\" decoding=\"async\" class=\"aligncenter wp-image-61378 size-full jetpack-lazy-image jetpack-lazy-image--handled\" src=\"https:\/\/i0.wp.com\/www.radiopiu.net\/wordpress\/wp-content\/uploads\/2018\/09\/WhatsApp-Image-2018-09-20-at-16.04.06.jpeg?resize=800%2C100&amp;ssl=1\" sizes=\"auto, (max-width: 800px) 100vw, 800px\" srcset=\"https:\/\/i0.wp.com\/www.radiopiu.net\/wordpress\/wp-content\/uploads\/2018\/09\/WhatsApp-Image-2018-09-20-at-16.04.06.jpeg?w=800&amp;ssl=1 800w, https:\/\/i0.wp.com\/www.radiopiu.net\/wordpress\/wp-content\/uploads\/2018\/09\/WhatsApp-Image-2018-09-20-at-16.04.06.jpeg?resize=300%2C38&amp;ssl=1 300w, https:\/\/i0.wp.com\/www.radiopiu.net\/wordpress\/wp-content\/uploads\/2018\/09\/WhatsApp-Image-2018-09-20-at-16.04.06.jpeg?resize=768%2C96&amp;ssl=1 768w\" alt=\"\" width=\"800\" height=\"100\" data-lazy-loaded=\"1\" \/><\/a><\/p>\n<div><\/div>\n<\/div>\n<\/div>\n<\/div>\n<\/div>\n<div>\n<div><center><b>Sabato 19<\/b><\/center><b>Tempo atteso: <\/b>Tempo soleggiato con cielo sereno o poco nuvoloso per modesti cumuli pomeridiani, singolarmente moderati. Non escluse temporanee e sottili nubi alte in grado di velare il cielo sui settori pi\u00f9 occidentali. L&#8217;instabilit\u00e0 convettiva sar\u00e0 pi\u00f9 remota di ieri, nonostante l&#8217;aumento del caldo.<br \/>\n<b>Precipitazioni: <\/b>Assenti al mattino (0%); al pomeriggio probabilit\u00e0 piuttosto bassa (10\/20%) sulle Dolomiti a ridosso del Trentino e dell&#8217;Alto Adige, altrove il rischio di fenomeni sar\u00e0 minore (10%), anche assente (0%).<br \/>\n<b>Temperature: <\/b>In lieve aumento, 5\/6\u00b0C sopra la norma. Sono previste punte di 30\/31\u00b0C nei fondovalle prealpini e di 26\/28\u00b0C a 1000\/1200 m. Su Prealpi a 1500 m min 15\u00b0C max 21\u00b0C, a 2000 m min 13\u00b0C max 18\u00b0C. Su Dolomiti a 2000 m min 13\u00b0C max 19\u00b0C, a 3000 m min 7\u00b0C max 9\u00b0C.<br \/>\n<b>Venti: <\/b>Nelle valli perlopi\u00f9 deboli per brezze, localmente e a tratti moderati nei settori solitamente pi\u00f9 ventilati; in quota deboli\/moderati da nord-ovest, a 5-10 km\/h a 2000 m e 10-20 km\/h a 3000 m.<\/p>\n<hr \/>\n<p><center><b>Domenica 20<\/b><\/center><b>Tempo atteso: <\/b>Al mattino sole prevalente, a tratti velato da sottili nubi alte, poi attivit\u00e0 cumuliforme pomeridiana, pi\u00f9 presente sulle Dolomiti rispetto alle Prealpi. Sulle prime qualche focolaio convettivo non sar\u00e0 da escludere. Verso sera aumento della nuvolosit\u00e0 e maggiore rischio temporali ovunque. Far\u00e0 sempre pi\u00f9 caldo, anche un po&#8217; afoso nei fondovalle prealpini.<br \/>\n<b>Precipitazioni: <\/b>Assenti fino al primo pomeriggio (0%); poi probabilit\u00e0 in leggero aumento sulle Dolomiti (20\/30%), specie a ridosso del Trentino e dell&#8217;Alto Adige, mentre altrove l&#8217;insidia sar\u00e0 inferiore. Alla sera aumento del rischio temporali (50\/60%), i quali potrebbero estendersi alle Prealpi e alla pedemontana.<br \/>\n<b>Temperature: <\/b>In ulteriore lieve aumento con punte di 31\/33\u00b0C nei fondovalle prealpini e di 26\/30\u00b0C a 1000\/1200 m. Su Prealpi a 1500 m min 16\u00b0C max 22\u00b0C, a 2000 m min 14\u00b0C max 19\u00b0C. Su Dolomiti a 2000 m min 14\u00b0C max 20\u00b0C, a 3000 m min 8\u00b0C max 10\u00b0C.<br \/>\n<b>Venti: <\/b>Nelle valli deboli per brezze, localmente e a tratti moderati nei settori solitamente pi\u00f9 ventilati; in quota moderati da nord-ovest nella notte e da sud-ovest di giorno, in rinforzo fino a tesi al pomeriggio, anche forti alla sera sulle cime pi\u00f9 alte, a 10-20 km\/h a 2000 m e 25-50 km\/h a 3000 m.<\/p>\n<hr \/>\n<p><center><b>Lunedi 21<\/b><\/center>Tempo ben soleggiato con cielo sereno o poco nuvoloso per modesti cumuli nelle ore pi\u00f9 calde. Temperature minime stazionarie e massime in lieve calo. In quota venti moderati\/tesi da sud-ovest al mattino, in attenuazione al pomeriggio; nelle valli deboli per brezze, localmente e a tratti moderati nei settori solitamente pi\u00f9 ventilati.<\/p>\n<hr \/>\n<p><center><b>Martedi 22<\/b><\/center>Tempo ben soleggiato con cielo sereno al mattino e poco nuvoloso al pomeriggio per modesti cumuli di bel tempo, solo localmente di moderato sviluppo. Temperature pressoch\u00e9 stazionarie rispetto a luned\u00ec o in leggero calo sulle cime pi\u00f9 alte. In quota venti deboli\/moderati da sud-ovest; nelle valli deboli per brezze, localmente e a tratti moderati nei settori solitamente pi\u00f9 ventilati. Previsore: R.L.Th.<\/p>\n<hr \/>\n<\/div>\n<p><center><\/center>&nbsp;<\/p>\n<hr \/>\n<\/div>\n<p><center><\/center>&nbsp;<\/p>\n<div dir=\"auto\"><\/div>\n<p><a href=\"https:\/\/www.radiopiu.net\/wordpress\/giornale-radiopiu-15-settembre-2018-direttore-mirko-mezzacasa\/sport-7\/\" rel=\"attachment wp-att-60761\"><img loading=\"lazy\" decoding=\"async\" class=\"aligncenter wp-image-60761 size-full\" src=\"https:\/\/www.radiopiu.net\/wordpress\/wp-content\/uploads\/2018\/09\/sport.jpg\" alt=\"\" width=\"800\" height=\"100\" srcset=\"https:\/\/www.radiopiu.net\/wordpress\/wp-content\/uploads\/2018\/09\/sport.jpg 800w, https:\/\/www.radiopiu.net\/wordpress\/wp-content\/uploads\/2018\/09\/sport-300x38.jpg 300w, https:\/\/www.radiopiu.net\/wordpress\/wp-content\/uploads\/2018\/09\/sport-768x96.jpg 768w\" sizes=\"auto, (max-width: 800px) 100vw, 800px\" \/><\/a><\/p>\n<\/div>\n<\/div>\n<\/div>\n<\/div>\n<p>&nbsp;<\/p>\n<blockquote>\n<h3>ARRIVANO LE PRIME CONFERME IN CASA ALLEGHE HOCKEY<\/h3>\n<\/blockquote>\n<p><strong>ALLEGHE <\/strong>Dagli uffici di via Lungolago arrivano le prime importanti conferme di giocatori che comporranno il roster biancorosso per la prossima stagione di IHL. Iniziamo le presentazioni con un gruppo di giovanotti ben consolidato sotto al Civetta: <strong>NICOLA SOPPELSA <\/strong>Prodotto del vivaio Alleghese, difensore classe 2000, nonostante la giovane et\u00e0 \u00e8 gi\u00e0 uno dei pezzi pregiati della retroguardia Biancorossa. Nicola ha esordito in prima squadra nel campionato 2016\/2017, collezionando 112 presenze, 6 gol e 16 assist. <strong>DAVID MALAJ <\/strong>Difensore diciottenne \u00e8 uno dei giocatori pi\u00f9 giovani della rosa e ha gi\u00e0 messo in mostra buone potenzialit\u00e0. David ha esordito in IHL nella stagione 2018\/2019, facendo registrare 51 presenze. <strong>MIRKO GIOLAI <\/strong>Attaccante del 2001, ha dimostrato le potenzialit\u00e0 per poter fare la differenza. Con la prima squadra gioca dal 2017\/2018, dove ha disputato 94 partite e un totale di 13 gol + 17 assist. Mirko nell\u2019ultima ha giocato 18 partite, impreziosite da 2 gol e 2 assist. <strong>FRANCESCO SOPPELSA <\/strong>Attaccante classe 2002, anche lui prodotto del vivaio biancorosso, \u00e8 tra i pi\u00f9 giovani del gruppo. Ha esordito con la squadra senior delle Civette nella stagione 2018\/2019, registrando 63 presenze condite da 8 gol e 6 assist. Francesco \u00e8 stato una delle sorprese pi\u00f9 positive dell\u2019ultimo campionato, con una crescita che ha messo in evidenza grinta e doti sportive che gli hanno permesso di refertare 3 gol e 3 assist in 19 gare. <strong>RICCARDO DELL\u2019OSBEL <\/strong>Attaccante ventenne, ha cominciato la carriera con le maglie di Pieve di Cadore e Feltre, per poi esordire in IHL con l\u2019Alleghe nella stagione 2017\/2018. Riccardo ha totalizzato in prima squadra 105 presenze. Nei prossimi giorni nuove conferme da casa Alleghe.<\/p>\n\n\t\t\t<style type='text\/css'>\n\t\t\t\t#gallery-9 {\n\t\t\t\t\tmargin: auto;\n\t\t\t\t}\n\t\t\t\t#gallery-9 .gallery-item {\n\t\t\t\t\tfloat: left;\n\t\t\t\t\tmargin-top: 10px;\n\t\t\t\t\ttext-align: center;\n\t\t\t\t\twidth: 20%;\n\t\t\t\t}\n\t\t\t\t#gallery-9 img {\n\t\t\t\t\tborder: 2px solid #cfcfcf;\n\t\t\t\t}\n\t\t\t\t#gallery-9 .gallery-caption {\n\t\t\t\t\tmargin-left: 0;\n\t\t\t\t}\n\t\t\t\t\/* see gallery_shortcode() in wp-includes\/media.php *\/\n\t\t\t<\/style>\n\t\t<div id='gallery-9' class='dt-gallery-container gallery galleryid-216693 gallery-columns-5 gallery-size-medium'><dl class='gallery-item'>\n\t\t\t\t<dt class='gallery-icon landscape'>\n\t\t\t\t\t<a class=\"rollover rollover-zoom dt-pswp-item\" title=\"NICOLA SOPPELSA\" data-dt-img-description=\"\" data-large_image_width=\"1024\" data-large_image_height=\"682\"href='https:\/\/www.radiopiu.net\/wordpress\/wp-content\/uploads\/2021\/06\/NICOLA-SOPPELSA.jpg'><img loading=\"lazy\" decoding=\"async\" width=\"300\" height=\"200\" src=\"https:\/\/www.radiopiu.net\/wordpress\/wp-content\/uploads\/2021\/06\/NICOLA-SOPPELSA-300x200.jpg\" class=\"attachment-medium size-medium\" alt=\"\" aria-describedby=\"gallery-9-216873\" srcset=\"https:\/\/www.radiopiu.net\/wordpress\/wp-content\/uploads\/2021\/06\/NICOLA-SOPPELSA-300x200.jpg 300w, https:\/\/www.radiopiu.net\/wordpress\/wp-content\/uploads\/2021\/06\/NICOLA-SOPPELSA-768x512.jpg 768w, https:\/\/www.radiopiu.net\/wordpress\/wp-content\/uploads\/2021\/06\/NICOLA-SOPPELSA.jpg 1024w\" sizes=\"auto, (max-width: 300px) 100vw, 300px\" \/><\/a>\n\t\t\t\t<\/dt>\n\t\t\t\t\t<dd class='wp-caption-text gallery-caption' id='gallery-9-216873'>\n\t\t\t\t\tNICOLA SOPPELSA\n\t\t\t\t\t<\/dd><\/dl><dl class='gallery-item'>\n\t\t\t\t<dt class='gallery-icon landscape'>\n\t\t\t\t\t<a class=\"rollover rollover-zoom dt-pswp-item\" title=\"DAVID MALAJ\" data-dt-img-description=\"\" data-large_image_width=\"1024\" data-large_image_height=\"682\"href='https:\/\/www.radiopiu.net\/wordpress\/wp-content\/uploads\/2021\/06\/DAVID-MALAJ.jpg'><img loading=\"lazy\" decoding=\"async\" width=\"300\" height=\"200\" src=\"https:\/\/www.radiopiu.net\/wordpress\/wp-content\/uploads\/2021\/06\/DAVID-MALAJ-300x200.jpg\" class=\"attachment-medium size-medium\" alt=\"\" aria-describedby=\"gallery-9-216874\" srcset=\"https:\/\/www.radiopiu.net\/wordpress\/wp-content\/uploads\/2021\/06\/DAVID-MALAJ-300x200.jpg 300w, https:\/\/www.radiopiu.net\/wordpress\/wp-content\/uploads\/2021\/06\/DAVID-MALAJ-768x512.jpg 768w, https:\/\/www.radiopiu.net\/wordpress\/wp-content\/uploads\/2021\/06\/DAVID-MALAJ.jpg 1024w\" sizes=\"auto, (max-width: 300px) 100vw, 300px\" \/><\/a>\n\t\t\t\t<\/dt>\n\t\t\t\t\t<dd class='wp-caption-text gallery-caption' id='gallery-9-216874'>\n\t\t\t\t\tDAVID MALAJ\n\t\t\t\t\t<\/dd><\/dl><dl class='gallery-item'>\n\t\t\t\t<dt class='gallery-icon landscape'>\n\t\t\t\t\t<a class=\"rollover rollover-zoom dt-pswp-item\" title=\"MIRKO GIOLAI\" data-dt-img-description=\"\" data-large_image_width=\"1024\" data-large_image_height=\"682\"href='https:\/\/www.radiopiu.net\/wordpress\/wp-content\/uploads\/2021\/06\/MIRKO-GIOLAI.jpg'><img loading=\"lazy\" decoding=\"async\" width=\"300\" height=\"200\" src=\"https:\/\/www.radiopiu.net\/wordpress\/wp-content\/uploads\/2021\/06\/MIRKO-GIOLAI-300x200.jpg\" class=\"attachment-medium size-medium\" alt=\"\" aria-describedby=\"gallery-9-216875\" srcset=\"https:\/\/www.radiopiu.net\/wordpress\/wp-content\/uploads\/2021\/06\/MIRKO-GIOLAI-300x200.jpg 300w, https:\/\/www.radiopiu.net\/wordpress\/wp-content\/uploads\/2021\/06\/MIRKO-GIOLAI-768x512.jpg 768w, https:\/\/www.radiopiu.net\/wordpress\/wp-content\/uploads\/2021\/06\/MIRKO-GIOLAI.jpg 1024w\" sizes=\"auto, (max-width: 300px) 100vw, 300px\" \/><\/a>\n\t\t\t\t<\/dt>\n\t\t\t\t\t<dd class='wp-caption-text gallery-caption' id='gallery-9-216875'>\n\t\t\t\t\tMIRKO GIOLAI\n\t\t\t\t\t<\/dd><\/dl><dl class='gallery-item'>\n\t\t\t\t<dt class='gallery-icon landscape'>\n\t\t\t\t\t<a class=\"rollover rollover-zoom dt-pswp-item\" title=\"FRANCESCO SOPPELSA\" data-dt-img-description=\"\" data-large_image_width=\"1024\" data-large_image_height=\"682\"href='https:\/\/www.radiopiu.net\/wordpress\/wp-content\/uploads\/2021\/06\/FRANCESCO-SOPPELSA.jpg'><img loading=\"lazy\" decoding=\"async\" width=\"300\" height=\"200\" src=\"https:\/\/www.radiopiu.net\/wordpress\/wp-content\/uploads\/2021\/06\/FRANCESCO-SOPPELSA-300x200.jpg\" class=\"attachment-medium size-medium\" alt=\"\" aria-describedby=\"gallery-9-216876\" srcset=\"https:\/\/www.radiopiu.net\/wordpress\/wp-content\/uploads\/2021\/06\/FRANCESCO-SOPPELSA-300x200.jpg 300w, https:\/\/www.radiopiu.net\/wordpress\/wp-content\/uploads\/2021\/06\/FRANCESCO-SOPPELSA-768x512.jpg 768w, https:\/\/www.radiopiu.net\/wordpress\/wp-content\/uploads\/2021\/06\/FRANCESCO-SOPPELSA.jpg 1024w\" sizes=\"auto, (max-width: 300px) 100vw, 300px\" \/><\/a>\n\t\t\t\t<\/dt>\n\t\t\t\t\t<dd class='wp-caption-text gallery-caption' id='gallery-9-216876'>\n\t\t\t\t\tFRANCESCO SOPPELSA\n\t\t\t\t\t<\/dd><\/dl><dl class='gallery-item'>\n\t\t\t\t<dt class='gallery-icon landscape'>\n\t\t\t\t\t<a class=\"rollover rollover-zoom dt-pswp-item\" title=\"RICCARDO DELL&#039;OSBEL\" data-dt-img-description=\"\" data-large_image_width=\"1024\" data-large_image_height=\"682\"href='https:\/\/www.radiopiu.net\/wordpress\/wp-content\/uploads\/2021\/06\/RICCARDO-DELLOSBEL.jpg'><img loading=\"lazy\" decoding=\"async\" width=\"300\" height=\"200\" src=\"https:\/\/www.radiopiu.net\/wordpress\/wp-content\/uploads\/2021\/06\/RICCARDO-DELLOSBEL-300x200.jpg\" class=\"attachment-medium size-medium\" alt=\"\" aria-describedby=\"gallery-9-216877\" srcset=\"https:\/\/www.radiopiu.net\/wordpress\/wp-content\/uploads\/2021\/06\/RICCARDO-DELLOSBEL-300x200.jpg 300w, https:\/\/www.radiopiu.net\/wordpress\/wp-content\/uploads\/2021\/06\/RICCARDO-DELLOSBEL-768x512.jpg 768w, https:\/\/www.radiopiu.net\/wordpress\/wp-content\/uploads\/2021\/06\/RICCARDO-DELLOSBEL.jpg 1024w\" sizes=\"auto, (max-width: 300px) 100vw, 300px\" \/><\/a>\n\t\t\t\t<\/dt>\n\t\t\t\t\t<dd class='wp-caption-text gallery-caption' id='gallery-9-216877'>\n\t\t\t\t\tRICCARDO DELL&#8217;OSBEL\n\t\t\t\t\t<\/dd><\/dl><br style=\"clear: both\" \/>\n\t\t\t<\/div>\n\n<p>&nbsp;<\/p>\n<hr \/>\n<p>&nbsp;<\/p>\n","protected":false},"excerpt":{"rendered":"<p>PER\u00a0RICEVERE QUESTO NOTIZIARIO DIRETTAMENTE SUL TUO CELLULARE ISCRIVITI AL CANALE TELEGRAM\u00a0\u201cRADIO PIU\u00a0 INFORMAZIONE\u201d\u00a0 \u00a0 \u00a0 \u00a0\u00a0 &nbsp; DI LEANDRO GRONES, SINDACO DI LIVINALLONGO_FODOM Le nevere de novembre 2019 i\u00e0 fat rebalt\u00e8 p\u00eb\u0107 soura l Crist pr\u00f2 l teriol de Col de Lana sa le vasche. I Jagri da Fodom i l\u2019ha comed\u00e8 fora e n&hellip;<\/p>\n","protected":false},"author":4,"featured_media":216976,"comment_status":"closed","ping_status":"open","sticky":false,"template":"","format":"standard","meta":{"_monsterinsights_skip_tracking":false,"_monsterinsights_sitenote_active":false,"_monsterinsights_sitenote_note":"","_monsterinsights_sitenote_category":0,"footnotes":""},"categories":[1,51,86,49],"tags":[],"class_list":["post-216693","post","type-post","status-publish","format-standard","has-post-thumbnail","hentry","category-senza-categoria","category-evidenza-top","category-gr","category-news-18","category-1","category-51","category-86","category-49","description-off"],"img_url":"https:\/\/www.radiopiu.net\/wordpress\/wp-content\/uploads\/2021\/06\/998e0b1d-052d-4351-b8e9-caebb0ce2b5e.jpg","_links":{"self":[{"href":"https:\/\/www.radiopiu.net\/wordpress\/wp-json\/wp\/v2\/posts\/216693","targetHints":{"allow":["GET"]}}],"collection":[{"href":"https:\/\/www.radiopiu.net\/wordpress\/wp-json\/wp\/v2\/posts"}],"about":[{"href":"https:\/\/www.radiopiu.net\/wordpress\/wp-json\/wp\/v2\/types\/post"}],"author":[{"embeddable":true,"href":"https:\/\/www.radiopiu.net\/wordpress\/wp-json\/wp\/v2\/users\/4"}],"replies":[{"embeddable":true,"href":"https:\/\/www.radiopiu.net\/wordpress\/wp-json\/wp\/v2\/comments?post=216693"}],"version-history":[{"count":0,"href":"https:\/\/www.radiopiu.net\/wordpress\/wp-json\/wp\/v2\/posts\/216693\/revisions"}],"wp:featuredmedia":[{"embeddable":true,"href":"https:\/\/www.radiopiu.net\/wordpress\/wp-json\/wp\/v2\/media\/216976"}],"wp:attachment":[{"href":"https:\/\/www.radiopiu.net\/wordpress\/wp-json\/wp\/v2\/media?parent=216693"}],"wp:term":[{"taxonomy":"category","embeddable":true,"href":"https:\/\/www.radiopiu.net\/wordpress\/wp-json\/wp\/v2\/categories?post=216693"},{"taxonomy":"post_tag","embeddable":true,"href":"https:\/\/www.radiopiu.net\/wordpress\/wp-json\/wp\/v2\/tags?post=216693"}],"curies":[{"name":"wp","href":"https:\/\/api.w.org\/{rel}","templated":true}]}}