{"id":216751,"date":"2021-06-18T10:02:07","date_gmt":"2021-06-18T08:02:07","guid":{"rendered":"https:\/\/www.radiopiu.net\/wordpress\/?p=216751"},"modified":"2021-06-18T10:17:27","modified_gmt":"2021-06-18T08:17:27","slug":"acc-parla-la-cisl-euforia-condivisibile-ma-non-scaccia-le-paure","status":"publish","type":"post","link":"https:\/\/www.radiopiu.net\/wordpress\/acc-parla-la-cisl-euforia-condivisibile-ma-non-scaccia-le-paure\/","title":{"rendered":"ACC PARLA LA CISL &#8220;EUFORIA CONDIVISIBILE MA NON SCACCIA LE PAURE&#8221;"},"content":{"rendered":"<div align=\"left\"><strong>REDAZIONE<\/strong> Dopo l&#8217;incontro di ieri a Roma tra il Presidente Luca Zaia e i Ministri competenti anche la Cisl si esprime con Alessio Lovisotto della Rsu e Alessio Rovisotto, Segretario generale Fim Belluno_Treviso<\/div>\n<div align=\"left\"><\/div>\n<div align=\"left\"><span style=\"color: #ff0000;\"><strong>L&#8217;INTERVENTO\u00a0<\/strong><\/span><\/div>\n<div align=\"left\"><\/div>\n<blockquote>\n<div align=\"left\"><em><span style=\"color: #000000; font-family: Helvetica;\"><a href=\"https:\/\/www.radiopiu.net\/wordpress\/in-provincia-di-belluno-passa-con-il-938-il-si-al-rinnovo-del-ccnl-metalmeccanico\/fim-cisl\/\" rel=\"attachment wp-att-204036\"><img loading=\"lazy\" decoding=\"async\" class=\"size-medium wp-image-204036 alignleft\" src=\"https:\/\/www.radiopiu.net\/wordpress\/wp-content\/uploads\/2021\/04\/FIM-CISL-300x205.png\" alt=\"\" width=\"300\" height=\"205\" srcset=\"https:\/\/www.radiopiu.net\/wordpress\/wp-content\/uploads\/2021\/04\/FIM-CISL-300x205.png 300w, https:\/\/www.radiopiu.net\/wordpress\/wp-content\/uploads\/2021\/04\/FIM-CISL-768x524.png 768w, https:\/\/www.radiopiu.net\/wordpress\/wp-content\/uploads\/2021\/04\/FIM-CISL.png 820w\" sizes=\"auto, (max-width: 300px) 100vw, 300px\" \/><\/a>\u201cDalle dichiarazioni del presidente Luca Zaia e del ministro Federico D\u2019inc\u00e0 sembra finalmente che il Ministero dello Sviluppo Economico abbia fatto un passo avanti verso il salvataggio di Wambao-Acc in amministrazione straordinaria. La presentazione del decreto attuativo era una notizia che le lavoratrici e i lavoratori aspettavano da tempo. Accanto a loro il sindaco Stefano Cesa, il prefetto Mariano Savastano\u00a0 e il Vescovo Renato Marangoni che vedono nella conservazione dello stabilimento un presidio insostituibile per salvaguardare il benessere e il futuro di tutto il territorio. Euforia condivisibile che rasserena gli animi ma non allontana tutte le paure. <\/span><span style=\"color: #000000; font-family: Helvetica;\">Il futuro dello stabilimento passa necessariamente attraverso la condivisione di un progetto industriale nel quale la forza lavoro possa esprimere tutta la sua capacit\u00e0 e determinazione. Come FIM CISL non possiamo smettere di chiedere al ministro Giancarlo Giorgetti l&#8217;individuazione di una strategia che possa finalmente permettere ad ACC di conseguire una propria autonomia economica. \u00c8 indispensabile definire immediatamente quali sono gli obiettivi attualmente perseguibili all&#8217;interno di un disegno che proietti lo stabilimento verso la produzione di compressori maggiormente profittevoli. <\/span><span style=\"color: #000000; font-family: Helvetica;\">Rimettere in moto il processo di sviluppo del prodotto, a velocit\u00e0 variabile, e quello commerciale, innesca solide relazioni commerciali e partnership strategiche con i maggiori produttori dell&#8217;industria del freddo. L&#8217;inserimento di nuova tecnologia permette di aumentare l&#8217;efficienza, variare la tipologia produttiva e di promuovere la crescita professionale degli addetti, migliorando la capacit\u00e0 attrattiva aziendale verso quelle professionalit\u00e0 difficilmente reperibili sul mercato del lavoro. La stabilit\u00e0 finanziaria migliora il rapporto con i clienti e fornitori ma da sola non basta, centrale rimane l&#8217;individuazione di un progetto industriale ben definito, unico elemento attorno al quale pu\u00f2 aggregarsi un vero e proprio interesse degli investitori privati\u201d.<\/span><\/em><\/div>\n<\/blockquote>\n","protected":false},"excerpt":{"rendered":"<p>REDAZIONE Dopo l&#8217;incontro di ieri a Roma tra il Presidente Luca Zaia e i Ministri competenti anche la Cisl si esprime con Alessio Lovisotto della Rsu e Alessio Rovisotto, Segretario generale Fim Belluno_Treviso L&#8217;INTERVENTO\u00a0 \u201cDalle dichiarazioni del presidente Luca Zaia e del ministro Federico D\u2019inc\u00e0 sembra finalmente che il Ministero dello Sviluppo Economico abbia fatto&hellip;<\/p>\n","protected":false},"author":4,"featured_media":216655,"comment_status":"closed","ping_status":"open","sticky":false,"template":"","format":"standard","meta":{"_monsterinsights_skip_tracking":false,"_monsterinsights_sitenote_active":false,"_monsterinsights_sitenote_note":"","_monsterinsights_sitenote_category":0,"footnotes":""},"categories":[49],"tags":[],"class_list":["post-216751","post","type-post","status-publish","format-standard","has-post-thumbnail","hentry","category-news-18","category-49","description-off"],"img_url":"https:\/\/www.radiopiu.net\/wordpress\/wp-content\/uploads\/2021\/06\/22fcc5b2-68f4-434d-ba5b-e4e2095fc830.jpg","_links":{"self":[{"href":"https:\/\/www.radiopiu.net\/wordpress\/wp-json\/wp\/v2\/posts\/216751","targetHints":{"allow":["GET"]}}],"collection":[{"href":"https:\/\/www.radiopiu.net\/wordpress\/wp-json\/wp\/v2\/posts"}],"about":[{"href":"https:\/\/www.radiopiu.net\/wordpress\/wp-json\/wp\/v2\/types\/post"}],"author":[{"embeddable":true,"href":"https:\/\/www.radiopiu.net\/wordpress\/wp-json\/wp\/v2\/users\/4"}],"replies":[{"embeddable":true,"href":"https:\/\/www.radiopiu.net\/wordpress\/wp-json\/wp\/v2\/comments?post=216751"}],"version-history":[{"count":0,"href":"https:\/\/www.radiopiu.net\/wordpress\/wp-json\/wp\/v2\/posts\/216751\/revisions"}],"wp:featuredmedia":[{"embeddable":true,"href":"https:\/\/www.radiopiu.net\/wordpress\/wp-json\/wp\/v2\/media\/216655"}],"wp:attachment":[{"href":"https:\/\/www.radiopiu.net\/wordpress\/wp-json\/wp\/v2\/media?parent=216751"}],"wp:term":[{"taxonomy":"category","embeddable":true,"href":"https:\/\/www.radiopiu.net\/wordpress\/wp-json\/wp\/v2\/categories?post=216751"},{"taxonomy":"post_tag","embeddable":true,"href":"https:\/\/www.radiopiu.net\/wordpress\/wp-json\/wp\/v2\/tags?post=216751"}],"curies":[{"name":"wp","href":"https:\/\/api.w.org\/{rel}","templated":true}]}}