{"id":216790,"date":"2021-06-18T13:27:35","date_gmt":"2021-06-18T11:27:35","guid":{"rendered":"https:\/\/www.radiopiu.net\/wordpress\/?p=216790"},"modified":"2021-06-18T14:22:49","modified_gmt":"2021-06-18T12:22:49","slug":"soccorso-escursionista-schiara","status":"publish","type":"post","link":"https:\/\/www.radiopiu.net\/wordpress\/soccorso-escursionista-schiara\/","title":{"rendered":"SULLO SCHIARA SENZA RAMPONI E SENZA PICCOZZA, TEDESCO SOCCORSO DI BUON MATTINO"},"content":{"rendered":"<p><strong><img loading=\"lazy\" decoding=\"async\" class=\"alignleft\" src=\"https:\/\/www.radiopiu.net\/wordpress\/wp-content\/uploads\/2021\/06\/th-17.jpg\" width=\"321\" height=\"144\" \/>BELLUNO\u00a0<\/strong>Questa mattina poco prima delle 7 il Soccorso alpino di Belluno \u00e8 stato allertato dalla Centrale del Suem, per un escursionista bloccato dalla neve sulla Schiara. S.B., 27 anni, di nazionalit\u00e0 tedesca, stava percorrendo l&#8217;Alta via numero 1 e, dopo aver passato la notte al Bivacco Bocco-Zago, stava scendendo lungo la Ferrata del Marmol. Arrivato nella gola che precede la sommit\u00e0 del Porton, prima del bivio tra la Ferrata Marmol e la Zacchi, l&#8217;aveva per\u00f2 trovata colma di neve ghiacciata. Sprovvisto di ramponi e piccozze, si era bloccato a 1.860 metri di altitudine, essendo il cavo sommerso e il tratto molto ripido. Poich\u00e9 le nuvole ne impedivano l&#8217;avvicinamento, l&#8217;elicottero del Suem di Pieve di Cadore ha imbarcato due soccorritori e li ha sbarcato tra il Rifugio Settimo alpini e il Porton, per scendere a prelevare una seconda squadra. I due soccorritori sono risaliti, superando alcuni punti verticali innevati. Mentre uno iniziava ad attrezzare il percorso con una corda fissa, l&#8217;altro ha raggiunto l&#8217;escursionista. Nel momento in cui si \u00e8 aperto un varco nella nebbia, lo ha quindi spostato in un posto pi\u00f9 agevole per il recupero, avvenuto in hovering quando l&#8217;eliambulanza \u00e8 arrivata. Trasportati al Settimo alpini, l&#8217;elicottero \u00e8 tornato a prendere il secondo soccorritore rimasto in quota. Tutti sono poi stati trasportati a valle.<\/p>\n\n\t\t\t<style type='text\/css'>\n\t\t\t\t#gallery-1 {\n\t\t\t\t\tmargin: auto;\n\t\t\t\t}\n\t\t\t\t#gallery-1 .gallery-item {\n\t\t\t\t\tfloat: left;\n\t\t\t\t\tmargin-top: 10px;\n\t\t\t\t\ttext-align: center;\n\t\t\t\t\twidth: 50%;\n\t\t\t\t}\n\t\t\t\t#gallery-1 img {\n\t\t\t\t\tborder: 2px solid #cfcfcf;\n\t\t\t\t}\n\t\t\t\t#gallery-1 .gallery-caption {\n\t\t\t\t\tmargin-left: 0;\n\t\t\t\t}\n\t\t\t\t\/* see gallery_shortcode() in wp-includes\/media.php *\/\n\t\t\t<\/style>\n\t\t<div id='gallery-1' class='dt-gallery-container gallery galleryid-216790 gallery-columns-2 gallery-size-medium'><dl class='gallery-item'>\n\t\t\t\t<dt class='gallery-icon portrait'>\n\t\t\t\t\t<a class=\"rollover rollover-zoom dt-pswp-item\" title=\"salt_20210618_141248_101\" data-dt-img-description=\"\" data-large_image_width=\"1773\" data-large_image_height=\"2364\"href='https:\/\/www.radiopiu.net\/wordpress\/wp-content\/uploads\/2021\/06\/salt_20210618_141248_101.jpg'><img loading=\"lazy\" decoding=\"async\" width=\"225\" height=\"300\" src=\"https:\/\/www.radiopiu.net\/wordpress\/wp-content\/uploads\/2021\/06\/salt_20210618_141248_101-225x300.jpg\" class=\"attachment-medium size-medium\" alt=\"\" srcset=\"https:\/\/www.radiopiu.net\/wordpress\/wp-content\/uploads\/2021\/06\/salt_20210618_141248_101-225x300.jpg 225w, https:\/\/www.radiopiu.net\/wordpress\/wp-content\/uploads\/2021\/06\/salt_20210618_141248_101-768x1024.jpg 768w, https:\/\/www.radiopiu.net\/wordpress\/wp-content\/uploads\/2021\/06\/salt_20210618_141248_101-1152x1536.jpg 1152w, https:\/\/www.radiopiu.net\/wordpress\/wp-content\/uploads\/2021\/06\/salt_20210618_141248_101-1536x2048.jpg 1536w, https:\/\/www.radiopiu.net\/wordpress\/wp-content\/uploads\/2021\/06\/salt_20210618_141248_101.jpg 1773w\" sizes=\"auto, (max-width: 225px) 100vw, 225px\" \/><\/a>\n\t\t\t\t<\/dt><\/dl><dl class='gallery-item'>\n\t\t\t\t<dt class='gallery-icon portrait'>\n\t\t\t\t\t<a class=\"rollover rollover-zoom dt-pswp-item\" title=\"salt_20210618_141210_917\" data-dt-img-description=\"\" data-large_image_width=\"1773\" data-large_image_height=\"2364\"href='https:\/\/www.radiopiu.net\/wordpress\/wp-content\/uploads\/2021\/06\/salt_20210618_141210_917.jpg'><img loading=\"lazy\" decoding=\"async\" width=\"225\" height=\"300\" src=\"https:\/\/www.radiopiu.net\/wordpress\/wp-content\/uploads\/2021\/06\/salt_20210618_141210_917-225x300.jpg\" class=\"attachment-medium size-medium\" alt=\"\" srcset=\"https:\/\/www.radiopiu.net\/wordpress\/wp-content\/uploads\/2021\/06\/salt_20210618_141210_917-225x300.jpg 225w, https:\/\/www.radiopiu.net\/wordpress\/wp-content\/uploads\/2021\/06\/salt_20210618_141210_917-768x1024.jpg 768w, https:\/\/www.radiopiu.net\/wordpress\/wp-content\/uploads\/2021\/06\/salt_20210618_141210_917-1152x1536.jpg 1152w, https:\/\/www.radiopiu.net\/wordpress\/wp-content\/uploads\/2021\/06\/salt_20210618_141210_917-1536x2048.jpg 1536w, https:\/\/www.radiopiu.net\/wordpress\/wp-content\/uploads\/2021\/06\/salt_20210618_141210_917.jpg 1773w\" sizes=\"auto, (max-width: 225px) 100vw, 225px\" \/><\/a>\n\t\t\t\t<\/dt><\/dl><br style=\"clear: both\" \/>\n\t\t\t<\/div>\n\n<p>&nbsp;<\/p>\n","protected":false},"excerpt":{"rendered":"<p>BELLUNO\u00a0Questa mattina poco prima delle 7 il Soccorso alpino di Belluno \u00e8 stato allertato dalla Centrale del Suem, per un escursionista bloccato dalla neve sulla Schiara. S.B., 27 anni, di nazionalit\u00e0 tedesca, stava percorrendo l&#8217;Alta via numero 1 e, dopo aver passato la notte al Bivacco Bocco-Zago, stava scendendo lungo la Ferrata del Marmol. Arrivato&hellip;<\/p>\n","protected":false},"author":4,"featured_media":216845,"comment_status":"closed","ping_status":"open","sticky":false,"template":"","format":"standard","meta":{"_monsterinsights_skip_tracking":false,"_monsterinsights_sitenote_active":false,"_monsterinsights_sitenote_note":"","_monsterinsights_sitenote_category":0,"footnotes":""},"categories":[51,49],"tags":[],"class_list":["post-216790","post","type-post","status-publish","format-standard","has-post-thumbnail","hentry","category-evidenza-top","category-news-18","category-51","category-49","description-off"],"img_url":"https:\/\/www.radiopiu.net\/wordpress\/wp-content\/uploads\/2021\/06\/salt_20210618_141210_917.jpg","_links":{"self":[{"href":"https:\/\/www.radiopiu.net\/wordpress\/wp-json\/wp\/v2\/posts\/216790","targetHints":{"allow":["GET"]}}],"collection":[{"href":"https:\/\/www.radiopiu.net\/wordpress\/wp-json\/wp\/v2\/posts"}],"about":[{"href":"https:\/\/www.radiopiu.net\/wordpress\/wp-json\/wp\/v2\/types\/post"}],"author":[{"embeddable":true,"href":"https:\/\/www.radiopiu.net\/wordpress\/wp-json\/wp\/v2\/users\/4"}],"replies":[{"embeddable":true,"href":"https:\/\/www.radiopiu.net\/wordpress\/wp-json\/wp\/v2\/comments?post=216790"}],"version-history":[{"count":0,"href":"https:\/\/www.radiopiu.net\/wordpress\/wp-json\/wp\/v2\/posts\/216790\/revisions"}],"wp:featuredmedia":[{"embeddable":true,"href":"https:\/\/www.radiopiu.net\/wordpress\/wp-json\/wp\/v2\/media\/216845"}],"wp:attachment":[{"href":"https:\/\/www.radiopiu.net\/wordpress\/wp-json\/wp\/v2\/media?parent=216790"}],"wp:term":[{"taxonomy":"category","embeddable":true,"href":"https:\/\/www.radiopiu.net\/wordpress\/wp-json\/wp\/v2\/categories?post=216790"},{"taxonomy":"post_tag","embeddable":true,"href":"https:\/\/www.radiopiu.net\/wordpress\/wp-json\/wp\/v2\/tags?post=216790"}],"curies":[{"name":"wp","href":"https:\/\/api.w.org\/{rel}","templated":true}]}}