{"id":216902,"date":"2021-06-18T23:59:07","date_gmt":"2021-06-18T21:59:07","guid":{"rendered":"https:\/\/www.radiopiu.net\/wordpress\/?p=216902"},"modified":"2021-06-19T05:47:17","modified_gmt":"2021-06-19T03:47:17","slug":"gli-emigranti-di-murer-e-guarnieri","status":"publish","type":"post","link":"https:\/\/www.radiopiu.net\/wordpress\/gli-emigranti-di-murer-e-guarnieri\/","title":{"rendered":"GLI EMIGRANTI (DI MURER E GUARNIERI)"},"content":{"rendered":"<p><strong>di Renato Bona<\/strong><\/p>\n<p>Il presidente del sodalizio, Oscar De Bona, d\u2019accordo con i colleghi del consiglio direttivo, ha convocato per sabato 19 giugno, a partire dalle 10, l\u2019assemblea generale dell\u2019Associazione Bellunesi nel mondo che, anche in questa occasione, perdurando la pandemia da Corona virus 19, si svolger\u00e0 per via telematica. On line, dunque, le relazioni: morale dello stesso De Bona, ed economica del tesoriere Angelo Paganin, quindi l\u2019approvazione dei bilanci: consuntivo del 2020 e preventivo del 2021; seguiranno le votazioni per il rinnovo delle cariche, con 31 candidati in corsa per 21 posti, non solo del Bellunese ma anche da diversi Paesi del mondo: Argentina, Svizzera, Germania e Brasile. A proposito di quest\u2019ultimo grande Paese, l\u2019appuntamento con l\u2019assemblea, prezioso per \u201cdare voce agli emigranti bellunesi per un confronto diretto con le istituzioni provinciali e sono numerosi gli interventi gi\u00e0 programmati, come si pu\u00f2 leggere nel sito Abm), ci offre il destro per riguardare e rileggere con grande piacere il libro \u201cMurer. Gli emigranti\u201d con il testo \u201cVecchia cronaca\u201d di Silvio Guarnieri, che la Nuovi Sentieri Editore di Bepi Pellegrinon fece stampare nel 1976 da Arti Grafiche Tamari di Bologna, per il coordinamento grafico e impaginazione di Eronda. F.to Ezio Quiresi di Cremona. Anche perch\u00e9, non lo nascondiamo, del maestro Augusto Murer eravamo amici da quando ci era stato presentato dallo scomparso maresciallo dei carabinieri Alceo D\u2019Agostini; il prof. Guarnieri era il preside della scuola superiore che abbiamo frequentato a Feltre: il glorioso \u201cColotti\u201d; al fenomeno migratorio siamo stati interessati fin da ragazzini, grazie ad una zia materna, Emma Bondioli, che si era trasferita nella Confederazione elvetica per ragioni di lavoro; ancora: perch\u00e9 abbiamo avuto l\u2019onore di essere per un mandato, componente del consiglio direttivo dell\u2019Associazione; infine perch\u00e9 a Caxias do Sul ci siamo stati da cronisti al seguito di una delegazione di quella che all\u2019epoca era ancora l\u2019Aeb, associazione emigranti bellunesi. Ma bando ai ricordi personali e, grazie al prof. Guarnieri, apprendiamo che \u201cNegli ultimi 25 anni dell\u2019Ottocento nella provincia di Belluno, mentre continua e si incrementa l\u2019emigrazione temporanea, stagionale sino a superare le 340 mila unit\u00e0, ad essa si accompagna quella definitiva, indirizzata per lo pi\u00f9 verso paesi europei e del bacino mediterraneo ma anche, e per quote notevoli, verso paesi transoceanici. Complessivamente durante questo periodo pi\u00f9 di 12 mila suoi abitanti, per la loro massima parte contadini, abbandonano la propria terra definitivamente, andando incontro ad un nuovo destino senza nessuna riserva, senza serbare a s\u00e9 alcuna possibilit\u00e0 di un eventuale ritorno. E questo flusso numeroso si accompagna e partecipa di quello pi\u00f9 ampio che proviene dalle altre province venete, e specificamente, dalle zone di collina e di montagna di esse, come l\u2019intera provincia di Belluno pi\u00f9 colpite evidentemente dalla crisi economica\u201d. Lo storico ricorda poi che a partire dall\u2019autunno del 1875, una parte notevole di questo flusso migratorio si dirige verso il Brasile, e specificamente verso la regione del Rio Grande del Sud, in tre ondate successive, le prime due, pi\u00f9 consistenti, rispettivamente nel 1875, 1876 e 1877, e dal 1885 al 1889, la terza, sul finire del secolo e nei primi mesi del novecento; ma questa meno intensa, priva di quei caratteri di fenomeno di massa specifico di quelle. Cosicch\u00e9 dalla data della proclamazione della Repubblica del Brasile, nel1889, in quella regione gi\u00e0 risiedono 41.500 italiani, provenienti per la pi\u00f9 gran parte dal Veneto\u2026 Gli immigrati della provincia di Belluno costituiscono circa il 30 per cento e tutti i circondari di essa vi sono rappresentati: numerosi i bellunesi, come i feltrini, gli agordini ed i cadorini. Per Guarnieri un tale fenomeno migratorio di massa verso un paese tanto lontano e del tutto sconosciuto, fu provocato dall\u2019invito ufficiale rivolto dal governo imperiale prima e da quello repubblicano poi a queste popolazioni italiane dell\u2019arco alpino, allo scopo di popolare e di mettere a coltura tutte questa regione meridionale del Brasile. Specifica quindi che: \u201ca questi nuovi coloni si offriva la terra in propriet\u00e0 mediante un riscatto dopo cinque anni dalla presa di possesso. Questo miraggio di una terra propria e di una terra fertile in un paese ricco di produzione agricola di grano, caff\u00e8 e zucchero, e ben propizio all\u2019allevamento del bestiame, e soprattutto il fatto che la propriet\u00e0 venisse garantita dallo Stato \u201cdette forza ad illusioni ed a progetti, aiut\u00f2 a vincere riluttanze e diffidenze\u201d. Nell\u2019impossibilit\u00e0 di soffermarci sullo sviluppo economico, sociale e culturale della regione di Caxias do Sul, ci preme richiamare il fatto &#8211; sottolineato da Silvio Guarnieri &#8211; che \u201ca Murer la tematica di quell\u2019esodo, di quella fuga dal paese natale, di quei viaggi avventurosi e rischiosi, di quelle fatiche, di quegli sforzi e di quell\u2019impegno che andavano al di l\u00e0 dell\u2019umano, tutta la vicenda di quegli emigrati, di quei coloni di Rio Grande del Sud, risult\u00f2 connaturale, come l\u2019avesse sperimentata, sofferta di persona e forse nei suoi lontani ricordi, per testimonianza di quale parente, di qualche vecchio, di qualche amico, risuscitarono, vennero a galla in lui un\u2019immagine, un sentimento. Subito gli si configur\u00f2 l\u2019opera che gli era stata commissionata: la porta centrale in bronzo e le due laterali della cattedrale di San Pellegrino, dedicate al tema dell\u2019emigrazione veneta in Brasile, ritenute una delle sue opere pi\u00f9 importanti ed inaugurate il 29 ottobre 1983.<\/p>\n\n\t\t\t<style type='text\/css'>\n\t\t\t\t#gallery-1 {\n\t\t\t\t\tmargin: auto;\n\t\t\t\t}\n\t\t\t\t#gallery-1 .gallery-item {\n\t\t\t\t\tfloat: left;\n\t\t\t\t\tmargin-top: 10px;\n\t\t\t\t\ttext-align: center;\n\t\t\t\t\twidth: 12%;\n\t\t\t\t}\n\t\t\t\t#gallery-1 img {\n\t\t\t\t\tborder: 2px solid #cfcfcf;\n\t\t\t\t}\n\t\t\t\t#gallery-1 .gallery-caption {\n\t\t\t\t\tmargin-left: 0;\n\t\t\t\t}\n\t\t\t\t\/* see gallery_shortcode() in wp-includes\/media.php *\/\n\t\t\t<\/style>\n\t\t<div id='gallery-1' class='dt-gallery-container gallery galleryid-216902 gallery-columns-8 gallery-size-thumbnail'><dl class='gallery-item'>\n\t\t\t\t<dt class='gallery-icon portrait'>\n\t\t\t\t\t<a class=\"rollover rollover-zoom dt-pswp-item\" title=\"202606374_816294372337968_1097516498347703113_n\" data-dt-img-description=\"\" data-large_image_width=\"162\" data-large_image_height=\"210\"href='https:\/\/www.radiopiu.net\/wordpress\/wp-content\/uploads\/2021\/06\/202606374_816294372337968_1097516498347703113_n.jpg'><img loading=\"lazy\" decoding=\"async\" width=\"150\" height=\"150\" src=\"https:\/\/www.radiopiu.net\/wordpress\/wp-content\/uploads\/2021\/06\/202606374_816294372337968_1097516498347703113_n-150x150.jpg\" class=\"attachment-thumbnail size-thumbnail\" alt=\"\" \/><\/a>\n\t\t\t\t<\/dt><\/dl><dl class='gallery-item'>\n\t\t\t\t<dt class='gallery-icon portrait'>\n\t\t\t\t\t<a class=\"rollover rollover-zoom dt-pswp-item\" title=\"201662827_872441463369367_4278293270238267562_n\" data-dt-img-description=\"\" data-large_image_width=\"304\" data-large_image_height=\"414\"href='https:\/\/www.radiopiu.net\/wordpress\/wp-content\/uploads\/2021\/06\/201662827_872441463369367_4278293270238267562_n.jpg'><img loading=\"lazy\" decoding=\"async\" width=\"150\" height=\"150\" src=\"https:\/\/www.radiopiu.net\/wordpress\/wp-content\/uploads\/2021\/06\/201662827_872441463369367_4278293270238267562_n-150x150.jpg\" class=\"attachment-thumbnail size-thumbnail\" alt=\"\" \/><\/a>\n\t\t\t\t<\/dt><\/dl><dl class='gallery-item'>\n\t\t\t\t<dt class='gallery-icon portrait'>\n\t\t\t\t\t<a class=\"rollover rollover-zoom dt-pswp-item\" title=\"203116761_527357575279346_658488275718211037_n\" data-dt-img-description=\"\" data-large_image_width=\"303\" data-large_image_height=\"414\"href='https:\/\/www.radiopiu.net\/wordpress\/wp-content\/uploads\/2021\/06\/203116761_527357575279346_658488275718211037_n.jpg'><img loading=\"lazy\" decoding=\"async\" width=\"150\" height=\"150\" src=\"https:\/\/www.radiopiu.net\/wordpress\/wp-content\/uploads\/2021\/06\/203116761_527357575279346_658488275718211037_n-150x150.jpg\" class=\"attachment-thumbnail size-thumbnail\" alt=\"\" \/><\/a>\n\t\t\t\t<\/dt><\/dl><dl class='gallery-item'>\n\t\t\t\t<dt class='gallery-icon portrait'>\n\t\t\t\t\t<a class=\"rollover rollover-zoom dt-pswp-item\" title=\"201045784_603811124336584_1652279509613474306_n\" data-dt-img-description=\"\" data-large_image_width=\"300\" data-large_image_height=\"403\"href='https:\/\/www.radiopiu.net\/wordpress\/wp-content\/uploads\/2021\/06\/201045784_603811124336584_1652279509613474306_n.jpg'><img loading=\"lazy\" decoding=\"async\" width=\"150\" height=\"150\" src=\"https:\/\/www.radiopiu.net\/wordpress\/wp-content\/uploads\/2021\/06\/201045784_603811124336584_1652279509613474306_n-150x150.jpg\" class=\"attachment-thumbnail size-thumbnail\" alt=\"\" \/><\/a>\n\t\t\t\t<\/dt><\/dl><dl class='gallery-item'>\n\t\t\t\t<dt class='gallery-icon portrait'>\n\t\t\t\t\t<a class=\"rollover rollover-zoom dt-pswp-item\" title=\"201034388_534926651036275_3401881162451179605_n\" data-dt-img-description=\"\" data-large_image_width=\"366\" data-large_image_height=\"403\"href='https:\/\/www.radiopiu.net\/wordpress\/wp-content\/uploads\/2021\/06\/201034388_534926651036275_3401881162451179605_n.jpg'><img loading=\"lazy\" decoding=\"async\" width=\"150\" height=\"150\" src=\"https:\/\/www.radiopiu.net\/wordpress\/wp-content\/uploads\/2021\/06\/201034388_534926651036275_3401881162451179605_n-150x150.jpg\" class=\"attachment-thumbnail size-thumbnail\" alt=\"\" \/><\/a>\n\t\t\t\t<\/dt><\/dl><dl class='gallery-item'>\n\t\t\t\t<dt class='gallery-icon portrait'>\n\t\t\t\t\t<a class=\"rollover rollover-zoom dt-pswp-item\" title=\"201516499_2902954866585057_7591537068847253935_n\" data-dt-img-description=\"\" data-large_image_width=\"311\" data-large_image_height=\"403\"href='https:\/\/www.radiopiu.net\/wordpress\/wp-content\/uploads\/2021\/06\/201516499_2902954866585057_7591537068847253935_n.jpg'><img loading=\"lazy\" decoding=\"async\" width=\"150\" height=\"150\" src=\"https:\/\/www.radiopiu.net\/wordpress\/wp-content\/uploads\/2021\/06\/201516499_2902954866585057_7591537068847253935_n-150x150.jpg\" class=\"attachment-thumbnail size-thumbnail\" alt=\"\" \/><\/a>\n\t\t\t\t<\/dt><\/dl><dl class='gallery-item'>\n\t\t\t\t<dt class='gallery-icon portrait'>\n\t\t\t\t\t<a class=\"rollover rollover-zoom dt-pswp-item\" title=\"203210866_1048085109369124_4708444753683546556_n\" data-dt-img-description=\"\" data-large_image_width=\"304\" data-large_image_height=\"414\"href='https:\/\/www.radiopiu.net\/wordpress\/wp-content\/uploads\/2021\/06\/203210866_1048085109369124_4708444753683546556_n.jpg'><img loading=\"lazy\" decoding=\"async\" width=\"150\" height=\"150\" src=\"https:\/\/www.radiopiu.net\/wordpress\/wp-content\/uploads\/2021\/06\/203210866_1048085109369124_4708444753683546556_n-150x150.jpg\" class=\"attachment-thumbnail size-thumbnail\" alt=\"\" \/><\/a>\n\t\t\t\t<\/dt><\/dl><dl class='gallery-item'>\n\t\t\t\t<dt class='gallery-icon portrait'>\n\t\t\t\t\t<a class=\"rollover rollover-zoom dt-pswp-item\" title=\"200910496_863461314265975_5819474794877688864_n\" data-dt-img-description=\"\" data-large_image_width=\"403\" data-large_image_height=\"404\"href='https:\/\/www.radiopiu.net\/wordpress\/wp-content\/uploads\/2021\/06\/200910496_863461314265975_5819474794877688864_n.jpg'><img loading=\"lazy\" decoding=\"async\" width=\"150\" height=\"150\" src=\"https:\/\/www.radiopiu.net\/wordpress\/wp-content\/uploads\/2021\/06\/200910496_863461314265975_5819474794877688864_n-150x150.jpg\" class=\"attachment-thumbnail size-thumbnail\" alt=\"\" srcset=\"https:\/\/www.radiopiu.net\/wordpress\/wp-content\/uploads\/2021\/06\/200910496_863461314265975_5819474794877688864_n-150x150.jpg 150w, https:\/\/www.radiopiu.net\/wordpress\/wp-content\/uploads\/2021\/06\/200910496_863461314265975_5819474794877688864_n-300x300.jpg 300w, https:\/\/www.radiopiu.net\/wordpress\/wp-content\/uploads\/2021\/06\/200910496_863461314265975_5819474794877688864_n.jpg 403w\" sizes=\"auto, (max-width: 150px) 100vw, 150px\" \/><\/a>\n\t\t\t\t<\/dt><\/dl><br style=\"clear: both\" \/><dl class='gallery-item'>\n\t\t\t\t<dt class='gallery-icon portrait'>\n\t\t\t\t\t<a class=\"rollover rollover-zoom dt-pswp-item\" title=\"201139392_191947352852182_6374723791518942851_n\" data-dt-img-description=\"\" data-large_image_width=\"304\" data-large_image_height=\"403\"href='https:\/\/www.radiopiu.net\/wordpress\/wp-content\/uploads\/2021\/06\/201139392_191947352852182_6374723791518942851_n.jpg'><img loading=\"lazy\" decoding=\"async\" width=\"150\" height=\"150\" src=\"https:\/\/www.radiopiu.net\/wordpress\/wp-content\/uploads\/2021\/06\/201139392_191947352852182_6374723791518942851_n-150x150.jpg\" class=\"attachment-thumbnail size-thumbnail\" alt=\"\" \/><\/a>\n\t\t\t\t<\/dt><\/dl><dl class='gallery-item'>\n\t\t\t\t<dt class='gallery-icon landscape'>\n\t\t\t\t\t<a class=\"rollover rollover-zoom dt-pswp-item\" title=\"202514691_233853541583091_9082566377371237768_n\" data-dt-img-description=\"\" data-large_image_width=\"535\" data-large_image_height=\"403\"href='https:\/\/www.radiopiu.net\/wordpress\/wp-content\/uploads\/2021\/06\/202514691_233853541583091_9082566377371237768_n.jpg'><img loading=\"lazy\" decoding=\"async\" width=\"150\" height=\"150\" src=\"https:\/\/www.radiopiu.net\/wordpress\/wp-content\/uploads\/2021\/06\/202514691_233853541583091_9082566377371237768_n-150x150.jpg\" class=\"attachment-thumbnail size-thumbnail\" alt=\"\" \/><\/a>\n\t\t\t\t<\/dt><\/dl><dl class='gallery-item'>\n\t\t\t\t<dt class='gallery-icon portrait'>\n\t\t\t\t\t<a class=\"rollover rollover-zoom dt-pswp-item\" title=\"201772019_599785091003485_3113632250174806751_n\" data-dt-img-description=\"\" data-large_image_width=\"299\" data-large_image_height=\"403\"href='https:\/\/www.radiopiu.net\/wordpress\/wp-content\/uploads\/2021\/06\/201772019_599785091003485_3113632250174806751_n.jpg'><img loading=\"lazy\" decoding=\"async\" width=\"150\" height=\"150\" src=\"https:\/\/www.radiopiu.net\/wordpress\/wp-content\/uploads\/2021\/06\/201772019_599785091003485_3113632250174806751_n-150x150.jpg\" class=\"attachment-thumbnail size-thumbnail\" alt=\"\" \/><\/a>\n\t\t\t\t<\/dt><\/dl><dl class='gallery-item'>\n\t\t\t\t<dt class='gallery-icon landscape'>\n\t\t\t\t\t<a class=\"rollover rollover-zoom dt-pswp-item\" title=\"202675274_945052839615763_8061941009590719470_n\" data-dt-img-description=\"\" data-large_image_width=\"568\" data-large_image_height=\"403\"href='https:\/\/www.radiopiu.net\/wordpress\/wp-content\/uploads\/2021\/06\/202675274_945052839615763_8061941009590719470_n.jpg'><img loading=\"lazy\" decoding=\"async\" width=\"150\" height=\"150\" src=\"https:\/\/www.radiopiu.net\/wordpress\/wp-content\/uploads\/2021\/06\/202675274_945052839615763_8061941009590719470_n-150x150.jpg\" class=\"attachment-thumbnail size-thumbnail\" alt=\"\" \/><\/a>\n\t\t\t\t<\/dt><\/dl><dl class='gallery-item'>\n\t\t\t\t<dt class='gallery-icon landscape'>\n\t\t\t\t\t<a class=\"rollover rollover-zoom dt-pswp-item\" title=\"202946359_582932816022881_2832916715641932072_n\" data-dt-img-description=\"\" data-large_image_width=\"236\" data-large_image_height=\"214\"href='https:\/\/www.radiopiu.net\/wordpress\/wp-content\/uploads\/2021\/06\/202946359_582932816022881_2832916715641932072_n.jpg'><img loading=\"lazy\" decoding=\"async\" width=\"150\" height=\"150\" src=\"https:\/\/www.radiopiu.net\/wordpress\/wp-content\/uploads\/2021\/06\/202946359_582932816022881_2832916715641932072_n-150x150.jpg\" class=\"attachment-thumbnail size-thumbnail\" alt=\"\" \/><\/a>\n\t\t\t\t<\/dt><\/dl><dl class='gallery-item'>\n\t\t\t\t<dt class='gallery-icon landscape'>\n\t\t\t\t\t<a class=\"rollover rollover-zoom dt-pswp-item\" title=\"202310829_768738877134603_8574275151771422357_n\" data-dt-img-description=\"\" data-large_image_width=\"620\" data-large_image_height=\"403\"href='https:\/\/www.radiopiu.net\/wordpress\/wp-content\/uploads\/2021\/06\/202310829_768738877134603_8574275151771422357_n.jpg'><img loading=\"lazy\" decoding=\"async\" width=\"150\" height=\"150\" src=\"https:\/\/www.radiopiu.net\/wordpress\/wp-content\/uploads\/2021\/06\/202310829_768738877134603_8574275151771422357_n-150x150.jpg\" class=\"attachment-thumbnail size-thumbnail\" alt=\"\" \/><\/a>\n\t\t\t\t<\/dt><\/dl><dl class='gallery-item'>\n\t\t\t\t<dt class='gallery-icon portrait'>\n\t\t\t\t\t<a class=\"rollover rollover-zoom dt-pswp-item\" title=\"201111504_4420306791333039_8395192753509300137_n\" data-dt-img-description=\"\" data-large_image_width=\"303\" data-large_image_height=\"640\"href='https:\/\/www.radiopiu.net\/wordpress\/wp-content\/uploads\/2021\/06\/201111504_4420306791333039_8395192753509300137_n.jpg'><img loading=\"lazy\" decoding=\"async\" width=\"150\" height=\"150\" src=\"https:\/\/www.radiopiu.net\/wordpress\/wp-content\/uploads\/2021\/06\/201111504_4420306791333039_8395192753509300137_n-150x150.jpg\" class=\"attachment-thumbnail size-thumbnail\" alt=\"\" \/><\/a>\n\t\t\t\t<\/dt><\/dl><dl class='gallery-item'>\n\t\t\t\t<dt class='gallery-icon portrait'>\n\t\t\t\t\t<a class=\"rollover rollover-zoom dt-pswp-item\" title=\"201162464_240067990840845_9071045293865309408_n\" data-dt-img-description=\"\" data-large_image_width=\"307\" data-large_image_height=\"540\"href='https:\/\/www.radiopiu.net\/wordpress\/wp-content\/uploads\/2021\/06\/201162464_240067990840845_9071045293865309408_n.jpg'><img loading=\"lazy\" decoding=\"async\" width=\"150\" height=\"150\" src=\"https:\/\/www.radiopiu.net\/wordpress\/wp-content\/uploads\/2021\/06\/201162464_240067990840845_9071045293865309408_n-150x150.jpg\" class=\"attachment-thumbnail size-thumbnail\" alt=\"\" \/><\/a>\n\t\t\t\t<\/dt><\/dl><br style=\"clear: both\" \/>\n\t\t\t<\/div>\n\n<p>NELLE FOTO (archivio Museo Murer; Bellunesi nel mondo; riproduzioni dal libro \u201cMurer. Gli emigranti\u201d): il presidente dell\u2019Associazione Bellunesi nel Mondo, Oscar De Bona; la copertina del libro-catalogo dell\u2019opera di Augusto Murer con testo del prof. Silvio Guarnieri; lo scultore di Falcade, purtroppo scomparso; \u201cContadine\u201d, studio per la porta centrale; studio-litografia; altra litografia del maestro falcadino; studio-disegno per la stessa porta; tre interpretazioni della \u201cpartenza\u2026\u201d; \u201cnaufragio\u201d; uomini e animali nella foresta; il raccolto delle contadine; particolare della \u201cporta dell\u2019amore\u201d; Caxias do Sul: cerimonia inaugurale delle porte della Cattedrale, il 29 ottobre 1983.<\/p>\n<blockquote><p><em><strong>Il pregevole lavoro fa riferimento alle porte della chiesa di San Pellegrino nella brasiliana Caxias do Sul<\/strong><\/em><\/p><\/blockquote>\n<p>&nbsp;<\/p>\n<p>&nbsp;<\/p>\n<p>&nbsp;<\/p>\n<p>****<\/p>\n","protected":false},"excerpt":{"rendered":"<p>di Renato Bona Il presidente del sodalizio, Oscar De Bona, d\u2019accordo con i colleghi del consiglio direttivo, ha convocato per sabato 19 giugno, a partire dalle 10, l\u2019assemblea generale dell\u2019Associazione Bellunesi nel mondo che, anche in questa occasione, perdurando la pandemia da Corona virus 19, si svolger\u00e0 per via telematica. On line, dunque, le relazioni:&hellip;<\/p>\n","protected":false},"author":4,"featured_media":216916,"comment_status":"closed","ping_status":"open","sticky":false,"template":"","format":"standard","meta":{"_monsterinsights_skip_tracking":false,"_monsterinsights_sitenote_active":false,"_monsterinsights_sitenote_note":"","_monsterinsights_sitenote_category":0,"footnotes":""},"categories":[104,49],"tags":[],"class_list":["post-216902","post","type-post","status-publish","format-standard","has-post-thumbnail","hentry","category-evidenza_3","category-news-18","category-104","category-49","description-off"],"img_url":"https:\/\/www.radiopiu.net\/wordpress\/wp-content\/uploads\/2021\/06\/202310829_768738877134603_8574275151771422357_n.jpg","_links":{"self":[{"href":"https:\/\/www.radiopiu.net\/wordpress\/wp-json\/wp\/v2\/posts\/216902","targetHints":{"allow":["GET"]}}],"collection":[{"href":"https:\/\/www.radiopiu.net\/wordpress\/wp-json\/wp\/v2\/posts"}],"about":[{"href":"https:\/\/www.radiopiu.net\/wordpress\/wp-json\/wp\/v2\/types\/post"}],"author":[{"embeddable":true,"href":"https:\/\/www.radiopiu.net\/wordpress\/wp-json\/wp\/v2\/users\/4"}],"replies":[{"embeddable":true,"href":"https:\/\/www.radiopiu.net\/wordpress\/wp-json\/wp\/v2\/comments?post=216902"}],"version-history":[{"count":0,"href":"https:\/\/www.radiopiu.net\/wordpress\/wp-json\/wp\/v2\/posts\/216902\/revisions"}],"wp:featuredmedia":[{"embeddable":true,"href":"https:\/\/www.radiopiu.net\/wordpress\/wp-json\/wp\/v2\/media\/216916"}],"wp:attachment":[{"href":"https:\/\/www.radiopiu.net\/wordpress\/wp-json\/wp\/v2\/media?parent=216902"}],"wp:term":[{"taxonomy":"category","embeddable":true,"href":"https:\/\/www.radiopiu.net\/wordpress\/wp-json\/wp\/v2\/categories?post=216902"},{"taxonomy":"post_tag","embeddable":true,"href":"https:\/\/www.radiopiu.net\/wordpress\/wp-json\/wp\/v2\/tags?post=216902"}],"curies":[{"name":"wp","href":"https:\/\/api.w.org\/{rel}","templated":true}]}}