{"id":216928,"date":"2021-06-18T17:56:02","date_gmt":"2021-06-18T15:56:02","guid":{"rendered":"https:\/\/www.radiopiu.net\/wordpress\/?p=216928"},"modified":"2021-06-19T05:48:24","modified_gmt":"2021-06-19T03:48:24","slug":"dillo-a-radio-piu-il-problema-degli-allevatori-e-ben-altro-che-il-lupo-e-vanno-tutelati","status":"publish","type":"post","link":"https:\/\/www.radiopiu.net\/wordpress\/dillo-a-radio-piu-il-problema-degli-allevatori-e-ben-altro-che-il-lupo-e-vanno-tutelati\/","title":{"rendered":"DILLO A RADIO PIU&#8230;IL PROBLEMA DEGLI ALLEVATORI E&#8217; BEN ALTRO CHE IL LUPO E VANNO TUTELATI"},"content":{"rendered":"<p><strong><a href=\"https:\/\/www.radiopiu.net\/wordpress\/per-legambiente-la-caccia-al-lupo-non-e-una-soluzione\/lupo-4\/\" rel=\"attachment wp-att-188785\"><img loading=\"lazy\" decoding=\"async\" class=\"size-medium wp-image-188785 alignleft\" src=\"https:\/\/www.radiopiu.net\/wordpress\/wp-content\/uploads\/2021\/02\/LUPO-300x206.jpg\" alt=\"\" width=\"300\" height=\"206\" srcset=\"https:\/\/www.radiopiu.net\/wordpress\/wp-content\/uploads\/2021\/02\/LUPO-300x206.jpg 300w, https:\/\/www.radiopiu.net\/wordpress\/wp-content\/uploads\/2021\/02\/LUPO.jpg 512w\" sizes=\"auto, (max-width: 300px) 100vw, 300px\" \/><\/a>di Cristiano Fant<\/strong><\/p>\n<p>Ancora delle predazioni da parte del lupo nella zona dell&#8217;Alpago o cos\u00ec almeno sembra, dato che senza l&#8217;esame del DNA rinvenuto sulle carcasse, certezze non se ne possono avere. L&#8217;evento \u00e8 ancora una volta a danno della famiglia Fullin che ha gi\u00e0 subito 15 predazioni solo nel 2020 , decisamente troppe per non giungere alla conclusione che qualcosa nel frattempo si sarebbe dovuto imparare in tema di detenzione in sicurezza degli animali da reddito. 50 pecore perse in un anno sono decisamente una strage di individui, soggetti per legge alla tutela del proprietario. Infatti il Decreto Legislativo 146\/2001, Attuazione della Direttiva 98\/58\/CE relativa alla protezione degli animali da reddito, recita all&#8217;Art. 2 <em>Obblighi dei proprietari, dei custodi dei detentori degli animali<\/em> &#8220;il proprietario o custode ovvero il detentore deve:\u00a0 a) adottare misure adeguate per garantire il benessere dei propri animali e affinch\u00e8 non vengano loro provocati dolore, sofferenza o lesioni inutili. Sicuramente si tratta di un lavoro non semplice, quello dell&#8217;allevatore ma che va portato avanti,\u00a0 come ogni altro con i dovuti metodi e mezzi. Le reti da sole, seppur elettrificate, non sempre bastano la cosa \u00e8 ormai risaputa in tutta Europa per cui sorprende che ancora qualcuno le usi senza nessun altro tipo di deterrente. Il connubio reti elettrificate (dell&#8217;altezza adeguata che varia a seconda delle pendenze e del tipo di terreno) e cani da guardiania (in numero adeguato, sempre superiore ad uno), funziona quasi sempre. La presenza umana, nei momenti pi\u00f9 delicati (spostamento degli armenti, nascita dei piccoli, ecc&#8230;) \u00e8 necessaria. Un lavoro non semplice, paradossalmente pi\u00f9 difficile oggi che un tempo visto che ci si \u00e8 scordati di vivere in un territorio di montagna nel quale il lupo, per fortuna, sta riprendendo gli spazi che l&#8217;uomo, compiendo stragi crudeli, gli aveva tolto. Mettendo da parte per un momento l&#8217;antropocentrismo che ci caratterizza, bisogna sottolineare come la presenza di un predatore in cima alla catena alimentare, una specie chiave per l&#8217;ecosistema, risulti fondamentale per ridare equilibrio ad un mondo che la nostra specie ha violentato e continua a violentare. Ovviamente ci sono delle criticit\u00e0, come in ogni interazione ma \u00e8 fondamentale comprendere che la presenza del lupo pu\u00f2 portare benifici per la provincia a livello turistico, ecologico, culturale ed economico. Cosa serve per una corretta convivenza con la specie lupo? Innanzitutto una corretta informazione e sinora la nostra provincia ha miseramente fallito in questo per tre motivi; il primo: non si \u00e8 fatto nulla per preparare gli addetti al settore, alla convivenza con il lupo tanto che, quando nel 2016 sono cominciate le predazioni di animali da reddito il fatto ha sorpreso tutti e dire che l&#8217;Ufficio Caccia e pesca della Provincia di Bolzano aveva avvisato nel 2012, il corrispondente Ufficio bellunese che il lupo Slavc, proveniente da Est e radiocollarato era passato per il nostro territorio, fermandosi qualche giorno e predando. Da li alle prime predazioni sono passati 4 anni; il secondo motivo del fallimento sta nel lavoro fatto dai mass media che spesso hanno &#8220;gettato benzina sul fuoco&#8221; con articoli allarmisti nei quali hanno dato ampio spazio al parere di privati cittadini, decisamente incapaci di valutare in modo professionale gli eventi a cui hanno assistito, anzich\u00e8 coinvolgere esperti in materia; il terzo motivo, la mancanza di una corretta formazione degli allevatori da parte delle associazioni di categoria e degli enti preposti (Provincia e Regione). Come si evince dalle testimonianze dei Fullin e di tanti altri allevatori, il lupo non \u00e8 ancora specie abbastanza conosciuta. Dire che &#8220;ogni anno aumentano sempre pi\u00f9&#8221; \u00e8 falso visto che il numero dei lupi presenti in un branco \u00e8 geneticamente controllato; areali piccoli come quelli presenti in provincia, non avranno mai un numero eccessivo di individui presenti nel branco. Anche pensare di abbattere i lupi in dispersione \u00e8 una pessima idea, in primis perch\u00e8 si istiga ad una attivit\u00e0 severamente vietata ma anche perch\u00e8 questo pu\u00f2 creare dinamiche nei branchi che gestiscono areali confinanti con le aree in questione, che potrebbero portare a danni maggiori. Ovviamente il lupo in dispersione (essendo solo) tende a predare animali da zootecnia in quanto pi\u00f9 semplici da uccidere ma questo da cosa dipende? Ovviamente dal fatto che non sono detenuti in sicurezza. Il Presidente di Confagricoltura Donazzolo \u00e8 convinto che la convivenza tra uomini e lupi non sia possibile; il mio invito \u00e8 che si rechi in alcune zone d&#8217;Italia, magari accompagnato da quei politici che il lupo non lo vogliono, pur senza conoscerlo, dove la convivenza non solo \u00e8 possibile ma porta, in termini economici, dei vantaggi per la nostra specie, grazie al turismo consapevole. In quanto presidente di Confagricoltura, lo invito inoltre a studiarsi i dati relativi ai danni compiuti dalla fauna selvatica, in particolare dai cinghiali, alle attivit\u00e0 agricole, danni di gran lunga maggiori in termini di bilancio che non quelli provocati dal lupo. In questo caso, l&#8217;apporto del predatore si \u00e8 gi\u00e0 dimostrato fondamentale per il calo dei suidi in alcuni territori italiani in quanto capace di fare quello che l&#8217;attivit\u00e0 venatoria, rea di aver importato suidi non autoctoni e decisamente distruttivi sul territorio italiano, non ha mai saputo fare, creando piuttosto un aumento della specie grazie ad una caccia scriteriata. Per chiudere, i problemi degli allevatori sono di ben altra caratura: costi troppo elevati degli alpeggi, crollo del valore della carne e del latte, mancanza di personale, abbandono dell&#8217;attivit\u00e0 per lavori meno faticosi e pi\u00f9 redditizi. La predazione del lupo si profila come l&#8217;ultimo anello di una catena decisamente logora. I vantaggi che la presenza del predatore porta al territorio (turismo, cultura, riequilibrio della biodiverist\u00e0, interesse, ecc&#8230;) sono indiscutibili e vanno considerati nella giusta proporzione. Il mio consiglio agli allevatori \u00e8 quello di pretendere di pi\u00f9 da una Provincia ed una Regione che non hanno sinora fatto abbastanza in termini di informazione, formazione e aiuti alla categoria. Gli allevatori vanno tutelati, i loro animali anche; il lupo non \u00e8 da meno.<\/p>\n<p>&nbsp;<\/p>\n<h2><\/h2>\n<h2><strong>OGGI ALLA RADIO<\/strong><\/h2>\n<blockquote>\n<h3>TRE ASSALTI DEI LUPI IN ALPAGO, SBRANATE 20 PECORE<\/h3>\n<\/blockquote>\n<p><strong><a href=\"https:\/\/www.radiopiu.net\/wordpress\/tre-assalti-dei-lupi-in-alpago-sbranate-20-pecore\/pecore-sbranate-in-passato-nel-bellunese\/\" rel=\"attachment wp-att-216536\"><img loading=\"lazy\" decoding=\"async\" class=\"size-medium wp-image-216536 alignleft\" src=\"https:\/\/www.radiopiu.net\/wordpress\/wp-content\/uploads\/2021\/06\/pecore-sbranate-in-passato-nel-Bellunese-300x180.jpg\" sizes=\"auto, (max-width: 300px) 100vw, 300px\" srcset=\"https:\/\/www.radiopiu.net\/wordpress\/wp-content\/uploads\/2021\/06\/pecore-sbranate-in-passato-nel-Bellunese-300x180.jpg 300w, https:\/\/www.radiopiu.net\/wordpress\/wp-content\/uploads\/2021\/06\/pecore-sbranate-in-passato-nel-Bellunese-1024x616.jpg 1024w, https:\/\/www.radiopiu.net\/wordpress\/wp-content\/uploads\/2021\/06\/pecore-sbranate-in-passato-nel-Bellunese-768x462.jpg 768w, https:\/\/www.radiopiu.net\/wordpress\/wp-content\/uploads\/2021\/06\/pecore-sbranate-in-passato-nel-Bellunese.jpg 1199w\" alt=\"\" width=\"300\" height=\"180\" \/><\/a>BELLUNO<\/strong><\/p>\n<p align=\"JUSTIFY\">Il lupo torna all\u2019assalto in Alpago: sbranate 20 pecore nel giro degli ultimi dieci giorni agli allevatori Alessandro e Sebastiano Fullin, gi\u00e0 colpiti in passato dalle predazioni.\u00a0<em>\u201cHanno ucciso 5 pecore a mio figlio Sebastiano luned\u00ec mattina e il resto a me, tra pecore e agnellini, in altri due assalti \u2013 dice\u00a0Alessandro Fullin, allevatore di\u00a0Confagricoltura Belluno\u00a0-. Ma Sebastiano era gi\u00e0 stato colpito in aprile, senza contare che l\u2019anno scorso abbiamo subito 15 predazioni. Di 600 pecore che avevamo, ne saranno rimaste 550. Siamo sfiniti fisicamente. A parte la tensione nervosa, che ci distrugge, e la paura, lavoriamo tre ore in pi\u00f9 ogni giorno per il lupo perch\u00e9 abbiamo da gestire cento chilometri di recinzioni fisse durante il giorno, che servono per far mangiare le pecore, e in pi\u00f9 le reti con corrente elettrica dove la notte chiudiamo i branchi a rischio. E la sera che non ce la facciamo a chiudere tutto il lupo \u00e8 l\u00ec in agguato e fa strage di bestie\u201d.\u00a0<\/em>Fullin sperava che la Regione gli mandasse un uomo\u00a0in pi\u00f9 per chiudere le greggi durante la notte, ma non \u00e8 arrivato.\u00a0<em>\u201cNon ce la facciamo pi\u00f9, camminiamo 70 chilometri al giorno per fare tutto, ma siamo stremati \u2013 spiega -. Noi\u00a0<\/em><em>garantiamo la biodiversit\u00e0 con la pecora Alpagota, ma non possiamo pi\u00f9 farcela se ci sono i lupi, che ogni anno aumentano sempre di pi\u00f9. Siamo convinti che vada preservato il branco di lupi presente in Cansiglio, perch\u00e9 siamo per la biodiversit\u00e0, ma i lupi in dispersione presenti in Alpago che stanno massacrando le greggi e gli allevamenti vanno uccisi o prelevati. Perch\u00e9 il nostro gregge in Cansiglio non viene mai attaccato? Perch\u00e9 la coppia Alfa che guida il branco in quell\u2019area ha delle regole e non attacca, mentre i lupi in dispersione sono terrorizzati perch\u00e9 temono di morire di fame e riprodursi e attaccano tutto e tutti\u201d.<\/em><\/p>\n<blockquote>\n<p align=\"JUSTIFY\">Diego Donazzolo, presidente di Confagricoltura Belluno, \u00e8 sconsolato:\u00a0<em>\u201c<\/em><em>La convivenza tra allevatori e lupo non \u00e8 possibile, lo diciamo da anni \u2013 sottolinea -. Purtroppo non \u00e8 un problema solo nazionale, ma europeo, sorto da quando \u00e8 stato varato il progetto Life Wolfalps per la conservazione della popolazione di lupo nell\u2019ecosistema alpino. Si vuole che i lupi vivano assieme agli uomini nella natura, come accadeva secoli fa, ma non hanno pensato alla tutela dei territori e delle attivit\u00e0 economiche. Non si sono resi conto che in questo modo tutte le attivit\u00e0 di alpeggio e allevamento verranno abbandonate. Ma se la politica europea \u00e8 questo che vuole, abbandoneremo le stalle in provincia di Belluno e ci dedicheremo ad altro. Come organizzazione chiederemo per\u00f2 i risarcimenti per la chiusura delle nostre attivit\u00e0 e per tutti gli investimenti fatti in questi anni\u201d.<\/em><\/p>\n<\/blockquote>\n<p>&nbsp;<\/p>\n<p>&nbsp;<\/p>\n<p>****<\/p>\n<p>&nbsp;<\/p>\n","protected":false},"excerpt":{"rendered":"<p>di Cristiano Fant Ancora delle predazioni da parte del lupo nella zona dell&#8217;Alpago o cos\u00ec almeno sembra, dato che senza l&#8217;esame del DNA rinvenuto sulle carcasse, certezze non se ne possono avere. L&#8217;evento \u00e8 ancora una volta a danno della famiglia Fullin che ha gi\u00e0 subito 15 predazioni solo nel 2020 , decisamente troppe per&hellip;<\/p>\n","protected":false},"author":4,"featured_media":188785,"comment_status":"closed","ping_status":"open","sticky":false,"template":"","format":"standard","meta":{"_monsterinsights_skip_tracking":false,"_monsterinsights_sitenote_active":false,"_monsterinsights_sitenote_note":"","_monsterinsights_sitenote_category":0,"footnotes":""},"categories":[51,49],"tags":[],"class_list":["post-216928","post","type-post","status-publish","format-standard","has-post-thumbnail","hentry","category-evidenza-top","category-news-18","category-51","category-49","description-off"],"img_url":"https:\/\/www.radiopiu.net\/wordpress\/wp-content\/uploads\/2021\/02\/LUPO.jpg","_links":{"self":[{"href":"https:\/\/www.radiopiu.net\/wordpress\/wp-json\/wp\/v2\/posts\/216928","targetHints":{"allow":["GET"]}}],"collection":[{"href":"https:\/\/www.radiopiu.net\/wordpress\/wp-json\/wp\/v2\/posts"}],"about":[{"href":"https:\/\/www.radiopiu.net\/wordpress\/wp-json\/wp\/v2\/types\/post"}],"author":[{"embeddable":true,"href":"https:\/\/www.radiopiu.net\/wordpress\/wp-json\/wp\/v2\/users\/4"}],"replies":[{"embeddable":true,"href":"https:\/\/www.radiopiu.net\/wordpress\/wp-json\/wp\/v2\/comments?post=216928"}],"version-history":[{"count":0,"href":"https:\/\/www.radiopiu.net\/wordpress\/wp-json\/wp\/v2\/posts\/216928\/revisions"}],"wp:featuredmedia":[{"embeddable":true,"href":"https:\/\/www.radiopiu.net\/wordpress\/wp-json\/wp\/v2\/media\/188785"}],"wp:attachment":[{"href":"https:\/\/www.radiopiu.net\/wordpress\/wp-json\/wp\/v2\/media?parent=216928"}],"wp:term":[{"taxonomy":"category","embeddable":true,"href":"https:\/\/www.radiopiu.net\/wordpress\/wp-json\/wp\/v2\/categories?post=216928"},{"taxonomy":"post_tag","embeddable":true,"href":"https:\/\/www.radiopiu.net\/wordpress\/wp-json\/wp\/v2\/tags?post=216928"}],"curies":[{"name":"wp","href":"https:\/\/api.w.org\/{rel}","templated":true}]}}