{"id":217003,"date":"2021-06-20T07:23:39","date_gmt":"2021-06-20T05:23:39","guid":{"rendered":"https:\/\/www.radiopiu.net\/wordpress\/?p=217003"},"modified":"2021-06-21T05:46:32","modified_gmt":"2021-06-21T03:46:32","slug":"giornale-radiopiu-20-giugno-2021-direttore-mirko-mezzacasa","status":"publish","type":"post","link":"https:\/\/www.radiopiu.net\/wordpress\/giornale-radiopiu-20-giugno-2021-direttore-mirko-mezzacasa\/","title":{"rendered":"GIORNALE RADIOPIU 20 GIUGNO 2021 DIRETTORE MIRKO MEZZACASA"},"content":{"rendered":"<h3><span style=\"color: #0000ff;\">PER<strong>\u00a0RICEVERE QUESTO NOTIZIARIO DIRETTAMENTE SUL TUO CELLULARE ISCRIVITI AL CANALE TELEGRAM\u00a0<\/strong><strong>\u201cRADIO PIU\u00a0 INFORMAZIONE\u201d\u00a0 \u00a0 \u00a0 \u00a0\u00a0<\/strong><\/span><\/h3>\n<p>&nbsp;<\/p>\n<p>&nbsp;<\/p>\n<hr \/>\n<p><span style=\"color: #0000ff;\"><strong>\u00a0<\/strong><\/span><\/p>\n<blockquote>\n<h3>DA MERCOLEDI CHIUDE LA 563 DI SALESEI (ROCCA PIETORE-DIGONERA)<\/h3>\n<\/blockquote>\n<p><strong><a href=\"https:\/\/www.radiopiu.net\/wordpress\/da-mercoledi-chiude-la-563-di-salesei-rocca-pietore-digonera\/th-143\/\" rel=\"attachment wp-att-216769\"><img loading=\"lazy\" decoding=\"async\" class=\"wp-image-216769 alignleft\" src=\"https:\/\/www.radiopiu.net\/wordpress\/wp-content\/uploads\/2021\/06\/th-16-300x169.jpg\" alt=\"\" width=\"154\" height=\"87\" srcset=\"https:\/\/www.radiopiu.net\/wordpress\/wp-content\/uploads\/2021\/06\/th-16-300x169.jpg 300w, https:\/\/www.radiopiu.net\/wordpress\/wp-content\/uploads\/2021\/06\/th-16.jpg 330w\" sizes=\"auto, (max-width: 154px) 100vw, 154px\" \/><\/a>ROCCA PIETORE<\/strong>\u00a0 Dal 23 giugno a fino al 2 luglio (sabato e domenica escluso) lungo la 563 di Digonera sono previsti gli interventi di realizzazione delle opere di difesa dalla valanghe. La circolazione stradale sar\u00e0 totalmente interdetta dalle 8 alle 12 e dalle 14 alle 18. Negli altri orari senso unico alternato a vista.<\/p>\n<p><strong><a href=\"https:\/\/www.radiopiu.net\/wordpress\/giornale-radiopiu-16-giugno-2021-direttore-mirko-mezzacasa\/lavorii\/\" rel=\"attachment wp-att-216177\"><img loading=\"lazy\" decoding=\"async\" class=\"size-medium wp-image-216177 alignleft\" src=\"https:\/\/www.radiopiu.net\/wordpress\/wp-content\/uploads\/2021\/06\/LAVORII-300x159.jpg\" alt=\"\" width=\"300\" height=\"159\" srcset=\"https:\/\/www.radiopiu.net\/wordpress\/wp-content\/uploads\/2021\/06\/LAVORII-300x159.jpg 300w, https:\/\/www.radiopiu.net\/wordpress\/wp-content\/uploads\/2021\/06\/LAVORII.jpg 335w\" sizes=\"auto, (max-width: 300px) 100vw, 300px\" \/><\/a><\/strong><\/p>\n<p>&nbsp;<\/p>\n<p><b>GALLERIA \u2018COMELICO\u00a0<\/b>fino al 31 luglio\u00a0 dalle 21 alle\u00a0 6 la galleria sar\u00e0 chiusa al traffico. Per i veicoli pesanti trainanti un rimorchio \u00e8 prevista la deviazione sulla SR 48 \u201cdelle Dolomiti e sulla SP 49 \u201cMisurina\u201d,\u00a0 \u00a0il traffico pesante sar\u00e0 deviato lungo la SP 532 \u201cPasso S. Antonio\u201d. Il traffico leggero\u00a0 sulla SP 532.<\/p>\n<p>&nbsp;<\/p>\n<p><strong>BELLUNO <\/strong>Per consentire l\u2019esecuzione dei lavori di manutenzione degli impianti a servizio della galleria \u2018Termine\u2019 sono previste limitazioni notturne lungo la strada statale 51 \u201cdi Alemagna\u201d.Da luned\u00ec 21 giugno, nella fascia oraria compresa tra le 21:00 e le 6:00 del giorno successivo, sar\u00e0 chiuso al traffico il tratto dal km 53,400 al km 55,950 con deviazione della circolazione sulla ex strada statale 51.La modifica alla circolazione non sar\u00e0 in vigore nei giorni festivi e prefestivi ed \u00e8 prevista fino a venerd\u00ec 2 luglio 2021.<\/p>\n<p>&nbsp;<\/p>\n<hr \/>\n<p>&nbsp;<\/p>\n<p>&nbsp;<\/p>\n<blockquote><p>&nbsp;<\/p>\n<p><strong><span style=\"color: #800000;\"><a href=\"https:\/\/www.radiopiu.net\/wordpress\/giornale-radiopiu-16-giugno-2021-direttore-mirko-mezzacasa\/th-140\/\" rel=\"attachment wp-att-216173\"><img loading=\"lazy\" decoding=\"async\" class=\"wp-image-216173 alignleft\" src=\"https:\/\/www.radiopiu.net\/wordpress\/wp-content\/uploads\/2021\/06\/th-13.jpg\" alt=\"\" width=\"71\" height=\"47\" \/><\/a>ENEL, INTERRUZIONI PROGRAMMATE PER LAVORI SULLE LINEE ELETTRICHE\u00a0\u00a0<\/span><\/strong><\/p><\/blockquote>\n<p><strong>\u00a0<\/strong><strong>ALLEGHE<\/strong> Lunedi dalle 13 alle 16 sono interessate le vie Coldai, Serenissima, Scuole, Sm Battuti.<strong>AGORDO<\/strong> Martedi dalle 8 alle 12 sono interessate le vie Parech, Val di Frela, 4 Novembre<strong> LIVINALLONGO DEL COL DI LANA<\/strong> Mercoledi dalle 8.30 alle 14.30 sono interessate le vie Larzonei e Collaz. <strong>COLLE SANTA LUCIA<\/strong> Mercoledi dalle 8.30 alle 14.30 sono interessate le vie Colcuc e Rucav\u00e0.<\/p>\n<p>&nbsp;<\/p>\n<p>&nbsp;<\/p>\n<hr \/>\n<p>&nbsp;<\/p>\n<blockquote>\n<h2><a href=\"https:\/\/www.radiopiu.net\/wordpress\/giornale-radiopiu-16-giugno-2021-direttore-mirko-mezzacasa\/lavori-6\/\" rel=\"attachment wp-att-216175\"><img loading=\"lazy\" decoding=\"async\" class=\"wp-image-216175 alignleft\" src=\"https:\/\/www.radiopiu.net\/wordpress\/wp-content\/uploads\/2021\/06\/LAVORI-1-1.jpg\" alt=\"\" width=\"122\" height=\"122\" srcset=\"https:\/\/www.radiopiu.net\/wordpress\/wp-content\/uploads\/2021\/06\/LAVORI-1-1.jpg 300w, https:\/\/www.radiopiu.net\/wordpress\/wp-content\/uploads\/2021\/06\/LAVORI-1-1-150x150.jpg 150w\" sizes=\"auto, (max-width: 122px) 100vw, 122px\" \/><\/a>CANTIERI A ROCCA PIETORE<\/h2>\n<\/blockquote>\n<p><strong>ROCCA PIETORE<\/strong> Fino al 10 luglio \u00e8 chiuso al transito il ponte sul Ru de Molin tra le localit\u00e0 di Santa Maria delle Grazie e Caracoi. Chiusura dell&#8217;area compresa tra la localit\u00e0 di Aur\u00f9 e l&#8217;intersezione con la strada per Laste Fino al 9 luglio \u00e8 chiuso il tratto di strada in localit\u00e0 Col di Rocca nel tratto tra la Centralina Comunale e il bivio in cui si innesta con la strada provinciale 641 lato Sass Negher. . La viabilit\u00e0 da e per l&#8217;abitato di Col di Rocca \u00e8 comunque garantita da altri due accessi esistenti.<\/p>\n<p>&nbsp;<\/p>\n<p>&nbsp;<\/p>\n<hr \/>\n<p>&nbsp;<\/p>\n<blockquote>\n<h3><strong><a href=\"https:\/\/www.radiopiu.net\/wordpress\/agordo-il-mio-paese-litalia-che-vorrei-di-mirko-mezzacasa\/8cea600a-c88b-4d28-8748-e360e4864c44\/\" rel=\"attachment wp-att-144890\"><img loading=\"lazy\" decoding=\"async\" class=\" wp-image-144890 alignleft\" src=\"https:\/\/www.radiopiu.net\/wordpress\/wp-content\/uploads\/2020\/06\/8cea600a-c88b-4d28-8748-e360e4864c44-300x225.jpg\" alt=\"\" width=\"155\" height=\"116\" srcset=\"https:\/\/www.radiopiu.net\/wordpress\/wp-content\/uploads\/2020\/06\/8cea600a-c88b-4d28-8748-e360e4864c44-300x225.jpg 300w, https:\/\/www.radiopiu.net\/wordpress\/wp-content\/uploads\/2020\/06\/8cea600a-c88b-4d28-8748-e360e4864c44-1024x768.jpg 1024w, https:\/\/www.radiopiu.net\/wordpress\/wp-content\/uploads\/2020\/06\/8cea600a-c88b-4d28-8748-e360e4864c44-768x576.jpg 768w, https:\/\/www.radiopiu.net\/wordpress\/wp-content\/uploads\/2020\/06\/8cea600a-c88b-4d28-8748-e360e4864c44-1536x1152.jpg 1536w, https:\/\/www.radiopiu.net\/wordpress\/wp-content\/uploads\/2020\/06\/8cea600a-c88b-4d28-8748-e360e4864c44.jpg 2048w\" sizes=\"auto, (max-width: 155px) 100vw, 155px\" \/><\/a><\/strong>LAVORI DI RIFACIMENTO DEL PONTE SUL TORRENTE CAMPREGANA<\/h3>\n<\/blockquote>\n<p><strong>AGORDO<\/strong> Fino al 16 luglio, per le frazioni Farenzena e Val di Frela deviazioni per la\u00a0 strada silvo-pastorale Farenzena-Don <em>Transito consentito <strong>A SALIRE<\/strong>, da frazione FARENZENA a localita\u0300 DON: dalle 6 alle 7:45, dalle 9 alle 9:45, dalle 11:00 alle 11:45, dalle 13 alle 13:45 &#8211; dalle 15 alle 15:45, dalle 17 alle 17:45, dalle 19 alle 19:45. Transito consentito<strong> A SCENDERE<\/strong>, da localita\u0300 DON a frazione FARENZENA: dalle 8 alle 8:45, dalle 10 alle 10:45, dalle 12 alle 12:45, dalle 14 alle 14:45, dalle 16 alle 16:45, dalle 18 alle 18:45, dalle 20 alle 20:45. Dalle ore 20:45 alle ore 05:45 la circolazione dei veicoli e\u0300 consentita contemporaneamente in entrambi i sensi di marcia.\u00a0<\/em><\/p>\n<blockquote><p>&nbsp;<\/p><\/blockquote>\n<p>&nbsp;<\/p>\n<hr \/>\n<p>&nbsp;<\/p>\n<blockquote>\n<h3><strong><a href=\"https:\/\/www.radiopiu.net\/wordpress\/ancora-al-lavoro-i-vigili-del-fuoco-a-canazei-di-colle-santa-lucia\/1a1a094a-7a44-4ffc-8b60-56b1a06b12e8\/\" rel=\"attachment wp-att-214046\"><img loading=\"lazy\" decoding=\"async\" class=\" wp-image-214046 alignleft\" src=\"https:\/\/www.radiopiu.net\/wordpress\/wp-content\/uploads\/2021\/06\/1a1a094a-7a44-4ffc-8b60-56b1a06b12e8-300x225.jpg\" alt=\"\" width=\"112\" height=\"84\" srcset=\"https:\/\/www.radiopiu.net\/wordpress\/wp-content\/uploads\/2021\/06\/1a1a094a-7a44-4ffc-8b60-56b1a06b12e8-300x225.jpg 300w, https:\/\/www.radiopiu.net\/wordpress\/wp-content\/uploads\/2021\/06\/1a1a094a-7a44-4ffc-8b60-56b1a06b12e8-1024x768.jpg 1024w, https:\/\/www.radiopiu.net\/wordpress\/wp-content\/uploads\/2021\/06\/1a1a094a-7a44-4ffc-8b60-56b1a06b12e8-768x576.jpg 768w, https:\/\/www.radiopiu.net\/wordpress\/wp-content\/uploads\/2021\/06\/1a1a094a-7a44-4ffc-8b60-56b1a06b12e8.jpg 1280w\" sizes=\"auto, (max-width: 112px) 100vw, 112px\" \/><\/a><\/strong>RACCOLTA FONDI PER L&#8217;INCENDIO DI CANAZEI A COLLE SANTA LUCIA<\/h3>\n<\/blockquote>\n<p><strong>COLLE SANTA LUCIA <\/strong>Le donazioni potranno essere effettuate al seguente conto corrente bancario Unicredit banca SPA intestato al Comune di Colle Santa Lucia: IT15A0200861000000002713253 inserendo la seguente causale: \u201cIncendio Canazei di Colle Santa Lucia del 4 giugno 2021\u201d.<\/p>\n<p>&nbsp;<\/p>\n<p>&nbsp;<\/p>\n<hr \/>\n<p>&nbsp;<\/p>\n<blockquote>\n<h3>VACCINO ANTI COVID: 1000 POSTI DISPONIBILI A SEDICO PRENOTABILI DA SUBITO<\/h3>\n<\/blockquote>\n<p><strong><a href=\"https:\/\/www.radiopiu.net\/wordpress\/come-si-e-preparata-la-ulss-1-dolomiti-per-il-v-day\/vaccino-covid\/\" rel=\"attachment wp-att-181587\"><img loading=\"lazy\" decoding=\"async\" class=\" wp-image-181587 alignleft\" src=\"https:\/\/www.radiopiu.net\/wordpress\/wp-content\/uploads\/2020\/12\/VACCINO-COVID-300x212.jpg\" alt=\"\" width=\"113\" height=\"80\" srcset=\"https:\/\/www.radiopiu.net\/wordpress\/wp-content\/uploads\/2020\/12\/VACCINO-COVID-300x212.jpg 300w, https:\/\/www.radiopiu.net\/wordpress\/wp-content\/uploads\/2020\/12\/VACCINO-COVID-1024x724.jpg 1024w, https:\/\/www.radiopiu.net\/wordpress\/wp-content\/uploads\/2020\/12\/VACCINO-COVID-768x543.jpg 768w, https:\/\/www.radiopiu.net\/wordpress\/wp-content\/uploads\/2020\/12\/VACCINO-COVID-1536x1086.jpg 1536w, https:\/\/www.radiopiu.net\/wordpress\/wp-content\/uploads\/2020\/12\/VACCINO-COVID.jpg 1920w\" sizes=\"auto, (max-width: 113px) 100vw, 113px\" \/><\/a>BELLUNO<\/strong> A seguito di riorganizzazione delle agende, la prossima settimana saranno disponibili numerosi posti aggiuntivi per tutte le categorie destinatarie della vaccinazione Anti Covid presso il Palaskating di Sedico attivo tutti i giorni dalle 12.00 alle 20.00. Complessivamente sono a disposizione circa 1000 posti prenotabili tramite il portale regionale o il sito <a title=\"http:\/\/www.aulss1.veneto.it\" href=\"http:\/\/www.aulss1.veneto.it\/\">www.aulss1.veneto.it<\/a>.<\/p>\n<p>&nbsp;<\/p>\n<p>&nbsp;<\/p>\n<hr \/>\n<p>&nbsp;<\/p>\n<blockquote>\n<h3>IN VENETO ROVESCI E TEMPORALI SULLE ZONE MONTANE, IN PEDEMONTANA E PIANURA. ALLERTA GIALLA IN ALCUNI BACINI IDROGRAFICI<\/h3>\n<\/blockquote>\n<p><strong><a href=\"https:\/\/www.radiopiu.net\/wordpress\/continua-sino-a-domani-mattina-lo-stato-di-attenzione-per-temporali\/pioggia-3\/\" rel=\"attachment wp-att-165742\"><img loading=\"lazy\" decoding=\"async\" class=\"size-medium wp-image-165742 alignleft\" src=\"https:\/\/www.radiopiu.net\/wordpress\/wp-content\/uploads\/2020\/10\/PIOGGIA-300x190.jpg\" alt=\"\" width=\"300\" height=\"190\" srcset=\"https:\/\/www.radiopiu.net\/wordpress\/wp-content\/uploads\/2020\/10\/PIOGGIA-300x190.jpg 300w, https:\/\/www.radiopiu.net\/wordpress\/wp-content\/uploads\/2020\/10\/PIOGGIA-1024x650.jpg 1024w, https:\/\/www.radiopiu.net\/wordpress\/wp-content\/uploads\/2020\/10\/PIOGGIA-768x487.jpg 768w, https:\/\/www.radiopiu.net\/wordpress\/wp-content\/uploads\/2020\/10\/PIOGGIA-1536x974.jpg 1536w, https:\/\/www.radiopiu.net\/wordpress\/wp-content\/uploads\/2020\/10\/PIOGGIA.jpg 1920w\" sizes=\"auto, (max-width: 300px) 100vw, 300px\" \/><\/a>VENEZIA <\/strong>Il bollettino emesso dal Centro funzionale decentrato della Protezione Civile del Veneto annuncia, per le prossime ore, tempo instabile in montagna, sulle zone della pedemontana settentrionale e in alta pianura orientale. Oggi pomeriggio sono possibili temporali e fenomeni intensi come forti rovesci, forti raffiche di vento e grandinate locali. In considerazione delle previsioni meteo attese \u00e8 stato emesso anche un nuovo avviso di criticit\u00e0 idrogeologica per i disagi che potrebbero verificarsi nel sistema di drenaggio urbano e lungo la rete idrografica minore, valevole, complessivamente, fino alle ore 8 di luned\u00ec 21 giugno. Considerata l\u2019entit\u00e0 dei fenomeni previsti, la criticit\u00e0 idrogeologica \u00e8 riferita allo scenario per temporali forti, quindi, viene dichiarato lo stato di attenzione per criticit\u00e0 idrogeologica (allerta gialla) per i seguenti bacini: Alto Piave; Piave Pedemontano; Alto Brenta-Bacchiglione-Alpone; Adige-Garda e Monti Lessini. Per il bacino Livenza, Lemene e Tagliamento l\u2019allerta idraulica riguarda solamente la rete secondaria. Si segnala, inoltre, la possibilit\u00e0 di disagi sul sistema fognario e l\u2019innesco di fenomeni franosi superficiali sui versanti, cos\u00ec come la possibilit\u00e0 di innesco di colate rapide specie nelle zone di allertamento di Vene-A (bacino Alto Piave), Vene-H (bacino Piave Pedemontano), Vene-B (Alto Brenta-Bacchiglione-Alpone) e Vene-C (bacino Adige-Garda e Monti Lessini).<\/p>\n<p>&nbsp;<\/p>\n<p>&nbsp;<\/p>\n<hr \/>\n<p>&nbsp;<\/p>\n<blockquote>\n<h3>DUE NUOVI NEGOZI IN VIA GARIBALDI AD AGORDO<\/h3>\n<\/blockquote>\n<p><strong>AGORDO<\/strong><\/p>\n<p>di Gianni Santomaso<\/p>\n<audio class=\"wp-audio-shortcode\" id=\"audio-217003-1\" preload=\"none\" style=\"width: 100%;\" controls=\"controls\"><source type=\"audio\/mpeg\" src=\"https:\/\/www.radiopiu.net\/wordpress\/wp-content\/uploads\/2021\/06\/GIANNI-VIA-GARIBALDI-NUOVI-NEGOZI.mp3?_=1\" \/><a href=\"https:\/\/www.radiopiu.net\/wordpress\/wp-content\/uploads\/2021\/06\/GIANNI-VIA-GARIBALDI-NUOVI-NEGOZI.mp3\">https:\/\/www.radiopiu.net\/wordpress\/wp-content\/uploads\/2021\/06\/GIANNI-VIA-GARIBALDI-NUOVI-NEGOZI.mp3<\/a><\/audio>\n<p>&nbsp;<\/p>\n\n\t\t\t<style type='text\/css'>\n\t\t\t\t#gallery-1 {\n\t\t\t\t\tmargin: auto;\n\t\t\t\t}\n\t\t\t\t#gallery-1 .gallery-item {\n\t\t\t\t\tfloat: left;\n\t\t\t\t\tmargin-top: 10px;\n\t\t\t\t\ttext-align: center;\n\t\t\t\t\twidth: 20%;\n\t\t\t\t}\n\t\t\t\t#gallery-1 img {\n\t\t\t\t\tborder: 2px solid #cfcfcf;\n\t\t\t\t}\n\t\t\t\t#gallery-1 .gallery-caption {\n\t\t\t\t\tmargin-left: 0;\n\t\t\t\t}\n\t\t\t\t\/* see gallery_shortcode() in wp-includes\/media.php *\/\n\t\t\t<\/style>\n\t\t<div id='gallery-1' class='dt-gallery-container gallery galleryid-217003 gallery-columns-5 gallery-size-medium'><dl class='gallery-item'>\n\t\t\t\t<dt class='gallery-icon landscape'>\n\t\t\t\t\t<a class=\"rollover rollover-zoom dt-pswp-item\" title=\"536eed66-a75d-45e9-8974-8861ecab277e\" data-dt-img-description=\"\" data-large_image_width=\"2048\" data-large_image_height=\"1154\"href='https:\/\/www.radiopiu.net\/wordpress\/wp-content\/uploads\/2021\/06\/536eed66-a75d-45e9-8974-8861ecab277e.jpg'><img loading=\"lazy\" decoding=\"async\" width=\"300\" height=\"169\" src=\"https:\/\/www.radiopiu.net\/wordpress\/wp-content\/uploads\/2021\/06\/536eed66-a75d-45e9-8974-8861ecab277e-300x169.jpg\" class=\"attachment-medium size-medium\" alt=\"\" srcset=\"https:\/\/www.radiopiu.net\/wordpress\/wp-content\/uploads\/2021\/06\/536eed66-a75d-45e9-8974-8861ecab277e-300x169.jpg 300w, https:\/\/www.radiopiu.net\/wordpress\/wp-content\/uploads\/2021\/06\/536eed66-a75d-45e9-8974-8861ecab277e-1024x577.jpg 1024w, https:\/\/www.radiopiu.net\/wordpress\/wp-content\/uploads\/2021\/06\/536eed66-a75d-45e9-8974-8861ecab277e-768x433.jpg 768w, https:\/\/www.radiopiu.net\/wordpress\/wp-content\/uploads\/2021\/06\/536eed66-a75d-45e9-8974-8861ecab277e-1536x866.jpg 1536w, https:\/\/www.radiopiu.net\/wordpress\/wp-content\/uploads\/2021\/06\/536eed66-a75d-45e9-8974-8861ecab277e.jpg 2048w\" sizes=\"auto, (max-width: 300px) 100vw, 300px\" \/><\/a>\n\t\t\t\t<\/dt><\/dl><dl class='gallery-item'>\n\t\t\t\t<dt class='gallery-icon landscape'>\n\t\t\t\t\t<a class=\"rollover rollover-zoom dt-pswp-item\" title=\"6a91baea-1aef-43bc-885a-79e1331a0588\" data-dt-img-description=\"\" data-large_image_width=\"2048\" data-large_image_height=\"1154\"href='https:\/\/www.radiopiu.net\/wordpress\/wp-content\/uploads\/2021\/06\/6a91baea-1aef-43bc-885a-79e1331a0588.jpg'><img loading=\"lazy\" decoding=\"async\" width=\"300\" height=\"169\" src=\"https:\/\/www.radiopiu.net\/wordpress\/wp-content\/uploads\/2021\/06\/6a91baea-1aef-43bc-885a-79e1331a0588-300x169.jpg\" class=\"attachment-medium size-medium\" alt=\"\" srcset=\"https:\/\/www.radiopiu.net\/wordpress\/wp-content\/uploads\/2021\/06\/6a91baea-1aef-43bc-885a-79e1331a0588-300x169.jpg 300w, https:\/\/www.radiopiu.net\/wordpress\/wp-content\/uploads\/2021\/06\/6a91baea-1aef-43bc-885a-79e1331a0588-1024x577.jpg 1024w, https:\/\/www.radiopiu.net\/wordpress\/wp-content\/uploads\/2021\/06\/6a91baea-1aef-43bc-885a-79e1331a0588-768x433.jpg 768w, https:\/\/www.radiopiu.net\/wordpress\/wp-content\/uploads\/2021\/06\/6a91baea-1aef-43bc-885a-79e1331a0588-1536x866.jpg 1536w, https:\/\/www.radiopiu.net\/wordpress\/wp-content\/uploads\/2021\/06\/6a91baea-1aef-43bc-885a-79e1331a0588.jpg 2048w\" sizes=\"auto, (max-width: 300px) 100vw, 300px\" \/><\/a>\n\t\t\t\t<\/dt><\/dl><dl class='gallery-item'>\n\t\t\t\t<dt class='gallery-icon landscape'>\n\t\t\t\t\t<a class=\"rollover rollover-zoom dt-pswp-item\" title=\"e8be9b4f-fa9d-47e1-a63c-138c5faf16bb\" data-dt-img-description=\"\" data-large_image_width=\"2048\" data-large_image_height=\"1154\"href='https:\/\/www.radiopiu.net\/wordpress\/wp-content\/uploads\/2021\/06\/e8be9b4f-fa9d-47e1-a63c-138c5faf16bb.jpg'><img loading=\"lazy\" decoding=\"async\" width=\"300\" height=\"169\" src=\"https:\/\/www.radiopiu.net\/wordpress\/wp-content\/uploads\/2021\/06\/e8be9b4f-fa9d-47e1-a63c-138c5faf16bb-300x169.jpg\" class=\"attachment-medium size-medium\" alt=\"\" srcset=\"https:\/\/www.radiopiu.net\/wordpress\/wp-content\/uploads\/2021\/06\/e8be9b4f-fa9d-47e1-a63c-138c5faf16bb-300x169.jpg 300w, https:\/\/www.radiopiu.net\/wordpress\/wp-content\/uploads\/2021\/06\/e8be9b4f-fa9d-47e1-a63c-138c5faf16bb-1024x577.jpg 1024w, https:\/\/www.radiopiu.net\/wordpress\/wp-content\/uploads\/2021\/06\/e8be9b4f-fa9d-47e1-a63c-138c5faf16bb-768x433.jpg 768w, https:\/\/www.radiopiu.net\/wordpress\/wp-content\/uploads\/2021\/06\/e8be9b4f-fa9d-47e1-a63c-138c5faf16bb-1536x866.jpg 1536w, https:\/\/www.radiopiu.net\/wordpress\/wp-content\/uploads\/2021\/06\/e8be9b4f-fa9d-47e1-a63c-138c5faf16bb.jpg 2048w\" sizes=\"auto, (max-width: 300px) 100vw, 300px\" \/><\/a>\n\t\t\t\t<\/dt><\/dl><dl class='gallery-item'>\n\t\t\t\t<dt class='gallery-icon landscape'>\n\t\t\t\t\t<a class=\"rollover rollover-zoom dt-pswp-item\" title=\"3fbe4bd7-2830-4c6e-8e64-9d09262f96db\" data-dt-img-description=\"\" data-large_image_width=\"2048\" data-large_image_height=\"1154\"href='https:\/\/www.radiopiu.net\/wordpress\/wp-content\/uploads\/2021\/06\/3fbe4bd7-2830-4c6e-8e64-9d09262f96db.jpg'><img loading=\"lazy\" decoding=\"async\" width=\"300\" height=\"169\" src=\"https:\/\/www.radiopiu.net\/wordpress\/wp-content\/uploads\/2021\/06\/3fbe4bd7-2830-4c6e-8e64-9d09262f96db-300x169.jpg\" class=\"attachment-medium size-medium\" alt=\"\" srcset=\"https:\/\/www.radiopiu.net\/wordpress\/wp-content\/uploads\/2021\/06\/3fbe4bd7-2830-4c6e-8e64-9d09262f96db-300x169.jpg 300w, https:\/\/www.radiopiu.net\/wordpress\/wp-content\/uploads\/2021\/06\/3fbe4bd7-2830-4c6e-8e64-9d09262f96db-1024x577.jpg 1024w, https:\/\/www.radiopiu.net\/wordpress\/wp-content\/uploads\/2021\/06\/3fbe4bd7-2830-4c6e-8e64-9d09262f96db-768x433.jpg 768w, https:\/\/www.radiopiu.net\/wordpress\/wp-content\/uploads\/2021\/06\/3fbe4bd7-2830-4c6e-8e64-9d09262f96db-1536x866.jpg 1536w, https:\/\/www.radiopiu.net\/wordpress\/wp-content\/uploads\/2021\/06\/3fbe4bd7-2830-4c6e-8e64-9d09262f96db.jpg 2048w\" sizes=\"auto, (max-width: 300px) 100vw, 300px\" \/><\/a>\n\t\t\t\t<\/dt><\/dl><dl class='gallery-item'>\n\t\t\t\t<dt class='gallery-icon landscape'>\n\t\t\t\t\t<a class=\"rollover rollover-zoom dt-pswp-item\" title=\"8bc85185-bb66-4833-9525-5333e9d44fdc\" data-dt-img-description=\"\" data-large_image_width=\"2048\" data-large_image_height=\"1154\"href='https:\/\/www.radiopiu.net\/wordpress\/wp-content\/uploads\/2021\/06\/8bc85185-bb66-4833-9525-5333e9d44fdc.jpg'><img loading=\"lazy\" decoding=\"async\" width=\"300\" height=\"169\" src=\"https:\/\/www.radiopiu.net\/wordpress\/wp-content\/uploads\/2021\/06\/8bc85185-bb66-4833-9525-5333e9d44fdc-300x169.jpg\" class=\"attachment-medium size-medium\" alt=\"\" srcset=\"https:\/\/www.radiopiu.net\/wordpress\/wp-content\/uploads\/2021\/06\/8bc85185-bb66-4833-9525-5333e9d44fdc-300x169.jpg 300w, https:\/\/www.radiopiu.net\/wordpress\/wp-content\/uploads\/2021\/06\/8bc85185-bb66-4833-9525-5333e9d44fdc-1024x577.jpg 1024w, https:\/\/www.radiopiu.net\/wordpress\/wp-content\/uploads\/2021\/06\/8bc85185-bb66-4833-9525-5333e9d44fdc-768x433.jpg 768w, https:\/\/www.radiopiu.net\/wordpress\/wp-content\/uploads\/2021\/06\/8bc85185-bb66-4833-9525-5333e9d44fdc-1536x866.jpg 1536w, https:\/\/www.radiopiu.net\/wordpress\/wp-content\/uploads\/2021\/06\/8bc85185-bb66-4833-9525-5333e9d44fdc.jpg 2048w\" sizes=\"auto, (max-width: 300px) 100vw, 300px\" \/><\/a>\n\t\t\t\t<\/dt><\/dl><br style=\"clear: both\" \/>\n\t\t\t<\/div>\n\n<p>&nbsp;<\/p>\n<hr \/>\n<p>&nbsp;<\/p>\n<blockquote>\n<h3>DILLO A RADIO PIU&#8217;&#8230;LA STRADA TRASFORMATA IN UN CAMPO MINATO DA UNA MACCHINA OPERATRICE<\/h3>\n<\/blockquote>\n<p><strong>REDAZIONE\u00a0<\/strong>La segnalazione arriva dalla pagina Facebook di Igor Palla, cittadino di Livinallongo Del Col Di Lana che mette in evidenza la strada, tra l&#8217;altro da un anno asfaltata, rovinata da una macchina operatrice<\/p>\n<div class=\"kvgmc6g5 cxmmr5t8 oygrvhab hcukyx3x c1et5uql ii04i59q\">\n<blockquote>\n<p dir=\"auto\"><em>Viabilit\u00e0 comunale da terzo mondo, l&#8217;ottimo autista di una macchina operatrice ha ben pensato di &#8220;raspare&#8221; per bene l&#8217;asfalto datato 2020&#8230;.! Che dire poi della miriade di buche, muri pericolanti a monte e a valle&#8230;Insomma da Pieve fino all&#8217;abitato di Agai c&#8217;\u00e8 l&#8217;imbarazzo della scelta su quale buca prendere a discapito dei poveri ammortizzatori&#8230;\u00c8 proprio cosi impossible tamponare almeno un po??<\/em><\/p>\n<\/blockquote>\n\n\t\t\t<style type='text\/css'>\n\t\t\t\t#gallery-2 {\n\t\t\t\t\tmargin: auto;\n\t\t\t\t}\n\t\t\t\t#gallery-2 .gallery-item {\n\t\t\t\t\tfloat: left;\n\t\t\t\t\tmargin-top: 10px;\n\t\t\t\t\ttext-align: center;\n\t\t\t\t\twidth: 20%;\n\t\t\t\t}\n\t\t\t\t#gallery-2 img {\n\t\t\t\t\tborder: 2px solid #cfcfcf;\n\t\t\t\t}\n\t\t\t\t#gallery-2 .gallery-caption {\n\t\t\t\t\tmargin-left: 0;\n\t\t\t\t}\n\t\t\t\t\/* see gallery_shortcode() in wp-includes\/media.php *\/\n\t\t\t<\/style>\n\t\t<div id='gallery-2' class='dt-gallery-container gallery galleryid-217003 gallery-columns-5 gallery-size-thumbnail'><dl class='gallery-item'>\n\t\t\t\t<dt class='gallery-icon portrait'>\n\t\t\t\t\t<a class=\"rollover rollover-zoom dt-pswp-item\" title=\"201662735_10225353508855299_6034694761168176602_n\" data-dt-img-description=\"\" data-large_image_width=\"720\" data-large_image_height=\"960\"href='https:\/\/www.radiopiu.net\/wordpress\/wp-content\/uploads\/2021\/06\/201662735_10225353508855299_6034694761168176602_n.jpg'><img loading=\"lazy\" decoding=\"async\" width=\"150\" height=\"150\" src=\"https:\/\/www.radiopiu.net\/wordpress\/wp-content\/uploads\/2021\/06\/201662735_10225353508855299_6034694761168176602_n-150x150.jpg\" class=\"attachment-thumbnail size-thumbnail\" alt=\"\" \/><\/a>\n\t\t\t\t<\/dt><\/dl><dl class='gallery-item'>\n\t\t\t\t<dt class='gallery-icon landscape'>\n\t\t\t\t\t<a class=\"rollover rollover-zoom dt-pswp-item\" title=\"202217392_10225353509495315_5200005905955103672_n\" data-dt-img-description=\"\" data-large_image_width=\"960\" data-large_image_height=\"720\"href='https:\/\/www.radiopiu.net\/wordpress\/wp-content\/uploads\/2021\/06\/202217392_10225353509495315_5200005905955103672_n.jpg'><img loading=\"lazy\" decoding=\"async\" width=\"150\" height=\"150\" src=\"https:\/\/www.radiopiu.net\/wordpress\/wp-content\/uploads\/2021\/06\/202217392_10225353509495315_5200005905955103672_n-150x150.jpg\" class=\"attachment-thumbnail size-thumbnail\" alt=\"\" \/><\/a>\n\t\t\t\t<\/dt><\/dl><dl class='gallery-item'>\n\t\t\t\t<dt class='gallery-icon landscape'>\n\t\t\t\t\t<a class=\"rollover rollover-zoom dt-pswp-item\" title=\"201919816_10225353511935376_6052280991609863087_n\" data-dt-img-description=\"\" data-large_image_width=\"960\" data-large_image_height=\"720\"href='https:\/\/www.radiopiu.net\/wordpress\/wp-content\/uploads\/2021\/06\/201919816_10225353511935376_6052280991609863087_n.jpg'><img loading=\"lazy\" decoding=\"async\" width=\"150\" height=\"150\" src=\"https:\/\/www.radiopiu.net\/wordpress\/wp-content\/uploads\/2021\/06\/201919816_10225353511935376_6052280991609863087_n-150x150.jpg\" class=\"attachment-thumbnail size-thumbnail\" alt=\"\" \/><\/a>\n\t\t\t\t<\/dt><\/dl><dl class='gallery-item'>\n\t\t\t\t<dt class='gallery-icon portrait'>\n\t\t\t\t\t<a class=\"rollover rollover-zoom dt-pswp-item\" title=\"202146493_10225353513175407_140837625334487902_n\" data-dt-img-description=\"\" data-large_image_width=\"720\" data-large_image_height=\"960\"href='https:\/\/www.radiopiu.net\/wordpress\/wp-content\/uploads\/2021\/06\/202146493_10225353513175407_140837625334487902_n.jpg'><img loading=\"lazy\" decoding=\"async\" width=\"150\" height=\"150\" src=\"https:\/\/www.radiopiu.net\/wordpress\/wp-content\/uploads\/2021\/06\/202146493_10225353513175407_140837625334487902_n-150x150.jpg\" class=\"attachment-thumbnail size-thumbnail\" alt=\"\" \/><\/a>\n\t\t\t\t<\/dt><\/dl><dl class='gallery-item'>\n\t\t\t\t<dt class='gallery-icon portrait'>\n\t\t\t\t\t<a class=\"rollover rollover-zoom dt-pswp-item\" title=\"201400927_10225353513455414_792717606918160818_n\" data-dt-img-description=\"\" data-large_image_width=\"720\" data-large_image_height=\"960\"href='https:\/\/www.radiopiu.net\/wordpress\/wp-content\/uploads\/2021\/06\/201400927_10225353513455414_792717606918160818_n.jpg'><img loading=\"lazy\" decoding=\"async\" width=\"150\" height=\"150\" src=\"https:\/\/www.radiopiu.net\/wordpress\/wp-content\/uploads\/2021\/06\/201400927_10225353513455414_792717606918160818_n-150x150.jpg\" class=\"attachment-thumbnail size-thumbnail\" alt=\"\" \/><\/a>\n\t\t\t\t<\/dt><\/dl><br style=\"clear: both\" \/>\n\t\t\t<\/div>\n\n<p>&nbsp;<\/p>\n<hr \/>\n<p>&nbsp;<\/p>\n<\/div>\n<blockquote class=\"wp-embedded-content\" data-secret=\"OqziYECJzA\"><p><a href=\"https:\/\/www.radiopiu.net\/wordpress\/aggiornamentogiu19\/\">CORONAVIRUS: AGGIORNAMENTO NAZIONALE 19 GIUGNO  2021<\/a><\/p><\/blockquote>\n<p><iframe loading=\"lazy\" class=\"wp-embedded-content\" sandbox=\"allow-scripts\" security=\"restricted\" style=\"position: absolute; clip: rect(1px, 1px, 1px, 1px);\" title=\"&#8220;CORONAVIRUS: AGGIORNAMENTO NAZIONALE 19 GIUGNO  2021&#8221; &#8212; Radio Pi\u00f9\" src=\"https:\/\/www.radiopiu.net\/wordpress\/aggiornamentogiu19\/embed\/#?secret=OqziYECJzA\" data-secret=\"OqziYECJzA\" width=\"600\" height=\"338\" frameborder=\"0\" marginwidth=\"0\" marginheight=\"0\" scrolling=\"no\"><\/iframe><\/p>\n<p>&nbsp;<\/p>\n<p>&nbsp;<\/p>\n<h3>I GRAFICI DI TIZIANO DE COL<\/h3>\n\n\t\t\t<style type='text\/css'>\n\t\t\t\t#gallery-3 {\n\t\t\t\t\tmargin: auto;\n\t\t\t\t}\n\t\t\t\t#gallery-3 .gallery-item {\n\t\t\t\t\tfloat: left;\n\t\t\t\t\tmargin-top: 10px;\n\t\t\t\t\ttext-align: center;\n\t\t\t\t\twidth: 20%;\n\t\t\t\t}\n\t\t\t\t#gallery-3 img {\n\t\t\t\t\tborder: 2px solid #cfcfcf;\n\t\t\t\t}\n\t\t\t\t#gallery-3 .gallery-caption {\n\t\t\t\t\tmargin-left: 0;\n\t\t\t\t}\n\t\t\t\t\/* see gallery_shortcode() in wp-includes\/media.php *\/\n\t\t\t<\/style>\n\t\t<div id='gallery-3' class='dt-gallery-container gallery galleryid-217003 gallery-columns-5 gallery-size-medium'><dl class='gallery-item'>\n\t\t\t\t<dt class='gallery-icon landscape'>\n\t\t\t\t\t<a class=\"rollover rollover-zoom dt-pswp-item\" title=\"98c02be3-29a7-40c8-98c6-907c5c644db2\" data-dt-img-description=\"\" data-large_image_width=\"591\" data-large_image_height=\"349\"href='https:\/\/www.radiopiu.net\/wordpress\/wp-content\/uploads\/2021\/06\/98c02be3-29a7-40c8-98c6-907c5c644db2.jpg'><img loading=\"lazy\" decoding=\"async\" width=\"300\" height=\"177\" src=\"https:\/\/www.radiopiu.net\/wordpress\/wp-content\/uploads\/2021\/06\/98c02be3-29a7-40c8-98c6-907c5c644db2-300x177.jpg\" class=\"attachment-medium size-medium\" alt=\"\" srcset=\"https:\/\/www.radiopiu.net\/wordpress\/wp-content\/uploads\/2021\/06\/98c02be3-29a7-40c8-98c6-907c5c644db2-300x177.jpg 300w, https:\/\/www.radiopiu.net\/wordpress\/wp-content\/uploads\/2021\/06\/98c02be3-29a7-40c8-98c6-907c5c644db2.jpg 591w\" sizes=\"auto, (max-width: 300px) 100vw, 300px\" \/><\/a>\n\t\t\t\t<\/dt><\/dl><dl class='gallery-item'>\n\t\t\t\t<dt class='gallery-icon landscape'>\n\t\t\t\t\t<a class=\"rollover rollover-zoom dt-pswp-item\" title=\"068c8704-d9f0-436a-be75-ea21779625be\" data-dt-img-description=\"\" data-large_image_width=\"610\" data-large_image_height=\"369\"href='https:\/\/www.radiopiu.net\/wordpress\/wp-content\/uploads\/2021\/06\/068c8704-d9f0-436a-be75-ea21779625be.jpg'><img loading=\"lazy\" decoding=\"async\" width=\"300\" height=\"181\" src=\"https:\/\/www.radiopiu.net\/wordpress\/wp-content\/uploads\/2021\/06\/068c8704-d9f0-436a-be75-ea21779625be-300x181.jpg\" class=\"attachment-medium size-medium\" alt=\"\" srcset=\"https:\/\/www.radiopiu.net\/wordpress\/wp-content\/uploads\/2021\/06\/068c8704-d9f0-436a-be75-ea21779625be-300x181.jpg 300w, https:\/\/www.radiopiu.net\/wordpress\/wp-content\/uploads\/2021\/06\/068c8704-d9f0-436a-be75-ea21779625be.jpg 610w\" sizes=\"auto, (max-width: 300px) 100vw, 300px\" \/><\/a>\n\t\t\t\t<\/dt><\/dl><dl class='gallery-item'>\n\t\t\t\t<dt class='gallery-icon landscape'>\n\t\t\t\t\t<a class=\"rollover rollover-zoom dt-pswp-item\" title=\"8f3b6ea7-88b9-40dd-b761-85cbaea418e2\" data-dt-img-description=\"\" data-large_image_width=\"610\" data-large_image_height=\"351\"href='https:\/\/www.radiopiu.net\/wordpress\/wp-content\/uploads\/2021\/06\/8f3b6ea7-88b9-40dd-b761-85cbaea418e2.jpg'><img loading=\"lazy\" decoding=\"async\" width=\"300\" height=\"173\" src=\"https:\/\/www.radiopiu.net\/wordpress\/wp-content\/uploads\/2021\/06\/8f3b6ea7-88b9-40dd-b761-85cbaea418e2-300x173.jpg\" class=\"attachment-medium size-medium\" alt=\"\" srcset=\"https:\/\/www.radiopiu.net\/wordpress\/wp-content\/uploads\/2021\/06\/8f3b6ea7-88b9-40dd-b761-85cbaea418e2-300x173.jpg 300w, https:\/\/www.radiopiu.net\/wordpress\/wp-content\/uploads\/2021\/06\/8f3b6ea7-88b9-40dd-b761-85cbaea418e2.jpg 610w\" sizes=\"auto, (max-width: 300px) 100vw, 300px\" \/><\/a>\n\t\t\t\t<\/dt><\/dl><dl class='gallery-item'>\n\t\t\t\t<dt class='gallery-icon landscape'>\n\t\t\t\t\t<a class=\"rollover rollover-zoom dt-pswp-item\" title=\"c0eeb6bb-bd0d-4cc6-98cf-9789363bda92\" data-dt-img-description=\"\" data-large_image_width=\"602\" data-large_image_height=\"352\"href='https:\/\/www.radiopiu.net\/wordpress\/wp-content\/uploads\/2021\/06\/c0eeb6bb-bd0d-4cc6-98cf-9789363bda92.jpg'><img loading=\"lazy\" decoding=\"async\" width=\"300\" height=\"175\" src=\"https:\/\/www.radiopiu.net\/wordpress\/wp-content\/uploads\/2021\/06\/c0eeb6bb-bd0d-4cc6-98cf-9789363bda92-300x175.jpg\" class=\"attachment-medium size-medium\" alt=\"\" srcset=\"https:\/\/www.radiopiu.net\/wordpress\/wp-content\/uploads\/2021\/06\/c0eeb6bb-bd0d-4cc6-98cf-9789363bda92-300x175.jpg 300w, https:\/\/www.radiopiu.net\/wordpress\/wp-content\/uploads\/2021\/06\/c0eeb6bb-bd0d-4cc6-98cf-9789363bda92.jpg 602w\" sizes=\"auto, (max-width: 300px) 100vw, 300px\" \/><\/a>\n\t\t\t\t<\/dt><\/dl><dl class='gallery-item'>\n\t\t\t\t<dt class='gallery-icon landscape'>\n\t\t\t\t\t<a class=\"rollover rollover-zoom dt-pswp-item\" title=\"747b61ed-8a22-40dc-9681-9ee2150ab4ea\" data-dt-img-description=\"\" data-large_image_width=\"606\" data-large_image_height=\"346\"href='https:\/\/www.radiopiu.net\/wordpress\/wp-content\/uploads\/2021\/06\/747b61ed-8a22-40dc-9681-9ee2150ab4ea.jpg'><img loading=\"lazy\" decoding=\"async\" width=\"300\" height=\"171\" src=\"https:\/\/www.radiopiu.net\/wordpress\/wp-content\/uploads\/2021\/06\/747b61ed-8a22-40dc-9681-9ee2150ab4ea-300x171.jpg\" class=\"attachment-medium size-medium\" alt=\"\" srcset=\"https:\/\/www.radiopiu.net\/wordpress\/wp-content\/uploads\/2021\/06\/747b61ed-8a22-40dc-9681-9ee2150ab4ea-300x171.jpg 300w, https:\/\/www.radiopiu.net\/wordpress\/wp-content\/uploads\/2021\/06\/747b61ed-8a22-40dc-9681-9ee2150ab4ea.jpg 606w\" sizes=\"auto, (max-width: 300px) 100vw, 300px\" \/><\/a>\n\t\t\t\t<\/dt><\/dl><br style=\"clear: both\" \/>\n\t\t\t<\/div>\n\n<p>&nbsp;<\/p>\n<hr \/>\n<p>&nbsp;<\/p>\n<blockquote>\n<h3>LUPO, BORTOLUZZI: \u00abSERVONO NORME AD HOC PER LA MONTAGNA, ALTRIMENTI L\u2019ABBANDONO DELLE ATTIVITA&#8217; E&#8217; SCONTATO\u00bb<\/h3>\n<\/blockquote>\n<p><strong><a href=\"https:\/\/www.radiopiu.net\/wordpress\/allarme-lupi-guerriero-confindustria-belluno-dolomiti-serve-una-gestione-sostenibile-vicenda-emblematica-del-vivere-in-montagna\/lupo-3\/\" rel=\"attachment wp-att-152444\"><img loading=\"lazy\" decoding=\"async\" class=\"size-medium wp-image-152444 alignleft\" src=\"https:\/\/www.radiopiu.net\/wordpress\/wp-content\/uploads\/2020\/07\/LUPO-e1596200814836-300x199.jpg\" alt=\"\" width=\"300\" height=\"199\" srcset=\"https:\/\/www.radiopiu.net\/wordpress\/wp-content\/uploads\/2020\/07\/LUPO-e1596200814836-300x199.jpg 300w, https:\/\/www.radiopiu.net\/wordpress\/wp-content\/uploads\/2020\/07\/LUPO-e1596200814836-1024x678.jpg 1024w, https:\/\/www.radiopiu.net\/wordpress\/wp-content\/uploads\/2020\/07\/LUPO-e1596200814836-768x508.jpg 768w, https:\/\/www.radiopiu.net\/wordpress\/wp-content\/uploads\/2020\/07\/LUPO-e1596200814836-1536x1017.jpg 1536w, https:\/\/www.radiopiu.net\/wordpress\/wp-content\/uploads\/2020\/07\/LUPO-e1596200814836.jpg 1920w\" sizes=\"auto, (max-width: 300px) 100vw, 300px\" \/><\/a>BELLUNO <\/strong><span class=\"s1\">\u00ab<em>La montagna bellunese ha bisogno di un\u2019autonomia forte, legislativa oltre che economica. Altrimenti rischiamo di veder scomparire le \u201cterre alte\u201d. Le conseguenze si stanno gi\u00e0 misurando nelle comunit\u00e0 locali, e a breve si manifesteranno anche in pianura. Parlo per il mio settore di competenza in Provincia, le frane e il dissesto idrogeologico<\/em>\u00bb. \u00c8 quanto afferma il consigliere provinciale delegato alla difesa del suolo, Massimo Bortoluzzi. <\/span><span class=\"s1\">\u00ab<em>Sono stato sollecitato pi\u00f9 volte dagli allevatori dell\u2019Alpago e non solo, alle prese con il lupo e con le conseguenze delle predazioni. Potrebbe sembrare che il lupo non c\u2019entri nulla con la difesa del suolo, in realt\u00e0 rappresenta l\u2019emblema di cosa sta rischiando oggi la nostra montagna, se non potr\u00e0 avere accesso a quella autonomia richiesta dal Veneto e dagli stessi abitanti del Bellunese. Stiamo rischiando l\u2019abbandono completo delle attivit\u00e0 montane, dell\u2019allevamento, del pascolo, della zootecnia. Attivit\u00e0 che sono fondamentali per l\u2019economia montana e per la permanenza di persone nei paesi in quota. Non solo: sono fondamentali anche per la manutenzione del territorio, senza la quale in pochi anni assisteremmo all\u2019avanzata del bosco e all\u2019aumento del rischio di dissesti. Per questo \u00e8 necessario intervenire e come Provincia abbiamo gi\u00e0 siglato un\u2019intesa con Sondrio e Verbania che condividono i nostri stessi problemi<\/em>\u00bb. <\/span><span class=\"s1\">\u00ab<em>Non stiamo parlando solo di gestire il lupo. Piuttosto di dare la possibilit\u00e0 agli allevatori di avere gli strumenti necessari a portare avanti le loro attivit\u00e0<\/em>\u00bb sottolinea il consigliere Bortoluzzi. \u00ab<em>Oggi il frazionamento terriero non consente la realizzazione di grandi pascoli. E solo gli imprenditori agricoli possono realizzare stalle o strutture in cui tenere gli animali durante la notte; per gli hobbisti, che rappresentano una fetta importante dell\u2019allevamento in provincia di Belluno, non \u00e8 possibile. Se invece avessimo l\u2019autonomia legislativa, sarebbe diverso. Basta guardare l\u2019Alto Adige cosa \u00e8 riuscito a fare in pochi anni a livello di agricoltura e allevamento in montagna. Porteremo questo tema all\u2019attenzione anche del Parlamento europeo; mi sono gi\u00e0 confrontato con alcuni eurodeputati, per sollevare la questione a livello di politiche agricole comunitarie. Come Provincia siamo vicini a tutti gli allevatori che hanno perso capi negli ultimi anni<\/em>\u00bb.<\/span><\/p>\n<p>&nbsp;<\/p>\n<p>&nbsp;<\/p>\n<hr \/>\n<p>&nbsp;<\/p>\n<blockquote>\n<h3>DALLA BOTTEGA SCUOLA AL MAESTRO ARTIGIANO PUBBLICATO DALLA REGIONE L\u2019ELENCO CON I PRIMI 49 MAESTRI ARTIGIANI: PER CONFARTIGIANATO BELLUNO C\u2019\u00c8 ANTONIO DA RONCH<\/h3>\n<\/blockquote>\n<p><span style=\"font-size: large;\"><a class=\"dt-pswp-item\" href=\"https:\/\/www.radiopiu.net\/wordpress\/wp-content\/uploads\/2021\/06\/Schermata-2021-06-19-alle-13.21.31.png\" data-dt-img-description=\"\" data-large_image_width=\"880\" data-large_image_height=\"1178\"><img loading=\"lazy\" decoding=\"async\" class=\"alignleft size-medium wp-image-217012\" src=\"https:\/\/www.radiopiu.net\/wordpress\/wp-content\/uploads\/2021\/06\/Schermata-2021-06-19-alle-13.21.31-224x300.png\" alt=\"\" width=\"224\" height=\"300\" srcset=\"https:\/\/www.radiopiu.net\/wordpress\/wp-content\/uploads\/2021\/06\/Schermata-2021-06-19-alle-13.21.31-224x300.png 224w, https:\/\/www.radiopiu.net\/wordpress\/wp-content\/uploads\/2021\/06\/Schermata-2021-06-19-alle-13.21.31-765x1024.png 765w, https:\/\/www.radiopiu.net\/wordpress\/wp-content\/uploads\/2021\/06\/Schermata-2021-06-19-alle-13.21.31-768x1028.png 768w, https:\/\/www.radiopiu.net\/wordpress\/wp-content\/uploads\/2021\/06\/Schermata-2021-06-19-alle-13.21.31.png 880w\" sizes=\"auto, (max-width: 224px) 100vw, 224px\" \/><\/a><\/span><\/p>\n<p class=\"p1\"><span class=\"s1\"><b>BELLUNO<\/b> Antonio Da Ronch, titolare della Adr Restauri di Feltre, \u00e8 il primo associato di Confartigianato Belluno a essere insignito della qualifica di maestro artigiano dalla Regione Veneto. La figura, introdotta dalla nuova legge regionale sull\u2019artigianato, \u00e8 stata resa operativa con la recente approvazione della modulistica (online sul sito della Regione Veneto) per la presentazione della domanda. Il primo elenco pubblicato sul sito della Regione Veneto conta 49 maestri e sono molti gli associati bellunesi che hanno presentato domanda, in attesa di risposta gi\u00e0 nelle prossime settimane.\u00a0 <\/span><span class=\"s1\">Adr Restauri \u00e8 una ditta che dal 2003 opera opera nel settore dei restauri, in particolare per i beni culturali, gli edifici di culto o vincolati. \u00abCi occupiamo di restaruo di dipinti murali e di intonaci &#8211; spiega il titolare, Antonio Da Ronch -. Operiamo soprattutto in palazzi storici, chiese e ville\u00bb. <\/span><span class=\"s1\">L\u2019impresa di Da Ronc ha al momento due dipendenti, ma si avvale dell\u2019appoggio di diversi collaboratori. Negli anni si \u00e8 occupata di diversi lavori importanti, tra cui il restauro del castello di Pergine, in Valsugana, e di una villa palladiana a Sarcedo (Vicenza). Nel Bellunese, Adr Restauri ha lavorato al Duomo di Feltre e a diverse chiese (Limana e Formegan, le ultime) e attualmente sta restaurando il palazzo dell\u2019Aci, in piazza dei Martiri a Belluno. <\/span><span class=\"s1\">\u00ab<em>La qualifica di maestro artigiano \u00e8 il coronamento di quello che abbiamo fatto finora &#8211; commenta Da Ronch -. \u00c8 il coronamento di tanti sacrifici e di tanto lavoro, e sono convinto che potr\u00e0 essere un valore aggiunto anche per la nostra attivit\u00e0<\/em>\u00bb. <\/span><span class=\"s1\">Il maestro artigiano, secondo la dicitura della legge regionale, \u00e8 \u00abcolui che, disponendo di un\u2019adeguata esperienza professionale, possiede le conoscenze e abilit\u00e0 imprenditoriali, pedagogico formative, teoriche e pratiche necessaria a svolgere compiti di responsabilit\u00e0 in un\u2019impresa, oppure a gestirla autonomamente, e un\u2019elevata attitudine alla trasmissione delle competenze\u00bb. \u00abUn concetto che \u00e8 sempre stato inscindibilmente legato a quello di relazione; una relazione che si sviluppava all\u2019interno di una bottega e che si basava sulla trasmissione delle competenze e dei mestieri &#8211; sottolinea la presidente di Confartigianato Belluno, Claudia Scarzanella -. Un paradigma che ha portato allo sviluppo delle citt\u00e0 e dell\u2019idea stessa di Europa. Un modello che oggi conosce una nuova attualit\u00e0: nella bottega artigiana cos\u00ec come nei laboratori delle imprese pi\u00f9 innovative la differenza la possono fare solo le persone, le competenze e le relazioni. Oggi la logica della grande fabbrica, dell\u2019azienda novecentesca e della divisione verticale del lavoro con netta separazione di ruoli e competenze \u00e8 in declino a favore di una logica pi\u00f9 simile a quella della bottega, sia per le dimensioni di tante micro imprese competitive a livello globale grazie alle nuove tecnologie sia per l\u2019organizzazione del lavoro non verticistica ma orientata alla logica della collaborazione e della relazione tra il \u201cMaestro\u201d e i suoi collaboratori. In questa cornice si inserisce la riflessione che abbiamo avviato con la Regione Veneto sul come valorizzare il ruolo e la valenza sociale del \u201cMaestro\u201d evitando che a questo corrisponda solo un \u201ctitolo onorifico\u201d\u00bb. <\/span><span class=\"s1\">Il titolo di maestro artigiano infatti non ha solo una valenza di prestigio, ma rappresenta lo strumento attraverso il quale far emergere sia le capacit\u00e0 tecnico professionali degli imprenditori artigiani sia quella di saper trasmettere, a dipendenti e collaboratori, quell\u2019elemento intangibile, il know-how che contraddistingue le imprese artigiane e determina il loro successo. La qualifica potr\u00e0 essere utilizzata, accanto al nome dell\u2019impresa, sull\u2019insegna e sul logo aziendale. \u00c8 previsto inoltre, l\u2019inserimento della figura del maestro artigiano in un elenco regionale dedicato, nonch\u00e9 l\u2019annotazione di questo prestigioso riconoscimento nell\u2019Albo delle imprese artigiane. <\/span><span class=\"s1\">\u00ab<em>Ci fa estremo piacere &#8211; conclude la presidente Scarzanella &#8211; che il nostro associato Antonio Da Ronch abbia coronato questo successo e speriamo sia il primo di una lunga serie. Come associazione siamo pronti a supportate tutti i nostri soci che lo vorranno, a predisporre correttamente la pratica e, quando a settembre sar\u00e0 possibile frequentare i corsi abilitanti, a promuovere l\u2019opportunit\u00e0 al fine di avere una platea sempre pi\u00f9 ampia di maestri<\/em>\u00bb.<\/span><\/p>\n<p>&nbsp;<\/p>\n<p>&nbsp;<\/p>\n<hr \/>\n<p>&nbsp;<\/p>\n<div class=\"page-title-head hgroup\">\n<blockquote>\n<h3 class=\"entry-title\">PA: I DEBITI AMMONTANO AD ALMENO 52 MILIARDI. NEL 2020 FORNITURE NON PAGATE PER 10 MILIARDI<\/h3>\n<\/blockquote>\n<\/div>\n<div class=\"page-title-breadcrumbs\">\n<p class=\"photoswipe-wrapper\"><a class=\"dt-pswp-item pspw-wrap-ready\" href=\"https:\/\/www.radiopiu.net\/wordpress\/wp-content\/uploads\/2021\/06\/Schermata-2021-06-19-alle-13.25.38.png\" data-dt-img-description=\"\" data-large_image_width=\"1120\" data-large_image_height=\"980\"><img loading=\"lazy\" decoding=\"async\" class=\"alignleft size-medium wp-image-217018\" src=\"https:\/\/www.radiopiu.net\/wordpress\/wp-content\/uploads\/2021\/06\/Schermata-2021-06-19-alle-13.25.38-300x263.png\" sizes=\"auto, (max-width: 300px) 100vw, 300px\" srcset=\"https:\/\/www.radiopiu.net\/wordpress\/wp-content\/uploads\/2021\/06\/Schermata-2021-06-19-alle-13.25.38-300x263.png 300w, https:\/\/www.radiopiu.net\/wordpress\/wp-content\/uploads\/2021\/06\/Schermata-2021-06-19-alle-13.25.38-1024x896.png 1024w, https:\/\/www.radiopiu.net\/wordpress\/wp-content\/uploads\/2021\/06\/Schermata-2021-06-19-alle-13.25.38-768x672.png 768w, https:\/\/www.radiopiu.net\/wordpress\/wp-content\/uploads\/2021\/06\/Schermata-2021-06-19-alle-13.25.38.png 1120w\" alt=\"\" width=\"300\" height=\"263\" \/><\/a>Sebbene i tempi di pagamento della nostra Pubblica Amministrazione (PA) siano in calo, lo stock dei debiti commerciali, invece, \u00e8 in costante aumento e sfiora ormai i 52 miliardi di euro. Un importo che, segnaliamo, include la parte corrente, ma non quella in conto capitale che, da una stima molto spannometrica, ammonterebbe ad altri 6\/7 miliardi di euro. A dirlo \u00e8 l\u2019Ufficio studi della CGIA che ha analizzato i dati dell\u2019Eurostat relativi al 2020.<\/p>\n<p>Come mai, nonostante i ritardi di pagamento stiano scendendo, il debito complessivo continua a crescere ? Perch\u00e9 molti pagamenti continuano a non essere ancora eseguiti; pertanto, questi insoluti vanno ad aumentare lo stock di debito accumulatosi negli anni precedenti. Secondo i dati presentati la settimana scorsa dal Ministero dell\u2019Economia e delle Finanze (MEF), ad esempio, l\u2019anno scorso la nostra PA ha ricevuto dai propri fornitori fatture per un importo complessivo pari a 152,7 miliardi di euro, ma ne ha pagati 142,7, concorrendo ad aumentare il debito commerciale di altri 10 miliardi di euro.<\/p>\n<p>In Europa nessuno fa peggio di noi<br \/>\nSecondo l\u2019Eurostat, negli ultimi anni il debito commerciale di sola parte corrente della nostra PA continua a crescere. Se nel 2017 era pari a 45,2 miliardi, l\u2019anno successivo \u00e8 salito a 46,9, per toccare i 48,9 miliardi nel 2019. L\u2019anno scorso, infine, si \u00e8 attestato a 51,9 miliardi di euro (vedi Graf. 1); rapportando questi mancati pagamenti al Pil nazionale, in Italia l\u2019incidenza si attesta al 3,1 per cento: dato peggiore fra tutti i 27 Paesi UE (vedi Graf. 2). Tra i nostri principali competitor commerciali, segnaliamo che la Spagna presenta un misero 0,8 per cento (in termini assoluti il debito \u00e8 pari a 9,5 miliardi di euro), la Francia l\u20191,4 per cento (33,2 miliardi di euro) e la Germania l\u20191,6 per cento (54,2 miliardi di euro). Va altres\u00ec sottolineato che tra i paesi appena indicati, nell\u2019annus horribilis della pandemia i debiti commerciali di sola parte corrente sono diminuiti. In Italia, invece, hanno continuato a crescere, registrando un preoccupante + 6 per cento rispetto al 2019 (in valori assoluti pari a + 3 miliardi di euro).<\/p>\n<p class=\"photoswipe-wrapper\">Siamo stati bocciati pi\u00f9 volte dalla Corte UE<br \/>\nCon la sentenza pubblicata il 28 gennaio 2020, la Corte di Giustizia Europea ha affermato che l\u2019Italia ha violato l\u2019art. 4 della direttiva UE 2011\/7 sui tempi di pagamento nelle transazioni commerciali tra amministrazioni pubb<a class=\"dt-pswp-item pspw-wrap-ready\" href=\"https:\/\/www.radiopiu.net\/wordpress\/wp-content\/uploads\/2021\/06\/Schermata-2021-06-19-alle-13.25.50.png\" data-dt-img-description=\"\" data-large_image_width=\"1286\" data-large_image_height=\"794\"><img loading=\"lazy\" decoding=\"async\" class=\"alignleft size-medium wp-image-217017\" src=\"https:\/\/www.radiopiu.net\/wordpress\/wp-content\/uploads\/2021\/06\/Schermata-2021-06-19-alle-13.25.50-300x185.png\" sizes=\"auto, (max-width: 300px) 100vw, 300px\" srcset=\"https:\/\/www.radiopiu.net\/wordpress\/wp-content\/uploads\/2021\/06\/Schermata-2021-06-19-alle-13.25.50-300x185.png 300w, https:\/\/www.radiopiu.net\/wordpress\/wp-content\/uploads\/2021\/06\/Schermata-2021-06-19-alle-13.25.50-1024x632.png 1024w, https:\/\/www.radiopiu.net\/wordpress\/wp-content\/uploads\/2021\/06\/Schermata-2021-06-19-alle-13.25.50-768x474.png 768w, https:\/\/www.radiopiu.net\/wordpress\/wp-content\/uploads\/2021\/06\/Schermata-2021-06-19-alle-13.25.50.png 1286w\" alt=\"\" width=\"300\" height=\"185\" \/><\/a>liche e imprese private. Sebbene in questi ultimi anni i ritardi medi con cui vengono saldate le fatture siano diminuiti, la settimana scorsa la Commissione europea ha inviato al Governo Draghi una lettera di messa in mora sul mancato rispetto delle disposizioni previste dalla direttiva europea approvata 10 anni fa. Infine, un\u2019altra procedura ancora aperta contro il nostro Paese riguarda il codice dei contratti pubblici che prevede un termine di pagamento di 45 giorni, quando a livello comunitario la scadenza, invece, \u00e8 di 30 giorni.<\/p>\n<p>La soluzione? Compensare automaticamente debiti fiscali con crediti commerciali<br \/>\nPer risolvere questa annosa questione che sta mettendo a dura prova tantissime Pmi, per la CGIA c\u2019\u00e8 solo una cosa da fare: prevedere per legge la compensazione secca, diretta e universale tra i crediti certi liquidi ed esigibili maturati da una impresa nei confronti della PA e i debiti fiscali e contributivi che la stessa deve onorare all\u2019erario. Grazie a questo automatismo risolveremmo un problema che ci trasciniamo appresso da decenni. Senza liquidit\u00e0 a disposizione, infatti, tanti artigiani e altrettanti piccoli imprenditori si trovano in grave difficolt\u00e0 e, paradossalmente, rischiano di dover chiudere definitivamente l\u2019attivit\u00e0, non per debiti, ma per troppi crediti non ancora incassati.<\/p>\n<p>Nelle costruzioni, pi\u00f9 che farsi pagare la fattura \u00e8 sempre pi\u00f9 difficile arrivare a emetterla<br \/>\nSebbene i tempi medi di pagamento dopo l\u2019emissione della fattura si siano accorciati, la questione rimane ancora irrisolta. Nel comparto delle costruzioni, ad esempio, le imprese appaltatrici continuano a denunciare le lungaggini a cui sono sottoposte prima di poter emettere la fattura; una situazione che allunga i tempi di pagamento a causa di una serie di procedure che intercorrono tra il momento in cui terminano i lavori e la data di invio del documento fiscale. Un caso concreto ? Se la stazione appaltante \u00e8 un Comune, ad esempio, una volta terminato il cantiere la ditta esecutrice deve presentare l\u2019ultimo Sal (Stato di avanzamento dei lavori) al direttore dei lavori. Quest\u2019ultimo lo deve avallare e successivamente deve verificare la corrispondenza tra l\u2019opera eseguita e quanto previsto dal capitolato. Semprech\u00e8 non vengano sollevate delle contestazioni, solo dopo aver \u201cconsumato\u201d questi passaggi l\u2019ufficio comunale competente d\u00e0 il via libera, consentendo all\u2019impresa appaltatrice di inoltrare la fattura. L\u2019espletamento di queste procedure, per\u00f2, richiede anche dei mesi, ritardi che, ovviamente, la piattaforma del MEF non \u00e8 in grado di registrare, ma che negli ultimi anni si stanno dilatando a dismisura, mettendo in seria difficolt\u00e0 tantissime imprese del mondo delle costruzioni.<\/p>\n<p>Solo sanit\u00e0 ed Enti pubblici nazionali pagano correttamente<br \/>\nAncorch\u00e8 siano diventati mediamente pi\u00f9 virtuosi, molti comparti pubblici continuano a saldare i propri committenti in ritardo rispetto alle disposizioni previste dalla legge. Secondo i dati del MEF pubblicati la settimana scorsa, nel 2020 le Amministrazioni dello Stato hanno pagato mediamente dopo 55 giorni circa dal ricevimento della fattura, gli Enti locali (Comuni, Unione di Comuni e Comunit\u00e0 montane) dopo 50 e le Regioni-Province autonome e gli altri Enti (principalmente fondazioni) dopo poco pi\u00f9 di 30. Ricordiamo che la legge stabilisce che per questi settori il pagamento deve avvenire entro 30 giorni dal ricevimento della fattura. Gli unici 2 comparti che, invece, l\u2019anno scorso hanno rispettato la legge sono stati la sanit\u00e0, che sebbene possa pagare entro 60 giorni ha liquidato i fornitori mediamente dopo 45 giorni, e gli Enti Pubblici Nazionali (Camere di Commercio, Monopoli di Stato, Banca d\u2019Italia, Poste, Universit\u00e0, Cassa Depositi e Prestiti, etc.), con un tempo medio di 28 giorni, in anticipo di 2 rispetto al termine previsto dalla normativa per questo comparto.<\/p>\n<p>Il paradosso: l\u2019ammontare del debito non si conosce e nemmeno quanti utilizzano la piattaforma del MEF<br \/>\nNonostante le imprese che lavorano per la PA abbiano da parecchi anni l\u2019obbligo, per legge, di emettere la fattura elettronica, nessuno \u00e8 ancora in grado di affermare a quanto ammonta esattamente il debito commerciale del nostro Paese. Come funzionano i pagamenti in queste transazioni commerciali ? Una volta che il fornitore emette la fattura elettronica, questa transita attraverso una piattaforma controllata dal Ministero dell\u2019Economia e delle Finanze detta SdI (Sistema di Interscambio) che la smista all\u2019ente o alla struttura pubblica a cui \u00e8 indirizzata. I dati della fattura elettronica vengono acquisiti dalla Piattaforma dei Crediti Commerciali (PCC) che dovrebbe registrare tutti i pagamenti riconducibili alle transazioni commerciali della PA. Per cercare di intercettare la totalit\u00e0 delle transazioni \u00e8 stato istituito il Siope+, un sistema di rilevazione telematica degli incassi e dei pagamenti degli enti pubblici. Per alimentare il Siope+ tutte le amministrazioni pubbliche devono ordinare gli incassi e i pagamenti esclusivamente con modalit\u00e0 informatica. Sebbene questa procedura sia iniziata gradualmente e diventata poi operativa a tutti gli effetti a partire dal luglio del 2017, il MEF non conosce ancora adesso a quanto ammonta complessivamente il debito commerciale in capo a tutte le Amministrazioni pubbliche con i propri fornitori, molto probabilmente perch\u00e9 una buona parte dei committenti pubblici, in particolar modo gli enti periferici, continuano a effettuare i pagamenti senza transitare per la piattaforma e con scadenze ben superiori a quelle fissate dalla legge.<\/p>\n<p>&nbsp;<\/p>\n<p>&nbsp;<\/p>\n<hr \/>\n<p>&nbsp;<\/p>\n<\/div>\n<div align=\"left\">\n<blockquote>\n<h3>TAMPONI PER ACCESSO ANCHE ALLE STRUTTURE OSPEDALIERE OLTRE CHE RESIDENZIALI DEL TERRITORIO<\/h3>\n<\/blockquote>\n<p><strong><a href=\"https:\/\/www.radiopiu.net\/wordpress\/covid-19-aumentata-la-capacita-giornaliera-di-analizzare-tamponi\/tamponi-covid\/\" rel=\"attachment wp-att-123875\"><img loading=\"lazy\" decoding=\"async\" class=\"size-medium wp-image-123875 alignleft\" src=\"https:\/\/www.radiopiu.net\/wordpress\/wp-content\/uploads\/2020\/03\/TAMPONI-COVID-300x200.jpg\" alt=\"\" width=\"300\" height=\"200\" srcset=\"https:\/\/www.radiopiu.net\/wordpress\/wp-content\/uploads\/2020\/03\/TAMPONI-COVID-300x200.jpg 300w, https:\/\/www.radiopiu.net\/wordpress\/wp-content\/uploads\/2020\/03\/TAMPONI-COVID-1024x684.jpg 1024w, https:\/\/www.radiopiu.net\/wordpress\/wp-content\/uploads\/2020\/03\/TAMPONI-COVID-768x513.jpg 768w, https:\/\/www.radiopiu.net\/wordpress\/wp-content\/uploads\/2020\/03\/TAMPONI-COVID.jpg 1102w\" sizes=\"auto, (max-width: 300px) 100vw, 300px\" \/><\/a>BELLUNO <\/strong>I tamponi vengono eseguiti gratuitamente nei seguenti covid poitn e orari: <strong>Drive-in Paludi <\/strong>dal luned\u00ec al sabato (festivi esclusi), dalle 8.30 alle 12.30; <strong>Drive-in Feltre \u2013 loc. Anz\u00f9 <\/strong>dal luned\u00ec al sabato (festivi esclusi), dalle 8.30 alle 12.30; <strong>Drive-in Tai di Cadore <\/strong>marted\u00ec, gioved\u00ec e sabato (festivi esclusi), dalle 15.00 alle 17.00; <strong>Drive-in Agordo <\/strong>luned\u00ec, mercoled\u00ec e venerd\u00ec (festivi esclusi), dalle 16.00 alle 17.00; <strong>Drive in Belluno (area ospedale San Martino \u2013 vicino ad asilo aziendale) <\/strong>domenica e festivi, dalle 8.30 alle 10.30.<\/p>\n<\/div>\n<div align=\"left\"><\/div>\n<p>&nbsp;<\/p>\n<p>&nbsp;<\/p>\n<p>&nbsp;<\/p>\n<hr \/>\n<p>&nbsp;<\/p>\n<blockquote>\n<h3>TEST ANTIGIENICI NELLE FARMACIE A BELLUNO,CORTINA, FELTRE, ALPAGO, VALBELLUNA E CADORE<\/h3>\n<\/blockquote>\n<p><a href=\"https:\/\/www.radiopiu.net\/wordpress\/azienda-agordo-servizi-farmacia-e-asilo-nido-bilancio-in-positivo\/farmacia-2\/\" rel=\"attachment wp-att-84142\"><img loading=\"lazy\" decoding=\"async\" class=\"size-full wp-image-84142 alignleft\" src=\"https:\/\/www.radiopiu.net\/wordpress\/wp-content\/uploads\/2019\/04\/FARMACIA.jpg\" alt=\"\" width=\"295\" height=\"171\" \/><\/a><strong>BELLUNO<\/strong> Con l\u2019avvio della stagione turistica ecco le Farmacie che ad oggi hanno aderito al Protocollo di Intesa per l&#8217;esecuzione del test antigenico rapido: <strong>BELLUNO<\/strong>\u00a0FARMACIE CHIMENTI e FARMACIA VENEGGIA <strong>CORTINA<\/strong><u> \u00a0<\/u>FARMACIA SAN GIORGIO e\u00a0 FARMACIA INTERNAZIONALE\u00a0 <strong>FELTRE<\/strong> FARMACIA COMUNALE e\u00a0 FARMACIA MINCIOTTI <strong>ALPAGO<\/strong><u> <\/u>FARMACIA PHARMA FUTURE <strong>LIMANA <\/strong>FARMACIA SMERIERI <strong>TRICHIANA<\/strong> DOLOMITI sas <strong>SEDICO<\/strong>\u00a0 FARMACIA DR. ARRIGONI DOMINGO <strong>SEREN DEL GRAPPA <\/strong>FARMACIA MAZZOCCATO DR.SSA GIULIA <strong>BORGO VALBELLUNA <\/strong>FARMACIA AL CASTELLO <strong>VALLE DI CADORE <\/strong>FARMACIA SORAVIA <strong>AURONZO<\/strong> ENTE COOP. DI MUTUO SOCCORSO <strong>LOZZO DI CADORE<\/strong> DOLOMITI. L\u2019iniziativa \u00e8 rivolta ai cittadini che, a titolo totalmente volontario, intendono sottoporsi all\u2019effettuazione del test antigenico rapido, senza necessit\u00e0 di presentare ricetta medica e a proprio carico. Il costo della prestazione non pu\u00f2 superare l\u2019importo di\u00a0 22\u00a0 euro.Rimangono invariate le modalit\u00e0 di esecuzione dei tamponi presso i siti individuati dalla ULSS 1 Dolomiti, su prescrizione del Medico di Medicina Generale o Pediatra di Libera Scelta o su invito del Dipartimento di Prevenzione dell\u2019ULSS. Dal 7 giugno le farmacie territoriali effettuano tamponi anche a favore di cittadini italiani non assistiti in Veneto e di cittadini stranieri. Le farmacie, effettuato il tampone antigenico, rilasciano il relativo certificato.<\/p>\n<p>&nbsp;<\/p>\n<hr \/>\n<p>&nbsp;<\/p>\n<blockquote>\n<h3>LE CHIUSURE DEI PASSI DOLOMITICI IN OCCASIONE DEL\u00a0 SELLA RONDA BIKE DAY<\/h3>\n<\/blockquote>\n<p><strong><a href=\"https:\/\/www.radiopiu.net\/wordpress\/lemergenza-stravolge-i-piani-turistici-annullati-gli-eventi-in-terra-fodom\/sellaronda-bike-day-ph-credit_freddy-planinschek\/\" rel=\"attachment wp-att-132243\"><img loading=\"lazy\" decoding=\"async\" class=\" wp-image-132243 alignleft\" src=\"https:\/\/www.radiopiu.net\/wordpress\/wp-content\/uploads\/2020\/04\/Sellaronda-bike-day-ph.credit_freddy-planinschek-300x200.jpg\" alt=\"\" width=\"144\" height=\"96\" srcset=\"https:\/\/www.radiopiu.net\/wordpress\/wp-content\/uploads\/2020\/04\/Sellaronda-bike-day-ph.credit_freddy-planinschek-300x200.jpg 300w, https:\/\/www.radiopiu.net\/wordpress\/wp-content\/uploads\/2020\/04\/Sellaronda-bike-day-ph.credit_freddy-planinschek-768x512.jpg 768w, https:\/\/www.radiopiu.net\/wordpress\/wp-content\/uploads\/2020\/04\/Sellaronda-bike-day-ph.credit_freddy-planinschek.jpg 990w\" sizes=\"auto, (max-width: 144px) 100vw, 144px\" \/><\/a>LIVINALLONGO<\/strong> Domenica 27 giugno per il Sella Ronda Bike Day ci saranno delle limitazioni al traffico sui passi dolomitici.<\/p>\n<p class=\"p1\"><span class=\"s1\"><strong> DOMENICA 27 giugno 2021<\/strong>: SELLA RONDA BIKE DAY con la chiusura dei 4 Passi Dolomitici attorno al massiccio del Sella: <\/span><span class=\"s2\">Passo Campolongo, Passo Gardena, Passo Sella e Passo Pordoi dalle ore 8:30 alle ore 15:30. <\/span><span class=\"s1\">Ai ciclisti si consiglia il senso antiorario, quindi in salita da Arabba verso il Passo Campolongo.<\/span><\/p>\n<p>&nbsp;<\/p>\n<p>&nbsp;<\/p>\n<hr \/>\n<p>&nbsp;<\/p>\n<blockquote>\n<h3>RICHIESTA DANNI SUBITI DOPO IL MALTEMPO DELLO SCORSO DICEMBRE<\/h3>\n<\/blockquote>\n<p><strong>FELTRE<\/strong> I privati cittadini residenti nel Comune di Feltre che hanno subito danni a beni mobili registrati (quali ad esempio: auto, moto, mezzi di lavoro, altri mezzi di trasporto privati&#8230; ) durante l&#8217;evento meteo del 4-6 dicembre 2020, possono effettuare richiesta di contributo regionale finalizzato al ristoro dei danni stessi, fatto salvo il pieno rispetto dei requisiti e delle modalita\u0300 indicate.<\/p>\n<p><strong>PER LEGGERE L&#8217;AVVISO DEL COMUNE DI FELTRE <a href=\"https:\/\/www.radiopiu.net\/wordpress\/wp-content\/uploads\/2021\/06\/Avviso-pubblico-ristoro-beni-mobili-evento-dic-2020.pdf\">CLICCA QUI<\/a><\/strong><\/p>\n<p>&nbsp;<\/p>\n<p>&nbsp;<\/p>\n<hr \/>\n<p>&nbsp;<\/p>\n<blockquote>\n<h3>I MERCATINI A CAVIOLA E LA SAGRA DI SAN GIOVANNI A CANALE<\/h3>\n<\/blockquote>\n<p><strong><a href=\"https:\/\/www.radiopiu.net\/wordpress\/giornale-radiopiu-02-aprile-2021-direttore-mirko-mezzacasa\/6db80eb8-d49d-421d-9599-beba92ea41dc\/\" rel=\"attachment wp-att-200811\"><img loading=\"lazy\" decoding=\"async\" class=\"size-medium wp-image-200811 alignleft\" src=\"https:\/\/www.radiopiu.net\/wordpress\/wp-content\/uploads\/2021\/04\/6db80eb8-d49d-421d-9599-beba92ea41dc-300x168.jpg\" alt=\"\" width=\"300\" height=\"168\" srcset=\"https:\/\/www.radiopiu.net\/wordpress\/wp-content\/uploads\/2021\/04\/6db80eb8-d49d-421d-9599-beba92ea41dc-300x168.jpg 300w, https:\/\/www.radiopiu.net\/wordpress\/wp-content\/uploads\/2021\/04\/6db80eb8-d49d-421d-9599-beba92ea41dc-1024x575.jpg 1024w, https:\/\/www.radiopiu.net\/wordpress\/wp-content\/uploads\/2021\/04\/6db80eb8-d49d-421d-9599-beba92ea41dc-768x431.jpg 768w, https:\/\/www.radiopiu.net\/wordpress\/wp-content\/uploads\/2021\/04\/6db80eb8-d49d-421d-9599-beba92ea41dc-1536x862.jpg 1536w, https:\/\/www.radiopiu.net\/wordpress\/wp-content\/uploads\/2021\/04\/6db80eb8-d49d-421d-9599-beba92ea41dc.jpg 1600w\" sizes=\"auto, (max-width: 300px) 100vw, 300px\" \/><\/a>FALCADE \/ CANALE D&#8217;AGORDO<\/strong><\/p>\n<p>di Gianni Santomaso<\/p>\n<audio class=\"wp-audio-shortcode\" id=\"audio-217003-2\" preload=\"none\" style=\"width: 100%;\" controls=\"controls\"><source type=\"audio\/mpeg\" src=\"https:\/\/www.radiopiu.net\/wordpress\/wp-content\/uploads\/2021\/06\/GIANNI-MERCATINI-CAVIOLA-SAN-GIOVANNI-CANALE.mp3?_=2\" \/><a href=\"https:\/\/www.radiopiu.net\/wordpress\/wp-content\/uploads\/2021\/06\/GIANNI-MERCATINI-CAVIOLA-SAN-GIOVANNI-CANALE.mp3\">https:\/\/www.radiopiu.net\/wordpress\/wp-content\/uploads\/2021\/06\/GIANNI-MERCATINI-CAVIOLA-SAN-GIOVANNI-CANALE.mp3<\/a><\/audio>\n<p>&nbsp;<\/p>\n<hr \/>\n<p>&nbsp;<\/p>\n<blockquote>\n<h3>GIOVEDI&#8217; IL CONSIGLIO COMUNALE A FALCADE<\/h3>\n<\/blockquote>\n<p><strong><a href=\"https:\/\/www.radiopiu.net\/wordpress\/consiglio-comunale-di-falcade-registrazione-integrale-durata-1h33m\/falcade-1\/\" rel=\"attachment wp-att-163186\"><img loading=\"lazy\" decoding=\"async\" class=\"size-medium wp-image-163186 alignleft\" src=\"https:\/\/www.radiopiu.net\/wordpress\/wp-content\/uploads\/2020\/09\/FALCADE-1-300x225.jpg\" alt=\"\" width=\"300\" height=\"225\" srcset=\"https:\/\/www.radiopiu.net\/wordpress\/wp-content\/uploads\/2020\/09\/FALCADE-1-300x225.jpg 300w, https:\/\/www.radiopiu.net\/wordpress\/wp-content\/uploads\/2020\/09\/FALCADE-1-768x576.jpg 768w, https:\/\/www.radiopiu.net\/wordpress\/wp-content\/uploads\/2020\/09\/FALCADE-1-640x480.jpg 640w, https:\/\/www.radiopiu.net\/wordpress\/wp-content\/uploads\/2020\/09\/FALCADE-1.jpg 960w\" sizes=\"auto, (max-width: 300px) 100vw, 300px\" \/><\/a>FALCADE<\/strong><\/p>\n<p>di Gianni Santomaso<\/p>\n<audio class=\"wp-audio-shortcode\" id=\"audio-217003-3\" preload=\"none\" style=\"width: 100%;\" controls=\"controls\"><source type=\"audio\/mpeg\" src=\"https:\/\/www.radiopiu.net\/wordpress\/wp-content\/uploads\/2021\/06\/GIANNI-CONSIGLIO-FALCADE.mp3?_=3\" \/><a href=\"https:\/\/www.radiopiu.net\/wordpress\/wp-content\/uploads\/2021\/06\/GIANNI-CONSIGLIO-FALCADE.mp3\">https:\/\/www.radiopiu.net\/wordpress\/wp-content\/uploads\/2021\/06\/GIANNI-CONSIGLIO-FALCADE.mp3<\/a><\/audio>\n<p>&nbsp;<\/p>\n<hr \/>\n<p>&nbsp;<\/p>\n<blockquote>\n<h3><a href=\"https:\/\/www.radiopiu.net\/wordpress\/quando-il-centro-estivo-fa-il-pieno\/whatsapp-image-2020-08-04-at-17-23-46\/\" rel=\"attachment wp-att-216713\"><img loading=\"lazy\" decoding=\"async\" class=\"wp-image-216713 alignleft\" src=\"https:\/\/www.radiopiu.net\/wordpress\/wp-content\/uploads\/2021\/06\/WhatsApp-Image-2020-08-04-at-17.23.46-300x225.jpeg\" alt=\"\" width=\"137\" height=\"103\" srcset=\"https:\/\/www.radiopiu.net\/wordpress\/wp-content\/uploads\/2021\/06\/WhatsApp-Image-2020-08-04-at-17.23.46-300x225.jpeg 300w, https:\/\/www.radiopiu.net\/wordpress\/wp-content\/uploads\/2021\/06\/WhatsApp-Image-2020-08-04-at-17.23.46-1024x768.jpeg 1024w, https:\/\/www.radiopiu.net\/wordpress\/wp-content\/uploads\/2021\/06\/WhatsApp-Image-2020-08-04-at-17.23.46-768x576.jpeg 768w, https:\/\/www.radiopiu.net\/wordpress\/wp-content\/uploads\/2021\/06\/WhatsApp-Image-2020-08-04-at-17.23.46-1536x1152.jpeg 1536w, https:\/\/www.radiopiu.net\/wordpress\/wp-content\/uploads\/2021\/06\/WhatsApp-Image-2020-08-04-at-17.23.46.jpeg 1600w\" sizes=\"auto, (max-width: 137px) 100vw, 137px\" \/><\/a>LE ATTIVITA&#8217; DI VOLONTARIATO DI SCUOLE IN RETE<\/h3>\n<\/blockquote>\n<p><strong>BELLUNO<\/strong> Dal primo luglio ritornano le tradizionali attivit\u00e0 di volontariato informatico delle Scuole in Rete, tramite le quali gli studenti e i volontari dell&#8217;Associazione Amici delle Scuole in Rete tenteranno di limitare il gap generazionale e sostenere adulti, anziani e associazioni nell&#8217;acquisizione delle competenze digitali per l&#8217;uso dello smartphone o del computer, ma anche di recuperare e ringiovanire\u00a0 vecchi pc dismessi dalle aziende a beneficio di famiglie e associazioni.\u00a0 Le iscrizioni online sul sito www.studentibelluno.it, oppure presso lo sportello del cittadino di Belluno<\/p>\n<p>&nbsp;<\/p>\n<p>&nbsp;<\/p>\n<hr \/>\n<p>&nbsp;<\/p>\n<blockquote>\n<h3>DA LUNEDI 13 SETTEMBRE IL NUOVO ANNO SCOLASTICO<\/h3>\n<\/blockquote>\n<p><img loading=\"lazy\" decoding=\"async\" class=\"alignleft\" src=\"https:\/\/www.radiopiu.net\/wordpress\/wp-content\/uploads\/2020\/09\/scuola-primaria-agordo-2.jpg\" width=\"122\" height=\"92\" \/><strong>VENEZIA<\/strong> Le scuole primarie e secondarie di primo grado inizieranno luned\u00ec 13 settembre 2021, concludendo le lezioni mercoled\u00ec 8 giugno 2022, mentre le scuole secondarie di secondo grado inizieranno la frequenza gioved\u00ec 16 settembre 2021 per concluderla venerd\u00ec 10 giugno 2022. Vacanze natalizie da venerd\u00ec 24 dicembre 2021 a sabato 8 gennaio 2022.\u00a0 Vacanze pasquali dal 14 al 19 aprile 2022. Per il carnevale scuole chiuse\u00a0 dal 28 febbraio al 2 marzo<\/p>\n<p>&nbsp;<\/p>\n<p>&nbsp;<\/p>\n<hr \/>\n<p>&nbsp;<\/p>\n<p>&nbsp;<\/p>\n<h2><strong><a href=\"https:\/\/www.radiopiu.net\/wordpress\/riapre-al-pubblico-il-castello-di-andraz\/castello_di_andraz1\/\" rel=\"attachment wp-att-216599\"><img loading=\"lazy\" decoding=\"async\" class=\" wp-image-216599 alignleft\" src=\"https:\/\/www.radiopiu.net\/wordpress\/wp-content\/uploads\/2021\/06\/Castello_di_Andraz1-225x300.jpg\" alt=\"\" width=\"125\" height=\"167\" srcset=\"https:\/\/www.radiopiu.net\/wordpress\/wp-content\/uploads\/2021\/06\/Castello_di_Andraz1-225x300.jpg 225w, https:\/\/www.radiopiu.net\/wordpress\/wp-content\/uploads\/2021\/06\/Castello_di_Andraz1-768x1024.jpg 768w, https:\/\/www.radiopiu.net\/wordpress\/wp-content\/uploads\/2021\/06\/Castello_di_Andraz1.jpg 960w\" sizes=\"auto, (max-width: 125px) 100vw, 125px\" \/><\/a><\/strong><span style=\"color: #666699;\">RIAPRE AL PUBBLICO IL CASTELLO DI ANDRAZ<\/span><\/h2>\n<p><strong>di Claudio Fontanive<\/strong><\/p>\n<p>OSPITE: Denny Dorigo ed Eleonora De Mattia<\/p>\n<audio class=\"wp-audio-shortcode\" id=\"audio-217003-4\" preload=\"none\" style=\"width: 100%;\" controls=\"controls\"><source type=\"audio\/mpeg\" src=\"https:\/\/www.radiopiu.net\/wordpress\/wp-content\/uploads\/2021\/06\/DENNI-ANDRAZ.mp3?_=4\" \/><a href=\"https:\/\/www.radiopiu.net\/wordpress\/wp-content\/uploads\/2021\/06\/DENNI-ANDRAZ.mp3\">https:\/\/www.radiopiu.net\/wordpress\/wp-content\/uploads\/2021\/06\/DENNI-ANDRAZ.mp3<\/a><\/audio>\n<p>&nbsp;<\/p>\n<hr \/>\n<p>&nbsp;<\/p>\n<p>&nbsp;<\/p>\n<h3><strong><a href=\"https:\/\/www.radiopiu.net\/wordpress\/al-via-le-prenotazioni-per-il-concerto-la-mia-terra-con-roby-facchinetti\/6d2f3eca-51eb-475d-a53d-f8cc7852afd5\/\" rel=\"attachment wp-att-216089\"><img loading=\"lazy\" decoding=\"async\" class=\" wp-image-216089 alignleft\" src=\"https:\/\/www.radiopiu.net\/wordpress\/wp-content\/uploads\/2021\/06\/6d2f3eca-51eb-475d-a53d-f8cc7852afd5-300x300.jpg\" alt=\"\" width=\"169\" height=\"169\" srcset=\"https:\/\/www.radiopiu.net\/wordpress\/wp-content\/uploads\/2021\/06\/6d2f3eca-51eb-475d-a53d-f8cc7852afd5-300x300.jpg 300w, https:\/\/www.radiopiu.net\/wordpress\/wp-content\/uploads\/2021\/06\/6d2f3eca-51eb-475d-a53d-f8cc7852afd5-150x150.jpg 150w, https:\/\/www.radiopiu.net\/wordpress\/wp-content\/uploads\/2021\/06\/6d2f3eca-51eb-475d-a53d-f8cc7852afd5-768x768.jpg 768w, https:\/\/www.radiopiu.net\/wordpress\/wp-content\/uploads\/2021\/06\/6d2f3eca-51eb-475d-a53d-f8cc7852afd5.jpg 1024w\" sizes=\"auto, (max-width: 169px) 100vw, 169px\" \/><\/a><\/strong>AL VIA LE PRENOTAZIONI PER IL CONCERTO &#8220;LA MIA TERRA&#8221; CON ROBY FACCHINETTI<\/h3>\n<p><em>Regione Veneto, Provincia di Belluno, Comune di Falcade, Pro Loco Falcade Caviola, PromoFalcade Dolomiti e Ski Area San Pellegrino.<\/em><\/p>\n<p><strong>FALCADE <\/strong>\u00a0Diretti dal Maestro Diego Basso un centinaio di artisti tra musicisti e coristi dell\u2019Orchestra Ritmico Sinfonica Italiana e Le Voci di Art Voice Academy.\u00a0 L\u2019accesso all\u2019area del concerto e\u0300 raggiungibile solo su prenotazione, tramite il sito: <a href=\"https:\/\/www.falcadedolomiti.it\/falcade-e-il-concerto-la-mia-terra\/\">https:\/\/www.falcadedolomiti.it\/falcade-e-il-concerto-la-mia-terra\/\u00a0<\/a><\/p>\n<p>&nbsp;<\/p>\n<p>&nbsp;<\/p>\n<hr \/>\n<p>&nbsp;<\/p>\n<blockquote>\n<h3><a href=\"https:\/\/www.radiopiu.net\/wordpress\/giornale-radiopiu-17-giugno-2021-direttore-mirko-mezzacasa\/aaa_offesi_edizione_2020\/\" rel=\"attachment wp-att-216401\"><img loading=\"lazy\" decoding=\"async\" class=\"wp-image-216401 alignleft\" src=\"https:\/\/www.radiopiu.net\/wordpress\/wp-content\/uploads\/2021\/06\/Aaa_Offesi_edizione_2020-300x178.jpg\" alt=\"\" width=\"202\" height=\"120\" srcset=\"https:\/\/www.radiopiu.net\/wordpress\/wp-content\/uploads\/2021\/06\/Aaa_Offesi_edizione_2020-300x178.jpg 300w, https:\/\/www.radiopiu.net\/wordpress\/wp-content\/uploads\/2021\/06\/Aaa_Offesi_edizione_2020.jpg 521w\" sizes=\"auto, (max-width: 202px) 100vw, 202px\" \/><\/a>ESTATE UTILE E CREATIVA PER I GIOVANI DEL TERRITORIO<\/h3>\n<\/blockquote>\n<p><strong>PONTE NELLE ALPI<\/strong>\u00a0 Torna il progetto Aaa Offresi, promosso dal Comune di Ponte nelle Alpi: i laboratori creativi e le attivit\u00e0 di manutenzione si svilupperanno da luned\u00ec 5 luglio alla prima settimana di settembre.<\/p>\n<p>sito www.comune.pontenellealpi.bl.it.<\/p>\n<p>&nbsp;<\/p>\n<p>&nbsp;<\/p>\n<hr \/>\n<p>&nbsp;<\/p>\n<blockquote>\n<h3>TRA FELTRO E FELTRE&#8230;DANTE CON IL LIBRO PARLATO DI FELTRE<\/h3>\n<\/blockquote>\n<p><strong>FELTRE<\/strong> \u00c8 in programma per domenica 4 luglio alle 17:30 &#8220;Tra Feltro e Feltre&#8230;700 anni dalla morte di Dante&#8221;, la lettura della Divina Commedia, La Vita Nova, Le Rime e le Epistole in Chiesa San Rocco nella Piazza Maggiore di Feltre con le voci dei Libri Parlanti Luisa Alchini, Ornella Favretti, Annunciata Olivieri, Enis Pocchetto, Maria Teresa Totti e Mauro Viani. Per informazioni www.libroparlato.org oppure www.fondacofeltre.it<\/p>\n<p>&nbsp;<\/p>\n<p>&nbsp;<\/p>\n<hr \/>\n<p>&nbsp;<\/p>\n<blockquote>\n<h3>GIORNATE NAZIONALI DEL CICLOTURISMO, OGGI A FELTRE<\/h3>\n<\/blockquote>\n<p><strong>FELTRE<\/strong> Oggi FIAB FeltreInBici \u00a0propone una pedalata nei dintorni di Feltre con visita a 5 dimore storiche: Villa Zugni Tauro De Mezzan, Villa Dei Rosada, Villa San Liberale, Villa Tonello &#8211; Zampiero, Villa Fabris Guarnieri.\u00a0 L&#8217;appuntamento \u00e8 fissato alle ore 08.00 a Pr\u00e0 del Moro, per iniziare la pedalata alle ore 08:30 che si concluder\u00e0 in Largo Panfilo Castaldi alle ore 18:00 circa. (Il programma completo della giornata <a href=\"https:\/\/mailchi.mp\/571ba0e0ffbd\/giornata_nazionale_del_cicloturismo\">CLICCANDO QU<\/a>I) (Iscrizione obbligatoria sul sito <a title=\"http:\/\/www.feltreinbici.blogspot.com\" href=\"http:\/\/www.feltreinbici.blogspot.com\/\">www.feltreinbici.blogspot.com<\/a>)<\/p>\n<p>&nbsp;<\/p>\n<hr \/>\n<p>&nbsp;<\/p>\n<blockquote>\n<h3><strong><a href=\"https:\/\/www.radiopiu.net\/wordpress\/giornale-radiopiu-16-giugno-2021-direttore-mirko-mezzacasa\/a4f570bb-b6f9-5c59-adc6-8f74a1091ee0\/\" rel=\"attachment wp-att-216315\"><img loading=\"lazy\" decoding=\"async\" class=\"wp-image-216315 alignleft\" src=\"https:\/\/www.radiopiu.net\/wordpress\/wp-content\/uploads\/2021\/06\/a4f570bb-b6f9-5c59-adc6-8f74a1091ee0-300x200.jpg\" alt=\"\" width=\"158\" height=\"105\" srcset=\"https:\/\/www.radiopiu.net\/wordpress\/wp-content\/uploads\/2021\/06\/a4f570bb-b6f9-5c59-adc6-8f74a1091ee0-300x200.jpg 300w, https:\/\/www.radiopiu.net\/wordpress\/wp-content\/uploads\/2021\/06\/a4f570bb-b6f9-5c59-adc6-8f74a1091ee0-768x512.jpg 768w, https:\/\/www.radiopiu.net\/wordpress\/wp-content\/uploads\/2021\/06\/a4f570bb-b6f9-5c59-adc6-8f74a1091ee0.jpg 1024w\" sizes=\"auto, (max-width: 158px) 100vw, 158px\" \/><\/a>LAGHI DI FOSSES <\/strong><strong>PARCO NATURALE DELLE DOLOMITI D&#8217;AMPEZZO\u00a0<\/strong><\/h3>\n<\/blockquote>\n<p><strong>AGORDO<\/strong> Oggi l&#8217;escursione con il Cai di Agordo nel Parco Naturale delle Dolomiti d&#8217;Ampezzo. L&#8217;escursione\u00a0 \u00a0organizzata in collaborazione con il Gruppo Agordino Mineralogico-Paleontologico in uno dei posti pi\u00f9 affascinanti e sorprendenti del Parco: l&#8217;<strong>Alpe di F\u00f2sses<\/strong>, dominata dalla Piccola Croda Rossa d&#8217;Ampezzo e dalla Croda del B\u00e9cco. Il supporto di esperti geologi\u00a0 permetter\u00e0 di scoprire e valorizzare il patrimonio geologico dolomitico<\/p>\n<p>&nbsp;<\/p>\n<hr \/>\n<p>&nbsp;<\/p>\n<blockquote>\n<h3>SULLE ALPI CARNICHE CON IL CAI DI BELLUNO<\/h3>\n<\/blockquote>\n<p><strong>BELLUNO<\/strong> La sezione di Belluno del Club Alpino Italiano propone, per oggi, un&#8217;escursione nelle Alpi Carniche, sull&#8217;altopiano di Razzo:\u00a0 Il giro del Tiarfin, escursione ad anello con partenza ed arrivo presso la malga di Casera Razzo a 1733 metri lungo il sentiero 208 che sale alla Sella posta a 2250 metri alla testata della Busa del Tiarfin. Partenza: ore 7.00 dal Piazzale Resistenza (stadio) a Belluno ritrovo 10 min. Prima con mezzi propri; il rientro \u00e8 previsto in serata. Le iscrizioni, aperte solo ai soci CAI, causa emergenza COVID si effettuano esclusivamente in modalit\u00e0 online improrogabilmente entro le ore 12 di sabato 19 giugno\u00a0<strong><span style=\"color: #0000ff;\"> <a style=\"color: #0000ff;\" href=\"https:\/\/form.jotformeu.com\/EscursionismoCaiBL\/Tiarfin\">CLICCA QUI<\/a><\/span><\/strong><\/p>\n<p>&nbsp;<\/p>\n<hr \/>\n<p>&nbsp;<\/p>\n<blockquote>\n<h3 style=\"text-align: center;\">ERICA PICCOTTI E LEONARDO PIERDOMENICO AL GIOVANNI XXIII<\/h3>\n<\/blockquote>\n\n\t\t\t<style type='text\/css'>\n\t\t\t\t#gallery-4 {\n\t\t\t\t\tmargin: auto;\n\t\t\t\t}\n\t\t\t\t#gallery-4 .gallery-item {\n\t\t\t\t\tfloat: left;\n\t\t\t\t\tmargin-top: 10px;\n\t\t\t\t\ttext-align: center;\n\t\t\t\t\twidth: 50%;\n\t\t\t\t}\n\t\t\t\t#gallery-4 img {\n\t\t\t\t\tborder: 2px solid #cfcfcf;\n\t\t\t\t}\n\t\t\t\t#gallery-4 .gallery-caption {\n\t\t\t\t\tmargin-left: 0;\n\t\t\t\t}\n\t\t\t\t\/* see gallery_shortcode() in wp-includes\/media.php *\/\n\t\t\t<\/style>\n\t\t<div id='gallery-4' class='dt-gallery-container gallery galleryid-217003 gallery-columns-2 gallery-size-medium'><dl class='gallery-item'>\n\t\t\t\t<dt class='gallery-icon landscape'>\n\t\t\t\t\t<a class=\"rollover rollover-zoom dt-pswp-item\" title=\"Leonardo Pierdomenico 1\" data-dt-img-description=\"\" data-large_image_width=\"1000\" data-large_image_height=\"763\"href='https:\/\/www.radiopiu.net\/wordpress\/wp-content\/uploads\/2021\/06\/Leonardo-Pierdomenico-1.jpg'><img loading=\"lazy\" decoding=\"async\" width=\"300\" height=\"229\" src=\"https:\/\/www.radiopiu.net\/wordpress\/wp-content\/uploads\/2021\/06\/Leonardo-Pierdomenico-1-300x229.jpg\" class=\"attachment-medium size-medium\" alt=\"\" srcset=\"https:\/\/www.radiopiu.net\/wordpress\/wp-content\/uploads\/2021\/06\/Leonardo-Pierdomenico-1-300x229.jpg 300w, https:\/\/www.radiopiu.net\/wordpress\/wp-content\/uploads\/2021\/06\/Leonardo-Pierdomenico-1-768x586.jpg 768w, https:\/\/www.radiopiu.net\/wordpress\/wp-content\/uploads\/2021\/06\/Leonardo-Pierdomenico-1.jpg 1000w\" sizes=\"auto, (max-width: 300px) 100vw, 300px\" \/><\/a>\n\t\t\t\t<\/dt><\/dl><dl class='gallery-item'>\n\t\t\t\t<dt class='gallery-icon landscape'>\n\t\t\t\t\t<a class=\"rollover rollover-zoom dt-pswp-item\" title=\"Erica Piccotti - photo Laure Jacquemin\" data-dt-img-description=\"\" data-large_image_width=\"1000\" data-large_image_height=\"842\"href='https:\/\/www.radiopiu.net\/wordpress\/wp-content\/uploads\/2021\/06\/Erica-Piccotti-photo-Laure-Jacquemin.jpg'><img loading=\"lazy\" decoding=\"async\" width=\"300\" height=\"253\" src=\"https:\/\/www.radiopiu.net\/wordpress\/wp-content\/uploads\/2021\/06\/Erica-Piccotti-photo-Laure-Jacquemin-300x253.jpg\" class=\"attachment-medium size-medium\" alt=\"\" srcset=\"https:\/\/www.radiopiu.net\/wordpress\/wp-content\/uploads\/2021\/06\/Erica-Piccotti-photo-Laure-Jacquemin-300x253.jpg 300w, https:\/\/www.radiopiu.net\/wordpress\/wp-content\/uploads\/2021\/06\/Erica-Piccotti-photo-Laure-Jacquemin-768x647.jpg 768w, https:\/\/www.radiopiu.net\/wordpress\/wp-content\/uploads\/2021\/06\/Erica-Piccotti-photo-Laure-Jacquemin.jpg 1000w\" sizes=\"auto, (max-width: 300px) 100vw, 300px\" \/><\/a>\n\t\t\t\t<\/dt><\/dl><br style=\"clear: both\" \/>\n\t\t\t<\/div>\n\n<p><strong>BELLUNO<\/strong> Violoncello e pianoforte, suonati da due giovani talenti della musica internazionale, rispettivamente Erica Piccotti e Leonardo Pierdomenico, sono i protagonisti del concerto di marted\u00ec 22 giugno 2021, alle\u00a0 19 nel Teatro Giovanni XXIII. In programma, i Cinque pezzi in stile popolare di Robert Schumann, seguiti dall&#8217;Adagio e Allegro op. 70 e dalla Fantasiest\u00fccke op. 73. Segue la Sonata in fa maggiore per violoncello e pianoforte op. 6 di Richard Strauss. Prenotazione richiesta tel. 0437 940407, e-mail: info@alpebellunese.it.<\/p>\n<p>&nbsp;<\/p>\n<p>&nbsp;<\/p>\n<hr \/>\n<p>&nbsp;<\/p>\n<blockquote>\n<h3>I CENTO ANNI DI GIULIA&#8230;GLI AUGURI DELLE NIPOTI E DI RADIO PIU&#8217;<\/h3>\n<\/blockquote>\n<p><strong><a href=\"https:\/\/www.radiopiu.net\/wordpress\/i-cento-anni-di-giulia-gli-auguri-delle-nipoti-e-di-radio-piu\/cb303dd1-a2ce-435a-99d4-5a2142352434\/\" rel=\"attachment wp-att-217021\"><img loading=\"lazy\" decoding=\"async\" class=\"size-medium wp-image-217021 alignleft\" src=\"https:\/\/www.radiopiu.net\/wordpress\/wp-content\/uploads\/2021\/06\/cb303dd1-a2ce-435a-99d4-5a2142352434-300x200.jpg\" alt=\"\" width=\"300\" height=\"200\" srcset=\"https:\/\/www.radiopiu.net\/wordpress\/wp-content\/uploads\/2021\/06\/cb303dd1-a2ce-435a-99d4-5a2142352434-300x200.jpg 300w, https:\/\/www.radiopiu.net\/wordpress\/wp-content\/uploads\/2021\/06\/cb303dd1-a2ce-435a-99d4-5a2142352434-1024x682.jpg 1024w, https:\/\/www.radiopiu.net\/wordpress\/wp-content\/uploads\/2021\/06\/cb303dd1-a2ce-435a-99d4-5a2142352434-768x512.jpg 768w, https:\/\/www.radiopiu.net\/wordpress\/wp-content\/uploads\/2021\/06\/cb303dd1-a2ce-435a-99d4-5a2142352434-1536x1023.jpg 1536w, https:\/\/www.radiopiu.net\/wordpress\/wp-content\/uploads\/2021\/06\/cb303dd1-a2ce-435a-99d4-5a2142352434.jpg 2048w\" sizes=\"auto, (max-width: 300px) 100vw, 300px\" \/><\/a>REDAZIONE <\/strong>Nonna Giulia compie 100 anni. Gli auguri per il secolo di vita dalle nipoti Barbara e Giuliana e naturalmente dallo staff di Radio Pi\u00f9.<\/p>\n<audio class=\"wp-audio-shortcode\" id=\"audio-217003-5\" preload=\"none\" style=\"width: 100%;\" controls=\"controls\"><source type=\"audio\/mpeg\" src=\"https:\/\/www.radiopiu.net\/wordpress\/wp-content\/uploads\/2021\/06\/AUGURI-GIULIA-100-ANNI.mp3?_=5\" \/><a href=\"https:\/\/www.radiopiu.net\/wordpress\/wp-content\/uploads\/2021\/06\/AUGURI-GIULIA-100-ANNI.mp3\">https:\/\/www.radiopiu.net\/wordpress\/wp-content\/uploads\/2021\/06\/AUGURI-GIULIA-100-ANNI.mp3<\/a><\/audio>\n<p>&nbsp;<\/p>\n<p>&nbsp;<\/p>\n<hr \/>\n<p>&nbsp;<\/p>\n<blockquote>\n<h3>A FALCADE ESORDIO SOTTO LA PIOGGIA PER I TIRATAIE<\/h3>\n<\/blockquote>\n<p><strong>FALCADE\u00a0<\/strong>Doveva essere la prima festa estiva dell&#8217;estate ma la pioggia ha rovinato l&#8217;esordio dei Tirataie. La band della Valle del Bios non si \u00e8 persa d&#8217;animo e sotto un acquazzone \u00e8 tornata sul palco dopo un anno di assenza. El Vedova, El Bus, L&#8217;Ongia e El Bepi si sono ritrovati sul piazzale esterno dell&#8217;Hotel Stella Alpina per la prima data del &#8220;tour&#8221; estivo che toccher\u00e0 sabato prossimo la provincia di Udine e il 16 luglio Mezzano in provincia di Trento.<\/p>\n<p><strong>LA DIRETTA DA FALCADE<\/strong><\/p>\n<p>https:\/\/www.facebook.com\/radiopiu\/videos\/942701803190288<\/p>\n<p>&nbsp;<\/p>\n<hr \/>\n<p>&nbsp;<\/p>\n<h2><span style=\"color: #ff0000;\">LA RACCOLTA COMPLETA<\/span><\/h2>\n<blockquote class=\"wp-embedded-content\" data-secret=\"SnB52SwuuK\"><p><a href=\"https:\/\/www.radiopiu.net\/wordpress\/girovagando-in-e-bike-tra-le-dolomiti\/\">GIROVAGANDO IN E BIKE TRA LE DOLOMITI<\/a><\/p><\/blockquote>\n<p><iframe loading=\"lazy\" class=\"wp-embedded-content\" sandbox=\"allow-scripts\" security=\"restricted\" style=\"position: absolute; clip: rect(1px, 1px, 1px, 1px);\" title=\"&#8220;GIROVAGANDO IN E BIKE TRA LE DOLOMITI&#8221; &#8212; Radio Pi\u00f9\" src=\"https:\/\/www.radiopiu.net\/wordpress\/girovagando-in-e-bike-tra-le-dolomiti\/embed\/#?secret=SnB52SwuuK\" data-secret=\"SnB52SwuuK\" width=\"600\" height=\"338\" frameborder=\"0\" marginwidth=\"0\" marginheight=\"0\" scrolling=\"no\"><\/iframe><\/p>\n<p>&nbsp;<\/p>\n<hr \/>\n<p>&nbsp;<\/p>\n<p>&nbsp;<\/p>\n<blockquote class=\"wp-embedded-content\" data-secret=\"ZwvMLNtqBG\"><p><a href=\"https:\/\/www.radiopiu.net\/wordpress\/giovani-agricoltori-agordini-di-gianni-santomaso\/\">GIOVANI AGRICOLTORI AGORDINI, di GIANNI SANTOMASO<\/a><\/p><\/blockquote>\n<p><iframe loading=\"lazy\" class=\"wp-embedded-content\" sandbox=\"allow-scripts\" security=\"restricted\" style=\"position: absolute; clip: rect(1px, 1px, 1px, 1px);\" title=\"&#8220;GIOVANI AGRICOLTORI AGORDINI, di GIANNI SANTOMASO&#8221; &#8212; Radio Pi\u00f9\" src=\"https:\/\/www.radiopiu.net\/wordpress\/giovani-agricoltori-agordini-di-gianni-santomaso\/embed\/#?secret=ZwvMLNtqBG\" data-secret=\"ZwvMLNtqBG\" width=\"600\" height=\"338\" frameborder=\"0\" marginwidth=\"0\" marginheight=\"0\" scrolling=\"no\"><\/iframe><\/p>\n<p>&nbsp;<\/p>\n<p>&nbsp;<\/p>\n<hr \/>\n<p>&nbsp;<\/p>\n<p>&nbsp;<\/p>\n<div>\n<div class=\"b654a4as d2edcug0\">\n<div class=\"rq0escxv hkbzh7o3 jwdofwj8 n8tt0mok r8blr3vg hyh9befq\">\n<p><a class=\"dt-pswp-item\" href=\"https:\/\/www.radiopiu.net\/wordpress\/wp-content\/uploads\/2020\/10\/pp.jpg\" data-dt-img-description=\"\" data-large_image_width=\"640\" data-large_image_height=\"640\"><img loading=\"lazy\" decoding=\"async\" class=\"wp-image-163678 alignleft\" src=\"https:\/\/www.radiopiu.net\/wordpress\/wp-content\/uploads\/2020\/10\/pp-300x300.jpg\" alt=\"\" width=\"106\" height=\"106\" srcset=\"https:\/\/www.radiopiu.net\/wordpress\/wp-content\/uploads\/2020\/10\/pp-300x300.jpg 300w, https:\/\/www.radiopiu.net\/wordpress\/wp-content\/uploads\/2020\/10\/pp-150x150.jpg 150w, https:\/\/www.radiopiu.net\/wordpress\/wp-content\/uploads\/2020\/10\/pp-125x125.jpg 125w, https:\/\/www.radiopiu.net\/wordpress\/wp-content\/uploads\/2020\/10\/pp-200x200.jpg 200w, https:\/\/www.radiopiu.net\/wordpress\/wp-content\/uploads\/2020\/10\/pp-80x80.jpg 80w, https:\/\/www.radiopiu.net\/wordpress\/wp-content\/uploads\/2020\/10\/pp-480x480.jpg 480w, https:\/\/www.radiopiu.net\/wordpress\/wp-content\/uploads\/2020\/10\/pp.jpg 640w\" sizes=\"auto, (max-width: 106px) 100vw, 106px\" \/><\/a><\/p>\n<\/div>\n<\/div>\n<\/div>\n<div>\n<div class=\"page-title-head hgroup\">\n<div class=\"page-title-head hgroup\">\n<div class=\"b654a4as d2edcug0\">\n<div class=\"j83agx80 btwxx1t3 lhclo0ds hop8lmos nkwizq5d scwd0bx6 roh60bw9\">\n<div class=\"rq0escxv hkbzh7o3 jwdofwj8 n8tt0mok r8blr3vg hyh9befq\">\n<div class=\"do00u71z l9j0dhe7 k4urcfbm\">\n<h2><span style=\"color: #000080;\">DON CESARE, IL PENSIERO DEL GIORNO. ALLA RADIO ALLE 7 DEL MATTINO E ALLE 19.30 DELLA SERA.\u00a0\u00a0<\/span><\/h2>\n<\/div>\n<\/div>\n<\/div>\n<div class=\"rq0escxv hkbzh7o3 jwdofwj8 n8tt0mok r8blr3vg hyh9befq\"><\/div>\n<div>\n<audio class=\"wp-audio-shortcode\" id=\"audio-217003-6\" preload=\"none\" style=\"width: 100%;\" controls=\"controls\"><source type=\"audio\/mpeg\" src=\"https:\/\/www.radiopiu.net\/wordpress\/wp-content\/uploads\/2021\/06\/CESARE-16.mp3?_=6\" \/><a href=\"https:\/\/www.radiopiu.net\/wordpress\/wp-content\/uploads\/2021\/06\/CESARE-16.mp3\">https:\/\/www.radiopiu.net\/wordpress\/wp-content\/uploads\/2021\/06\/CESARE-16.mp3<\/a><\/audio>\n<\/div>\n<div><\/div>\n<div><\/div>\n<div>\n<hr \/>\n<\/div>\n<div><\/div>\n<h2><strong><a href=\"https:\/\/www.radiopiu.net\/wordpress\/laugurio-di-monsignor-giorgio-lise-agli-agordini\/don-giorgio-lise\/\" rel=\"attachment wp-att-177420\"><img loading=\"lazy\" decoding=\"async\" class=\"size-medium wp-image-177420 alignleft\" src=\"https:\/\/www.radiopiu.net\/wordpress\/wp-content\/uploads\/2020\/12\/DON-GIORGIO-LISE-300x169.jpg\" alt=\"\" width=\"300\" height=\"169\" srcset=\"https:\/\/www.radiopiu.net\/wordpress\/wp-content\/uploads\/2020\/12\/DON-GIORGIO-LISE-300x169.jpg 300w, https:\/\/www.radiopiu.net\/wordpress\/wp-content\/uploads\/2020\/12\/DON-GIORGIO-LISE-1024x577.jpg 1024w, https:\/\/www.radiopiu.net\/wordpress\/wp-content\/uploads\/2020\/12\/DON-GIORGIO-LISE-768x432.jpg 768w, https:\/\/www.radiopiu.net\/wordpress\/wp-content\/uploads\/2020\/12\/DON-GIORGIO-LISE-1536x865.jpg 1536w, https:\/\/www.radiopiu.net\/wordpress\/wp-content\/uploads\/2020\/12\/DON-GIORGIO-LISE.jpg 1600w\" sizes=\"auto, (max-width: 300px) 100vw, 300px\" \/><\/a><span style=\"color: #008000;\">DUE MINUTI PER TE&#8230;CON DON GIORGIO LISE<\/span><\/strong><\/h2>\n<audio class=\"wp-audio-shortcode\" id=\"audio-217003-7\" preload=\"none\" style=\"width: 100%;\" controls=\"controls\"><source type=\"audio\/mpeg\" src=\"https:\/\/www.radiopiu.net\/wordpress\/wp-content\/uploads\/2021\/06\/DON-GIORGIO-3.mp3?_=7\" \/><a href=\"https:\/\/www.radiopiu.net\/wordpress\/wp-content\/uploads\/2021\/06\/DON-GIORGIO-3.mp3\">https:\/\/www.radiopiu.net\/wordpress\/wp-content\/uploads\/2021\/06\/DON-GIORGIO-3.mp3<\/a><\/audio>\n<p>&nbsp;<\/p>\n<hr \/>\n<blockquote>\n<h2>COLLAGE&#8230; DI LORIS SCUSSEL dal lunedi al venerdi alle 16 e alle 23 su RADIO PIU<\/h2>\n<\/blockquote>\n<div>\n<blockquote>\n<div>\n<div>\n<div>\n<div>\n<div>\n<p><img loading=\"lazy\" decoding=\"async\" class=\"alignleft\" src=\"https:\/\/www.radiopiu.net\/wordpress\/wp-content\/uploads\/2021\/05\/Schermata-2021-05-23-alle-11.50.11.png\" width=\"186\" height=\"131\" \/>Il programma \u00e8 andato in onda da dicembre 2013 fino a luglio 2019, comprese le repliche, in due serie per 350 puntate complessive con 1.890 brani trasmessi. L\u2019obiettivo del programma: riproporre agli ascoltatori pi\u00f9 grandicelli le canzoni che ascoltavano nel passato e nello stesso tempo farle conoscere anche ai pi\u00f9 giovani.<\/p>\n<\/div>\n<p>&nbsp;<\/p>\n<\/div>\n<\/div>\n<\/div>\n<\/div>\n<p>&nbsp;<\/p><\/blockquote>\n<\/div>\n<div><\/div>\n<div><\/div>\n<hr \/>\n<p>&nbsp;<\/p>\n<blockquote>\n<h2>FANTASTICHE DOLOMITI, NUOVA STAGIONE. APPUNTAMENTO QUINDICINALE IL GIOVEDI ALLE 10.30 E 19.00<\/h2>\n<\/blockquote>\n<h2><span style=\"color: #ff0000;\"><strong><a class=\"dt-pswp-item\" href=\"https:\/\/www.radiopiu.net\/wordpress\/wp-content\/uploads\/2020\/08\/montagna-2020-scaled.jpg\" data-dt-img-description=\"\" data-large_image_width=\"2560\" data-large_image_height=\"1440\"><img loading=\"lazy\" decoding=\"async\" class=\"wp-image-158273 alignleft\" src=\"https:\/\/www.radiopiu.net\/wordpress\/wp-content\/uploads\/2020\/08\/montagna-2020-300x169.jpg\" alt=\"\" width=\"147\" height=\"83\" srcset=\"https:\/\/www.radiopiu.net\/wordpress\/wp-content\/uploads\/2020\/08\/montagna-2020-300x169.jpg 300w, https:\/\/www.radiopiu.net\/wordpress\/wp-content\/uploads\/2020\/08\/montagna-2020-1024x576.jpg 1024w, https:\/\/www.radiopiu.net\/wordpress\/wp-content\/uploads\/2020\/08\/montagna-2020-768x432.jpg 768w, https:\/\/www.radiopiu.net\/wordpress\/wp-content\/uploads\/2020\/08\/montagna-2020-1536x864.jpg 1536w, https:\/\/www.radiopiu.net\/wordpress\/wp-content\/uploads\/2020\/08\/montagna-2020-2048x1152.jpg 2048w, https:\/\/www.radiopiu.net\/wordpress\/wp-content\/uploads\/2020\/08\/montagna-2020-640x360.jpg 640w\" sizes=\"auto, (max-width: 147px) 100vw, 147px\" \/><\/a><\/strong><\/span><\/h2>\n<h2><span style=\"color: #ff0000;\">PUNTATA 18 17 GIUGNO\u00a0<\/span><\/h2>\n<p><strong>OSPITE IL PRESIDENTE CLAUDIO CANOVA<\/strong><\/p>\n<audio class=\"wp-audio-shortcode\" id=\"audio-217003-8\" preload=\"none\" style=\"width: 100%;\" controls=\"controls\"><source type=\"audio\/mpeg\" src=\"https:\/\/www.radiopiu.net\/wordpress\/wp-content\/uploads\/2021\/06\/fantasticvhe-dolomiti-17-giugno.mp3?_=8\" \/><a href=\"https:\/\/www.radiopiu.net\/wordpress\/wp-content\/uploads\/2021\/06\/fantasticvhe-dolomiti-17-giugno.mp3\">https:\/\/www.radiopiu.net\/wordpress\/wp-content\/uploads\/2021\/06\/fantasticvhe-dolomiti-17-giugno.mp3<\/a><\/audio>\n<h3>LA RACCOLTA COMPLETA<\/h3>\n<blockquote class=\"wp-embedded-content\" data-secret=\"XOHQu3BvgV\"><p><a href=\"https:\/\/www.radiopiu.net\/wordpress\/raccolta-completa11\/\">FANTASTICHE DOLOMITI LA RACCOLTA COMPLETA<\/a><\/p><\/blockquote>\n<p><iframe loading=\"lazy\" class=\"wp-embedded-content\" sandbox=\"allow-scripts\" security=\"restricted\" style=\"position: absolute; clip: rect(1px, 1px, 1px, 1px);\" title=\"&#8220;FANTASTICHE DOLOMITI LA RACCOLTA COMPLETA&#8221; &#8212; Radio Pi\u00f9\" src=\"https:\/\/www.radiopiu.net\/wordpress\/raccolta-completa11\/embed\/#?secret=XOHQu3BvgV\" data-secret=\"XOHQu3BvgV\" width=\"600\" height=\"338\" frameborder=\"0\" marginwidth=\"0\" marginheight=\"0\" scrolling=\"no\"><\/iframe><\/p>\n<p>&nbsp;<\/p>\n<p>&nbsp;<\/p>\n<p>&nbsp;<\/p>\n<hr \/>\n<div>\n<div class=\"b654a4as d2edcug0\">\n<div class=\"rq0escxv hkbzh7o3 jwdofwj8 n8tt0mok r8blr3vg hyh9befq\">\n<div class=\"b654a4as d2edcug0\">\n<h2><span style=\"color: #008000;\">\u00a0<\/span><\/h2>\n<h2><span style=\"color: #008000;\">ERBE E PIANTE CURATIVE&#8230;IL\u00a0 PROGRAMMA DI PAOLA LANCIATO<\/span><\/h2>\n<p><strong>LA RACCOLTA COMPLETA<\/strong><\/p>\n<\/div>\n<blockquote class=\"wp-embedded-content\" data-secret=\"iRBSzD7P9Z\"><p><a href=\"https:\/\/www.radiopiu.net\/wordpress\/erbe-e-piante-curative-il-mandorlo\/\">L\u2019ERBA VOGLIO DEL GIARDINO DEL RE\u2026 ERBE, FIORI E PIANTE DI E CON PAOLA LANCIATO<\/a><\/p><\/blockquote>\n<p><iframe loading=\"lazy\" class=\"wp-embedded-content\" sandbox=\"allow-scripts\" security=\"restricted\" style=\"position: absolute; clip: rect(1px, 1px, 1px, 1px);\" title=\"&#8220;L\u2019ERBA VOGLIO DEL GIARDINO DEL RE\u2026 ERBE, FIORI E PIANTE DI E CON PAOLA LANCIATO&#8221; &#8212; Radio Pi\u00f9\" src=\"https:\/\/www.radiopiu.net\/wordpress\/erbe-e-piante-curative-il-mandorlo\/embed\/#?secret=iRBSzD7P9Z\" data-secret=\"iRBSzD7P9Z\" width=\"600\" height=\"338\" frameborder=\"0\" marginwidth=\"0\" marginheight=\"0\" scrolling=\"no\"><\/iframe><\/p>\n<p>&nbsp;<\/p>\n<\/div>\n<\/div>\n<\/div>\n<p>&nbsp;<\/p>\n<hr \/>\n<p>&nbsp;<\/p>\n<div>\n<h2><span style=\"color: #ff0000;\"><strong>IN VIVO VERSO 2020-21 ESTATE, RIASCOLTIAMOLI&#8230; DAL CASSETTO DEI RICORDI DI RADIO PIU&#8217;&#8230; LE PRIME\u00a0 SEI STAGIONI\u00a0 \u00a0<\/strong><\/span><\/h2>\n<div class=\"page-title-head hgroup\">\n<div class=\"page-title-head hgroup\">\n<div class=\"page-title-head hgroup\">\n<div class=\"page-title-head hgroup\">\n<div class=\"page-title-head hgroup\">\n<div class=\"page-title-head hgroup\">\n<blockquote><p>&nbsp;<\/p>\n<p><strong>LA RACCOLTA COMPLETA<\/strong><\/p><\/blockquote>\n<\/div>\n<\/div>\n<\/div>\n<\/div>\n<\/div>\n<\/div>\n<blockquote class=\"wp-embedded-content\" data-secret=\"ulqtOqm3eA\"><p><a href=\"https:\/\/www.radiopiu.net\/wordpress\/in-vivo-verso\/\">In Vivo Verso<\/a><\/p><\/blockquote>\n<p><iframe loading=\"lazy\" class=\"wp-embedded-content\" sandbox=\"allow-scripts\" security=\"restricted\" style=\"position: absolute; clip: rect(1px, 1px, 1px, 1px);\" title=\"&#8220;In Vivo Verso&#8221; &#8212; Radio Pi\u00f9\" src=\"https:\/\/www.radiopiu.net\/wordpress\/in-vivo-verso\/embed\/#?secret=ulqtOqm3eA\" data-secret=\"ulqtOqm3eA\" width=\"600\" height=\"338\" frameborder=\"0\" marginwidth=\"0\" marginheight=\"0\" scrolling=\"no\"><\/iframe><\/p>\n<p>&nbsp;<\/p>\n<p>&nbsp;<\/p>\n<hr \/>\n<\/div>\n<blockquote>\n<blockquote>\n<h2><\/h2>\n<\/blockquote>\n<\/blockquote>\n<div>\n<div class=\"b654a4as d2edcug0\">\n<div class=\"rq0escxv hkbzh7o3 jwdofwj8 n8tt0mok r8blr3vg hyh9befq\">\n<p>&nbsp;<\/p>\n<blockquote>\n<h2><span style=\"color: #ff0000;\"><em>ZAINO ALLA RADIO&#8230;ESTATE DI PAOLA LANCIATO TUTTI I GIORNI dal lunedi al venerdi ALLE 14 E 23.30\u00a0 \u00a0<\/em><\/span><\/h2>\n<\/blockquote>\n<div class=\"b654a4as d2edcug0\">\n<blockquote>\n<h3>ZAINO DA VIAGGIO ESTATE di PAOLA LANCIATO<\/h3>\n<\/blockquote>\n<p>&nbsp;<\/p>\n<p><strong>LA RACCOLTA COMPLETA<\/strong><\/p>\n<\/div>\n<blockquote class=\"wp-embedded-content\" data-secret=\"oSJ7Is9JRZ\"><p><a href=\"https:\/\/www.radiopiu.net\/wordpress\/zaino-femminile-lanciato\/\">Zaino da viaggio al femminile<\/a><\/p><\/blockquote>\n<p><iframe loading=\"lazy\" class=\"wp-embedded-content\" sandbox=\"allow-scripts\" security=\"restricted\" style=\"position: absolute; clip: rect(1px, 1px, 1px, 1px);\" title=\"&#8220;Zaino da viaggio al femminile&#8221; &#8212; Radio Pi\u00f9\" src=\"https:\/\/www.radiopiu.net\/wordpress\/zaino-femminile-lanciato\/embed\/#?secret=oSJ7Is9JRZ\" data-secret=\"oSJ7Is9JRZ\" width=\"600\" height=\"338\" frameborder=\"0\" marginwidth=\"0\" marginheight=\"0\" scrolling=\"no\"><\/iframe><\/p>\n<p>&nbsp;<\/p>\n<\/div>\n<\/div>\n<\/div>\n<hr \/>\n<p>&nbsp;<\/p>\n<div>\n<h2><span style=\"color: #800080;\"><strong>LA RASSEGNA STAMPA DA L&#8217;AMICO DEL POPOLO\u00a0<\/strong><\/span><\/h2>\n<h3 class=\"kvgmc6g5 cxmmr5t8 oygrvhab hcukyx3x c1et5uql\"><span style=\"color: #0000ff;\"> INFORMAZIONE il canale su TELEGRAM informazione di prima mano e in tempo reale. iscriviti ed aiutaci a farlo conoscere\u00a0\u00a0<\/span><\/h3>\n<p>&nbsp;<\/p>\n<p><strong>LA RACCOLTA COMPLETA<\/strong><\/p>\n<blockquote class=\"wp-embedded-content\" data-secret=\"unywqC9mV7\"><p><a href=\"https:\/\/www.radiopiu.net\/wordpress\/rassegna-stampa-di-gianni-santomaso\/\">Rassegna stampa da l&#8217;amico del popolo &#8211; di Gianni Santomaso<\/a><\/p><\/blockquote>\n<p><iframe loading=\"lazy\" class=\"wp-embedded-content\" sandbox=\"allow-scripts\" security=\"restricted\" style=\"position: absolute; clip: rect(1px, 1px, 1px, 1px);\" title=\"&#8220;Rassegna stampa da l&#8217;amico del popolo &#8211; di Gianni Santomaso&#8221; &#8212; Radio Pi\u00f9\" src=\"https:\/\/www.radiopiu.net\/wordpress\/rassegna-stampa-di-gianni-santomaso\/embed\/#?secret=unywqC9mV7\" data-secret=\"unywqC9mV7\" width=\"600\" height=\"338\" frameborder=\"0\" marginwidth=\"0\" marginheight=\"0\" scrolling=\"no\"><\/iframe><\/p>\n<div class=\"b654a4as d2edcug0\"><\/div>\n<\/div>\n<p>&nbsp;<\/p>\n<hr \/>\n<p>&nbsp;<\/p>\n<div dir=\"auto\">\n<blockquote>\n<h3 class=\"kvgmc6g5 cxmmr5t8 oygrvhab hcukyx3x c1et5uql\"><\/h3>\n<\/blockquote>\n<h2>007 IN CONDOTTA CON LA PROF. MARIA ROSA SALMAZO<\/h2>\n<h3>LA RACCOLTA COMPLETA<\/h3>\n<\/div>\n<div dir=\"auto\">\n<blockquote class=\"wp-embedded-content\" data-secret=\"vENVQgAeE7\"><p><a href=\"https:\/\/www.radiopiu.net\/wordpress\/007incondotta-9\/\">007 in condotta<\/a><\/p><\/blockquote>\n<p><iframe loading=\"lazy\" class=\"wp-embedded-content\" sandbox=\"allow-scripts\" security=\"restricted\" style=\"position: absolute; clip: rect(1px, 1px, 1px, 1px);\" title=\"&#8220;007 in condotta&#8221; &#8212; Radio Pi\u00f9\" src=\"https:\/\/www.radiopiu.net\/wordpress\/007incondotta-9\/embed\/#?secret=vENVQgAeE7\" data-secret=\"vENVQgAeE7\" width=\"600\" height=\"338\" frameborder=\"0\" marginwidth=\"0\" marginheight=\"0\" scrolling=\"no\"><\/iframe><\/p>\n<p>&nbsp;<\/p>\n<h1><\/h1>\n<\/div>\n<hr \/>\n<p>&nbsp;<\/p>\n<p>&nbsp;<\/p>\n<div dir=\"auto\">\n<blockquote>\n<h3>SALUTE E SOCIETA&#8217; IL LUNEDI ALLE 13.10 E ALLE 20.10, LA DOMENICA ALLE 10.30 A CURA DEL DOTTOR MARCO CARACCIOLO. QUINTA STAGIONE<\/h3>\n<\/blockquote>\n<p><strong><img loading=\"lazy\" decoding=\"async\" class=\"alignleft\" src=\"https:\/\/www.radiopiu.net\/wordpress\/wp-content\/uploads\/2021\/06\/1b50a449-5422-150a-79c9-d820371a086f.png\" width=\"235\" height=\"132\" \/>LA PUNTATA DELLA SETTIMANA del 7 GIUGNO<\/strong><\/p>\n<p>Dal congresso annuale dell\u2019ASCO, American Society of Clinical Oncology, una buona notizia per il trattamento del tumore della prostata metastatico e resistente alla castrazione. La terapia nota con la sigla 177Lu-PSMA-617, basata su un nuovo radiofarmaco, quando aggiunta al trattamento standard permette di migliorare in modo significativo la sopravvivenza globale.<\/p>\n<p>Danilo Magliano ne ha parlato con Giuseppe Procopio, Responsabile Oncologia Medica genitourinaria, Fondazione IRCCS Istituto Nazionale dei Tumori di Milano<\/p>\n<audio class=\"wp-audio-shortcode\" id=\"audio-217003-9\" preload=\"none\" style=\"width: 100%;\" controls=\"controls\"><source type=\"audio\/mpeg\" src=\"https:\/\/www.radiopiu.net\/wordpress\/wp-content\/uploads\/2021\/06\/SALUTE-1.mp3?_=9\" \/><a href=\"https:\/\/www.radiopiu.net\/wordpress\/wp-content\/uploads\/2021\/06\/SALUTE-1.mp3\">https:\/\/www.radiopiu.net\/wordpress\/wp-content\/uploads\/2021\/06\/SALUTE-1.mp3<\/a><\/audio>\n<p>&nbsp;<\/p>\n<blockquote class=\"wp-embedded-content\" data-secret=\"68wIwRAh2g\"><p><a href=\"https:\/\/www.radiopiu.net\/wordpress\/saluteesocieta\/\">Salute e Societ\u00e0<\/a><\/p><\/blockquote>\n<p><iframe loading=\"lazy\" class=\"wp-embedded-content\" sandbox=\"allow-scripts\" security=\"restricted\" style=\"position: absolute; clip: rect(1px, 1px, 1px, 1px);\" title=\"&#8220;Salute e Societ\u00e0&#8221; &#8212; Radio Pi\u00f9\" src=\"https:\/\/www.radiopiu.net\/wordpress\/saluteesocieta\/embed\/#?secret=68wIwRAh2g\" data-secret=\"68wIwRAh2g\" width=\"600\" height=\"338\" frameborder=\"0\" marginwidth=\"0\" marginheight=\"0\" scrolling=\"no\"><\/iframe><\/p>\n<\/div>\n<div dir=\"auto\">\n<h1><\/h1>\n<\/div>\n<p>&nbsp;<\/p>\n<h1><\/h1>\n<div>\n<div class=\"page-title-head hgroup\">\n<div class=\"page-title-head hgroup\">\n<div class=\"page-title-head hgroup\">\n<div>\n<div class=\"b654a4as d2edcug0\">\n<div class=\"rq0escxv hkbzh7o3 jwdofwj8 n8tt0mok r8blr3vg hyh9befq\">\n<hr \/>\n<\/div>\n<\/div>\n<\/div>\n<div>\n<div class=\"page-title-head hgroup\">\n<div class=\"page-title-head hgroup\">\n<div>\n<div class=\"b654a4as d2edcug0\">\n<p>&nbsp;<\/p>\n<blockquote>\n<h3><img loading=\"lazy\" decoding=\"async\" class=\"alignleft\" src=\"https:\/\/www.radiopiu.net\/wordpress\/wp-content\/uploads\/2021\/06\/fresh-flower-leaves-saffron-white-background-place-your-text-use-saffron-spice-cooking-cosmetology_347372-394.jpeg\" width=\"141\" height=\"94\" \/>L&#8217;ALMANACCO LADINO CON L&#8217;ISTITUT CESA DE JAN QUINDICINALE APPUNTAMENTO. LA DOMENICA ALLE 9 IL LUNEDI ALLE 8.35 IL MARTEDI ALLE 12.35 IL MERCOLEDI ALLE 18.35. SECONDA STAGIONE.<\/h3>\n<\/blockquote>\n<p><strong>RACCOLTA COMPLETA\u00a0<\/strong><\/p>\n<blockquote class=\"wp-embedded-content\" data-secret=\"IanMI4ms5F\"><p><a href=\"https:\/\/www.radiopiu.net\/wordpress\/almanacco-ladino\/\">Almanacco Ladino<\/a><\/p><\/blockquote>\n<p><iframe loading=\"lazy\" class=\"wp-embedded-content\" sandbox=\"allow-scripts\" security=\"restricted\" style=\"position: absolute; clip: rect(1px, 1px, 1px, 1px);\" title=\"&#8220;Almanacco Ladino&#8221; &#8212; Radio Pi\u00f9\" src=\"https:\/\/www.radiopiu.net\/wordpress\/almanacco-ladino\/embed\/#?secret=IanMI4ms5F\" data-secret=\"IanMI4ms5F\" width=\"600\" height=\"338\" frameborder=\"0\" marginwidth=\"0\" marginheight=\"0\" scrolling=\"no\"><\/iframe><\/p>\n<div dir=\"auto\"><\/div>\n<\/div>\n<div>\n<p>&nbsp;<\/p>\n<hr \/>\n<h2><span style=\"color: #808000;\">\u00a0<\/span><\/h2>\n<h2><span style=\"color: #808000;\">DUE MINUTI UN LIBRO\u00a0 TUTTI I GIORNI ALLA RADIO ALLE 9.30 E ALLE 18. QUINTA STAGIONE\u00a0 \u00a0 \u00a0\u00a0<\/span><\/h2>\n<blockquote class=\"wp-embedded-content\" data-secret=\"lXfdByK11V\"><p><a href=\"https:\/\/www.radiopiu.net\/wordpress\/dominio\/\">DOMINIO<\/a><\/p><\/blockquote>\n<p><iframe loading=\"lazy\" class=\"wp-embedded-content\" sandbox=\"allow-scripts\" security=\"restricted\" style=\"position: absolute; clip: rect(1px, 1px, 1px, 1px);\" title=\"&#8220;DOMINIO&#8221; &#8212; Radio Pi\u00f9\" src=\"https:\/\/www.radiopiu.net\/wordpress\/dominio\/embed\/#?secret=lXfdByK11V\" data-secret=\"lXfdByK11V\" width=\"600\" height=\"338\" frameborder=\"0\" marginwidth=\"0\" marginheight=\"0\" scrolling=\"no\"><\/iframe><\/p>\n<p>&nbsp;<\/p>\n<blockquote class=\"wp-embedded-content\" data-secret=\"At48i58NSx\"><p><a href=\"https:\/\/www.radiopiu.net\/wordpress\/due-minuti-un-libro\/\">Due minuti un libro<\/a><\/p><\/blockquote>\n<p><iframe loading=\"lazy\" class=\"wp-embedded-content\" sandbox=\"allow-scripts\" security=\"restricted\" style=\"position: absolute; clip: rect(1px, 1px, 1px, 1px);\" title=\"&#8220;Due minuti un libro&#8221; &#8212; Radio Pi\u00f9\" src=\"https:\/\/www.radiopiu.net\/wordpress\/due-minuti-un-libro\/embed\/#?secret=At48i58NSx\" data-secret=\"At48i58NSx\" width=\"600\" height=\"338\" frameborder=\"0\" marginwidth=\"0\" marginheight=\"0\" scrolling=\"no\"><\/iframe><\/p>\n<p>&nbsp;<\/p>\n<p>&nbsp;<\/p>\n<hr \/>\n<p>\u200b<\/p>\n<div>\n<h2><span style=\"color: #33cccc;\">I RACCONTI DI PAOLO SOPPELSA il lunedi alle 9.30 e 18.30<\/span><\/h2>\n<p><span style=\"color: #0000ff;\">INFORMAZIONE il canale su TELEGRAM informazione di prima mano e in tempo reale. iscriviti ed aiutaci a farlo conoscere\u00a0<\/span><\/p>\n<blockquote class=\"wp-embedded-content\" data-secret=\"ABu58dc2Dx\"><p><a href=\"https:\/\/www.radiopiu.net\/wordpress\/i-racconti-di-paolo-soppelsa-settantanovesima-puntata\/\">I RACCONTI DI PAOLO SOPPELSA SETTANTANOVESIMA PUNTATA<\/a><\/p><\/blockquote>\n<p><iframe loading=\"lazy\" class=\"wp-embedded-content\" sandbox=\"allow-scripts\" security=\"restricted\" style=\"position: absolute; clip: rect(1px, 1px, 1px, 1px);\" title=\"&#8220;I RACCONTI DI PAOLO SOPPELSA SETTANTANOVESIMA PUNTATA&#8221; &#8212; Radio Pi\u00f9\" src=\"https:\/\/www.radiopiu.net\/wordpress\/i-racconti-di-paolo-soppelsa-settantanovesima-puntata\/embed\/#?secret=ABu58dc2Dx\" data-secret=\"ABu58dc2Dx\" width=\"600\" height=\"338\" frameborder=\"0\" marginwidth=\"0\" marginheight=\"0\" scrolling=\"no\"><\/iframe><\/p>\n<p>&nbsp;<\/p>\n<blockquote class=\"wp-embedded-content\" data-secret=\"QHCfFfqMwc\"><p><a href=\"https:\/\/www.radiopiu.net\/wordpress\/i-racconti-di-paolo-soppelsa\/\">I racconti di Paolo Soppelsa<\/a><\/p><\/blockquote>\n<p><iframe loading=\"lazy\" class=\"wp-embedded-content\" sandbox=\"allow-scripts\" security=\"restricted\" style=\"position: absolute; clip: rect(1px, 1px, 1px, 1px);\" title=\"&#8220;I racconti di Paolo Soppelsa&#8221; &#8212; Radio Pi\u00f9\" src=\"https:\/\/www.radiopiu.net\/wordpress\/i-racconti-di-paolo-soppelsa\/embed\/#?secret=QHCfFfqMwc\" data-secret=\"QHCfFfqMwc\" width=\"600\" height=\"338\" frameborder=\"0\" marginwidth=\"0\" marginheight=\"0\" scrolling=\"no\"><\/iframe><\/p>\n<p>&nbsp;<\/p>\n<\/div>\n<\/div>\n<hr \/>\n<p>&nbsp;<\/p>\n<h2><strong><span style=\"color: #ff0000;\">ALLA RADIO<\/span><\/strong><\/h2>\n<div data-offset-key=\"5n5nl-0-0\">\n<h3>Per ricevere gli aggiornamenti in tempo reale delle notizie pubblicate alla radio e sul sito di radio pi\u00f9 iscriviti al gruppo RADIO PIU INFORMAZIONE su Telegram.\u00a0\u00a0<a href=\"https:\/\/t.me\/radiopiu\">clicca qui<\/a><\/h3>\n<p>&nbsp;<\/p>\n<\/div>\n<blockquote><p><strong><a href=\"https:\/\/www.radiopiu.net\/wordpress\/cassa-solidarieta-luxottica-puntata-del-19-giugno-2020\/cslxo-2\/\" rel=\"attachment wp-att-145244\"><img loading=\"lazy\" decoding=\"async\" class=\"size-medium wp-image-145244 alignleft\" src=\"https:\/\/www.radiopiu.net\/wordpress\/wp-content\/uploads\/2020\/06\/cassa-solidarieta-luxottica-300x148.jpg\" alt=\"\" width=\"300\" height=\"148\" srcset=\"https:\/\/www.radiopiu.net\/wordpress\/wp-content\/uploads\/2020\/06\/cassa-solidarieta-luxottica-300x148.jpg 300w, https:\/\/www.radiopiu.net\/wordpress\/wp-content\/uploads\/2020\/06\/cassa-solidarieta-luxottica-1024x504.jpg 1024w, https:\/\/www.radiopiu.net\/wordpress\/wp-content\/uploads\/2020\/06\/cassa-solidarieta-luxottica-768x378.jpg 768w, https:\/\/www.radiopiu.net\/wordpress\/wp-content\/uploads\/2020\/06\/cassa-solidarieta-luxottica.jpg 1167w\" sizes=\"auto, (max-width: 300px) 100vw, 300px\" \/><\/a>di Claudio Fontanive<\/strong><\/p>\n<p>OSPITI: Paolo Chissal\u00e8 e Fabrizio Campedel<\/p>\n<p>&nbsp;<\/p>\n<p><strong>PUNTATA MAGGIO 2021<\/strong><\/p>\n<audio class=\"wp-audio-shortcode\" id=\"audio-217003-10\" preload=\"none\" style=\"width: 100%;\" controls=\"controls\"><source type=\"audio\/mpeg\" src=\"https:\/\/www.radiopiu.net\/wordpress\/wp-content\/uploads\/2021\/05\/ca-sol-lux-maggio-2021.mp3?_=10\" \/><a href=\"https:\/\/www.radiopiu.net\/wordpress\/wp-content\/uploads\/2021\/05\/ca-sol-lux-maggio-2021.mp3\">https:\/\/www.radiopiu.net\/wordpress\/wp-content\/uploads\/2021\/05\/ca-sol-lux-maggio-2021.mp3<\/a><\/audio>\n<h2>RACCOLTA COMPLETA<\/h2>\n<\/blockquote>\n<blockquote class=\"wp-embedded-content\" data-secret=\"xPCcq3hYAJ\"><p><a href=\"https:\/\/www.radiopiu.net\/wordpress\/cassa-solidarieta-luxottica-puntata-del-16-ottobre-2020\/\">CASSA SOLIDARIET\u00c0 LUXOTTICA &#8211; TUTTE LE PUNTATE<\/a><\/p><\/blockquote>\n<p><iframe loading=\"lazy\" class=\"wp-embedded-content\" sandbox=\"allow-scripts\" security=\"restricted\" style=\"position: absolute; clip: rect(1px, 1px, 1px, 1px);\" title=\"&#8220;CASSA SOLIDARIET\u00c0 LUXOTTICA &#8211; TUTTE LE PUNTATE&#8221; &#8212; Radio Pi\u00f9\" src=\"https:\/\/www.radiopiu.net\/wordpress\/cassa-solidarieta-luxottica-puntata-del-16-ottobre-2020\/embed\/#?secret=xPCcq3hYAJ\" data-secret=\"xPCcq3hYAJ\" width=\"600\" height=\"338\" frameborder=\"0\" marginwidth=\"0\" marginheight=\"0\" scrolling=\"no\"><\/iframe><\/p>\n<div>\n<p>&nbsp;<\/p>\n<h2><\/h2>\n<hr \/>\n<p><strong><span style=\"color: #ff0000;\">\u00a0<\/span><\/strong><\/p>\n<h2><strong><span style=\"color: #ff0000;\">QUINDICINALE APPUNTAMENTO ALLA RADIO<\/span><\/strong><\/h2>\n<blockquote>\n<h3><a style=\"font-size: 14px; font-weight: normal;\" href=\"https:\/\/www.radiopiu.net\/wordpress\/giornale-radiopiu-06-febbraio-2019-direttore-mirko-mezzacasa\/logo_spi-cgil-800x445\/\" rel=\"attachment wp-att-75538\"><img loading=\"lazy\" decoding=\"async\" class=\"wp-image-75538 alignleft\" src=\"https:\/\/www.radiopiu.net\/wordpress\/wp-content\/uploads\/2019\/02\/Logo_Spi-CGIL-800x445-300x167.jpg\" alt=\"\" width=\"210\" height=\"117\" srcset=\"https:\/\/www.radiopiu.net\/wordpress\/wp-content\/uploads\/2019\/02\/Logo_Spi-CGIL-800x445-300x167.jpg 300w, https:\/\/www.radiopiu.net\/wordpress\/wp-content\/uploads\/2019\/02\/Logo_Spi-CGIL-800x445-768x427.jpg 768w, https:\/\/www.radiopiu.net\/wordpress\/wp-content\/uploads\/2019\/02\/Logo_Spi-CGIL-800x445.jpg 800w\" sizes=\"auto, (max-width: 210px) 100vw, 210px\" \/><\/a><\/h3>\n<\/blockquote>\n<blockquote>\n<h3>ALLA RADIO, APPUNTAMENTO QUINDICINALE CON SPI-CGIL BELLUNO, IN STUDIO MARIA RITA GENTILIN<\/h3>\n<\/blockquote>\n<p><strong>di Claudio Fontanive\u00a0<\/strong><\/p>\n<p><span style=\"color: #ff0000;\"><strong>PUNTATA DEL 10 GIUGNO 2021<br \/>\n<\/strong><\/span><\/p>\n<audio class=\"wp-audio-shortcode\" id=\"audio-217003-11\" preload=\"none\" style=\"width: 100%;\" controls=\"controls\"><source type=\"audio\/mpeg\" src=\"https:\/\/www.radiopiu.net\/wordpress\/wp-content\/uploads\/2021\/06\/spi-cgil-10-giugno.mp3?_=11\" \/><a href=\"https:\/\/www.radiopiu.net\/wordpress\/wp-content\/uploads\/2021\/06\/spi-cgil-10-giugno.mp3\">https:\/\/www.radiopiu.net\/wordpress\/wp-content\/uploads\/2021\/06\/spi-cgil-10-giugno.mp3<\/a><\/audio>\n<\/div>\n<p>&nbsp;<\/p>\n<hr \/>\n<\/div>\n<blockquote>\n<blockquote>\n<h2><a href=\"https:\/\/www.radiopiu.net\/wordpress\/speciale-solidarieta-veneto\/solidarieta-veneto-3\/\" rel=\"attachment wp-att-134366\">\u00a0<\/a><\/h2>\n<h2><a href=\"https:\/\/www.radiopiu.net\/wordpress\/speciale-solidarieta-veneto\/solidarieta-veneto-3\/\" rel=\"attachment wp-att-134366\"><img loading=\"lazy\" decoding=\"async\" class=\"wp-image-134366 alignleft\" src=\"https:\/\/www.radiopiu.net\/wordpress\/wp-content\/uploads\/2020\/05\/solidariet\u00e0-veneto-300x210.jpg\" alt=\"\" width=\"102\" height=\"71\" srcset=\"https:\/\/www.radiopiu.net\/wordpress\/wp-content\/uploads\/2020\/05\/solidariet\u00e0-veneto-300x210.jpg 300w, https:\/\/www.radiopiu.net\/wordpress\/wp-content\/uploads\/2020\/05\/solidariet\u00e0-veneto-1024x717.jpg 1024w, https:\/\/www.radiopiu.net\/wordpress\/wp-content\/uploads\/2020\/05\/solidariet\u00e0-veneto-768x538.jpg 768w, https:\/\/www.radiopiu.net\/wordpress\/wp-content\/uploads\/2020\/05\/solidariet\u00e0-veneto.jpg 1373w\" sizes=\"auto, (max-width: 102px) 100vw, 102px\" \/><\/a>SOLIDARIETA&#8217; VENETO FONDO PENSIONE, IN ONDA IL PRIMO VENERDI DEL MESE ALLE 10.30 E ALLE 19.00 QUINTA STAGIONE<\/h2>\n<\/blockquote>\n<h2><strong><span style=\"color: #ff0000;\">AUDIO MAGGIO 2021<\/span><\/strong><\/h2>\n<\/blockquote>\n<div>\n<audio class=\"wp-audio-shortcode\" id=\"audio-217003-12\" preload=\"none\" style=\"width: 100%;\" controls=\"controls\"><source type=\"audio\/mpeg\" src=\"https:\/\/www.radiopiu.net\/wordpress\/wp-content\/uploads\/2021\/05\/solidarieta-veneto-maggio-2021.mp3?_=12\" \/><a href=\"https:\/\/www.radiopiu.net\/wordpress\/wp-content\/uploads\/2021\/05\/solidarieta-veneto-maggio-2021.mp3\">https:\/\/www.radiopiu.net\/wordpress\/wp-content\/uploads\/2021\/05\/solidarieta-veneto-maggio-2021.mp3<\/a><\/audio>\n<\/div>\n<h2>LA RACCOLTA COMPLETA<\/h2>\n<blockquote class=\"wp-embedded-content\" data-secret=\"IQckbnnmZF\"><p><a href=\"https:\/\/www.radiopiu.net\/wordpress\/solidarieta-veneto\/\">Solidariet\u00e0 Veneto<\/a><\/p><\/blockquote>\n<p><iframe loading=\"lazy\" class=\"wp-embedded-content\" sandbox=\"allow-scripts\" security=\"restricted\" style=\"position: absolute; clip: rect(1px, 1px, 1px, 1px);\" title=\"&#8220;Solidariet\u00e0 Veneto&#8221; &#8212; Radio Pi\u00f9\" src=\"https:\/\/www.radiopiu.net\/wordpress\/solidarieta-veneto\/embed\/#?secret=IQckbnnmZF\" data-secret=\"IQckbnnmZF\" width=\"600\" height=\"338\" frameborder=\"0\" marginwidth=\"0\" marginheight=\"0\" scrolling=\"no\"><\/iframe><\/p>\n<blockquote>\n<h2><\/h2>\n<h2><\/h2>\n<\/blockquote>\n<div>\n<hr \/>\n<\/div>\n<div class=\"page-title-head hgroup\">\n<div>\n<p>&nbsp;<\/p>\n<h2><span style=\"color: #ff0000;\">MUSLA, CON LA NUOVA GENERAZIONE LINGUE, USI, COSTUMI , raccolta completa<\/span><\/h2>\n<blockquote class=\"wp-embedded-content\" data-secret=\"D2GDeAJrXg\"><p><a href=\"https:\/\/www.radiopiu.net\/wordpress\/agora-agordina-la-nosta-piaza\/\">AGORA&#8217; AGORDINA&#8230; LA NOSTA PIAZA LADINA RACCOLTA COMPLETA PRIMA STAGIONE<\/a><\/p><\/blockquote>\n<p><iframe loading=\"lazy\" class=\"wp-embedded-content\" sandbox=\"allow-scripts\" security=\"restricted\" style=\"position: absolute; clip: rect(1px, 1px, 1px, 1px);\" title=\"&#8220;AGORA&#8217; AGORDINA&#8230; LA NOSTA PIAZA LADINA RACCOLTA COMPLETA PRIMA STAGIONE&#8221; &#8212; Radio Pi\u00f9\" src=\"https:\/\/www.radiopiu.net\/wordpress\/agora-agordina-la-nosta-piaza\/embed\/#?secret=D2GDeAJrXg\" data-secret=\"D2GDeAJrXg\" width=\"600\" height=\"338\" frameborder=\"0\" marginwidth=\"0\" marginheight=\"0\" scrolling=\"no\"><\/iframe><\/p>\n<p>&nbsp;<\/p>\n<div class=\"b654a4as d2edcug0\">\n<div dir=\"auto\">\n<h1><\/h1>\n<hr \/>\n<p>&nbsp;<\/p>\n<div>\n<h2><span style=\"color: #ff0000;\">LEGGERMENTE BELLUNESI CON LUISA ALCHINI la raccolta completa<\/span><\/h2>\n<\/div>\n<div>\n<blockquote class=\"wp-embedded-content\" data-secret=\"Ed2GFMxuQf\"><p><a href=\"https:\/\/www.radiopiu.net\/wordpress\/leggermente-20\/\">LEGGERmente&#8230;Bellunesi<\/a><\/p><\/blockquote>\n<p><iframe loading=\"lazy\" class=\"wp-embedded-content\" sandbox=\"allow-scripts\" security=\"restricted\" style=\"position: absolute; clip: rect(1px, 1px, 1px, 1px);\" title=\"&#8220;LEGGERmente&#8230;Bellunesi&#8221; &#8212; Radio Pi\u00f9\" src=\"https:\/\/www.radiopiu.net\/wordpress\/leggermente-20\/embed\/#?secret=Ed2GFMxuQf\" data-secret=\"Ed2GFMxuQf\" width=\"600\" height=\"338\" frameborder=\"0\" marginwidth=\"0\" marginheight=\"0\" scrolling=\"no\"><\/iframe><\/p>\n<\/div>\n<\/div>\n<p>&nbsp;<\/p>\n<hr \/>\n<p>&nbsp;<\/p>\n<h2><span style=\"color: #ff0000;\">GOCCE DI FILOSOFIA, CON CHIARA CAU, CON LISA DE LUCA la raccolta completa<\/span><\/h2>\n<blockquote class=\"wp-embedded-content\" data-secret=\"HUfRzSojO1\"><p><a href=\"https:\/\/www.radiopiu.net\/wordpress\/gocce-filosofia\/\">Gocce di filosofia<\/a><\/p><\/blockquote>\n<p><iframe loading=\"lazy\" class=\"wp-embedded-content\" sandbox=\"allow-scripts\" security=\"restricted\" style=\"position: absolute; clip: rect(1px, 1px, 1px, 1px);\" title=\"&#8220;Gocce di filosofia&#8221; &#8212; Radio Pi\u00f9\" src=\"https:\/\/www.radiopiu.net\/wordpress\/gocce-filosofia\/embed\/#?secret=HUfRzSojO1\" data-secret=\"HUfRzSojO1\" width=\"600\" height=\"338\" frameborder=\"0\" marginwidth=\"0\" marginheight=\"0\" scrolling=\"no\"><\/iframe><\/p>\n<p>&nbsp;<\/p>\n<p>&nbsp;<\/p>\n<hr \/>\n<\/div>\n<\/div>\n<p>&nbsp;<\/p>\n<p><a href=\"https:\/\/www.radiopiu.net\/wordpress\/giornale-radiopiu-26-settembre-2018-direttore-mirko-mezzacasa\/viabilita-2\/\" rel=\"attachment wp-att-61954\"><img loading=\"lazy\" decoding=\"async\" class=\"wp-image-61954 size-full aligncenter\" src=\"https:\/\/www.radiopiu.net\/wordpress\/wp-content\/uploads\/2018\/09\/viabilita.jpeg\" alt=\"\" width=\"800\" height=\"100\" srcset=\"https:\/\/www.radiopiu.net\/wordpress\/wp-content\/uploads\/2018\/09\/viabilita.jpeg 800w, https:\/\/www.radiopiu.net\/wordpress\/wp-content\/uploads\/2018\/09\/viabilita-300x38.jpeg 300w, https:\/\/www.radiopiu.net\/wordpress\/wp-content\/uploads\/2018\/09\/viabilita-768x96.jpeg 768w\" sizes=\"auto, (max-width: 800px) 100vw, 800px\" \/><\/a><\/p>\n<blockquote><p>&nbsp;<\/p><\/blockquote>\n<\/div>\n<\/div>\n<\/div>\n<\/div>\n<\/div>\n<\/div>\n<\/div>\n<\/div>\n<div><\/div>\n<div>\n<div>\n<div>\n<div>\n<div class=\"page-title-head hgroup\">\n<div class=\"page-title-head hgroup\">\n<div class=\"page-title-head hgroup\">\n<div>\n<div>\n<div class=\"page-title-head hgroup\">\n<div class=\"page-title-head hgroup\">\n<div class=\"page-title-head hgroup\">\n<blockquote><p><a href=\"https:\/\/www.radiopiu.net\/wordpress\/giornale-radiopiu-09-agosto-2018-direttore-mirko-mezzacasa\/viabilia\/\" rel=\"attachment wp-att-57053\"><img loading=\"lazy\" decoding=\"async\" class=\" wp-image-57053 alignleft\" src=\"https:\/\/www.radiopiu.net\/wordpress\/wp-content\/uploads\/2018\/08\/VIABILIA-300x180.jpeg\" alt=\"\" width=\"220\" height=\"132\" srcset=\"https:\/\/www.radiopiu.net\/wordpress\/wp-content\/uploads\/2018\/08\/VIABILIA-300x180.jpeg 300w, https:\/\/www.radiopiu.net\/wordpress\/wp-content\/uploads\/2018\/08\/VIABILIA-768x461.jpeg 768w, https:\/\/www.radiopiu.net\/wordpress\/wp-content\/uploads\/2018\/08\/VIABILIA-1024x614.jpeg 1024w, https:\/\/www.radiopiu.net\/wordpress\/wp-content\/uploads\/2018\/08\/VIABILIA.jpeg 1280w\" sizes=\"auto, (max-width: 220px) 100vw, 220px\" \/><\/a>La viabilit\u00e0 con gli ultimi aggiornamenti<\/p><\/blockquote>\n<\/div>\n<\/div>\n<\/div>\n<\/div>\n<\/div>\n<\/div>\n<\/div>\n<\/div>\n<\/div>\n<\/div>\n<\/div>\n<div><\/div>\n<div><\/div>\n<div>\n<div>\n<div class=\"page-title-head hgroup\">\n<p>&nbsp;<\/p>\n<audio class=\"wp-audio-shortcode\" id=\"audio-217003-13\" preload=\"none\" style=\"width: 100%;\" controls=\"controls\"><source type=\"audio\/mpeg\" src=\"https:\/\/www.radiopiu.net\/wordpress\/wp-content\/uploads\/2021\/06\/VIABILITA-7.mp3?_=13\" \/><a href=\"https:\/\/www.radiopiu.net\/wordpress\/wp-content\/uploads\/2021\/06\/VIABILITA-7.mp3\">https:\/\/www.radiopiu.net\/wordpress\/wp-content\/uploads\/2021\/06\/VIABILITA-7.mp3<\/a><\/audio>\n<p>&nbsp;<\/p>\n<hr \/>\n<p>&nbsp;<\/p>\n<\/div>\n<\/div>\n<\/div>\n<\/div>\n<div>\n<div class=\"page-title-head hgroup\">\n<div class=\"page-title-head hgroup\">\n<div dir=\"auto\">\n<p><a class=\"dt-pswp-item pspw-wrap-ready\" href=\"https:\/\/i0.wp.com\/www.radiopiu.net\/wordpress\/wp-content\/uploads\/2018\/09\/WhatsApp-Image-2018-09-20-at-16.04.06.jpeg?ssl=1\" data-dt-img-description=\"\" data-large_image_width=\"800\" data-large_image_height=\"100\"><img loading=\"lazy\" decoding=\"async\" class=\"aligncenter wp-image-61378 size-full jetpack-lazy-image jetpack-lazy-image--handled\" src=\"https:\/\/i0.wp.com\/www.radiopiu.net\/wordpress\/wp-content\/uploads\/2018\/09\/WhatsApp-Image-2018-09-20-at-16.04.06.jpeg?resize=800%2C100&amp;ssl=1\" sizes=\"auto, (max-width: 800px) 100vw, 800px\" srcset=\"https:\/\/i0.wp.com\/www.radiopiu.net\/wordpress\/wp-content\/uploads\/2018\/09\/WhatsApp-Image-2018-09-20-at-16.04.06.jpeg?w=800&amp;ssl=1 800w, https:\/\/i0.wp.com\/www.radiopiu.net\/wordpress\/wp-content\/uploads\/2018\/09\/WhatsApp-Image-2018-09-20-at-16.04.06.jpeg?resize=300%2C38&amp;ssl=1 300w, https:\/\/i0.wp.com\/www.radiopiu.net\/wordpress\/wp-content\/uploads\/2018\/09\/WhatsApp-Image-2018-09-20-at-16.04.06.jpeg?resize=768%2C96&amp;ssl=1 768w\" alt=\"\" width=\"800\" height=\"100\" data-lazy-loaded=\"1\" \/><\/a><\/p>\n<div><\/div>\n<div><center><b>Domenica 20<\/b><\/center><b>Tempo atteso:\u00a0<\/b>Al mattino sole prevalente, a tratti velato da sottili nubi alte. dalla tarda mattinata, attivit\u00e0 cumuliforme importante, pi\u00f9 presente sulle Dolomiti rispetto alle Prealpi, con i primi temporali nel pomeriggio a partire dalle Dolomiti. Temporanea attenuazione dei fenomeni verso sera con qualche eventuale parziale schiarita, poi nuova intensificazione della nuvolosit\u00e0 e aumento del rischio di temporali ovunque. Di giorno far\u00e0 leggermente pi\u00f9 caldo rispetto a sabato, anche un po&#8217; afoso nei fondovalle.<br \/>\n<b>Precipitazioni:\u00a0<\/b>Assenti (0) al mattino, aumento della probabilit\u00e0 fino a medio-alta (50\/75%) nella seconda parte della giornata a partire dalle Dolomiti poi alle Prealpi, pi\u00f9 probabili a ridosso del Trentino e dell&#8217;Alto Adige. Alla sera nuovo aumento del rischio temporali, i quali potrebbero estendersi alle Prealpi e alla pedemontana; i fenomeni saranno sparsi o diffusi, a carattere di rovescio o temporale e non si esclude qualche locale fenomeno di forte intensit\u00e0.<br \/>\n<b>Temperature:\u00a0<\/b>Stazionarie o in ulteriore lieve aumento con punte di 31\/33\u00b0C nei fondovalle prealpini e di 27\/30\u00b0C a 800\/1200 m. Su Prealpi a 1500 m min 16\u00b0C max 22\u00b0C, a 2000 m min 14\u00b0C max 19\u00b0C. Su Dolomiti a 2000 m min 13\u00b0C max 20\u00b0C, a 3000 m min 7\u00b0C max 10\u00b0C.<br \/>\n<b>Venti:\u00a0<\/b>Nelle valli deboli per brezze, localmente e a tratti moderati nei settori solitamente pi\u00f9 ventilati; in quota al mattino moderati in rinforzo fino a tesi al pomeriggio, anche forti alla sera sulle cime pi\u00f9 alte in prevalenza da sud-ovest, a 10-20 km\/h a 2000 m e 25-50 km\/h a 3000 m.<\/p>\n<hr \/>\n<p><center><b>Lunedi 21<\/b><\/center><b>Tempo atteso:\u00a0<\/b>Tempo ben soleggiato specie al mattino con cielo sereno o poco nuvoloso; dalle ore centrale lieve attivit\u00e0 cumuliforme con formazione di modesti cumuli nelle ore pi\u00f9 calde. Temperature minime stazionarie e massime in lieve o contenuto calo.<br \/>\n<b>Precipitazioni:\u00a0<\/b>Al mattino assenti, nel pomeriggio non si esclude qualche locale piovasco ((5-10%) specie sulle Dolomiti.<br \/>\n<b>Temperature:\u00a0<\/b>Minime stazionarie o in lieve calo, specie in quota, e raggiunte a fine giornata, massime in diminuzione. Su Prealpi a 1500 m min 14\u00b0C max 20\u00b0C, a 2000 m min 11\u00b0C max 17\u00b0C. Su Dolomiti a 2000 m min 11\u00b0C max 17\u00b0C, a 3000 m min 5\u00b0C max 9\u00b0C.<br \/>\n<b>Venti:\u00a0<\/b>Nelle valli deboli per brezze, localmente e a tratti moderati nei settori solitamente pi\u00f9 ventilati, in quota venti moderati\/tesi ancora da sud-ovest, a 10-20 km\/h a 2000 m e 25-50 km\/h a 3000 m.<\/p>\n<hr \/>\n<p><center><b>Martedi 22<\/b><\/center>Tempo ben soleggiato con cielo sereno al mattino e poco nuvoloso al pomeriggio per modesti cumuli di bel tempo, solo localmente di moderato sviluppo, specie in prossimit\u00e0 delle vette. Temperature pressoch\u00e9 stazionarie rispetto a luned\u00ec o in leggero calo le minime. Venti in quota deboli\/moderati da sud-ovest, nelle valli deboli per brezze, localmente a tratti moderati nei settori solitamente pi\u00f9 ventilati.<\/p>\n<hr \/>\n<p><center><b>Mercoledi 23<\/b><\/center>Tempo ancora ben soleggiato con cielo sereno al mattino e poco nuvoloso al pomeriggio per la formazione di modesti cumuli. Dal tardo pomeriggio possibile aumento della nuvolosit\u00e0 medio-alta, eventualmente associata a qualche precipitazione alla sera. Temperature in lieve calo specie le minime. Venti nelle valli deboli per brezze, localmente moderati; in quota ancora moderati o tesi da sud-ovest, in rinforzo nella notte. Previsore: M.Padoan<\/p>\n<\/div>\n<div><\/div>\n<\/div>\n<\/div>\n<\/div>\n<\/div>\n<div>\n<div><\/div>\n<hr \/>\n<\/div>\n<p><center><\/center>&nbsp;<\/p>\n<div dir=\"auto\"><\/div>\n<p>&nbsp;<\/p>\n<\/div>\n<\/div>\n<\/div>\n<\/div>\n<p>&nbsp;<\/p>\n<p>&nbsp;<\/p>\n<p>*****<\/p>\n","protected":false},"excerpt":{"rendered":"<p>PER\u00a0RICEVERE QUESTO NOTIZIARIO DIRETTAMENTE SUL TUO CELLULARE ISCRIVITI AL CANALE TELEGRAM\u00a0\u201cRADIO PIU\u00a0 INFORMAZIONE\u201d\u00a0 \u00a0 \u00a0 \u00a0\u00a0 &nbsp; &nbsp; \u00a0 DA MERCOLEDI CHIUDE LA 563 DI SALESEI (ROCCA PIETORE-DIGONERA) ROCCA PIETORE\u00a0 Dal 23 giugno a fino al 2 luglio (sabato e domenica escluso) lungo la 563 di Digonera sono previsti gli interventi di realizzazione delle opere&hellip;<\/p>\n","protected":false},"author":4,"featured_media":217054,"comment_status":"closed","ping_status":"open","sticky":false,"template":"","format":"standard","meta":{"_monsterinsights_skip_tracking":false,"_monsterinsights_sitenote_active":false,"_monsterinsights_sitenote_note":"","_monsterinsights_sitenote_category":0,"footnotes":""},"categories":[1,86,49],"tags":[],"class_list":["post-217003","post","type-post","status-publish","format-standard","has-post-thumbnail","hentry","category-senza-categoria","category-gr","category-news-18","category-1","category-86","category-49","description-off"],"img_url":"https:\/\/www.radiopiu.net\/wordpress\/wp-content\/uploads\/2021\/06\/Schermata-2021-06-19-alle-19.08.23.png","_links":{"self":[{"href":"https:\/\/www.radiopiu.net\/wordpress\/wp-json\/wp\/v2\/posts\/217003","targetHints":{"allow":["GET"]}}],"collection":[{"href":"https:\/\/www.radiopiu.net\/wordpress\/wp-json\/wp\/v2\/posts"}],"about":[{"href":"https:\/\/www.radiopiu.net\/wordpress\/wp-json\/wp\/v2\/types\/post"}],"author":[{"embeddable":true,"href":"https:\/\/www.radiopiu.net\/wordpress\/wp-json\/wp\/v2\/users\/4"}],"replies":[{"embeddable":true,"href":"https:\/\/www.radiopiu.net\/wordpress\/wp-json\/wp\/v2\/comments?post=217003"}],"version-history":[{"count":0,"href":"https:\/\/www.radiopiu.net\/wordpress\/wp-json\/wp\/v2\/posts\/217003\/revisions"}],"wp:featuredmedia":[{"embeddable":true,"href":"https:\/\/www.radiopiu.net\/wordpress\/wp-json\/wp\/v2\/media\/217054"}],"wp:attachment":[{"href":"https:\/\/www.radiopiu.net\/wordpress\/wp-json\/wp\/v2\/media?parent=217003"}],"wp:term":[{"taxonomy":"category","embeddable":true,"href":"https:\/\/www.radiopiu.net\/wordpress\/wp-json\/wp\/v2\/categories?post=217003"},{"taxonomy":"post_tag","embeddable":true,"href":"https:\/\/www.radiopiu.net\/wordpress\/wp-json\/wp\/v2\/tags?post=217003"}],"curies":[{"name":"wp","href":"https:\/\/api.w.org\/{rel}","templated":true}]}}