{"id":217011,"date":"2021-06-19T13:23:05","date_gmt":"2021-06-19T11:23:05","guid":{"rendered":"https:\/\/www.radiopiu.net\/wordpress\/?p=217011"},"modified":"2021-06-19T14:09:04","modified_gmt":"2021-06-19T12:09:04","slug":"dalla-bottega-scuola-al-maestro-artigiano-pubblicato-dalla-regione-lelenco-con-i-primi-49-maestri-artigiani-per-confartigianato-belluno-ce-antonio-da-ronch","status":"publish","type":"post","link":"https:\/\/www.radiopiu.net\/wordpress\/dalla-bottega-scuola-al-maestro-artigiano-pubblicato-dalla-regione-lelenco-con-i-primi-49-maestri-artigiani-per-confartigianato-belluno-ce-antonio-da-ronch\/","title":{"rendered":"DALLA BOTTEGA SCUOLA AL MAESTRO ARTIGIANO  PUBBLICATO DALLA REGIONE L\u2019ELENCO CON I PRIMI 49 MAESTRI ARTIGIANI: PER CONFARTIGIANATO BELLUNO C\u2019\u00c8 ANTONIO DA RONCH"},"content":{"rendered":"<p><span style=\"font-size: large;\"><a class=\"dt-pswp-item\" href=\"https:\/\/www.radiopiu.net\/wordpress\/wp-content\/uploads\/2021\/06\/Schermata-2021-06-19-alle-13.21.31.png\" data-dt-img-description=\"\" data-large_image_width=\"880\" data-large_image_height=\"1178\"><img loading=\"lazy\" decoding=\"async\" class=\"alignleft size-medium wp-image-217012\" src=\"https:\/\/www.radiopiu.net\/wordpress\/wp-content\/uploads\/2021\/06\/Schermata-2021-06-19-alle-13.21.31-224x300.png\" alt=\"\" width=\"224\" height=\"300\" srcset=\"https:\/\/www.radiopiu.net\/wordpress\/wp-content\/uploads\/2021\/06\/Schermata-2021-06-19-alle-13.21.31-224x300.png 224w, https:\/\/www.radiopiu.net\/wordpress\/wp-content\/uploads\/2021\/06\/Schermata-2021-06-19-alle-13.21.31-765x1024.png 765w, https:\/\/www.radiopiu.net\/wordpress\/wp-content\/uploads\/2021\/06\/Schermata-2021-06-19-alle-13.21.31-768x1028.png 768w, https:\/\/www.radiopiu.net\/wordpress\/wp-content\/uploads\/2021\/06\/Schermata-2021-06-19-alle-13.21.31.png 880w\" sizes=\"auto, (max-width: 224px) 100vw, 224px\" \/><\/a><\/span><\/p>\n<p class=\"p1\"><span class=\"s1\"><b>BELLUNO<\/b> Antonio Da Ronch, titolare della Adr Restauri di Feltre, \u00e8 il primo associato di Confartigianato Belluno a essere insignito della qualifica di maestro artigiano dalla Regione Veneto. La figura, introdotta dalla nuova legge regionale sull\u2019artigianato, \u00e8 stata resa operativa con la recente approvazione della modulistica (online sul sito della Regione Veneto) per la presentazione della domanda. Il primo elenco pubblicato sul sito della Regione Veneto conta 49 maestri e sono molti gli associati bellunesi che hanno presentato domanda, in attesa di risposta gi\u00e0 nelle prossime settimane.\u00a0 <\/span><span class=\"s1\">Adr Restauri \u00e8 una ditta che dal 2003 opera opera nel settore dei restauri, in particolare per i beni culturali, gli edifici di culto o vincolati. \u00abCi occupiamo di restaruo di dipinti murali e di intonaci &#8211; spiega il titolare, Antonio Da Ronch -. Operiamo soprattutto in palazzi storici, chiese e ville\u00bb. <\/span><span class=\"s1\">L\u2019impresa di Da Ronc ha al momento due dipendenti, ma si avvale dell\u2019appoggio di diversi collaboratori. Negli anni si \u00e8 occupata di diversi lavori importanti, tra cui il restauro del castello di Pergine, in Valsugana, e di una villa palladiana a Sarcedo (Vicenza). Nel Bellunese, Adr Restauri ha lavorato al Duomo di Feltre e a diverse chiese (Limana e Formegan, le ultime) e attualmente sta restaurando il palazzo dell\u2019Aci, in piazza dei Martiri a Belluno. <\/span><span class=\"s1\">\u00ab<em>La qualifica di maestro artigiano \u00e8 il coronamento di quello che abbiamo fatto finora &#8211; commenta Da Ronch -. \u00c8 il coronamento di tanti sacrifici e di tanto lavoro, e sono convinto che potr\u00e0 essere un valore aggiunto anche per la nostra attivit\u00e0<\/em>\u00bb. <\/span><span class=\"s1\">Il maestro artigiano, secondo la dicitura della legge regionale, \u00e8 \u00abcolui che, disponendo di un\u2019adeguata esperienza professionale, possiede le conoscenze e abilit\u00e0 imprenditoriali, pedagogico formative, teoriche e pratiche necessaria a svolgere compiti di responsabilit\u00e0 in un\u2019impresa, oppure a gestirla autonomamente, e un\u2019elevata attitudine alla trasmissione delle competenze\u00bb. \u00abUn concetto che \u00e8 sempre stato inscindibilmente legato a quello di relazione; una relazione che si sviluppava all\u2019interno di una bottega e che si basava sulla trasmissione delle competenze e dei mestieri &#8211; sottolinea la presidente di Confartigianato Belluno, Claudia Scarzanella -. Un paradigma che ha portato allo sviluppo delle citt\u00e0 e dell\u2019idea stessa di Europa. Un modello che oggi conosce una nuova attualit\u00e0: nella bottega artigiana cos\u00ec come nei laboratori delle imprese pi\u00f9 innovative la differenza la possono fare solo le persone, le competenze e le relazioni. Oggi la logica della grande fabbrica, dell\u2019azienda novecentesca e della divisione verticale del lavoro con netta separazione di ruoli e competenze \u00e8 in declino a favore di una logica pi\u00f9 simile a quella della bottega, sia per le dimensioni di tante micro imprese competitive a livello globale grazie alle nuove tecnologie sia per l\u2019organizzazione del lavoro non verticistica ma orientata alla logica della collaborazione e della relazione tra il \u201cMaestro\u201d e i suoi collaboratori. In questa cornice si inserisce la riflessione che abbiamo avviato con la Regione Veneto sul come valorizzare il ruolo e la valenza sociale del \u201cMaestro\u201d evitando che a questo corrisponda solo un \u201ctitolo onorifico\u201d\u00bb. <\/span><span class=\"s1\">Il titolo di maestro artigiano infatti non ha solo una valenza di prestigio, ma rappresenta lo strumento attraverso il quale far emergere sia le capacit\u00e0 tecnico professionali degli imprenditori artigiani sia quella di saper trasmettere, a dipendenti e collaboratori, quell\u2019elemento intangibile, il know-how che contraddistingue le imprese artigiane e determina il loro successo. La qualifica potr\u00e0 essere utilizzata, accanto al nome dell\u2019impresa, sull\u2019insegna e sul logo aziendale. \u00c8 previsto inoltre, l\u2019inserimento della figura del maestro artigiano in un elenco regionale dedicato, nonch\u00e9 l\u2019annotazione di questo prestigioso riconoscimento nell\u2019Albo delle imprese artigiane. <\/span><span class=\"s1\">\u00ab<em>Ci fa estremo piacere &#8211; conclude la presidente Scarzanella &#8211; che il nostro associato Antonio Da Ronch abbia coronato questo successo e speriamo sia il primo di una lunga serie. Come associazione siamo pronti a supportate tutti i nostri soci che lo vorranno, a predisporre correttamente la pratica e, quando a settembre sar\u00e0 possibile frequentare i corsi abilitanti, a promuovere l\u2019opportunit\u00e0 al fine di avere una platea sempre pi\u00f9 ampia di maestri<\/em>\u00bb.<\/span><\/p>\n<p><span style=\"font-size: large;\">\u00a0<\/span><\/p>\n<p>&nbsp;<\/p>\n<p>&nbsp;<\/p>\n<p>****<\/p>\n","protected":false},"excerpt":{"rendered":"<p>BELLUNO Antonio Da Ronch, titolare della Adr Restauri di Feltre, \u00e8 il primo associato di Confartigianato Belluno a essere insignito della qualifica di maestro artigiano dalla Regione Veneto. La figura, introdotta dalla nuova legge regionale sull\u2019artigianato, \u00e8 stata resa operativa con la recente approvazione della modulistica (online sul sito della Regione Veneto) per la presentazione&hellip;<\/p>\n","protected":false},"author":2,"featured_media":217013,"comment_status":"closed","ping_status":"open","sticky":false,"template":"","format":"standard","meta":{"_monsterinsights_skip_tracking":false,"_monsterinsights_sitenote_active":false,"_monsterinsights_sitenote_note":"","_monsterinsights_sitenote_category":0,"footnotes":""},"categories":[49],"tags":[],"class_list":["post-217011","post","type-post","status-publish","format-standard","has-post-thumbnail","hentry","category-news-18","category-49","description-off"],"img_url":"https:\/\/www.radiopiu.net\/wordpress\/wp-content\/uploads\/2021\/06\/Schermata-2021-06-19-alle-13.21.43.png","_links":{"self":[{"href":"https:\/\/www.radiopiu.net\/wordpress\/wp-json\/wp\/v2\/posts\/217011","targetHints":{"allow":["GET"]}}],"collection":[{"href":"https:\/\/www.radiopiu.net\/wordpress\/wp-json\/wp\/v2\/posts"}],"about":[{"href":"https:\/\/www.radiopiu.net\/wordpress\/wp-json\/wp\/v2\/types\/post"}],"author":[{"embeddable":true,"href":"https:\/\/www.radiopiu.net\/wordpress\/wp-json\/wp\/v2\/users\/2"}],"replies":[{"embeddable":true,"href":"https:\/\/www.radiopiu.net\/wordpress\/wp-json\/wp\/v2\/comments?post=217011"}],"version-history":[{"count":0,"href":"https:\/\/www.radiopiu.net\/wordpress\/wp-json\/wp\/v2\/posts\/217011\/revisions"}],"wp:featuredmedia":[{"embeddable":true,"href":"https:\/\/www.radiopiu.net\/wordpress\/wp-json\/wp\/v2\/media\/217013"}],"wp:attachment":[{"href":"https:\/\/www.radiopiu.net\/wordpress\/wp-json\/wp\/v2\/media?parent=217011"}],"wp:term":[{"taxonomy":"category","embeddable":true,"href":"https:\/\/www.radiopiu.net\/wordpress\/wp-json\/wp\/v2\/categories?post=217011"},{"taxonomy":"post_tag","embeddable":true,"href":"https:\/\/www.radiopiu.net\/wordpress\/wp-json\/wp\/v2\/tags?post=217011"}],"curies":[{"name":"wp","href":"https:\/\/api.w.org\/{rel}","templated":true}]}}