{"id":217379,"date":"2021-06-21T23:55:29","date_gmt":"2021-06-21T21:55:29","guid":{"rendered":"https:\/\/www.radiopiu.net\/wordpress\/?p=217379"},"modified":"2021-06-22T05:53:31","modified_gmt":"2021-06-22T03:53:31","slug":"impianti-idroelettrici-la-situazione-nel-cadore-sotto-il-regime-fascista","status":"publish","type":"post","link":"https:\/\/www.radiopiu.net\/wordpress\/impianti-idroelettrici-la-situazione-nel-cadore-sotto-il-regime-fascista\/","title":{"rendered":"IMPIANTI IDROELETTRICI: LA SITUAZIONE NEL CADORE SOTTO IL REGIME FASCISTA"},"content":{"rendered":"<blockquote>\n<h3>di RENATO BONA<\/h3>\n<\/blockquote>\n<p><strong>BELLUNO\u00a0<\/strong> Concludiamo la \u201crilettura\u201d del libro curato nel 1934 dal vice prefetto Carlo Riva (e stampato il 21 aprile, anno dodicesimo dell\u2019era nello stabilimento tipografico Panfilo Castaldi di Feltre) per conto della Regia Prefettura di Belluno e della Federazione fascista per fare il punto su \u201cLa Provincia di Belluno in regime fascista\u201d con relazioni sull\u2019\u201cattivit\u00e0 svolta e opere compiute sotto il regime dalle amministrazioni e dagli enti della provincia\u201d. L\u2019ultimo capitolo dell\u2019ormai introvabile volume \u00e8 riservato alla Societ\u00e0 forze idrauliche Alto Cadore e illustra l\u2019impianto idroelettrico Piave-Ansiei, preceduto peraltro da quello che si occupa della S.A. Idroelettrica Bartolomeo Toffoli con sede in Calalzo. E partiamo proprio da questo per ricordare che la societ\u00e0 venne costituita nel giugno 1926 per utilizzare parte dell\u2019asta del torrente Molin\u00e0 e distribuzione dell\u2019energia nei comuni del medio Cadore \u201cdove le industrie pi\u00f9 specialmente ne sentivano il bisogno, con l\u2019assunzione della fornitura dell\u2019energia per la trazione elettrica della Ferrovia Calalzo-Cortina-Dobbiaco per i cantieri dei grandi impianti Piave-Ansiei\u201d la relazione spiega che \u201csvilupp\u00f2 il primitivo programma in modo da utilizzare tutta l\u2019asta libera del Molin\u00e0 e del suo affluente Vedesana\u201d e che gli impianti di produzione erano tre: sul torrente Oten (alto Molin\u00e0), sul torrente Vedesana, sul torrente Molin\u00e0, con i primi due che fanno capo alla centrale di Ciampato costruita in modo da sfruttare i due diversi salti dell\u2019Oten e del Vedesana, il terzo alla Centrale di San Giovanni, tutti e tre in territorio di Calalzo. Ed eccoci all\u2019impianto idroelettrico Piave-Ansiei che, cominciato nell\u2019ottobre 1929 \u00e8 stato portato a termine nel novembre 1931. Il 4 novembre, alla presenza del prefetto di Belluno Costanzo Gazzera, veniva alzata la bandiera sulle dighe del Piave e dell\u2019Ansiei: \u201csalve di 21 colpi salutavano la vita di queste opere su cui il segno littorio ammonisce: \u2018Romae ad maiorem gloriam\u2019. Solo 26 mesi sono bastati per compiere quest\u2019impianto che comprende la diga a gravit\u00e0 sull\u2019Ansiei e la diga a volta sul Piave, sette chilometri circa di galleria, la Centrale di Pelos e 52 chilometri di linea elettrica\u201d. Segue la descrizione dell\u2019impianto: la diga dell\u2019Ansiei, detta di Santa Caterina dalla localit\u00e0 su cui si trova, \u00e8 al limite inferiore della frazione di Cella (Auronzo). Diga a gravit\u00e0, non presenta certo una novit\u00e0 nel campo idroelettrico, pur tuttavia \u00e8 una costruzione solida ed imponente. Misura 180 metri in sommit\u00e0 tra spalla e spalla e metri 53 di altezza totale; l\u2019inclinazione del paramento a monte \u00e8 del 6 per cento e dal 69 per cento quello a valle. Due batterie di sifoni composte ciascheduna da tre scaricatori del tipo Hetch-Hetchy, a dente, regolano lo scarico di superficie\u2026 Speciali studi furono fatti per questi sifoni: essi possono smaltire, nel caso di piena catastrofica, una portata di 400 metri cubi al secondo. Di alto interesse in questo impianto \u00e8 l\u2019ardita diga del Piave, costruzione arcuata, fatta con cemento d\u2019alta resistenza, misura m. 1,20 di spessore in sommit\u00e0 sotto il cornicione e metri 8,65 alla base. Gli sfioratori a bicchiere sono 12 con uno a sezione quadrata, con una paratoia dal lato della valle capace di smaltire in caso di piena catastrofica una portata di 800 metri cubi al secondo. Gli sfioratori sono divisi in due batterie: una da otto che immette nello scarico di fondo, l\u2019altra formata dai tre a valle, pi\u00f9 quello a sezione quadrata che immette nello scarico di mezzo fondo. Il lago artificiale che ne risulta \u201c\u00e8 di una bellezza paurosa tra la strettoia dei monti, vero budello che segue per lungo tratto e sfiora in molti punti la strada del Comelico\u201d. Le due dighe hanno 35 metri di ritenuta; dalla prima si stacca una galleria di collegamento a sezione circolare di 2 metri e mezzo di diametro e tagliando il monte sotto Pian di Namos, esce poco a valle della diga del Piave, all\u2019altezza della galleria della strada del Comelico. L\u2019attraversamento del fiume \u00e8 fatto con due tubazioni in ferro del diametro di 1,65 metri ciascuna, su passerella a tralicci; la galleria di derivazione del Piave \u00e8 di 2 metri e 90 nel primo tratto, e di metri 3,60 di diametro allorch\u00e9 riceve le acque dell\u2019Ansiei, dopo l\u2019attraversamento. Il pozzo piezometrico \u00e8 scavato nel Col di Pelos e da esso parte la galleria che alimenta la doppia condotta forzata costituita da due tubi in ferro del diametro di 2 metri e 10 ciascuno. Il complesso delle gallerie \u00e8 di 7.125 metri di lunghezza, la distanza massima tra le due finestre successive \u00e8 di 1300 metri di galleria. Scendendo lungo la condotta forzata, appare nella valle la centrale di Pelos, architettonicamente elegante. Il sistema \u00e8 stato progettato per una portata massima in relazione a 10 ore giornaliere di lavoro di 354 metri cubi al secondo. La centrale \u00e8 su un solo piano, a due corpi principali di fabbricato e una sala di 30&#215;54 metri con altezza di 15 nella sala alternatori e di oltre 20 in quella trasformatori; qui le macchine \u201ccon le loro linee armoniche costituiscono vero ornamento, e gli apparecchi, le sbarre, gli isolatori e le protezioni invece di deturpare costituiscono veri elementi decorativi\u201d. L\u2019impianto risulta atto a produrre nella centrale di Pelos circa 90 milioni annui di Kw ora di energia stagionale e tali quantitativi potranno in avvenire essere aumentati coll\u2019immissione delle acque del torrente Piova, affluente del Piave presso Pelos con un secondo serbatoio a monte del primo sull\u2019Ansiei, a Ponte Malon. In chiusura, la relazione presentata dal vice prefetto Riva sottolinea che per la diga a gravit\u00e0 di Santa Caterina vennero gettati circa 94 mila metri cubi di calcestruzzo con punte di 1750 nelle 24 ore, e per quella ad arco sottile del Piave, pi\u00f9 di 30 mila metri cubi di calcestruzzo con punte di 750 nelle 24 ore, cifre che costituiscono veri record e che \u201cla perfetta efficienza tecnica degli impianti e la moderna concezione di essi potevano consentire, ma che solo la volont\u00e0, l\u2019intelligenza e lo sforzo diuturno dei dirigenti, prodigatisi con vera abnegazione, potevano ottenere. Prova di stile non confondibile. Il numero degli operai impiegati giunse fino a 3000; questi lavoratori validi e perfetti furono disciplinati ogni dire e coraggiosi nei lavori che si svolsero spesso in condizioni di disagio e difficili, quali ad esempio lo scavo nel greto del Piave che giunse a 30 metri di profondit\u00e0 sotto il letto naturale del fiume, e non trascura di ricordare che \u201cIn pari tempo si procedeva alla costruzione di 52 chilometri di linea trifase alla tensione di 135.000 volt , su tralicci in ferro, tra Pelos e Fadalto, con campata media di 290 metri e massima di 714 e la linea telefonica su pali in cemento armato. Speciale menzione va fatta, oltre che del personale tecnico e della mano d\u2019opera esclusivamente italiani, del macchinario e del materiale fornito tutto da ditte nazionali sia per ci\u00f2 che riguarda la parte meccanica ed elettrica che per quella civile\u201d.<\/p>\n\n\t\t\t<style type='text\/css'>\n\t\t\t\t#gallery-1 {\n\t\t\t\t\tmargin: auto;\n\t\t\t\t}\n\t\t\t\t#gallery-1 .gallery-item {\n\t\t\t\t\tfloat: left;\n\t\t\t\t\tmargin-top: 10px;\n\t\t\t\t\ttext-align: center;\n\t\t\t\t\twidth: 25%;\n\t\t\t\t}\n\t\t\t\t#gallery-1 img {\n\t\t\t\t\tborder: 2px solid #cfcfcf;\n\t\t\t\t}\n\t\t\t\t#gallery-1 .gallery-caption {\n\t\t\t\t\tmargin-left: 0;\n\t\t\t\t}\n\t\t\t\t\/* see gallery_shortcode() in wp-includes\/media.php *\/\n\t\t\t<\/style>\n\t\t<div id='gallery-1' class='dt-gallery-container gallery galleryid-217379 gallery-columns-4 gallery-size-thumbnail'><dl class='gallery-item'>\n\t\t\t\t<dt class='gallery-icon portrait'>\n\t\t\t\t\t<a class=\"rollover rollover-zoom dt-pswp-item\" title=\"203344253_326066332338096_7604598916475041272_n\" data-dt-img-description=\"\" data-large_image_width=\"158\" data-large_image_height=\"225\"href='https:\/\/www.radiopiu.net\/wordpress\/wp-content\/uploads\/2021\/06\/203344253_326066332338096_7604598916475041272_n.jpg'><img loading=\"lazy\" decoding=\"async\" width=\"150\" height=\"150\" src=\"https:\/\/www.radiopiu.net\/wordpress\/wp-content\/uploads\/2021\/06\/203344253_326066332338096_7604598916475041272_n-150x150.jpg\" class=\"attachment-thumbnail size-thumbnail\" alt=\"\" \/><\/a>\n\t\t\t\t<\/dt><\/dl><dl class='gallery-item'>\n\t\t\t\t<dt class='gallery-icon landscape'>\n\t\t\t\t\t<a class=\"rollover rollover-zoom dt-pswp-item\" title=\"203323809_931948064309759_3364419045428988806_n\" data-dt-img-description=\"\" data-large_image_width=\"280\" data-large_image_height=\"206\"href='https:\/\/www.radiopiu.net\/wordpress\/wp-content\/uploads\/2021\/06\/203323809_931948064309759_3364419045428988806_n.jpg'><img loading=\"lazy\" decoding=\"async\" width=\"150\" height=\"150\" src=\"https:\/\/www.radiopiu.net\/wordpress\/wp-content\/uploads\/2021\/06\/203323809_931948064309759_3364419045428988806_n-150x150.jpg\" class=\"attachment-thumbnail size-thumbnail\" alt=\"\" \/><\/a>\n\t\t\t\t<\/dt><\/dl><dl class='gallery-item'>\n\t\t\t\t<dt class='gallery-icon landscape'>\n\t\t\t\t\t<a class=\"rollover rollover-zoom dt-pswp-item\" title=\"203821657_483478442758420_5089992382486573967_n\" data-dt-img-description=\"\" data-large_image_width=\"296\" data-large_image_height=\"201\"href='https:\/\/www.radiopiu.net\/wordpress\/wp-content\/uploads\/2021\/06\/203821657_483478442758420_5089992382486573967_n.jpg'><img loading=\"lazy\" decoding=\"async\" width=\"150\" height=\"150\" src=\"https:\/\/www.radiopiu.net\/wordpress\/wp-content\/uploads\/2021\/06\/203821657_483478442758420_5089992382486573967_n-150x150.jpg\" class=\"attachment-thumbnail size-thumbnail\" alt=\"\" \/><\/a>\n\t\t\t\t<\/dt><\/dl><dl class='gallery-item'>\n\t\t\t\t<dt class='gallery-icon landscape'>\n\t\t\t\t\t<a class=\"rollover rollover-zoom dt-pswp-item\" title=\"204045852_929949274454413_4384142563216275625_n\" data-dt-img-description=\"\" data-large_image_width=\"321\" data-large_image_height=\"206\"href='https:\/\/www.radiopiu.net\/wordpress\/wp-content\/uploads\/2021\/06\/204045852_929949274454413_4384142563216275625_n.jpg'><img loading=\"lazy\" decoding=\"async\" width=\"150\" height=\"150\" src=\"https:\/\/www.radiopiu.net\/wordpress\/wp-content\/uploads\/2021\/06\/204045852_929949274454413_4384142563216275625_n-150x150.jpg\" class=\"attachment-thumbnail size-thumbnail\" alt=\"\" \/><\/a>\n\t\t\t\t<\/dt><\/dl><br style=\"clear: both\" \/><dl class='gallery-item'>\n\t\t\t\t<dt class='gallery-icon landscape'>\n\t\t\t\t\t<a class=\"rollover rollover-zoom dt-pswp-item\" title=\"202140982_286978979519684_3160219167598598238_n\" data-dt-img-description=\"\" data-large_image_width=\"313\" data-large_image_height=\"206\"href='https:\/\/www.radiopiu.net\/wordpress\/wp-content\/uploads\/2021\/06\/202140982_286978979519684_3160219167598598238_n.jpg'><img loading=\"lazy\" decoding=\"async\" width=\"150\" height=\"150\" src=\"https:\/\/www.radiopiu.net\/wordpress\/wp-content\/uploads\/2021\/06\/202140982_286978979519684_3160219167598598238_n-150x150.jpg\" class=\"attachment-thumbnail size-thumbnail\" alt=\"\" \/><\/a>\n\t\t\t\t<\/dt><\/dl><dl class='gallery-item'>\n\t\t\t\t<dt class='gallery-icon portrait'>\n\t\t\t\t\t<a class=\"rollover rollover-zoom dt-pswp-item\" title=\"202456544_4448771768487043_4139067221326463385_n\" data-dt-img-description=\"\" data-large_image_width=\"154\" data-large_image_height=\"225\"href='https:\/\/www.radiopiu.net\/wordpress\/wp-content\/uploads\/2021\/06\/202456544_4448771768487043_4139067221326463385_n.jpg'><img loading=\"lazy\" decoding=\"async\" width=\"150\" height=\"150\" src=\"https:\/\/www.radiopiu.net\/wordpress\/wp-content\/uploads\/2021\/06\/202456544_4448771768487043_4139067221326463385_n-150x150.jpg\" class=\"attachment-thumbnail size-thumbnail\" alt=\"\" \/><\/a>\n\t\t\t\t<\/dt><\/dl><dl class='gallery-item'>\n\t\t\t\t<dt class='gallery-icon landscape'>\n\t\t\t\t\t<a class=\"rollover rollover-zoom dt-pswp-item\" title=\"202135945_905061993405671_3520092428316911635_n\" data-dt-img-description=\"\" data-large_image_width=\"220\" data-large_image_height=\"206\"href='https:\/\/www.radiopiu.net\/wordpress\/wp-content\/uploads\/2021\/06\/202135945_905061993405671_3520092428316911635_n.jpg'><img loading=\"lazy\" decoding=\"async\" width=\"150\" height=\"150\" src=\"https:\/\/www.radiopiu.net\/wordpress\/wp-content\/uploads\/2021\/06\/202135945_905061993405671_3520092428316911635_n-150x150.jpg\" class=\"attachment-thumbnail size-thumbnail\" alt=\"\" \/><\/a>\n\t\t\t\t<\/dt><\/dl><dl class='gallery-item'>\n\t\t\t\t<dt class='gallery-icon landscape'>\n\t\t\t\t\t<a class=\"rollover rollover-zoom dt-pswp-item\" title=\"203852436_802619180444966_3120963842488160837_n\" data-dt-img-description=\"\" data-large_image_width=\"206\" data-large_image_height=\"206\"href='https:\/\/www.radiopiu.net\/wordpress\/wp-content\/uploads\/2021\/06\/203852436_802619180444966_3120963842488160837_n.jpg'><img loading=\"lazy\" decoding=\"async\" width=\"150\" height=\"150\" src=\"https:\/\/www.radiopiu.net\/wordpress\/wp-content\/uploads\/2021\/06\/203852436_802619180444966_3120963842488160837_n-150x150.jpg\" class=\"attachment-thumbnail size-thumbnail\" alt=\"\" srcset=\"https:\/\/www.radiopiu.net\/wordpress\/wp-content\/uploads\/2021\/06\/203852436_802619180444966_3120963842488160837_n-150x150.jpg 150w, https:\/\/www.radiopiu.net\/wordpress\/wp-content\/uploads\/2021\/06\/203852436_802619180444966_3120963842488160837_n.jpg 206w\" sizes=\"auto, (max-width: 150px) 100vw, 150px\" \/><\/a>\n\t\t\t\t<\/dt><\/dl><br style=\"clear: both\" \/>\n\t\t\t<\/div>\n\n<p>&nbsp;<\/p>\n<p>NELLE FOTO (riproduzioni dal libro \u201cLa Provincia di Belluno in regime fascista\u201d; Elvis Del Tedesco): la copertina dell\u2019introvabile volume curato dal vice prefetto Carlo Riva e stampato da Castaldi di Feltre nel 1934; la diga a gravit\u00e0 sull\u2019Ansiei, ad Auronzo, della Societ\u00e0 Forze idrauliche Alto Cadore; il lago artificiale di Auronzo; la diga sul Piave lungo la valle del Comelico; interno di una galleria in curva; veduta della centrale e delle condotte forzate a Pelos; due immagini della centrale di Pelos, oggi.<\/p>\n","protected":false},"excerpt":{"rendered":"<p>di RENATO BONA BELLUNO\u00a0 Concludiamo la \u201crilettura\u201d del libro curato nel 1934 dal vice prefetto Carlo Riva (e stampato il 21 aprile, anno dodicesimo dell\u2019era nello stabilimento tipografico Panfilo Castaldi di Feltre) per conto della Regia Prefettura di Belluno e della Federazione fascista per fare il punto su \u201cLa Provincia di Belluno in regime fascista\u201d&hellip;<\/p>\n","protected":false},"author":4,"featured_media":217383,"comment_status":"closed","ping_status":"open","sticky":false,"template":"","format":"standard","meta":{"_monsterinsights_skip_tracking":false,"_monsterinsights_sitenote_active":false,"_monsterinsights_sitenote_note":"","_monsterinsights_sitenote_category":0,"footnotes":""},"categories":[104,49],"tags":[],"class_list":["post-217379","post","type-post","status-publish","format-standard","has-post-thumbnail","hentry","category-evidenza_3","category-news-18","category-104","category-49","description-off"],"img_url":"https:\/\/www.radiopiu.net\/wordpress\/wp-content\/uploads\/2021\/06\/203344253_326066332338096_7604598916475041272_n.jpg","_links":{"self":[{"href":"https:\/\/www.radiopiu.net\/wordpress\/wp-json\/wp\/v2\/posts\/217379","targetHints":{"allow":["GET"]}}],"collection":[{"href":"https:\/\/www.radiopiu.net\/wordpress\/wp-json\/wp\/v2\/posts"}],"about":[{"href":"https:\/\/www.radiopiu.net\/wordpress\/wp-json\/wp\/v2\/types\/post"}],"author":[{"embeddable":true,"href":"https:\/\/www.radiopiu.net\/wordpress\/wp-json\/wp\/v2\/users\/4"}],"replies":[{"embeddable":true,"href":"https:\/\/www.radiopiu.net\/wordpress\/wp-json\/wp\/v2\/comments?post=217379"}],"version-history":[{"count":0,"href":"https:\/\/www.radiopiu.net\/wordpress\/wp-json\/wp\/v2\/posts\/217379\/revisions"}],"wp:featuredmedia":[{"embeddable":true,"href":"https:\/\/www.radiopiu.net\/wordpress\/wp-json\/wp\/v2\/media\/217383"}],"wp:attachment":[{"href":"https:\/\/www.radiopiu.net\/wordpress\/wp-json\/wp\/v2\/media?parent=217379"}],"wp:term":[{"taxonomy":"category","embeddable":true,"href":"https:\/\/www.radiopiu.net\/wordpress\/wp-json\/wp\/v2\/categories?post=217379"},{"taxonomy":"post_tag","embeddable":true,"href":"https:\/\/www.radiopiu.net\/wordpress\/wp-json\/wp\/v2\/tags?post=217379"}],"curies":[{"name":"wp","href":"https:\/\/api.w.org\/{rel}","templated":true}]}}