{"id":217447,"date":"2021-06-23T06:14:19","date_gmt":"2021-06-23T04:14:19","guid":{"rendered":"https:\/\/www.radiopiu.net\/wordpress\/?p=217447"},"modified":"2021-06-23T12:57:39","modified_gmt":"2021-06-23T10:57:39","slug":"giornale-radiopiu-23-giugno-2021-direttore-mirko-mezzacasa","status":"publish","type":"post","link":"https:\/\/www.radiopiu.net\/wordpress\/giornale-radiopiu-23-giugno-2021-direttore-mirko-mezzacasa\/","title":{"rendered":"GIORNALE RADIOPIU 23 GIUGNO 2021 DIRETTORE MIRKO MEZZACASA"},"content":{"rendered":"<div class=\"wpb-content-wrapper\"><p>&nbsp;<\/p>\n<div class=\"vc_row wpb_row vc_row-fluid ult-vc-hide-row vc_row-has-fill\" data-rtl=\"false\" data-row-effect-mobile-disable=\"true\">\n<div class=\"wpb_column vc_column_container vc_col-sm-12\">\n<div class=\"vc_column-inner\">\n<div class=\"wpb_wrapper\">\n<div class=\"wpb_text_column wpb_content_element \">\n<div class=\"wpb_wrapper\">\n<blockquote>\n<h3><span style=\"color: #ff0000;\"><a href=\"https:\/\/www.radiopiu.net\/wordpress\/acqua-alta-di-ilaria-colangeli\/1236827_10205459850482519_3300730022538887559_n\/\" rel=\"attachment wp-att-109180\"><img loading=\"lazy\" decoding=\"async\" class=\"wp-image-109180 alignleft\" src=\"https:\/\/www.radiopiu.net\/wordpress\/wp-content\/uploads\/2019\/12\/1236827_10205459850482519_3300730022538887559_n-300x225.jpg\" alt=\"\" width=\"127\" height=\"95\" srcset=\"https:\/\/www.radiopiu.net\/wordpress\/wp-content\/uploads\/2019\/12\/1236827_10205459850482519_3300730022538887559_n-300x225.jpg 300w, https:\/\/www.radiopiu.net\/wordpress\/wp-content\/uploads\/2019\/12\/1236827_10205459850482519_3300730022538887559_n-768x576.jpg 768w, https:\/\/www.radiopiu.net\/wordpress\/wp-content\/uploads\/2019\/12\/1236827_10205459850482519_3300730022538887559_n.jpg 800w\" sizes=\"auto, (max-width: 127px) 100vw, 127px\" \/><\/a>25 GIUGNO 1983 \u2013 25 GIUGNO 2021 38 ANNI DI RADIO PIU. DALLA\u00a0 MEZZANOTTE DI VENERDI PER 24 ORE\u2026<span style=\"color: #339966;\"> LA MUSICA CON LA QUALE SIAMO CRESCIUTI<\/span><\/span><\/h3>\n<\/blockquote>\n<\/div>\n<\/div>\n<\/div>\n<\/div>\n<\/div>\n<\/div>\n<div class=\"vc_row wpb_row vc_row-fluid vc_custom_1594310894094 vc_row-o-equal-height vc_row-flex ult-vc-hide-row vc_row-has-fill\" data-rtl=\"false\" data-row-effect-mobile-disable=\"true\"><\/div>\n<p>&nbsp;<\/p>\n<hr \/>\n<p>&nbsp;<\/p>\n<h3><span style=\"color: #0000ff;\">PER<strong>\u00a0RICEVERE QUESTO NOTIZIARIO DIRETTAMENTE SUL TUO CELLULARE ISCRIVITI AL CANALE TELEGRAM\u00a0<\/strong><strong>\u201cRADIO PIU\u00a0 INFORMAZIONE\u201d\u00a0 \u00a0 \u00a0 <\/strong><\/span><\/h3>\n<p>&nbsp;<\/p>\n<hr \/>\n<p>&nbsp;<\/p>\n<blockquote>\n<h3>GRAZIE DOTTORE!\u00a0 grazie AGOSTINO&#8230;.<\/h3>\n<p><strong>ALLEGHE\u00a0<\/strong> Domenica in Municipio tra grazie e ricordi nella cerimonia di commiato per il dottor\u00a0 Agostino\u00a0 Mascanzoni, cerimonia semplice ma significativa. Al grazie del sindaco anche delle associazioni del territorio (Alpini, Protezione Civile, Soccorso Alpino&#8230;) e la\u00a0 societ\u00e0 Alleghe Hockey che con il Presidente Adriano Levis ha consegnato la sciarpa della societ\u00e0. Il sindaco a nome dell&#8217;amministrazione ha consegnato la targa a ricordo e ringraziamento.<\/p><\/blockquote>\n<p><strong>IL PRESIDENTE DELL&#8217;ALLEGHE HOCKEY, ADRIANO LEVIS\u00a0<\/strong><\/p>\n<audio class=\"wp-audio-shortcode\" id=\"audio-217447-1\" preload=\"none\" style=\"width: 100%;\" controls=\"controls\"><source type=\"audio\/mpeg\" src=\"https:\/\/www.radiopiu.net\/wordpress\/wp-content\/uploads\/2021\/06\/levis.mp3?_=1\" \/><a href=\"https:\/\/www.radiopiu.net\/wordpress\/wp-content\/uploads\/2021\/06\/levis.mp3\">https:\/\/www.radiopiu.net\/wordpress\/wp-content\/uploads\/2021\/06\/levis.mp3<\/a><\/audio>\n<p>&nbsp;<\/p>\n\n\t\t\t<style type='text\/css'>\n\t\t\t\t#gallery-1 {\n\t\t\t\t\tmargin: auto;\n\t\t\t\t}\n\t\t\t\t#gallery-1 .gallery-item {\n\t\t\t\t\tfloat: left;\n\t\t\t\t\tmargin-top: 10px;\n\t\t\t\t\ttext-align: center;\n\t\t\t\t\twidth: 25%;\n\t\t\t\t}\n\t\t\t\t#gallery-1 img {\n\t\t\t\t\tborder: 2px solid #cfcfcf;\n\t\t\t\t}\n\t\t\t\t#gallery-1 .gallery-caption {\n\t\t\t\t\tmargin-left: 0;\n\t\t\t\t}\n\t\t\t\t\/* see gallery_shortcode() in wp-includes\/media.php *\/\n\t\t\t<\/style>\n\t\t<div id='gallery-1' class='dt-gallery-container gallery galleryid-217447 gallery-columns-4 gallery-size-thumbnail'><dl class='gallery-item'>\n\t\t\t\t<dt class='gallery-icon landscape'>\n\t\t\t\t\t<a class=\"rollover rollover-zoom dt-pswp-item\" title=\"_DSC4795\" data-dt-img-description=\"\" data-large_image_width=\"2126\" data-large_image_height=\"1419\"href='https:\/\/www.radiopiu.net\/wordpress\/wp-content\/uploads\/2021\/06\/DSC4795.jpg'><img loading=\"lazy\" decoding=\"async\" width=\"150\" height=\"150\" src=\"https:\/\/www.radiopiu.net\/wordpress\/wp-content\/uploads\/2021\/06\/DSC4795-150x150.jpg\" class=\"attachment-thumbnail size-thumbnail\" alt=\"\" \/><\/a>\n\t\t\t\t<\/dt><\/dl><dl class='gallery-item'>\n\t\t\t\t<dt class='gallery-icon landscape'>\n\t\t\t\t\t<a class=\"rollover rollover-zoom dt-pswp-item\" title=\"_DSC4813\" data-dt-img-description=\"\" data-large_image_width=\"2126\" data-large_image_height=\"1419\"href='https:\/\/www.radiopiu.net\/wordpress\/wp-content\/uploads\/2021\/06\/DSC4813.jpg'><img loading=\"lazy\" decoding=\"async\" width=\"150\" height=\"150\" src=\"https:\/\/www.radiopiu.net\/wordpress\/wp-content\/uploads\/2021\/06\/DSC4813-150x150.jpg\" class=\"attachment-thumbnail size-thumbnail\" alt=\"\" \/><\/a>\n\t\t\t\t<\/dt><\/dl><dl class='gallery-item'>\n\t\t\t\t<dt class='gallery-icon landscape'>\n\t\t\t\t\t<a class=\"rollover rollover-zoom dt-pswp-item\" title=\"_DSC4808\" data-dt-img-description=\"\" data-large_image_width=\"2126\" data-large_image_height=\"1419\"href='https:\/\/www.radiopiu.net\/wordpress\/wp-content\/uploads\/2021\/06\/DSC4808.jpg'><img loading=\"lazy\" decoding=\"async\" width=\"150\" height=\"150\" src=\"https:\/\/www.radiopiu.net\/wordpress\/wp-content\/uploads\/2021\/06\/DSC4808-150x150.jpg\" class=\"attachment-thumbnail size-thumbnail\" alt=\"\" \/><\/a>\n\t\t\t\t<\/dt><\/dl><dl class='gallery-item'>\n\t\t\t\t<dt class='gallery-icon landscape'>\n\t\t\t\t\t<a class=\"rollover rollover-zoom dt-pswp-item\" title=\"_DSC4772\" data-dt-img-description=\"\" data-large_image_width=\"2126\" data-large_image_height=\"1419\"href='https:\/\/www.radiopiu.net\/wordpress\/wp-content\/uploads\/2021\/06\/DSC4772.jpg'><img loading=\"lazy\" decoding=\"async\" width=\"150\" height=\"150\" src=\"https:\/\/www.radiopiu.net\/wordpress\/wp-content\/uploads\/2021\/06\/DSC4772-150x150.jpg\" class=\"attachment-thumbnail size-thumbnail\" alt=\"\" \/><\/a>\n\t\t\t\t<\/dt><\/dl><br style=\"clear: both\" \/><dl class='gallery-item'>\n\t\t\t\t<dt class='gallery-icon landscape'>\n\t\t\t\t\t<a class=\"rollover rollover-zoom dt-pswp-item\" title=\"_DSC4800\" data-dt-img-description=\"\" data-large_image_width=\"2126\" data-large_image_height=\"1419\"href='https:\/\/www.radiopiu.net\/wordpress\/wp-content\/uploads\/2021\/06\/DSC4800.jpg'><img loading=\"lazy\" decoding=\"async\" width=\"150\" height=\"150\" src=\"https:\/\/www.radiopiu.net\/wordpress\/wp-content\/uploads\/2021\/06\/DSC4800-150x150.jpg\" class=\"attachment-thumbnail size-thumbnail\" alt=\"\" \/><\/a>\n\t\t\t\t<\/dt><\/dl><dl class='gallery-item'>\n\t\t\t\t<dt class='gallery-icon landscape'>\n\t\t\t\t\t<a class=\"rollover rollover-zoom dt-pswp-item\" title=\"_DSC4782\" data-dt-img-description=\"\" data-large_image_width=\"2126\" data-large_image_height=\"1419\"href='https:\/\/www.radiopiu.net\/wordpress\/wp-content\/uploads\/2021\/06\/DSC4782.jpg'><img loading=\"lazy\" decoding=\"async\" width=\"150\" height=\"150\" src=\"https:\/\/www.radiopiu.net\/wordpress\/wp-content\/uploads\/2021\/06\/DSC4782-150x150.jpg\" class=\"attachment-thumbnail size-thumbnail\" alt=\"\" \/><\/a>\n\t\t\t\t<\/dt><\/dl><dl class='gallery-item'>\n\t\t\t\t<dt class='gallery-icon landscape'>\n\t\t\t\t\t<a class=\"rollover rollover-zoom dt-pswp-item\" title=\"_DSC4787\" data-dt-img-description=\"\" data-large_image_width=\"2126\" data-large_image_height=\"1419\"href='https:\/\/www.radiopiu.net\/wordpress\/wp-content\/uploads\/2021\/06\/DSC4787.jpg'><img loading=\"lazy\" decoding=\"async\" width=\"150\" height=\"150\" src=\"https:\/\/www.radiopiu.net\/wordpress\/wp-content\/uploads\/2021\/06\/DSC4787-150x150.jpg\" class=\"attachment-thumbnail size-thumbnail\" alt=\"\" \/><\/a>\n\t\t\t\t<\/dt><\/dl><dl class='gallery-item'>\n\t\t\t\t<dt class='gallery-icon landscape'>\n\t\t\t\t\t<a class=\"rollover rollover-zoom dt-pswp-item\" title=\"firma mail-1\" data-dt-img-description=\"\" data-large_image_width=\"1181\" data-large_image_height=\"486\"href='https:\/\/www.radiopiu.net\/wordpress\/wp-content\/uploads\/2021\/06\/firma-mail-1.jpg'><img loading=\"lazy\" decoding=\"async\" width=\"150\" height=\"150\" src=\"https:\/\/www.radiopiu.net\/wordpress\/wp-content\/uploads\/2021\/06\/firma-mail-1-150x150.jpg\" class=\"attachment-thumbnail size-thumbnail\" alt=\"\" \/><\/a>\n\t\t\t\t<\/dt><\/dl><br style=\"clear: both\" \/>\n\t\t\t<\/div>\n\n<p>&nbsp;<\/p>\n<blockquote>\n<h2>Riferimenti per gli ex assistiti del dr Mascanzoni<\/h2>\n<\/blockquote>\n<p><strong>BELLUNO<\/strong> In attesa del recapito delle note inviate a ciascun assistito del Dr. MASCANZONI AGOSTINO, che ha cessato ieri l\u2019attivit\u00e0 di medico di assistenza primaria, con l\u2019assegnazione al nuovo medico di famiglia e con le indicazioni necessarie per contattare il nuovo medico, si comunica che: Gli assistiti del dr. Mascanzoni sono stati assegnati d\u2019ufficio ai medici sotto indicati in base ai Comuni di residenza degli assistiti stessi e tenendo conto delle sedi degli ambulatori del medico assegnato: ALLEGRO CLAUDIO Rocca Pietore c\/o Municipio Rocca Pietore Via Dagai 6 \u2013 loc Laste Selva di Cadore \u2013 Via IV Novembre 15; DEMATTIA PIETRO Pieve di Livinallongo(sostituito dal dr. Favero Luca)Colle S.Lucia c\/o Municipio BARONE PAOLO Canale d\u2019Agordo c\/o Municipio Vallada Agordina c\/o Municipio Alleghe (ex ambulatorio dr Mascanzoni) MAGRA GIOVANNI S.Tomaso Agordino \u2013 fraz. Celat, 15 Falcade \u2013 Corso Roma, 18 Alleghe (ex ambulatorio dr Mascanzoni) TOMASELLI WALTER Cencenighe Via Roma 70 Falcade \u2013 loc. Caviola \u2013 Via Trento 20\/A. I medici\u00a0 restano a disposizione per eventuali urgenze degli assistiti del dr. Mascanzoni, a prescindere dall\u2019avvenuta assegnazione. Nelle more della consegna delle note Ulss, \u00e8 possibile conoscere il medico assegnato contattando i seguenti numeri telefonici: tel. 0435 341561; tel. 0437 516779; tel. 0437 516968; tel. 0437 645314.<\/p>\n<p>&nbsp;<\/p>\n<p>&nbsp;<\/p>\n<p>&nbsp;<\/p>\n<hr \/>\n<p>&nbsp;<\/p>\n<blockquote>\n<h3>CHIUDE LA 563 DI SALESEI (ROCCA PIETORE-DIGONERA)<\/h3>\n<\/blockquote>\n<p><strong><a href=\"https:\/\/www.radiopiu.net\/wordpress\/da-mercoledi-chiude-la-563-di-salesei-rocca-pietore-digonera\/th-143\/\" rel=\"attachment wp-att-216769\"><img loading=\"lazy\" decoding=\"async\" class=\"wp-image-216769 alignleft\" src=\"https:\/\/www.radiopiu.net\/wordpress\/wp-content\/uploads\/2021\/06\/th-16-300x169.jpg\" alt=\"\" width=\"154\" height=\"87\" srcset=\"https:\/\/www.radiopiu.net\/wordpress\/wp-content\/uploads\/2021\/06\/th-16-300x169.jpg 300w, https:\/\/www.radiopiu.net\/wordpress\/wp-content\/uploads\/2021\/06\/th-16.jpg 330w\" sizes=\"auto, (max-width: 154px) 100vw, 154px\" \/><\/a>ROCCA PIETORE<\/strong>\u00a0 Fino al 2 luglio (sabato e domenica escluso) lungo la 563 di Digonera sono previsti gli interventi di realizzazione delle opere di difesa dalla valanghe. La circolazione stradale sar\u00e0 totalmente interdetta dalle 8 alle 12 e dalle 14 alle 18. Negli altri orari senso unico alternato a vista.<\/p>\n<p><strong><a href=\"https:\/\/www.radiopiu.net\/wordpress\/giornale-radiopiu-16-giugno-2021-direttore-mirko-mezzacasa\/lavorii\/\" rel=\"attachment wp-att-216177\"><img loading=\"lazy\" decoding=\"async\" class=\"size-medium wp-image-216177 alignleft\" src=\"https:\/\/www.radiopiu.net\/wordpress\/wp-content\/uploads\/2021\/06\/LAVORII-300x159.jpg\" alt=\"\" width=\"300\" height=\"159\" srcset=\"https:\/\/www.radiopiu.net\/wordpress\/wp-content\/uploads\/2021\/06\/LAVORII-300x159.jpg 300w, https:\/\/www.radiopiu.net\/wordpress\/wp-content\/uploads\/2021\/06\/LAVORII.jpg 335w\" sizes=\"auto, (max-width: 300px) 100vw, 300px\" \/><\/a><\/strong><\/p>\n<p>&nbsp;<\/p>\n<p><b>GALLERIA \u2018COMELICO\u00a0<\/b>fino al 31 luglio\u00a0 dalle 21 alle\u00a0 6 la galleria sar\u00e0 chiusa al traffico. Per i veicoli pesanti trainanti un rimorchio \u00e8 prevista la deviazione sulla SR 48 \u201cdelle Dolomiti e sulla SP 49 \u201cMisurina\u201d,\u00a0 \u00a0il traffico pesante sar\u00e0 deviato lungo la SP 532 \u201cPasso S. Antonio\u201d. Il traffico leggero\u00a0 sulla SP 532.<\/p>\n<p>&nbsp;<\/p>\n<p><strong>BELLUNO <\/strong>Per consentire l\u2019esecuzione dei lavori di manutenzione degli impianti a servizio della galleria \u2018Termine\u2019 sono previste limitazioni notturne lungo la strada statale 51 \u201cdi Alemagna\u201d.Da luned\u00ec 21 giugno, nella fascia oraria compresa tra le 21:00 e le 6:00 del giorno successivo, sar\u00e0 chiuso al traffico il tratto dal km 53,400 al km 55,950 con deviazione della circolazione sulla ex strada statale 51.La modifica alla circolazione non sar\u00e0 in vigore nei giorni festivi e prefestivi ed \u00e8 prevista fino a venerd\u00ec 2 luglio 2021.<\/p>\n<p><strong>VOLTAGO<\/strong>\u00a0 Fino al 3 luglio, domeniche escluse, per consentire i lavori di esbosco\u00a0 interdizione totale alla circolazione\u00a0 dalle 8 alle 17 lungo la Strada provinciale 26 \u201cdi Digoman\u201d, nei comuni di Rivamonte e Voltago Agordino.\u00a0 Nei periodi non interessati dalle chiusure sar\u00e0 istituto il senso unico alternato regolato da impianto semaforico.<\/p>\n<p><strong>48 DELLE DOLOMITI<\/strong>\u00a0Fino al 16 luglio da Pieve di Livinallongo ad Arabba si potr\u00e0 transitare ma in determinate fasce orarie. Dalle 7 del mattino alle 18 sono infatti previste interruzioni fino a 20 minuti per permettere i lavori di esbosco e realizzazione paramassi. Per tutta la durata dei lavori senso unico alternato nei periodi non interessati delle interruzioni.<\/p>\n<p>&nbsp;<\/p>\n<hr \/>\n<p>&nbsp;<\/p>\n<p>&nbsp;<\/p>\n<blockquote><p>&nbsp;<\/p>\n<p><strong><span style=\"color: #800000;\"><a href=\"https:\/\/www.radiopiu.net\/wordpress\/giornale-radiopiu-16-giugno-2021-direttore-mirko-mezzacasa\/th-140\/\" rel=\"attachment wp-att-216173\"><img loading=\"lazy\" decoding=\"async\" class=\"wp-image-216173 alignleft\" src=\"https:\/\/www.radiopiu.net\/wordpress\/wp-content\/uploads\/2021\/06\/th-13.jpg\" alt=\"\" width=\"71\" height=\"47\" \/><\/a>ENEL, INTERRUZIONI PROGRAMMATE PER LAVORI SULLE LINEE ELETTRICHE\u00a0\u00a0<\/span><\/strong><\/p><\/blockquote>\n<p><strong>LIVINALLONGO DEL COL DI LANA<\/strong> oggi dalle 8.30 alle 14.30 sono interessate le vie Larzonei e Collaz. <strong>COLLE SANTA LUCIA<\/strong> oggi dalle 8.30 alle 14.30 sono interessate le vie Colcuc e Rucav\u00e0.<\/p>\n<p>&nbsp;<\/p>\n<p>&nbsp;<\/p>\n<hr \/>\n<p>&nbsp;<\/p>\n<h3><span style=\"color: #3366ff;\"><strong>AGORDO<\/strong> Gestione Servizi Pubblici informa che, per lavori alla rete idrica comunale, domani dalle 8 fino a FINE LAVORI potrebbe mancare l&#8217;acqua ad AGORDO, nelle loc. VAL DI FRELA e PROMPICAI. Il personale addetto operer\u00e0 per limitare il pi\u00f9 possibile i disagi alla popolazione.\u00a0<\/span><\/h3>\n<p>&nbsp;<\/p>\n<blockquote>\n<h3><em><img loading=\"lazy\" decoding=\"async\" class=\"alignleft\" src=\"https:\/\/www.radiopiu.net\/wordpress\/wp-content\/uploads\/2021\/06\/9f9b9541-883d-432f-a081-35abeafbea22-300x225-1.jpg\" width=\"188\" height=\"141\" \/>Via Faion 11b &#8230;dopo 9 ore di lavoro e con 2 bimbi si arriva a casa e siamo a secco&#8230;.ma le bollette le paghiamo<\/em><\/h3>\n<\/blockquote>\n<p><strong>AGORDO<\/strong> Il problema in localit\u00e0 Faion si ripete, da tre anni si ripete. In periodi di &#8220;magra&#8221;, comunque in determinati periodi,\u00a0 una palazzina con cinque unit\u00e0 abitative rimane senz&#8217;acqua come testimoniato dal video di Eric, uno dei condomini. Da anni Gsp dice di aver fatto tutto il possibile,\u00a0 non sono mancati i consigli come quelli dell&#8217;autoclave con opinioni diverse. <em>&#8220;Ma la bolletta quella \u00e8 sempre uguale e la pago comunque&#8221;<\/em> spiega Eric reclamando ci\u00f2 che reputa un suo diritto.<\/p>\n<div style=\"width: 848px;\" class=\"wp-video\"><video class=\"wp-video-shortcode\" id=\"video-217447-1\" width=\"848\" height=\"480\" preload=\"metadata\" controls=\"controls\"><source type=\"video\/mp4\" src=\"https:\/\/www.radiopiu.net\/wordpress\/wp-content\/uploads\/2021\/06\/WhatsApp-Video-2021-06-22-at-20.38.37.mp4?_=1\" \/><a href=\"https:\/\/www.radiopiu.net\/wordpress\/wp-content\/uploads\/2021\/06\/WhatsApp-Video-2021-06-22-at-20.38.37.mp4\">https:\/\/www.radiopiu.net\/wordpress\/wp-content\/uploads\/2021\/06\/WhatsApp-Video-2021-06-22-at-20.38.37.mp4<\/a><\/video><\/div>\n<p>&nbsp;<\/p>\n<blockquote>\n<h3>ARCHIVIO RADIO PIU<\/h3>\n<\/blockquote>\n<p>&nbsp;<\/p>\n<blockquote class=\"wp-embedded-content\" data-secret=\"bhptU84LL1\"><p><a href=\"https:\/\/www.radiopiu.net\/wordpress\/la-soluzione-per-gli-abitanti-del-condominio-di-faion-lautoclave\/\">LA SOLUZIONE PER GLI ABITANTI DEL CONDOMINIO DI FAION: L&#8217;AUTOCLAVE<\/a><\/p><\/blockquote>\n<p><iframe loading=\"lazy\" class=\"wp-embedded-content\" sandbox=\"allow-scripts\" security=\"restricted\" style=\"position: absolute; clip: rect(1px, 1px, 1px, 1px);\" title=\"&#8220;LA SOLUZIONE PER GLI ABITANTI DEL CONDOMINIO DI FAION: L&#8217;AUTOCLAVE&#8221; &#8212; Radio Pi\u00f9\" src=\"https:\/\/www.radiopiu.net\/wordpress\/la-soluzione-per-gli-abitanti-del-condominio-di-faion-lautoclave\/embed\/#?secret=bhptU84LL1\" data-secret=\"bhptU84LL1\" width=\"600\" height=\"338\" frameborder=\"0\" marginwidth=\"0\" marginheight=\"0\" scrolling=\"no\"><\/iframe><\/p>\n<p>&nbsp;<\/p>\n<p>&nbsp;<\/p>\n<hr \/>\n<p>&nbsp;<\/p>\n<blockquote>\n<h2><a href=\"https:\/\/www.radiopiu.net\/wordpress\/giornale-radiopiu-16-giugno-2021-direttore-mirko-mezzacasa\/lavori-6\/\" rel=\"attachment wp-att-216175\"><img loading=\"lazy\" decoding=\"async\" class=\"wp-image-216175 alignleft\" src=\"https:\/\/www.radiopiu.net\/wordpress\/wp-content\/uploads\/2021\/06\/LAVORI-1-1.jpg\" alt=\"\" width=\"122\" height=\"122\" srcset=\"https:\/\/www.radiopiu.net\/wordpress\/wp-content\/uploads\/2021\/06\/LAVORI-1-1.jpg 300w, https:\/\/www.radiopiu.net\/wordpress\/wp-content\/uploads\/2021\/06\/LAVORI-1-1-150x150.jpg 150w\" sizes=\"auto, (max-width: 122px) 100vw, 122px\" \/><\/a>CANTIERI A ROCCA PIETORE<\/h2>\n<\/blockquote>\n<p><strong>ROCCA PIETORE<\/strong> Fino al 10 luglio \u00e8 chiuso al transito il ponte sul Ru de Molin tra le localit\u00e0 di Santa Maria delle Grazie e Caracoi. Chiusura dell&#8217;area compresa tra la localit\u00e0 di Aur\u00f9 e l&#8217;intersezione con la strada per Laste Fino al 9 luglio \u00e8 chiuso il tratto di strada in localit\u00e0 Col di Rocca nel tratto tra la Centralina Comunale e il bivio in cui si innesta con la strada provinciale 641 lato Sass Negher. . La viabilit\u00e0 da e per l&#8217;abitato di Col di Rocca \u00e8 comunque garantita da altri due accessi esistenti.<\/p>\n<p>&nbsp;<\/p>\n<p>&nbsp;<\/p>\n<hr \/>\n<p>&nbsp;<\/p>\n<blockquote>\n<h3><strong><a href=\"https:\/\/www.radiopiu.net\/wordpress\/agordo-il-mio-paese-litalia-che-vorrei-di-mirko-mezzacasa\/8cea600a-c88b-4d28-8748-e360e4864c44\/\" rel=\"attachment wp-att-144890\"><img loading=\"lazy\" decoding=\"async\" class=\" wp-image-144890 alignleft\" src=\"https:\/\/www.radiopiu.net\/wordpress\/wp-content\/uploads\/2020\/06\/8cea600a-c88b-4d28-8748-e360e4864c44-300x225.jpg\" alt=\"\" width=\"155\" height=\"116\" srcset=\"https:\/\/www.radiopiu.net\/wordpress\/wp-content\/uploads\/2020\/06\/8cea600a-c88b-4d28-8748-e360e4864c44-300x225.jpg 300w, https:\/\/www.radiopiu.net\/wordpress\/wp-content\/uploads\/2020\/06\/8cea600a-c88b-4d28-8748-e360e4864c44-1024x768.jpg 1024w, https:\/\/www.radiopiu.net\/wordpress\/wp-content\/uploads\/2020\/06\/8cea600a-c88b-4d28-8748-e360e4864c44-768x576.jpg 768w, https:\/\/www.radiopiu.net\/wordpress\/wp-content\/uploads\/2020\/06\/8cea600a-c88b-4d28-8748-e360e4864c44-1536x1152.jpg 1536w, https:\/\/www.radiopiu.net\/wordpress\/wp-content\/uploads\/2020\/06\/8cea600a-c88b-4d28-8748-e360e4864c44.jpg 2048w\" sizes=\"auto, (max-width: 155px) 100vw, 155px\" \/><\/a><\/strong>LAVORI DI RIFACIMENTO DEL PONTE SUL TORRENTE CAMPREGANA<\/h3>\n<\/blockquote>\n<p><strong>AGORDO<\/strong> Fino al 16 luglio, per le frazioni Farenzena e Val di Frela deviazioni per la\u00a0 strada silvo-pastorale Farenzena-Don <em>Transito consentito <strong>A SALIRE<\/strong>, da frazione FARENZENA a localita\u0300 DON: dalle 6 alle 7:45, dalle 9 alle 9:45, dalle 11:00 alle 11:45, dalle 13 alle 13:45 &#8211; dalle 15 alle 15:45, dalle 17 alle 17:45, dalle 19 alle 19:45. Transito consentito<strong> A SCENDERE<\/strong>, da localita\u0300 DON a frazione FARENZENA: dalle 8 alle 8:45, dalle 10 alle 10:45, dalle 12 alle 12:45, dalle 14 alle 14:45, dalle 16 alle 16:45, dalle 18 alle 18:45, dalle 20 alle 20:45. Dalle ore 20:45 alle ore 05:45 la circolazione dei veicoli e\u0300 consentita contemporaneamente in entrambi i sensi di marcia.\u00a0<\/em><\/p>\n<p>&nbsp;<\/p>\n<p>&nbsp;<\/p>\n<hr \/>\n<p>&nbsp;<\/p>\n<p><strong><span style=\"color: #ff0000;\">IERI POMERIGGIO IN MONTAGNA\u00a0<\/span><\/strong><\/p>\n<blockquote>\n<h2>BLOCCATO NEL VUOTO, RECUPERATO CON IL VERRICELLO<\/h2>\n<\/blockquote>\n<p><strong>AURONZO\u00a0 <\/strong>L&#8217; elicottero del Suem di Pieve di Cadore \u00e8 volato verso il Monte Paterno, ad Auronzo di Cadore, poich\u00e9 un escursionista si trovava in difficolt\u00e0. B.M.S., 28 anni, di Ravenna, era infatti sceso per un ripido canale roccioso a est del Ciadin del Passaporto, bloccandosi in bilico sul vuoto. Sbarcato con un verricello di 30 metri nelle vicinanze, il tecnico di elisoccorso si \u00e8 avvicinato il pi\u00f9 possibile, per poi attrezzare una sosta per calarsi e raggiungerlo. Assicurato l&#8217;escursionista, entrambi sono stati recuperati sempre con il verricello. Il ragazzo \u00e8 stato quindi accompagnato a valle.<\/p>\n<div dir=\"auto\"><strong>CORTINA<\/strong> Ll&#8217;eliambulanza \u00e8 stata inviata a Cortina d&#8217;Ampezzo, lungo la Ferrata Olivieri in Tofana, per due turisti polacchi di 33 anni, incapaci di proseguire a causa della neve. Entrambi sono stati recuperati a 2.800 metri di quota dal tecnico di elisoccorso calato con un verricello di 20 metri.<\/div>\n<p>&nbsp;<\/p>\n<p>&nbsp;<\/p>\n<p>&nbsp;<\/p>\n<hr \/>\n<blockquote>\n<h3><\/h3>\n<h3>INCIDENTE A FONZASO, IERI\u00a0 IN TARDA MATTINATA, MOTOCICLISTA IN OSPEDALE<\/h3>\n<\/blockquote>\n<p><strong>FONZASO<\/strong> Il sinistro, sulla cui ricostruzione stanno\u00a0 lavorando i Carabinieri di Feltre ha coinvolto una\u00a0 Hyundai condotta da\u00a0 R.V. 44 anni di Seren del Grappa e\u00a0 la moto\u00a0 Honda condotta da A.F. trentenne di Mezzano (Primiero). Entrambi i mezzi procedevano con direzione Fonzaso-Lamon. Il conducente dell&#8217;auto stava svoltando a sinistra con la moto in fase di sorpasso. Il motociclista \u00e8 ricoverato a Feltre e non \u00e8 in pericolo di vita.<\/p>\n\n\t\t\t<style type='text\/css'>\n\t\t\t\t#gallery-2 {\n\t\t\t\t\tmargin: auto;\n\t\t\t\t}\n\t\t\t\t#gallery-2 .gallery-item {\n\t\t\t\t\tfloat: left;\n\t\t\t\t\tmargin-top: 10px;\n\t\t\t\t\ttext-align: center;\n\t\t\t\t\twidth: 33%;\n\t\t\t\t}\n\t\t\t\t#gallery-2 img {\n\t\t\t\t\tborder: 2px solid #cfcfcf;\n\t\t\t\t}\n\t\t\t\t#gallery-2 .gallery-caption {\n\t\t\t\t\tmargin-left: 0;\n\t\t\t\t}\n\t\t\t\t\/* see gallery_shortcode() in wp-includes\/media.php *\/\n\t\t\t<\/style>\n\t\t<div id='gallery-2' class='dt-gallery-container gallery galleryid-217447 gallery-columns-3 gallery-size-thumbnail'><dl class='gallery-item'>\n\t\t\t\t<dt class='gallery-icon landscape'>\n\t\t\t\t\t<a class=\"rollover rollover-zoom dt-pswp-item\" title=\"ffeb68f9-27f7-4488-9cb5-b1426e04931b\" data-dt-img-description=\"\" data-large_image_width=\"800\" data-large_image_height=\"600\"href='https:\/\/www.radiopiu.net\/wordpress\/wp-content\/uploads\/2021\/06\/ffeb68f9-27f7-4488-9cb5-b1426e04931b.jpg'><img loading=\"lazy\" decoding=\"async\" width=\"150\" height=\"150\" src=\"https:\/\/www.radiopiu.net\/wordpress\/wp-content\/uploads\/2021\/06\/ffeb68f9-27f7-4488-9cb5-b1426e04931b-150x150.jpg\" class=\"attachment-thumbnail size-thumbnail\" alt=\"\" \/><\/a>\n\t\t\t\t<\/dt><\/dl><dl class='gallery-item'>\n\t\t\t\t<dt class='gallery-icon portrait'>\n\t\t\t\t\t<a class=\"rollover rollover-zoom dt-pswp-item\" title=\"ec076e20-2675-4c47-9409-1a07a63f1f7a\" data-dt-img-description=\"\" data-large_image_width=\"600\" data-large_image_height=\"800\"href='https:\/\/www.radiopiu.net\/wordpress\/wp-content\/uploads\/2021\/06\/ec076e20-2675-4c47-9409-1a07a63f1f7a-1.jpg'><img loading=\"lazy\" decoding=\"async\" width=\"150\" height=\"150\" src=\"https:\/\/www.radiopiu.net\/wordpress\/wp-content\/uploads\/2021\/06\/ec076e20-2675-4c47-9409-1a07a63f1f7a-1-150x150.jpg\" class=\"attachment-thumbnail size-thumbnail\" alt=\"\" \/><\/a>\n\t\t\t\t<\/dt><\/dl><dl class='gallery-item'>\n\t\t\t\t<dt class='gallery-icon landscape'>\n\t\t\t\t\t<a class=\"rollover rollover-zoom dt-pswp-item\" title=\"dffd47cb-34d2-4bf9-a64e-7d601aa55df5\" data-dt-img-description=\"\" data-large_image_width=\"800\" data-large_image_height=\"600\"href='https:\/\/www.radiopiu.net\/wordpress\/wp-content\/uploads\/2021\/06\/dffd47cb-34d2-4bf9-a64e-7d601aa55df5-1.jpg'><img loading=\"lazy\" decoding=\"async\" width=\"150\" height=\"150\" src=\"https:\/\/www.radiopiu.net\/wordpress\/wp-content\/uploads\/2021\/06\/dffd47cb-34d2-4bf9-a64e-7d601aa55df5-1-150x150.jpg\" class=\"attachment-thumbnail size-thumbnail\" alt=\"\" \/><\/a>\n\t\t\t\t<\/dt><\/dl><br style=\"clear: both\" \/>\n\t\t\t<\/div>\n\n<p>&nbsp;<\/p>\n<hr \/>\n<p>&nbsp;<\/p>\n<blockquote>\n<h3><a href=\"https:\/\/www.radiopiu.net\/wordpress\/giornale-radiopiu-23-giugno-2021-direttore-mirko-mezzacasa\/146525ee-ffc1-482a-b283-0a63cd282b57\/\" rel=\"attachment wp-att-217650\"><img loading=\"lazy\" decoding=\"async\" class=\"wp-image-217650 alignleft\" src=\"https:\/\/www.radiopiu.net\/wordpress\/wp-content\/uploads\/2021\/06\/146525ee-ffc1-482a-b283-0a63cd282b57-225x300.jpg\" alt=\"\" width=\"200\" height=\"267\" srcset=\"https:\/\/www.radiopiu.net\/wordpress\/wp-content\/uploads\/2021\/06\/146525ee-ffc1-482a-b283-0a63cd282b57-225x300.jpg 225w, https:\/\/www.radiopiu.net\/wordpress\/wp-content\/uploads\/2021\/06\/146525ee-ffc1-482a-b283-0a63cd282b57-768x1024.jpg 768w, https:\/\/www.radiopiu.net\/wordpress\/wp-content\/uploads\/2021\/06\/146525ee-ffc1-482a-b283-0a63cd282b57-1152x1536.jpg 1152w, https:\/\/www.radiopiu.net\/wordpress\/wp-content\/uploads\/2021\/06\/146525ee-ffc1-482a-b283-0a63cd282b57.jpg 1536w\" sizes=\"auto, (max-width: 200px) 100vw, 200px\" \/><\/a>PAURA SUL BUS, LA PORSCHE LO URTA<\/h3>\n<\/blockquote>\n<p><strong>BELLUNO<\/strong> Ieri mattina in via Simon da Cusighe \u00a0un pullman della linea Dolomitibus \u00e8 stato urtato da una Porsche in un tratto di strada\u00a0 dove il transito \u00e8 previsto in un senso unicamente per i mezzi pubblici. L&#8217;auto stava quindi uscendo dalla citt\u00e0 mentre il saliva, l&#8217;auto ha\u00a0 centrato il mezzo pubblico. Nessun segno di frenata. Fortunatamente non si \u00e8 fatto male nessuno. Sul posto in pochi minuti sono intervenuti i carabinieri, i vigili del fuoco e la polizia locale oltre.<\/p>\n<p>&nbsp;<\/p>\n<p>&nbsp;<\/p>\n<p>&nbsp;<\/p>\n<p>&nbsp;<\/p>\n<hr \/>\n<blockquote>\n<hr \/>\n<h3><\/h3>\n<h3>TAMPONAMENTO IN GALLERIA<\/h3>\n<p><strong>ROCCA PIETORE<\/strong> Ieri mattina alle 10.30 a Malga Ciapela una Bmw e una Yamaha sono entrate in collisione all&#8217;interno della galleria sopra Sottoguda. Sul posto i volontari ambulanza che hanno accompagnato i motociclisti in ospedale ad Agordo per accertamenti. Sul posto Carabinieri e Vigili del fuoco.<\/p><\/blockquote>\n<p>&nbsp;<\/p>\n<p>&nbsp;<\/p>\n<p>&nbsp;<\/p>\n<hr \/>\n<p>&nbsp;<\/p>\n<p>&nbsp;<\/p>\n<p><span style=\"color: #ff0000;\"><strong>QUANDO CON L&#8217;AUTOVELOX A FARE CASSA&#8230; SONO GLI ALTRI&#8230; E POTREBBE ESSERE SOLO L&#8217;INIZIO DEI SANZIONATI PER LA VELOCITA&#8217;<\/strong><\/span><\/p>\n<blockquote>\n<h2>AUTOVELOX DI BRENTA: VERBALI INCOMPLETI E MULTE ANNULLATE E IL COMUNE PAGA 4700 EURO DI SPESE PROCESSUALI<\/h2>\n<p><em>Il giudice ha rilevato che nei verbali c&#8217;erano discordanze, addirittura in qualche caso nel verbale non \u00e8 stata riportata in maniera dettagliata l&#8217;indicazione della localit\u00e0 e della progressiva chilometrica. Fatto da chiarire con la Sd Service di Rovigo che gestisce l&#8217;autovelox.<\/em><\/p><\/blockquote>\n<p><strong><a href=\"https:\/\/www.radiopiu.net\/wordpress\/giornale-radiopiu-23-giugno-2021-direttore-mirko-mezzacasa\/th-147\/\" rel=\"attachment wp-att-217651\"><img loading=\"lazy\" decoding=\"async\" class=\" wp-image-217651 alignleft\" src=\"https:\/\/www.radiopiu.net\/wordpress\/wp-content\/uploads\/2021\/06\/th-20.jpg\" alt=\"\" width=\"212\" height=\"182\" \/><\/a>LIVINALLONGO<\/strong> Il Giudice di Pace di Belluno ha depennato quattro sanzioni che il Comune di Livinallongo non incasser\u00e0, le prossime volte ci vorr\u00e0 pi\u00f9 attenzione nella compilazione dei verbali per il giudice incompleti. Saranno gli unici casi o a catena gli automibilisti seguiranno la stessa procedura legale? Il Comune \u00e8\u00a0 stato costretto a riconoscere un debito fuori bilancio per le spese processuali a suo carico. La vicenda \u00e8 stata resa nota dalla minoranza, grazie all&#8217;interrogazione presenta in consiglio comunale si \u00e8 sviluppato il dibattito. &#8220;Ci risulta &#8211; hanno rimarcato\u00a0 i consiglieri\u00a0 Daniela Templari, Claudio Sorarui e Silvia De Dorigo Delmonego\u00a0 che molti automobilisti cui era stata comminata una multa per la trasgressione del limite di velocit\u00e0 a Brenta abbiano avanzato opposizione contro le sanzioni. Per quale motivo la multa \u00e8 stata annullata? Come mai il rilevatore non rispetta le normative di legge vigenti? Come intende comportarsi l&#8217;amministrazione nei confronti dei residenti e non che sono stati ingiustamente sanzionati e con diligenza hanno pagato le cifre richieste? Fatto grave, tra l&#8217;altro, che ci\u00f2 ha comportato anche la decurtazione dei tanto preziosi punti della patente&#8221;.<\/p>\n<p>&nbsp;<\/p>\n<p>&nbsp;<\/p>\n<p>&nbsp;<\/p>\n<hr \/>\n<p>&nbsp;<\/p>\n<blockquote>\n<h2>LE COMUNITA&#8217; ALLA POLITICA CHIEDONO RISPETTO. &#8220;GIU&#8217; LE MANI DALLA NOSTRA TERRA&#8221;<\/h2>\n<\/blockquote>\n<blockquote>\n<h3>E&#8217; sempre no, chiaro e rotondo sul collegamento sciistico Cortina-Arabba<\/h3>\n<\/blockquote>\n<p><strong><a href=\"https:\/\/www.radiopiu.net\/wordpress\/le-comunita-alla-politica-chiedono-rispetto-giu-le-mani-dalla-nostra-terra\/ll-300x169\/\" rel=\"attachment wp-att-217531\"><img loading=\"lazy\" decoding=\"async\" class=\"size-full wp-image-217531 alignleft\" src=\"https:\/\/www.radiopiu.net\/wordpress\/wp-content\/uploads\/2021\/06\/ll-300x169-1.jpg\" alt=\"\" width=\"300\" height=\"169\" \/><\/a>LIVINALLONGO<\/strong> Dal comitato &#8220;Ju le man da nosta Tiera&#8221; il concetto viene ribadito, ma in questa occasione con l&#8217;invito alla Regione a schiarirsi le idee, altrimenti il rispetto per le comunit\u00e0 \u00e8 altra cosa.\u00a0 In Commissione Ambiente della Camera dei Deputati a fine aprile l&#8217;assessore \u00a0Federico Caner, aveva dichiarato che l\u2019ipotesi progettuale di collegare con impianti a fune il comprensorio sciistico di Arabba con quello di Cortina d\u2019Ampezzo, passando per la Montagna di Castello, la Forcella Sief e la Montagna di Corte <em>\u201cnon \u00e8 mai stata formalmente presentata alla RegioneVeneto e che essa non \u00e8 realizzabile per la presenza di alcuni vincoli normativi imposti dalla Legge Pecoraro Scanio\u201d<\/em> e che quindi <em>\u201cnon \u00e8 mai stata presa in considerazione dalla Regione in quanto il progetto \u00e8 sostenuto solo da alcuni imprenditori privati. La Regione del Veneto -ha aggiunto- ad oggi non ha alcun progetto concreto a riguardo\u201d.\u00a0<\/em>Il 16 giugno nel punto stampa da Marghera il\u00a0 Presidente della Giunta Regionale del Veneto, Luca Zaia, ha ribadito che uno degli obiettivi della Regione in vista delle Olimpiadi del 2026 \u00e8\u00a0<em> \u201cla realizzazione dei collegamenti intervallivi, collegando Cortina ad Arabba e Cortina con il Civetta.<\/em>\u201d Il Presidente Zaia, che ha definito questo progetto<em> \u201cun suo pallino\u201d<\/em>, ha poi proseguito con queste testuali parole: <em>\u2026noi faremo un percorso sugli sci che sar\u00e0 il doppio del Sellaronda<\/em><\/p>\n<blockquote><p><em>&#8220;Ci chiediamo &#8211; dice Denni Dorigo a nome del Comitato &#8211;\u00a0 come faccia la Regione del Veneto a sostenere due posizioni diametralmente opposte, esposte da due membri della stessa Giunta Regionale: qualcuno sta prendendo in giro le comunit\u00e0 locali, che a parole si dice vadano sempre ascoltate e che nella realt\u00e0 non sono neppure tenute in considerazione. Questo modo di Venezia di amministrare la montagna, imponendosi e pensando di poter dire e fare tutto e il contrario di tutto senza ascoltare i territori, \u00e8 irritante e irrispettoso. Invitiamo pertanto i politici veneti ad esprimersi in modo pi\u00f9 chiaro su questo progetto e ad avere pi\u00f9 rispetto per coloro che queste terre le vivono 365 giorni all\u2019anno&#8221;.<\/em><\/p><\/blockquote>\n<p>&nbsp;<\/p>\n<p><span style=\"color: #ff0000;\"><strong>ARCHIVIO RADIO PIU 16 GIUGNO 2021<\/strong><\/span><\/p>\n<p><span style=\"color: #000000;\"><strong><em><img loading=\"lazy\" decoding=\"async\" class=\"alignleft\" src=\"https:\/\/www.radiopiu.net\/wordpress\/wp-content\/uploads\/2020\/10\/ARABBA-FUNIVIE.jpg\" width=\"274\" height=\"112\" \/>Quando il treno passa due volte&#8230;<\/em><\/strong><\/span><\/p>\n<p><strong>VENEZIA<\/strong> In conferenza stampa Zaia ha parlato delle Olimpiadi perch\u00e9 domani andr\u00e0 a Roma per incontrare il Ministro. Ha parlato del ritardo nella realizzazione delle infrastrutture ma anche della necessit\u00e0 di collegamenti intervallivi con Arabba e il Civetta. Questo il suo intervento.\u00a0<em> &#8220;Faremo un percorso doppio del Sella Ronda&#8221;<\/em><\/p>\n<p>&nbsp;<\/p>\n<audio class=\"wp-audio-shortcode\" id=\"audio-217447-2\" preload=\"none\" style=\"width: 100%;\" controls=\"controls\"><source type=\"audio\/mpeg\" src=\"https:\/\/www.radiopiu.net\/wordpress\/wp-content\/uploads\/2021\/06\/zaia-olimpiadi.mp3?_=2\" \/><a href=\"https:\/\/www.radiopiu.net\/wordpress\/wp-content\/uploads\/2021\/06\/zaia-olimpiadi.mp3\">https:\/\/www.radiopiu.net\/wordpress\/wp-content\/uploads\/2021\/06\/zaia-olimpiadi.mp3<\/a><\/audio>\n<p>&nbsp;<\/p>\n<p>&nbsp;<\/p>\n<h3><span style=\"color: #ff0000;\">ARCHIVIO RADIO PIU 20\u00a0 FEBBRAIO 2020<\/span><\/h3>\n<blockquote>\n<h3>DA FODOM: NO SECCO AL COLLEGAMENTO CON CORTINA, OLTRE 200 PERSONE PER LA NASCITA DEL COMITATO<\/h3>\n<\/blockquote>\n<p><strong>LIVINALLONGO<\/strong> Una serata ben orchestrata da Denni Dorigo ha dato il l\u00e0 ad un nuovo comitato contro i nuovi impianti sull&#8217; inno degli &#8220;Ingordi&#8221; scritto da Don Dario Fontana e &#8220;cantato&#8221; da almeno 200 persone al Taulac di Pieve di Livinallongo. No alla monocultura dello sci, quello che c&#8217;\u00e8 \u00e8 sufficiente e il territorio ha bisogno di ben altro hanno detto in coro i Fodom. Nella sala gremita in ogni ordine di posto nessuna voce fuori dal coro. Da tutti il no ad un carosello su luoghi di Guerra e immacolati. Radio Pi\u00f9 lo ha testimoniato con la diretta facebook che riproponiamo nella sequenza di video<\/p>\n<p><strong>\u00a0LO SPECIALE ALLA RADIO<\/strong><\/p>\n<p><strong>CON DENNI DORIGO<\/strong><\/p>\n<audio class=\"wp-audio-shortcode\" id=\"audio-217447-3\" preload=\"none\" style=\"width: 100%;\" controls=\"controls\"><source type=\"audio\/mpeg\" src=\"https:\/\/www.radiopiu.net\/wordpress\/wp-content\/uploads\/2020\/02\/denni-dorigo-scade-martedi.mp3?_=3\" \/><a href=\"https:\/\/www.radiopiu.net\/wordpress\/wp-content\/uploads\/2020\/02\/denni-dorigo-scade-martedi.mp3\">https:\/\/www.radiopiu.net\/wordpress\/wp-content\/uploads\/2020\/02\/denni-dorigo-scade-martedi.mp3<\/a><\/audio>\n<p>&nbsp;<\/p>\n<hr \/>\n<p>&nbsp;<\/p>\n<blockquote>\n<h2><\/h2>\n<h2>VIALE EUROPA DIFRONTE AL MUNICIPIO: SENZA DIGNITA&#8217; E ALLA &#8220;BAITA DEL BIANCO&#8221; LA VORAGINE<\/h2>\n<\/blockquote>\n<p>&nbsp;<\/p>\n<p><strong>VOLTAGO<\/strong><\/p>\n<p><strong>DI GIANNI SANTOMASO\u00a0<\/strong><\/p>\n<audio class=\"wp-audio-shortcode\" id=\"audio-217447-4\" preload=\"none\" style=\"width: 100%;\" controls=\"controls\"><source type=\"audio\/mpeg\" src=\"https:\/\/www.radiopiu.net\/wordpress\/wp-content\/uploads\/2021\/06\/GIANNI-VOLTAGO-1.mp3?_=4\" \/><a href=\"https:\/\/www.radiopiu.net\/wordpress\/wp-content\/uploads\/2021\/06\/GIANNI-VOLTAGO-1.mp3\">https:\/\/www.radiopiu.net\/wordpress\/wp-content\/uploads\/2021\/06\/GIANNI-VOLTAGO-1.mp3<\/a><\/audio>\n<p>&nbsp;<\/p>\n<blockquote>\n<h3>VIALE EUROPA<\/h3>\n<\/blockquote>\n\n\t\t\t<style type='text\/css'>\n\t\t\t\t#gallery-3 {\n\t\t\t\t\tmargin: auto;\n\t\t\t\t}\n\t\t\t\t#gallery-3 .gallery-item {\n\t\t\t\t\tfloat: left;\n\t\t\t\t\tmargin-top: 10px;\n\t\t\t\t\ttext-align: center;\n\t\t\t\t\twidth: 25%;\n\t\t\t\t}\n\t\t\t\t#gallery-3 img {\n\t\t\t\t\tborder: 2px solid #cfcfcf;\n\t\t\t\t}\n\t\t\t\t#gallery-3 .gallery-caption {\n\t\t\t\t\tmargin-left: 0;\n\t\t\t\t}\n\t\t\t\t\/* see gallery_shortcode() in wp-includes\/media.php *\/\n\t\t\t<\/style>\n\t\t<div id='gallery-3' class='dt-gallery-container gallery galleryid-217447 gallery-columns-4 gallery-size-thumbnail'><dl class='gallery-item'>\n\t\t\t\t<dt class='gallery-icon landscape'>\n\t\t\t\t\t<a class=\"rollover rollover-zoom dt-pswp-item\" title=\"d5b63346-c309-4a66-a5f1-28cef90f1a4e\" data-dt-img-description=\"\" data-large_image_width=\"1600\" data-large_image_height=\"901\"href='https:\/\/www.radiopiu.net\/wordpress\/wp-content\/uploads\/2021\/06\/d5b63346-c309-4a66-a5f1-28cef90f1a4e.jpg'><img loading=\"lazy\" decoding=\"async\" width=\"150\" height=\"150\" src=\"https:\/\/www.radiopiu.net\/wordpress\/wp-content\/uploads\/2021\/06\/d5b63346-c309-4a66-a5f1-28cef90f1a4e-150x150.jpg\" class=\"attachment-thumbnail size-thumbnail\" alt=\"\" \/><\/a>\n\t\t\t\t<\/dt><\/dl><dl class='gallery-item'>\n\t\t\t\t<dt class='gallery-icon portrait'>\n\t\t\t\t\t<a class=\"rollover rollover-zoom dt-pswp-item\" title=\"abded92a-2214-412a-aa32-59c58c147800\" data-dt-img-description=\"\" data-large_image_width=\"901\" data-large_image_height=\"1600\"href='https:\/\/www.radiopiu.net\/wordpress\/wp-content\/uploads\/2021\/06\/abded92a-2214-412a-aa32-59c58c147800.jpg'><img loading=\"lazy\" decoding=\"async\" width=\"150\" height=\"150\" src=\"https:\/\/www.radiopiu.net\/wordpress\/wp-content\/uploads\/2021\/06\/abded92a-2214-412a-aa32-59c58c147800-150x150.jpg\" class=\"attachment-thumbnail size-thumbnail\" alt=\"\" \/><\/a>\n\t\t\t\t<\/dt><\/dl><dl class='gallery-item'>\n\t\t\t\t<dt class='gallery-icon landscape'>\n\t\t\t\t\t<a class=\"rollover rollover-zoom dt-pswp-item\" title=\"2f31ba65-62c2-491a-b874-5ebf59cafdc3\" data-dt-img-description=\"\" data-large_image_width=\"1600\" data-large_image_height=\"901\"href='https:\/\/www.radiopiu.net\/wordpress\/wp-content\/uploads\/2021\/06\/2f31ba65-62c2-491a-b874-5ebf59cafdc3.jpg'><img loading=\"lazy\" decoding=\"async\" width=\"150\" height=\"150\" src=\"https:\/\/www.radiopiu.net\/wordpress\/wp-content\/uploads\/2021\/06\/2f31ba65-62c2-491a-b874-5ebf59cafdc3-150x150.jpg\" class=\"attachment-thumbnail size-thumbnail\" alt=\"\" \/><\/a>\n\t\t\t\t<\/dt><\/dl><dl class='gallery-item'>\n\t\t\t\t<dt class='gallery-icon portrait'>\n\t\t\t\t\t<a class=\"rollover rollover-zoom dt-pswp-item\" title=\"9880e72d-064c-40a3-ac10-44adea439e1c\" data-dt-img-description=\"\" data-large_image_width=\"901\" data-large_image_height=\"1600\"href='https:\/\/www.radiopiu.net\/wordpress\/wp-content\/uploads\/2021\/06\/9880e72d-064c-40a3-ac10-44adea439e1c.jpg'><img loading=\"lazy\" decoding=\"async\" width=\"150\" height=\"150\" src=\"https:\/\/www.radiopiu.net\/wordpress\/wp-content\/uploads\/2021\/06\/9880e72d-064c-40a3-ac10-44adea439e1c-150x150.jpg\" class=\"attachment-thumbnail size-thumbnail\" alt=\"\" \/><\/a>\n\t\t\t\t<\/dt><\/dl><br style=\"clear: both\" \/>\n\t\t\t<\/div>\n\n<blockquote>\n<h3>POI &#8211; FRASSENE<\/h3>\n<\/blockquote>\n<p>&nbsp;<\/p>\n\n\t\t\t<style type='text\/css'>\n\t\t\t\t#gallery-4 {\n\t\t\t\t\tmargin: auto;\n\t\t\t\t}\n\t\t\t\t#gallery-4 .gallery-item {\n\t\t\t\t\tfloat: left;\n\t\t\t\t\tmargin-top: 10px;\n\t\t\t\t\ttext-align: center;\n\t\t\t\t\twidth: 25%;\n\t\t\t\t}\n\t\t\t\t#gallery-4 img {\n\t\t\t\t\tborder: 2px solid #cfcfcf;\n\t\t\t\t}\n\t\t\t\t#gallery-4 .gallery-caption {\n\t\t\t\t\tmargin-left: 0;\n\t\t\t\t}\n\t\t\t\t\/* see gallery_shortcode() in wp-includes\/media.php *\/\n\t\t\t<\/style>\n\t\t<div id='gallery-4' class='dt-gallery-container gallery galleryid-217447 gallery-columns-4 gallery-size-thumbnail'><dl class='gallery-item'>\n\t\t\t\t<dt class='gallery-icon landscape'>\n\t\t\t\t\t<a class=\"rollover rollover-zoom dt-pswp-item\" title=\"poi frassene (1)\" data-dt-img-description=\"\" data-large_image_width=\"1600\" data-large_image_height=\"901\"href='https:\/\/www.radiopiu.net\/wordpress\/wp-content\/uploads\/2021\/06\/poi-frassene-1.jpg'><img loading=\"lazy\" decoding=\"async\" width=\"150\" height=\"150\" src=\"https:\/\/www.radiopiu.net\/wordpress\/wp-content\/uploads\/2021\/06\/poi-frassene-1-150x150.jpg\" class=\"attachment-thumbnail size-thumbnail\" alt=\"\" \/><\/a>\n\t\t\t\t<\/dt><\/dl><dl class='gallery-item'>\n\t\t\t\t<dt class='gallery-icon landscape'>\n\t\t\t\t\t<a class=\"rollover rollover-zoom dt-pswp-item\" title=\"08d12842-e435-4214-8654-402ee728752f\" data-dt-img-description=\"\" data-large_image_width=\"1600\" data-large_image_height=\"901\"href='https:\/\/www.radiopiu.net\/wordpress\/wp-content\/uploads\/2021\/06\/08d12842-e435-4214-8654-402ee728752f.jpg'><img loading=\"lazy\" decoding=\"async\" width=\"150\" height=\"150\" src=\"https:\/\/www.radiopiu.net\/wordpress\/wp-content\/uploads\/2021\/06\/08d12842-e435-4214-8654-402ee728752f-150x150.jpg\" class=\"attachment-thumbnail size-thumbnail\" alt=\"\" \/><\/a>\n\t\t\t\t<\/dt><\/dl><dl class='gallery-item'>\n\t\t\t\t<dt class='gallery-icon landscape'>\n\t\t\t\t\t<a class=\"rollover rollover-zoom dt-pswp-item\" title=\"poi frassene (2)\" data-dt-img-description=\"\" data-large_image_width=\"1600\" data-large_image_height=\"901\"href='https:\/\/www.radiopiu.net\/wordpress\/wp-content\/uploads\/2021\/06\/poi-frassene-2-1.jpg'><img loading=\"lazy\" decoding=\"async\" width=\"150\" height=\"150\" src=\"https:\/\/www.radiopiu.net\/wordpress\/wp-content\/uploads\/2021\/06\/poi-frassene-2-1-150x150.jpg\" class=\"attachment-thumbnail size-thumbnail\" alt=\"\" \/><\/a>\n\t\t\t\t<\/dt><\/dl><dl class='gallery-item'>\n\t\t\t\t<dt class='gallery-icon landscape'>\n\t\t\t\t\t<a class=\"rollover rollover-zoom dt-pswp-item\" title=\"26be19a4-7312-4108-b860-0f194760497e\" data-dt-img-description=\"\" data-large_image_width=\"1600\" data-large_image_height=\"901\"href='https:\/\/www.radiopiu.net\/wordpress\/wp-content\/uploads\/2021\/06\/26be19a4-7312-4108-b860-0f194760497e.jpg'><img loading=\"lazy\" decoding=\"async\" width=\"150\" height=\"150\" src=\"https:\/\/www.radiopiu.net\/wordpress\/wp-content\/uploads\/2021\/06\/26be19a4-7312-4108-b860-0f194760497e-150x150.jpg\" class=\"attachment-thumbnail size-thumbnail\" alt=\"\" \/><\/a>\n\t\t\t\t<\/dt><\/dl><br style=\"clear: both\" \/>\n\t\t\t<\/div>\n\n<blockquote>\n<h2><\/h2>\n<\/blockquote>\n<hr \/>\n<h2><\/h2>\n<blockquote>\n<h2>UNA RACCOLTA DI FIRME PER SEGNALARE IL DISSESTO DI VILLALTA<\/h2>\n<\/blockquote>\n<p><strong>AGORDO<\/strong> Il gruppo Agordo Cambia accoglie la protesta di alcuni cittadini e la fa propria presentandola a Palazzo Marconi. A muovere i consiglieri comunali una raccolta di firme (4 fogli, 59 autografi) e la documentazione fotografica che presenta via ViIlalta.<em> &#8220;Diamo voce alla segnalazione dei cittadini di Agordo &#8211; dicono i consiglieri &#8211;\u00a0 \u00a0per\u00a0 sensibilizzare l\u2019Amministrazione Comunale alla realizzazione di lavori urgenti per la sistemazione del Vicolo Villalta. Da quanto si evince dalla documentazione fotografica di corredo, il piano viabile presenta dissesti in vari punti e il contesto, oltre ad offrire un cattivo biglietto da visita, costituisce un pericolo per i pedoni: risale a circa un mese fa la caduta di una signora di 86 anni, che ha dato luogo alla mozione per la raccolta firme&#8221;. <\/em>Infine il suggerimento operativo: la posa in opera di una pavimentazione di cubetti in porfido,\u00a0 pi\u00f9 onerosa inizialmente, ma \u00a0 pi\u00f9 elegante e contestualizzata, anche in una visione futura in termini di manutenzione.<\/p>\n\n\t\t\t<style type='text\/css'>\n\t\t\t\t#gallery-5 {\n\t\t\t\t\tmargin: auto;\n\t\t\t\t}\n\t\t\t\t#gallery-5 .gallery-item {\n\t\t\t\t\tfloat: left;\n\t\t\t\t\tmargin-top: 10px;\n\t\t\t\t\ttext-align: center;\n\t\t\t\t\twidth: 33%;\n\t\t\t\t}\n\t\t\t\t#gallery-5 img {\n\t\t\t\t\tborder: 2px solid #cfcfcf;\n\t\t\t\t}\n\t\t\t\t#gallery-5 .gallery-caption {\n\t\t\t\t\tmargin-left: 0;\n\t\t\t\t}\n\t\t\t\t\/* see gallery_shortcode() in wp-includes\/media.php *\/\n\t\t\t<\/style>\n\t\t<div id='gallery-5' class='dt-gallery-container gallery galleryid-217447 gallery-columns-3 gallery-size-thumbnail'><dl class='gallery-item'>\n\t\t\t\t<dt class='gallery-icon portrait'>\n\t\t\t\t\t<a class=\"rollover rollover-zoom dt-pswp-item\" title=\"foto due\" data-dt-img-description=\"\" data-large_image_width=\"1920\" data-large_image_height=\"2560\"href='https:\/\/www.radiopiu.net\/wordpress\/wp-content\/uploads\/2021\/06\/foto-due-scaled.jpg'><img loading=\"lazy\" decoding=\"async\" width=\"150\" height=\"150\" src=\"https:\/\/www.radiopiu.net\/wordpress\/wp-content\/uploads\/2021\/06\/foto-due-150x150.jpg\" class=\"attachment-thumbnail size-thumbnail\" alt=\"\" \/><\/a>\n\t\t\t\t<\/dt><\/dl><dl class='gallery-item'>\n\t\t\t\t<dt class='gallery-icon portrait'>\n\t\t\t\t\t<a class=\"rollover rollover-zoom dt-pswp-item\" title=\"foto tre\" data-dt-img-description=\"\" data-large_image_width=\"960\" data-large_image_height=\"1280\"href='https:\/\/www.radiopiu.net\/wordpress\/wp-content\/uploads\/2021\/06\/foto-tre.jpg'><img loading=\"lazy\" decoding=\"async\" width=\"150\" height=\"150\" src=\"https:\/\/www.radiopiu.net\/wordpress\/wp-content\/uploads\/2021\/06\/foto-tre-150x150.jpg\" class=\"attachment-thumbnail size-thumbnail\" alt=\"\" \/><\/a>\n\t\t\t\t<\/dt><\/dl><dl class='gallery-item'>\n\t\t\t\t<dt class='gallery-icon portrait'>\n\t\t\t\t\t<a class=\"rollover rollover-zoom dt-pswp-item\" title=\"foto uno\" data-dt-img-description=\"\" data-large_image_width=\"960\" data-large_image_height=\"1280\"href='https:\/\/www.radiopiu.net\/wordpress\/wp-content\/uploads\/2021\/06\/foto-uno.jpg'><img loading=\"lazy\" decoding=\"async\" width=\"150\" height=\"150\" src=\"https:\/\/www.radiopiu.net\/wordpress\/wp-content\/uploads\/2021\/06\/foto-uno-150x150.jpg\" class=\"attachment-thumbnail size-thumbnail\" alt=\"\" \/><\/a>\n\t\t\t\t<\/dt><\/dl><br style=\"clear: both\" \/>\n\t\t\t<\/div>\n\n<p>&nbsp;<\/p>\n<p>&nbsp;<\/p>\n<hr \/>\n<blockquote>\n<h2><\/h2>\n<h2>LE FUSIONI DI COMUNI DEL VENETO \u201cPREMIATE\u201d DALLO STATO: DAL 2014 HANNO OTTENUTO 41 MILIONI DI EURO.<\/h2>\n<\/blockquote>\n<blockquote>\n<h3><em>La Fondazione Think Tank Nord Est ritiene fondamentale il nuovo Piano di riordino territoriale della Regione Veneto: con l\u2019aggregazione dei Comuni pi\u00f9 risorse alle comunit\u00e0 locali e servizi migliori nei Municipi pi\u00f9 piccoli.<\/em><\/h3>\n<\/blockquote>\n<p><strong><a href=\"https:\/\/www.radiopiu.net\/wordpress\/le-fusioni-di-comuni-del-veneto-premiate-dallo-stato-dal-2014-hanno-ottenuto-41-milioni-di-euro\/ertertert\/\" rel=\"attachment wp-att-217517\"><img loading=\"lazy\" decoding=\"async\" class=\"size-medium wp-image-217517 alignleft\" src=\"https:\/\/www.radiopiu.net\/wordpress\/wp-content\/uploads\/2021\/06\/ERTERTERT-300x182.jpg\" alt=\"\" width=\"300\" height=\"182\" srcset=\"https:\/\/www.radiopiu.net\/wordpress\/wp-content\/uploads\/2021\/06\/ERTERTERT-300x182.jpg 300w, https:\/\/www.radiopiu.net\/wordpress\/wp-content\/uploads\/2021\/06\/ERTERTERT.jpg 514w\" sizes=\"auto, (max-width: 300px) 100vw, 300px\" \/><\/a>VENEZIA<\/strong> Riparte in Veneto il Piano di riordino territoriale, che potrebbe rilanciare le aggregazioni tra i piccoli Comuni. I Municipi con meno di 5.000 abitanti in Veneto sono il 51% e otterrebbero ingenti contributi statali, erogati per 10 anni, nel caso in cui optassero per la fusione. Secondo l\u2019ultimo studio della Fondazione Think Tank Nord Est, le fusioni di Comuni approvate in Veneto hanno finora beneficiato di importanti incentivi: tra il 2014 e il 2021 sono arrivati oltre 41 milioni di euro di contributi dallo Stato. A questi, poi, si aggiungono ulteriori risorse stanziate dalla Regione Veneto, pari a circa 7 milioni di euro, ed altre forme di premialit\u00e0. A livello pro capite, il Comune pi\u00f9 sovvenzionato \u00e8 Val di Zoldo, con 239 euro all\u2019anno per abitante. Valbrenta ha ottenuto 187 euro per cittadino, Longarone 185, Alpago 173. Il valore medio per le fusioni del Veneto \u00e8 di 151 euro all\u2019anno per abitante. Se invece consideriamo il contributo medio per anno, primeggia Borgo Valbelluna, la fusione pi\u00f9 popolosa con 13.407 abitanti, cui va circa 1,9 milioni di euro. In valore assoluto, spiccano invece i numeri delle fusioni \u201cpi\u00f9 vecchie\u201d: Longarone ha gi\u00e0 ottenuto 7,6 milioni di euro, Alpago 5,8 milioni. Tuttavia, nonostante i cospicui incentivi statali, le fusioni dei Comuni faticano a decollare in Veneto, dove circa la met\u00e0 dei referendum \u00e8 stata bocciata. Nel complesso, si sono tenute 29 consultazioni: 14 sono state approvate (anche se in due casi solo parzialmente, perch\u00e9 un Comune non ha aderito alla fusione) e 15 sono state respinte. Nel Vicentino si registra il numero massimo di referendum, con 8 tentativi, di cui 5 andati a buon fine. 5 le consultazioni approvate anche in provincia di Belluno, su 7 tentativi. 2 successi e 3 fallimenti nel Padovano, una sola approvazione su 3 referendum nel Trevigiano e nel Rodigino. Nessuna fusione approvata in provincia di Verona, al cospetto di 3 rifiuti; mentre nel Veneziano non si \u00e8 tenuto ancora alcun referendum.<\/p>\n<blockquote><p><em>\u201cOggi la fusione tra Municipi \u00e8 una grande occasione per il rilancio dei piccoli Comuni &#8211; spiega Antonio Ferrarelli, presidente della Fondazione Think Tank Nord Est &#8211; perch\u00e9 permette di ricostruire dal basso la propria identit\u00e0, allargando i tradizionali confini amministrativi per migliorare l\u2019efficienza e fornire servizi di qualit\u00e0 ai cittadini. La rinuncia al \u201ccampanile\u201d porta contributi e risparmi di costo: ci\u00f2 consente la realizzazione di progetti per la collettivit\u00e0, ma anche l\u2019organizzazione di uffici comunali pi\u00f9 preparati nei confronti delle richieste di popolazione e imprese. In questa prospettiva, il nuovo Piano di riordino territoriale della Regione Veneto pu\u00f2 dare la spinta decisiva ad una riforma fondamentale, evidenziando i vantaggi concreti per i cittadini. Considerando i benefici derivanti dalle aggregazioni &#8211; conclude Ferrarelli &#8211; auspichiamo che comunit\u00e0 e amministratori locali colgano questa opportunit\u00e0: diversamente, non si pu\u00f2 escludere che un provvedimento statale obblighi alla fusione tutti i Comuni al di sotto di una certa soglia demografica.\u201d<\/em><\/p><\/blockquote>\n<p>&nbsp;<\/p>\n<p>&nbsp;<\/p>\n<hr \/>\n<p>&nbsp;<\/p>\n<blockquote>\n<h3>FUSIONI, SCOPEL &#8220;COMUNITA&#8217; LOCALI LIBERE DI AUTO DETERMINARSI, GLI ERRORI PER QUESTIONI ECONOMICHE&#8221;<\/h3>\n<\/blockquote>\n<p><strong><a href=\"https:\/\/www.radiopiu.net\/wordpress\/giornale-radiopiu-05-gennaio-2019-direttore-mirko-mezzacasa\/download-479\/\" rel=\"attachment wp-att-71362\"><img loading=\"lazy\" decoding=\"async\" class=\" wp-image-71362 alignleft\" src=\"https:\/\/www.radiopiu.net\/wordpress\/wp-content\/uploads\/2019\/01\/download-2.jpg\" alt=\"\" width=\"140\" height=\"211\" \/><\/a><\/strong>Nel dibattito porta il suo contributo il sindaco di Seren del Grappa, Dario Scopel che \u00e8 anche membro del direttivo dell\u2019Associazione Nazionale Piccoli Comuni d\u2019Italia<em> \u201cQuello che trovo per\u00f2 completamente fuori luogo e addirittura controproducente \u00e8 che si voglia calare un processo di questo tipo dall\u2019alto, magari \u201cspingendolo\u201d con degli incentivi economici. Qualcuno addirittura &#8211; aggiunge Scopel &#8211; ha tirato in ballo, con un paragone che definire ardito \u00e8 eufemistico, quanto sta accadendo a livello calcistico con la fusione tra le tre maggiori societ\u00e0 della provincia: \u00e8 del tutto evidente che stiamo parlando di ambiti completamente diversi, senza tener conto che nuove societ\u00e0 sportive potrebbero eventualmente riformarsi in futuro, cosa naturalmente impensabile per un Comune\u201d.<\/em><\/p>\n<p><strong>AUDIO DARIO SCOPEL<\/strong><\/p>\n<audio class=\"wp-audio-shortcode\" id=\"audio-217447-5\" preload=\"none\" style=\"width: 100%;\" controls=\"controls\"><source type=\"audio\/mpeg\" src=\"https:\/\/www.radiopiu.net\/wordpress\/wp-content\/uploads\/2021\/06\/scopel.mp3?_=5\" \/><a href=\"https:\/\/www.radiopiu.net\/wordpress\/wp-content\/uploads\/2021\/06\/scopel.mp3\">https:\/\/www.radiopiu.net\/wordpress\/wp-content\/uploads\/2021\/06\/scopel.mp3<\/a><\/audio>\n<p>&nbsp;<\/p>\n<p>&nbsp;<\/p>\n<p>&nbsp;<\/p>\n<p>&nbsp;<\/p>\n<p>&nbsp;<\/p>\n<p>&nbsp;<\/p>\n<p>&nbsp;<\/p>\n<hr \/>\n<p>&nbsp;<\/p>\n<p>&nbsp;<\/p>\n<blockquote>\n<h1>INCONTRO TECNICO IN REGIONE SU ACC DI BORGO VALBELLUNA. VOLUMI GARANTITI ANCHE PER L\u2019ESTATE E TUTELA DEI LAVORATORI AL CENTRO DELL\u2019INCONTRO<\/h1>\n<\/blockquote>\n<p><strong><a href=\"https:\/\/www.radiopiu.net\/wordpress\/giornale-radiopiu-21-settembre-2019-direttore-mirko-mezzacasa\/stabilimento-wanbao-di-mel-donazzan-dopo-il-primo-traguardo-di-oggi-chiederemo-rassicurazioni-sul-mantenimento-della-produzione\/\" rel=\"attachment wp-att-99385\"><img loading=\"lazy\" decoding=\"async\" class=\"size-medium wp-image-99385 alignleft\" src=\"https:\/\/www.radiopiu.net\/wordpress\/wp-content\/uploads\/2019\/09\/STABILIMENTO-WANBAO-DI-MEL.-DONAZZAN-\u201cDOPO-IL-PRIMO-TRAGUARDO-DI-OGGI-CHIEDEREMO-RASSICURAZIONI-SUL-MANTENIMENTO-DELLA-PRODUZIONE-300x225.jpg\" alt=\"\" width=\"300\" height=\"225\" srcset=\"https:\/\/www.radiopiu.net\/wordpress\/wp-content\/uploads\/2019\/09\/STABILIMENTO-WANBAO-DI-MEL.-DONAZZAN-\u201cDOPO-IL-PRIMO-TRAGUARDO-DI-OGGI-CHIEDEREMO-RASSICURAZIONI-SUL-MANTENIMENTO-DELLA-PRODUZIONE-300x225.jpg 300w, https:\/\/www.radiopiu.net\/wordpress\/wp-content\/uploads\/2019\/09\/STABILIMENTO-WANBAO-DI-MEL.-DONAZZAN-\u201cDOPO-IL-PRIMO-TRAGUARDO-DI-OGGI-CHIEDEREMO-RASSICURAZIONI-SUL-MANTENIMENTO-DELLA-PRODUZIONE-768x576.jpg 768w, https:\/\/www.radiopiu.net\/wordpress\/wp-content\/uploads\/2019\/09\/STABILIMENTO-WANBAO-DI-MEL.-DONAZZAN-\u201cDOPO-IL-PRIMO-TRAGUARDO-DI-OGGI-CHIEDEREMO-RASSICURAZIONI-SUL-MANTENIMENTO-DELLA-PRODUZIONE-1024x768.jpg 1024w, https:\/\/www.radiopiu.net\/wordpress\/wp-content\/uploads\/2019\/09\/STABILIMENTO-WANBAO-DI-MEL.-DONAZZAN-\u201cDOPO-IL-PRIMO-TRAGUARDO-DI-OGGI-CHIEDEREMO-RASSICURAZIONI-SUL-MANTENIMENTO-DELLA-PRODUZIONE.jpg 1600w\" sizes=\"auto, (max-width: 300px) 100vw, 300px\" \/><\/a>VENEZIA<\/strong> Si \u00e8 tenuto in sede regionale, convocato dall\u2019Unit\u00e0 di Crisi regionale e la Direzione Lavoro della Regione del Veneto un incontro tecnico di aggiornamento dedicato all\u2019analisi e all\u2019approfondimento della situazione di Wanbao ACC in amministrazione straordinaria. Hanno partecipato il Commissario straordinario Maurizio Castro, assistito dai vertici aziendali, i rappresentanti delle organizzazioni sindacali e le RSU. Durante l\u2019incontro \u00e8 emerso che il sito di Borgo Valbelluna continuer\u00e0 a produrre, seppure in quantit\u00e0 ridotte, volumi per i principali player mondiali dell\u2019elettrodomestico per tutto il periodo estivo. Tale notizia rappresenta il risultato di un\u2019azione corale svolta dal territorio (Regione, azienda e organizzazioni sindacali) volta a mobilitare i principali clienti e fornitori italiani per garantire la continuit\u00e0 produttiva di una realt\u00e0 strategica per il territorio regionale e nazionale, quale \u00e8 ACC di Borgo Valbelluna. Tali previsioni produttive hanno imposto un approfondimento di carattere tecnico sulle necessarie misure di sostegno al reddito in favore dei lavoratori per il periodo di fermo parziale delle produzioni. A tale riguardo \u00e8 stata comunicata la data dell\u2019incontro per l\u2019espletamento dell\u2019esame congiunto previsto per il prossimo 5 luglio presso il Ministero del Lavoro. \u00c8 stato altres\u00ec confermato l\u2019impegno della Regione del Veneto al monitoraggio dei tempi di approvazione della cassa integrazione al fine di promuovere ogni eventuale azione utile a ridurre possibili disagi in capo ai lavoratori.<\/p>\n<p>&nbsp;<\/p>\n<hr \/>\n<p>&nbsp;<\/p>\n<p>&nbsp;<\/p>\n<blockquote>\n<h2>\u00a0LE TROTE\u00a0 IN PARLAMENTO<\/h2>\n<\/blockquote>\n<h2><strong><a href=\"https:\/\/www.radiopiu.net\/wordpress\/giornale-radiopiu-15-maggio-2020-direttore-mirko-mezzacasa\/trota-marmorata-del-piave\/\" rel=\"attachment wp-att-137767\"><img loading=\"lazy\" decoding=\"async\" class=\" wp-image-137767 alignleft\" src=\"https:\/\/www.radiopiu.net\/wordpress\/wp-content\/uploads\/2020\/05\/trota-marmorata-del-Piave-300x146.jpg\" alt=\"\" width=\"265\" height=\"129\" srcset=\"https:\/\/www.radiopiu.net\/wordpress\/wp-content\/uploads\/2020\/05\/trota-marmorata-del-Piave-300x146.jpg 300w, https:\/\/www.radiopiu.net\/wordpress\/wp-content\/uploads\/2020\/05\/trota-marmorata-del-Piave-1024x497.jpg 1024w, https:\/\/www.radiopiu.net\/wordpress\/wp-content\/uploads\/2020\/05\/trota-marmorata-del-Piave-768x373.jpg 768w, https:\/\/www.radiopiu.net\/wordpress\/wp-content\/uploads\/2020\/05\/trota-marmorata-del-Piave.jpg 1080w\" sizes=\"auto, (max-width: 265px) 100vw, 265px\" \/><\/a>ROMA<\/strong> <em>\u00abLa trota marmorata \u00e8 entrata per la prima volta in Parlamento. L\u2019obiettivo \u00e8 quello di valorizzare una delle specie autoctone e pi\u00f9 tipiche dei fiumi del nord Italia, e in particolare della provincia di Belluno, dove la marmorata del Piave rappresenta un\u2019eccellenza assoluta\u00bb.<\/em> \u00c8 quanto afferma il deputato di Forza Italia Dario Bond, a margine dell\u2019approvazione da parte della Camera di un suo ordine del giorno relativo al rilancio del settore ittico e in materia di politiche sociali nel settore della pesca professionale. \u00c8 prevista l\u2019istituzione del Fondo per lo sviluppo della filiera ittica destinato a finanziare, in via sperimentale, la stipula di convenzioni con le associazioni nazionali di categoria o con i consorzi in modo da promuovere le attivit\u00e0 produttive nell&#8217;ambito degli ecosistemi acquatici. In provincia di Belluno \u00e8 una delle specie pi\u00f9 pregiate, importante anche per il turismo ittico, oltre che per la biodiversit\u00e0. &#8220;<em>E il ripopolamento dei corsi d\u2019acqua avviene grazie al lavoro dei bacini di pesca e degli impianti ittiogenici della Provincia &#8211; concude Bond &#8211;\u00a0 che ogni anno impiegano risorse ed energie non di poco conto. Ringrazio l\u2019amministrazione provinciale di Belluno, tutti i bacini di pesca del Bellunese e uno degli esperti storici della trota marmorata, l\u2019amico Denis Perer\u00bb.<\/em><\/h2>\n<p>&nbsp;<\/p>\n<p>&nbsp;<\/p>\n<hr \/>\n<p>&nbsp;<\/p>\n<blockquote>\n<h3>LADINI, LE NUOVE INIZIATIVE DELLA PROVINCIA CHE SI RIAPPROPRIA DELLA FUNZIONE DI TUTELA DELLE MINORANZE LINGUISTICHE<\/h3>\n<\/blockquote>\n<p><strong><a href=\"https:\/\/www.radiopiu.net\/wordpress\/ladini-le-nuove-iniziative-della-provincia-che-si-riappropria-della-funzione-di-tutela-delle-minoranze-linguistiche\/photo-2021-06-22-14-58-53\/\" rel=\"attachment wp-att-217538\"><img loading=\"lazy\" decoding=\"async\" class=\"size-medium wp-image-217538 alignleft\" src=\"https:\/\/www.radiopiu.net\/wordpress\/wp-content\/uploads\/2021\/06\/PHOTO-2021-06-22-14-58-53-300x138.jpg\" alt=\"\" width=\"300\" height=\"138\" srcset=\"https:\/\/www.radiopiu.net\/wordpress\/wp-content\/uploads\/2021\/06\/PHOTO-2021-06-22-14-58-53-300x138.jpg 300w, https:\/\/www.radiopiu.net\/wordpress\/wp-content\/uploads\/2021\/06\/PHOTO-2021-06-22-14-58-53-1024x472.jpg 1024w, https:\/\/www.radiopiu.net\/wordpress\/wp-content\/uploads\/2021\/06\/PHOTO-2021-06-22-14-58-53-768x354.jpg 768w, https:\/\/www.radiopiu.net\/wordpress\/wp-content\/uploads\/2021\/06\/PHOTO-2021-06-22-14-58-53-1536x708.jpg 1536w, https:\/\/www.radiopiu.net\/wordpress\/wp-content\/uploads\/2021\/06\/PHOTO-2021-06-22-14-58-53.jpg 1600w\" sizes=\"auto, (max-width: 300px) 100vw, 300px\" \/><\/a>BELLUNO<\/strong> Nelle prossime settimane riapriranno gli sportelli linguistici a supporto delle amministrazioni locali del territorio ladino. \u00c8 una delle novit\u00e0 in materia di minoranze linguistiche, funzione di cui la Provincia di Belluno si \u00e8 riappropriata nelle ultime settimane, avviando anche il percorso per l\u2019acquisto del patrimonio librario e culturale dell\u2019Istituto Ladin de la Dolomites di Borca di Cadore, che era stato chiuso per necessit\u00e0 amministrative.\u00a0 <em>\u00abAbbiamo cos\u00ec riassorbito nell\u2019ente Provincia le funzioni che prima erano demandate all\u2019Istituto Ladino. L\u2019obiettivo era quello di evitare la dispersione di un immenso patrimonio culturale, storico, tradizionale e identitario\u00bb ha spiegato il consigliere provinciale delegato Franco De Bon, che questa mattina ha presentato a Palazzo Piloni in conferenza stampa le principali novit\u00e0 in materia. Presenti anche il presidente della Federazione Unioni Ladine Lucio Eicher Clere, e rappresentanze delle Unioni ladine del territorio. \u00abAbbiamo avviato l\u2019acquisto del patrimonio librario dell\u2019Istituto con la volont\u00e0 di riprendere in mano la funzione delle minoranze linguistiche e valorizzare cos\u00ec i tesori che abbiamo. Nello stesso modo, intendiamo proseguire con i progetti finanziati dalla legge 482 che annualmente porta in provincia circa 100mila euro per la valorizzazione della cultura e della lingua ladina. Ed \u00e8 per questo che verranno riattivati gli sportelli ladini\u00bb. <\/em>Si tratta di sportelli di ambito sovracomunale, istituiti dalla legge 482\/1999 (\u201cNorme in materia di tutela delle minoranze linguistiche storiche\u201d) per supportare le amministrazioni locali che avvertano la necessit\u00e0 di esprimere atti ufficiali in lingua ladina. La riattivazione disposta dalla Provincia \u00e8 resa possibile dalla collaborazione con cinque unioni ladine territoriali, che si attiveranno nelle rispettive zone di competenza (l\u2019Union ladina de Oltreciusa, l\u2019Union ladina del Cadore de medo, il Gruppo folk Union ladina Val Biois, l\u2019Union ladina di Selva e l\u2019Union ladina Gruppo ricerche <a href=\"https:\/\/www.radiopiu.net\/wordpress\/ladini-le-nuove-iniziative-della-provincia-che-si-riappropria-della-funzione-di-tutela-delle-minoranze-linguistiche\/fefcdc68-fb44-40b5-96a6-baeab26b0915\/\" rel=\"attachment wp-att-217540\"><img loading=\"lazy\" decoding=\"async\" class=\"size-medium wp-image-217540 alignleft\" src=\"https:\/\/www.radiopiu.net\/wordpress\/wp-content\/uploads\/2021\/06\/fefcdc68-fb44-40b5-96a6-baeab26b0915-300x169.jpg\" alt=\"\" width=\"300\" height=\"169\" srcset=\"https:\/\/www.radiopiu.net\/wordpress\/wp-content\/uploads\/2021\/06\/fefcdc68-fb44-40b5-96a6-baeab26b0915-300x169.jpg 300w, https:\/\/www.radiopiu.net\/wordpress\/wp-content\/uploads\/2021\/06\/fefcdc68-fb44-40b5-96a6-baeab26b0915-1024x576.jpg 1024w, https:\/\/www.radiopiu.net\/wordpress\/wp-content\/uploads\/2021\/06\/fefcdc68-fb44-40b5-96a6-baeab26b0915-768x432.jpg 768w, https:\/\/www.radiopiu.net\/wordpress\/wp-content\/uploads\/2021\/06\/fefcdc68-fb44-40b5-96a6-baeab26b0915-1536x864.jpg 1536w, https:\/\/www.radiopiu.net\/wordpress\/wp-content\/uploads\/2021\/06\/fefcdc68-fb44-40b5-96a6-baeab26b0915.jpg 1920w\" sizes=\"auto, (max-width: 300px) 100vw, 300px\" \/><\/a>culturali Algudnei). Oltre agli sportelli, la Provincia sta elaborando anche un progetto sulla digitalizzazione e catalogazione della biblioteca storica cadorina.<\/p>\n<p>&nbsp;<\/p>\n<p>&nbsp;<\/p>\n<p><strong>\u00a0IN CONFERENZA STAMPA L&#8217;INTERVENTO DI\u00a0 Cinzia Vecellio (ladini Cadore de medo)<\/strong><\/p>\n<audio class=\"wp-audio-shortcode\" id=\"audio-217447-6\" preload=\"none\" style=\"width: 100%;\" controls=\"controls\"><source type=\"audio\/mpeg\" src=\"https:\/\/www.radiopiu.net\/wordpress\/wp-content\/uploads\/2021\/06\/CINZIA.mp3?_=6\" \/><a href=\"https:\/\/www.radiopiu.net\/wordpress\/wp-content\/uploads\/2021\/06\/CINZIA.mp3\">https:\/\/www.radiopiu.net\/wordpress\/wp-content\/uploads\/2021\/06\/CINZIA.mp3<\/a><\/audio>\n<p>&nbsp;<\/p>\n<p>&nbsp;<\/p>\n<hr \/>\n<p>&nbsp;<\/p>\n<p>&nbsp;<\/p>\n<blockquote>\n<h3><a href=\"https:\/\/www.radiopiu.net\/wordpress\/giornale-radiopiu-06-novembre-2020-direttore-mirko-mezzacasa\/logouncem_no_scritta-wdtr\/\" rel=\"attachment wp-att-170846\"><img loading=\"lazy\" decoding=\"async\" class=\"wp-image-170846 alignleft\" src=\"https:\/\/www.radiopiu.net\/wordpress\/wp-content\/uploads\/2020\/11\/logoUNCEM_no_scritta-wdtr-300x300.jpg\" alt=\"\" width=\"125\" height=\"125\" srcset=\"https:\/\/www.radiopiu.net\/wordpress\/wp-content\/uploads\/2020\/11\/logoUNCEM_no_scritta-wdtr-300x300.jpg 300w, https:\/\/www.radiopiu.net\/wordpress\/wp-content\/uploads\/2020\/11\/logoUNCEM_no_scritta-wdtr-150x150.jpg 150w, https:\/\/www.radiopiu.net\/wordpress\/wp-content\/uploads\/2020\/11\/logoUNCEM_no_scritta-wdtr.jpg 640w\" sizes=\"auto, (max-width: 125px) 100vw, 125px\" \/><\/a>PIANO NAZIONALE DI RIPRESA E RESILIENZA, BUSSONE (UNCEM): &#8220;BENE IL VIA AL PIANO DA VON DER LAYEN. MA SERVONO CERTEZZE SU IMPEGNO ENTI LOCALI, ANCHE NELLA CABINA DI REGIA&#8221;<\/h3>\n<p>di Marco Bussone, Presidente Uncem<\/p>\n<h3>ROMA\u00a0 <em>&#8220;\u00c8 molto importante il via libera dato da Bruxelles al Piano nazionale di Ripresa e Resilienza. Uncem lavora con il Governo sul PNRR, all&#8217;interno della Conferenza Interministeriale per gli Affari Europei, da agosto 2020. Abbiamo fatto moltissime proposte e una buona parte \u00e8 stata accolta. Come quelle sulle comunit\u00e0 energetiche, sulle green communities, sul digital divide, sulle case delle comunit\u00e0 e sulle farmacie dei servizi nelle aree interne. Ora per\u00f2 servono certezze per i territori, per gli Enti locali, per i piccoli Comuni. Affinch\u00e9 non siano spettatori. Ieri in Audizione alla Camera sul DL 77 sulla semplificazione e sulla governance del Piano ho chiesto che Uncem venga inserito nella Cabina di Regia. E ho chiesto che vengano potenziati gli organici dei piccoli Comuni, con 10mila nuove assunzioni a tempo indeterminato. Perch\u00e9 senza il rafforzamento delle macchine amministrative dei 5mila piccoli Comuni italiani, che vogliamo lavorino di pi\u00f9 insieme a livello di valle e di ambito territoriale montano, Alpi e Appennini rischiano di essere esclusi dalle componenti e dai bandi del PNRR. Servono certezze per gli Enti locali e per i territori&#8221;.<\/em><\/h3>\n<\/blockquote>\n<p>&nbsp;<\/p>\n<p>&nbsp;<\/p>\n<hr \/>\n<blockquote>\n<h3>DILLO A RADIO PIU&#8217;&#8230;. E IL CERTIFICATO VACCINALE PER NOI DELLA MONODOSE?<\/h3>\n<\/blockquote>\n<p><em>&#8220;Prova scaricamento green pass vaccinale Covid-19 dal sito del Ministero della Salute. Certificato scaricato. Peccato che non tenga conto della guarigione Covid e veda una sola vaccinazione. Per cui non mi rilascia il certificato valido per 9 mesi, ma solo un certificato &#8220;valido fino alla prossima vaccinazione&#8221;\u00a0 che non ci sar\u00e0, in quanto ne devo fare solo una (cos\u00ec mi han detto al centro vaccinale) perch\u00e9 guarito Covid. PS: Mi dicono che la situazione \u00e8 abbastanza diffusa per presunte problematiche della banca dati Regione Veneto che non collega, in alcuni casi, la guarigione e la vaccinazione.<\/em><\/p>\n<p>&nbsp;<\/p>\n<p>&nbsp;<\/p>\n<hr \/>\n<blockquote>\n<h3><\/h3>\n<h3>ULSS DOLOMITI, PIENA RIPRESA DELLA VACCINAZIONE ANTI TBE DOPO L&#8217;EMERGENZA COVID<\/h3>\n<\/blockquote>\n<p><strong><a href=\"https:\/\/www.radiopiu.net\/wordpress\/vaccinazioni-a-ponte-nelle-alpi-il-6-e-7-aprile-convocate-600-persone-tra-70-e-79-anni\/vaccino_anti_covid\/\" rel=\"attachment wp-att-200891\"><img loading=\"lazy\" decoding=\"async\" class=\"wp-image-200891 alignleft\" src=\"https:\/\/www.radiopiu.net\/wordpress\/wp-content\/uploads\/2021\/04\/Vaccino_anti_Covid-300x167.jpg\" alt=\"\" width=\"217\" height=\"121\" srcset=\"https:\/\/www.radiopiu.net\/wordpress\/wp-content\/uploads\/2021\/04\/Vaccino_anti_Covid-300x167.jpg 300w, https:\/\/www.radiopiu.net\/wordpress\/wp-content\/uploads\/2021\/04\/Vaccino_anti_Covid-768x428.jpg 768w, https:\/\/www.radiopiu.net\/wordpress\/wp-content\/uploads\/2021\/04\/Vaccino_anti_Covid.jpg 943w\" sizes=\"auto, (max-width: 217px) 100vw, 217px\" \/><\/a>BELLUNO<\/strong> L\u2019emergenza Covid 2020-2021 ha rallentato, tra le altre prestazioni sanitarie, anche le vaccinazioni per adolescenti e adulti. Le vaccinazioni pediatriche invece sono proseguite con sufficiente regolarit\u00e0.\u00a0 Particolare importanza assume nel nostro territorio la vaccinazione anti encefalite trasmessa da zecche (TBE), gratuita per i residenti in provincia di Belluno per evidenti motivazioni epidemiologiche. Lo scorso anno nel periodo primaverile estivo sono state \u201crecuperate\u201d circa 15 mila vaccinazione anti TBE (il ciclo vaccinale prevede 3 dosi), eseguite prevalentemente col metodo drive in poi utilizzato anche per la vaccinazione anti pneumoccica, antinfluenzale e anti covid. Dal 1 aprile al 18 giugno 2021 sono state eseguite oltre 2.500 nuove vaccinazioni anti TBE. Dalla terza decade di giugno a fine agosto circa 5 mila persone sono programmate per tale vaccinazione. Il Dipartimento di Prevenzione fisser\u00e0 ulteriori appuntamenti, prevalentemente per le terze dosi, per circa 2 mila persone ultimi richiedenti questa prestazione. Per eventuali informazioni \u00e8 attivo un numero di telefono dedicato a questa attivit\u00e0 0437\/514333 attivo dalle 8.00 alle 9.30 il marted\u00ec, il mercoled\u00ec e gioved\u00ec.<\/p>\n<p>&nbsp;<\/p>\n<p>&nbsp;<\/p>\n<hr \/>\n<p>&nbsp;<\/p>\n<blockquote>\n<h2>ELISOCCORSO, SERVIZIO ALLA BABCOCK<\/h2>\n<\/blockquote>\n<p><strong><img loading=\"lazy\" decoding=\"async\" class=\"alignleft\" src=\"https:\/\/www.radiopiu.net\/wordpress\/wp-content\/uploads\/2021\/04\/20210405_163922-scaled.jpg\" width=\"356\" height=\"267\" \/>BELLUNO<\/strong> E&#8217; stato deliberato l\u2019affidamento del servizio di elisoccorso per l\u2019Ulss Dolomiti, per 6 anni e per un importo totale di 22 milioni di euro, alla ditta Babcock Mission Critical Services, che si \u00e8 aggiudicata i due lotti della \u201cgara a procedura aperta per l\u2019affidamento del Servizio di Elisoccorso in favore delle Aziende Sanitarie\u201d di Regione Veneto espletata da Azienda Zero. All\u2019interno del contratto di fornitura con Babcock sono compresi la fornitura dell\u2019elicottero, dei piloti e del personale tecnico e di una serie di servizi accessori come l\u2019antincendio e la gestione delle elisuperfici degli ospedali. Alla base HEMS di Pieve di Cadore sono in corso lavori per un totale miglioramento degli standard di sicurezza e funzionalit\u00e0 con un investimento di 3 milioni di euro. Il cronoprogramma attuale prevede il termine dei lavori a novembre 2021. Una volta ultimati i lavori, saranno avviate le pratiche amministrative per l\u2019autorizzazione ENAC, iter che richieder\u00e0 diverse settimane. L\u2019Azienda, quindi, con successivo provvedimento, avvier\u00e0 il contratto con Babcock per il servizio di volo notturno e per la gestione della base HEMS di Pieve di Cadore. La Regione Veneto, in questa fase, sta avviando il volo notturno dalla base HEMS di Treviso che servir\u00e0 anche il territorio dell\u2019Ulss Dolomiti, anticipando la partenza del servizio utile per il periodo estivo in cui \u00e8 prevista maggiore affluenza nelle vallate. L\u2019Azienda ha gi\u00e0 avviato la ricognizione delle piazzole notturne e sta verificando la possibilit\u00e0 di coprire maggiormente il territorio con ulteriori basi, in particolare nelle aree pi\u00f9 distanti dalle strutture sanitarie.<\/p>\n<p>&nbsp;<\/p>\n<p>&nbsp;<\/p>\n<p>&nbsp;<\/p>\n<hr \/>\n<p>&nbsp;<\/p>\n<p>&nbsp;<\/p>\n<p>&nbsp;<\/p>\n<blockquote class=\"wp-embedded-content\" data-secret=\"Jlu5FIA2af\"><p><a href=\"https:\/\/www.radiopiu.net\/wordpress\/rapsdo\/\">IN VENETO GLI ATTUALMENTE POSITIVI SOTTO QUOTA 5000, A BELLUNO ZERO NUOVI CASI<\/a><\/p><\/blockquote>\n<p><iframe loading=\"lazy\" class=\"wp-embedded-content\" sandbox=\"allow-scripts\" security=\"restricted\" style=\"position: absolute; clip: rect(1px, 1px, 1px, 1px);\" title=\"&#8220;IN VENETO GLI ATTUALMENTE POSITIVI SOTTO QUOTA 5000, A BELLUNO ZERO NUOVI CASI&#8221; &#8212; Radio Pi\u00f9\" src=\"https:\/\/www.radiopiu.net\/wordpress\/rapsdo\/embed\/#?secret=Jlu5FIA2af\" data-secret=\"Jlu5FIA2af\" width=\"600\" height=\"338\" frameborder=\"0\" marginwidth=\"0\" marginheight=\"0\" scrolling=\"no\"><\/iframe><\/p>\n<p>&nbsp;<\/p>\n<blockquote class=\"wp-embedded-content\" data-secret=\"3ptjIq9R9Y\"><p><a href=\"https:\/\/www.radiopiu.net\/wordpress\/aggiornamentogiu21333\/\">CORONAVIRUS: AGGIORNAMENTO NAZIONALE 22 GIUGNO  2021<\/a><\/p><\/blockquote>\n<p><iframe loading=\"lazy\" class=\"wp-embedded-content\" sandbox=\"allow-scripts\" security=\"restricted\" style=\"position: absolute; clip: rect(1px, 1px, 1px, 1px);\" title=\"&#8220;CORONAVIRUS: AGGIORNAMENTO NAZIONALE 22 GIUGNO  2021&#8221; &#8212; Radio Pi\u00f9\" src=\"https:\/\/www.radiopiu.net\/wordpress\/aggiornamentogiu21333\/embed\/#?secret=3ptjIq9R9Y\" data-secret=\"3ptjIq9R9Y\" width=\"600\" height=\"338\" frameborder=\"0\" marginwidth=\"0\" marginheight=\"0\" scrolling=\"no\"><\/iframe><\/p>\n<blockquote>\n<h2>I GRAFICI DI TIZIANO DE COL<\/h2>\n<\/blockquote>\n\n\t\t\t<style type='text\/css'>\n\t\t\t\t#gallery-6 {\n\t\t\t\t\tmargin: auto;\n\t\t\t\t}\n\t\t\t\t#gallery-6 .gallery-item {\n\t\t\t\t\tfloat: left;\n\t\t\t\t\tmargin-top: 10px;\n\t\t\t\t\ttext-align: center;\n\t\t\t\t\twidth: 20%;\n\t\t\t\t}\n\t\t\t\t#gallery-6 img {\n\t\t\t\t\tborder: 2px solid #cfcfcf;\n\t\t\t\t}\n\t\t\t\t#gallery-6 .gallery-caption {\n\t\t\t\t\tmargin-left: 0;\n\t\t\t\t}\n\t\t\t\t\/* see gallery_shortcode() in wp-includes\/media.php *\/\n\t\t\t<\/style>\n\t\t<div id='gallery-6' class='dt-gallery-container gallery galleryid-217447 gallery-columns-5 gallery-size-thumbnail'><dl class='gallery-item'>\n\t\t\t\t<dt class='gallery-icon landscape'>\n\t\t\t\t\t<a class=\"rollover rollover-zoom dt-pswp-item\" title=\"86246baa-4b3a-4810-b0d7-4bdeeaf5a3f5\" data-dt-img-description=\"\" data-large_image_width=\"600\" data-large_image_height=\"359\"href='https:\/\/www.radiopiu.net\/wordpress\/wp-content\/uploads\/2021\/06\/86246baa-4b3a-4810-b0d7-4bdeeaf5a3f5.jpg'><img loading=\"lazy\" decoding=\"async\" width=\"150\" height=\"150\" src=\"https:\/\/www.radiopiu.net\/wordpress\/wp-content\/uploads\/2021\/06\/86246baa-4b3a-4810-b0d7-4bdeeaf5a3f5-150x150.jpg\" class=\"attachment-thumbnail size-thumbnail\" alt=\"\" \/><\/a>\n\t\t\t\t<\/dt><\/dl><dl class='gallery-item'>\n\t\t\t\t<dt class='gallery-icon landscape'>\n\t\t\t\t\t<a class=\"rollover rollover-zoom dt-pswp-item\" title=\"811a4cca-6d8d-4e6f-b13b-fa582df3c118\" data-dt-img-description=\"\" data-large_image_width=\"606\" data-large_image_height=\"356\"href='https:\/\/www.radiopiu.net\/wordpress\/wp-content\/uploads\/2021\/06\/811a4cca-6d8d-4e6f-b13b-fa582df3c118.jpg'><img loading=\"lazy\" decoding=\"async\" width=\"150\" height=\"150\" src=\"https:\/\/www.radiopiu.net\/wordpress\/wp-content\/uploads\/2021\/06\/811a4cca-6d8d-4e6f-b13b-fa582df3c118-150x150.jpg\" class=\"attachment-thumbnail size-thumbnail\" alt=\"\" \/><\/a>\n\t\t\t\t<\/dt><\/dl><dl class='gallery-item'>\n\t\t\t\t<dt class='gallery-icon landscape'>\n\t\t\t\t\t<a class=\"rollover rollover-zoom dt-pswp-item\" title=\"0c42343b-af65-4253-8055-543a41f298bd\" data-dt-img-description=\"\" data-large_image_width=\"598\" data-large_image_height=\"356\"href='https:\/\/www.radiopiu.net\/wordpress\/wp-content\/uploads\/2021\/06\/0c42343b-af65-4253-8055-543a41f298bd.jpg'><img loading=\"lazy\" decoding=\"async\" width=\"150\" height=\"150\" src=\"https:\/\/www.radiopiu.net\/wordpress\/wp-content\/uploads\/2021\/06\/0c42343b-af65-4253-8055-543a41f298bd-150x150.jpg\" class=\"attachment-thumbnail size-thumbnail\" alt=\"\" \/><\/a>\n\t\t\t\t<\/dt><\/dl><dl class='gallery-item'>\n\t\t\t\t<dt class='gallery-icon landscape'>\n\t\t\t\t\t<a class=\"rollover rollover-zoom dt-pswp-item\" title=\"62a395c1-839b-4e75-b729-c0945563a489\" data-dt-img-description=\"\" data-large_image_width=\"606\" data-large_image_height=\"349\"href='https:\/\/www.radiopiu.net\/wordpress\/wp-content\/uploads\/2021\/06\/62a395c1-839b-4e75-b729-c0945563a489.jpg'><img loading=\"lazy\" decoding=\"async\" width=\"150\" height=\"150\" src=\"https:\/\/www.radiopiu.net\/wordpress\/wp-content\/uploads\/2021\/06\/62a395c1-839b-4e75-b729-c0945563a489-150x150.jpg\" class=\"attachment-thumbnail size-thumbnail\" alt=\"\" \/><\/a>\n\t\t\t\t<\/dt><\/dl><dl class='gallery-item'>\n\t\t\t\t<dt class='gallery-icon landscape'>\n\t\t\t\t\t<a class=\"rollover rollover-zoom dt-pswp-item\" title=\"6ab1954a-eec3-4242-87c5-9ae443bfa258\" data-dt-img-description=\"\" data-large_image_width=\"604\" data-large_image_height=\"351\"href='https:\/\/www.radiopiu.net\/wordpress\/wp-content\/uploads\/2021\/06\/6ab1954a-eec3-4242-87c5-9ae443bfa258.jpg'><img loading=\"lazy\" decoding=\"async\" width=\"150\" height=\"150\" src=\"https:\/\/www.radiopiu.net\/wordpress\/wp-content\/uploads\/2021\/06\/6ab1954a-eec3-4242-87c5-9ae443bfa258-150x150.jpg\" class=\"attachment-thumbnail size-thumbnail\" alt=\"\" \/><\/a>\n\t\t\t\t<\/dt><\/dl><br style=\"clear: both\" \/>\n\t\t\t<\/div>\n\n<p>&nbsp;<\/p>\n<p>&nbsp;<\/p>\n<p>&nbsp;<\/p>\n<hr \/>\n<p>&nbsp;<\/p>\n<blockquote>\n<h2>BELLUNO, AGGIORNAMENTO CAMPAGNA VACCINALE<\/h2>\n<\/blockquote>\n<p><strong>BELLUNO\u00a0<\/strong> Le dosi di vaccino somministrate ad oggi in Ulss Dolomiti sono oltre 173 mila. I cicli completi sono circa 66.500. <strong>OVER 60<\/strong> Pur in un contesto di campagna vaccinale anti covid efficiente e solida, l\u2019Ulss Dolomiti \u00e8 impegnata in adesione a raccomandazioni nazionali e regionali al massimo recupero delle persone over 60 non ancora vaccinate. Per favorire tale recupero e la definitiva adesione degli indecisi (circa 8 mila) sar\u00e0 recapitata ad essi una lettera invito con appuntamento preciso. Si inizia domenica 27 giugno con la chiamata a vaccinazione dei residente nel Cadore al drive in di Tai. <strong>PRENOTAZIONI DA PORTALE<\/strong> Si ricorda che sono prenotabili dal portale regionale e dal sito www.aulss1.veneto.it ampie disponibilit\u00e0 di posti per la vaccinazione anti covid per tutte le categorie.<\/p>\n<p>&nbsp;<\/p>\n<hr \/>\n<blockquote>\n<h2><\/h2>\n<h2>PRESIDENZA CONSIGLIO DEI MINISTRI, REPORT SETTIMANALE VACCINAZIONI<\/h2>\n<p>documento in 15 pagine<\/p><\/blockquote>\n<a href=\"https:\/\/www.radiopiu.net\/wordpress\/wp-content\/uploads\/2021\/06\/180621_Report_settimanale-1-1.pdf\" class=\"pdfemb-viewer\" style=\"\" data-width=\"max\" data-height=\"max\" data-toolbar=\"top\" data-toolbar-fixed=\"on\">180621_Report_settimanale (1)<\/a>\n<p>&nbsp;<\/p>\n<hr \/>\n<blockquote>\n<h2><\/h2>\n<h3>VITA DA POMPIERE&#8230;. A LASTE DI ROCCA PIETORE<\/h3>\n<\/blockquote>\n<p><strong>ALLEGHE<\/strong> Il portone del\u00a0 Posto VV.F di Laste ha una nuova veste. Nel magazzino in via Dagai otto pompieri volontari di Caprile stanno completando\u00a0 alcune opere di ammodernamento e sistemazione che nelle prossime settimane si concluderanno con dei lavori all&#8217;impianto elettrico. <em>&#8220;Ringraziamo infinitamente tutte le persone anche esterne al Corpo dei Vigili del Fuoco che hanno prestato le loro competenze e la loro professionalit\u00e0 per la buona riuscita dei lavori &#8211; dicono i pompieri &#8211;\u00a0 <\/em><em>Gli abitanti di laste sono orgogliosi di avere ancora attivo un piccolo nucleo di Pompieri all&#8217;interno del paese e visto l&#8217;evento che poche settimane fa ha coinvolto il vicino comune di Colle Santa Lucia, \u00e8 nostro interesse mantenere efficente e pronto all&#8217;evenienza il Piccolo Posto VV.F di Laste&#8221;.<\/em> Da una settimana il Comando di Belluno inoltre ha assegnato un Toyota Land Cruiser in sostituzione della Campagnola che prestava servizio proprio a Laste.<\/p>\n\n\t\t\t<style type='text\/css'>\n\t\t\t\t#gallery-7 {\n\t\t\t\t\tmargin: auto;\n\t\t\t\t}\n\t\t\t\t#gallery-7 .gallery-item {\n\t\t\t\t\tfloat: left;\n\t\t\t\t\tmargin-top: 10px;\n\t\t\t\t\ttext-align: center;\n\t\t\t\t\twidth: 50%;\n\t\t\t\t}\n\t\t\t\t#gallery-7 img {\n\t\t\t\t\tborder: 2px solid #cfcfcf;\n\t\t\t\t}\n\t\t\t\t#gallery-7 .gallery-caption {\n\t\t\t\t\tmargin-left: 0;\n\t\t\t\t}\n\t\t\t\t\/* see gallery_shortcode() in wp-includes\/media.php *\/\n\t\t\t<\/style>\n\t\t<div id='gallery-7' class='dt-gallery-container gallery galleryid-217447 gallery-columns-2 gallery-size-thumbnail'><dl class='gallery-item'>\n\t\t\t\t<dt class='gallery-icon landscape'>\n\t\t\t\t\t<a class=\"rollover rollover-zoom dt-pswp-item\" title=\"201953830_1184878768606869_3506956136378165726_n\" data-dt-img-description=\"\" data-large_image_width=\"960\" data-large_image_height=\"720\"href='https:\/\/www.radiopiu.net\/wordpress\/wp-content\/uploads\/2021\/06\/201953830_1184878768606869_3506956136378165726_n.jpg'><img loading=\"lazy\" decoding=\"async\" width=\"150\" height=\"150\" src=\"https:\/\/www.radiopiu.net\/wordpress\/wp-content\/uploads\/2021\/06\/201953830_1184878768606869_3506956136378165726_n-150x150.jpg\" class=\"attachment-thumbnail size-thumbnail\" alt=\"\" \/><\/a>\n\t\t\t\t<\/dt><\/dl><dl class='gallery-item'>\n\t\t\t\t<dt class='gallery-icon landscape'>\n\t\t\t\t\t<a class=\"rollover rollover-zoom dt-pswp-item\" title=\"202793941_1184878818606864_2214411151239579731_n\" data-dt-img-description=\"\" data-large_image_width=\"932\" data-large_image_height=\"720\"href='https:\/\/www.radiopiu.net\/wordpress\/wp-content\/uploads\/2021\/06\/202793941_1184878818606864_2214411151239579731_n.jpg'><img loading=\"lazy\" decoding=\"async\" width=\"150\" height=\"150\" src=\"https:\/\/www.radiopiu.net\/wordpress\/wp-content\/uploads\/2021\/06\/202793941_1184878818606864_2214411151239579731_n-150x150.jpg\" class=\"attachment-thumbnail size-thumbnail\" alt=\"\" \/><\/a>\n\t\t\t\t<\/dt><\/dl><br style=\"clear: both\" \/>\n\t\t\t<\/div>\n\n<p>&nbsp;<\/p>\n<p>&nbsp;<\/p>\n<p>&nbsp;<\/p>\n<hr \/>\n<p>&nbsp;<\/p>\n<blockquote>\n<h3>LA PROPOSTA DELLA FILT CGIL PER LA RICLASSIFICAZIONE DELLE STRADE PROVINCIALI<\/h3>\n<\/blockquote>\n<p><strong><a href=\"https:\/\/www.radiopiu.net\/wordpress\/la-proposta-della-filt-cgil-per-la-riclassificazione-delle-strade-provinciali\/filt-cgil\/\" rel=\"attachment wp-att-217490\"><img loading=\"lazy\" decoding=\"async\" class=\"size-medium wp-image-217490 alignleft\" src=\"https:\/\/www.radiopiu.net\/wordpress\/wp-content\/uploads\/2021\/06\/FILT-CGIL-300x162.png\" alt=\"\" width=\"300\" height=\"162\" srcset=\"https:\/\/www.radiopiu.net\/wordpress\/wp-content\/uploads\/2021\/06\/FILT-CGIL-300x162.png 300w, https:\/\/www.radiopiu.net\/wordpress\/wp-content\/uploads\/2021\/06\/FILT-CGIL-768x415.png 768w, https:\/\/www.radiopiu.net\/wordpress\/wp-content\/uploads\/2021\/06\/FILT-CGIL.png 803w\" sizes=\"auto, (max-width: 300px) 100vw, 300px\" \/><\/a>BELLUNO<\/strong> La FILT CGIL di Belluno Chiede di valutare la proposta in merito alla riclassificazione delle strade provinciali. La sigla sindacale chiede alla\u00a0Provincia, ai Sindaci, ai parlamentari di farsi parte attiva perch\u00e8 le strade statali vengano riclassificate in provinciali.<\/p>\n<blockquote><p><strong>Alessandra Fontana &#8211; Segretaria generale Filt Cgil<\/strong><\/p>\n<p><em>Gli oltre 10 semafori, nemmeno sincronizzati, su 30 km; la galleria chiusa di notte; le conseguenti code kilometriche gi\u00e0 nei giorni feriali, i tempi di percorrenza improponibili. C\u2019\u00e8 davvero da chiedersi quale colpa debbano espiare le terre alte della Provincia per meritarsi un trattamento simile da Anas. E non si tratta di un disagio straordinario, limitato nel tempo. Si tratta di una inefficienza strutturale che costringe all\u2019isolamento una parte importantissima del territorio. Un isolamento che, di fatto, non solo penalizza il turismo (cosa gi\u00e0 di per s\u00e9 gravissima) ma che rende inaccettabilmente difficile spostarsi per lavorare, per studiare, per curarsi. Se questa \u00e8 l\u2019attenzione che lo Stato intende dare alle direttrici pi\u00f9 impotanti, a quelle \u201creti viarie di importanza strategica nazionale\u201d \u2013 questa \u00e8 la definizione di strada statale \u2013 forse pi\u00f9 che di un riconoscimento si tratta di una condanna. Non torneremo qui sul fallimento del modello Anas, basato su appalti che non rispettano n\u00e9 la qualit\u00e0 del servizio n\u00e9 le condizioni lavorative n\u00e9, ahim\u00e8, spesso la legalit\u00e0.\u00a0 \u00a0Piuttosto oggi prendiamo atto che \u201cse lo Stato non va alla montagna ancora meno la montagna va allo Stato\u201d . Chiediamo dunque al Presidente della Provincia di non consegnare allo Stato alcuna strada, di non restituire quelle reti viarie che dovrebbero essere riclassificate (v. Agordina, v. Val di Zoldo, v. passi dolomitici) n\u00e9 tanto meno di privarsi dell\u2019arteria provinciale pi\u00f9 importante (Sp1 della Sinistra Piave). Ma non ci basta. Chiediamo infatti che il Presidente della Provincia, assieme ai Sindaci, ai nostri parlamentari intraprendano tutte le iniziative utili per la riclassificazione delle strade statali che insistono in Provincia. Chiediamo che la ss 50 del Grappa (la Destra Piave), la ss 51 d\u2019Alemagna, la ss 52 Carnica passino nella titolarit\u00e0 e nella gestione provinciale, nella convinzione che la Provincia sapr\u00e0 rispetterle e curarle con l\u2019attenzione dovuta. Chiediamo che ci vengano trasferite in maniera strutturale le risorse per la loro manutenzione ordinaria e straordinaria. Non chiediamo la solidariet\u00e0, chiediamo il ritorno alla sussidiariet\u00e0 che sapremo gestire per dare un futuro al nostro territorio.<\/em><\/p>\n<p>&nbsp;<\/p><\/blockquote>\n<p>&nbsp;<\/p>\n<p>&nbsp;<\/p>\n<hr \/>\n<p>&nbsp;<\/p>\n<blockquote>\n<h3>LA CISL DI BELLUNO-TREVISO DUE GIORNI A CASTELBRANDO PER DISCUTERE DI DEMOGRAFIA, ECONOMIA, LAVORO E MERCATI<\/h3>\n<\/blockquote>\n<p><strong><a href=\"https:\/\/www.radiopiu.net\/wordpress\/giornale-radiopiu-23-giugno-2021-direttore-mirko-mezzacasa\/08_cisl_sindacatoriformista_social\/\" rel=\"attachment wp-att-217498\"><img loading=\"lazy\" decoding=\"async\" class=\" wp-image-217498 alignleft\" src=\"https:\/\/www.radiopiu.net\/wordpress\/wp-content\/uploads\/2021\/06\/08_Cisl_sindacatoRiformista_social-212x300.jpeg\" alt=\"\" width=\"175\" height=\"248\" srcset=\"https:\/\/www.radiopiu.net\/wordpress\/wp-content\/uploads\/2021\/06\/08_Cisl_sindacatoRiformista_social-212x300.jpeg 212w, https:\/\/www.radiopiu.net\/wordpress\/wp-content\/uploads\/2021\/06\/08_Cisl_sindacatoRiformista_social-724x1024.jpeg 724w, https:\/\/www.radiopiu.net\/wordpress\/wp-content\/uploads\/2021\/06\/08_Cisl_sindacatoRiformista_social-768x1086.jpeg 768w, https:\/\/www.radiopiu.net\/wordpress\/wp-content\/uploads\/2021\/06\/08_Cisl_sindacatoRiformista_social-1086x1536.jpeg 1086w, https:\/\/www.radiopiu.net\/wordpress\/wp-content\/uploads\/2021\/06\/08_Cisl_sindacatoRiformista_social.jpeg 1131w\" sizes=\"auto, (max-width: 175px) 100vw, 175px\" \/><\/a>BELLUNO <\/strong><span style=\"color: #000000; font-family: Helvetica;\">Le sfide globali come i mercati, il lavoro, gli squilibri demografici e la ripresa sono tra i temi delle due giornate di studio, riflessioni, dibattiti e approfondimenti che il gruppo dirigente della Cisl Belluno Treviso svolger\u00e0 nei prossimi 23 e 24 giugno a Castelbrando, a Cison di Valmarino. <\/span><span style=\"color: #000000; font-family: Helvetica;\">\u201c<em>Abbiamo assistito in questi 18 mesi di pandemia a stravolgimenti nell\u2019organizzazione del lavoro &#8211; spiega il segretario generale della Cisl Belluno Treviso Massimiliano Paglini &#8211; cos\u00ec come nelle nostre comunit\u00e0, oltre ai forti cambiamenti nelle priorit\u00e0 dei governi nazionali, delle imprese e dei semplici cittadini. La velocit\u00e0 con cui mutano processi organizzativi, innovazione tecnologica, baricentri geopolitici, impone anche ad un sindacato riformista come la Cisl di interrogarsi sugli scenari futuri e sugli strumenti pi\u00f9 adeguati per affrontare le grandi sfide che si pongono davanti al nostro Paese, ai nostri territori, al mondo del lavoro, alle persone che rappresentiamo. A partire dal Next Generation EU, la cui genesi fonda sul \u2018pensiero strategico\u2019 che l\u2019Unione Europea ha avuto l\u2019intuizione di adottare come strumento e metodologia innovativa per la progettazione e la programmazione futura\u201d<\/em>.\u00a0<\/span><\/p>\n<p>&nbsp;<\/p>\n<p>&nbsp;<\/p>\n<hr \/>\n<p>&nbsp;<\/p>\n<p>&nbsp;<\/p>\n<blockquote>\n<h3>DAI GIOVANI ALLA TRANSIZIONE ECOLOGICA<\/h3>\n<\/blockquote>\n<p><b><a href=\"https:\/\/www.radiopiu.net\/wordpress\/giornale-radiopiu-22-giugno-2021-direttore-mirko-mezzacasa\/testata-newsletter-spi-bl-002\/\" rel=\"attachment wp-att-217406\"><img loading=\"lazy\" decoding=\"async\" class=\" wp-image-217406 alignleft\" src=\"https:\/\/www.radiopiu.net\/wordpress\/wp-content\/uploads\/2021\/06\/testata-newsletter-SPI-BL-002-300x101.jpg\" alt=\"\" width=\"282\" height=\"95\" srcset=\"https:\/\/www.radiopiu.net\/wordpress\/wp-content\/uploads\/2021\/06\/testata-newsletter-SPI-BL-002-300x101.jpg 300w, https:\/\/www.radiopiu.net\/wordpress\/wp-content\/uploads\/2021\/06\/testata-newsletter-SPI-BL-002-1024x344.jpg 1024w, https:\/\/www.radiopiu.net\/wordpress\/wp-content\/uploads\/2021\/06\/testata-newsletter-SPI-BL-002-768x258.jpg 768w, https:\/\/www.radiopiu.net\/wordpress\/wp-content\/uploads\/2021\/06\/testata-newsletter-SPI-BL-002.jpg 1082w\" sizes=\"auto, (max-width: 282px) 100vw, 282px\" \/><\/a>BELLUNO <\/b>Sabato 26 giugno dalle 11\u00a0diretta &#8220;Il recovery plan dai giovani alla transizione ecologica&#8221;, sulla pagina Facebook e sul canale YouTube #DolomitiHub. Abbiamo sentito tanto parlare di \u201crecovery plan\u201d e Recovery Fund al telegiornale, alla radio, lo abbiamo letto sui giornali. Ma sappiamo davvero di cosa si tratta? Ecco un\u2019occasione per conoscerlo. Lo Spi Cgil Belluno, Dolomiti Hub e\u00a0Next Nuova Economia per tutti\u00a0promuovono questo momento formativo all\u2019interno del laboratorio \u201cConoscere le amministrazioni. Lo Spi Cgil incontra le\/i giovani\u201d.Dopo l\u2019introduzione di\u00a0Maria Rita Gentilin, segretaria generale di Spi Cgil Belluno, interverr\u00e0 Valentino Bobbio, segretario generale dell\u2019associazione\u00a0Next Nuova Economia per Tutti, con esperienza nella formazione e consulenza e da sempre impegnato sui temi della sostenibilit\u00e0 ambientale.<\/p>\n<p>&nbsp;<\/p>\n<p>&nbsp;<\/p>\n<hr \/>\n<p>&nbsp;<\/p>\n<blockquote>\n<h3>CONFERENZA SUL FUTURO DELL\u2019EUROPA. DORFMANN \u00abURGENTE E NECESSARIO RINNOVARE L&#8217;UNIONE\u00bb<\/h3>\n<\/blockquote>\n<p><strong>BRUXELLES\u00a0 <\/strong>Si \u00e8 tenuta nei giorni scorsi a Strasburgo la sessione plenaria inaugurale della Conferenza sul futuro dell\u2019Europa, che vede nell&#8217;europarlamentare Herbert Dorfmann l&#8217;unico rappresentante italiano del Partito Popolare Europeo. Su 433 posti in plenaria, 108 sono riservati ai membri del Parlamento Europeo e di questi 28 sono destinati al PPE.<\/p>\n<div style=\"width: 720px;\" class=\"wp-video\"><video class=\"wp-video-shortcode\" id=\"video-217447-2\" width=\"720\" height=\"480\" preload=\"metadata\" controls=\"controls\"><source type=\"video\/mp4\" src=\"https:\/\/www.radiopiu.net\/wordpress\/wp-content\/uploads\/2021\/06\/Dorfmann-Conferenza-plenaria-futuro-Europa.mp4?_=2\" \/><a href=\"https:\/\/www.radiopiu.net\/wordpress\/wp-content\/uploads\/2021\/06\/Dorfmann-Conferenza-plenaria-futuro-Europa.mp4\">https:\/\/www.radiopiu.net\/wordpress\/wp-content\/uploads\/2021\/06\/Dorfmann-Conferenza-plenaria-futuro-Europa.mp4<\/a><\/video><\/div>\n<p>&nbsp;<\/p>\n<hr \/>\n<p>&nbsp;<\/p>\n<p>&nbsp;<\/p>\n<blockquote>\n<h3>FORZE DELL\u2019ORDINE, DE MENECH &#8220;BENE I RINFORZI ESTIVI, ORA QUELLI PERMANENTI&#8221;<\/h3>\n<\/blockquote>\n<p><strong><a href=\"https:\/\/www.radiopiu.net\/wordpress\/169-anniversario-di-fondazione-della-polizia-di-stato\/img-20210208-wa0046\/\" rel=\"attachment wp-att-202218\"><img loading=\"lazy\" decoding=\"async\" class=\" wp-image-202218 alignleft\" src=\"https:\/\/www.radiopiu.net\/wordpress\/wp-content\/uploads\/2021\/04\/IMG-20210208-WA0046-300x200.jpg\" alt=\"\" width=\"209\" height=\"139\" srcset=\"https:\/\/www.radiopiu.net\/wordpress\/wp-content\/uploads\/2021\/04\/IMG-20210208-WA0046-300x200.jpg 300w, https:\/\/www.radiopiu.net\/wordpress\/wp-content\/uploads\/2021\/04\/IMG-20210208-WA0046-768x512.jpg 768w, https:\/\/www.radiopiu.net\/wordpress\/wp-content\/uploads\/2021\/04\/IMG-20210208-WA0046.jpg 1024w\" sizes=\"auto, (max-width: 209px) 100vw, 209px\" \/><\/a>ROMA\u00a0<\/strong> Come ogni anno, il ministero dell\u2019Interno rinforza il personale delle forze dell\u2019ordine nelle zone turistiche. Nel Bellunese arriveranno 15 operatori in pi\u00f9 tra Carabinieri e Polizia che rimarranno in servizio nei 60 giorni tra met\u00e0 luglio e met\u00e0 settembre.<em> \u00ab\u00c8 rassicurante che il piano estivo promosso dal ministero resti immutato negli anni, nonostante i continui cambi di governo, e non abbia risentito dell\u2019emergenza Covid19\u00bb<\/em>, dichiara il deputato bellunese Roger De Menech. I rinforzi sono previsti in tutte le localit\u00e0 turistiche italiane di mare e di montagna e il loro numero \u00e8 basato sull\u2019indice di criminalit\u00e0 di ciascuna area. <em>\u00abPer il Bellunese\u00bb, afferma De Menech, \u00abil tema \u00e8 proseguire nella crescita degli organici permanenti. Negli ultimi anni la situazione \u00e8 migliorata a livello generale per i Carabinieri e per la Questura, ma resistono alcune criticit\u00e0 che devono essere affrontate. Riguardano nello specifico la Guardia di Finanza, la Polizia Ferroviaria e soprattutto la Polizia Stradale. Quest\u2019ultima \u00e8 costantemente in difficolt\u00e0 per la carenza di personale e pi\u00f9 che immissioni a tempo determinato ha necessit\u00e0 di effettivi in servizio permanente. Ci auguriamo che con la prossima legge di bilancio il ministero dell\u2019Interno ascolti le nostre richieste e decida di risolvere questo annoso problema&#8221;\u00a0<\/em><\/p>\n<blockquote>\n<h3>ALLA RADIO, IL DEPUTATO ROGER DE MENECH<\/h3>\n<\/blockquote>\n<audio class=\"wp-audio-shortcode\" id=\"audio-217447-7\" preload=\"none\" style=\"width: 100%;\" controls=\"controls\"><source type=\"audio\/mpeg\" src=\"https:\/\/www.radiopiu.net\/wordpress\/wp-content\/uploads\/2021\/06\/ROGER.mp3?_=7\" \/><a href=\"https:\/\/www.radiopiu.net\/wordpress\/wp-content\/uploads\/2021\/06\/ROGER.mp3\">https:\/\/www.radiopiu.net\/wordpress\/wp-content\/uploads\/2021\/06\/ROGER.mp3<\/a><\/audio>\n<p>&nbsp;<\/p>\n<p>&nbsp;<\/p>\n<p>&nbsp;<\/p>\n<p>&nbsp;<\/p>\n<hr \/>\n<blockquote>\n<h3>LEGGE FORESTALE, PD &#8220;MISURE BLANDE NELLA SANATORIA PER LA REGOLARIZZAZIONE AI LAVORI NON AUTORIZZATI&#8221;<\/h3>\n<\/blockquote>\n<p><strong>VENEZIA<\/strong> <em>\u201cSiamo preoccupati per le modifiche alla legge forestale regionale previste dall\u2019articolo 16, quello su cui esprimiamo la maggiore contrariet\u00e0: le misure previste per regolarizzare lavori non autorizzati sono troppo blande. Semplificare non pu\u00f2 significare una sanatoria generalizzata a maggior ragione su terreni soggetti a vincolo idrogeologico&#8221;.<\/em> A dirlo a nome del Partito Democratico, la consigliera Francesca Zottis correlatrice di minoranza del Pdl 49 sull\u2019adeguamento ordinamentale, commentando l\u2019articolo 16 che va a modificare la legge forestale regionale 52\/1978. <em>\u201cNell\u2019emendamento del relatore sono state raccolte alcune nostre proposte. Anzitutto &#8211; sottolinea la vice <a href=\"https:\/\/www.radiopiu.net\/wordpress\/giornale-radiopiu-del-29-novembre-2018-direttore-mirko-mezzacasa\/pd\/\" rel=\"attachment wp-att-67744\"><img loading=\"lazy\" decoding=\"async\" class=\"size-full wp-image-67744 alignleft\" src=\"https:\/\/www.radiopiu.net\/wordpress\/wp-content\/uploads\/2018\/11\/PD.png\" alt=\"\" width=\"226\" height=\"182\" \/><\/a>capogruppo Vanessa Camani &#8211; si fa chiarezza dal punto di vista semantico e viene messo nero su bianco che si tratta di una regolarizzazione \u2018in sanatoria\u2019 su terreni sottoposti a vincolo idrogeologico. L\u2019altra proposta parzialmente accolta riguarda gli eventuali danni irreversibili derivanti da lavori irregolari: viene esplicitato che al trasgressore non baster\u00e0 pagare la sanzione ma sar\u00e0 obbligato al ripristino dello stato dei luoghi&#8221;.<\/em><\/p>\n<blockquote>\n<h3>PIANO FAUNISTICO, BOCCIATO L&#8217;ORDINE DEL GIORNO DEL PD<\/h3>\n<\/blockquote>\n<p><strong>VENEZIA<\/strong> <em>\u201cRischiamo di trovarci ad approvare il Piano faunistico in piena estate senza un\u2019adeguata partecipazione e discussione in Consiglio e Commissione. Avevamo presentato un ordine del giorno per chiedere di avviare l\u2019istruttoria, ma \u00e8 stato bocciato. Le rassicurazioni dell\u2019assessore Corazzari non bastano pi\u00f9, le sentiamo da anni. Non \u00e8 solo un problema dell\u2019ennesima eventuale proroga: le proroghe ci possono stare nel momento in cui si inizia a vedere qualcosa, qua siamo ancora al palo\u201d. <\/em>I consiglieri regionali del Partito Democratico, commentano cos\u00ec la bocciatura dell\u2019ordine del giorno presentato del Pd in merito al Piano faunistico venatorio all\u2019interno della discussione sul Pdl 49.\u00a0 \u00a0<em>\u201cChiedevamo di iniziare almeno l\u2019istruttoria, invece potremmo trovarci a doverlo votare in agosto in fretta e furia. Ci pare un metodo assolutamente scorretto e sbagliato per uno strumento fondamentale e strategico per la pianificazione del territorio. Da anni stiamo andando avanti di deroga in deroga, sottovalutandone l\u2019importanza. Dobbiamo dimostrare di saper pianificare e non creare scontri tra mondo venatorio, agricolo ed ambientalista\u201d.\u00a0<\/em><\/p>\n<p>&nbsp;<\/p>\n<p>&nbsp;<\/p>\n<hr \/>\n<div align=\"left\">\n<blockquote>\n<h3><\/h3>\n<h3>TAMPONI PER ACCESSO ANCHE ALLE STRUTTURE OSPEDALIERE OLTRE CHE RESIDENZIALI DEL TERRITORIO<\/h3>\n<\/blockquote>\n<p><strong><a href=\"https:\/\/www.radiopiu.net\/wordpress\/covid-19-aumentata-la-capacita-giornaliera-di-analizzare-tamponi\/tamponi-covid\/\" rel=\"attachment wp-att-123875\"><img loading=\"lazy\" decoding=\"async\" class=\"size-medium wp-image-123875 alignleft\" src=\"https:\/\/www.radiopiu.net\/wordpress\/wp-content\/uploads\/2020\/03\/TAMPONI-COVID-300x200.jpg\" alt=\"\" width=\"300\" height=\"200\" srcset=\"https:\/\/www.radiopiu.net\/wordpress\/wp-content\/uploads\/2020\/03\/TAMPONI-COVID-300x200.jpg 300w, https:\/\/www.radiopiu.net\/wordpress\/wp-content\/uploads\/2020\/03\/TAMPONI-COVID-1024x684.jpg 1024w, https:\/\/www.radiopiu.net\/wordpress\/wp-content\/uploads\/2020\/03\/TAMPONI-COVID-768x513.jpg 768w, https:\/\/www.radiopiu.net\/wordpress\/wp-content\/uploads\/2020\/03\/TAMPONI-COVID.jpg 1102w\" sizes=\"auto, (max-width: 300px) 100vw, 300px\" \/><\/a>BELLUNO <\/strong>I tamponi vengono eseguiti gratuitamente nei seguenti covid poitn e orari: <strong>Drive-in Paludi <\/strong>dal luned\u00ec al sabato (festivi esclusi), dalle 8.30 alle 12.30; <strong>Drive-in Feltre \u2013 loc. Anz\u00f9 <\/strong>dal luned\u00ec al sabato (festivi esclusi), dalle 8.30 alle 12.30; <strong>Drive-in Tai di Cadore <\/strong>marted\u00ec, gioved\u00ec e sabato (festivi esclusi), dalle 15.00 alle 17.00; <strong>Drive-in Agordo <\/strong>luned\u00ec, mercoled\u00ec e venerd\u00ec (festivi esclusi), dalle 16.00 alle 17.00; <strong>Drive in Belluno (area ospedale San Martino \u2013 vicino ad asilo aziendale) <\/strong>domenica e festivi, dalle 8.30 alle 10.30.<\/p>\n<\/div>\n<div align=\"left\"><\/div>\n<p>&nbsp;<\/p>\n<p>&nbsp;<\/p>\n<p>&nbsp;<\/p>\n<hr \/>\n<p>&nbsp;<\/p>\n<blockquote>\n<h3>TEST ANTIGIENICI NELLE FARMACIE A BELLUNO,CORTINA, FELTRE, ALPAGO, VALBELLUNA E CADORE<\/h3>\n<\/blockquote>\n<p><a href=\"https:\/\/www.radiopiu.net\/wordpress\/azienda-agordo-servizi-farmacia-e-asilo-nido-bilancio-in-positivo\/farmacia-2\/\" rel=\"attachment wp-att-84142\"><img loading=\"lazy\" decoding=\"async\" class=\"size-full wp-image-84142 alignleft\" src=\"https:\/\/www.radiopiu.net\/wordpress\/wp-content\/uploads\/2019\/04\/FARMACIA.jpg\" alt=\"\" width=\"295\" height=\"171\" \/><\/a><strong>BELLUNO<\/strong> Con l\u2019avvio della stagione turistica ecco le Farmacie che ad oggi hanno aderito al Protocollo di Intesa per l&#8217;esecuzione del test antigenico rapido: <strong>BELLUNO<\/strong>\u00a0FARMACIE CHIMENTI e FARMACIA VENEGGIA <strong>CORTINA<\/strong><u> \u00a0<\/u>FARMACIA SAN GIORGIO e\u00a0 FARMACIA INTERNAZIONALE\u00a0 <strong>FELTRE<\/strong> FARMACIA COMUNALE e\u00a0 FARMACIA MINCIOTTI <strong>ALPAGO<\/strong><u> <\/u>FARMACIA PHARMA FUTURE <strong>LIMANA <\/strong>FARMACIA SMERIERI <strong>TRICHIANA<\/strong> DOLOMITI sas <strong>SEDICO<\/strong>\u00a0 FARMACIA DR. ARRIGONI DOMINGO <strong>SEREN DEL GRAPPA <\/strong>FARMACIA MAZZOCCATO DR.SSA GIULIA <strong>BORGO VALBELLUNA <\/strong>FARMACIA AL CASTELLO <strong>VALLE DI CADORE <\/strong>FARMACIA SORAVIA <strong>AURONZO<\/strong> ENTE COOP. DI MUTUO SOCCORSO <strong>LOZZO DI CADORE<\/strong> DOLOMITI. L\u2019iniziativa \u00e8 rivolta ai cittadini che, a titolo totalmente volontario, intendono sottoporsi all\u2019effettuazione del test antigenico rapido, senza necessit\u00e0 di presentare ricetta medica e a proprio carico. Il costo della prestazione non pu\u00f2 superare l\u2019importo di\u00a0 22\u00a0 euro.Rimangono invariate le modalit\u00e0 di esecuzione dei tamponi presso i siti individuati dalla ULSS 1 Dolomiti, su prescrizione del Medico di Medicina Generale o Pediatra di Libera Scelta o su invito del Dipartimento di Prevenzione dell\u2019ULSS. Dal 7 giugno le farmacie territoriali effettuano tamponi anche a favore di cittadini italiani non assistiti in Veneto e di cittadini stranieri. Le farmacie, effettuato il tampone antigenico, rilasciano il relativo certificato.<\/p>\n<p>&nbsp;<\/p>\n<hr \/>\n<p>&nbsp;<\/p>\n<p>&nbsp;<\/p>\n<p>&nbsp;<\/p>\n<blockquote>\n<h2>IL NUOVO LIBRO DI GIORGIO FONTANIVE, VENERDI LA PRESENTAZIONE<\/h2>\n<\/blockquote>\n<p><strong><img loading=\"lazy\" decoding=\"async\" class=\"alignleft\" src=\"https:\/\/www.radiopiu.net\/wordpress\/wp-content\/uploads\/2021\/06\/10364118_706292326103957_4699429107244899270_n.jpg\" width=\"121\" height=\"168\" \/>AGORDO<\/strong><\/p>\n<p><strong>DI GIANNI SANTOMASO<\/strong><\/p>\n<audio class=\"wp-audio-shortcode\" id=\"audio-217447-8\" preload=\"none\" style=\"width: 100%;\" controls=\"controls\"><source type=\"audio\/mpeg\" src=\"https:\/\/www.radiopiu.net\/wordpress\/wp-content\/uploads\/2021\/06\/GIANNI-GIORGIO.mp3?_=8\" \/><a href=\"https:\/\/www.radiopiu.net\/wordpress\/wp-content\/uploads\/2021\/06\/GIANNI-GIORGIO.mp3\">https:\/\/www.radiopiu.net\/wordpress\/wp-content\/uploads\/2021\/06\/GIANNI-GIORGIO.mp3<\/a><\/audio>\n<p>&nbsp;<\/p>\n<p>&nbsp;<\/p>\n<p>&nbsp;<\/p>\n<hr \/>\n<p>&nbsp;<\/p>\n<blockquote>\n<h2>PARCO GIOCHI DI CAVIOLA e FALCADE RIPARTENZA AL POSITIVO, L&#8217;INTERVISTA A MATTEO IL GIOVANE DE NARDIN<\/h2>\n<\/blockquote>\n<p><strong><a href=\"https:\/\/www.radiopiu.net\/wordpress\/collage-di-loris-scussel-dal-lunedi-al-venerdi-alle-16-e-alle-23-su-radio-piu\/66446085_914451882238459_3120782263009148928_n\/\" rel=\"attachment wp-att-217561\"><img loading=\"lazy\" decoding=\"async\" class=\" wp-image-217561 alignleft\" src=\"https:\/\/www.radiopiu.net\/wordpress\/wp-content\/uploads\/2021\/06\/66446085_914451882238459_3120782263009148928_n-300x225.jpg\" alt=\"\" width=\"225\" height=\"169\" srcset=\"https:\/\/www.radiopiu.net\/wordpress\/wp-content\/uploads\/2021\/06\/66446085_914451882238459_3120782263009148928_n-300x225.jpg 300w, https:\/\/www.radiopiu.net\/wordpress\/wp-content\/uploads\/2021\/06\/66446085_914451882238459_3120782263009148928_n-1024x768.jpg 1024w, https:\/\/www.radiopiu.net\/wordpress\/wp-content\/uploads\/2021\/06\/66446085_914451882238459_3120782263009148928_n-768x576.jpg 768w, https:\/\/www.radiopiu.net\/wordpress\/wp-content\/uploads\/2021\/06\/66446085_914451882238459_3120782263009148928_n.jpg 1080w\" sizes=\"auto, (max-width: 225px) 100vw, 225px\" \/><\/a><\/strong><\/p>\n<p>&nbsp;<\/p>\n<p>&nbsp;<\/p>\n<p><strong>AUDIO<\/strong><\/p>\n<p><strong>di Claudio Fontanive\u00a0<\/strong><\/p>\n<audio class=\"wp-audio-shortcode\" id=\"audio-217447-9\" preload=\"none\" style=\"width: 100%;\" controls=\"controls\"><source type=\"audio\/mpeg\" src=\"https:\/\/www.radiopiu.net\/wordpress\/wp-content\/uploads\/2021\/06\/mattia-de-nardin.mp3?_=9\" \/><a href=\"https:\/\/www.radiopiu.net\/wordpress\/wp-content\/uploads\/2021\/06\/mattia-de-nardin.mp3\">https:\/\/www.radiopiu.net\/wordpress\/wp-content\/uploads\/2021\/06\/mattia-de-nardin.mp3<\/a><\/audio>\n<p>&nbsp;<\/p>\n<p>&nbsp;<\/p>\n<hr \/>\n<p>&nbsp;<\/p>\n<blockquote>\n<h3>TORNANO LE FESTE A CANALE D&#8217;AGORDO E AGORDO<\/h3>\n<\/blockquote>\n<p><strong><a href=\"https:\/\/www.radiopiu.net\/wordpress\/incidente-a-fonzaso-in-tarda-mattinata-motociclista-in-ospedale\/202721891_3943868875724100_2283223978711437026_n\/\" rel=\"attachment wp-att-217580\"><img loading=\"lazy\" decoding=\"async\" class=\"size-medium wp-image-217580 alignleft\" src=\"https:\/\/www.radiopiu.net\/wordpress\/wp-content\/uploads\/2021\/06\/202721891_3943868875724100_2283223978711437026_n-300x169.jpg\" alt=\"\" width=\"300\" height=\"169\" srcset=\"https:\/\/www.radiopiu.net\/wordpress\/wp-content\/uploads\/2021\/06\/202721891_3943868875724100_2283223978711437026_n-300x169.jpg 300w, https:\/\/www.radiopiu.net\/wordpress\/wp-content\/uploads\/2021\/06\/202721891_3943868875724100_2283223978711437026_n-1024x577.jpg 1024w, https:\/\/www.radiopiu.net\/wordpress\/wp-content\/uploads\/2021\/06\/202721891_3943868875724100_2283223978711437026_n-768x433.jpg 768w, https:\/\/www.radiopiu.net\/wordpress\/wp-content\/uploads\/2021\/06\/202721891_3943868875724100_2283223978711437026_n-1536x865.jpg 1536w, https:\/\/www.radiopiu.net\/wordpress\/wp-content\/uploads\/2021\/06\/202721891_3943868875724100_2283223978711437026_n.jpg 1640w\" sizes=\"auto, (max-width: 300px) 100vw, 300px\" \/><\/a>RIVAMONTE<\/strong> Pochi giorni fa Sant&#8217;Antonio sottotono, per i fedeli messe e cordoni regolari come ogni anno, per il resto giornata normale senza giostre, bancarelle&#8230;gnocchi. Non cos\u00ec a Canale d&#8217;Agordo dove il prossimo fine settimana di festeggia San Giovanni e il Luna Park \u00e8 gi\u00e0 in piazza. Poi le giostre per San Piero si sposteranno sul Broi dove la Proloco presenta un programma ridotto SABATO 26 giugno\u00a0 Chiosco aperto dalle 16 alle 00.00 e cucina con panini e patatine dalle 16 alle 22.\u00a0 DOMENICA 27 Chiosco aperto dalle 10 alle 21 e cucina con panini e patatine dalle 12 alle 19. MARTEDI&#8217; 29\u00a0 S.PIERO-Chiosco aperto dalle 10 alle 21 e cucina con panini e patatine dalle 12 alle 19. Sabato e marted\u00ec inoltre ci sar\u00e0 lo stand informativo di Dogs on the rocks dalle 16 alle 18. Il 26, 27 e 29 Luna park,\u00a0 Il 29 tradizionale mercato del S. Patrono e il Piatto San Piero nei locali aderenti all&#8217;iniziativa. Inoltre il 29 alle\u00a0 10 verr\u00e0 inaugurata la mostra &#8220;Oro Rosso&#8221; in Sala Don Tamis,\u00a0 aperta fino al 4 luglio<\/p>\n<blockquote>\n<h3><strong>CANALE D&#8217;AGORDO, SAN GIOVANNI E I MERCATINI A CAVIOLA<\/strong><\/h3>\n<\/blockquote>\n<p><strong>di GIANNI SANTOMASO<\/strong><\/p>\n<audio class=\"wp-audio-shortcode\" id=\"audio-217447-10\" preload=\"none\" style=\"width: 100%;\" controls=\"controls\"><source type=\"audio\/mpeg\" src=\"https:\/\/www.radiopiu.net\/wordpress\/wp-content\/uploads\/2021\/06\/GIANNI-MERCATINI-CAVIOLA-SAN-GIOVANNI-CANALE.mp3?_=10\" \/><a href=\"https:\/\/www.radiopiu.net\/wordpress\/wp-content\/uploads\/2021\/06\/GIANNI-MERCATINI-CAVIOLA-SAN-GIOVANNI-CANALE.mp3\">https:\/\/www.radiopiu.net\/wordpress\/wp-content\/uploads\/2021\/06\/GIANNI-MERCATINI-CAVIOLA-SAN-GIOVANNI-CANALE.mp3<\/a><\/audio>\n<p>&nbsp;<\/p>\n<div class=\"bp9cbjyn j83agx80 cbu4d94t d2edcug0\">\n<div class=\"d2edcug0\">\n<div class=\"rq0escxv d2edcug0 ecyo15nh k387qaup r24q5c3a hv4rvrfc dati1w0a discj3wi\">\n<div class=\"rq0escxv l9j0dhe7 du4w35lb j83agx80 pfnyh3mw taijpn5t gs1a9yip lhclo0ds btwxx1t3 sv5sfqaa o22cckgh obtkqiv7 fop5sh7t\">\n<div class=\"rq0escxv l9j0dhe7 du4w35lb fhuww2h9 hpfvmrgz gile2uim pwa15fzy g5gj957u aov4n071 oi9244e8 bi6gxh9e h676nmdw aghb5jc5\">\n<div class=\"sjgh65i0\">\n<div class=\"j83agx80 l9j0dhe7 k4urcfbm\">\n<div class=\"rq0escxv l9j0dhe7 du4w35lb hybvsw6c io0zqebd m5lcvass fbipl8qg nwvqtn77 k4urcfbm ni8dbmo4 stjgntxs sbcfpzgs\">\n<div class=\"discj3wi ihqw7lf3\">\n<div class=\"dati1w0a hv4rvrfc\">\n<blockquote><p><strong>A PROPOSITO DI RIVAMONTE&#8230;. IL PRESIDENTE DELLA PROLOCO GIACOMO BRESSAN<\/strong><\/p>\n<p><em>Facile \u201cvincere facile\u201d quando il dpcm vietava fino al 15 giugno sagre e mercatini . Si lo so e uno sfogo e leggere certe cose mi fa molto male sia come abitante di Rivamonte soprattutto di piu come presidente della pro loco . E proprio vero che i giornalisti hanno la penna facile solo per denigrare il non fatto &#8230; la pro loco di Rivamonte ( testimone il Comune ) si \u00e8 mossa ancora ad aprile per poter fare gnocchi da asporto e poter fare \u201cqualcosa\u201d per la festa patronale . Ci siamo sentiti dire . E allora? Cosa dovremmo fare se la sagra e il 13 giugno e se il DPCM del cavolo vietava qualsiasi cosa sembrasse a una sagra fino al 15 ?<\/em><\/p><\/blockquote>\n<div class=\"bp9cbjyn j83agx80 cbu4d94t d2edcug0\">\n<div class=\"d2edcug0\">\n<div class=\"rq0escxv d2edcug0 ecyo15nh k387qaup r24q5c3a hv4rvrfc dati1w0a discj3wi\">\n<div class=\"rq0escxv l9j0dhe7 du4w35lb j83agx80 pfnyh3mw taijpn5t gs1a9yip lhclo0ds btwxx1t3 sv5sfqaa o22cckgh obtkqiv7 fop5sh7t\">\n<div class=\"rq0escxv l9j0dhe7 du4w35lb fhuww2h9 hpfvmrgz gile2uim pwa15fzy g5gj957u aov4n071 oi9244e8 bi6gxh9e h676nmdw aghb5jc5\">\n<div class=\"sjgh65i0\">\n<div class=\"j83agx80 l9j0dhe7 k4urcfbm\">\n<div class=\"dati1w0a hv4rvrfc\">\n<p><span style=\"color: #ff0000;\"><strong>ARCHIVIO RADIO PIU\u00a0<\/strong><\/span><\/p>\n<\/div>\n<\/div>\n<\/div>\n<\/div>\n<\/div>\n<\/div>\n<\/div>\n<\/div>\n<p><strong>AGORDO\u00a0<\/strong>La domenica di Sant&#8217;Antonio \u00e8 rimasta senza banchetti a Rivamonte in occasione del santo patrono, ma ad Agordo, attorno al Broi, le bancarelle non mancavano in occasione del mercatino domenicale.<\/p>\n<p><strong>L&#8217;INTERVISTA A PAOLA CENTELEGHE, PRESENTE AL MERCATINO DI AGORDO CON IL SUO BANCO DI ORTOFRUTTA<\/strong><\/p>\n<audio class=\"wp-audio-shortcode\" id=\"audio-217447-11\" preload=\"none\" style=\"width: 100%;\" controls=\"controls\"><source type=\"audio\/mpeg\" src=\"https:\/\/www.radiopiu.net\/wordpress\/wp-content\/uploads\/2021\/06\/intervista-paola-centelleghe-mercatino-agordo.mp3?_=11\" \/><a href=\"https:\/\/www.radiopiu.net\/wordpress\/wp-content\/uploads\/2021\/06\/intervista-paola-centelleghe-mercatino-agordo.mp3\">https:\/\/www.radiopiu.net\/wordpress\/wp-content\/uploads\/2021\/06\/intervista-paola-centelleghe-mercatino-agordo.mp3<\/a><\/audio>\n<p>&nbsp;<\/p>\n\n\t\t\t<style type='text\/css'>\n\t\t\t\t#gallery-8 {\n\t\t\t\t\tmargin: auto;\n\t\t\t\t}\n\t\t\t\t#gallery-8 .gallery-item {\n\t\t\t\t\tfloat: left;\n\t\t\t\t\tmargin-top: 10px;\n\t\t\t\t\ttext-align: center;\n\t\t\t\t\twidth: 50%;\n\t\t\t\t}\n\t\t\t\t#gallery-8 img {\n\t\t\t\t\tborder: 2px solid #cfcfcf;\n\t\t\t\t}\n\t\t\t\t#gallery-8 .gallery-caption {\n\t\t\t\t\tmargin-left: 0;\n\t\t\t\t}\n\t\t\t\t\/* see gallery_shortcode() in wp-includes\/media.php *\/\n\t\t\t<\/style>\n\t\t<div id='gallery-8' class='dt-gallery-container gallery galleryid-217447 gallery-columns-2 gallery-size-medium'><dl class='gallery-item'>\n\t\t\t\t<dt class='gallery-icon landscape'>\n\t\t\t\t\t<a class=\"rollover rollover-zoom dt-pswp-item\" title=\"87b89783-20c3-4926-8a73-db872c2b69e4\" data-dt-img-description=\"\" data-large_image_width=\"1920\" data-large_image_height=\"1080\"href='https:\/\/www.radiopiu.net\/wordpress\/wp-content\/uploads\/2021\/06\/87b89783-20c3-4926-8a73-db872c2b69e4.jpg'><img loading=\"lazy\" decoding=\"async\" width=\"300\" height=\"169\" src=\"https:\/\/www.radiopiu.net\/wordpress\/wp-content\/uploads\/2021\/06\/87b89783-20c3-4926-8a73-db872c2b69e4-300x169.jpg\" class=\"attachment-medium size-medium\" alt=\"\" srcset=\"https:\/\/www.radiopiu.net\/wordpress\/wp-content\/uploads\/2021\/06\/87b89783-20c3-4926-8a73-db872c2b69e4-300x169.jpg 300w, https:\/\/www.radiopiu.net\/wordpress\/wp-content\/uploads\/2021\/06\/87b89783-20c3-4926-8a73-db872c2b69e4-1024x576.jpg 1024w, https:\/\/www.radiopiu.net\/wordpress\/wp-content\/uploads\/2021\/06\/87b89783-20c3-4926-8a73-db872c2b69e4-768x432.jpg 768w, https:\/\/www.radiopiu.net\/wordpress\/wp-content\/uploads\/2021\/06\/87b89783-20c3-4926-8a73-db872c2b69e4-1536x864.jpg 1536w, https:\/\/www.radiopiu.net\/wordpress\/wp-content\/uploads\/2021\/06\/87b89783-20c3-4926-8a73-db872c2b69e4.jpg 1920w\" sizes=\"auto, (max-width: 300px) 100vw, 300px\" \/><\/a>\n\t\t\t\t<\/dt><\/dl><dl class='gallery-item'>\n\t\t\t\t<dt class='gallery-icon landscape'>\n\t\t\t\t\t<a class=\"rollover rollover-zoom dt-pswp-item\" title=\"63980256-bdf1-4059-bffb-5a2e7155aabe\" data-dt-img-description=\"\" data-large_image_width=\"1920\" data-large_image_height=\"1080\"href='https:\/\/www.radiopiu.net\/wordpress\/wp-content\/uploads\/2021\/06\/63980256-bdf1-4059-bffb-5a2e7155aabe.jpg'><img loading=\"lazy\" decoding=\"async\" width=\"300\" height=\"169\" src=\"https:\/\/www.radiopiu.net\/wordpress\/wp-content\/uploads\/2021\/06\/63980256-bdf1-4059-bffb-5a2e7155aabe-300x169.jpg\" class=\"attachment-medium size-medium\" alt=\"\" srcset=\"https:\/\/www.radiopiu.net\/wordpress\/wp-content\/uploads\/2021\/06\/63980256-bdf1-4059-bffb-5a2e7155aabe-300x169.jpg 300w, https:\/\/www.radiopiu.net\/wordpress\/wp-content\/uploads\/2021\/06\/63980256-bdf1-4059-bffb-5a2e7155aabe-1024x576.jpg 1024w, https:\/\/www.radiopiu.net\/wordpress\/wp-content\/uploads\/2021\/06\/63980256-bdf1-4059-bffb-5a2e7155aabe-768x432.jpg 768w, https:\/\/www.radiopiu.net\/wordpress\/wp-content\/uploads\/2021\/06\/63980256-bdf1-4059-bffb-5a2e7155aabe-1536x864.jpg 1536w, https:\/\/www.radiopiu.net\/wordpress\/wp-content\/uploads\/2021\/06\/63980256-bdf1-4059-bffb-5a2e7155aabe.jpg 1920w\" sizes=\"auto, (max-width: 300px) 100vw, 300px\" \/><\/a>\n\t\t\t\t<\/dt><\/dl><br style=\"clear: both\" \/>\n\t\t\t<\/div>\n\n<p>&nbsp;<\/p>\n<\/div>\n<\/div>\n<\/div>\n<\/div>\n<\/div>\n<\/div>\n<\/div>\n<\/div>\n<\/div>\n<\/div>\n<p>&nbsp;<\/p>\n<p>&nbsp;<\/p>\n<p>&nbsp;<\/p>\n<hr \/>\n<blockquote>\n<h3><\/h3>\n<h3>LE CHIUSURE DEI PASSI DOLOMITICI IN OCCASIONE DEL\u00a0 SELLA RONDA BIKE DAY<\/h3>\n<\/blockquote>\n<p><strong><a href=\"https:\/\/www.radiopiu.net\/wordpress\/lemergenza-stravolge-i-piani-turistici-annullati-gli-eventi-in-terra-fodom\/sellaronda-bike-day-ph-credit_freddy-planinschek\/\" rel=\"attachment wp-att-132243\"><img loading=\"lazy\" decoding=\"async\" class=\" wp-image-132243 alignleft\" src=\"https:\/\/www.radiopiu.net\/wordpress\/wp-content\/uploads\/2020\/04\/Sellaronda-bike-day-ph.credit_freddy-planinschek-300x200.jpg\" alt=\"\" width=\"144\" height=\"96\" srcset=\"https:\/\/www.radiopiu.net\/wordpress\/wp-content\/uploads\/2020\/04\/Sellaronda-bike-day-ph.credit_freddy-planinschek-300x200.jpg 300w, https:\/\/www.radiopiu.net\/wordpress\/wp-content\/uploads\/2020\/04\/Sellaronda-bike-day-ph.credit_freddy-planinschek-768x512.jpg 768w, https:\/\/www.radiopiu.net\/wordpress\/wp-content\/uploads\/2020\/04\/Sellaronda-bike-day-ph.credit_freddy-planinschek.jpg 990w\" sizes=\"auto, (max-width: 144px) 100vw, 144px\" \/><\/a>LIVINALLONGO<\/strong> Domenica 27 giugno per il Sella Ronda Bike Day ci saranno delle limitazioni al traffico sui passi dolomitici.<\/p>\n<p class=\"p1\"><span class=\"s1\"><strong> DOMENICA 27 giugno 2021<\/strong>: SELLA RONDA BIKE DAY con la chiusura dei 4 Passi Dolomitici attorno al massiccio del Sella: <\/span><span class=\"s2\">Passo Campolongo, Passo Gardena, Passo Sella e Passo Pordoi dalle ore 8:30 alle ore 15:30. <\/span><span class=\"s1\">Ai ciclisti si consiglia il senso antiorario, quindi in salita da Arabba verso il Passo Campolongo.<\/span><\/p>\n<p>&nbsp;<\/p>\n<p>&nbsp;<\/p>\n<hr \/>\n<p>&nbsp;<\/p>\n<blockquote>\n<h3>A LIVINALLONGO PARTE LA RACCOLTA DELLE DOCUMENTAZIONI PER I RISTORI DEI DANNI SUBITI DAL MALTEMPO DAL 12 AL 29 NOVEMBRE 2019<\/h3>\n<\/blockquote>\n<p><strong><a href=\"https:\/\/www.radiopiu.net\/wordpress\/il-minuto-di-silenzo-a-belluno-feltre-e-in-tutto-lagordino\/minuto-silenzio-municipio-livinallongo\/\" rel=\"attachment wp-att-126458\"><img loading=\"lazy\" decoding=\"async\" class=\" wp-image-126458 alignleft\" src=\"https:\/\/www.radiopiu.net\/wordpress\/wp-content\/uploads\/2020\/03\/MINUTO-SILENZIO-MUNICIPIO-LIVINALLONGO-267x300.jpg\" alt=\"\" width=\"147\" height=\"165\" srcset=\"https:\/\/www.radiopiu.net\/wordpress\/wp-content\/uploads\/2020\/03\/MINUTO-SILENZIO-MUNICIPIO-LIVINALLONGO-267x300.jpg 267w, https:\/\/www.radiopiu.net\/wordpress\/wp-content\/uploads\/2020\/03\/MINUTO-SILENZIO-MUNICIPIO-LIVINALLONGO-768x863.jpg 768w, https:\/\/www.radiopiu.net\/wordpress\/wp-content\/uploads\/2020\/03\/MINUTO-SILENZIO-MUNICIPIO-LIVINALLONGO.jpg 854w\" sizes=\"auto, (max-width: 147px) 100vw, 147px\" \/><\/a>LIVINALLONGO <\/strong>\u00c8 iniziata la raccolta dei moduli inerenti ai danni subiti dal maltempo tra il 12 e il 29 novembre 2019. I proprietari dei beni mobili registrati danneggiati nel territorio comunale di Livinallongo del Col di Lana durante le eccezionali avversit\u00e0 atmosferiche possono effettuare segnalazione dei danni subiti e richiesta di contributo esclusivamente tramite la compilazione del modulo di istanza che possono trovare presso l&#8217;ufficio comunale. I moduli regolarmente compilati e sottoscritti, dovranno essere consegnati entro le 12 di luned\u00ec 12 luglio 2021 presso l&#8217;ufficio protocollo del Comune di Livinallongo del Col di Lana oppure mediante posta certificata a <a href=\"mailto:sindaco.comune.livinallongo.bl@pecveneto.it\">sindaco.comune.livinallongo.bl@pecveneto.it<\/a> specificando nell&#8217;oggetto \u201cEvento 12 &#8211; 29 novembre 2019. Istanza di contributo per beni immobili registrati\u201d. Per informazioni chiamare il numero 0436\/7193 interno 2<\/p>\n<p>&nbsp;<\/p>\n<p>&nbsp;<\/p>\n<hr \/>\n<p>&nbsp;<\/p>\n<blockquote>\n<h3>RICHIESTA DANNI SUBITI DOPO IL MALTEMPO DELLO SCORSO DICEMBRE<\/h3>\n<\/blockquote>\n<p><strong>FELTRE<\/strong> I privati cittadini residenti nel Comune di Feltre che hanno subito danni a beni mobili registrati (quali ad esempio: auto, moto, mezzi di lavoro, altri mezzi di trasporto privati&#8230; ) durante l&#8217;evento meteo del 4-6 dicembre 2020, possono effettuare richiesta di contributo regionale finalizzato al ristoro dei danni stessi, fatto salvo il pieno rispetto dei requisiti e delle modalita\u0300 indicate.<\/p>\n<p><strong>PER LEGGERE L&#8217;AVVISO DEL COMUNE DI FELTRE <a href=\"https:\/\/www.radiopiu.net\/wordpress\/wp-content\/uploads\/2021\/06\/Avviso-pubblico-ristoro-beni-mobili-evento-dic-2020.pdf\">CLICCA QUI<\/a><\/strong><\/p>\n<p>&nbsp;<\/p>\n<p>&nbsp;<\/p>\n<hr \/>\n<p>&nbsp;<\/p>\n<blockquote>\n<h3>A GOSALDO IL CONSIGLIO COMUNALE CONVOCATO PER DOMANI<\/h3>\n<\/blockquote>\n<p><strong>DI GIANNI SANTOMASO\u00a0<\/strong><\/p>\n<audio class=\"wp-audio-shortcode\" id=\"audio-217447-12\" preload=\"none\" style=\"width: 100%;\" controls=\"controls\"><source type=\"audio\/mpeg\" src=\"https:\/\/www.radiopiu.net\/wordpress\/wp-content\/uploads\/2021\/06\/GIANNI-GOSALDO.mp3?_=12\" \/><a href=\"https:\/\/www.radiopiu.net\/wordpress\/wp-content\/uploads\/2021\/06\/GIANNI-GOSALDO.mp3\">https:\/\/www.radiopiu.net\/wordpress\/wp-content\/uploads\/2021\/06\/GIANNI-GOSALDO.mp3<\/a><\/audio>\n<p>&nbsp;<\/p>\n<p><strong>GOSALDO<\/strong> Il sindaco di Gosaldo Stefano Da Zanche ha convocato il consiglio comunale in videoconferenza per domani alle 19:30. Sono 4 i punti da discutere tra cui una variazione al bilancio 2021-2022 e l&#8217;approvazione della convenzione con ATER Belluno per la gestione e l&#8217;assegnazione degli alloggi di edilizia residenziale pubblica.<\/p>\n<p>&nbsp;<\/p>\n<p>&nbsp;<\/p>\n<hr \/>\n<p>&nbsp;<\/p>\n<blockquote>\n<h3>GIOVEDI&#8217; IL CONSIGLIO COMUNALE A FALCADE<\/h3>\n<\/blockquote>\n<p><strong><a href=\"https:\/\/www.radiopiu.net\/wordpress\/consiglio-comunale-di-falcade-registrazione-integrale-durata-1h33m\/falcade-1\/\" rel=\"attachment wp-att-163186\"><img loading=\"lazy\" decoding=\"async\" class=\" wp-image-163186 alignleft\" src=\"https:\/\/www.radiopiu.net\/wordpress\/wp-content\/uploads\/2020\/09\/FALCADE-1-300x225.jpg\" alt=\"\" width=\"168\" height=\"126\" srcset=\"https:\/\/www.radiopiu.net\/wordpress\/wp-content\/uploads\/2020\/09\/FALCADE-1-300x225.jpg 300w, https:\/\/www.radiopiu.net\/wordpress\/wp-content\/uploads\/2020\/09\/FALCADE-1-768x576.jpg 768w, https:\/\/www.radiopiu.net\/wordpress\/wp-content\/uploads\/2020\/09\/FALCADE-1-640x480.jpg 640w, https:\/\/www.radiopiu.net\/wordpress\/wp-content\/uploads\/2020\/09\/FALCADE-1.jpg 960w\" sizes=\"auto, (max-width: 168px) 100vw, 168px\" \/><\/a>FALCADE<\/strong><\/p>\n<p>di Gianni Santomaso<\/p>\n<audio class=\"wp-audio-shortcode\" id=\"audio-217447-13\" preload=\"none\" style=\"width: 100%;\" controls=\"controls\"><source type=\"audio\/mpeg\" src=\"https:\/\/www.radiopiu.net\/wordpress\/wp-content\/uploads\/2021\/06\/GIANNI-CONSIGLIO-FALCADE.mp3?_=13\" \/><a href=\"https:\/\/www.radiopiu.net\/wordpress\/wp-content\/uploads\/2021\/06\/GIANNI-CONSIGLIO-FALCADE.mp3\">https:\/\/www.radiopiu.net\/wordpress\/wp-content\/uploads\/2021\/06\/GIANNI-CONSIGLIO-FALCADE.mp3<\/a><\/audio>\n<p>&nbsp;<\/p>\n<hr \/>\n<p>&nbsp;<\/p>\n<blockquote>\n<h3>VENERDI&#8217; SERA IL CONSIGLIO COMUNALE DI CANALE D&#8217;AGORDO<\/h3>\n<\/blockquote>\n<p><strong>CANALE D&#8217;AGORDO<\/strong> Il sindaco di Canale D&#8217;Agordo Flavio Colcergnan ha convocato i consiglieri comunali per venerd\u00ec alle 20 presso la sala &#8220;Linda Bolda&#8221;. Si discuter\u00e0 di 7 punti. Tra gli argomenti il rendiconto e l&#8217;approvazione della gestione d&#8217;esercizio finanziario 2020, una variazione al bilancio, la revoca della delibera del consiglio comunale riguardante la surroga del consigliere dimissionario nella commissione elettorale comunale e la donazione di alcune aree censite del comune di Canale D&#8217;Agordo.<\/p>\n<p>&nbsp;<\/p>\n<p>&nbsp;<\/p>\n<hr \/>\n<p>&nbsp;<\/p>\n<blockquote>\n<h3>DOMENICA L&#8217;ASSEMBLEA ANNUALE DEL GAV<\/h3>\n<\/blockquote>\n<p><strong>AGORDO<\/strong> Domenica mattina alle 11:10 presso la sala Framont del Centro Parrocchiale Mons. Savio di Agordo si terr\u00e0 l&#8217;assemblea annuale del GAV. Il presidente Sisto Da Roit ha messo in discussione 8 punti all&#8217;ordine del giorno tra cui la relazione delle attivit\u00e0 2020 e il bilancio consuntivo 2020 e preventivo 2021. Prima dell&#8217;assemblea la messa in ricordo dei volontari defunti.<\/p>\n<p>&nbsp;<\/p>\n<p>&nbsp;<\/p>\n<p>&nbsp;<\/p>\n<hr \/>\n<p>&nbsp;<\/p>\n<blockquote>\n<h3>AGRICOLTURA ED ALLEVAMENTO DEL BESTIAME IN QUEL DI SEDICO<\/h3>\n<\/blockquote>\n<blockquote>\n<h3>di RENATO BONA<\/h3>\n<\/blockquote>\n<p><strong>BELLUNO<\/strong> E\u2019 toccato ad un autentico personaggio della storia e della cultura locale, Gianni De Vecchi, all\u2019epoca presidente del Comitato della Biblioteca civica, proporre il capitolo \u201cAspetti economici e culturali nel tessuto sociale di Sedico\u201d nel libro intitolato \u201cRicordando\u201d che il Comune e la Biblioteca civica vollero stampare con l\u2019Istituto bellunese di ricerche sociali e culturali e per i tipi della tipografia Piave, nel marzo del 1986, col contributo della allora Cassa di risparmio di Verona, Vicenza e Belluno, della Regione e della Comunit\u00e0 montana Bellunese. De Vecchi esordisce affermando che: \u201c&#8230; pare di poter dire che fino al 1950 circa, la maggior parte della popolazione del Comune era occupata nei lavori agricoli\u201d e spiega quindi che le condizioni di vita durissime (si lavorava dall\u2019alba al tramonto con attrezzi primitivi), la mancanza di norme igieniche (nelle abitazioni non c\u2019era l\u2019acqua potabile e fino al 1860 circa mancavano pure acquedotti e fontane pubbliche), le acque stagnanti (i cosiddetti \u2018paluch\u2019), le case malsane (per molti anni in alcune addirittura la terra per pavimento e i muri trasudanti umidit\u00e0), l\u2019insufficiente alimentazione (verso la fine del 1800 la polenta era ancora il nutrimento principale per alcune famiglie, con l\u2019aggiunta negli anni successivi di poco latte, \u2018puina\u2019, \u2018nida\u2019 e formaggio scadente) erano causa di molte malattie (nel secolo scorso anche tifo, pellagra e malaria)\u201d. La durata della vita era di conseguenza molto bassa. Inoltre, per lavoratori e familiari non erano previste pensioni o altre forme previdenziali ed assistenziali (furono estese all\u2019agricoltura soltanto nel 1935 e ai coltivatori diretti, mezzadri e colon nel 1957). Pochi i proprietari terrieri, in genere discendenti dalle famiglie bellunesi nobili e benestanti come i Miari o i Doglioni e non solo, sicch\u00e9 le terre venivano lavorate a mezzadria dai coloni. I rari contadini proprietari di terreni dovevano giocoforza farsi aiutare dalle \u2018opere\u2019 (solo nella parte alta di Sedico vale a dire: Bolago, Libano, Barp, Peron oltre ai mezzadri c\u2019erano pochi proprietari di limitati appezzamenti vicino a casa, qualche mucca ed una porzione di terreno in montagna adibita a bosco o pascolo, con rendita talmente scarsa che molti si vedevano costretti ad emigrare. Salvo eccezioni decisamente rare, i proprietari non si dannavano certo per apportare miglioramenti alle colture e-o agli allevamenti del bestiame e anche questo spiega perch\u00e9 dal 1620 (l\u2019anno dell\u2019introduzione nel Bellunese del granoturco \u2018zea mais\u2019) pare proprio non sia stato seminato alcun altro cereale ed i coloni dovevano accontentarsi dello scarso raccolto: i padroni infatti temevano che le innovazioni, sia per quanto riguarda i macchinari che la conduzione del podere, avrebbero potuto segnare la fine della mezzadria e del loro potere sui contadini. Fra i pochi tentativi di miglioramento va ricordato quello del nobile Giovanni Antonio de\u2019 Manzoni che nei terreni attigui a Villa Pat fece esperimenti introducendo macchinari ed avviando una stalla modello per l\u2019allevamento del bestiame selezionato, introducendo \u201cil metodo di asciugar coi tubi di terra cotta, ottenendo ottimi risultati su una palude tra Gresal e la riva del Bosc\u00f2n. La novit\u00e0 peraltro, dopo la Grande Guerra, fu rappresentata dalla messa in vendita da parte dei nobili ed altri grossi proprietari, tra il 1909 ed il 1925, forse perch\u00e9 in difficolt\u00e0 finanziarie, di molti terreni che vennero acquistati da giovani agordini che, rientrati dall\u2019emigrazione oltre oceano dove erano riusciti a mettere da parte somme importanti, si trasferirono con le famiglie nel territorio di Sedico, e anche da artigiani e commercianti del posto che propiziarono il rilevante cambiamento nella conduzione dei terreni e delle stalle. Venivano coltivati in particolare il \u2018sorch\u2019cio\u00e8 il granoturco, il frumento, fagioli e patate, l\u2019orto per erbe medicinali, il pollaio, le piante da frutto. E sorsero le prime latterie turnarie (prestigiosa quella didattica di Mas \u2013 ndr.) forse ad iniziativa degli agordini che conoscevano le tecniche di produzione del burro e dei formaggi, Quanto all\u2019allevamento, ci si dedicava anche a pecore e montoni oltre che ai bovini. Poi le api, allevate in tutte o quasi le case coloniche e per lungo periodo anche i bachi da seta (non a caso a Mas nel 1931 funzionava uno stabilimento bacologico specializzato). De Vecchi concludeva, una volta ricordato che in comune di Sedico la malga di propriet\u00e0 de Manzoni ospitava 120 bovini e 1200 pecore e montoni, evidenziando come \u201cLo spopolamento delle campagne e l\u2019uso delle moderne macchine ha completamente rivoluzionato il sistema di lavoro e di vita degli agricoltori attuali, ponendo fine alla \u2018civilt\u00e0 contadina\u2019 che, pur ricca di valori morali, rappresentava spesso (non dimentichiamolo) un periodo di fame e miseria\u201d.<\/p>\n<p>&nbsp;<\/p>\n\n\t\t\t<style type='text\/css'>\n\t\t\t\t#gallery-9 {\n\t\t\t\t\tmargin: auto;\n\t\t\t\t}\n\t\t\t\t#gallery-9 .gallery-item {\n\t\t\t\t\tfloat: left;\n\t\t\t\t\tmargin-top: 10px;\n\t\t\t\t\ttext-align: center;\n\t\t\t\t\twidth: 20%;\n\t\t\t\t}\n\t\t\t\t#gallery-9 img {\n\t\t\t\t\tborder: 2px solid #cfcfcf;\n\t\t\t\t}\n\t\t\t\t#gallery-9 .gallery-caption {\n\t\t\t\t\tmargin-left: 0;\n\t\t\t\t}\n\t\t\t\t\/* see gallery_shortcode() in wp-includes\/media.php *\/\n\t\t\t<\/style>\n\t\t<div id='gallery-9' class='dt-gallery-container gallery galleryid-217447 gallery-columns-5 gallery-size-thumbnail'><dl class='gallery-item'>\n\t\t\t\t<dt class='gallery-icon portrait'>\n\t\t\t\t\t<a class=\"rollover rollover-zoom dt-pswp-item\" title=\"205220694_486083786018222_3172307078373318014_n\" data-dt-img-description=\"\" data-large_image_width=\"168\" data-large_image_height=\"206\"href='https:\/\/www.radiopiu.net\/wordpress\/wp-content\/uploads\/2021\/06\/205220694_486083786018222_3172307078373318014_n.jpg'><img loading=\"lazy\" decoding=\"async\" width=\"150\" height=\"150\" src=\"https:\/\/www.radiopiu.net\/wordpress\/wp-content\/uploads\/2021\/06\/205220694_486083786018222_3172307078373318014_n-150x150.jpg\" class=\"attachment-thumbnail size-thumbnail\" alt=\"\" \/><\/a>\n\t\t\t\t<\/dt><\/dl><dl class='gallery-item'>\n\t\t\t\t<dt class='gallery-icon landscape'>\n\t\t\t\t\t<a class=\"rollover rollover-zoom dt-pswp-item\" title=\"202988724_943644736203371_2937573863396795565_n\" data-dt-img-description=\"\" data-large_image_width=\"224\" data-large_image_height=\"206\"href='https:\/\/www.radiopiu.net\/wordpress\/wp-content\/uploads\/2021\/06\/202988724_943644736203371_2937573863396795565_n.jpg'><img loading=\"lazy\" decoding=\"async\" width=\"150\" height=\"150\" src=\"https:\/\/www.radiopiu.net\/wordpress\/wp-content\/uploads\/2021\/06\/202988724_943644736203371_2937573863396795565_n-150x150.jpg\" class=\"attachment-thumbnail size-thumbnail\" alt=\"\" \/><\/a>\n\t\t\t\t<\/dt><\/dl><dl class='gallery-item'>\n\t\t\t\t<dt class='gallery-icon landscape'>\n\t\t\t\t\t<a class=\"rollover rollover-zoom dt-pswp-item\" title=\"205468642_220090583137959_7053088099657719163_n\" data-dt-img-description=\"\" data-large_image_width=\"280\" data-large_image_height=\"201\"href='https:\/\/www.radiopiu.net\/wordpress\/wp-content\/uploads\/2021\/06\/205468642_220090583137959_7053088099657719163_n.jpg'><img loading=\"lazy\" decoding=\"async\" width=\"150\" height=\"150\" src=\"https:\/\/www.radiopiu.net\/wordpress\/wp-content\/uploads\/2021\/06\/205468642_220090583137959_7053088099657719163_n-150x150.jpg\" class=\"attachment-thumbnail size-thumbnail\" alt=\"\" \/><\/a>\n\t\t\t\t<\/dt><\/dl><dl class='gallery-item'>\n\t\t\t\t<dt class='gallery-icon landscape'>\n\t\t\t\t\t<a class=\"rollover rollover-zoom dt-pswp-item\" title=\"202486055_788533008520978_7207676529178870703_n\" data-dt-img-description=\"\" data-large_image_width=\"279\" data-large_image_height=\"206\"href='https:\/\/www.radiopiu.net\/wordpress\/wp-content\/uploads\/2021\/06\/202486055_788533008520978_7207676529178870703_n.jpg'><img loading=\"lazy\" decoding=\"async\" width=\"150\" height=\"150\" src=\"https:\/\/www.radiopiu.net\/wordpress\/wp-content\/uploads\/2021\/06\/202486055_788533008520978_7207676529178870703_n-150x150.jpg\" class=\"attachment-thumbnail size-thumbnail\" alt=\"\" \/><\/a>\n\t\t\t\t<\/dt><\/dl><dl class='gallery-item'>\n\t\t\t\t<dt class='gallery-icon landscape'>\n\t\t\t\t\t<a class=\"rollover rollover-zoom dt-pswp-item\" title=\"204851441_764397807584754_120780117820554822_n\" data-dt-img-description=\"\" data-large_image_width=\"349\" data-large_image_height=\"206\"href='https:\/\/www.radiopiu.net\/wordpress\/wp-content\/uploads\/2021\/06\/204851441_764397807584754_120780117820554822_n.jpg'><img loading=\"lazy\" decoding=\"async\" width=\"150\" height=\"150\" src=\"https:\/\/www.radiopiu.net\/wordpress\/wp-content\/uploads\/2021\/06\/204851441_764397807584754_120780117820554822_n-150x150.jpg\" class=\"attachment-thumbnail size-thumbnail\" alt=\"\" \/><\/a>\n\t\t\t\t<\/dt><\/dl><br style=\"clear: both\" \/><dl class='gallery-item'>\n\t\t\t\t<dt class='gallery-icon portrait'>\n\t\t\t\t\t<a class=\"rollover rollover-zoom dt-pswp-item\" title=\"203582084_1011827746022603_1732017642451446150_n\" data-dt-img-description=\"\" data-large_image_width=\"160\" data-large_image_height=\"223\"href='https:\/\/www.radiopiu.net\/wordpress\/wp-content\/uploads\/2021\/06\/203582084_1011827746022603_1732017642451446150_n.jpg'><img loading=\"lazy\" decoding=\"async\" width=\"150\" height=\"150\" src=\"https:\/\/www.radiopiu.net\/wordpress\/wp-content\/uploads\/2021\/06\/203582084_1011827746022603_1732017642451446150_n-150x150.jpg\" class=\"attachment-thumbnail size-thumbnail\" alt=\"\" \/><\/a>\n\t\t\t\t<\/dt><\/dl><dl class='gallery-item'>\n\t\t\t\t<dt class='gallery-icon landscape'>\n\t\t\t\t\t<a class=\"rollover rollover-zoom dt-pswp-item\" title=\"203781152_202798861754951_282456181546278520_n\" data-dt-img-description=\"\" data-large_image_width=\"333\" data-large_image_height=\"206\"href='https:\/\/www.radiopiu.net\/wordpress\/wp-content\/uploads\/2021\/06\/203781152_202798861754951_282456181546278520_n.jpg'><img loading=\"lazy\" decoding=\"async\" width=\"150\" height=\"150\" src=\"https:\/\/www.radiopiu.net\/wordpress\/wp-content\/uploads\/2021\/06\/203781152_202798861754951_282456181546278520_n-150x150.jpg\" class=\"attachment-thumbnail size-thumbnail\" alt=\"\" \/><\/a>\n\t\t\t\t<\/dt><\/dl><dl class='gallery-item'>\n\t\t\t\t<dt class='gallery-icon landscape'>\n\t\t\t\t\t<a class=\"rollover rollover-zoom dt-pswp-item\" title=\"202556415_147065534155819_6193297985502349899_n\" data-dt-img-description=\"\" data-large_image_width=\"280\" data-large_image_height=\"203\"href='https:\/\/www.radiopiu.net\/wordpress\/wp-content\/uploads\/2021\/06\/202556415_147065534155819_6193297985502349899_n.jpg'><img loading=\"lazy\" decoding=\"async\" width=\"150\" height=\"150\" src=\"https:\/\/www.radiopiu.net\/wordpress\/wp-content\/uploads\/2021\/06\/202556415_147065534155819_6193297985502349899_n-150x150.jpg\" class=\"attachment-thumbnail size-thumbnail\" alt=\"\" \/><\/a>\n\t\t\t\t<\/dt><\/dl><dl class='gallery-item'>\n\t\t\t\t<dt class='gallery-icon portrait'>\n\t\t\t\t\t<a class=\"rollover rollover-zoom dt-pswp-item\" title=\"204345329_882248629027644_7877127118845486516_n\" data-dt-img-description=\"\" data-large_image_width=\"160\" data-large_image_height=\"200\"href='https:\/\/www.radiopiu.net\/wordpress\/wp-content\/uploads\/2021\/06\/204345329_882248629027644_7877127118845486516_n.jpg'><img loading=\"lazy\" decoding=\"async\" width=\"150\" height=\"150\" src=\"https:\/\/www.radiopiu.net\/wordpress\/wp-content\/uploads\/2021\/06\/204345329_882248629027644_7877127118845486516_n-150x150.jpg\" class=\"attachment-thumbnail size-thumbnail\" alt=\"\" \/><\/a>\n\t\t\t\t<\/dt><\/dl><dl class='gallery-item'>\n\t\t\t\t<dt class='gallery-icon landscape'>\n\t\t\t\t\t<a class=\"rollover rollover-zoom dt-pswp-item\" title=\"204164185_321827479663692_7541987772575072056_n\" data-dt-img-description=\"\" data-large_image_width=\"280\" data-large_image_height=\"206\"href='https:\/\/www.radiopiu.net\/wordpress\/wp-content\/uploads\/2021\/06\/204164185_321827479663692_7541987772575072056_n.jpg'><img loading=\"lazy\" decoding=\"async\" width=\"150\" height=\"150\" src=\"https:\/\/www.radiopiu.net\/wordpress\/wp-content\/uploads\/2021\/06\/204164185_321827479663692_7541987772575072056_n-150x150.jpg\" class=\"attachment-thumbnail size-thumbnail\" alt=\"\" \/><\/a>\n\t\t\t\t<\/dt><\/dl><br style=\"clear: both\" \/>\n\t\t\t<\/div>\n\n<p>NELLE FOTO (riproduzioni dal libro \u201cRicordando. Storia e immagini del comune di Sedico\u201d): anno 1919, il cuore di Sedico in cui dominavano la Chiesa ed il Municipio; oltre la statale agordina si vede la Cal de Messa, allora soltanto un viottolo interpoderale; rudimentale pompa di legno con lungo spruzzatore per irrorare le viti di verderame; vendemmia a Peron nei vigneti della propriet\u00e0 Roni, \u00e8 il 1919; anche il pi\u00f9 piccolo seguir\u00e0 i parenti nei campi\u2026; ora di raccolto: immortalate anche le scope di saggina; pollaio voce importante nell\u2019economia familiare; ai Salet qualcuno si occupava di pastorizia; se l\u2019annata era buona\u2026; come una volta\u2026; la \u2018nida\u2019 dopo il burro (immagine dal libro \u201cRacconti Bellunesi\u201d di Dino De Cian).<\/p>\n<p>&nbsp;<\/p>\n<p>&nbsp;<\/p>\n<hr \/>\n<p>&nbsp;<\/p>\n<blockquote>\n<h3><a href=\"https:\/\/www.radiopiu.net\/wordpress\/quando-il-centro-estivo-fa-il-pieno\/whatsapp-image-2020-08-04-at-17-23-46\/\" rel=\"attachment wp-att-216713\"><img loading=\"lazy\" decoding=\"async\" class=\"wp-image-216713 alignleft\" src=\"https:\/\/www.radiopiu.net\/wordpress\/wp-content\/uploads\/2021\/06\/WhatsApp-Image-2020-08-04-at-17.23.46-300x225.jpeg\" alt=\"\" width=\"137\" height=\"103\" srcset=\"https:\/\/www.radiopiu.net\/wordpress\/wp-content\/uploads\/2021\/06\/WhatsApp-Image-2020-08-04-at-17.23.46-300x225.jpeg 300w, https:\/\/www.radiopiu.net\/wordpress\/wp-content\/uploads\/2021\/06\/WhatsApp-Image-2020-08-04-at-17.23.46-1024x768.jpeg 1024w, https:\/\/www.radiopiu.net\/wordpress\/wp-content\/uploads\/2021\/06\/WhatsApp-Image-2020-08-04-at-17.23.46-768x576.jpeg 768w, https:\/\/www.radiopiu.net\/wordpress\/wp-content\/uploads\/2021\/06\/WhatsApp-Image-2020-08-04-at-17.23.46-1536x1152.jpeg 1536w, https:\/\/www.radiopiu.net\/wordpress\/wp-content\/uploads\/2021\/06\/WhatsApp-Image-2020-08-04-at-17.23.46.jpeg 1600w\" sizes=\"auto, (max-width: 137px) 100vw, 137px\" \/><\/a>LE ATTIVITA&#8217; DI VOLONTARIATO DI SCUOLE IN RETE<\/h3>\n<\/blockquote>\n<p><strong>BELLUNO<\/strong> Dal primo luglio ritornano le tradizionali attivit\u00e0 di volontariato informatico delle Scuole in Rete, tramite le quali gli studenti e i volontari dell&#8217;Associazione Amici delle Scuole in Rete tenteranno di limitare il gap generazionale e sostenere adulti, anziani e associazioni nell&#8217;acquisizione delle competenze digitali per l&#8217;uso dello smartphone o del computer, ma anche di recuperare e ringiovanire\u00a0 vecchi pc dismessi dalle aziende a beneficio di famiglie e associazioni.\u00a0 Le iscrizioni online sul sito www.studentibelluno.it, oppure presso lo sportello del cittadino di Belluno<\/p>\n<p>&nbsp;<\/p>\n<p>&nbsp;<\/p>\n<hr \/>\n<p>&nbsp;<\/p>\n<blockquote>\n<h3>DA LUNEDI 13 SETTEMBRE IL NUOVO ANNO SCOLASTICO<\/h3>\n<\/blockquote>\n<p><img loading=\"lazy\" decoding=\"async\" class=\"alignleft\" src=\"https:\/\/www.radiopiu.net\/wordpress\/wp-content\/uploads\/2020\/09\/scuola-primaria-agordo-2.jpg\" width=\"122\" height=\"92\" \/><strong>VENEZIA<\/strong> Le scuole primarie e secondarie di primo grado inizieranno luned\u00ec 13 settembre 2021, concludendo le lezioni mercoled\u00ec 8 giugno 2022, mentre le scuole secondarie di secondo grado inizieranno la frequenza gioved\u00ec 16 settembre 2021 per concluderla venerd\u00ec 10 giugno 2022. Vacanze natalizie da venerd\u00ec 24 dicembre 2021 a sabato 8 gennaio 2022.\u00a0 Vacanze pasquali dal 14 al 19 aprile 2022. Per il carnevale scuole chiuse\u00a0 dal 28 febbraio al 2 marzo<\/p>\n<p>&nbsp;<\/p>\n<p>&nbsp;<\/p>\n<p>&nbsp;<\/p>\n<hr \/>\n<p>&nbsp;<\/p>\n<h3><strong><a href=\"https:\/\/www.radiopiu.net\/wordpress\/al-via-le-prenotazioni-per-il-concerto-la-mia-terra-con-roby-facchinetti\/6d2f3eca-51eb-475d-a53d-f8cc7852afd5\/\" rel=\"attachment wp-att-216089\"><img loading=\"lazy\" decoding=\"async\" class=\" wp-image-216089 alignleft\" src=\"https:\/\/www.radiopiu.net\/wordpress\/wp-content\/uploads\/2021\/06\/6d2f3eca-51eb-475d-a53d-f8cc7852afd5-300x300.jpg\" alt=\"\" width=\"169\" height=\"169\" srcset=\"https:\/\/www.radiopiu.net\/wordpress\/wp-content\/uploads\/2021\/06\/6d2f3eca-51eb-475d-a53d-f8cc7852afd5-300x300.jpg 300w, https:\/\/www.radiopiu.net\/wordpress\/wp-content\/uploads\/2021\/06\/6d2f3eca-51eb-475d-a53d-f8cc7852afd5-150x150.jpg 150w, https:\/\/www.radiopiu.net\/wordpress\/wp-content\/uploads\/2021\/06\/6d2f3eca-51eb-475d-a53d-f8cc7852afd5-768x768.jpg 768w, https:\/\/www.radiopiu.net\/wordpress\/wp-content\/uploads\/2021\/06\/6d2f3eca-51eb-475d-a53d-f8cc7852afd5.jpg 1024w\" sizes=\"auto, (max-width: 169px) 100vw, 169px\" \/><\/a><\/strong>AL VIA LE PRENOTAZIONI PER IL CONCERTO &#8220;LA MIA TERRA&#8221; CON ROBY FACCHINETTI<\/h3>\n<p><em>Regione Veneto, Provincia di Belluno, Comune di Falcade, Pro Loco Falcade Caviola, PromoFalcade Dolomiti e Ski Area San Pellegrino.<\/em><\/p>\n<p><strong>FALCADE <\/strong>\u00a0Diretti dal Maestro Diego Basso un centinaio di artisti tra musicisti e coristi dell\u2019Orchestra Ritmico Sinfonica Italiana e Le Voci di Art Voice Academy.\u00a0 L\u2019accesso all\u2019area del concerto e\u0300 raggiungibile solo su prenotazione, tramite il sito: <a href=\"https:\/\/www.falcadedolomiti.it\/falcade-e-il-concerto-la-mia-terra\/\">https:\/\/www.falcadedolomiti.it\/falcade-e-il-concerto-la-mia-terra\/\u00a0<\/a><\/p>\n<p>&nbsp;<\/p>\n<p>&nbsp;<\/p>\n<hr \/>\n<p>&nbsp;<\/p>\n<blockquote>\n<h3><a href=\"https:\/\/www.radiopiu.net\/wordpress\/giornale-radiopiu-17-giugno-2021-direttore-mirko-mezzacasa\/aaa_offesi_edizione_2020\/\" rel=\"attachment wp-att-216401\"><img loading=\"lazy\" decoding=\"async\" class=\"wp-image-216401 alignleft\" src=\"https:\/\/www.radiopiu.net\/wordpress\/wp-content\/uploads\/2021\/06\/Aaa_Offesi_edizione_2020-300x178.jpg\" alt=\"\" width=\"202\" height=\"120\" srcset=\"https:\/\/www.radiopiu.net\/wordpress\/wp-content\/uploads\/2021\/06\/Aaa_Offesi_edizione_2020-300x178.jpg 300w, https:\/\/www.radiopiu.net\/wordpress\/wp-content\/uploads\/2021\/06\/Aaa_Offesi_edizione_2020.jpg 521w\" sizes=\"auto, (max-width: 202px) 100vw, 202px\" \/><\/a>ESTATE UTILE E CREATIVA PER I GIOVANI DEL TERRITORIO<\/h3>\n<\/blockquote>\n<p><strong>PONTE NELLE ALPI<\/strong>\u00a0 Torna il progetto Aaa Offresi, promosso dal Comune di Ponte nelle Alpi: i laboratori creativi e le attivit\u00e0 di manutenzione si svilupperanno da luned\u00ec 5 luglio alla prima settimana di settembre.<\/p>\n<p>sito www.comune.pontenellealpi.bl.it.<\/p>\n<p>&nbsp;<\/p>\n<p>&nbsp;<\/p>\n<hr \/>\n<p>&nbsp;<\/p>\n<blockquote>\n<h3>TRA FELTRO E FELTRE&#8230;DANTE CON IL LIBRO PARLATO DI FELTRE<\/h3>\n<\/blockquote>\n<p><strong>FELTRE<\/strong> \u00c8 in programma per domenica 4 luglio alle 17:30 &#8220;Tra Feltro e Feltre&#8230;700 anni dalla morte di Dante&#8221;, la lettura della Divina Commedia, La Vita Nova, Le Rime e le Epistole in Chiesa San Rocco nella Piazza Maggiore di Feltre con le voci dei Libri Parlanti Luisa Alchini, Ornella Favretti, Annunciata Olivieri, Enis Pocchetto, Maria Teresa Totti e Mauro Viani. Per informazioni www.libroparlato.org oppure www.fondacofeltre.it<\/p>\n<p>&nbsp;<\/p>\n<p>&nbsp;<\/p>\n<hr \/>\n<p>&nbsp;<\/p>\n<p>&nbsp;<\/p>\n<h2><a href=\"https:\/\/www.radiopiu.net\/wordpress\/girovagando-alla-radio-puntata-05\/5ca0a784-ca21-497e-8bfe-5dda0dee8747\/\" rel=\"attachment wp-att-217088\"><img loading=\"lazy\" decoding=\"async\" class=\"size-medium wp-image-217088 alignleft\" src=\"https:\/\/www.radiopiu.net\/wordpress\/wp-content\/uploads\/2021\/06\/5ca0a784-ca21-497e-8bfe-5dda0dee8747-300x200.jpg\" alt=\"\" width=\"300\" height=\"200\" srcset=\"https:\/\/www.radiopiu.net\/wordpress\/wp-content\/uploads\/2021\/06\/5ca0a784-ca21-497e-8bfe-5dda0dee8747-300x200.jpg 300w, https:\/\/www.radiopiu.net\/wordpress\/wp-content\/uploads\/2021\/06\/5ca0a784-ca21-497e-8bfe-5dda0dee8747-1024x682.jpg 1024w, https:\/\/www.radiopiu.net\/wordpress\/wp-content\/uploads\/2021\/06\/5ca0a784-ca21-497e-8bfe-5dda0dee8747-768x512.jpg 768w, https:\/\/www.radiopiu.net\/wordpress\/wp-content\/uploads\/2021\/06\/5ca0a784-ca21-497e-8bfe-5dda0dee8747-1536x1023.jpg 1536w, https:\/\/www.radiopiu.net\/wordpress\/wp-content\/uploads\/2021\/06\/5ca0a784-ca21-497e-8bfe-5dda0dee8747.jpg 1600w\" sizes=\"auto, (max-width: 300px) 100vw, 300px\" \/><\/a><span style=\"color: #ff6600;\">GIROVAGANDO ALLA RADIO, PUNTATA 05<\/span><\/h2>\n<h3>PUNTATA 05 Collaborazione Thomas Soppera<\/h3>\n<p>&nbsp;<\/p>\n<p>&nbsp;<\/p>\n<p>&nbsp;<\/p>\n<p><strong>AUDIO PUNTATA 21 giugno 2021<\/strong><\/p>\n<audio class=\"wp-audio-shortcode\" id=\"audio-217447-14\" preload=\"none\" style=\"width: 100%;\" controls=\"controls\"><source type=\"audio\/mpeg\" src=\"https:\/\/www.radiopiu.net\/wordpress\/wp-content\/uploads\/2021\/06\/GIROVAGANDO-PUNTATA-05.mp3?_=14\" \/><a href=\"https:\/\/www.radiopiu.net\/wordpress\/wp-content\/uploads\/2021\/06\/GIROVAGANDO-PUNTATA-05.mp3\">https:\/\/www.radiopiu.net\/wordpress\/wp-content\/uploads\/2021\/06\/GIROVAGANDO-PUNTATA-05.mp3<\/a><\/audio>\n<h2><span style=\"color: #ff0000;\">LA RACCOLTA COMPLETA\u00a0<\/span><\/h2>\n<blockquote class=\"wp-embedded-content\" data-secret=\"9wIQTT9S24\"><p><a href=\"https:\/\/www.radiopiu.net\/wordpress\/girovagando-in-e-bike-tra-le-dolomiti\/\">GIROVAGANDO IN E BIKE TRA LE DOLOMITI<\/a><\/p><\/blockquote>\n<p><iframe loading=\"lazy\" class=\"wp-embedded-content\" sandbox=\"allow-scripts\" security=\"restricted\" style=\"position: absolute; clip: rect(1px, 1px, 1px, 1px);\" title=\"&#8220;GIROVAGANDO IN E BIKE TRA LE DOLOMITI&#8221; &#8212; Radio Pi\u00f9\" src=\"https:\/\/www.radiopiu.net\/wordpress\/girovagando-in-e-bike-tra-le-dolomiti\/embed\/#?secret=9wIQTT9S24\" data-secret=\"9wIQTT9S24\" width=\"600\" height=\"338\" frameborder=\"0\" marginwidth=\"0\" marginheight=\"0\" scrolling=\"no\"><\/iframe><\/p>\n<p>&nbsp;<\/p>\n<hr \/>\n<p>&nbsp;<\/p>\n<p>&nbsp;<\/p>\n<blockquote class=\"wp-embedded-content\" data-secret=\"TrrVxZmVSj\"><p><a href=\"https:\/\/www.radiopiu.net\/wordpress\/da-ieri-alla-radio-in-palinsesto-loris-e-maurizio-con-la-grande-musica\/\">IL BLUES ALLA RADIO &#8230; COME NON L&#8217;AVETE MAI SENTITO PRIMA<\/a><\/p><\/blockquote>\n<p><iframe loading=\"lazy\" class=\"wp-embedded-content\" sandbox=\"allow-scripts\" security=\"restricted\" style=\"position: absolute; clip: rect(1px, 1px, 1px, 1px);\" title=\"&#8220;IL BLUES ALLA RADIO &#8230; COME NON L&#8217;AVETE MAI SENTITO PRIMA&#8221; &#8212; Radio Pi\u00f9\" src=\"https:\/\/www.radiopiu.net\/wordpress\/da-ieri-alla-radio-in-palinsesto-loris-e-maurizio-con-la-grande-musica\/embed\/#?secret=TrrVxZmVSj\" data-secret=\"TrrVxZmVSj\" width=\"600\" height=\"338\" frameborder=\"0\" marginwidth=\"0\" marginheight=\"0\" scrolling=\"no\"><\/iframe><\/p>\n<p>\u200b<\/p>\n<p>&nbsp;<\/p>\n<hr \/>\n<p>&nbsp;<\/p>\n<p>&nbsp;<\/p>\n<div>\n<div class=\"b654a4as d2edcug0\">\n<div class=\"rq0escxv hkbzh7o3 jwdofwj8 n8tt0mok r8blr3vg hyh9befq\">\n<p><a class=\"dt-pswp-item\" href=\"https:\/\/www.radiopiu.net\/wordpress\/wp-content\/uploads\/2020\/10\/pp.jpg\" data-dt-img-description=\"\" data-large_image_width=\"640\" data-large_image_height=\"640\"><img loading=\"lazy\" decoding=\"async\" class=\"wp-image-163678 alignleft\" src=\"https:\/\/www.radiopiu.net\/wordpress\/wp-content\/uploads\/2020\/10\/pp-300x300.jpg\" alt=\"\" width=\"106\" height=\"106\" srcset=\"https:\/\/www.radiopiu.net\/wordpress\/wp-content\/uploads\/2020\/10\/pp-300x300.jpg 300w, https:\/\/www.radiopiu.net\/wordpress\/wp-content\/uploads\/2020\/10\/pp-150x150.jpg 150w, https:\/\/www.radiopiu.net\/wordpress\/wp-content\/uploads\/2020\/10\/pp-125x125.jpg 125w, https:\/\/www.radiopiu.net\/wordpress\/wp-content\/uploads\/2020\/10\/pp-200x200.jpg 200w, https:\/\/www.radiopiu.net\/wordpress\/wp-content\/uploads\/2020\/10\/pp-80x80.jpg 80w, https:\/\/www.radiopiu.net\/wordpress\/wp-content\/uploads\/2020\/10\/pp-480x480.jpg 480w, https:\/\/www.radiopiu.net\/wordpress\/wp-content\/uploads\/2020\/10\/pp.jpg 640w\" sizes=\"auto, (max-width: 106px) 100vw, 106px\" \/><\/a><\/p>\n<\/div>\n<\/div>\n<\/div>\n<div>\n<div class=\"page-title-head hgroup\">\n<div class=\"page-title-head hgroup\">\n<div class=\"b654a4as d2edcug0\">\n<div class=\"j83agx80 btwxx1t3 lhclo0ds hop8lmos nkwizq5d scwd0bx6 roh60bw9\">\n<div class=\"rq0escxv hkbzh7o3 jwdofwj8 n8tt0mok r8blr3vg hyh9befq\">\n<div class=\"do00u71z l9j0dhe7 k4urcfbm\">\n<h2><span style=\"color: #000080;\">DON CESARE, IL PENSIERO DEL GIORNO. ALLA RADIO ALLE 7 DEL MATTINO E ALLE 19.30 DELLA SERA.\u00a0\u00a0<\/span><\/h2>\n<\/div>\n<\/div>\n<\/div>\n<div class=\"rq0escxv hkbzh7o3 jwdofwj8 n8tt0mok r8blr3vg hyh9befq\"><\/div>\n<div><\/div>\n<div><\/div>\n<div>\n<audio class=\"wp-audio-shortcode\" id=\"audio-217447-15\" preload=\"none\" style=\"width: 100%;\" controls=\"controls\"><source type=\"audio\/mpeg\" src=\"https:\/\/www.radiopiu.net\/wordpress\/wp-content\/uploads\/2021\/06\/CESARE-18.mp3?_=15\" \/><a href=\"https:\/\/www.radiopiu.net\/wordpress\/wp-content\/uploads\/2021\/06\/CESARE-18.mp3\">https:\/\/www.radiopiu.net\/wordpress\/wp-content\/uploads\/2021\/06\/CESARE-18.mp3<\/a><\/audio>\n<\/div>\n<div><\/div>\n<div>\n<hr \/>\n<\/div>\n<div><\/div>\n<blockquote>\n<h2>COLLAGE&#8230; DI LORIS SCUSSEL dal lunedi al venerdi alle 16 e alle 23 su RADIO PIU<\/h2>\n<p><strong>PUNTATA 372 DEL 22 GIUGNO 2021<\/strong><\/p>\n<audio class=\"wp-audio-shortcode\" id=\"audio-217447-16\" preload=\"none\" style=\"width: 100%;\" controls=\"controls\"><source type=\"audio\/mpeg\" src=\"https:\/\/www.radiopiu.net\/wordpress\/wp-content\/uploads\/2021\/06\/Collage-372.mp3?_=16\" \/><a href=\"https:\/\/www.radiopiu.net\/wordpress\/wp-content\/uploads\/2021\/06\/Collage-372.mp3\">https:\/\/www.radiopiu.net\/wordpress\/wp-content\/uploads\/2021\/06\/Collage-372.mp3<\/a><\/audio><\/blockquote>\n<div>\n<blockquote>\n<div>\n<div>\n<div>\n<div>\n<div>\n<p><img loading=\"lazy\" decoding=\"async\" class=\"alignleft\" src=\"https:\/\/www.radiopiu.net\/wordpress\/wp-content\/uploads\/2021\/05\/Schermata-2021-05-23-alle-11.50.11.png\" width=\"186\" height=\"131\" \/>Il programma \u00e8 andato in onda da dicembre 2013 fino a luglio 2019, comprese le repliche, in due serie per 350 puntate complessive con 1.890 brani trasmessi. L\u2019obiettivo del programma: riproporre agli ascoltatori pi\u00f9 grandicelli le canzoni che ascoltavano nel passato e nello stesso tempo farle conoscere anche ai pi\u00f9 giovani.<\/p>\n<\/div>\n<p>&nbsp;<\/p>\n<\/div>\n<\/div>\n<\/div>\n<\/div>\n<p>&nbsp;<\/p><\/blockquote>\n<\/div>\n<div><\/div>\n<div><\/div>\n<hr \/>\n<p>&nbsp;<\/p>\n<blockquote>\n<h2>FANTASTICHE DOLOMITI, NUOVA STAGIONE. APPUNTAMENTO QUINDICINALE IL GIOVEDI ALLE 10.30 E 19.00<\/h2>\n<\/blockquote>\n<h2><span style=\"color: #ff0000;\"><strong><a class=\"dt-pswp-item\" href=\"https:\/\/www.radiopiu.net\/wordpress\/wp-content\/uploads\/2020\/08\/montagna-2020-scaled.jpg\" data-dt-img-description=\"\" data-large_image_width=\"2560\" data-large_image_height=\"1440\"><img loading=\"lazy\" decoding=\"async\" class=\"wp-image-158273 alignleft\" src=\"https:\/\/www.radiopiu.net\/wordpress\/wp-content\/uploads\/2020\/08\/montagna-2020-300x169.jpg\" alt=\"\" width=\"147\" height=\"83\" srcset=\"https:\/\/www.radiopiu.net\/wordpress\/wp-content\/uploads\/2020\/08\/montagna-2020-300x169.jpg 300w, https:\/\/www.radiopiu.net\/wordpress\/wp-content\/uploads\/2020\/08\/montagna-2020-1024x576.jpg 1024w, https:\/\/www.radiopiu.net\/wordpress\/wp-content\/uploads\/2020\/08\/montagna-2020-768x432.jpg 768w, https:\/\/www.radiopiu.net\/wordpress\/wp-content\/uploads\/2020\/08\/montagna-2020-1536x864.jpg 1536w, https:\/\/www.radiopiu.net\/wordpress\/wp-content\/uploads\/2020\/08\/montagna-2020-2048x1152.jpg 2048w, https:\/\/www.radiopiu.net\/wordpress\/wp-content\/uploads\/2020\/08\/montagna-2020-640x360.jpg 640w\" sizes=\"auto, (max-width: 147px) 100vw, 147px\" \/><\/a><\/strong><\/span><\/h2>\n<h2><span style=\"color: #ff0000;\">PUNTATA 18 17 GIUGNO\u00a0<\/span><\/h2>\n<p><strong>OSPITE IL PRESIDENTE CLAUDIO CANOVA<\/strong><\/p>\n<audio class=\"wp-audio-shortcode\" id=\"audio-217447-17\" preload=\"none\" style=\"width: 100%;\" controls=\"controls\"><source type=\"audio\/mpeg\" src=\"https:\/\/www.radiopiu.net\/wordpress\/wp-content\/uploads\/2021\/06\/fantasticvhe-dolomiti-17-giugno.mp3?_=17\" \/><a href=\"https:\/\/www.radiopiu.net\/wordpress\/wp-content\/uploads\/2021\/06\/fantasticvhe-dolomiti-17-giugno.mp3\">https:\/\/www.radiopiu.net\/wordpress\/wp-content\/uploads\/2021\/06\/fantasticvhe-dolomiti-17-giugno.mp3<\/a><\/audio>\n<h3>LA RACCOLTA COMPLETA<\/h3>\n<blockquote class=\"wp-embedded-content\" data-secret=\"yx3IoICzor\"><p><a href=\"https:\/\/www.radiopiu.net\/wordpress\/raccolta-completa11\/\">FANTASTICHE DOLOMITI LA RACCOLTA COMPLETA<\/a><\/p><\/blockquote>\n<p><iframe loading=\"lazy\" class=\"wp-embedded-content\" sandbox=\"allow-scripts\" security=\"restricted\" style=\"position: absolute; clip: rect(1px, 1px, 1px, 1px);\" title=\"&#8220;FANTASTICHE DOLOMITI LA RACCOLTA COMPLETA&#8221; &#8212; Radio Pi\u00f9\" src=\"https:\/\/www.radiopiu.net\/wordpress\/raccolta-completa11\/embed\/#?secret=yx3IoICzor\" data-secret=\"yx3IoICzor\" width=\"600\" height=\"338\" frameborder=\"0\" marginwidth=\"0\" marginheight=\"0\" scrolling=\"no\"><\/iframe><\/p>\n<p>&nbsp;<\/p>\n<p>&nbsp;<\/p>\n<p>&nbsp;<\/p>\n<hr \/>\n<div>\n<div class=\"b654a4as d2edcug0\">\n<div class=\"rq0escxv hkbzh7o3 jwdofwj8 n8tt0mok r8blr3vg hyh9befq\">\n<div class=\"b654a4as d2edcug0\">\n<h2><span style=\"color: #008000;\">\u00a0<\/span><\/h2>\n<h2><span style=\"color: #008000;\">ERBE E PIANTE CURATIVE&#8230;IL\u00a0 PROGRAMMA DI PAOLA LANCIATO\u00a0<\/span><\/h2>\n<p>IL MIRTILLO<\/p>\n<audio class=\"wp-audio-shortcode\" id=\"audio-217447-18\" preload=\"none\" style=\"width: 100%;\" controls=\"controls\"><source type=\"audio\/mpeg\" src=\"https:\/\/www.radiopiu.net\/wordpress\/wp-content\/uploads\/2021\/06\/19-Il-mirtillo-M.mp3?_=18\" \/><a href=\"https:\/\/www.radiopiu.net\/wordpress\/wp-content\/uploads\/2021\/06\/19-Il-mirtillo-M.mp3\">https:\/\/www.radiopiu.net\/wordpress\/wp-content\/uploads\/2021\/06\/19-Il-mirtillo-M.mp3<\/a><\/audio>\n<p>&nbsp;<\/p>\n<p><strong>LA RACCOLTA COMPLETA<\/strong><\/p>\n<\/div>\n<blockquote class=\"wp-embedded-content\" data-secret=\"eqwj6Ko1cY\"><p><a href=\"https:\/\/www.radiopiu.net\/wordpress\/erbe-e-piante-curative-il-mandorlo\/\">L\u2019ERBA VOGLIO DEL GIARDINO DEL RE\u2026 ERBE, FIORI E PIANTE DI E CON PAOLA LANCIATO<\/a><\/p><\/blockquote>\n<p><iframe loading=\"lazy\" class=\"wp-embedded-content\" sandbox=\"allow-scripts\" security=\"restricted\" style=\"position: absolute; clip: rect(1px, 1px, 1px, 1px);\" title=\"&#8220;L\u2019ERBA VOGLIO DEL GIARDINO DEL RE\u2026 ERBE, FIORI E PIANTE DI E CON PAOLA LANCIATO&#8221; &#8212; Radio Pi\u00f9\" src=\"https:\/\/www.radiopiu.net\/wordpress\/erbe-e-piante-curative-il-mandorlo\/embed\/#?secret=eqwj6Ko1cY\" data-secret=\"eqwj6Ko1cY\" width=\"600\" height=\"338\" frameborder=\"0\" marginwidth=\"0\" marginheight=\"0\" scrolling=\"no\"><\/iframe><\/p>\n<p>&nbsp;<\/p>\n<\/div>\n<\/div>\n<\/div>\n<p>&nbsp;<\/p>\n<hr \/>\n<p>&nbsp;<\/p>\n<div>\n<h2><span style=\"color: #ff0000;\"><strong>IN VIVO VERSO 2020-21 ESTATE, RIASCOLTIAMOLI&#8230; DAL CASSETTO DEI RICORDI DI RADIO PIU&#8217;&#8230; LE PRIME\u00a0 SEI STAGIONI\u00a0 \u00a0<\/strong><\/span><\/h2>\n<div class=\"page-title-head hgroup\">\n<div class=\"page-title-head hgroup\">\n<div class=\"page-title-head hgroup\">\n<div class=\"page-title-head hgroup\">\n<div class=\"page-title-head hgroup\">\n<div class=\"page-title-head hgroup\">\n<blockquote>\n<h3>riascoltiamole IMPRONTE di LUANA GORZA<\/h3>\n<p><strong>AUDIO\u00a0<\/strong><\/p><\/blockquote>\n<p>&nbsp;<\/p>\n<audio class=\"wp-audio-shortcode\" id=\"audio-217447-19\" preload=\"none\" style=\"width: 100%;\" controls=\"controls\"><source type=\"audio\/mpeg\" src=\"https:\/\/www.radiopiu.net\/wordpress\/wp-content\/uploads\/2021\/06\/LUANA-GORZA-1-IMPRONTE.mp3?_=19\" \/><a href=\"https:\/\/www.radiopiu.net\/wordpress\/wp-content\/uploads\/2021\/06\/LUANA-GORZA-1-IMPRONTE.mp3\">https:\/\/www.radiopiu.net\/wordpress\/wp-content\/uploads\/2021\/06\/LUANA-GORZA-1-IMPRONTE.mp3<\/a><\/audio>\n<blockquote><p><strong>LA RACCOLTA COMPLETA<\/strong><\/p><\/blockquote>\n<\/div>\n<\/div>\n<\/div>\n<\/div>\n<\/div>\n<\/div>\n<blockquote class=\"wp-embedded-content\" data-secret=\"YaRIlt7rJp\"><p><a href=\"https:\/\/www.radiopiu.net\/wordpress\/in-vivo-verso\/\">In Vivo Verso<\/a><\/p><\/blockquote>\n<p><iframe loading=\"lazy\" class=\"wp-embedded-content\" sandbox=\"allow-scripts\" security=\"restricted\" style=\"position: absolute; clip: rect(1px, 1px, 1px, 1px);\" title=\"&#8220;In Vivo Verso&#8221; &#8212; Radio Pi\u00f9\" src=\"https:\/\/www.radiopiu.net\/wordpress\/in-vivo-verso\/embed\/#?secret=YaRIlt7rJp\" data-secret=\"YaRIlt7rJp\" width=\"600\" height=\"338\" frameborder=\"0\" marginwidth=\"0\" marginheight=\"0\" scrolling=\"no\"><\/iframe><\/p>\n<p>&nbsp;<\/p>\n<p>&nbsp;<\/p>\n<hr \/>\n<\/div>\n<blockquote>\n<blockquote>\n<h2><\/h2>\n<\/blockquote>\n<\/blockquote>\n<div>\n<div class=\"b654a4as d2edcug0\">\n<div class=\"rq0escxv hkbzh7o3 jwdofwj8 n8tt0mok r8blr3vg hyh9befq\">\n<p>&nbsp;<\/p>\n<blockquote>\n<h2><span style=\"color: #ff0000;\"><em>ZAINO ALLA RADIO&#8230;ESTATE DI PAOLA LANCIATO TUTTI I GIORNI dal lunedi al venerdi ALLE 14 E 23.30\u00a0 \u00a0<\/em><\/span><\/h2>\n<\/blockquote>\n<div class=\"b654a4as d2edcug0\">\n<blockquote>\n<h3>ZAINO DA VIAGGIO ESTATE &#8211; MAZARA DEL VALLO di PAOLA LANCIATO<\/h3>\n<\/blockquote>\n<p>AUDIO<\/p>\n<audio class=\"wp-audio-shortcode\" id=\"audio-217447-20\" preload=\"none\" style=\"width: 100%;\" controls=\"controls\"><source type=\"audio\/mpeg\" src=\"https:\/\/www.radiopiu.net\/wordpress\/wp-content\/uploads\/2021\/06\/32-Mazara-del-Vallo-M.mp3?_=20\" \/><a href=\"https:\/\/www.radiopiu.net\/wordpress\/wp-content\/uploads\/2021\/06\/32-Mazara-del-Vallo-M.mp3\">https:\/\/www.radiopiu.net\/wordpress\/wp-content\/uploads\/2021\/06\/32-Mazara-del-Vallo-M.mp3<\/a><\/audio>\n<p>&nbsp;<\/p>\n<p><img decoding=\"async\" src=\"https:\/\/www.radiopiu.net\/wordpress\/wp-content\/uploads\/2021\/06\/img_20180829_012748_0662232807433652302488-300x300.jpg\" \/><\/p>\n<p>&nbsp;<\/p>\n<p>&nbsp;<\/p>\n<p><strong>LA RACCOLTA COMPLETA<\/strong><\/p>\n<\/div>\n<blockquote class=\"wp-embedded-content\" data-secret=\"I09Uj933YA\"><p><a href=\"https:\/\/www.radiopiu.net\/wordpress\/zaino-femminile-lanciato\/\">Zaino da viaggio al femminile<\/a><\/p><\/blockquote>\n<p><iframe loading=\"lazy\" class=\"wp-embedded-content\" sandbox=\"allow-scripts\" security=\"restricted\" style=\"position: absolute; clip: rect(1px, 1px, 1px, 1px);\" title=\"&#8220;Zaino da viaggio al femminile&#8221; &#8212; Radio Pi\u00f9\" src=\"https:\/\/www.radiopiu.net\/wordpress\/zaino-femminile-lanciato\/embed\/#?secret=I09Uj933YA\" data-secret=\"I09Uj933YA\" width=\"600\" height=\"338\" frameborder=\"0\" marginwidth=\"0\" marginheight=\"0\" scrolling=\"no\"><\/iframe><\/p>\n<p>&nbsp;<\/p>\n<\/div>\n<\/div>\n<\/div>\n<hr \/>\n<p>&nbsp;<\/p>\n<div>\n<h2><span style=\"color: #800080;\"><strong>LA RASSEGNA STAMPA DA L&#8217;AMICO DEL POPOLO\u00a0<\/strong><\/span><\/h2>\n<h3 class=\"kvgmc6g5 cxmmr5t8 oygrvhab hcukyx3x c1et5uql\"><span style=\"color: #0000ff;\"> INFORMAZIONE il canale su TELEGRAM informazione di prima mano e in tempo reale. iscriviti ed aiutaci a farlo conoscere\u00a0\u00a0<\/span><\/h3>\n<p><strong><a href=\"https:\/\/www.radiopiu.net\/wordpress\/alleanza-comune-librai-da-domani-a-belluno-la-consegna-dei-libri-a-domicilio\/libri-scaffale\/\" rel=\"attachment wp-att-122391\"><img loading=\"lazy\" decoding=\"async\" class=\" wp-image-122391 alignleft\" src=\"https:\/\/www.radiopiu.net\/wordpress\/wp-content\/uploads\/2020\/03\/LIBRI-SCAFFALE-300x300.jpg\" alt=\"\" width=\"102\" height=\"102\" srcset=\"https:\/\/www.radiopiu.net\/wordpress\/wp-content\/uploads\/2020\/03\/LIBRI-SCAFFALE-300x300.jpg 300w, https:\/\/www.radiopiu.net\/wordpress\/wp-content\/uploads\/2020\/03\/LIBRI-SCAFFALE-1024x1024.jpg 1024w, https:\/\/www.radiopiu.net\/wordpress\/wp-content\/uploads\/2020\/03\/LIBRI-SCAFFALE-150x150.jpg 150w, https:\/\/www.radiopiu.net\/wordpress\/wp-content\/uploads\/2020\/03\/LIBRI-SCAFFALE-768x768.jpg 768w, https:\/\/www.radiopiu.net\/wordpress\/wp-content\/uploads\/2020\/03\/LIBRI-SCAFFALE.jpg 1052w\" sizes=\"auto, (max-width: 102px) 100vw, 102px\" \/><\/a>di Gianni Santomaso<\/strong><\/p>\n<p>OSPITE: Lionella Tonet Vicepresidente del Circolo Culturale Agordino<\/p>\n<audio class=\"wp-audio-shortcode\" id=\"audio-217447-21\" preload=\"none\" style=\"width: 100%;\" controls=\"controls\"><source type=\"audio\/mpeg\" src=\"https:\/\/www.radiopiu.net\/wordpress\/wp-content\/uploads\/2021\/06\/RASSEGNA-GIANNI-3.mp3?_=21\" \/><a href=\"https:\/\/www.radiopiu.net\/wordpress\/wp-content\/uploads\/2021\/06\/RASSEGNA-GIANNI-3.mp3\">https:\/\/www.radiopiu.net\/wordpress\/wp-content\/uploads\/2021\/06\/RASSEGNA-GIANNI-3.mp3<\/a><\/audio>\n<p>&nbsp;<\/p>\n<p><strong>LA RACCOLTA COMPLETA<\/strong><\/p>\n<blockquote class=\"wp-embedded-content\" data-secret=\"aQowPBLpCc\"><p><a href=\"https:\/\/www.radiopiu.net\/wordpress\/rassegna-stampa-di-gianni-santomaso\/\">Rassegna stampa da l&#8217;amico del popolo &#8211; di Gianni Santomaso<\/a><\/p><\/blockquote>\n<p><iframe loading=\"lazy\" class=\"wp-embedded-content\" sandbox=\"allow-scripts\" security=\"restricted\" style=\"position: absolute; clip: rect(1px, 1px, 1px, 1px);\" title=\"&#8220;Rassegna stampa da l&#8217;amico del popolo &#8211; di Gianni Santomaso&#8221; &#8212; Radio Pi\u00f9\" src=\"https:\/\/www.radiopiu.net\/wordpress\/rassegna-stampa-di-gianni-santomaso\/embed\/#?secret=aQowPBLpCc\" data-secret=\"aQowPBLpCc\" width=\"600\" height=\"338\" frameborder=\"0\" marginwidth=\"0\" marginheight=\"0\" scrolling=\"no\"><\/iframe><\/p>\n<div class=\"b654a4as d2edcug0\"><\/div>\n<\/div>\n<p>&nbsp;<\/p>\n<hr \/>\n<div dir=\"auto\"><\/div>\n<div dir=\"auto\">\n<h1><\/h1>\n<\/div>\n<p>&nbsp;<\/p>\n<p>&nbsp;<\/p>\n<div dir=\"auto\">\n<blockquote>\n<h3>SALUTE E SOCIETA&#8217; IL LUNEDI ALLE 13.10 E ALLE 20.10, LA DOMENICA ALLE 10.30 A CURA DEL DOTTOR MARCO CARACCIOLO. QUINTA STAGIONE<\/h3>\n<\/blockquote>\n<p><strong><a href=\"https:\/\/www.radiopiu.net\/wordpress\/giornale-radiopiu-21-giugno-2021-direttore-mirko-mezzacasa\/50cd5aef-3d0b-c302-1df6-97eaf9d03648\/\" rel=\"attachment wp-att-217269\"><img loading=\"lazy\" decoding=\"async\" class=\"size-medium wp-image-217269 alignleft\" src=\"https:\/\/www.radiopiu.net\/wordpress\/wp-content\/uploads\/2021\/06\/50cd5aef-3d0b-c302-1df6-97eaf9d03648-300x169.png\" alt=\"\" width=\"300\" height=\"169\" srcset=\"https:\/\/www.radiopiu.net\/wordpress\/wp-content\/uploads\/2021\/06\/50cd5aef-3d0b-c302-1df6-97eaf9d03648-300x169.png 300w, https:\/\/www.radiopiu.net\/wordpress\/wp-content\/uploads\/2021\/06\/50cd5aef-3d0b-c302-1df6-97eaf9d03648-1024x576.png 1024w, https:\/\/www.radiopiu.net\/wordpress\/wp-content\/uploads\/2021\/06\/50cd5aef-3d0b-c302-1df6-97eaf9d03648-768x432.png 768w, https:\/\/www.radiopiu.net\/wordpress\/wp-content\/uploads\/2021\/06\/50cd5aef-3d0b-c302-1df6-97eaf9d03648.png 1280w\" sizes=\"auto, (max-width: 300px) 100vw, 300px\" \/><\/a>LA PUNTATA DELLA SETTIMANA del 21 GIUGNO<\/strong><\/p>\n<p>Per assistere in maniera ottimale i pazienti \u00e8 necessario costruire dei percorsi assistenziali condivisi tra tutti gli specialisti che ruotano intorno a una determinata patologia. \u00c8 importante abbandonare l\u2019autoreferenzialit\u00e0 e attivare la collaborazione tra le diverse figure sanitarie. Fabio Cartabellotta, Direttore Dipartimento di Medicina dell\u2019Ospedale Buccheri la Ferla FBF di Palermo, Nicol\u00f2 Borsellino, Direttore UOC di Oncologia Medica Ospedale Buccheri La Ferla FBF di Palermo, Salvatore Corrao, professore associato presso l\u2019Universit\u00e0 di Palermo; direttore U.O.C. di Medicina interna \u2013 Arnas Civico Palermo<\/p>\n<audio class=\"wp-audio-shortcode\" id=\"audio-217447-22\" preload=\"none\" style=\"width: 100%;\" controls=\"controls\"><source type=\"audio\/mpeg\" src=\"https:\/\/www.radiopiu.net\/wordpress\/wp-content\/uploads\/2021\/06\/SALUTE-2.mp3?_=22\" \/><a href=\"https:\/\/www.radiopiu.net\/wordpress\/wp-content\/uploads\/2021\/06\/SALUTE-2.mp3\">https:\/\/www.radiopiu.net\/wordpress\/wp-content\/uploads\/2021\/06\/SALUTE-2.mp3<\/a><\/audio>\n<p>&nbsp;<\/p>\n<blockquote class=\"wp-embedded-content\" data-secret=\"S4dXnhvRp2\"><p><a href=\"https:\/\/www.radiopiu.net\/wordpress\/saluteesocieta\/\">Salute e Societ\u00e0<\/a><\/p><\/blockquote>\n<p><iframe loading=\"lazy\" class=\"wp-embedded-content\" sandbox=\"allow-scripts\" security=\"restricted\" style=\"position: absolute; clip: rect(1px, 1px, 1px, 1px);\" title=\"&#8220;Salute e Societ\u00e0&#8221; &#8212; Radio Pi\u00f9\" src=\"https:\/\/www.radiopiu.net\/wordpress\/saluteesocieta\/embed\/#?secret=S4dXnhvRp2\" data-secret=\"S4dXnhvRp2\" width=\"600\" height=\"338\" frameborder=\"0\" marginwidth=\"0\" marginheight=\"0\" scrolling=\"no\"><\/iframe><\/p>\n<\/div>\n<div dir=\"auto\">\n<h1><\/h1>\n<\/div>\n<p>&nbsp;<\/p>\n<h1><\/h1>\n<div>\n<div class=\"page-title-head hgroup\">\n<div class=\"page-title-head hgroup\">\n<div class=\"page-title-head hgroup\">\n<div>\n<div class=\"b654a4as d2edcug0\">\n<div class=\"rq0escxv hkbzh7o3 jwdofwj8 n8tt0mok r8blr3vg hyh9befq\">\n<hr \/>\n<\/div>\n<\/div>\n<\/div>\n<div>\n<div class=\"page-title-head hgroup\">\n<div class=\"page-title-head hgroup\">\n<div>\n<div class=\"b654a4as d2edcug0\">\n<p>&nbsp;<\/p>\n<blockquote>\n<h3><img loading=\"lazy\" decoding=\"async\" class=\"alignleft\" src=\"https:\/\/www.radiopiu.net\/wordpress\/wp-content\/uploads\/2021\/06\/fresh-flower-leaves-saffron-white-background-place-your-text-use-saffron-spice-cooking-cosmetology_347372-394.jpeg\" width=\"141\" height=\"94\" \/>L&#8217;ALMANACCO LADINO CON L&#8217;ISTITUT CESA DE JAN QUINDICINALE APPUNTAMENTO. LA DOMENICA ALLE 9 IL LUNEDI ALLE 8.35 IL MARTEDI ALLE 12.35 IL MERCOLEDI ALLE 18.35. SECONDA STAGIONE.<\/h3>\n<p>&nbsp;<\/p><\/blockquote>\n<p><strong>PUNTATA DEL 21 GIUGNO 2021<\/strong><\/p>\n<audio class=\"wp-audio-shortcode\" id=\"audio-217447-23\" preload=\"none\" style=\"width: 100%;\" controls=\"controls\"><source type=\"audio\/mpeg\" src=\"https:\/\/www.radiopiu.net\/wordpress\/wp-content\/uploads\/2021\/06\/LADINO-1.mp3?_=23\" \/><a href=\"https:\/\/www.radiopiu.net\/wordpress\/wp-content\/uploads\/2021\/06\/LADINO-1.mp3\">https:\/\/www.radiopiu.net\/wordpress\/wp-content\/uploads\/2021\/06\/LADINO-1.mp3<\/a><\/audio>\n<p>&nbsp;<\/p>\n<p><strong>RACCOLTA COMPLETA\u00a0<\/strong><\/p>\n<blockquote class=\"wp-embedded-content\" data-secret=\"lpP7rhkRJz\"><p><a href=\"https:\/\/www.radiopiu.net\/wordpress\/almanacco-ladino\/\">Almanacco Ladino<\/a><\/p><\/blockquote>\n<p><iframe loading=\"lazy\" class=\"wp-embedded-content\" sandbox=\"allow-scripts\" security=\"restricted\" style=\"position: absolute; clip: rect(1px, 1px, 1px, 1px);\" title=\"&#8220;Almanacco Ladino&#8221; &#8212; Radio Pi\u00f9\" src=\"https:\/\/www.radiopiu.net\/wordpress\/almanacco-ladino\/embed\/#?secret=lpP7rhkRJz\" data-secret=\"lpP7rhkRJz\" width=\"600\" height=\"338\" frameborder=\"0\" marginwidth=\"0\" marginheight=\"0\" scrolling=\"no\"><\/iframe><\/p>\n<div dir=\"auto\"><\/div>\n<\/div>\n<div>\n<p>&nbsp;<\/p>\n<hr \/>\n<h2><span style=\"color: #808000;\">\u00a0<\/span><\/h2>\n<h2><span style=\"color: #808000;\">DUE MINUTI UN LIBRO\u00a0 TUTTI I GIORNI ALLA RADIO ALLE 9.30 E ALLE 18. QUINTA STAGIONE\u00a0<\/span><\/h2>\n<blockquote class=\"wp-embedded-content\" data-secret=\"MaxtxD0q8Y\"><p><a href=\"https:\/\/www.radiopiu.net\/wordpress\/cuori-stupidi\/\">CUORI STUPIDI<\/a><\/p><\/blockquote>\n<p><iframe loading=\"lazy\" class=\"wp-embedded-content\" sandbox=\"allow-scripts\" security=\"restricted\" style=\"position: absolute; clip: rect(1px, 1px, 1px, 1px);\" title=\"&#8220;CUORI STUPIDI&#8221; &#8212; Radio Pi\u00f9\" src=\"https:\/\/www.radiopiu.net\/wordpress\/cuori-stupidi\/embed\/#?secret=MaxtxD0q8Y\" data-secret=\"MaxtxD0q8Y\" width=\"600\" height=\"338\" frameborder=\"0\" marginwidth=\"0\" marginheight=\"0\" scrolling=\"no\"><\/iframe><\/p>\n<p>&nbsp;<\/p>\n<blockquote class=\"wp-embedded-content\" data-secret=\"CIgxL4f2L9\"><p><a href=\"https:\/\/www.radiopiu.net\/wordpress\/due-minuti-un-libro\/\">Due minuti un libro<\/a><\/p><\/blockquote>\n<p><iframe loading=\"lazy\" class=\"wp-embedded-content\" sandbox=\"allow-scripts\" security=\"restricted\" style=\"position: absolute; clip: rect(1px, 1px, 1px, 1px);\" title=\"&#8220;Due minuti un libro&#8221; &#8212; Radio Pi\u00f9\" src=\"https:\/\/www.radiopiu.net\/wordpress\/due-minuti-un-libro\/embed\/#?secret=CIgxL4f2L9\" data-secret=\"CIgxL4f2L9\" width=\"600\" height=\"338\" frameborder=\"0\" marginwidth=\"0\" marginheight=\"0\" scrolling=\"no\"><\/iframe><\/p>\n<p>&nbsp;<\/p>\n<p>&nbsp;<\/p>\n<hr \/>\n<p>\u200b<\/p>\n<div>\n<h2><span style=\"color: #33cccc;\">I RACCONTI DI PAOLO SOPPELSA il lunedi alle 9.30 e 18.30<\/span><\/h2>\n<p><span style=\"color: #0000ff;\">INFORMAZIONE il canale su TELEGRAM informazione di prima mano e in tempo reale. iscriviti ed aiutaci a farlo conoscere\u00a0<\/span><\/p>\n<blockquote class=\"wp-embedded-content\" data-secret=\"NvdIgPNN8k\"><p><a href=\"https:\/\/www.radiopiu.net\/wordpress\/i-racconti-di-paolo-soppelsa-ottantesima-puntata\/\">I RACCONTI DI PAOLO SOPPELSA OTTANTESIMA PUNTATA<\/a><\/p><\/blockquote>\n<p><iframe loading=\"lazy\" class=\"wp-embedded-content\" sandbox=\"allow-scripts\" security=\"restricted\" style=\"position: absolute; clip: rect(1px, 1px, 1px, 1px);\" title=\"&#8220;I RACCONTI DI PAOLO SOPPELSA OTTANTESIMA PUNTATA&#8221; &#8212; Radio Pi\u00f9\" src=\"https:\/\/www.radiopiu.net\/wordpress\/i-racconti-di-paolo-soppelsa-ottantesima-puntata\/embed\/#?secret=NvdIgPNN8k\" data-secret=\"NvdIgPNN8k\" width=\"600\" height=\"338\" frameborder=\"0\" marginwidth=\"0\" marginheight=\"0\" scrolling=\"no\"><\/iframe><\/p>\n<p>&nbsp;<\/p>\n<blockquote class=\"wp-embedded-content\" data-secret=\"uVyrkLuwx3\"><p><a href=\"https:\/\/www.radiopiu.net\/wordpress\/i-racconti-di-paolo-soppelsa\/\">I racconti di Paolo Soppelsa<\/a><\/p><\/blockquote>\n<p><iframe loading=\"lazy\" class=\"wp-embedded-content\" sandbox=\"allow-scripts\" security=\"restricted\" style=\"position: absolute; clip: rect(1px, 1px, 1px, 1px);\" title=\"&#8220;I racconti di Paolo Soppelsa&#8221; &#8212; Radio Pi\u00f9\" src=\"https:\/\/www.radiopiu.net\/wordpress\/i-racconti-di-paolo-soppelsa\/embed\/#?secret=uVyrkLuwx3\" data-secret=\"uVyrkLuwx3\" width=\"600\" height=\"338\" frameborder=\"0\" marginwidth=\"0\" marginheight=\"0\" scrolling=\"no\"><\/iframe><\/p>\n<p>&nbsp;<\/p>\n<\/div>\n<\/div>\n<hr \/>\n<p>&nbsp;<\/p>\n<h2><strong><span style=\"color: #ff0000;\">ALLA RADIO<\/span><\/strong><\/h2>\n<div data-offset-key=\"5n5nl-0-0\">\n<h3>Per ricevere gli aggiornamenti in tempo reale delle notizie pubblicate alla radio e sul sito di radio pi\u00f9 iscriviti al gruppo RADIO PIU INFORMAZIONE su Telegram.\u00a0\u00a0<a href=\"https:\/\/t.me\/radiopiu\">clicca qui<\/a><\/h3>\n<p>&nbsp;<\/p>\n<\/div>\n<blockquote><p><strong><a href=\"https:\/\/www.radiopiu.net\/wordpress\/cassa-solidarieta-luxottica-puntata-del-19-giugno-2020\/cslxo-2\/\" rel=\"attachment wp-att-145244\"><img loading=\"lazy\" decoding=\"async\" class=\"size-medium wp-image-145244 alignleft\" src=\"https:\/\/www.radiopiu.net\/wordpress\/wp-content\/uploads\/2020\/06\/cassa-solidarieta-luxottica-300x148.jpg\" alt=\"\" width=\"300\" height=\"148\" srcset=\"https:\/\/www.radiopiu.net\/wordpress\/wp-content\/uploads\/2020\/06\/cassa-solidarieta-luxottica-300x148.jpg 300w, https:\/\/www.radiopiu.net\/wordpress\/wp-content\/uploads\/2020\/06\/cassa-solidarieta-luxottica-1024x504.jpg 1024w, https:\/\/www.radiopiu.net\/wordpress\/wp-content\/uploads\/2020\/06\/cassa-solidarieta-luxottica-768x378.jpg 768w, https:\/\/www.radiopiu.net\/wordpress\/wp-content\/uploads\/2020\/06\/cassa-solidarieta-luxottica.jpg 1167w\" sizes=\"auto, (max-width: 300px) 100vw, 300px\" \/><\/a>di Claudio Fontanive<\/strong><\/p>\n<p>OSPITI: Paolo Chissal\u00e8 e Fabrizio Campedel<\/p>\n<p>&nbsp;<\/p>\n<p><strong>PUNTATA MAGGIO 2021<\/strong><\/p>\n<audio class=\"wp-audio-shortcode\" id=\"audio-217447-24\" preload=\"none\" style=\"width: 100%;\" controls=\"controls\"><source type=\"audio\/mpeg\" src=\"https:\/\/www.radiopiu.net\/wordpress\/wp-content\/uploads\/2021\/05\/ca-sol-lux-maggio-2021.mp3?_=24\" \/><a href=\"https:\/\/www.radiopiu.net\/wordpress\/wp-content\/uploads\/2021\/05\/ca-sol-lux-maggio-2021.mp3\">https:\/\/www.radiopiu.net\/wordpress\/wp-content\/uploads\/2021\/05\/ca-sol-lux-maggio-2021.mp3<\/a><\/audio>\n<h2>RACCOLTA COMPLETA<\/h2>\n<\/blockquote>\n<blockquote class=\"wp-embedded-content\" data-secret=\"a8889AEZ34\"><p><a href=\"https:\/\/www.radiopiu.net\/wordpress\/cassa-solidarieta-luxottica-puntata-del-16-ottobre-2020\/\">CASSA SOLIDARIET\u00c0 LUXOTTICA &#8211; TUTTE LE PUNTATE<\/a><\/p><\/blockquote>\n<p><iframe loading=\"lazy\" class=\"wp-embedded-content\" sandbox=\"allow-scripts\" security=\"restricted\" style=\"position: absolute; clip: rect(1px, 1px, 1px, 1px);\" title=\"&#8220;CASSA SOLIDARIET\u00c0 LUXOTTICA &#8211; TUTTE LE PUNTATE&#8221; &#8212; Radio Pi\u00f9\" src=\"https:\/\/www.radiopiu.net\/wordpress\/cassa-solidarieta-luxottica-puntata-del-16-ottobre-2020\/embed\/#?secret=a8889AEZ34\" data-secret=\"a8889AEZ34\" width=\"600\" height=\"338\" frameborder=\"0\" marginwidth=\"0\" marginheight=\"0\" scrolling=\"no\"><\/iframe><\/p>\n<div>\n<p>&nbsp;<\/p>\n<h2><\/h2>\n<hr \/>\n<p><strong><span style=\"color: #ff0000;\">\u00a0<\/span><\/strong><\/p>\n<h2><strong><span style=\"color: #ff0000;\">QUINDICINALE APPUNTAMENTO ALLA RADIO<\/span><\/strong><\/h2>\n<blockquote>\n<h3><a style=\"font-size: 14px; font-weight: normal;\" href=\"https:\/\/www.radiopiu.net\/wordpress\/giornale-radiopiu-06-febbraio-2019-direttore-mirko-mezzacasa\/logo_spi-cgil-800x445\/\" rel=\"attachment wp-att-75538\"><img loading=\"lazy\" decoding=\"async\" class=\"wp-image-75538 alignleft\" src=\"https:\/\/www.radiopiu.net\/wordpress\/wp-content\/uploads\/2019\/02\/Logo_Spi-CGIL-800x445-300x167.jpg\" alt=\"\" width=\"210\" height=\"117\" srcset=\"https:\/\/www.radiopiu.net\/wordpress\/wp-content\/uploads\/2019\/02\/Logo_Spi-CGIL-800x445-300x167.jpg 300w, https:\/\/www.radiopiu.net\/wordpress\/wp-content\/uploads\/2019\/02\/Logo_Spi-CGIL-800x445-768x427.jpg 768w, https:\/\/www.radiopiu.net\/wordpress\/wp-content\/uploads\/2019\/02\/Logo_Spi-CGIL-800x445.jpg 800w\" sizes=\"auto, (max-width: 210px) 100vw, 210px\" \/><\/a><\/h3>\n<\/blockquote>\n<blockquote>\n<h3>ALLA RADIO, APPUNTAMENTO QUINDICINALE CON SPI-CGIL BELLUNO, IN STUDIO MARIA RITA GENTILIN<\/h3>\n<\/blockquote>\n<p><strong>di Claudio Fontanive\u00a0<\/strong><\/p>\n<p><span style=\"color: #ff0000;\"><strong>PUNTATA DEL 10 GIUGNO 2021<br \/>\n<\/strong><\/span><\/p>\n<audio class=\"wp-audio-shortcode\" id=\"audio-217447-25\" preload=\"none\" style=\"width: 100%;\" controls=\"controls\"><source type=\"audio\/mpeg\" src=\"https:\/\/www.radiopiu.net\/wordpress\/wp-content\/uploads\/2021\/06\/spi-cgil-10-giugno.mp3?_=25\" \/><a href=\"https:\/\/www.radiopiu.net\/wordpress\/wp-content\/uploads\/2021\/06\/spi-cgil-10-giugno.mp3\">https:\/\/www.radiopiu.net\/wordpress\/wp-content\/uploads\/2021\/06\/spi-cgil-10-giugno.mp3<\/a><\/audio>\n<\/div>\n<p>&nbsp;<\/p>\n<hr \/>\n<\/div>\n<blockquote>\n<blockquote>\n<h2><a href=\"https:\/\/www.radiopiu.net\/wordpress\/speciale-solidarieta-veneto\/solidarieta-veneto-3\/\" rel=\"attachment wp-att-134366\">\u00a0<\/a><\/h2>\n<h2><a href=\"https:\/\/www.radiopiu.net\/wordpress\/speciale-solidarieta-veneto\/solidarieta-veneto-3\/\" rel=\"attachment wp-att-134366\"><img loading=\"lazy\" decoding=\"async\" class=\"wp-image-134366 alignleft\" src=\"https:\/\/www.radiopiu.net\/wordpress\/wp-content\/uploads\/2020\/05\/solidariet\u00e0-veneto-300x210.jpg\" alt=\"\" width=\"102\" height=\"71\" srcset=\"https:\/\/www.radiopiu.net\/wordpress\/wp-content\/uploads\/2020\/05\/solidariet\u00e0-veneto-300x210.jpg 300w, https:\/\/www.radiopiu.net\/wordpress\/wp-content\/uploads\/2020\/05\/solidariet\u00e0-veneto-1024x717.jpg 1024w, https:\/\/www.radiopiu.net\/wordpress\/wp-content\/uploads\/2020\/05\/solidariet\u00e0-veneto-768x538.jpg 768w, https:\/\/www.radiopiu.net\/wordpress\/wp-content\/uploads\/2020\/05\/solidariet\u00e0-veneto.jpg 1373w\" sizes=\"auto, (max-width: 102px) 100vw, 102px\" \/><\/a>SOLIDARIETA&#8217; VENETO FONDO PENSIONE, IN ONDA IL PRIMO VENERDI DEL MESE ALLE 10.30 E ALLE 19.00 QUINTA STAGIONE<\/h2>\n<\/blockquote>\n<h2><strong><span style=\"color: #ff0000;\">AUDIO MAGGIO 2021<\/span><\/strong><\/h2>\n<\/blockquote>\n<div>\n<audio class=\"wp-audio-shortcode\" id=\"audio-217447-26\" preload=\"none\" style=\"width: 100%;\" controls=\"controls\"><source type=\"audio\/mpeg\" src=\"https:\/\/www.radiopiu.net\/wordpress\/wp-content\/uploads\/2021\/05\/solidarieta-veneto-maggio-2021.mp3?_=26\" \/><a href=\"https:\/\/www.radiopiu.net\/wordpress\/wp-content\/uploads\/2021\/05\/solidarieta-veneto-maggio-2021.mp3\">https:\/\/www.radiopiu.net\/wordpress\/wp-content\/uploads\/2021\/05\/solidarieta-veneto-maggio-2021.mp3<\/a><\/audio>\n<\/div>\n<h2>LA RACCOLTA COMPLETA<\/h2>\n<blockquote class=\"wp-embedded-content\" data-secret=\"zlZ68K5Pbr\"><p><a href=\"https:\/\/www.radiopiu.net\/wordpress\/solidarieta-veneto\/\">Solidariet\u00e0 Veneto<\/a><\/p><\/blockquote>\n<p><iframe loading=\"lazy\" class=\"wp-embedded-content\" sandbox=\"allow-scripts\" security=\"restricted\" style=\"position: absolute; clip: rect(1px, 1px, 1px, 1px);\" title=\"&#8220;Solidariet\u00e0 Veneto&#8221; &#8212; Radio Pi\u00f9\" src=\"https:\/\/www.radiopiu.net\/wordpress\/solidarieta-veneto\/embed\/#?secret=zlZ68K5Pbr\" data-secret=\"zlZ68K5Pbr\" width=\"600\" height=\"338\" frameborder=\"0\" marginwidth=\"0\" marginheight=\"0\" scrolling=\"no\"><\/iframe><\/p>\n<blockquote>\n<h2><\/h2>\n<h2><\/h2>\n<\/blockquote>\n<div>\n<hr \/>\n<\/div>\n<div class=\"page-title-head hgroup\">\n<div>\n<p>&nbsp;<\/p>\n<h2><span style=\"color: #ff0000;\">MUSLA, CON LA NUOVA GENERAZIONE LINGUE, USI, COSTUMI , raccolta completa<\/span><\/h2>\n<blockquote class=\"wp-embedded-content\" data-secret=\"hv6Do2RKt4\"><p><a href=\"https:\/\/www.radiopiu.net\/wordpress\/agora-agordina-la-nosta-piaza\/\">AGORA&#8217; AGORDINA&#8230; LA NOSTA PIAZA LADINA RACCOLTA COMPLETA PRIMA STAGIONE<\/a><\/p><\/blockquote>\n<p><iframe loading=\"lazy\" class=\"wp-embedded-content\" sandbox=\"allow-scripts\" security=\"restricted\" style=\"position: absolute; clip: rect(1px, 1px, 1px, 1px);\" title=\"&#8220;AGORA&#8217; AGORDINA&#8230; LA NOSTA PIAZA LADINA RACCOLTA COMPLETA PRIMA STAGIONE&#8221; &#8212; Radio Pi\u00f9\" src=\"https:\/\/www.radiopiu.net\/wordpress\/agora-agordina-la-nosta-piaza\/embed\/#?secret=hv6Do2RKt4\" data-secret=\"hv6Do2RKt4\" width=\"600\" height=\"338\" frameborder=\"0\" marginwidth=\"0\" marginheight=\"0\" scrolling=\"no\"><\/iframe><\/p>\n<p>&nbsp;<\/p>\n<div class=\"b654a4as d2edcug0\">\n<div dir=\"auto\">\n<h1><\/h1>\n<hr \/>\n<p>&nbsp;<\/p>\n<div>\n<h2><span style=\"color: #ff0000;\">LEGGERMENTE BELLUNESI CON LUISA ALCHINI la raccolta completa<\/span><\/h2>\n<\/div>\n<div>\n<blockquote class=\"wp-embedded-content\" data-secret=\"IRt9GQtAjv\"><p><a href=\"https:\/\/www.radiopiu.net\/wordpress\/leggermente-20\/\">LEGGERmente&#8230;Bellunesi<\/a><\/p><\/blockquote>\n<p><iframe loading=\"lazy\" class=\"wp-embedded-content\" sandbox=\"allow-scripts\" security=\"restricted\" style=\"position: absolute; clip: rect(1px, 1px, 1px, 1px);\" title=\"&#8220;LEGGERmente&#8230;Bellunesi&#8221; &#8212; Radio Pi\u00f9\" src=\"https:\/\/www.radiopiu.net\/wordpress\/leggermente-20\/embed\/#?secret=IRt9GQtAjv\" data-secret=\"IRt9GQtAjv\" width=\"600\" height=\"338\" frameborder=\"0\" marginwidth=\"0\" marginheight=\"0\" scrolling=\"no\"><\/iframe><\/p>\n<\/div>\n<\/div>\n<p>&nbsp;<\/p>\n<hr \/>\n<p>&nbsp;<\/p>\n<h2><span style=\"color: #ff0000;\">GOCCE DI FILOSOFIA, CON CHIARA CAU, CON LISA DE LUCA la raccolta completa<\/span><\/h2>\n<blockquote class=\"wp-embedded-content\" data-secret=\"2O8aqp4RPt\"><p><a href=\"https:\/\/www.radiopiu.net\/wordpress\/gocce-filosofia\/\">Gocce di filosofia<\/a><\/p><\/blockquote>\n<p><iframe loading=\"lazy\" class=\"wp-embedded-content\" sandbox=\"allow-scripts\" security=\"restricted\" style=\"position: absolute; clip: rect(1px, 1px, 1px, 1px);\" title=\"&#8220;Gocce di filosofia&#8221; &#8212; Radio Pi\u00f9\" src=\"https:\/\/www.radiopiu.net\/wordpress\/gocce-filosofia\/embed\/#?secret=2O8aqp4RPt\" data-secret=\"2O8aqp4RPt\" width=\"600\" height=\"338\" frameborder=\"0\" marginwidth=\"0\" marginheight=\"0\" scrolling=\"no\"><\/iframe><\/p>\n<p>&nbsp;<\/p>\n<p>&nbsp;<\/p>\n<hr \/>\n<\/div>\n<\/div>\n<p>&nbsp;<\/p>\n<p><a href=\"https:\/\/www.radiopiu.net\/wordpress\/giornale-radiopiu-26-settembre-2018-direttore-mirko-mezzacasa\/viabilita-2\/\" rel=\"attachment wp-att-61954\"><img loading=\"lazy\" decoding=\"async\" class=\"wp-image-61954 size-full aligncenter\" src=\"https:\/\/www.radiopiu.net\/wordpress\/wp-content\/uploads\/2018\/09\/viabilita.jpeg\" alt=\"\" width=\"800\" height=\"100\" srcset=\"https:\/\/www.radiopiu.net\/wordpress\/wp-content\/uploads\/2018\/09\/viabilita.jpeg 800w, https:\/\/www.radiopiu.net\/wordpress\/wp-content\/uploads\/2018\/09\/viabilita-300x38.jpeg 300w, https:\/\/www.radiopiu.net\/wordpress\/wp-content\/uploads\/2018\/09\/viabilita-768x96.jpeg 768w\" sizes=\"auto, (max-width: 800px) 100vw, 800px\" \/><\/a><\/p>\n<blockquote><p>&nbsp;<\/p><\/blockquote>\n<\/div>\n<\/div>\n<\/div>\n<\/div>\n<\/div>\n<\/div>\n<\/div>\n<\/div>\n<div><\/div>\n<div>\n<div>\n<div>\n<div>\n<div class=\"page-title-head hgroup\">\n<div class=\"page-title-head hgroup\">\n<div class=\"page-title-head hgroup\">\n<div>\n<div>\n<div class=\"page-title-head hgroup\">\n<div class=\"page-title-head hgroup\">\n<div class=\"page-title-head hgroup\">\n<blockquote><p><a href=\"https:\/\/www.radiopiu.net\/wordpress\/giornale-radiopiu-09-agosto-2018-direttore-mirko-mezzacasa\/viabilia\/\" rel=\"attachment wp-att-57053\"><img loading=\"lazy\" decoding=\"async\" class=\" wp-image-57053 alignleft\" src=\"https:\/\/www.radiopiu.net\/wordpress\/wp-content\/uploads\/2018\/08\/VIABILIA-300x180.jpeg\" alt=\"\" width=\"220\" height=\"132\" srcset=\"https:\/\/www.radiopiu.net\/wordpress\/wp-content\/uploads\/2018\/08\/VIABILIA-300x180.jpeg 300w, https:\/\/www.radiopiu.net\/wordpress\/wp-content\/uploads\/2018\/08\/VIABILIA-768x461.jpeg 768w, https:\/\/www.radiopiu.net\/wordpress\/wp-content\/uploads\/2018\/08\/VIABILIA-1024x614.jpeg 1024w, https:\/\/www.radiopiu.net\/wordpress\/wp-content\/uploads\/2018\/08\/VIABILIA.jpeg 1280w\" sizes=\"auto, (max-width: 220px) 100vw, 220px\" \/><\/a>La viabilit\u00e0 con gli ultimi aggiornamenti<\/p><\/blockquote>\n<\/div>\n<\/div>\n<\/div>\n<\/div>\n<\/div>\n<\/div>\n<\/div>\n<\/div>\n<\/div>\n<\/div>\n<\/div>\n<div><\/div>\n<div><\/div>\n<div>\n<div>\n<div class=\"page-title-head hgroup\">\n<audio class=\"wp-audio-shortcode\" id=\"audio-217447-27\" preload=\"none\" style=\"width: 100%;\" controls=\"controls\"><source type=\"audio\/mpeg\" src=\"https:\/\/www.radiopiu.net\/wordpress\/wp-content\/uploads\/2021\/06\/VIABILITA-8.mp3?_=27\" \/><a href=\"https:\/\/www.radiopiu.net\/wordpress\/wp-content\/uploads\/2021\/06\/VIABILITA-8.mp3\">https:\/\/www.radiopiu.net\/wordpress\/wp-content\/uploads\/2021\/06\/VIABILITA-8.mp3<\/a><\/audio>\n<p>&nbsp;<\/p>\n<p>&nbsp;<\/p>\n<hr \/>\n<p>&nbsp;<\/p>\n<\/div>\n<\/div>\n<\/div>\n<\/div>\n<div>\n<div class=\"page-title-head hgroup\">\n<div class=\"page-title-head hgroup\">\n<div dir=\"auto\">\n<p><a class=\"dt-pswp-item pspw-wrap-ready\" href=\"https:\/\/i0.wp.com\/www.radiopiu.net\/wordpress\/wp-content\/uploads\/2018\/09\/WhatsApp-Image-2018-09-20-at-16.04.06.jpeg?ssl=1\" data-dt-img-description=\"\" data-large_image_width=\"800\" data-large_image_height=\"100\"><img loading=\"lazy\" decoding=\"async\" class=\"aligncenter wp-image-61378 size-full jetpack-lazy-image jetpack-lazy-image--handled\" src=\"https:\/\/i0.wp.com\/www.radiopiu.net\/wordpress\/wp-content\/uploads\/2018\/09\/WhatsApp-Image-2018-09-20-at-16.04.06.jpeg?resize=800%2C100&amp;ssl=1\" sizes=\"auto, (max-width: 800px) 100vw, 800px\" srcset=\"https:\/\/i0.wp.com\/www.radiopiu.net\/wordpress\/wp-content\/uploads\/2018\/09\/WhatsApp-Image-2018-09-20-at-16.04.06.jpeg?w=800&amp;ssl=1 800w, https:\/\/i0.wp.com\/www.radiopiu.net\/wordpress\/wp-content\/uploads\/2018\/09\/WhatsApp-Image-2018-09-20-at-16.04.06.jpeg?resize=300%2C38&amp;ssl=1 300w, https:\/\/i0.wp.com\/www.radiopiu.net\/wordpress\/wp-content\/uploads\/2018\/09\/WhatsApp-Image-2018-09-20-at-16.04.06.jpeg?resize=768%2C96&amp;ssl=1 768w\" alt=\"\" width=\"800\" height=\"100\" data-lazy-loaded=\"1\" \/><\/a><\/p>\n<div><\/div>\n<div><center><b>Mercoledi 23<\/b><\/center><b>Tempo atteso: <\/b>Tempo al mattino ancora soleggiato specie sulle Dolomiti, con cielo sereno o poco nuvoloso per velature, salvo risultare temporaneamente parzialmente nuvoloso nella conche prealpine per locai e temporanee formazioni di nubi basse nelle ore pi\u00f9 fresche. Nel pomeriggio possibile aumento della nuvolosit\u00e0 per attivit\u00e0 cumuliforme, eventualmente associata a qualche breve e locale precipitazione.<br \/>\n<b>Precipitazioni: <\/b>Al mattino assenti (0%); nella seconda parte della giornata probabilit\u00e0 bassa (5-25%) di qualche breve e locale fenomeno, specie verso sera.<br \/>\n<b>Temperature: <\/b>Senza variazioni di rilievo, salvo qualche lieve diminuzione delle minime sulle Dolomiti e dei leggeri aumenti della massime. Su Prealpi a 1500 m, min 12\u00b0 max 20\u00b0C, a 2000 m, min 10\u00b0, max 16\u00b0C. Su Dolomiti a 2000 m, min 9\u00b0C max 17\u00b0C, a 3000 m min 2\u00b0C, max 8\u00b0C.<br \/>\n<b>Venti: <\/b>Nelle valli deboli per brezze, localmente a tratti moderati; in quota ancora da sud ovest, moderati anche forti in alta montagna, a 20-25 km\/h a 2000 m, a 40-50 km\/h a 3000 m<\/p>\n<hr \/>\n<p><center><b>Giovedi 24<\/b><\/center><b>Tempo atteso: <\/b>Tempo soleggiato; al mattino cielo sereno o poco nuvoloso specie sulle Dolomiti, con qualche possibile e temporanea nube bassa sulle conche prealpine nelle ore pi\u00f9 fresche, in rapido dissolvimento; dalle ore centrali aumento della nuvolosit\u00e0 per attivit\u00e0 cumuliforme e non si esclude qualche isolata e breve precipitazione.<br \/>\n<b>Precipitazioni: <\/b>Al mattino assenti; nel pomeriggio probabilit\u00e0 molto bassa (0-5%) di qualche breve e locale rovescio o temporale.<br \/>\n<b>Temperature: <\/b>Temperature senza notevoli variazioni, salvo qualche lieve diminuzione delle massime, specie in quota. Su Prealpi a 1500 m, min 13\u00b0 max 21\u00b0C, a 2000 m, min 9\u00b0, max 16\u00b0C. Su Dolomiti a 2000 m, min 8\u00b0C max 17\u00b0C, a 3000 m min 0\u00b0C, max 7\u00b0C.<br \/>\n<b>Venti: <\/b>Nelle valli deboli per brezze, localmente a tratti moderati nei settori solitamente pi\u00f9 ventilati; in alta montagna moderati anche forti, a 20-30 km\/h a 2000 m, a 45-60 km\/h a 3000 m.<\/p>\n<hr \/>\n<p><center><b>Venerdi 25<\/b><\/center>Al mattino ancora soleggiato con graduale intensificazione della nuvolosit\u00e0 per l&#8217;arrivo di nubi medio-alte da nord ovest con aumento della probabilit\u00e0 di precipitazione dalle ore centrali. Le precipitazioni saranno perlopi\u00f9 sparse anche a carattere di rovescio o di temporale dalle ore centrali. Temperature in diminuzione, specie le massime. Venti in alta montagna da tesi a moderati ancora da sud-ovest.<\/p>\n<hr \/>\n<p><center><b>Sabato 26<\/b><\/center>Giornata pi\u00f9 soleggiata rispetto a venerd\u00ec con cielo generalmente sereno o poco nuvoloso specie in quota, mentre in molte valli saranno possibile formazioni di temporanee e modeste nubi basse nelle ore pi\u00f9 fresche. Dalle ore centrali moderato aumento della nuvolosit\u00e0 per nubi a sviluppo cumuliforme, con scarsa probabilit\u00e0 di precipitazioni. Temperature in lieve ulteriore calo le minime, in contenuto aumento le massime. Venti in quota generalmente deboli o moderati da ovest. Previsore: M.Padoan<\/p>\n<hr \/>\n<\/div>\n<div>\n<p>&nbsp;<\/p>\n<\/div>\n<\/div>\n<\/div>\n<\/div>\n<\/div>\n<div>\n<div><\/div>\n<hr \/>\n<\/div>\n<p>&nbsp;<\/p>\n<\/div>\n<\/div>\n<\/div>\n<\/div>\n<p>&nbsp;<\/p>\n<p><a href=\"https:\/\/www.radiopiu.net\/wordpress\/giornale-radiopiu-15-settembre-2018-direttore-mirko-mezzacasa\/sport-7\/\" rel=\"attachment wp-att-60761\"><img loading=\"lazy\" decoding=\"async\" class=\"aligncenter wp-image-60761 size-full\" src=\"https:\/\/www.radiopiu.net\/wordpress\/wp-content\/uploads\/2018\/09\/sport.jpg\" alt=\"\" width=\"800\" height=\"100\" srcset=\"https:\/\/www.radiopiu.net\/wordpress\/wp-content\/uploads\/2018\/09\/sport.jpg 800w, https:\/\/www.radiopiu.net\/wordpress\/wp-content\/uploads\/2018\/09\/sport-300x38.jpg 300w, https:\/\/www.radiopiu.net\/wordpress\/wp-content\/uploads\/2018\/09\/sport-768x96.jpg 768w\" sizes=\"auto, (max-width: 800px) 100vw, 800px\" \/><\/a><\/p>\n<p>&nbsp;<\/p>\n<blockquote>\n<h3>LUNEDI&#8217; INIZIA IL CAMP COERVER AD AGORDO<\/h3>\n<\/blockquote>\n<p><strong><a href=\"https:\/\/www.radiopiu.net\/wordpress\/oggi-la-terza-giornata-del-campionato-agordino-femminile\/calcio-2019\/\" rel=\"attachment wp-att-88853\"><img loading=\"lazy\" decoding=\"async\" class=\" wp-image-88853 alignleft\" src=\"https:\/\/www.radiopiu.net\/wordpress\/wp-content\/uploads\/2019\/06\/CALCIO-2019-300x169.jpg\" alt=\"\" width=\"250\" height=\"141\" srcset=\"https:\/\/www.radiopiu.net\/wordpress\/wp-content\/uploads\/2019\/06\/CALCIO-2019-300x169.jpg 300w, https:\/\/www.radiopiu.net\/wordpress\/wp-content\/uploads\/2019\/06\/CALCIO-2019.jpg 624w\" sizes=\"auto, (max-width: 250px) 100vw, 250px\" \/><\/a>AGORDO<\/strong> Saranno due settimane di calcio dedicate ai pi\u00f9 giovani quelle organizzate dall&#8217;Agordina Calcio e Polisportiva Canale D&#8217;Agordo. Arriva in Agordino il Camp Coerver, delle sessioni di allenamento specifico dedicate ai giovani dal 2013 al 2008 che inizieranno luned\u00ec prossimo. Un&#8217;occasione da non perdere per i piccoli calciatori che potranno migliorare le loro capacit\u00e0 calcistiche divertendosi e conoscendo nuovi amici. Ogni giorno dalle 8 alle 17 all&#8217;Ivano Dorigo di Agordo i ragazzi saranno protagonisti di questo camp estivo.<\/p>\n<p>&nbsp;<\/p>\n\n\t\t\t<style type='text\/css'>\n\t\t\t\t#gallery-10 {\n\t\t\t\t\tmargin: auto;\n\t\t\t\t}\n\t\t\t\t#gallery-10 .gallery-item {\n\t\t\t\t\tfloat: left;\n\t\t\t\t\tmargin-top: 10px;\n\t\t\t\t\ttext-align: center;\n\t\t\t\t\twidth: 50%;\n\t\t\t\t}\n\t\t\t\t#gallery-10 img {\n\t\t\t\t\tborder: 2px solid #cfcfcf;\n\t\t\t\t}\n\t\t\t\t#gallery-10 .gallery-caption {\n\t\t\t\t\tmargin-left: 0;\n\t\t\t\t}\n\t\t\t\t\/* see gallery_shortcode() in wp-includes\/media.php *\/\n\t\t\t<\/style>\n\t\t<div id='gallery-10' class='dt-gallery-container gallery galleryid-217447 gallery-columns-2 gallery-size-medium'><dl class='gallery-item'>\n\t\t\t\t<dt class='gallery-icon portrait'>\n\t\t\t\t\t<a class=\"rollover rollover-zoom dt-pswp-item\" title=\"1621114182_Screenshot_2021-05-15_23-26-23-472\" data-dt-img-description=\"\" data-large_image_width=\"540\" data-large_image_height=\"767\"href='https:\/\/www.radiopiu.net\/wordpress\/wp-content\/uploads\/2021\/05\/1621114182_Screenshot_2021-05-15_23-26-23-472.png'><img loading=\"lazy\" decoding=\"async\" width=\"211\" height=\"300\" src=\"https:\/\/www.radiopiu.net\/wordpress\/wp-content\/uploads\/2021\/05\/1621114182_Screenshot_2021-05-15_23-26-23-472-211x300.png\" class=\"attachment-medium size-medium\" alt=\"\" srcset=\"https:\/\/www.radiopiu.net\/wordpress\/wp-content\/uploads\/2021\/05\/1621114182_Screenshot_2021-05-15_23-26-23-472-211x300.png 211w, https:\/\/www.radiopiu.net\/wordpress\/wp-content\/uploads\/2021\/05\/1621114182_Screenshot_2021-05-15_23-26-23-472.png 540w\" sizes=\"auto, (max-width: 211px) 100vw, 211px\" \/><\/a>\n\t\t\t\t<\/dt><\/dl><dl class='gallery-item'>\n\t\t\t\t<dt class='gallery-icon portrait'>\n\t\t\t\t\t<a class=\"rollover rollover-zoom dt-pswp-item\" title=\"1621114196_IMG_20210515_232659\" data-dt-img-description=\"\" data-large_image_width=\"1080\" data-large_image_height=\"1529\"href='https:\/\/www.radiopiu.net\/wordpress\/wp-content\/uploads\/2021\/05\/1621114196_IMG_20210515_232659.jpg'><img loading=\"lazy\" decoding=\"async\" width=\"212\" height=\"300\" src=\"https:\/\/www.radiopiu.net\/wordpress\/wp-content\/uploads\/2021\/05\/1621114196_IMG_20210515_232659-212x300.jpg\" class=\"attachment-medium size-medium\" alt=\"\" srcset=\"https:\/\/www.radiopiu.net\/wordpress\/wp-content\/uploads\/2021\/05\/1621114196_IMG_20210515_232659-212x300.jpg 212w, https:\/\/www.radiopiu.net\/wordpress\/wp-content\/uploads\/2021\/05\/1621114196_IMG_20210515_232659-723x1024.jpg 723w, https:\/\/www.radiopiu.net\/wordpress\/wp-content\/uploads\/2021\/05\/1621114196_IMG_20210515_232659-768x1087.jpg 768w, https:\/\/www.radiopiu.net\/wordpress\/wp-content\/uploads\/2021\/05\/1621114196_IMG_20210515_232659.jpg 1080w\" sizes=\"auto, (max-width: 212px) 100vw, 212px\" \/><\/a>\n\t\t\t\t<\/dt><\/dl><br style=\"clear: both\" \/>\n\t\t\t<\/div>\n\n<p>&nbsp;<\/p>\n<p>&nbsp;<\/p>\n<\/div>","protected":false},"excerpt":{"rendered":"<p>&nbsp; 25 GIUGNO 1983 \u2013 25 GIUGNO 2021 38 ANNI DI RADIO PIU. DALLA\u00a0 MEZZANOTTE DI VENERDI PER 24 ORE\u2026 LA MUSICA CON LA QUALE SIAMO CRESCIUTI &nbsp; &nbsp; PER\u00a0RICEVERE QUESTO NOTIZIARIO DIRETTAMENTE SUL TUO CELLULARE ISCRIVITI AL CANALE TELEGRAM\u00a0\u201cRADIO PIU\u00a0 INFORMAZIONE\u201d\u00a0 \u00a0 \u00a0 &nbsp; &nbsp; GRAZIE DOTTORE!\u00a0 grazie AGOSTINO&#8230;. ALLEGHE\u00a0 Domenica in Municipio tra&hellip;<\/p>\n","protected":false},"author":4,"featured_media":217650,"comment_status":"closed","ping_status":"open","sticky":false,"template":"","format":"standard","meta":{"_monsterinsights_skip_tracking":false,"_monsterinsights_sitenote_active":false,"_monsterinsights_sitenote_note":"","_monsterinsights_sitenote_category":0,"footnotes":""},"categories":[1,51,86,49],"tags":[],"class_list":["post-217447","post","type-post","status-publish","format-standard","has-post-thumbnail","hentry","category-senza-categoria","category-evidenza-top","category-gr","category-news-18","category-1","category-51","category-86","category-49","description-off"],"img_url":"https:\/\/www.radiopiu.net\/wordpress\/wp-content\/uploads\/2021\/06\/146525ee-ffc1-482a-b283-0a63cd282b57.jpg","_links":{"self":[{"href":"https:\/\/www.radiopiu.net\/wordpress\/wp-json\/wp\/v2\/posts\/217447","targetHints":{"allow":["GET"]}}],"collection":[{"href":"https:\/\/www.radiopiu.net\/wordpress\/wp-json\/wp\/v2\/posts"}],"about":[{"href":"https:\/\/www.radiopiu.net\/wordpress\/wp-json\/wp\/v2\/types\/post"}],"author":[{"embeddable":true,"href":"https:\/\/www.radiopiu.net\/wordpress\/wp-json\/wp\/v2\/users\/4"}],"replies":[{"embeddable":true,"href":"https:\/\/www.radiopiu.net\/wordpress\/wp-json\/wp\/v2\/comments?post=217447"}],"version-history":[{"count":0,"href":"https:\/\/www.radiopiu.net\/wordpress\/wp-json\/wp\/v2\/posts\/217447\/revisions"}],"wp:featuredmedia":[{"embeddable":true,"href":"https:\/\/www.radiopiu.net\/wordpress\/wp-json\/wp\/v2\/media\/217650"}],"wp:attachment":[{"href":"https:\/\/www.radiopiu.net\/wordpress\/wp-json\/wp\/v2\/media?parent=217447"}],"wp:term":[{"taxonomy":"category","embeddable":true,"href":"https:\/\/www.radiopiu.net\/wordpress\/wp-json\/wp\/v2\/categories?post=217447"},{"taxonomy":"post_tag","embeddable":true,"href":"https:\/\/www.radiopiu.net\/wordpress\/wp-json\/wp\/v2\/tags?post=217447"}],"curies":[{"name":"wp","href":"https:\/\/api.w.org\/{rel}","templated":true}]}}