{"id":217529,"date":"2021-06-22T16:27:40","date_gmt":"2021-06-22T14:27:40","guid":{"rendered":"https:\/\/www.radiopiu.net\/wordpress\/?p=217529"},"modified":"2021-06-22T16:32:47","modified_gmt":"2021-06-22T14:32:47","slug":"le-comunita-alla-politica-chiedono-rispetto-giu-le-mani-dalla-nostra-terra","status":"publish","type":"post","link":"https:\/\/www.radiopiu.net\/wordpress\/le-comunita-alla-politica-chiedono-rispetto-giu-le-mani-dalla-nostra-terra\/","title":{"rendered":"LE COMUNITA&#8217; ALLA POLITICA CHIEDONO RISPETTO. &#8220;GIU&#8217; LE MANI DALLA NOSTRA TERRA&#8221;"},"content":{"rendered":"<blockquote>\n<h3>E&#8217; sempre no, chiaro e rotondo sul collegamento sciistico Cortina-Arabba<\/h3>\n<\/blockquote>\n<p><strong><a href=\"https:\/\/www.radiopiu.net\/wordpress\/le-comunita-alla-politica-chiedono-rispetto-giu-le-mani-dalla-nostra-terra\/ll-300x169\/\" rel=\"attachment wp-att-217531\"><img loading=\"lazy\" decoding=\"async\" class=\"size-full wp-image-217531 alignleft\" src=\"https:\/\/www.radiopiu.net\/wordpress\/wp-content\/uploads\/2021\/06\/ll-300x169-1.jpg\" alt=\"\" width=\"300\" height=\"169\" \/><\/a>LIVINALLONGO<\/strong> Dal comitato &#8220;Ju le man da nosta Tiera&#8221; il concetto viene ribadito, ma in questa occasione con l&#8217;invito alla Regione a schiarirsi le idee, altrimenti il rispetto per le comunit\u00e0 \u00e8 altra cosa.\u00a0 In Commissione Ambiente della Camera dei Deputati a fine aprile l&#8217;assessore \u00a0Federico Caner, aveva dichiarato che l\u2019ipotesi progettuale di collegare con impianti a fune il comprensorio sciistico di Arabba con quello di Cortina d\u2019Ampezzo, passando per la Montagna di Castello, la Forcella Sief e la Montagna di Corte <em>\u201cnon \u00e8 mai stata formalmente presentata alla RegioneVeneto e che essa non \u00e8 realizzabile per la presenza di alcuni vincoli normativi imposti dalla Legge Pecoraro Scanio\u201d<\/em> e che quindi <em>\u201cnon \u00e8 mai stata presa in considerazione dalla Regione in quanto il progetto \u00e8 sostenuto solo da alcuni imprenditori privati. La Regione del Veneto -ha aggiunto- ad oggi non ha alcun progetto concreto a riguardo\u201d.\u00a0<\/em>Il 16 giugno nel punto stampa da Marghera il\u00a0 Presidente della Giunta Regionale del Veneto, Luca Zaia, ha ribadito che uno degli obiettivi della Regione in vista delle Olimpiadi del 2026 \u00e8\u00a0<em> \u201cla realizzazione dei collegamenti intervallivi, collegando Cortina ad Arabba e Cortina con il Civetta.<\/em>\u201d Il Presidente Zaia, che ha definito questo progetto<em> \u201cun suo pallino\u201d<\/em>, ha poi proseguito con queste testuali parole: <em>\u2026NOI faremo un percorso sugli sci che sar\u00e0 il doppio del Sellaronda<\/em><\/p>\n<blockquote><p><em>&#8220;Ci chiediamo &#8211; dice Denni Dorigo a nome del Comitato &#8211;\u00a0 come faccia la Regione del Veneto a sostenere due posizioni diametralmente opposte, esposte da due membri della stessa Giunta Regionale: qualcuno sta prendendo in giro le comunit\u00e0 locali, che a parole si dice vadano sempre ascoltate e che nella realt\u00e0 non sono neppure tenute in considerazione. Questo modo di Venezia di amministrare la montagna, imponendosi e pensando di poter dire e fare tutto e il contrario di tutto senza ascoltare i territori, \u00e8 irritante e irrispettoso. Invitiamo pertanto i politici veneti ad esprimersi in modo pi\u00f9 chiaro su questo progetto e ad avere pi\u00f9 rispetto per coloro che queste terre le vivono 365 giorni all\u2019anno&#8221;.<\/em><\/p><\/blockquote>\n<p>&nbsp;<\/p>\n<p><span style=\"color: #ff0000;\"><strong>ARCHIVIO RADIO PIU 16 GIUGNO 2021<\/strong><\/span><\/p>\n<p><span style=\"color: #000000;\"><strong><em><img loading=\"lazy\" decoding=\"async\" class=\"alignleft\" src=\"https:\/\/www.radiopiu.net\/wordpress\/wp-content\/uploads\/2020\/10\/ARABBA-FUNIVIE.jpg\" width=\"274\" height=\"112\" \/>Quando il treno passa due volte&#8230;<\/em><\/strong><\/span><\/p>\n<p><strong>VENEZIA<\/strong> In conferenza stampa Zaia ha parlato delle Olimpiadi perch\u00e9 domani andr\u00e0 a Roma per incontrare il Ministro. Ha parlato del ritardo nella realizzazione delle infrastrutture ma anche della necessit\u00e0 di collegamenti intervallivi con Arabba e il Civetta. Questo il suo intervento.\u00a0<em> &#8220;Faremo un percorso doppio del Sella Ronda&#8221;<\/em><\/p>\n<p>&nbsp;<\/p>\n<audio class=\"wp-audio-shortcode\" id=\"audio-217529-1\" preload=\"none\" style=\"width: 100%;\" controls=\"controls\"><source type=\"audio\/mpeg\" src=\"https:\/\/www.radiopiu.net\/wordpress\/wp-content\/uploads\/2021\/06\/zaia-olimpiadi.mp3?_=1\" \/><a href=\"https:\/\/www.radiopiu.net\/wordpress\/wp-content\/uploads\/2021\/06\/zaia-olimpiadi.mp3\">https:\/\/www.radiopiu.net\/wordpress\/wp-content\/uploads\/2021\/06\/zaia-olimpiadi.mp3<\/a><\/audio>\n<p>&nbsp;<\/p>\n<p>&nbsp;<\/p>\n<h3><span style=\"color: #ff0000;\">ARCHIVIO RADIO PIU 20\u00a0 FEBBRAIO 2020<\/span><\/h3>\n<blockquote>\n<h3>DA FODOM: NO SECCO AL COLLEGAMENTO CON CORTINA, OLTRE 200 PERSONE PER LA NASCITA DEL COMITATO<\/h3>\n<\/blockquote>\n<p><strong>LIVINALLONGO<\/strong> Una serata ben orchestrata da Denni Dorigo ha dato il l\u00e0 ad un nuovo comitato contro i nuovi impianti sull&#8217; inno degli &#8220;Ingordi&#8221; scritto da Don Dario Fontana e &#8220;cantato&#8221; da almeno 200 persone al Taulac di Pieve di Livinallongo. No alla monocultura dello sci, quello che c&#8217;\u00e8 \u00e8 sufficiente e il territorio ha bisogno di ben altro hanno detto in coro i Fodom. Nella sala gremita in ogni ordine di posto nessuna voce fuori dal coro. Da tutti il no ad un carosello su luoghi di Guerra e immacolati. Radio Pi\u00f9 lo ha testimoniato con la diretta facebook che riproponiamo nella sequenza di video<\/p>\n<p><strong>IERI LO SPECIALE ALLA RADIO<\/strong><\/p>\n<p><strong>CON DENNI DORIGO<\/strong><\/p>\n<audio class=\"wp-audio-shortcode\" id=\"audio-217529-2\" preload=\"none\" style=\"width: 100%;\" controls=\"controls\"><source type=\"audio\/mpeg\" src=\"https:\/\/www.radiopiu.net\/wordpress\/wp-content\/uploads\/2020\/02\/denni-dorigo-scade-martedi.mp3?_=2\" \/><a href=\"https:\/\/www.radiopiu.net\/wordpress\/wp-content\/uploads\/2020\/02\/denni-dorigo-scade-martedi.mp3\">https:\/\/www.radiopiu.net\/wordpress\/wp-content\/uploads\/2020\/02\/denni-dorigo-scade-martedi.mp3<\/a><\/audio>\n<p>&nbsp;<\/p>\n<p>&nbsp;<\/p>\n","protected":false},"excerpt":{"rendered":"<p>E&#8217; sempre no, chiaro e rotondo sul collegamento sciistico Cortina-Arabba LIVINALLONGO Dal comitato &#8220;Ju le man da nosta Tiera&#8221; il concetto viene ribadito, ma in questa occasione con l&#8217;invito alla Regione a schiarirsi le idee, altrimenti il rispetto per le comunit\u00e0 \u00e8 altra cosa.\u00a0 In Commissione Ambiente della Camera dei Deputati a fine aprile l&#8217;assessore&hellip;<\/p>\n","protected":false},"author":4,"featured_media":217531,"comment_status":"closed","ping_status":"open","sticky":false,"template":"","format":"standard","meta":{"_monsterinsights_skip_tracking":false,"_monsterinsights_sitenote_active":false,"_monsterinsights_sitenote_note":"","_monsterinsights_sitenote_category":0,"footnotes":""},"categories":[51,49],"tags":[],"class_list":["post-217529","post","type-post","status-publish","format-standard","has-post-thumbnail","hentry","category-evidenza-top","category-news-18","category-51","category-49","description-off"],"img_url":"https:\/\/www.radiopiu.net\/wordpress\/wp-content\/uploads\/2021\/06\/ll-300x169-1.jpg","_links":{"self":[{"href":"https:\/\/www.radiopiu.net\/wordpress\/wp-json\/wp\/v2\/posts\/217529","targetHints":{"allow":["GET"]}}],"collection":[{"href":"https:\/\/www.radiopiu.net\/wordpress\/wp-json\/wp\/v2\/posts"}],"about":[{"href":"https:\/\/www.radiopiu.net\/wordpress\/wp-json\/wp\/v2\/types\/post"}],"author":[{"embeddable":true,"href":"https:\/\/www.radiopiu.net\/wordpress\/wp-json\/wp\/v2\/users\/4"}],"replies":[{"embeddable":true,"href":"https:\/\/www.radiopiu.net\/wordpress\/wp-json\/wp\/v2\/comments?post=217529"}],"version-history":[{"count":0,"href":"https:\/\/www.radiopiu.net\/wordpress\/wp-json\/wp\/v2\/posts\/217529\/revisions"}],"wp:featuredmedia":[{"embeddable":true,"href":"https:\/\/www.radiopiu.net\/wordpress\/wp-json\/wp\/v2\/media\/217531"}],"wp:attachment":[{"href":"https:\/\/www.radiopiu.net\/wordpress\/wp-json\/wp\/v2\/media?parent=217529"}],"wp:term":[{"taxonomy":"category","embeddable":true,"href":"https:\/\/www.radiopiu.net\/wordpress\/wp-json\/wp\/v2\/categories?post=217529"},{"taxonomy":"post_tag","embeddable":true,"href":"https:\/\/www.radiopiu.net\/wordpress\/wp-json\/wp\/v2\/tags?post=217529"}],"curies":[{"name":"wp","href":"https:\/\/api.w.org\/{rel}","templated":true}]}}