{"id":217536,"date":"2021-06-22T16:38:23","date_gmt":"2021-06-22T14:38:23","guid":{"rendered":"https:\/\/www.radiopiu.net\/wordpress\/?p=217536"},"modified":"2021-06-23T06:19:03","modified_gmt":"2021-06-23T04:19:03","slug":"ladini-le-nuove-iniziative-della-provincia-che-si-riappropria-della-funzione-di-tutela-delle-minoranze-linguistiche","status":"publish","type":"post","link":"https:\/\/www.radiopiu.net\/wordpress\/ladini-le-nuove-iniziative-della-provincia-che-si-riappropria-della-funzione-di-tutela-delle-minoranze-linguistiche\/","title":{"rendered":"LADINI, LE NUOVE INIZIATIVE DELLA PROVINCIA CHE SI RIAPPROPRIA DELLA FUNZIONE DI TUTELA DELLE MINORANZE LINGUISTICHE"},"content":{"rendered":"<p><strong><a href=\"https:\/\/www.radiopiu.net\/wordpress\/ladini-le-nuove-iniziative-della-provincia-che-si-riappropria-della-funzione-di-tutela-delle-minoranze-linguistiche\/photo-2021-06-22-14-58-53\/\" rel=\"attachment wp-att-217538\"><img loading=\"lazy\" decoding=\"async\" class=\"size-medium wp-image-217538 alignleft\" src=\"https:\/\/www.radiopiu.net\/wordpress\/wp-content\/uploads\/2021\/06\/PHOTO-2021-06-22-14-58-53-300x138.jpg\" alt=\"\" width=\"300\" height=\"138\" srcset=\"https:\/\/www.radiopiu.net\/wordpress\/wp-content\/uploads\/2021\/06\/PHOTO-2021-06-22-14-58-53-300x138.jpg 300w, https:\/\/www.radiopiu.net\/wordpress\/wp-content\/uploads\/2021\/06\/PHOTO-2021-06-22-14-58-53-1024x472.jpg 1024w, https:\/\/www.radiopiu.net\/wordpress\/wp-content\/uploads\/2021\/06\/PHOTO-2021-06-22-14-58-53-768x354.jpg 768w, https:\/\/www.radiopiu.net\/wordpress\/wp-content\/uploads\/2021\/06\/PHOTO-2021-06-22-14-58-53-1536x708.jpg 1536w, https:\/\/www.radiopiu.net\/wordpress\/wp-content\/uploads\/2021\/06\/PHOTO-2021-06-22-14-58-53.jpg 1600w\" sizes=\"auto, (max-width: 300px) 100vw, 300px\" \/><\/a>BELLUNO<\/strong> Nelle prossime settimane riapriranno gli sportelli linguistici a supporto delle amministrazioni locali del territorio ladino. \u00c8 una delle novit\u00e0 in materia di minoranze linguistiche, funzione di cui la Provincia di Belluno si \u00e8 riappropriata nelle ultime settimane, avviando anche il percorso per l\u2019acquisto del patrimonio librario e culturale dell\u2019Istituto Ladin de la Dolomites di Borca di Cadore, che era stato chiuso per necessit\u00e0 amministrative.\u00a0 <em>\u00abAbbiamo cos\u00ec riassorbito nell\u2019ente Provincia le funzioni che prima erano demandate all\u2019Istituto Ladino. L\u2019obiettivo era quello di evitare la dispersione di un immenso patrimonio culturale, storico, tradizionale e identitario\u00bb ha spiegato il consigliere provinciale delegato Franco De Bon, che questa mattina ha presentato a Palazzo Piloni in conferenza stampa le principali novit\u00e0 in materia. Presenti anche il presidente della Federazione Unioni Ladine Lucio Eicher Clere, e rappresentanze delle Unioni ladine del territorio. \u00abAbbiamo avviato l\u2019acquisto del patrimonio librario dell\u2019Istituto con la volont\u00e0 di riprendere in mano la funzione delle minoranze linguistiche e valorizzare cos\u00ec i tesori che abbiamo. Nello stesso modo, intendiamo proseguire con i progetti finanziati dalla legge 482 che annualmente porta in provincia circa 100mila euro per la valorizzazione della cultura e della lingua ladina. Ed \u00e8 per questo che verranno riattivati gli sportelli ladini\u00bb. <\/em>Si tratta di sportelli di ambito sovracomunale, istituiti dalla legge 482\/1999 (\u201cNorme in materia di tutela delle minoranze linguistiche storiche\u201d) per supportare le amministrazioni locali che avvertano la necessit\u00e0 di esprimere atti ufficiali in lingua ladina. La riattivazione disposta dalla Provincia \u00e8 resa possibile dalla collaborazione con cinque unioni ladine territoriali, che si attiveranno nelle rispettive zone di competenza (l\u2019Union ladina de Oltreciusa, l\u2019Union ladina del Cadore de medo, il Gruppo folk Union ladina Val Biois, l\u2019Union ladina di Selva e l\u2019Union ladina Gruppo ricerche <a href=\"https:\/\/www.radiopiu.net\/wordpress\/ladini-le-nuove-iniziative-della-provincia-che-si-riappropria-della-funzione-di-tutela-delle-minoranze-linguistiche\/fefcdc68-fb44-40b5-96a6-baeab26b0915\/\" rel=\"attachment wp-att-217540\"><img loading=\"lazy\" decoding=\"async\" class=\"size-medium wp-image-217540 alignleft\" src=\"https:\/\/www.radiopiu.net\/wordpress\/wp-content\/uploads\/2021\/06\/fefcdc68-fb44-40b5-96a6-baeab26b0915-300x169.jpg\" alt=\"\" width=\"300\" height=\"169\" srcset=\"https:\/\/www.radiopiu.net\/wordpress\/wp-content\/uploads\/2021\/06\/fefcdc68-fb44-40b5-96a6-baeab26b0915-300x169.jpg 300w, https:\/\/www.radiopiu.net\/wordpress\/wp-content\/uploads\/2021\/06\/fefcdc68-fb44-40b5-96a6-baeab26b0915-1024x576.jpg 1024w, https:\/\/www.radiopiu.net\/wordpress\/wp-content\/uploads\/2021\/06\/fefcdc68-fb44-40b5-96a6-baeab26b0915-768x432.jpg 768w, https:\/\/www.radiopiu.net\/wordpress\/wp-content\/uploads\/2021\/06\/fefcdc68-fb44-40b5-96a6-baeab26b0915-1536x864.jpg 1536w, https:\/\/www.radiopiu.net\/wordpress\/wp-content\/uploads\/2021\/06\/fefcdc68-fb44-40b5-96a6-baeab26b0915.jpg 1920w\" sizes=\"auto, (max-width: 300px) 100vw, 300px\" \/><\/a>culturali Algudnei). Oltre agli sportelli, la Provincia sta elaborando anche un progetto sulla digitalizzazione e catalogazione della biblioteca storica cadorina.<\/p>\n<p>&nbsp;<\/p>\n<p>&nbsp;<\/p>\n<p><strong>STAMANE IN CONFERENZA STAMPA L&#8217;INTERVENTO DI\u00a0 Cinzia Vecellio (ladini Cadore de medo)<\/strong><\/p>\n<audio class=\"wp-audio-shortcode\" id=\"audio-217536-1\" preload=\"none\" style=\"width: 100%;\" controls=\"controls\"><source type=\"audio\/mpeg\" src=\"https:\/\/www.radiopiu.net\/wordpress\/wp-content\/uploads\/2021\/06\/CINZIA.mp3?_=1\" \/><a href=\"https:\/\/www.radiopiu.net\/wordpress\/wp-content\/uploads\/2021\/06\/CINZIA.mp3\">https:\/\/www.radiopiu.net\/wordpress\/wp-content\/uploads\/2021\/06\/CINZIA.mp3<\/a><\/audio>\n","protected":false},"excerpt":{"rendered":"<p>BELLUNO Nelle prossime settimane riapriranno gli sportelli linguistici a supporto delle amministrazioni locali del territorio ladino. \u00c8 una delle novit\u00e0 in materia di minoranze linguistiche, funzione di cui la Provincia di Belluno si \u00e8 riappropriata nelle ultime settimane, avviando anche il percorso per l\u2019acquisto del patrimonio librario e culturale dell\u2019Istituto Ladin de la Dolomites di&hellip;<\/p>\n","protected":false},"author":4,"featured_media":217539,"comment_status":"closed","ping_status":"open","sticky":false,"template":"","format":"standard","meta":{"_monsterinsights_skip_tracking":false,"_monsterinsights_sitenote_active":false,"_monsterinsights_sitenote_note":"","_monsterinsights_sitenote_category":0,"footnotes":""},"categories":[51,49],"tags":[],"class_list":["post-217536","post","type-post","status-publish","format-standard","has-post-thumbnail","hentry","category-evidenza-top","category-news-18","category-51","category-49","description-off"],"img_url":"https:\/\/www.radiopiu.net\/wordpress\/wp-content\/uploads\/2021\/06\/PHOTO-2021-06-22-14-58-52-1.jpg","_links":{"self":[{"href":"https:\/\/www.radiopiu.net\/wordpress\/wp-json\/wp\/v2\/posts\/217536","targetHints":{"allow":["GET"]}}],"collection":[{"href":"https:\/\/www.radiopiu.net\/wordpress\/wp-json\/wp\/v2\/posts"}],"about":[{"href":"https:\/\/www.radiopiu.net\/wordpress\/wp-json\/wp\/v2\/types\/post"}],"author":[{"embeddable":true,"href":"https:\/\/www.radiopiu.net\/wordpress\/wp-json\/wp\/v2\/users\/4"}],"replies":[{"embeddable":true,"href":"https:\/\/www.radiopiu.net\/wordpress\/wp-json\/wp\/v2\/comments?post=217536"}],"version-history":[{"count":0,"href":"https:\/\/www.radiopiu.net\/wordpress\/wp-json\/wp\/v2\/posts\/217536\/revisions"}],"wp:featuredmedia":[{"embeddable":true,"href":"https:\/\/www.radiopiu.net\/wordpress\/wp-json\/wp\/v2\/media\/217539"}],"wp:attachment":[{"href":"https:\/\/www.radiopiu.net\/wordpress\/wp-json\/wp\/v2\/media?parent=217536"}],"wp:term":[{"taxonomy":"category","embeddable":true,"href":"https:\/\/www.radiopiu.net\/wordpress\/wp-json\/wp\/v2\/categories?post=217536"},{"taxonomy":"post_tag","embeddable":true,"href":"https:\/\/www.radiopiu.net\/wordpress\/wp-json\/wp\/v2\/tags?post=217536"}],"curies":[{"name":"wp","href":"https:\/\/api.w.org\/{rel}","templated":true}]}}