{"id":217581,"date":"2021-06-22T17:34:43","date_gmt":"2021-06-22T15:34:43","guid":{"rendered":"https:\/\/www.radiopiu.net\/wordpress\/?p=217581"},"modified":"2021-06-23T06:08:09","modified_gmt":"2021-06-23T04:08:09","slug":"torna-la-festa-a-canale-dagordo-e-agordo","status":"publish","type":"post","link":"https:\/\/www.radiopiu.net\/wordpress\/torna-la-festa-a-canale-dagordo-e-agordo\/","title":{"rendered":"TORNA\u00a0 LA FESTA A CANALE D&#8217;AGORDO E AGORDO\u00a0"},"content":{"rendered":"<blockquote>\n<h3><\/h3>\n<\/blockquote>\n<p><strong><a href=\"https:\/\/www.radiopiu.net\/wordpress\/incidente-a-fonzaso-in-tarda-mattinata-motociclista-in-ospedale\/202721891_3943868875724100_2283223978711437026_n\/\" rel=\"attachment wp-att-217580\"><img loading=\"lazy\" decoding=\"async\" class=\"size-medium wp-image-217580 alignleft\" src=\"https:\/\/www.radiopiu.net\/wordpress\/wp-content\/uploads\/2021\/06\/202721891_3943868875724100_2283223978711437026_n-300x169.jpg\" alt=\"\" width=\"300\" height=\"169\" srcset=\"https:\/\/www.radiopiu.net\/wordpress\/wp-content\/uploads\/2021\/06\/202721891_3943868875724100_2283223978711437026_n-300x169.jpg 300w, https:\/\/www.radiopiu.net\/wordpress\/wp-content\/uploads\/2021\/06\/202721891_3943868875724100_2283223978711437026_n-1024x577.jpg 1024w, https:\/\/www.radiopiu.net\/wordpress\/wp-content\/uploads\/2021\/06\/202721891_3943868875724100_2283223978711437026_n-768x433.jpg 768w, https:\/\/www.radiopiu.net\/wordpress\/wp-content\/uploads\/2021\/06\/202721891_3943868875724100_2283223978711437026_n-1536x865.jpg 1536w, https:\/\/www.radiopiu.net\/wordpress\/wp-content\/uploads\/2021\/06\/202721891_3943868875724100_2283223978711437026_n.jpg 1640w\" sizes=\"auto, (max-width: 300px) 100vw, 300px\" \/><\/a>RIVAMONTE<\/strong> Pochi giorni fa Sant&#8217;Antonio sottotono, per i fedeli messe e cordoni regolari come ogni anno, per il resto giornata normale senza giostre, bancarelle&#8230;gnocchi. Non cos\u00ec a Canale d&#8217;Agordo dove il prossimo fine settimana di festeggia San Giovanni e il Luna Park \u00e8 gi\u00e0 in piazza. Poi le giostre per San Piero si sposteranno sul Broi dove la Proloco presenta un programma ridotto SABATO 26 giugno\u00a0 Chiosco aperto dalle 16 alle 00.00 e cucina con panini e patatine dalle 16 alle 22.\u00a0 DOMENICA 27 Chiosco aperto dalle 10 alle 21 e cucina con panini e patatine dalle 12 alle 19. MARTEDI&#8217; 29\u00a0 S.PIERO-Chiosco aperto dalle 10 alle 21 e cucina con panini e patatine dalle 12 alle 19. Sabato e marted\u00ec inoltre ci sar\u00e0 lo stand informativo di Dogs on the rocks dalle 16 alle 18. Il 26, 27 e 29 Luna park,\u00a0 Il 29 tradizionale mercato del S. Patrono e il Piatto San Piero nei locali aderenti all&#8217;iniziativa. Inoltre il 29 alle\u00a0 10 verr\u00e0 inaugurata la mostra &#8220;Oro Rosso&#8221; in Sala Don Tamis,\u00a0 aperta fino al 4 luglio<\/p>\n<blockquote>\n<h3><strong>CANALE D&#8217;AGORDO, SAN GIOVANNI E I MERCATINI A CAVIOLA<\/strong><\/h3>\n<\/blockquote>\n<p><strong>di GIANNI SANTOMASO<\/strong><\/p>\n<audio class=\"wp-audio-shortcode\" id=\"audio-217581-1\" preload=\"none\" style=\"width: 100%;\" controls=\"controls\"><source type=\"audio\/mpeg\" src=\"https:\/\/www.radiopiu.net\/wordpress\/wp-content\/uploads\/2021\/06\/GIANNI-MERCATINI-CAVIOLA-SAN-GIOVANNI-CANALE.mp3?_=1\" \/><a href=\"https:\/\/www.radiopiu.net\/wordpress\/wp-content\/uploads\/2021\/06\/GIANNI-MERCATINI-CAVIOLA-SAN-GIOVANNI-CANALE.mp3\">https:\/\/www.radiopiu.net\/wordpress\/wp-content\/uploads\/2021\/06\/GIANNI-MERCATINI-CAVIOLA-SAN-GIOVANNI-CANALE.mp3<\/a><\/audio>\n<p>&nbsp;<\/p>\n<blockquote><p><strong>A PROPOSITO DI RIVAMONTE&#8230;. IL PRESIDENTE DELLA PROLOCO GIACOMO BRESSAN<\/strong><\/p>\n<p><em>Facile \u201cvincere facile\u201d quando il dpcm vietava fino al 15 giugno sagre e mercatini . Si lo so e uno sfogo e leggere certe cose mi fa molto male sia come abitante di Rivamonte soprattutto di piu come presidente della pro loco . E proprio vero che i giornalisti hanno la penna facile solo per denigrare il non fatto &#8230; la pro loco di Rivamonte ( testimone il Comune ) si \u00e8 mossa ancora ad aprile per poter fare gnocchi da asporto e poter fare \u201cqualcosa\u201d per la festa patronale . Ci siamo sentiti dire . E allora? Cosa dovremmo fare se la sagra e il 13 giugno e se il DPCM del cavolo vietava qualsiasi cosa sembrasse a una sagra fino al 15 ?<\/em><\/p><\/blockquote>\n<div class=\"bp9cbjyn j83agx80 cbu4d94t d2edcug0\">\n<div class=\"d2edcug0\">\n<div class=\"rq0escxv d2edcug0 ecyo15nh k387qaup r24q5c3a hv4rvrfc dati1w0a discj3wi\">\n<div class=\"rq0escxv l9j0dhe7 du4w35lb j83agx80 pfnyh3mw taijpn5t gs1a9yip lhclo0ds btwxx1t3 sv5sfqaa o22cckgh obtkqiv7 fop5sh7t\">\n<div class=\"rq0escxv l9j0dhe7 du4w35lb fhuww2h9 hpfvmrgz gile2uim pwa15fzy g5gj957u aov4n071 oi9244e8 bi6gxh9e h676nmdw aghb5jc5\">\n<div class=\"sjgh65i0\">\n<div class=\"j83agx80 l9j0dhe7 k4urcfbm\">\n<div class=\"dati1w0a hv4rvrfc\">\n<p><span style=\"color: #ff0000;\"><strong>ARCHIVIO RADIO PIU\u00a0<\/strong><\/span><\/p>\n<\/div>\n<\/div>\n<\/div>\n<\/div>\n<\/div>\n<\/div>\n<\/div>\n<\/div>\n<p><strong>AGORDO\u00a0<\/strong>La domenica di Sant&#8217;Antonio \u00e8 rimasta senza banchetti a Rivamonte in occasione del santo patrono, ma ad Agordo, attorno al Broi, le bancarelle non mancavano in occasione del mercatino domenicale.<\/p>\n<p><strong>L&#8217;INTERVISTA A PAOLA CENTELEGHE, PRESENTE AL MERCATINO DI AGORDO CON IL SUO BANCO DI ORTOFRUTTA<\/strong><\/p>\n<audio class=\"wp-audio-shortcode\" id=\"audio-217581-2\" preload=\"none\" style=\"width: 100%;\" controls=\"controls\"><source type=\"audio\/mpeg\" src=\"https:\/\/www.radiopiu.net\/wordpress\/wp-content\/uploads\/2021\/06\/intervista-paola-centelleghe-mercatino-agordo.mp3?_=2\" \/><a href=\"https:\/\/www.radiopiu.net\/wordpress\/wp-content\/uploads\/2021\/06\/intervista-paola-centelleghe-mercatino-agordo.mp3\">https:\/\/www.radiopiu.net\/wordpress\/wp-content\/uploads\/2021\/06\/intervista-paola-centelleghe-mercatino-agordo.mp3<\/a><\/audio>\n<p>&nbsp;<\/p>\n\n\t\t\t<style type='text\/css'>\n\t\t\t\t#gallery-1 {\n\t\t\t\t\tmargin: auto;\n\t\t\t\t}\n\t\t\t\t#gallery-1 .gallery-item {\n\t\t\t\t\tfloat: left;\n\t\t\t\t\tmargin-top: 10px;\n\t\t\t\t\ttext-align: center;\n\t\t\t\t\twidth: 50%;\n\t\t\t\t}\n\t\t\t\t#gallery-1 img {\n\t\t\t\t\tborder: 2px solid #cfcfcf;\n\t\t\t\t}\n\t\t\t\t#gallery-1 .gallery-caption {\n\t\t\t\t\tmargin-left: 0;\n\t\t\t\t}\n\t\t\t\t\/* see gallery_shortcode() in wp-includes\/media.php *\/\n\t\t\t<\/style>\n\t\t<div id='gallery-1' class='dt-gallery-container gallery galleryid-217581 gallery-columns-2 gallery-size-medium'><dl class='gallery-item'>\n\t\t\t\t<dt class='gallery-icon landscape'>\n\t\t\t\t\t<a class=\"rollover rollover-zoom dt-pswp-item\" title=\"87b89783-20c3-4926-8a73-db872c2b69e4\" data-dt-img-description=\"\" data-large_image_width=\"1920\" data-large_image_height=\"1080\"href='https:\/\/www.radiopiu.net\/wordpress\/wp-content\/uploads\/2021\/06\/87b89783-20c3-4926-8a73-db872c2b69e4.jpg'><img loading=\"lazy\" decoding=\"async\" width=\"300\" height=\"169\" src=\"https:\/\/www.radiopiu.net\/wordpress\/wp-content\/uploads\/2021\/06\/87b89783-20c3-4926-8a73-db872c2b69e4-300x169.jpg\" class=\"attachment-medium size-medium\" alt=\"\" srcset=\"https:\/\/www.radiopiu.net\/wordpress\/wp-content\/uploads\/2021\/06\/87b89783-20c3-4926-8a73-db872c2b69e4-300x169.jpg 300w, https:\/\/www.radiopiu.net\/wordpress\/wp-content\/uploads\/2021\/06\/87b89783-20c3-4926-8a73-db872c2b69e4-1024x576.jpg 1024w, https:\/\/www.radiopiu.net\/wordpress\/wp-content\/uploads\/2021\/06\/87b89783-20c3-4926-8a73-db872c2b69e4-768x432.jpg 768w, https:\/\/www.radiopiu.net\/wordpress\/wp-content\/uploads\/2021\/06\/87b89783-20c3-4926-8a73-db872c2b69e4-1536x864.jpg 1536w, https:\/\/www.radiopiu.net\/wordpress\/wp-content\/uploads\/2021\/06\/87b89783-20c3-4926-8a73-db872c2b69e4.jpg 1920w\" sizes=\"auto, (max-width: 300px) 100vw, 300px\" \/><\/a>\n\t\t\t\t<\/dt><\/dl><dl class='gallery-item'>\n\t\t\t\t<dt class='gallery-icon landscape'>\n\t\t\t\t\t<a class=\"rollover rollover-zoom dt-pswp-item\" title=\"63980256-bdf1-4059-bffb-5a2e7155aabe\" data-dt-img-description=\"\" data-large_image_width=\"1920\" data-large_image_height=\"1080\"href='https:\/\/www.radiopiu.net\/wordpress\/wp-content\/uploads\/2021\/06\/63980256-bdf1-4059-bffb-5a2e7155aabe.jpg'><img loading=\"lazy\" decoding=\"async\" width=\"300\" height=\"169\" src=\"https:\/\/www.radiopiu.net\/wordpress\/wp-content\/uploads\/2021\/06\/63980256-bdf1-4059-bffb-5a2e7155aabe-300x169.jpg\" class=\"attachment-medium size-medium\" alt=\"\" srcset=\"https:\/\/www.radiopiu.net\/wordpress\/wp-content\/uploads\/2021\/06\/63980256-bdf1-4059-bffb-5a2e7155aabe-300x169.jpg 300w, https:\/\/www.radiopiu.net\/wordpress\/wp-content\/uploads\/2021\/06\/63980256-bdf1-4059-bffb-5a2e7155aabe-1024x576.jpg 1024w, https:\/\/www.radiopiu.net\/wordpress\/wp-content\/uploads\/2021\/06\/63980256-bdf1-4059-bffb-5a2e7155aabe-768x432.jpg 768w, https:\/\/www.radiopiu.net\/wordpress\/wp-content\/uploads\/2021\/06\/63980256-bdf1-4059-bffb-5a2e7155aabe-1536x864.jpg 1536w, https:\/\/www.radiopiu.net\/wordpress\/wp-content\/uploads\/2021\/06\/63980256-bdf1-4059-bffb-5a2e7155aabe.jpg 1920w\" sizes=\"auto, (max-width: 300px) 100vw, 300px\" \/><\/a>\n\t\t\t\t<\/dt><\/dl><br style=\"clear: both\" \/>\n\t\t\t<\/div>\n\n<p>&nbsp;<\/p>\n<blockquote>\n<h3>SANT&#8217;ANTONIO A RIVAMONTE E I CORDONI DELLA DEVOZIONE<\/h3>\n<\/blockquote>\n<p><strong>RIVAMONTE<\/strong> Un&#8217;altra festa sotto tono come lo scorso anno, ma non in chiesa dovei il consueto programma religioso \u00e8 stato rispettato. Come da sempre i volontari hanno distribuito i cordoni di Sant&#8217;Antonio.<\/p>\n\n\t\t\t<style type='text\/css'>\n\t\t\t\t#gallery-2 {\n\t\t\t\t\tmargin: auto;\n\t\t\t\t}\n\t\t\t\t#gallery-2 .gallery-item {\n\t\t\t\t\tfloat: left;\n\t\t\t\t\tmargin-top: 10px;\n\t\t\t\t\ttext-align: center;\n\t\t\t\t\twidth: 33%;\n\t\t\t\t}\n\t\t\t\t#gallery-2 img {\n\t\t\t\t\tborder: 2px solid #cfcfcf;\n\t\t\t\t}\n\t\t\t\t#gallery-2 .gallery-caption {\n\t\t\t\t\tmargin-left: 0;\n\t\t\t\t}\n\t\t\t\t\/* see gallery_shortcode() in wp-includes\/media.php *\/\n\t\t\t<\/style>\n\t\t<div id='gallery-2' class='dt-gallery-container gallery galleryid-217581 gallery-columns-3 gallery-size-medium'><dl class='gallery-item'>\n\t\t\t\t<dt class='gallery-icon landscape'>\n\t\t\t\t\t<a class=\"rollover rollover-zoom dt-pswp-item\" title=\"RIVAMONTE\" data-dt-img-description=\"\" data-large_image_width=\"1920\" data-large_image_height=\"1080\"href='https:\/\/www.radiopiu.net\/wordpress\/wp-content\/uploads\/2021\/06\/f6400949-1beb-49ed-a8c9-782896308d94.jpg'><img loading=\"lazy\" decoding=\"async\" width=\"300\" height=\"169\" src=\"https:\/\/www.radiopiu.net\/wordpress\/wp-content\/uploads\/2021\/06\/f6400949-1beb-49ed-a8c9-782896308d94-300x169.jpg\" class=\"attachment-medium size-medium\" alt=\"\" srcset=\"https:\/\/www.radiopiu.net\/wordpress\/wp-content\/uploads\/2021\/06\/f6400949-1beb-49ed-a8c9-782896308d94-300x169.jpg 300w, https:\/\/www.radiopiu.net\/wordpress\/wp-content\/uploads\/2021\/06\/f6400949-1beb-49ed-a8c9-782896308d94-1024x576.jpg 1024w, https:\/\/www.radiopiu.net\/wordpress\/wp-content\/uploads\/2021\/06\/f6400949-1beb-49ed-a8c9-782896308d94-768x432.jpg 768w, https:\/\/www.radiopiu.net\/wordpress\/wp-content\/uploads\/2021\/06\/f6400949-1beb-49ed-a8c9-782896308d94-1536x864.jpg 1536w, https:\/\/www.radiopiu.net\/wordpress\/wp-content\/uploads\/2021\/06\/f6400949-1beb-49ed-a8c9-782896308d94.jpg 1920w\" sizes=\"auto, (max-width: 300px) 100vw, 300px\" \/><\/a>\n\t\t\t\t<\/dt><\/dl><dl class='gallery-item'>\n\t\t\t\t<dt class='gallery-icon landscape'>\n\t\t\t\t\t<a class=\"rollover rollover-zoom dt-pswp-item\" title=\"6a6e4211-fbd0-4f24-9792-dcdbb182ec5e\" data-dt-img-description=\"\" data-large_image_width=\"2000\" data-large_image_height=\"1500\"href='https:\/\/www.radiopiu.net\/wordpress\/wp-content\/uploads\/2021\/06\/6a6e4211-fbd0-4f24-9792-dcdbb182ec5e.jpg'><img loading=\"lazy\" decoding=\"async\" width=\"300\" height=\"225\" src=\"https:\/\/www.radiopiu.net\/wordpress\/wp-content\/uploads\/2021\/06\/6a6e4211-fbd0-4f24-9792-dcdbb182ec5e-300x225.jpg\" class=\"attachment-medium size-medium\" alt=\"\" srcset=\"https:\/\/www.radiopiu.net\/wordpress\/wp-content\/uploads\/2021\/06\/6a6e4211-fbd0-4f24-9792-dcdbb182ec5e-300x225.jpg 300w, https:\/\/www.radiopiu.net\/wordpress\/wp-content\/uploads\/2021\/06\/6a6e4211-fbd0-4f24-9792-dcdbb182ec5e-1024x768.jpg 1024w, https:\/\/www.radiopiu.net\/wordpress\/wp-content\/uploads\/2021\/06\/6a6e4211-fbd0-4f24-9792-dcdbb182ec5e-768x576.jpg 768w, https:\/\/www.radiopiu.net\/wordpress\/wp-content\/uploads\/2021\/06\/6a6e4211-fbd0-4f24-9792-dcdbb182ec5e-1536x1152.jpg 1536w, https:\/\/www.radiopiu.net\/wordpress\/wp-content\/uploads\/2021\/06\/6a6e4211-fbd0-4f24-9792-dcdbb182ec5e.jpg 2000w\" sizes=\"auto, (max-width: 300px) 100vw, 300px\" \/><\/a>\n\t\t\t\t<\/dt><\/dl><dl class='gallery-item'>\n\t\t\t\t<dt class='gallery-icon landscape'>\n\t\t\t\t\t<a class=\"rollover rollover-zoom dt-pswp-item\" title=\"ANTONIO\" data-dt-img-description=\"\" data-large_image_width=\"2000\" data-large_image_height=\"1500\"href='https:\/\/www.radiopiu.net\/wordpress\/wp-content\/uploads\/2021\/06\/ebe0e140-b21f-4a97-a898-717eb7fd126f.jpg'><img loading=\"lazy\" decoding=\"async\" width=\"300\" height=\"225\" src=\"https:\/\/www.radiopiu.net\/wordpress\/wp-content\/uploads\/2021\/06\/ebe0e140-b21f-4a97-a898-717eb7fd126f-300x225.jpg\" class=\"attachment-medium size-medium\" alt=\"\" srcset=\"https:\/\/www.radiopiu.net\/wordpress\/wp-content\/uploads\/2021\/06\/ebe0e140-b21f-4a97-a898-717eb7fd126f-300x225.jpg 300w, https:\/\/www.radiopiu.net\/wordpress\/wp-content\/uploads\/2021\/06\/ebe0e140-b21f-4a97-a898-717eb7fd126f-1024x768.jpg 1024w, https:\/\/www.radiopiu.net\/wordpress\/wp-content\/uploads\/2021\/06\/ebe0e140-b21f-4a97-a898-717eb7fd126f-768x576.jpg 768w, https:\/\/www.radiopiu.net\/wordpress\/wp-content\/uploads\/2021\/06\/ebe0e140-b21f-4a97-a898-717eb7fd126f-1536x1152.jpg 1536w, https:\/\/www.radiopiu.net\/wordpress\/wp-content\/uploads\/2021\/06\/ebe0e140-b21f-4a97-a898-717eb7fd126f.jpg 2000w\" sizes=\"auto, (max-width: 300px) 100vw, 300px\" \/><\/a>\n\t\t\t\t<\/dt><\/dl><br style=\"clear: both\" \/>\n\t\t\t<\/div>\n\n<p>&nbsp;<\/p>\n","protected":false},"excerpt":{"rendered":"<p>RIVAMONTE Pochi giorni fa Sant&#8217;Antonio sottotono, per i fedeli messe e cordoni regolari come ogni anno, per il resto giornata normale senza giostre, bancarelle&#8230;gnocchi. Non cos\u00ec a Canale d&#8217;Agordo dove il prossimo fine settimana di festeggia San Giovanni e il Luna Park \u00e8 gi\u00e0 in piazza. Poi le giostre per San Piero si sposteranno sul&hellip;<\/p>\n","protected":false},"author":4,"featured_media":217580,"comment_status":"closed","ping_status":"open","sticky":false,"template":"","format":"standard","meta":{"_monsterinsights_skip_tracking":false,"_monsterinsights_sitenote_active":false,"_monsterinsights_sitenote_note":"","_monsterinsights_sitenote_category":0,"footnotes":""},"categories":[51,49],"tags":[],"class_list":["post-217581","post","type-post","status-publish","format-standard","has-post-thumbnail","hentry","category-evidenza-top","category-news-18","category-51","category-49","description-off"],"img_url":"https:\/\/www.radiopiu.net\/wordpress\/wp-content\/uploads\/2021\/06\/202721891_3943868875724100_2283223978711437026_n.jpg","_links":{"self":[{"href":"https:\/\/www.radiopiu.net\/wordpress\/wp-json\/wp\/v2\/posts\/217581","targetHints":{"allow":["GET"]}}],"collection":[{"href":"https:\/\/www.radiopiu.net\/wordpress\/wp-json\/wp\/v2\/posts"}],"about":[{"href":"https:\/\/www.radiopiu.net\/wordpress\/wp-json\/wp\/v2\/types\/post"}],"author":[{"embeddable":true,"href":"https:\/\/www.radiopiu.net\/wordpress\/wp-json\/wp\/v2\/users\/4"}],"replies":[{"embeddable":true,"href":"https:\/\/www.radiopiu.net\/wordpress\/wp-json\/wp\/v2\/comments?post=217581"}],"version-history":[{"count":0,"href":"https:\/\/www.radiopiu.net\/wordpress\/wp-json\/wp\/v2\/posts\/217581\/revisions"}],"wp:featuredmedia":[{"embeddable":true,"href":"https:\/\/www.radiopiu.net\/wordpress\/wp-json\/wp\/v2\/media\/217580"}],"wp:attachment":[{"href":"https:\/\/www.radiopiu.net\/wordpress\/wp-json\/wp\/v2\/media?parent=217581"}],"wp:term":[{"taxonomy":"category","embeddable":true,"href":"https:\/\/www.radiopiu.net\/wordpress\/wp-json\/wp\/v2\/categories?post=217581"},{"taxonomy":"post_tag","embeddable":true,"href":"https:\/\/www.radiopiu.net\/wordpress\/wp-json\/wp\/v2\/tags?post=217581"}],"curies":[{"name":"wp","href":"https:\/\/api.w.org\/{rel}","templated":true}]}}