{"id":217647,"date":"2021-06-24T06:00:26","date_gmt":"2021-06-24T04:00:26","guid":{"rendered":"https:\/\/www.radiopiu.net\/wordpress\/?p=217647"},"modified":"2021-06-24T07:34:33","modified_gmt":"2021-06-24T05:34:33","slug":"giornale-radiopiu-24-giugno-2021-direttore-mirko-mezzacasa","status":"publish","type":"post","link":"https:\/\/www.radiopiu.net\/wordpress\/giornale-radiopiu-24-giugno-2021-direttore-mirko-mezzacasa\/","title":{"rendered":"GIORNALE RADIOPIU 24 GIUGNO 2021 DIRETTORE MIRKO MEZZACASA"},"content":{"rendered":"<p>&nbsp;<\/p>\n<h3><span style=\"color: #0000ff;\">PER<strong>\u00a0RICEVERE QUESTO NOTIZIARIO DIRETTAMENTE SUL TUO CELLULARE ISCRIVITI AL CANALE TELEGRAM\u00a0<\/strong><strong>\u201cRADIO PIU\u00a0 INFORMAZIONE\u201d\u00a0 \u00a0 \u00a0 <\/strong><\/span><\/h3>\n<hr \/>\n<blockquote>\n<h3><\/h3>\n<h3><\/h3>\n<h1><em>24 GIUGNO SAN GIOVANNI, A CANALE D&#8217;AGORDO\u00a0<\/em><\/h1>\n<p><strong><span style=\"color: #ff0000;\">AUDIO\u00a0<\/span><\/strong><\/p>\n<audio class=\"wp-audio-shortcode\" id=\"audio-217647-1\" preload=\"none\" style=\"width: 100%;\" controls=\"controls\"><source type=\"audio\/mpeg\" src=\"https:\/\/www.radiopiu.net\/wordpress\/wp-content\/uploads\/2021\/06\/GIANNI-CANALE.mp3?_=1\" \/><a href=\"https:\/\/www.radiopiu.net\/wordpress\/wp-content\/uploads\/2021\/06\/GIANNI-CANALE.mp3\">https:\/\/www.radiopiu.net\/wordpress\/wp-content\/uploads\/2021\/06\/GIANNI-CANALE.mp3<\/a><\/audio><\/blockquote>\n\n\t\t\t<style type='text\/css'>\n\t\t\t\t#gallery-1 {\n\t\t\t\t\tmargin: auto;\n\t\t\t\t}\n\t\t\t\t#gallery-1 .gallery-item {\n\t\t\t\t\tfloat: left;\n\t\t\t\t\tmargin-top: 10px;\n\t\t\t\t\ttext-align: center;\n\t\t\t\t\twidth: 25%;\n\t\t\t\t}\n\t\t\t\t#gallery-1 img {\n\t\t\t\t\tborder: 2px solid #cfcfcf;\n\t\t\t\t}\n\t\t\t\t#gallery-1 .gallery-caption {\n\t\t\t\t\tmargin-left: 0;\n\t\t\t\t}\n\t\t\t\t\/* see gallery_shortcode() in wp-includes\/media.php *\/\n\t\t\t<\/style>\n\t\t<div id='gallery-1' class='dt-gallery-container gallery galleryid-217647 gallery-columns-4 gallery-size-thumbnail'><dl class='gallery-item'>\n\t\t\t\t<dt class='gallery-icon landscape'>\n\t\t\t\t\t<a class=\"rollover rollover-zoom dt-pswp-item\" title=\"193718785_2204164993053080_160070810271506726_n\" data-dt-img-description=\"\" data-large_image_width=\"843\" data-large_image_height=\"843\"href='https:\/\/www.radiopiu.net\/wordpress\/wp-content\/uploads\/2021\/06\/193718785_2204164993053080_160070810271506726_n.jpg'><img loading=\"lazy\" decoding=\"async\" width=\"150\" height=\"150\" src=\"https:\/\/www.radiopiu.net\/wordpress\/wp-content\/uploads\/2021\/06\/193718785_2204164993053080_160070810271506726_n-150x150.jpg\" class=\"attachment-thumbnail size-thumbnail\" alt=\"\" srcset=\"https:\/\/www.radiopiu.net\/wordpress\/wp-content\/uploads\/2021\/06\/193718785_2204164993053080_160070810271506726_n-150x150.jpg 150w, https:\/\/www.radiopiu.net\/wordpress\/wp-content\/uploads\/2021\/06\/193718785_2204164993053080_160070810271506726_n-300x300.jpg 300w, https:\/\/www.radiopiu.net\/wordpress\/wp-content\/uploads\/2021\/06\/193718785_2204164993053080_160070810271506726_n-768x768.jpg 768w, https:\/\/www.radiopiu.net\/wordpress\/wp-content\/uploads\/2021\/06\/193718785_2204164993053080_160070810271506726_n.jpg 843w\" sizes=\"auto, (max-width: 150px) 100vw, 150px\" \/><\/a>\n\t\t\t\t<\/dt><\/dl><dl class='gallery-item'>\n\t\t\t\t<dt class='gallery-icon landscape'>\n\t\t\t\t\t<a class=\"rollover rollover-zoom dt-pswp-item\" title=\"200868453_5716478781755875_7033952121790127907_n\" data-dt-img-description=\"\" data-large_image_width=\"960\" data-large_image_height=\"720\"href='https:\/\/www.radiopiu.net\/wordpress\/wp-content\/uploads\/2021\/06\/200868453_5716478781755875_7033952121790127907_n.jpg'><img loading=\"lazy\" decoding=\"async\" width=\"150\" height=\"150\" src=\"https:\/\/www.radiopiu.net\/wordpress\/wp-content\/uploads\/2021\/06\/200868453_5716478781755875_7033952121790127907_n-150x150.jpg\" class=\"attachment-thumbnail size-thumbnail\" alt=\"\" \/><\/a>\n\t\t\t\t<\/dt><\/dl><dl class='gallery-item'>\n\t\t\t\t<dt class='gallery-icon landscape'>\n\t\t\t\t\t<a class=\"rollover rollover-zoom dt-pswp-item\" title=\"203336467_5727399830663770_5340605042497483625_n\" data-dt-img-description=\"\" data-large_image_width=\"960\" data-large_image_height=\"720\"href='https:\/\/www.radiopiu.net\/wordpress\/wp-content\/uploads\/2021\/06\/203336467_5727399830663770_5340605042497483625_n.jpg'><img loading=\"lazy\" decoding=\"async\" width=\"150\" height=\"150\" src=\"https:\/\/www.radiopiu.net\/wordpress\/wp-content\/uploads\/2021\/06\/203336467_5727399830663770_5340605042497483625_n-150x150.jpg\" class=\"attachment-thumbnail size-thumbnail\" alt=\"\" \/><\/a>\n\t\t\t\t<\/dt><\/dl><dl class='gallery-item'>\n\t\t\t\t<dt class='gallery-icon landscape'>\n\t\t\t\t\t<a class=\"rollover rollover-zoom dt-pswp-item\" title=\"201981808_5716479468422473_378534163232854991_n\" data-dt-img-description=\"\" data-large_image_width=\"960\" data-large_image_height=\"720\"href='https:\/\/www.radiopiu.net\/wordpress\/wp-content\/uploads\/2021\/06\/201981808_5716479468422473_378534163232854991_n.jpg'><img loading=\"lazy\" decoding=\"async\" width=\"150\" height=\"150\" src=\"https:\/\/www.radiopiu.net\/wordpress\/wp-content\/uploads\/2021\/06\/201981808_5716479468422473_378534163232854991_n-150x150.jpg\" class=\"attachment-thumbnail size-thumbnail\" alt=\"\" \/><\/a>\n\t\t\t\t<\/dt><\/dl><br style=\"clear: both\" \/>\n\t\t\t<\/div>\n\n<p>&nbsp;<\/p>\n<p><strong>PROFUMO DI RINASCITA, di JOHN FRANCIS DELLA PIETRA da CANALE D&#8217;AGORDO\u00a0<\/strong><\/p>\n<p><strong>Profumo di rinascita<\/strong><\/p>\n<blockquote><p><em>Una leggera brezza Pervade l estivo limpido aere Scompigliando dolcemente le foglie Del verdeggiante bosco Portando al nostro olfatto Odori inusuali perduti quasi Un intercalare idi benefiche coincidenze <\/em><br \/>\n<em>Sembra finalmente giungere Il solstizio d estate La grande luna piena di giugno La ricorrenza del battista S . Giovanni Le genti che pian piano<\/em><br \/>\n<em>Iniziano a star bene A respirare nuovamente a pieni polmoni Il calore delle giornate pi\u00f9 lunghe Dischiude i fiori pi\u00f9 belli<\/em><br \/>\n<em>I mughetti le genziane i rododendri E persino le stupefacenti Scarpette della Madonna l calar della tardiva sera arriveranno pure<\/em><br \/>\n<em>L improvvise lucciole I cuori s aprono e palpitano gioiosi <\/em><br \/>\n<em>Quanti bei ricordi Pregnano in queste giornate la nostra mente Sembra una novella genesi Ovunque si sente questo meraviglioso <\/em><br \/>\n<em>Profumo di rinascita&#8230;<\/em><\/p><\/blockquote>\n\n\t\t\t<style type='text\/css'>\n\t\t\t\t#gallery-2 {\n\t\t\t\t\tmargin: auto;\n\t\t\t\t}\n\t\t\t\t#gallery-2 .gallery-item {\n\t\t\t\t\tfloat: left;\n\t\t\t\t\tmargin-top: 10px;\n\t\t\t\t\ttext-align: center;\n\t\t\t\t\twidth: 12%;\n\t\t\t\t}\n\t\t\t\t#gallery-2 img {\n\t\t\t\t\tborder: 2px solid #cfcfcf;\n\t\t\t\t}\n\t\t\t\t#gallery-2 .gallery-caption {\n\t\t\t\t\tmargin-left: 0;\n\t\t\t\t}\n\t\t\t\t\/* see gallery_shortcode() in wp-includes\/media.php *\/\n\t\t\t<\/style>\n\t\t<div id='gallery-2' class='dt-gallery-container gallery galleryid-217647 gallery-columns-8 gallery-size-thumbnail'><dl class='gallery-item'>\n\t\t\t\t<dt class='gallery-icon portrait'>\n\t\t\t\t\t<a class=\"rollover rollover-zoom dt-pswp-item\" title=\"1abd1895-f8f4-4ebd-85ad-6c67cb373f6b\" data-dt-img-description=\"\" data-large_image_width=\"899\" data-large_image_height=\"1599\"href='https:\/\/www.radiopiu.net\/wordpress\/wp-content\/uploads\/2021\/06\/1abd1895-f8f4-4ebd-85ad-6c67cb373f6b.jpg'><img loading=\"lazy\" decoding=\"async\" width=\"150\" height=\"150\" src=\"https:\/\/www.radiopiu.net\/wordpress\/wp-content\/uploads\/2021\/06\/1abd1895-f8f4-4ebd-85ad-6c67cb373f6b-150x150.jpg\" class=\"attachment-thumbnail size-thumbnail\" alt=\"\" \/><\/a>\n\t\t\t\t<\/dt><\/dl><dl class='gallery-item'>\n\t\t\t\t<dt class='gallery-icon landscape'>\n\t\t\t\t\t<a class=\"rollover rollover-zoom dt-pswp-item\" title=\"c8ffed0b-873e-4ca1-8a42-03fb383a96e1\" data-dt-img-description=\"\" data-large_image_width=\"2048\" data-large_image_height=\"1152\"href='https:\/\/www.radiopiu.net\/wordpress\/wp-content\/uploads\/2021\/06\/c8ffed0b-873e-4ca1-8a42-03fb383a96e1.jpg'><img loading=\"lazy\" decoding=\"async\" width=\"150\" height=\"150\" src=\"https:\/\/www.radiopiu.net\/wordpress\/wp-content\/uploads\/2021\/06\/c8ffed0b-873e-4ca1-8a42-03fb383a96e1-150x150.jpg\" class=\"attachment-thumbnail size-thumbnail\" alt=\"\" \/><\/a>\n\t\t\t\t<\/dt><\/dl><dl class='gallery-item'>\n\t\t\t\t<dt class='gallery-icon portrait'>\n\t\t\t\t\t<a class=\"rollover rollover-zoom dt-pswp-item\" title=\"eef99da5-d91b-4bd1-bb16-ad09e8d5946d\" data-dt-img-description=\"\" data-large_image_width=\"1152\" data-large_image_height=\"2048\"href='https:\/\/www.radiopiu.net\/wordpress\/wp-content\/uploads\/2021\/06\/eef99da5-d91b-4bd1-bb16-ad09e8d5946d.jpg'><img loading=\"lazy\" decoding=\"async\" width=\"150\" height=\"150\" src=\"https:\/\/www.radiopiu.net\/wordpress\/wp-content\/uploads\/2021\/06\/eef99da5-d91b-4bd1-bb16-ad09e8d5946d-150x150.jpg\" class=\"attachment-thumbnail size-thumbnail\" alt=\"\" \/><\/a>\n\t\t\t\t<\/dt><\/dl><dl class='gallery-item'>\n\t\t\t\t<dt class='gallery-icon portrait'>\n\t\t\t\t\t<a class=\"rollover rollover-zoom dt-pswp-item\" title=\"1ff0bd11-7295-42af-b5d7-3d765304515f\" data-dt-img-description=\"\" data-large_image_width=\"1152\" data-large_image_height=\"2048\"href='https:\/\/www.radiopiu.net\/wordpress\/wp-content\/uploads\/2021\/06\/1ff0bd11-7295-42af-b5d7-3d765304515f.jpg'><img loading=\"lazy\" decoding=\"async\" width=\"150\" height=\"150\" src=\"https:\/\/www.radiopiu.net\/wordpress\/wp-content\/uploads\/2021\/06\/1ff0bd11-7295-42af-b5d7-3d765304515f-150x150.jpg\" class=\"attachment-thumbnail size-thumbnail\" alt=\"\" \/><\/a>\n\t\t\t\t<\/dt><\/dl><dl class='gallery-item'>\n\t\t\t\t<dt class='gallery-icon portrait'>\n\t\t\t\t\t<a class=\"rollover rollover-zoom dt-pswp-item\" title=\"dc2271b6-292c-40d2-9b1f-a7b856168573\" data-dt-img-description=\"\" data-large_image_width=\"899\" data-large_image_height=\"1599\"href='https:\/\/www.radiopiu.net\/wordpress\/wp-content\/uploads\/2021\/06\/dc2271b6-292c-40d2-9b1f-a7b856168573.jpg'><img loading=\"lazy\" decoding=\"async\" width=\"150\" height=\"150\" src=\"https:\/\/www.radiopiu.net\/wordpress\/wp-content\/uploads\/2021\/06\/dc2271b6-292c-40d2-9b1f-a7b856168573-150x150.jpg\" class=\"attachment-thumbnail size-thumbnail\" alt=\"\" \/><\/a>\n\t\t\t\t<\/dt><\/dl><dl class='gallery-item'>\n\t\t\t\t<dt class='gallery-icon portrait'>\n\t\t\t\t\t<a class=\"rollover rollover-zoom dt-pswp-item\" title=\"692cdec7-478b-4b7c-9587-905400eecef2\" data-dt-img-description=\"\" data-large_image_width=\"899\" data-large_image_height=\"1599\"href='https:\/\/www.radiopiu.net\/wordpress\/wp-content\/uploads\/2021\/06\/692cdec7-478b-4b7c-9587-905400eecef2.jpg'><img loading=\"lazy\" decoding=\"async\" width=\"150\" height=\"150\" src=\"https:\/\/www.radiopiu.net\/wordpress\/wp-content\/uploads\/2021\/06\/692cdec7-478b-4b7c-9587-905400eecef2-150x150.jpg\" class=\"attachment-thumbnail size-thumbnail\" alt=\"\" \/><\/a>\n\t\t\t\t<\/dt><\/dl><dl class='gallery-item'>\n\t\t\t\t<dt class='gallery-icon portrait'>\n\t\t\t\t\t<a class=\"rollover rollover-zoom dt-pswp-item\" title=\"4cff7526-a0a8-4d21-94de-d9f30747bb24\" data-dt-img-description=\"\" data-large_image_width=\"1152\" data-large_image_height=\"2048\"href='https:\/\/www.radiopiu.net\/wordpress\/wp-content\/uploads\/2021\/06\/4cff7526-a0a8-4d21-94de-d9f30747bb24.jpg'><img loading=\"lazy\" decoding=\"async\" width=\"150\" height=\"150\" src=\"https:\/\/www.radiopiu.net\/wordpress\/wp-content\/uploads\/2021\/06\/4cff7526-a0a8-4d21-94de-d9f30747bb24-150x150.jpg\" class=\"attachment-thumbnail size-thumbnail\" alt=\"\" \/><\/a>\n\t\t\t\t<\/dt><\/dl><dl class='gallery-item'>\n\t\t\t\t<dt class='gallery-icon landscape'>\n\t\t\t\t\t<a class=\"rollover rollover-zoom dt-pswp-item\" title=\"56406539-753e-46e2-9505-679dcc7c6631\" data-dt-img-description=\"\" data-large_image_width=\"2048\" data-large_image_height=\"1152\"href='https:\/\/www.radiopiu.net\/wordpress\/wp-content\/uploads\/2021\/06\/56406539-753e-46e2-9505-679dcc7c6631.jpg'><img loading=\"lazy\" decoding=\"async\" width=\"150\" height=\"150\" src=\"https:\/\/www.radiopiu.net\/wordpress\/wp-content\/uploads\/2021\/06\/56406539-753e-46e2-9505-679dcc7c6631-150x150.jpg\" class=\"attachment-thumbnail size-thumbnail\" alt=\"\" \/><\/a>\n\t\t\t\t<\/dt><\/dl><br style=\"clear: both\" \/>\n\t\t\t<\/div>\n\n<p>&nbsp;<\/p>\n<p>&nbsp;<\/p>\n<hr \/>\n<p>&nbsp;<\/p>\n<blockquote>\n<h3>IL DOPPIO ARCOBALENO ALLEGHESE<\/h3>\n<\/blockquote>\n<p><strong>Video di Mara Mezzacasa<\/strong><\/p>\n<div style=\"width: 640px;\" class=\"wp-video\"><video class=\"wp-video-shortcode\" id=\"video-217647-1\" width=\"640\" height=\"352\" preload=\"metadata\" controls=\"controls\"><source type=\"video\/mp4\" src=\"https:\/\/www.radiopiu.net\/wordpress\/wp-content\/uploads\/2021\/06\/WhatsApp-Video-2021-06-23-at-19.58.19.mp4?_=1\" \/><a href=\"https:\/\/www.radiopiu.net\/wordpress\/wp-content\/uploads\/2021\/06\/WhatsApp-Video-2021-06-23-at-19.58.19.mp4\">https:\/\/www.radiopiu.net\/wordpress\/wp-content\/uploads\/2021\/06\/WhatsApp-Video-2021-06-23-at-19.58.19.mp4<\/a><\/video><\/div>\n<p>&nbsp;<\/p>\n<p>&nbsp;<\/p>\n<p>&nbsp;<\/p>\n<hr \/>\n<p>&nbsp;<\/p>\n<blockquote>\n<h3>CHIUDE LA 563 DI SALESEI (ROCCA PIETORE-DIGONERA)<\/h3>\n<\/blockquote>\n<p><strong><a href=\"https:\/\/www.radiopiu.net\/wordpress\/da-mercoledi-chiude-la-563-di-salesei-rocca-pietore-digonera\/th-143\/\" rel=\"attachment wp-att-216769\"><img loading=\"lazy\" decoding=\"async\" class=\"wp-image-216769 alignleft\" src=\"https:\/\/www.radiopiu.net\/wordpress\/wp-content\/uploads\/2021\/06\/th-16-300x169.jpg\" alt=\"\" width=\"154\" height=\"87\" srcset=\"https:\/\/www.radiopiu.net\/wordpress\/wp-content\/uploads\/2021\/06\/th-16-300x169.jpg 300w, https:\/\/www.radiopiu.net\/wordpress\/wp-content\/uploads\/2021\/06\/th-16.jpg 330w\" sizes=\"auto, (max-width: 154px) 100vw, 154px\" \/><\/a>ROCCA PIETORE<\/strong>\u00a0 Fino al 2 luglio (sabato e domenica escluso) lungo la 563 di Digonera sono previsti gli interventi di realizzazione delle opere di difesa dalla valanghe. La circolazione stradale sar\u00e0 totalmente interdetta dalle 8 alle 12 e dalle 14 alle 18. Negli altri orari senso unico alternato a vista.<\/p>\n<p><strong><a href=\"https:\/\/www.radiopiu.net\/wordpress\/giornale-radiopiu-16-giugno-2021-direttore-mirko-mezzacasa\/lavorii\/\" rel=\"attachment wp-att-216177\"><img loading=\"lazy\" decoding=\"async\" class=\"size-medium wp-image-216177 alignleft\" src=\"https:\/\/www.radiopiu.net\/wordpress\/wp-content\/uploads\/2021\/06\/LAVORII-300x159.jpg\" alt=\"\" width=\"300\" height=\"159\" srcset=\"https:\/\/www.radiopiu.net\/wordpress\/wp-content\/uploads\/2021\/06\/LAVORII-300x159.jpg 300w, https:\/\/www.radiopiu.net\/wordpress\/wp-content\/uploads\/2021\/06\/LAVORII.jpg 335w\" sizes=\"auto, (max-width: 300px) 100vw, 300px\" \/><\/a><\/strong><\/p>\n<p>&nbsp;<\/p>\n<p><b>GALLERIA \u2018COMELICO\u00a0<\/b>fino al 31 luglio\u00a0 dalle 21 alle\u00a0 6 la galleria sar\u00e0 chiusa al traffico. Per i veicoli pesanti trainanti un rimorchio \u00e8 prevista la deviazione sulla SR 48 \u201cdelle Dolomiti e sulla SP 49 \u201cMisurina\u201d,\u00a0 \u00a0il traffico pesante sar\u00e0 deviato lungo la SP 532 \u201cPasso S. Antonio\u201d. Il traffico leggero\u00a0 sulla SP 532.<\/p>\n<p>&nbsp;<\/p>\n<p><strong>BELLUNO <\/strong>Per consentire l\u2019esecuzione dei lavori di manutenzione degli impianti a servizio della galleria \u2018Termine\u2019 sono previste limitazioni notturne lungo la strada statale 51 \u201cdi Alemagna\u201d.Da luned\u00ec 21 giugno, nella fascia oraria compresa tra le 21:00 e le 6:00 del giorno successivo, sar\u00e0 chiuso al traffico il tratto dal km 53,400 al km 55,950 con deviazione della circolazione sulla ex strada statale 51.La modifica alla circolazione non sar\u00e0 in vigore nei giorni festivi e prefestivi ed \u00e8 prevista fino a venerd\u00ec 2 luglio 2021.<\/p>\n<p><strong>VOLTAGO<\/strong>\u00a0 Fino al 3 luglio, domeniche escluse, per consentire i lavori di esbosco\u00a0 interdizione totale alla circolazione\u00a0 dalle 8 alle 17 lungo la Strada provinciale 26 \u201cdi Digoman\u201d, nei comuni di Rivamonte e Voltago Agordino.\u00a0 Nei periodi non interessati dalle chiusure sar\u00e0 istituto il senso unico alternato regolato da impianto semaforico.<\/p>\n<p><strong>48 DELLE DOLOMITI<\/strong>\u00a0Fino al 16 luglio da Pieve di Livinallongo ad Arabba si potr\u00e0 transitare ma in determinate fasce orarie. Dalle 7 del mattino alle 18 sono infatti previste interruzioni fino a 20 minuti per permettere i lavori di esbosco e realizzazione paramassi. Per tutta la durata dei lavori senso unico alternato nei periodi non interessati delle interruzioni.<\/p>\n<p>&nbsp;<\/p>\n<p>&nbsp;<\/p>\n<hr \/>\n<p>&nbsp;<\/p>\n<p>&nbsp;<\/p>\n<blockquote><p><strong><img loading=\"lazy\" decoding=\"async\" class=\"alignleft\" src=\"https:\/\/www.radiopiu.net\/wordpress\/wp-content\/uploads\/2018\/08\/ACQUA.jpeg\" width=\"212\" height=\"127\" \/>Gestione Servizi Pubblici informa che a GOSALDO in LOCALITA\u2019 VALLASIN,\u00a0 PONGAN, LE FOCHE, LAMBROI, DENEORE, MAGAIT, REN, SELLE, COL TAMAI, BITTI, GIARDOI E PETTUINE l\u2019acqua erogata dall\u2019acquedotto non \u00e8 potabile e pu\u00f2 essere usata per scopi alimentari SOLO PREVIA bollitura.\u00a0<\/strong><\/p><\/blockquote>\n<h3><span style=\"color: #3366ff;\"><strong>AGORDO<\/strong> Gestione Servizi Pubblici informa che, per lavori alla rete idrica comunale, oggi dalle 8 fino a FINE LAVORI potrebbe mancare l&#8217;acqua ad AGORDO, nelle loc. VAL DI FRELA e PROMPICAI. Il personale addetto operer\u00e0 per limitare il pi\u00f9 possibile i disagi alla popolazione.\u00a0<\/span><\/h3>\n<p>&nbsp;<\/p>\n<hr \/>\n<p>&nbsp;<\/p>\n<blockquote>\n<h2><a href=\"https:\/\/www.radiopiu.net\/wordpress\/giornale-radiopiu-16-giugno-2021-direttore-mirko-mezzacasa\/lavori-6\/\" rel=\"attachment wp-att-216175\"><img loading=\"lazy\" decoding=\"async\" class=\"wp-image-216175 alignleft\" src=\"https:\/\/www.radiopiu.net\/wordpress\/wp-content\/uploads\/2021\/06\/LAVORI-1-1.jpg\" alt=\"\" width=\"122\" height=\"122\" srcset=\"https:\/\/www.radiopiu.net\/wordpress\/wp-content\/uploads\/2021\/06\/LAVORI-1-1.jpg 300w, https:\/\/www.radiopiu.net\/wordpress\/wp-content\/uploads\/2021\/06\/LAVORI-1-1-150x150.jpg 150w\" sizes=\"auto, (max-width: 122px) 100vw, 122px\" \/><\/a>CANTIERI A ROCCA PIETORE<\/h2>\n<\/blockquote>\n<p><strong>ROCCA PIETORE<\/strong> Fino al 10 luglio \u00e8 chiuso al transito il ponte sul Ru de Molin tra le localit\u00e0 di Santa Maria delle Grazie e Caracoi. Chiusura dell&#8217;area compresa tra la localit\u00e0 di Aur\u00f9 e l&#8217;intersezione con la strada per Laste Fino al 9 luglio \u00e8 chiuso il tratto di strada in localit\u00e0 Col di Rocca nel tratto tra la Centralina Comunale e il bivio in cui si innesta con la strada provinciale 641 lato Sass Negher. . La viabilit\u00e0 da e per l&#8217;abitato di Col di Rocca \u00e8 comunque garantita da altri due accessi esistenti.<\/p>\n<p>&nbsp;<\/p>\n<p>&nbsp;<\/p>\n<hr \/>\n<p>&nbsp;<\/p>\n<blockquote>\n<h3><strong><a href=\"https:\/\/www.radiopiu.net\/wordpress\/agordo-il-mio-paese-litalia-che-vorrei-di-mirko-mezzacasa\/8cea600a-c88b-4d28-8748-e360e4864c44\/\" rel=\"attachment wp-att-144890\"><img loading=\"lazy\" decoding=\"async\" class=\" wp-image-144890 alignleft\" src=\"https:\/\/www.radiopiu.net\/wordpress\/wp-content\/uploads\/2020\/06\/8cea600a-c88b-4d28-8748-e360e4864c44-300x225.jpg\" alt=\"\" width=\"155\" height=\"116\" srcset=\"https:\/\/www.radiopiu.net\/wordpress\/wp-content\/uploads\/2020\/06\/8cea600a-c88b-4d28-8748-e360e4864c44-300x225.jpg 300w, https:\/\/www.radiopiu.net\/wordpress\/wp-content\/uploads\/2020\/06\/8cea600a-c88b-4d28-8748-e360e4864c44-1024x768.jpg 1024w, https:\/\/www.radiopiu.net\/wordpress\/wp-content\/uploads\/2020\/06\/8cea600a-c88b-4d28-8748-e360e4864c44-768x576.jpg 768w, https:\/\/www.radiopiu.net\/wordpress\/wp-content\/uploads\/2020\/06\/8cea600a-c88b-4d28-8748-e360e4864c44-1536x1152.jpg 1536w, https:\/\/www.radiopiu.net\/wordpress\/wp-content\/uploads\/2020\/06\/8cea600a-c88b-4d28-8748-e360e4864c44.jpg 2048w\" sizes=\"auto, (max-width: 155px) 100vw, 155px\" \/><\/a><\/strong>LAVORI DI RIFACIMENTO DEL PONTE SUL TORRENTE CAMPREGANA<\/h3>\n<\/blockquote>\n<p><strong>AGORDO<\/strong> Fino al 16 luglio, per le frazioni Farenzena e Val di Frela deviazioni per la\u00a0 strada silvo-pastorale Farenzena-Don <em>Transito consentito <strong>A SALIRE<\/strong>, da frazione FARENZENA a localita\u0300 DON: dalle 6 alle 7:45, dalle 9 alle 9:45, dalle 11:00 alle 11:45, dalle 13 alle 13:45 &#8211; dalle 15 alle 15:45, dalle 17 alle 17:45, dalle 19 alle 19:45. Transito consentito<strong> A SCENDERE<\/strong>, da localita\u0300 DON a frazione FARENZENA: dalle 8 alle 8:45, dalle 10 alle 10:45, dalle 12 alle 12:45, dalle 14 alle 14:45, dalle 16 alle 16:45, dalle 18 alle 18:45, dalle 20 alle 20:45. Dalle ore 20:45 alle ore 05:45 la circolazione dei veicoli e\u0300 consentita contemporaneamente in entrambi i sensi di marcia.\u00a0<\/em><\/p>\n<p>&nbsp;<\/p>\n<p>&nbsp;<\/p>\n<hr \/>\n<p>&nbsp;<\/p>\n<blockquote>\n<h3>ESCURSIONISTA SCIVOLA DAGLI SFORNIOI E PERDE LA VITA<\/h3>\n<\/blockquote>\n<p>&nbsp;<\/p>\n<p><strong><a href=\"https:\/\/www.radiopiu.net\/wordpress\/giornale-radiopiu-24-giugno-2021-direttore-mirko-mezzacasa\/204457687_3065384263691841_5279765199209352708_n\/\" rel=\"attachment wp-att-217908\"><img loading=\"lazy\" decoding=\"async\" class=\"size-medium wp-image-217908 alignleft\" src=\"https:\/\/www.radiopiu.net\/wordpress\/wp-content\/uploads\/2021\/06\/204457687_3065384263691841_5279765199209352708_n-225x300.jpg\" alt=\"\" width=\"225\" height=\"300\" srcset=\"https:\/\/www.radiopiu.net\/wordpress\/wp-content\/uploads\/2021\/06\/204457687_3065384263691841_5279765199209352708_n-225x300.jpg 225w, https:\/\/www.radiopiu.net\/wordpress\/wp-content\/uploads\/2021\/06\/204457687_3065384263691841_5279765199209352708_n.jpg 720w\" sizes=\"auto, (max-width: 225px) 100vw, 225px\" \/><\/a>VAL DI ZOLDO<\/strong>\u00a0 Annamaria Nerosi, grande appassionata di montagna come testimoniano le tante foto sui social a margine di ogni escursione, \u00e8 precipitata dalla cresta degli Sfornioi in Val di Zoldo. L&#8217;allarme ieri alle 14 quando\u00a0 la Centrale del 118 \u00e8 stata allertata dai compagni dell&#8217;escursionista. I tre amici si trovavano nelle vicinanze della Cima di Mezzo, quando la donna ha perso l&#8217;equilibrio ed \u00e8 precipitata. Dalle precise indicazioni del luogo dell&#8217;incidente ricevute, l&#8217;elicottero del Suem di Pieve di Cadore ha individuato velocemente il punto in cui si trovavano i due uomini e, abbassatisi sulla verticale, hanno scorto il corpo di\u00a0 Annamaria Nerosi 50 anni, di Erto e Casso (PN), 150 metri pi\u00f9 in basso. Sbarcati con un verricello di 60 metri, i soccorritori hanno allestito un ancoraggio e si sono calati per una trentina di metri. Imbarellata, la salma \u00e8 stata recuperata sempre con il verricello, per essere trasportata a Pontesei e affidata al carro funebre. Presenti il Soccorso alpino della Val di Zoldo e le autorit\u00e0 competenti.<\/p>\n<p><strong>L&#8217;amico, Daniele Taiani<\/strong> <em>&#8221; Ciao Occhiverdi. Hai affrontato alti e bassi della vita con coraggio. Ogni fatto negativo lo hai trasformato in positivo. Ti sei prefissa tanti obiettivi e li hai raggiunti tutti. Il mondo attorno a te era il tuo Mondo, quello che ti sei creata. Lo hai vissuto pienamente, ma troppo poco&#8230;&#8230;&#8230;&#8230;\u00a0Sei stata un grande esempio per tanti di noi, e per questo il tuo ricordo rimarr\u00e0 vivo per molto tempo. Hai conquistato tutte le vette. <\/em><em>Ora sei sulle pi\u00f9 alte. Ciao Annamaria <\/em><strong>LORENZO NICOLA\u00a0 &#8220;<\/strong><em>una persona che partita dalla \u201ccitt\u00e0\u201d ha investito e creduto in una montagna a volte quasi dimenticata,si \u00e8 appassionata ed entusiasmata tra queste cime e questa gente,che siamo noi Montanari,ci ha messo il cuore per fare ci\u00f2 che ha fatto,e ci ha lasciati per quello in cui credeva,l\u2019amore per la montagna..!!! Ciao <a class=\"oajrlxb2 g5ia77u1 qu0x051f esr5mh6w e9989ue4 r7d6kgcz rq0escxv nhd2j8a9 nc684nl6 p7hjln8o kvgmc6g5 cxmmr5t8 oygrvhab hcukyx3x jb3vyjys rz4wbd8a qt6c0cv9 a8nywdso i1ao9s8h esuyzwwr f1sip0of lzcic4wl q66pz984 gpro0wi8 b1v8xokw\" tabindex=\"0\" role=\"link\" href=\"https:\/\/www.facebook.com\/annamaria.nerosi?__cft__[0]=AZWovIsC9T9wyNEqR_4nHxK6oF3yO3oFPn5BhcQqkktSfq1jtSOXKi0wny3isLNWMSfiNw-GgBmhDsVLa-YPytpQpSXEUoEzAQS035m5Ss9Hs33Vw_oSIPwMR3jh0vVINKA&amp;__tn__=-]K-R\"><span class=\"nc684nl6\">Annamaria Nerosi<\/span><\/a>, guardaci da lass\u00f9&#8221;<\/em><\/p>\n<p>&nbsp;<\/p>\n<p>&nbsp;<\/p>\n<p>&nbsp;<\/p>\n<hr \/>\n<blockquote>\n<h2>INCIDENTE SUL LAVORO A CLAUT, GRAVE UN GOSALDINO<\/h2>\n<\/blockquote>\n<p><strong><img loading=\"lazy\" decoding=\"async\" class=\"alignleft\" src=\"https:\/\/www.radiopiu.net\/wordpress\/wp-content\/uploads\/2021\/06\/th-21.jpg\" width=\"149\" height=\"84\" \/>GOSALDO<\/strong>\u00a0 Grave incidente sul lavoro a Claut (Pordenone), Enzo Masoch di Gosaldo 58 anni, professione lattoniere, \u00e8 caduto da un&#8217;impalcatura. Subito soccorso \u00e8 stato elitrasportato in ospedale a Udine in gravissime condizioni. Enzo vive sotto alla Croda Granda da sempre, nel villaggio della Croce Rossa dal 1966 un grande lavoratore e ben voluto nella comunit\u00e0. Enzo ha scelto di fare il lavoro del cognato, per tanti anni ha lavorato da Marcello in California, poi l decisione di lavorare per La Bell di Ponte nelle Alpi. Il fatto \u00e8 successo alla presenza di colleghi e varie persone che a quell&#8217;ora transitavano nella zona, alcuni passanti hanno subito allertato il medico del paese che in quel momento effettuava le visite in ambulatorio. Il dottor Vincenzo Scimonetti \u00e8 accorso sul luogo dell&#8217;infortunio mentre da Cimolais era gi\u00e0 partita l&#8217;ambulanza. Nel frattempo si \u00e8 attivata anche la squadra del soccorso alpino con i carabinieri di Cimolais e i vigili del fuoco di Maniago. Il lattoniere \u00e8 sempre rimasto cosciente pur lamentando forti dolori alla testa e al corpo. Non si esclude un malore, legato forse al caldo.<\/p>\n<p>&nbsp;<\/p>\n<hr \/>\n<blockquote>\n<h3><\/h3>\n<h3>FUSIONE DI COMUNI? IL DIBATTITO E&#8217; APERTO<\/h3>\n<\/blockquote>\n<p><strong><img loading=\"lazy\" decoding=\"async\" class=\"alignleft\" src=\"https:\/\/www.radiopiu.net\/wordpress\/wp-content\/uploads\/2020\/05\/TAIBON-DRONE-scaled.jpg\" width=\"204\" height=\"115\" \/>REDAZIONE<\/strong> Dopo i dati pubblicati ieri sulla fusione dei comuni Radio Pi\u00f9\u00a0 apre al dibattito con l&#8217;intervento dei nostri amministratori<\/p>\n<p><strong>\u00a0 <\/strong><\/p>\n<p><strong>\u00a0<\/strong><\/p>\n<p><strong>\u00a0<\/strong><\/p>\n<p><strong>ROGER DE MENECH, DEPUTATO PD\u00a0<\/strong><\/p>\n<audio class=\"wp-audio-shortcode\" id=\"audio-217647-2\" preload=\"none\" style=\"width: 100%;\" controls=\"controls\"><source type=\"audio\/mpeg\" src=\"https:\/\/www.radiopiu.net\/wordpress\/wp-content\/uploads\/2021\/06\/ROGER-FUSIONE.mp3?_=2\" \/><a href=\"https:\/\/www.radiopiu.net\/wordpress\/wp-content\/uploads\/2021\/06\/ROGER-FUSIONE.mp3\">https:\/\/www.radiopiu.net\/wordpress\/wp-content\/uploads\/2021\/06\/ROGER-FUSIONE.mp3<\/a><\/audio>\n<p>&nbsp;<\/p>\n<p><strong>MIRCO BADOLE, DEPUTATO LEGA NORD\u00a0<\/strong><\/p>\n<audio class=\"wp-audio-shortcode\" id=\"audio-217647-3\" preload=\"none\" style=\"width: 100%;\" controls=\"controls\"><source type=\"audio\/mpeg\" src=\"https:\/\/www.radiopiu.net\/wordpress\/wp-content\/uploads\/2021\/06\/MIRCO-BADOLE-FUSIONE-COMUNI.mp3?_=3\" \/><a href=\"https:\/\/www.radiopiu.net\/wordpress\/wp-content\/uploads\/2021\/06\/MIRCO-BADOLE-FUSIONE-COMUNI.mp3\">https:\/\/www.radiopiu.net\/wordpress\/wp-content\/uploads\/2021\/06\/MIRCO-BADOLE-FUSIONE-COMUNI.mp3<\/a><\/audio>\n<p>&nbsp;<\/p>\n<p><strong>GIANPAOLO BOTTACIN, ASSESSORE REGIONE VENETO\u00a0<\/strong><\/p>\n<audio class=\"wp-audio-shortcode\" id=\"audio-217647-4\" preload=\"none\" style=\"width: 100%;\" controls=\"controls\"><source type=\"audio\/mpeg\" src=\"https:\/\/www.radiopiu.net\/wordpress\/wp-content\/uploads\/2021\/06\/bottacin.mp3?_=4\" \/><a href=\"https:\/\/www.radiopiu.net\/wordpress\/wp-content\/uploads\/2021\/06\/bottacin.mp3\">https:\/\/www.radiopiu.net\/wordpress\/wp-content\/uploads\/2021\/06\/bottacin.mp3<\/a><\/audio>\n<p><strong>\u00a0 <\/strong><\/p>\n<p><strong>DARIO SCOPEL,\u00a0 SINDACO SEREN DEL GRAPPA E CONSIGLIERE PROVINCIALE\u00a0<\/strong><\/p>\n<audio class=\"wp-audio-shortcode\" id=\"audio-217647-5\" preload=\"none\" style=\"width: 100%;\" controls=\"controls\"><source type=\"audio\/mpeg\" src=\"https:\/\/www.radiopiu.net\/wordpress\/wp-content\/uploads\/2021\/06\/scopel.mp3?_=5\" \/><a href=\"https:\/\/www.radiopiu.net\/wordpress\/wp-content\/uploads\/2021\/06\/scopel.mp3\">https:\/\/www.radiopiu.net\/wordpress\/wp-content\/uploads\/2021\/06\/scopel.mp3<\/a><\/audio>\n<p><strong>\u00a0\u00a0<\/strong><\/p>\n<p><strong>STEFANO DA ZANCHE SINDACO DI GOSALDO\u00a0<\/strong><\/p>\n<audio class=\"wp-audio-shortcode\" id=\"audio-217647-6\" preload=\"none\" style=\"width: 100%;\" controls=\"controls\"><source type=\"audio\/mpeg\" src=\"https:\/\/www.radiopiu.net\/wordpress\/wp-content\/uploads\/2021\/06\/STEFANO-DA-ZANCHE.mp3?_=6\" \/><a href=\"https:\/\/www.radiopiu.net\/wordpress\/wp-content\/uploads\/2021\/06\/STEFANO-DA-ZANCHE.mp3\">https:\/\/www.radiopiu.net\/wordpress\/wp-content\/uploads\/2021\/06\/STEFANO-DA-ZANCHE.mp3<\/a><\/audio>\n<p>&nbsp;<\/p>\n<p><strong>MAURO SOPPELSA SINDACO DI CENCENIGHE\u00a0<\/strong><\/p>\n<audio class=\"wp-audio-shortcode\" id=\"audio-217647-7\" preload=\"none\" style=\"width: 100%;\" controls=\"controls\"><source type=\"audio\/mpeg\" src=\"https:\/\/www.radiopiu.net\/wordpress\/wp-content\/uploads\/2021\/06\/MAURO-FUSIONI.mp3?_=7\" \/><a href=\"https:\/\/www.radiopiu.net\/wordpress\/wp-content\/uploads\/2021\/06\/MAURO-FUSIONI.mp3\">https:\/\/www.radiopiu.net\/wordpress\/wp-content\/uploads\/2021\/06\/MAURO-FUSIONI.mp3<\/a><\/audio>\n<p><strong>\u00a0<\/strong><\/p>\n<p><strong>DANILO DE TONI, SINDACO DI ALLEGHE\u00a0<\/strong><\/p>\n<audio class=\"wp-audio-shortcode\" id=\"audio-217647-8\" preload=\"none\" style=\"width: 100%;\" controls=\"controls\"><source type=\"audio\/mpeg\" src=\"https:\/\/www.radiopiu.net\/wordpress\/wp-content\/uploads\/2021\/06\/DANILO-FUSIONE-1.mp3?_=8\" \/><a href=\"https:\/\/www.radiopiu.net\/wordpress\/wp-content\/uploads\/2021\/06\/DANILO-FUSIONE-1.mp3\">https:\/\/www.radiopiu.net\/wordpress\/wp-content\/uploads\/2021\/06\/DANILO-FUSIONE-1.mp3<\/a><\/audio>\n<p>\u200b<\/p>\n<p><strong>ANDREA DE BERNARDIN, SINDACO DI ROCCA PIETORE<\/strong><\/p>\n<audio class=\"wp-audio-shortcode\" id=\"audio-217647-9\" preload=\"none\" style=\"width: 100%;\" controls=\"controls\"><source type=\"audio\/mpeg\" src=\"https:\/\/www.radiopiu.net\/wordpress\/wp-content\/uploads\/2021\/06\/DE-BERNARDIN-FUSIONE-COMUNI.mp3?_=9\" \/><a href=\"https:\/\/www.radiopiu.net\/wordpress\/wp-content\/uploads\/2021\/06\/DE-BERNARDIN-FUSIONE-COMUNI.mp3\">https:\/\/www.radiopiu.net\/wordpress\/wp-content\/uploads\/2021\/06\/DE-BERNARDIN-FUSIONE-COMUNI.mp3<\/a><\/audio>\n<p>&nbsp;<\/p>\n<p><strong>LEANDRO GRONES, SINDACO DI LIVINALLONGO DEL COL DI LANA\u00a0<\/strong><\/p>\n<audio class=\"wp-audio-shortcode\" id=\"audio-217647-10\" preload=\"none\" style=\"width: 100%;\" controls=\"controls\"><source type=\"audio\/mpeg\" src=\"https:\/\/www.radiopiu.net\/wordpress\/wp-content\/uploads\/2021\/06\/LEANDRO.mp3?_=10\" \/><a href=\"https:\/\/www.radiopiu.net\/wordpress\/wp-content\/uploads\/2021\/06\/LEANDRO.mp3\">https:\/\/www.radiopiu.net\/wordpress\/wp-content\/uploads\/2021\/06\/LEANDRO.mp3<\/a><\/audio>\n<p><strong>\u00a0<\/strong><\/p>\n<p><strong>MORENO DE VAL, SINDACO DI SANT TOMASO\u00a0\u00a0<\/strong><\/p>\n<audio class=\"wp-audio-shortcode\" id=\"audio-217647-11\" preload=\"none\" style=\"width: 100%;\" controls=\"controls\"><source type=\"audio\/mpeg\" src=\"https:\/\/www.radiopiu.net\/wordpress\/wp-content\/uploads\/2021\/06\/MORENO-FUSIONE.mp3?_=11\" \/><a href=\"https:\/\/www.radiopiu.net\/wordpress\/wp-content\/uploads\/2021\/06\/MORENO-FUSIONE.mp3\">https:\/\/www.radiopiu.net\/wordpress\/wp-content\/uploads\/2021\/06\/MORENO-FUSIONE.mp3<\/a><\/audio>\n<p><strong>\u00a0<\/strong><\/p>\n<p>&nbsp;<\/p>\n<hr \/>\n<p>&nbsp;<\/p>\n<blockquote>\n<h3>ACC MEL: L&#8217;OPINIONE DI STEFANO BONA, FIOM CIGL<\/h3>\n<\/blockquote>\n<p><strong><a href=\"https:\/\/www.radiopiu.net\/wordpress\/acc-mel-lopinione-di-stefano-bona-fiom-cigl\/acc-mel-2\/\" rel=\"attachment wp-att-217731\"><img loading=\"lazy\" decoding=\"async\" class=\"size-medium wp-image-217731 alignleft\" src=\"https:\/\/www.radiopiu.net\/wordpress\/wp-content\/uploads\/2021\/06\/ACC-MEL-300x171.png\" alt=\"\" width=\"300\" height=\"171\" srcset=\"https:\/\/www.radiopiu.net\/wordpress\/wp-content\/uploads\/2021\/06\/ACC-MEL-300x171.png 300w, https:\/\/www.radiopiu.net\/wordpress\/wp-content\/uploads\/2021\/06\/ACC-MEL-1024x585.png 1024w, https:\/\/www.radiopiu.net\/wordpress\/wp-content\/uploads\/2021\/06\/ACC-MEL-768x439.png 768w, https:\/\/www.radiopiu.net\/wordpress\/wp-content\/uploads\/2021\/06\/ACC-MEL.png 1376w\" sizes=\"auto, (max-width: 300px) 100vw, 300px\" \/><\/a>BORGO VALBELLUNA<\/strong> Ora bisogna mantenere le promesse, questo chiede Stefano Bona della FIOM CGIL<\/p>\n<blockquote><p><em>Contro ogni possibile previsione, la straordinaria resistenza della Acc di Mel, a conferma che la fabbrica ha dimostrato sul campo che si merita di essere sostenuta, la produzione continuer\u00e0, se pur ridotta, anche nei mesi di luglio e Agosto e presumibilmente Settembre. Niente di pi\u00f9 lontano dall&#8217;assistenza e dall&#8217;aiuto pubblico, il DM attuativo art.37 sar\u00e0 solo la ratifica di quanto il mercato ha gi\u00e0 riconosciuto. MiSE e governo ora tengano fede agli impegni presi e dicano QUANDO e COME arriveranno i finanziamenti promessi!<\/em><\/p>\n<p>&nbsp;<\/p><\/blockquote>\n<p>&nbsp;<\/p>\n<hr \/>\n<p>&nbsp;<\/p>\n<blockquote>\n<h3>ACC: ZUGLIAN E LOVISOTTO (FIM CISL) &#8221; IL GOVERNO FACCIA SENTIRE LA SUA VOCE, SERVE CHIAREZZA E SERIETA&#8217; NELLA VERTENZA&#8221;<\/h3>\n<\/blockquote>\n<p><strong><a href=\"https:\/\/www.radiopiu.net\/wordpress\/il-ritorno-al-lavoro-dei-licenzati-dai-cinesi\/acc-mel\/\" rel=\"attachment wp-att-145345\"><img loading=\"lazy\" decoding=\"async\" class=\"size-medium wp-image-145345 alignleft\" src=\"https:\/\/www.radiopiu.net\/wordpress\/wp-content\/uploads\/2020\/06\/ACC-MEL-300x300.png\" alt=\"\" width=\"300\" height=\"300\" srcset=\"https:\/\/www.radiopiu.net\/wordpress\/wp-content\/uploads\/2020\/06\/ACC-MEL-300x300.png 300w, https:\/\/www.radiopiu.net\/wordpress\/wp-content\/uploads\/2020\/06\/ACC-MEL-150x150.png 150w, https:\/\/www.radiopiu.net\/wordpress\/wp-content\/uploads\/2020\/06\/ACC-MEL-768x768.png 768w, https:\/\/www.radiopiu.net\/wordpress\/wp-content\/uploads\/2020\/06\/ACC-MEL.png 796w\" sizes=\"auto, (max-width: 300px) 100vw, 300px\" \/><\/a>BORGO VALBELLUNA<\/strong> La FIM CISL vuole chiarezza su ACC. A chiderla Mauro Zulian e Alessio Lovisotto rispettivamente RSU e Segretario Generale della FIM Belluno-Treviso<\/p>\n<blockquote>\n<div align=\"left\"><em><span style=\"color: #000000; font-family: Helvetica;\">Nel mese di luglio si raccoglier\u00e0 il lavoro fatto in queste settimane dal presidente Zaia e dall\u2019assessore Donazzan nei confronti di clienti e fornitori. Risultato concreto che ha consentito di recuperare la finanza necessaria per alimentare le linee produttive. I volumi importanti soddisfano in parte il fabbisogno dei maggiori clienti e, con il disappunto di alcuni, garantiscono la continuit\u00e0 aziendale per i mesi a venire. <\/span><span style=\"color: #000000; font-family: Helvetica;\">Tuttavia le risorse ottenute non consentono di recuperare il materiale necessario per una piena saturazione degli impianti, come le copiose commesse richiederebbero. \u00c8 necessario dunque calmierare la produzione con alcune giornate di Cassa integrazione straordinaria, sulla quale la Fim Cisl ha gi\u00e0 manifestato alcune preoccupazioni, in particolare il fatto che il tempo necessario per l&#8217;autorizzazione ministeriale potrebbe lasciare i dipendenti senza integrazione economica per un lungo periodo <\/span><span style=\"color: #000000; font-family: Helvetica;\">\u00a0<\/span><span style=\"color: #000000; font-family: Helvetica;\">Quali sono le giuste soluzioni? Quali sono le decisioni corrette? Rispetto a quali fini e a quali progetti?. L&#8217;azienda oggi si regge esclusivamente sulla volont\u00e0 dei lavoratori di tenere aperto: senza nessun orizzonte, senza nessuna prospettiva per il futuro. Prima che la strada percorsa si trasformi in un vicolo cieco e la dedizione dei dipendenti in rabbia \u00e8 utile che il Governo faccia sentire la sua voce ricordando che ACC non molla n\u00e8 ora ne domani<\/span><\/em><\/div>\n<\/blockquote>\n<div align=\"left\"><\/div>\n<div align=\"left\"><\/div>\n<div align=\"left\"><\/div>\n<div align=\"left\"><\/div>\n<div align=\"left\">\n<hr \/>\n<\/div>\n<div align=\"left\"><\/div>\n<div align=\"left\"><\/div>\n<blockquote>\n<h2 align=\"left\">REDDITI NON DICHIARATI PER 4 MILIONI, NEL BILANCIO DELLA GDF NEL 247\u00b0 ANNIVERSARIO<\/h2>\n<\/blockquote>\n<div align=\"left\">\n<p><a href=\"https:\/\/www.radiopiu.net\/wordpress\/redditi-non-dichiarati-per-4-milioni-nel-bilancio-della-gdf-nel-247-anniversario\/pattuglia_femminile_doppia\/\" rel=\"attachment wp-att-217804\"><img loading=\"lazy\" decoding=\"async\" class=\"size-medium wp-image-217804 alignleft\" src=\"https:\/\/www.radiopiu.net\/wordpress\/wp-content\/uploads\/2021\/06\/Pattuglia_Femminile_Doppia-300x199.jpg\" alt=\"\" width=\"300\" height=\"199\" srcset=\"https:\/\/www.radiopiu.net\/wordpress\/wp-content\/uploads\/2021\/06\/Pattuglia_Femminile_Doppia-300x199.jpg 300w, https:\/\/www.radiopiu.net\/wordpress\/wp-content\/uploads\/2021\/06\/Pattuglia_Femminile_Doppia-1024x680.jpg 1024w, https:\/\/www.radiopiu.net\/wordpress\/wp-content\/uploads\/2021\/06\/Pattuglia_Femminile_Doppia-768x510.jpg 768w, https:\/\/www.radiopiu.net\/wordpress\/wp-content\/uploads\/2021\/06\/Pattuglia_Femminile_Doppia-1536x1020.jpg 1536w, https:\/\/www.radiopiu.net\/wordpress\/wp-content\/uploads\/2021\/06\/Pattuglia_Femminile_Doppia-2048x1360.jpg 2048w\" sizes=\"auto, (max-width: 300px) 100vw, 300px\" \/><\/a><strong>BELLUNO\u00a0<\/strong> Al Comando Provinciale di via Mezzaterra stamane celebrazione per il 247\u00b0 anniversario della Guardia di Finanza. La ricorrenza\u00a0 \u00e8 anche l\u2019occasione per tracciare il bilancio dell\u2019attivit\u00e0 svolta dalle Fiamme Gialle bellunesi sul territorio nel 2020: 49 piani Operativi, diretti all\u2019aggressione delle pi\u00f9 dannose e pericolose manifestazioni di illegalit\u00e0 economico-finanziaria.<\/p>\n<p><strong>LOTTA ALL\u2019EVASIONE, ALL\u2019ELUSIONE ED ALLE FRODI FISCALI\u00a0 <\/strong>Ben\u00a054\u00a0verifiche e controlli fiscali, scoperti redditi non dichiarati per\u00a0 oltre 4 milioni di euro \u00a0ed un\u2019 imposta iva evasa\u00a0 per quasi 800mila euro.\u00a0 Sono stati denunciati 8 evasori totali, \u00a05 persone in relazione a reati fiscali.\u00a0 Sottoposti a sequestro preventivo\u00a0beni immobili e mobili nonch\u00e9 disponibilit\u00e0 finanziarie presso istituti di credito per un valore totale di \u00a0569mila euro.\u00a0 Sono stati recuperati a tassazione oltre 2 milioni di euro riconducibili ad attivit\u00e0 fraudolente perpetrate da due soggetti economici operanti, rispettivamente, nel settore \u2018alberghiero\u2019 e del \u2018movimento terra\u2019.\u00a0 Individuati 29 lavoratori \u201cin nero\u201d o \u201cirregolari\u201d, dei quali 9 stranieri, con la responsabilit\u00e0 di 6 datori di lavoro.<\/p>\n<p><strong>CONTRASTO AGLI ILLECITI NEL SETTORE DELLA TUTELA DELLA SPESA PUBBLICA <\/strong>Sono stati effettuati 20 controlli a seguito dell&#8217;\u2019erogazione di prestazioni sociali agevolate, dei quali 10 per il reddito di cittadinanza, con percentuali di irregolarit\u00e0 pari al 20% dei casi, e 9 controlli per l\u2019esenzione del <em>ticket <\/em>sanitario, con percentuali di irregolarit\u00e0 pari al 11% dei casi.<\/p>\n<p><strong><a href=\"https:\/\/www.radiopiu.net\/wordpress\/redditi-non-dichiarati-per-4-milioni-nel-bilancio-della-gdf-nel-247-anniversario\/pattuglia_maschile_doppia_montagna\/\" rel=\"attachment wp-att-217803\"><img loading=\"lazy\" decoding=\"async\" class=\"size-medium wp-image-217803 alignright\" src=\"https:\/\/www.radiopiu.net\/wordpress\/wp-content\/uploads\/2021\/06\/Pattuglia_Maschile_Doppia_Montagna-300x169.jpg\" alt=\"\" width=\"300\" height=\"169\" srcset=\"https:\/\/www.radiopiu.net\/wordpress\/wp-content\/uploads\/2021\/06\/Pattuglia_Maschile_Doppia_Montagna-300x169.jpg 300w, https:\/\/www.radiopiu.net\/wordpress\/wp-content\/uploads\/2021\/06\/Pattuglia_Maschile_Doppia_Montagna-1024x576.jpg 1024w, https:\/\/www.radiopiu.net\/wordpress\/wp-content\/uploads\/2021\/06\/Pattuglia_Maschile_Doppia_Montagna-768x432.jpg 768w, https:\/\/www.radiopiu.net\/wordpress\/wp-content\/uploads\/2021\/06\/Pattuglia_Maschile_Doppia_Montagna-1536x864.jpg 1536w, https:\/\/www.radiopiu.net\/wordpress\/wp-content\/uploads\/2021\/06\/Pattuglia_Maschile_Doppia_Montagna.jpg 1599w\" sizes=\"auto, (max-width: 300px) 100vw, 300px\" \/><\/a>CONTRASTO ALLA CRIMINALITA\u2019 ORGANIZZATA ED ECONOMICO-FINANZIARIA <\/strong>Sono state 22\u00a0 le \u00a0operazioni culminate con il sequestro di \u00a071.555 prodotti contraffatti o non conformi alla disciplina sulla tutela del \u201cmade in Italy\u201d o sulla sicurezza, due le persone sanzionate. In tale contesto, \u00e8 emerso il profondo impegno profuso dalle Fiamme Gialle nel contrasto all\u2019illecita commercializzazione di Dispositivi di Protezione Individuale (D.P.I.) risultati non idonei alla vendita, dirigendo tempestivamente il <em>focus<\/em> operativo verso lo specifico ambito sanitario, sottoponendo a sequestro oltre 69mila mascherine, per un controvalore di 102mila euro<\/p>\n<p><strong>CONTROLLO DEL TERRIT<a href=\"https:\/\/www.radiopiu.net\/wordpress\/redditi-non-dichiarati-per-4-milioni-nel-bilancio-della-gdf-nel-247-anniversario\/ucad_sagf\/\" rel=\"attachment wp-att-217802\"><img loading=\"lazy\" decoding=\"async\" class=\"size-medium wp-image-217802 alignleft\" src=\"https:\/\/www.radiopiu.net\/wordpress\/wp-content\/uploads\/2021\/06\/UCAD_SAGF-225x300.jpg\" alt=\"\" width=\"225\" height=\"300\" srcset=\"https:\/\/www.radiopiu.net\/wordpress\/wp-content\/uploads\/2021\/06\/UCAD_SAGF-225x300.jpg 225w, https:\/\/www.radiopiu.net\/wordpress\/wp-content\/uploads\/2021\/06\/UCAD_SAGF.jpg 768w\" sizes=\"auto, (max-width: 225px) 100vw, 225px\" \/><\/a>ORIO E CONTRASTO AI TRAFFICI ILLECITI<u>\u00a0<\/u><\/strong>Sono stati condotti 250 interventi, in particolare in materia di controlli sulla regolare emissione dello scontrino fiscale (113), di trasporto merci su strada (119, di cui 37 nel settore della circolazione dei prodotti sottoposti ad accise), nonch\u00e9 in materia di indici di capacit\u00e0 contributiva (12), cio\u00e8 controlli su strada ai possessori di autovetture di lusso, per poi verificare che questi dichiarino redditi congrui al tenore di vita; \u00a06 gli interventi nelle sale giochi e centri di scommesse.<\/p>\n<p><strong>LE OPERAZIONI DI SOCCORSO E <\/strong><strong>IL CONCORSO NEI SERVIZI DI ORDINE E SICUREZZA PUBBLICA <\/strong>Le Stazioni di Soccorso Alpino della Guardia di Finanza (S.A.G.F.) di Auronzo di Cadore e di Cortina d\u2019Ampezzo durante le passate stagioni invernale ed estiva hanno effettuato <strong>oltre<\/strong> <strong>170 interventi<\/strong>, <strong>prestando soccorso<\/strong>\u00a0 in collaborazione con il Soccorso Alpino a <strong>166 persone<\/strong>, di cui 89 escursionisti, 69 di nazionalit\u00e0 italiana e 20 di nazionalit\u00e0 straniera, e 77 sciatori nel corso della preziosa attivit\u00e0 di vigilanza e soccorso presso i principali tracciati sciistici del comprensorio ampezzano. Le Fiamme Gialle bellunesi hanno fornito un prezioso contributo nella vigilanza e nella verifica del corretto adempimento delle misure di contenimento dell\u2019emergenza sanitaria, svolgendo oltre 400 controlli.<\/p>\n<\/div>\n<div align=\"left\"><\/div>\n<div align=\"left\"><\/div>\n<div align=\"left\"><\/div>\n<div align=\"left\"><\/div>\n<blockquote>\n<div align=\"left\"><\/div>\n<\/blockquote>\n<div align=\"left\"><\/div>\n<div align=\"left\">\n<hr \/>\n<\/div>\n<div align=\"left\"><\/div>\n<blockquote>\n<h3 align=\"left\">AUTOVELOX DI BRENTA, GRONES &#8220;SONO IN CORSO GLI APPROFONDIMENTI&#8221;<\/h3>\n<\/blockquote>\n<div align=\"left\">\n<blockquote>\n<blockquote><p><em><a href=\"https:\/\/www.radiopiu.net\/wordpress\/elezioni-comunali-2019-livinallongo-del-col-di-lana\/livinallongo-leandro-grones\/\" rel=\"attachment wp-att-86470\"><img loading=\"lazy\" decoding=\"async\" class=\"wp-image-86470 alignright\" src=\"https:\/\/www.radiopiu.net\/wordpress\/wp-content\/uploads\/2019\/05\/LIVINALLONGO-LEANDRO-GRONES-214x300.jpg\" alt=\"\" width=\"98\" height=\"137\" srcset=\"https:\/\/www.radiopiu.net\/wordpress\/wp-content\/uploads\/2019\/05\/LIVINALLONGO-LEANDRO-GRONES-214x300.jpg 214w, https:\/\/www.radiopiu.net\/wordpress\/wp-content\/uploads\/2019\/05\/LIVINALLONGO-LEANDRO-GRONES.jpg 548w\" sizes=\"auto, (max-width: 98px) 100vw, 98px\" \/><\/a>Il giudice ha rilevato che nei verbali c&#8217;erano discordanze, addirittura in qualche caso nel verbale non \u00e8 stata riportata in maniera dettagliata l&#8217;indicazione della localit\u00e0 e della progressiva chilometrica. Fatto da chiarire con la Sd Service di Rovigo che gestisce l&#8217;autovelox.\u00a0<\/em><\/p><\/blockquote>\n<\/blockquote>\n<p>&nbsp;<\/p>\n<p><strong>IL SINDACO DI LIVINALLONGO LEANDRO GRONES\u00a0<\/strong><\/p>\n<audio class=\"wp-audio-shortcode\" id=\"audio-217647-12\" preload=\"none\" style=\"width: 100%;\" controls=\"controls\"><source type=\"audio\/mpeg\" src=\"https:\/\/www.radiopiu.net\/wordpress\/wp-content\/uploads\/2021\/06\/LEANDRO-AUTO.mp3?_=12\" \/><a href=\"https:\/\/www.radiopiu.net\/wordpress\/wp-content\/uploads\/2021\/06\/LEANDRO-AUTO.mp3\">https:\/\/www.radiopiu.net\/wordpress\/wp-content\/uploads\/2021\/06\/LEANDRO-AUTO.mp3<\/a><\/audio>\n<p>&nbsp;<\/p>\n<h2><span style=\"color: #ff0000;\">IERI ALLA RADIO\u00a0<\/span><\/h2>\n<blockquote><p><strong><a href=\"https:\/\/www.radiopiu.net\/wordpress\/giornale-radiopiu-23-giugno-2021-direttore-mirko-mezzacasa\/th-147\/\" rel=\"attachment wp-att-217651\"><img loading=\"lazy\" decoding=\"async\" class=\" wp-image-217651 alignleft\" src=\"https:\/\/www.radiopiu.net\/wordpress\/wp-content\/uploads\/2021\/06\/th-20.jpg\" alt=\"\" width=\"212\" height=\"182\" \/><\/a>LIVINALLONGO<\/strong> Il Giudice di Pace di Belluno ha depennato quattro sanzioni che il Comune di Livinallongo non incasser\u00e0, le prossime volte ci vorr\u00e0 pi\u00f9 attenzione nella compilazione dei verbali per il giudice incompleti. Saranno gli unici casi o a catena gli automobilisti seguiranno la stessa procedura legale? Il Comune \u00e8\u00a0 stato costretto a riconoscere un debito fuori bilancio per le spese processuali a suo carico. La vicenda \u00e8 stata resa nota dalla minoranza, grazie all&#8217;interrogazione presentata in consiglio comunale dove si \u00e8 sviluppato il dibattito.<em> &#8220;Ci risulta &#8211; hanno rimarcato\u00a0 i consiglieri\u00a0 Daniela Templari, Claudio Sorarui e Silvia De Dorigo Delmonego\u00a0 che molti automobilisti cui era stata comminata una multa per la trasgressione del limite di velocit\u00e0 a Brenta abbiano avanzato opposizione contro le sanzioni. Per quale motivo la multa \u00e8 stata annullata? Come mai il rilevatore non rispetta le normative di legge vigenti? Come intende comportarsi l&#8217;amministrazione nei confronti dei residenti e non che sono stati ingiustamente sanzionati e con diligenza hanno pagato le cifre richieste? Fatto grave, tra l&#8217;altro, che ci\u00f2 ha comportato anche la decurtazione dei tanto preziosi punti della patente.<\/em><\/p><\/blockquote>\n<\/div>\n<div align=\"left\"><\/div>\n<div align=\"left\"><\/div>\n<div align=\"left\">\n<hr \/>\n<\/div>\n<div align=\"left\"><\/div>\n<div align=\"left\"><\/div>\n<blockquote>\n<h2 align=\"left\">LA DOLOMITIBUS NON RISPONDE, IL CONSIGLIERE COMUNALE CESARE BON CITA AD ESEMPIO TRENTINO TRASPORTI<\/h2>\n\n\t\t\t<style type='text\/css'>\n\t\t\t\t#gallery-3 {\n\t\t\t\t\tmargin: auto;\n\t\t\t\t}\n\t\t\t\t#gallery-3 .gallery-item {\n\t\t\t\t\tfloat: left;\n\t\t\t\t\tmargin-top: 10px;\n\t\t\t\t\ttext-align: center;\n\t\t\t\t\twidth: 50%;\n\t\t\t\t}\n\t\t\t\t#gallery-3 img {\n\t\t\t\t\tborder: 2px solid #cfcfcf;\n\t\t\t\t}\n\t\t\t\t#gallery-3 .gallery-caption {\n\t\t\t\t\tmargin-left: 0;\n\t\t\t\t}\n\t\t\t\t\/* see gallery_shortcode() in wp-includes\/media.php *\/\n\t\t\t<\/style>\n\t\t<div id='gallery-3' class='dt-gallery-container gallery galleryid-217647 gallery-columns-2 gallery-size-medium'><dl class='gallery-item'>\n\t\t\t\t<dt class='gallery-icon landscape'>\n\t\t\t\t\t<a class=\"rollover rollover-zoom dt-pswp-item\" title=\"Mappa-linea-Passo-S.Pellegrino-2_page-0001-768x543\" data-dt-img-description=\"\" data-large_image_width=\"768\" data-large_image_height=\"543\"href='https:\/\/www.radiopiu.net\/wordpress\/wp-content\/uploads\/2021\/06\/Mappa-linea-Passo-S.Pellegrino-2_page-0001-768x543-1.jpg'><img loading=\"lazy\" decoding=\"async\" width=\"300\" height=\"212\" src=\"https:\/\/www.radiopiu.net\/wordpress\/wp-content\/uploads\/2021\/06\/Mappa-linea-Passo-S.Pellegrino-2_page-0001-768x543-1-300x212.jpg\" class=\"attachment-medium size-medium\" alt=\"\" srcset=\"https:\/\/www.radiopiu.net\/wordpress\/wp-content\/uploads\/2021\/06\/Mappa-linea-Passo-S.Pellegrino-2_page-0001-768x543-1-300x212.jpg 300w, https:\/\/www.radiopiu.net\/wordpress\/wp-content\/uploads\/2021\/06\/Mappa-linea-Passo-S.Pellegrino-2_page-0001-768x543-1.jpg 768w\" sizes=\"auto, (max-width: 300px) 100vw, 300px\" \/><\/a>\n\t\t\t\t<\/dt><\/dl><dl class='gallery-item'>\n\t\t\t\t<dt class='gallery-icon landscape'>\n\t\t\t\t\t<a class=\"rollover rollover-zoom dt-pswp-item\" title=\"mappa-linea-valles-intero-2_page-0001-300x212\" data-dt-img-description=\"\" data-large_image_width=\"300\" data-large_image_height=\"212\"href='https:\/\/www.radiopiu.net\/wordpress\/wp-content\/uploads\/2021\/06\/mappa-linea-valles-intero-2_page-0001-300x212-1.jpg'><img loading=\"lazy\" decoding=\"async\" width=\"300\" height=\"212\" src=\"https:\/\/www.radiopiu.net\/wordpress\/wp-content\/uploads\/2021\/06\/mappa-linea-valles-intero-2_page-0001-300x212-1.jpg\" class=\"attachment-medium size-medium\" alt=\"\" \/><\/a>\n\t\t\t\t<\/dt><\/dl><br style=\"clear: both\" \/>\n\t\t\t<\/div>\n<\/blockquote>\n<div align=\"left\"><\/div>\n<div align=\"left\"><strong>\u00a0FALCADE<\/strong><\/div>\n<div align=\"left\"><\/div>\n<div align=\"left\"><strong>di GIANNI SANTOMASO\u00a0\u00a0<\/strong><\/div>\n<div align=\"left\"><\/div>\n<div align=\"left\">\n<audio class=\"wp-audio-shortcode\" id=\"audio-217647-13\" preload=\"none\" style=\"width: 100%;\" controls=\"controls\"><source type=\"audio\/mpeg\" src=\"https:\/\/www.radiopiu.net\/wordpress\/wp-content\/uploads\/2021\/06\/gianni-bon.mp3?_=13\" \/><a href=\"https:\/\/www.radiopiu.net\/wordpress\/wp-content\/uploads\/2021\/06\/gianni-bon.mp3\">https:\/\/www.radiopiu.net\/wordpress\/wp-content\/uploads\/2021\/06\/gianni-bon.mp3<\/a><\/audio>\n<\/div>\n<div align=\"left\"><\/div>\n<div align=\"left\"><\/div>\n<div align=\"left\">\n<hr \/>\n<\/div>\n<blockquote>\n<h2 align=\"left\"><\/h2>\n<h2 align=\"left\">LAMBIOI, LA SPIAGGIA DEL BELLUNESE &#8220;TUTTO COME PRIMA&#8230;O QUASI&#8221;<\/h2>\n<\/blockquote>\n<div align=\"left\">\n<p>&nbsp;<\/p>\n<p><strong>BELLUNO<\/strong><\/p>\n<p><strong>di MORENO GIOLI<\/strong><\/p>\n<audio class=\"wp-audio-shortcode\" id=\"audio-217647-14\" preload=\"none\" style=\"width: 100%;\" controls=\"controls\"><source type=\"audio\/mpeg\" src=\"https:\/\/www.radiopiu.net\/wordpress\/wp-content\/uploads\/2021\/06\/MORENO-BEACH.mp3?_=14\" \/><a href=\"https:\/\/www.radiopiu.net\/wordpress\/wp-content\/uploads\/2021\/06\/MORENO-BEACH.mp3\">https:\/\/www.radiopiu.net\/wordpress\/wp-content\/uploads\/2021\/06\/MORENO-BEACH.mp3<\/a><\/audio>\n<p>&nbsp;<\/p>\n\n\t\t\t<style type='text\/css'>\n\t\t\t\t#gallery-4 {\n\t\t\t\t\tmargin: auto;\n\t\t\t\t}\n\t\t\t\t#gallery-4 .gallery-item {\n\t\t\t\t\tfloat: left;\n\t\t\t\t\tmargin-top: 10px;\n\t\t\t\t\ttext-align: center;\n\t\t\t\t\twidth: 33%;\n\t\t\t\t}\n\t\t\t\t#gallery-4 img {\n\t\t\t\t\tborder: 2px solid #cfcfcf;\n\t\t\t\t}\n\t\t\t\t#gallery-4 .gallery-caption {\n\t\t\t\t\tmargin-left: 0;\n\t\t\t\t}\n\t\t\t\t\/* see gallery_shortcode() in wp-includes\/media.php *\/\n\t\t\t<\/style>\n\t\t<div id='gallery-4' class='dt-gallery-container gallery galleryid-217647 gallery-columns-3 gallery-size-thumbnail'><dl class='gallery-item'>\n\t\t\t\t<dt class='gallery-icon landscape'>\n\t\t\t\t\t<a class=\"rollover rollover-zoom dt-pswp-item\" title=\"Conf stampa Parco Lambioi 2021 (3)\" data-dt-img-description=\"\" data-large_image_width=\"2560\" data-large_image_height=\"1707\"href='https:\/\/www.radiopiu.net\/wordpress\/wp-content\/uploads\/2021\/06\/Conf-stampa-Parco-Lambioi-2021-3-scaled.jpg'><img loading=\"lazy\" decoding=\"async\" width=\"150\" height=\"150\" src=\"https:\/\/www.radiopiu.net\/wordpress\/wp-content\/uploads\/2021\/06\/Conf-stampa-Parco-Lambioi-2021-3-150x150.jpg\" class=\"attachment-thumbnail size-thumbnail\" alt=\"\" \/><\/a>\n\t\t\t\t<\/dt><\/dl><dl class='gallery-item'>\n\t\t\t\t<dt class='gallery-icon landscape'>\n\t\t\t\t\t<a class=\"rollover rollover-zoom dt-pswp-item\" title=\"Conf stampa Parco Lambioi 2021 (2)\" data-dt-img-description=\"\" data-large_image_width=\"2560\" data-large_image_height=\"1707\"href='https:\/\/www.radiopiu.net\/wordpress\/wp-content\/uploads\/2021\/06\/Conf-stampa-Parco-Lambioi-2021-2-scaled.jpg'><img loading=\"lazy\" decoding=\"async\" width=\"150\" height=\"150\" src=\"https:\/\/www.radiopiu.net\/wordpress\/wp-content\/uploads\/2021\/06\/Conf-stampa-Parco-Lambioi-2021-2-150x150.jpg\" class=\"attachment-thumbnail size-thumbnail\" alt=\"\" \/><\/a>\n\t\t\t\t<\/dt><\/dl><dl class='gallery-item'>\n\t\t\t\t<dt class='gallery-icon landscape'>\n\t\t\t\t\t<a class=\"rollover rollover-zoom dt-pswp-item\" title=\"Conf stampa Parco Lambioi 2021 (6)\" data-dt-img-description=\"\" data-large_image_width=\"2560\" data-large_image_height=\"1707\"href='https:\/\/www.radiopiu.net\/wordpress\/wp-content\/uploads\/2021\/06\/Conf-stampa-Parco-Lambioi-2021-6-scaled.jpg'><img loading=\"lazy\" decoding=\"async\" width=\"150\" height=\"150\" src=\"https:\/\/www.radiopiu.net\/wordpress\/wp-content\/uploads\/2021\/06\/Conf-stampa-Parco-Lambioi-2021-6-150x150.jpg\" class=\"attachment-thumbnail size-thumbnail\" alt=\"\" \/><\/a>\n\t\t\t\t<\/dt><\/dl><br style=\"clear: both\" \/>\n\t\t\t<\/div>\n\n<p>&nbsp;<\/p>\n<p><strong>IL SINDACO DI BELLUNO JACOPO MASSARO<\/strong><\/p>\n<audio class=\"wp-audio-shortcode\" id=\"audio-217647-15\" preload=\"none\" style=\"width: 100%;\" controls=\"controls\"><source type=\"audio\/mpeg\" src=\"https:\/\/www.radiopiu.net\/wordpress\/wp-content\/uploads\/2021\/06\/Jacopo-Massaro-Riapertura-Parco-Lambioi.mp3?_=15\" \/><a href=\"https:\/\/www.radiopiu.net\/wordpress\/wp-content\/uploads\/2021\/06\/Jacopo-Massaro-Riapertura-Parco-Lambioi.mp3\">https:\/\/www.radiopiu.net\/wordpress\/wp-content\/uploads\/2021\/06\/Jacopo-Massaro-Riapertura-Parco-Lambioi.mp3<\/a><\/audio>\n<p>&nbsp;<\/p>\n<p><strong>L&#8217;ASSESSORE MARCO BOGO<\/strong><\/p>\n<audio class=\"wp-audio-shortcode\" id=\"audio-217647-16\" preload=\"none\" style=\"width: 100%;\" controls=\"controls\"><source type=\"audio\/mpeg\" src=\"https:\/\/www.radiopiu.net\/wordpress\/wp-content\/uploads\/2021\/06\/Marco-Bogo-Ass-sport-Riapertura-Parco-Lambioi.mp3?_=16\" \/><a href=\"https:\/\/www.radiopiu.net\/wordpress\/wp-content\/uploads\/2021\/06\/Marco-Bogo-Ass-sport-Riapertura-Parco-Lambioi.mp3\">https:\/\/www.radiopiu.net\/wordpress\/wp-content\/uploads\/2021\/06\/Marco-Bogo-Ass-sport-Riapertura-Parco-Lambioi.mp3<\/a><\/audio>\n<p>&nbsp;<\/p>\n<p><strong>L&#8217;ASSESSORE YUKI D&#8217;EMILIA<\/strong><\/p>\n<audio class=\"wp-audio-shortcode\" id=\"audio-217647-17\" preload=\"none\" style=\"width: 100%;\" controls=\"controls\"><source type=\"audio\/mpeg\" src=\"https:\/\/www.radiopiu.net\/wordpress\/wp-content\/uploads\/2021\/06\/Yuki-dEmilia-Ass-eventi-Riapertura-Parco-Lambioi.mp3?_=17\" \/><a href=\"https:\/\/www.radiopiu.net\/wordpress\/wp-content\/uploads\/2021\/06\/Yuki-dEmilia-Ass-eventi-Riapertura-Parco-Lambioi.mp3\">https:\/\/www.radiopiu.net\/wordpress\/wp-content\/uploads\/2021\/06\/Yuki-dEmilia-Ass-eventi-Riapertura-Parco-Lambioi.mp3<\/a><\/audio>\n<p>&nbsp;<\/p>\n<hr \/>\n<\/div>\n<div align=\"left\"><\/div>\n<div align=\"left\"><\/div>\n<blockquote>\n<h3 align=\"left\"><a href=\"https:\/\/www.radiopiu.net\/wordpress\/giornale-radiopiu-14-maggio-2020-direttore-mirko-mezzacasa\/images-274\/\" rel=\"attachment wp-att-137672\"><img loading=\"lazy\" decoding=\"async\" class=\"wp-image-137672 alignleft\" src=\"https:\/\/www.radiopiu.net\/wordpress\/wp-content\/uploads\/2020\/05\/images-1.jpg\" alt=\"\" width=\"128\" height=\"85\" \/><\/a>\u00a0NOI NELLA REALTA&#8217; CON IL COMUNE E CSV<\/h3>\n<\/blockquote>\n<div align=\"left\"><strong><em>\u00a0 SOSPIROLO<\/em><\/strong><\/div>\n<div align=\"left\">\n<p><strong><em>di DAMIANO TORMEN\u00a0<\/em><\/strong><\/p>\n<\/div>\n<div align=\"left\">\n<audio class=\"wp-audio-shortcode\" id=\"audio-217647-18\" preload=\"none\" style=\"width: 100%;\" controls=\"controls\"><source type=\"audio\/mpeg\" src=\"https:\/\/www.radiopiu.net\/wordpress\/wp-content\/uploads\/2021\/06\/DAMIANO-2.mp3?_=18\" \/><a href=\"https:\/\/www.radiopiu.net\/wordpress\/wp-content\/uploads\/2021\/06\/DAMIANO-2.mp3\">https:\/\/www.radiopiu.net\/wordpress\/wp-content\/uploads\/2021\/06\/DAMIANO-2.mp3<\/a><\/audio>\n<\/div>\n<div align=\"left\"><\/div>\n<div align=\"left\">\n<hr \/>\n<\/div>\n<p>&nbsp;<\/p>\n<p>&nbsp;<\/p>\n<blockquote>\n<h3>DOLOMITI ARENA SLOW MOUNTAIN MUSIC FESTIVAL, 4 CONCERTI ALL&#8217;ALBA SULLE PIU&#8217; BELLE TERRAZZE PANORAMICHE DEL FELTRINO<\/h3>\n<\/blockquote>\n<p><strong><a href=\"https:\/\/www.radiopiu.net\/wordpress\/dolomiti-arena-slow-mountain-music-festival-4-concerti-allalba-sulle-piu-belle-terrazze-panoramiche-del-feltrino\/ac848f44-54ae-47ab-a95a-130299e03802\/\" rel=\"attachment wp-att-217696\"><img loading=\"lazy\" decoding=\"async\" class=\"size-medium wp-image-217696 alignleft\" src=\"https:\/\/www.radiopiu.net\/wordpress\/wp-content\/uploads\/2021\/06\/ac848f44-54ae-47ab-a95a-130299e03802-300x138.jpg\" alt=\"\" width=\"300\" height=\"138\" srcset=\"https:\/\/www.radiopiu.net\/wordpress\/wp-content\/uploads\/2021\/06\/ac848f44-54ae-47ab-a95a-130299e03802-300x138.jpg 300w, https:\/\/www.radiopiu.net\/wordpress\/wp-content\/uploads\/2021\/06\/ac848f44-54ae-47ab-a95a-130299e03802-1024x472.jpg 1024w, https:\/\/www.radiopiu.net\/wordpress\/wp-content\/uploads\/2021\/06\/ac848f44-54ae-47ab-a95a-130299e03802-768x354.jpg 768w, https:\/\/www.radiopiu.net\/wordpress\/wp-content\/uploads\/2021\/06\/ac848f44-54ae-47ab-a95a-130299e03802-1536x708.jpg 1536w, https:\/\/www.radiopiu.net\/wordpress\/wp-content\/uploads\/2021\/06\/ac848f44-54ae-47ab-a95a-130299e03802.jpg 1600w\" sizes=\"auto, (max-width: 300px) 100vw, 300px\" \/><\/a>FELTRE<\/strong><\/p>\n<p>di Moreno Gioli<\/p>\n<audio class=\"wp-audio-shortcode\" id=\"audio-217647-19\" preload=\"none\" style=\"width: 100%;\" controls=\"controls\"><source type=\"audio\/mpeg\" src=\"https:\/\/www.radiopiu.net\/wordpress\/wp-content\/uploads\/2021\/06\/GIOLI-CONCERTI-FELTRINO.mp3?_=19\" \/><a href=\"https:\/\/www.radiopiu.net\/wordpress\/wp-content\/uploads\/2021\/06\/GIOLI-CONCERTI-FELTRINO.mp3\">https:\/\/www.radiopiu.net\/wordpress\/wp-content\/uploads\/2021\/06\/GIOLI-CONCERTI-FELTRINO.mp3<\/a><\/audio>\n<p>&nbsp;<\/p>\n<p><strong>DARIO SCOPEL<\/strong><\/p>\n<audio class=\"wp-audio-shortcode\" id=\"audio-217647-20\" preload=\"none\" style=\"width: 100%;\" controls=\"controls\"><source type=\"audio\/mpeg\" src=\"https:\/\/www.radiopiu.net\/wordpress\/wp-content\/uploads\/2021\/06\/SCOPEL-CONCERTI-FELTRINO.mp3?_=20\" \/><a href=\"https:\/\/www.radiopiu.net\/wordpress\/wp-content\/uploads\/2021\/06\/SCOPEL-CONCERTI-FELTRINO.mp3\">https:\/\/www.radiopiu.net\/wordpress\/wp-content\/uploads\/2021\/06\/SCOPEL-CONCERTI-FELTRINO.mp3<\/a><\/audio>\n<p>&nbsp;<\/p>\n<p><strong>LIONELLO GORZA<\/strong><\/p>\n<audio class=\"wp-audio-shortcode\" id=\"audio-217647-21\" preload=\"none\" style=\"width: 100%;\" controls=\"controls\"><source type=\"audio\/mpeg\" src=\"https:\/\/www.radiopiu.net\/wordpress\/wp-content\/uploads\/2021\/06\/LIONELLO-GORZA-CONCERTI-FELTRINO.mp3?_=21\" \/><a href=\"https:\/\/www.radiopiu.net\/wordpress\/wp-content\/uploads\/2021\/06\/LIONELLO-GORZA-CONCERTI-FELTRINO.mp3\">https:\/\/www.radiopiu.net\/wordpress\/wp-content\/uploads\/2021\/06\/LIONELLO-GORZA-CONCERTI-FELTRINO.mp3<\/a><\/audio>\n<p>&nbsp;<\/p>\n<p>&nbsp;<\/p>\n<hr \/>\n<p>&nbsp;<\/p>\n<blockquote>\n<h3>OSPEDALE DI COMUNITA&#8217;, UNA RISPOSTA IN PIU&#8217; PER I BISOGNI DEL TERRITORIO<\/h3>\n<\/blockquote>\n<p><strong><a href=\"https:\/\/www.radiopiu.net\/wordpress\/ospedale-di-comunita-una-risposta-in-piu-per-i-bisogni-del-territorio\/18a0c791-ee8a-4210-97f1-efd81185169a\/\" rel=\"attachment wp-att-217861\"><img loading=\"lazy\" decoding=\"async\" class=\" wp-image-217861 alignleft\" src=\"https:\/\/www.radiopiu.net\/wordpress\/wp-content\/uploads\/2021\/06\/18a0c791-ee8a-4210-97f1-efd81185169a-300x138.jpg\" alt=\"\" width=\"230\" height=\"106\" srcset=\"https:\/\/www.radiopiu.net\/wordpress\/wp-content\/uploads\/2021\/06\/18a0c791-ee8a-4210-97f1-efd81185169a-300x138.jpg 300w, https:\/\/www.radiopiu.net\/wordpress\/wp-content\/uploads\/2021\/06\/18a0c791-ee8a-4210-97f1-efd81185169a-1024x472.jpg 1024w, https:\/\/www.radiopiu.net\/wordpress\/wp-content\/uploads\/2021\/06\/18a0c791-ee8a-4210-97f1-efd81185169a-768x354.jpg 768w, https:\/\/www.radiopiu.net\/wordpress\/wp-content\/uploads\/2021\/06\/18a0c791-ee8a-4210-97f1-efd81185169a-1536x707.jpg 1536w, https:\/\/www.radiopiu.net\/wordpress\/wp-content\/uploads\/2021\/06\/18a0c791-ee8a-4210-97f1-efd81185169a.jpg 2048w\" sizes=\"auto, (max-width: 230px) 100vw, 230px\" \/><\/a>FELTRE<\/strong><\/p>\n<p><strong>di MORENO GIOLI<\/strong><\/p>\n<p>&nbsp;<\/p>\n<p><strong>AUDIO<\/strong><\/p>\n<audio class=\"wp-audio-shortcode\" id=\"audio-217647-22\" preload=\"none\" style=\"width: 100%;\" controls=\"controls\"><source type=\"audio\/mpeg\" src=\"https:\/\/www.radiopiu.net\/wordpress\/wp-content\/uploads\/2021\/06\/MORENO-OSPEDALE-COMUNITA.mp3?_=22\" \/><a href=\"https:\/\/www.radiopiu.net\/wordpress\/wp-content\/uploads\/2021\/06\/MORENO-OSPEDALE-COMUNITA.mp3\">https:\/\/www.radiopiu.net\/wordpress\/wp-content\/uploads\/2021\/06\/MORENO-OSPEDALE-COMUNITA.mp3<\/a><\/audio>\n<p>&nbsp;<\/p>\n<p>IL DIRETTORE DELLA ULSS1 MARIA GRAZIA CARRARO<\/p>\n<audio class=\"wp-audio-shortcode\" id=\"audio-217647-23\" preload=\"none\" style=\"width: 100%;\" controls=\"controls\"><source type=\"audio\/mpeg\" src=\"https:\/\/www.radiopiu.net\/wordpress\/wp-content\/uploads\/2021\/06\/CARRARO-1.mp3?_=23\" \/><a href=\"https:\/\/www.radiopiu.net\/wordpress\/wp-content\/uploads\/2021\/06\/CARRARO-1.mp3\">https:\/\/www.radiopiu.net\/wordpress\/wp-content\/uploads\/2021\/06\/CARRARO-1.mp3<\/a><\/audio>\n<p>IL DIRETTORE DEL DISTRETTO 2, ALESSIO GIOFFREDI<\/p>\n<audio class=\"wp-audio-shortcode\" id=\"audio-217647-24\" preload=\"none\" style=\"width: 100%;\" controls=\"controls\"><source type=\"audio\/mpeg\" src=\"https:\/\/www.radiopiu.net\/wordpress\/wp-content\/uploads\/2021\/06\/giaffredi.mp3?_=24\" \/><a href=\"https:\/\/www.radiopiu.net\/wordpress\/wp-content\/uploads\/2021\/06\/giaffredi.mp3\">https:\/\/www.radiopiu.net\/wordpress\/wp-content\/uploads\/2021\/06\/giaffredi.mp3<\/a><\/audio>\n<p>&nbsp;<\/p>\n<p>&nbsp;<\/p>\n<p>&nbsp;<\/p>\n<hr \/>\n<h2><span style=\"color: #ff0000;\">\u00a0<\/span><\/h2>\n<h2><span style=\"color: #ff0000;\">IERI ALLA RADIO&#8230; IERI AD AGORDO<\/span><\/h2>\n<p><strong>AGORDO<\/strong> Buona estate, soprattutto buon istruttivo divertimento al Centro Estivo di Agordo che ha aderito all&#8217;iniziativa &#8220;un sasso per un sorriso&#8221;. I sassi sono stati realizzati dai bambini del centro estivo di Agordo e oggi pomeriggio verranno lasciati lungo le vie del paese per portare un messaggio di serenit\u00e0 a chi vorr\u00e0 solo vederli o portarli a casa.<\/p>\n<blockquote><p><em><strong>GRUPPO FACEBOOK<\/strong>: L&#8217; obiettivo del gruppo \u00e8 di regalare allegria e sorrisi, perch\u00e8 la gente ha bisogno pi\u00f9 che mai di una cosa positiva. Disegniamo o scriviamo frasi carine sui sassi, poi facciamo una foto per farli vedere al gruppo. Lasciamo i sassi fuori da una parte ben visibile, per esempio su una panchina, o in mezzo ai fiori per regalare un sorriso a chi li trova. Se questa persona ha Facebook, sarebbe carino se pubblicasse la foto del sasso trovato nel gruppo. Dietro ogni sasso scriviamo: &#8220;Un sasso per un sorriso&#8221;<\/em><\/p>\n<p><strong>IL SINDACO DI AGORDO ROBERTO CHISSALE&#8217;<\/strong><\/p>\n<audio class=\"wp-audio-shortcode\" id=\"audio-217647-25\" preload=\"none\" style=\"width: 100%;\" controls=\"controls\"><source type=\"audio\/mpeg\" src=\"https:\/\/www.radiopiu.net\/wordpress\/wp-content\/uploads\/2021\/06\/ROBERTO-CENTRO-ESTIVO.mp3?_=25\" \/><a href=\"https:\/\/www.radiopiu.net\/wordpress\/wp-content\/uploads\/2021\/06\/ROBERTO-CENTRO-ESTIVO.mp3\">https:\/\/www.radiopiu.net\/wordpress\/wp-content\/uploads\/2021\/06\/ROBERTO-CENTRO-ESTIVO.mp3<\/a><\/audio>\n<p><strong>I PROTAGONISTI\u00a0<\/strong><\/p>\n<audio class=\"wp-audio-shortcode\" id=\"audio-217647-26\" preload=\"none\" style=\"width: 100%;\" controls=\"controls\"><source type=\"audio\/mpeg\" src=\"https:\/\/www.radiopiu.net\/wordpress\/wp-content\/uploads\/2021\/06\/PROTAGONISTI-I-BAMBINI.mp3?_=26\" \/><a href=\"https:\/\/www.radiopiu.net\/wordpress\/wp-content\/uploads\/2021\/06\/PROTAGONISTI-I-BAMBINI.mp3\">https:\/\/www.radiopiu.net\/wordpress\/wp-content\/uploads\/2021\/06\/PROTAGONISTI-I-BAMBINI.mp3<\/a><\/audio>\n<p>&nbsp;<\/p><\/blockquote>\n<p>&nbsp;<\/p>\n\n\t\t\t<style type='text\/css'>\n\t\t\t\t#gallery-5 {\n\t\t\t\t\tmargin: auto;\n\t\t\t\t}\n\t\t\t\t#gallery-5 .gallery-item {\n\t\t\t\t\tfloat: left;\n\t\t\t\t\tmargin-top: 10px;\n\t\t\t\t\ttext-align: center;\n\t\t\t\t\twidth: 20%;\n\t\t\t\t}\n\t\t\t\t#gallery-5 img {\n\t\t\t\t\tborder: 2px solid #cfcfcf;\n\t\t\t\t}\n\t\t\t\t#gallery-5 .gallery-caption {\n\t\t\t\t\tmargin-left: 0;\n\t\t\t\t}\n\t\t\t\t\/* see gallery_shortcode() in wp-includes\/media.php *\/\n\t\t\t<\/style>\n\t\t<div id='gallery-5' class='dt-gallery-container gallery galleryid-217647 gallery-columns-5 gallery-size-thumbnail'><dl class='gallery-item'>\n\t\t\t\t<dt class='gallery-icon portrait'>\n\t\t\t\t\t<a class=\"rollover rollover-zoom dt-pswp-item\" title=\"4dc646e5-5ec2-4a12-8f67-cccd073b2d7b\" data-dt-img-description=\"\" data-large_image_width=\"1200\" data-large_image_height=\"1600\"href='https:\/\/www.radiopiu.net\/wordpress\/wp-content\/uploads\/2021\/06\/4dc646e5-5ec2-4a12-8f67-cccd073b2d7b.jpg'><img loading=\"lazy\" decoding=\"async\" width=\"150\" height=\"150\" src=\"https:\/\/www.radiopiu.net\/wordpress\/wp-content\/uploads\/2021\/06\/4dc646e5-5ec2-4a12-8f67-cccd073b2d7b-150x150.jpg\" class=\"attachment-thumbnail size-thumbnail\" alt=\"\" \/><\/a>\n\t\t\t\t<\/dt><\/dl><dl class='gallery-item'>\n\t\t\t\t<dt class='gallery-icon portrait'>\n\t\t\t\t\t<a class=\"rollover rollover-zoom dt-pswp-item\" title=\"fbf1b148-433c-4826-bcca-f4d4e54797c7\" data-dt-img-description=\"\" data-large_image_width=\"1500\" data-large_image_height=\"2000\"href='https:\/\/www.radiopiu.net\/wordpress\/wp-content\/uploads\/2021\/06\/fbf1b148-433c-4826-bcca-f4d4e54797c7.jpg'><img loading=\"lazy\" decoding=\"async\" width=\"150\" height=\"150\" src=\"https:\/\/www.radiopiu.net\/wordpress\/wp-content\/uploads\/2021\/06\/fbf1b148-433c-4826-bcca-f4d4e54797c7-150x150.jpg\" class=\"attachment-thumbnail size-thumbnail\" alt=\"\" \/><\/a>\n\t\t\t\t<\/dt><\/dl><dl class='gallery-item'>\n\t\t\t\t<dt class='gallery-icon portrait'>\n\t\t\t\t\t<a class=\"rollover rollover-zoom dt-pswp-item\" title=\"bd187487-0dcf-4779-aafe-06767b9dfbb6\" data-dt-img-description=\"\" data-large_image_width=\"1500\" data-large_image_height=\"2000\"href='https:\/\/www.radiopiu.net\/wordpress\/wp-content\/uploads\/2021\/06\/bd187487-0dcf-4779-aafe-06767b9dfbb6.jpg'><img loading=\"lazy\" decoding=\"async\" width=\"150\" height=\"150\" src=\"https:\/\/www.radiopiu.net\/wordpress\/wp-content\/uploads\/2021\/06\/bd187487-0dcf-4779-aafe-06767b9dfbb6-150x150.jpg\" class=\"attachment-thumbnail size-thumbnail\" alt=\"\" \/><\/a>\n\t\t\t\t<\/dt><\/dl><dl class='gallery-item'>\n\t\t\t\t<dt class='gallery-icon portrait'>\n\t\t\t\t\t<a class=\"rollover rollover-zoom dt-pswp-item\" title=\"345429cd-4c0e-483d-a317-d5c74ab79f4a\" data-dt-img-description=\"\" data-large_image_width=\"1200\" data-large_image_height=\"1600\"href='https:\/\/www.radiopiu.net\/wordpress\/wp-content\/uploads\/2021\/06\/345429cd-4c0e-483d-a317-d5c74ab79f4a.jpg'><img loading=\"lazy\" decoding=\"async\" width=\"150\" height=\"150\" src=\"https:\/\/www.radiopiu.net\/wordpress\/wp-content\/uploads\/2021\/06\/345429cd-4c0e-483d-a317-d5c74ab79f4a-150x150.jpg\" class=\"attachment-thumbnail size-thumbnail\" alt=\"\" \/><\/a>\n\t\t\t\t<\/dt><\/dl><dl class='gallery-item'>\n\t\t\t\t<dt class='gallery-icon portrait'>\n\t\t\t\t\t<a class=\"rollover rollover-zoom dt-pswp-item\" title=\"4ed9ef71-7747-4f8d-bd91-68fd5d8a4129\" data-dt-img-description=\"\" data-large_image_width=\"1512\" data-large_image_height=\"2016\"href='https:\/\/www.radiopiu.net\/wordpress\/wp-content\/uploads\/2021\/06\/4ed9ef71-7747-4f8d-bd91-68fd5d8a4129.jpg'><img loading=\"lazy\" decoding=\"async\" width=\"150\" height=\"150\" src=\"https:\/\/www.radiopiu.net\/wordpress\/wp-content\/uploads\/2021\/06\/4ed9ef71-7747-4f8d-bd91-68fd5d8a4129-150x150.jpg\" class=\"attachment-thumbnail size-thumbnail\" alt=\"\" \/><\/a>\n\t\t\t\t<\/dt><\/dl><br style=\"clear: both\" \/><dl class='gallery-item'>\n\t\t\t\t<dt class='gallery-icon portrait'>\n\t\t\t\t\t<a class=\"rollover rollover-zoom dt-pswp-item\" title=\"4922da17-14af-419e-b458-e5849e47706c\" data-dt-img-description=\"\" data-large_image_width=\"1200\" data-large_image_height=\"1600\"href='https:\/\/www.radiopiu.net\/wordpress\/wp-content\/uploads\/2021\/06\/4922da17-14af-419e-b458-e5849e47706c.jpg'><img loading=\"lazy\" decoding=\"async\" width=\"150\" height=\"150\" src=\"https:\/\/www.radiopiu.net\/wordpress\/wp-content\/uploads\/2021\/06\/4922da17-14af-419e-b458-e5849e47706c-150x150.jpg\" class=\"attachment-thumbnail size-thumbnail\" alt=\"\" \/><\/a>\n\t\t\t\t<\/dt><\/dl><dl class='gallery-item'>\n\t\t\t\t<dt class='gallery-icon landscape'>\n\t\t\t\t\t<a class=\"rollover rollover-zoom dt-pswp-item\" title=\"087f66fd-0c9b-4f4e-8845-0b0c0eb2a566\" data-dt-img-description=\"\" data-large_image_width=\"1600\" data-large_image_height=\"1200\"href='https:\/\/www.radiopiu.net\/wordpress\/wp-content\/uploads\/2021\/06\/087f66fd-0c9b-4f4e-8845-0b0c0eb2a566.jpg'><img loading=\"lazy\" decoding=\"async\" width=\"150\" height=\"150\" src=\"https:\/\/www.radiopiu.net\/wordpress\/wp-content\/uploads\/2021\/06\/087f66fd-0c9b-4f4e-8845-0b0c0eb2a566-150x150.jpg\" class=\"attachment-thumbnail size-thumbnail\" alt=\"\" \/><\/a>\n\t\t\t\t<\/dt><\/dl><dl class='gallery-item'>\n\t\t\t\t<dt class='gallery-icon portrait'>\n\t\t\t\t\t<a class=\"rollover rollover-zoom dt-pswp-item\" title=\"d899a323-96c7-4874-8484-881c603a4f66\" data-dt-img-description=\"\" data-large_image_width=\"1512\" data-large_image_height=\"2016\"href='https:\/\/www.radiopiu.net\/wordpress\/wp-content\/uploads\/2021\/06\/d899a323-96c7-4874-8484-881c603a4f66.jpg'><img loading=\"lazy\" decoding=\"async\" width=\"150\" height=\"150\" src=\"https:\/\/www.radiopiu.net\/wordpress\/wp-content\/uploads\/2021\/06\/d899a323-96c7-4874-8484-881c603a4f66-150x150.jpg\" class=\"attachment-thumbnail size-thumbnail\" alt=\"\" \/><\/a>\n\t\t\t\t<\/dt><\/dl><dl class='gallery-item'>\n\t\t\t\t<dt class='gallery-icon portrait'>\n\t\t\t\t\t<a class=\"rollover rollover-zoom dt-pswp-item\" title=\"13e4c60c-4f35-41fe-abd1-4a619a67cd24\" data-dt-img-description=\"\" data-large_image_width=\"1512\" data-large_image_height=\"2016\"href='https:\/\/www.radiopiu.net\/wordpress\/wp-content\/uploads\/2021\/06\/13e4c60c-4f35-41fe-abd1-4a619a67cd24.jpg'><img loading=\"lazy\" decoding=\"async\" width=\"150\" height=\"150\" src=\"https:\/\/www.radiopiu.net\/wordpress\/wp-content\/uploads\/2021\/06\/13e4c60c-4f35-41fe-abd1-4a619a67cd24-150x150.jpg\" class=\"attachment-thumbnail size-thumbnail\" alt=\"\" \/><\/a>\n\t\t\t\t<\/dt><\/dl>\n\t\t\t\t<br style='clear: both' \/>\n\t\t\t<\/div>\n\n<p>&nbsp;<\/p>\n<hr \/>\n<p>&nbsp;<\/p>\n<p>&nbsp;<\/p>\n<blockquote class=\"wp-embedded-content\" data-secret=\"2Jf2oQ8k1G\"><p><a href=\"https:\/\/www.radiopiu.net\/wordpress\/rapsdos\/\">NELLE 24 ORE UN DECESSO, 48 POSITIVI E 17 PERSONE IN MENO IN OSPEDAL, DUE NUOVI CASI A BELLUNO<\/a><\/p><\/blockquote>\n<p><iframe loading=\"lazy\" class=\"wp-embedded-content\" sandbox=\"allow-scripts\" security=\"restricted\" style=\"position: absolute; clip: rect(1px, 1px, 1px, 1px);\" title=\"&#8220;NELLE 24 ORE UN DECESSO, 48 POSITIVI E 17 PERSONE IN MENO IN OSPEDAL, DUE NUOVI CASI A BELLUNO&#8221; &#8212; Radio Pi\u00f9\" src=\"https:\/\/www.radiopiu.net\/wordpress\/rapsdos\/embed\/#?secret=2Jf2oQ8k1G\" data-secret=\"2Jf2oQ8k1G\" width=\"600\" height=\"338\" frameborder=\"0\" marginwidth=\"0\" marginheight=\"0\" scrolling=\"no\"><\/iframe><\/p>\n<p>&nbsp;<\/p>\n<h2>I GRAFICI DI TIZIANO DE COL<\/h2>\n\n\t\t\t<style type='text\/css'>\n\t\t\t\t#gallery-6 {\n\t\t\t\t\tmargin: auto;\n\t\t\t\t}\n\t\t\t\t#gallery-6 .gallery-item {\n\t\t\t\t\tfloat: left;\n\t\t\t\t\tmargin-top: 10px;\n\t\t\t\t\ttext-align: center;\n\t\t\t\t\twidth: 20%;\n\t\t\t\t}\n\t\t\t\t#gallery-6 img {\n\t\t\t\t\tborder: 2px solid #cfcfcf;\n\t\t\t\t}\n\t\t\t\t#gallery-6 .gallery-caption {\n\t\t\t\t\tmargin-left: 0;\n\t\t\t\t}\n\t\t\t\t\/* see gallery_shortcode() in wp-includes\/media.php *\/\n\t\t\t<\/style>\n\t\t<div id='gallery-6' class='dt-gallery-container gallery galleryid-217647 gallery-columns-5 gallery-size-thumbnail'><dl class='gallery-item'>\n\t\t\t\t<dt class='gallery-icon landscape'>\n\t\t\t\t\t<a class=\"rollover rollover-zoom dt-pswp-item\" title=\"cf7f349c-ce4d-495d-9f42-0f436bebe384\" data-dt-img-description=\"\" data-large_image_width=\"594\" data-large_image_height=\"357\"href='https:\/\/www.radiopiu.net\/wordpress\/wp-content\/uploads\/2021\/06\/cf7f349c-ce4d-495d-9f42-0f436bebe384.jpg'><img loading=\"lazy\" decoding=\"async\" width=\"150\" height=\"150\" src=\"https:\/\/www.radiopiu.net\/wordpress\/wp-content\/uploads\/2021\/06\/cf7f349c-ce4d-495d-9f42-0f436bebe384-150x150.jpg\" class=\"attachment-thumbnail size-thumbnail\" alt=\"\" \/><\/a>\n\t\t\t\t<\/dt><\/dl><dl class='gallery-item'>\n\t\t\t\t<dt class='gallery-icon landscape'>\n\t\t\t\t\t<a class=\"rollover rollover-zoom dt-pswp-item\" title=\"97724a82-6028-49dd-8b70-d2b1a48fe4be\" data-dt-img-description=\"\" data-large_image_width=\"600\" data-large_image_height=\"352\"href='https:\/\/www.radiopiu.net\/wordpress\/wp-content\/uploads\/2021\/06\/97724a82-6028-49dd-8b70-d2b1a48fe4be.jpg'><img loading=\"lazy\" decoding=\"async\" width=\"150\" height=\"150\" src=\"https:\/\/www.radiopiu.net\/wordpress\/wp-content\/uploads\/2021\/06\/97724a82-6028-49dd-8b70-d2b1a48fe4be-150x150.jpg\" class=\"attachment-thumbnail size-thumbnail\" alt=\"\" \/><\/a>\n\t\t\t\t<\/dt><\/dl><dl class='gallery-item'>\n\t\t\t\t<dt class='gallery-icon landscape'>\n\t\t\t\t\t<a class=\"rollover rollover-zoom dt-pswp-item\" title=\"08c734e4-e8cd-4063-a601-ced49bf4c69e\" data-dt-img-description=\"\" data-large_image_width=\"604\" data-large_image_height=\"355\"href='https:\/\/www.radiopiu.net\/wordpress\/wp-content\/uploads\/2021\/06\/08c734e4-e8cd-4063-a601-ced49bf4c69e.jpg'><img loading=\"lazy\" decoding=\"async\" width=\"150\" height=\"150\" src=\"https:\/\/www.radiopiu.net\/wordpress\/wp-content\/uploads\/2021\/06\/08c734e4-e8cd-4063-a601-ced49bf4c69e-150x150.jpg\" class=\"attachment-thumbnail size-thumbnail\" alt=\"\" \/><\/a>\n\t\t\t\t<\/dt><\/dl><dl class='gallery-item'>\n\t\t\t\t<dt class='gallery-icon landscape'>\n\t\t\t\t\t<a class=\"rollover rollover-zoom dt-pswp-item\" title=\"6ad60fc3-2d9b-4d17-8477-82c336012b8a\" data-dt-img-description=\"\" data-large_image_width=\"606\" data-large_image_height=\"361\"href='https:\/\/www.radiopiu.net\/wordpress\/wp-content\/uploads\/2021\/06\/6ad60fc3-2d9b-4d17-8477-82c336012b8a.jpg'><img loading=\"lazy\" decoding=\"async\" width=\"150\" height=\"150\" src=\"https:\/\/www.radiopiu.net\/wordpress\/wp-content\/uploads\/2021\/06\/6ad60fc3-2d9b-4d17-8477-82c336012b8a-150x150.jpg\" class=\"attachment-thumbnail size-thumbnail\" alt=\"\" \/><\/a>\n\t\t\t\t<\/dt><\/dl><dl class='gallery-item'>\n\t\t\t\t<dt class='gallery-icon landscape'>\n\t\t\t\t\t<a class=\"rollover rollover-zoom dt-pswp-item\" title=\"51791656-c3ac-4ac4-83b9-4163baa02736\" data-dt-img-description=\"\" data-large_image_width=\"604\" data-large_image_height=\"360\"href='https:\/\/www.radiopiu.net\/wordpress\/wp-content\/uploads\/2021\/06\/51791656-c3ac-4ac4-83b9-4163baa02736.jpg'><img loading=\"lazy\" decoding=\"async\" width=\"150\" height=\"150\" src=\"https:\/\/www.radiopiu.net\/wordpress\/wp-content\/uploads\/2021\/06\/51791656-c3ac-4ac4-83b9-4163baa02736-150x150.jpg\" class=\"attachment-thumbnail size-thumbnail\" alt=\"\" \/><\/a>\n\t\t\t\t<\/dt><\/dl><br style=\"clear: both\" \/>\n\t\t\t<\/div>\n\n<p>&nbsp;<\/p>\n<hr \/>\n<p>&nbsp;<\/p>\n<blockquote>\n<h2>DOMANI I 38 ANNI DI RADIO PIU&#8217;, DALLA MEZZANOTTE LA MUSICA DEL COMPLEANNO, GLI AUGURI ALLA RADIO<\/h2>\n<\/blockquote>\n<p><strong>DI GIANNI SANTOMASO\u00a0<\/strong><\/p>\n<audio class=\"wp-audio-shortcode\" id=\"audio-217647-27\" preload=\"none\" style=\"width: 100%;\" controls=\"controls\"><source type=\"audio\/mpeg\" src=\"https:\/\/www.radiopiu.net\/wordpress\/wp-content\/uploads\/2021\/06\/GIANNI-PIU.mp3?_=27\" \/><a href=\"https:\/\/www.radiopiu.net\/wordpress\/wp-content\/uploads\/2021\/06\/GIANNI-PIU.mp3\">https:\/\/www.radiopiu.net\/wordpress\/wp-content\/uploads\/2021\/06\/GIANNI-PIU.mp3<\/a><\/audio>\n<p>&nbsp;<\/p>\n<div align=\"left\"><\/div>\n<h2><a href=\"https:\/\/www.radiopiu.net\/wordpress\/giornale-radiopiu-25-giugno-2018-direttore-mirko-mezzacasa\/radio-4\/\" rel=\"attachment wp-att-52024\">\u00a0<\/a>1984, NOF FILO&#8217; DI CENCENIGHE, LA PRIMA FESTA DI RADIO PIU&#8217; CON LA MUSICA DA DISCOTECA, ALLORA UNA GRANDE NOVITA&#8217; IN LOCALI DA BALLO DEDICATI MOLTO SPESSO AL LISCIO, COMUNQUE ALLE SERATE CON ORCHESTRA.\u00a0 POCHI ANNI DOPO IL NOF FILO&#8217; E&#8217; DIVENTATO IL PUNTO DI RIFERIMENTO DI TANTE GENERAZIONI, TRA FESTE SCOLASTICHE, DEI COSCRITTI, CAPODANNO E LA LISTA E&#8217; ANCORA LUNGA.<\/h2>\n<blockquote>\n<h2><a href=\"https:\/\/www.radiopiu.net\/wordpress\/giornale-radiopiu-25-giugno-2018-direttore-mirko-mezzacasa\/radio-4\/\" rel=\"attachment wp-att-52024\"><img loading=\"lazy\" decoding=\"async\" class=\"alignnone wp-image-52024 size-large\" src=\"https:\/\/www.radiopiu.net\/wordpress\/wp-content\/uploads\/2018\/06\/radio-1024x660.jpg\" alt=\"\" width=\"1024\" height=\"660\" srcset=\"https:\/\/www.radiopiu.net\/wordpress\/wp-content\/uploads\/2018\/06\/radio-1024x660.jpg 1024w, https:\/\/www.radiopiu.net\/wordpress\/wp-content\/uploads\/2018\/06\/radio-300x193.jpg 300w, https:\/\/www.radiopiu.net\/wordpress\/wp-content\/uploads\/2018\/06\/radio-768x495.jpg 768w, https:\/\/www.radiopiu.net\/wordpress\/wp-content\/uploads\/2018\/06\/radio.jpg 1055w\" sizes=\"auto, (max-width: 1024px) 100vw, 1024px\" \/><\/a><\/h2>\n<\/blockquote>\n<div align=\"left\"><\/div>\n<div align=\"left\">\n<hr \/>\n<\/div>\n<div align=\"left\"><\/div>\n<div align=\"left\"><\/div>\n<div align=\"left\"><\/div>\n<blockquote>\n<h2 align=\"left\">PER LA 287^ VOLTA RADIO PIU&#8217; &#8220;BATTE&#8221; IL PUNTO STAMPA DI ZAIA, L&#8217;ULTIMA PUNTATA del presidio anti fake news<\/h2>\n<\/blockquote>\n<div align=\"left\">\n<p><strong>VENEZIA<\/strong>\u00a0 Consueto appuntamento dalla sede della Protezione Civile di Marghera, le ultime notizie sul covi19. Oltre 280 puntate, puntualmente ogni giorno sul sito, sui social, alla radio. Si conclude oggi un&#8217;impegnativo percorso che ha impegnato e non poco la nostra redazione ma con risultati sorprendenti e soddisfacenti di ascolto.<\/p>\n<blockquote>\n<h2>LEGGI LA CONFERENZA STAMPA DI LUCA ZAIA, aggiornamento in tempo reale<\/h2>\n<\/blockquote>\n<p><em>Non \u00e8 un addio ma toccando ferro un arrivederci, torneremo sporadicamente ma non con la costanza quotidiana. I cartelli? Si sono rivelati fondamentali per i giornalisti per chi ci segue da casa. Abbiamo iniziato con la vita e chiudiamo con la vita, due bimbi mi hanno portato le uova o spedite, arrivate intere e sono nati i pulcini. Mi ero preso l&#8217;impegno di far nascere i pulcini che sono diventati adulti e che hanno fatto le nuove uova.\u00a0<\/em><\/p>\n\n\t\t\t<style type='text\/css'>\n\t\t\t\t#gallery-7 {\n\t\t\t\t\tmargin: auto;\n\t\t\t\t}\n\t\t\t\t#gallery-7 .gallery-item {\n\t\t\t\t\tfloat: left;\n\t\t\t\t\tmargin-top: 10px;\n\t\t\t\t\ttext-align: center;\n\t\t\t\t\twidth: 33%;\n\t\t\t\t}\n\t\t\t\t#gallery-7 img {\n\t\t\t\t\tborder: 2px solid #cfcfcf;\n\t\t\t\t}\n\t\t\t\t#gallery-7 .gallery-caption {\n\t\t\t\t\tmargin-left: 0;\n\t\t\t\t}\n\t\t\t\t\/* see gallery_shortcode() in wp-includes\/media.php *\/\n\t\t\t<\/style>\n\t\t<div id='gallery-7' class='dt-gallery-container gallery galleryid-217647 gallery-columns-3 gallery-size-thumbnail'><dl class='gallery-item'>\n\t\t\t\t<dt class='gallery-icon landscape'>\n\t\t\t\t\t<a class=\"rollover rollover-zoom dt-pswp-item\" title=\"d27fd7f2-6500-4b09-95e7-fc221411512b\" data-dt-img-description=\"\" data-large_image_width=\"1600\" data-large_image_height=\"1198\"href='https:\/\/www.radiopiu.net\/wordpress\/wp-content\/uploads\/2021\/06\/d27fd7f2-6500-4b09-95e7-fc221411512b.jpg'><img loading=\"lazy\" decoding=\"async\" width=\"150\" height=\"150\" src=\"https:\/\/www.radiopiu.net\/wordpress\/wp-content\/uploads\/2021\/06\/d27fd7f2-6500-4b09-95e7-fc221411512b-150x150.jpg\" class=\"attachment-thumbnail size-thumbnail\" alt=\"\" \/><\/a>\n\t\t\t\t<\/dt><\/dl><dl class='gallery-item'>\n\t\t\t\t<dt class='gallery-icon landscape'>\n\t\t\t\t\t<a class=\"rollover rollover-zoom dt-pswp-item\" title=\"69a01691-4cba-4364-b6e7-283ba0774caf\" data-dt-img-description=\"\" data-large_image_width=\"1600\" data-large_image_height=\"1200\"href='https:\/\/www.radiopiu.net\/wordpress\/wp-content\/uploads\/2021\/06\/69a01691-4cba-4364-b6e7-283ba0774caf.jpg'><img loading=\"lazy\" decoding=\"async\" width=\"150\" height=\"150\" src=\"https:\/\/www.radiopiu.net\/wordpress\/wp-content\/uploads\/2021\/06\/69a01691-4cba-4364-b6e7-283ba0774caf-150x150.jpg\" class=\"attachment-thumbnail size-thumbnail\" alt=\"\" \/><\/a>\n\t\t\t\t<\/dt><\/dl><dl class='gallery-item'>\n\t\t\t\t<dt class='gallery-icon landscape'>\n\t\t\t\t\t<a class=\"rollover rollover-zoom dt-pswp-item\" title=\"554149ef-5dd9-44c4-9db7-cb298ca23b46\" data-dt-img-description=\"\" data-large_image_width=\"1024\" data-large_image_height=\"768\"href='https:\/\/www.radiopiu.net\/wordpress\/wp-content\/uploads\/2021\/06\/554149ef-5dd9-44c4-9db7-cb298ca23b46.jpg'><img loading=\"lazy\" decoding=\"async\" width=\"150\" height=\"150\" src=\"https:\/\/www.radiopiu.net\/wordpress\/wp-content\/uploads\/2021\/06\/554149ef-5dd9-44c4-9db7-cb298ca23b46-150x150.jpg\" class=\"attachment-thumbnail size-thumbnail\" alt=\"\" \/><\/a>\n\t\t\t\t<\/dt><\/dl><br style=\"clear: both\" \/>\n\t\t\t<\/div>\n\n<p><strong>MASCHERINA<\/strong> Da lunedi non c&#8217;\u00e8 pi\u00f9 l&#8217;obbligo della mascherina, c&#8217;e&#8217; l&#8217;ordinanza negli spazi esterni ad eccezione dei casi dove il distanziamento non \u00e8 garantito. Va utilizzato con il principio dell&#8217;ombrello, si apre quando piove, si chiude col sole. Non abbassiamo la guardia, non siamo mai stati catastrofisti ma nemmeno &#8220;paca sulla spalla il virus non esiste&#8221;. Abbiamo visto tutti i giorni la crescita della pianta, come aver visto un seme. Con un punto stampa una volta al mese scoprivamo ben altro. <strong>PIANO TAMPONI<\/strong>\u00a0 Ieri abbiamo approvato in Giunta un piano di tamponi feroce, 29.114 con un premio per chi ne fa di pi\u00f9. Alle Ulss chiediamo di andare in spiaggia, nelle sagre, nelle aziende, ma a fine giornata devono portarci i tamponi. Potenziata la sequenzazione, l&#8217;estate deve farci mettere fieno in cascina. Abbiamo chiesto alla dottoressa di mettere la sezione tamponi nel bollettino distinta per Ulss con il delta rispetto al target quotidiano anche se gli ammalati sono pari a zero. Ogni giorno ci sar\u00e0 la tabellina nel bollettino che informer\u00e0 sul numero dei tamponi, uno stimolo per non abbassare la guardia. <strong>ULTIMA CHIAMATA\u00a0<\/strong> Lettera per 200mila persone over 60 per la vaccinazione, poi non sappiamo pi\u00f9 cosa fare.\u00a0 <strong>RINGRAZIAMENTI<\/strong> A tutti i cittadini non avrei mai pensato di ricevere tanti messaggi con il grazie per le informazioni riconoscendo il nostro ruolo di accompagnamento. Grazie a voi giornalisti perch\u00e9 in un&#8217;analisi a mente fredda siete stati la colonna portante di quello che \u00e8 stata una comunicazione di guerra. Siete stati elemento di garanzia. Grazie a uomini e donne della sanit\u00e0. Grazie ai bambini e ai loro disegni da mettere in mostra che si far\u00e0 ad ottobre in tutti i capoluoghi di provincia.\u00a0 E grazie per la lezione sui pulcini nati durante la diretta, arrivano dalla scuola enologica di Conegliano, dove sono allevati allo stato brado. <strong>COSA FARO&#8217; DA GRANDE\u00a0<\/strong> Per quattro anni mi sono preso l&#8217;impegno di fare il Governatore del Veneto cos\u00ec far\u00f2. Il resto sono leggende metropolitane che sento da quando sono nato, sono coerente con le mie idee e questa Regione deve ora spiccare il volo. Dobbiamo pensare al resto delle tematiche e risorse del Veneto. <strong>SANITARI NON VACCINATI IN VENETO<\/strong> sono 4974, il 10% sui circa 44mila.<\/p>\n<p><strong>MANUELA LANZARIN, ASSESSORE ALLA SANITA&#8217;\u00a0 <\/strong>\u00e8 stato molto utile anche per noi il confronto con la stampa, ci hanno permesso di capire dove la macchina si\u00a0 inceppa e il servizio\u00a0 va migliorato. <strong>SEQUENZIAMENTO<\/strong>\u00a0 oltre ai range di tamponi alle Ulss lo Zooprofilattico diventa centro regionale per questo ma verranno sequenziati anche nelle Ulss di Venezia, Treviso e Verona.<\/p>\n<p><strong>LA DOTTORESSA FRANCESCA RUSSO\u00a0\u00a0<\/strong>Dal punto di vista della sorveglianza saremo attivi, \u00e8 un fattore molto importante per non ritornare in situazioni difficili. La scommessa sono le varianti che andremo a cercare.<\/p>\n<blockquote><p><em>La situazione del Covid-19 in Veneto \u00e8 nettamente migliorata, ma non per questo si pu\u00f2 abbassare la guardia. In quest\u2019ottica, la Giunta regionale ha varato un aggiornamento del suo Piano specifico di Sanit\u00e0 Pubblica. Le novit\u00e0, contenute in un documento inviato a tutte le Aziende sanitarie del Veneto, \u00e8 stato presentato oggi nel corso del punto stampa Covid del Presidente della Regione, Luca Zaia, che era affiancato dall\u2019Assessore alla Sanit\u00e0, Manuela Lanzarin e dalla Direttrice della Direzione Prevenzione, Francesca Russo. Si tratta di un programma di \u201cRafforzamento delle attivit\u00e0 di testing e di sequenziamento per la sorveglianza e il monitoraggio della circolazione virale e delle varianti di Sars-Cov 2\u201d.<\/em><\/p><\/blockquote>\n<p>&nbsp;<\/p>\n<p><a href=\"https:\/\/www.facebook.com\/zaiaufficiale\/videos\/312104273983353\">https:\/\/www.facebook.com\/zaiaufficiale\/videos\/312104273983353<\/a><\/p>\n<p>&nbsp;<\/p>\n<\/div>\n<div align=\"left\"><\/div>\n<hr \/>\n<p>&nbsp;<\/p>\n<blockquote>\n<h2>AGGIORNAMENTO SUI LAVORI AI SERRAI DI SOTTOGUDA<\/h2>\n<\/blockquote>\n<p><strong>ROCCA PIETORE<\/strong> Come da previsioni uomini e mezzi sono sul pezzo, anzi sotto al ponte per Malga Ciapela nella gola dei Serrai di Sottoguda dove Il cantiere ha ripreso a pieno ritmo con le\u00a0 prove e i disgaggi a monte, per togliere il materiale instabile e permettere alle squadre di operare in tutta sicurezza. In corso di\u00a0 realizzazione\u00a0 due piste di cantiere, quella che dalla strada alta per Malga Ciapela porta all&#8217;imbocco dei Serrai (altezza info point), fondamentale per evitare che i mezzi passino attraverso il paesino di Sottoguda, e quella interna alla gola che consentir\u00e0 ai mezzi di muoversi all&#8217;interno dei Serrai. Questi sono i lavori preliminari, dai quali partire per il recupero di tutta la zona. \u00a0La rinascita dei Serrai non sar\u00e0 una passeggiata. I 9 milioni di euro serviranno per un restyling generale del sito distrutto da Vaia e, soprattutto, per la messa in sicurezza del borgo di Sottoguda.<\/p>\n<p><strong>IL SINDACO ANDREA DE BERNARDIN &#8221; Siamo stati anche <em>bestiammiati<\/em>.. ma quanto stiamo facendo era previsto&#8221;<\/strong><\/p>\n<audio class=\"wp-audio-shortcode\" id=\"audio-217647-28\" preload=\"none\" style=\"width: 100%;\" controls=\"controls\"><source type=\"audio\/mpeg\" src=\"https:\/\/www.radiopiu.net\/wordpress\/wp-content\/uploads\/2021\/06\/ANDREA-SERRAI.mp3?_=28\" \/><a href=\"https:\/\/www.radiopiu.net\/wordpress\/wp-content\/uploads\/2021\/06\/ANDREA-SERRAI.mp3\">https:\/\/www.radiopiu.net\/wordpress\/wp-content\/uploads\/2021\/06\/ANDREA-SERRAI.mp3<\/a><\/audio>\n<p>&nbsp;<\/p>\n\n\t\t\t<style type='text\/css'>\n\t\t\t\t#gallery-8 {\n\t\t\t\t\tmargin: auto;\n\t\t\t\t}\n\t\t\t\t#gallery-8 .gallery-item {\n\t\t\t\t\tfloat: left;\n\t\t\t\t\tmargin-top: 10px;\n\t\t\t\t\ttext-align: center;\n\t\t\t\t\twidth: 33%;\n\t\t\t\t}\n\t\t\t\t#gallery-8 img {\n\t\t\t\t\tborder: 2px solid #cfcfcf;\n\t\t\t\t}\n\t\t\t\t#gallery-8 .gallery-caption {\n\t\t\t\t\tmargin-left: 0;\n\t\t\t\t}\n\t\t\t\t\/* see gallery_shortcode() in wp-includes\/media.php *\/\n\t\t\t<\/style>\n\t\t<div id='gallery-8' class='dt-gallery-container gallery galleryid-217647 gallery-columns-3 gallery-size-thumbnail'><dl class='gallery-item'>\n\t\t\t\t<dt class='gallery-icon landscape'>\n\t\t\t\t\t<a class=\"rollover rollover-zoom dt-pswp-item\" title=\"Cantiere Serrai 23.06.21\" data-dt-img-description=\"\" data-large_image_width=\"1024\" data-large_image_height=\"768\"href='https:\/\/www.radiopiu.net\/wordpress\/wp-content\/uploads\/2021\/06\/Cantiere-Serrai-23.06.21.jpeg'><img loading=\"lazy\" decoding=\"async\" width=\"150\" height=\"150\" src=\"https:\/\/www.radiopiu.net\/wordpress\/wp-content\/uploads\/2021\/06\/Cantiere-Serrai-23.06.21-150x150.jpeg\" class=\"attachment-thumbnail size-thumbnail\" alt=\"\" \/><\/a>\n\t\t\t\t<\/dt><\/dl><dl class='gallery-item'>\n\t\t\t\t<dt class='gallery-icon landscape'>\n\t\t\t\t\t<a class=\"rollover rollover-zoom dt-pswp-item\" title=\"Cantiere Serrai 23.06.21_1\" data-dt-img-description=\"\" data-large_image_width=\"1024\" data-large_image_height=\"768\"href='https:\/\/www.radiopiu.net\/wordpress\/wp-content\/uploads\/2021\/06\/Cantiere-Serrai-23.06.21_1.jpeg'><img loading=\"lazy\" decoding=\"async\" width=\"150\" height=\"150\" src=\"https:\/\/www.radiopiu.net\/wordpress\/wp-content\/uploads\/2021\/06\/Cantiere-Serrai-23.06.21_1-150x150.jpeg\" class=\"attachment-thumbnail size-thumbnail\" alt=\"\" \/><\/a>\n\t\t\t\t<\/dt><\/dl><dl class='gallery-item'>\n\t\t\t\t<dt class='gallery-icon landscape'>\n\t\t\t\t\t<a class=\"rollover rollover-zoom dt-pswp-item\" title=\"Cantiere Serrai 23.06.21_2\" data-dt-img-description=\"\" data-large_image_width=\"1024\" data-large_image_height=\"768\"href='https:\/\/www.radiopiu.net\/wordpress\/wp-content\/uploads\/2021\/06\/Cantiere-Serrai-23.06.21_2.jpeg'><img loading=\"lazy\" decoding=\"async\" width=\"150\" height=\"150\" src=\"https:\/\/www.radiopiu.net\/wordpress\/wp-content\/uploads\/2021\/06\/Cantiere-Serrai-23.06.21_2-150x150.jpeg\" class=\"attachment-thumbnail size-thumbnail\" alt=\"\" \/><\/a>\n\t\t\t\t<\/dt><\/dl><br style=\"clear: both\" \/>\n\t\t\t<\/div>\n\n<p>&nbsp;<\/p>\n<p>&nbsp;<\/p>\n<p>&nbsp;<\/p>\n<hr \/>\n<blockquote>\n<h3><\/h3>\n<p>&nbsp;<\/p>\n<h1><strong><a href=\"https:\/\/www.radiopiu.net\/wordpress\/giornale-radiopiu-13-febbraio-2021-direttore-mirko-mezzacasa\/dinca-5\/\" rel=\"attachment wp-att-190918\"><img loading=\"lazy\" decoding=\"async\" class=\"wp-image-190918 alignleft\" src=\"https:\/\/www.radiopiu.net\/wordpress\/wp-content\/uploads\/2021\/02\/dinca-300x300.jpg\" alt=\"\" width=\"209\" height=\"209\" srcset=\"https:\/\/www.radiopiu.net\/wordpress\/wp-content\/uploads\/2021\/02\/dinca-300x300.jpg 300w, https:\/\/www.radiopiu.net\/wordpress\/wp-content\/uploads\/2021\/02\/dinca-1024x1024.jpg 1024w, https:\/\/www.radiopiu.net\/wordpress\/wp-content\/uploads\/2021\/02\/dinca-150x150.jpg 150w, https:\/\/www.radiopiu.net\/wordpress\/wp-content\/uploads\/2021\/02\/dinca-768x767.jpg 768w, https:\/\/www.radiopiu.net\/wordpress\/wp-content\/uploads\/2021\/02\/dinca.jpg 1080w\" sizes=\"auto, (max-width: 209px) 100vw, 209px\" \/><\/a>Olimpiadi 2026, D&#8217;Inc\u00e0: &#8220;Positivo tavolo tecnico voluto da Vezzali. Ora acceleriamo&#8221;<\/strong><\/h1>\n<p><strong><span style=\"color: #ff0000;\">IL MINISTRO<\/span><\/strong><\/p>\n<p><strong>\u00a0ROMA<\/strong><em> &#8220;Positiva l&#8217;accelerazione impressa dalla sottosegretaria Vezzali che oggi ha convocato un tavolo tecnico per fare il punto sulle opere messe in cantiere in vista delle Olimpiadi di Milano-Cortina. Non possiamo perdere tempo e bisogna lavorare per individuare gli interventi da finanziare con pi\u00f9 urgenza. Le Olimpiadi sono per il territorio e per il Paese un&#8217;occasione imperdibile non solo in vista dell&#8217;evento, ma anche e soprattutto per l&#8217;impatto economico e strutturale che avranno per le future generazioni. Realizziamo opere che valorizzano il territorio senza sprechi e all&#8217;insegna della sostenibilit\u00e0. In attesa della nomina sul commissario per le opere, la scorsa settimana \u00e8 stato compiuto un importante passo con l&#8217;allargamento della Societ\u00e0 alle infrastrutture sportive. Il lavoro \u00e8 impegnativo ma con le persone di estrema competenza sar\u00e0 possibile raggiungere l&#8217;obiettivo&#8221;.<\/em><\/p>\n<p>&nbsp;<\/p>\n<p>&nbsp;<\/p>\n<p>&nbsp;<\/p>\n<p>&nbsp;<\/p><\/blockquote>\n<hr \/>\n<blockquote>\n<h3>GLI ACCORPAMENTI SONO DANNOSI,\u00a0 IL TRIBUNALE VA POTENZIATO<\/h3>\n<p>ROMA\u00a0 <em>&#8220;Il tribunale di Belluno va potenziato. Va aumentato l\u2019organico, in virt\u00f9 della conformazione del territorio montano, altrimenti si rischia l\u2019accorpamento con altre realt\u00e0, che rischia di essere dannoso nell\u2019ottica dei servizi\u00bb.<\/em> \u00c8 quanto afferma il deputato di Forza Italia Dario Bond, che ha <a href=\"https:\/\/www.radiopiu.net\/wordpress\/il-giudice-del-lavoro-da-ragione-allulss1-dolomiti-il-risarcimento-richiesto-e-di-oltre-6-milioni-di-euro\/tribunale-1\/\" rel=\"attachment wp-att-53164\"><img loading=\"lazy\" decoding=\"async\" class=\" wp-image-53164 alignleft\" src=\"https:\/\/www.radiopiu.net\/wordpress\/wp-content\/uploads\/2018\/07\/TRIBUNALE-1-300x225.jpg\" alt=\"\" width=\"247\" height=\"185\" srcset=\"https:\/\/www.radiopiu.net\/wordpress\/wp-content\/uploads\/2018\/07\/TRIBUNALE-1-300x225.jpg 300w, https:\/\/www.radiopiu.net\/wordpress\/wp-content\/uploads\/2018\/07\/TRIBUNALE-1-768x576.jpg 768w, https:\/\/www.radiopiu.net\/wordpress\/wp-content\/uploads\/2018\/07\/TRIBUNALE-1.jpg 960w\" sizes=\"auto, (max-width: 247px) 100vw, 247px\" \/><\/a>parlato con la ministra della Giustizia Marta Cartabia, nell\u2019occasione dell\u2019informativa del governo Draghi alla Camera per il Consiglio europeo.<\/p><\/blockquote>\n<p><em>\u00abHo esposto alla ministra la situazione precaria del tribunale di Belluno: ci sono pochi giudici e due se ne stanno andando, avendo chiesto una assegnazione provvisoria altrove. Ho espresso la preoccupazione comunicatami dall\u2019ordine degli avvocati e ho chiesto che la situazione venga analizzata nel dettaglio. La provincia di Belluno infatti \u00e8 la pi\u00f9 estesa del Veneto e presenta territori molto dispersi. Soffre un tremendo spopolamento e il rischio di accorpamenti del tribunale con altre realt\u00e0 \u00e8 un\u2019ipotesi che non possiamo permetterci, perch\u00e9 significherebbe perdere un altro baluardo. Per questo ho parlato con la ministra, illustrandole possibili soluzioni. Servirebbe soprattutto un aumento dell\u2019organico. E servirebbe una variazione tabellare per inserire un presidente assegnato alla sezione civile del tribunale\u00bb.<\/em><\/p>\n<p>&nbsp;<\/p>\n<p>&nbsp;<\/p>\n<hr \/>\n<blockquote><p>&nbsp;<\/p>\n<h3>LA RICONFERMA DI POZZA ALLA PRESIDENZA DELLA CAMERA DI COMMERCIO. BERTON &#8220;LE SFIDE DA SOSTENERE&#8221;<\/h3>\n<\/blockquote>\n<p><strong><a href=\"https:\/\/www.radiopiu.net\/wordpress\/giornale-radiopiu-31-ottobre-2019-direttore-mirko-mezzacasa\/lorraine_berton-1-2\/\" rel=\"attachment wp-att-104566\"><img loading=\"lazy\" decoding=\"async\" class=\"wp-image-104566 alignleft\" src=\"https:\/\/www.radiopiu.net\/wordpress\/wp-content\/uploads\/2019\/10\/Lorraine_Berton-1-1-300x300.jpg\" alt=\"\" width=\"181\" height=\"181\" srcset=\"https:\/\/www.radiopiu.net\/wordpress\/wp-content\/uploads\/2019\/10\/Lorraine_Berton-1-1-300x300.jpg 300w, https:\/\/www.radiopiu.net\/wordpress\/wp-content\/uploads\/2019\/10\/Lorraine_Berton-1-1-150x150.jpg 150w, https:\/\/www.radiopiu.net\/wordpress\/wp-content\/uploads\/2019\/10\/Lorraine_Berton-1-1.jpg 767w\" sizes=\"auto, (max-width: 181px) 100vw, 181px\" \/><\/a>BELLUNO<\/strong> <em>\u00a0\u201cInfrastrutture, innovazione, competenze e Olimpiadi: sono queste le sfide del nostro territorio da qui ai prossimi anni, sfide che possono essere vinte solo se si ascoltano e rappresentano le imprese, cuore pulsante del territorio. Sono certa che Mario Pozza far\u00e0 la sua parte con determinazione. Noi, dal canto nostro, come industriali bellunesi, continueremo a far sentire la nostra voce e avanzare le nostre proposte all\u2019insegna della massima operativit\u00e0 e collaborazione\u201d. <\/em>A dirlo \u00e8 Lorraine Berton, presidente di Confindustria Belluno Dolomiti, a margine della riconferma di Mario Pozza ai vertici della Camera di Commercio di Treviso e Belluno. La Berton ricorda le sfide del futuro:\u00a0 un\u2019Olimpiade, lo sbocco a nord, la mobilit\u00e0 intervalliva,\u00a0 la banda larga e 5G,\u00a0 il ricambio generazionale e le\u00a0 competenze <em>\u201cA Pozza e all\u2019ente camerale\u201d, conclude Berton, \u201cchiedo un\u2019attenzione particolare per Belluno non tanto perch\u00e9 siamo meno popolosi di Treviso \u2013 e dunque abbiamo un peso politico inevitabilmente minore &#8211; ma perch\u00e9 \u00e8 qui \u2013 nelle terre alte \u2013 che si gioca la partita della sostenibilit\u00e0, della green economy e dell\u2019innovazione, insomma del futuro. Se la montagna \u00e8 in salute, lo \u00e8 tutto il Veneto, pianura compresa.<\/em><\/p>\n<p>&nbsp;<\/p>\n<blockquote><p>&nbsp;<\/p><\/blockquote>\n<hr \/>\n<blockquote>\n<h3 class=\"p1\"><span class=\"s1\">\u00a0<\/span><\/h3>\n<h3 class=\"p1\"><span class=\"s1\">CONFARTIGIANATO PRESENTE ALLA MOSTRA DELL\u2019ARTIGIANATO DI FELTRE: STAND DEDICATO AL MESTIERE DELLA LEGATORIA<\/span><\/h3>\n<\/blockquote>\n<p class=\"p1\"><span class=\"s1\"><strong>FELTRE <\/strong>La ripartenza mette a segno un altro colpo: a Feltre, torna la tradizionale Mostra dell\u2019artigianato. E quest\u2019anno, tra gli espositori, anche Confartigianato Belluno, con un progetto dedicato alla legatoria. Protagonista sar\u00e0 Sandro Francescon, presidente di mestiere, con la sua attivit\u00e0. <\/span><span class=\"s1\">\u00ab<em>Porteremo alla mostra una serie di oggetti storici che spiegano questa antica arte &#8211; spiega Francescon -. Vogliamo far conoscere un mestiere che pur con tutte le innovazioni tecnologiche avvenute nei secoli, \u00e8 rimasto legato a un particolare know-how<\/em>\u00bb. <\/span><\/p>\n<p>&nbsp;<\/p>\n<hr \/>\n<p>&nbsp;<\/p>\n<blockquote>\n<h3>DAI GIOVANI ALLA TRANSIZIONE ECOLOGICA<\/h3>\n<\/blockquote>\n<p><b><a href=\"https:\/\/www.radiopiu.net\/wordpress\/giornale-radiopiu-22-giugno-2021-direttore-mirko-mezzacasa\/testata-newsletter-spi-bl-002\/\" rel=\"attachment wp-att-217406\"><img loading=\"lazy\" decoding=\"async\" class=\" wp-image-217406 alignleft\" src=\"https:\/\/www.radiopiu.net\/wordpress\/wp-content\/uploads\/2021\/06\/testata-newsletter-SPI-BL-002-300x101.jpg\" alt=\"\" width=\"282\" height=\"95\" srcset=\"https:\/\/www.radiopiu.net\/wordpress\/wp-content\/uploads\/2021\/06\/testata-newsletter-SPI-BL-002-300x101.jpg 300w, https:\/\/www.radiopiu.net\/wordpress\/wp-content\/uploads\/2021\/06\/testata-newsletter-SPI-BL-002-1024x344.jpg 1024w, https:\/\/www.radiopiu.net\/wordpress\/wp-content\/uploads\/2021\/06\/testata-newsletter-SPI-BL-002-768x258.jpg 768w, https:\/\/www.radiopiu.net\/wordpress\/wp-content\/uploads\/2021\/06\/testata-newsletter-SPI-BL-002.jpg 1082w\" sizes=\"auto, (max-width: 282px) 100vw, 282px\" \/><\/a>BELLUNO <\/b>Sabato 26 giugno dalle 11\u00a0diretta &#8220;Il recovery plan dai giovani alla transizione ecologica&#8221;, sulla pagina Facebook e sul canale YouTube #DolomitiHub. Abbiamo sentito tanto parlare di \u201crecovery plan\u201d e Recovery Fund al telegiornale, alla radio, lo abbiamo letto sui giornali. Ma sappiamo davvero di cosa si tratta? Ecco un\u2019occasione per conoscerlo. Lo Spi Cgil Belluno, Dolomiti Hub e\u00a0Next Nuova Economia per tutti\u00a0promuovono questo momento formativo all\u2019interno del laboratorio \u201cConoscere le amministrazioni. Lo Spi Cgil incontra le\/i giovani\u201d.Dopo l\u2019introduzione di\u00a0Maria Rita Gentilin, segretaria generale di Spi Cgil Belluno, interverr\u00e0 Valentino Bobbio, segretario generale dell\u2019associazione\u00a0Next Nuova Economia per Tutti, con esperienza nella formazione e consulenza e da sempre impegnato sui temi della sostenibilit\u00e0 ambientale.<\/p>\n<p>&nbsp;<\/p>\n<p>&nbsp;<\/p>\n<hr \/>\n<p>&nbsp;<\/p>\n<div align=\"left\">\n<blockquote>\n<h3>TAMPONI PER ACCESSO ANCHE ALLE STRUTTURE OSPEDALIERE OLTRE CHE RESIDENZIALI DEL TERRITORIO<\/h3>\n<\/blockquote>\n<p><strong><a href=\"https:\/\/www.radiopiu.net\/wordpress\/covid-19-aumentata-la-capacita-giornaliera-di-analizzare-tamponi\/tamponi-covid\/\" rel=\"attachment wp-att-123875\"><img loading=\"lazy\" decoding=\"async\" class=\"size-medium wp-image-123875 alignleft\" src=\"https:\/\/www.radiopiu.net\/wordpress\/wp-content\/uploads\/2020\/03\/TAMPONI-COVID-300x200.jpg\" alt=\"\" width=\"300\" height=\"200\" srcset=\"https:\/\/www.radiopiu.net\/wordpress\/wp-content\/uploads\/2020\/03\/TAMPONI-COVID-300x200.jpg 300w, https:\/\/www.radiopiu.net\/wordpress\/wp-content\/uploads\/2020\/03\/TAMPONI-COVID-1024x684.jpg 1024w, https:\/\/www.radiopiu.net\/wordpress\/wp-content\/uploads\/2020\/03\/TAMPONI-COVID-768x513.jpg 768w, https:\/\/www.radiopiu.net\/wordpress\/wp-content\/uploads\/2020\/03\/TAMPONI-COVID.jpg 1102w\" sizes=\"auto, (max-width: 300px) 100vw, 300px\" \/><\/a>BELLUNO <\/strong>I tamponi vengono eseguiti gratuitamente nei seguenti covid poitn e orari: <strong>Drive-in Paludi <\/strong>dal luned\u00ec al sabato (festivi esclusi), dalle 8.30 alle 12.30; <strong>Drive-in Feltre \u2013 loc. Anz\u00f9 <\/strong>dal luned\u00ec al sabato (festivi esclusi), dalle 8.30 alle 12.30; <strong>Drive-in Tai di Cadore <\/strong>marted\u00ec, gioved\u00ec e sabato (festivi esclusi), dalle 15.00 alle 17.00; <strong>Drive-in Agordo <\/strong>luned\u00ec, mercoled\u00ec e venerd\u00ec (festivi esclusi), dalle 16.00 alle 17.00; <strong>Drive in Belluno (area ospedale San Martino \u2013 vicino ad asilo aziendale) <\/strong>domenica e festivi, dalle 8.30 alle 10.30.<\/p>\n<\/div>\n<div align=\"left\"><\/div>\n<p>&nbsp;<\/p>\n<p>&nbsp;<\/p>\n<p>&nbsp;<\/p>\n<hr \/>\n<p>&nbsp;<\/p>\n<blockquote>\n<h3>TEST ANTIGIENICI NELLE FARMACIE A BELLUNO,CORTINA, FELTRE, ALPAGO, VALBELLUNA E CADORE<\/h3>\n<\/blockquote>\n<p><a href=\"https:\/\/www.radiopiu.net\/wordpress\/azienda-agordo-servizi-farmacia-e-asilo-nido-bilancio-in-positivo\/farmacia-2\/\" rel=\"attachment wp-att-84142\"><img loading=\"lazy\" decoding=\"async\" class=\"size-full wp-image-84142 alignleft\" src=\"https:\/\/www.radiopiu.net\/wordpress\/wp-content\/uploads\/2019\/04\/FARMACIA.jpg\" alt=\"\" width=\"295\" height=\"171\" \/><\/a><strong>BELLUNO<\/strong> Con l\u2019avvio della stagione turistica ecco le Farmacie che ad oggi hanno aderito al Protocollo di Intesa per l&#8217;esecuzione del test antigenico rapido: <strong>BELLUNO<\/strong>\u00a0FARMACIE CHIMENTI e FARMACIA VENEGGIA <strong>CORTINA<\/strong><u> \u00a0<\/u>FARMACIA SAN GIORGIO e\u00a0 FARMACIA INTERNAZIONALE\u00a0 <strong>FELTRE<\/strong> FARMACIA COMUNALE e\u00a0 FARMACIA MINCIOTTI <strong>ALPAGO<\/strong><u> <\/u>FARMACIA PHARMA FUTURE <strong>LIMANA <\/strong>FARMACIA SMERIERI <strong>TRICHIANA<\/strong> DOLOMITI sas <strong>SEDICO<\/strong>\u00a0 FARMACIA DR. ARRIGONI DOMINGO <strong>SEREN DEL GRAPPA <\/strong>FARMACIA MAZZOCCATO DR.SSA GIULIA <strong>BORGO VALBELLUNA <\/strong>FARMACIA AL CASTELLO <strong>VALLE DI CADORE <\/strong>FARMACIA SORAVIA <strong>AURONZO<\/strong> ENTE COOP. DI MUTUO SOCCORSO <strong>LOZZO DI CADORE<\/strong> DOLOMITI. L\u2019iniziativa \u00e8 rivolta ai cittadini che, a titolo totalmente volontario, intendono sottoporsi all\u2019effettuazione del test antigenico rapido, senza necessit\u00e0 di presentare ricetta medica e a proprio carico. Il costo della prestazione non pu\u00f2 superare l\u2019importo di\u00a0 22\u00a0 euro.Rimangono invariate le modalit\u00e0 di esecuzione dei tamponi presso i siti individuati dalla ULSS 1 Dolomiti, su prescrizione del Medico di Medicina Generale o Pediatra di Libera Scelta o su invito del Dipartimento di Prevenzione dell\u2019ULSS. Dal 7 giugno le farmacie territoriali effettuano tamponi anche a favore di cittadini italiani non assistiti in Veneto e di cittadini stranieri. Le farmacie, effettuato il tampone antigenico, rilasciano il relativo certificato.<\/p>\n<p>&nbsp;<\/p>\n<hr \/>\n<h2><\/h2>\n<h2><span style=\"color: #ff0000;\">IERI ALLA RADIO\u00a0\u00a0<\/span><\/h2>\n<blockquote>\n<h3>I PROFESSIONISTI DEL POLIAMBULATORIO AGORDINO RISPONDONO AGLI ASCOLTATORI DI RADIO PIU&#8217;<\/h3>\n<\/blockquote>\n<p><strong>PUNTATA 03 23 GIUGNO 2021 CON IL DOTTOR CESARE DAL BO&#8217;\u00a0<\/strong><\/p>\n<audio class=\"wp-audio-shortcode\" id=\"audio-217647-29\" preload=\"none\" style=\"width: 100%;\" controls=\"controls\"><source type=\"audio\/mpeg\" src=\"https:\/\/www.radiopiu.net\/wordpress\/wp-content\/uploads\/2021\/06\/poli-agordo-rispnde-seconda-puntata-23-giugno.mp3?_=29\" \/><a href=\"https:\/\/www.radiopiu.net\/wordpress\/wp-content\/uploads\/2021\/06\/poli-agordo-rispnde-seconda-puntata-23-giugno.mp3\">https:\/\/www.radiopiu.net\/wordpress\/wp-content\/uploads\/2021\/06\/poli-agordo-rispnde-seconda-puntata-23-giugno.mp3<\/a><\/audio>\n<p><strong>\u00a0<\/strong><\/p>\n<p><strong>LA RACCOLTA COMPLETA\u00a0<\/strong><\/p>\n<blockquote class=\"wp-embedded-content\" data-secret=\"91XxLObDOM\"><p><a href=\"https:\/\/www.radiopiu.net\/wordpress\/i-professionisti-del-poliambulatorio-agordino-rispondono\/\">I PROFESSIONISTI DEL POLIAMBULATORIO AGORDINO RISPONDONO<\/a><\/p><\/blockquote>\n<p><iframe loading=\"lazy\" class=\"wp-embedded-content\" sandbox=\"allow-scripts\" security=\"restricted\" style=\"position: absolute; clip: rect(1px, 1px, 1px, 1px);\" title=\"&#8220;I PROFESSIONISTI DEL POLIAMBULATORIO AGORDINO RISPONDONO&#8221; &#8212; Radio Pi\u00f9\" src=\"https:\/\/www.radiopiu.net\/wordpress\/i-professionisti-del-poliambulatorio-agordino-rispondono\/embed\/#?secret=91XxLObDOM\" data-secret=\"91XxLObDOM\" width=\"600\" height=\"338\" frameborder=\"0\" marginwidth=\"0\" marginheight=\"0\" scrolling=\"no\"><\/iframe><\/p>\n<p>&nbsp;<\/p>\n<p>&nbsp;<\/p>\n<hr \/>\n<blockquote>\n<h3><\/h3>\n<h3>LE CHIUSURE DEI PASSI DOLOMITICI IN OCCASIONE DEL\u00a0 SELLA RONDA BIKE DAY<\/h3>\n<\/blockquote>\n<p><strong><a href=\"https:\/\/www.radiopiu.net\/wordpress\/lemergenza-stravolge-i-piani-turistici-annullati-gli-eventi-in-terra-fodom\/sellaronda-bike-day-ph-credit_freddy-planinschek\/\" rel=\"attachment wp-att-132243\"><img loading=\"lazy\" decoding=\"async\" class=\" wp-image-132243 alignleft\" src=\"https:\/\/www.radiopiu.net\/wordpress\/wp-content\/uploads\/2020\/04\/Sellaronda-bike-day-ph.credit_freddy-planinschek-300x200.jpg\" alt=\"\" width=\"144\" height=\"96\" srcset=\"https:\/\/www.radiopiu.net\/wordpress\/wp-content\/uploads\/2020\/04\/Sellaronda-bike-day-ph.credit_freddy-planinschek-300x200.jpg 300w, https:\/\/www.radiopiu.net\/wordpress\/wp-content\/uploads\/2020\/04\/Sellaronda-bike-day-ph.credit_freddy-planinschek-768x512.jpg 768w, https:\/\/www.radiopiu.net\/wordpress\/wp-content\/uploads\/2020\/04\/Sellaronda-bike-day-ph.credit_freddy-planinschek.jpg 990w\" sizes=\"auto, (max-width: 144px) 100vw, 144px\" \/><\/a>LIVINALLONGO<\/strong> Domenica 27 giugno per il Sella Ronda Bike Day ci saranno delle limitazioni al traffico sui passi dolomitici.<\/p>\n<p class=\"p1\"><span class=\"s1\"><strong> DOMENICA 27 giugno 2021<\/strong>: SELLA RONDA BIKE DAY con la chiusura dei 4 Passi Dolomitici attorno al massiccio del Sella: <\/span><span class=\"s2\">Passo Campolongo, Passo Gardena, Passo Sella e Passo Pordoi dalle ore 8:30 alle ore 15:30. <\/span><span class=\"s1\">Ai ciclisti si consiglia il senso antiorario, quindi in salita da Arabba verso il Passo Campolongo.<\/span><\/p>\n<p>&nbsp;<\/p>\n<p>&nbsp;<\/p>\n<hr \/>\n<p>&nbsp;<\/p>\n<blockquote>\n<h3>A LIVINALLONGO PARTE LA RACCOLTA DELLE DOCUMENTAZIONI PER I RISTORI DEI DANNI SUBITI DAL MALTEMPO DAL 12 AL 29 NOVEMBRE 2019<\/h3>\n<\/blockquote>\n<p><strong><a href=\"https:\/\/www.radiopiu.net\/wordpress\/il-minuto-di-silenzo-a-belluno-feltre-e-in-tutto-lagordino\/minuto-silenzio-municipio-livinallongo\/\" rel=\"attachment wp-att-126458\"><img loading=\"lazy\" decoding=\"async\" class=\" wp-image-126458 alignleft\" src=\"https:\/\/www.radiopiu.net\/wordpress\/wp-content\/uploads\/2020\/03\/MINUTO-SILENZIO-MUNICIPIO-LIVINALLONGO-267x300.jpg\" alt=\"\" width=\"147\" height=\"165\" srcset=\"https:\/\/www.radiopiu.net\/wordpress\/wp-content\/uploads\/2020\/03\/MINUTO-SILENZIO-MUNICIPIO-LIVINALLONGO-267x300.jpg 267w, https:\/\/www.radiopiu.net\/wordpress\/wp-content\/uploads\/2020\/03\/MINUTO-SILENZIO-MUNICIPIO-LIVINALLONGO-768x863.jpg 768w, https:\/\/www.radiopiu.net\/wordpress\/wp-content\/uploads\/2020\/03\/MINUTO-SILENZIO-MUNICIPIO-LIVINALLONGO.jpg 854w\" sizes=\"auto, (max-width: 147px) 100vw, 147px\" \/><\/a>LIVINALLONGO <\/strong>\u00c8 iniziata la raccolta dei moduli inerenti ai danni subiti dal maltempo tra il 12 e il 29 novembre 2019. I proprietari dei beni mobili registrati danneggiati nel territorio comunale di Livinallongo del Col di Lana durante le eccezionali avversit\u00e0 atmosferiche possono effettuare segnalazione dei danni subiti e richiesta di contributo esclusivamente tramite la compilazione del modulo di istanza che possono trovare presso l&#8217;ufficio comunale. I moduli regolarmente compilati e sottoscritti, dovranno essere consegnati entro le 12 di luned\u00ec 12 luglio 2021 presso l&#8217;ufficio protocollo del Comune di Livinallongo del Col di Lana oppure mediante posta certificata a <a href=\"mailto:sindaco.comune.livinallongo.bl@pecveneto.it\">sindaco.comune.livinallongo.bl@pecveneto.it<\/a> specificando nell&#8217;oggetto \u201cEvento 12 &#8211; 29 novembre 2019. Istanza di contributo per beni immobili registrati\u201d. Per informazioni chiamare il numero 0436\/7193 interno 2<\/p>\n<p>&nbsp;<\/p>\n<p>&nbsp;<\/p>\n<hr \/>\n<p>&nbsp;<\/p>\n<blockquote>\n<h3>RICHIESTA DANNI SUBITI DOPO IL MALTEMPO DELLO SCORSO DICEMBRE<\/h3>\n<\/blockquote>\n<p><strong>FELTRE<\/strong> I privati cittadini residenti nel Comune di Feltre che hanno subito danni a beni mobili registrati (quali ad esempio: auto, moto, mezzi di lavoro, altri mezzi di trasporto privati&#8230; ) durante l&#8217;evento meteo del 4-6 dicembre 2020, possono effettuare richiesta di contributo regionale finalizzato al ristoro dei danni stessi, fatto salvo il pieno rispetto dei requisiti e delle modalita\u0300 indicate.<\/p>\n<p><strong>PER LEGGERE L&#8217;AVVISO DEL COMUNE DI FELTRE <a href=\"https:\/\/www.radiopiu.net\/wordpress\/wp-content\/uploads\/2021\/06\/Avviso-pubblico-ristoro-beni-mobili-evento-dic-2020.pdf\">CLICCA QUI<\/a><\/strong><\/p>\n<p>&nbsp;<\/p>\n<p>&nbsp;<\/p>\n<hr \/>\n<p>&nbsp;<\/p>\n<blockquote>\n<h3>A GOSALDO IL CONSIGLIO COMUNALE CONVOCATO PER OGGI<\/h3>\n<\/blockquote>\n<p><strong>DI GIANNI SANTOMASO\u00a0<\/strong><\/p>\n<audio class=\"wp-audio-shortcode\" id=\"audio-217647-30\" preload=\"none\" style=\"width: 100%;\" controls=\"controls\"><source type=\"audio\/mpeg\" src=\"https:\/\/www.radiopiu.net\/wordpress\/wp-content\/uploads\/2021\/06\/GIANNI-GOSALDO.mp3?_=30\" \/><a href=\"https:\/\/www.radiopiu.net\/wordpress\/wp-content\/uploads\/2021\/06\/GIANNI-GOSALDO.mp3\">https:\/\/www.radiopiu.net\/wordpress\/wp-content\/uploads\/2021\/06\/GIANNI-GOSALDO.mp3<\/a><\/audio>\n<p>&nbsp;<\/p>\n<p><strong>GOSALDO<\/strong> Il sindaco di Gosaldo Stefano Da Zanche ha convocato il consiglio comunale in videoconferenza per oggi alle 19:30. Sono 4 i punti da discutere tra cui una variazione al bilancio 2021-2022 e l&#8217;approvazione della convenzione con ATER Belluno per la gestione e l&#8217;assegnazione degli alloggi di edilizia residenziale pubblica.<\/p>\n<p>&nbsp;<\/p>\n<p>&nbsp;<\/p>\n<hr \/>\n<p>&nbsp;<\/p>\n<blockquote>\n<h3>OGGI IL CONSIGLIO COMUNALE A FALCADE, DIRETTA SUI CANALI SOCIAL DI RADIO PIU&#8217;<\/h3>\n<\/blockquote>\n<p><strong><a href=\"https:\/\/www.radiopiu.net\/wordpress\/consiglio-comunale-di-falcade-registrazione-integrale-durata-1h33m\/falcade-1\/\" rel=\"attachment wp-att-163186\"><img loading=\"lazy\" decoding=\"async\" class=\" wp-image-163186 alignleft\" src=\"https:\/\/www.radiopiu.net\/wordpress\/wp-content\/uploads\/2020\/09\/FALCADE-1-300x225.jpg\" alt=\"\" width=\"168\" height=\"126\" srcset=\"https:\/\/www.radiopiu.net\/wordpress\/wp-content\/uploads\/2020\/09\/FALCADE-1-300x225.jpg 300w, https:\/\/www.radiopiu.net\/wordpress\/wp-content\/uploads\/2020\/09\/FALCADE-1-768x576.jpg 768w, https:\/\/www.radiopiu.net\/wordpress\/wp-content\/uploads\/2020\/09\/FALCADE-1-640x480.jpg 640w, https:\/\/www.radiopiu.net\/wordpress\/wp-content\/uploads\/2020\/09\/FALCADE-1.jpg 960w\" sizes=\"auto, (max-width: 168px) 100vw, 168px\" \/><\/a>FALCADE<\/strong><\/p>\n<p>di Gianni Santomaso<\/p>\n<audio class=\"wp-audio-shortcode\" id=\"audio-217647-31\" preload=\"none\" style=\"width: 100%;\" controls=\"controls\"><source type=\"audio\/mpeg\" src=\"https:\/\/www.radiopiu.net\/wordpress\/wp-content\/uploads\/2021\/06\/GIANNI-CONSIGLIO-FALCADE.mp3?_=31\" \/><a href=\"https:\/\/www.radiopiu.net\/wordpress\/wp-content\/uploads\/2021\/06\/GIANNI-CONSIGLIO-FALCADE.mp3\">https:\/\/www.radiopiu.net\/wordpress\/wp-content\/uploads\/2021\/06\/GIANNI-CONSIGLIO-FALCADE.mp3<\/a><\/audio>\n<p>&nbsp;<\/p>\n<hr \/>\n<p>&nbsp;<\/p>\n<blockquote>\n<h3>DOMANI SERA IL CONSIGLIO COMUNALE DI CANALE D&#8217;AGORDO<\/h3>\n<\/blockquote>\n<p><strong>CANALE D&#8217;AGORDO<\/strong> Il sindaco di Canale D&#8217;Agordo Flavio Colcergnan ha convocato i consiglieri comunali per domani alle 20 presso la sala &#8220;Linda Bolda&#8221;. Si discuter\u00e0 di 7 punti. Tra gli argomenti il rendiconto e l&#8217;approvazione della gestione d&#8217;esercizio finanziario 2020, una variazione al bilancio, la revoca della delibera del consiglio comunale riguardante la surroga del consigliere dimissionario nella commissione elettorale comunale e la donazione di alcune aree censite del comune di Canale D&#8217;Agordo.<\/p>\n<p>&nbsp;<\/p>\n<p>&nbsp;<\/p>\n<hr \/>\n<p>&nbsp;<\/p>\n<blockquote>\n<h3>LUNEDI&#8217; IL CONSIGLIO DELL&#8217;UNIONE MONTANA<\/h3>\n<\/blockquote>\n<p><strong>AGORDO<\/strong> Il Presidente dell&#8217;Unione Montana Agordina Michele Costa ha convocato i consiglieri per luned\u00ec alle 20 in videoconferenza. Sar\u00e0 un consiglio breve con soli 2 punti da discutere. Si parler\u00e0 principalmente di rifiuti con l&#8217;approvazione del piano economico finanziario e le tariffe corrispettive all&#8217;anno 2021.<\/p>\n<p>&nbsp;<\/p>\n<hr \/>\n<p>&nbsp;<\/p>\n<blockquote>\n<h3>IL CONSIGLIO COMUNALE CHIAMATO AD APPROVARE L&#8217;ORDINE DELGIORNO SULLA CARENZA DI SEGRETARI COMUNALI<\/h3>\n<\/blockquote>\n<p><strong>ALLEGHE<\/strong> Il sindaco Danilo De Toni ha convocato il consiglio comunale per mercoledi alle 20. All&#8217;ordine del giorno la variazione al bilancio, l&#8217;approvazione del rendiconto dell&#8217;Azienda Speciale Consortile Agordina (Asca);\u00a0 riconoscimento della cittadinanza onoraria al milite ignoto; approvazione ordine del giorno sulla carenza sei segretari comunali, Alleghe ne \u00e8 l&#8217;esempio.<\/p>\n<p>&nbsp;<\/p>\n<hr \/>\n<p>&nbsp;<\/p>\n<p>&nbsp;<\/p>\n<blockquote>\n<h3>ANCHE IL SINDACO NINO DEON PROPONE LA CITTADINANZA ONORARIA PER IL MILITE IGNOTO<\/h3>\n<\/blockquote>\n<p><strong>RIVAMONTE<\/strong>\u00a0 Cos\u00ec a Rivamonte e nel resto del Paese con il consiglio comunale chiamato ad approvare la delibera che riconosce il milite ignoto cittadino onorario, sar\u00e0 uno dei temi del consiglio comunale di mercoledi alle 18.30, all&#8217;ordine del giorno la seconda variazione al bilancio, l&#8217;approvazione del rendiconto e della gestione finanziaria 2020<\/p>\n<p>&nbsp;<\/p>\n<hr \/>\n<p>&nbsp;<\/p>\n<blockquote>\n<h3>IL RITORNO ALLA SEDE COMUNALE<\/h3>\n<p>COLLE SANTA LUCIA\u00a0 Il Sindaco Paolo Frena ha convocato il cojnsiglio comunale per mercoledi alle 18, in discussione il bilancio, il rendionto finanziario, l&#8217;approvazione del bilancio Asca e il regolamento edilizio.<\/p><\/blockquote>\n<p>&nbsp;<\/p>\n<p>&nbsp;<\/p>\n<hr \/>\n<blockquote>\n<h3>DOMENICA L&#8217;ASSEMBLEA ANNUALE DEL GAV<\/h3>\n<\/blockquote>\n<p><strong>AGORDO<\/strong> Domenica mattina alle 11:10 presso la sala Framont del Centro Parrocchiale Mons. Savio di Agordo si terr\u00e0 l&#8217;assemblea annuale del GAV. Il presidente Sisto Da Roit ha messo in discussione 8 punti all&#8217;ordine del giorno tra cui la relazione delle attivit\u00e0 2020 e il bilancio consuntivo 2020 e preventivo 2021. Prima dell&#8217;assemblea la messa in ricordo dei volontari defunti.<\/p>\n<p>&nbsp;<\/p>\n<p>&nbsp;<\/p>\n<hr \/>\n<p>&nbsp;<\/p>\n<blockquote>\n<h3>CANDATEN&#8230; APERTURA CON IL BOTTO CON MERCATINI E GONFIABILI<\/h3>\n<\/blockquote>\n<p><strong><a class=\"dt-pswp-item\" href=\"https:\/\/www.radiopiu.net\/wordpress\/wp-content\/uploads\/2020\/07\/266a6863-05da-4041-9f1f-f7096615a091.jpg\" data-dt-img-description=\"\" data-large_image_width=\"1600\" data-large_image_height=\"1200\"><img loading=\"lazy\" decoding=\"async\" class=\"size-medium wp-image-150687 alignleft\" src=\"https:\/\/www.radiopiu.net\/wordpress\/wp-content\/uploads\/2020\/07\/266a6863-05da-4041-9f1f-f7096615a091-300x225.jpg\" alt=\"\" width=\"300\" height=\"225\" srcset=\"https:\/\/www.radiopiu.net\/wordpress\/wp-content\/uploads\/2020\/07\/266a6863-05da-4041-9f1f-f7096615a091-300x225.jpg 300w, https:\/\/www.radiopiu.net\/wordpress\/wp-content\/uploads\/2020\/07\/266a6863-05da-4041-9f1f-f7096615a091-1024x768.jpg 1024w, https:\/\/www.radiopiu.net\/wordpress\/wp-content\/uploads\/2020\/07\/266a6863-05da-4041-9f1f-f7096615a091-768x576.jpg 768w, https:\/\/www.radiopiu.net\/wordpress\/wp-content\/uploads\/2020\/07\/266a6863-05da-4041-9f1f-f7096615a091-1536x1152.jpg 1536w, https:\/\/www.radiopiu.net\/wordpress\/wp-content\/uploads\/2020\/07\/266a6863-05da-4041-9f1f-f7096615a091.jpg 1600w\" sizes=\"auto, (max-width: 300px) 100vw, 300px\" \/><\/a><br \/>\n<\/strong><\/p>\n<p><strong>OSPITE FRANCO ROCCON<\/strong><\/p>\n<p>&nbsp;<\/p>\n<p><strong>di Claudio Fontanive<\/strong><\/p>\n<audio class=\"wp-audio-shortcode\" id=\"audio-217647-32\" preload=\"none\" style=\"width: 100%;\" controls=\"controls\"><source type=\"audio\/mpeg\" src=\"https:\/\/www.radiopiu.net\/wordpress\/wp-content\/uploads\/2021\/06\/franco-roccon-candaten.mp3?_=32\" \/><a href=\"https:\/\/www.radiopiu.net\/wordpress\/wp-content\/uploads\/2021\/06\/franco-roccon-candaten.mp3\">https:\/\/www.radiopiu.net\/wordpress\/wp-content\/uploads\/2021\/06\/franco-roccon-candaten.mp3<\/a><\/audio>\n<p>&nbsp;<\/p>\n<p>&nbsp;<\/p>\n<p>&nbsp;<\/p>\n<hr \/>\n<blockquote>\n<h3>DOMANI LA PRESENTAZIONE DEL LIBRO &#8220;DAL PONT DEI CASTEI AL SASS DE LE CARBONERE&#8221;<\/h3>\n<\/blockquote>\n<p><b><a href=\"https:\/\/www.radiopiu.net\/wordpress\/domani-la-presentazione-del-libro-dal-pont-dei-castei-al-sass-de-le-carbonere\/00-copertina-castei-25-6-2021\/\" rel=\"attachment wp-att-217709\"><img loading=\"lazy\" decoding=\"async\" class=\"size-medium wp-image-217709 alignleft\" src=\"https:\/\/www.radiopiu.net\/wordpress\/wp-content\/uploads\/2021\/06\/00-Copertina-Caste\u0300i-25.6.2021-300x206.jpg\" alt=\"\" width=\"300\" height=\"206\" srcset=\"https:\/\/www.radiopiu.net\/wordpress\/wp-content\/uploads\/2021\/06\/00-Copertina-Caste\u0300i-25.6.2021-300x206.jpg 300w, https:\/\/www.radiopiu.net\/wordpress\/wp-content\/uploads\/2021\/06\/00-Copertina-Caste\u0300i-25.6.2021-1024x705.jpg 1024w, https:\/\/www.radiopiu.net\/wordpress\/wp-content\/uploads\/2021\/06\/00-Copertina-Caste\u0300i-25.6.2021-768x528.jpg 768w, https:\/\/www.radiopiu.net\/wordpress\/wp-content\/uploads\/2021\/06\/00-Copertina-Caste\u0300i-25.6.2021-1536x1057.jpg 1536w, https:\/\/www.radiopiu.net\/wordpress\/wp-content\/uploads\/2021\/06\/00-Copertina-Caste\u0300i-25.6.2021-2048x1409.jpg 2048w\" sizes=\"auto, (max-width: 300px) 100vw, 300px\" \/><\/a>AGORDO <\/b>Il Circolo Culturale Agordino segnala la presentazione dell\u2019ultimo libro del proprio\u00a0 socio onorario Giorgio Fontanive domani alle 17:30 in sala \u201cTamis\u201d.\u00a0 Si tratta de \u201cDal Pont dei Cast\u00e8i al Sass de le Carbon\u00e8re &#8211; Alla scoperta dell\u2019antico percorso della strada agordina nel tratto pi\u00f9 angusto della Gola del Cord\u00e9vole (1800-1915)\u201d:\u00a0 l\u2019autore ripercorre con immagini il tracciato post-veneziano per l\u2019accesso al capoluogo di vallata su cui poi si svilupper\u00e0 la S.R. n. 203 del Novecento che si concluder\u00e0 con l\u2019apertura del tunnel dei Cast\u00e8i. Una ricerca delle tracce cui tutti i percorritori della strada Agordina hanno volto uno sguardo: talora attento ma pi\u00f9 spesso distratto su delle opere che hanno via via dimostrato la grande maestria degli operai e dei responsabili tecnici che &#8211; oltre 200 anni or sono &#8211; seppero dar vita alla nuova viabilit\u00e0 della vallata.<\/p>\n<p>&nbsp;<\/p>\n<p><a href=\"https:\/\/www.radiopiu.net\/wordpress\/domani-la-presentazione-del-libro-dal-pont-dei-castei-al-sass-de-le-carbonere\/presentazione-25-6-2021\/\" rel=\"attachment wp-att-217707\"><img loading=\"lazy\" decoding=\"async\" class=\"alignnone wp-image-217707 size-large\" src=\"https:\/\/www.radiopiu.net\/wordpress\/wp-content\/uploads\/2021\/06\/PRESENTAZIONE-25-6-2021-1024x437.jpg\" alt=\"\" width=\"1024\" height=\"437\" srcset=\"https:\/\/www.radiopiu.net\/wordpress\/wp-content\/uploads\/2021\/06\/PRESENTAZIONE-25-6-2021-1024x437.jpg 1024w, https:\/\/www.radiopiu.net\/wordpress\/wp-content\/uploads\/2021\/06\/PRESENTAZIONE-25-6-2021-300x128.jpg 300w, https:\/\/www.radiopiu.net\/wordpress\/wp-content\/uploads\/2021\/06\/PRESENTAZIONE-25-6-2021-768x328.jpg 768w, https:\/\/www.radiopiu.net\/wordpress\/wp-content\/uploads\/2021\/06\/PRESENTAZIONE-25-6-2021-1536x656.jpg 1536w, https:\/\/www.radiopiu.net\/wordpress\/wp-content\/uploads\/2021\/06\/PRESENTAZIONE-25-6-2021-2048x875.jpg 2048w\" sizes=\"auto, (max-width: 1024px) 100vw, 1024px\" \/><\/a><\/p>\n<p>&nbsp;<\/p>\n<hr \/>\n<p>&nbsp;<\/p>\n<blockquote>\n<h3><a href=\"https:\/\/www.radiopiu.net\/wordpress\/quando-il-centro-estivo-fa-il-pieno\/whatsapp-image-2020-08-04-at-17-23-46\/\" rel=\"attachment wp-att-216713\"><img loading=\"lazy\" decoding=\"async\" class=\"wp-image-216713 alignleft\" src=\"https:\/\/www.radiopiu.net\/wordpress\/wp-content\/uploads\/2021\/06\/WhatsApp-Image-2020-08-04-at-17.23.46-300x225.jpeg\" alt=\"\" width=\"137\" height=\"103\" srcset=\"https:\/\/www.radiopiu.net\/wordpress\/wp-content\/uploads\/2021\/06\/WhatsApp-Image-2020-08-04-at-17.23.46-300x225.jpeg 300w, https:\/\/www.radiopiu.net\/wordpress\/wp-content\/uploads\/2021\/06\/WhatsApp-Image-2020-08-04-at-17.23.46-1024x768.jpeg 1024w, https:\/\/www.radiopiu.net\/wordpress\/wp-content\/uploads\/2021\/06\/WhatsApp-Image-2020-08-04-at-17.23.46-768x576.jpeg 768w, https:\/\/www.radiopiu.net\/wordpress\/wp-content\/uploads\/2021\/06\/WhatsApp-Image-2020-08-04-at-17.23.46-1536x1152.jpeg 1536w, https:\/\/www.radiopiu.net\/wordpress\/wp-content\/uploads\/2021\/06\/WhatsApp-Image-2020-08-04-at-17.23.46.jpeg 1600w\" sizes=\"auto, (max-width: 137px) 100vw, 137px\" \/><\/a>LE ATTIVITA&#8217; DI VOLONTARIATO DI SCUOLE IN RETE<\/h3>\n<\/blockquote>\n<p><strong>BELLUNO<\/strong> Dal primo luglio ritornano le tradizionali attivit\u00e0 di volontariato informatico delle Scuole in Rete, tramite le quali gli studenti e i volontari dell&#8217;Associazione Amici delle Scuole in Rete tenteranno di limitare il gap generazionale e sostenere adulti, anziani e associazioni nell&#8217;acquisizione delle competenze digitali per l&#8217;uso dello smartphone o del computer, ma anche di recuperare e ringiovanire\u00a0 vecchi pc dismessi dalle aziende a beneficio di famiglie e associazioni.\u00a0 Le iscrizioni online sul sito www.studentibelluno.it, oppure presso lo sportello del cittadino di Belluno<\/p>\n<p>&nbsp;<\/p>\n<p>&nbsp;<\/p>\n<hr \/>\n<p>&nbsp;<\/p>\n<blockquote>\n<h3>DA LUNEDI 13 SETTEMBRE IL NUOVO ANNO SCOLASTICO<\/h3>\n<\/blockquote>\n<p><img loading=\"lazy\" decoding=\"async\" class=\"alignleft\" src=\"https:\/\/www.radiopiu.net\/wordpress\/wp-content\/uploads\/2020\/09\/scuola-primaria-agordo-2.jpg\" width=\"122\" height=\"92\" \/><strong>VENEZIA<\/strong> Le scuole primarie e secondarie di primo grado inizieranno luned\u00ec 13 settembre 2021, concludendo le lezioni mercoled\u00ec 8 giugno 2022, mentre le scuole secondarie di secondo grado inizieranno la frequenza gioved\u00ec 16 settembre 2021 per concluderla venerd\u00ec 10 giugno 2022. Vacanze natalizie da venerd\u00ec 24 dicembre 2021 a sabato 8 gennaio 2022.\u00a0 Vacanze pasquali dal 14 al 19 aprile 2022. Per il carnevale scuole chiuse\u00a0 dal 28 febbraio al 2 marzo<\/p>\n<p>&nbsp;<\/p>\n<p>&nbsp;<\/p>\n<p>&nbsp;<\/p>\n<hr \/>\n<p>&nbsp;<\/p>\n<h3><strong><a href=\"https:\/\/www.radiopiu.net\/wordpress\/al-via-le-prenotazioni-per-il-concerto-la-mia-terra-con-roby-facchinetti\/6d2f3eca-51eb-475d-a53d-f8cc7852afd5\/\" rel=\"attachment wp-att-216089\"><img loading=\"lazy\" decoding=\"async\" class=\" wp-image-216089 alignleft\" src=\"https:\/\/www.radiopiu.net\/wordpress\/wp-content\/uploads\/2021\/06\/6d2f3eca-51eb-475d-a53d-f8cc7852afd5-300x300.jpg\" alt=\"\" width=\"169\" height=\"169\" srcset=\"https:\/\/www.radiopiu.net\/wordpress\/wp-content\/uploads\/2021\/06\/6d2f3eca-51eb-475d-a53d-f8cc7852afd5-300x300.jpg 300w, https:\/\/www.radiopiu.net\/wordpress\/wp-content\/uploads\/2021\/06\/6d2f3eca-51eb-475d-a53d-f8cc7852afd5-150x150.jpg 150w, https:\/\/www.radiopiu.net\/wordpress\/wp-content\/uploads\/2021\/06\/6d2f3eca-51eb-475d-a53d-f8cc7852afd5-768x768.jpg 768w, https:\/\/www.radiopiu.net\/wordpress\/wp-content\/uploads\/2021\/06\/6d2f3eca-51eb-475d-a53d-f8cc7852afd5.jpg 1024w\" sizes=\"auto, (max-width: 169px) 100vw, 169px\" \/><\/a><\/strong>AL VIA LE PRENOTAZIONI PER IL CONCERTO &#8220;LA MIA TERRA&#8221; CON ROBY FACCHINETTI<\/h3>\n<p><em>Regione Veneto, Provincia di Belluno, Comune di Falcade, Pro Loco Falcade Caviola, PromoFalcade Dolomiti e Ski Area San Pellegrino.<\/em><\/p>\n<p><strong>FALCADE <\/strong>\u00a0Diretti dal Maestro Diego Basso un centinaio di artisti tra musicisti e coristi dell\u2019Orchestra Ritmico Sinfonica Italiana e Le Voci di Art Voice Academy.\u00a0 L\u2019accesso all\u2019area del concerto e\u0300 raggiungibile solo su prenotazione, tramite il sito: <a href=\"https:\/\/www.falcadedolomiti.it\/falcade-e-il-concerto-la-mia-terra\/\">https:\/\/www.falcadedolomiti.it\/falcade-e-il-concerto-la-mia-terra\/\u00a0<\/a><\/p>\n<p>&nbsp;<\/p>\n<p>&nbsp;<\/p>\n<hr \/>\n<p>&nbsp;<\/p>\n<blockquote>\n<h3><a href=\"https:\/\/www.radiopiu.net\/wordpress\/giornale-radiopiu-17-giugno-2021-direttore-mirko-mezzacasa\/aaa_offesi_edizione_2020\/\" rel=\"attachment wp-att-216401\"><img loading=\"lazy\" decoding=\"async\" class=\"wp-image-216401 alignleft\" src=\"https:\/\/www.radiopiu.net\/wordpress\/wp-content\/uploads\/2021\/06\/Aaa_Offesi_edizione_2020-300x178.jpg\" alt=\"\" width=\"202\" height=\"120\" srcset=\"https:\/\/www.radiopiu.net\/wordpress\/wp-content\/uploads\/2021\/06\/Aaa_Offesi_edizione_2020-300x178.jpg 300w, https:\/\/www.radiopiu.net\/wordpress\/wp-content\/uploads\/2021\/06\/Aaa_Offesi_edizione_2020.jpg 521w\" sizes=\"auto, (max-width: 202px) 100vw, 202px\" \/><\/a>ESTATE UTILE E CREATIVA PER I GIOVANI DEL TERRITORIO<\/h3>\n<\/blockquote>\n<p><strong>PONTE NELLE ALPI<\/strong>\u00a0 Torna il progetto Aaa Offresi, promosso dal Comune di Ponte nelle Alpi: i laboratori creativi e le attivit\u00e0 di manutenzione si svilupperanno da luned\u00ec 5 luglio alla prima settimana di settembre.<\/p>\n<p>sito www.comune.pontenellealpi.bl.it.<\/p>\n<p>&nbsp;<\/p>\n<p>&nbsp;<\/p>\n<hr \/>\n<p>&nbsp;<\/p>\n<blockquote>\n<h3>IL MUSEO VITTORINO CAZZETTA APRE LE PORTE AL PUBBLICO<\/h3>\n<\/blockquote>\n<p><strong><a href=\"https:\/\/www.radiopiu.net\/wordpress\/giornale-radiopiu-24-giugno-2021-direttore-mirko-mezzacasa\/flyer_orari_estate_2021\/\" rel=\"attachment wp-att-217728\"><img loading=\"lazy\" decoding=\"async\" class=\"size-medium wp-image-217728 alignleft\" src=\"https:\/\/www.radiopiu.net\/wordpress\/wp-content\/uploads\/2021\/06\/Flyer_orari_estate_2021-300x211.png\" alt=\"\" width=\"300\" height=\"211\" srcset=\"https:\/\/www.radiopiu.net\/wordpress\/wp-content\/uploads\/2021\/06\/Flyer_orari_estate_2021-300x211.png 300w, https:\/\/www.radiopiu.net\/wordpress\/wp-content\/uploads\/2021\/06\/Flyer_orari_estate_2021-1024x721.png 1024w, https:\/\/www.radiopiu.net\/wordpress\/wp-content\/uploads\/2021\/06\/Flyer_orari_estate_2021-768x541.png 768w, https:\/\/www.radiopiu.net\/wordpress\/wp-content\/uploads\/2021\/06\/Flyer_orari_estate_2021-1536x1081.png 1536w, https:\/\/www.radiopiu.net\/wordpress\/wp-content\/uploads\/2021\/06\/Flyer_orari_estate_2021.png 2000w\" sizes=\"auto, (max-width: 300px) 100vw, 300px\" \/><\/a>SELVA DI CADORE <\/strong>A luglio e agosto il Museo Vittorino Cazzetta sar\u00e0 aperto tutti i giorni, compreso il luned\u00ec, dalle 10 alle 13 e dalle 15 alle 19. Per la visita del museo \u00e8 gradita la prenotazione. Per info consultare il sito <a title=\"http:\/\/www.museoselvadicadore.it\" href=\"http:\/\/www.museoselvadicadore.it\/\" target=\"_blank\" rel=\"noopener\">www.museoselvadicadore.it <\/a>\u00a0Dal 26 giugno al via le\u00a0 attivit\u00e0 divulgative per tutti. Le attivit\u00e0 sono comprese nel costo del biglietto del museo anche\u00a0 in spazi esterni alla struttura.<\/p>\n<p>&nbsp;<\/p>\n<p>&nbsp;<\/p>\n<p>&nbsp;<\/p>\n<p>&nbsp;<\/p>\n<p>&nbsp;<\/p>\n<hr \/>\n<p>&nbsp;<\/p>\n<p>&nbsp;<\/p>\n<blockquote>\n<h3>IL PREMIO STREGA PAOLO MALAGUTI AL PRIMO APPUNTAMENTO IN PRESENZA CON\u00a0 DOLOMITI HUB<\/h3>\n<h3><strong><a href=\"https:\/\/www.radiopiu.net\/wordpress\/?attachment_id=217789\" rel=\"attachment wp-att-217789\"><img loading=\"lazy\" decoding=\"async\" class=\"size-medium wp-image-217789 alignleft\" src=\"https:\/\/www.radiopiu.net\/wordpress\/wp-content\/uploads\/2021\/06\/POSTER-Se-lacqua-ride-212x300.png\" alt=\"\" width=\"212\" height=\"300\" srcset=\"https:\/\/www.radiopiu.net\/wordpress\/wp-content\/uploads\/2021\/06\/POSTER-Se-lacqua-ride-212x300.png 212w, https:\/\/www.radiopiu.net\/wordpress\/wp-content\/uploads\/2021\/06\/POSTER-Se-lacqua-ride-724x1024.png 724w, https:\/\/www.radiopiu.net\/wordpress\/wp-content\/uploads\/2021\/06\/POSTER-Se-lacqua-ride-768x1086.png 768w, https:\/\/www.radiopiu.net\/wordpress\/wp-content\/uploads\/2021\/06\/POSTER-Se-lacqua-ride-1086x1536.png 1086w, https:\/\/www.radiopiu.net\/wordpress\/wp-content\/uploads\/2021\/06\/POSTER-Se-lacqua-ride-1448x2048.png 1448w, https:\/\/www.radiopiu.net\/wordpress\/wp-content\/uploads\/2021\/06\/POSTER-Se-lacqua-ride.png 1587w\" sizes=\"auto, (max-width: 212px) 100vw, 212px\" \/><\/a><\/strong><\/h3>\n<\/blockquote>\n<p><strong>FONZASO<\/strong>\u00a0 Dolomiti Hub torna a proporre eventi dal vivo\u00a0 in via Monte Vallorca 9 nella zona industriale di Fonzaso. Domenica alle 18\u00a0 ospite lo scrittore \u00a0Paolo Malaguti. Docente di Lettere a Bassano del Grappa e gi\u00e0 autore in concorso al Premio Strega 2016 con <em>\u201cLa reliquia di Costantinopoli\u201d<\/em>, ora \u00e8 finalista al prestigioso Premio Campiello 2021 con il libro <em>\u201cSe l\u2019acqua ride\u201d<\/em>. Moderazione dell\u2019editor e hubber Davide Da Mutten.<\/p>\n<p>La partecipazione \u00e8 gratuita fino a esaurimento posti, motivo per cui \u00e8 <strong>consigliata la prenotazione<\/strong> iscrivendosi al link <a href=\"https:\/\/dolomitihub.it\/se-lacqua-ride\/\">https:\/\/dolomitihub.it\/se-lacqua-ride\/<\/a><\/p>\n<p>&nbsp;<\/p>\n<p><strong>IL LIBRO<\/strong>:\u00a0<em> 1966, l&#8217;anno della grande alluvione. Al timone degli affusolati burchi dal fondo piatto, da sempre i barcari trasportano merci lungo la rete di acque che si snoda da Cremona a Trieste, da Ferrara a Treviso. Ganbeto conquista i canali sul burchio del nonno Caronte, imparando a vivere a colpi di remo. Paolo Malaguti ha scritto un libro pieno di grazia, l&#8217;avventura al tramonto di un mondo che corre sull&#8217;acqua osservato dagli occhi pi\u00fa curiosi che ci siano, quelli di un ragazzino che vuole diventare grande.<\/em><\/p>\n<p>&nbsp;<\/p>\n<p>&nbsp;<\/p>\n<p>&nbsp;<\/p>\n<hr \/>\n<p>&nbsp;<\/p>\n<blockquote>\n<h3>TRA FELTRO E FELTRE&#8230;DANTE CON IL LIBRO PARLATO DI FELTRE<\/h3>\n<\/blockquote>\n<p><strong>FELTRE<\/strong> \u00c8 in programma per domenica 4 luglio alle 17:30 &#8220;Tra Feltro e Feltre&#8230;700 anni dalla morte di Dante&#8221;, la lettura della Divina Commedia, La Vita Nova, Le Rime e le Epistole in Chiesa San Rocco nella Piazza Maggiore di Feltre con le voci dei Libri Parlanti Luisa Alchini, Ornella Favretti, Annunciata Olivieri, Enis Pocchetto, Maria Teresa Totti e Mauro Viani. Per informazioni www.libroparlato.org oppure www.fondacofeltre.it<\/p>\n<p>&nbsp;<\/p>\n<hr \/>\n<p>&nbsp;<\/p>\n<p>&nbsp;<\/p>\n<blockquote>\n<h2>CAPUTO, \u201cCURIOSANDO PER BELLUNO\u201d HA CENSITO DIVERSI LAVORI IN LEGNO<\/h2>\n<\/blockquote>\n<h3>di RENATO BONA<\/h3>\n<p><strong>BELLUNO\u00a0<\/strong> Sinceri complimenti all\u2019amico Vincenzo Caputo il quale ha realizzato in proprio (stampa tipografia Sommavilla), con la preziosa collaborazione dell\u2019architetto Roberto Reolon (autore fra l\u2019altro dell\u2019interessante testimonianza \u201cI segni del passato\u201d), il libro \u201cCuriosando per la citt\u00e0 di Belluno\u201d, che lo ha portato alla scoperta di frammenti d\u2019arte locale del passato. Proseguiamo la ri-lettura-visione (davvero numerose le immagini, molte dell\u2019autore le altre di Carla De Poli autrice anche della copertina) soffermandoci sul capitolo \u201cLavori in legno-Sculture-Intaglio\u201d dove Caputo giustamente richiama il fatto che \u201cCaratteristico della montagna bellunese \u00e8 l\u2019artigianato del legno, con numerosi e importanti esempi nel passato, A Belluno e lungo le sue vallate nei secoli si sono sviluppate importanti attivit\u00e0 di artigianato che hanno trovato alimento dall\u2019abbondanza di materie prime reperibili nel territorio\u201d. Importante \u2013 sottolinea \u2013 la produzione artistica della scultura lignea di alcuni valenti artigiani specializzati nell\u2019intaglio, nei lavori di intarsio e cesello del legno. E ricorda in particolare Andrea Brustolon che ne fu il principale interprete, seguito da altri esponenti dell\u2019arte bellunese che lasciarono testimonianze di pregevole fattura: Valentino Panciera Besarel, Angelo Majer, Francesco Frescura e altri ancora che, con attrezzi rudimentali, ricavavano opere di grande pregio artistico, che erano numerose negli stalli dei cori, negli armadi di sacrestia\u2026 e in proposito cita Borgo Pra dove \u201cancora nel secolo scorso, conosciuti per la loro bravura vi erano esperti lavoratori del legno: mobilieri, ebanisti e intagliatori, quelli che si affermarono come \u201cmarangoni\u201d. Caputo &#8211; che ha voluto dedicare la sua impegnativa ricerca alla moglie Carmela, con una citazione particolare \u201cper il loro contributo alla realizzazione di questo lavoro\u201d a: Roberto Reolon, alle amiche Orsola Petrella e Carla De Poli, autrice anche della copertina, nonch\u00e9 al figlio Marco &#8211; passa quindi ad esporre le caratteristiche della materia prima legno per poi soffermarsi sul suo impiego nei lavori di falegnameria, artigianali ed artistici e proporre un paio di curiosit\u00e0: nella mitologia greco-romana alcuni alberi sono sacri a speciali divinit\u00e0: il cipresso a Platone, il faggio a Giove, il frassino a Marte, l\u2019olivo a Minerva, il pino a Cibele, la quercia a Diana\u2026 Genealogia, la scienza che si occupa della ricerca delle origini, della discendenza o estinzione di una famiglia, con un progetto grafico che rappresenta la linea diretta, cio\u00e8 il tronco, e quelle collaterali, vale a dire i rami, per proporre sotto forma di albero genealogico con le sue ramificazioni, la filiazione regolare dei membri di una stessa famiglia. A seguire, propone una serie di immagini riprese a Belluno, con stringate diciture, partendo da Via Mezzaterra, civico 90, del quale riproduce un \u201clavoro in legno quale ornamento dei portoni in entrambi i battenti\u201d richiamando il fatto che sulla facciata, l\u2019edificio ha una iscrizione risalente al 1656. Si sposta quindi nella via Garibaldi 8 dove vi \u00e8 il Cinema Italia di cui scrive: \u201cIl cinema edificato su progetto dell\u2019architetto R. Alfar\u00e8 del 1907, fu inaugurato nel 1926. E\u2019 sorto sullo spazio dell\u2019antica chiesa di Santa Maria Nova edificata nel 1326 e demolita dopo il 1806\u201d e pubblica il particolare di un lavoro di intaglio su uno dei battenti del portone precisando che uguale ornamento \u00e8 ripetuto in tutti i sei portoni con i dodici battenti. Si sposta quindi nella Chiesa di Santo Stefano, del secolo XV, nella piazzetta omonima, presentando cos\u00ec la porta laterale destra: \u201cI lavori della chiesa assieme all\u2019attiguo convento dei Padri Serviti furono ultimati nel 1485. Sul fianco sud nel 1892 vennero inseriti porta e portale gotico, provenienti dalla soppressa chiesa di Santa Maria dei Battuti (1400). I battenti in legno restaurati nel 1968 e ornati da una serie di 45 formelle quadrate scolpite a soggetti floreali, ognuna diversa dalle altre, sono una copia della porta originale che si trova presso il Museo Civico. Chiude trasferendosi a Borgo Pra per la Via Le Scalette dove si sofferma sul civico 32 all\u2019altezza di una \u201cPorta d\u2019entrata di una casa risalente al secolo XVII. Si accede dalle scalette che conducono al centro citt\u00e0, realizzate nei anni Trenta del secolo scorso al posto di un clivio sconnesso. Via Erta, cos\u00ec si legge appena nella tarda dell\u2019edificio che reca ancora la vecchia scritta. L\u2019uscio dai piacevoli motivi in legno intagliato \u00e8 completato con un motivo in ferro. La realizzazione \u00e8 del primo dopoguerra ad opera di un falegname locale del Borgo.<\/p>\n<p>&nbsp;<\/p>\n\n\t\t\t<style type='text\/css'>\n\t\t\t\t#gallery-9 {\n\t\t\t\t\tmargin: auto;\n\t\t\t\t}\n\t\t\t\t#gallery-9 .gallery-item {\n\t\t\t\t\tfloat: left;\n\t\t\t\t\tmargin-top: 10px;\n\t\t\t\t\ttext-align: center;\n\t\t\t\t\twidth: 25%;\n\t\t\t\t}\n\t\t\t\t#gallery-9 img {\n\t\t\t\t\tborder: 2px solid #cfcfcf;\n\t\t\t\t}\n\t\t\t\t#gallery-9 .gallery-caption {\n\t\t\t\t\tmargin-left: 0;\n\t\t\t\t}\n\t\t\t\t\/* see gallery_shortcode() in wp-includes\/media.php *\/\n\t\t\t<\/style>\n\t\t<div id='gallery-9' class='dt-gallery-container gallery galleryid-217647 gallery-columns-4 gallery-size-thumbnail'><dl class='gallery-item'>\n\t\t\t\t<dt class='gallery-icon portrait'>\n\t\t\t\t\t<a class=\"rollover\" href='https:\/\/www.radiopiu.net\/wordpress\/caputo-curiosando-per-belluno-ha-censito-diversi-lavori-in-legno\/202790265_227444082544362_7759553576965865343_n\/'><img loading=\"lazy\" decoding=\"async\" width=\"150\" height=\"150\" src=\"https:\/\/www.radiopiu.net\/wordpress\/wp-content\/uploads\/2021\/06\/202790265_227444082544362_7759553576965865343_n-150x150.jpg\" class=\"attachment-thumbnail size-thumbnail\" alt=\"\" \/><\/a>\n\t\t\t\t<\/dt><\/dl><dl class='gallery-item'>\n\t\t\t\t<dt class='gallery-icon landscape'>\n\t\t\t\t\t<a class=\"rollover\" href='https:\/\/www.radiopiu.net\/wordpress\/caputo-curiosando-per-belluno-ha-censito-diversi-lavori-in-legno\/203078802_921850345327954_5562994713754116036_n\/'><img loading=\"lazy\" decoding=\"async\" width=\"150\" height=\"150\" src=\"https:\/\/www.radiopiu.net\/wordpress\/wp-content\/uploads\/2021\/06\/203078802_921850345327954_5562994713754116036_n-150x150.jpg\" class=\"attachment-thumbnail size-thumbnail\" alt=\"\" \/><\/a>\n\t\t\t\t<\/dt><\/dl><dl class='gallery-item'>\n\t\t\t\t<dt class='gallery-icon landscape'>\n\t\t\t\t\t<a class=\"rollover\" href='https:\/\/www.radiopiu.net\/wordpress\/caputo-curiosando-per-belluno-ha-censito-diversi-lavori-in-legno\/206039709_232968298378430_8930922093095741750_n\/'><img loading=\"lazy\" decoding=\"async\" width=\"150\" height=\"150\" src=\"https:\/\/www.radiopiu.net\/wordpress\/wp-content\/uploads\/2021\/06\/206039709_232968298378430_8930922093095741750_n-150x150.jpg\" class=\"attachment-thumbnail size-thumbnail\" alt=\"\" \/><\/a>\n\t\t\t\t<\/dt><\/dl><dl class='gallery-item'>\n\t\t\t\t<dt class='gallery-icon portrait'>\n\t\t\t\t\t<a class=\"rollover\" href='https:\/\/www.radiopiu.net\/wordpress\/caputo-curiosando-per-belluno-ha-censito-diversi-lavori-in-legno\/203700399_1284722565293471_331986434277400761_n\/'><img loading=\"lazy\" decoding=\"async\" width=\"150\" height=\"150\" src=\"https:\/\/www.radiopiu.net\/wordpress\/wp-content\/uploads\/2021\/06\/203700399_1284722565293471_331986434277400761_n-150x150.jpg\" class=\"attachment-thumbnail size-thumbnail\" alt=\"\" \/><\/a>\n\t\t\t\t<\/dt><\/dl><br style=\"clear: both\" \/><dl class='gallery-item'>\n\t\t\t\t<dt class='gallery-icon portrait'>\n\t\t\t\t\t<a class=\"rollover\" href='https:\/\/www.radiopiu.net\/wordpress\/caputo-curiosando-per-belluno-ha-censito-diversi-lavori-in-legno\/203606309_4054889281266052_7515757546853869348_n\/'><img loading=\"lazy\" decoding=\"async\" width=\"150\" height=\"150\" src=\"https:\/\/www.radiopiu.net\/wordpress\/wp-content\/uploads\/2021\/06\/203606309_4054889281266052_7515757546853869348_n-150x150.jpg\" class=\"attachment-thumbnail size-thumbnail\" alt=\"\" \/><\/a>\n\t\t\t\t<\/dt><\/dl><dl class='gallery-item'>\n\t\t\t\t<dt class='gallery-icon portrait'>\n\t\t\t\t\t<a class=\"rollover\" href='https:\/\/www.radiopiu.net\/wordpress\/caputo-curiosando-per-belluno-ha-censito-diversi-lavori-in-legno\/203136755_311407217314129_4562866475701812276_n\/'><img loading=\"lazy\" decoding=\"async\" width=\"150\" height=\"150\" src=\"https:\/\/www.radiopiu.net\/wordpress\/wp-content\/uploads\/2021\/06\/203136755_311407217314129_4562866475701812276_n-150x150.jpg\" class=\"attachment-thumbnail size-thumbnail\" alt=\"\" \/><\/a>\n\t\t\t\t<\/dt><\/dl><dl class='gallery-item'>\n\t\t\t\t<dt class='gallery-icon portrait'>\n\t\t\t\t\t<a class=\"rollover\" href='https:\/\/www.radiopiu.net\/wordpress\/caputo-curiosando-per-belluno-ha-censito-diversi-lavori-in-legno\/203397262_307661731052108_6475779497462903187_n\/'><img loading=\"lazy\" decoding=\"async\" width=\"150\" height=\"150\" src=\"https:\/\/www.radiopiu.net\/wordpress\/wp-content\/uploads\/2021\/06\/203397262_307661731052108_6475779497462903187_n-150x150.jpg\" class=\"attachment-thumbnail size-thumbnail\" alt=\"\" \/><\/a>\n\t\t\t\t<\/dt><\/dl><dl class='gallery-item'>\n\t\t\t\t<dt class='gallery-icon portrait'>\n\t\t\t\t\t<a class=\"rollover\" href='https:\/\/www.radiopiu.net\/wordpress\/caputo-curiosando-per-belluno-ha-censito-diversi-lavori-in-legno\/203681208_2977498012487570_2166162645445236933_n\/'><img loading=\"lazy\" decoding=\"async\" width=\"150\" height=\"150\" src=\"https:\/\/www.radiopiu.net\/wordpress\/wp-content\/uploads\/2021\/06\/203681208_2977498012487570_2166162645445236933_n-150x150.jpg\" class=\"attachment-thumbnail size-thumbnail\" alt=\"\" srcset=\"https:\/\/www.radiopiu.net\/wordpress\/wp-content\/uploads\/2021\/06\/203681208_2977498012487570_2166162645445236933_n-150x150.jpg 150w, https:\/\/www.radiopiu.net\/wordpress\/wp-content\/uploads\/2021\/06\/203681208_2977498012487570_2166162645445236933_n.jpg 206w\" sizes=\"auto, (max-width: 150px) 100vw, 150px\" \/><\/a>\n\t\t\t\t<\/dt><\/dl><br style=\"clear: both\" \/>\n\t\t\t<\/div>\n\n<p>&nbsp;<\/p>\n<p>NELLE FOTO (riproduzioni dal libro \u201cCuriosando per la citt\u00e0 di Belluno): Vincenzo Caputo con la moglie Carmela alla quale ha dedicato il libro; l\u2019albero genealogico delle famiglie Caputo-Grimaldi-Basile; via Mezzaterra, civico 90; Cinema Italia nella via Garibaldi 8; particolare di u n lavoro di intaglio su un battente del portone; la porta lignea laterale destra della Chiesa di Santo Stefano; alcune delle 45 formelle che ornano i battenti in legno; via Le Scalette civico 32.<\/p>\n<p>&nbsp;<\/p>\n<p>&nbsp;<\/p>\n<hr \/>\n<p>&nbsp;<\/p>\n<h2><span style=\"color: #ff0000;\">POST PANDEMIA, L&#8217;OPINIONE<\/span><\/h2>\n<p><strong>di Mauro De Carli Segr. Gen CGIL Belluno <\/strong><\/p>\n<p align=\"JUSTIFY\"><a href=\"https:\/\/www.radiopiu.net\/wordpress\/cgil-belluno-i-dati-sono-essenziali-case-di-riposo\/mauro_de_carli_cgil\/\" rel=\"attachment wp-att-130310\"><img loading=\"lazy\" decoding=\"async\" class=\" wp-image-130310 alignleft\" src=\"https:\/\/www.radiopiu.net\/wordpress\/wp-content\/uploads\/2020\/04\/Mauro_De_Carli_CGIL-e1606926296575-300x200.jpg\" alt=\"\" width=\"242\" height=\"161\" srcset=\"https:\/\/www.radiopiu.net\/wordpress\/wp-content\/uploads\/2020\/04\/Mauro_De_Carli_CGIL-e1606926296575-300x200.jpg 300w, https:\/\/www.radiopiu.net\/wordpress\/wp-content\/uploads\/2020\/04\/Mauro_De_Carli_CGIL-e1606926296575-1024x682.jpg 1024w, https:\/\/www.radiopiu.net\/wordpress\/wp-content\/uploads\/2020\/04\/Mauro_De_Carli_CGIL-e1606926296575-768x512.jpg 768w, https:\/\/www.radiopiu.net\/wordpress\/wp-content\/uploads\/2020\/04\/Mauro_De_Carli_CGIL-e1606926296575-1536x1023.jpg 1536w, https:\/\/www.radiopiu.net\/wordpress\/wp-content\/uploads\/2020\/04\/Mauro_De_Carli_CGIL-e1606926296575.jpg 1654w\" sizes=\"auto, (max-width: 242px) 100vw, 242px\" \/><\/a>Ce lo siamo detto diversi mesi fa! Da questa pandemia, quando sar\u00e0 passata, ne usciremo totalmente diversi! E adesso che i segnali indicano la velocizzazione del decalages dei contagi e degli indicatori di contagio qualcuno invece pensa di riprocrastinare lo stesso modus vivendi degli anni prepandemia! Pur dichiarando che servono tanti lavoratori per ripartire, che mancano professionalit\u00e0 adeguate e lavoratori per aggredire le nuove possibilit\u00e0 occupazionali che arriveranno con il denaro del Piano Nazionale di Resilienza e Ripresa, si chiede allo stesso tempo di poter nuovamente licenziare liberamente, togliendo quel blocco che \u00e8 attivo dall\u2019inizio del 2020. In lingua italiana l\u2019insieme di queste richieste si direbbe un \u201cossimoro\u201d, cio\u00e8 accostare in un unico momento due elementi tra loro contrapposti, nel nostro caso licenziare ed assumere. Non ci sconvolga il fatto invece che si stia esercitando una forte pressione nei confronti del Governo, solamente per promuovere, O RITORNARE, una forma di economia, e allo stesso tempo di societ\u00e0, in cui per i lavoratori nulla \u00e8 garantito, nulla \u00e8 certo, e le sole decisioni su come operare per gestire appunto le risorse del Recovery Plan, o PNRR italiano, deve stare in mano agli stessi di prima. La modalit\u00e0 di gestione del Mercato del lavoro deve quindi, secondo Confindustria e le altre associazioni datoriali, <i>essere imperniata attorno al fattore precariet\u00e0<\/i>, in cui appunto, anche quando l\u2019occupazione potrebbe essere piena, si devono poter sostituire i lavoratori assunti con quelli che in attesa chiedono di poter entrare. Non si parla quindi di maggiore occupazione, di migliorare le competenze di tutti i lavoratori tramite percorsi di formazione continua, di far fruttare le risorse del Recovery Plan per far ripartire l\u2019economia e i redditi dei cittadini, ma di mantenere o riportare a due anni fa un sistema produttivo, che ha evidenziato tutte le sue debolezze e problematicit\u00e0. La lotta alla pandemia \u00e8 stata dura perch\u00e9 dove il privato ha divorato il pubblico \u00e8 stato evidente il venir meno della tenuta del sistema di welfare, in particolare nella sanit\u00e0, e la crescita decennale delle povert\u00e0 e\u2019 figlia di un sistema economico tutto imperniato sulla precariet\u00e0, sulla discontinuit\u00e0 di reddito, sull\u2019ampliamento del sistema degli appalti. E parlando di appalti non ci sfugga come il bisogno di semplificarne le procedure nasconda invece la vecchia esigenza di trarne massimo profitto dentro la logica del subappalto continuo, della libert\u00e0 di operare con il massimo ribasso. Non sfugga come queste operazioni, siano sempre state negli anni terreno di crescita del virus del malaffare, dello stravolgimento delle regole, dei diritti di cittadini e lavoratori, e infine causa di infortuni sempre pericolosi. E si si chiede di gestire i miliardi del Recovery Plan in questo modo, capirete come le preoccupazioni di CGIL-CISL e UIL siano legittime; infatti da inizio 2021, da quando sono ritornate forti questo insieme di rivendicazioni dalla destra economica del Paese e motivo di pressione nei confronti del Governo, assistiamo anche ad una vera recrudescenza delle morti e degli infortuni nei luoghi di lavoro. Siamo a denunciare sin d\u2019ora condizioni di lavoro che non permettono di uscire dal limite delle povert\u00e0, le portinerie dei maggiori stabilimenti bellunesi vedono lavoratori a pochi euro\/ora, negli appalti di servizio, spesso con \u201cCooperative di fatto\u201d si sfruttano lavoratrici e lavoratori dentro appalti che sono la riproposizione del cottimo. Eppure qualcuno alza la voce spiegando che il Reddito di Cittadinanza ruberebbe maestranze dove adesso ve ne sarebbe bisogno: forse non si sono accorti che chi \u00e8 costretto a questa forma di sussidio, peraltro misura riconosciuta in tutta la comunit\u00e0 europea, lo fa perch\u00e9 non riesce a vivere con decorosit\u00e0 pur avendo un lavoro. Circa la met\u00e0 dei detentori del RDC infatti possiede una minima forma di reddito da lavoro, ma \u00e8 precario, discontinuo con condizioni capestro del proprio contratto di assunzione. In una discussione con un datore di lavoro detentore di un appalto, circa un anno fa, in cui chiedevamo il pagamento delle ore lavorate per uscire dal cottimo, mi venne risposto che la ditta non faceva \u201cassistenza gratuita\u201d. Si trattava di aver riconosciuto il rimborso del valore del carburante per l\u2019utilizzo del proprio mezzo, non per recarsi in cantiere, ma per svolgere la prestazione lavorativa di consegna di avvisi postali e altro. Se si pensa di avere mani libere per pagare meno i dipendenti, e allo stesso tempo per mettere le mani sui tanti investimenti si rischia non solo di non uscire dalla crisi generata dal COVID ma di riperpetuare una emergenza sociale, che gi\u00e0 dentro l\u2019epoca COVID \u00e8 cresciuta. Eppure le risorse del Recovery Plan devono essere gestite proprio per il compito contrario; abbassare le diseguaglianze, costruire un Paese coeso, ridurre i divari territoriali e sociali. Per ricondurre le azioni del Governo verso queste direttrici, per dire che abbiamo bisogno delle tutele di un Welfare universalistico e pubblico, che il lavoro deve crescere in qualit\u00e0 e deve essere elemento centrale per ridurre le diseguaglianze; anche la CGIL di Belluno, come CISL e UIL sara\u2019 il 26 giugno a Torino, ad una delle tre grandi manifestazioni indette unitariamente. Da Belluno sono pronti due pulmann ed \u00e8 palese la voglia di far decidere anche il sindacato: ritorniamo in Piazza.<\/p>\n<p>&nbsp;<\/p>\n<p>&nbsp;<\/p>\n<hr \/>\n<p>&nbsp;<\/p>\n<p>&nbsp;<\/p>\n<h2><a href=\"https:\/\/www.radiopiu.net\/wordpress\/girovagando-alla-radio-puntata-05\/5ca0a784-ca21-497e-8bfe-5dda0dee8747\/\" rel=\"attachment wp-att-217088\"><img loading=\"lazy\" decoding=\"async\" class=\"size-medium wp-image-217088 alignleft\" src=\"https:\/\/www.radiopiu.net\/wordpress\/wp-content\/uploads\/2021\/06\/5ca0a784-ca21-497e-8bfe-5dda0dee8747-300x200.jpg\" alt=\"\" width=\"300\" height=\"200\" srcset=\"https:\/\/www.radiopiu.net\/wordpress\/wp-content\/uploads\/2021\/06\/5ca0a784-ca21-497e-8bfe-5dda0dee8747-300x200.jpg 300w, https:\/\/www.radiopiu.net\/wordpress\/wp-content\/uploads\/2021\/06\/5ca0a784-ca21-497e-8bfe-5dda0dee8747-1024x682.jpg 1024w, https:\/\/www.radiopiu.net\/wordpress\/wp-content\/uploads\/2021\/06\/5ca0a784-ca21-497e-8bfe-5dda0dee8747-768x512.jpg 768w, https:\/\/www.radiopiu.net\/wordpress\/wp-content\/uploads\/2021\/06\/5ca0a784-ca21-497e-8bfe-5dda0dee8747-1536x1023.jpg 1536w, https:\/\/www.radiopiu.net\/wordpress\/wp-content\/uploads\/2021\/06\/5ca0a784-ca21-497e-8bfe-5dda0dee8747.jpg 1600w\" sizes=\"auto, (max-width: 300px) 100vw, 300px\" \/><\/a><span style=\"color: #ff6600;\">GIROVAGANDO ALLA RADIO, PUNTATA 05<\/span><\/h2>\n<h3>PUNTATA 05 Collaborazione Thomas Soppera<\/h3>\n<p>&nbsp;<\/p>\n<p>&nbsp;<\/p>\n<p>&nbsp;<\/p>\n<p><strong>AUDIO PUNTATA 21 giugno 2021<\/strong><\/p>\n<audio class=\"wp-audio-shortcode\" id=\"audio-217647-33\" preload=\"none\" style=\"width: 100%;\" controls=\"controls\"><source type=\"audio\/mpeg\" src=\"https:\/\/www.radiopiu.net\/wordpress\/wp-content\/uploads\/2021\/06\/GIROVAGANDO-PUNTATA-05.mp3?_=33\" \/><a href=\"https:\/\/www.radiopiu.net\/wordpress\/wp-content\/uploads\/2021\/06\/GIROVAGANDO-PUNTATA-05.mp3\">https:\/\/www.radiopiu.net\/wordpress\/wp-content\/uploads\/2021\/06\/GIROVAGANDO-PUNTATA-05.mp3<\/a><\/audio>\n<h2><span style=\"color: #ff0000;\">LA RACCOLTA COMPLETA\u00a0<\/span><\/h2>\n<blockquote class=\"wp-embedded-content\" data-secret=\"jxScxx2LJx\"><p><a href=\"https:\/\/www.radiopiu.net\/wordpress\/girovagando-in-e-bike-tra-le-dolomiti\/\">GIROVAGANDO IN E BIKE TRA LE DOLOMITI<\/a><\/p><\/blockquote>\n<p><iframe loading=\"lazy\" class=\"wp-embedded-content\" sandbox=\"allow-scripts\" security=\"restricted\" style=\"position: absolute; clip: rect(1px, 1px, 1px, 1px);\" title=\"&#8220;GIROVAGANDO IN E BIKE TRA LE DOLOMITI&#8221; &#8212; Radio Pi\u00f9\" src=\"https:\/\/www.radiopiu.net\/wordpress\/girovagando-in-e-bike-tra-le-dolomiti\/embed\/#?secret=jxScxx2LJx\" data-secret=\"jxScxx2LJx\" width=\"600\" height=\"338\" frameborder=\"0\" marginwidth=\"0\" marginheight=\"0\" scrolling=\"no\"><\/iframe><\/p>\n<p>&nbsp;<\/p>\n<hr \/>\n<p>&nbsp;<\/p>\n<p>&nbsp;<\/p>\n<blockquote class=\"wp-embedded-content\" data-secret=\"QxkY4P4Q89\"><p><a href=\"https:\/\/www.radiopiu.net\/wordpress\/da-ieri-alla-radio-in-palinsesto-loris-e-maurizio-con-la-grande-musica\/\">IL BLUES ALLA RADIO &#8230; COME NON L&#8217;AVETE MAI SENTITO PRIMA<\/a><\/p><\/blockquote>\n<p><iframe loading=\"lazy\" class=\"wp-embedded-content\" sandbox=\"allow-scripts\" security=\"restricted\" style=\"position: absolute; clip: rect(1px, 1px, 1px, 1px);\" title=\"&#8220;IL BLUES ALLA RADIO &#8230; COME NON L&#8217;AVETE MAI SENTITO PRIMA&#8221; &#8212; Radio Pi\u00f9\" src=\"https:\/\/www.radiopiu.net\/wordpress\/da-ieri-alla-radio-in-palinsesto-loris-e-maurizio-con-la-grande-musica\/embed\/#?secret=QxkY4P4Q89\" data-secret=\"QxkY4P4Q89\" width=\"600\" height=\"338\" frameborder=\"0\" marginwidth=\"0\" marginheight=\"0\" scrolling=\"no\"><\/iframe><\/p>\n<p>\u200b<\/p>\n<p>&nbsp;<\/p>\n<hr \/>\n<p>&nbsp;<\/p>\n<p>&nbsp;<\/p>\n<div>\n<div class=\"b654a4as d2edcug0\">\n<div class=\"rq0escxv hkbzh7o3 jwdofwj8 n8tt0mok r8blr3vg hyh9befq\">\n<p><a class=\"dt-pswp-item\" href=\"https:\/\/www.radiopiu.net\/wordpress\/wp-content\/uploads\/2020\/10\/pp.jpg\" data-dt-img-description=\"\" data-large_image_width=\"640\" data-large_image_height=\"640\"><img loading=\"lazy\" decoding=\"async\" class=\"wp-image-163678 alignleft\" src=\"https:\/\/www.radiopiu.net\/wordpress\/wp-content\/uploads\/2020\/10\/pp-300x300.jpg\" alt=\"\" width=\"106\" height=\"106\" srcset=\"https:\/\/www.radiopiu.net\/wordpress\/wp-content\/uploads\/2020\/10\/pp-300x300.jpg 300w, https:\/\/www.radiopiu.net\/wordpress\/wp-content\/uploads\/2020\/10\/pp-150x150.jpg 150w, https:\/\/www.radiopiu.net\/wordpress\/wp-content\/uploads\/2020\/10\/pp-125x125.jpg 125w, https:\/\/www.radiopiu.net\/wordpress\/wp-content\/uploads\/2020\/10\/pp-200x200.jpg 200w, https:\/\/www.radiopiu.net\/wordpress\/wp-content\/uploads\/2020\/10\/pp-80x80.jpg 80w, https:\/\/www.radiopiu.net\/wordpress\/wp-content\/uploads\/2020\/10\/pp-480x480.jpg 480w, https:\/\/www.radiopiu.net\/wordpress\/wp-content\/uploads\/2020\/10\/pp.jpg 640w\" sizes=\"auto, (max-width: 106px) 100vw, 106px\" \/><\/a><\/p>\n<\/div>\n<\/div>\n<\/div>\n<div>\n<div class=\"page-title-head hgroup\">\n<div class=\"page-title-head hgroup\">\n<div class=\"b654a4as d2edcug0\">\n<div class=\"j83agx80 btwxx1t3 lhclo0ds hop8lmos nkwizq5d scwd0bx6 roh60bw9\">\n<div class=\"rq0escxv hkbzh7o3 jwdofwj8 n8tt0mok r8blr3vg hyh9befq\">\n<div class=\"do00u71z l9j0dhe7 k4urcfbm\">\n<h2><span style=\"color: #000080;\">DON CESARE, IL PENSIERO DEL GIORNO. ALLA RADIO ALLE 7 DEL MATTINO E ALLE 19.30 DELLA SERA.\u00a0\u00a0<\/span><\/h2>\n<\/div>\n<\/div>\n<\/div>\n<div class=\"rq0escxv hkbzh7o3 jwdofwj8 n8tt0mok r8blr3vg hyh9befq\"><\/div>\n<div><\/div>\n<div><\/div>\n<div>\n<audio class=\"wp-audio-shortcode\" id=\"audio-217647-34\" preload=\"none\" style=\"width: 100%;\" controls=\"controls\"><source type=\"audio\/mpeg\" src=\"https:\/\/www.radiopiu.net\/wordpress\/wp-content\/uploads\/2021\/06\/CESARE-19.mp3?_=34\" \/><a href=\"https:\/\/www.radiopiu.net\/wordpress\/wp-content\/uploads\/2021\/06\/CESARE-19.mp3\">https:\/\/www.radiopiu.net\/wordpress\/wp-content\/uploads\/2021\/06\/CESARE-19.mp3<\/a><\/audio>\n<\/div>\n<div>\n<hr \/>\n<\/div>\n<div><\/div>\n<blockquote>\n<h2>COLLAGE&#8230; DI LORIS SCUSSEL dal lunedi al venerdi alle 16 e alle 23 su RADIO PIU<\/h2>\n<p><strong>PUNTATA 373 DEL 23 GIUGNO 2021<\/strong><\/p>\n<audio class=\"wp-audio-shortcode\" id=\"audio-217647-35\" preload=\"none\" style=\"width: 100%;\" controls=\"controls\"><source type=\"audio\/mpeg\" src=\"https:\/\/www.radiopiu.net\/wordpress\/wp-content\/uploads\/2021\/06\/Collage-373.mp3?_=35\" \/><a href=\"https:\/\/www.radiopiu.net\/wordpress\/wp-content\/uploads\/2021\/06\/Collage-373.mp3\">https:\/\/www.radiopiu.net\/wordpress\/wp-content\/uploads\/2021\/06\/Collage-373.mp3<\/a><\/audio>\n<p>&nbsp;<\/p>\n<p><img loading=\"lazy\" decoding=\"async\" class=\"alignleft\" src=\"https:\/\/www.radiopiu.net\/wordpress\/wp-content\/uploads\/2021\/05\/Schermata-2021-05-23-alle-11.50.11.png\" width=\"186\" height=\"131\" \/><\/p><\/blockquote>\n<div>\n<blockquote>\n<div>\n<div>\n<p>Il programma \u00e8 andato in onda da dicembre 2013 fino a luglio 2019, comprese le repliche, in due serie per 350 puntate complessive con 1.890 brani trasmessi. L\u2019obiettivo del programma: riproporre agli ascoltatori pi\u00f9 grandicelli le canzoni che ascoltavano nel passato e nello stesso tempo farle conoscere anche ai pi\u00f9 giovani.<\/p>\n<\/div>\n<p>&nbsp;<\/p>\n<\/div>\n<p>&nbsp;<\/p><\/blockquote>\n<\/div>\n<div><\/div>\n<div><\/div>\n<hr \/>\n<p>&nbsp;<\/p>\n<blockquote>\n<h2>FANTASTICHE DOLOMITI, NUOVA STAGIONE. APPUNTAMENTO QUINDICINALE IL GIOVEDI ALLE 10.30 E 19.00<\/h2>\n<\/blockquote>\n<h2><span style=\"color: #ff0000;\"><strong><a class=\"dt-pswp-item\" href=\"https:\/\/www.radiopiu.net\/wordpress\/wp-content\/uploads\/2020\/08\/montagna-2020-scaled.jpg\" data-dt-img-description=\"\" data-large_image_width=\"2560\" data-large_image_height=\"1440\"><img loading=\"lazy\" decoding=\"async\" class=\"wp-image-158273 alignleft\" src=\"https:\/\/www.radiopiu.net\/wordpress\/wp-content\/uploads\/2020\/08\/montagna-2020-300x169.jpg\" alt=\"\" width=\"147\" height=\"83\" srcset=\"https:\/\/www.radiopiu.net\/wordpress\/wp-content\/uploads\/2020\/08\/montagna-2020-300x169.jpg 300w, https:\/\/www.radiopiu.net\/wordpress\/wp-content\/uploads\/2020\/08\/montagna-2020-1024x576.jpg 1024w, https:\/\/www.radiopiu.net\/wordpress\/wp-content\/uploads\/2020\/08\/montagna-2020-768x432.jpg 768w, https:\/\/www.radiopiu.net\/wordpress\/wp-content\/uploads\/2020\/08\/montagna-2020-1536x864.jpg 1536w, https:\/\/www.radiopiu.net\/wordpress\/wp-content\/uploads\/2020\/08\/montagna-2020-2048x1152.jpg 2048w, https:\/\/www.radiopiu.net\/wordpress\/wp-content\/uploads\/2020\/08\/montagna-2020-640x360.jpg 640w\" sizes=\"auto, (max-width: 147px) 100vw, 147px\" \/><\/a><\/strong><\/span><\/h2>\n<h2><span style=\"color: #ff0000;\">PUNTATA 18 17 GIUGNO\u00a0<\/span><\/h2>\n<p><strong>OSPITE IL PRESIDENTE CLAUDIO CANOVA<\/strong><\/p>\n<audio class=\"wp-audio-shortcode\" id=\"audio-217647-36\" preload=\"none\" style=\"width: 100%;\" controls=\"controls\"><source type=\"audio\/mpeg\" src=\"https:\/\/www.radiopiu.net\/wordpress\/wp-content\/uploads\/2021\/06\/fantasticvhe-dolomiti-17-giugno.mp3?_=36\" \/><a href=\"https:\/\/www.radiopiu.net\/wordpress\/wp-content\/uploads\/2021\/06\/fantasticvhe-dolomiti-17-giugno.mp3\">https:\/\/www.radiopiu.net\/wordpress\/wp-content\/uploads\/2021\/06\/fantasticvhe-dolomiti-17-giugno.mp3<\/a><\/audio>\n<h3>LA RACCOLTA COMPLETA<\/h3>\n<blockquote class=\"wp-embedded-content\" data-secret=\"Y8FNee8Biz\"><p><a href=\"https:\/\/www.radiopiu.net\/wordpress\/raccolta-completa11\/\">FANTASTICHE DOLOMITI LA RACCOLTA COMPLETA<\/a><\/p><\/blockquote>\n<p><iframe loading=\"lazy\" class=\"wp-embedded-content\" sandbox=\"allow-scripts\" security=\"restricted\" style=\"position: absolute; clip: rect(1px, 1px, 1px, 1px);\" title=\"&#8220;FANTASTICHE DOLOMITI LA RACCOLTA COMPLETA&#8221; &#8212; Radio Pi\u00f9\" src=\"https:\/\/www.radiopiu.net\/wordpress\/raccolta-completa11\/embed\/#?secret=Y8FNee8Biz\" data-secret=\"Y8FNee8Biz\" width=\"600\" height=\"338\" frameborder=\"0\" marginwidth=\"0\" marginheight=\"0\" scrolling=\"no\"><\/iframe><\/p>\n<p>&nbsp;<\/p>\n<p>&nbsp;<\/p>\n<p>&nbsp;<\/p>\n<hr \/>\n<div>\n<div class=\"b654a4as d2edcug0\">\n<div class=\"rq0escxv hkbzh7o3 jwdofwj8 n8tt0mok r8blr3vg hyh9befq\">\n<div class=\"b654a4as d2edcug0\">\n<h2><span style=\"color: #008000;\">\u00a0<\/span><\/h2>\n<h2><span style=\"color: #008000;\">ERBE E PIANTE CURATIVE&#8230;IL\u00a0 PROGRAMMA DI PAOLA LANCIATO\u00a0<\/span><\/h2>\n<p><a href=\"https:\/\/www.radiopiu.net\/wordpress\/giornale-radiopiu-21-giugno-2021-direttore-mirko-mezzacasa\/mirtillo_m\/\" rel=\"attachment wp-att-217195\"><img loading=\"lazy\" decoding=\"async\" class=\"wp-image-217195 alignleft\" src=\"https:\/\/www.radiopiu.net\/wordpress\/wp-content\/uploads\/2021\/06\/mirtillo_m-300x200.jpg\" alt=\"\" width=\"158\" height=\"105\" srcset=\"https:\/\/www.radiopiu.net\/wordpress\/wp-content\/uploads\/2021\/06\/mirtillo_m-300x200.jpg 300w, https:\/\/www.radiopiu.net\/wordpress\/wp-content\/uploads\/2021\/06\/mirtillo_m.jpg 500w\" sizes=\"auto, (max-width: 158px) 100vw, 158px\" \/><\/a><strong>IL MIRTILLO<\/strong><\/p>\n<audio class=\"wp-audio-shortcode\" id=\"audio-217647-37\" preload=\"none\" style=\"width: 100%;\" controls=\"controls\"><source type=\"audio\/mpeg\" src=\"https:\/\/www.radiopiu.net\/wordpress\/wp-content\/uploads\/2021\/06\/19-Il-mirtillo-M.mp3?_=37\" \/><a href=\"https:\/\/www.radiopiu.net\/wordpress\/wp-content\/uploads\/2021\/06\/19-Il-mirtillo-M.mp3\">https:\/\/www.radiopiu.net\/wordpress\/wp-content\/uploads\/2021\/06\/19-Il-mirtillo-M.mp3<\/a><\/audio>\n<p>&nbsp;<\/p>\n<p><strong>LA RACCOLTA COMPLETA<\/strong><\/p>\n<\/div>\n<blockquote class=\"wp-embedded-content\" data-secret=\"7HLZ6fjdCj\"><p><a href=\"https:\/\/www.radiopiu.net\/wordpress\/erbe-e-piante-curative-il-mandorlo\/\">L\u2019ERBA VOGLIO DEL GIARDINO DEL RE\u2026 ERBE, FIORI E PIANTE DI E CON PAOLA LANCIATO<\/a><\/p><\/blockquote>\n<p><iframe loading=\"lazy\" class=\"wp-embedded-content\" sandbox=\"allow-scripts\" security=\"restricted\" style=\"position: absolute; clip: rect(1px, 1px, 1px, 1px);\" title=\"&#8220;L\u2019ERBA VOGLIO DEL GIARDINO DEL RE\u2026 ERBE, FIORI E PIANTE DI E CON PAOLA LANCIATO&#8221; &#8212; Radio Pi\u00f9\" src=\"https:\/\/www.radiopiu.net\/wordpress\/erbe-e-piante-curative-il-mandorlo\/embed\/#?secret=7HLZ6fjdCj\" data-secret=\"7HLZ6fjdCj\" width=\"600\" height=\"338\" frameborder=\"0\" marginwidth=\"0\" marginheight=\"0\" scrolling=\"no\"><\/iframe><\/p>\n<p>&nbsp;<\/p>\n<\/div>\n<\/div>\n<\/div>\n<p>&nbsp;<\/p>\n<hr \/>\n<p>&nbsp;<\/p>\n<div>\n<h2><span style=\"color: #ff0000;\"><strong>IN VIVO VERSO 2020-21 ESTATE, RIASCOLTIAMOLI&#8230; DAL CASSETTO DEI RICORDI DI RADIO PIU&#8217;&#8230; LE PRIME\u00a0 SEI STAGIONI\u00a0 \u00a0<\/strong><\/span><\/h2>\n<div class=\"page-title-head hgroup\">\n<div class=\"page-title-head hgroup\">\n<div class=\"page-title-head hgroup\">\n<div class=\"page-title-head hgroup\">\n<div class=\"page-title-head hgroup\">\n<div class=\"page-title-head hgroup\">\n<blockquote>\n<h3>riascoltiamole ERAVAMO LI&#8217; di VIOLA AGEN 2017<\/h3>\n<p><strong>AUDIO<\/strong><\/p>\n<audio class=\"wp-audio-shortcode\" id=\"audio-217647-38\" preload=\"none\" style=\"width: 100%;\" controls=\"controls\"><source type=\"audio\/mpeg\" src=\"https:\/\/www.radiopiu.net\/wordpress\/wp-content\/uploads\/2021\/06\/VIOLA-AGEN-1-ERAVAMO-LI.mp3?_=38\" \/><a href=\"https:\/\/www.radiopiu.net\/wordpress\/wp-content\/uploads\/2021\/06\/VIOLA-AGEN-1-ERAVAMO-LI.mp3\">https:\/\/www.radiopiu.net\/wordpress\/wp-content\/uploads\/2021\/06\/VIOLA-AGEN-1-ERAVAMO-LI.mp3<\/a><\/audio>\n<p>&nbsp;<\/p>\n<p>&nbsp;<\/p><\/blockquote>\n<p>&nbsp;<\/p>\n<blockquote><p><strong>LA RACCOLTA COMPLETA<\/strong><\/p><\/blockquote>\n<\/div>\n<\/div>\n<\/div>\n<\/div>\n<\/div>\n<\/div>\n<blockquote class=\"wp-embedded-content\" data-secret=\"RWpN95NqFR\"><p><a href=\"https:\/\/www.radiopiu.net\/wordpress\/in-vivo-verso\/\">In Vivo Verso<\/a><\/p><\/blockquote>\n<p><iframe loading=\"lazy\" class=\"wp-embedded-content\" sandbox=\"allow-scripts\" security=\"restricted\" style=\"position: absolute; clip: rect(1px, 1px, 1px, 1px);\" title=\"&#8220;In Vivo Verso&#8221; &#8212; Radio Pi\u00f9\" src=\"https:\/\/www.radiopiu.net\/wordpress\/in-vivo-verso\/embed\/#?secret=RWpN95NqFR\" data-secret=\"RWpN95NqFR\" width=\"600\" height=\"338\" frameborder=\"0\" marginwidth=\"0\" marginheight=\"0\" scrolling=\"no\"><\/iframe><\/p>\n<p>&nbsp;<\/p>\n<p>&nbsp;<\/p>\n<hr \/>\n<\/div>\n<blockquote>\n<blockquote>\n<h2><\/h2>\n<\/blockquote>\n<\/blockquote>\n<div>\n<div class=\"b654a4as d2edcug0\">\n<div class=\"rq0escxv hkbzh7o3 jwdofwj8 n8tt0mok r8blr3vg hyh9befq\">\n<p>&nbsp;<\/p>\n<blockquote>\n<h2><span style=\"color: #ff0000;\"><em>ZAINO ALLA RADIO&#8230;ESTATE DI PAOLA LANCIATO TUTTI I GIORNI dal lunedi al venerdi ALLE 14 E 23.30\u00a0 \u00a0<\/em><\/span><\/h2>\n<\/blockquote>\n<div class=\"b654a4as d2edcug0\">\n<blockquote>\n<h3>ZAINO DA VIAGGIO AL FEMMINILE di PAOLA LANCIATO la Baia di Tindari e Milazzo<\/h3>\n<\/blockquote>\n<p><strong>AUDIO<\/strong><\/p>\n<audio class=\"wp-audio-shortcode\" id=\"audio-217647-39\" preload=\"none\" style=\"width: 100%;\" controls=\"controls\"><source type=\"audio\/mpeg\" src=\"https:\/\/www.radiopiu.net\/wordpress\/wp-content\/uploads\/2021\/06\/33-La-baia-di-Tindari-e-Milazzo-M.mp3?_=39\" \/><a href=\"https:\/\/www.radiopiu.net\/wordpress\/wp-content\/uploads\/2021\/06\/33-La-baia-di-Tindari-e-Milazzo-M.mp3\">https:\/\/www.radiopiu.net\/wordpress\/wp-content\/uploads\/2021\/06\/33-La-baia-di-Tindari-e-Milazzo-M.mp3<\/a><\/audio>\n<p><img loading=\"lazy\" decoding=\"async\" class=\"\" src=\"https:\/\/www.radiopiu.net\/wordpress\/wp-content\/uploads\/2021\/06\/32.jpg\" width=\"198\" height=\"149\" \/><\/p>\n<p>&nbsp;<\/p>\n<p>&nbsp;<\/p>\n<p><strong>LA RACCOLTA COMPLETA<\/strong><\/p>\n<\/div>\n<blockquote class=\"wp-embedded-content\" data-secret=\"je69Owc4S5\"><p><a href=\"https:\/\/www.radiopiu.net\/wordpress\/zaino-femminile-lanciato\/\">Zaino da viaggio al femminile<\/a><\/p><\/blockquote>\n<p><iframe loading=\"lazy\" class=\"wp-embedded-content\" sandbox=\"allow-scripts\" security=\"restricted\" style=\"position: absolute; clip: rect(1px, 1px, 1px, 1px);\" title=\"&#8220;Zaino da viaggio al femminile&#8221; &#8212; Radio Pi\u00f9\" src=\"https:\/\/www.radiopiu.net\/wordpress\/zaino-femminile-lanciato\/embed\/#?secret=je69Owc4S5\" data-secret=\"je69Owc4S5\" width=\"600\" height=\"338\" frameborder=\"0\" marginwidth=\"0\" marginheight=\"0\" scrolling=\"no\"><\/iframe><\/p>\n<p>&nbsp;<\/p>\n<\/div>\n<\/div>\n<\/div>\n<hr \/>\n<p>&nbsp;<\/p>\n<div>\n<h2><span style=\"color: #800080;\"><strong>LA RASSEGNA STAMPA DA L&#8217;AMICO DEL POPOLO\u00a0<\/strong><\/span><\/h2>\n<h3 class=\"kvgmc6g5 cxmmr5t8 oygrvhab hcukyx3x c1et5uql\"><span style=\"color: #0000ff;\"> INFORMAZIONE il canale su TELEGRAM informazione di prima mano e in tempo reale. iscriviti ed aiutaci a farlo conoscere\u00a0\u00a0<\/span><\/h3>\n<p><strong><a href=\"https:\/\/www.radiopiu.net\/wordpress\/alleanza-comune-librai-da-domani-a-belluno-la-consegna-dei-libri-a-domicilio\/libri-scaffale\/\" rel=\"attachment wp-att-122391\"><img loading=\"lazy\" decoding=\"async\" class=\" wp-image-122391 alignleft\" src=\"https:\/\/www.radiopiu.net\/wordpress\/wp-content\/uploads\/2020\/03\/LIBRI-SCAFFALE-300x300.jpg\" alt=\"\" width=\"102\" height=\"102\" srcset=\"https:\/\/www.radiopiu.net\/wordpress\/wp-content\/uploads\/2020\/03\/LIBRI-SCAFFALE-300x300.jpg 300w, https:\/\/www.radiopiu.net\/wordpress\/wp-content\/uploads\/2020\/03\/LIBRI-SCAFFALE-1024x1024.jpg 1024w, https:\/\/www.radiopiu.net\/wordpress\/wp-content\/uploads\/2020\/03\/LIBRI-SCAFFALE-150x150.jpg 150w, https:\/\/www.radiopiu.net\/wordpress\/wp-content\/uploads\/2020\/03\/LIBRI-SCAFFALE-768x768.jpg 768w, https:\/\/www.radiopiu.net\/wordpress\/wp-content\/uploads\/2020\/03\/LIBRI-SCAFFALE.jpg 1052w\" sizes=\"auto, (max-width: 102px) 100vw, 102px\" \/><\/a>di Gianni Santomaso<\/strong><\/p>\n<p>OSPITE: Lionella Tonet Vicepresidente del Circolo Culturale Agordino<\/p>\n<audio class=\"wp-audio-shortcode\" id=\"audio-217647-40\" preload=\"none\" style=\"width: 100%;\" controls=\"controls\"><source type=\"audio\/mpeg\" src=\"https:\/\/www.radiopiu.net\/wordpress\/wp-content\/uploads\/2021\/06\/RASSEGNA-GIANNI-3.mp3?_=40\" \/><a href=\"https:\/\/www.radiopiu.net\/wordpress\/wp-content\/uploads\/2021\/06\/RASSEGNA-GIANNI-3.mp3\">https:\/\/www.radiopiu.net\/wordpress\/wp-content\/uploads\/2021\/06\/RASSEGNA-GIANNI-3.mp3<\/a><\/audio>\n<p>&nbsp;<\/p>\n<p><strong>LA RACCOLTA COMPLETA<\/strong><\/p>\n<blockquote class=\"wp-embedded-content\" data-secret=\"zjHwCWfgYg\"><p><a href=\"https:\/\/www.radiopiu.net\/wordpress\/rassegna-stampa-di-gianni-santomaso\/\">Rassegna stampa da l&#8217;amico del popolo &#8211; di Gianni Santomaso<\/a><\/p><\/blockquote>\n<p><iframe loading=\"lazy\" class=\"wp-embedded-content\" sandbox=\"allow-scripts\" security=\"restricted\" style=\"position: absolute; clip: rect(1px, 1px, 1px, 1px);\" title=\"&#8220;Rassegna stampa da l&#8217;amico del popolo &#8211; di Gianni Santomaso&#8221; &#8212; Radio Pi\u00f9\" src=\"https:\/\/www.radiopiu.net\/wordpress\/rassegna-stampa-di-gianni-santomaso\/embed\/#?secret=zjHwCWfgYg\" data-secret=\"zjHwCWfgYg\" width=\"600\" height=\"338\" frameborder=\"0\" marginwidth=\"0\" marginheight=\"0\" scrolling=\"no\"><\/iframe><\/p>\n<div class=\"b654a4as d2edcug0\"><\/div>\n<\/div>\n<p>&nbsp;<\/p>\n<hr \/>\n<div dir=\"auto\"><\/div>\n<p>&nbsp;<\/p>\n<div dir=\"auto\">\n<blockquote>\n<h3>SALUTE E SOCIETA&#8217; IL LUNEDI ALLE 13.10 E ALLE 20.10, LA DOMENICA ALLE 10.30 A CURA DEL DOTTOR MARCO CARACCIOLO. QUINTA STAGIONE<\/h3>\n<\/blockquote>\n<p><strong><a href=\"https:\/\/www.radiopiu.net\/wordpress\/giornale-radiopiu-21-giugno-2021-direttore-mirko-mezzacasa\/50cd5aef-3d0b-c302-1df6-97eaf9d03648\/\" rel=\"attachment wp-att-217269\"><img loading=\"lazy\" decoding=\"async\" class=\"size-medium wp-image-217269 alignleft\" src=\"https:\/\/www.radiopiu.net\/wordpress\/wp-content\/uploads\/2021\/06\/50cd5aef-3d0b-c302-1df6-97eaf9d03648-300x169.png\" alt=\"\" width=\"300\" height=\"169\" srcset=\"https:\/\/www.radiopiu.net\/wordpress\/wp-content\/uploads\/2021\/06\/50cd5aef-3d0b-c302-1df6-97eaf9d03648-300x169.png 300w, https:\/\/www.radiopiu.net\/wordpress\/wp-content\/uploads\/2021\/06\/50cd5aef-3d0b-c302-1df6-97eaf9d03648-1024x576.png 1024w, https:\/\/www.radiopiu.net\/wordpress\/wp-content\/uploads\/2021\/06\/50cd5aef-3d0b-c302-1df6-97eaf9d03648-768x432.png 768w, https:\/\/www.radiopiu.net\/wordpress\/wp-content\/uploads\/2021\/06\/50cd5aef-3d0b-c302-1df6-97eaf9d03648.png 1280w\" sizes=\"auto, (max-width: 300px) 100vw, 300px\" \/><\/a>LA PUNTATA DELLA SETTIMANA del 21 GIUGNO<\/strong><\/p>\n<p>Per assistere in maniera ottimale i pazienti \u00e8 necessario costruire dei percorsi assistenziali condivisi tra tutti gli specialisti che ruotano intorno a una determinata patologia. \u00c8 importante abbandonare l\u2019autoreferenzialit\u00e0 e attivare la collaborazione tra le diverse figure sanitarie. Fabio Cartabellotta, Direttore Dipartimento di Medicina dell\u2019Ospedale Buccheri la Ferla FBF di Palermo, Nicol\u00f2 Borsellino, Direttore UOC di Oncologia Medica Ospedale Buccheri La Ferla FBF di Palermo, Salvatore Corrao, professore associato presso l\u2019Universit\u00e0 di Palermo; direttore U.O.C. di Medicina interna \u2013 Arnas Civico Palermo<\/p>\n<audio class=\"wp-audio-shortcode\" id=\"audio-217647-41\" preload=\"none\" style=\"width: 100%;\" controls=\"controls\"><source type=\"audio\/mpeg\" src=\"https:\/\/www.radiopiu.net\/wordpress\/wp-content\/uploads\/2021\/06\/SALUTE-2.mp3?_=41\" \/><a href=\"https:\/\/www.radiopiu.net\/wordpress\/wp-content\/uploads\/2021\/06\/SALUTE-2.mp3\">https:\/\/www.radiopiu.net\/wordpress\/wp-content\/uploads\/2021\/06\/SALUTE-2.mp3<\/a><\/audio>\n<p>&nbsp;<\/p>\n<blockquote class=\"wp-embedded-content\" data-secret=\"gDBgcplO4q\"><p><a href=\"https:\/\/www.radiopiu.net\/wordpress\/saluteesocieta\/\">Salute e Societ\u00e0<\/a><\/p><\/blockquote>\n<p><iframe loading=\"lazy\" class=\"wp-embedded-content\" sandbox=\"allow-scripts\" security=\"restricted\" style=\"position: absolute; clip: rect(1px, 1px, 1px, 1px);\" title=\"&#8220;Salute e Societ\u00e0&#8221; &#8212; Radio Pi\u00f9\" src=\"https:\/\/www.radiopiu.net\/wordpress\/saluteesocieta\/embed\/#?secret=gDBgcplO4q\" data-secret=\"gDBgcplO4q\" width=\"600\" height=\"338\" frameborder=\"0\" marginwidth=\"0\" marginheight=\"0\" scrolling=\"no\"><\/iframe><\/p>\n<\/div>\n<div dir=\"auto\">\n<h1><\/h1>\n<\/div>\n<div>\n<div class=\"page-title-head hgroup\">\n<div class=\"page-title-head hgroup\">\n<div class=\"page-title-head hgroup\">\n<div>\n<div class=\"b654a4as d2edcug0\">\n<div class=\"rq0escxv hkbzh7o3 jwdofwj8 n8tt0mok r8blr3vg hyh9befq\">\n<hr \/>\n<\/div>\n<\/div>\n<\/div>\n<div>\n<div class=\"page-title-head hgroup\">\n<div class=\"page-title-head hgroup\">\n<div>\n<div class=\"b654a4as d2edcug0\">\n<p>&nbsp;<\/p>\n<blockquote>\n<h3><img loading=\"lazy\" decoding=\"async\" class=\"alignleft\" src=\"https:\/\/www.radiopiu.net\/wordpress\/wp-content\/uploads\/2021\/06\/fresh-flower-leaves-saffron-white-background-place-your-text-use-saffron-spice-cooking-cosmetology_347372-394.jpeg\" width=\"141\" height=\"94\" \/>L&#8217;ALMANACCO LADINO CON L&#8217;ISTITUT CESA DE JAN QUINDICINALE APPUNTAMENTO. LA DOMENICA ALLE 9 IL LUNEDI ALLE 8.35 IL MARTEDI ALLE 12.35 IL MERCOLEDI ALLE 18.35. SECONDA STAGIONE.<\/h3>\n<p>&nbsp;<\/p><\/blockquote>\n<p><strong>PUNTATA DEL 21 GIUGNO 2021<\/strong><\/p>\n<audio class=\"wp-audio-shortcode\" id=\"audio-217647-42\" preload=\"none\" style=\"width: 100%;\" controls=\"controls\"><source type=\"audio\/mpeg\" src=\"https:\/\/www.radiopiu.net\/wordpress\/wp-content\/uploads\/2021\/06\/LADINO-1.mp3?_=42\" \/><a href=\"https:\/\/www.radiopiu.net\/wordpress\/wp-content\/uploads\/2021\/06\/LADINO-1.mp3\">https:\/\/www.radiopiu.net\/wordpress\/wp-content\/uploads\/2021\/06\/LADINO-1.mp3<\/a><\/audio>\n<p>&nbsp;<\/p>\n<p><strong>RACCOLTA COMPLETA\u00a0<\/strong><\/p>\n<blockquote class=\"wp-embedded-content\" data-secret=\"z9ZM5KXWFT\"><p><a href=\"https:\/\/www.radiopiu.net\/wordpress\/almanacco-ladino\/\">Almanacco Ladino<\/a><\/p><\/blockquote>\n<p><iframe loading=\"lazy\" class=\"wp-embedded-content\" sandbox=\"allow-scripts\" security=\"restricted\" style=\"position: absolute; clip: rect(1px, 1px, 1px, 1px);\" title=\"&#8220;Almanacco Ladino&#8221; &#8212; Radio Pi\u00f9\" src=\"https:\/\/www.radiopiu.net\/wordpress\/almanacco-ladino\/embed\/#?secret=z9ZM5KXWFT\" data-secret=\"z9ZM5KXWFT\" width=\"600\" height=\"338\" frameborder=\"0\" marginwidth=\"0\" marginheight=\"0\" scrolling=\"no\"><\/iframe><\/p>\n<div dir=\"auto\"><\/div>\n<\/div>\n<div>\n<p>&nbsp;<\/p>\n<hr \/>\n<h2><span style=\"color: #808000;\">\u00a0<\/span><\/h2>\n<h2><span style=\"color: #808000;\">DUE MINUTI UN LIBRO\u00a0 TUTTI I GIORNI ALLA RADIO ALLE 9.30 E ALLE 18. QUINTA STAGIONE\u00a0<\/span><\/h2>\n<blockquote class=\"wp-embedded-content\" data-secret=\"rQ0ojUPbis\"><p><a href=\"https:\/\/www.radiopiu.net\/wordpress\/sette-piccole-bugie\/\">SETTE PICCOLE BUGIE<\/a><\/p><\/blockquote>\n<p><iframe loading=\"lazy\" class=\"wp-embedded-content\" sandbox=\"allow-scripts\" security=\"restricted\" style=\"position: absolute; clip: rect(1px, 1px, 1px, 1px);\" title=\"&#8220;SETTE PICCOLE BUGIE&#8221; &#8212; Radio Pi\u00f9\" src=\"https:\/\/www.radiopiu.net\/wordpress\/sette-piccole-bugie\/embed\/#?secret=rQ0ojUPbis\" data-secret=\"rQ0ojUPbis\" width=\"600\" height=\"338\" frameborder=\"0\" marginwidth=\"0\" marginheight=\"0\" scrolling=\"no\"><\/iframe><\/p>\n<p>&nbsp;<\/p>\n<blockquote class=\"wp-embedded-content\" data-secret=\"mOrqrBX5Pz\"><p><a href=\"https:\/\/www.radiopiu.net\/wordpress\/due-minuti-un-libro\/\">Due minuti un libro<\/a><\/p><\/blockquote>\n<p><iframe loading=\"lazy\" class=\"wp-embedded-content\" sandbox=\"allow-scripts\" security=\"restricted\" style=\"position: absolute; clip: rect(1px, 1px, 1px, 1px);\" title=\"&#8220;Due minuti un libro&#8221; &#8212; Radio Pi\u00f9\" src=\"https:\/\/www.radiopiu.net\/wordpress\/due-minuti-un-libro\/embed\/#?secret=mOrqrBX5Pz\" data-secret=\"mOrqrBX5Pz\" width=\"600\" height=\"338\" frameborder=\"0\" marginwidth=\"0\" marginheight=\"0\" scrolling=\"no\"><\/iframe><\/p>\n<p>&nbsp;<\/p>\n<p>&nbsp;<\/p>\n<hr \/>\n<p>\u200b<\/p>\n<div>\n<h2><span style=\"color: #33cccc;\">I RACCONTI DI PAOLO SOPPELSA il lunedi alle 9.30 e 18.30<\/span><\/h2>\n<p><span style=\"color: #0000ff;\">INFORMAZIONE il canale su TELEGRAM informazione di prima mano e in tempo reale. iscriviti ed aiutaci a farlo conoscere\u00a0<\/span><\/p>\n<blockquote class=\"wp-embedded-content\" data-secret=\"FvXlTIltsV\"><p><a href=\"https:\/\/www.radiopiu.net\/wordpress\/i-racconti-di-paolo-soppelsa-ottantesima-puntata\/\">I RACCONTI DI PAOLO SOPPELSA OTTANTESIMA PUNTATA<\/a><\/p><\/blockquote>\n<p><iframe loading=\"lazy\" class=\"wp-embedded-content\" sandbox=\"allow-scripts\" security=\"restricted\" style=\"position: absolute; clip: rect(1px, 1px, 1px, 1px);\" title=\"&#8220;I RACCONTI DI PAOLO SOPPELSA OTTANTESIMA PUNTATA&#8221; &#8212; Radio Pi\u00f9\" src=\"https:\/\/www.radiopiu.net\/wordpress\/i-racconti-di-paolo-soppelsa-ottantesima-puntata\/embed\/#?secret=FvXlTIltsV\" data-secret=\"FvXlTIltsV\" width=\"600\" height=\"338\" frameborder=\"0\" marginwidth=\"0\" marginheight=\"0\" scrolling=\"no\"><\/iframe><\/p>\n<p>&nbsp;<\/p>\n<blockquote class=\"wp-embedded-content\" data-secret=\"zfGcFY3QsS\"><p><a href=\"https:\/\/www.radiopiu.net\/wordpress\/i-racconti-di-paolo-soppelsa\/\">I racconti di Paolo Soppelsa<\/a><\/p><\/blockquote>\n<p><iframe loading=\"lazy\" class=\"wp-embedded-content\" sandbox=\"allow-scripts\" security=\"restricted\" style=\"position: absolute; clip: rect(1px, 1px, 1px, 1px);\" title=\"&#8220;I racconti di Paolo Soppelsa&#8221; &#8212; Radio Pi\u00f9\" src=\"https:\/\/www.radiopiu.net\/wordpress\/i-racconti-di-paolo-soppelsa\/embed\/#?secret=zfGcFY3QsS\" data-secret=\"zfGcFY3QsS\" width=\"600\" height=\"338\" frameborder=\"0\" marginwidth=\"0\" marginheight=\"0\" scrolling=\"no\"><\/iframe><\/p>\n<p>&nbsp;<\/p>\n<\/div>\n<\/div>\n<hr \/>\n<p>&nbsp;<\/p>\n<h2><strong><span style=\"color: #ff0000;\">ALLA RADIO<\/span><\/strong><\/h2>\n<div data-offset-key=\"5n5nl-0-0\">\n<h3>Per ricevere gli aggiornamenti in tempo reale delle notizie pubblicate alla radio e sul sito di radio pi\u00f9 iscriviti al gruppo RADIO PIU INFORMAZIONE su Telegram.\u00a0\u00a0<a href=\"https:\/\/t.me\/radiopiu\">clicca qui<\/a><\/h3>\n<p>&nbsp;<\/p>\n<\/div>\n<blockquote><p><strong><a href=\"https:\/\/www.radiopiu.net\/wordpress\/cassa-solidarieta-luxottica-puntata-del-19-giugno-2020\/cslxo-2\/\" rel=\"attachment wp-att-145244\"><img loading=\"lazy\" decoding=\"async\" class=\"size-medium wp-image-145244 alignleft\" src=\"https:\/\/www.radiopiu.net\/wordpress\/wp-content\/uploads\/2020\/06\/cassa-solidarieta-luxottica-300x148.jpg\" alt=\"\" width=\"300\" height=\"148\" srcset=\"https:\/\/www.radiopiu.net\/wordpress\/wp-content\/uploads\/2020\/06\/cassa-solidarieta-luxottica-300x148.jpg 300w, https:\/\/www.radiopiu.net\/wordpress\/wp-content\/uploads\/2020\/06\/cassa-solidarieta-luxottica-1024x504.jpg 1024w, https:\/\/www.radiopiu.net\/wordpress\/wp-content\/uploads\/2020\/06\/cassa-solidarieta-luxottica-768x378.jpg 768w, https:\/\/www.radiopiu.net\/wordpress\/wp-content\/uploads\/2020\/06\/cassa-solidarieta-luxottica.jpg 1167w\" sizes=\"auto, (max-width: 300px) 100vw, 300px\" \/><\/a>di Claudio Fontanive<\/strong><\/p>\n<p>OSPITI: Paolo Chissal\u00e8 e Fabrizio Campedel<\/p>\n<p>&nbsp;<\/p>\n<p><strong>PUNTATA MAGGIO 2021<\/strong><\/p>\n<audio class=\"wp-audio-shortcode\" id=\"audio-217647-43\" preload=\"none\" style=\"width: 100%;\" controls=\"controls\"><source type=\"audio\/mpeg\" src=\"https:\/\/www.radiopiu.net\/wordpress\/wp-content\/uploads\/2021\/05\/ca-sol-lux-maggio-2021.mp3?_=43\" \/><a href=\"https:\/\/www.radiopiu.net\/wordpress\/wp-content\/uploads\/2021\/05\/ca-sol-lux-maggio-2021.mp3\">https:\/\/www.radiopiu.net\/wordpress\/wp-content\/uploads\/2021\/05\/ca-sol-lux-maggio-2021.mp3<\/a><\/audio>\n<h2>RACCOLTA COMPLETA<\/h2>\n<\/blockquote>\n<blockquote class=\"wp-embedded-content\" data-secret=\"p1sQJEXQaj\"><p><a href=\"https:\/\/www.radiopiu.net\/wordpress\/cassa-solidarieta-luxottica-puntata-del-16-ottobre-2020\/\">CASSA SOLIDARIET\u00c0 LUXOTTICA &#8211; TUTTE LE PUNTATE<\/a><\/p><\/blockquote>\n<p><iframe loading=\"lazy\" class=\"wp-embedded-content\" sandbox=\"allow-scripts\" security=\"restricted\" style=\"position: absolute; clip: rect(1px, 1px, 1px, 1px);\" title=\"&#8220;CASSA SOLIDARIET\u00c0 LUXOTTICA &#8211; TUTTE LE PUNTATE&#8221; &#8212; Radio Pi\u00f9\" src=\"https:\/\/www.radiopiu.net\/wordpress\/cassa-solidarieta-luxottica-puntata-del-16-ottobre-2020\/embed\/#?secret=p1sQJEXQaj\" data-secret=\"p1sQJEXQaj\" width=\"600\" height=\"338\" frameborder=\"0\" marginwidth=\"0\" marginheight=\"0\" scrolling=\"no\"><\/iframe><\/p>\n<div>\n<p>&nbsp;<\/p>\n<h2><\/h2>\n<hr \/>\n<p><strong><span style=\"color: #ff0000;\">\u00a0<\/span><\/strong><\/p>\n<h2><strong><span style=\"color: #ff0000;\">QUINDICINALE APPUNTAMENTO ALLA RADIO<\/span><\/strong><\/h2>\n<blockquote>\n<h3><a style=\"font-size: 14px; font-weight: normal;\" href=\"https:\/\/www.radiopiu.net\/wordpress\/giornale-radiopiu-06-febbraio-2019-direttore-mirko-mezzacasa\/logo_spi-cgil-800x445\/\" rel=\"attachment wp-att-75538\"><img loading=\"lazy\" decoding=\"async\" class=\"wp-image-75538 alignleft\" src=\"https:\/\/www.radiopiu.net\/wordpress\/wp-content\/uploads\/2019\/02\/Logo_Spi-CGIL-800x445-300x167.jpg\" alt=\"\" width=\"210\" height=\"117\" srcset=\"https:\/\/www.radiopiu.net\/wordpress\/wp-content\/uploads\/2019\/02\/Logo_Spi-CGIL-800x445-300x167.jpg 300w, https:\/\/www.radiopiu.net\/wordpress\/wp-content\/uploads\/2019\/02\/Logo_Spi-CGIL-800x445-768x427.jpg 768w, https:\/\/www.radiopiu.net\/wordpress\/wp-content\/uploads\/2019\/02\/Logo_Spi-CGIL-800x445.jpg 800w\" sizes=\"auto, (max-width: 210px) 100vw, 210px\" \/><\/a><\/h3>\n<\/blockquote>\n<blockquote>\n<h3>ALLA RADIO, APPUNTAMENTO QUINDICINALE CON SPI-CGIL BELLUNO, IN STUDIO MARIA RITA GENTILIN<\/h3>\n<\/blockquote>\n<p><strong>di Claudio Fontanive\u00a0<\/strong><\/p>\n<p><span style=\"color: #ff0000;\"><strong>PUNTATA DEL 10 GIUGNO 2021<br \/>\n<\/strong><\/span><\/p>\n<audio class=\"wp-audio-shortcode\" id=\"audio-217647-44\" preload=\"none\" style=\"width: 100%;\" controls=\"controls\"><source type=\"audio\/mpeg\" src=\"https:\/\/www.radiopiu.net\/wordpress\/wp-content\/uploads\/2021\/06\/spi-cgil-10-giugno.mp3?_=44\" \/><a href=\"https:\/\/www.radiopiu.net\/wordpress\/wp-content\/uploads\/2021\/06\/spi-cgil-10-giugno.mp3\">https:\/\/www.radiopiu.net\/wordpress\/wp-content\/uploads\/2021\/06\/spi-cgil-10-giugno.mp3<\/a><\/audio>\n<\/div>\n<p>&nbsp;<\/p>\n<hr \/>\n<\/div>\n<blockquote>\n<blockquote>\n<h2><a href=\"https:\/\/www.radiopiu.net\/wordpress\/speciale-solidarieta-veneto\/solidarieta-veneto-3\/\" rel=\"attachment wp-att-134366\">\u00a0<\/a><\/h2>\n<h2><a href=\"https:\/\/www.radiopiu.net\/wordpress\/speciale-solidarieta-veneto\/solidarieta-veneto-3\/\" rel=\"attachment wp-att-134366\"><img loading=\"lazy\" decoding=\"async\" class=\"wp-image-134366 alignleft\" src=\"https:\/\/www.radiopiu.net\/wordpress\/wp-content\/uploads\/2020\/05\/solidariet\u00e0-veneto-300x210.jpg\" alt=\"\" width=\"102\" height=\"71\" srcset=\"https:\/\/www.radiopiu.net\/wordpress\/wp-content\/uploads\/2020\/05\/solidariet\u00e0-veneto-300x210.jpg 300w, https:\/\/www.radiopiu.net\/wordpress\/wp-content\/uploads\/2020\/05\/solidariet\u00e0-veneto-1024x717.jpg 1024w, https:\/\/www.radiopiu.net\/wordpress\/wp-content\/uploads\/2020\/05\/solidariet\u00e0-veneto-768x538.jpg 768w, https:\/\/www.radiopiu.net\/wordpress\/wp-content\/uploads\/2020\/05\/solidariet\u00e0-veneto.jpg 1373w\" sizes=\"auto, (max-width: 102px) 100vw, 102px\" \/><\/a>SOLIDARIETA&#8217; VENETO FONDO PENSIONE, IN ONDA IL PRIMO VENERDI DEL MESE ALLE 10.30 E ALLE 19.00 QUINTA STAGIONE<\/h2>\n<\/blockquote>\n<h2><strong><span style=\"color: #ff0000;\">AUDIO MAGGIO 2021<\/span><\/strong><\/h2>\n<\/blockquote>\n<div>\n<audio class=\"wp-audio-shortcode\" id=\"audio-217647-45\" preload=\"none\" style=\"width: 100%;\" controls=\"controls\"><source type=\"audio\/mpeg\" src=\"https:\/\/www.radiopiu.net\/wordpress\/wp-content\/uploads\/2021\/05\/solidarieta-veneto-maggio-2021.mp3?_=45\" \/><a href=\"https:\/\/www.radiopiu.net\/wordpress\/wp-content\/uploads\/2021\/05\/solidarieta-veneto-maggio-2021.mp3\">https:\/\/www.radiopiu.net\/wordpress\/wp-content\/uploads\/2021\/05\/solidarieta-veneto-maggio-2021.mp3<\/a><\/audio>\n<\/div>\n<h2>LA RACCOLTA COMPLETA<\/h2>\n<blockquote class=\"wp-embedded-content\" data-secret=\"bS4oIMHjFf\"><p><a href=\"https:\/\/www.radiopiu.net\/wordpress\/solidarieta-veneto\/\">Solidariet\u00e0 Veneto<\/a><\/p><\/blockquote>\n<p><iframe loading=\"lazy\" class=\"wp-embedded-content\" sandbox=\"allow-scripts\" security=\"restricted\" style=\"position: absolute; clip: rect(1px, 1px, 1px, 1px);\" title=\"&#8220;Solidariet\u00e0 Veneto&#8221; &#8212; Radio Pi\u00f9\" src=\"https:\/\/www.radiopiu.net\/wordpress\/solidarieta-veneto\/embed\/#?secret=bS4oIMHjFf\" data-secret=\"bS4oIMHjFf\" width=\"600\" height=\"338\" frameborder=\"0\" marginwidth=\"0\" marginheight=\"0\" scrolling=\"no\"><\/iframe><\/p>\n<blockquote>\n<h2><\/h2>\n<h2><\/h2>\n<\/blockquote>\n<div>\n<hr \/>\n<\/div>\n<div class=\"page-title-head hgroup\">\n<div>\n<p>&nbsp;<\/p>\n<h2><span style=\"color: #ff0000;\">MUSLA, CON LA NUOVA GENERAZIONE LINGUE, USI, COSTUMI , raccolta completa<\/span><\/h2>\n<blockquote class=\"wp-embedded-content\" data-secret=\"wpkWphgBvu\"><p><a href=\"https:\/\/www.radiopiu.net\/wordpress\/agora-agordina-la-nosta-piaza\/\">AGORA&#8217; AGORDINA&#8230; LA NOSTA PIAZA LADINA RACCOLTA COMPLETA PRIMA STAGIONE<\/a><\/p><\/blockquote>\n<p><iframe loading=\"lazy\" class=\"wp-embedded-content\" sandbox=\"allow-scripts\" security=\"restricted\" style=\"position: absolute; clip: rect(1px, 1px, 1px, 1px);\" title=\"&#8220;AGORA&#8217; AGORDINA&#8230; LA NOSTA PIAZA LADINA RACCOLTA COMPLETA PRIMA STAGIONE&#8221; &#8212; Radio Pi\u00f9\" src=\"https:\/\/www.radiopiu.net\/wordpress\/agora-agordina-la-nosta-piaza\/embed\/#?secret=wpkWphgBvu\" data-secret=\"wpkWphgBvu\" width=\"600\" height=\"338\" frameborder=\"0\" marginwidth=\"0\" marginheight=\"0\" scrolling=\"no\"><\/iframe><\/p>\n<p>&nbsp;<\/p>\n<div class=\"b654a4as d2edcug0\">\n<div dir=\"auto\">\n<h1><\/h1>\n<hr \/>\n<p>&nbsp;<\/p>\n<div>\n<h2><span style=\"color: #ff0000;\">LEGGERMENTE BELLUNESI CON LUISA ALCHINI la raccolta completa<\/span><\/h2>\n<\/div>\n<div>\n<blockquote class=\"wp-embedded-content\" data-secret=\"m2LcTBSKh1\"><p><a href=\"https:\/\/www.radiopiu.net\/wordpress\/leggermente-20\/\">LEGGERmente&#8230;Bellunesi<\/a><\/p><\/blockquote>\n<p><iframe loading=\"lazy\" class=\"wp-embedded-content\" sandbox=\"allow-scripts\" security=\"restricted\" style=\"position: absolute; clip: rect(1px, 1px, 1px, 1px);\" title=\"&#8220;LEGGERmente&#8230;Bellunesi&#8221; &#8212; Radio Pi\u00f9\" src=\"https:\/\/www.radiopiu.net\/wordpress\/leggermente-20\/embed\/#?secret=m2LcTBSKh1\" data-secret=\"m2LcTBSKh1\" width=\"600\" height=\"338\" frameborder=\"0\" marginwidth=\"0\" marginheight=\"0\" scrolling=\"no\"><\/iframe><\/p>\n<\/div>\n<\/div>\n<p>&nbsp;<\/p>\n<hr \/>\n<p>&nbsp;<\/p>\n<h2><span style=\"color: #ff0000;\">GOCCE DI FILOSOFIA, CON CHIARA CAU, CON LISA DE LUCA la raccolta completa<\/span><\/h2>\n<blockquote class=\"wp-embedded-content\" data-secret=\"8UBojZHKE4\"><p><a href=\"https:\/\/www.radiopiu.net\/wordpress\/gocce-filosofia\/\">Gocce di filosofia<\/a><\/p><\/blockquote>\n<p><iframe loading=\"lazy\" class=\"wp-embedded-content\" sandbox=\"allow-scripts\" security=\"restricted\" style=\"position: absolute; clip: rect(1px, 1px, 1px, 1px);\" title=\"&#8220;Gocce di filosofia&#8221; &#8212; Radio Pi\u00f9\" src=\"https:\/\/www.radiopiu.net\/wordpress\/gocce-filosofia\/embed\/#?secret=8UBojZHKE4\" data-secret=\"8UBojZHKE4\" width=\"600\" height=\"338\" frameborder=\"0\" marginwidth=\"0\" marginheight=\"0\" scrolling=\"no\"><\/iframe><\/p>\n<p>&nbsp;<\/p>\n<p>&nbsp;<\/p>\n<hr \/>\n<\/div>\n<\/div>\n<p>&nbsp;<\/p>\n<p><a href=\"https:\/\/www.radiopiu.net\/wordpress\/giornale-radiopiu-26-settembre-2018-direttore-mirko-mezzacasa\/viabilita-2\/\" rel=\"attachment wp-att-61954\"><img loading=\"lazy\" decoding=\"async\" class=\"wp-image-61954 size-full aligncenter\" src=\"https:\/\/www.radiopiu.net\/wordpress\/wp-content\/uploads\/2018\/09\/viabilita.jpeg\" alt=\"\" width=\"800\" height=\"100\" srcset=\"https:\/\/www.radiopiu.net\/wordpress\/wp-content\/uploads\/2018\/09\/viabilita.jpeg 800w, https:\/\/www.radiopiu.net\/wordpress\/wp-content\/uploads\/2018\/09\/viabilita-300x38.jpeg 300w, https:\/\/www.radiopiu.net\/wordpress\/wp-content\/uploads\/2018\/09\/viabilita-768x96.jpeg 768w\" sizes=\"auto, (max-width: 800px) 100vw, 800px\" \/><\/a><\/p>\n<blockquote><p>&nbsp;<\/p><\/blockquote>\n<\/div>\n<\/div>\n<\/div>\n<\/div>\n<\/div>\n<\/div>\n<\/div>\n<\/div>\n<div><\/div>\n<div>\n<div>\n<div>\n<div>\n<div class=\"page-title-head hgroup\">\n<div class=\"page-title-head hgroup\">\n<div class=\"page-title-head hgroup\">\n<div>\n<div>\n<div class=\"page-title-head hgroup\">\n<div class=\"page-title-head hgroup\">\n<div class=\"page-title-head hgroup\">\n<blockquote><p><a href=\"https:\/\/www.radiopiu.net\/wordpress\/giornale-radiopiu-09-agosto-2018-direttore-mirko-mezzacasa\/viabilia\/\" rel=\"attachment wp-att-57053\"><img loading=\"lazy\" decoding=\"async\" class=\" wp-image-57053 alignleft\" src=\"https:\/\/www.radiopiu.net\/wordpress\/wp-content\/uploads\/2018\/08\/VIABILIA-300x180.jpeg\" alt=\"\" width=\"220\" height=\"132\" srcset=\"https:\/\/www.radiopiu.net\/wordpress\/wp-content\/uploads\/2018\/08\/VIABILIA-300x180.jpeg 300w, https:\/\/www.radiopiu.net\/wordpress\/wp-content\/uploads\/2018\/08\/VIABILIA-768x461.jpeg 768w, https:\/\/www.radiopiu.net\/wordpress\/wp-content\/uploads\/2018\/08\/VIABILIA-1024x614.jpeg 1024w, https:\/\/www.radiopiu.net\/wordpress\/wp-content\/uploads\/2018\/08\/VIABILIA.jpeg 1280w\" sizes=\"auto, (max-width: 220px) 100vw, 220px\" \/><\/a>La viabilit\u00e0 con gli ultimi aggiornamenti<\/p><\/blockquote>\n<\/div>\n<\/div>\n<\/div>\n<\/div>\n<\/div>\n<\/div>\n<\/div>\n<\/div>\n<\/div>\n<\/div>\n<\/div>\n<div><\/div>\n<div><\/div>\n<div>\n<div>\n<div class=\"page-title-head hgroup\">\n<p>&nbsp;<\/p>\n<audio class=\"wp-audio-shortcode\" id=\"audio-217647-46\" preload=\"none\" style=\"width: 100%;\" controls=\"controls\"><source type=\"audio\/mpeg\" src=\"https:\/\/www.radiopiu.net\/wordpress\/wp-content\/uploads\/2021\/06\/VIABILITA-7.mp3?_=46\" \/><a href=\"https:\/\/www.radiopiu.net\/wordpress\/wp-content\/uploads\/2021\/06\/VIABILITA-7.mp3\">https:\/\/www.radiopiu.net\/wordpress\/wp-content\/uploads\/2021\/06\/VIABILITA-7.mp3<\/a><\/audio>\n<p>&nbsp;<\/p>\n<hr \/>\n<p>&nbsp;<\/p>\n<\/div>\n<\/div>\n<\/div>\n<\/div>\n<div>\n<div class=\"page-title-head hgroup\">\n<div class=\"page-title-head hgroup\">\n<div dir=\"auto\">\n<p><a class=\"dt-pswp-item pspw-wrap-ready\" href=\"https:\/\/i0.wp.com\/www.radiopiu.net\/wordpress\/wp-content\/uploads\/2018\/09\/WhatsApp-Image-2018-09-20-at-16.04.06.jpeg?ssl=1\" data-dt-img-description=\"\" data-large_image_width=\"800\" data-large_image_height=\"100\"><img loading=\"lazy\" decoding=\"async\" class=\"aligncenter wp-image-61378 size-full jetpack-lazy-image jetpack-lazy-image--handled\" src=\"https:\/\/i0.wp.com\/www.radiopiu.net\/wordpress\/wp-content\/uploads\/2018\/09\/WhatsApp-Image-2018-09-20-at-16.04.06.jpeg?resize=800%2C100&amp;ssl=1\" sizes=\"auto, (max-width: 800px) 100vw, 800px\" srcset=\"https:\/\/i0.wp.com\/www.radiopiu.net\/wordpress\/wp-content\/uploads\/2018\/09\/WhatsApp-Image-2018-09-20-at-16.04.06.jpeg?w=800&amp;ssl=1 800w, https:\/\/i0.wp.com\/www.radiopiu.net\/wordpress\/wp-content\/uploads\/2018\/09\/WhatsApp-Image-2018-09-20-at-16.04.06.jpeg?resize=300%2C38&amp;ssl=1 300w, https:\/\/i0.wp.com\/www.radiopiu.net\/wordpress\/wp-content\/uploads\/2018\/09\/WhatsApp-Image-2018-09-20-at-16.04.06.jpeg?resize=768%2C96&amp;ssl=1 768w\" alt=\"\" width=\"800\" height=\"100\" data-lazy-loaded=\"1\" \/><\/a><\/p>\n<div><\/div>\n<div><center><b>Giovedi 24<\/b><\/center><b>Tempo atteso: <\/b>Al mattino tempo generalmente soleggiato, con cielo sereno o poco nuvoloso specie sulle Dolomiti, con qualche possibile e temporanea nube bassa sulle conche prealpine nelle ore pi\u00f9 fresche, in rapido dissolvimento; dalle ore centrali aumento della nuvolosit\u00e0 per attivit\u00e0 cumuliforme e non si esclude qualche isolata e breve precipitazione. Rasserenamenti in serata.<br \/>\n<b>Precipitazioni: <\/b>Al mattino assenti (0%); nel pomeriggio probabilit\u00e0 molto bassa (0-5%) di qualche breve e locale rovescio o temporale.<br \/>\n<b>Temperature: <\/b>Temperature senza notevoli variazioni, salvo qualche lieve diminuzione. Su Prealpi a 1500 m, min 12\u00b0 max 20\u00b0C, a 2000 m, min 9\u00b0, max 16\u00b0C. Su Dolomiti a 2000 m, min 8\u00b0C max 17\u00b0C, a 3000 m min 0\u00b0C, max 8\u00b0C.<br \/>\n<b>Venti: <\/b>Nelle valli deboli per brezze, localmente a tratti moderati nei settori solitamente pi\u00f9 ventilati; in alta montagna moderati anche forti da sud ovest, a 20-30 km\/h a 2000 m, a 45-60 km\/h a 3000 m.<\/p>\n<hr \/>\n<p><center><b>Venerdi 25<\/b><\/center><b>Tempo atteso: <\/b>Al mattino ancora soleggiato con graduale intensificazione della nuvolosit\u00e0 per l&#8217;arrivo di nubi medio-alte da nord ovest. Aumento della probabilit\u00e0 di precipitazione dalle ore centrali. Schiarite in serata.<br \/>\n<b>Precipitazioni: <\/b>Al mattino assenti (0%); aumento della probabilit\u00e0 dalle ore centrali, fino a medio-bassa (25-50%), per fenomeni perlopi\u00f9 sparsi anche a carattere di rovescio o di temporale.<br \/>\n<b>Temperature: <\/b>Temperature in diminuzione, specie le massime, su valori prossimi alla norma, con minime raggiunte a fine giornata, specie in quota. Su Prealpi a 1500 m, min 12\u00b0 max 17\u00b0C, a 2000 m, min 8\u00b0, max 13\u00b0C. Su Dolomiti a 2000 m, min 6\u00b0C max 13\u00b0C, a 3000 m min 0\u00b0C, max 4\u00b0C.<br \/>\n<b>Venti: <\/b>Nelle valli deboli per brezze, localmente moderati, in alta montagna da tesi a moderati in prevalenza da sud ovest, per disporsi da nord ovest a fine giornata, a 5-15 km\/h a 2000 m, a 20-35 km\/h a 3000 m.<\/p>\n<hr \/>\n<p><center><b>Sabato 26<\/b><\/center>Giornata ben pi\u00f9 soleggiata rispetto a venerd\u00ec con cielo generalmente sereno o poco nuvoloso al mattino specie in quota, con possibili formazioni di temporanee e modeste nubi basse nelle ore pi\u00f9 fresche in molte valli. Dalle ore centrali moderato aumento della nuvolosit\u00e0 per nubi a sviluppo cumuliforme, con scarsa probabilit\u00e0 di precipitazioni. Temperature minime in ulteriore lieve diminuzione, massime in contenuto aumento. Venti in quota generalmente deboli o moderati da nord ovest.<\/p>\n<hr \/>\n<p><center><b>Domenica 27<\/b><\/center>Al mattino soleggiato con cielo generalmente poco nuvoloso specie in quota, mentre in molte valli sar\u00e0 possibile la presenza di qualche nube bassa. Gi\u00e0 nel corso del mattino graduale aumento della nuvolosit\u00e0 per nubi di tipo medio-alto, con possibili precipitazioni a carattere sparso dalle ore centrali, anche con dei rovesci o temporali. Schiarite in serata. Temperature in contenuto aumento, specie le minime. Venti in quota generalmente moderati, ancora da nord ovest. Previsore: M.Padoan<\/p>\n<\/div>\n<\/div>\n<\/div>\n<\/div>\n<\/div>\n<div>\n<div><\/div>\n<div><\/div>\n<hr \/>\n<\/div>\n<p>&nbsp;<\/p>\n<\/div>\n<\/div>\n<\/div>\n<\/div>\n<p>&nbsp;<\/p>\n<p><a href=\"https:\/\/www.radiopiu.net\/wordpress\/giornale-radiopiu-15-settembre-2018-direttore-mirko-mezzacasa\/sport-7\/\" rel=\"attachment wp-att-60761\"><img loading=\"lazy\" decoding=\"async\" class=\"aligncenter wp-image-60761 size-full\" src=\"https:\/\/www.radiopiu.net\/wordpress\/wp-content\/uploads\/2018\/09\/sport.jpg\" alt=\"\" width=\"800\" height=\"100\" srcset=\"https:\/\/www.radiopiu.net\/wordpress\/wp-content\/uploads\/2018\/09\/sport.jpg 800w, https:\/\/www.radiopiu.net\/wordpress\/wp-content\/uploads\/2018\/09\/sport-300x38.jpg 300w, https:\/\/www.radiopiu.net\/wordpress\/wp-content\/uploads\/2018\/09\/sport-768x96.jpg 768w\" sizes=\"auto, (max-width: 800px) 100vw, 800px\" \/><\/a><\/p>\n<p>&nbsp;<\/p>\n<blockquote>\n<h3>&#8220;NUADA LONGA&#8221; AL LIDO DI VENEZIA. OTTIMI RISULTATI ANCHE PER I BELLUNESI DELLA SPORTIVAMENTE BELLUNO<\/h3>\n<\/blockquote>\n<p><strong>BELLUNO <\/strong>Bellunesi in passerella al Lido. Ma la Mostra del Cinema non c\u2019entra. C\u2019entra, eccome, il nuoto. E, in particolare, le bracciate in acque aperte. Domenica scorsa, infatti, \u00e8 andata in scena la prima edizione della \u201cVenice Open Water &#8211; Nuada Longa\u201d. L\u2019evento, promosso dalla Pro Loco Lido e Pellestrina e organizzato da Venezia Triathlon, ha accolto ben 284 atleti. Fra loro, anche cinque Master della Sportivamente Belluno: Matteo Sogne, Graziano Padovan, Matteo Fallucca, Marco Vaccaro e Lucilla Majo. Per quanto riguarda Sogne, \u00e8 riuscito a completare i 3,5 chilometri a nuoto in 52\u201945\u201d, piazzandosi in trentatreesima posizione nella classifica generale e in settima nella graduatoria della sua categoria. Ma, soprattutto, ha ottenuto due primati: uno per la categoria M2-M, nella prova \u201cNuota il miglio\u201d (28\u201917\u201d), e l\u2019altro nella combinata sulle due distanze (miglio e 3,5 km). A proposito del miglio, \u00e8 stato affrontato pure da Fallucca (42\u201936\u201d), Vaccaro (43\u201940\u201d) e Majo (44\u201905\u201d). Superlativo anche Graziano Padovan. Il pi\u00f9 anziano fra gli iscritti (\u00e8 classe 1949) si \u00e8 cimentato nella gara di 3,5 chilometri e l\u2019ha completata con un tempo da far impallidire i ragazzini: 1h31\u201919\u201d.\u00a0 In questo modo, la Sportivamente Belluno amplia i suoi orizzonti. E, con il gruppo legato alle acque libere, strizza l\u2019occhio alle novit\u00e0. Lo stesso gruppo si allena sotto le direttive del tecnico Matteo Sogne e invita tutti gli interessati al magico mondo delle \u201cbracciate in libert\u00e0\u201d a farsi avanti. \u00abSono entusiasta e orgogliosa dei risultati ottenuti &#8211; afferma la coordinatrice delle attivit\u00e0, Anna Fontana -. Ma di sicuro non ci fermiamo qui: continueremo a guardare avanti con l\u2019obiettivo di crescere ulteriormente e di migliorare\u00bb.<\/p>\n\n\t\t\t<style type='text\/css'>\n\t\t\t\t#gallery-10 {\n\t\t\t\t\tmargin: auto;\n\t\t\t\t}\n\t\t\t\t#gallery-10 .gallery-item {\n\t\t\t\t\tfloat: left;\n\t\t\t\t\tmargin-top: 10px;\n\t\t\t\t\ttext-align: center;\n\t\t\t\t\twidth: 25%;\n\t\t\t\t}\n\t\t\t\t#gallery-10 img {\n\t\t\t\t\tborder: 2px solid #cfcfcf;\n\t\t\t\t}\n\t\t\t\t#gallery-10 .gallery-caption {\n\t\t\t\t\tmargin-left: 0;\n\t\t\t\t}\n\t\t\t\t\/* see gallery_shortcode() in wp-includes\/media.php *\/\n\t\t\t<\/style>\n\t\t<div id='gallery-10' class='dt-gallery-container gallery galleryid-217647 gallery-columns-4 gallery-size-medium'><dl class='gallery-item'>\n\t\t\t\t<dt class='gallery-icon landscape'>\n\t\t\t\t\t<a class=\"rollover rollover-zoom dt-pswp-item\" title=\"Gruppo_Nuada_Longa\" data-dt-img-description=\"\" data-large_image_width=\"1481\" data-large_image_height=\"1481\"href='https:\/\/www.radiopiu.net\/wordpress\/wp-content\/uploads\/2021\/06\/Gruppo_Nuada_Longa.jpg'><img loading=\"lazy\" decoding=\"async\" width=\"300\" height=\"300\" src=\"https:\/\/www.radiopiu.net\/wordpress\/wp-content\/uploads\/2021\/06\/Gruppo_Nuada_Longa-300x300.jpg\" class=\"attachment-medium size-medium\" alt=\"\" srcset=\"https:\/\/www.radiopiu.net\/wordpress\/wp-content\/uploads\/2021\/06\/Gruppo_Nuada_Longa-300x300.jpg 300w, https:\/\/www.radiopiu.net\/wordpress\/wp-content\/uploads\/2021\/06\/Gruppo_Nuada_Longa-1024x1024.jpg 1024w, https:\/\/www.radiopiu.net\/wordpress\/wp-content\/uploads\/2021\/06\/Gruppo_Nuada_Longa-150x150.jpg 150w, https:\/\/www.radiopiu.net\/wordpress\/wp-content\/uploads\/2021\/06\/Gruppo_Nuada_Longa-768x768.jpg 768w, https:\/\/www.radiopiu.net\/wordpress\/wp-content\/uploads\/2021\/06\/Gruppo_Nuada_Longa.jpg 1481w\" sizes=\"auto, (max-width: 300px) 100vw, 300px\" \/><\/a>\n\t\t\t\t<\/dt><\/dl><dl class='gallery-item'>\n\t\t\t\t<dt class='gallery-icon landscape'>\n\t\t\t\t\t<a class=\"rollover rollover-zoom dt-pswp-item\" title=\"Matteo_Sogne_e_Graziano_Padovan\" data-dt-img-description=\"\" data-large_image_width=\"929\" data-large_image_height=\"929\"href='https:\/\/www.radiopiu.net\/wordpress\/wp-content\/uploads\/2021\/06\/Matteo_Sogne_e_Graziano_Padovan.jpg'><img loading=\"lazy\" decoding=\"async\" width=\"300\" height=\"300\" src=\"https:\/\/www.radiopiu.net\/wordpress\/wp-content\/uploads\/2021\/06\/Matteo_Sogne_e_Graziano_Padovan-300x300.jpg\" class=\"attachment-medium size-medium\" alt=\"\" srcset=\"https:\/\/www.radiopiu.net\/wordpress\/wp-content\/uploads\/2021\/06\/Matteo_Sogne_e_Graziano_Padovan-300x300.jpg 300w, https:\/\/www.radiopiu.net\/wordpress\/wp-content\/uploads\/2021\/06\/Matteo_Sogne_e_Graziano_Padovan-150x150.jpg 150w, https:\/\/www.radiopiu.net\/wordpress\/wp-content\/uploads\/2021\/06\/Matteo_Sogne_e_Graziano_Padovan-768x768.jpg 768w, https:\/\/www.radiopiu.net\/wordpress\/wp-content\/uploads\/2021\/06\/Matteo_Sogne_e_Graziano_Padovan.jpg 929w\" sizes=\"auto, (max-width: 300px) 100vw, 300px\" \/><\/a>\n\t\t\t\t<\/dt><\/dl><dl class='gallery-item'>\n\t\t\t\t<dt class='gallery-icon landscape'>\n\t\t\t\t\t<a class=\"rollover rollover-zoom dt-pswp-item\" title=\"Matteo_Sogne_premiato\" data-dt-img-description=\"\" data-large_image_width=\"1213\" data-large_image_height=\"1213\"href='https:\/\/www.radiopiu.net\/wordpress\/wp-content\/uploads\/2021\/06\/Matteo_Sogne_premiato.jpg'><img loading=\"lazy\" decoding=\"async\" width=\"300\" height=\"300\" src=\"https:\/\/www.radiopiu.net\/wordpress\/wp-content\/uploads\/2021\/06\/Matteo_Sogne_premiato-300x300.jpg\" class=\"attachment-medium size-medium\" alt=\"\" srcset=\"https:\/\/www.radiopiu.net\/wordpress\/wp-content\/uploads\/2021\/06\/Matteo_Sogne_premiato-300x300.jpg 300w, https:\/\/www.radiopiu.net\/wordpress\/wp-content\/uploads\/2021\/06\/Matteo_Sogne_premiato-1024x1024.jpg 1024w, https:\/\/www.radiopiu.net\/wordpress\/wp-content\/uploads\/2021\/06\/Matteo_Sogne_premiato-150x150.jpg 150w, https:\/\/www.radiopiu.net\/wordpress\/wp-content\/uploads\/2021\/06\/Matteo_Sogne_premiato-768x768.jpg 768w, https:\/\/www.radiopiu.net\/wordpress\/wp-content\/uploads\/2021\/06\/Matteo_Sogne_premiato.jpg 1213w\" sizes=\"auto, (max-width: 300px) 100vw, 300px\" \/><\/a>\n\t\t\t\t<\/dt><\/dl><dl class='gallery-item'>\n\t\t\t\t<dt class='gallery-icon landscape'>\n\t\t\t\t\t<a class=\"rollover rollover-zoom dt-pswp-item\" title=\"Podio_Matteo_Sogne\" data-dt-img-description=\"\" data-large_image_width=\"1213\" data-large_image_height=\"1141\"href='https:\/\/www.radiopiu.net\/wordpress\/wp-content\/uploads\/2021\/06\/Podio_Matteo_Sogne.jpg'><img loading=\"lazy\" decoding=\"async\" width=\"300\" height=\"282\" src=\"https:\/\/www.radiopiu.net\/wordpress\/wp-content\/uploads\/2021\/06\/Podio_Matteo_Sogne-300x282.jpg\" class=\"attachment-medium size-medium\" alt=\"\" srcset=\"https:\/\/www.radiopiu.net\/wordpress\/wp-content\/uploads\/2021\/06\/Podio_Matteo_Sogne-300x282.jpg 300w, https:\/\/www.radiopiu.net\/wordpress\/wp-content\/uploads\/2021\/06\/Podio_Matteo_Sogne-1024x963.jpg 1024w, https:\/\/www.radiopiu.net\/wordpress\/wp-content\/uploads\/2021\/06\/Podio_Matteo_Sogne-768x722.jpg 768w, https:\/\/www.radiopiu.net\/wordpress\/wp-content\/uploads\/2021\/06\/Podio_Matteo_Sogne.jpg 1213w\" sizes=\"auto, (max-width: 300px) 100vw, 300px\" \/><\/a>\n\t\t\t\t<\/dt><\/dl><br style=\"clear: both\" \/>\n\t\t\t<\/div>\n\n<p>&nbsp;<\/p>\n<hr \/>\n<p>&nbsp;<\/p>\n<blockquote>\n<h2><strong><span style=\"font-family: arial, helvetica neue, helvetica, sans-serif;\">IN 3.800 A CORTINA PER L\u2019EDIZIONE 2021 DELLA LA SPORTIVA LAVAREDO ULTRA TRAIL\u00a0<\/span><\/strong><\/h2>\n<\/blockquote>\n<p><strong><a href=\"https:\/\/www.radiopiu.net\/wordpress\/giornale-radiopiu-24-giugno-2021-direttore-mirko-mezzacasa\/b8e2376a-0c4d-4c1d-a21d-733a5d4b305d-3\/\" rel=\"attachment wp-att-217795\"><img loading=\"lazy\" decoding=\"async\" class=\" wp-image-217795 alignleft\" src=\"https:\/\/www.radiopiu.net\/wordpress\/wp-content\/uploads\/2021\/06\/b8e2376a-0c4d-4c1d-a21d-733a5d4b305d-300x118.jpg\" alt=\"\" width=\"257\" height=\"101\" srcset=\"https:\/\/www.radiopiu.net\/wordpress\/wp-content\/uploads\/2021\/06\/b8e2376a-0c4d-4c1d-a21d-733a5d4b305d-300x118.jpg 300w, https:\/\/www.radiopiu.net\/wordpress\/wp-content\/uploads\/2021\/06\/b8e2376a-0c4d-4c1d-a21d-733a5d4b305d-768x301.jpg 768w, https:\/\/www.radiopiu.net\/wordpress\/wp-content\/uploads\/2021\/06\/b8e2376a-0c4d-4c1d-a21d-733a5d4b305d.jpg 800w\" sizes=\"auto, (max-width: 257px) 100vw, 257px\" \/><\/a>CORTINA\u00a0<\/strong> Saranno 3.800 i concorrenti, in rappresentanza di 50 nazioni, che da oggi a domenica daranno vita alla 14a edizione della La Sportiva Lavaredo Ultra Trail. Quattro giornate di gara per quattro eventi, con partenza e arrivo in Corso Italia. La prima prova la Cortina Skyrace (6a edizione): 20 chilometri di sviluppo per mille metri di dislivello positivo, 330 concorrenti al via oggi alle 16. Domani tocca ai 1.350 iscritti alla Cortina Trail (9a edizione), 48 chilometri per 2.600 metri di dislivello positivo. La Sportiva Lavaredo Ultra Trail per 1350 concorrenti, scatta alle 23 di questa sera su 120 chilometri e 5.800 metri di dislivello positivo.\u00a0 Alle 8 del mattino di sabato 26 sar\u00e0 dato il via all\u2019ultimo nato tra gli eventi Lut, vale a dire la UltraDolomites (2a edizione), che vedr\u00e0 lo start da Sesto (Bolzano) e proporr\u00e0 80 chilometri di sviluppo e 4.100 metri di dislivello positivo,\u00a0 780 i partecipanti.<\/p>\n","protected":false},"excerpt":{"rendered":"<p>&nbsp; PER\u00a0RICEVERE QUESTO NOTIZIARIO DIRETTAMENTE SUL TUO CELLULARE ISCRIVITI AL CANALE TELEGRAM\u00a0\u201cRADIO PIU\u00a0 INFORMAZIONE\u201d\u00a0 \u00a0 \u00a0 24 GIUGNO SAN GIOVANNI, A CANALE D&#8217;AGORDO\u00a0 AUDIO\u00a0 &nbsp; PROFUMO DI RINASCITA, di JOHN FRANCIS DELLA PIETRA da CANALE D&#8217;AGORDO\u00a0 Profumo di rinascita Una leggera brezza Pervade l estivo limpido aere Scompigliando dolcemente le foglie Del verdeggiante bosco Portando&hellip;<\/p>\n","protected":false},"author":4,"featured_media":217791,"comment_status":"closed","ping_status":"open","sticky":false,"template":"","format":"standard","meta":{"_monsterinsights_skip_tracking":false,"_monsterinsights_sitenote_active":false,"_monsterinsights_sitenote_note":"","_monsterinsights_sitenote_category":0,"footnotes":""},"categories":[1,51,86,49],"tags":[],"class_list":["post-217647","post","type-post","status-publish","format-standard","has-post-thumbnail","hentry","category-senza-categoria","category-evidenza-top","category-gr","category-news-18","category-1","category-51","category-86","category-49","description-off"],"img_url":"https:\/\/www.radiopiu.net\/wordpress\/wp-content\/uploads\/2021\/06\/200868453_5716478781755875_7033952121790127907_n.jpg","_links":{"self":[{"href":"https:\/\/www.radiopiu.net\/wordpress\/wp-json\/wp\/v2\/posts\/217647","targetHints":{"allow":["GET"]}}],"collection":[{"href":"https:\/\/www.radiopiu.net\/wordpress\/wp-json\/wp\/v2\/posts"}],"about":[{"href":"https:\/\/www.radiopiu.net\/wordpress\/wp-json\/wp\/v2\/types\/post"}],"author":[{"embeddable":true,"href":"https:\/\/www.radiopiu.net\/wordpress\/wp-json\/wp\/v2\/users\/4"}],"replies":[{"embeddable":true,"href":"https:\/\/www.radiopiu.net\/wordpress\/wp-json\/wp\/v2\/comments?post=217647"}],"version-history":[{"count":0,"href":"https:\/\/www.radiopiu.net\/wordpress\/wp-json\/wp\/v2\/posts\/217647\/revisions"}],"wp:featuredmedia":[{"embeddable":true,"href":"https:\/\/www.radiopiu.net\/wordpress\/wp-json\/wp\/v2\/media\/217791"}],"wp:attachment":[{"href":"https:\/\/www.radiopiu.net\/wordpress\/wp-json\/wp\/v2\/media?parent=217647"}],"wp:term":[{"taxonomy":"category","embeddable":true,"href":"https:\/\/www.radiopiu.net\/wordpress\/wp-json\/wp\/v2\/categories?post=217647"},{"taxonomy":"post_tag","embeddable":true,"href":"https:\/\/www.radiopiu.net\/wordpress\/wp-json\/wp\/v2\/tags?post=217647"}],"curies":[{"name":"wp","href":"https:\/\/api.w.org\/{rel}","templated":true}]}}