{"id":217657,"date":"2021-11-30T03:58:33","date_gmt":"2021-11-30T02:58:33","guid":{"rendered":"https:\/\/www.radiopiu.net\/wordpress\/?p=217657"},"modified":"2021-11-30T05:43:16","modified_gmt":"2021-11-30T04:43:16","slug":"autovelox-di-brentass","status":"publish","type":"post","link":"https:\/\/www.radiopiu.net\/wordpress\/autovelox-di-brentass\/","title":{"rendered":"AUTOVELOX DI BRENTA, QUANDO IL COMUNE PERDE I RICORSI"},"content":{"rendered":"<blockquote>\n<h3>LE CAUSE PERSE CON RELATIVI COSTI LEGALI A CARICO DELL&#8217;AMMINISTRAZIONE COMUNALE<\/h3>\n<h3><\/h3>\n<h3><strong> LIVINALLONGO\u00a0<\/strong> L&#8217;automobilista vince di nuovo, il Comune ne esce di nuovo sconfitto per l&#8217;ennesima volta e bastonato, pagher\u00e0 le spese legali. Lo ha deciso il giudice di Beluno a\u00a0 cui aveva fatto ricorso\u00a0 un automobilista sanzionato all&#8217;autovelox di Brenta (tra Pieve di Livinallongo ed Arabba) per\u00a0 un&#8217;irregolarit\u00e0 nella compilazione del verbale. E cos\u00ec, nel corso dell&#8217;ultima seduta, il consiglio comunale di \u00e8 visto costretto a riconoscere l&#8217;ennesimo debito fuori bilancio, circa 500 euro, ovvero il costo delle spese legali ed ovviamente non previste a bilancio, che vanno per\u00f2 ad aggiungersi a quelle gi\u00e0 sostenute per gli altri ricorsi persi dalla primavera scorsa.\u00a0 Sei verbali contestati per un errore formale nella stesura da parte della Sd Service di Rovigo alla quale il Comune aveva affidato l&#8217;incarico.<\/h3>\n<p>&nbsp;<\/p>\n<p>&nbsp;<\/p><\/blockquote>\n<hr \/>\n<blockquote>\n<h3><\/h3>\n<h3>ARCHIVIO RADIO PIU<\/h3>\n<h3><\/h3>\n<h3>LIVINALLONGO Promuove il ricorso per la multa recapitata dal Comune dopo il controllo dell&#8217;autovelox di Brenta (tra Pieve di Livinallongo ed Arabba) e il giudice di pace gli da ragione e ora il Comune \u00e8 chiamato a riconoscere il debito fuori bilancio per le spese legali sostenute. Il motivo: una discordanza nell&#8217;indicazione della localizzazione dell&#8217;apparecchio fisso. Un problema di verbalizzazione delle contravvenzioni, servizio affidato in gestione ad un&#8217;altra ditta. L&#8217;autovelox\u00a0 era stato installato nel 2020 all&#8217;altezza dell&#8217;attraversamento pedonale per limitare il fenomeno dell&#8217;alta velocit\u00e0<\/h3>\n<p>&nbsp;<\/p><\/blockquote>\n<h3><span style=\"color: #ff0000;\">\u00a0ARCHIVIO RADIO PIU, 24 GIUGNO 2021<\/span><\/h3>\n<blockquote>\n<blockquote><p><em>Il giudice ha rilevato che nei verbali c&#8217;erano discordanze, addirittura in qualche caso nel verbale non \u00e8 stata riportata in maniera dettagliata l&#8217;indicazione della localit\u00e0 e della progressiva chilometrica. Fatto da chiarire con la Sd Service di Rovigo che gestisce l&#8217;autovelox.\u00a0<\/em><\/p><\/blockquote>\n<\/blockquote>\n<p>&nbsp;<\/p>\n<p><strong>IL SINDACO DI LIVINALLONGO LEANDRO GRONES\u00a0<\/strong><\/p>\n<audio class=\"wp-audio-shortcode\" id=\"audio-217657-1\" preload=\"none\" style=\"width: 100%;\" controls=\"controls\"><source type=\"audio\/mpeg\" src=\"https:\/\/www.radiopiu.net\/wordpress\/wp-content\/uploads\/2021\/06\/LEANDRO-AUTO.mp3?_=1\" \/><a href=\"https:\/\/www.radiopiu.net\/wordpress\/wp-content\/uploads\/2021\/06\/LEANDRO-AUTO.mp3\">https:\/\/www.radiopiu.net\/wordpress\/wp-content\/uploads\/2021\/06\/LEANDRO-AUTO.mp3<\/a><\/audio>\n<p>&nbsp;<\/p>\n<p>&nbsp;<\/p>\n<h2><span style=\"color: #ff0000;\">IERI ALLA RADIO\u00a0<\/span><\/h2>\n<blockquote><p><strong><a href=\"https:\/\/www.radiopiu.net\/wordpress\/giornale-radiopiu-23-giugno-2021-direttore-mirko-mezzacasa\/th-147\/\" rel=\"attachment wp-att-217651\"><img loading=\"lazy\" decoding=\"async\" class=\" wp-image-217651 alignleft\" src=\"https:\/\/www.radiopiu.net\/wordpress\/wp-content\/uploads\/2021\/06\/th-20.jpg\" alt=\"\" width=\"212\" height=\"182\" \/><\/a>LIVINALLONGO<\/strong> Il Giudice di Pace di Belluno ha depennato quattro sanzioni che il Comune di Livinallongo non incasser\u00e0, le prossime volte ci vorr\u00e0 pi\u00f9 attenzione nella compilazione dei verbali per il giudice incompleti. Saranno gli unici casi o a catena gli automobilisti seguiranno la stessa procedura legale? Il Comune \u00e8\u00a0 stato costretto a riconoscere un debito fuori bilancio per le spese processuali a suo carico. La vicenda \u00e8 stata resa nota dalla minoranza, grazie all&#8217;interrogazione presentata in consiglio comunale dove si \u00e8 sviluppato il dibattito.<em> &#8220;Ci risulta &#8211; hanno rimarcato\u00a0 i consiglieri\u00a0 Daniela Templari, Claudio Sorarui e Silvia De Dorigo Delmonego\u00a0 che molti automobilisti cui era stata comminata una multa per la trasgressione del limite di velocit\u00e0 a Brenta abbiano avanzato opposizione contro le sanzioni. Per quale motivo la multa \u00e8 stata annullata? Come mai il rilevatore non rispetta le normative di legge vigenti? Come intende comportarsi l&#8217;amministrazione nei confronti dei residenti e non che sono stati ingiustamente sanzionati e con diligenza hanno pagato le cifre richieste? Fatto grave, tra l&#8217;altro, che ci\u00f2 ha comportato anche la decurtazione dei tanto preziosi punti della patente.<\/em><\/p>\n<p>&nbsp;<\/p><\/blockquote>\n<p>&nbsp;<\/p>\n<p>&nbsp;<\/p>\n","protected":false},"excerpt":{"rendered":"<p>LE CAUSE PERSE CON RELATIVI COSTI LEGALI A CARICO DELL&#8217;AMMINISTRAZIONE COMUNALE LIVINALLONGO\u00a0 L&#8217;automobilista vince di nuovo, il Comune ne esce di nuovo sconfitto per l&#8217;ennesima volta e bastonato, pagher\u00e0 le spese legali. Lo ha deciso il giudice di Beluno a\u00a0 cui aveva fatto ricorso\u00a0 un automobilista sanzionato all&#8217;autovelox di Brenta (tra Pieve di Livinallongo ed&hellip;<\/p>\n","protected":false},"author":4,"featured_media":217651,"comment_status":"closed","ping_status":"open","sticky":false,"template":"","format":"standard","meta":{"_monsterinsights_skip_tracking":false,"_monsterinsights_sitenote_active":false,"_monsterinsights_sitenote_note":"","_monsterinsights_sitenote_category":0,"footnotes":""},"categories":[51,49],"tags":[],"class_list":["post-217657","post","type-post","status-publish","format-standard","has-post-thumbnail","hentry","category-evidenza-top","category-news-18","category-51","category-49","description-off"],"img_url":"https:\/\/www.radiopiu.net\/wordpress\/wp-content\/uploads\/2021\/06\/th-20.jpg","_links":{"self":[{"href":"https:\/\/www.radiopiu.net\/wordpress\/wp-json\/wp\/v2\/posts\/217657","targetHints":{"allow":["GET"]}}],"collection":[{"href":"https:\/\/www.radiopiu.net\/wordpress\/wp-json\/wp\/v2\/posts"}],"about":[{"href":"https:\/\/www.radiopiu.net\/wordpress\/wp-json\/wp\/v2\/types\/post"}],"author":[{"embeddable":true,"href":"https:\/\/www.radiopiu.net\/wordpress\/wp-json\/wp\/v2\/users\/4"}],"replies":[{"embeddable":true,"href":"https:\/\/www.radiopiu.net\/wordpress\/wp-json\/wp\/v2\/comments?post=217657"}],"version-history":[{"count":0,"href":"https:\/\/www.radiopiu.net\/wordpress\/wp-json\/wp\/v2\/posts\/217657\/revisions"}],"wp:featuredmedia":[{"embeddable":true,"href":"https:\/\/www.radiopiu.net\/wordpress\/wp-json\/wp\/v2\/media\/217651"}],"wp:attachment":[{"href":"https:\/\/www.radiopiu.net\/wordpress\/wp-json\/wp\/v2\/media?parent=217657"}],"wp:term":[{"taxonomy":"category","embeddable":true,"href":"https:\/\/www.radiopiu.net\/wordpress\/wp-json\/wp\/v2\/categories?post=217657"},{"taxonomy":"post_tag","embeddable":true,"href":"https:\/\/www.radiopiu.net\/wordpress\/wp-json\/wp\/v2\/tags?post=217657"}],"curies":[{"name":"wp","href":"https:\/\/api.w.org\/{rel}","templated":true}]}}