{"id":217670,"date":"2021-06-23T06:53:53","date_gmt":"2021-06-23T04:53:53","guid":{"rendered":"https:\/\/www.radiopiu.net\/wordpress\/?p=217670"},"modified":"2021-06-23T06:53:53","modified_gmt":"2021-06-23T04:53:53","slug":"fusioni-scopel-comunita-locali-libere-di-auto-determinarsi-gli-errori-per-questioni-economiche","status":"publish","type":"post","link":"https:\/\/www.radiopiu.net\/wordpress\/fusioni-scopel-comunita-locali-libere-di-auto-determinarsi-gli-errori-per-questioni-economiche\/","title":{"rendered":"FUSIONI, SCOPEL &#8220;COMUNITA&#8217; LOCALI LIBERE DI AUTO DETERMINARSI, GLI ERRORI PER QUESTIONI ECONOMICHE&#8221;"},"content":{"rendered":"<p><strong><a href=\"https:\/\/www.radiopiu.net\/wordpress\/giornale-radiopiu-05-gennaio-2019-direttore-mirko-mezzacasa\/download-479\/\" rel=\"attachment wp-att-71362\"><img loading=\"lazy\" decoding=\"async\" class=\" wp-image-71362 alignleft\" src=\"https:\/\/www.radiopiu.net\/wordpress\/wp-content\/uploads\/2019\/01\/download-2.jpg\" alt=\"\" width=\"140\" height=\"211\" \/><\/a>REDAZIONE<\/strong>\u00a0 Quasi come si trattasse di un refrain estivo, torna in auge nel dibattito politico ed amministrativo la questione delle unioni e delle fusioni tra i Comuni di piccole dimensioni. Alle viste ci sarebbe questa volta, stando ad alcuni rumors di stampa, un piano della Regione Veneto per \u201cfavorire\u201d l\u2019accorpamento dei Comuni di dimensioni pi\u00f9 ridotte. Una questione che, evidentemente, riguarda da vicino soprattutto la provincia di Belluno, in cui vi sono 17 municipi con meno di 1.000 abitanti e addirittura 26 con una popolazione compresa tra 1.000 e 3.000.<\/p>\n<p>Nel dibattito porta il suo contributo il sindaco di Seren del Grappa, Dario Scopel che \u00e8 anche membro del direttivo dell\u2019Associazione Nazionale Piccoli Comuni d\u2019Italia<em> \u201cQuello che trovo per\u00f2 completamente fuori luogo e addirittura controproducente \u00e8 che si voglia calare un processo di questo tipo dall\u2019alto, magari \u201cspingendolo\u201d con degli incentivi economici. Qualcuno addirittura &#8211; aggiunge Scopel &#8211; ha tirato in ballo, con un paragone che definire ardito \u00e8 eufemistico, quanto sta accadendo a livello calcistico con la fusione tra le tre maggiori societ\u00e0 della provincia: \u00e8 del tutto evidente che stiamo parlando di ambiti completamente diversi, senza tener conto che nuove societ\u00e0 sportive potrebbero eventualmente riformarsi in futuro, cosa naturalmente impensabile per un Comune\u201d.<\/em><\/p>\n<p><strong>AUDIO DARIO SCOPEL<\/strong><\/p>\n<audio class=\"wp-audio-shortcode\" id=\"audio-217670-1\" preload=\"none\" style=\"width: 100%;\" controls=\"controls\"><source type=\"audio\/mpeg\" src=\"https:\/\/www.radiopiu.net\/wordpress\/wp-content\/uploads\/2021\/06\/scopel.mp3?_=1\" \/><a href=\"https:\/\/www.radiopiu.net\/wordpress\/wp-content\/uploads\/2021\/06\/scopel.mp3\">https:\/\/www.radiopiu.net\/wordpress\/wp-content\/uploads\/2021\/06\/scopel.mp3<\/a><\/audio>\n<p>&nbsp;<\/p>\n","protected":false},"excerpt":{"rendered":"<p>REDAZIONE\u00a0 Quasi come si trattasse di un refrain estivo, torna in auge nel dibattito politico ed amministrativo la questione delle unioni e delle fusioni tra i Comuni di piccole dimensioni. Alle viste ci sarebbe questa volta, stando ad alcuni rumors di stampa, un piano della Regione Veneto per \u201cfavorire\u201d l\u2019accorpamento dei Comuni di dimensioni pi\u00f9&hellip;<\/p>\n","protected":false},"author":4,"featured_media":71362,"comment_status":"closed","ping_status":"open","sticky":false,"template":"","format":"standard","meta":{"_monsterinsights_skip_tracking":false,"_monsterinsights_sitenote_active":false,"_monsterinsights_sitenote_note":"","_monsterinsights_sitenote_category":0,"footnotes":""},"categories":[49],"tags":[],"class_list":["post-217670","post","type-post","status-publish","format-standard","has-post-thumbnail","hentry","category-news-18","category-49","description-off"],"img_url":"https:\/\/www.radiopiu.net\/wordpress\/wp-content\/uploads\/2019\/01\/download-2.jpg","_links":{"self":[{"href":"https:\/\/www.radiopiu.net\/wordpress\/wp-json\/wp\/v2\/posts\/217670","targetHints":{"allow":["GET"]}}],"collection":[{"href":"https:\/\/www.radiopiu.net\/wordpress\/wp-json\/wp\/v2\/posts"}],"about":[{"href":"https:\/\/www.radiopiu.net\/wordpress\/wp-json\/wp\/v2\/types\/post"}],"author":[{"embeddable":true,"href":"https:\/\/www.radiopiu.net\/wordpress\/wp-json\/wp\/v2\/users\/4"}],"replies":[{"embeddable":true,"href":"https:\/\/www.radiopiu.net\/wordpress\/wp-json\/wp\/v2\/comments?post=217670"}],"version-history":[{"count":0,"href":"https:\/\/www.radiopiu.net\/wordpress\/wp-json\/wp\/v2\/posts\/217670\/revisions"}],"wp:featuredmedia":[{"embeddable":true,"href":"https:\/\/www.radiopiu.net\/wordpress\/wp-json\/wp\/v2\/media\/71362"}],"wp:attachment":[{"href":"https:\/\/www.radiopiu.net\/wordpress\/wp-json\/wp\/v2\/media?parent=217670"}],"wp:term":[{"taxonomy":"category","embeddable":true,"href":"https:\/\/www.radiopiu.net\/wordpress\/wp-json\/wp\/v2\/categories?post=217670"},{"taxonomy":"post_tag","embeddable":true,"href":"https:\/\/www.radiopiu.net\/wordpress\/wp-json\/wp\/v2\/tags?post=217670"}],"curies":[{"name":"wp","href":"https:\/\/api.w.org\/{rel}","templated":true}]}}