{"id":217700,"date":"2021-06-23T10:45:18","date_gmt":"2021-06-23T08:45:18","guid":{"rendered":"https:\/\/www.radiopiu.net\/wordpress\/?p=217700"},"modified":"2021-06-23T10:45:18","modified_gmt":"2021-06-23T08:45:18","slug":"nuada-longa-al-lido-di-venezia-ottimi-risultati-anche-per-i-bellunesi-della-sportivamente-belluno","status":"publish","type":"post","link":"https:\/\/www.radiopiu.net\/wordpress\/nuada-longa-al-lido-di-venezia-ottimi-risultati-anche-per-i-bellunesi-della-sportivamente-belluno\/","title":{"rendered":"&#8220;NUADA LONGA&#8221; AL LIDO DI VENEZIA. OTTIMI RISULTATI ANCHE PER I BELLUNESI DELLA SPORTIVAMENTE BELLUNO"},"content":{"rendered":"<p><strong>BELLUNO <\/strong>Bellunesi in passerella al Lido. Ma la Mostra del Cinema non c\u2019entra. C\u2019entra, eccome, il nuoto. E, in particolare, le bracciate in acque aperte. Domenica scorsa, infatti, \u00e8 andata in scena la prima edizione della \u201cVenice Open Water &#8211; Nuada Longa\u201d. L\u2019evento, promosso dalla Pro Loco Lido e Pellestrina e organizzato da Venezia Triathlon, ha accolto ben 284 atleti. Fra loro, anche cinque Master della Sportivamente Belluno: Matteo Sogne, Graziano Padovan, Matteo Fallucca, Marco Vaccaro e Lucilla Majo. Per quanto riguarda Sogne, \u00e8 riuscito a completare i 3,5 chilometri a nuoto in 52\u201945\u201d, piazzandosi in trentatreesima posizione nella classifica generale e in settima nella graduatoria della sua categoria. Ma, soprattutto, ha ottenuto due primati: uno per la categoria M2-M, nella prova \u201cNuota il miglio\u201d (28\u201917\u201d), e l\u2019altro nella combinata sulle due distanze (miglio e 3,5 km). A proposito del miglio, \u00e8 stato affrontato pure da Fallucca (42\u201936\u201d), Vaccaro (43\u201940\u201d) e Majo (44\u201905\u201d). Superlativo anche Graziano Padovan. Il pi\u00f9 anziano fra gli iscritti (\u00e8 classe 1949) si \u00e8 cimentato nella gara di 3,5 chilometri e l\u2019ha completata con un tempo da far impallidire i ragazzini: 1h31\u201919\u201d.\u00a0 In questo modo, la Sportivamente Belluno amplia i suoi orizzonti. E, con il gruppo legato alle acque libere, strizza l\u2019occhio alle novit\u00e0. Lo stesso gruppo si allena sotto le direttive del tecnico Matteo Sogne e invita tutti gli interessati al magico mondo delle \u201cbracciate in libert\u00e0\u201d a farsi avanti. \u00abSono entusiasta e orgogliosa dei risultati ottenuti &#8211; afferma la coordinatrice delle attivit\u00e0, Anna Fontana -. Ma di sicuro non ci fermiamo qui: continueremo a guardare avanti con l\u2019obiettivo di crescere ulteriormente e di migliorare\u00bb.<\/p>\n\n\t\t\t<style type='text\/css'>\n\t\t\t\t#gallery-1 {\n\t\t\t\t\tmargin: auto;\n\t\t\t\t}\n\t\t\t\t#gallery-1 .gallery-item {\n\t\t\t\t\tfloat: left;\n\t\t\t\t\tmargin-top: 10px;\n\t\t\t\t\ttext-align: center;\n\t\t\t\t\twidth: 25%;\n\t\t\t\t}\n\t\t\t\t#gallery-1 img {\n\t\t\t\t\tborder: 2px solid #cfcfcf;\n\t\t\t\t}\n\t\t\t\t#gallery-1 .gallery-caption {\n\t\t\t\t\tmargin-left: 0;\n\t\t\t\t}\n\t\t\t\t\/* see gallery_shortcode() in wp-includes\/media.php *\/\n\t\t\t<\/style>\n\t\t<div id='gallery-1' class='dt-gallery-container gallery galleryid-217700 gallery-columns-4 gallery-size-medium'><dl class='gallery-item'>\n\t\t\t\t<dt class='gallery-icon landscape'>\n\t\t\t\t\t<a class=\"rollover rollover-zoom dt-pswp-item\" title=\"Gruppo_Nuada_Longa\" data-dt-img-description=\"\" data-large_image_width=\"1481\" data-large_image_height=\"1481\"href='https:\/\/www.radiopiu.net\/wordpress\/wp-content\/uploads\/2021\/06\/Gruppo_Nuada_Longa.jpg'><img loading=\"lazy\" decoding=\"async\" width=\"300\" height=\"300\" src=\"https:\/\/www.radiopiu.net\/wordpress\/wp-content\/uploads\/2021\/06\/Gruppo_Nuada_Longa-300x300.jpg\" class=\"attachment-medium size-medium\" alt=\"\" srcset=\"https:\/\/www.radiopiu.net\/wordpress\/wp-content\/uploads\/2021\/06\/Gruppo_Nuada_Longa-300x300.jpg 300w, https:\/\/www.radiopiu.net\/wordpress\/wp-content\/uploads\/2021\/06\/Gruppo_Nuada_Longa-1024x1024.jpg 1024w, https:\/\/www.radiopiu.net\/wordpress\/wp-content\/uploads\/2021\/06\/Gruppo_Nuada_Longa-150x150.jpg 150w, https:\/\/www.radiopiu.net\/wordpress\/wp-content\/uploads\/2021\/06\/Gruppo_Nuada_Longa-768x768.jpg 768w, https:\/\/www.radiopiu.net\/wordpress\/wp-content\/uploads\/2021\/06\/Gruppo_Nuada_Longa.jpg 1481w\" sizes=\"auto, (max-width: 300px) 100vw, 300px\" \/><\/a>\n\t\t\t\t<\/dt><\/dl><dl class='gallery-item'>\n\t\t\t\t<dt class='gallery-icon landscape'>\n\t\t\t\t\t<a class=\"rollover rollover-zoom dt-pswp-item\" title=\"Matteo_Sogne_e_Graziano_Padovan\" data-dt-img-description=\"\" data-large_image_width=\"929\" data-large_image_height=\"929\"href='https:\/\/www.radiopiu.net\/wordpress\/wp-content\/uploads\/2021\/06\/Matteo_Sogne_e_Graziano_Padovan.jpg'><img loading=\"lazy\" decoding=\"async\" width=\"300\" height=\"300\" src=\"https:\/\/www.radiopiu.net\/wordpress\/wp-content\/uploads\/2021\/06\/Matteo_Sogne_e_Graziano_Padovan-300x300.jpg\" class=\"attachment-medium size-medium\" alt=\"\" srcset=\"https:\/\/www.radiopiu.net\/wordpress\/wp-content\/uploads\/2021\/06\/Matteo_Sogne_e_Graziano_Padovan-300x300.jpg 300w, https:\/\/www.radiopiu.net\/wordpress\/wp-content\/uploads\/2021\/06\/Matteo_Sogne_e_Graziano_Padovan-150x150.jpg 150w, https:\/\/www.radiopiu.net\/wordpress\/wp-content\/uploads\/2021\/06\/Matteo_Sogne_e_Graziano_Padovan-768x768.jpg 768w, https:\/\/www.radiopiu.net\/wordpress\/wp-content\/uploads\/2021\/06\/Matteo_Sogne_e_Graziano_Padovan.jpg 929w\" sizes=\"auto, (max-width: 300px) 100vw, 300px\" \/><\/a>\n\t\t\t\t<\/dt><\/dl><dl class='gallery-item'>\n\t\t\t\t<dt class='gallery-icon landscape'>\n\t\t\t\t\t<a class=\"rollover rollover-zoom dt-pswp-item\" title=\"Matteo_Sogne_premiato\" data-dt-img-description=\"\" data-large_image_width=\"1213\" data-large_image_height=\"1213\"href='https:\/\/www.radiopiu.net\/wordpress\/wp-content\/uploads\/2021\/06\/Matteo_Sogne_premiato.jpg'><img loading=\"lazy\" decoding=\"async\" width=\"300\" height=\"300\" src=\"https:\/\/www.radiopiu.net\/wordpress\/wp-content\/uploads\/2021\/06\/Matteo_Sogne_premiato-300x300.jpg\" class=\"attachment-medium size-medium\" alt=\"\" srcset=\"https:\/\/www.radiopiu.net\/wordpress\/wp-content\/uploads\/2021\/06\/Matteo_Sogne_premiato-300x300.jpg 300w, https:\/\/www.radiopiu.net\/wordpress\/wp-content\/uploads\/2021\/06\/Matteo_Sogne_premiato-1024x1024.jpg 1024w, https:\/\/www.radiopiu.net\/wordpress\/wp-content\/uploads\/2021\/06\/Matteo_Sogne_premiato-150x150.jpg 150w, https:\/\/www.radiopiu.net\/wordpress\/wp-content\/uploads\/2021\/06\/Matteo_Sogne_premiato-768x768.jpg 768w, https:\/\/www.radiopiu.net\/wordpress\/wp-content\/uploads\/2021\/06\/Matteo_Sogne_premiato.jpg 1213w\" sizes=\"auto, (max-width: 300px) 100vw, 300px\" \/><\/a>\n\t\t\t\t<\/dt><\/dl><dl class='gallery-item'>\n\t\t\t\t<dt class='gallery-icon landscape'>\n\t\t\t\t\t<a class=\"rollover rollover-zoom dt-pswp-item\" title=\"Podio_Matteo_Sogne\" data-dt-img-description=\"\" data-large_image_width=\"1213\" data-large_image_height=\"1141\"href='https:\/\/www.radiopiu.net\/wordpress\/wp-content\/uploads\/2021\/06\/Podio_Matteo_Sogne.jpg'><img loading=\"lazy\" decoding=\"async\" width=\"300\" height=\"282\" src=\"https:\/\/www.radiopiu.net\/wordpress\/wp-content\/uploads\/2021\/06\/Podio_Matteo_Sogne-300x282.jpg\" class=\"attachment-medium size-medium\" alt=\"\" srcset=\"https:\/\/www.radiopiu.net\/wordpress\/wp-content\/uploads\/2021\/06\/Podio_Matteo_Sogne-300x282.jpg 300w, https:\/\/www.radiopiu.net\/wordpress\/wp-content\/uploads\/2021\/06\/Podio_Matteo_Sogne-1024x963.jpg 1024w, https:\/\/www.radiopiu.net\/wordpress\/wp-content\/uploads\/2021\/06\/Podio_Matteo_Sogne-768x722.jpg 768w, https:\/\/www.radiopiu.net\/wordpress\/wp-content\/uploads\/2021\/06\/Podio_Matteo_Sogne.jpg 1213w\" sizes=\"auto, (max-width: 300px) 100vw, 300px\" \/><\/a>\n\t\t\t\t<\/dt><\/dl><br style=\"clear: both\" \/>\n\t\t\t<\/div>\n\n<p>&nbsp;<\/p>\n<p>&nbsp;<\/p>\n<p>&nbsp;<\/p>\n<p>&nbsp;<\/p>\n<p>*****<\/p>\n","protected":false},"excerpt":{"rendered":"<p>BELLUNO Bellunesi in passerella al Lido. Ma la Mostra del Cinema non c\u2019entra. C\u2019entra, eccome, il nuoto. E, in particolare, le bracciate in acque aperte. Domenica scorsa, infatti, \u00e8 andata in scena la prima edizione della \u201cVenice Open Water &#8211; Nuada Longa\u201d. L\u2019evento, promosso dalla Pro Loco Lido e Pellestrina e organizzato da Venezia Triathlon,&hellip;<\/p>\n","protected":false},"author":4,"featured_media":217685,"comment_status":"closed","ping_status":"open","sticky":false,"template":"","format":"standard","meta":{"_monsterinsights_skip_tracking":false,"_monsterinsights_sitenote_active":false,"_monsterinsights_sitenote_note":"","_monsterinsights_sitenote_category":0,"footnotes":""},"categories":[49,72],"tags":[],"class_list":["post-217700","post","type-post","status-publish","format-standard","has-post-thumbnail","hentry","category-news-18","category-sport","category-49","category-72","description-off"],"img_url":"https:\/\/www.radiopiu.net\/wordpress\/wp-content\/uploads\/2021\/06\/Gruppo_Nuada_Longa.jpg","_links":{"self":[{"href":"https:\/\/www.radiopiu.net\/wordpress\/wp-json\/wp\/v2\/posts\/217700","targetHints":{"allow":["GET"]}}],"collection":[{"href":"https:\/\/www.radiopiu.net\/wordpress\/wp-json\/wp\/v2\/posts"}],"about":[{"href":"https:\/\/www.radiopiu.net\/wordpress\/wp-json\/wp\/v2\/types\/post"}],"author":[{"embeddable":true,"href":"https:\/\/www.radiopiu.net\/wordpress\/wp-json\/wp\/v2\/users\/4"}],"replies":[{"embeddable":true,"href":"https:\/\/www.radiopiu.net\/wordpress\/wp-json\/wp\/v2\/comments?post=217700"}],"version-history":[{"count":0,"href":"https:\/\/www.radiopiu.net\/wordpress\/wp-json\/wp\/v2\/posts\/217700\/revisions"}],"wp:featuredmedia":[{"embeddable":true,"href":"https:\/\/www.radiopiu.net\/wordpress\/wp-json\/wp\/v2\/media\/217685"}],"wp:attachment":[{"href":"https:\/\/www.radiopiu.net\/wordpress\/wp-json\/wp\/v2\/media?parent=217700"}],"wp:term":[{"taxonomy":"category","embeddable":true,"href":"https:\/\/www.radiopiu.net\/wordpress\/wp-json\/wp\/v2\/categories?post=217700"},{"taxonomy":"post_tag","embeddable":true,"href":"https:\/\/www.radiopiu.net\/wordpress\/wp-json\/wp\/v2\/tags?post=217700"}],"curies":[{"name":"wp","href":"https:\/\/api.w.org\/{rel}","templated":true}]}}