{"id":217721,"date":"2021-06-24T05:49:13","date_gmt":"2021-06-24T03:49:13","guid":{"rendered":"https:\/\/www.radiopiu.net\/wordpress\/?p=217721"},"modified":"2021-06-24T06:06:32","modified_gmt":"2021-06-24T04:06:32","slug":"acc-zuglian-e-lovisotto-fim-cisl-il-governo-faccia-sentire-la-sua-voce-serve-chiarezza-e-serieta-nella-vertenza","status":"publish","type":"post","link":"https:\/\/www.radiopiu.net\/wordpress\/acc-zuglian-e-lovisotto-fim-cisl-il-governo-faccia-sentire-la-sua-voce-serve-chiarezza-e-serieta-nella-vertenza\/","title":{"rendered":"ACC: ZUGLIAN E LOVISOTTO (FIM CISL) &#8221; IL GOVERNO FACCIA SENTIRE LA SUA VOCE, SERVE CHIAREZZA E SERIETA&#8217; NELLA VERTENZA&#8221;"},"content":{"rendered":"<p><strong><a href=\"https:\/\/www.radiopiu.net\/wordpress\/il-ritorno-al-lavoro-dei-licenzati-dai-cinesi\/acc-mel\/\" rel=\"attachment wp-att-145345\"><img loading=\"lazy\" decoding=\"async\" class=\"size-medium wp-image-145345 alignleft\" src=\"https:\/\/www.radiopiu.net\/wordpress\/wp-content\/uploads\/2020\/06\/ACC-MEL-300x300.png\" alt=\"\" width=\"300\" height=\"300\" srcset=\"https:\/\/www.radiopiu.net\/wordpress\/wp-content\/uploads\/2020\/06\/ACC-MEL-300x300.png 300w, https:\/\/www.radiopiu.net\/wordpress\/wp-content\/uploads\/2020\/06\/ACC-MEL-150x150.png 150w, https:\/\/www.radiopiu.net\/wordpress\/wp-content\/uploads\/2020\/06\/ACC-MEL-768x768.png 768w, https:\/\/www.radiopiu.net\/wordpress\/wp-content\/uploads\/2020\/06\/ACC-MEL.png 796w\" sizes=\"auto, (max-width: 300px) 100vw, 300px\" \/><\/a>BORGO VALBELLUNA<\/strong> La FIM CISL vuole chiarezza su ACC. A chiderla Mauro Zulian e Alessio Lovisotto rispettivamente RSU e Segretario Generale della FIM Belluno-Treviso<\/p>\n<blockquote>\n<div align=\"left\"><em><span style=\"color: #000000; font-family: Helvetica;\">Marted\u00ec 22 giugno si \u00e8 svolto l&#8217;annunciato tavolo tecnico nella sede di Veneto Lavoro a Mestre su richiesta del sindacato e del Commissario Maurizio Castro per affrontare alcuni punti riguardanti la fragile situazione economica dello stabilimento Acc di Mel, ancora in attesa di una risposta definitiva del Governo. Nel mese di luglio si raccoglier\u00e0 il lavoro fatto in queste settimane dal presidente Zaia e dall\u2019assessore Donazzan nei confronti di clienti e fornitori. Risultato concreto che ha consentito di recuperare la finanza necessaria per alimentare le linee produttive. I volumi importanti soddisfano in parte il fabbisogno dei maggiori clienti e, con il disappunto di alcuni, garantiscono la continuit\u00e0 aziendale per i mesi a venire. <\/span><span style=\"color: #000000; font-family: Helvetica;\">Tuttavia le risorse ottenute non consentono di recuperare il materiale necessario per una piena saturazione degli impianti, come le copiose commesse richiederebbero. \u00c8 necessario dunque calmierare la produzione con alcune giornate di Cassa integrazione straordinaria, sulla quale la Fim Cisl ha gi\u00e0 manifestato alcune preoccupazioni, in particolare il fatto che il tempo necessario per l&#8217;autorizzazione ministeriale potrebbe lasciare i dipendenti senza integrazione economica per un lungo periodo. <\/span><span style=\"color: #000000; font-family: Helvetica;\">L\u2019Unit\u00e0 di Crisi di Veneto Lavoro si \u00e8 proposta di monitorare l&#8217;iter per la concessione della CIGS, in modo da valutare opportunamente se il tempo effettivo per la sua definizione sia compatibile con la necessit\u00e0 di garantire la continuit\u00e0 di reddito ai lavoratori. Nessuna notizia riguardo all&#8217;articolo 37. \u00c8 utile ricordare che, per mantenere la produzione attuale e quella futura, i dipendenti non percepiscono per intero la retribuzione per le giornate di effettivo lavoro, ma anche che da pi\u00f9 parti \u00e8 arrivata ai lavoratori la sicurezza di una rapida soluzione. Utile anche ricordare che Wanbao-ACC in amministrazione straordinaria si era proposta sul mercato con un progetto industriale. Un progetto, quest\u2019ultimo, che ora non c\u2019\u00e8 pi\u00f9. <\/span><span style=\"color: #000000; font-family: Helvetica;\">La Fim Cisl ritiene necessario riportare chiarezza e seriet\u00e0 nella vertenza. Primo: quando verr\u00e0 pubblicato il decreto attuativo? Questo chiarir\u00e0 ai lavoratori per quanto tempo ancora dovranno finanziare il loro datore di lavoro. Secondo: quali sono i contenuti del decreto? Questo determiner\u00e0 la misura dell&#8217;intervento e di conseguenza la seriet\u00e0 e l&#8217;impegno del Governo nel risolvere il tavolo di crisi. Riportare gli attori ad una concreta coerenza tra parole e fatti si traduce in una pi\u00f9 chiara e limpida offerta a possibili investitori, che pretendono trasparenza e stabilit\u00e0 nelle operazioni economiche in cui si impegnano. <\/span><span style=\"color: #000000; font-family: Helvetica;\">La prova di resilienza delle lavoratrici e dei lavoratori che nonostante tutto e tutti continuano a mantenere viva la produzione non \u00e8 a costo zero per coloro che hanno la responsabilit\u00e0 istituzionale sul futuro dello stabilimento. Pi\u00f9 aumenta l&#8217;impegno e il sacrificio dei dipendenti, pi\u00f9 aumenta la responsabilit\u00e0 del MISE nel ricercare una soluzione che soddisfi le ambizioni e le speranze delle maestranze. <\/span><span style=\"color: #000000; font-family: Helvetica;\">Quali sono le giuste soluzioni? Quali sono le decisioni corrette? Rispetto a quali fini e a quali progetti?. L&#8217;azienda oggi si regge esclusivamente sulla volont\u00e0 dei lavoratori di tenere aperto: senza nessun orizzonte, senza nessuna prospettiva per il futuro. Prima che la strada percorsa si trasformi in un vicolo cieco e la dedizione dei dipendenti in rabbia \u00e8 utile che il Governo faccia sentire la sua voce ricordando che ACC non molla n\u00e8 ora ne domani<\/span><\/em><\/div>\n<\/blockquote>\n<div align=\"left\"><\/div>\n<div align=\"left\"><\/div>\n<div align=\"left\"><\/div>\n<div align=\"left\"><\/div>\n<div align=\"left\">****<\/div>\n","protected":false},"excerpt":{"rendered":"<p>BORGO VALBELLUNA La FIM CISL vuole chiarezza su ACC. A chiderla Mauro Zulian e Alessio Lovisotto rispettivamente RSU e Segretario Generale della FIM Belluno-Treviso Marted\u00ec 22 giugno si \u00e8 svolto l&#8217;annunciato tavolo tecnico nella sede di Veneto Lavoro a Mestre su richiesta del sindacato e del Commissario Maurizio Castro per affrontare alcuni punti riguardanti la&hellip;<\/p>\n","protected":false},"author":4,"featured_media":145345,"comment_status":"closed","ping_status":"open","sticky":false,"template":"","format":"standard","meta":{"_monsterinsights_skip_tracking":false,"_monsterinsights_sitenote_active":false,"_monsterinsights_sitenote_note":"","_monsterinsights_sitenote_category":0,"footnotes":""},"categories":[51,49],"tags":[],"class_list":["post-217721","post","type-post","status-publish","format-standard","has-post-thumbnail","hentry","category-evidenza-top","category-news-18","category-51","category-49","description-off"],"img_url":"https:\/\/www.radiopiu.net\/wordpress\/wp-content\/uploads\/2020\/06\/ACC-MEL.png","_links":{"self":[{"href":"https:\/\/www.radiopiu.net\/wordpress\/wp-json\/wp\/v2\/posts\/217721","targetHints":{"allow":["GET"]}}],"collection":[{"href":"https:\/\/www.radiopiu.net\/wordpress\/wp-json\/wp\/v2\/posts"}],"about":[{"href":"https:\/\/www.radiopiu.net\/wordpress\/wp-json\/wp\/v2\/types\/post"}],"author":[{"embeddable":true,"href":"https:\/\/www.radiopiu.net\/wordpress\/wp-json\/wp\/v2\/users\/4"}],"replies":[{"embeddable":true,"href":"https:\/\/www.radiopiu.net\/wordpress\/wp-json\/wp\/v2\/comments?post=217721"}],"version-history":[{"count":0,"href":"https:\/\/www.radiopiu.net\/wordpress\/wp-json\/wp\/v2\/posts\/217721\/revisions"}],"wp:featuredmedia":[{"embeddable":true,"href":"https:\/\/www.radiopiu.net\/wordpress\/wp-json\/wp\/v2\/media\/145345"}],"wp:attachment":[{"href":"https:\/\/www.radiopiu.net\/wordpress\/wp-json\/wp\/v2\/media?parent=217721"}],"wp:term":[{"taxonomy":"category","embeddable":true,"href":"https:\/\/www.radiopiu.net\/wordpress\/wp-json\/wp\/v2\/categories?post=217721"},{"taxonomy":"post_tag","embeddable":true,"href":"https:\/\/www.radiopiu.net\/wordpress\/wp-json\/wp\/v2\/tags?post=217721"}],"curies":[{"name":"wp","href":"https:\/\/api.w.org\/{rel}","templated":true}]}}