{"id":217730,"date":"2021-06-24T05:50:31","date_gmt":"2021-06-24T03:50:31","guid":{"rendered":"https:\/\/www.radiopiu.net\/wordpress\/?p=217730"},"modified":"2021-06-24T06:06:17","modified_gmt":"2021-06-24T04:06:17","slug":"acc-mel-lopinione-di-stefano-bona-fiom-cigl","status":"publish","type":"post","link":"https:\/\/www.radiopiu.net\/wordpress\/acc-mel-lopinione-di-stefano-bona-fiom-cigl\/","title":{"rendered":"ACC MEL: L&#8217;OPINIONE DI STEFANO BONA, FIOM CIGL"},"content":{"rendered":"<p><strong><a href=\"https:\/\/www.radiopiu.net\/wordpress\/acc-mel-lopinione-di-stefano-bona-fiom-cigl\/acc-mel-2\/\" rel=\"attachment wp-att-217731\"><img loading=\"lazy\" decoding=\"async\" class=\"size-medium wp-image-217731 alignleft\" src=\"https:\/\/www.radiopiu.net\/wordpress\/wp-content\/uploads\/2021\/06\/ACC-MEL-300x171.png\" alt=\"\" width=\"300\" height=\"171\" srcset=\"https:\/\/www.radiopiu.net\/wordpress\/wp-content\/uploads\/2021\/06\/ACC-MEL-300x171.png 300w, https:\/\/www.radiopiu.net\/wordpress\/wp-content\/uploads\/2021\/06\/ACC-MEL-1024x585.png 1024w, https:\/\/www.radiopiu.net\/wordpress\/wp-content\/uploads\/2021\/06\/ACC-MEL-768x439.png 768w, https:\/\/www.radiopiu.net\/wordpress\/wp-content\/uploads\/2021\/06\/ACC-MEL.png 1376w\" sizes=\"auto, (max-width: 300px) 100vw, 300px\" \/><\/a>BORGO VALBELLUNA<\/strong> Ora bisogna mantenere le promesse, questo chiede Stefano Bona della FIOM CGIL<\/p>\n<blockquote><p><em>Contro ogni possibile previsione, la straordinaria resistenza della Acc di Mel, a conferma che la fabbrica a dimostrato sul campo che si merita di essere sostenuta, la produzione continuer\u00e0, se pur ridotta, anche nei mesi di luglio e Agosto e presumibilmente Settembre. Niente di pi\u00f9 lontano dall&#8217;assistenza e dall&#8217;aiuto pubblico, il DM attuativo art.37 sar\u00e0 solo la ratifica di quanto il mercato ha gi\u00e0 riconosciuto. MiSE e governo ora tengano fede agli impegni presi e dicano QUANDO e COME arriveranno i finanziamenti promessi!<\/em><\/p><\/blockquote>\n<p>&nbsp;<\/p>\n<p>&nbsp;<\/p>\n<p>&nbsp;<\/p>\n<p>&nbsp;<\/p>\n<p>****<\/p>\n","protected":false},"excerpt":{"rendered":"<p>BORGO VALBELLUNA Ora bisogna mantenere le promesse, questo chiede Stefano Bona della FIOM CGIL Contro ogni possibile previsione, la straordinaria resistenza della Acc di Mel, a conferma che la fabbrica a dimostrato sul campo che si merita di essere sostenuta, la produzione continuer\u00e0, se pur ridotta, anche nei mesi di luglio e Agosto e presumibilmente&hellip;<\/p>\n","protected":false},"author":4,"featured_media":217731,"comment_status":"closed","ping_status":"open","sticky":false,"template":"","format":"standard","meta":{"_monsterinsights_skip_tracking":false,"_monsterinsights_sitenote_active":false,"_monsterinsights_sitenote_note":"","_monsterinsights_sitenote_category":0,"footnotes":""},"categories":[51,49],"tags":[],"class_list":["post-217730","post","type-post","status-publish","format-standard","has-post-thumbnail","hentry","category-evidenza-top","category-news-18","category-51","category-49","description-off"],"img_url":"https:\/\/www.radiopiu.net\/wordpress\/wp-content\/uploads\/2021\/06\/ACC-MEL.png","_links":{"self":[{"href":"https:\/\/www.radiopiu.net\/wordpress\/wp-json\/wp\/v2\/posts\/217730","targetHints":{"allow":["GET"]}}],"collection":[{"href":"https:\/\/www.radiopiu.net\/wordpress\/wp-json\/wp\/v2\/posts"}],"about":[{"href":"https:\/\/www.radiopiu.net\/wordpress\/wp-json\/wp\/v2\/types\/post"}],"author":[{"embeddable":true,"href":"https:\/\/www.radiopiu.net\/wordpress\/wp-json\/wp\/v2\/users\/4"}],"replies":[{"embeddable":true,"href":"https:\/\/www.radiopiu.net\/wordpress\/wp-json\/wp\/v2\/comments?post=217730"}],"version-history":[{"count":0,"href":"https:\/\/www.radiopiu.net\/wordpress\/wp-json\/wp\/v2\/posts\/217730\/revisions"}],"wp:featuredmedia":[{"embeddable":true,"href":"https:\/\/www.radiopiu.net\/wordpress\/wp-json\/wp\/v2\/media\/217731"}],"wp:attachment":[{"href":"https:\/\/www.radiopiu.net\/wordpress\/wp-json\/wp\/v2\/media?parent=217730"}],"wp:term":[{"taxonomy":"category","embeddable":true,"href":"https:\/\/www.radiopiu.net\/wordpress\/wp-json\/wp\/v2\/categories?post=217730"},{"taxonomy":"post_tag","embeddable":true,"href":"https:\/\/www.radiopiu.net\/wordpress\/wp-json\/wp\/v2\/tags?post=217730"}],"curies":[{"name":"wp","href":"https:\/\/api.w.org\/{rel}","templated":true}]}}