{"id":217800,"date":"2021-06-24T05:50:00","date_gmt":"2021-06-24T03:50:00","guid":{"rendered":"https:\/\/www.radiopiu.net\/wordpress\/?p=217800"},"modified":"2021-06-24T06:05:56","modified_gmt":"2021-06-24T04:05:56","slug":"redditi-non-dichiarati-per-4-milioni-nel-bilancio-della-gdf-nel-247-anniversario","status":"publish","type":"post","link":"https:\/\/www.radiopiu.net\/wordpress\/redditi-non-dichiarati-per-4-milioni-nel-bilancio-della-gdf-nel-247-anniversario\/","title":{"rendered":"REDDITI NON DICHIARATI PER 4 MILIONI, NEL BILANCIO DELLA GDF NEL 247\u00b0 ANNIVERSARIO"},"content":{"rendered":"<p><a href=\"https:\/\/www.radiopiu.net\/wordpress\/redditi-non-dichiarati-per-4-milioni-nel-bilancio-della-gdf-nel-247-anniversario\/pattuglia_femminile_doppia\/\" rel=\"attachment wp-att-217804\"><img loading=\"lazy\" decoding=\"async\" class=\"size-medium wp-image-217804 alignleft\" src=\"https:\/\/www.radiopiu.net\/wordpress\/wp-content\/uploads\/2021\/06\/Pattuglia_Femminile_Doppia-300x199.jpg\" alt=\"\" width=\"300\" height=\"199\" srcset=\"https:\/\/www.radiopiu.net\/wordpress\/wp-content\/uploads\/2021\/06\/Pattuglia_Femminile_Doppia-300x199.jpg 300w, https:\/\/www.radiopiu.net\/wordpress\/wp-content\/uploads\/2021\/06\/Pattuglia_Femminile_Doppia-1024x680.jpg 1024w, https:\/\/www.radiopiu.net\/wordpress\/wp-content\/uploads\/2021\/06\/Pattuglia_Femminile_Doppia-768x510.jpg 768w, https:\/\/www.radiopiu.net\/wordpress\/wp-content\/uploads\/2021\/06\/Pattuglia_Femminile_Doppia-1536x1020.jpg 1536w, https:\/\/www.radiopiu.net\/wordpress\/wp-content\/uploads\/2021\/06\/Pattuglia_Femminile_Doppia-2048x1360.jpg 2048w\" sizes=\"auto, (max-width: 300px) 100vw, 300px\" \/><\/a><strong>BELLUNO\u00a0<\/strong> Al Comando Provinciale di via Mezzaterra stamane celebrazione per il 247\u00b0 anniversario della Guardia di Finanza. La ricorrenza\u00a0 \u00e8 anche l\u2019occasione per tracciare il bilancio dell\u2019attivit\u00e0 svolta dalle Fiamme Gialle bellunesi sul territorio nel 2020: 49 piani Operativi, diretti all\u2019aggressione delle pi\u00f9 dannose e pericolose manifestazioni di illegalit\u00e0 economico-finanziaria.<\/p>\n<p><strong>LOTTA ALL\u2019EVASIONE, ALL\u2019ELUSIONE ED ALLE FRODI FISCALI\u00a0 <\/strong>Ben\u00a054\u00a0verifiche e controlli fiscali, scoperti redditi non dichiarati per\u00a0 oltre 4 milioni di euro \u00a0ed un\u2019 imposta iva evasa\u00a0 per quasi 800mila euro.\u00a0 Sono stati denunciati 8 evasori totali, \u00a05 persone in relazione a reati fiscali.\u00a0 Sottoposti a sequestro preventivo\u00a0beni immobili e mobili nonch\u00e9 disponibilit\u00e0 finanziarie presso istituti di credito per un valore totale di \u00a0569mila euro.\u00a0 Sono stati recuperati a tassazione oltre 2 milioni di euro riconducibili ad attivit\u00e0 fraudolente perpetrate da due soggetti economici operanti, rispettivamente, nel settore \u2018alberghiero\u2019 e del \u2018movimento terra\u2019.\u00a0 Individuati 29 lavoratori \u201cin nero\u201d o \u201cirregolari\u201d, dei quali 9 stranieri, con la responsabilit\u00e0 di 6 datori di lavoro.<\/p>\n<p><strong>CONTRASTO AGLI ILLECITI NEL SETTORE DELLA TUTELA DELLA SPESA PUBBLICA <\/strong>Sono stati effettuati 20 controlli a seguito dell&#8217;\u2019erogazione di prestazioni sociali agevolate, dei quali 10 per il reddito di cittadinanza, con percentuali di irregolarit\u00e0 pari al 20% dei casi, e 9 controlli per l\u2019esenzione del <em>ticket <\/em>sanitario, con percentuali di irregolarit\u00e0 pari al 11% dei casi.<\/p>\n<p><strong><a href=\"https:\/\/www.radiopiu.net\/wordpress\/redditi-non-dichiarati-per-4-milioni-nel-bilancio-della-gdf-nel-247-anniversario\/pattuglia_maschile_doppia_montagna\/\" rel=\"attachment wp-att-217803\"><img loading=\"lazy\" decoding=\"async\" class=\"size-medium wp-image-217803 alignright\" src=\"https:\/\/www.radiopiu.net\/wordpress\/wp-content\/uploads\/2021\/06\/Pattuglia_Maschile_Doppia_Montagna-300x169.jpg\" alt=\"\" width=\"300\" height=\"169\" srcset=\"https:\/\/www.radiopiu.net\/wordpress\/wp-content\/uploads\/2021\/06\/Pattuglia_Maschile_Doppia_Montagna-300x169.jpg 300w, https:\/\/www.radiopiu.net\/wordpress\/wp-content\/uploads\/2021\/06\/Pattuglia_Maschile_Doppia_Montagna-1024x576.jpg 1024w, https:\/\/www.radiopiu.net\/wordpress\/wp-content\/uploads\/2021\/06\/Pattuglia_Maschile_Doppia_Montagna-768x432.jpg 768w, https:\/\/www.radiopiu.net\/wordpress\/wp-content\/uploads\/2021\/06\/Pattuglia_Maschile_Doppia_Montagna-1536x864.jpg 1536w, https:\/\/www.radiopiu.net\/wordpress\/wp-content\/uploads\/2021\/06\/Pattuglia_Maschile_Doppia_Montagna.jpg 1599w\" sizes=\"auto, (max-width: 300px) 100vw, 300px\" \/><\/a>CONTRASTO ALLA CRIMINALITA\u2019 ORGANIZZATA ED ECONOMICO-FINANZIARIA <\/strong>Sono state 22\u00a0 le \u00a0operazioni culminate con il sequestro di \u00a071.555 prodotti contraffatti o non conformi alla disciplina sulla tutela del \u201cmade in Italy\u201d o sulla sicurezza, due le persone sanzionate. In tale contesto, \u00e8 emerso il profondo impegno profuso dalle Fiamme Gialle nel contrasto all\u2019illecita commercializzazione di Dispositivi di Protezione Individuale (D.P.I.) risultati non idonei alla vendita, dirigendo tempestivamente il <em>focus<\/em> operativo verso lo specifico ambito sanitario, sottoponendo a sequestro oltre 69mila mascherine, per un controvalore di 102mila euro<\/p>\n<p><strong>CONTROLLO DEL TERRIT<a href=\"https:\/\/www.radiopiu.net\/wordpress\/redditi-non-dichiarati-per-4-milioni-nel-bilancio-della-gdf-nel-247-anniversario\/ucad_sagf\/\" rel=\"attachment wp-att-217802\"><img loading=\"lazy\" decoding=\"async\" class=\"size-medium wp-image-217802 alignleft\" src=\"https:\/\/www.radiopiu.net\/wordpress\/wp-content\/uploads\/2021\/06\/UCAD_SAGF-225x300.jpg\" alt=\"\" width=\"225\" height=\"300\" srcset=\"https:\/\/www.radiopiu.net\/wordpress\/wp-content\/uploads\/2021\/06\/UCAD_SAGF-225x300.jpg 225w, https:\/\/www.radiopiu.net\/wordpress\/wp-content\/uploads\/2021\/06\/UCAD_SAGF.jpg 768w\" sizes=\"auto, (max-width: 225px) 100vw, 225px\" \/><\/a>ORIO E CONTRASTO AI TRAFFICI ILLECITI<u>\u00a0<\/u><\/strong>Sono stati condotti 250 interventi, in particolare in materia di controlli sulla regolare emissione dello scontrino fiscale (113), di trasporto merci su strada (119, di cui 37 nel settore della circolazione dei prodotti sottoposti ad accise), nonch\u00e9 in materia di indici di capacit\u00e0 contributiva (12), cio\u00e8 controlli su strada ai possessori di autovetture di lusso, per poi verificare che questi dichiarino redditi congrui al tenore di vita; \u00a06 gli interventi nelle sale giochi e centri di scommesse.<\/p>\n<p><strong>LE OPERAZIONI DI SOCCORSO E <\/strong><strong>IL CONCORSO NEI SERVIZI DI ORDINE E SICUREZZA PUBBLICA <\/strong>Le Stazioni di Soccorso Alpino della Guardia di Finanza (S.A.G.F.) di Auronzo di Cadore e di Cortina d\u2019Ampezzo durante le passate stagioni invernale ed estiva hanno effettuato <strong>oltre<\/strong> <strong>170 interventi<\/strong>, <strong>prestando soccorso<\/strong>\u00a0 in collaborazione con il Soccorso Alpino a <strong>166 persone<\/strong>, di cui 89 escursionisti, 69 di nazionalit\u00e0 italiana e 20 di nazionalit\u00e0 straniera, e 77 sciatori nel corso della preziosa attivit\u00e0 di vigilanza e soccorso presso i principali tracciati sciistici del comprensorio ampezzano. Le Fiamme Gialle bellunesi hanno fornito un prezioso contributo nella vigilanza e nella verifica del corretto adempimento delle misure di contenimento dell\u2019emergenza sanitaria, svolgendo oltre 400 controlli.<\/p>\n<p><strong>\u00a0<\/strong><\/p>\n","protected":false},"excerpt":{"rendered":"<p>BELLUNO\u00a0 Al Comando Provinciale di via Mezzaterra stamane celebrazione per il 247\u00b0 anniversario della Guardia di Finanza. La ricorrenza\u00a0 \u00e8 anche l\u2019occasione per tracciare il bilancio dell\u2019attivit\u00e0 svolta dalle Fiamme Gialle bellunesi sul territorio nel 2020: 49 piani Operativi, diretti all\u2019aggressione delle pi\u00f9 dannose e pericolose manifestazioni di illegalit\u00e0 economico-finanziaria. LOTTA ALL\u2019EVASIONE, ALL\u2019ELUSIONE ED ALLE&hellip;<\/p>\n","protected":false},"author":4,"featured_media":217801,"comment_status":"closed","ping_status":"open","sticky":false,"template":"","format":"standard","meta":{"_monsterinsights_skip_tracking":false,"_monsterinsights_sitenote_active":false,"_monsterinsights_sitenote_note":"","_monsterinsights_sitenote_category":0,"footnotes":""},"categories":[51,49],"tags":[],"class_list":["post-217800","post","type-post","status-publish","format-standard","has-post-thumbnail","hentry","category-evidenza-top","category-news-18","category-51","category-49","description-off"],"img_url":"https:\/\/www.radiopiu.net\/wordpress\/wp-content\/uploads\/2021\/06\/Festa_Corpo_Schieramento_2-scaled.jpg","_links":{"self":[{"href":"https:\/\/www.radiopiu.net\/wordpress\/wp-json\/wp\/v2\/posts\/217800","targetHints":{"allow":["GET"]}}],"collection":[{"href":"https:\/\/www.radiopiu.net\/wordpress\/wp-json\/wp\/v2\/posts"}],"about":[{"href":"https:\/\/www.radiopiu.net\/wordpress\/wp-json\/wp\/v2\/types\/post"}],"author":[{"embeddable":true,"href":"https:\/\/www.radiopiu.net\/wordpress\/wp-json\/wp\/v2\/users\/4"}],"replies":[{"embeddable":true,"href":"https:\/\/www.radiopiu.net\/wordpress\/wp-json\/wp\/v2\/comments?post=217800"}],"version-history":[{"count":0,"href":"https:\/\/www.radiopiu.net\/wordpress\/wp-json\/wp\/v2\/posts\/217800\/revisions"}],"wp:featuredmedia":[{"embeddable":true,"href":"https:\/\/www.radiopiu.net\/wordpress\/wp-json\/wp\/v2\/media\/217801"}],"wp:attachment":[{"href":"https:\/\/www.radiopiu.net\/wordpress\/wp-json\/wp\/v2\/media?parent=217800"}],"wp:term":[{"taxonomy":"category","embeddable":true,"href":"https:\/\/www.radiopiu.net\/wordpress\/wp-json\/wp\/v2\/categories?post=217800"},{"taxonomy":"post_tag","embeddable":true,"href":"https:\/\/www.radiopiu.net\/wordpress\/wp-json\/wp\/v2\/tags?post=217800"}],"curies":[{"name":"wp","href":"https:\/\/api.w.org\/{rel}","templated":true}]}}