{"id":217847,"date":"2021-06-24T05:59:53","date_gmt":"2021-06-24T03:59:53","guid":{"rendered":"https:\/\/www.radiopiu.net\/wordpress\/?p=217847"},"modified":"2021-06-24T06:02:26","modified_gmt":"2021-06-24T04:02:26","slug":"incidente-sul-lavoro-a-claut","status":"publish","type":"post","link":"https:\/\/www.radiopiu.net\/wordpress\/incidente-sul-lavoro-a-claut\/","title":{"rendered":"INCIDENTE SUL LAVORO A CLAUT, GRAVE UN GOSALDINO"},"content":{"rendered":"<blockquote><p><strong><img loading=\"lazy\" decoding=\"async\" class=\"alignleft\" src=\"https:\/\/www.radiopiu.net\/wordpress\/wp-content\/uploads\/2021\/06\/th-21.jpg\" width=\"149\" height=\"84\" \/>GOSALDO<\/strong>\u00a0 Grave incidente sul lavoro a Claut (Pordenone), Enzo Masoch di Gosaldo 58 anni, professione lattoniere, \u00e8 caduto da un&#8217;impalcatura. Subito soccorso \u00e8 stato elitrasportato in ospedale a Udine in gravissime condizioni. Enzo vive sotto alla Croda Granda da sempre, nel villaggio della Croce Rossa dal 1966 un grande lavoratore e ben voluto nella comunit\u00e0. Enzo ha scelto di fare il lavoro del cognato, per tanti anni ha lavorato da Marcello in California, poi l decisione di lavorare per La Bell di Ponte nelle Alpi. Il fatto \u00e8 successo alla presenza di colleghi e varie persone che a quell&#8217;ora transitavano nella zona, alcuni passanti hanno subito allertato il medico del paese che in quel momento effettuava le visite in ambulatorio. Il dottor Vincenzo Scimonetti \u00e8 accorso sul luogo dell&#8217;infortunio mentre da Cimolais era gi\u00e0 partita l&#8217;ambulanza. Nel frattempo si \u00e8 attivata anche la squadra del soccorso alpino con i carabinieri di Cimolais e i vigili del fuoco di Maniago. Il lattoniere \u00e8 sempre rimasto cosciente pur lamentando forti dolori alla testa e al corpo. Non si esclude un malore, legato forse al caldo.<\/p><\/blockquote>\n<p>&nbsp;<\/p>\n<p>&nbsp;<\/p>\n","protected":false},"excerpt":{"rendered":"<p>GOSALDO\u00a0 Grave incidente sul lavoro a Claut (Pordenone), Enzo Masoch di Gosaldo 58 anni, professione lattoniere, \u00e8 caduto da un&#8217;impalcatura. Subito soccorso \u00e8 stato elitrasportato in ospedale a Udine in gravissime condizioni. Enzo vive sotto alla Croda Granda da sempre, nel villaggio della Croce Rossa dal 1966 un grande lavoratore e ben voluto nella comunit\u00e0.&hellip;<\/p>\n","protected":false},"author":4,"featured_media":217848,"comment_status":"closed","ping_status":"open","sticky":false,"template":"","format":"standard","meta":{"_monsterinsights_skip_tracking":false,"_monsterinsights_sitenote_active":false,"_monsterinsights_sitenote_note":"","_monsterinsights_sitenote_category":0,"footnotes":""},"categories":[1,51,49],"tags":[],"class_list":["post-217847","post","type-post","status-publish","format-standard","has-post-thumbnail","hentry","category-senza-categoria","category-evidenza-top","category-news-18","category-1","category-51","category-49","description-off"],"img_url":"https:\/\/www.radiopiu.net\/wordpress\/wp-content\/uploads\/2021\/06\/th-21.jpg","_links":{"self":[{"href":"https:\/\/www.radiopiu.net\/wordpress\/wp-json\/wp\/v2\/posts\/217847","targetHints":{"allow":["GET"]}}],"collection":[{"href":"https:\/\/www.radiopiu.net\/wordpress\/wp-json\/wp\/v2\/posts"}],"about":[{"href":"https:\/\/www.radiopiu.net\/wordpress\/wp-json\/wp\/v2\/types\/post"}],"author":[{"embeddable":true,"href":"https:\/\/www.radiopiu.net\/wordpress\/wp-json\/wp\/v2\/users\/4"}],"replies":[{"embeddable":true,"href":"https:\/\/www.radiopiu.net\/wordpress\/wp-json\/wp\/v2\/comments?post=217847"}],"version-history":[{"count":0,"href":"https:\/\/www.radiopiu.net\/wordpress\/wp-json\/wp\/v2\/posts\/217847\/revisions"}],"wp:featuredmedia":[{"embeddable":true,"href":"https:\/\/www.radiopiu.net\/wordpress\/wp-json\/wp\/v2\/media\/217848"}],"wp:attachment":[{"href":"https:\/\/www.radiopiu.net\/wordpress\/wp-json\/wp\/v2\/media?parent=217847"}],"wp:term":[{"taxonomy":"category","embeddable":true,"href":"https:\/\/www.radiopiu.net\/wordpress\/wp-json\/wp\/v2\/categories?post=217847"},{"taxonomy":"post_tag","embeddable":true,"href":"https:\/\/www.radiopiu.net\/wordpress\/wp-json\/wp\/v2\/tags?post=217847"}],"curies":[{"name":"wp","href":"https:\/\/api.w.org\/{rel}","templated":true}]}}