{"id":217965,"date":"2021-06-24T11:27:41","date_gmt":"2021-06-24T09:27:41","guid":{"rendered":"https:\/\/www.radiopiu.net\/wordpress\/?p=217965"},"modified":"2021-06-24T11:27:41","modified_gmt":"2021-06-24T09:27:41","slug":"le-sincronette-della-sportivamente-belluno-ad-un-passo-dal-podio-nel-campionato-nazionale-estivo-uisp","status":"publish","type":"post","link":"https:\/\/www.radiopiu.net\/wordpress\/le-sincronette-della-sportivamente-belluno-ad-un-passo-dal-podio-nel-campionato-nazionale-estivo-uisp\/","title":{"rendered":"LE SINCRONETTE DELLA SPORTIVAMENTE BELLUNO AD UN PASSO DAL PODIO NEL CAMPIONATO NAZIONALE ESTIVO UISP"},"content":{"rendered":"<p><strong>BELLUNO <\/strong>Dopo aver partecipato alla gara \u201cCiak si nuota\u201d, le sincronette della Sportivamente Belluno tornano in vasca per il 16. Campionato nazionale estivo Uisp, a Forl\u00ec.Il bilancio? Assolutamente positivo, soprattutto se si considera il difficile momento storico, tra chiusure delle piscine e quarantene di diverse atlete. Per questo, non nasconde la sua soddisfazione la storica coach Manuela Checconi, alla guida dell&#8217;affascinante disciplina ormai da otto anni.\u2028 Entrando nel dettaglio, risalta in particolare lo splendido quarto posto di Beatrice Agnoli nel Solo (categoria Ragazze) col punteggio di 54,333. Buon piazzamento anche per il Duo (Esordienti A) di Beatrice De Castello e Silvia Barp, quinte classificate con 44,933 punti. Sempre nel Duo, ma in categoria Ragazze, spiccano la sesta posizione della gi\u00e0 citata Agnoli con Laura Fant (6,667 punti) e la settima di Marta Bello e Giorgia Piazzi (51,733 punti).\u00a0 Applausi a scena aperta pure per Giulia Bonotto e Margherita Ponti (tredicesime col punteggio di 45,467), Linda Cima e Annalisa Gasperin (quindicesime: 43,933), Teresa Rova e Martina Rubinetto (diciassettesime: 42,300).\u00a0Durante l\u2019estate, proseguiranno gli allenamenti estivi e ci sar\u00e0 la possibilit\u00e0 di provare il nuoto sincronizzato per tutti coloro che sono nati tra il 2010 e il 2013: per qualsiasi informazioni, \u00e8 possibile contattare la segreteria della Piscina di Belluno o il sito <a title=\"https:\/\/mail.vianova.it\/www.piscinadibelluno.it.\nClick the link to open the URL in a new window.\" href=\"https:\/\/mail.vianova.it\/www.piscinadibelluno.it.\" target=\"_blank\" rel=\"noreferrer noopener\">www.piscinadibelluno.it.<\/a><\/p>\n\n\t\t\t<style type='text\/css'>\n\t\t\t\t#gallery-1 {\n\t\t\t\t\tmargin: auto;\n\t\t\t\t}\n\t\t\t\t#gallery-1 .gallery-item {\n\t\t\t\t\tfloat: left;\n\t\t\t\t\tmargin-top: 10px;\n\t\t\t\t\ttext-align: center;\n\t\t\t\t\twidth: 50%;\n\t\t\t\t}\n\t\t\t\t#gallery-1 img {\n\t\t\t\t\tborder: 2px solid #cfcfcf;\n\t\t\t\t}\n\t\t\t\t#gallery-1 .gallery-caption {\n\t\t\t\t\tmargin-left: 0;\n\t\t\t\t}\n\t\t\t\t\/* see gallery_shortcode() in wp-includes\/media.php *\/\n\t\t\t<\/style>\n\t\t<div id='gallery-1' class='dt-gallery-container gallery galleryid-217965 gallery-columns-2 gallery-size-medium'><dl class='gallery-item'>\n\t\t\t\t<dt class='gallery-icon portrait'>\n\t\t\t\t\t<a class=\"rollover rollover-zoom dt-pswp-item\" title=\"De_Castello_e_Barp\" data-dt-img-description=\"\" data-large_image_width=\"490\" data-large_image_height=\"924\"href='https:\/\/www.radiopiu.net\/wordpress\/wp-content\/uploads\/2021\/06\/De_Castello_e_Barp.jpg'><img loading=\"lazy\" decoding=\"async\" width=\"159\" height=\"300\" src=\"https:\/\/www.radiopiu.net\/wordpress\/wp-content\/uploads\/2021\/06\/De_Castello_e_Barp-159x300.jpg\" class=\"attachment-medium size-medium\" alt=\"\" srcset=\"https:\/\/www.radiopiu.net\/wordpress\/wp-content\/uploads\/2021\/06\/De_Castello_e_Barp-159x300.jpg 159w, https:\/\/www.radiopiu.net\/wordpress\/wp-content\/uploads\/2021\/06\/De_Castello_e_Barp.jpg 490w\" sizes=\"auto, (max-width: 159px) 100vw, 159px\" \/><\/a>\n\t\t\t\t<\/dt><\/dl><dl class='gallery-item'>\n\t\t\t\t<dt class='gallery-icon portrait'>\n\t\t\t\t\t<a class=\"rollover rollover-zoom dt-pswp-item\" title=\"Beatrice_Agnoli_\" data-dt-img-description=\"\" data-large_image_width=\"640\" data-large_image_height=\"1280\"href='https:\/\/www.radiopiu.net\/wordpress\/wp-content\/uploads\/2021\/06\/Beatrice_Agnoli_.jpg'><img loading=\"lazy\" decoding=\"async\" width=\"150\" height=\"300\" src=\"https:\/\/www.radiopiu.net\/wordpress\/wp-content\/uploads\/2021\/06\/Beatrice_Agnoli_-150x300.jpg\" class=\"attachment-medium size-medium\" alt=\"\" srcset=\"https:\/\/www.radiopiu.net\/wordpress\/wp-content\/uploads\/2021\/06\/Beatrice_Agnoli_-150x300.jpg 150w, https:\/\/www.radiopiu.net\/wordpress\/wp-content\/uploads\/2021\/06\/Beatrice_Agnoli_-512x1024.jpg 512w, https:\/\/www.radiopiu.net\/wordpress\/wp-content\/uploads\/2021\/06\/Beatrice_Agnoli_.jpg 640w\" sizes=\"auto, (max-width: 150px) 100vw, 150px\" \/><\/a>\n\t\t\t\t<\/dt><\/dl><br style=\"clear: both\" \/>\n\t\t\t<\/div>\n\n<p>&nbsp;<\/p>\n<p>&nbsp;<\/p>\n<p>&nbsp;<\/p>\n<p>&nbsp;<\/p>\n<p>****<\/p>\n","protected":false},"excerpt":{"rendered":"<p>BELLUNO Dopo aver partecipato alla gara \u201cCiak si nuota\u201d, le sincronette della Sportivamente Belluno tornano in vasca per il 16. Campionato nazionale estivo Uisp, a Forl\u00ec.Il bilancio? Assolutamente positivo, soprattutto se si considera il difficile momento storico, tra chiusure delle piscine e quarantene di diverse atlete. Per questo, non nasconde la sua soddisfazione la storica&hellip;<\/p>\n","protected":false},"author":4,"featured_media":217967,"comment_status":"closed","ping_status":"open","sticky":false,"template":"","format":"standard","meta":{"_monsterinsights_skip_tracking":false,"_monsterinsights_sitenote_active":false,"_monsterinsights_sitenote_note":"","_monsterinsights_sitenote_category":0,"footnotes":""},"categories":[49,72],"tags":[],"class_list":["post-217965","post","type-post","status-publish","format-standard","has-post-thumbnail","hentry","category-news-18","category-sport","category-49","category-72","description-off"],"img_url":"https:\/\/www.radiopiu.net\/wordpress\/wp-content\/uploads\/2021\/06\/De_Castello_e_Barp.jpg","_links":{"self":[{"href":"https:\/\/www.radiopiu.net\/wordpress\/wp-json\/wp\/v2\/posts\/217965","targetHints":{"allow":["GET"]}}],"collection":[{"href":"https:\/\/www.radiopiu.net\/wordpress\/wp-json\/wp\/v2\/posts"}],"about":[{"href":"https:\/\/www.radiopiu.net\/wordpress\/wp-json\/wp\/v2\/types\/post"}],"author":[{"embeddable":true,"href":"https:\/\/www.radiopiu.net\/wordpress\/wp-json\/wp\/v2\/users\/4"}],"replies":[{"embeddable":true,"href":"https:\/\/www.radiopiu.net\/wordpress\/wp-json\/wp\/v2\/comments?post=217965"}],"version-history":[{"count":0,"href":"https:\/\/www.radiopiu.net\/wordpress\/wp-json\/wp\/v2\/posts\/217965\/revisions"}],"wp:featuredmedia":[{"embeddable":true,"href":"https:\/\/www.radiopiu.net\/wordpress\/wp-json\/wp\/v2\/media\/217967"}],"wp:attachment":[{"href":"https:\/\/www.radiopiu.net\/wordpress\/wp-json\/wp\/v2\/media?parent=217965"}],"wp:term":[{"taxonomy":"category","embeddable":true,"href":"https:\/\/www.radiopiu.net\/wordpress\/wp-json\/wp\/v2\/categories?post=217965"},{"taxonomy":"post_tag","embeddable":true,"href":"https:\/\/www.radiopiu.net\/wordpress\/wp-json\/wp\/v2\/tags?post=217965"}],"curies":[{"name":"wp","href":"https:\/\/api.w.org\/{rel}","templated":true}]}}