{"id":218014,"date":"2021-06-25T05:08:18","date_gmt":"2021-06-25T03:08:18","guid":{"rendered":"https:\/\/www.radiopiu.net\/wordpress\/?p=218014"},"modified":"2021-06-25T05:08:53","modified_gmt":"2021-06-25T03:08:53","slug":"bfrpiu","status":"publish","type":"post","link":"https:\/\/www.radiopiu.net\/wordpress\/bfrpiu\/","title":{"rendered":"SABATO POMERIGGIO DEL 25 GIUGNO 1983 &#8211; OGGI 38 ANNI DOPO"},"content":{"rendered":"<blockquote>\n<h1><a style=\"font-size: 14px; font-weight: normal;\" href=\"https:\/\/www.radiopiu.net\/wordpress\/?attachment_id=218004\" rel=\"attachment wp-att-218004\"><img loading=\"lazy\" decoding=\"async\" class=\"alignnone wp-image-218004 size-full\" src=\"https:\/\/www.radiopiu.net\/wordpress\/wp-content\/uploads\/2021\/06\/linizio-9-scaled.jpg\" alt=\"\" width=\"2560\" height=\"1727\" srcset=\"https:\/\/www.radiopiu.net\/wordpress\/wp-content\/uploads\/2021\/06\/linizio-9-scaled.jpg 2560w, https:\/\/www.radiopiu.net\/wordpress\/wp-content\/uploads\/2021\/06\/linizio-9-300x202.jpg 300w, https:\/\/www.radiopiu.net\/wordpress\/wp-content\/uploads\/2021\/06\/linizio-9-1024x691.jpg 1024w, https:\/\/www.radiopiu.net\/wordpress\/wp-content\/uploads\/2021\/06\/linizio-9-768x518.jpg 768w, https:\/\/www.radiopiu.net\/wordpress\/wp-content\/uploads\/2021\/06\/linizio-9-1536x1036.jpg 1536w, https:\/\/www.radiopiu.net\/wordpress\/wp-content\/uploads\/2021\/06\/linizio-9-2048x1382.jpg 2048w\" sizes=\"auto, (max-width: 2560px) 100vw, 2560px\" \/><\/a><\/h1>\n<\/blockquote>\n<blockquote><p><em><span style=\"color: #000000;\"><a href=\"https:\/\/www.radiopiu.net\/wordpress\/giornale-radiopiu-14-agosto-2019-direttore-mirko-mezzacasa\/la-val-che-urla-mirko\/\" rel=\"attachment wp-att-95550\"><img loading=\"lazy\" decoding=\"async\" class=\" wp-image-95550 alignleft\" src=\"https:\/\/www.radiopiu.net\/wordpress\/wp-content\/uploads\/2019\/08\/La-Val-che-Urla-Mirko-300x169.jpg\" alt=\"\" width=\"275\" height=\"155\" srcset=\"https:\/\/www.radiopiu.net\/wordpress\/wp-content\/uploads\/2019\/08\/La-Val-che-Urla-Mirko-300x169.jpg 300w, https:\/\/www.radiopiu.net\/wordpress\/wp-content\/uploads\/2019\/08\/La-Val-che-Urla-Mirko-768x432.jpg 768w, https:\/\/www.radiopiu.net\/wordpress\/wp-content\/uploads\/2019\/08\/La-Val-che-Urla-Mirko-1024x576.jpg 1024w, https:\/\/www.radiopiu.net\/wordpress\/wp-content\/uploads\/2019\/08\/La-Val-che-Urla-Mirko.jpg 1920w\" sizes=\"auto, (max-width: 275px) 100vw, 275px\" \/><\/a>E&#8217; sempre un&#8217;emozione aggiungere una stanghetta a questa storia, che inizia nel 1983 quando&#8230; C&#8217;era una volta un gruppo di 10 amici i soci fondatori guidati dal Presidente Renzo Gavaz (foto destra). Devo molto, la mia mia vita a questo gruppo di amici che qualche anno dopo aver fondato la Radio mi ha scelto per continuare ad alimentarla, accudirla, coccolarla, educarla. Ero un ragazzino e non capivo l&#8217;importanza della loro scelta, la fiducia che allora avevano riposto nelle mie mani&#8230; Cari soci fondatori, a distanza di 38 anni certo di non avervi deluso un grazie \u00e8 mai di troppo.<\/span><\/em><\/p>\n<p><em><span style=\"color: #000000;\">C&#8217;era una volta un gran appassionato di radio, il primo direttore di Radio Pi\u00f9 Udilio Cadorin per tutti ieri e oggi &#8220;Pippo&#8221; e c&#8217;era una volta un gruppo di giovani: Io,\u00a0 Danilo, Vanni, Renato, Massim<a href=\"https:\/\/www.radiopiu.net\/wordpress\/?attachment_id=218001\" rel=\"attachment wp-att-218001\"><img loading=\"lazy\" decoding=\"async\" class=\"size-medium wp-image-218001 alignright\" src=\"https:\/\/www.radiopiu.net\/wordpress\/wp-content\/uploads\/2021\/06\/renzo-89x300.jpg\" alt=\"\" width=\"89\" height=\"300\" srcset=\"https:\/\/www.radiopiu.net\/wordpress\/wp-content\/uploads\/2021\/06\/renzo-89x300.jpg 89w, https:\/\/www.radiopiu.net\/wordpress\/wp-content\/uploads\/2021\/06\/renzo-303x1024.jpg 303w, https:\/\/www.radiopiu.net\/wordpress\/wp-content\/uploads\/2021\/06\/renzo-455x1536.jpg 455w, https:\/\/www.radiopiu.net\/wordpress\/wp-content\/uploads\/2021\/06\/renzo-607x2048.jpg 607w, https:\/\/www.radiopiu.net\/wordpress\/wp-content\/uploads\/2021\/06\/renzo.jpg 640w\" sizes=\"auto, (max-width: 89px) 100vw, 89px\" \/><\/a>o, Nino, Alex, Manuela, Monica, Virginia, Paola&#8230; poi si sono aggiunti gli altri, tanti. C&#8217;era una volta perch\u00e9 la storia di Radio Pi\u00f9 \u00e8 una favola, impegnativa, ma una favola. Quel gruppo di amici 38 anni fa, riuniti alla Pizzeria 2B di Paolo e Tiziana a Taibon, oppure dal Richi nella trattoria tanto amata da chi come me ha frequentato il Follador di via 5 maggio, ha dato il l\u00e0 alla missione Radio Pi\u00f9. Perch\u00e9 l&#8217;informazione era carente, l&#8217;unico quotidiano ogni tanto scriveva dell&#8217;Agordino e le radio nascevano come i funghi nel resto del Paese. Quel gruppo di amici ha inteso creare un organo di informazione capace di penetrare in ogni angolo della vallata, da Tiser a Larzonei, da Sappade alla Valle di San Lucano, per informare, per essere presente, &#8220;sempre pi\u00f9 di casa&#8221; come auspicava\u00a0 Antimo Savaris che ci ha regalato il marchio, unico e inimitabile nonostante le tante &#8220;radio pi\u00f9 web&#8221;\u00a0 nate in questi anni. Organo di informazione certo, ma anche strumento di compagnia in ore liete o meno liete, organizzazione che per anni ha proposto eventi importanti che ha unito le nostre comunit\u00e0, richiamando folle di amici sotto la stessa voglia di vivere,\u00a0 organo aggregante la Radio Pi\u00f9, strumento di promozione del territorio perch\u00e9 la Radio Pi\u00f9 sventola la sua bandiera in tutto il mondo creando attenzione e curiosit\u00e0 per il territorio.\u00a0 <\/span><\/em><em><span style=\"color: #000000;\">Negli ultimi anni la Radio con la sua redazione si \u00e8 fatta conoscere oltre i confini provinciali, grazie alla tecnologia, rimarcando il ruolo sul territorio. Da Vaia alla pandemia vi assicuro che sono stati giorni non facili per tutti noi della Radio, per chi ha continuato a garantire l&#8217;informazione tra mille attenzioni, mai abbastanza per accontentare tutti perch\u00e9 siete in tanti,\u00a0 ma anche per chi contava i giorni per iniziare di nuovo a dare il suo contributo durante l&#8217;inevitabile cassa integrazione. Un periodo non facile, ma con orgoglio la squadra pu\u00f2 dire di aver &#8220;tenuto botta&#8221;, ci sono professionalit\u00e0 tra le mura di RADIO PIU&#8217; che non sono poca cosa, che hanno saputo mostrare i muscoli quanto necessario, che hanno permesso alla nave di continuare la navigazione e senza mai la necessit\u00e0 di ricorrere ad un piano B. Trentotto&#8230;ne abbiamo raccontate in questi anni tra emozioni nelle emozioni e vogliamo continuare a farlo.<\/span><\/em><\/p><\/blockquote>\n<p>mirko mezzacasa<\/p>\n<p>&nbsp;<\/p>\n\n\t\t\t<style type='text\/css'>\n\t\t\t\t#gallery-1 {\n\t\t\t\t\tmargin: auto;\n\t\t\t\t}\n\t\t\t\t#gallery-1 .gallery-item {\n\t\t\t\t\tfloat: left;\n\t\t\t\t\tmargin-top: 10px;\n\t\t\t\t\ttext-align: center;\n\t\t\t\t\twidth: 25%;\n\t\t\t\t}\n\t\t\t\t#gallery-1 img {\n\t\t\t\t\tborder: 2px solid #cfcfcf;\n\t\t\t\t}\n\t\t\t\t#gallery-1 .gallery-caption {\n\t\t\t\t\tmargin-left: 0;\n\t\t\t\t}\n\t\t\t\t\/* see gallery_shortcode() in wp-includes\/media.php *\/\n\t\t\t<\/style>\n\t\t<div id='gallery-1' class='dt-gallery-container gallery galleryid-218014 gallery-columns-4 gallery-size-thumbnail'><dl class='gallery-item'>\n\t\t\t\t<dt class='gallery-icon landscape'>\n\t\t\t\t\t<a class=\"rollover rollover-zoom dt-pswp-item\" title=\"1\" data-dt-img-description=\"\" data-large_image_width=\"640\" data-large_image_height=\"446\"href='https:\/\/www.radiopiu.net\/wordpress\/wp-content\/uploads\/2021\/06\/1.jpg'><img loading=\"lazy\" decoding=\"async\" width=\"150\" height=\"150\" src=\"https:\/\/www.radiopiu.net\/wordpress\/wp-content\/uploads\/2021\/06\/1-150x150.jpg\" class=\"attachment-thumbnail size-thumbnail\" alt=\"\" aria-describedby=\"gallery-1-218008\" \/><\/a>\n\t\t\t\t<\/dt>\n\t\t\t\t\t<dd class='wp-caption-text gallery-caption' id='gallery-1-218008'>\n\t\t\t\t\tIL PRIMO MIXER, IL PRIMO STUDIO \n\t\t\t\t\t<\/dd><\/dl><dl class='gallery-item'>\n\t\t\t\t<dt class='gallery-icon landscape'>\n\t\t\t\t\t<a class=\"rollover rollover-zoom dt-pswp-item\" title=\"008__B08\" data-dt-img-description=\"\" data-large_image_width=\"640\" data-large_image_height=\"427\"href='https:\/\/www.radiopiu.net\/wordpress\/wp-content\/uploads\/2021\/06\/008__B08.jpg'><img loading=\"lazy\" decoding=\"async\" width=\"150\" height=\"150\" src=\"https:\/\/www.radiopiu.net\/wordpress\/wp-content\/uploads\/2021\/06\/008__B08-150x150.jpg\" class=\"attachment-thumbnail size-thumbnail\" alt=\"\" aria-describedby=\"gallery-1-218003\" \/><\/a>\n\t\t\t\t<\/dt>\n\t\t\t\t\t<dd class='wp-caption-text gallery-caption' id='gallery-1-218003'>\n\t\t\t\t\tPAOLA VIRGINIA MANUELA\n\t\t\t\t\t<\/dd><\/dl><dl class='gallery-item'>\n\t\t\t\t<dt class='gallery-icon landscape'>\n\t\t\t\t\t<a class=\"rollover rollover-zoom dt-pswp-item\" title=\"linizio (10)\" data-dt-img-description=\"\" data-large_image_width=\"1465\" data-large_image_height=\"1046\"href='https:\/\/www.radiopiu.net\/wordpress\/wp-content\/uploads\/2021\/06\/linizio-10.jpg'><img loading=\"lazy\" decoding=\"async\" width=\"150\" height=\"150\" src=\"https:\/\/www.radiopiu.net\/wordpress\/wp-content\/uploads\/2021\/06\/linizio-10-150x150.jpg\" class=\"attachment-thumbnail size-thumbnail\" alt=\"\" aria-describedby=\"gallery-1-218006\" \/><\/a>\n\t\t\t\t<\/dt>\n\t\t\t\t\t<dd class='wp-caption-text gallery-caption' id='gallery-1-218006'>\n\t\t\t\t\tVIRGINIA MANUELA MIRKO\n\t\t\t\t\t<\/dd><\/dl><dl class='gallery-item'>\n\t\t\t\t<dt class='gallery-icon landscape'>\n\t\t\t\t\t<a class=\"rollover rollover-zoom dt-pswp-item\" title=\"linizio (6)\" data-dt-img-description=\"\" data-large_image_width=\"640\" data-large_image_height=\"424\"href='https:\/\/www.radiopiu.net\/wordpress\/wp-content\/uploads\/2021\/06\/linizio-6.jpg'><img loading=\"lazy\" decoding=\"async\" width=\"150\" height=\"150\" src=\"https:\/\/www.radiopiu.net\/wordpress\/wp-content\/uploads\/2021\/06\/linizio-6-150x150.jpg\" class=\"attachment-thumbnail size-thumbnail\" alt=\"\" aria-describedby=\"gallery-1-218010\" \/><\/a>\n\t\t\t\t<\/dt>\n\t\t\t\t\t<dd class='wp-caption-text gallery-caption' id='gallery-1-218010'>\n\t\t\t\t\tPIERINA PIPPO BRUNO IL SINDACO\n\t\t\t\t\t<\/dd><\/dl><br style=\"clear: both\" \/><dl class='gallery-item'>\n\t\t\t\t<dt class='gallery-icon landscape'>\n\t\t\t\t\t<a class=\"rollover rollover-zoom dt-pswp-item\" title=\"linizio (2)\" data-dt-img-description=\"\" data-large_image_width=\"640\" data-large_image_height=\"427\"href='https:\/\/www.radiopiu.net\/wordpress\/wp-content\/uploads\/2021\/06\/linizio-2.jpg'><img loading=\"lazy\" decoding=\"async\" width=\"150\" height=\"150\" src=\"https:\/\/www.radiopiu.net\/wordpress\/wp-content\/uploads\/2021\/06\/linizio-2-150x150.jpg\" class=\"attachment-thumbnail size-thumbnail\" alt=\"\" aria-describedby=\"gallery-1-218009\" \/><\/a>\n\t\t\t\t<\/dt>\n\t\t\t\t\t<dd class='wp-caption-text gallery-caption' id='gallery-1-218009'>\n\t\t\t\t\tLUCIA ALESSANDRO AGOSTINO IL PRIMO TECNICO\n\t\t\t\t\t<\/dd><\/dl><dl class='gallery-item'>\n\t\t\t\t<dt class='gallery-icon portrait'>\n\t\t\t\t\t<a class=\"rollover rollover-zoom dt-pswp-item\" title=\"linizio (21)\" data-dt-img-description=\"\" data-large_image_width=\"1862\" data-large_image_height=\"2560\"href='https:\/\/www.radiopiu.net\/wordpress\/wp-content\/uploads\/2021\/06\/linizio-21-scaled.jpg'><img loading=\"lazy\" decoding=\"async\" width=\"150\" height=\"150\" src=\"https:\/\/www.radiopiu.net\/wordpress\/wp-content\/uploads\/2021\/06\/linizio-21-150x150.jpg\" class=\"attachment-thumbnail size-thumbnail\" alt=\"\" aria-describedby=\"gallery-1-218011\" \/><\/a>\n\t\t\t\t<\/dt>\n\t\t\t\t\t<dd class='wp-caption-text gallery-caption' id='gallery-1-218011'>\n\t\t\t\t\tDANILOE MIRKO \n\t\t\t\t\t<\/dd><\/dl><dl class='gallery-item'>\n\t\t\t\t<dt class='gallery-icon landscape'>\n\t\t\t\t\t<a class=\"rollover rollover-zoom dt-pswp-item\" title=\"linizio (8)\" data-dt-img-description=\"\" data-large_image_width=\"640\" data-large_image_height=\"619\"href='https:\/\/www.radiopiu.net\/wordpress\/wp-content\/uploads\/2021\/06\/linizio-8.jpg'><img loading=\"lazy\" decoding=\"async\" width=\"150\" height=\"150\" src=\"https:\/\/www.radiopiu.net\/wordpress\/wp-content\/uploads\/2021\/06\/linizio-8-150x150.jpg\" class=\"attachment-thumbnail size-thumbnail\" alt=\"\" \/><\/a>\n\t\t\t\t<\/dt><\/dl><dl class='gallery-item'>\n\t\t\t\t<dt class='gallery-icon portrait'>\n\t\t\t\t\t<a class=\"rollover rollover-zoom dt-pswp-item\" title=\"rugg\" data-dt-img-description=\"\" data-large_image_width=\"640\" data-large_image_height=\"876\"href='https:\/\/www.radiopiu.net\/wordpress\/wp-content\/uploads\/2021\/06\/rugg.jpg'><img loading=\"lazy\" decoding=\"async\" width=\"150\" height=\"150\" src=\"https:\/\/www.radiopiu.net\/wordpress\/wp-content\/uploads\/2021\/06\/rugg-150x150.jpg\" class=\"attachment-thumbnail size-thumbnail\" alt=\"\" aria-describedby=\"gallery-1-218012\" \/><\/a>\n\t\t\t\t<\/dt>\n\t\t\t\t\t<dd class='wp-caption-text gallery-caption' id='gallery-1-218012'>\n\t\t\t\t\tENRICO RUGGERI MIRKO ALEX \n\t\t\t\t\t<\/dd><\/dl><br style=\"clear: both\" \/>\n\t\t\t<\/div>\n\n<p>&nbsp;<\/p>\n<p>&nbsp;<\/p>\n<blockquote><p><strong>VOLTAGO<\/strong><br \/>\nCara Radio Pi\u00f9&#8230;.<\/p>\n<p><em>&#8220;Volevo farvi gli auguri per questi 38 anni di RADIO PIU&#8217;, che ascolto giornalmente e ho nel cuore. Mi ricordo che passavo sovente nella prima sede in Piazza San Rocco, al primo piano dell&#8217;ex Municipio, ho ancora impresso nella mente il giradischi con alle pareti i contenitori vuoti delle uova. Vi regalo una chiavetta con le foto&#8230; che potranno tornare utili&#8221;<\/em><\/p><\/blockquote>\n<p>Giovanni Dal Col<\/p>\n<p><strong>Grazie Giovanni&#8230; omaggio graditissimo, documenti importanti che conserveremo con cura e gelosia certi che torneranno utili, tra l&#8217;altro Augusto Murer \u00e8 stato uno dei primi intervistati -da Monica Tissi- nel 1983 ed \u00e8 con piacere che iniziamo a sfogliare l&#8217;album dei ricordi.<\/strong><\/p>\n\n\t\t\t<style type='text\/css'>\n\t\t\t\t#gallery-2 {\n\t\t\t\t\tmargin: auto;\n\t\t\t\t}\n\t\t\t\t#gallery-2 .gallery-item {\n\t\t\t\t\tfloat: left;\n\t\t\t\t\tmargin-top: 10px;\n\t\t\t\t\ttext-align: center;\n\t\t\t\t\twidth: 16%;\n\t\t\t\t}\n\t\t\t\t#gallery-2 img {\n\t\t\t\t\tborder: 2px solid #cfcfcf;\n\t\t\t\t}\n\t\t\t\t#gallery-2 .gallery-caption {\n\t\t\t\t\tmargin-left: 0;\n\t\t\t\t}\n\t\t\t\t\/* see gallery_shortcode() in wp-includes\/media.php *\/\n\t\t\t<\/style>\n\t\t<div id='gallery-2' class='dt-gallery-container gallery galleryid-218014 gallery-columns-6 gallery-size-thumbnail'><dl class='gallery-item'>\n\t\t\t\t<dt class='gallery-icon portrait'>\n\t\t\t\t\t<a class=\"rollover rollover-zoom dt-pswp-item\" title=\"Falcade Loc Molino Augusto Murer con una delle sue opere\" data-dt-img-description=\"\" data-large_image_width=\"1224\" data-large_image_height=\"1746\"href='https:\/\/www.radiopiu.net\/wordpress\/wp-content\/uploads\/2021\/06\/Falcade-Loc-Molino-Augusto-Murer-con-una-delle-sue-opere.jpg'><img loading=\"lazy\" decoding=\"async\" width=\"150\" height=\"150\" src=\"https:\/\/www.radiopiu.net\/wordpress\/wp-content\/uploads\/2021\/06\/Falcade-Loc-Molino-Augusto-Murer-con-una-delle-sue-opere-150x150.jpg\" class=\"attachment-thumbnail size-thumbnail\" alt=\"\" aria-describedby=\"gallery-2-218052\" \/><\/a>\n\t\t\t\t<\/dt>\n\t\t\t\t\t<dd class='wp-caption-text gallery-caption' id='gallery-2-218052'>\n\t\t\t\t\tFalcade Loc Molino Augusto Murer con una delle sue opere\n\t\t\t\t\t<\/dd><\/dl><dl class='gallery-item'>\n\t\t\t\t<dt class='gallery-icon portrait'>\n\t\t\t\t\t<a class=\"rollover rollover-zoom dt-pswp-item\" title=\"Falcade anni 50 60 loc molino Toni Franco gestore alb Focobon\" data-dt-img-description=\"\" data-large_image_width=\"1218\" data-large_image_height=\"1740\"href='https:\/\/www.radiopiu.net\/wordpress\/wp-content\/uploads\/2021\/06\/Falcade-anni-50-60-loc-molino-Toni-Franco-gestore-alb-Focobon.jpg'><img loading=\"lazy\" decoding=\"async\" width=\"150\" height=\"150\" src=\"https:\/\/www.radiopiu.net\/wordpress\/wp-content\/uploads\/2021\/06\/Falcade-anni-50-60-loc-molino-Toni-Franco-gestore-alb-Focobon-150x150.jpg\" class=\"attachment-thumbnail size-thumbnail\" alt=\"\" aria-describedby=\"gallery-2-218051\" \/><\/a>\n\t\t\t\t<\/dt>\n\t\t\t\t\t<dd class='wp-caption-text gallery-caption' id='gallery-2-218051'>\n\t\t\t\t\tFalcade anni 50 60 loc molino Toni Franco gestore alb Focobon\n\t\t\t\t\t<\/dd><\/dl><dl class='gallery-item'>\n\t\t\t\t<dt class='gallery-icon portrait'>\n\t\t\t\t\t<a class=\"rollover rollover-zoom dt-pswp-item\" title=\"Opere di Murer\" data-dt-img-description=\"\" data-large_image_width=\"1810\" data-large_image_height=\"2560\"href='https:\/\/www.radiopiu.net\/wordpress\/wp-content\/uploads\/2021\/06\/Opere-di-Murer-scaled.jpg'><img loading=\"lazy\" decoding=\"async\" width=\"150\" height=\"150\" src=\"https:\/\/www.radiopiu.net\/wordpress\/wp-content\/uploads\/2021\/06\/Opere-di-Murer-150x150.jpg\" class=\"attachment-thumbnail size-thumbnail\" alt=\"\" aria-describedby=\"gallery-2-218053\" \/><\/a>\n\t\t\t\t<\/dt>\n\t\t\t\t\t<dd class='wp-caption-text gallery-caption' id='gallery-2-218053'>\n\t\t\t\t\tOpere di Murer\n\t\t\t\t\t<\/dd><\/dl><dl class='gallery-item'>\n\t\t\t\t<dt class='gallery-icon portrait'>\n\t\t\t\t\t<a class=\"rollover rollover-zoom dt-pswp-item\" title=\"Falcade anni 60 60 preparazione mostra A Murer\" data-dt-img-description=\"\" data-large_image_width=\"1212\" data-large_image_height=\"1740\"href='https:\/\/www.radiopiu.net\/wordpress\/wp-content\/uploads\/2021\/06\/Falcade-anni-60-60-preparazione-mostra-A-Murer.jpg'><img loading=\"lazy\" decoding=\"async\" width=\"150\" height=\"150\" src=\"https:\/\/www.radiopiu.net\/wordpress\/wp-content\/uploads\/2021\/06\/Falcade-anni-60-60-preparazione-mostra-A-Murer-150x150.jpg\" class=\"attachment-thumbnail size-thumbnail\" alt=\"\" aria-describedby=\"gallery-2-218054\" \/><\/a>\n\t\t\t\t<\/dt>\n\t\t\t\t\t<dd class='wp-caption-text gallery-caption' id='gallery-2-218054'>\n\t\t\t\t\tFalcade anni 60 60 preparazione mostra A Murer\n\t\t\t\t\t<\/dd><\/dl><dl class='gallery-item'>\n\t\t\t\t<dt class='gallery-icon portrait'>\n\t\t\t\t\t<a class=\"rollover rollover-zoom dt-pswp-item\" title=\"Falcade Anni 50 60 loc Molino busto donna col bambino A Murer\" data-dt-img-description=\"\" data-large_image_width=\"1200\" data-large_image_height=\"1746\"href='https:\/\/www.radiopiu.net\/wordpress\/wp-content\/uploads\/2021\/06\/Falcade-Anni-50-60-loc-Molino-busto-donna-col-bambino-A-Murer.jpg'><img loading=\"lazy\" decoding=\"async\" width=\"150\" height=\"150\" src=\"https:\/\/www.radiopiu.net\/wordpress\/wp-content\/uploads\/2021\/06\/Falcade-Anni-50-60-loc-Molino-busto-donna-col-bambino-A-Murer-150x150.jpg\" class=\"attachment-thumbnail size-thumbnail\" alt=\"\" aria-describedby=\"gallery-2-218050\" \/><\/a>\n\t\t\t\t<\/dt>\n\t\t\t\t\t<dd class='wp-caption-text gallery-caption' id='gallery-2-218050'>\n\t\t\t\t\tFalcade Anni 50 60 loc Molino busto donna col bambino A Murer\n\t\t\t\t\t<\/dd><\/dl><dl class='gallery-item'>\n\t\t\t\t<dt class='gallery-icon portrait'>\n\t\t\t\t\t<a class=\"rollover rollover-zoom dt-pswp-item\" title=\"Falcade Allestimento mostra A Murer\" data-dt-img-description=\"\" data-large_image_width=\"1200\" data-large_image_height=\"1734\"href='https:\/\/www.radiopiu.net\/wordpress\/wp-content\/uploads\/2021\/06\/Falcade-Allestimento-mostra-A-Murer.jpg'><img loading=\"lazy\" decoding=\"async\" width=\"150\" height=\"150\" src=\"https:\/\/www.radiopiu.net\/wordpress\/wp-content\/uploads\/2021\/06\/Falcade-Allestimento-mostra-A-Murer-150x150.jpg\" class=\"attachment-thumbnail size-thumbnail\" alt=\"\" aria-describedby=\"gallery-2-218055\" \/><\/a>\n\t\t\t\t<\/dt>\n\t\t\t\t\t<dd class='wp-caption-text gallery-caption' id='gallery-2-218055'>\n\t\t\t\t\tFalcade Allestimento mostra A Murer\n\t\t\t\t\t<\/dd><\/dl><br style=\"clear: both\" \/>\n\t\t\t<\/div>\n\n<p>&nbsp;<\/p>\n<h1><em>trentotto\u00a0<\/em><\/h1>\n<p><strong>di John Francis Della Pietra <\/strong><\/p>\n<p>audio&#8230;. per la radio<\/p>\n<audio class=\"wp-audio-shortcode\" id=\"audio-218014-1\" preload=\"none\" style=\"width: 100%;\" controls=\"controls\"><source type=\"audio\/mpeg\" src=\"https:\/\/www.radiopiu.net\/wordpress\/wp-content\/uploads\/2021\/06\/john.mp3?_=1\" \/><a href=\"https:\/\/www.radiopiu.net\/wordpress\/wp-content\/uploads\/2021\/06\/john.mp3\">https:\/\/www.radiopiu.net\/wordpress\/wp-content\/uploads\/2021\/06\/john.mp3<\/a><\/audio>\n<p>&nbsp;<\/p>\n<p>Son passati veramente molti anni<br \/>\nOra come allora<br \/>\nS eran appena spenti gl echi della festa di S.Giovanni<br \/>\nDal silenzio delle cime emerse in men che non si dica<br \/>\nUn agordina voce amica<br \/>\nSi diffuse dolce nell etere<br \/>\nSull onde radio inizi\u00f2 a trasmettere<br \/>\nMusica cultura ed informazioni<br \/>\nChe rimangono ancora le grandi passioni<br \/>\nSuscitando sempiterne emozioni<br \/>\nAd aiutar il suo crescere gl abitanti dei monti<br \/>\nSolidali furon pronti<br \/>\nNacque una grande amicizia<br \/>\nChe ancor oggi fa notizia<br \/>\nOrmai pi\u00f9 volte sugli scudi nazionali<br \/>\nIl suo nominarsi ha messo l ali<br \/>\nMa noi ti sentiamo una nostra realt\u00e0<br \/>\nSeppur nel mondo amata qua e l\u00e0<br \/>\nSenza di te non si potrebbe far altrimenti<br \/>\nRiempi di vita i nostri momenti<br \/>\nDi cuore son i ringraziamenti<br \/>\nIn questa trentottesima genesi speciali<br \/>\nA tutti coloro che son nei tuoi annali<br \/>\nSei entrata nella comune memoria<br \/>\nUna lunga stagione che \u00e8 storia<br \/>\nVorremmo elencare ricordare e lodare di pi\u00f9<br \/>\nMa tu gi\u00e0 lo sai perch\u00e9 sei parte di noi cara<br \/>\nRadiopi\u00f9<\/p>\n<p>&nbsp;<\/p>\n<p>&nbsp;<\/p>\n<h3><a href=\"https:\/\/www.radiopiu.net\/wordpress\/bfrpiu\/pp-71\/\" rel=\"attachment wp-att-218094\"><img loading=\"lazy\" decoding=\"async\" class=\"wp-image-218094 alignleft\" src=\"https:\/\/www.radiopiu.net\/wordpress\/wp-content\/uploads\/2021\/06\/pp-4-300x300.jpg\" alt=\"\" width=\"143\" height=\"143\" srcset=\"https:\/\/www.radiopiu.net\/wordpress\/wp-content\/uploads\/2021\/06\/pp-4-300x300.jpg 300w, https:\/\/www.radiopiu.net\/wordpress\/wp-content\/uploads\/2021\/06\/pp-4-150x150.jpg 150w, https:\/\/www.radiopiu.net\/wordpress\/wp-content\/uploads\/2021\/06\/pp-4.jpg 640w\" sizes=\"auto, (max-width: 143px) 100vw, 143px\" \/><\/a><em>ORIETTA, CON LA RADIO DA 38 ANNI<\/em><br \/>\n<em>AUDIO\u00a0<\/em><\/h3>\n<audio class=\"wp-audio-shortcode\" id=\"audio-218014-2\" preload=\"none\" style=\"width: 100%;\" controls=\"controls\"><source type=\"audio\/mpeg\" src=\"https:\/\/www.radiopiu.net\/wordpress\/wp-content\/uploads\/2021\/06\/ORIETTA.mp3?_=2\" \/><a href=\"https:\/\/www.radiopiu.net\/wordpress\/wp-content\/uploads\/2021\/06\/ORIETTA.mp3\">https:\/\/www.radiopiu.net\/wordpress\/wp-content\/uploads\/2021\/06\/ORIETTA.mp3<\/a><\/audio>\n<p>&nbsp;<\/p>\n<p>&nbsp;<\/p>\n<h1><em>Duilio&#8230;<\/em><\/h1>\n<div style=\"width: 640px;\" class=\"wp-video\"><video class=\"wp-video-shortcode\" id=\"video-218014-1\" width=\"640\" height=\"352\" preload=\"metadata\" controls=\"controls\"><source type=\"video\/mp4\" src=\"https:\/\/www.radiopiu.net\/wordpress\/wp-content\/uploads\/2021\/06\/WhatsApp-Video-2021-06-24-at-23.42.15.mp4?_=1\" \/><a href=\"https:\/\/www.radiopiu.net\/wordpress\/wp-content\/uploads\/2021\/06\/WhatsApp-Video-2021-06-24-at-23.42.15.mp4\">https:\/\/www.radiopiu.net\/wordpress\/wp-content\/uploads\/2021\/06\/WhatsApp-Video-2021-06-24-at-23.42.15.mp4<\/a><\/video><\/div>\n","protected":false},"excerpt":{"rendered":"<p>E&#8217; sempre un&#8217;emozione aggiungere una stanghetta a questa storia, che inizia nel 1983 quando&#8230; C&#8217;era una volta un gruppo di 10 amici i soci fondatori guidati dal Presidente Renzo Gavaz (foto destra). Devo molto, la mia mia vita a questo gruppo di amici che qualche anno dopo aver fondato la Radio mi ha scelto per&hellip;<\/p>\n","protected":false},"author":4,"featured_media":218004,"comment_status":"closed","ping_status":"open","sticky":false,"template":"","format":"standard","meta":{"_monsterinsights_skip_tracking":false,"_monsterinsights_sitenote_active":false,"_monsterinsights_sitenote_note":"","_monsterinsights_sitenote_category":0,"footnotes":""},"categories":[51,49],"tags":[],"class_list":["post-218014","post","type-post","status-publish","format-standard","has-post-thumbnail","hentry","category-evidenza-top","category-news-18","category-51","category-49","description-off"],"img_url":"https:\/\/www.radiopiu.net\/wordpress\/wp-content\/uploads\/2021\/06\/linizio-9-scaled.jpg","_links":{"self":[{"href":"https:\/\/www.radiopiu.net\/wordpress\/wp-json\/wp\/v2\/posts\/218014","targetHints":{"allow":["GET"]}}],"collection":[{"href":"https:\/\/www.radiopiu.net\/wordpress\/wp-json\/wp\/v2\/posts"}],"about":[{"href":"https:\/\/www.radiopiu.net\/wordpress\/wp-json\/wp\/v2\/types\/post"}],"author":[{"embeddable":true,"href":"https:\/\/www.radiopiu.net\/wordpress\/wp-json\/wp\/v2\/users\/4"}],"replies":[{"embeddable":true,"href":"https:\/\/www.radiopiu.net\/wordpress\/wp-json\/wp\/v2\/comments?post=218014"}],"version-history":[{"count":0,"href":"https:\/\/www.radiopiu.net\/wordpress\/wp-json\/wp\/v2\/posts\/218014\/revisions"}],"wp:featuredmedia":[{"embeddable":true,"href":"https:\/\/www.radiopiu.net\/wordpress\/wp-json\/wp\/v2\/media\/218004"}],"wp:attachment":[{"href":"https:\/\/www.radiopiu.net\/wordpress\/wp-json\/wp\/v2\/media?parent=218014"}],"wp:term":[{"taxonomy":"category","embeddable":true,"href":"https:\/\/www.radiopiu.net\/wordpress\/wp-json\/wp\/v2\/categories?post=218014"},{"taxonomy":"post_tag","embeddable":true,"href":"https:\/\/www.radiopiu.net\/wordpress\/wp-json\/wp\/v2\/tags?post=218014"}],"curies":[{"name":"wp","href":"https:\/\/api.w.org\/{rel}","templated":true}]}}