{"id":218087,"date":"2021-06-26T05:39:28","date_gmt":"2021-06-26T03:39:28","guid":{"rendered":"https:\/\/www.radiopiu.net\/wordpress\/?p=218087"},"modified":"2021-06-26T08:07:10","modified_gmt":"2021-06-26T06:07:10","slug":"giornale-radiopiu-26-giugno-2021-direttore-mirko-mezzacasa","status":"publish","type":"post","link":"https:\/\/www.radiopiu.net\/wordpress\/giornale-radiopiu-26-giugno-2021-direttore-mirko-mezzacasa\/","title":{"rendered":"GIORNALE RADIOPIU 26 GIUGNO 2021 DIRETTORE MIRKO MEZZACASA"},"content":{"rendered":"<h2>ULTIM&#8217;ORA 7.30 DEL MATTINO: VIABILITA&#8217; PROVINCIA BELLUNO telegram<br \/>\nDaniele: Segnalo grossi sassi in carreggiata da Longarone verso Forno poco prima dello svincolo per Soffranco #valcadore<\/h2>\n<p>&nbsp;<\/p>\n<p>&nbsp;<\/p>\n<h2><span style=\"color: #0000ff;\">PER<strong>\u00a0RICEVERE QUESTO NOTIZIARIO DIRETTAMENTE SUL TUO CELLULARE ISCRIVITI AL CANALE TELEGRAM\u00a0<\/strong><strong>\u201cRADIO PIU\u00a0 INFORMAZIONE\u201d\u00a0<\/strong><\/span><\/h2>\n<blockquote class=\"wp-embedded-content\" data-secret=\"ZuQ5Ykq0nu\"><p><a href=\"https:\/\/www.radiopiu.net\/wordpress\/fusione-di-comuni-il-dibattito-e-aperto\/\">FUSIONE DI COMUNI? IL DIBATTITO E&#8217; APERTO<\/a><\/p><\/blockquote>\n<p><iframe loading=\"lazy\" class=\"wp-embedded-content\" sandbox=\"allow-scripts\" security=\"restricted\" style=\"position: absolute; clip: rect(1px, 1px, 1px, 1px);\" title=\"&#8220;FUSIONE DI COMUNI? IL DIBATTITO E&#8217; APERTO&#8221; &#8212; Radio Pi\u00f9\" src=\"https:\/\/www.radiopiu.net\/wordpress\/fusione-di-comuni-il-dibattito-e-aperto\/embed\/#?secret=ZuQ5Ykq0nu\" data-secret=\"ZuQ5Ykq0nu\" width=\"600\" height=\"338\" frameborder=\"0\" marginwidth=\"0\" marginheight=\"0\" scrolling=\"no\"><\/iframe><\/p>\n<blockquote>\n<h3><\/h3>\n<h3>W I COSCRITTI, A CANALE D&#8217;AGORDO L&#8217;OCCASIONE PER INDOSSARE IL BEL CAPPELLO CON I FIORI DELLE COSCRITTE E&#8217; STATA LA FESTIVITA&#8217; DI SAN GIOVANNI&#8230;.<br \/>\nfoto orietta lorenzi<\/h3>\n<\/blockquote>\n\n\t\t\t<style type='text\/css'>\n\t\t\t\t#gallery-1 {\n\t\t\t\t\tmargin: auto;\n\t\t\t\t}\n\t\t\t\t#gallery-1 .gallery-item {\n\t\t\t\t\tfloat: left;\n\t\t\t\t\tmargin-top: 10px;\n\t\t\t\t\ttext-align: center;\n\t\t\t\t\twidth: 50%;\n\t\t\t\t}\n\t\t\t\t#gallery-1 img {\n\t\t\t\t\tborder: 2px solid #cfcfcf;\n\t\t\t\t}\n\t\t\t\t#gallery-1 .gallery-caption {\n\t\t\t\t\tmargin-left: 0;\n\t\t\t\t}\n\t\t\t\t\/* see gallery_shortcode() in wp-includes\/media.php *\/\n\t\t\t<\/style>\n\t\t<div id='gallery-1' class='dt-gallery-container gallery galleryid-218087 gallery-columns-2 gallery-size-medium'><dl class='gallery-item'>\n\t\t\t\t<dt class='gallery-icon portrait'>\n\t\t\t\t\t<a class=\"rollover rollover-zoom dt-pswp-item\" title=\"206347407_1151713105337173_3202855320707343879_n\" data-dt-img-description=\"\" data-large_image_width=\"843\" data-large_image_height=\"1124\"href='https:\/\/www.radiopiu.net\/wordpress\/wp-content\/uploads\/2021\/06\/206347407_1151713105337173_3202855320707343879_n.jpg'><img loading=\"lazy\" decoding=\"async\" width=\"225\" height=\"300\" src=\"https:\/\/www.radiopiu.net\/wordpress\/wp-content\/uploads\/2021\/06\/206347407_1151713105337173_3202855320707343879_n-225x300.jpg\" class=\"attachment-medium size-medium\" alt=\"\" srcset=\"https:\/\/www.radiopiu.net\/wordpress\/wp-content\/uploads\/2021\/06\/206347407_1151713105337173_3202855320707343879_n-225x300.jpg 225w, https:\/\/www.radiopiu.net\/wordpress\/wp-content\/uploads\/2021\/06\/206347407_1151713105337173_3202855320707343879_n-768x1024.jpg 768w, https:\/\/www.radiopiu.net\/wordpress\/wp-content\/uploads\/2021\/06\/206347407_1151713105337173_3202855320707343879_n.jpg 843w\" sizes=\"auto, (max-width: 225px) 100vw, 225px\" \/><\/a>\n\t\t\t\t<\/dt><\/dl><dl class='gallery-item'>\n\t\t\t\t<dt class='gallery-icon landscape'>\n\t\t\t\t\t<a class=\"rollover rollover-zoom dt-pswp-item\" title=\"203655813_1151712935337190_1285608435985068798_n\" data-dt-img-description=\"\" data-large_image_width=\"1600\" data-large_image_height=\"901\"href='https:\/\/www.radiopiu.net\/wordpress\/wp-content\/uploads\/2021\/06\/203655813_1151712935337190_1285608435985068798_n.jpg'><img loading=\"lazy\" decoding=\"async\" width=\"300\" height=\"169\" src=\"https:\/\/www.radiopiu.net\/wordpress\/wp-content\/uploads\/2021\/06\/203655813_1151712935337190_1285608435985068798_n-300x169.jpg\" class=\"attachment-medium size-medium\" alt=\"\" srcset=\"https:\/\/www.radiopiu.net\/wordpress\/wp-content\/uploads\/2021\/06\/203655813_1151712935337190_1285608435985068798_n-300x169.jpg 300w, https:\/\/www.radiopiu.net\/wordpress\/wp-content\/uploads\/2021\/06\/203655813_1151712935337190_1285608435985068798_n-1024x577.jpg 1024w, https:\/\/www.radiopiu.net\/wordpress\/wp-content\/uploads\/2021\/06\/203655813_1151712935337190_1285608435985068798_n-768x432.jpg 768w, https:\/\/www.radiopiu.net\/wordpress\/wp-content\/uploads\/2021\/06\/203655813_1151712935337190_1285608435985068798_n-1536x865.jpg 1536w, https:\/\/www.radiopiu.net\/wordpress\/wp-content\/uploads\/2021\/06\/203655813_1151712935337190_1285608435985068798_n.jpg 1600w\" sizes=\"auto, (max-width: 300px) 100vw, 300px\" \/><\/a>\n\t\t\t\t<\/dt><\/dl><br style=\"clear: both\" \/>\n\t\t\t<\/div>\n\n<p>&nbsp;<\/p>\n<p>&nbsp;<\/p>\n<p>&nbsp;<\/p>\n<hr \/>\n<p>&nbsp;<\/p>\n<p><span style=\"color: #ff0000;\"><strong>DOMANI CHIUSURA DEI PASSI DOLOMITICI PER IL SELLA RONDA BIKE DAY<\/strong><\/span><\/p>\n<blockquote>\n<h3><strong style=\"font-size: 14px;\"><a href=\"https:\/\/www.radiopiu.net\/wordpress\/lemergenza-stravolge-i-piani-turistici-annullati-gli-eventi-in-terra-fodom\/sellaronda-bike-day-ph-credit_freddy-planinschek\/\" rel=\"attachment wp-att-132243\"><img loading=\"lazy\" decoding=\"async\" class=\" wp-image-132243 alignleft\" src=\"https:\/\/www.radiopiu.net\/wordpress\/wp-content\/uploads\/2020\/04\/Sellaronda-bike-day-ph.credit_freddy-planinschek-300x200.jpg\" alt=\"\" width=\"144\" height=\"96\" srcset=\"https:\/\/www.radiopiu.net\/wordpress\/wp-content\/uploads\/2020\/04\/Sellaronda-bike-day-ph.credit_freddy-planinschek-300x200.jpg 300w, https:\/\/www.radiopiu.net\/wordpress\/wp-content\/uploads\/2020\/04\/Sellaronda-bike-day-ph.credit_freddy-planinschek-768x512.jpg 768w, https:\/\/www.radiopiu.net\/wordpress\/wp-content\/uploads\/2020\/04\/Sellaronda-bike-day-ph.credit_freddy-planinschek.jpg 990w\" sizes=\"auto, (max-width: 144px) 100vw, 144px\" \/><\/a><\/strong><\/h3>\n<\/blockquote>\n<p>&nbsp;<\/p>\n<h1 class=\"title\"><\/h1>\n<blockquote>\n<h2 class=\"description\">Si raccomanda il giro in senso antiorario<\/h2>\n<\/blockquote>\n<ul class=\"text\">\n<li>da\u00a0<strong>Selva al Passo Sella e al Passo Gardena<\/strong>\u00a0sul lato Val Gardena\u00a0a partire dalle ore 08:30 alle ore 15:30\u00a0(dalla Piazza Nives a Selva \u2013 SS 242). Riapertura del tratto dalla Piazza Nives a Plan alle ore 10.00.<\/li>\n<li><strong>da Corvara &#8211; Passo Gardena e Corvara &#8211; Passo Campolongo<\/strong>\u00a0sul lato Val Badia a partire dalle ore 08:30 alle ore 15:30 (dalla stazione a valle della cabinovia Bo\u00e8 \u2013 SS 243 e SS 244).<\/li>\n<li>da\u00a0<strong>Arabba al Passo Pordoi\u00a0<\/strong>SR 48 e al\u00a0<strong>Passo Campolongo<\/strong>\u00a0SP 244 sul lato del comune di Livinallongo a partire dalle ore 08:30 alle ore 15:30 (Arabba, dall\u2019incrocio con il Passo Campolongo fino al Passo Pordoi).<\/li>\n<li>da\u00a0<strong>Canazei al Passo Sella e al Passo Pordoi<\/strong>\u00a0sul lato Val di Fassa a partire dalle ore 08:30 alle ore 15:30 (Canazei, incrocio Str\u00e8da Dolomites e Str\u00e8da de Col de Pin presso Hotel Bellevue e Ufficio Postale \u2013 SS 48 e rotatoria Str\u00e8da de Pareda e Str\u00e8da de Col de Pin).<\/li>\n<\/ul>\n<p>&nbsp;<\/p>\n<p>&nbsp;<\/p>\n<p>&nbsp;<\/p>\n<hr \/>\n<blockquote>\n<h3><\/h3>\n<\/blockquote>\n<p><strong><a href=\"https:\/\/www.radiopiu.net\/wordpress\/giornale-radiopiu-16-giugno-2021-direttore-mirko-mezzacasa\/lavorii\/\" rel=\"attachment wp-att-216177\"><img loading=\"lazy\" decoding=\"async\" class=\"size-medium wp-image-216177 alignleft\" src=\"https:\/\/www.radiopiu.net\/wordpress\/wp-content\/uploads\/2021\/06\/LAVORII-300x159.jpg\" alt=\"\" width=\"300\" height=\"159\" srcset=\"https:\/\/www.radiopiu.net\/wordpress\/wp-content\/uploads\/2021\/06\/LAVORII-300x159.jpg 300w, https:\/\/www.radiopiu.net\/wordpress\/wp-content\/uploads\/2021\/06\/LAVORII.jpg 335w\" sizes=\"auto, (max-width: 300px) 100vw, 300px\" \/><\/a><\/strong><\/p>\n<p>&nbsp;<\/p>\n<p><b>GALLERIA \u2018COMELICO\u00a0<\/b>fino al 31 luglio\u00a0 dalle 21 alle\u00a0 6 la galleria sar\u00e0 chiusa al traffico. Per i veicoli pesanti trainanti un rimorchio \u00e8 prevista la deviazione sulla SR 48 \u201cdelle Dolomiti e sulla SP 49 \u201cMisurina\u201d,\u00a0 \u00a0il traffico pesante sar\u00e0 deviato lungo la SP 532 \u201cPasso S. Antonio\u201d. Il traffico leggero\u00a0 sulla SP 532.<\/p>\n<p>&nbsp;<\/p>\n<p>&nbsp;<\/p>\n<p>&nbsp;<\/p>\n<hr \/>\n<blockquote>\n<h3><\/h3>\n<h3 class=\"xmsobodytext\"><b>VENETO, ANAS: AVANZANO GLI INTERVENTI A LONGARONE (BL), SULLA STATALE 51 \u201cDI ALEMAGNA\u201d<\/b><\/h3>\n<\/blockquote>\n<p><strong>VENEZIA<\/strong> Avanzano gli interventi attivati da Anas lungo la statale 51 \u201cdi Alemagna\u201d nel territorio comunale di Longarone. Per consentire l\u2019esecuzione dei lavori di consolidamento del muro di sostegno del tracciato ferroviario prossimo al viadotto di Castellavazzo, al km 52 della statale 51 \u201cdi Alemagna\u201d, si rende necessario istituire un senso unico alternato regolato da impianto semaforico per un tratto di 100 metri. Le lavorazioni, che saranno eseguite occupando parzialmente la carreggiata lungo il ponte, sono inoltre propedeutiche ai prossimi lavori di scavo per il consolidamento delle fondazioni del viadotto stesso.\u00a0 Le attivit\u00e0 rientrano nell\u2019ambito del Piano Straordinario per l\u2019accessibilit\u00e0 a Cortina. La limitazione sar\u00e0 in vigore a partire dalle 22:00 di domenica 27 giugno fino alle 14:00 di venerd\u00ec 2 luglio. In caso di flussi intensi di traffico la circolazione sar\u00e0 gestita dai movieri.<\/p>\n<p>&nbsp;<\/p>\n<hr \/>\n<p>&nbsp;<\/p>\n<p>&nbsp;<\/p>\n<blockquote><p><strong><img loading=\"lazy\" decoding=\"async\" class=\"alignleft\" src=\"https:\/\/www.radiopiu.net\/wordpress\/wp-content\/uploads\/2018\/08\/ACQUA.jpeg\" width=\"212\" height=\"127\" \/>Gestione Servizi Pubblici informa che a GOSALDO in LOCALITA\u2019 VALLASIN,\u00a0 PONGAN, LE FOCHE, LAMBROI, DENEORE, MAGAIT, REN, SELLE, COL TAMAI, BITTI, GIARDOI E PETTUINE l\u2019acqua erogata dall\u2019acquedotto non \u00e8 potabile e pu\u00f2 essere usata per scopi alimentari SOLO PREVIA bollitura.\u00a0<\/strong><\/p><\/blockquote>\n<h3><span style=\"color: #3366ff;\">\u00a0<\/span><\/h3>\n<p>&nbsp;<\/p>\n<p>&nbsp;<\/p>\n<hr \/>\n<p>&nbsp;<\/p>\n<blockquote>\n<h2><a href=\"https:\/\/www.radiopiu.net\/wordpress\/giornale-radiopiu-16-giugno-2021-direttore-mirko-mezzacasa\/lavori-6\/\" rel=\"attachment wp-att-216175\"><img loading=\"lazy\" decoding=\"async\" class=\"wp-image-216175 alignleft\" src=\"https:\/\/www.radiopiu.net\/wordpress\/wp-content\/uploads\/2021\/06\/LAVORI-1-1.jpg\" alt=\"\" width=\"122\" height=\"122\" srcset=\"https:\/\/www.radiopiu.net\/wordpress\/wp-content\/uploads\/2021\/06\/LAVORI-1-1.jpg 300w, https:\/\/www.radiopiu.net\/wordpress\/wp-content\/uploads\/2021\/06\/LAVORI-1-1-150x150.jpg 150w\" sizes=\"auto, (max-width: 122px) 100vw, 122px\" \/><\/a>CANTIERI A ROCCA PIETORE<\/h2>\n<\/blockquote>\n<p><strong>ROCCA PIETORE<\/strong> Fino al 10 luglio \u00e8 chiuso al transito il ponte sul Ru de Molin tra le localit\u00e0 di Santa Maria delle Grazie e Caracoi. Chiusura dell&#8217;area compresa tra la localit\u00e0 di Aur\u00f9 e l&#8217;intersezione con la strada per Laste Fino al 9 luglio \u00e8 chiuso il tratto di strada in localit\u00e0 Col di Rocca nel tratto tra la Centralina Comunale e il bivio in cui si innesta con la strada provinciale 641 lato Sass Negher. . La viabilit\u00e0 da e per l&#8217;abitato di Col di Rocca \u00e8 comunque garantita da altri due accessi esistenti.<\/p>\n<p>&nbsp;<\/p>\n<p>&nbsp;<\/p>\n<hr \/>\n<p>&nbsp;<\/p>\n<blockquote>\n<h3><strong><a href=\"https:\/\/www.radiopiu.net\/wordpress\/agordo-il-mio-paese-litalia-che-vorrei-di-mirko-mezzacasa\/8cea600a-c88b-4d28-8748-e360e4864c44\/\" rel=\"attachment wp-att-144890\"><img loading=\"lazy\" decoding=\"async\" class=\" wp-image-144890 alignleft\" src=\"https:\/\/www.radiopiu.net\/wordpress\/wp-content\/uploads\/2020\/06\/8cea600a-c88b-4d28-8748-e360e4864c44-300x225.jpg\" alt=\"\" width=\"155\" height=\"116\" srcset=\"https:\/\/www.radiopiu.net\/wordpress\/wp-content\/uploads\/2020\/06\/8cea600a-c88b-4d28-8748-e360e4864c44-300x225.jpg 300w, https:\/\/www.radiopiu.net\/wordpress\/wp-content\/uploads\/2020\/06\/8cea600a-c88b-4d28-8748-e360e4864c44-1024x768.jpg 1024w, https:\/\/www.radiopiu.net\/wordpress\/wp-content\/uploads\/2020\/06\/8cea600a-c88b-4d28-8748-e360e4864c44-768x576.jpg 768w, https:\/\/www.radiopiu.net\/wordpress\/wp-content\/uploads\/2020\/06\/8cea600a-c88b-4d28-8748-e360e4864c44-1536x1152.jpg 1536w, https:\/\/www.radiopiu.net\/wordpress\/wp-content\/uploads\/2020\/06\/8cea600a-c88b-4d28-8748-e360e4864c44.jpg 2048w\" sizes=\"auto, (max-width: 155px) 100vw, 155px\" \/><\/a><\/strong>LAVORI DI RIFACIMENTO DEL PONTE SUL TORRENTE CAMPREGANA<\/h3>\n<\/blockquote>\n<p><strong>AGORDO<\/strong> Fino al 16 luglio, per le frazioni Farenzena e Val di Frela deviazioni per la\u00a0 strada silvo-pastorale Farenzena-Don <em>Transito consentito <strong>A SALIRE<\/strong>, da frazione FARENZENA a localita\u0300 DON: dalle 6 alle 7:45, dalle 9 alle 9:45, dalle 11:00 alle 11:45, dalle 13 alle 13:45 &#8211; dalle 15 alle 15:45, dalle 17 alle 17:45, dalle 19 alle 19:45. Transito consentito<strong> A SCENDERE<\/strong>, da localita\u0300 DON a frazione FARENZENA: dalle 8 alle 8:45, dalle 10 alle 10:45, dalle 12 alle 12:45, dalle 14 alle 14:45, dalle 16 alle 16:45, dalle 18 alle 18:45, dalle 20 alle 20:45. Dalle ore 20:45 alle ore 05:45 la circolazione dei veicoli e\u0300 consentita contemporaneamente in entrambi i sensi di marcia.\u00a0<\/em><\/p>\n<p>&nbsp;<\/p>\n<p>&nbsp;<\/p>\n<hr \/>\n<p>&nbsp;<\/p>\n<p>&nbsp;<\/p>\n<blockquote class=\"wp-embedded-content\" data-secret=\"NZwonOWugT\"><p><a href=\"https:\/\/www.radiopiu.net\/wordpress\/rapsdosaaaass\/\">DA 48 ORE ZERO NUOVI POSITIVI A BELLUNO RICOVERI STABILI CON 28 PAZIENTI GRAVI<\/a><\/p><\/blockquote>\n<p><iframe loading=\"lazy\" class=\"wp-embedded-content\" sandbox=\"allow-scripts\" security=\"restricted\" style=\"position: absolute; clip: rect(1px, 1px, 1px, 1px);\" title=\"&#8220;DA 48 ORE ZERO NUOVI POSITIVI A BELLUNO RICOVERI STABILI CON 28 PAZIENTI GRAVI&#8221; &#8212; Radio Pi\u00f9\" src=\"https:\/\/www.radiopiu.net\/wordpress\/rapsdosaaaass\/embed\/#?secret=NZwonOWugT\" data-secret=\"NZwonOWugT\" width=\"600\" height=\"338\" frameborder=\"0\" marginwidth=\"0\" marginheight=\"0\" scrolling=\"no\"><\/iframe><\/p>\n<p>&nbsp;<\/p>\n<blockquote class=\"wp-embedded-content\" data-secret=\"WZ4b2tACpK\"><p><a href=\"https:\/\/www.radiopiu.net\/wordpress\/aggiornamentogiu4sss\/\">CORONAVIRUS: AGGIORNAMENTO NAZIONALE 24 GIUGNO  2021<\/a><\/p><\/blockquote>\n<p><iframe loading=\"lazy\" class=\"wp-embedded-content\" sandbox=\"allow-scripts\" security=\"restricted\" style=\"position: absolute; clip: rect(1px, 1px, 1px, 1px);\" title=\"&#8220;CORONAVIRUS: AGGIORNAMENTO NAZIONALE 24 GIUGNO  2021&#8221; &#8212; Radio Pi\u00f9\" src=\"https:\/\/www.radiopiu.net\/wordpress\/aggiornamentogiu4sss\/embed\/#?secret=WZ4b2tACpK\" data-secret=\"WZ4b2tACpK\" width=\"600\" height=\"338\" frameborder=\"0\" marginwidth=\"0\" marginheight=\"0\" scrolling=\"no\"><\/iframe><\/p>\n<p>&nbsp;<\/p>\n<h3>I GRAFICI DI TIZIANO DE COL<\/h3>\n\n\t\t\t<style type='text\/css'>\n\t\t\t\t#gallery-2 {\n\t\t\t\t\tmargin: auto;\n\t\t\t\t}\n\t\t\t\t#gallery-2 .gallery-item {\n\t\t\t\t\tfloat: left;\n\t\t\t\t\tmargin-top: 10px;\n\t\t\t\t\ttext-align: center;\n\t\t\t\t\twidth: 20%;\n\t\t\t\t}\n\t\t\t\t#gallery-2 img {\n\t\t\t\t\tborder: 2px solid #cfcfcf;\n\t\t\t\t}\n\t\t\t\t#gallery-2 .gallery-caption {\n\t\t\t\t\tmargin-left: 0;\n\t\t\t\t}\n\t\t\t\t\/* see gallery_shortcode() in wp-includes\/media.php *\/\n\t\t\t<\/style>\n\t\t<div id='gallery-2' class='dt-gallery-container gallery galleryid-218087 gallery-columns-5 gallery-size-thumbnail'><dl class='gallery-item'>\n\t\t\t\t<dt class='gallery-icon landscape'>\n\t\t\t\t\t<a class=\"rollover rollover-zoom dt-pswp-item\" title=\"06028ad3-4ffe-40da-9f29-7349cbb18d07\" data-dt-img-description=\"\" data-large_image_width=\"600\" data-large_image_height=\"361\"href='https:\/\/www.radiopiu.net\/wordpress\/wp-content\/uploads\/2021\/06\/06028ad3-4ffe-40da-9f29-7349cbb18d07.jpg'><img loading=\"lazy\" decoding=\"async\" width=\"150\" height=\"150\" src=\"https:\/\/www.radiopiu.net\/wordpress\/wp-content\/uploads\/2021\/06\/06028ad3-4ffe-40da-9f29-7349cbb18d07-150x150.jpg\" class=\"attachment-thumbnail size-thumbnail\" alt=\"\" \/><\/a>\n\t\t\t\t<\/dt><\/dl><dl class='gallery-item'>\n\t\t\t\t<dt class='gallery-icon landscape'>\n\t\t\t\t\t<a class=\"rollover rollover-zoom dt-pswp-item\" title=\"256606a3-be7d-44f8-afc5-99e70aa4d6f3\" data-dt-img-description=\"\" data-large_image_width=\"614\" data-large_image_height=\"346\"href='https:\/\/www.radiopiu.net\/wordpress\/wp-content\/uploads\/2021\/06\/256606a3-be7d-44f8-afc5-99e70aa4d6f3.jpg'><img loading=\"lazy\" decoding=\"async\" width=\"150\" height=\"150\" src=\"https:\/\/www.radiopiu.net\/wordpress\/wp-content\/uploads\/2021\/06\/256606a3-be7d-44f8-afc5-99e70aa4d6f3-150x150.jpg\" class=\"attachment-thumbnail size-thumbnail\" alt=\"\" \/><\/a>\n\t\t\t\t<\/dt><\/dl><dl class='gallery-item'>\n\t\t\t\t<dt class='gallery-icon landscape'>\n\t\t\t\t\t<a class=\"rollover rollover-zoom dt-pswp-item\" title=\"9364f506-56a4-4626-86f7-ade426d0fd96\" data-dt-img-description=\"\" data-large_image_width=\"606\" data-large_image_height=\"360\"href='https:\/\/www.radiopiu.net\/wordpress\/wp-content\/uploads\/2021\/06\/9364f506-56a4-4626-86f7-ade426d0fd96.jpg'><img loading=\"lazy\" decoding=\"async\" width=\"150\" height=\"150\" src=\"https:\/\/www.radiopiu.net\/wordpress\/wp-content\/uploads\/2021\/06\/9364f506-56a4-4626-86f7-ade426d0fd96-150x150.jpg\" class=\"attachment-thumbnail size-thumbnail\" alt=\"\" \/><\/a>\n\t\t\t\t<\/dt><\/dl><dl class='gallery-item'>\n\t\t\t\t<dt class='gallery-icon landscape'>\n\t\t\t\t\t<a class=\"rollover rollover-zoom dt-pswp-item\" title=\"d20b5054-6693-46e1-879c-896be8754a1a\" data-dt-img-description=\"\" data-large_image_width=\"604\" data-large_image_height=\"353\"href='https:\/\/www.radiopiu.net\/wordpress\/wp-content\/uploads\/2021\/06\/d20b5054-6693-46e1-879c-896be8754a1a.jpg'><img loading=\"lazy\" decoding=\"async\" width=\"150\" height=\"150\" src=\"https:\/\/www.radiopiu.net\/wordpress\/wp-content\/uploads\/2021\/06\/d20b5054-6693-46e1-879c-896be8754a1a-150x150.jpg\" class=\"attachment-thumbnail size-thumbnail\" alt=\"\" \/><\/a>\n\t\t\t\t<\/dt><\/dl><dl class='gallery-item'>\n\t\t\t\t<dt class='gallery-icon landscape'>\n\t\t\t\t\t<a class=\"rollover rollover-zoom dt-pswp-item\" title=\"8e8ccc36-c55b-4c71-ab3c-9785e4b96ac2\" data-dt-img-description=\"\" data-large_image_width=\"610\" data-large_image_height=\"353\"href='https:\/\/www.radiopiu.net\/wordpress\/wp-content\/uploads\/2021\/06\/8e8ccc36-c55b-4c71-ab3c-9785e4b96ac2.jpg'><img loading=\"lazy\" decoding=\"async\" width=\"150\" height=\"150\" src=\"https:\/\/www.radiopiu.net\/wordpress\/wp-content\/uploads\/2021\/06\/8e8ccc36-c55b-4c71-ab3c-9785e4b96ac2-150x150.jpg\" class=\"attachment-thumbnail size-thumbnail\" alt=\"\" \/><\/a>\n\t\t\t\t<\/dt><\/dl><br style=\"clear: both\" \/>\n\t\t\t<\/div>\n\n<p>&nbsp;<\/p>\n<p>&nbsp;<\/p>\n<hr \/>\n<blockquote>\n<h3><\/h3>\n<h3>MUORE A PADOVA L&#8217;EX GESTORE DEGLI IMPIANTI IN NEVEGAL<\/h3>\n<\/blockquote>\n<p><strong>BELLUNO<\/strong>\u00a0 \u00a0Gianni Milan, 76 anni \u00e8\u00a0 morto\u00a0 a Monastier.\u00a0 D&#8217;inverno operava sul Nevegal, dove aveva gestito a lungo gli impianti di risalita. La sorella gestiva il ristorante &#8220;La casera&#8221; a Faverghera, ora portato avanti dai figli. Gianni Milan aveva invece lasciato il Nevegal da una quindicina d&#8217;anni, per dedicarsi a tempo pieno alla gestione dell&#8217;albergo Venezuela a Jesolo. I funerali\u00a0 mercoled\u00ec alle 15,30 nella chiesa del Sacro Cuore di Ges\u00f9 in piazza Trento a Jesolo.<\/p>\n<p>&nbsp;<\/p>\n<hr \/>\n<p>&nbsp;<\/p>\n<blockquote>\n<h3>TRAVOLGE I CARTELLI IN GALLERIA E NON SI FERMA, RINTRACCIATO CON LA TARGA SMARRITA<\/h3>\n<\/blockquote>\n<p><strong>OSPITALE<\/strong> Centra il palo lampeggiante del cantiere alle 4.52 del mattino, l&#8217;autista (illeso) non\u00a0 s&#8217;\u00e8 accorto della deviazione nei pressi della galleria. Il mezzo non si \u00e8 arrestato dopo aver travolto\u00a0 i cartelli di deviazione, sul posto \u00e8 rimasta la targa che ha permesso di rintracciare\u00a0 il conducente<\/p>\n<p>&nbsp;<\/p>\n<hr \/>\n<blockquote>\n<h3><\/h3>\n<h3>UN AIUTO AD ELENA, L&#8217;APPELLO DEL CENTRO PER L&#8217;AFFIDO<\/h3>\n<\/blockquote>\n<p><strong><img loading=\"lazy\" decoding=\"async\" class=\"alignleft\" src=\"https:\/\/www.radiopiu.net\/wordpress\/wp-content\/uploads\/2021\/06\/sunset-1807524_960_720.jpg\" width=\"215\" height=\"132\" \/>BELLUNO<\/strong>\u00a0 Elena \u00e8 una bambina socievole che frequente il nido e compir\u00e0 due anni il prossimo autunno. Avrebbe bisogno di qualcuno che, in base agli orari di lavoro della mamma, la possa accogliere nei tempi lasciati scoperti dall\u2019asilo nido. Il centro affido e la solidariet\u00e0 familiare dell&#8217;Ulss1 cercano per questa bambina una famiglia o una coppia o una persona singola nella zona di Belluno che possa offrirle questa disponibilit\u00e0 ed aiutarla nel suo percorso di crescita. Se pensate di poter essere di aiuto o se volete maggiori informazioni sull\u2019affido familiare, telefonate al Centro Affido Belluno allo 0437 514975 oppure inviate una mail al seguente indirizzo: <a href=\"mailto:centroaffido.bl@aulss1.veneto.it\">centroaffido.bl@aulss1.veneto.it<\/a><\/p>\n<blockquote><p><em>Se abitate nel Distretto di Feltre e siete interessati all\u2019affido familiare potete contattare anche il Centro Affido di Feltre allo 0439 883170 oppure inviate una mail all\u2019indirizzo <a href=\"mailto:centroaffido.fe@aulss1.veneto.it\">centroaffido.fe@aulss1.veneto.it<\/a><\/em><\/p><\/blockquote>\n<p>&nbsp;<\/p>\n<hr \/>\n<p>&nbsp;<\/p>\n<p>&nbsp;<\/p>\n<blockquote>\n<h1>TRE ETTARI DI TERRENO IN REGALO AL COMUNE DI CANALE D&#8217;AGORDO<\/h1>\n<\/blockquote>\n<p><strong><a href=\"https:\/\/www.radiopiu.net\/wordpress\/giornale-radiopiu-26-giugno-2021-direttore-mirko-mezzacasa\/5bfb196f-8c6b-4d75-928d-3ea916fc5726\/\" rel=\"attachment wp-att-218265\"><img loading=\"lazy\" decoding=\"async\" class=\" wp-image-218265 alignleft\" src=\"https:\/\/www.radiopiu.net\/wordpress\/wp-content\/uploads\/2021\/06\/5bfb196f-8c6b-4d75-928d-3ea916fc5726-300x169.jpg\" alt=\"\" width=\"236\" height=\"133\" srcset=\"https:\/\/www.radiopiu.net\/wordpress\/wp-content\/uploads\/2021\/06\/5bfb196f-8c6b-4d75-928d-3ea916fc5726-300x169.jpg 300w, https:\/\/www.radiopiu.net\/wordpress\/wp-content\/uploads\/2021\/06\/5bfb196f-8c6b-4d75-928d-3ea916fc5726-1024x576.jpg 1024w, https:\/\/www.radiopiu.net\/wordpress\/wp-content\/uploads\/2021\/06\/5bfb196f-8c6b-4d75-928d-3ea916fc5726-768x432.jpg 768w, https:\/\/www.radiopiu.net\/wordpress\/wp-content\/uploads\/2021\/06\/5bfb196f-8c6b-4d75-928d-3ea916fc5726-1536x864.jpg 1536w, https:\/\/www.radiopiu.net\/wordpress\/wp-content\/uploads\/2021\/06\/5bfb196f-8c6b-4d75-928d-3ea916fc5726.jpg 1920w\" sizes=\"auto, (max-width: 236px) 100vw, 236px\" \/><\/a>CANALE D&#8217;AGORDO<\/strong> Il sindaco Flavio Colcergnan ha chiuso il consiglio comunale con la bella notizia, un regalo per la comunit\u00e0 di Canale d&#8217;Agordo, dei terreni<em> &#8220;Una cosa bella che mi ha commosso&#8221;<\/em> ha detto il primo cittadino. Patrizia, Luigino e Carla Fiocco non abitano pi\u00f9 a Canale d&#8217;Agordo dove sono nati hanno donato i loro terreni in una frazione interessante.<\/p>\n<p><strong>IL SINDACO FLAVIO COLCERGNAN<\/strong><\/p>\n<audio class=\"wp-audio-shortcode\" id=\"audio-218087-1\" preload=\"none\" style=\"width: 100%;\" controls=\"controls\"><source type=\"audio\/mpeg\" src=\"https:\/\/www.radiopiu.net\/wordpress\/wp-content\/uploads\/2021\/06\/FLAVIO-REGALO.mp3?_=1\" \/><a href=\"https:\/\/www.radiopiu.net\/wordpress\/wp-content\/uploads\/2021\/06\/FLAVIO-REGALO.mp3\">https:\/\/www.radiopiu.net\/wordpress\/wp-content\/uploads\/2021\/06\/FLAVIO-REGALO.mp3<\/a><\/audio>\n<p>&nbsp;<\/p>\n<p>&nbsp;<\/p>\n<p>&nbsp;<\/p>\n<p>&nbsp;<\/p>\n<hr \/>\n<blockquote>\n<h2>ESPLOSIONE A PERAROLO, BOTTACIN &#8220;SCELTE ALL&#8217;INSEGNA DELLA SICUREZZA E INNOVAZIONE&#8221;<\/h2>\n<\/blockquote>\n<p><strong><img loading=\"lazy\" decoding=\"async\" class=\"alignleft\" src=\"https:\/\/www.radiopiu.net\/wordpress\/wp-content\/uploads\/2021\/06\/17c76fdc-15b6-47d2-9d61-a9dcaf69e44f.jpg\" width=\"253\" height=\"190\" \/>PERAROLO<\/strong>\u00a0 Un&#8217;approccio simile il Veneto lo aveva gi\u00e0 &#8220;brevettato&#8221; in occasione della frana che incombeva sulla piccola frazione di Schiucaz in Comune di Alpago nel 2019, ora l&#8217;idea di far esplodere una parte di frana (quella della Busa del Cristo) oggi \u00e8 stata riproposta anche in Comune di Perarolo, dove le operazioni richiedevano un approccio ancora pi\u00f9 delicato rispetto a Schiucaz, essendoci anche la presenza del torrente Boite a rendere pi\u00f9 problematiche le operazioni. L&#8217;idea dell&#8217;esplosione per risolvere un&#8217;annosa problematica era stata avanzata dall&#8217;assessore al Dissesto Idrogeologico Gianpaolo Bottacin, che poi aveva trovato supporto e conferma oltre che dalle strutture tecniche anche dalle autorevoli voci <a href=\"https:\/\/www.radiopiu.net\/wordpress\/esplosione-a-perarolo-bottacin-scelte-allinsegna-della-sicurezza-e-innovazione\/5ee8ab66-45a3-4c71-a289-a8d135975367\/\" rel=\"attachment wp-att-218175\"><img loading=\"lazy\" decoding=\"async\" class=\"size-medium wp-image-218175 alignright\" src=\"https:\/\/www.radiopiu.net\/wordpress\/wp-content\/uploads\/2021\/06\/5ee8ab66-45a3-4c71-a289-a8d135975367-300x225.jpg\" alt=\"\" width=\"300\" height=\"225\" srcset=\"https:\/\/www.radiopiu.net\/wordpress\/wp-content\/uploads\/2021\/06\/5ee8ab66-45a3-4c71-a289-a8d135975367-300x225.jpg 300w, https:\/\/www.radiopiu.net\/wordpress\/wp-content\/uploads\/2021\/06\/5ee8ab66-45a3-4c71-a289-a8d135975367-1024x768.jpg 1024w, https:\/\/www.radiopiu.net\/wordpress\/wp-content\/uploads\/2021\/06\/5ee8ab66-45a3-4c71-a289-a8d135975367-768x576.jpg 768w, https:\/\/www.radiopiu.net\/wordpress\/wp-content\/uploads\/2021\/06\/5ee8ab66-45a3-4c71-a289-a8d135975367-1536x1152.jpg 1536w, https:\/\/www.radiopiu.net\/wordpress\/wp-content\/uploads\/2021\/06\/5ee8ab66-45a3-4c71-a289-a8d135975367.jpg 2048w\" sizes=\"auto, (max-width: 300px) 100vw, 300px\" \/><\/a>del professor Galgaro dell&#8217;Universit\u00e0 di Padova e del professor Casagli dell&#8217;Universit\u00e0 di Firenze e fra l&#8217;altro presidente dell\u2019Istituto nazionale di Oceanografia e di Geofisica sperimentale. Le operazioni sono state coordinate dalle strutture regionali di Protezione Civile e Difesa del Suolo e in particolare dal braccio operativo rappresentato da Veneto Strade. A posizione le cariche Danilo Coppe, uno dei massimi esperti in materia, l&#8217;alunno del Minerario Follador a inizio anni Ottanta,\u00a0 conosciuto con il soprannome di &#8220;mister dinamite&#8221; (foto in basso a sinistra), colui che aveva gi\u00e0 lavorato per l&#8217;esplosione di Schiucaz e successivamente anche per la pi\u00f9 famosa demolizione del Ponte Morandi a Genova. Un&#8217;operazione complessa con la sinergia di Enel, che ha garantito per <a href=\"https:\/\/www.radiopiu.net\/wordpress\/esplosione-a-perarolo-bottacin-scelte-allinsegna-della-sicurezza-e-innovazione\/df87060d-ac31-4a7b-8697-7cc46c0d9f79\/\" rel=\"attachment wp-att-218188\"><img loading=\"lazy\" decoding=\"async\" class=\"wp-image-218188 alignleft\" src=\"https:\/\/www.radiopiu.net\/wordpress\/wp-content\/uploads\/2021\/06\/df87060d-ac31-4a7b-8697-7cc46c0d9f79-300x225.jpg\" alt=\"\" width=\"200\" height=\"150\" srcset=\"https:\/\/www.radiopiu.net\/wordpress\/wp-content\/uploads\/2021\/06\/df87060d-ac31-4a7b-8697-7cc46c0d9f79-300x225.jpg 300w, https:\/\/www.radiopiu.net\/wordpress\/wp-content\/uploads\/2021\/06\/df87060d-ac31-4a7b-8697-7cc46c0d9f79-1024x768.jpg 1024w, https:\/\/www.radiopiu.net\/wordpress\/wp-content\/uploads\/2021\/06\/df87060d-ac31-4a7b-8697-7cc46c0d9f79-768x576.jpg 768w, https:\/\/www.radiopiu.net\/wordpress\/wp-content\/uploads\/2021\/06\/df87060d-ac31-4a7b-8697-7cc46c0d9f79-1536x1152.jpg 1536w, https:\/\/www.radiopiu.net\/wordpress\/wp-content\/uploads\/2021\/06\/df87060d-ac31-4a7b-8697-7cc46c0d9f79.jpg 1600w\" sizes=\"auto, (max-width: 200px) 100vw, 200px\" \/><\/a>alcune ore la riduzione della portata dell&#8217;asta del torrente dagli attuali 10 a 5 metri cubi al secondo, e singergia anche con RFI, che contestualmente sta operando il consolidamento delle proprie strutture sulla sommit\u00e0 della frana per garantire la continuit\u00e0 del servizio di trasporto ferroviario.<\/p>\n<blockquote><p><em>&#8220;L\u2019esplosione ha permesso il distacco in parete di circa 10mila metri cubi di materiale -dice Bottacin &#8211; , corrispondenti ad un volume disgregato di oltre 15mila metri cubi&#8221;.<\/em><\/p><\/blockquote>\n<p>audio<\/p>\n<audio class=\"wp-audio-shortcode\" id=\"audio-218087-2\" preload=\"none\" style=\"width: 100%;\" controls=\"controls\"><source type=\"audio\/mpeg\" src=\"https:\/\/www.radiopiu.net\/wordpress\/wp-content\/uploads\/2021\/06\/bottacin-1.mp3?_=2\" \/><a href=\"https:\/\/www.radiopiu.net\/wordpress\/wp-content\/uploads\/2021\/06\/bottacin-1.mp3\">https:\/\/www.radiopiu.net\/wordpress\/wp-content\/uploads\/2021\/06\/bottacin-1.mp3<\/a><\/audio>\n<p>&nbsp;<\/p>\n<p>&nbsp;<\/p>\n<blockquote>\n<h2>IL VIDEO DELL&#8217;ESPLOSIONE DAL DRONE<\/h2>\n<\/blockquote>\n<div style=\"width: 640px;\" class=\"wp-video\"><video class=\"wp-video-shortcode\" id=\"video-218087-1\" width=\"640\" height=\"352\" preload=\"metadata\" controls=\"controls\"><source type=\"video\/mp4\" src=\"https:\/\/www.radiopiu.net\/wordpress\/wp-content\/uploads\/2021\/06\/WhatsApp-Video-2021-06-25-at-16.21.27.mp4?_=1\" \/><a href=\"https:\/\/www.radiopiu.net\/wordpress\/wp-content\/uploads\/2021\/06\/WhatsApp-Video-2021-06-25-at-16.21.27.mp4\">https:\/\/www.radiopiu.net\/wordpress\/wp-content\/uploads\/2021\/06\/WhatsApp-Video-2021-06-25-at-16.21.27.mp4<\/a><\/video><\/div>\n<p>&nbsp;<\/p>\n<p>&nbsp;<\/p>\n<blockquote><p>&nbsp;<\/p><\/blockquote>\n<hr \/>\n<blockquote>\n<h3><\/h3>\n<\/blockquote>\n<p>&nbsp;<\/p>\n<h3>CONFARTIGIANATO E UNCEM INSIEME PER RILANCIARE LE ZONE MONTANE<\/h3>\n<div><\/div>\n<div><strong><a href=\"https:\/\/www.radiopiu.net\/wordpress\/giornale-radiopiu-28-aprile-2020-direttore-mirko-mezzacasa\/uncem-2\/\" rel=\"attachment wp-att-133399\"><img loading=\"lazy\" decoding=\"async\" class=\"wp-image-133399 alignleft\" src=\"https:\/\/www.radiopiu.net\/wordpress\/wp-content\/uploads\/2020\/04\/UNCEM-300x300.jpg\" alt=\"\" width=\"169\" height=\"169\" srcset=\"https:\/\/www.radiopiu.net\/wordpress\/wp-content\/uploads\/2020\/04\/UNCEM-300x300.jpg 300w, https:\/\/www.radiopiu.net\/wordpress\/wp-content\/uploads\/2020\/04\/UNCEM-150x150.jpg 150w, https:\/\/www.radiopiu.net\/wordpress\/wp-content\/uploads\/2020\/04\/UNCEM.jpg 500w\" sizes=\"auto, (max-width: 169px) 100vw, 169px\" \/><\/a>ROMA<\/strong> Serve un patto tra imprese ed enti locali per far ripartire lo sviluppo economico e sociale dei territori montani e delle aree interne del Paese.\u00a0 \u00a0\u00c8 l\u2019indicazione condivisa dal Presidente di Uncem Mauro Bussone e dal Presidente di Confartigianato Marco Granelli nel corso di un incontro svoltosi il 24 giugno a Roma nella sede della Confederazione.\u00a0 \u00a0I Presidenti Bussone e Granelli hanno concordato sulla necessit\u00e0 di una stretta collaborazione pubblico-privato, un impegno comune per costruire un nuovo modello di sviluppo delle zone montane e dei piccoli centri che faccia leva sulle potenzialit\u00e0 dell\u2019artigianato e delle piccole imprese.\u00a0\u00a0<em>&#8220;Un territorio &#8211; hanno sottolineato &#8211; vive se alimentato da imprese che creano ricchezza economica e contemporaneamente benessere sociale, relazioni, rapporti di comunit\u00e0, qualit\u00e0 della vita dei residenti e dei visitatori. Il futuro delle aree interne e delle zone montane dipende quindi anche dalla capacit\u00e0 di sostenere nuove forme di imprenditoria, di economia circolare e innovazione sociale, di promuovere i saperi tradizionali, l\u2019utilizzo sostenibile ed equilibrato dei beni ambientali, rinnovati modi di fare welfare&#8221;.\u00a0 <\/em>I Presidenti di Uncem e di Confartigianato si sono impegnati ad individuare iniziative comuni e a costruire un percorso di collaborazione finalizzato a valorizzare la specificit\u00e0 e l\u2019attrattivit\u00e0 dei territori decentrati, a combattere lo spopolamento e a favorire le attivit\u00e0 produttive.<\/div>\n<p>&nbsp;<\/p>\n<p>&nbsp;<\/p>\n<hr \/>\n<p>&nbsp;<\/p>\n<p>&nbsp;<\/p>\n<blockquote>\n<h2>DOLOMITIBUS: VOLENDO LE SOLUZIONI SI TROVANO, DA MERCOLEDI NON SARA&#8217; PIU&#8217; UN&#8217;ODISSEA FARE LA SPESA<\/h2>\n<\/blockquote>\n<h2><span style=\"color: #ff0000;\"><img loading=\"lazy\" decoding=\"async\" class=\"alignleft\" src=\"https:\/\/www.radiopiu.net\/wordpress\/wp-content\/uploads\/2021\/06\/d656ec43-9065-4ebe-aa44-d5d1825e39b4.jpg\" width=\"99\" height=\"132\" \/><\/span><\/h2>\n<h2><\/h2>\n<h2><\/h2>\n<h2>GOSALDO<\/h2>\n<p>DI GIANNI SANTOMASO<\/p>\n<audio class=\"wp-audio-shortcode\" id=\"audio-218087-3\" preload=\"none\" style=\"width: 100%;\" controls=\"controls\"><source type=\"audio\/mpeg\" src=\"https:\/\/www.radiopiu.net\/wordpress\/wp-content\/uploads\/2021\/06\/GIANNI-DOLOMITIBUS.mp3?_=3\" \/><a href=\"https:\/\/www.radiopiu.net\/wordpress\/wp-content\/uploads\/2021\/06\/GIANNI-DOLOMITIBUS.mp3\">https:\/\/www.radiopiu.net\/wordpress\/wp-content\/uploads\/2021\/06\/GIANNI-DOLOMITIBUS.mp3<\/a><\/audio>\n<p>&nbsp;<\/p>\n<p>&nbsp;<\/p>\n<hr \/>\n<hr \/>\n<hr \/>\n<h2>IERI ALLA RADIO<\/h2>\n<h2>QUANDO LA DOLOMITIBUS LASCIA GLI UTENTI A &#8220;PENDOLON&#8221;<\/h2>\n<h2><span style=\"color: #ff0000;\">LA STORIA<\/span><\/h2>\n<p><strong>GOSALDO<\/strong>\u00a0 La prima volta che un dirigente di Dolomitibus parler\u00e0 di problemi di spopolamento le due sorelle di Tiser alzeranno la mano e chiederanno &#8220;Ma il servizio pubblico \u00e8 ancora tale?&#8221;<\/p>\n<p>&nbsp;<\/p>\n<p>di GIANNI SANTOMASO<\/p>\n<audio class=\"wp-audio-shortcode\" id=\"audio-218087-4\" preload=\"none\" style=\"width: 100%;\" controls=\"controls\"><source type=\"audio\/mpeg\" src=\"https:\/\/www.radiopiu.net\/wordpress\/wp-content\/uploads\/2021\/06\/GIANNI-STORIA-TISER.mp3?_=4\" \/><a href=\"https:\/\/www.radiopiu.net\/wordpress\/wp-content\/uploads\/2021\/06\/GIANNI-STORIA-TISER.mp3\">https:\/\/www.radiopiu.net\/wordpress\/wp-content\/uploads\/2021\/06\/GIANNI-STORIA-TISER.mp3<\/a><\/audio>\n<p>&nbsp;<\/p>\n<hr \/>\n<p>&nbsp;<\/p>\n<p>&nbsp;<\/p>\n<p>&nbsp;<\/p>\n<blockquote>\n<h2><strong><a href=\"https:\/\/www.radiopiu.net\/wordpress\/giornale-radiopiu-25-giugno-2021-direttore-mirko-mezzacasa\/cabinovia-falcade_le-buse\/\" rel=\"attachment wp-att-218047\"><img loading=\"lazy\" decoding=\"async\" class=\"wp-image-218047 alignleft\" src=\"https:\/\/www.radiopiu.net\/wordpress\/wp-content\/uploads\/2021\/06\/Cabinovia-Falcade_Le-Buse-300x293.jpg\" alt=\"\" width=\"174\" height=\"170\" srcset=\"https:\/\/www.radiopiu.net\/wordpress\/wp-content\/uploads\/2021\/06\/Cabinovia-Falcade_Le-Buse-300x293.jpg 300w, https:\/\/www.radiopiu.net\/wordpress\/wp-content\/uploads\/2021\/06\/Cabinovia-Falcade_Le-Buse-1024x999.jpg 1024w, https:\/\/www.radiopiu.net\/wordpress\/wp-content\/uploads\/2021\/06\/Cabinovia-Falcade_Le-Buse-768x749.jpg 768w, https:\/\/www.radiopiu.net\/wordpress\/wp-content\/uploads\/2021\/06\/Cabinovia-Falcade_Le-Buse-1536x1499.jpg 1536w, https:\/\/www.radiopiu.net\/wordpress\/wp-content\/uploads\/2021\/06\/Cabinovia-Falcade_Le-Buse-2048x1998.jpg 2048w\" sizes=\"auto, (max-width: 174px) 100vw, 174px\" \/><\/a>FALCADE: APRONO GLI IMPIANTI, SI TORNA IN VETTA<\/strong><\/h2>\n<\/blockquote>\n<p>&nbsp;<\/p>\n<p>Nella Ski Area San Pellegrino, si torna in vetta.\u00a0 Oggi aprono anche la cabinovia Falcade Le Buse e la Seggiovia Le Buse &#8211; Laresei per lasciarsi rapire dalle imponenti pareti del Focobon, del Mulaz e del gruppo delle Pale di San Martino.\u00a0 I due impianti si aggiungono alla Seggiovia Costabella, gi\u00e0 in funzione dallo scorso weekend. Dal 3 luglio sar\u00e0 operativa anche la funivia Col Margherita che conduce all\u2019omonima vetta e al ristorante d\u2019alta quota, InAlto, inaugurato a fine 2019 che aprir\u00e0 nella stessa data. A breve saranno praticabili anche i nuovi percorsi San Pellegrino Bike Trail Karpos con tre single trail e due flow trail. Tutte le informazioni su <a href=\"http:\/\/www.skiareasanpellegrino.it\">www.skiareasanpellegrino.it<\/a><\/p>\n<p>&nbsp;<\/p>\n<p>&nbsp;<\/p>\n<p>&nbsp;<\/p>\n<hr \/>\n<blockquote>\n<h3><\/h3>\n<h3>\u201cBUONI SPESA\u201d A SEGUITO DELL\u2019EMERGENZA DA COVID-19: COMPLETATO ANCHE IL PLAFOND RELATIVO AL QUINTO AVVISO. IN UN ANNO EROGATI OLTRE 600 \u201cASSEGNI\u201d PER CIRCA 220 MILA EURO<\/h3>\n<\/blockquote>\n<p><strong><a href=\"https:\/\/www.radiopiu.net\/wordpress\/buoni-spesa-a-seguito-dellemergenza-covid-19-sinora-erogati-in-totale-275-assegni-per-quasi-90-mila-euro\/buoni-spesa-feltre-2\/\" rel=\"attachment wp-att-140589\"><img loading=\"lazy\" decoding=\"async\" class=\"size-medium wp-image-140589 alignleft\" src=\"https:\/\/www.radiopiu.net\/wordpress\/wp-content\/uploads\/2020\/05\/Buoni-Spesa-Feltre-300x225.jpg\" alt=\"\" width=\"300\" height=\"225\" srcset=\"https:\/\/www.radiopiu.net\/wordpress\/wp-content\/uploads\/2020\/05\/Buoni-Spesa-Feltre-300x225.jpg 300w, https:\/\/www.radiopiu.net\/wordpress\/wp-content\/uploads\/2020\/05\/Buoni-Spesa-Feltre-1024x768.jpg 1024w, https:\/\/www.radiopiu.net\/wordpress\/wp-content\/uploads\/2020\/05\/Buoni-Spesa-Feltre-768x576.jpg 768w, https:\/\/www.radiopiu.net\/wordpress\/wp-content\/uploads\/2020\/05\/Buoni-Spesa-Feltre.jpg 1080w\" sizes=\"auto, (max-width: 300px) 100vw, 300px\" \/><\/a>FELTRE <\/strong>Si \u00e8 completata in questi giorni, con l\u2019erogazione degli ultimi sostegni, l\u2019attivit\u00e0 relativa anche al quinto avviso dei Buoni Spesa messi in campo dal Comune di Feltre &#8211; per il tramite dell\u2019Azienda Feltrina per i Servizi alla Persona &#8211; a vantaggio dei cittadini in situazione di difficolt\u00e0 economica per gli effetti dell\u2019epidemia da Covid-19. Il bando appena terminato disponeva, analogamente al precedente, di una dotazione finanziaria di 54 mila euro ed ha raggiunto, quali beneficiari, 142 nuclei familiari residenti nel territorio comunale. Nell\u2019arco degli ultimi 12 mesi (da quando cio\u00e8 \u00e8 stata istituita la misura di sostegno dopo l\u2019esplosione della pandemia) le risorse complessivamente erogate salgono cos\u00ec a 218 mila euro, equamente suddivise tra i tre avvisi del 2020 e i due di quest\u2019anno; oltre 600 (622 per la precisione) le assegnazioni effettuate. Per quanto concerne la tipologia dei beneficiari, quest\u2019ultimo avviso ha visto prevalere i cittadini disoccupati (43 i beneficiari), seguiti da operai in situazione di difficolt\u00e0 economica (37), persone che lavorano nell\u2019ambito dei servizi di pulizia (20) e della ristorazione (16). I Buoni Spesa hanno poi riguardato i maniera equamente distribuita nuclei di varia composizione, da quelli monopersonali (44 assegni erogati) a quelli composti da 5 o pi\u00f9 persone (24),\u00a0 a dimostrazione che lo stato di difficolt\u00e0 \u00e8 decisamente trasversale a varie situazioni familiari e sociali.<\/p>\n<p>&nbsp;<\/p>\n<p>&nbsp;<\/p>\n<hr \/>\n<p>&nbsp;<\/p>\n<blockquote>\n<h3>MEDICI DI BASE, SOSTEGNO IMPORTANTE, GIUSEPPE &#8220;GRAZIE&#8221;<\/h3>\n<\/blockquote>\n<p><strong><a href=\"https:\/\/www.radiopiu.net\/wordpress\/medici-di-base-sostegno-importante-giuseppe-grazie\/stethoscope-840125_960_720-2\/\" rel=\"attachment wp-att-218185\"><img loading=\"lazy\" decoding=\"async\" class=\"wp-image-218185 alignleft\" src=\"https:\/\/www.radiopiu.net\/wordpress\/wp-content\/uploads\/2021\/06\/stethoscope-840125_960_720-300x200.jpg\" alt=\"\" width=\"206\" height=\"137\" srcset=\"https:\/\/www.radiopiu.net\/wordpress\/wp-content\/uploads\/2021\/06\/stethoscope-840125_960_720-300x200.jpg 300w, https:\/\/www.radiopiu.net\/wordpress\/wp-content\/uploads\/2021\/06\/stethoscope-840125_960_720-768x512.jpg 768w, https:\/\/www.radiopiu.net\/wordpress\/wp-content\/uploads\/2021\/06\/stethoscope-840125_960_720.jpg 960w\" sizes=\"auto, (max-width: 206px) 100vw, 206px\" \/><\/a><\/strong><\/p>\n<p>&nbsp;<\/p>\n<p><strong>ROCCA PIETORE<\/strong> Bepi da Ronc di Laste ha da poco perso la moglie curata dai medici Claudio Allegro e Carlo Gatti. Per Giuseppe Zaffagnini originario di Bologna, ma da 21 anni a Ronc di Laste non \u00e8 stato un periodo facile, per nulla, ad aiutarlo i medici importanti con il loro sostegno<\/p>\n<p><strong>AUDIO ALLA RADIO<\/strong><\/p>\n<audio class=\"wp-audio-shortcode\" id=\"audio-218087-5\" preload=\"none\" style=\"width: 100%;\" controls=\"controls\"><source type=\"audio\/mpeg\" src=\"https:\/\/www.radiopiu.net\/wordpress\/wp-content\/uploads\/2021\/06\/BEPO.mp3?_=5\" \/><a href=\"https:\/\/www.radiopiu.net\/wordpress\/wp-content\/uploads\/2021\/06\/BEPO.mp3\">https:\/\/www.radiopiu.net\/wordpress\/wp-content\/uploads\/2021\/06\/BEPO.mp3<\/a><\/audio>\n<p>&nbsp;<\/p>\n<hr \/>\n<p>&nbsp;<\/p>\n<p>&nbsp;<\/p>\n<blockquote>\n<h3>UFFICI DECENTRATI, BASTA CON LE CHIUSURE NEI CAPOLUOGHI DI PROVINCIA<\/h3>\n<\/blockquote>\n<p><strong><a href=\"https:\/\/www.radiopiu.net\/wordpress\/giornale-radiopiu-12-giugno-2021-direttore-mirko-mezzacasa\/inail-2\/\" rel=\"attachment wp-att-215439\"><img loading=\"lazy\" decoding=\"async\" class=\" wp-image-215439 alignleft\" src=\"https:\/\/www.radiopiu.net\/wordpress\/wp-content\/uploads\/2021\/06\/inail-300x127.png\" alt=\"\" width=\"219\" height=\"92\" srcset=\"https:\/\/www.radiopiu.net\/wordpress\/wp-content\/uploads\/2021\/06\/inail-300x127.png 300w, https:\/\/www.radiopiu.net\/wordpress\/wp-content\/uploads\/2021\/06\/inail.png 710w\" sizes=\"auto, (max-width: 219px) 100vw, 219px\" \/><\/a>BELLUNO<\/strong>\u00a0 <em>\u00abIl dissanguamento degli uffici periferici dello Stato nelle piccole province va fermato, adesso\u00bb.<\/em> Il deputato bellunese Roger De Menech, \u00e8 sollevato dopo l\u2019incontro con i vertici nazionali dell\u2019Inail, qualche giorno fa, da dove arriva la smentita della chiusura degli uffici di Belluno. <em>\u00abMa non possiamo stare fermi ad attendere il prossimo intervento di \u2018razionalizzazione\u2019 con cui, in nome di una non bene identificata efficienza, si tenter\u00e0 di spogliare Belluno di servizi essenziali\u00bb. <\/em>Con un gruppo di altri parlamentari del Partito democratico, provenienti da aree interne, zone montane e appenniniche di tutta Italia, il deputato intende promuovere uno o pi\u00f9 provvedimenti \u00abper stabilizzare una volta per sempre i servizi minimi che devono essere presenti-<\/p>\n<p>&nbsp;<\/p>\n<p>&nbsp;<\/p>\n<hr \/>\n<p>&nbsp;<\/p>\n<blockquote>\n<h3>LA LEGA OGGI VOCE DEL GOVERNO PROPONE DI DEFISCALIZZARE LA PROVINCIA DI BELLUNO<\/h3>\n<\/blockquote>\n<p><strong><a href=\"https:\/\/www.radiopiu.net\/wordpress\/giornale-radiopiu-15-giugno-2018-direttore-mirko-mezzacasa\/saviane-paolo\/\" rel=\"attachment wp-att-50936\"><img loading=\"lazy\" decoding=\"async\" class=\"wp-image-50936 alignleft\" src=\"https:\/\/www.radiopiu.net\/wordpress\/wp-content\/uploads\/2018\/06\/00032712.jpg\" alt=\"\" width=\"74\" height=\"99\" \/><\/a>BELLUNO<\/strong><\/p>\n<p><strong>DI MORENO GIOLI<\/strong><\/p>\n<audio class=\"wp-audio-shortcode\" id=\"audio-218087-6\" preload=\"none\" style=\"width: 100%;\" controls=\"controls\"><source type=\"audio\/mpeg\" src=\"https:\/\/www.radiopiu.net\/wordpress\/wp-content\/uploads\/2021\/06\/MORENO-LEGA.mp3?_=6\" \/><a href=\"https:\/\/www.radiopiu.net\/wordpress\/wp-content\/uploads\/2021\/06\/MORENO-LEGA.mp3\">https:\/\/www.radiopiu.net\/wordpress\/wp-content\/uploads\/2021\/06\/MORENO-LEGA.mp3<\/a><\/audio>\n<p>&nbsp;<\/p>\n<p>&nbsp;<\/p>\n<hr \/>\n<blockquote>\n<h2>IN LUXOTTICA IN TEMPI DI COVID REGGE BENE ANCHE LA CASSA SOLIDARIETA&#8217; AZIENDALE<\/h2>\n<\/blockquote>\n<p><strong>di\u00a0 MORENO GIOLI<\/strong><\/p>\n<audio class=\"wp-audio-shortcode\" id=\"audio-218087-7\" preload=\"none\" style=\"width: 100%;\" controls=\"controls\"><source type=\"audio\/mpeg\" src=\"https:\/\/www.radiopiu.net\/wordpress\/wp-content\/uploads\/2021\/06\/MORENO-WELFARE.mp3?_=7\" \/><a href=\"https:\/\/www.radiopiu.net\/wordpress\/wp-content\/uploads\/2021\/06\/MORENO-WELFARE.mp3\">https:\/\/www.radiopiu.net\/wordpress\/wp-content\/uploads\/2021\/06\/MORENO-WELFARE.mp3<\/a><\/audio>\n<p>&nbsp;<\/p>\n<p><strong><img loading=\"lazy\" decoding=\"async\" class=\"alignleft\" src=\"https:\/\/www.radiopiu.net\/wordpress\/wp-content\/uploads\/2021\/06\/Fabrizio-Campedel-e-Diego-Palmeri.jpeg\" width=\"360\" height=\"180\" \/>AGORDO<\/strong> <span style=\"color: #000000; font-family: Helvetica;\">2.643 associati e 322.700 euro di contributi erogati nel 2020 per la Cassa Solidariet\u00e0 Aziendale Lavoratori Luxottica , <\/span><span style=\"color: #000000; font-family: Helvetica;\">Andamento costante degli iscritti anche nell\u2019anno della pandemia, nonostante le restrizioni e grazie all\u2019uso delle tecnologie digitali per le comunicazioni con gli associati. \u00c8 stato un anno del tutto particolare il 2020 anche per CSA, la Cassa Solidariet\u00e0 Aziendale Lavoratori Luxottica istituita dai lavoratori, su proposta delle organizzazioni sindacali, nel 1996. Esempio virtuoso di welfare contrattato a livello aziendale, CSA \u00e8 presente negli stabilimenti Luxottica di Agordo, Sedico produzione, Sedico logistica, Sedico 3, Cencenighe, Pederobba (Treviso) e Lauriano Po (Torino)<\/span><span style=\"color: #000000; font-family: TimesNewRomanPSMT;\">. <\/span><span style=\"color: #000000; font-family: Helvetica;\">Al 31 dicembre 2020 contava 2.643 associati, in linea con l\u2019anno precedente, con i relativi familiari a carico (circa 2.800) che possono beneficiare delle stesse prestazioni. (FOTO <\/span>Fabrizio-Campedel-e-Diego-Palmeri)<\/p>\n<div align=\"left\"><strong>AI MICROFONI DI RADIO PIU&#8217; FABRIZIO CAMPEDEL\u00a0\u00a0<\/strong><\/div>\n<div align=\"left\"><\/div>\n<div align=\"left\">\n<audio class=\"wp-audio-shortcode\" id=\"audio-218087-8\" preload=\"none\" style=\"width: 100%;\" controls=\"controls\"><source type=\"audio\/mpeg\" src=\"https:\/\/www.radiopiu.net\/wordpress\/wp-content\/uploads\/2021\/06\/FABRIZIO-CAMPEDEL.mp3?_=8\" \/><a href=\"https:\/\/www.radiopiu.net\/wordpress\/wp-content\/uploads\/2021\/06\/FABRIZIO-CAMPEDEL.mp3\">https:\/\/www.radiopiu.net\/wordpress\/wp-content\/uploads\/2021\/06\/FABRIZIO-CAMPEDEL.mp3<\/a><\/audio>\n<p>&nbsp;<\/p>\n<\/div>\n<blockquote>\n<div align=\"left\"><em><span style=\"color: #000000; font-family: Helvetica;\">La CSA opera nel settore della mutualit\u00e0, a favore degli associati e loro familiari fiscalmente a carico, con numerosi interventi economici, come il contributo per spese sanitarie e apparecchi ortodontici, assegno di maternit\u00e0, contributi per spese universitarie, per l\u2019acquisto di ausili per disabilit\u00e0, per spese funebri e importanti sostegni, di tipo economico ma non solo, per casi di particolari difficolt\u00e0 economiche. <\/span><span style=\"color: #000000; font-family: Helvetica;\">CSA nel 2020 ha erogato<\/span> 35mila euro per spese scolastiche, <span style=\"color: #000000; font-family: Helvetica;\">contributo messo in campo nel 2019 e accolto con entusiasmo dai soci<\/span>, 32.700 euro in assegni di maternit\u00e0 <span style=\"color: #000000; font-family: Helvetica;\">(in base all\u2019Isee il contributo pu\u00f2 arrivare fino a 1500 euro per figlio), <\/span>49.385 per apparecchi ortodontici, 26.300 per spese universitarie, <span style=\"color: #000000; font-family: Helvetica;\">oltre ad aver<\/span><span style=\"color: #000000; font-family: Helvetica;\">stipulato numerose vantaggiose convenzioni con studi medici, dentistici, poliambulatori, ottiche e sanitarie che prevedono tariffe vantaggiose a beneficio dei Soci e loro familiari a carico.\u00a0<\/span><span style=\"color: #000000; font-family: Helvetica;\">Lo Statuto prevede anche un fondo di dotazione, dedicato agli interventi solidaristico-umanitari alimentato dai saldi attivi di bilancio. Attualmente questo fondo ha a disposizione 287.215 euro.<\/span><\/em><\/div>\n<\/blockquote>\n<p>&nbsp;<\/p>\n<p>&nbsp;<\/p>\n<p>&nbsp;<\/p>\n<hr \/>\n<blockquote>\n<h2><\/h2>\n<h2>PER LUXOTTICA UN ALTRO IMPORTANTE ACCORDO DI LICENZA<\/h2>\n<\/blockquote>\n<p><strong>FRANCIA\u00a0<\/strong> EssilorLuxottica e Coach annunciano il rinnovo di un accordo di licenza esclusiva per la progettazione, la produzione e la distribuzione in tutto il mondo di occhiali da vista e da sole a marchio Coach Eyewear. L&#8217;accordo quinquennale entrer\u00e0 in vigore il 1\u00b0 luglio 2021 con scadenza il 30 giugno 2026, e potr\u00e0 essere rinnovato per ulteriori cinque anni.<\/p>\n<blockquote><p><em>\u201cCome EssilorLuxottica siamo felici di rinnovare l\u2019accordo di licenza e di consolidare ulteriormente la collaborazione <\/em><em>con Coach, espressione dell&#8217;artigianalit\u00e0 autentica e del nuovo lusso americano. Grazie alle nuove collezioni <\/em><em>eyewear a marchio Coach, rafforzeremo il legame con i clienti in tutto il mondo e con il brand&#8221;, ha commentato <\/em><em>Francesco Milleri, Amministratore Delegato di EssilorLuxottica.<\/em><\/p><\/blockquote>\n<p><em>&#8220;Siamo molto lieti di rinnovare questa partnership di successo con Luxottica&#8221;, ha affermato Todd Kahn, CEO e<\/em><br \/>\n<em>Brand President di Coach. &#8220;Non vediamo l\u2019ora di scrivere il prossimo capitolo della nostra storia assieme e<\/em><br \/>\n<em>continuare a creare splendidi occhiali destinati a durare nel tempo&#8221;.<\/em><\/p>\n<p>&nbsp;<\/p>\n<hr \/>\n<h3><\/h3>\n<p>&nbsp;<\/p>\n<p>&nbsp;<\/p>\n<blockquote><p>&nbsp;<\/p><\/blockquote>\n<h1>FOLLADOR-DE ROSSI: TRE CENTINI CON LODE E ALTRI 11 CON CENTO ROTONDO<\/h1>\n<p><strong><img loading=\"lazy\" decoding=\"async\" class=\"alignleft\" src=\"https:\/\/www.radiopiu.net\/wordpress\/wp-content\/uploads\/2019\/08\/follador2.jpg\" width=\"210\" height=\"105\" \/>AGORDO<\/strong><\/p>\n<p><strong>DI GIANNI SANTOMASO\u00a0<\/strong><\/p>\n<audio class=\"wp-audio-shortcode\" id=\"audio-218087-9\" preload=\"none\" style=\"width: 100%;\" controls=\"controls\"><source type=\"audio\/mpeg\" src=\"https:\/\/www.radiopiu.net\/wordpress\/wp-content\/uploads\/2021\/06\/FOLLADOR-GIANNI.mp3?_=9\" \/><a href=\"https:\/\/www.radiopiu.net\/wordpress\/wp-content\/uploads\/2021\/06\/FOLLADOR-GIANNI.mp3\">https:\/\/www.radiopiu.net\/wordpress\/wp-content\/uploads\/2021\/06\/FOLLADOR-GIANNI.mp3<\/a><\/audio>\n<p>&nbsp;<\/p>\n<p>&nbsp;<\/p>\n\n\t\t\t<style type='text\/css'>\n\t\t\t\t#gallery-3 {\n\t\t\t\t\tmargin: auto;\n\t\t\t\t}\n\t\t\t\t#gallery-3 .gallery-item {\n\t\t\t\t\tfloat: left;\n\t\t\t\t\tmargin-top: 10px;\n\t\t\t\t\ttext-align: center;\n\t\t\t\t\twidth: 20%;\n\t\t\t\t}\n\t\t\t\t#gallery-3 img {\n\t\t\t\t\tborder: 2px solid #cfcfcf;\n\t\t\t\t}\n\t\t\t\t#gallery-3 .gallery-caption {\n\t\t\t\t\tmargin-left: 0;\n\t\t\t\t}\n\t\t\t\t\/* see gallery_shortcode() in wp-includes\/media.php *\/\n\t\t\t<\/style>\n\t\t<div id='gallery-3' class='dt-gallery-container gallery galleryid-218087 gallery-columns-5 gallery-size-thumbnail'><dl class='gallery-item'>\n\t\t\t\t<dt class='gallery-icon landscape'>\n\t\t\t\t\t<a class=\"rollover rollover-zoom dt-pswp-item\" title=\"Francesca Sommavilla_5a minerario\" data-dt-img-description=\"\" data-large_image_width=\"1600\" data-large_image_height=\"1062\"href='https:\/\/www.radiopiu.net\/wordpress\/wp-content\/uploads\/2021\/06\/Francesca-Sommavilla_5a-minerario.jpeg'><img loading=\"lazy\" decoding=\"async\" width=\"150\" height=\"150\" src=\"https:\/\/www.radiopiu.net\/wordpress\/wp-content\/uploads\/2021\/06\/Francesca-Sommavilla_5a-minerario-150x150.jpeg\" class=\"attachment-thumbnail size-thumbnail\" alt=\"\" aria-describedby=\"gallery-3-218244\" \/><\/a>\n\t\t\t\t<\/dt>\n\t\t\t\t\t<dd class='wp-caption-text gallery-caption' id='gallery-3-218244'>\n\t\t\t\t\tFrancesca Sommavilla_5a minerario\n\t\t\t\t\t<\/dd><\/dl><dl class='gallery-item'>\n\t\t\t\t<dt class='gallery-icon portrait'>\n\t\t\t\t\t<a class=\"rollover rollover-zoom dt-pswp-item\" title=\"Stefania Piani_5a alberghiero-sala vendita\" data-dt-img-description=\"\" data-large_image_width=\"1536\" data-large_image_height=\"2048\"href='https:\/\/www.radiopiu.net\/wordpress\/wp-content\/uploads\/2021\/06\/Stefania-Piani_5a-alberghiero-sala-vendita.jpeg'><img loading=\"lazy\" decoding=\"async\" width=\"150\" height=\"150\" src=\"https:\/\/www.radiopiu.net\/wordpress\/wp-content\/uploads\/2021\/06\/Stefania-Piani_5a-alberghiero-sala-vendita-150x150.jpeg\" class=\"attachment-thumbnail size-thumbnail\" alt=\"\" aria-describedby=\"gallery-3-218253\" \/><\/a>\n\t\t\t\t<\/dt>\n\t\t\t\t\t<dd class='wp-caption-text gallery-caption' id='gallery-3-218253'>\n\t\t\t\t\tStefania Piani_5a alberghiero-sala vendita\n\t\t\t\t\t<\/dd><\/dl><dl class='gallery-item'>\n\t\t\t\t<dt class='gallery-icon portrait'>\n\t\t\t\t\t<a class=\"rollover rollover-zoom dt-pswp-item\" title=\"Agnese Vinti_5 chimici\" data-dt-img-description=\"\" data-large_image_width=\"1496\" data-large_image_height=\"1553\"href='https:\/\/www.radiopiu.net\/wordpress\/wp-content\/uploads\/2021\/06\/Agnese-Vinti_5-chimici.jpeg'><img loading=\"lazy\" decoding=\"async\" width=\"150\" height=\"150\" src=\"https:\/\/www.radiopiu.net\/wordpress\/wp-content\/uploads\/2021\/06\/Agnese-Vinti_5-chimici-150x150.jpeg\" class=\"attachment-thumbnail size-thumbnail\" alt=\"\" aria-describedby=\"gallery-3-218254\" \/><\/a>\n\t\t\t\t<\/dt>\n\t\t\t\t\t<dd class='wp-caption-text gallery-caption' id='gallery-3-218254'>\n\t\t\t\t\tAgnese Vinti_5 chimici\n\t\t\t\t\t<\/dd><\/dl><dl class='gallery-item'>\n\t\t\t\t<dt class='gallery-icon portrait'>\n\t\t\t\t\t<a class=\"rollover rollover-zoom dt-pswp-item\" title=\"Beatrice De Bastiani_5 chimici\" data-dt-img-description=\"\" data-large_image_width=\"826\" data-large_image_height=\"1280\"href='https:\/\/www.radiopiu.net\/wordpress\/wp-content\/uploads\/2021\/06\/Beatrice-De-Bastiani_5-chimici.jpeg'><img loading=\"lazy\" decoding=\"async\" width=\"150\" height=\"150\" src=\"https:\/\/www.radiopiu.net\/wordpress\/wp-content\/uploads\/2021\/06\/Beatrice-De-Bastiani_5-chimici-150x150.jpeg\" class=\"attachment-thumbnail size-thumbnail\" alt=\"\" aria-describedby=\"gallery-3-218255\" \/><\/a>\n\t\t\t\t<\/dt>\n\t\t\t\t\t<dd class='wp-caption-text gallery-caption' id='gallery-3-218255'>\n\t\t\t\t\tBeatrice De Bastiani_5 chimici\n\t\t\t\t\t<\/dd><\/dl><dl class='gallery-item'>\n\t\t\t\t<dt class='gallery-icon portrait'>\n\t\t\t\t\t<a class=\"rollover rollover-zoom dt-pswp-item\" title=\"Linda Cassina_5a alberghiero-cucina\" data-dt-img-description=\"\" data-large_image_width=\"731\" data-large_image_height=\"943\"href='https:\/\/www.radiopiu.net\/wordpress\/wp-content\/uploads\/2021\/06\/Linda-Cassina_5a-alberghiero-cucina.jpeg'><img loading=\"lazy\" decoding=\"async\" width=\"150\" height=\"150\" src=\"https:\/\/www.radiopiu.net\/wordpress\/wp-content\/uploads\/2021\/06\/Linda-Cassina_5a-alberghiero-cucina-150x150.jpeg\" class=\"attachment-thumbnail size-thumbnail\" alt=\"\" aria-describedby=\"gallery-3-218248\" \/><\/a>\n\t\t\t\t<\/dt>\n\t\t\t\t\t<dd class='wp-caption-text gallery-caption' id='gallery-3-218248'>\n\t\t\t\t\tLinda Cassina_5a alberghiero-cucina\n\t\t\t\t\t<\/dd><\/dl><br style=\"clear: both\" \/><dl class='gallery-item'>\n\t\t\t\t<dt class='gallery-icon portrait'>\n\t\t\t\t\t<a class=\"rollover rollover-zoom dt-pswp-item\" title=\"Momo Sara_5 chimici\" data-dt-img-description=\"\" data-large_image_width=\"210\" data-large_image_height=\"438\"href='https:\/\/www.radiopiu.net\/wordpress\/wp-content\/uploads\/2021\/06\/Momo-Sara_5-chimici.jpeg'><img loading=\"lazy\" decoding=\"async\" width=\"150\" height=\"150\" src=\"https:\/\/www.radiopiu.net\/wordpress\/wp-content\/uploads\/2021\/06\/Momo-Sara_5-chimici-150x150.jpeg\" class=\"attachment-thumbnail size-thumbnail\" alt=\"\" aria-describedby=\"gallery-3-218251\" \/><\/a>\n\t\t\t\t<\/dt>\n\t\t\t\t\t<dd class='wp-caption-text gallery-caption' id='gallery-3-218251'>\n\t\t\t\t\tMomo Sara_5 chimici\n\t\t\t\t\t<\/dd><\/dl><dl class='gallery-item'>\n\t\t\t\t<dt class='gallery-icon portrait'>\n\t\t\t\t\t<a class=\"rollover rollover-zoom dt-pswp-item\" title=\"Ilaria Sardi_5a turistico\" data-dt-img-description=\"\" data-large_image_width=\"394\" data-large_image_height=\"517\"href='https:\/\/www.radiopiu.net\/wordpress\/wp-content\/uploads\/2021\/06\/Ilaria-Sardi_5a-turistico.jpeg'><img loading=\"lazy\" decoding=\"async\" width=\"150\" height=\"150\" src=\"https:\/\/www.radiopiu.net\/wordpress\/wp-content\/uploads\/2021\/06\/Ilaria-Sardi_5a-turistico-150x150.jpeg\" class=\"attachment-thumbnail size-thumbnail\" alt=\"\" aria-describedby=\"gallery-3-218246\" \/><\/a>\n\t\t\t\t<\/dt>\n\t\t\t\t\t<dd class='wp-caption-text gallery-caption' id='gallery-3-218246'>\n\t\t\t\t\tIlaria Sardi_5a turistico\n\t\t\t\t\t<\/dd><\/dl><dl class='gallery-item'>\n\t\t\t\t<dt class='gallery-icon portrait'>\n\t\t\t\t\t<a class=\"rollover rollover-zoom dt-pswp-item\" title=\"Irene Costa_5a chimico\" data-dt-img-description=\"\" data-large_image_width=\"1200\" data-large_image_height=\"1600\"href='https:\/\/www.radiopiu.net\/wordpress\/wp-content\/uploads\/2021\/06\/Irene-Costa_5a-chimico.jpeg'><img loading=\"lazy\" decoding=\"async\" width=\"150\" height=\"150\" src=\"https:\/\/www.radiopiu.net\/wordpress\/wp-content\/uploads\/2021\/06\/Irene-Costa_5a-chimico-150x150.jpeg\" class=\"attachment-thumbnail size-thumbnail\" alt=\"\" aria-describedby=\"gallery-3-218247\" \/><\/a>\n\t\t\t\t<\/dt>\n\t\t\t\t\t<dd class='wp-caption-text gallery-caption' id='gallery-3-218247'>\n\t\t\t\t\tIrene Costa_5a chimico\n\t\t\t\t\t<\/dd><\/dl><dl class='gallery-item'>\n\t\t\t\t<dt class='gallery-icon portrait'>\n\t\t\t\t\t<a class=\"rollover rollover-zoom dt-pswp-item\" title=\"Lisabel Raffa-5a liceo sportivo\" data-dt-img-description=\"\" data-large_image_width=\"576\" data-large_image_height=\"1024\"href='https:\/\/www.radiopiu.net\/wordpress\/wp-content\/uploads\/2021\/06\/Lisabel-Raffa-5a-liceo-sportivo.jpeg'><img loading=\"lazy\" decoding=\"async\" width=\"150\" height=\"150\" src=\"https:\/\/www.radiopiu.net\/wordpress\/wp-content\/uploads\/2021\/06\/Lisabel-Raffa-5a-liceo-sportivo-150x150.jpeg\" class=\"attachment-thumbnail size-thumbnail\" alt=\"\" aria-describedby=\"gallery-3-218249\" \/><\/a>\n\t\t\t\t<\/dt>\n\t\t\t\t\t<dd class='wp-caption-text gallery-caption' id='gallery-3-218249'>\n\t\t\t\t\tLisabel Raffa-5a liceo sportivo\n\t\t\t\t\t<\/dd><\/dl><dl class='gallery-item'>\n\t\t\t\t<dt class='gallery-icon portrait'>\n\t\t\t\t\t<a class=\"rollover rollover-zoom dt-pswp-item\" title=\"Elisa Mezzacasa_5a chimico\" data-dt-img-description=\"\" data-large_image_width=\"1200\" data-large_image_height=\"1600\"href='https:\/\/www.radiopiu.net\/wordpress\/wp-content\/uploads\/2021\/06\/Elisa-Mezzacasa_5a-chimico.jpeg'><img loading=\"lazy\" decoding=\"async\" width=\"150\" height=\"150\" src=\"https:\/\/www.radiopiu.net\/wordpress\/wp-content\/uploads\/2021\/06\/Elisa-Mezzacasa_5a-chimico-150x150.jpeg\" class=\"attachment-thumbnail size-thumbnail\" alt=\"\" aria-describedby=\"gallery-3-218242\" \/><\/a>\n\t\t\t\t<\/dt>\n\t\t\t\t\t<dd class='wp-caption-text gallery-caption' id='gallery-3-218242'>\n\t\t\t\t\tElisa Mezzacasa_5a chimico\n\t\t\t\t\t<\/dd><\/dl><br style=\"clear: both\" \/><dl class='gallery-item'>\n\t\t\t\t<dt class='gallery-icon portrait'>\n\t\t\t\t\t<a class=\"rollover rollover-zoom dt-pswp-item\" title=\"Nicola Cadorin_5a minerario\" data-dt-img-description=\"\" data-large_image_width=\"1992\" data-large_image_height=\"2048\"href='https:\/\/www.radiopiu.net\/wordpress\/wp-content\/uploads\/2021\/06\/Nicola-Cadorin_5a-minerario.jpeg'><img loading=\"lazy\" decoding=\"async\" width=\"150\" height=\"150\" src=\"https:\/\/www.radiopiu.net\/wordpress\/wp-content\/uploads\/2021\/06\/Nicola-Cadorin_5a-minerario-150x150.jpeg\" class=\"attachment-thumbnail size-thumbnail\" alt=\"\" aria-describedby=\"gallery-3-218252\" \/><\/a>\n\t\t\t\t<\/dt>\n\t\t\t\t\t<dd class='wp-caption-text gallery-caption' id='gallery-3-218252'>\n\t\t\t\t\tNicola Cadorin_5a minerario\n\t\t\t\t\t<\/dd><\/dl><dl class='gallery-item'>\n\t\t\t\t<dt class='gallery-icon portrait'>\n\t\t\t\t\t<a class=\"rollover rollover-zoom dt-pswp-item\" title=\"Luca Brancaleone_5a minerario\" data-dt-img-description=\"\" data-large_image_width=\"942\" data-large_image_height=\"1099\"href='https:\/\/www.radiopiu.net\/wordpress\/wp-content\/uploads\/2021\/06\/Luca-Brancaleone_5a-minerario.jpeg'><img loading=\"lazy\" decoding=\"async\" width=\"150\" height=\"150\" src=\"https:\/\/www.radiopiu.net\/wordpress\/wp-content\/uploads\/2021\/06\/Luca-Brancaleone_5a-minerario-150x150.jpeg\" class=\"attachment-thumbnail size-thumbnail\" alt=\"\" aria-describedby=\"gallery-3-218250\" \/><\/a>\n\t\t\t\t<\/dt>\n\t\t\t\t\t<dd class='wp-caption-text gallery-caption' id='gallery-3-218250'>\n\t\t\t\t\tLuca Brancaleone_5a minerario\n\t\t\t\t\t<\/dd><\/dl><dl class='gallery-item'>\n\t\t\t\t<dt class='gallery-icon portrait'>\n\t\t\t\t\t<a class=\"rollover rollover-zoom dt-pswp-item\" title=\"Francesco Campanini_5a minerario\" data-dt-img-description=\"\" data-large_image_width=\"832\" data-large_image_height=\"1024\"href='https:\/\/www.radiopiu.net\/wordpress\/wp-content\/uploads\/2021\/06\/Francesco-Campanini_5a-minerario.jpeg'><img loading=\"lazy\" decoding=\"async\" width=\"150\" height=\"150\" src=\"https:\/\/www.radiopiu.net\/wordpress\/wp-content\/uploads\/2021\/06\/Francesco-Campanini_5a-minerario-150x150.jpeg\" class=\"attachment-thumbnail size-thumbnail\" alt=\"\" aria-describedby=\"gallery-3-218245\" \/><\/a>\n\t\t\t\t<\/dt>\n\t\t\t\t\t<dd class='wp-caption-text gallery-caption' id='gallery-3-218245'>\n\t\t\t\t\tFrancesco Campanini_5a minerario\n\t\t\t\t\t<\/dd><\/dl><dl class='gallery-item'>\n\t\t\t\t<dt class='gallery-icon portrait'>\n\t\t\t\t\t<a class=\"rollover rollover-zoom dt-pswp-item\" title=\"Emanuele Busin_5a liceo sportivo\" data-dt-img-description=\"\" data-large_image_width=\"1200\" data-large_image_height=\"1600\"href='https:\/\/www.radiopiu.net\/wordpress\/wp-content\/uploads\/2021\/06\/Emanuele-Busin_5a-liceo-sportivo.jpeg'><img loading=\"lazy\" decoding=\"async\" width=\"150\" height=\"150\" src=\"https:\/\/www.radiopiu.net\/wordpress\/wp-content\/uploads\/2021\/06\/Emanuele-Busin_5a-liceo-sportivo-150x150.jpeg\" class=\"attachment-thumbnail size-thumbnail\" alt=\"\" aria-describedby=\"gallery-3-218243\" \/><\/a>\n\t\t\t\t<\/dt>\n\t\t\t\t\t<dd class='wp-caption-text gallery-caption' id='gallery-3-218243'>\n\t\t\t\t\tEmanuele Busin_5a liceo sportivo\n\t\t\t\t\t<\/dd><\/dl>\n\t\t\t\t<br style='clear: both' \/>\n\t\t\t<\/div>\n\n<p>&nbsp;<\/p>\n<p>&nbsp;<\/p>\n<blockquote>\n<hr \/>\n<h3><\/h3>\n<h3>ASSI A SCUOLA DI SOLIDARIETA&#8217; CON LA PRIMARIA DI CHIESURAZZA<\/h3>\n<\/blockquote>\n<p><strong>SEDICO<\/strong> Didattica e solidarieta\u0300. Due facce della stessa medaglia, grazie al progetto condotto dalla scuola primaria di Chiesurazza e dall\u2019ASSI Onlus. In particolare, sono stati coinvolti gli alunni della classe quinta: \u00ab<em>I ragazzi e le ragazze &#8211; affermano dall\u2019Istituto comprensivo di Belluno &#8211; hanno vissuto un\u2019esperienza significativa ed emozionante, nella quale hanno trattato il tema della diversita\u0300 in ambito linguistico, artistico, ma soprattutto come argomento di educazione civica<\/em>\u00bb. Nonostante il periodo scandito dal virus, il progetto e\u0300 arrivato al traguardo con profonda e unanime soddisfazione. Entrando nel dettaglio, ai bambini e\u0300 stata presentata una lettura interpretata dagli elfi di \u201cFavolando\u201d, Francesca Mussoi e Fiore Fagherazzi, con il supporto della volontaria in servizio civile, Martina Deon. Il libro letto e\u0300 \u201cPane e Marmellata\u201d: scritto dalla stessa Francesca, racconta una storia destinata a far ridere e pensare, commuovere e riflettere. Dalla lettura e\u0300 sbocciato poi un lavoro piu\u0300 approfondito sulla solidarieta\u0300, sotto la regia delle maestre e su suggerimento del Comitato genitori della scuola. Al termine del percorso, invece, e\u0300 andato in scena un incontro a cui ha partecipato il presidente dell\u2019ASSI, Oscar De Pellegrin. E, in questo contesto, l\u2019associazione ha ricevuto una donazione da parte del Comitato genitori, oltre al cartellone realizzato dai bambini e dalle bambine.<\/p>\n\n\t\t\t<style type='text\/css'>\n\t\t\t\t#gallery-4 {\n\t\t\t\t\tmargin: auto;\n\t\t\t\t}\n\t\t\t\t#gallery-4 .gallery-item {\n\t\t\t\t\tfloat: left;\n\t\t\t\t\tmargin-top: 10px;\n\t\t\t\t\ttext-align: center;\n\t\t\t\t\twidth: 33%;\n\t\t\t\t}\n\t\t\t\t#gallery-4 img {\n\t\t\t\t\tborder: 2px solid #cfcfcf;\n\t\t\t\t}\n\t\t\t\t#gallery-4 .gallery-caption {\n\t\t\t\t\tmargin-left: 0;\n\t\t\t\t}\n\t\t\t\t\/* see gallery_shortcode() in wp-includes\/media.php *\/\n\t\t\t<\/style>\n\t\t<div id='gallery-4' class='dt-gallery-container gallery galleryid-218087 gallery-columns-3 gallery-size-medium'><dl class='gallery-item'>\n\t\t\t\t<dt class='gallery-icon landscape'>\n\t\t\t\t\t<a class=\"rollover rollover-zoom dt-pswp-item\" title=\"71eae1b0-aad2-4760-b1e4-4066a90fc91e\" data-dt-img-description=\"\" data-large_image_width=\"576\" data-large_image_height=\"435\"href='https:\/\/www.radiopiu.net\/wordpress\/wp-content\/uploads\/2021\/06\/71eae1b0-aad2-4760-b1e4-4066a90fc91e.jpg'><img loading=\"lazy\" decoding=\"async\" width=\"300\" height=\"227\" src=\"https:\/\/www.radiopiu.net\/wordpress\/wp-content\/uploads\/2021\/06\/71eae1b0-aad2-4760-b1e4-4066a90fc91e-300x227.jpg\" class=\"attachment-medium size-medium\" alt=\"\" srcset=\"https:\/\/www.radiopiu.net\/wordpress\/wp-content\/uploads\/2021\/06\/71eae1b0-aad2-4760-b1e4-4066a90fc91e-300x227.jpg 300w, https:\/\/www.radiopiu.net\/wordpress\/wp-content\/uploads\/2021\/06\/71eae1b0-aad2-4760-b1e4-4066a90fc91e.jpg 576w\" sizes=\"auto, (max-width: 300px) 100vw, 300px\" \/><\/a>\n\t\t\t\t<\/dt><\/dl><dl class='gallery-item'>\n\t\t\t\t<dt class='gallery-icon landscape'>\n\t\t\t\t\t<a class=\"rollover rollover-zoom dt-pswp-item\" title=\"a8b15a1d-ecd1-41ea-9ada-3a7f99b51be4\" data-dt-img-description=\"\" data-large_image_width=\"914\" data-large_image_height=\"514\"href='https:\/\/www.radiopiu.net\/wordpress\/wp-content\/uploads\/2021\/06\/a8b15a1d-ecd1-41ea-9ada-3a7f99b51be4.jpg'><img loading=\"lazy\" decoding=\"async\" width=\"300\" height=\"169\" src=\"https:\/\/www.radiopiu.net\/wordpress\/wp-content\/uploads\/2021\/06\/a8b15a1d-ecd1-41ea-9ada-3a7f99b51be4-300x169.jpg\" class=\"attachment-medium size-medium\" alt=\"\" srcset=\"https:\/\/www.radiopiu.net\/wordpress\/wp-content\/uploads\/2021\/06\/a8b15a1d-ecd1-41ea-9ada-3a7f99b51be4-300x169.jpg 300w, https:\/\/www.radiopiu.net\/wordpress\/wp-content\/uploads\/2021\/06\/a8b15a1d-ecd1-41ea-9ada-3a7f99b51be4-768x432.jpg 768w, https:\/\/www.radiopiu.net\/wordpress\/wp-content\/uploads\/2021\/06\/a8b15a1d-ecd1-41ea-9ada-3a7f99b51be4.jpg 914w\" sizes=\"auto, (max-width: 300px) 100vw, 300px\" \/><\/a>\n\t\t\t\t<\/dt><\/dl><dl class='gallery-item'>\n\t\t\t\t<dt class='gallery-icon landscape'>\n\t\t\t\t\t<a class=\"rollover rollover-zoom dt-pswp-item\" title=\"6c118198-486c-44b6-9050-90160a9bb6e7\" data-dt-img-description=\"\" data-large_image_width=\"747\" data-large_image_height=\"507\"href='https:\/\/www.radiopiu.net\/wordpress\/wp-content\/uploads\/2021\/06\/6c118198-486c-44b6-9050-90160a9bb6e7.jpg'><img loading=\"lazy\" decoding=\"async\" width=\"300\" height=\"204\" src=\"https:\/\/www.radiopiu.net\/wordpress\/wp-content\/uploads\/2021\/06\/6c118198-486c-44b6-9050-90160a9bb6e7-300x204.jpg\" class=\"attachment-medium size-medium\" alt=\"\" srcset=\"https:\/\/www.radiopiu.net\/wordpress\/wp-content\/uploads\/2021\/06\/6c118198-486c-44b6-9050-90160a9bb6e7-300x204.jpg 300w, https:\/\/www.radiopiu.net\/wordpress\/wp-content\/uploads\/2021\/06\/6c118198-486c-44b6-9050-90160a9bb6e7.jpg 747w\" sizes=\"auto, (max-width: 300px) 100vw, 300px\" \/><\/a>\n\t\t\t\t<\/dt><\/dl><br style=\"clear: both\" \/>\n\t\t\t<\/div>\n\n<p>&nbsp;<\/p>\n<hr \/>\n<p>&nbsp;<\/p>\n<blockquote>\n<h3><a href=\"https:\/\/www.radiopiu.net\/wordpress\/elezioni-amministrative-quorum-al-40-scomputo-dellaire-a-roma-hanno-fatto-un-bel-lavoro-dice-deon\/oscar_de_bona-586x1024\/\" rel=\"attachment wp-att-202294\"><img loading=\"lazy\" decoding=\"async\" class=\"wp-image-202294 alignright\" src=\"https:\/\/www.radiopiu.net\/wordpress\/wp-content\/uploads\/2021\/04\/oscar_de_bona-586x1024-1-172x300.jpg\" alt=\"\" width=\"81\" height=\"141\" srcset=\"https:\/\/www.radiopiu.net\/wordpress\/wp-content\/uploads\/2021\/04\/oscar_de_bona-586x1024-1-172x300.jpg 172w, https:\/\/www.radiopiu.net\/wordpress\/wp-content\/uploads\/2021\/04\/oscar_de_bona-586x1024-1.jpg 586w\" sizes=\"auto, (max-width: 81px) 100vw, 81px\" \/><\/a>PIENO DI VOTI PER OSCAR DE BONA, BILANCIO CONSUNTIVO CHIUSO CON 7000 EURO D&#8217;AVANZO<\/h3>\n<\/blockquote>\n<p><strong><a href=\"https:\/\/www.radiopiu.net\/wordpress\/festa-dei-bellunesi-nel-mondo-a-canale-dagordo-un-successo\/3festa_abm_canale\/\" rel=\"attachment wp-att-92767\"><img loading=\"lazy\" decoding=\"async\" class=\"wp-image-92767 alignleft\" src=\"https:\/\/www.radiopiu.net\/wordpress\/wp-content\/uploads\/2019\/07\/3festa_abm_canale-300x169.jpg\" alt=\"\" width=\"247\" height=\"139\" srcset=\"https:\/\/www.radiopiu.net\/wordpress\/wp-content\/uploads\/2019\/07\/3festa_abm_canale-300x169.jpg 300w, https:\/\/www.radiopiu.net\/wordpress\/wp-content\/uploads\/2019\/07\/3festa_abm_canale-768x432.jpg 768w, https:\/\/www.radiopiu.net\/wordpress\/wp-content\/uploads\/2019\/07\/3festa_abm_canale-1024x576.jpg 1024w, https:\/\/www.radiopiu.net\/wordpress\/wp-content\/uploads\/2019\/07\/3festa_abm_canale.jpg 1400w\" sizes=\"auto, (max-width: 247px) 100vw, 247px\" \/><\/a>BELLUNO\u00a0<\/strong> Elezioni per il consiglio direttivo ABM per i prossimi tre anni: 21 eletti su 33 candidati. Il presidente uscente Oscar De Bona\u00a0 ha ottenuto 2.287 preferenze. Rino Budel (2.000), Patrizia Burigo (1.981), Antonio Dazzi (1.973), Giulia Francescon (1.832), Angelo Paganin (1.702), Luca Urpi (1.485), Emilio Dalle Mule (1.457), Ernestina Dalla Corte (1.369), Jordana Marchioro (1.365), Sergio Cugnach (1.320), Mila Burlon (1.308), Luciana Tavi (1.307), Irene Savaris (1.295), Luisa Carniel (1.261), Maria Venecia Simoes (1.247), Luca Giuseppe Luchetta (1.063), Loris Serafini (1.062), Angelo Caneve (922), Giuliano Vantaggi (865), Loredana Soatto Prabaldi (815). ll neo eletto Consiglio direttivo si riunir\u00e0 gioved\u00ec 9 settembre per eleggere presidente, vice ed esecutivo. Nel collegio dei provibiri: \u00a0Lorenzo Chiarelli (1.465), Cipriano Della Lucia (1.496) e Michele Giaier (1299).<\/p>\n<p>&nbsp;<\/p>\n<hr \/>\n<blockquote>\n<h3><\/h3>\n<h3>UN EVENTO DIGITALE E UNA SETTIMANA A\u201cPORTE APERTE\u201d PER SCOPRIRE IL CORSO ITS PER EYEWEAR PRODUCT MANAGER<\/h3>\n<\/blockquote>\n<p><strong>LONGARONE <\/strong>Un webinar il 7 luglio alle 11 e un\u2019intera settimana, dal 12 al 16 luglio, a \u201cporte aperte\u201d permetteranno a tutti gli interessati di scoprire cos\u2019\u00e8 e quali sono le molteplici opportunit\u00e0 del corso ITS Academy per Eyewear Product Manager. Il biennio post diploma, che Certottica a ottobre attiver\u00e0 per l\u20198\u00b0 edizione. Le selezioni per la prossima edizione sono gi\u00e0 fissate al 24 settembre e per chi avesse gi\u00e0 deciso, \u00e8 possibile iscriversi direttamente dal sito <a href=\"http:\/\/www.itscosmo.it\">www.itscosmo.it<\/a> compilando l\u2019apposito format.<\/p>\n<p>&nbsp;<\/p>\n<p>&nbsp;<\/p>\n<hr \/>\n<p>&nbsp;<\/p>\n<blockquote>\n<h2>29 Giugno 2021: open day tumori ginecologici<\/h2>\n<\/blockquote>\n<p>BELLUNO\u00a0 L\u2019Ulss Dolomiti ha aderito all\u2019iniziativa promossa dalla Fondazione ONDA\u00a0 per la sensibilizzazione sui tumori gineoclogici organizzando tre incontri in Gmeet per il 29 giugno per informare sulle strategie di prevenzione e possibilit\u00e0 terapeutiche nell\u2019 ambito dei principali tumori ginecologici e sul percorso di cura integrato. Iscrizioni via mail a elda.cangia@aulss1.veneto.it oppure telefonare allo 0439\/883497. 29 GIUGNO:\u00a0<em>ore 15.00:<\/em> <strong><em>Anomalie mestruali nella vita della donna <\/em><\/strong><em>dr Fabio Tandurella \u2013 direttore Ginecologia Belluno <\/em><em>codice accesso: tid-xeno-rdi;\u00a0 <\/em><em>ore 16.00:<\/em><strong><em>Tumori del collo dell&#8217;utero <\/em><\/strong><em>dr Geremia Russo &#8211; Ginecologia Belluno <\/em><em>codice accesso: hsc-knnm-hbx <\/em><em>ore 18.00 <\/em><strong><em>Tumori ginecologici: donne e associazioni si raccontano <\/em><\/strong><em>\u00e9quipe Ginecologia Feltre <\/em><\/p>\n<p>&nbsp;<\/p>\n<p>&nbsp;<\/p>\n<hr \/>\n<blockquote>\n<h3>\u201cTRICHIANA PAESE DEL LIBRO\u201d: LIBRI E AUTORI A BORGO VALBELLUNA<\/h3>\n<\/blockquote>\n<p><strong><a href=\"https:\/\/www.radiopiu.net\/wordpress\/giornale-radiopiu-26-giugno-2021-direttore-mirko-mezzacasa\/schermata-2021-06-25-alle-10-58-28\/\" rel=\"attachment wp-att-218127\"><img loading=\"lazy\" decoding=\"async\" class=\" wp-image-218127 alignleft\" src=\"https:\/\/www.radiopiu.net\/wordpress\/wp-content\/uploads\/2021\/06\/Schermata-2021-06-25-alle-10.58.28-300x300.png\" alt=\"\" width=\"223\" height=\"223\" srcset=\"https:\/\/www.radiopiu.net\/wordpress\/wp-content\/uploads\/2021\/06\/Schermata-2021-06-25-alle-10.58.28-300x300.png 300w, https:\/\/www.radiopiu.net\/wordpress\/wp-content\/uploads\/2021\/06\/Schermata-2021-06-25-alle-10.58.28-1024x1024.png 1024w, https:\/\/www.radiopiu.net\/wordpress\/wp-content\/uploads\/2021\/06\/Schermata-2021-06-25-alle-10.58.28-150x150.png 150w, https:\/\/www.radiopiu.net\/wordpress\/wp-content\/uploads\/2021\/06\/Schermata-2021-06-25-alle-10.58.28-768x768.png 768w, https:\/\/www.radiopiu.net\/wordpress\/wp-content\/uploads\/2021\/06\/Schermata-2021-06-25-alle-10.58.28.png 1230w\" sizes=\"auto, (max-width: 223px) 100vw, 223px\" \/><\/a>BORGO VALBELLUNA <\/strong>A fine maggio sono scaduti i tempi per partecipare al Premio Letterario \u201cTrichiana Paese del Libro\u201d, edizione 2021, e quest\u2019anno sono arrivati davvero tanti racconti, un record assoluto, ben 378. Adesso i racconti sono in mano ai lettori della commissione selezionatrice, che nel mese di luglio saranno molto impegnati e per questo li ringraziamo molto. Mentre l\u2019ufficio cultura del comune di Borgo Valbelluna, affiancato da un gruppo di volontari, sta lavorando per l\u2019organizzazione degli eventi culturali che si svolgeranno tra inizio luglio e fine settembre, condivisa con la casa editrice Raffaello Cortina e Chiara Alpago-Novello, che coltiva il suo <em>Vivaio Letterario <\/em>a Frontin di Trichiana. Gli incontri si svolgeranno, preferibilmente all\u2019aperto, in luoghi caratteristici distribuiti in tutto il comune di Borgo Valbelluna \u2013 giardini, ville padronali, centri storici. Per informazioni si rimanda al sito istituzionale <a href=\"http:\/\/www.borgovalbelluna.it\">www.borgovalbelluna.it<\/a> e alle pagine facebook e instagram borgovalbellunacultura. Per prenotare gli eventi: <a href=\"mailto:biblioteca.trichiana@borgovalbelluna.bl.it\">biblioteca.trichiana@borgovalbelluna.bl.it<\/a> \u2013 0437 555274, 0437 544211<\/p>\n<p><strong>IL CALENDARIO CON TUTTI GLI APPUNTAMENTI<\/strong><\/p>\n<a href=\"https:\/\/www.radiopiu.net\/wordpress\/wp-content\/uploads\/2021\/06\/Premio-Letterario-programma-2021-def_bassa.pdf\" class=\"pdfemb-viewer\" style=\"\" data-width=\"max\" data-height=\"max\" data-toolbar=\"top\" data-toolbar-fixed=\"on\">Premio Letterario-programma-2021-def_bassa<\/a>\n<p>&nbsp;<\/p>\n<p>&nbsp;<\/p>\n<hr \/>\n<p>&nbsp;<\/p>\n<blockquote>\n<h3>DAI GIOVANI ALLA TRANSIZIONE ECOLOGICA<\/h3>\n<\/blockquote>\n<p><b><a href=\"https:\/\/www.radiopiu.net\/wordpress\/giornale-radiopiu-22-giugno-2021-direttore-mirko-mezzacasa\/testata-newsletter-spi-bl-002\/\" rel=\"attachment wp-att-217406\"><img loading=\"lazy\" decoding=\"async\" class=\" wp-image-217406 alignleft\" src=\"https:\/\/www.radiopiu.net\/wordpress\/wp-content\/uploads\/2021\/06\/testata-newsletter-SPI-BL-002-300x101.jpg\" alt=\"\" width=\"282\" height=\"95\" srcset=\"https:\/\/www.radiopiu.net\/wordpress\/wp-content\/uploads\/2021\/06\/testata-newsletter-SPI-BL-002-300x101.jpg 300w, https:\/\/www.radiopiu.net\/wordpress\/wp-content\/uploads\/2021\/06\/testata-newsletter-SPI-BL-002-1024x344.jpg 1024w, https:\/\/www.radiopiu.net\/wordpress\/wp-content\/uploads\/2021\/06\/testata-newsletter-SPI-BL-002-768x258.jpg 768w, https:\/\/www.radiopiu.net\/wordpress\/wp-content\/uploads\/2021\/06\/testata-newsletter-SPI-BL-002.jpg 1082w\" sizes=\"auto, (max-width: 282px) 100vw, 282px\" \/><\/a>BELLUNO <\/b>Oggi dalle 11 diretta &#8220;Il recovery plan dai giovani alla transizione ecologica&#8221;, sulla pagina Facebook e sul canale YouTube #DolomitiHub. Abbiamo sentito tanto parlare di \u201crecovery plan\u201d e Recovery Fund al telegiornale, alla radio, lo abbiamo letto sui giornali. Ma sappiamo davvero di cosa si tratta? Ecco un\u2019occasione per conoscerlo. Lo Spi Cgil Belluno, Dolomiti Hub e Next Nuova Economia per tutti promuovono questo momento formativo all\u2019interno del laboratorio \u201cConoscere le amministrazioni. Lo Spi Cgil incontra le\/i giovani\u201d.Dopo l\u2019introduzione di Maria Rita Gentilin, segretaria generale di Spi Cgil Belluno, interverr\u00e0 Valentino Bobbio, segretario generale dell\u2019associazione Next Nuova Economia per Tutti, con esperienza nella formazione e consulenza e da sempre impegnato sui temi della sostenibilit\u00e0 ambientale.<\/p>\n<p>&nbsp;<\/p>\n<p>&nbsp;<\/p>\n<hr \/>\n<div align=\"left\">\n<blockquote>\n<h3><b>NUOVI ORARI E SEDI COVID POINT<\/b><\/h3>\n<\/blockquote>\n<p><strong><a href=\"https:\/\/www.radiopiu.net\/wordpress\/covid-19-aumentata-la-capacita-giornaliera-di-analizzare-tamponi\/tamponi-covid\/\" rel=\"attachment wp-att-123875\"><img loading=\"lazy\" decoding=\"async\" class=\"size-medium wp-image-123875 alignleft\" src=\"https:\/\/www.radiopiu.net\/wordpress\/wp-content\/uploads\/2020\/03\/TAMPONI-COVID-300x200.jpg\" alt=\"\" width=\"300\" height=\"200\" srcset=\"https:\/\/www.radiopiu.net\/wordpress\/wp-content\/uploads\/2020\/03\/TAMPONI-COVID-300x200.jpg 300w, https:\/\/www.radiopiu.net\/wordpress\/wp-content\/uploads\/2020\/03\/TAMPONI-COVID-1024x684.jpg 1024w, https:\/\/www.radiopiu.net\/wordpress\/wp-content\/uploads\/2020\/03\/TAMPONI-COVID-768x513.jpg 768w, https:\/\/www.radiopiu.net\/wordpress\/wp-content\/uploads\/2020\/03\/TAMPONI-COVID.jpg 1102w\" sizes=\"auto, (max-width: 300px) 100vw, 300px\" \/><\/a><\/strong><\/p>\n<p>Da luned\u00ec 28 giugno riordino con leggero ampliamento dell\u2019offerta dei covid point tampone. Il nuovo assetto \u00e8 il seguente: Covid Point <b>Belluno-Ospedale<\/b> (drive-in San Gervasio): tutti i giorni, festivi inclusi, dalle 8.30 alle 12.30 Covid Point <b>Feltre-Anz\u00f9<\/b>: dal luned\u00ec al sabato (festivi esclusi), dalle 8.30 alle 12.30 Covid Point <b>Agordo-Tamonich<\/b>: marted\u00ec, gioved\u00ec e sabato (festivi esclusi), dalle 9.00 alle 10.00 Covid Point <b>Tai di Cadore<\/b>: marted\u00ec, gioved\u00ec e sabato (festivi esclusi), dalle 13.00 alle 15.00<\/p>\n<blockquote><p><em>Il principale elemento di novit\u00e0 \u00e8 rappresentato dallo spostamento all\u2019ospedale San Martino del punto tamponi di Paludi, con la finalit\u00e0 di liberare spazi mattutini a Paludi per la campagna vaccinale.<\/em><\/p><\/blockquote>\n<h3 style=\"text-align: left;\" align=\"CENTER\"><span style=\"font-size: x-large;\"><b>\u00a0<\/b><\/span><\/h3>\n<h3 style=\"text-align: left;\" align=\"CENTER\"><span style=\"font-size: x-large;\"><b>Nuovi posti prenotabili per under 60:<\/b><\/span><b style=\"font-size: x-large;\">Vaccinati per un\u2019estate sicura e un autunno sereno<\/b><\/h3>\n<p><strong>BELLUNO<\/strong> Sono stati attivati ulteriori 2.500 posti per la vaccinazione anti covid, tra il 28 giugno e il 4 luglio, per persone con meno di 60 anni con vaccino mRNA prenotabili dal portale regionale o dal sito www.aulss1.veneto.it. L&#8217;Ulss Dolomiti invita tutte le persone non ancora vaccinate a prenotare velocamente il proprio vaccino per vivere in sicurezza e libert\u00e0 l&#8217;estate e prepararsi a un autunno sereno. Si ricorda che il vaccino \u00e8 raccomandato dai 12 anni in poi e che da accesso alla Certificazione Verde (Green Pass), che rende pi\u00f9 semplice l&#8217;accesso a eventi e strutture. Coloro che hanno appuntamento a fine luglio\/agosto, possono anticipare l\u2019appuntamento cancellando la prenotazione in essere attrverso il link presente nella mail di conferma e anticipare la vaccinazione con nuova prenotazione nei prossimi giorni<\/p>\n<p>&nbsp;<\/p>\n<\/div>\n<hr \/>\n<p>&nbsp;<\/p>\n<blockquote>\n<h3>TEST ANTIGIENICI NELLE FARMACIE A BELLUNO,CORTINA, FELTRE, ALPAGO, VALBELLUNA E CADORE<\/h3>\n<\/blockquote>\n<p><a href=\"https:\/\/www.radiopiu.net\/wordpress\/azienda-agordo-servizi-farmacia-e-asilo-nido-bilancio-in-positivo\/farmacia-2\/\" rel=\"attachment wp-att-84142\"><img loading=\"lazy\" decoding=\"async\" class=\"size-full wp-image-84142 alignleft\" src=\"https:\/\/www.radiopiu.net\/wordpress\/wp-content\/uploads\/2019\/04\/FARMACIA.jpg\" alt=\"\" width=\"295\" height=\"171\" \/><\/a><strong>BELLUNO<\/strong> Con l\u2019avvio della stagione turistica ecco le Farmacie che ad oggi hanno aderito al Protocollo di Intesa per l&#8217;esecuzione del test antigenico rapido: <strong>BELLUNO<\/strong>\u00a0FARMACIE CHIMENTI e FARMACIA VENEGGIA <strong>CORTINA<\/strong><u> \u00a0<\/u>FARMACIA SAN GIORGIO e\u00a0 FARMACIA INTERNAZIONALE\u00a0 <strong>FELTRE<\/strong> FARMACIA COMUNALE e\u00a0 FARMACIA MINCIOTTI <strong>ALPAGO<\/strong><u> <\/u>FARMACIA PHARMA FUTURE <strong>LIMANA <\/strong>FARMACIA SMERIERI <strong>TRICHIANA<\/strong> DOLOMITI sas <strong>SEDICO<\/strong>\u00a0 FARMACIA DR. ARRIGONI DOMINGO <strong>SEREN DEL GRAPPA <\/strong>FARMACIA MAZZOCCATO DR.SSA GIULIA <strong>BORGO VALBELLUNA <\/strong>FARMACIA AL CASTELLO <strong>VALLE DI CADORE <\/strong>FARMACIA SORAVIA <strong>AURONZO<\/strong> ENTE COOP. DI MUTUO SOCCORSO <strong>LOZZO DI CADORE<\/strong> DOLOMITI. L\u2019iniziativa \u00e8 rivolta ai cittadini che, a titolo totalmente volontario, intendono sottoporsi all\u2019effettuazione del test antigenico rapido, senza necessit\u00e0 di presentare ricetta medica e a proprio carico. Il costo della prestazione non pu\u00f2 superare l\u2019importo di\u00a0 22\u00a0 euro.Rimangono invariate le modalit\u00e0 di esecuzione dei tamponi presso i siti individuati dalla ULSS 1 Dolomiti, su prescrizione del Medico di Medicina Generale o Pediatra di Libera Scelta o su invito del Dipartimento di Prevenzione dell\u2019ULSS. Dal 7 giugno le farmacie territoriali effettuano tamponi anche a favore di cittadini italiani non assistiti in Veneto e di cittadini stranieri. Le farmacie, effettuato il tampone antigenico, rilasciano il relativo certificato.<\/p>\n<p>&nbsp;<\/p>\n<div><\/div>\n<div>\n<p>&nbsp;<\/p>\n<\/div>\n<hr \/>\n<p>&nbsp;<\/p>\n<blockquote>\n<h3>A LIVINALLONGO PARTE LA RACCOLTA DELLE DOCUMENTAZIONI PER I RISTORI DEI DANNI SUBITI DAL MALTEMPO DAL 12 AL 29 NOVEMBRE 2019<\/h3>\n<\/blockquote>\n<p><strong><a href=\"https:\/\/www.radiopiu.net\/wordpress\/il-minuto-di-silenzo-a-belluno-feltre-e-in-tutto-lagordino\/minuto-silenzio-municipio-livinallongo\/\" rel=\"attachment wp-att-126458\"><img loading=\"lazy\" decoding=\"async\" class=\" wp-image-126458 alignleft\" src=\"https:\/\/www.radiopiu.net\/wordpress\/wp-content\/uploads\/2020\/03\/MINUTO-SILENZIO-MUNICIPIO-LIVINALLONGO-267x300.jpg\" alt=\"\" width=\"147\" height=\"165\" srcset=\"https:\/\/www.radiopiu.net\/wordpress\/wp-content\/uploads\/2020\/03\/MINUTO-SILENZIO-MUNICIPIO-LIVINALLONGO-267x300.jpg 267w, https:\/\/www.radiopiu.net\/wordpress\/wp-content\/uploads\/2020\/03\/MINUTO-SILENZIO-MUNICIPIO-LIVINALLONGO-768x863.jpg 768w, https:\/\/www.radiopiu.net\/wordpress\/wp-content\/uploads\/2020\/03\/MINUTO-SILENZIO-MUNICIPIO-LIVINALLONGO.jpg 854w\" sizes=\"auto, (max-width: 147px) 100vw, 147px\" \/><\/a>LIVINALLONGO <\/strong>\u00c8 iniziata la raccolta dei moduli inerenti ai danni subiti dal maltempo tra il 12 e il 29 novembre 2019. I proprietari dei beni mobili registrati danneggiati nel territorio comunale di Livinallongo del Col di Lana durante le eccezionali avversit\u00e0 atmosferiche possono effettuare segnalazione dei danni subiti e richiesta di contributo esclusivamente tramite la compilazione del modulo di istanza che possono trovare presso l&#8217;ufficio comunale. I moduli regolarmente compilati e sottoscritti, dovranno essere consegnati entro le 12 di luned\u00ec 12 luglio 2021 presso l&#8217;ufficio protocollo del Comune di Livinallongo del Col di Lana oppure mediante posta certificata a <a href=\"mailto:sindaco.comune.livinallongo.bl@pecveneto.it\">sindaco.comune.livinallongo.bl@pecveneto.it<\/a> specificando nell&#8217;oggetto \u201cEvento 12 &#8211; 29 novembre 2019. Istanza di contributo per beni immobili registrati\u201d. Per informazioni chiamare il numero 0436\/7193 interno 2<\/p>\n<p>&nbsp;<\/p>\n<p>&nbsp;<\/p>\n<hr \/>\n<p>&nbsp;<\/p>\n<blockquote>\n<h3>RICHIESTA DANNI SUBITI DOPO IL MALTEMPO DELLO SCORSO DICEMBRE<\/h3>\n<\/blockquote>\n<p><strong>FELTRE<\/strong> I privati cittadini residenti nel Comune di Feltre che hanno subito danni a beni mobili registrati (quali ad esempio: auto, moto, mezzi di lavoro, altri mezzi di trasporto privati&#8230; ) durante l&#8217;evento meteo del 4-6 dicembre 2020, possono effettuare richiesta di contributo regionale finalizzato al ristoro dei danni stessi, fatto salvo il pieno rispetto dei requisiti e delle modalita\u0300 indicate.<\/p>\n<p><strong>PER LEGGERE L&#8217;AVVISO DEL COMUNE DI FELTRE <a href=\"https:\/\/www.radiopiu.net\/wordpress\/wp-content\/uploads\/2021\/06\/Avviso-pubblico-ristoro-beni-mobili-evento-dic-2020.pdf\">CLICCA QUI<\/a><\/strong><\/p>\n<p>&nbsp;<\/p>\n<p>&nbsp;<\/p>\n<hr \/>\n<p>&nbsp;<\/p>\n<blockquote>\n<h3>LUNEDI&#8217; IL CONSIGLIO DELL&#8217;UNIONE MONTANA<\/h3>\n<\/blockquote>\n<p><strong>DI GIANNI SANTOMASO\u00a0<\/strong><\/p>\n<audio class=\"wp-audio-shortcode\" id=\"audio-218087-10\" preload=\"none\" style=\"width: 100%;\" controls=\"controls\"><source type=\"audio\/mpeg\" src=\"https:\/\/www.radiopiu.net\/wordpress\/wp-content\/uploads\/2021\/06\/gianni-unione.mp3?_=10\" \/><a href=\"https:\/\/www.radiopiu.net\/wordpress\/wp-content\/uploads\/2021\/06\/gianni-unione.mp3\">https:\/\/www.radiopiu.net\/wordpress\/wp-content\/uploads\/2021\/06\/gianni-unione.mp3<\/a><\/audio>\n<p>&nbsp;<\/p>\n<p><strong>AGORDO<\/strong> Il Presidente dell&#8217;Unione Montana Agordina Michele Costa ha convocato i consiglieri per luned\u00ec alle 20 in videoconferenza. Sar\u00e0 un consiglio breve con soli 2 punti da discutere. Si parler\u00e0 principalmente di rifiuti con l&#8217;approvazione del piano economico finanziario e le tariffe corrispettive all&#8217;anno 2021.<\/p>\n<p>&nbsp;<\/p>\n<hr \/>\n<p>&nbsp;<\/p>\n<blockquote>\n<h3>IL CONSIGLIO COMUNALE CHIAMATO AD APPROVARE L&#8217;ORDINE DELGIORNO SULLA CARENZA DI SEGRETARI COMUNALI<\/h3>\n<\/blockquote>\n<p><strong>ALLEGHE<\/strong> Il sindaco Danilo De Toni ha convocato il consiglio comunale per mercoledi alle 20. All&#8217;ordine del giorno la variazione al bilancio, l&#8217;approvazione del rendiconto dell&#8217;Azienda Speciale Consortile Agordina (Asca);\u00a0 riconoscimento della cittadinanza onoraria al milite ignoto; approvazione ordine del giorno sulla carenza sei segretari comunali, Alleghe ne \u00e8 l&#8217;esempio.<\/p>\n<p>&nbsp;<\/p>\n<hr \/>\n<p>&nbsp;<\/p>\n<blockquote>\n<h3>ANCHE IL SINDACO NINO DEON PROPONE LA CITTADINANZA ONORARIA PER IL MILITE IGNOTO<\/h3>\n<\/blockquote>\n<p><strong>RIVAMONTE<\/strong>\u00a0 Cos\u00ec a Rivamonte e nel resto del Paese con il consiglio comunale chiamato ad approvare la delibera che riconosce il milite ignoto cittadino onorario, sar\u00e0 uno dei temi del consiglio comunale di mercoledi alle 18.30, all&#8217;ordine del giorno la seconda variazione al bilancio, l&#8217;approvazione del rendiconto e della gestione finanziaria 2020<\/p>\n<p>&nbsp;<\/p>\n<hr \/>\n<p>&nbsp;<\/p>\n<blockquote>\n<h3>IL RITORNO ALLA SEDE COMUNALE<\/h3>\n<p><strong>COLLE SANTA LUCIA<\/strong>\u00a0 Il Sindaco Paolo Frena ha convocato il consiglio comunale per mercoledi alle 18, in discussione il bilancio, il rendiconto finanziario, l&#8217;approvazione del bilancio Asca e il regolamento edilizio.<\/p><\/blockquote>\n<p>&nbsp;<\/p>\n<p>&nbsp;<\/p>\n<hr \/>\n<p>&nbsp;<\/p>\n<blockquote>\n<h3>DOMENICA L&#8217;ASSEMBLEA ANNUALE DEL GAV<\/h3>\n<\/blockquote>\n<p><strong>AGORDO<\/strong> Domani mattina alle 11:10 presso la sala Framont del Centro Parrocchiale Mons. Savio di Agordo si terr\u00e0 l&#8217;assemblea annuale del GAV. Il presidente Sisto Da Roit ha messo in discussione 8 punti all&#8217;ordine del giorno tra cui la relazione delle attivit\u00e0 2020 e il bilancio consuntivo 2020 e preventivo 2021. Prima dell&#8217;assemblea la messa in ricordo dei volontari defunti.<\/p>\n<p>&nbsp;<\/p>\n<p>&nbsp;<\/p>\n<hr \/>\n<p>&nbsp;<\/p>\n<blockquote>\n<h3>GLI APPUNTAMENTI DELLA BIBLIOTECA DI LIMANA<\/h3>\n<\/blockquote>\n<p><strong>LIMANA <\/strong><span style=\"color: #000000;\">Il Comune di Limana \u00e8 lieto di presentare la nuova edizione della rassegna <i>Al calar della sera &#8230; in Biblioteca! <\/i><\/span><span style=\"color: #000000;\">Durante tutti i gioved\u00ec di luglio la Biblioteca di Limana sar\u00e0 aperta dalle 17.00 alle 21.30 e verranno proposti vari eventi. Prenotazione obbligatoria per tutti gli eventi, posti limitati. Per informazioni www.biblioteca.limana.org<\/span><\/p>\n<p><strong>IL CALENDARIO DEGLI EVENTI<\/strong><\/p>\n<a href=\"https:\/\/www.radiopiu.net\/wordpress\/wp-content\/uploads\/2021\/06\/Al-calar-della-sera-in-Biblioteca-2021.pdf\" class=\"pdfemb-viewer\" style=\"\" data-width=\"max\" data-height=\"max\" data-toolbar=\"top\" data-toolbar-fixed=\"on\">Al calar della sera in Biblioteca 2021<\/a>\n<p>&nbsp;<\/p>\n<p>&nbsp;<\/p>\n<p>&nbsp;<\/p>\n<hr \/>\n<p>&nbsp;<\/p>\n<blockquote>\n<h3><a href=\"https:\/\/www.radiopiu.net\/wordpress\/quando-il-centro-estivo-fa-il-pieno\/whatsapp-image-2020-08-04-at-17-23-46\/\" rel=\"attachment wp-att-216713\"><img loading=\"lazy\" decoding=\"async\" class=\"wp-image-216713 alignleft\" src=\"https:\/\/www.radiopiu.net\/wordpress\/wp-content\/uploads\/2021\/06\/WhatsApp-Image-2020-08-04-at-17.23.46-300x225.jpeg\" alt=\"\" width=\"137\" height=\"103\" srcset=\"https:\/\/www.radiopiu.net\/wordpress\/wp-content\/uploads\/2021\/06\/WhatsApp-Image-2020-08-04-at-17.23.46-300x225.jpeg 300w, https:\/\/www.radiopiu.net\/wordpress\/wp-content\/uploads\/2021\/06\/WhatsApp-Image-2020-08-04-at-17.23.46-1024x768.jpeg 1024w, https:\/\/www.radiopiu.net\/wordpress\/wp-content\/uploads\/2021\/06\/WhatsApp-Image-2020-08-04-at-17.23.46-768x576.jpeg 768w, https:\/\/www.radiopiu.net\/wordpress\/wp-content\/uploads\/2021\/06\/WhatsApp-Image-2020-08-04-at-17.23.46-1536x1152.jpeg 1536w, https:\/\/www.radiopiu.net\/wordpress\/wp-content\/uploads\/2021\/06\/WhatsApp-Image-2020-08-04-at-17.23.46.jpeg 1600w\" sizes=\"auto, (max-width: 137px) 100vw, 137px\" \/><\/a>LE ATTIVITA&#8217; DI VOLONTARIATO DI SCUOLE IN RETE<\/h3>\n<\/blockquote>\n<p><strong>BELLUNO<\/strong> Dal primo luglio ritornano le tradizionali attivit\u00e0 di volontariato informatico delle Scuole in Rete, tramite le quali gli studenti e i volontari dell&#8217;Associazione Amici delle Scuole in Rete tenteranno di limitare il gap generazionale e sostenere adulti, anziani e associazioni nell&#8217;acquisizione delle competenze digitali per l&#8217;uso dello smartphone o del computer, ma anche di recuperare e ringiovanire\u00a0 vecchi pc dismessi dalle aziende a beneficio di famiglie e associazioni.\u00a0 Le iscrizioni online sul sito www.studentibelluno.it, oppure presso lo sportello del cittadino di Belluno<\/p>\n<p>&nbsp;<\/p>\n<p>&nbsp;<\/p>\n<hr \/>\n<p>&nbsp;<\/p>\n<blockquote>\n<h3>IL CENTRO DIURNO LE CASETTE ALLA MOSTRA DELL&#8217;ARTIGIANATO<\/h3>\n<\/blockquote>\n<p><strong>FELTRE<\/strong> Il Centro Diurno\u00a0 \u00a0\u201cLe casette\u201d partecipa anche quest\u2019anno alla Mostra dell\u2019Artigiano al n\u00b033 del Monte di Piet\u00e0 in Via Paradiso, saranno esposti i lavori eseguiti durante il laboratorio grafico pittorico espressivo manuale. La partecipazione alla Mostra dell\u2019Artigianato \u00e8 un valore aggiunto all\u2019attivit\u00e0 del Centro in quanto contribuisce a valorizzare e gratificare gli utenti e le loro famiglie e, nel contempo, a dare visibilit\u00e0 al Centro stesso nel contesto sociale in cui opera.<\/p>\n<p>&nbsp;<\/p>\n<blockquote>\n<p align=\"JUSTIFY\"><span style=\"color: #000000;\"><span style=\"font-family: Helvetica Neue, serif;\"><span style=\"font-size: small;\"><span style=\"font-family: Calibri, serif;\"><span style=\"font-size: large;\"><b>ULSS 1 \u201cDolomiti\u201d, Comune di Feltre e Mostra dell\u2019Artigianato insieme per la sensibilizzazione ai comportamenti corretti nella prevenzione del Covid.<\/b><\/span><\/span><\/span><\/span><\/span><\/p>\n<\/blockquote>\n<p align=\"JUSTIFY\"><span style=\"color: #000000;\"><span style=\"font-family: Helvetica Neue, serif;\"><span style=\"font-size: small;\"><span style=\"font-family: Calibri, serif;\"><span style=\"font-size: large;\">Di concerto con il Comune di Feltre e il Comitato Organizzatore della Mostra dell\u2019Artigianato, l\u2019Azienda Sanitaria sar\u00e0 presente all\u2019interno della cittadella nelle giornate di <\/span><\/span><span style=\"font-family: Calibri, serif;\"><span style=\"font-size: large;\">sabato 26 e domenica 27 giugno dalle ore 16 alle ore 20 <\/span><\/span><span style=\"font-family: Calibri, serif;\"><span style=\"font-size: large;\">con un punto informativo, attrezzato anche per l\u2019esecuzione di <\/span><\/span><span style=\"font-family: Calibri, serif;\"><span style=\"font-size: large;\">tamponi \u201crapidi\u201d antigenici<\/span><\/span><span style=\"font-family: Calibri, serif;\"><span style=\"font-size: large;\">, <\/span><\/span><span style=\"font-family: Calibri, serif;\"><span style=\"font-size: large;\">su base volontaria e in modo gratuito <\/span><\/span><\/span><\/span><\/span><span style=\"color: #000000;\"><span style=\"font-family: Helvetica Neue, serif;\"><span style=\"font-size: small;\"><span style=\"font-family: Calibri, serif;\"><span style=\"font-size: large;\">La postazione sanitaria sar\u00e0 posizionata in piazzetta De Boni, lungo via Mezzaterra.<\/span><\/span><\/span><\/span><\/span><\/p>\n<p>&nbsp;<\/p>\n<p>&nbsp;<\/p>\n<hr \/>\n<p>&nbsp;<\/p>\n<h3><strong><a href=\"https:\/\/www.radiopiu.net\/wordpress\/al-via-le-prenotazioni-per-il-concerto-la-mia-terra-con-roby-facchinetti\/6d2f3eca-51eb-475d-a53d-f8cc7852afd5\/\" rel=\"attachment wp-att-216089\"><img loading=\"lazy\" decoding=\"async\" class=\" wp-image-216089 alignleft\" src=\"https:\/\/www.radiopiu.net\/wordpress\/wp-content\/uploads\/2021\/06\/6d2f3eca-51eb-475d-a53d-f8cc7852afd5-300x300.jpg\" alt=\"\" width=\"169\" height=\"169\" srcset=\"https:\/\/www.radiopiu.net\/wordpress\/wp-content\/uploads\/2021\/06\/6d2f3eca-51eb-475d-a53d-f8cc7852afd5-300x300.jpg 300w, https:\/\/www.radiopiu.net\/wordpress\/wp-content\/uploads\/2021\/06\/6d2f3eca-51eb-475d-a53d-f8cc7852afd5-150x150.jpg 150w, https:\/\/www.radiopiu.net\/wordpress\/wp-content\/uploads\/2021\/06\/6d2f3eca-51eb-475d-a53d-f8cc7852afd5-768x768.jpg 768w, https:\/\/www.radiopiu.net\/wordpress\/wp-content\/uploads\/2021\/06\/6d2f3eca-51eb-475d-a53d-f8cc7852afd5.jpg 1024w\" sizes=\"auto, (max-width: 169px) 100vw, 169px\" \/><\/a><\/strong>AL VIA LE PRENOTAZIONI PER IL CONCERTO &#8220;LA MIA TERRA&#8221; CON ROBY FACCHINETTI<\/h3>\n<p><em>Regione Veneto, Provincia di Belluno, Comune di Falcade, Pro Loco Falcade Caviola, PromoFalcade Dolomiti e Ski Area San Pellegrino.<\/em><\/p>\n<p><strong>FALCADE <\/strong>\u00a0Diretti dal Maestro Diego Basso un centinaio di artisti tra musicisti e coristi dell\u2019Orchestra Ritmico Sinfonica Italiana e Le Voci di Art Voice Academy.\u00a0 L\u2019accesso all\u2019area del concerto e\u0300 raggiungibile solo su prenotazione, tramite il sito: <a href=\"https:\/\/www.falcadedolomiti.it\/falcade-e-il-concerto-la-mia-terra\/\">https:\/\/www.falcadedolomiti.it\/falcade-e-il-concerto-la-mia-terra\/\u00a0<\/a><\/p>\n<p>&nbsp;<\/p>\n<p>&nbsp;<\/p>\n<hr \/>\n<p>&nbsp;<\/p>\n<blockquote>\n<h3><a href=\"https:\/\/www.radiopiu.net\/wordpress\/giornale-radiopiu-17-giugno-2021-direttore-mirko-mezzacasa\/aaa_offesi_edizione_2020\/\" rel=\"attachment wp-att-216401\"><img loading=\"lazy\" decoding=\"async\" class=\"wp-image-216401 alignleft\" src=\"https:\/\/www.radiopiu.net\/wordpress\/wp-content\/uploads\/2021\/06\/Aaa_Offesi_edizione_2020-300x178.jpg\" alt=\"\" width=\"202\" height=\"120\" srcset=\"https:\/\/www.radiopiu.net\/wordpress\/wp-content\/uploads\/2021\/06\/Aaa_Offesi_edizione_2020-300x178.jpg 300w, https:\/\/www.radiopiu.net\/wordpress\/wp-content\/uploads\/2021\/06\/Aaa_Offesi_edizione_2020.jpg 521w\" sizes=\"auto, (max-width: 202px) 100vw, 202px\" \/><\/a>ESTATE UTILE E CREATIVA PER I GIOVANI DEL TERRITORIO<\/h3>\n<\/blockquote>\n<p><strong>PONTE NELLE ALPI<\/strong>\u00a0 Torna il progetto Aaa Offresi, promosso dal Comune di Ponte nelle Alpi: i laboratori creativi e le attivit\u00e0 di manutenzione si svilupperanno da luned\u00ec 5 luglio alla prima settimana di settembre.<\/p>\n<p>sito www.comune.pontenellealpi.bl.it.<\/p>\n<p>&nbsp;<\/p>\n<p>&nbsp;<\/p>\n<p>&nbsp;<\/p>\n<hr \/>\n<p>&nbsp;<\/p>\n<blockquote>\n<h3>LA MOSTRA &#8220;IL GIAPPONE IN PUNTA DI NASO&#8221;<\/h3>\n<\/blockquote>\n<p><a href=\"https:\/\/www.radiopiu.net\/wordpress\/giornale-radiopiu-25-giugno-2021-direttore-mirko-mezzacasa\/occhiale-orientale-ad-arco\/\" rel=\"attachment wp-att-217978\"><img loading=\"lazy\" decoding=\"async\" class=\"wp-image-217978 alignleft\" src=\"https:\/\/www.radiopiu.net\/wordpress\/wp-content\/uploads\/2021\/06\/Fig.31-300x225.jpg\" alt=\"\" width=\"131\" height=\"98\" srcset=\"https:\/\/www.radiopiu.net\/wordpress\/wp-content\/uploads\/2021\/06\/Fig.31-300x225.jpg 300w, https:\/\/www.radiopiu.net\/wordpress\/wp-content\/uploads\/2021\/06\/Fig.31-1024x768.jpg 1024w, https:\/\/www.radiopiu.net\/wordpress\/wp-content\/uploads\/2021\/06\/Fig.31-768x576.jpg 768w, https:\/\/www.radiopiu.net\/wordpress\/wp-content\/uploads\/2021\/06\/Fig.31-1536x1152.jpg 1536w, https:\/\/www.radiopiu.net\/wordpress\/wp-content\/uploads\/2021\/06\/Fig.31-2048x1536.jpg 2048w\" sizes=\"auto, (max-width: 131px) 100vw, 131px\" \/><\/a><strong>PIEVE DI CADORE<\/strong> Sabato 3 luglio, alle ore 18.00 si terra\u0300 l\u2019inaugurazione della mostra Il Giappone in punta di naso. Gli occhiali nel paese del Sol Levante, presso la sede della Fondazione Museo dell\u2019Occhiale onlus a Pieve di Cadore. L\u2019esposizione sara\u0300 visitabile a partire dal 4 luglio fino al 6 gennaio 2022, e prevede una serie di attivita\u0300 a corollario, da quelle laboratoriali per i bambini, agli approfondimenti sulla storia e la cultura giapponese, alle visite guidate a tema. La mostra, fino al 30 settembre, sara\u0300 visitabile tutti i giorni dalle ore 9.30 alle ore 12.30 e dalle 15.30 alle ore 18.30.<\/p>\n<div class=\"page\" title=\"Page 1\">\n<div class=\"layoutArea\">\n<div class=\"column\">\n<p>&nbsp;<\/p>\n<p>&nbsp;<\/p>\n<p>&nbsp;<\/p>\n<\/div>\n<\/div>\n<\/div>\n<hr \/>\n<p>&nbsp;<\/p>\n<blockquote>\n<h3>TRA FELTRO E FELTRE&#8230;DANTE CON IL LIBRO PARLATO DI FELTRE<\/h3>\n<\/blockquote>\n<p><strong>FELTRE<\/strong> \u00c8 in programma per domenica 4 luglio alle 17:30 &#8220;Tra Feltro e Feltre&#8230;700 anni dalla morte di Dante&#8221;, la lettura della Divina Commedia, La Vita Nova, Le Rime e le Epistole in Chiesa San Rocco nella Piazza Maggiore di Feltre con le voci dei Libri Parlanti Luisa Alchini, Ornella Favretti, Annunciata Olivieri, Enis Pocchetto, Maria Teresa Totti e Mauro Viani. Per informazioni www.libroparlato.org oppure www.fondacofeltre.it<\/p>\n<p>&nbsp;<\/p>\n<p>&nbsp;<\/p>\n<hr \/>\n<p>&nbsp;<\/p>\n<h1><span style=\"color: #ff0000;\">LE DIRETTE DI RADIO PIU\u00a0<\/span><\/h1>\n<p>&nbsp;<\/p>\n<h2>CONSIGLIO COMUNALE DI CANALE D&#8217;AGORDO<\/h2>\n<blockquote class=\"wp-embedded-content\" data-secret=\"KW4IpTYtUP\"><p><a href=\"https:\/\/www.radiopiu.net\/wordpress\/il-consiglio-comunale-di-canale-dagordo-in-diretta\/\">IL CONSIGLIO COMUNALE DI CANALE D\u2019AGORDO IN DIRETTA<\/a><\/p><\/blockquote>\n<p><iframe loading=\"lazy\" class=\"wp-embedded-content\" sandbox=\"allow-scripts\" security=\"restricted\" style=\"position: absolute; clip: rect(1px, 1px, 1px, 1px);\" title=\"&#8220;IL CONSIGLIO COMUNALE DI CANALE D\u2019AGORDO IN DIRETTA&#8221; &#8212; Radio Pi\u00f9\" src=\"https:\/\/www.radiopiu.net\/wordpress\/il-consiglio-comunale-di-canale-dagordo-in-diretta\/embed\/#?secret=KW4IpTYtUP\" data-secret=\"KW4IpTYtUP\" width=\"600\" height=\"338\" frameborder=\"0\" marginwidth=\"0\" marginheight=\"0\" scrolling=\"no\"><\/iframe><\/p>\n<h2><\/h2>\n<h2>CONSIGLIO COMUNALE DI FALCADE<\/h2>\n<blockquote class=\"wp-embedded-content\" data-secret=\"xmBjYLdhxW\"><p><a href=\"https:\/\/www.radiopiu.net\/wordpress\/consiglio-comunale-di-falcade-diretta-radio-piu-2\/\">CONSIGLIO COMUNALE DI FALCADE diretta radio pi\u00f9<\/a><\/p><\/blockquote>\n<p><iframe loading=\"lazy\" class=\"wp-embedded-content\" sandbox=\"allow-scripts\" security=\"restricted\" style=\"position: absolute; clip: rect(1px, 1px, 1px, 1px);\" title=\"&#8220;CONSIGLIO COMUNALE DI FALCADE diretta radio pi\u00f9&#8221; &#8212; Radio Pi\u00f9\" src=\"https:\/\/www.radiopiu.net\/wordpress\/consiglio-comunale-di-falcade-diretta-radio-piu-2\/embed\/#?secret=xmBjYLdhxW\" data-secret=\"xmBjYLdhxW\" width=\"600\" height=\"338\" frameborder=\"0\" marginwidth=\"0\" marginheight=\"0\" scrolling=\"no\"><\/iframe><\/p>\n<h2><\/h2>\n<h2>CONSIGLIO COMUNALE DI GOSALDO<\/h2>\n<blockquote class=\"wp-embedded-content\" data-secret=\"J8af6HkVoh\"><p><a href=\"https:\/\/www.radiopiu.net\/wordpress\/consiglio-comunale-di-gosaldo_diretta-radio-piu\/\">CONSIGLIO COMUNALE DI GOSALDO_diretta radio pi\u00f9<\/a><\/p><\/blockquote>\n<p><iframe loading=\"lazy\" class=\"wp-embedded-content\" sandbox=\"allow-scripts\" security=\"restricted\" style=\"position: absolute; clip: rect(1px, 1px, 1px, 1px);\" title=\"&#8220;CONSIGLIO COMUNALE DI GOSALDO_diretta radio pi\u00f9&#8221; &#8212; Radio Pi\u00f9\" src=\"https:\/\/www.radiopiu.net\/wordpress\/consiglio-comunale-di-gosaldo_diretta-radio-piu\/embed\/#?secret=J8af6HkVoh\" data-secret=\"J8af6HkVoh\" width=\"600\" height=\"338\" frameborder=\"0\" marginwidth=\"0\" marginheight=\"0\" scrolling=\"no\"><\/iframe><\/p>\n<h2><\/h2>\n<h2>\u200b<\/h2>\n<p>&nbsp;<\/p>\n<p>&nbsp;<\/p>\n<hr \/>\n<blockquote>\n<h2>LA PITTURA DELL\u2019 \u2018800 NEL BELLUNESE: 4. ITINERARIO DA CORTINA A VILLANOVA<\/h2>\n<\/blockquote>\n<p><strong>di RENATO BONA<\/strong><\/p>\n<p><strong>BELLUNO\u00a0<\/strong> Siamo giunti alla quarta proposta delle sei che Emanuela Rollandini suggerisce nel libro-guida \u201cLa pittura dell\u2019Ottocento nel Bellunese. Itinerari\u201d. E\u2019 quella che porta da Cortina d\u2019Ampezzo a Villanova di Borca di Cadore\u201d e che, come le altre, per dirla con la stessa Rollandini, propone \u201cuna selezione di affreschi, pale d\u2019altare e dipinti da cavalletto che vuole dare conto dei molteplici interventi pittorici ottocenteschi diffusi sul territorio, concentrando l\u2019attenzione sulle presenze artistiche di maggior rilievo\u201d. E proprio per questo la pubblicazione prende in considerazione anche alcuni fondamentali cicli di affreschi conservati in residenze private non accessibili al pubblico. Una puntualizzazione: ogni percorso pu\u00f2 essere seguito nell\u2019arco di una giornata, addentrandosi in un territorio che rivela tesori d\u2019arte e paesaggi incantevoli, cari allo spirito romantico di Giovanni Battista Zannini che nel 1852 descriveva \u201cvedute bellissime, che variano ad ogni volgere di ciglio\u201d. Si parte della chiesa dei santi Filippo e Giacomo a Cortina d\u2019Ampezzo dove \u00e8 presente il cortinese Giuseppe Ghedina (1825-1896) con: \u201cMadonna con il Bambino e i Santi Rocco e Sebastiano\u201d, affresco del 1853; \u201cPredica di San Giovanni Battista\u201d affresco del 1854; \u201cTrinit\u00e0\u201d affresco del 1859, e \u201cSan Giuseppe con il Bambino\u201d 1890 circa, olio su tela. Rollandini ricorda che Ghedina tornava nel paese natale nel 1853, dopo l\u2019Accademia di Belle Arti a Venezia ed i soggiorni di studio a Monaco di Baviera e a Roma; \u201cprobabilmente con l\u2019intento di presentarsi alla committenza locale, si offriva di dipingere la \u2018Madonna con il Bambino e i Santi Sebastiano e Rocco\u2019 per la chiesa parrocchiale, chiedendo di essere ricompensato del solo costo dei colori\u201d. Restiamo nel centro ampezzano per ricordare un altro nativo: Luigi Gillarduzzi (Cortina 1822-Vienna 1856) autore di \u201cCristo deposto\u201d, olio su tela della met\u00e0 del secolo XIX, \u201ccon le figure che si affollano sul primo piano. Cos\u00ec da portare lo spettatore a diretto contatto con il dramma della deposizione\u2026\u201d. E torniamo a Ghedina anzi ai Ghedina visto che Giuseppe coinvolge il fratello Luigi (Cortina 1829-1900) nella decorazione ad affresco della casa di famiglia denominata \u201cCasa de i pupe\u201d con le pareti esterne in cui sono raffigurate scene di genere a rappresentare l\u2019et\u00e0 dell\u2019uomo e allegorie del commercio, delle arti, della musica e del progresso e illustrazioni relative al ciclo della vita. A Cadin, per la chiesa della Beata Vergine della Salute, Giuseppe Ghedina (lo storico prof. Flavio Vizzutti lo ricorda cos\u00ec: nacque a Cortina d\u2019Ampezzo il 1. marzo 1825 da Gaetano, proprietario del rinomato albergo Aquila Nera, e da Maria Rosa Di Pol, primo di undici figli. Grazie al benessere economico della famiglia, nel 1838 si iscrisse ai corsi dell\u2019Accademia di belle arti di Venezia e, l\u2019anno successivo, venne segnalato per la \u2018copia della figura\u2019. Allievo di Ludovico Lipparini, Michelangelo Grigoletti e Francesco Lazzari, negli esami annuali riport\u00f2 segnalazioni e premi tanto da essere annoverato tra i migliori studenti. Da tali maestri medi\u00f2 l\u2019amore profondo per la ritrattistica alla quale seppe sempre conferire un personale tono di pacato intimismo e di partecipazione psicologica. Conobbe e apprezz\u00f2 anche la cultura artistica tedesca coeva tramite il fratello Luigi, che nel 1847 si era recato in Germania per frequentare l\u2019Accademia di belle arti di Monaco di Baviera\u2026) realizza tra il 1895 ed il 1896 l\u2019affresco \u201cMadonna con Bambino e devoti\u201d \u201cultima opera in cui Ghedina si mantiene fedele ai principi del disegno accademico e ad una rigorosa e simmetrica impostazione compositiva\u201d. Lo stesso artista interviene anche nella chiesa di Santa Giuliana ad Alver\u00e0, dipingendo nella seconda met\u00e0 del XIX secolo, l\u2019olio su tela \u201cMadonna con Bambino\u201d, un ex voto della locale comunit\u00e0 salvata dai ripetuti smottamenti che minacciavano la zona a partire dal 1841. Ci spostiamo in territorio di Borca di Cadore e nella chiesa di Villanova, intitolata a San Lorenzo \u201cincontriamo\u201d Tommaso Da Rin (Vigo di Cadore 1838-Venezia 1922), autore dell\u2019olio su tela con la \u201cMadonna della Salute e i santi Tommaso di Villanova e Lorenzo\u201d del 1890 circa. L\u2019autrice evidenzia come Da Rin \u201cha impostato la sua composizione con i palesi richiami alla pittura veneta del Cinquecento sia nella posizione reciproca delle figure, sia nella scelta dell\u2019abside rinascimentale che accoglie il gruppo sacro. I personaggi acquistano per\u00f2 una presenza fisica improntata ad un pi\u00f9 manifesto realismo, particolarmente evidente nei volti espressivi dei santi, caratterizzati come ritratti dal vero. San Lorenzo, titolare della chiesa\u2026\u201d. E conclude l\u2019itinerario segnalando: \u201cA Cortina la \u00e8\u2019Resurrezione dei morti\u2019 di Cosroe Dusi (post 1834) nella cappella del cimitero; il \u2018Ritratto del padre\u2019 e il \u2018Ritratto della madre\u2019 di Giuseppe Ghedina, presso il Museo d\u2019arte moderna Mario Rimoldi; dello stesso autore \u2018Donna veneziana\u2019 e \u2018Donna ampezzana\u2019 nella collezione della Cassa Rurale e Artigiana, e \u2018L\u2019Austria riceve l\u2019omaggio del Tirolo e dei tiratori ampezzani\u2019 presso la sala del Consiglio del Palazzo municipale; nella chiesa di San Lorenzo a Vinigo, poco oltre Borca, le pale con \u2018San Rocco\u2019, \u2018Sant\u2019Osvaldo\u2019, \u2018Madonna con Bambino e i santi Lorenzo e Giuliana\u2019\u201d.<\/p>\n\n\t\t\t<style type='text\/css'>\n\t\t\t\t#gallery-5 {\n\t\t\t\t\tmargin: auto;\n\t\t\t\t}\n\t\t\t\t#gallery-5 .gallery-item {\n\t\t\t\t\tfloat: left;\n\t\t\t\t\tmargin-top: 10px;\n\t\t\t\t\ttext-align: center;\n\t\t\t\t\twidth: 14%;\n\t\t\t\t}\n\t\t\t\t#gallery-5 img {\n\t\t\t\t\tborder: 2px solid #cfcfcf;\n\t\t\t\t}\n\t\t\t\t#gallery-5 .gallery-caption {\n\t\t\t\t\tmargin-left: 0;\n\t\t\t\t}\n\t\t\t\t\/* see gallery_shortcode() in wp-includes\/media.php *\/\n\t\t\t<\/style>\n\t\t<div id='gallery-5' class='dt-gallery-container gallery galleryid-218087 gallery-columns-7 gallery-size-thumbnail'><dl class='gallery-item'>\n\t\t\t\t<dt class='gallery-icon landscape'>\n\t\t\t\t\t<a class=\"rollover rollover-zoom dt-pswp-item\" title=\"205732575_798061960713012_173018913600724323_n\" data-dt-img-description=\"\" data-large_image_width=\"280\" data-large_image_height=\"202\"href='https:\/\/www.radiopiu.net\/wordpress\/wp-content\/uploads\/2021\/06\/205732575_798061960713012_173018913600724323_n.jpg'><img loading=\"lazy\" decoding=\"async\" width=\"150\" height=\"150\" src=\"https:\/\/www.radiopiu.net\/wordpress\/wp-content\/uploads\/2021\/06\/205732575_798061960713012_173018913600724323_n-150x150.jpg\" class=\"attachment-thumbnail size-thumbnail\" alt=\"\" \/><\/a>\n\t\t\t\t<\/dt><\/dl><dl class='gallery-item'>\n\t\t\t\t<dt class='gallery-icon portrait'>\n\t\t\t\t\t<a class=\"rollover rollover-zoom dt-pswp-item\" title=\"203655273_3977962762302611_3574012190222492814_n\" data-dt-img-description=\"\" data-large_image_width=\"151\" data-large_image_height=\"240\"href='https:\/\/www.radiopiu.net\/wordpress\/wp-content\/uploads\/2021\/06\/203655273_3977962762302611_3574012190222492814_n.jpg'><img loading=\"lazy\" decoding=\"async\" width=\"150\" height=\"150\" src=\"https:\/\/www.radiopiu.net\/wordpress\/wp-content\/uploads\/2021\/06\/203655273_3977962762302611_3574012190222492814_n-150x150.jpg\" class=\"attachment-thumbnail size-thumbnail\" alt=\"\" \/><\/a>\n\t\t\t\t<\/dt><\/dl><dl class='gallery-item'>\n\t\t\t\t<dt class='gallery-icon portrait'>\n\t\t\t\t\t<a class=\"rollover rollover-zoom dt-pswp-item\" title=\"206656079_505811027288694_5191288651876394873_n\" data-dt-img-description=\"\" data-large_image_width=\"160\" data-large_image_height=\"201\"href='https:\/\/www.radiopiu.net\/wordpress\/wp-content\/uploads\/2021\/06\/206656079_505811027288694_5191288651876394873_n.jpg'><img loading=\"lazy\" decoding=\"async\" width=\"150\" height=\"150\" src=\"https:\/\/www.radiopiu.net\/wordpress\/wp-content\/uploads\/2021\/06\/206656079_505811027288694_5191288651876394873_n-150x150.jpg\" class=\"attachment-thumbnail size-thumbnail\" alt=\"\" \/><\/a>\n\t\t\t\t<\/dt><\/dl><dl class='gallery-item'>\n\t\t\t\t<dt class='gallery-icon portrait'>\n\t\t\t\t\t<a class=\"rollover rollover-zoom dt-pswp-item\" title=\"205599972_3066621633561390_5802698421262744129_n\" data-dt-img-description=\"\" data-large_image_width=\"155\" data-large_image_height=\"240\"href='https:\/\/www.radiopiu.net\/wordpress\/wp-content\/uploads\/2021\/06\/205599972_3066621633561390_5802698421262744129_n.jpg'><img loading=\"lazy\" decoding=\"async\" width=\"150\" height=\"150\" src=\"https:\/\/www.radiopiu.net\/wordpress\/wp-content\/uploads\/2021\/06\/205599972_3066621633561390_5802698421262744129_n-150x150.jpg\" class=\"attachment-thumbnail size-thumbnail\" alt=\"\" \/><\/a>\n\t\t\t\t<\/dt><\/dl><dl class='gallery-item'>\n\t\t\t\t<dt class='gallery-icon portrait'>\n\t\t\t\t\t<a class=\"rollover rollover-zoom dt-pswp-item\" title=\"206391642_822384521734827_2700303559325396634_n\" data-dt-img-description=\"\" data-large_image_width=\"160\" data-large_image_height=\"225\"href='https:\/\/www.radiopiu.net\/wordpress\/wp-content\/uploads\/2021\/06\/206391642_822384521734827_2700303559325396634_n.jpg'><img loading=\"lazy\" decoding=\"async\" width=\"150\" height=\"150\" src=\"https:\/\/www.radiopiu.net\/wordpress\/wp-content\/uploads\/2021\/06\/206391642_822384521734827_2700303559325396634_n-150x150.jpg\" class=\"attachment-thumbnail size-thumbnail\" alt=\"\" \/><\/a>\n\t\t\t\t<\/dt><\/dl><dl class='gallery-item'>\n\t\t\t\t<dt class='gallery-icon portrait'>\n\t\t\t\t\t<a class=\"rollover rollover-zoom dt-pswp-item\" title=\"205592145_836457220319416_257255074765983729_n\" data-dt-img-description=\"\" data-large_image_width=\"154\" data-large_image_height=\"206\"href='https:\/\/www.radiopiu.net\/wordpress\/wp-content\/uploads\/2021\/06\/205592145_836457220319416_257255074765983729_n.jpg'><img loading=\"lazy\" decoding=\"async\" width=\"150\" height=\"150\" src=\"https:\/\/www.radiopiu.net\/wordpress\/wp-content\/uploads\/2021\/06\/205592145_836457220319416_257255074765983729_n-150x150.jpg\" class=\"attachment-thumbnail size-thumbnail\" alt=\"\" \/><\/a>\n\t\t\t\t<\/dt><\/dl><dl class='gallery-item'>\n\t\t\t\t<dt class='gallery-icon portrait'>\n\t\t\t\t\t<a class=\"rollover rollover-zoom dt-pswp-item\" title=\"207520784_2888076411466569_1779939859862524992_n\" data-dt-img-description=\"\" data-large_image_width=\"152\" data-large_image_height=\"240\"href='https:\/\/www.radiopiu.net\/wordpress\/wp-content\/uploads\/2021\/06\/207520784_2888076411466569_1779939859862524992_n.jpg'><img loading=\"lazy\" decoding=\"async\" width=\"150\" height=\"150\" src=\"https:\/\/www.radiopiu.net\/wordpress\/wp-content\/uploads\/2021\/06\/207520784_2888076411466569_1779939859862524992_n-150x150.jpg\" class=\"attachment-thumbnail size-thumbnail\" alt=\"\" \/><\/a>\n\t\t\t\t<\/dt><\/dl><br style=\"clear: both\" \/><dl class='gallery-item'>\n\t\t\t\t<dt class='gallery-icon landscape'>\n\t\t\t\t\t<a class=\"rollover rollover-zoom dt-pswp-item\" title=\"206196725_339707804183505_3487071271424787751_n\" data-dt-img-description=\"\" data-large_image_width=\"363\" data-large_image_height=\"206\"href='https:\/\/www.radiopiu.net\/wordpress\/wp-content\/uploads\/2021\/06\/206196725_339707804183505_3487071271424787751_n.jpg'><img loading=\"lazy\" decoding=\"async\" width=\"150\" height=\"150\" src=\"https:\/\/www.radiopiu.net\/wordpress\/wp-content\/uploads\/2021\/06\/206196725_339707804183505_3487071271424787751_n-150x150.jpg\" class=\"attachment-thumbnail size-thumbnail\" alt=\"\" \/><\/a>\n\t\t\t\t<\/dt><\/dl><dl class='gallery-item'>\n\t\t\t\t<dt class='gallery-icon portrait'>\n\t\t\t\t\t<a class=\"rollover rollover-zoom dt-pswp-item\" title=\"206441691_4273528459377841_6157908822737166598_n\" data-dt-img-description=\"\" data-large_image_width=\"152\" data-large_image_height=\"206\"href='https:\/\/www.radiopiu.net\/wordpress\/wp-content\/uploads\/2021\/06\/206441691_4273528459377841_6157908822737166598_n.jpg'><img loading=\"lazy\" decoding=\"async\" width=\"150\" height=\"150\" src=\"https:\/\/www.radiopiu.net\/wordpress\/wp-content\/uploads\/2021\/06\/206441691_4273528459377841_6157908822737166598_n-150x150.jpg\" class=\"attachment-thumbnail size-thumbnail\" alt=\"\" \/><\/a>\n\t\t\t\t<\/dt><\/dl><dl class='gallery-item'>\n\t\t\t\t<dt class='gallery-icon portrait'>\n\t\t\t\t\t<a class=\"rollover rollover-zoom dt-pswp-item\" title=\"206836183_2893564720906449_5327639298328507458_n\" data-dt-img-description=\"\" data-large_image_width=\"150\" data-large_image_height=\"247\"href='https:\/\/www.radiopiu.net\/wordpress\/wp-content\/uploads\/2021\/06\/206836183_2893564720906449_5327639298328507458_n.jpg'><img loading=\"lazy\" decoding=\"async\" width=\"150\" height=\"150\" src=\"https:\/\/www.radiopiu.net\/wordpress\/wp-content\/uploads\/2021\/06\/206836183_2893564720906449_5327639298328507458_n-150x150.jpg\" class=\"attachment-thumbnail size-thumbnail\" alt=\"\" \/><\/a>\n\t\t\t\t<\/dt><\/dl><dl class='gallery-item'>\n\t\t\t\t<dt class='gallery-icon portrait'>\n\t\t\t\t\t<a class=\"rollover rollover-zoom dt-pswp-item\" title=\"203872326_660462141576252_289346277216819374_n\" data-dt-img-description=\"\" data-large_image_width=\"151\" data-large_image_height=\"240\"href='https:\/\/www.radiopiu.net\/wordpress\/wp-content\/uploads\/2021\/06\/203872326_660462141576252_289346277216819374_n.jpg'><img loading=\"lazy\" decoding=\"async\" width=\"150\" height=\"150\" src=\"https:\/\/www.radiopiu.net\/wordpress\/wp-content\/uploads\/2021\/06\/203872326_660462141576252_289346277216819374_n-150x150.jpg\" class=\"attachment-thumbnail size-thumbnail\" alt=\"\" \/><\/a>\n\t\t\t\t<\/dt><\/dl><dl class='gallery-item'>\n\t\t\t\t<dt class='gallery-icon portrait'>\n\t\t\t\t\t<a class=\"rollover rollover-zoom dt-pswp-item\" title=\"206181795_1145118685991593_3478092384672549011_n\" data-dt-img-description=\"\" data-large_image_width=\"157\" data-large_image_height=\"296\"href='https:\/\/www.radiopiu.net\/wordpress\/wp-content\/uploads\/2021\/06\/206181795_1145118685991593_3478092384672549011_n.jpg'><img loading=\"lazy\" decoding=\"async\" width=\"150\" height=\"150\" src=\"https:\/\/www.radiopiu.net\/wordpress\/wp-content\/uploads\/2021\/06\/206181795_1145118685991593_3478092384672549011_n-150x150.jpg\" class=\"attachment-thumbnail size-thumbnail\" alt=\"\" \/><\/a>\n\t\t\t\t<\/dt><\/dl><dl class='gallery-item'>\n\t\t\t\t<dt class='gallery-icon landscape'>\n\t\t\t\t\t<a class=\"rollover rollover-zoom dt-pswp-item\" title=\"207187102_507983456918813_1138753249562744024_n\" data-dt-img-description=\"\" data-large_image_width=\"228\" data-large_image_height=\"205\"href='https:\/\/www.radiopiu.net\/wordpress\/wp-content\/uploads\/2021\/06\/207187102_507983456918813_1138753249562744024_n.jpg'><img loading=\"lazy\" decoding=\"async\" width=\"150\" height=\"150\" src=\"https:\/\/www.radiopiu.net\/wordpress\/wp-content\/uploads\/2021\/06\/207187102_507983456918813_1138753249562744024_n-150x150.jpg\" class=\"attachment-thumbnail size-thumbnail\" alt=\"\" \/><\/a>\n\t\t\t\t<\/dt><\/dl>\n\t\t\t\t<br style='clear: both' \/>\n\t\t\t<\/div>\n\n<p>NELLE FOTO (riproduzioni dal libro-guida \u201cLa pittura dell\u2019Ottocento nel Bellunese. Itinerari\u201d): la chiesa dei santi Filippo e Giacomo a Cortina; \u201cMadonna con Bambino e i Santi Rocco e Sebastiano\u201d; \u201cPredica di San Giovanni Battista\u201d; \u201cTrinit\u00e0\u201d, tutti di Giuseppe Ghedina; la \u201cCiasa dei pupe\u201d con i lavori dei fratelli Giuseppe e Luigi Ghedina; un particolare dell\u2019affresco; il \u201cCristo deposto\u201d, di Luigi Gillarduzzi; chiesa della Beata Vergine della Salute di Cadin; \u201cMadonna con Bambino e devoti\u201d di Giuseppe Ghedina; chiesa di Santa Giuliana ad Alver\u00e0; \u201cMadonna con il Bambino\u201d pure di Giuseppe Ghedina; chiesa di San Lorenzo a Villanova di Borca di Cadore; \u201cMadonna della Salute e i santi Tommaso di Villanova e Lorenzo\u201d, di Tommaso Da Rin.<\/p>\n<p>&nbsp;<\/p>\n<hr \/>\n<h2><strong><span style=\"color: #ff0000;\">QUINDICINALE APPUNTAMENTO ALLA RADIO<\/span><\/strong><\/h2>\n<blockquote>\n<h3><a style=\"font-size: 14px; font-weight: normal;\" href=\"https:\/\/www.radiopiu.net\/wordpress\/giornale-radiopiu-06-febbraio-2019-direttore-mirko-mezzacasa\/logo_spi-cgil-800x445\/\" rel=\"attachment wp-att-75538\"><img loading=\"lazy\" decoding=\"async\" class=\"wp-image-75538 alignleft\" src=\"https:\/\/www.radiopiu.net\/wordpress\/wp-content\/uploads\/2019\/02\/Logo_Spi-CGIL-800x445-300x167.jpg\" alt=\"\" width=\"210\" height=\"117\" srcset=\"https:\/\/www.radiopiu.net\/wordpress\/wp-content\/uploads\/2019\/02\/Logo_Spi-CGIL-800x445-300x167.jpg 300w, https:\/\/www.radiopiu.net\/wordpress\/wp-content\/uploads\/2019\/02\/Logo_Spi-CGIL-800x445-768x427.jpg 768w, https:\/\/www.radiopiu.net\/wordpress\/wp-content\/uploads\/2019\/02\/Logo_Spi-CGIL-800x445.jpg 800w\" sizes=\"auto, (max-width: 210px) 100vw, 210px\" \/><\/a><\/h3>\n<\/blockquote>\n<blockquote>\n<h3>ALLA RADIO, APPUNTAMENTO QUINDICINALE CON SPI-CGIL BELLUNO, IN STUDIO MARIA RITA GENTILIN<\/h3>\n<\/blockquote>\n<p><strong>di Claudio Fontanive\u00a0<\/strong><\/p>\n<p><span style=\"color: #ff0000;\"><strong>PUNTATA DEL\u00a0 24 giugno 2021<\/strong><\/span><\/p>\n<audio class=\"wp-audio-shortcode\" id=\"audio-218087-11\" preload=\"none\" style=\"width: 100%;\" controls=\"controls\"><source type=\"audio\/mpeg\" src=\"https:\/\/www.radiopiu.net\/wordpress\/wp-content\/uploads\/2021\/06\/spig-gentilin-24-giugno.mp3?_=11\" \/><a href=\"https:\/\/www.radiopiu.net\/wordpress\/wp-content\/uploads\/2021\/06\/spig-gentilin-24-giugno.mp3\">https:\/\/www.radiopiu.net\/wordpress\/wp-content\/uploads\/2021\/06\/spig-gentilin-24-giugno.mp3<\/a><\/audio>\n<p>&nbsp;<\/p>\n<p>&nbsp;<\/p>\n<p>&nbsp;<\/p>\n<hr \/>\n<h2><span style=\"color: #ff6600;\">\u00a0<\/span><\/h2>\n<h2><span style=\"color: #ff6600;\">GIROVAGANDO ALLA RADIO, PUNTATA 05<\/span><\/h2>\n<h2><span style=\"color: #ff0000;\">LA RACCOLTA COMPLETA\u00a0<\/span><\/h2>\n<blockquote class=\"wp-embedded-content\" data-secret=\"kMByN5gXZt\"><p><a href=\"https:\/\/www.radiopiu.net\/wordpress\/girovagando-in-e-bike-tra-le-dolomiti\/\">GIROVAGANDO IN E BIKE TRA LE DOLOMITI<\/a><\/p><\/blockquote>\n<p><iframe loading=\"lazy\" class=\"wp-embedded-content\" sandbox=\"allow-scripts\" security=\"restricted\" style=\"position: absolute; clip: rect(1px, 1px, 1px, 1px);\" title=\"&#8220;GIROVAGANDO IN E BIKE TRA LE DOLOMITI&#8221; &#8212; Radio Pi\u00f9\" src=\"https:\/\/www.radiopiu.net\/wordpress\/girovagando-in-e-bike-tra-le-dolomiti\/embed\/#?secret=kMByN5gXZt\" data-secret=\"kMByN5gXZt\" width=\"600\" height=\"338\" frameborder=\"0\" marginwidth=\"0\" marginheight=\"0\" scrolling=\"no\"><\/iframe><\/p>\n<p>&nbsp;<\/p>\n<hr \/>\n<p>&nbsp;<\/p>\n<p>&nbsp;<\/p>\n<blockquote class=\"wp-embedded-content\" data-secret=\"C21so3qaBG\"><p><a href=\"https:\/\/www.radiopiu.net\/wordpress\/da-ieri-alla-radio-in-palinsesto-loris-e-maurizio-con-la-grande-musica\/\">IL BLUES ALLA RADIO &#8230; COME NON L&#8217;AVETE MAI SENTITO PRIMA<\/a><\/p><\/blockquote>\n<p><iframe loading=\"lazy\" class=\"wp-embedded-content\" sandbox=\"allow-scripts\" security=\"restricted\" style=\"position: absolute; clip: rect(1px, 1px, 1px, 1px);\" title=\"&#8220;IL BLUES ALLA RADIO &#8230; COME NON L&#8217;AVETE MAI SENTITO PRIMA&#8221; &#8212; Radio Pi\u00f9\" src=\"https:\/\/www.radiopiu.net\/wordpress\/da-ieri-alla-radio-in-palinsesto-loris-e-maurizio-con-la-grande-musica\/embed\/#?secret=C21so3qaBG\" data-secret=\"C21so3qaBG\" width=\"600\" height=\"338\" frameborder=\"0\" marginwidth=\"0\" marginheight=\"0\" scrolling=\"no\"><\/iframe><\/p>\n<p>\u200b<\/p>\n<p>&nbsp;<\/p>\n<hr \/>\n<p>&nbsp;<\/p>\n<div>\n<div class=\"b654a4as d2edcug0\">\n<div class=\"rq0escxv hkbzh7o3 jwdofwj8 n8tt0mok r8blr3vg hyh9befq\">\n<p><a class=\"dt-pswp-item\" href=\"https:\/\/www.radiopiu.net\/wordpress\/wp-content\/uploads\/2020\/10\/pp.jpg\" data-dt-img-description=\"\" data-large_image_width=\"640\" data-large_image_height=\"640\"><img loading=\"lazy\" decoding=\"async\" class=\"wp-image-163678 alignleft\" src=\"https:\/\/www.radiopiu.net\/wordpress\/wp-content\/uploads\/2020\/10\/pp-300x300.jpg\" alt=\"\" width=\"106\" height=\"106\" srcset=\"https:\/\/www.radiopiu.net\/wordpress\/wp-content\/uploads\/2020\/10\/pp-300x300.jpg 300w, https:\/\/www.radiopiu.net\/wordpress\/wp-content\/uploads\/2020\/10\/pp-150x150.jpg 150w, https:\/\/www.radiopiu.net\/wordpress\/wp-content\/uploads\/2020\/10\/pp-125x125.jpg 125w, https:\/\/www.radiopiu.net\/wordpress\/wp-content\/uploads\/2020\/10\/pp-200x200.jpg 200w, https:\/\/www.radiopiu.net\/wordpress\/wp-content\/uploads\/2020\/10\/pp-80x80.jpg 80w, https:\/\/www.radiopiu.net\/wordpress\/wp-content\/uploads\/2020\/10\/pp-480x480.jpg 480w, https:\/\/www.radiopiu.net\/wordpress\/wp-content\/uploads\/2020\/10\/pp.jpg 640w\" sizes=\"auto, (max-width: 106px) 100vw, 106px\" \/><\/a><\/p>\n<\/div>\n<\/div>\n<\/div>\n<div>\n<div class=\"page-title-head hgroup\">\n<div class=\"page-title-head hgroup\">\n<div class=\"b654a4as d2edcug0\">\n<div class=\"j83agx80 btwxx1t3 lhclo0ds hop8lmos nkwizq5d scwd0bx6 roh60bw9\">\n<div class=\"rq0escxv hkbzh7o3 jwdofwj8 n8tt0mok r8blr3vg hyh9befq\">\n<div class=\"do00u71z l9j0dhe7 k4urcfbm\">\n<h2><span style=\"color: #000080;\">DON CESARE, IL PENSIERO DEL GIORNO. ALLA RADIO ALLE 7 DEL MATTINO E ALLE 19.30 DELLA SERA.\u00a0\u00a0<\/span><\/h2>\n<\/div>\n<\/div>\n<\/div>\n<div class=\"rq0escxv hkbzh7o3 jwdofwj8 n8tt0mok r8blr3vg hyh9befq\"><\/div>\n<div><\/div>\n<div><\/div>\n<div>\n<audio class=\"wp-audio-shortcode\" id=\"audio-218087-12\" preload=\"none\" style=\"width: 100%;\" controls=\"controls\"><source type=\"audio\/mpeg\" src=\"https:\/\/www.radiopiu.net\/wordpress\/wp-content\/uploads\/2021\/06\/CESARE-21.mp3?_=12\" \/><a href=\"https:\/\/www.radiopiu.net\/wordpress\/wp-content\/uploads\/2021\/06\/CESARE-21.mp3\">https:\/\/www.radiopiu.net\/wordpress\/wp-content\/uploads\/2021\/06\/CESARE-21.mp3<\/a><\/audio>\n<p>&nbsp;<\/p>\n<p>&nbsp;<\/p>\n<p>&nbsp;<\/p>\n<p>&nbsp;<\/p>\n<\/div>\n<div>\n<hr \/>\n<\/div>\n<div><\/div>\n<blockquote>\n<div><\/div>\n<div><\/div>\n<\/blockquote>\n<h2>COLLAGE&#8230; DI LORIS SCUSSEL dal lunedi al venerdi alle 16 e alle 23 su RADIO PIU<\/h2>\n<div>\n<p>&nbsp;<\/p>\n<\/div>\n<div>\n<blockquote><p><strong>PUNTATA 375 DEL 25 GIUGNO 2021<\/strong><\/p>\n<audio class=\"wp-audio-shortcode\" id=\"audio-218087-13\" preload=\"none\" style=\"width: 100%;\" controls=\"controls\"><source type=\"audio\/mpeg\" src=\"https:\/\/www.radiopiu.net\/wordpress\/wp-content\/uploads\/2021\/06\/Collage-375.mp3?_=13\" \/><a href=\"https:\/\/www.radiopiu.net\/wordpress\/wp-content\/uploads\/2021\/06\/Collage-375.mp3\">https:\/\/www.radiopiu.net\/wordpress\/wp-content\/uploads\/2021\/06\/Collage-375.mp3<\/a><\/audio><\/blockquote>\n<div>\n<blockquote>\n<div>\n<div>\n<div>\n<div>\n<div>\n<p><img loading=\"lazy\" decoding=\"async\" class=\"alignleft\" src=\"https:\/\/www.radiopiu.net\/wordpress\/wp-content\/uploads\/2021\/05\/Schermata-2021-05-23-alle-11.50.11.png\" width=\"186\" height=\"131\" \/>Il programma \u00e8 andato in onda da dicembre 2013 fino a luglio 2019, comprese le repliche, in due serie per 350 puntate complessive con 1.890 brani trasmessi. L\u2019obiettivo del programma: riproporre agli ascoltatori pi\u00f9 grandicelli le canzoni che ascoltavano nel passato e nello stesso tempo farle conoscere anche ai pi\u00f9 giovani.<\/p>\n<\/div>\n<\/div>\n<\/div>\n<\/div>\n<\/div>\n<\/blockquote>\n<\/div>\n<\/div>\n<div><\/div>\n<hr \/>\n<p>&nbsp;<\/p>\n<blockquote>\n<h2>FANTASTICHE DOLOMITI, NUOVA STAGIONE. APPUNTAMENTO QUINDICINALE IL GIOVEDI ALLE 10.30 E 19.00<\/h2>\n<\/blockquote>\n<blockquote class=\"wp-embedded-content\" data-secret=\"bsxDRiYaMl\"><p><a href=\"https:\/\/www.radiopiu.net\/wordpress\/raccolta-completa11\/\">FANTASTICHE DOLOMITI LA RACCOLTA COMPLETA<\/a><\/p><\/blockquote>\n<p><iframe loading=\"lazy\" class=\"wp-embedded-content\" sandbox=\"allow-scripts\" security=\"restricted\" style=\"position: absolute; clip: rect(1px, 1px, 1px, 1px);\" title=\"&#8220;FANTASTICHE DOLOMITI LA RACCOLTA COMPLETA&#8221; &#8212; Radio Pi\u00f9\" src=\"https:\/\/www.radiopiu.net\/wordpress\/raccolta-completa11\/embed\/#?secret=bsxDRiYaMl\" data-secret=\"bsxDRiYaMl\" width=\"600\" height=\"338\" frameborder=\"0\" marginwidth=\"0\" marginheight=\"0\" scrolling=\"no\"><\/iframe><\/p>\n<p>&nbsp;<\/p>\n<p>&nbsp;<\/p>\n<p>&nbsp;<\/p>\n<hr \/>\n<div>\n<div class=\"b654a4as d2edcug0\">\n<div class=\"rq0escxv hkbzh7o3 jwdofwj8 n8tt0mok r8blr3vg hyh9befq\">\n<div class=\"b654a4as d2edcug0\">\n<h2><span style=\"color: #008000;\">\u00a0<\/span><\/h2>\n<h2><span style=\"color: #008000;\">ERBE E PIANTE CURATIVE&#8230;IL\u00a0 PROGRAMMA DI PAOLA LANCIATO\u00a0<\/span><\/h2>\n<\/div>\n<blockquote class=\"wp-embedded-content\" data-secret=\"TOhRgSRHAU\"><p><a href=\"https:\/\/www.radiopiu.net\/wordpress\/erbe-e-piante-curative-il-mandorlo\/\">L\u2019ERBA VOGLIO DEL GIARDINO DEL RE\u2026 ERBE, FIORI E PIANTE DI E CON PAOLA LANCIATO<\/a><\/p><\/blockquote>\n<p><iframe loading=\"lazy\" class=\"wp-embedded-content\" sandbox=\"allow-scripts\" security=\"restricted\" style=\"position: absolute; clip: rect(1px, 1px, 1px, 1px);\" title=\"&#8220;L\u2019ERBA VOGLIO DEL GIARDINO DEL RE\u2026 ERBE, FIORI E PIANTE DI E CON PAOLA LANCIATO&#8221; &#8212; Radio Pi\u00f9\" src=\"https:\/\/www.radiopiu.net\/wordpress\/erbe-e-piante-curative-il-mandorlo\/embed\/#?secret=TOhRgSRHAU\" data-secret=\"TOhRgSRHAU\" width=\"600\" height=\"338\" frameborder=\"0\" marginwidth=\"0\" marginheight=\"0\" scrolling=\"no\"><\/iframe><\/p>\n<p>&nbsp;<\/p>\n<\/div>\n<\/div>\n<\/div>\n<p>&nbsp;<\/p>\n<hr \/>\n<p>&nbsp;<\/p>\n<div>\n<h2><span style=\"color: #ff0000;\"><strong>IN VIVO VERSO 2020-21 ESTATE, RIASCOLTIAMOLI&#8230; DAL CASSETTO DEI RICORDI DI RADIO PIU&#8217;&#8230; LE PRIME\u00a0 SEI STAGIONI\u00a0 \u00a0<\/strong><\/span><\/h2>\n<div class=\"page-title-head hgroup\">\n<div class=\"page-title-head hgroup\">\n<div class=\"page-title-head hgroup\">\n<div class=\"page-title-head hgroup\">\n<div class=\"page-title-head hgroup\">\n<div class=\"page-title-head hgroup\">\n<blockquote>\n<h3>riascoltiamole BROI di ADALBERTO BERLETTI 2017<\/h3>\n<p><strong>AUDIO<\/strong><\/p>\n<audio class=\"wp-audio-shortcode\" id=\"audio-218087-14\" preload=\"none\" style=\"width: 100%;\" controls=\"controls\"><source type=\"audio\/mpeg\" src=\"https:\/\/www.radiopiu.net\/wordpress\/wp-content\/uploads\/2021\/06\/BERLETTI-3-BROI.mp3?_=14\" \/><a href=\"https:\/\/www.radiopiu.net\/wordpress\/wp-content\/uploads\/2021\/06\/BERLETTI-3-BROI.mp3\">https:\/\/www.radiopiu.net\/wordpress\/wp-content\/uploads\/2021\/06\/BERLETTI-3-BROI.mp3<\/a><\/audio>\n<p><strong>LA RACCOLTA COMPLETA<\/strong><\/p><\/blockquote>\n<\/div>\n<\/div>\n<\/div>\n<\/div>\n<\/div>\n<\/div>\n<blockquote class=\"wp-embedded-content\" data-secret=\"aJqi6OsT3H\"><p><a href=\"https:\/\/www.radiopiu.net\/wordpress\/in-vivo-verso\/\">In Vivo Verso<\/a><\/p><\/blockquote>\n<p><iframe loading=\"lazy\" class=\"wp-embedded-content\" sandbox=\"allow-scripts\" security=\"restricted\" style=\"position: absolute; clip: rect(1px, 1px, 1px, 1px);\" title=\"&#8220;In Vivo Verso&#8221; &#8212; Radio Pi\u00f9\" src=\"https:\/\/www.radiopiu.net\/wordpress\/in-vivo-verso\/embed\/#?secret=aJqi6OsT3H\" data-secret=\"aJqi6OsT3H\" width=\"600\" height=\"338\" frameborder=\"0\" marginwidth=\"0\" marginheight=\"0\" scrolling=\"no\"><\/iframe><\/p>\n<p>&nbsp;<\/p>\n<p>&nbsp;<\/p>\n<hr \/>\n<\/div>\n<blockquote>\n<blockquote>\n<h2><\/h2>\n<\/blockquote>\n<\/blockquote>\n<div>\n<div class=\"b654a4as d2edcug0\">\n<div class=\"rq0escxv hkbzh7o3 jwdofwj8 n8tt0mok r8blr3vg hyh9befq\">\n<p>&nbsp;<\/p>\n<blockquote>\n<h2><span style=\"color: #ff0000;\"><em>ZAINO ALLA RADIO&#8230;ESTATE DI PAOLA LANCIATO TUTTI I GIORNI dal lunedi al venerdi ALLE 14 E 23.30\u00a0 \u00a0<\/em><\/span><\/h2>\n<\/blockquote>\n<div class=\"b654a4as d2edcug0\">\n<blockquote>\n<h3>CASTEL SAVOIA E GRASSONEY in ZAINO DA VIAGGIO ESTATE di Paola Lanciato<\/h3>\n<\/blockquote>\n<p>AUDIO<\/p>\n<audio class=\"wp-audio-shortcode\" id=\"audio-218087-15\" preload=\"none\" style=\"width: 100%;\" controls=\"controls\"><source type=\"audio\/mpeg\" src=\"https:\/\/www.radiopiu.net\/wordpress\/wp-content\/uploads\/2021\/06\/35-Castel-Savoia-e-Grassoney.mp3?_=15\" \/><a href=\"https:\/\/www.radiopiu.net\/wordpress\/wp-content\/uploads\/2021\/06\/35-Castel-Savoia-e-Grassoney.mp3\">https:\/\/www.radiopiu.net\/wordpress\/wp-content\/uploads\/2021\/06\/35-Castel-Savoia-e-Grassoney.mp3<\/a><\/audio>\n<p><img loading=\"lazy\" decoding=\"async\" class=\"\" src=\"https:\/\/www.radiopiu.net\/wordpress\/wp-content\/uploads\/2021\/06\/35.jpg\" width=\"172\" height=\"129\" \/><\/p>\n<p><strong>LA RACCOLTA COMPLETA<\/strong><\/p>\n<\/div>\n<blockquote class=\"wp-embedded-content\" data-secret=\"07nwIjyDp7\"><p><a href=\"https:\/\/www.radiopiu.net\/wordpress\/zaino-femminile-lanciato\/\">Zaino da viaggio al femminile<\/a><\/p><\/blockquote>\n<p><iframe loading=\"lazy\" class=\"wp-embedded-content\" sandbox=\"allow-scripts\" security=\"restricted\" style=\"position: absolute; clip: rect(1px, 1px, 1px, 1px);\" title=\"&#8220;Zaino da viaggio al femminile&#8221; &#8212; Radio Pi\u00f9\" src=\"https:\/\/www.radiopiu.net\/wordpress\/zaino-femminile-lanciato\/embed\/#?secret=07nwIjyDp7\" data-secret=\"07nwIjyDp7\" width=\"600\" height=\"338\" frameborder=\"0\" marginwidth=\"0\" marginheight=\"0\" scrolling=\"no\"><\/iframe><\/p>\n<p>&nbsp;<\/p>\n<\/div>\n<\/div>\n<\/div>\n<hr \/>\n<p>&nbsp;<\/p>\n<div>\n<h2><span style=\"color: #800080;\"><strong>LA RASSEGNA STAMPA DA L&#8217;AMICO DEL POPOLO\u00a0<\/strong><\/span><\/h2>\n<h3 class=\"kvgmc6g5 cxmmr5t8 oygrvhab hcukyx3x c1et5uql\"><span style=\"color: #0000ff;\"> INFORMAZIONE il canale su TELEGRAM informazione di prima mano e in tempo reale. iscriviti ed aiutaci a farlo conoscere\u00a0\u00a0<\/span><\/h3>\n<p><strong><a href=\"https:\/\/www.radiopiu.net\/wordpress\/alleanza-comune-librai-da-domani-a-belluno-la-consegna-dei-libri-a-domicilio\/libri-scaffale\/\" rel=\"attachment wp-att-122391\"><img loading=\"lazy\" decoding=\"async\" class=\" wp-image-122391 alignleft\" src=\"https:\/\/www.radiopiu.net\/wordpress\/wp-content\/uploads\/2020\/03\/LIBRI-SCAFFALE-300x300.jpg\" alt=\"\" width=\"102\" height=\"102\" srcset=\"https:\/\/www.radiopiu.net\/wordpress\/wp-content\/uploads\/2020\/03\/LIBRI-SCAFFALE-300x300.jpg 300w, https:\/\/www.radiopiu.net\/wordpress\/wp-content\/uploads\/2020\/03\/LIBRI-SCAFFALE-1024x1024.jpg 1024w, https:\/\/www.radiopiu.net\/wordpress\/wp-content\/uploads\/2020\/03\/LIBRI-SCAFFALE-150x150.jpg 150w, https:\/\/www.radiopiu.net\/wordpress\/wp-content\/uploads\/2020\/03\/LIBRI-SCAFFALE-768x768.jpg 768w, https:\/\/www.radiopiu.net\/wordpress\/wp-content\/uploads\/2020\/03\/LIBRI-SCAFFALE.jpg 1052w\" sizes=\"auto, (max-width: 102px) 100vw, 102px\" \/><\/a>di Gianni Santomaso<\/strong><\/p>\n<p>OSPITE: Lionella Tonet Vicepresidente del Circolo Culturale Agordino<\/p>\n<audio class=\"wp-audio-shortcode\" id=\"audio-218087-16\" preload=\"none\" style=\"width: 100%;\" controls=\"controls\"><source type=\"audio\/mpeg\" src=\"https:\/\/www.radiopiu.net\/wordpress\/wp-content\/uploads\/2021\/06\/RASSEGNA-GIANNI-3.mp3?_=16\" \/><a href=\"https:\/\/www.radiopiu.net\/wordpress\/wp-content\/uploads\/2021\/06\/RASSEGNA-GIANNI-3.mp3\">https:\/\/www.radiopiu.net\/wordpress\/wp-content\/uploads\/2021\/06\/RASSEGNA-GIANNI-3.mp3<\/a><\/audio>\n<p>&nbsp;<\/p>\n<p><strong>LA RACCOLTA COMPLETA<\/strong><\/p>\n<blockquote class=\"wp-embedded-content\" data-secret=\"XX0Lrc9xsW\"><p><a href=\"https:\/\/www.radiopiu.net\/wordpress\/rassegna-stampa-di-gianni-santomaso\/\">Rassegna stampa da l&#8217;amico del popolo &#8211; di Gianni Santomaso<\/a><\/p><\/blockquote>\n<p><iframe loading=\"lazy\" class=\"wp-embedded-content\" sandbox=\"allow-scripts\" security=\"restricted\" style=\"position: absolute; clip: rect(1px, 1px, 1px, 1px);\" title=\"&#8220;Rassegna stampa da l&#8217;amico del popolo &#8211; di Gianni Santomaso&#8221; &#8212; Radio Pi\u00f9\" src=\"https:\/\/www.radiopiu.net\/wordpress\/rassegna-stampa-di-gianni-santomaso\/embed\/#?secret=XX0Lrc9xsW\" data-secret=\"XX0Lrc9xsW\" width=\"600\" height=\"338\" frameborder=\"0\" marginwidth=\"0\" marginheight=\"0\" scrolling=\"no\"><\/iframe><\/p>\n<div class=\"b654a4as d2edcug0\"><\/div>\n<\/div>\n<p>&nbsp;<\/p>\n<hr \/>\n<div dir=\"auto\"><\/div>\n<p>&nbsp;<\/p>\n<div dir=\"auto\">\n<blockquote>\n<h3>SALUTE E SOCIETA&#8217; IL LUNEDI ALLE 13.10 E ALLE 20.10, LA DOMENICA ALLE 10.30 A CURA DEL DOTTOR MARCO CARACCIOLO. QUINTA STAGIONE<\/h3>\n<\/blockquote>\n<p><strong><a href=\"https:\/\/www.radiopiu.net\/wordpress\/giornale-radiopiu-21-giugno-2021-direttore-mirko-mezzacasa\/50cd5aef-3d0b-c302-1df6-97eaf9d03648\/\" rel=\"attachment wp-att-217269\"><img loading=\"lazy\" decoding=\"async\" class=\"size-medium wp-image-217269 alignleft\" src=\"https:\/\/www.radiopiu.net\/wordpress\/wp-content\/uploads\/2021\/06\/50cd5aef-3d0b-c302-1df6-97eaf9d03648-300x169.png\" alt=\"\" width=\"300\" height=\"169\" srcset=\"https:\/\/www.radiopiu.net\/wordpress\/wp-content\/uploads\/2021\/06\/50cd5aef-3d0b-c302-1df6-97eaf9d03648-300x169.png 300w, https:\/\/www.radiopiu.net\/wordpress\/wp-content\/uploads\/2021\/06\/50cd5aef-3d0b-c302-1df6-97eaf9d03648-1024x576.png 1024w, https:\/\/www.radiopiu.net\/wordpress\/wp-content\/uploads\/2021\/06\/50cd5aef-3d0b-c302-1df6-97eaf9d03648-768x432.png 768w, https:\/\/www.radiopiu.net\/wordpress\/wp-content\/uploads\/2021\/06\/50cd5aef-3d0b-c302-1df6-97eaf9d03648.png 1280w\" sizes=\"auto, (max-width: 300px) 100vw, 300px\" \/><\/a>LA PUNTATA DELLA SETTIMANA del 21 GIUGNO<\/strong><\/p>\n<p>Per assistere in maniera ottimale i pazienti \u00e8 necessario costruire dei percorsi assistenziali condivisi tra tutti gli specialisti che ruotano intorno a una determinata patologia. \u00c8 importante abbandonare l\u2019autoreferenzialit\u00e0 e attivare la collaborazione tra le diverse figure sanitarie. Fabio Cartabellotta, Direttore Dipartimento di Medicina dell\u2019Ospedale Buccheri la Ferla FBF di Palermo, Nicol\u00f2 Borsellino, Direttore UOC di Oncologia Medica Ospedale Buccheri La Ferla FBF di Palermo, Salvatore Corrao, professore associato presso l\u2019Universit\u00e0 di Palermo; direttore U.O.C. di Medicina interna \u2013 Arnas Civico Palermo<\/p>\n<audio class=\"wp-audio-shortcode\" id=\"audio-218087-17\" preload=\"none\" style=\"width: 100%;\" controls=\"controls\"><source type=\"audio\/mpeg\" src=\"https:\/\/www.radiopiu.net\/wordpress\/wp-content\/uploads\/2021\/06\/SALUTE-2.mp3?_=17\" \/><a href=\"https:\/\/www.radiopiu.net\/wordpress\/wp-content\/uploads\/2021\/06\/SALUTE-2.mp3\">https:\/\/www.radiopiu.net\/wordpress\/wp-content\/uploads\/2021\/06\/SALUTE-2.mp3<\/a><\/audio>\n<p>&nbsp;<\/p>\n<blockquote class=\"wp-embedded-content\" data-secret=\"xBABFmaFtO\"><p><a href=\"https:\/\/www.radiopiu.net\/wordpress\/saluteesocieta\/\">Salute e Societ\u00e0<\/a><\/p><\/blockquote>\n<p><iframe loading=\"lazy\" class=\"wp-embedded-content\" sandbox=\"allow-scripts\" security=\"restricted\" style=\"position: absolute; clip: rect(1px, 1px, 1px, 1px);\" title=\"&#8220;Salute e Societ\u00e0&#8221; &#8212; Radio Pi\u00f9\" src=\"https:\/\/www.radiopiu.net\/wordpress\/saluteesocieta\/embed\/#?secret=xBABFmaFtO\" data-secret=\"xBABFmaFtO\" width=\"600\" height=\"338\" frameborder=\"0\" marginwidth=\"0\" marginheight=\"0\" scrolling=\"no\"><\/iframe><\/p>\n<\/div>\n<div dir=\"auto\">\n<h1><\/h1>\n<\/div>\n<div>\n<div class=\"page-title-head hgroup\">\n<div class=\"page-title-head hgroup\">\n<div class=\"page-title-head hgroup\">\n<div>\n<div class=\"b654a4as d2edcug0\">\n<div class=\"rq0escxv hkbzh7o3 jwdofwj8 n8tt0mok r8blr3vg hyh9befq\">\n<hr \/>\n<\/div>\n<\/div>\n<\/div>\n<div>\n<div class=\"page-title-head hgroup\">\n<div class=\"page-title-head hgroup\">\n<div>\n<div class=\"b654a4as d2edcug0\">\n<p>&nbsp;<\/p>\n<blockquote>\n<h3><img loading=\"lazy\" decoding=\"async\" class=\"alignleft\" src=\"https:\/\/www.radiopiu.net\/wordpress\/wp-content\/uploads\/2021\/06\/fresh-flower-leaves-saffron-white-background-place-your-text-use-saffron-spice-cooking-cosmetology_347372-394.jpeg\" width=\"141\" height=\"94\" \/>L&#8217;ALMANACCO LADINO CON L&#8217;ISTITUT CESA DE JAN QUINDICINALE APPUNTAMENTO. LA DOMENICA ALLE 9 IL LUNEDI ALLE 8.35 IL MARTEDI ALLE 12.35 IL MERCOLEDI ALLE 18.35. SECONDA STAGIONE.<\/h3>\n<p>&nbsp;<\/p><\/blockquote>\n<p><strong>PUNTATA DEL 21 GIUGNO 2021<\/strong><\/p>\n<audio class=\"wp-audio-shortcode\" id=\"audio-218087-18\" preload=\"none\" style=\"width: 100%;\" controls=\"controls\"><source type=\"audio\/mpeg\" src=\"https:\/\/www.radiopiu.net\/wordpress\/wp-content\/uploads\/2021\/06\/LADINO-1.mp3?_=18\" \/><a href=\"https:\/\/www.radiopiu.net\/wordpress\/wp-content\/uploads\/2021\/06\/LADINO-1.mp3\">https:\/\/www.radiopiu.net\/wordpress\/wp-content\/uploads\/2021\/06\/LADINO-1.mp3<\/a><\/audio>\n<p>&nbsp;<\/p>\n<p><strong>RACCOLTA COMPLETA\u00a0<\/strong><\/p>\n<blockquote class=\"wp-embedded-content\" data-secret=\"ZZmkm00dqM\"><p><a href=\"https:\/\/www.radiopiu.net\/wordpress\/almanacco-ladino\/\">Almanacco Ladino<\/a><\/p><\/blockquote>\n<p><iframe loading=\"lazy\" class=\"wp-embedded-content\" sandbox=\"allow-scripts\" security=\"restricted\" style=\"position: absolute; clip: rect(1px, 1px, 1px, 1px);\" title=\"&#8220;Almanacco Ladino&#8221; &#8212; Radio Pi\u00f9\" src=\"https:\/\/www.radiopiu.net\/wordpress\/almanacco-ladino\/embed\/#?secret=ZZmkm00dqM\" data-secret=\"ZZmkm00dqM\" width=\"600\" height=\"338\" frameborder=\"0\" marginwidth=\"0\" marginheight=\"0\" scrolling=\"no\"><\/iframe><\/p>\n<div dir=\"auto\"><\/div>\n<\/div>\n<div>\n<p>&nbsp;<\/p>\n<hr \/>\n<h2><span style=\"color: #808000;\">\u00a0<\/span><\/h2>\n<h2><span style=\"color: #808000;\">DUE MINUTI UN LIBRO\u00a0 TUTTI I GIORNI ALLA RADIO ALLE 9.30 E ALLE 18. QUINTA STAGIONE\u00a0<\/span><\/h2>\n<blockquote class=\"wp-embedded-content\" data-secret=\"WWCqdicTks\"><p><a href=\"https:\/\/www.radiopiu.net\/wordpress\/il-sogno-della-macchina-da-cucire\/\">IL SOGNO DELLA MACCHINA DA CUCIRE<\/a><\/p><\/blockquote>\n<p><iframe loading=\"lazy\" class=\"wp-embedded-content\" sandbox=\"allow-scripts\" security=\"restricted\" style=\"position: absolute; clip: rect(1px, 1px, 1px, 1px);\" title=\"&#8220;IL SOGNO DELLA MACCHINA DA CUCIRE&#8221; &#8212; Radio Pi\u00f9\" src=\"https:\/\/www.radiopiu.net\/wordpress\/il-sogno-della-macchina-da-cucire\/embed\/#?secret=WWCqdicTks\" data-secret=\"WWCqdicTks\" width=\"600\" height=\"338\" frameborder=\"0\" marginwidth=\"0\" marginheight=\"0\" scrolling=\"no\"><\/iframe><\/p>\n<p>&nbsp;<\/p>\n<blockquote class=\"wp-embedded-content\" data-secret=\"SC2VKF7uMK\"><p><a href=\"https:\/\/www.radiopiu.net\/wordpress\/due-minuti-un-libro\/\">Due minuti un libro<\/a><\/p><\/blockquote>\n<p><iframe loading=\"lazy\" class=\"wp-embedded-content\" sandbox=\"allow-scripts\" security=\"restricted\" style=\"position: absolute; clip: rect(1px, 1px, 1px, 1px);\" title=\"&#8220;Due minuti un libro&#8221; &#8212; Radio Pi\u00f9\" src=\"https:\/\/www.radiopiu.net\/wordpress\/due-minuti-un-libro\/embed\/#?secret=SC2VKF7uMK\" data-secret=\"SC2VKF7uMK\" width=\"600\" height=\"338\" frameborder=\"0\" marginwidth=\"0\" marginheight=\"0\" scrolling=\"no\"><\/iframe><\/p>\n<p>&nbsp;<\/p>\n<p>&nbsp;<\/p>\n<hr \/>\n<p>\u200b<\/p>\n<div>\n<h2><span style=\"color: #33cccc;\">I RACCONTI DI PAOLO SOPPELSA il lunedi alle 9.30 e 18.30<\/span><\/h2>\n<p><span style=\"color: #0000ff;\">INFORMAZIONE il canale su TELEGRAM informazione di prima mano e in tempo reale. iscriviti ed aiutaci a farlo conoscere\u00a0<\/span><\/p>\n<blockquote class=\"wp-embedded-content\" data-secret=\"lZJ8jEPtiG\"><p><a href=\"https:\/\/www.radiopiu.net\/wordpress\/i-racconti-di-paolo-soppelsa-ottantesima-puntata\/\">I RACCONTI DI PAOLO SOPPELSA OTTANTESIMA PUNTATA<\/a><\/p><\/blockquote>\n<p><iframe loading=\"lazy\" class=\"wp-embedded-content\" sandbox=\"allow-scripts\" security=\"restricted\" style=\"position: absolute; clip: rect(1px, 1px, 1px, 1px);\" title=\"&#8220;I RACCONTI DI PAOLO SOPPELSA OTTANTESIMA PUNTATA&#8221; &#8212; Radio Pi\u00f9\" src=\"https:\/\/www.radiopiu.net\/wordpress\/i-racconti-di-paolo-soppelsa-ottantesima-puntata\/embed\/#?secret=lZJ8jEPtiG\" data-secret=\"lZJ8jEPtiG\" width=\"600\" height=\"338\" frameborder=\"0\" marginwidth=\"0\" marginheight=\"0\" scrolling=\"no\"><\/iframe><\/p>\n<p>&nbsp;<\/p>\n<blockquote class=\"wp-embedded-content\" data-secret=\"g2ESl1rIfr\"><p><a href=\"https:\/\/www.radiopiu.net\/wordpress\/i-racconti-di-paolo-soppelsa\/\">I racconti di Paolo Soppelsa<\/a><\/p><\/blockquote>\n<p><iframe loading=\"lazy\" class=\"wp-embedded-content\" sandbox=\"allow-scripts\" security=\"restricted\" style=\"position: absolute; clip: rect(1px, 1px, 1px, 1px);\" title=\"&#8220;I racconti di Paolo Soppelsa&#8221; &#8212; Radio Pi\u00f9\" src=\"https:\/\/www.radiopiu.net\/wordpress\/i-racconti-di-paolo-soppelsa\/embed\/#?secret=g2ESl1rIfr\" data-secret=\"g2ESl1rIfr\" width=\"600\" height=\"338\" frameborder=\"0\" marginwidth=\"0\" marginheight=\"0\" scrolling=\"no\"><\/iframe><\/p>\n<p>&nbsp;<\/p>\n<\/div>\n<\/div>\n<hr \/>\n<p>&nbsp;<\/p>\n<h2><strong><span style=\"color: #ff0000;\">ALLA RADIO<\/span><\/strong><\/h2>\n<div data-offset-key=\"5n5nl-0-0\">\n<h3>Per ricevere gli aggiornamenti in tempo reale delle notizie pubblicate alla radio e sul sito di radio pi\u00f9 iscriviti al gruppo RADIO PIU INFORMAZIONE su Telegram.\u00a0\u00a0<a href=\"https:\/\/t.me\/radiopiu\">clicca qui<\/a><\/h3>\n<p>&nbsp;<\/p>\n<\/div>\n<blockquote><p><strong><a href=\"https:\/\/www.radiopiu.net\/wordpress\/cassa-solidarieta-luxottica-puntata-del-19-giugno-2020\/cslxo-2\/\" rel=\"attachment wp-att-145244\"><img loading=\"lazy\" decoding=\"async\" class=\"size-medium wp-image-145244 alignleft\" src=\"https:\/\/www.radiopiu.net\/wordpress\/wp-content\/uploads\/2020\/06\/cassa-solidarieta-luxottica-300x148.jpg\" alt=\"\" width=\"300\" height=\"148\" srcset=\"https:\/\/www.radiopiu.net\/wordpress\/wp-content\/uploads\/2020\/06\/cassa-solidarieta-luxottica-300x148.jpg 300w, https:\/\/www.radiopiu.net\/wordpress\/wp-content\/uploads\/2020\/06\/cassa-solidarieta-luxottica-1024x504.jpg 1024w, https:\/\/www.radiopiu.net\/wordpress\/wp-content\/uploads\/2020\/06\/cassa-solidarieta-luxottica-768x378.jpg 768w, https:\/\/www.radiopiu.net\/wordpress\/wp-content\/uploads\/2020\/06\/cassa-solidarieta-luxottica.jpg 1167w\" sizes=\"auto, (max-width: 300px) 100vw, 300px\" \/><\/a>di Claudio Fontanive<\/strong><\/p>\n<p>OSPITI: Paolo Chissal\u00e8 e Fabrizio Campedel<\/p>\n<p>&nbsp;<\/p>\n<p><strong>PUNTATA MAGGIO 2021<\/strong><\/p>\n<audio class=\"wp-audio-shortcode\" id=\"audio-218087-19\" preload=\"none\" style=\"width: 100%;\" controls=\"controls\"><source type=\"audio\/mpeg\" src=\"https:\/\/www.radiopiu.net\/wordpress\/wp-content\/uploads\/2021\/05\/ca-sol-lux-maggio-2021.mp3?_=19\" \/><a href=\"https:\/\/www.radiopiu.net\/wordpress\/wp-content\/uploads\/2021\/05\/ca-sol-lux-maggio-2021.mp3\">https:\/\/www.radiopiu.net\/wordpress\/wp-content\/uploads\/2021\/05\/ca-sol-lux-maggio-2021.mp3<\/a><\/audio>\n<h2>RACCOLTA COMPLETA<\/h2>\n<\/blockquote>\n<blockquote class=\"wp-embedded-content\" data-secret=\"P2Ona2goKy\"><p><a href=\"https:\/\/www.radiopiu.net\/wordpress\/cassa-solidarieta-luxottica-puntata-del-16-ottobre-2020\/\">CASSA SOLIDARIET\u00c0 LUXOTTICA &#8211; TUTTE LE PUNTATE<\/a><\/p><\/blockquote>\n<p><iframe loading=\"lazy\" class=\"wp-embedded-content\" sandbox=\"allow-scripts\" security=\"restricted\" style=\"position: absolute; clip: rect(1px, 1px, 1px, 1px);\" title=\"&#8220;CASSA SOLIDARIET\u00c0 LUXOTTICA &#8211; TUTTE LE PUNTATE&#8221; &#8212; Radio Pi\u00f9\" src=\"https:\/\/www.radiopiu.net\/wordpress\/cassa-solidarieta-luxottica-puntata-del-16-ottobre-2020\/embed\/#?secret=P2Ona2goKy\" data-secret=\"P2Ona2goKy\" width=\"600\" height=\"338\" frameborder=\"0\" marginwidth=\"0\" marginheight=\"0\" scrolling=\"no\"><\/iframe><\/p>\n<div>\n<h2><\/h2>\n<p>&nbsp;<\/p>\n<\/div>\n<hr \/>\n<\/div>\n<blockquote>\n<blockquote>\n<h2><a href=\"https:\/\/www.radiopiu.net\/wordpress\/speciale-solidarieta-veneto\/solidarieta-veneto-3\/\" rel=\"attachment wp-att-134366\">\u00a0<\/a><\/h2>\n<h2><a href=\"https:\/\/www.radiopiu.net\/wordpress\/speciale-solidarieta-veneto\/solidarieta-veneto-3\/\" rel=\"attachment wp-att-134366\"><img loading=\"lazy\" decoding=\"async\" class=\"wp-image-134366 alignleft\" src=\"https:\/\/www.radiopiu.net\/wordpress\/wp-content\/uploads\/2020\/05\/solidariet\u00e0-veneto-300x210.jpg\" alt=\"\" width=\"102\" height=\"71\" srcset=\"https:\/\/www.radiopiu.net\/wordpress\/wp-content\/uploads\/2020\/05\/solidariet\u00e0-veneto-300x210.jpg 300w, https:\/\/www.radiopiu.net\/wordpress\/wp-content\/uploads\/2020\/05\/solidariet\u00e0-veneto-1024x717.jpg 1024w, https:\/\/www.radiopiu.net\/wordpress\/wp-content\/uploads\/2020\/05\/solidariet\u00e0-veneto-768x538.jpg 768w, https:\/\/www.radiopiu.net\/wordpress\/wp-content\/uploads\/2020\/05\/solidariet\u00e0-veneto.jpg 1373w\" sizes=\"auto, (max-width: 102px) 100vw, 102px\" \/><\/a>SOLIDARIETA&#8217; VENETO FONDO PENSIONE, IN ONDA IL PRIMO VENERDI DEL MESE ALLE 10.30 E ALLE 19.00 QUINTA STAGIONE<\/h2>\n<\/blockquote>\n<h2><strong><span style=\"color: #ff0000;\">AUDIO MAGGIO 2021<\/span><\/strong><\/h2>\n<\/blockquote>\n<div>\n<audio class=\"wp-audio-shortcode\" id=\"audio-218087-20\" preload=\"none\" style=\"width: 100%;\" controls=\"controls\"><source type=\"audio\/mpeg\" src=\"https:\/\/www.radiopiu.net\/wordpress\/wp-content\/uploads\/2021\/05\/solidarieta-veneto-maggio-2021.mp3?_=20\" \/><a href=\"https:\/\/www.radiopiu.net\/wordpress\/wp-content\/uploads\/2021\/05\/solidarieta-veneto-maggio-2021.mp3\">https:\/\/www.radiopiu.net\/wordpress\/wp-content\/uploads\/2021\/05\/solidarieta-veneto-maggio-2021.mp3<\/a><\/audio>\n<\/div>\n<h2>LA RACCOLTA COMPLETA<\/h2>\n<blockquote class=\"wp-embedded-content\" data-secret=\"uyyFgy4DCz\"><p><a href=\"https:\/\/www.radiopiu.net\/wordpress\/solidarieta-veneto\/\">Solidariet\u00e0 Veneto<\/a><\/p><\/blockquote>\n<p><iframe loading=\"lazy\" class=\"wp-embedded-content\" sandbox=\"allow-scripts\" security=\"restricted\" style=\"position: absolute; clip: rect(1px, 1px, 1px, 1px);\" title=\"&#8220;Solidariet\u00e0 Veneto&#8221; &#8212; Radio Pi\u00f9\" src=\"https:\/\/www.radiopiu.net\/wordpress\/solidarieta-veneto\/embed\/#?secret=uyyFgy4DCz\" data-secret=\"uyyFgy4DCz\" width=\"600\" height=\"338\" frameborder=\"0\" marginwidth=\"0\" marginheight=\"0\" scrolling=\"no\"><\/iframe><\/p>\n<blockquote>\n<h2><\/h2>\n<h2><\/h2>\n<\/blockquote>\n<div>\n<hr \/>\n<\/div>\n<div class=\"page-title-head hgroup\">\n<div>\n<p>&nbsp;<\/p>\n<h2><span style=\"color: #ff0000;\">MUSLA, CON LA NUOVA GENERAZIONE LINGUE, USI, COSTUMI , raccolta completa<\/span><\/h2>\n<blockquote class=\"wp-embedded-content\" data-secret=\"zoNlfuhhKD\"><p><a href=\"https:\/\/www.radiopiu.net\/wordpress\/agora-agordina-la-nosta-piaza\/\">AGORA&#8217; AGORDINA&#8230; LA NOSTA PIAZA LADINA RACCOLTA COMPLETA PRIMA STAGIONE<\/a><\/p><\/blockquote>\n<p><iframe loading=\"lazy\" class=\"wp-embedded-content\" sandbox=\"allow-scripts\" security=\"restricted\" style=\"position: absolute; clip: rect(1px, 1px, 1px, 1px);\" title=\"&#8220;AGORA&#8217; AGORDINA&#8230; LA NOSTA PIAZA LADINA RACCOLTA COMPLETA PRIMA STAGIONE&#8221; &#8212; Radio Pi\u00f9\" src=\"https:\/\/www.radiopiu.net\/wordpress\/agora-agordina-la-nosta-piaza\/embed\/#?secret=zoNlfuhhKD\" data-secret=\"zoNlfuhhKD\" width=\"600\" height=\"338\" frameborder=\"0\" marginwidth=\"0\" marginheight=\"0\" scrolling=\"no\"><\/iframe><\/p>\n<p>&nbsp;<\/p>\n<div class=\"b654a4as d2edcug0\">\n<div dir=\"auto\">\n<h1><\/h1>\n<hr \/>\n<p>&nbsp;<\/p>\n<div>\n<h2><span style=\"color: #ff0000;\">LEGGERMENTE BELLUNESI CON LUISA ALCHINI la raccolta completa<\/span><\/h2>\n<\/div>\n<div>\n<blockquote class=\"wp-embedded-content\" data-secret=\"lpEc09zoAB\"><p><a href=\"https:\/\/www.radiopiu.net\/wordpress\/leggermente-20\/\">LEGGERmente&#8230;Bellunesi<\/a><\/p><\/blockquote>\n<p><iframe loading=\"lazy\" class=\"wp-embedded-content\" sandbox=\"allow-scripts\" security=\"restricted\" style=\"position: absolute; clip: rect(1px, 1px, 1px, 1px);\" title=\"&#8220;LEGGERmente&#8230;Bellunesi&#8221; &#8212; Radio Pi\u00f9\" src=\"https:\/\/www.radiopiu.net\/wordpress\/leggermente-20\/embed\/#?secret=lpEc09zoAB\" data-secret=\"lpEc09zoAB\" width=\"600\" height=\"338\" frameborder=\"0\" marginwidth=\"0\" marginheight=\"0\" scrolling=\"no\"><\/iframe><\/p>\n<\/div>\n<\/div>\n<p>&nbsp;<\/p>\n<hr \/>\n<p>&nbsp;<\/p>\n<h2><span style=\"color: #ff0000;\">GOCCE DI FILOSOFIA, CON CHIARA CAU, CON LISA DE LUCA la raccolta completa<\/span><\/h2>\n<blockquote class=\"wp-embedded-content\" data-secret=\"h89BfoEbDt\"><p><a href=\"https:\/\/www.radiopiu.net\/wordpress\/gocce-filosofia\/\">Gocce di filosofia<\/a><\/p><\/blockquote>\n<p><iframe loading=\"lazy\" class=\"wp-embedded-content\" sandbox=\"allow-scripts\" security=\"restricted\" style=\"position: absolute; clip: rect(1px, 1px, 1px, 1px);\" title=\"&#8220;Gocce di filosofia&#8221; &#8212; Radio Pi\u00f9\" src=\"https:\/\/www.radiopiu.net\/wordpress\/gocce-filosofia\/embed\/#?secret=h89BfoEbDt\" data-secret=\"h89BfoEbDt\" width=\"600\" height=\"338\" frameborder=\"0\" marginwidth=\"0\" marginheight=\"0\" scrolling=\"no\"><\/iframe><\/p>\n<p>&nbsp;<\/p>\n<p>&nbsp;<\/p>\n<hr \/>\n<\/div>\n<\/div>\n<p>&nbsp;<\/p>\n<p><a href=\"https:\/\/www.radiopiu.net\/wordpress\/giornale-radiopiu-26-settembre-2018-direttore-mirko-mezzacasa\/viabilita-2\/\" rel=\"attachment wp-att-61954\"><img loading=\"lazy\" decoding=\"async\" class=\"wp-image-61954 size-full aligncenter\" src=\"https:\/\/www.radiopiu.net\/wordpress\/wp-content\/uploads\/2018\/09\/viabilita.jpeg\" alt=\"\" width=\"800\" height=\"100\" srcset=\"https:\/\/www.radiopiu.net\/wordpress\/wp-content\/uploads\/2018\/09\/viabilita.jpeg 800w, https:\/\/www.radiopiu.net\/wordpress\/wp-content\/uploads\/2018\/09\/viabilita-300x38.jpeg 300w, https:\/\/www.radiopiu.net\/wordpress\/wp-content\/uploads\/2018\/09\/viabilita-768x96.jpeg 768w\" sizes=\"auto, (max-width: 800px) 100vw, 800px\" \/><\/a><\/p>\n<blockquote><p>&nbsp;<\/p><\/blockquote>\n<\/div>\n<\/div>\n<\/div>\n<\/div>\n<\/div>\n<\/div>\n<\/div>\n<\/div>\n<div><\/div>\n<div>\n<div>\n<div>\n<div>\n<div class=\"page-title-head hgroup\">\n<div class=\"page-title-head hgroup\">\n<div class=\"page-title-head hgroup\">\n<div>\n<div>\n<div class=\"page-title-head hgroup\">\n<div class=\"page-title-head hgroup\">\n<div class=\"page-title-head hgroup\">\n<blockquote><p><a href=\"https:\/\/www.radiopiu.net\/wordpress\/giornale-radiopiu-09-agosto-2018-direttore-mirko-mezzacasa\/viabilia\/\" rel=\"attachment wp-att-57053\"><img loading=\"lazy\" decoding=\"async\" class=\" wp-image-57053 alignleft\" src=\"https:\/\/www.radiopiu.net\/wordpress\/wp-content\/uploads\/2018\/08\/VIABILIA-300x180.jpeg\" alt=\"\" width=\"220\" height=\"132\" srcset=\"https:\/\/www.radiopiu.net\/wordpress\/wp-content\/uploads\/2018\/08\/VIABILIA-300x180.jpeg 300w, https:\/\/www.radiopiu.net\/wordpress\/wp-content\/uploads\/2018\/08\/VIABILIA-768x461.jpeg 768w, https:\/\/www.radiopiu.net\/wordpress\/wp-content\/uploads\/2018\/08\/VIABILIA-1024x614.jpeg 1024w, https:\/\/www.radiopiu.net\/wordpress\/wp-content\/uploads\/2018\/08\/VIABILIA.jpeg 1280w\" sizes=\"auto, (max-width: 220px) 100vw, 220px\" \/><\/a>La viabilit\u00e0 con gli ultimi aggiornamenti<\/p><\/blockquote>\n<\/div>\n<\/div>\n<\/div>\n<\/div>\n<\/div>\n<\/div>\n<\/div>\n<\/div>\n<\/div>\n<\/div>\n<\/div>\n<div><\/div>\n<div><\/div>\n<div>\n<div>\n<div class=\"page-title-head hgroup\">\n<p>&nbsp;<\/p>\n<audio class=\"wp-audio-shortcode\" id=\"audio-218087-21\" preload=\"none\" style=\"width: 100%;\" controls=\"controls\"><source type=\"audio\/mpeg\" src=\"https:\/\/www.radiopiu.net\/wordpress\/wp-content\/uploads\/2021\/06\/VIABILITA-7.mp3?_=21\" \/><a href=\"https:\/\/www.radiopiu.net\/wordpress\/wp-content\/uploads\/2021\/06\/VIABILITA-7.mp3\">https:\/\/www.radiopiu.net\/wordpress\/wp-content\/uploads\/2021\/06\/VIABILITA-7.mp3<\/a><\/audio>\n<p>&nbsp;<\/p>\n<hr \/>\n<p>&nbsp;<\/p>\n<\/div>\n<\/div>\n<\/div>\n<\/div>\n<div>\n<div class=\"page-title-head hgroup\">\n<div class=\"page-title-head hgroup\">\n<div dir=\"auto\">\n<p><a class=\"dt-pswp-item pspw-wrap-ready\" href=\"https:\/\/i0.wp.com\/www.radiopiu.net\/wordpress\/wp-content\/uploads\/2018\/09\/WhatsApp-Image-2018-09-20-at-16.04.06.jpeg?ssl=1\" data-dt-img-description=\"\" data-large_image_width=\"800\" data-large_image_height=\"100\"><img loading=\"lazy\" decoding=\"async\" class=\"aligncenter wp-image-61378 size-full jetpack-lazy-image jetpack-lazy-image--handled\" src=\"https:\/\/i0.wp.com\/www.radiopiu.net\/wordpress\/wp-content\/uploads\/2018\/09\/WhatsApp-Image-2018-09-20-at-16.04.06.jpeg?resize=800%2C100&amp;ssl=1\" sizes=\"auto, (max-width: 800px) 100vw, 800px\" srcset=\"https:\/\/i0.wp.com\/www.radiopiu.net\/wordpress\/wp-content\/uploads\/2018\/09\/WhatsApp-Image-2018-09-20-at-16.04.06.jpeg?w=800&amp;ssl=1 800w, https:\/\/i0.wp.com\/www.radiopiu.net\/wordpress\/wp-content\/uploads\/2018\/09\/WhatsApp-Image-2018-09-20-at-16.04.06.jpeg?resize=300%2C38&amp;ssl=1 300w, https:\/\/i0.wp.com\/www.radiopiu.net\/wordpress\/wp-content\/uploads\/2018\/09\/WhatsApp-Image-2018-09-20-at-16.04.06.jpeg?resize=768%2C96&amp;ssl=1 768w\" alt=\"\" width=\"800\" height=\"100\" data-lazy-loaded=\"1\" \/><\/a><\/p>\n<div><\/div>\n<div><center><b>Sabato 26<\/b><\/center><b>Tempo atteso: <\/b>Giornata ben pi\u00f9 soleggiata rispetto a venerd\u00ec con cielo generalmente sereno o poco nuvoloso specie al mattino e in quota, con possibili formazioni di temporanee e modeste nubi basse nelle ore pi\u00f9 fresche in molte valli. Dalle ore centrali moderato aumento della nuvolosit\u00e0 per nubi a sviluppo cumuliforme, con scarsa probabilit\u00e0 di precipitazioni.<br \/>\n<b>Precipitazioni: <\/b>Al mattino assenti (0%), nel pomeriggio probabilit\u00e0 bassa (5-25%) di occasionali e brevi precipitazioni, eventualmente anche a carattere di rovescio o di temporale.<br \/>\n<b>Temperature: <\/b>Minime in ulteriore lieve diminuzione, massime in contenuto aumento, su valori superiori alle medie del periodo di qualche grado. Elevata escursione termica giornaliera. Su Prealpi a 1500 m min 10\u00b0C, max 19, a 2000 m min 6, max 16, su Dolomiti a 2000 m, min 6\u00b0C max 16\u00b0C, a 3000 m min -2\u00b0C, max 6\u00b0C.<br \/>\n<b>Venti: <\/b>Nelle valli deboli o moderati per brezze, in quota generalmente moderati da ovest, a 5-15 km\/h a 2000 m, a 15-20 km\/h a 3000 m.<\/div>\n<\/div>\n<\/div>\n<\/div>\n<\/div>\n<\/div>\n<\/div>\n<\/div>\n<\/div>\n<hr \/>\n<p><center><b>Domenica 27<\/b><\/center><b>Tempo atteso: <\/b>Al mattino soleggiato con cielo generalmente poco nuvoloso. Gi\u00e0 nel corso del mattino graduale aumento della nuvolosit\u00e0 per nubi a sviluppo cumuliforme e per l&#8217;arrivo nuvolosit\u00e0 medio-alta, con possibili precipitazioni sparse dalle ore centrali. Schiarite in serata.<br \/>\n<b>Precipitazioni: <\/b>Al mattino assenti (0%); nella seconda parte della giornata aumento della probabilit\u00e0, fino a medio-bassa (25-50%) di precipitazioni da locali a sparse anche a carattere di rovescio o di temporale sulle Dolomiti, fino a bassa (5-25%) sulle zone prealpine, dove le eventuali precipitazioni saranno perlopi\u00f9 occasionali.<br \/>\n<b>Temperature: <\/b>In lieve o contenuto aumento. Su Prealpi a 1500 m min 11\u00b0C, max 20, a 2000 m min 7, max 16, su Dolomiti a 2000 m, min 8\u00b0C max 15\u00b0C, a 3000 m min 0\u00b0C, max 8\u00b0C.<br \/>\n<b>Venti: <\/b>Nelle valli deboli o moderati per brezze, in quota deboli o moderati in prevalenza ancora da ovest, a 5-10 km\/h a 2000 m, a 15-20 km\/h a 3000 m.<\/p>\n<hr \/>\n<p><center><b>Lunedi 28<\/b><\/center>Tempo pi\u00f9 soleggiato rispetto a domenica, a parte qualche nube bassa nelle ore pi\u00f9 fresche in alcune valli; modesta attivit\u00e0 cumuliforme diurna associata ad una scarsa probabilit\u00e0 di precipitazioni. Temperature in aumento, specie le massime, con clima diurno tipicamente estivo e pi\u00f9 caldo della norma. Venti in quota moderati anche tesi da sud-ovest.<\/p>\n<hr \/>\n<p><center><b>Martedi 29<\/b><\/center>Tempo soleggiato e caldo nelle valli durante le ore diurne con clima tipicamente estivo; modesta attivit\u00e0 cumuliforme diurna associata ad una probabilit\u00e0 molto bassa di precipitazioni. Temperature senza notevoli variazioni. Venti in quota generalmente in prevalenza tesi da sud-ovest. Previsore: M.Padoan<\/p>\n<div>\n<div><\/div>\n<div><\/div>\n<hr \/>\n<\/div>\n<p>&nbsp;<\/p>\n<p>&nbsp;<\/p>\n<p><a href=\"https:\/\/www.radiopiu.net\/wordpress\/giornale-radiopiu-15-settembre-2018-direttore-mirko-mezzacasa\/sport-7\/\" rel=\"attachment wp-att-60761\"><img loading=\"lazy\" decoding=\"async\" class=\"aligncenter wp-image-60761 size-full\" src=\"https:\/\/www.radiopiu.net\/wordpress\/wp-content\/uploads\/2018\/09\/sport.jpg\" alt=\"\" width=\"800\" height=\"100\" srcset=\"https:\/\/www.radiopiu.net\/wordpress\/wp-content\/uploads\/2018\/09\/sport.jpg 800w, https:\/\/www.radiopiu.net\/wordpress\/wp-content\/uploads\/2018\/09\/sport-300x38.jpg 300w, https:\/\/www.radiopiu.net\/wordpress\/wp-content\/uploads\/2018\/09\/sport-768x96.jpg 768w\" sizes=\"auto, (max-width: 800px) 100vw, 800px\" \/>\u00a0<\/a><\/p>\n<p>&nbsp;<\/p>\n<blockquote>\n<h3>ALTRE 4 CONFERME PER L&#8217;ALLEGHE HOCKEY<\/h3>\n<\/blockquote>\n<p><strong><a href=\"https:\/\/www.radiopiu.net\/wordpress\/il-calendario-ufficiale-dellitalian-hockey-league\/logo-alleghe-hockey\/\" rel=\"attachment wp-att-95699\"><img loading=\"lazy\" decoding=\"async\" class=\"size-medium wp-image-95699 alignleft\" src=\"https:\/\/www.radiopiu.net\/wordpress\/wp-content\/uploads\/2019\/08\/logo-alleghe-hockey-300x281.png\" alt=\"\" width=\"300\" height=\"281\" srcset=\"https:\/\/www.radiopiu.net\/wordpress\/wp-content\/uploads\/2019\/08\/logo-alleghe-hockey-300x281.png 300w, https:\/\/www.radiopiu.net\/wordpress\/wp-content\/uploads\/2019\/08\/logo-alleghe-hockey.png 547w\" sizes=\"auto, (max-width: 300px) 100vw, 300px\" \/><\/a>ALLEGHE <\/strong>Arrivano nuove conferme dal sodalizio presieduto dal presidente Adriano Levis. Questa settimana \u00e8 il turno di:<\/p>\n<p><strong>ANDREA DAMIN<\/strong><br \/>\nTornato a vestire la maglia biancorossa nella passata stagione, il Feltrino rimarr\u00e0 sotto al Civetta anche per il prossimo campionato. Difensore classe 2000, ha disputato una buonissima stagione in crescendo. Andrea si \u00e8 dimostrato pedina fondamentale della retroguardia Alleghese e la societ\u00e0 \u00e8 molto contenta di riabbracciarlo in riva al lago.<\/p>\n<p><strong>ERWIN MARTINI<\/strong><br \/>\nAttaccante ventiquattrenne in prima squadra dal campionato 2014\/2015, dove ha maturato esperienza totalizzando 179 presenze, condite da 23 gol e 43 assist.<\/p>\n<p><strong>MARWIN MARTINI<\/strong><br \/>\nAttaccante diciassettenne, fratello minore di Erwin, ha esordito con la prima squadra Alleghese nella passata stagione, facendo registrare 17 presenze ed una rete (contro l\u2019Appiano). Sensazionale la tripletta di Marwin in soli 118 secondi, realizzata quest\u2019anno al PalaTazzoli, contro i padroni di casa del Real Torino, in semifinale di Coppa Italia Under17.<\/p>\n<p><strong>MARCO LORENZINI<\/strong><br \/>\nPap\u00e0 da gennaio del piccolo Francesco, possente difensore d\u2019esperienza classe 1989, \u00e8 considerato un jolly per la sua duttilit\u00e0 tattica, potendo giocare all\u2019occorrenza anche in zona offensiva. L\u2019esordio di Marco nella prima squadra biancorossa risale alla stagione 2013\/2014 dove ha disputato 127 partite, impreziosite da 5 gol e 7 assist.<\/p>\n<p>Altre news in arrivo nei prossimi giorni\u2026<\/p>\n\n\t\t\t<style type='text\/css'>\n\t\t\t\t#gallery-6 {\n\t\t\t\t\tmargin: auto;\n\t\t\t\t}\n\t\t\t\t#gallery-6 .gallery-item {\n\t\t\t\t\tfloat: left;\n\t\t\t\t\tmargin-top: 10px;\n\t\t\t\t\ttext-align: center;\n\t\t\t\t\twidth: 25%;\n\t\t\t\t}\n\t\t\t\t#gallery-6 img {\n\t\t\t\t\tborder: 2px solid #cfcfcf;\n\t\t\t\t}\n\t\t\t\t#gallery-6 .gallery-caption {\n\t\t\t\t\tmargin-left: 0;\n\t\t\t\t}\n\t\t\t\t\/* see gallery_shortcode() in wp-includes\/media.php *\/\n\t\t\t<\/style>\n\t\t<div id='gallery-6' class='dt-gallery-container gallery galleryid-218087 gallery-columns-4 gallery-size-thumbnail'><dl class='gallery-item'>\n\t\t\t\t<dt class='gallery-icon portrait'>\n\t\t\t\t\t<a class=\"rollover rollover-zoom dt-pswp-item\" title=\"ANDREA DAMIN\" data-dt-img-description=\"\" data-large_image_width=\"401\" data-large_image_height=\"519\"href='https:\/\/www.radiopiu.net\/wordpress\/wp-content\/uploads\/2021\/06\/ANDREA-DAMIN.jpg'><img loading=\"lazy\" decoding=\"async\" width=\"150\" height=\"150\" src=\"https:\/\/www.radiopiu.net\/wordpress\/wp-content\/uploads\/2021\/06\/ANDREA-DAMIN-150x150.jpg\" class=\"attachment-thumbnail size-thumbnail\" alt=\"\" aria-describedby=\"gallery-6-218142\" \/><\/a>\n\t\t\t\t<\/dt>\n\t\t\t\t\t<dd class='wp-caption-text gallery-caption' id='gallery-6-218142'>\n\t\t\t\t\tANDREA DAMIN\n\t\t\t\t\t<\/dd><\/dl><dl class='gallery-item'>\n\t\t\t\t<dt class='gallery-icon landscape'>\n\t\t\t\t\t<a class=\"rollover rollover-zoom dt-pswp-item\" title=\"ERWIN MARTINI\" data-dt-img-description=\"\" data-large_image_width=\"1024\" data-large_image_height=\"682\"href='https:\/\/www.radiopiu.net\/wordpress\/wp-content\/uploads\/2021\/06\/ERWIN-MARTINI.jpg'><img loading=\"lazy\" decoding=\"async\" width=\"150\" height=\"150\" src=\"https:\/\/www.radiopiu.net\/wordpress\/wp-content\/uploads\/2021\/06\/ERWIN-MARTINI-150x150.jpg\" class=\"attachment-thumbnail size-thumbnail\" alt=\"\" aria-describedby=\"gallery-6-218143\" \/><\/a>\n\t\t\t\t<\/dt>\n\t\t\t\t\t<dd class='wp-caption-text gallery-caption' id='gallery-6-218143'>\n\t\t\t\t\tERWIN MARTINI\n\t\t\t\t\t<\/dd><\/dl><dl class='gallery-item'>\n\t\t\t\t<dt class='gallery-icon portrait'>\n\t\t\t\t\t<a class=\"rollover rollover-zoom dt-pswp-item\" title=\"MARWIN MARTINI\" data-dt-img-description=\"\" data-large_image_width=\"683\" data-large_image_height=\"1024\"href='https:\/\/www.radiopiu.net\/wordpress\/wp-content\/uploads\/2021\/06\/MARWIN-MARTINI.jpg'><img loading=\"lazy\" decoding=\"async\" width=\"150\" height=\"150\" src=\"https:\/\/www.radiopiu.net\/wordpress\/wp-content\/uploads\/2021\/06\/MARWIN-MARTINI-150x150.jpg\" class=\"attachment-thumbnail size-thumbnail\" alt=\"\" aria-describedby=\"gallery-6-218144\" \/><\/a>\n\t\t\t\t<\/dt>\n\t\t\t\t\t<dd class='wp-caption-text gallery-caption' id='gallery-6-218144'>\n\t\t\t\t\tMARWIN MARTINI\n\t\t\t\t\t<\/dd><\/dl><dl class='gallery-item'>\n\t\t\t\t<dt class='gallery-icon landscape'>\n\t\t\t\t\t<a class=\"rollover rollover-zoom dt-pswp-item\" title=\"MARCO LORENZINI\" data-dt-img-description=\"\" data-large_image_width=\"1024\" data-large_image_height=\"682\"href='https:\/\/www.radiopiu.net\/wordpress\/wp-content\/uploads\/2021\/06\/MARCO-LORENZINI.jpg'><img loading=\"lazy\" decoding=\"async\" width=\"150\" height=\"150\" src=\"https:\/\/www.radiopiu.net\/wordpress\/wp-content\/uploads\/2021\/06\/MARCO-LORENZINI-150x150.jpg\" class=\"attachment-thumbnail size-thumbnail\" alt=\"\" aria-describedby=\"gallery-6-218145\" \/><\/a>\n\t\t\t\t<\/dt>\n\t\t\t\t\t<dd class='wp-caption-text gallery-caption' id='gallery-6-218145'>\n\t\t\t\t\tMARCO LORENZINI\n\t\t\t\t\t<\/dd><\/dl><br style=\"clear: both\" \/>\n\t\t\t<\/div>\n\n<p>&nbsp;<\/p>\n<hr \/>\n<p>&nbsp;<\/p>\n<p>&nbsp;<\/p>\n","protected":false},"excerpt":{"rendered":"<p>ULTIM&#8217;ORA 7.30 DEL MATTINO: VIABILITA&#8217; PROVINCIA BELLUNO telegram Daniele: Segnalo grossi sassi in carreggiata da Longarone verso Forno poco prima dello svincolo per Soffranco #valcadore &nbsp; &nbsp; PER\u00a0RICEVERE QUESTO NOTIZIARIO DIRETTAMENTE SUL TUO CELLULARE ISCRIVITI AL CANALE TELEGRAM\u00a0\u201cRADIO PIU\u00a0 INFORMAZIONE\u201d\u00a0 FUSIONE DI COMUNI? IL DIBATTITO E&#8217; APERTO W I COSCRITTI, A CANALE D&#8217;AGORDO L&#8217;OCCASIONE PER&hellip;<\/p>\n","protected":false},"author":4,"featured_media":218279,"comment_status":"closed","ping_status":"open","sticky":false,"template":"","format":"standard","meta":{"_monsterinsights_skip_tracking":false,"_monsterinsights_sitenote_active":false,"_monsterinsights_sitenote_note":"","_monsterinsights_sitenote_category":0,"footnotes":""},"categories":[1,51,86,49],"tags":[],"class_list":["post-218087","post","type-post","status-publish","format-standard","has-post-thumbnail","hentry","category-senza-categoria","category-evidenza-top","category-gr","category-news-18","category-1","category-51","category-86","category-49","description-off"],"img_url":"https:\/\/www.radiopiu.net\/wordpress\/wp-content\/uploads\/2021\/06\/203810819_10158276974207544_8607659834109422512_n.jpg","_links":{"self":[{"href":"https:\/\/www.radiopiu.net\/wordpress\/wp-json\/wp\/v2\/posts\/218087","targetHints":{"allow":["GET"]}}],"collection":[{"href":"https:\/\/www.radiopiu.net\/wordpress\/wp-json\/wp\/v2\/posts"}],"about":[{"href":"https:\/\/www.radiopiu.net\/wordpress\/wp-json\/wp\/v2\/types\/post"}],"author":[{"embeddable":true,"href":"https:\/\/www.radiopiu.net\/wordpress\/wp-json\/wp\/v2\/users\/4"}],"replies":[{"embeddable":true,"href":"https:\/\/www.radiopiu.net\/wordpress\/wp-json\/wp\/v2\/comments?post=218087"}],"version-history":[{"count":0,"href":"https:\/\/www.radiopiu.net\/wordpress\/wp-json\/wp\/v2\/posts\/218087\/revisions"}],"wp:featuredmedia":[{"embeddable":true,"href":"https:\/\/www.radiopiu.net\/wordpress\/wp-json\/wp\/v2\/media\/218279"}],"wp:attachment":[{"href":"https:\/\/www.radiopiu.net\/wordpress\/wp-json\/wp\/v2\/media?parent=218087"}],"wp:term":[{"taxonomy":"category","embeddable":true,"href":"https:\/\/www.radiopiu.net\/wordpress\/wp-json\/wp\/v2\/categories?post=218087"},{"taxonomy":"post_tag","embeddable":true,"href":"https:\/\/www.radiopiu.net\/wordpress\/wp-json\/wp\/v2\/tags?post=218087"}],"curies":[{"name":"wp","href":"https:\/\/api.w.org\/{rel}","templated":true}]}}