{"id":218141,"date":"2021-06-25T18:00:51","date_gmt":"2021-06-25T16:00:51","guid":{"rendered":"https:\/\/www.radiopiu.net\/wordpress\/?p=218141"},"modified":"2021-06-26T05:48:11","modified_gmt":"2021-06-26T03:48:11","slug":"altre-4-conferme-per-lalleghe-hockey","status":"publish","type":"post","link":"https:\/\/www.radiopiu.net\/wordpress\/altre-4-conferme-per-lalleghe-hockey\/","title":{"rendered":"ALTRE 4 CONFERME PER L&#8217;ALLEGHE HOCKEY"},"content":{"rendered":"<p><strong><a href=\"https:\/\/www.radiopiu.net\/wordpress\/il-calendario-ufficiale-dellitalian-hockey-league\/logo-alleghe-hockey\/\" rel=\"attachment wp-att-95699\"><img loading=\"lazy\" decoding=\"async\" class=\"size-medium wp-image-95699 alignleft\" src=\"https:\/\/www.radiopiu.net\/wordpress\/wp-content\/uploads\/2019\/08\/logo-alleghe-hockey-300x281.png\" alt=\"\" width=\"300\" height=\"281\" srcset=\"https:\/\/www.radiopiu.net\/wordpress\/wp-content\/uploads\/2019\/08\/logo-alleghe-hockey-300x281.png 300w, https:\/\/www.radiopiu.net\/wordpress\/wp-content\/uploads\/2019\/08\/logo-alleghe-hockey.png 547w\" sizes=\"auto, (max-width: 300px) 100vw, 300px\" \/><\/a>ALLEGHE <\/strong>Arrivano nuove conferme dal sodalizio presieduto dal presidente Adriano Levis. Questa settimana \u00e8 il turno di:<\/p>\n<p><strong>ANDREA DAMIN<\/strong><br \/>\nTornato a vestire la maglia biancorossa nella passata stagione, il Feltrino rimarr\u00e0 sotto al Civetta anche per il prossimo campionato. Difensore classe 2000, ha disputato una buonissima stagione in crescendo. Andrea si \u00e8 dimostrato pedina fondamentale della retroguardia Alleghese e la societ\u00e0 \u00e8 molto contenta di riabbracciarlo in riva al lago.<\/p>\n<p><strong>ERWIN MARTINI<\/strong><br \/>\nAttaccante ventiquattrenne in prima squadra dal campionato 2014\/2015, dove ha maturato esperienza totalizzando 179 presenze, condite da 23 gol e 43 assist.<\/p>\n<p><strong>MARWIN MARTINI<\/strong><br \/>\nAttaccante diciassettenne, fratello minore di Erwin, ha esordito con la prima squadra Alleghese nella passata stagione, facendo registrare 17 presenze ed una rete (contro l\u2019Appiano). Sensazionale la tripletta di Marwin in soli 118 secondi, realizzata quest\u2019anno al PalaTazzoli, contro i padroni di casa del Real Torino, in semifinale di Coppa Italia Under17.<\/p>\n<p><strong>MARCO LORENZINI<\/strong><br \/>\nPap\u00e0 da gennaio del piccolo Francesco, possente difensore d\u2019esperienza classe 1989, \u00e8 considerato un jolly per la sua duttilit\u00e0 tattica, potendo giocare all\u2019occorrenza anche in zona offensiva. L\u2019esordio di Marco nella prima squadra biancorossa risale alla stagione 2013\/2014 dove ha disputato 127 partite, impreziosite da 5 gol e 7 assist.<\/p>\n<p>Altre news in arrivo nei prossimi giorni\u2026<\/p>\n\n\t\t\t<style type='text\/css'>\n\t\t\t\t#gallery-1 {\n\t\t\t\t\tmargin: auto;\n\t\t\t\t}\n\t\t\t\t#gallery-1 .gallery-item {\n\t\t\t\t\tfloat: left;\n\t\t\t\t\tmargin-top: 10px;\n\t\t\t\t\ttext-align: center;\n\t\t\t\t\twidth: 25%;\n\t\t\t\t}\n\t\t\t\t#gallery-1 img {\n\t\t\t\t\tborder: 2px solid #cfcfcf;\n\t\t\t\t}\n\t\t\t\t#gallery-1 .gallery-caption {\n\t\t\t\t\tmargin-left: 0;\n\t\t\t\t}\n\t\t\t\t\/* see gallery_shortcode() in wp-includes\/media.php *\/\n\t\t\t<\/style>\n\t\t<div id='gallery-1' class='dt-gallery-container gallery galleryid-218141 gallery-columns-4 gallery-size-thumbnail'><dl class='gallery-item'>\n\t\t\t\t<dt class='gallery-icon portrait'>\n\t\t\t\t\t<a class=\"rollover rollover-zoom dt-pswp-item\" title=\"ANDREA DAMIN\" data-dt-img-description=\"\" data-large_image_width=\"401\" data-large_image_height=\"519\"href='https:\/\/www.radiopiu.net\/wordpress\/wp-content\/uploads\/2021\/06\/ANDREA-DAMIN.jpg'><img loading=\"lazy\" decoding=\"async\" width=\"150\" height=\"150\" src=\"https:\/\/www.radiopiu.net\/wordpress\/wp-content\/uploads\/2021\/06\/ANDREA-DAMIN-150x150.jpg\" class=\"attachment-thumbnail size-thumbnail\" alt=\"\" aria-describedby=\"gallery-1-218142\" \/><\/a>\n\t\t\t\t<\/dt>\n\t\t\t\t\t<dd class='wp-caption-text gallery-caption' id='gallery-1-218142'>\n\t\t\t\t\tANDREA DAMIN\n\t\t\t\t\t<\/dd><\/dl><dl class='gallery-item'>\n\t\t\t\t<dt class='gallery-icon landscape'>\n\t\t\t\t\t<a class=\"rollover rollover-zoom dt-pswp-item\" title=\"ERWIN MARTINI\" data-dt-img-description=\"\" data-large_image_width=\"1024\" data-large_image_height=\"682\"href='https:\/\/www.radiopiu.net\/wordpress\/wp-content\/uploads\/2021\/06\/ERWIN-MARTINI.jpg'><img loading=\"lazy\" decoding=\"async\" width=\"150\" height=\"150\" src=\"https:\/\/www.radiopiu.net\/wordpress\/wp-content\/uploads\/2021\/06\/ERWIN-MARTINI-150x150.jpg\" class=\"attachment-thumbnail size-thumbnail\" alt=\"\" aria-describedby=\"gallery-1-218143\" \/><\/a>\n\t\t\t\t<\/dt>\n\t\t\t\t\t<dd class='wp-caption-text gallery-caption' id='gallery-1-218143'>\n\t\t\t\t\tERWIN MARTINI\n\t\t\t\t\t<\/dd><\/dl><dl class='gallery-item'>\n\t\t\t\t<dt class='gallery-icon portrait'>\n\t\t\t\t\t<a class=\"rollover rollover-zoom dt-pswp-item\" title=\"MARWIN MARTINI\" data-dt-img-description=\"\" data-large_image_width=\"683\" data-large_image_height=\"1024\"href='https:\/\/www.radiopiu.net\/wordpress\/wp-content\/uploads\/2021\/06\/MARWIN-MARTINI.jpg'><img loading=\"lazy\" decoding=\"async\" width=\"150\" height=\"150\" src=\"https:\/\/www.radiopiu.net\/wordpress\/wp-content\/uploads\/2021\/06\/MARWIN-MARTINI-150x150.jpg\" class=\"attachment-thumbnail size-thumbnail\" alt=\"\" aria-describedby=\"gallery-1-218144\" \/><\/a>\n\t\t\t\t<\/dt>\n\t\t\t\t\t<dd class='wp-caption-text gallery-caption' id='gallery-1-218144'>\n\t\t\t\t\tMARWIN MARTINI\n\t\t\t\t\t<\/dd><\/dl><dl class='gallery-item'>\n\t\t\t\t<dt class='gallery-icon landscape'>\n\t\t\t\t\t<a class=\"rollover rollover-zoom dt-pswp-item\" title=\"MARCO LORENZINI\" data-dt-img-description=\"\" data-large_image_width=\"1024\" data-large_image_height=\"682\"href='https:\/\/www.radiopiu.net\/wordpress\/wp-content\/uploads\/2021\/06\/MARCO-LORENZINI.jpg'><img loading=\"lazy\" decoding=\"async\" width=\"150\" height=\"150\" src=\"https:\/\/www.radiopiu.net\/wordpress\/wp-content\/uploads\/2021\/06\/MARCO-LORENZINI-150x150.jpg\" class=\"attachment-thumbnail size-thumbnail\" alt=\"\" aria-describedby=\"gallery-1-218145\" \/><\/a>\n\t\t\t\t<\/dt>\n\t\t\t\t\t<dd class='wp-caption-text gallery-caption' id='gallery-1-218145'>\n\t\t\t\t\tMARCO LORENZINI\n\t\t\t\t\t<\/dd><\/dl><br style=\"clear: both\" \/>\n\t\t\t<\/div>\n\n<p>&nbsp;<\/p>\n<p>&nbsp;<\/p>\n<p>&nbsp;<\/p>\n<p>****<\/p>\n","protected":false},"excerpt":{"rendered":"<p>ALLEGHE Arrivano nuove conferme dal sodalizio presieduto dal presidente Adriano Levis. Questa settimana \u00e8 il turno di: ANDREA DAMIN Tornato a vestire la maglia biancorossa nella passata stagione, il Feltrino rimarr\u00e0 sotto al Civetta anche per il prossimo campionato. Difensore classe 2000, ha disputato una buonissima stagione in crescendo. Andrea si \u00e8 dimostrato pedina fondamentale&hellip;<\/p>\n","protected":false},"author":4,"featured_media":95699,"comment_status":"closed","ping_status":"open","sticky":false,"template":"","format":"standard","meta":{"_monsterinsights_skip_tracking":false,"_monsterinsights_sitenote_active":false,"_monsterinsights_sitenote_note":"","_monsterinsights_sitenote_category":0,"footnotes":""},"categories":[104,49,72],"tags":[],"class_list":["post-218141","post","type-post","status-publish","format-standard","has-post-thumbnail","hentry","category-evidenza_3","category-news-18","category-sport","category-104","category-49","category-72","description-off"],"img_url":"https:\/\/www.radiopiu.net\/wordpress\/wp-content\/uploads\/2019\/08\/logo-alleghe-hockey.png","_links":{"self":[{"href":"https:\/\/www.radiopiu.net\/wordpress\/wp-json\/wp\/v2\/posts\/218141","targetHints":{"allow":["GET"]}}],"collection":[{"href":"https:\/\/www.radiopiu.net\/wordpress\/wp-json\/wp\/v2\/posts"}],"about":[{"href":"https:\/\/www.radiopiu.net\/wordpress\/wp-json\/wp\/v2\/types\/post"}],"author":[{"embeddable":true,"href":"https:\/\/www.radiopiu.net\/wordpress\/wp-json\/wp\/v2\/users\/4"}],"replies":[{"embeddable":true,"href":"https:\/\/www.radiopiu.net\/wordpress\/wp-json\/wp\/v2\/comments?post=218141"}],"version-history":[{"count":0,"href":"https:\/\/www.radiopiu.net\/wordpress\/wp-json\/wp\/v2\/posts\/218141\/revisions"}],"wp:featuredmedia":[{"embeddable":true,"href":"https:\/\/www.radiopiu.net\/wordpress\/wp-json\/wp\/v2\/media\/95699"}],"wp:attachment":[{"href":"https:\/\/www.radiopiu.net\/wordpress\/wp-json\/wp\/v2\/media?parent=218141"}],"wp:term":[{"taxonomy":"category","embeddable":true,"href":"https:\/\/www.radiopiu.net\/wordpress\/wp-json\/wp\/v2\/categories?post=218141"},{"taxonomy":"post_tag","embeddable":true,"href":"https:\/\/www.radiopiu.net\/wordpress\/wp-json\/wp\/v2\/tags?post=218141"}],"curies":[{"name":"wp","href":"https:\/\/api.w.org\/{rel}","templated":true}]}}