{"id":218319,"date":"2021-06-27T07:20:55","date_gmt":"2021-06-27T05:20:55","guid":{"rendered":"https:\/\/www.radiopiu.net\/wordpress\/?p=218319"},"modified":"2021-06-27T07:29:22","modified_gmt":"2021-06-27T05:29:22","slug":"giornale-radiopiu-27-giugno-2021-direttore-mirko-mezzacasa","status":"publish","type":"post","link":"https:\/\/www.radiopiu.net\/wordpress\/giornale-radiopiu-27-giugno-2021-direttore-mirko-mezzacasa\/","title":{"rendered":"GIORNALE RADIOPIU 27 GIUGNO 2021 DIRETTORE MIRKO MEZZACASA"},"content":{"rendered":"<h2><span style=\"color: #0000ff;\">PER<strong>\u00a0RICEVERE QUESTO NOTIZIARIO DIRETTAMENTE SUL TUO CELLULARE ISCRIVITI AL CANALE TELEGRAM\u00a0<\/strong><strong>\u201cRADIO PIU\u00a0 INFORMAZIONE\u201d\u00a0<\/strong><\/span><\/h2>\n<blockquote class=\"wp-embedded-content\" data-secret=\"VjWpWtt0pE\"><p><a href=\"https:\/\/www.radiopiu.net\/wordpress\/fusione-di-comuni-il-dibattito-e-aperto\/\">FUSIONE DI COMUNI? IL DIBATTITO E&#8217; APERTO<\/a><\/p><\/blockquote>\n<p><iframe loading=\"lazy\" class=\"wp-embedded-content\" sandbox=\"allow-scripts\" security=\"restricted\" style=\"position: absolute; clip: rect(1px, 1px, 1px, 1px);\" title=\"&#8220;FUSIONE DI COMUNI? IL DIBATTITO E&#8217; APERTO&#8221; &#8212; Radio Pi\u00f9\" src=\"https:\/\/www.radiopiu.net\/wordpress\/fusione-di-comuni-il-dibattito-e-aperto\/embed\/#?secret=VjWpWtt0pE\" data-secret=\"VjWpWtt0pE\" width=\"600\" height=\"338\" frameborder=\"0\" marginwidth=\"0\" marginheight=\"0\" scrolling=\"no\"><\/iframe><\/p>\n<p>&nbsp;<\/p>\n<hr \/>\n<p>&nbsp;<\/p>\n<blockquote>\n<h3>Riapertura funivia Margherita Bianco candido di grandine cielo azzurro&#8230; di John Francis Della Pietra<\/h3>\n<\/blockquote>\n\n\t\t\t<style type='text\/css'>\n\t\t\t\t#gallery-1 {\n\t\t\t\t\tmargin: auto;\n\t\t\t\t}\n\t\t\t\t#gallery-1 .gallery-item {\n\t\t\t\t\tfloat: left;\n\t\t\t\t\tmargin-top: 10px;\n\t\t\t\t\ttext-align: center;\n\t\t\t\t\twidth: 33%;\n\t\t\t\t}\n\t\t\t\t#gallery-1 img {\n\t\t\t\t\tborder: 2px solid #cfcfcf;\n\t\t\t\t}\n\t\t\t\t#gallery-1 .gallery-caption {\n\t\t\t\t\tmargin-left: 0;\n\t\t\t\t}\n\t\t\t\t\/* see gallery_shortcode() in wp-includes\/media.php *\/\n\t\t\t<\/style>\n\t\t<div id='gallery-1' class='dt-gallery-container gallery galleryid-218319 gallery-columns-3 gallery-size-thumbnail'><dl class='gallery-item'>\n\t\t\t\t<dt class='gallery-icon portrait'>\n\t\t\t\t\t<a class=\"rollover rollover-zoom dt-pswp-item\" title=\"a3f7b5fd-1dd0-447e-91f8-db334597719f\" data-dt-img-description=\"\" data-large_image_width=\"1152\" data-large_image_height=\"2048\"href='https:\/\/www.radiopiu.net\/wordpress\/wp-content\/uploads\/2021\/06\/a3f7b5fd-1dd0-447e-91f8-db334597719f.jpg'><img loading=\"lazy\" decoding=\"async\" width=\"150\" height=\"150\" src=\"https:\/\/www.radiopiu.net\/wordpress\/wp-content\/uploads\/2021\/06\/a3f7b5fd-1dd0-447e-91f8-db334597719f-150x150.jpg\" class=\"attachment-thumbnail size-thumbnail\" alt=\"\" \/><\/a>\n\t\t\t\t<\/dt><\/dl><dl class='gallery-item'>\n\t\t\t\t<dt class='gallery-icon portrait'>\n\t\t\t\t\t<a class=\"rollover rollover-zoom dt-pswp-item\" title=\"7550b125-b924-4963-9a14-491c8ceb47c9\" data-dt-img-description=\"\" data-large_image_width=\"1152\" data-large_image_height=\"2048\"href='https:\/\/www.radiopiu.net\/wordpress\/wp-content\/uploads\/2021\/06\/7550b125-b924-4963-9a14-491c8ceb47c9.jpg'><img loading=\"lazy\" decoding=\"async\" width=\"150\" height=\"150\" src=\"https:\/\/www.radiopiu.net\/wordpress\/wp-content\/uploads\/2021\/06\/7550b125-b924-4963-9a14-491c8ceb47c9-150x150.jpg\" class=\"attachment-thumbnail size-thumbnail\" alt=\"\" \/><\/a>\n\t\t\t\t<\/dt><\/dl><dl class='gallery-item'>\n\t\t\t\t<dt class='gallery-icon landscape'>\n\t\t\t\t\t<a class=\"rollover rollover-zoom dt-pswp-item\" title=\"7a016b50-58dd-45b1-a554-b3980391d96f\" data-dt-img-description=\"\" data-large_image_width=\"1599\" data-large_image_height=\"899\"href='https:\/\/www.radiopiu.net\/wordpress\/wp-content\/uploads\/2021\/06\/7a016b50-58dd-45b1-a554-b3980391d96f.jpg'><img loading=\"lazy\" decoding=\"async\" width=\"150\" height=\"150\" src=\"https:\/\/www.radiopiu.net\/wordpress\/wp-content\/uploads\/2021\/06\/7a016b50-58dd-45b1-a554-b3980391d96f-150x150.jpg\" class=\"attachment-thumbnail size-thumbnail\" alt=\"\" \/><\/a>\n\t\t\t\t<\/dt><\/dl><br style=\"clear: both\" \/>\n\t\t\t<\/div>\n\n<p>&nbsp;<\/p>\n<hr \/>\n<p>&nbsp;<\/p>\n<p><span style=\"color: #ff0000;\"><strong>OGGI CHIUSURA DEI PASSI DOLOMITICI PER IL SELLA RONDA BIKE DAY<\/strong><\/span><\/p>\n<blockquote>\n<h3><strong style=\"font-size: 14px;\"><a href=\"https:\/\/www.radiopiu.net\/wordpress\/lemergenza-stravolge-i-piani-turistici-annullati-gli-eventi-in-terra-fodom\/sellaronda-bike-day-ph-credit_freddy-planinschek\/\" rel=\"attachment wp-att-132243\"><img loading=\"lazy\" decoding=\"async\" class=\" wp-image-132243 alignleft\" src=\"https:\/\/www.radiopiu.net\/wordpress\/wp-content\/uploads\/2020\/04\/Sellaronda-bike-day-ph.credit_freddy-planinschek-300x200.jpg\" alt=\"\" width=\"144\" height=\"96\" srcset=\"https:\/\/www.radiopiu.net\/wordpress\/wp-content\/uploads\/2020\/04\/Sellaronda-bike-day-ph.credit_freddy-planinschek-300x200.jpg 300w, https:\/\/www.radiopiu.net\/wordpress\/wp-content\/uploads\/2020\/04\/Sellaronda-bike-day-ph.credit_freddy-planinschek-768x512.jpg 768w, https:\/\/www.radiopiu.net\/wordpress\/wp-content\/uploads\/2020\/04\/Sellaronda-bike-day-ph.credit_freddy-planinschek.jpg 990w\" sizes=\"auto, (max-width: 144px) 100vw, 144px\" \/><\/a><\/strong><\/h3>\n<\/blockquote>\n<p>&nbsp;<\/p>\n<h1 class=\"title\"><\/h1>\n<blockquote>\n<h2 class=\"description\">Si raccomanda il giro in senso antiorario<\/h2>\n<\/blockquote>\n<ul class=\"text\">\n<li>da\u00a0<strong>Selva al Passo Sella e al Passo Gardena<\/strong>\u00a0sul lato Val Gardena\u00a0a partire dalle ore 08:30 alle ore 15:30\u00a0(dalla Piazza Nives a Selva \u2013 SS 242). Riapertura del tratto dalla Piazza Nives a Plan alle ore 10.00.<\/li>\n<li><strong>da Corvara &#8211; Passo Gardena e Corvara &#8211; Passo Campolongo<\/strong>\u00a0sul lato Val Badia a partire dalle ore 08:30 alle ore 15:30 (dalla stazione a valle della cabinovia Bo\u00e8 \u2013 SS 243 e SS 244).<\/li>\n<li>da\u00a0<strong>Arabba al Passo Pordoi\u00a0<\/strong>SR 48 e al\u00a0<strong>Passo Campolongo<\/strong>\u00a0SP 244 sul lato del comune di Livinallongo a partire dalle ore 08:30 alle ore 15:30 (Arabba, dall\u2019incrocio con il Passo Campolongo fino al Passo Pordoi).<\/li>\n<li>da\u00a0<strong>Canazei al Passo Sella e al Passo Pordoi<\/strong>\u00a0sul lato Val di Fassa a partire dalle ore 08:30 alle ore 15:30 (Canazei, incrocio Str\u00e8da Dolomites e Str\u00e8da de Col de Pin presso Hotel Bellevue e Ufficio Postale \u2013 SS 48 e rotatoria Str\u00e8da de Pareda e Str\u00e8da de Col de Pin).<\/li>\n<\/ul>\n<p>&nbsp;<\/p>\n<p>&nbsp;<\/p>\n<p>&nbsp;<\/p>\n<hr \/>\n<blockquote>\n<h3><\/h3>\n<\/blockquote>\n<p><strong><a href=\"https:\/\/www.radiopiu.net\/wordpress\/giornale-radiopiu-16-giugno-2021-direttore-mirko-mezzacasa\/lavorii\/\" rel=\"attachment wp-att-216177\"><img loading=\"lazy\" decoding=\"async\" class=\"size-medium wp-image-216177 alignleft\" src=\"https:\/\/www.radiopiu.net\/wordpress\/wp-content\/uploads\/2021\/06\/LAVORII-300x159.jpg\" alt=\"\" width=\"300\" height=\"159\" srcset=\"https:\/\/www.radiopiu.net\/wordpress\/wp-content\/uploads\/2021\/06\/LAVORII-300x159.jpg 300w, https:\/\/www.radiopiu.net\/wordpress\/wp-content\/uploads\/2021\/06\/LAVORII.jpg 335w\" sizes=\"auto, (max-width: 300px) 100vw, 300px\" \/><\/a><\/strong><\/p>\n<p>&nbsp;<\/p>\n<p><b>GALLERIA \u2018COMELICO\u00a0<\/b>fino al 31 luglio\u00a0 dalle 21 alle\u00a0 6 la galleria sar\u00e0 chiusa al traffico. Per i veicoli pesanti trainanti un rimorchio \u00e8 prevista la deviazione sulla SR 48 \u201cdelle Dolomiti e sulla SP 49 \u201cMisurina\u201d,\u00a0 \u00a0il traffico pesante sar\u00e0 deviato lungo la SP 532 \u201cPasso S. Antonio\u201d. Il traffico leggero\u00a0 sulla SP 532.<\/p>\n<p>&nbsp;<\/p>\n<p>&nbsp;<\/p>\n<p>&nbsp;<\/p>\n<hr \/>\n<blockquote>\n<h3><\/h3>\n<h3 class=\"xmsobodytext\"><b>VENETO, ANAS: AVANZANO GLI INTERVENTI A LONGARONE (BL), SULLA STATALE 51 \u201cDI ALEMAGNA\u201d<\/b><\/h3>\n<\/blockquote>\n<p><strong>VENEZIA<\/strong> Avanzano gli interventi attivati da Anas lungo la statale 51 \u201cdi Alemagna\u201d nel territorio comunale di Longarone. Per consentire l\u2019esecuzione dei lavori di consolidamento del muro di sostegno del tracciato ferroviario prossimo al viadotto di Castellavazzo, al km 52 della statale 51 \u201cdi Alemagna\u201d, si rende necessario istituire un senso unico alternato regolato da impianto semaforico per un tratto di 100 metri. Le lavorazioni, che saranno eseguite occupando parzialmente la carreggiata lungo il ponte, sono inoltre propedeutiche ai prossimi lavori di scavo per il consolidamento delle fondazioni del viadotto stesso.\u00a0 Le attivit\u00e0 rientrano nell\u2019ambito del Piano Straordinario per l\u2019accessibilit\u00e0 a Cortina. La limitazione sar\u00e0 in vigore a partire dalle 22:00 di oggi fino alle 14:00 di venerd\u00ec 2 luglio. In caso di flussi intensi di traffico la circolazione sar\u00e0 gestita dai movieri.<\/p>\n<p>&nbsp;<\/p>\n<hr \/>\n<p>&nbsp;<\/p>\n<p>&nbsp;<\/p>\n<blockquote><p><strong><img loading=\"lazy\" decoding=\"async\" class=\"alignleft\" src=\"https:\/\/www.radiopiu.net\/wordpress\/wp-content\/uploads\/2018\/08\/ACQUA.jpeg\" width=\"212\" height=\"127\" \/>Gestione Servizi Pubblici informa che a GOSALDO in LOCALITA\u2019 VALLASIN,\u00a0 PONGAN, LE FOCHE, LAMBROI, DENEORE, MAGAIT, REN, SELLE, COL TAMAI, BITTI, GIARDOI E PETTUINE l\u2019acqua erogata dall\u2019acquedotto non \u00e8 potabile e pu\u00f2 essere usata per scopi alimentari SOLO PREVIA bollitura.\u00a0<\/strong><\/p><\/blockquote>\n<h3><span style=\"color: #3366ff;\">\u00a0<\/span><\/h3>\n<p>&nbsp;<\/p>\n<p>&nbsp;<\/p>\n<hr \/>\n<p>&nbsp;<\/p>\n<blockquote>\n<h2><a href=\"https:\/\/www.radiopiu.net\/wordpress\/giornale-radiopiu-16-giugno-2021-direttore-mirko-mezzacasa\/lavori-6\/\" rel=\"attachment wp-att-216175\"><img loading=\"lazy\" decoding=\"async\" class=\"wp-image-216175 alignleft\" src=\"https:\/\/www.radiopiu.net\/wordpress\/wp-content\/uploads\/2021\/06\/LAVORI-1-1.jpg\" alt=\"\" width=\"122\" height=\"122\" srcset=\"https:\/\/www.radiopiu.net\/wordpress\/wp-content\/uploads\/2021\/06\/LAVORI-1-1.jpg 300w, https:\/\/www.radiopiu.net\/wordpress\/wp-content\/uploads\/2021\/06\/LAVORI-1-1-150x150.jpg 150w\" sizes=\"auto, (max-width: 122px) 100vw, 122px\" \/><\/a>CANTIERI A ROCCA PIETORE<\/h2>\n<\/blockquote>\n<p><strong>ROCCA PIETORE<\/strong> Fino al 10 luglio \u00e8 chiuso al transito il ponte sul Ru de Molin tra le localit\u00e0 di Santa Maria delle Grazie e Caracoi. Chiusura dell&#8217;area compresa tra la localit\u00e0 di Aur\u00f9 e l&#8217;intersezione con la strada per Laste Fino al 9 luglio \u00e8 chiuso il tratto di strada in localit\u00e0 Col di Rocca nel tratto tra la Centralina Comunale e il bivio in cui si innesta con la strada provinciale 641 lato Sass Negher. . La viabilit\u00e0 da e per l&#8217;abitato di Col di Rocca \u00e8 comunque garantita da altri due accessi esistenti.<\/p>\n<p>&nbsp;<\/p>\n<p>&nbsp;<\/p>\n<hr \/>\n<p>&nbsp;<\/p>\n<blockquote>\n<h3><strong><a href=\"https:\/\/www.radiopiu.net\/wordpress\/agordo-il-mio-paese-litalia-che-vorrei-di-mirko-mezzacasa\/8cea600a-c88b-4d28-8748-e360e4864c44\/\" rel=\"attachment wp-att-144890\"><img loading=\"lazy\" decoding=\"async\" class=\" wp-image-144890 alignleft\" src=\"https:\/\/www.radiopiu.net\/wordpress\/wp-content\/uploads\/2020\/06\/8cea600a-c88b-4d28-8748-e360e4864c44-300x225.jpg\" alt=\"\" width=\"155\" height=\"116\" srcset=\"https:\/\/www.radiopiu.net\/wordpress\/wp-content\/uploads\/2020\/06\/8cea600a-c88b-4d28-8748-e360e4864c44-300x225.jpg 300w, https:\/\/www.radiopiu.net\/wordpress\/wp-content\/uploads\/2020\/06\/8cea600a-c88b-4d28-8748-e360e4864c44-1024x768.jpg 1024w, https:\/\/www.radiopiu.net\/wordpress\/wp-content\/uploads\/2020\/06\/8cea600a-c88b-4d28-8748-e360e4864c44-768x576.jpg 768w, https:\/\/www.radiopiu.net\/wordpress\/wp-content\/uploads\/2020\/06\/8cea600a-c88b-4d28-8748-e360e4864c44-1536x1152.jpg 1536w, https:\/\/www.radiopiu.net\/wordpress\/wp-content\/uploads\/2020\/06\/8cea600a-c88b-4d28-8748-e360e4864c44.jpg 2048w\" sizes=\"auto, (max-width: 155px) 100vw, 155px\" \/><\/a><\/strong>LAVORI DI RIFACIMENTO DEL PONTE SUL TORRENTE CAMPREGANA<\/h3>\n<\/blockquote>\n<p><strong>AGORDO<\/strong> Fino al 16 luglio, per le frazioni Farenzena e Val di Frela deviazioni per la\u00a0 strada silvo-pastorale Farenzena-Don <em>Transito consentito <strong>A SALIRE<\/strong>, da frazione FARENZENA a localita\u0300 DON: dalle 6 alle 7:45, dalle 9 alle 9:45, dalle 11:00 alle 11:45, dalle 13 alle 13:45 &#8211; dalle 15 alle 15:45, dalle 17 alle 17:45, dalle 19 alle 19:45. Transito consentito<strong> A SCENDERE<\/strong>, da localita\u0300 DON a frazione FARENZENA: dalle 8 alle 8:45, dalle 10 alle 10:45, dalle 12 alle 12:45, dalle 14 alle 14:45, dalle 16 alle 16:45, dalle 18 alle 18:45, dalle 20 alle 20:45. Dalle ore 20:45 alle ore 05:45 la circolazione dei veicoli e\u0300 consentita contemporaneamente in entrambi i sensi di marcia.\u00a0<\/em><\/p>\n<p>&nbsp;<\/p>\n<p>&nbsp;<\/p>\n<hr \/>\n<p>&nbsp;<\/p>\n<blockquote>\n<h3>CADE CON LA MOUNTAIN BIKE, ELITRASPORTATO A BELLUNO<\/h3>\n<\/blockquote>\n<p><strong><a href=\"https:\/\/www.radiopiu.net\/wordpress\/scivola-sulla-neve-il-soccorso-alpino-interviene\/20210405_163922\/\" rel=\"attachment wp-att-202691\"><img loading=\"lazy\" decoding=\"async\" class=\" wp-image-202691 alignleft\" src=\"https:\/\/www.radiopiu.net\/wordpress\/wp-content\/uploads\/2021\/04\/20210405_163922-300x225.jpg\" alt=\"\" width=\"141\" height=\"106\" srcset=\"https:\/\/www.radiopiu.net\/wordpress\/wp-content\/uploads\/2021\/04\/20210405_163922-300x225.jpg 300w, https:\/\/www.radiopiu.net\/wordpress\/wp-content\/uploads\/2021\/04\/20210405_163922-1024x768.jpg 1024w, https:\/\/www.radiopiu.net\/wordpress\/wp-content\/uploads\/2021\/04\/20210405_163922-768x576.jpg 768w, https:\/\/www.radiopiu.net\/wordpress\/wp-content\/uploads\/2021\/04\/20210405_163922-1536x1152.jpg 1536w, https:\/\/www.radiopiu.net\/wordpress\/wp-content\/uploads\/2021\/04\/20210405_163922-2048x1536.jpg 2048w\" sizes=\"auto, (max-width: 141px) 100vw, 141px\" \/><\/a>PEDAVENA<\/strong> Alle 13.15 circa l&#8217;elicottero del Suem di Pieve di Cadore \u00e8 decollato in direzione del sentiero numero 801, che dal Rifugio Dal Piaz scende a Croce d&#8217;Aune, nel comune di Sovramonte, per un ciclista caduto con la propria mountain bike. D.L.S., 49 anni, di Valdobbiadene (TV), \u00e8 stato raggiunto dall&#8217;equipe medica e dal tecnico di elisoccorso e, dopo la prima assistenza per il probabile trauma toracico riportato, \u00e8 stato recuperato con il verricello e trasportato all&#8217;ospedale di Belluno.<\/p>\n<p>&nbsp;<\/p>\n<p>&nbsp;<\/p>\n<hr \/>\n<p>&nbsp;<\/p>\n<blockquote>\n<h3>MALORE SUL SENTIERO CHE PORTA AL RIFUGIO VAZZOLER<\/h3>\n<\/blockquote>\n<p><strong><a href=\"https:\/\/www.radiopiu.net\/wordpress\/torna-la-festa-del-volontariato-cadorino-sabato-1-settembre\/soccorsoalpino\/\" rel=\"attachment wp-att-59164\"><img loading=\"lazy\" decoding=\"async\" class=\" wp-image-59164 alignleft\" src=\"https:\/\/www.radiopiu.net\/wordpress\/wp-content\/uploads\/2018\/08\/soccorsoalpino-300x300.jpg\" alt=\"\" width=\"89\" height=\"89\" srcset=\"https:\/\/www.radiopiu.net\/wordpress\/wp-content\/uploads\/2018\/08\/soccorsoalpino-300x300.jpg 300w, https:\/\/www.radiopiu.net\/wordpress\/wp-content\/uploads\/2018\/08\/soccorsoalpino-150x150.jpg 150w, https:\/\/www.radiopiu.net\/wordpress\/wp-content\/uploads\/2018\/08\/soccorsoalpino-768x768.jpg 768w, https:\/\/www.radiopiu.net\/wordpress\/wp-content\/uploads\/2018\/08\/soccorsoalpino-1024x1024.jpg 1024w, https:\/\/www.radiopiu.net\/wordpress\/wp-content\/uploads\/2018\/08\/soccorsoalpino.jpg 1200w\" sizes=\"auto, (max-width: 89px) 100vw, 89px\" \/><\/a>TAIBON\u00a0<\/strong>Attorno alle 14.50, la Centrale del Suem ha allertato il Soccorso alpino di Agordo per un escursionista colto da malore sul sentiero 555 che unisce il Rifugio Vazzoler al Rifugio Capanna Trieste. G.G., 70 anni, di Morgano (TV), che si era sentito male forse a causa di un colpo di sole o per affaticamento, \u00e8 stato accompagnato dai soccorritori all&#8217;ospedale di Agordo per i dovuti accertamenti.<\/p>\n<p>&nbsp;<\/p>\n<p>&nbsp;<\/p>\n<hr \/>\n<p>&nbsp;<\/p>\n<blockquote>\n<h3>SI FA MALE SUL SENTIERO PER IL RIFUGIO AURONZO. RIACCOMPAGNATA A VALLE DAL SOCCORSO ALPINO<\/h3>\n<\/blockquote>\n<p><strong><a href=\"https:\/\/www.radiopiu.net\/wordpress\/incrodati-sulla-civetta-soccorsi-stamane-alle-4-30-due-alpinisti-bloccati-sullantelao-chiamano-la-compagna-anziche-il-118\/salt_20200810_175813_090_resized\/\" rel=\"attachment wp-att-154485\"><img loading=\"lazy\" decoding=\"async\" class=\" wp-image-154485 alignleft\" src=\"https:\/\/www.radiopiu.net\/wordpress\/wp-content\/uploads\/2020\/08\/salt_20200810_175813_090_resized-300x225.jpg\" alt=\"\" width=\"96\" height=\"72\" srcset=\"https:\/\/www.radiopiu.net\/wordpress\/wp-content\/uploads\/2020\/08\/salt_20200810_175813_090_resized-300x225.jpg 300w, https:\/\/www.radiopiu.net\/wordpress\/wp-content\/uploads\/2020\/08\/salt_20200810_175813_090_resized-1024x768.jpg 1024w, https:\/\/www.radiopiu.net\/wordpress\/wp-content\/uploads\/2020\/08\/salt_20200810_175813_090_resized-768x576.jpg 768w, https:\/\/www.radiopiu.net\/wordpress\/wp-content\/uploads\/2020\/08\/salt_20200810_175813_090_resized.jpg 1182w\" sizes=\"auto, (max-width: 96px) 100vw, 96px\" \/><\/a>AURONZO DI CADORE\u00a0<\/strong>Attorno alle 17.10 il Soccorso alpino di Auronzo \u00e8 stato allertato per un&#8217;escursionista infortunatasi lungo il sentiero numero 101 sotto il Rifugio Auronzo. C.S., anni 31, di Bologna, che aveva riportato un probabile trauma al ginocchio, \u00e8 stata accompagnata con il fuoristrada al lago d&#8217;Antorno, da dove si \u00e8 allontanata autonomamente.<\/p>\n<p>&nbsp;<\/p>\n<p>&nbsp;<\/p>\n<hr \/>\n<p>&nbsp;<\/p>\n<blockquote>\n<h3>RITROVATO L&#8217;ANZIANO DI CORTINA LE CUI RICERCHE ERANO PARTITE VENERDI&#8217; NOTTE<\/h3>\n<\/blockquote>\n<p><strong><a href=\"https:\/\/www.radiopiu.net\/wordpress\/ricerche-in-corso-a-cortina-si-cerca-un-novantaduenne\/20210626_074203\/\" rel=\"attachment wp-att-218299\"><img loading=\"lazy\" decoding=\"async\" class=\" wp-image-218299 alignleft\" src=\"https:\/\/www.radiopiu.net\/wordpress\/wp-content\/uploads\/2021\/06\/20210626_074203-204x300.jpg\" alt=\"\" width=\"78\" height=\"115\" srcset=\"https:\/\/www.radiopiu.net\/wordpress\/wp-content\/uploads\/2021\/06\/20210626_074203-204x300.jpg 204w, https:\/\/www.radiopiu.net\/wordpress\/wp-content\/uploads\/2021\/06\/20210626_074203.jpg 250w\" sizes=\"auto, (max-width: 78px) 100vw, 78px\" \/><\/a>CORTINA<\/strong> \u00c8 stato ritrovato poco fa Luigi Menardi, l&#8217;anziano per la cui scomparsa ieri sera erano partite serrate ricerche nella notte. Una squadra lo ha rintracciato in una zona periferica dell&#8217;abitato. \u00c8 stato affidato all&#8217;ambulanza in via precauzionale per verificare le sue condizioni. Sul posto il Soccorso alpino di Cortina, il Soccorso alpino della Guardia di finanza, Vigili del fuoco e Carabinieri. Allertate attorno a mezzanotte, le squadre del Soccorso alpino di Cortina, assieme al Sagf, ai Vigili del fuoco e ai Carabinieri, erano impegnate nelle ricerche di Luigi Menardi, 92 anni, di Cortina d&#8217;Ampezzo (BL), uscito ieri dalla propria abitazione in centro a Cortina attorno alle 22.30 e mai pi\u00f9 rientrato.<\/p>\n<p>&nbsp;<\/p>\n<hr \/>\n<p>&nbsp;<\/p>\n<blockquote>\n<h2>AGORDINA ARRESTATA A PADOVA<\/h2>\n<p><em>L&#8217;arrestata \u00e8 stata poi rimessa in libert\u00e0 come disposto dall&#8217;autorit\u00e0 giudiziaria<\/em><\/p><\/blockquote>\n<p><strong>AGORDO <\/strong>Una donna agordina\u00a0 \u00e8 stata arrestata nel Padovano per essersi scagliata contro i controllori dell&#8217;autobus a Selvazzano Dentro. La donna agordina, G.R., 29 anni, \u00e8 stata sorpresa senza biglietto e nel tentativo di fuga ha preso a calci e pugni i due operatori. Uno, leggermente contuso, si \u00e8 dovuto recare al pronto soccorso dove dopo le cure del caso \u00e8 stato dimesso con una prognosi di 3 giorni, salvo complicazioni.La donna agordina \u00e8 stata arrestata\u00a0 per violenza ad incaricato di pubblico servizio e lesioni personali.<\/p>\n<p>&nbsp;<\/p>\n<hr \/>\n<blockquote>\n<h3><\/h3>\n<h3>MUORE A SOLI 35 ANNI IN SEGUITO A MALATTIA<\/h3>\n<\/blockquote>\n<p><strong>SEREN DEL GRAPPA<\/strong> \u00c8 morto\u00a0 per malattia Sebastian Scopel, figlio adottivo di una coppia di origini serenesi . Ed \u00e8 l&#8217;ex sindaco di Seren del Grappa, Loris Scopel, a ricordare la famiglia. <em>\u00ab\u00a0Ad Adelchi mi lega un sentimento di profonda amicizia e la spensieratezza della giovent\u00f9; ero uno di casa e condividevamo gli stessi interessi, sia nel lavoro, che nel gioco\u00bb.<\/em><\/p>\n<blockquote><p>&nbsp;<\/p>\n<p>&nbsp;<\/p>\n<hr \/>\n<h3>VENTIDUENNE DENUNCIATO DOPO UNA NOTTA DI BAGORDI TRA DANNI E SANGUE<\/h3>\n<\/blockquote>\n<p><strong>BELLUNO\u00a0<\/strong> Un feltrino di 22 anni \u00e8 \u00a0Il principale indagato per la sanguinosa rissa della notte tra sabato e domenica scorsi, in piazza dei Martiri \u00e8 un 22enne di Feltre. Il ragazzo \u00e8 gi\u00e0 stato sentito dalla polizia, dopo che in tempo reale aveva confessato di aver assunto dell&#8217;ecstasy, alzando le mani verso il cielo, come per arrendersi. Ecco perch\u00e9 aveva spaccato il portone dell&#8217;Ascom e fatto a botte con un numero imprecisato di altri amici delle notte fino all&#8217;epilogo su una panchina sopra via Lambioi, dove ha perso parecchio sangue.<\/p>\n<p>&nbsp;<\/p>\n<p>&nbsp;<\/p>\n<hr \/>\n<p>&nbsp;<\/p>\n<blockquote>\n<h3>CONCLUSA LA PRIMA RICOGNIZIONE DEGLI EVENTI METEO 4-9 DICEMBRE 2020, SEGNALATI QUASI 180 MILIONI DI EURO DI DANNI<\/h3>\n<\/blockquote>\n<p><strong><a href=\"https:\/\/www.radiopiu.net\/wordpress\/una-vicinanza-grata-il-messaggio-del-parroco-del-poi-don-fabiano\/9c4cab98-ce5f-4b91-8374-5c9dd6756de4\/\" rel=\"attachment wp-att-177408\"><img loading=\"lazy\" decoding=\"async\" class=\"size-medium wp-image-177408 alignleft\" src=\"https:\/\/www.radiopiu.net\/wordpress\/wp-content\/uploads\/2020\/12\/9c4cab98-ce5f-4b91-8374-5c9dd6756de4-300x214.jpg\" alt=\"\" width=\"300\" height=\"214\" srcset=\"https:\/\/www.radiopiu.net\/wordpress\/wp-content\/uploads\/2020\/12\/9c4cab98-ce5f-4b91-8374-5c9dd6756de4-300x214.jpg 300w, https:\/\/www.radiopiu.net\/wordpress\/wp-content\/uploads\/2020\/12\/9c4cab98-ce5f-4b91-8374-5c9dd6756de4-1024x730.jpg 1024w, https:\/\/www.radiopiu.net\/wordpress\/wp-content\/uploads\/2020\/12\/9c4cab98-ce5f-4b91-8374-5c9dd6756de4-768x548.jpg 768w, https:\/\/www.radiopiu.net\/wordpress\/wp-content\/uploads\/2020\/12\/9c4cab98-ce5f-4b91-8374-5c9dd6756de4.jpg 1080w\" sizes=\"auto, (max-width: 300px) 100vw, 300px\" \/><\/a>BELLUNO\u00a0 <\/strong>Ammontano a poco meno di 180 milioni di euro i danni registrati nell\u2019episodio di maltempo del 4-9 dicembre 2020. Questa la somma delle segnalazioni pervenute agli uffici della Provincia di Belluno, che \u00e8 stata individuata soggetto attuatore dal commissario delegato all\u2019emergenza meteo Nicola Dell\u2019Acqua. Si tratta di una parte dei danni, perch\u00e9 riguarda esclusivamente il patrimonio pubblico di amministrazioni, agenzie e societ\u00e0 di servizi essenziali. Restano fuori dal calcolo i beni dei privati, che soprattutto nella zona dell\u2019Alpago hanno subito la furia dell\u2019alluvione. \u00abOra passiamo alla seconda fase, quella della trasmissione dei dati al commissario delegato all\u2019emergenza, nella speranza che la maggior parte delle richieste trovi copertura economica &#8211; spiega il presidente della Provincia, Roberto Padrin -. Dopodich\u00e9 si proceder\u00e0 con l\u2019erogazione delle risorse e con l\u2019esecuzione degli interventi di ripristino necessari, che ci auguriamo possano trovare piena copertura ed essere rapidi. Il fatto che la Provincia sia stata individuata come soggetto attuatore \u00e8 un fatto importante, che avvicina al territorio la soluzione dei problemi\u00bb. Sono molti i Comuni e gli enti che hanno segnalato danni causati dal maltempo di dicembre. Soprattutto frane e allagamenti. \u00abA dimostrazione di una fragilit\u00e0 diffusa sul territorio, resa ancora pi\u00f9 forte dopo gli eventi di Vaia\u00bb commenta il consigliere provinciale delegato alla difesa del suolo Massimo Bortoluzzi. Nella conta spicca soprattutto la conca dell\u2019Alpago, dove l\u2019alluvione a Puos e le frane diffuse tra Chies e Tambre hanno causato quasi 50 milioni di danni segnalati tra Comune, Servizi forestali regionali e altri enti (30 milioni di euro soltanto per il territorio comunale di Alpago); ma anche Val di Zoldo e Longarone dove i danni sfiorano i 40 milioni (oltre 20 milioni a Val di Zoldo). A seguire, Borgo Valbelluna (poco meno di 10 milioni), Gosaldo (all\u2019incirca 12 milioni), Livinallongo (poco meno di 15 milioni), e Feltre (circa 5 milioni). Molti i territori in cui la somma raggiunge e supera il milione di euro, mentre i danni per almeno 5-600mila euro sono diffusi in quasi tutti i Comuni. \u00ab<em>In quasi tutti i casi si tratta di frane, smottamenti e allagamenti, che hanno distrutto opere idrauliche, tratti di viabilit\u00e0 e simili &#8211; sottolinea il consigliere Bortoluzzi -. Ci auguriamo che eventi meteo simili non si verifichino pi\u00f9, ma purtroppo negli ultimi anni abbiamo dovuto fare i conti troppo spesso con danni simili. Prima con Vaia, poi con l\u2019emergenza meteo di novembre 2019 e con gli eventi di fine agosto 2020. E infine con l\u2019alluvione del dicembre scorso. Sono tutte emergenze che mettono in luce una volta di pi\u00f9 quanto il nostro territorio avrebbe bisogno di specificit\u00e0 reale, vale a dire di risorse umane e finanziarie per far fronte alle necessit\u00e0. Anche perch\u00e9 i 180 milioni di euro di danni registrati finora riguardano esclusivamente i beni pubblici, mentre sappiamo che anche molti privati hanno perso auto, scantinati, elettrodomestici e altre propriet\u00e0. La Provincia ha gi\u00e0 avviato una ricognizione dei danni anche ai privati e prossimamente vedremo di tirare le somme<\/em>\u00bb.<\/p>\n<p>&nbsp;<\/p>\n<p>&nbsp;<\/p>\n<hr \/>\n<p>&nbsp;<\/p>\n<blockquote>\n<h3>IL CONSIGLIO COMUNALE DI CANALE D&#8217;AGORDO<\/h3>\n<\/blockquote>\n<p><strong>CANALE D&#8217;AGORDO<\/strong><\/p>\n<p>di Gianni Santomaso<\/p>\n<audio class=\"wp-audio-shortcode\" id=\"audio-218319-1\" preload=\"none\" style=\"width: 100%;\" controls=\"controls\"><source type=\"audio\/mpeg\" src=\"https:\/\/www.radiopiu.net\/wordpress\/wp-content\/uploads\/2021\/06\/GIANNI-CONSIGLIO-CANALE.mp3?_=1\" \/><a href=\"https:\/\/www.radiopiu.net\/wordpress\/wp-content\/uploads\/2021\/06\/GIANNI-CONSIGLIO-CANALE.mp3\">https:\/\/www.radiopiu.net\/wordpress\/wp-content\/uploads\/2021\/06\/GIANNI-CONSIGLIO-CANALE.mp3<\/a><\/audio>\n<p>&nbsp;<\/p>\n\n\t\t\t<style type='text\/css'>\n\t\t\t\t#gallery-2 {\n\t\t\t\t\tmargin: auto;\n\t\t\t\t}\n\t\t\t\t#gallery-2 .gallery-item {\n\t\t\t\t\tfloat: left;\n\t\t\t\t\tmargin-top: 10px;\n\t\t\t\t\ttext-align: center;\n\t\t\t\t\twidth: 50%;\n\t\t\t\t}\n\t\t\t\t#gallery-2 img {\n\t\t\t\t\tborder: 2px solid #cfcfcf;\n\t\t\t\t}\n\t\t\t\t#gallery-2 .gallery-caption {\n\t\t\t\t\tmargin-left: 0;\n\t\t\t\t}\n\t\t\t\t\/* see gallery_shortcode() in wp-includes\/media.php *\/\n\t\t\t<\/style>\n\t\t<div id='gallery-2' class='dt-gallery-container gallery galleryid-218319 gallery-columns-2 gallery-size-medium'><dl class='gallery-item'>\n\t\t\t\t<dt class='gallery-icon landscape'>\n\t\t\t\t\t<a class=\"rollover rollover-zoom dt-pswp-item\" title=\"889010ea-a155-40a2-a198-80281aab2466\" data-dt-img-description=\"\" data-large_image_width=\"2048\" data-large_image_height=\"1154\"href='https:\/\/www.radiopiu.net\/wordpress\/wp-content\/uploads\/2021\/06\/889010ea-a155-40a2-a198-80281aab2466.jpg'><img loading=\"lazy\" decoding=\"async\" width=\"300\" height=\"169\" src=\"https:\/\/www.radiopiu.net\/wordpress\/wp-content\/uploads\/2021\/06\/889010ea-a155-40a2-a198-80281aab2466-300x169.jpg\" class=\"attachment-medium size-medium\" alt=\"\" srcset=\"https:\/\/www.radiopiu.net\/wordpress\/wp-content\/uploads\/2021\/06\/889010ea-a155-40a2-a198-80281aab2466-300x169.jpg 300w, https:\/\/www.radiopiu.net\/wordpress\/wp-content\/uploads\/2021\/06\/889010ea-a155-40a2-a198-80281aab2466-1024x577.jpg 1024w, https:\/\/www.radiopiu.net\/wordpress\/wp-content\/uploads\/2021\/06\/889010ea-a155-40a2-a198-80281aab2466-768x433.jpg 768w, https:\/\/www.radiopiu.net\/wordpress\/wp-content\/uploads\/2021\/06\/889010ea-a155-40a2-a198-80281aab2466-1536x866.jpg 1536w, https:\/\/www.radiopiu.net\/wordpress\/wp-content\/uploads\/2021\/06\/889010ea-a155-40a2-a198-80281aab2466.jpg 2048w\" sizes=\"auto, (max-width: 300px) 100vw, 300px\" \/><\/a>\n\t\t\t\t<\/dt><\/dl><dl class='gallery-item'>\n\t\t\t\t<dt class='gallery-icon landscape'>\n\t\t\t\t\t<a class=\"rollover rollover-zoom dt-pswp-item\" title=\"b13358a8-2fb9-471e-ab07-abf1648dd072\" data-dt-img-description=\"\" data-large_image_width=\"2048\" data-large_image_height=\"1154\"href='https:\/\/www.radiopiu.net\/wordpress\/wp-content\/uploads\/2021\/06\/b13358a8-2fb9-471e-ab07-abf1648dd072.jpg'><img loading=\"lazy\" decoding=\"async\" width=\"300\" height=\"169\" src=\"https:\/\/www.radiopiu.net\/wordpress\/wp-content\/uploads\/2021\/06\/b13358a8-2fb9-471e-ab07-abf1648dd072-300x169.jpg\" class=\"attachment-medium size-medium\" alt=\"\" srcset=\"https:\/\/www.radiopiu.net\/wordpress\/wp-content\/uploads\/2021\/06\/b13358a8-2fb9-471e-ab07-abf1648dd072-300x169.jpg 300w, https:\/\/www.radiopiu.net\/wordpress\/wp-content\/uploads\/2021\/06\/b13358a8-2fb9-471e-ab07-abf1648dd072-1024x577.jpg 1024w, https:\/\/www.radiopiu.net\/wordpress\/wp-content\/uploads\/2021\/06\/b13358a8-2fb9-471e-ab07-abf1648dd072-768x433.jpg 768w, https:\/\/www.radiopiu.net\/wordpress\/wp-content\/uploads\/2021\/06\/b13358a8-2fb9-471e-ab07-abf1648dd072-1536x866.jpg 1536w, https:\/\/www.radiopiu.net\/wordpress\/wp-content\/uploads\/2021\/06\/b13358a8-2fb9-471e-ab07-abf1648dd072.jpg 2048w\" sizes=\"auto, (max-width: 300px) 100vw, 300px\" \/><\/a>\n\t\t\t\t<\/dt><\/dl><br style=\"clear: both\" \/>\n\t\t\t<\/div>\n\n<p>&nbsp;<\/p>\n<hr \/>\n<blockquote>\n<h1>TRE ETTARI DI TERRENO IN REGALO AL COMUNE DI CANALE D&#8217;AGORDO<\/h1>\n<\/blockquote>\n<p><strong><a href=\"https:\/\/www.radiopiu.net\/wordpress\/giornale-radiopiu-26-giugno-2021-direttore-mirko-mezzacasa\/5bfb196f-8c6b-4d75-928d-3ea916fc5726\/\" rel=\"attachment wp-att-218265\"><img loading=\"lazy\" decoding=\"async\" class=\" wp-image-218265 alignleft\" src=\"https:\/\/www.radiopiu.net\/wordpress\/wp-content\/uploads\/2021\/06\/5bfb196f-8c6b-4d75-928d-3ea916fc5726-300x169.jpg\" alt=\"\" width=\"236\" height=\"133\" srcset=\"https:\/\/www.radiopiu.net\/wordpress\/wp-content\/uploads\/2021\/06\/5bfb196f-8c6b-4d75-928d-3ea916fc5726-300x169.jpg 300w, https:\/\/www.radiopiu.net\/wordpress\/wp-content\/uploads\/2021\/06\/5bfb196f-8c6b-4d75-928d-3ea916fc5726-1024x576.jpg 1024w, https:\/\/www.radiopiu.net\/wordpress\/wp-content\/uploads\/2021\/06\/5bfb196f-8c6b-4d75-928d-3ea916fc5726-768x432.jpg 768w, https:\/\/www.radiopiu.net\/wordpress\/wp-content\/uploads\/2021\/06\/5bfb196f-8c6b-4d75-928d-3ea916fc5726-1536x864.jpg 1536w, https:\/\/www.radiopiu.net\/wordpress\/wp-content\/uploads\/2021\/06\/5bfb196f-8c6b-4d75-928d-3ea916fc5726.jpg 1920w\" sizes=\"auto, (max-width: 236px) 100vw, 236px\" \/><\/a>CANALE D&#8217;AGORDO<\/strong> Il sindaco Flavio Colcergnan ha chiuso il consiglio comunale con la bella notizia, un regalo per la comunit\u00e0 di Canale d&#8217;Agordo, dei terreni<em> &#8220;Una cosa bella che mi ha commosso&#8221;<\/em> ha detto il primo cittadino. Patrizia, Luigino e Carla Fiocco non abitano pi\u00f9 a Canale d&#8217;Agordo dove sono nati hanno donato i loro terreni in una frazione interessante.<\/p>\n<p><strong>IL SINDACO FLAVIO COLCERGNAN<\/strong><\/p>\n<audio class=\"wp-audio-shortcode\" id=\"audio-218319-2\" preload=\"none\" style=\"width: 100%;\" controls=\"controls\"><source type=\"audio\/mpeg\" src=\"https:\/\/www.radiopiu.net\/wordpress\/wp-content\/uploads\/2021\/06\/FLAVIO-REGALO.mp3?_=2\" \/><a href=\"https:\/\/www.radiopiu.net\/wordpress\/wp-content\/uploads\/2021\/06\/FLAVIO-REGALO.mp3\">https:\/\/www.radiopiu.net\/wordpress\/wp-content\/uploads\/2021\/06\/FLAVIO-REGALO.mp3<\/a><\/audio>\n<p>&nbsp;<\/p>\n<h1><span style=\"color: #ff0000;\">LE DIRETTE DI RADIO PIU\u00a0<\/span><\/h1>\n<p>&nbsp;<\/p>\n<h2>CONSIGLIO COMUNALE DI CANALE D&#8217;AGORDO<\/h2>\n<blockquote class=\"wp-embedded-content\" data-secret=\"Iz9eNkwuFT\"><p><a href=\"https:\/\/www.radiopiu.net\/wordpress\/il-consiglio-comunale-di-canale-dagordo-in-diretta\/\">IL CONSIGLIO COMUNALE DI CANALE D\u2019AGORDO IN DIRETTA<\/a><\/p><\/blockquote>\n<p><iframe loading=\"lazy\" class=\"wp-embedded-content\" sandbox=\"allow-scripts\" security=\"restricted\" style=\"position: absolute; clip: rect(1px, 1px, 1px, 1px);\" title=\"&#8220;IL CONSIGLIO COMUNALE DI CANALE D\u2019AGORDO IN DIRETTA&#8221; &#8212; Radio Pi\u00f9\" src=\"https:\/\/www.radiopiu.net\/wordpress\/il-consiglio-comunale-di-canale-dagordo-in-diretta\/embed\/#?secret=Iz9eNkwuFT\" data-secret=\"Iz9eNkwuFT\" width=\"600\" height=\"338\" frameborder=\"0\" marginwidth=\"0\" marginheight=\"0\" scrolling=\"no\"><\/iframe><\/p>\n<h2><\/h2>\n<h2>CONSIGLIO COMUNALE DI FALCADE<\/h2>\n<blockquote class=\"wp-embedded-content\" data-secret=\"Z1LLxZzyIM\"><p><a href=\"https:\/\/www.radiopiu.net\/wordpress\/consiglio-comunale-di-falcade-diretta-radio-piu-2\/\">CONSIGLIO COMUNALE DI FALCADE diretta radio pi\u00f9<\/a><\/p><\/blockquote>\n<p><iframe loading=\"lazy\" class=\"wp-embedded-content\" sandbox=\"allow-scripts\" security=\"restricted\" style=\"position: absolute; clip: rect(1px, 1px, 1px, 1px);\" title=\"&#8220;CONSIGLIO COMUNALE DI FALCADE diretta radio pi\u00f9&#8221; &#8212; Radio Pi\u00f9\" src=\"https:\/\/www.radiopiu.net\/wordpress\/consiglio-comunale-di-falcade-diretta-radio-piu-2\/embed\/#?secret=Z1LLxZzyIM\" data-secret=\"Z1LLxZzyIM\" width=\"600\" height=\"338\" frameborder=\"0\" marginwidth=\"0\" marginheight=\"0\" scrolling=\"no\"><\/iframe><\/p>\n<h2><\/h2>\n<h2>CONSIGLIO COMUNALE DI GOSALDO<\/h2>\n<blockquote class=\"wp-embedded-content\" data-secret=\"ajQyWQBAWG\"><p><a href=\"https:\/\/www.radiopiu.net\/wordpress\/consiglio-comunale-di-gosaldo_diretta-radio-piu\/\">CONSIGLIO COMUNALE DI GOSALDO_diretta radio pi\u00f9<\/a><\/p><\/blockquote>\n<p><iframe loading=\"lazy\" class=\"wp-embedded-content\" sandbox=\"allow-scripts\" security=\"restricted\" style=\"position: absolute; clip: rect(1px, 1px, 1px, 1px);\" title=\"&#8220;CONSIGLIO COMUNALE DI GOSALDO_diretta radio pi\u00f9&#8221; &#8212; Radio Pi\u00f9\" src=\"https:\/\/www.radiopiu.net\/wordpress\/consiglio-comunale-di-gosaldo_diretta-radio-piu\/embed\/#?secret=ajQyWQBAWG\" data-secret=\"ajQyWQBAWG\" width=\"600\" height=\"338\" frameborder=\"0\" marginwidth=\"0\" marginheight=\"0\" scrolling=\"no\"><\/iframe><\/p>\n<p>&nbsp;<\/p>\n<p>&nbsp;<\/p>\n<hr \/>\n<p>&nbsp;<\/p>\n<p>&nbsp;<\/p>\n<blockquote class=\"wp-embedded-content\" data-secret=\"YUIIG9eGJP\"><p><a href=\"https:\/\/www.radiopiu.net\/wordpress\/rapsdosaaddaass\/\">NUOVI CASI DI POSITIVITA&#8217; A BELLUNO: ZERO CASI IN TRE GIORNI. IN VENETO 39 POSITIVI, 27 PAZIENTI IN TERAPIA INTENSIVA<\/a><\/p><\/blockquote>\n<p><iframe loading=\"lazy\" class=\"wp-embedded-content\" sandbox=\"allow-scripts\" security=\"restricted\" style=\"position: absolute; clip: rect(1px, 1px, 1px, 1px);\" title=\"&#8220;NUOVI CASI DI POSITIVITA&#8217; A BELLUNO: ZERO CASI IN TRE GIORNI. IN VENETO 39 POSITIVI, 27 PAZIENTI IN TERAPIA INTENSIVA&#8221; &#8212; Radio Pi\u00f9\" src=\"https:\/\/www.radiopiu.net\/wordpress\/rapsdosaaddaass\/embed\/#?secret=YUIIG9eGJP\" data-secret=\"YUIIG9eGJP\" width=\"600\" height=\"338\" frameborder=\"0\" marginwidth=\"0\" marginheight=\"0\" scrolling=\"no\"><\/iframe><\/p>\n<p>&nbsp;<\/p>\n<blockquote class=\"wp-embedded-content\" data-secret=\"WvmfknyqiE\"><p><a href=\"https:\/\/www.radiopiu.net\/wordpress\/aggiornamentogiu26\/\">CORONAVIRUS: AGGIORNAMENTO NAZIONALE 26 GIUGNO  2021<\/a><\/p><\/blockquote>\n<p><iframe loading=\"lazy\" class=\"wp-embedded-content\" sandbox=\"allow-scripts\" security=\"restricted\" style=\"position: absolute; clip: rect(1px, 1px, 1px, 1px);\" title=\"&#8220;CORONAVIRUS: AGGIORNAMENTO NAZIONALE 26 GIUGNO  2021&#8221; &#8212; Radio Pi\u00f9\" src=\"https:\/\/www.radiopiu.net\/wordpress\/aggiornamentogiu26\/embed\/#?secret=WvmfknyqiE\" data-secret=\"WvmfknyqiE\" width=\"600\" height=\"338\" frameborder=\"0\" marginwidth=\"0\" marginheight=\"0\" scrolling=\"no\"><\/iframe><\/p>\n<p>&nbsp;<\/p>\n<h3>I GRAFICI DI TIZIANO DE COL<\/h3>\n\n\t\t\t<style type='text\/css'>\n\t\t\t\t#gallery-3 {\n\t\t\t\t\tmargin: auto;\n\t\t\t\t}\n\t\t\t\t#gallery-3 .gallery-item {\n\t\t\t\t\tfloat: left;\n\t\t\t\t\tmargin-top: 10px;\n\t\t\t\t\ttext-align: center;\n\t\t\t\t\twidth: 20%;\n\t\t\t\t}\n\t\t\t\t#gallery-3 img {\n\t\t\t\t\tborder: 2px solid #cfcfcf;\n\t\t\t\t}\n\t\t\t\t#gallery-3 .gallery-caption {\n\t\t\t\t\tmargin-left: 0;\n\t\t\t\t}\n\t\t\t\t\/* see gallery_shortcode() in wp-includes\/media.php *\/\n\t\t\t<\/style>\n\t\t<div id='gallery-3' class='dt-gallery-container gallery galleryid-218319 gallery-columns-5 gallery-size-thumbnail'><dl class='gallery-item'>\n\t\t\t\t<dt class='gallery-icon landscape'>\n\t\t\t\t\t<a class=\"rollover rollover-zoom dt-pswp-item\" title=\"321b0a0b-f83a-43cb-aa87-63b90c834bf4\" data-dt-img-description=\"\" data-large_image_width=\"593\" data-large_image_height=\"355\"href='https:\/\/www.radiopiu.net\/wordpress\/wp-content\/uploads\/2021\/06\/321b0a0b-f83a-43cb-aa87-63b90c834bf4.jpg'><img loading=\"lazy\" decoding=\"async\" width=\"150\" height=\"150\" src=\"https:\/\/www.radiopiu.net\/wordpress\/wp-content\/uploads\/2021\/06\/321b0a0b-f83a-43cb-aa87-63b90c834bf4-150x150.jpg\" class=\"attachment-thumbnail size-thumbnail\" alt=\"\" \/><\/a>\n\t\t\t\t<\/dt><\/dl><dl class='gallery-item'>\n\t\t\t\t<dt class='gallery-icon landscape'>\n\t\t\t\t\t<a class=\"rollover rollover-zoom dt-pswp-item\" title=\"ae8381b3-8f93-4d1e-9d46-499c5a58849e\" data-dt-img-description=\"\" data-large_image_width=\"602\" data-large_image_height=\"351\"href='https:\/\/www.radiopiu.net\/wordpress\/wp-content\/uploads\/2021\/06\/ae8381b3-8f93-4d1e-9d46-499c5a58849e.jpg'><img loading=\"lazy\" decoding=\"async\" width=\"150\" height=\"150\" src=\"https:\/\/www.radiopiu.net\/wordpress\/wp-content\/uploads\/2021\/06\/ae8381b3-8f93-4d1e-9d46-499c5a58849e-150x150.jpg\" class=\"attachment-thumbnail size-thumbnail\" alt=\"\" \/><\/a>\n\t\t\t\t<\/dt><\/dl><dl class='gallery-item'>\n\t\t\t\t<dt class='gallery-icon landscape'>\n\t\t\t\t\t<a class=\"rollover rollover-zoom dt-pswp-item\" title=\"2ef0ba7a-3981-44f2-a0f1-e7d4703db06c\" data-dt-img-description=\"\" data-large_image_width=\"602\" data-large_image_height=\"359\"href='https:\/\/www.radiopiu.net\/wordpress\/wp-content\/uploads\/2021\/06\/2ef0ba7a-3981-44f2-a0f1-e7d4703db06c.jpg'><img loading=\"lazy\" decoding=\"async\" width=\"150\" height=\"150\" src=\"https:\/\/www.radiopiu.net\/wordpress\/wp-content\/uploads\/2021\/06\/2ef0ba7a-3981-44f2-a0f1-e7d4703db06c-150x150.jpg\" class=\"attachment-thumbnail size-thumbnail\" alt=\"\" \/><\/a>\n\t\t\t\t<\/dt><\/dl><dl class='gallery-item'>\n\t\t\t\t<dt class='gallery-icon landscape'>\n\t\t\t\t\t<a class=\"rollover rollover-zoom dt-pswp-item\" title=\"19a4241d-f03c-434e-9831-bba9d1485ce8\" data-dt-img-description=\"\" data-large_image_width=\"610\" data-large_image_height=\"353\"href='https:\/\/www.radiopiu.net\/wordpress\/wp-content\/uploads\/2021\/06\/19a4241d-f03c-434e-9831-bba9d1485ce8.jpg'><img loading=\"lazy\" decoding=\"async\" width=\"150\" height=\"150\" src=\"https:\/\/www.radiopiu.net\/wordpress\/wp-content\/uploads\/2021\/06\/19a4241d-f03c-434e-9831-bba9d1485ce8-150x150.jpg\" class=\"attachment-thumbnail size-thumbnail\" alt=\"\" \/><\/a>\n\t\t\t\t<\/dt><\/dl><dl class='gallery-item'>\n\t\t\t\t<dt class='gallery-icon landscape'>\n\t\t\t\t\t<a class=\"rollover rollover-zoom dt-pswp-item\" title=\"9e22e5ba-40f7-4284-8720-6eb95e556fdd\" data-dt-img-description=\"\" data-large_image_width=\"612\" data-large_image_height=\"348\"href='https:\/\/www.radiopiu.net\/wordpress\/wp-content\/uploads\/2021\/06\/9e22e5ba-40f7-4284-8720-6eb95e556fdd.jpg'><img loading=\"lazy\" decoding=\"async\" width=\"150\" height=\"150\" src=\"https:\/\/www.radiopiu.net\/wordpress\/wp-content\/uploads\/2021\/06\/9e22e5ba-40f7-4284-8720-6eb95e556fdd-150x150.jpg\" class=\"attachment-thumbnail size-thumbnail\" alt=\"\" \/><\/a>\n\t\t\t\t<\/dt><\/dl><br style=\"clear: both\" \/>\n\t\t\t<\/div>\n\n<p>&nbsp;<\/p>\n<hr \/>\n<p>&nbsp;<\/p>\n<blockquote>\n<h3>DA DOMANI I NUOVI ORARI PER I COVID POINT TAMPONE<\/h3>\n<\/blockquote>\n<p><strong>BELLUNO <\/strong>Da domani riordino con leggero ampliamento dell\u2019offerta dei covid point tampone. Il nuovo assetto \u00e8 il seguente: Covid Point <strong>Belluno-Ospedale<\/strong> (drive-in San Gervasio) tutti i giorni, festivi inclusi, dalle 8.30 alle 12.30; Covid Point <strong>Feltre-Anz\u00f9<\/strong>: dal luned\u00ec al sabato (festivi esclusi), dalle 8.30 alle 12.30; Covid Point <strong>Agordo-Tamonich<\/strong>: marted\u00ec, gioved\u00ec e sabato (festivi esclusi), dalle 9.00 alle 10.00; Covid Point <strong>Tai di Cadore<\/strong>: marted\u00ec, gioved\u00ec e sabato (festivi esclusi), dalle 13.00 alle 15.00. Il principale elemento di novit\u00e0 \u00e8 rappresentato dallo spostamento all\u2019ospedale San Martino del punto tamponi di Paludi, con la finalit\u00e0 di liberare spazi mattutini a Paludi per la campagna vaccinale.<\/p>\n<a href=\"https:\/\/www.radiopiu.net\/wordpress\/wp-content\/uploads\/2021\/06\/CARTELLO-orario-covid-point-dal-28.06-per-sito-2.pdf\" class=\"pdfemb-viewer\" style=\"\" data-width=\"max\" data-height=\"max\" data-toolbar=\"top\" data-toolbar-fixed=\"on\">CARTELLO orario covid point dal 28.06 per sito (2)<\/a>\n<p>&nbsp;<\/p>\n<p>&nbsp;<\/p>\n<hr \/>\n<p>&nbsp;<\/p>\n<blockquote>\n<h3>29 GIUGNO 2021: OPEN DAY TUMORI GINECOLOGICI<\/h3>\n<\/blockquote>\n<p><strong><a href=\"https:\/\/www.radiopiu.net\/wordpress\/29-giugno-2021-open-day-tumori-ginecologici\/29giugno_def\/\" rel=\"attachment wp-att-218304\"><img loading=\"lazy\" decoding=\"async\" class=\"size-medium wp-image-218304 alignleft\" src=\"https:\/\/www.radiopiu.net\/wordpress\/wp-content\/uploads\/2021\/06\/29giugno_def-212x300.jpg\" alt=\"\" width=\"212\" height=\"300\" srcset=\"https:\/\/www.radiopiu.net\/wordpress\/wp-content\/uploads\/2021\/06\/29giugno_def-212x300.jpg 212w, https:\/\/www.radiopiu.net\/wordpress\/wp-content\/uploads\/2021\/06\/29giugno_def-724x1024.jpg 724w, https:\/\/www.radiopiu.net\/wordpress\/wp-content\/uploads\/2021\/06\/29giugno_def-768x1086.jpg 768w, https:\/\/www.radiopiu.net\/wordpress\/wp-content\/uploads\/2021\/06\/29giugno_def-1086x1536.jpg 1086w, https:\/\/www.radiopiu.net\/wordpress\/wp-content\/uploads\/2021\/06\/29giugno_def-1448x2048.jpg 1448w, https:\/\/www.radiopiu.net\/wordpress\/wp-content\/uploads\/2021\/06\/29giugno_def.jpg 1587w\" sizes=\"auto, (max-width: 212px) 100vw, 212px\" \/><\/a>BELLUNO <\/strong>L\u2019Ulss Dolomiti ha aderito all\u2019iniziativa promossa dalla Fondazione ONDA\u00a0 per la sensibilizzazione sui tumori gineoclogici organizzando tre incontri in Gmeet per il 29 giugno. I tumori ginecologici colpiscono l&#8217;apparato riproduttivo femminile, e i pi\u00f9 frequenti colpiscono l&#8217;utero e le ovaie.\u00a0 I tumori dell&#8217;utero possono interessare la parte inferiore, il collo (tumori della cervice uterina), o il corpo\u00a0 (tumori dell&#8217;endometrio). Il tumore endometriale \u00e8 la neoplasia ginecologica pi\u00f9 frequente, ed \u00e8 la 3a neoplasia pi\u00f9 diffusa tra le donne nella fascia di et\u00e0 50-60 anni. Il tumore della cervice uterina colpisce maggiormente tra i 55 e i 65 anni, ma anche in et\u00e0 giovanile. L&#8217;incidenza \u00e8 stata abbattuta con l&#8217;introduzione del PAP TEST e pi\u00f9 recentemente dell\u2019HPV Test, che consente di identificare alterazioni cellulari in epoca precoce, prima della loro evoluzione in carcinoma invasivo. Il tumore ovarico occupa il 10\u00b0 posto tra tutti i tumori femminili, ma il 1\u00b0 posto per mortalit\u00e0 tra quelli ginecologici. Si manifesta maggiormente dopo i 50 anni, e le forme eredo-familiari compaiono in donne pi\u00f9 giovani. Le unit\u00e0 operative di Ginecologia dell\u2019Ulss Dolomiti hanno organizzato degli<strong> incontri in Google MEET il 29 giugno<\/strong> per informare sulle strategie di prevenzione e possibilit\u00e0 terapeutiche nell\u2019 ambito dei principali tumori ginecologici e sul percorso di cura integrato.<\/p>\n<p><strong><em>\u00a0<\/em>Ecco gli appuntamenti<\/strong>: <em>ore 15.00:<\/em> <strong><em>Anomalie mestruali nella vita della donna <\/em><\/strong><em>dr Fabio Tandurella \u2013 direttore Ginecologia Belluno <\/em><em>codice accesso: tid-xeno-rdi; <\/em><em>ore 16.00:<\/em><strong><em>Tumori del collo dell&#8217;utero <\/em><\/strong><em>dr Geremia Russo &#8211; Ginecologia Belluno <\/em><em>codice accesso: hsc-knnm-hbx; <\/em><em>ore 18.00 <\/em><strong><em>Tumori ginecologici: donne e associazioni si raccontano <\/em><\/strong><em>\u00e9quipe Ginecologia Feltre &#8211; iscrizioni via mail a elda.cengia@aulss1.veneto.it <\/em><em>oppure telefonare allo<\/em> <em>0439\/883497<\/em><\/p>\n<p>&nbsp;<\/p>\n<p>&nbsp;<\/p>\n<hr \/>\n<p>&nbsp;<\/p>\n<blockquote>\n<h3>INAUGURATA LA MOSTRA DEL GAMP<\/h3>\n<\/blockquote>\n<p><strong>AGORDO<\/strong><\/p>\n<p>di Gianni Santomaso<\/p>\n<audio class=\"wp-audio-shortcode\" id=\"audio-218319-3\" preload=\"none\" style=\"width: 100%;\" controls=\"controls\"><source type=\"audio\/mpeg\" src=\"https:\/\/www.radiopiu.net\/wordpress\/wp-content\/uploads\/2021\/06\/GIANNI-GAMP.mp3?_=3\" \/><a href=\"https:\/\/www.radiopiu.net\/wordpress\/wp-content\/uploads\/2021\/06\/GIANNI-GAMP.mp3\">https:\/\/www.radiopiu.net\/wordpress\/wp-content\/uploads\/2021\/06\/GIANNI-GAMP.mp3<\/a><\/audio>\n<p>&nbsp;<\/p>\n\n\t\t\t<style type='text\/css'>\n\t\t\t\t#gallery-4 {\n\t\t\t\t\tmargin: auto;\n\t\t\t\t}\n\t\t\t\t#gallery-4 .gallery-item {\n\t\t\t\t\tfloat: left;\n\t\t\t\t\tmargin-top: 10px;\n\t\t\t\t\ttext-align: center;\n\t\t\t\t\twidth: 16%;\n\t\t\t\t}\n\t\t\t\t#gallery-4 img {\n\t\t\t\t\tborder: 2px solid #cfcfcf;\n\t\t\t\t}\n\t\t\t\t#gallery-4 .gallery-caption {\n\t\t\t\t\tmargin-left: 0;\n\t\t\t\t}\n\t\t\t\t\/* see gallery_shortcode() in wp-includes\/media.php *\/\n\t\t\t<\/style>\n\t\t<div id='gallery-4' class='dt-gallery-container gallery galleryid-218319 gallery-columns-6 gallery-size-thumbnail'><dl class='gallery-item'>\n\t\t\t\t<dt class='gallery-icon landscape'>\n\t\t\t\t\t<a class=\"rollover rollover-zoom dt-pswp-item\" title=\"bcffbf02-db14-4901-8a70-f147b50fa18c\" data-dt-img-description=\"\" data-large_image_width=\"2048\" data-large_image_height=\"1154\"href='https:\/\/www.radiopiu.net\/wordpress\/wp-content\/uploads\/2021\/06\/bcffbf02-db14-4901-8a70-f147b50fa18c.jpg'><img loading=\"lazy\" decoding=\"async\" width=\"150\" height=\"150\" src=\"https:\/\/www.radiopiu.net\/wordpress\/wp-content\/uploads\/2021\/06\/bcffbf02-db14-4901-8a70-f147b50fa18c-150x150.jpg\" class=\"attachment-thumbnail size-thumbnail\" alt=\"\" \/><\/a>\n\t\t\t\t<\/dt><\/dl><dl class='gallery-item'>\n\t\t\t\t<dt class='gallery-icon landscape'>\n\t\t\t\t\t<a class=\"rollover rollover-zoom dt-pswp-item\" title=\"f2873ae0-1364-4125-999f-b9034cbf6c93\" data-dt-img-description=\"\" data-large_image_width=\"2048\" data-large_image_height=\"1154\"href='https:\/\/www.radiopiu.net\/wordpress\/wp-content\/uploads\/2021\/06\/f2873ae0-1364-4125-999f-b9034cbf6c93.jpg'><img loading=\"lazy\" decoding=\"async\" width=\"150\" height=\"150\" src=\"https:\/\/www.radiopiu.net\/wordpress\/wp-content\/uploads\/2021\/06\/f2873ae0-1364-4125-999f-b9034cbf6c93-150x150.jpg\" class=\"attachment-thumbnail size-thumbnail\" alt=\"\" \/><\/a>\n\t\t\t\t<\/dt><\/dl><dl class='gallery-item'>\n\t\t\t\t<dt class='gallery-icon portrait'>\n\t\t\t\t\t<a class=\"rollover rollover-zoom dt-pswp-item\" title=\"ffcaaf0b-6d09-45b3-88df-50fb9e7a0b5e\" data-dt-img-description=\"\" data-large_image_width=\"1154\" data-large_image_height=\"2048\"href='https:\/\/www.radiopiu.net\/wordpress\/wp-content\/uploads\/2021\/06\/ffcaaf0b-6d09-45b3-88df-50fb9e7a0b5e.jpg'><img loading=\"lazy\" decoding=\"async\" width=\"150\" height=\"150\" src=\"https:\/\/www.radiopiu.net\/wordpress\/wp-content\/uploads\/2021\/06\/ffcaaf0b-6d09-45b3-88df-50fb9e7a0b5e-150x150.jpg\" class=\"attachment-thumbnail size-thumbnail\" alt=\"\" \/><\/a>\n\t\t\t\t<\/dt><\/dl><dl class='gallery-item'>\n\t\t\t\t<dt class='gallery-icon landscape'>\n\t\t\t\t\t<a class=\"rollover rollover-zoom dt-pswp-item\" title=\"3958f1e1-0a08-4a7a-bd28-0a0c26d3a49c\" data-dt-img-description=\"\" data-large_image_width=\"2048\" data-large_image_height=\"1154\"href='https:\/\/www.radiopiu.net\/wordpress\/wp-content\/uploads\/2021\/06\/3958f1e1-0a08-4a7a-bd28-0a0c26d3a49c.jpg'><img loading=\"lazy\" decoding=\"async\" width=\"150\" height=\"150\" src=\"https:\/\/www.radiopiu.net\/wordpress\/wp-content\/uploads\/2021\/06\/3958f1e1-0a08-4a7a-bd28-0a0c26d3a49c-150x150.jpg\" class=\"attachment-thumbnail size-thumbnail\" alt=\"\" \/><\/a>\n\t\t\t\t<\/dt><\/dl><dl class='gallery-item'>\n\t\t\t\t<dt class='gallery-icon landscape'>\n\t\t\t\t\t<a class=\"rollover rollover-zoom dt-pswp-item\" title=\"3f439dd7-1678-49f7-9b0a-8db756563daf\" data-dt-img-description=\"\" data-large_image_width=\"2048\" data-large_image_height=\"1154\"href='https:\/\/www.radiopiu.net\/wordpress\/wp-content\/uploads\/2021\/06\/3f439dd7-1678-49f7-9b0a-8db756563daf.jpg'><img loading=\"lazy\" decoding=\"async\" width=\"150\" height=\"150\" src=\"https:\/\/www.radiopiu.net\/wordpress\/wp-content\/uploads\/2021\/06\/3f439dd7-1678-49f7-9b0a-8db756563daf-150x150.jpg\" class=\"attachment-thumbnail size-thumbnail\" alt=\"\" \/><\/a>\n\t\t\t\t<\/dt><\/dl><dl class='gallery-item'>\n\t\t\t\t<dt class='gallery-icon landscape'>\n\t\t\t\t\t<a class=\"rollover rollover-zoom dt-pswp-item\" title=\"bd5c8d9d-9ee4-4ff8-b605-281769df858e\" data-dt-img-description=\"\" data-large_image_width=\"2048\" data-large_image_height=\"1154\"href='https:\/\/www.radiopiu.net\/wordpress\/wp-content\/uploads\/2021\/06\/bd5c8d9d-9ee4-4ff8-b605-281769df858e.jpg'><img loading=\"lazy\" decoding=\"async\" width=\"150\" height=\"150\" src=\"https:\/\/www.radiopiu.net\/wordpress\/wp-content\/uploads\/2021\/06\/bd5c8d9d-9ee4-4ff8-b605-281769df858e-150x150.jpg\" class=\"attachment-thumbnail size-thumbnail\" alt=\"\" \/><\/a>\n\t\t\t\t<\/dt><\/dl><br style=\"clear: both\" \/>\n\t\t\t<\/div>\n\n<p>&nbsp;<\/p>\n<hr \/>\n<p>&nbsp;<\/p>\n<blockquote>\n<h3>TORNA APERICEO IN PRESENZA E OSPITA MARCO NOCIVELLI, PRESIDENTE E AD DI EPTA \u2013 DA RIN ZANCO<\/h3>\n<\/blockquote>\n<p><strong><a href=\"https:\/\/www.radiopiu.net\/wordpress\/giornale-radiopiu-26-maggio-2021-direttore-mirko-mezzacasa\/confindustria\/\" rel=\"attachment wp-att-211858\"><img loading=\"lazy\" decoding=\"async\" class=\"size-medium wp-image-211858 alignleft\" src=\"https:\/\/www.radiopiu.net\/wordpress\/wp-content\/uploads\/2021\/05\/CONFINDUSTRIA-300x300.png\" alt=\"\" width=\"300\" height=\"300\" srcset=\"https:\/\/www.radiopiu.net\/wordpress\/wp-content\/uploads\/2021\/05\/CONFINDUSTRIA-300x300.png 300w, https:\/\/www.radiopiu.net\/wordpress\/wp-content\/uploads\/2021\/05\/CONFINDUSTRIA-150x150.png 150w, https:\/\/www.radiopiu.net\/wordpress\/wp-content\/uploads\/2021\/05\/CONFINDUSTRIA.png 575w\" sizes=\"auto, (max-width: 300px) 100vw, 300px\" \/><\/a>BELLUNO <\/strong>Torna finalmente in presenza \u201cAperiCeo\u201d, il format ideato dal Gruppo Giovani Imprenditori di Confindustria Belluno Dolomiti, e lo far\u00e0 ospitando Marco Nocivelli, attuale presidente e amministratore delegato del Gruppo Epta Italia, multinazionale specializzata nella refrigerazione commerciale che sfiora il miliardo di fatturato e presente nel Bellunese con lo stabilimento Epta-Costan di Limana, uno dei simboli del manifatturiero provinciale. L\u2019incontro si terr\u00e0 mercoled\u00ec 30 giugno alle 18 nel cortile di Palazzo Doglioni Dalmas. \u201c<em>Ritorniamo a raccontare le storie di imprenditori e manager che hanno fatto la differenza per il nostro Paese e il nostro territorio, testimonianze importanti soprattutto in un momento come quello attuale, che deve essere non solo di ripartenza ma anche di programmazione\u201d, afferma Marco Da Rin Zanco, presidente del Gruppo Giovani Imprenditori. \u201cServono infatti nuovi stimoli e nuova energia anche per cogliere le opportunit\u00e0 di un\u2019economia che \u2013 nonostante le troppe incertezze &#8211; ha rimesso l\u2019acceleratore e che, allo stesso tempo, \u00e8 profondamente cambiata a seguito della pandemia, dalle nuove tecnologie alla stessa organizzazione del lavoro<\/em>\u201d. I posti disponibili sono 25. La partecipazione andr\u00e0 confermata al seguente link:\u00a0<a href=\"https:\/\/www.eventbrite.it\/e\/biglietti-apericeo-marco-nocivelli-158123308071\">https:\/\/www.eventbrite.it\/e\/biglietti-apericeo-marco-nocivelli-158123308071<\/a><\/p>\n<p>&nbsp;<\/p>\n<p>&nbsp;<\/p>\n<hr \/>\n<p>&nbsp;<\/p>\n<blockquote>\n<h3>PATRIZIA PEDONE NUOVO PRESIDENTE DEL ROTARY CLUB BELLUNO<\/h3>\n<\/blockquote>\n<p><strong><a href=\"https:\/\/www.radiopiu.net\/wordpress\/patrizia-pedone-nuovo-presidente-del-rotary-club-belluno\/da_sinistra_santin_pedone_rotary_belluno\/\" rel=\"attachment wp-att-218329\"><img loading=\"lazy\" decoding=\"async\" class=\"size-medium wp-image-218329 alignleft\" src=\"https:\/\/www.radiopiu.net\/wordpress\/wp-content\/uploads\/2021\/06\/da_sinistra_santin_pedone_rotary_belluno-225x300.jpg\" alt=\"\" width=\"225\" height=\"300\" srcset=\"https:\/\/www.radiopiu.net\/wordpress\/wp-content\/uploads\/2021\/06\/da_sinistra_santin_pedone_rotary_belluno-225x300.jpg 225w, https:\/\/www.radiopiu.net\/wordpress\/wp-content\/uploads\/2021\/06\/da_sinistra_santin_pedone_rotary_belluno.jpg 768w\" sizes=\"auto, (max-width: 225px) 100vw, 225px\" \/><\/a>BELLUNO <\/strong>La ruota gira e, con un colpo alla campana e il \u201cpassaggio del collare\u201d, si passa il testimone: un anno finisce e un altro inizia in modo che la staffetta, da oltre un secolo concepita con un rapido cambio di timoniere, continui la corsa per il perseguimento di quegli scopi che il Rotary ha concepito al servizio delle Comunit\u00e0. E questo rito \u00e8 avvenuto anche per il Rotary Club di Belluno. Gioved\u00ec 24 giugno, al ristorante Nogherazza di Castion, nel pieno rispetto delle normative anti-Covid, vi \u00e8 stato il passaggio delle consegne tra la presidente uscente Mariachiara Santin e la nuova presidente Patrizia Pedone.<span class=\"gmail-Apple-converted-space\"> \u00a0<\/span>\u00ab<em>Siamo arrivati alla conclusione di un anno speciale, che tutti noi ci auguriamo rester\u00e0 unico, e lo abbiamo percorso guidati dal motto \u201cIl Rotary crea opportunit\u00e0\u201d &#8211; le parole della past president Santin &#8211; lo concludo lasciando alle spalle la delusione della falsa partenza, la sofferenza per le difficolt\u00e0 dei soci pi\u00f9 anziani nel far proprie nuove le modalit\u00e0 di relazione, la preoccupazione di non riuscire a realizzare i progetti ideati, la tensione per la gestione delle serate, pur supportata da aiuti insostituibili. Porto con me il sostegno che avete dato insieme alle generose valutazioni sugli eventi che si succedevano e la soddisfazione per quello che siamo riusciti a fare<\/em>\u00bb. S\u00ec, perch\u00e9 sebbene sia stato un anno difficile per l\u2019emergenza sanitaria, che ha messo in difficolt\u00e0 l\u2019intera umanit\u00e0, di certo il Rotary Club Belluno non si \u00e8 arreso in pieno spirito rotariano. \u201cOrientare, formare, istruire\u201d. Era l\u2019impegno preso a inizio anno ed \u00e8 stato portato a termine con molteplici service come, per esempio, quello intitolato \u201cIl lavoro che c\u2019\u00e8\u201d, che ha erogato 42 borse di<span class=\"gmail-Apple-converted-space\">\u00a0 <\/span>studio per sostenere il percorso formativo di nuovi operatori socio sanitari. Sono stati inoltre mantenuti i rapporti con i giovani, le famiglie e le scuole al di l\u00e0 dell\u2019impossibilit\u00e0 di realizzare gli scambi. Non \u00e8 mancato il sostegno all\u2019istruzione, in <i>primis<\/i> con l\u2019istituzione delle borse di studio in ricordo del socio Rudi De Gasperin per sostenere i percorsi universitari di giovani studenti bellunesi nelle discipline scientifiche. \u00ab<em>Un anno, che con grande umilt\u00e0, ho assunto<span class=\"gmail-Apple-converted-space\">\u00a0 <\/span>con l\u2019impegno di consegnare a Patrizia Pedone un bene che speravo si mantenesse prezioso. Ringrazio di cuore il mio Consiglio, che mi ha indirizzata, sostenuta e rinforzata nelle scelte<\/em>\u00bb. Vi \u00e8 stato quindi il rito del \u201cpassaggio del collare\u201d. Patrizia Pedone ha ricevuto da Mariachiara Santin il collare e le chiavi della sede del Rotary Club Belluno. \u00ab<em>Voglio ringraziare chi mi ha dato la possibilit\u00e0 di indossare questo collare &#8211; le parole di un\u2019emozionata Pedone &#8211; mi rendo conto di diventare presidente di un Club importante, vivo, pieno di energie, che ha gi\u00e0 compiuto pi\u00f9 di settant\u2019anni. Ci\u00f2 che porto sul collare sono uomini e donne che hanno fatto la differenza di questo club. Che hanno portato la loro esperienza, la loro umanit\u00e0, la loro voglia di dimostrare il senso di solidariet\u00e0 e di amicizia. Grazie per la vostra fiducia. Far\u00f2 di tutto per dare il mio contributo, mettendomi a disposizione e supportando le Commissioni e direttamente il Consiglio<\/em>\u00bb. Ospiti della serata anche il Past Governatore del Distretto 2060, Massimo Ballotta e l\u2019assistente del Governatore Stefano Calabro. Da entrambi sono giunte parole di plauso per quanto fatto dalla <i>past president<\/i> Santin e parole di incoraggiamento per la neo presidente Pedone.<\/p>\n<p>&nbsp;<\/p>\n<p>&nbsp;<\/p>\n<hr \/>\n<p>&nbsp;<\/p>\n<blockquote>\n<h3>AMMINISTRATIVE IN ALPAGO: PARLA FRANCO GIDONI<\/h3>\n<\/blockquote>\n<p><strong><a href=\"https:\/\/www.radiopiu.net\/wordpress\/giornale-radiopiu-05-ottobre-2019-direttore-mirko-mezzacasa\/1435664134094_gidoni_franco-2\/\" rel=\"attachment wp-att-101299\"><img loading=\"lazy\" decoding=\"async\" class=\"size-medium wp-image-101299 alignleft\" src=\"https:\/\/www.radiopiu.net\/wordpress\/wp-content\/uploads\/2019\/10\/1435664134094_Gidoni_Franco-218x300.jpg\" alt=\"\" width=\"218\" height=\"300\" srcset=\"https:\/\/www.radiopiu.net\/wordpress\/wp-content\/uploads\/2019\/10\/1435664134094_Gidoni_Franco-218x300.jpg 218w, https:\/\/www.radiopiu.net\/wordpress\/wp-content\/uploads\/2019\/10\/1435664134094_Gidoni_Franco.jpg 254w\" sizes=\"auto, (max-width: 218px) 100vw, 218px\" \/><\/a>ALPAGO\u00a0<\/strong>Amministrative Alpago: \u201cNessuno escluso, qui si ragiona insieme per il bene del territorio\u201d. Dopo le dichiarazioni rilasciate dalla stampa dal consigliere provinciale e comunale di Alpago della Lega, Massimo Bortoluzzi, il coordinatore provinciale del partito Franco Gidoni risponde a stretto giro chiarendo i termini dell&#8217;accordo<\/p>\n<audio class=\"wp-audio-shortcode\" id=\"audio-218319-4\" preload=\"none\" style=\"width: 100%;\" controls=\"controls\"><source type=\"audio\/mpeg\" src=\"https:\/\/www.radiopiu.net\/wordpress\/wp-content\/uploads\/2021\/06\/Gidoni-su-elezioni-Alpago.mp3?_=4\" \/><a href=\"https:\/\/www.radiopiu.net\/wordpress\/wp-content\/uploads\/2021\/06\/Gidoni-su-elezioni-Alpago.mp3\">https:\/\/www.radiopiu.net\/wordpress\/wp-content\/uploads\/2021\/06\/Gidoni-su-elezioni-Alpago.mp3<\/a><\/audio>\n<p>&nbsp;<\/p>\n<hr \/>\n<p>&nbsp;<\/p>\n<blockquote>\n<h3>INAUGURATO IL PICCOLO TEATRO PIEROBON<\/h3>\n<\/blockquote>\n<p><strong><a href=\"https:\/\/www.radiopiu.net\/wordpress\/giornale-radiopiu-27-giugno-2021-direttore-mirko-mezzacasa\/teatro_pierobon_1\/\" rel=\"attachment wp-att-218360\"><img loading=\"lazy\" decoding=\"async\" class=\"size-medium wp-image-218360 alignleft\" src=\"https:\/\/www.radiopiu.net\/wordpress\/wp-content\/uploads\/2021\/06\/Teatro_Pierobon_1-300x225.jpg\" alt=\"\" width=\"300\" height=\"225\" srcset=\"https:\/\/www.radiopiu.net\/wordpress\/wp-content\/uploads\/2021\/06\/Teatro_Pierobon_1-300x225.jpg 300w, https:\/\/www.radiopiu.net\/wordpress\/wp-content\/uploads\/2021\/06\/Teatro_Pierobon_1-1024x768.jpg 1024w, https:\/\/www.radiopiu.net\/wordpress\/wp-content\/uploads\/2021\/06\/Teatro_Pierobon_1-768x576.jpg 768w, https:\/\/www.radiopiu.net\/wordpress\/wp-content\/uploads\/2021\/06\/Teatro_Pierobon_1-1536x1152.jpg 1536w, https:\/\/www.radiopiu.net\/wordpress\/wp-content\/uploads\/2021\/06\/Teatro_Pierobon_1.jpg 2048w\" sizes=\"auto, (max-width: 300px) 100vw, 300px\" \/><\/a>PONTE NELLE ALPI <\/strong><span style=\"color: #000000; font-family: Helvetica;\">\u00ab<em>Dopo i mesi terribili che abbiamo vissuto, la riapertura di un teatro rappresenta un segnale di assoluta importanza. A maggior ragione in un Comune come quello di Ponte nelle Alpi, che ha voglia di crescere e di aprirsi al futuro. \u00c8 un simbolo per tutto il Paese<\/em>\u00bb.\u00a0 <\/span><span style=\"color: #000000; font-family: Helvetica;\">Anche il ministro per i Beni e le attivit\u00e0 culturali, Dario Franceschini, ha tenuto a battesimo il rinnovato \u201cPiccolo Teatro Pierobon\u201d di Paiane. Lo ha fatto attraverso un videomessaggio, proiettato durante la cerimonia di inaugurazione.\u00a0 <\/span><span style=\"color: #000000; font-family: Helvetica;\">\u00ab<em>\u00c8 davvero un momento speciale per la nostra comunit\u00e0 &#8211; sono state le parole del sindaco di Ponte nelle Alpi, Paolo Vendramini -. Questo teatro \u00e8 frutto di un\u2019attenta opera di qualificazione e viene oggi consegnato alla societ\u00e0, all&#8217;arte, alla cultura, all\u2019aggregazione. L&#8217;apertura \u00e8 premessa di una stagione nuova e felice di iniziative<\/em>\u00bb.\u00a0 <\/span><span style=\"color: #000000; font-family: Helvetica;\">L\u2019edificio guarda al domani, ma \u00e8 ricco di storia. E di un passato da non disperdere, come conferma la presenza dell\u2019antica macchina di proiezione cinematografica, nell&#8217;atrio: \u00ab<em>Guardiamoci attorno &#8211; ha proseguito Vendramini &#8211; leggiamo e studiamo la storia, laddove ci sono istituti scolastici, biblioteche, cinema, teatri, spazi di aggregazione. Sono luoghi dove troviamo servizi migliori, inclusione, nuove idee e progetti. Luoghi in cui nasce il domani<\/em>\u00bb.\u00a0 <\/span><span style=\"color: #000000; font-family: Helvetica;\">Il sindaco ha ricordato la persona alla quale \u00e8 stato intitolato il Piccolo Teatro: \u00abGiuseppe Pierobon, amministratore ed esempio di sensibilit\u00e0 umana, visione di insieme, capacit\u00e0 di programmazione\u00bb. Immancabile una dedica: \u00abAi tanti artisti, lavoratori, imprese, compagnie della cultura e dello spettacolo che, per pi\u00f9 di un anno, sono rimasti fermi\u00bb. A non rimanere mai ferma, invece, \u00e8 la creativit\u00e0 dei giovani: in particolare di Simone Barattin, che ha dato vita al nuovo logo.\u00a0 <\/span><span style=\"color: #000000; font-family: Helvetica;\">Sul palco si sono poi succeduti interventi e testimonianze di grande impatto emotivo. Come quella di Francesco Portunato (\u00abqui a Paiane sono nate le Bretelle Lasche\u00bb), di Alessandro Rossi (ideatore e artefice della rassegna \u201cA Teatro con mamma e pap\u00e0\u201d), ma anche degli uomini e delle donne che hanno contribuito a trasformare il Piccolo Teatro Pierobon in un gioiellino da donare alla collettivit\u00e0.\u00a0<\/span><\/p>\n<p>&nbsp;<\/p>\n<p>&nbsp;<\/p>\n<hr \/>\n<p>&nbsp;<\/p>\n<blockquote>\n<h3>\u201cTRICHIANA PAESE DEL LIBRO\u201d: LIBRI E AUTORI A BORGO VALBELLUNA<\/h3>\n<\/blockquote>\n<p><strong><a href=\"https:\/\/www.radiopiu.net\/wordpress\/giornale-radiopiu-26-giugno-2021-direttore-mirko-mezzacasa\/schermata-2021-06-25-alle-10-58-28\/\" rel=\"attachment wp-att-218127\"><img loading=\"lazy\" decoding=\"async\" class=\" wp-image-218127 alignleft\" src=\"https:\/\/www.radiopiu.net\/wordpress\/wp-content\/uploads\/2021\/06\/Schermata-2021-06-25-alle-10.58.28-300x300.png\" alt=\"\" width=\"223\" height=\"223\" srcset=\"https:\/\/www.radiopiu.net\/wordpress\/wp-content\/uploads\/2021\/06\/Schermata-2021-06-25-alle-10.58.28-300x300.png 300w, https:\/\/www.radiopiu.net\/wordpress\/wp-content\/uploads\/2021\/06\/Schermata-2021-06-25-alle-10.58.28-1024x1024.png 1024w, https:\/\/www.radiopiu.net\/wordpress\/wp-content\/uploads\/2021\/06\/Schermata-2021-06-25-alle-10.58.28-150x150.png 150w, https:\/\/www.radiopiu.net\/wordpress\/wp-content\/uploads\/2021\/06\/Schermata-2021-06-25-alle-10.58.28-768x768.png 768w, https:\/\/www.radiopiu.net\/wordpress\/wp-content\/uploads\/2021\/06\/Schermata-2021-06-25-alle-10.58.28.png 1230w\" sizes=\"auto, (max-width: 223px) 100vw, 223px\" \/><\/a>BORGO VALBELLUNA <\/strong>A fine maggio sono scaduti i tempi per partecipare al Premio Letterario \u201cTrichiana Paese del Libro\u201d, edizione 2021, e quest\u2019anno sono arrivati davvero tanti racconti, un record assoluto, ben 378. Adesso i racconti sono in mano ai lettori della commissione selezionatrice, che nel mese di luglio saranno molto impegnati e per questo li ringraziamo molto. Mentre l\u2019ufficio cultura del comune di Borgo Valbelluna, affiancato da un gruppo di volontari, sta lavorando per l\u2019organizzazione degli eventi culturali che si svolgeranno tra inizio luglio e fine settembre, condivisa con la casa editrice Raffaello Cortina e Chiara Alpago-Novello, che coltiva il suo <em>Vivaio Letterario <\/em>a Frontin di Trichiana. Gli incontri si svolgeranno, preferibilmente all\u2019aperto, in luoghi caratteristici distribuiti in tutto il comune di Borgo Valbelluna \u2013 giardini, ville padronali, centri storici. Per informazioni si rimanda al sito istituzionale <a href=\"http:\/\/www.borgovalbelluna.it\">www.borgovalbelluna.it<\/a> e alle pagine facebook e instagram borgovalbellunacultura. Per prenotare gli eventi: <a href=\"mailto:biblioteca.trichiana@borgovalbelluna.bl.it\">biblioteca.trichiana@borgovalbelluna.bl.it<\/a> \u2013 0437 555274, 0437 544211<\/p>\n<p><strong>IL CALENDARIO CON TUTTI GLI APPUNTAMENTI<\/strong><\/p>\n<a href=\"https:\/\/www.radiopiu.net\/wordpress\/wp-content\/uploads\/2021\/06\/Premio-Letterario-programma-2021-def_bassa.pdf\" class=\"pdfemb-viewer\" style=\"\" data-width=\"max\" data-height=\"max\" data-toolbar=\"top\" data-toolbar-fixed=\"on\">Premio Letterario-programma-2021-def_bassa<\/a>\n<p>&nbsp;<\/p>\n<p>&nbsp;<\/p>\n<hr \/>\n<p>&nbsp;<\/p>\n<blockquote>\n<h3>DAI GIOVANI ALLA TRANSIZIONE ECOLOGICA<\/h3>\n<\/blockquote>\n<p><b><a href=\"https:\/\/www.radiopiu.net\/wordpress\/giornale-radiopiu-22-giugno-2021-direttore-mirko-mezzacasa\/testata-newsletter-spi-bl-002\/\" rel=\"attachment wp-att-217406\"><img loading=\"lazy\" decoding=\"async\" class=\" wp-image-217406 alignleft\" src=\"https:\/\/www.radiopiu.net\/wordpress\/wp-content\/uploads\/2021\/06\/testata-newsletter-SPI-BL-002-300x101.jpg\" alt=\"\" width=\"282\" height=\"95\" srcset=\"https:\/\/www.radiopiu.net\/wordpress\/wp-content\/uploads\/2021\/06\/testata-newsletter-SPI-BL-002-300x101.jpg 300w, https:\/\/www.radiopiu.net\/wordpress\/wp-content\/uploads\/2021\/06\/testata-newsletter-SPI-BL-002-1024x344.jpg 1024w, https:\/\/www.radiopiu.net\/wordpress\/wp-content\/uploads\/2021\/06\/testata-newsletter-SPI-BL-002-768x258.jpg 768w, https:\/\/www.radiopiu.net\/wordpress\/wp-content\/uploads\/2021\/06\/testata-newsletter-SPI-BL-002.jpg 1082w\" sizes=\"auto, (max-width: 282px) 100vw, 282px\" \/><\/a>BELLUNO <\/b>Oggi dalle 11 diretta &#8220;Il recovery plan dai giovani alla transizione ecologica&#8221;, sulla pagina Facebook e sul canale YouTube #DolomitiHub. Abbiamo sentito tanto parlare di \u201crecovery plan\u201d e Recovery Fund al telegiornale, alla radio, lo abbiamo letto sui giornali. Ma sappiamo davvero di cosa si tratta? Ecco un\u2019occasione per conoscerlo. Lo Spi Cgil Belluno, Dolomiti Hub e Next Nuova Economia per tutti promuovono questo momento formativo all\u2019interno del laboratorio \u201cConoscere le amministrazioni. Lo Spi Cgil incontra le\/i giovani\u201d.Dopo l\u2019introduzione di Maria Rita Gentilin, segretaria generale di Spi Cgil Belluno, interverr\u00e0 Valentino Bobbio, segretario generale dell\u2019associazione Next Nuova Economia per Tutti, con esperienza nella formazione e consulenza e da sempre impegnato sui temi della sostenibilit\u00e0 ambientale.<\/p>\n<p>&nbsp;<\/p>\n<p>&nbsp;<\/p>\n<hr \/>\n<div align=\"left\">\n<blockquote>\n<h3><b>NUOVI ORARI E SEDI COVID POINT<\/b><\/h3>\n<\/blockquote>\n<p><strong><a href=\"https:\/\/www.radiopiu.net\/wordpress\/covid-19-aumentata-la-capacita-giornaliera-di-analizzare-tamponi\/tamponi-covid\/\" rel=\"attachment wp-att-123875\"><img loading=\"lazy\" decoding=\"async\" class=\"size-medium wp-image-123875 alignleft\" src=\"https:\/\/www.radiopiu.net\/wordpress\/wp-content\/uploads\/2020\/03\/TAMPONI-COVID-300x200.jpg\" alt=\"\" width=\"300\" height=\"200\" srcset=\"https:\/\/www.radiopiu.net\/wordpress\/wp-content\/uploads\/2020\/03\/TAMPONI-COVID-300x200.jpg 300w, https:\/\/www.radiopiu.net\/wordpress\/wp-content\/uploads\/2020\/03\/TAMPONI-COVID-1024x684.jpg 1024w, https:\/\/www.radiopiu.net\/wordpress\/wp-content\/uploads\/2020\/03\/TAMPONI-COVID-768x513.jpg 768w, https:\/\/www.radiopiu.net\/wordpress\/wp-content\/uploads\/2020\/03\/TAMPONI-COVID.jpg 1102w\" sizes=\"auto, (max-width: 300px) 100vw, 300px\" \/><\/a><\/strong><\/p>\n<p>Da luned\u00ec 28 giugno riordino con leggero ampliamento dell\u2019offerta dei covid point tampone. Il nuovo assetto \u00e8 il seguente: Covid Point <b>Belluno-Ospedale<\/b> (drive-in San Gervasio): tutti i giorni, festivi inclusi, dalle 8.30 alle 12.30 Covid Point <b>Feltre-Anz\u00f9<\/b>: dal luned\u00ec al sabato (festivi esclusi), dalle 8.30 alle 12.30 Covid Point <b>Agordo-Tamonich<\/b>: marted\u00ec, gioved\u00ec e sabato (festivi esclusi), dalle 9.00 alle 10.00 Covid Point <b>Tai di Cadore<\/b>: marted\u00ec, gioved\u00ec e sabato (festivi esclusi), dalle 13.00 alle 15.00<\/p>\n<blockquote><p><em>Il principale elemento di novit\u00e0 \u00e8 rappresentato dallo spostamento all\u2019ospedale San Martino del punto tamponi di Paludi, con la finalit\u00e0 di liberare spazi mattutini a Paludi per la campagna vaccinale.<\/em><\/p><\/blockquote>\n<h3 style=\"text-align: left;\" align=\"CENTER\"><span style=\"font-size: x-large;\"><b>\u00a0<\/b><\/span><\/h3>\n<h3 style=\"text-align: left;\" align=\"CENTER\"><span style=\"font-size: x-large;\"><b>Nuovi posti prenotabili per under 60:<\/b><\/span><b style=\"font-size: x-large;\">Vaccinati per un\u2019estate sicura e un autunno sereno<\/b><\/h3>\n<p><strong>BELLUNO<\/strong> Sono stati attivati ulteriori 2.500 posti per la vaccinazione anti covid, tra il 28 giugno e il 4 luglio, per persone con meno di 60 anni con vaccino mRNA prenotabili dal portale regionale o dal sito www.aulss1.veneto.it. L&#8217;Ulss Dolomiti invita tutte le persone non ancora vaccinate a prenotare velocamente il proprio vaccino per vivere in sicurezza e libert\u00e0 l&#8217;estate e prepararsi a un autunno sereno. Si ricorda che il vaccino \u00e8 raccomandato dai 12 anni in poi e che da accesso alla Certificazione Verde (Green Pass), che rende pi\u00f9 semplice l&#8217;accesso a eventi e strutture. Coloro che hanno appuntamento a fine luglio\/agosto, possono anticipare l\u2019appuntamento cancellando la prenotazione in essere attrverso il link presente nella mail di conferma e anticipare la vaccinazione con nuova prenotazione nei prossimi giorni<\/p>\n<p>&nbsp;<\/p>\n<\/div>\n<hr \/>\n<p>&nbsp;<\/p>\n<blockquote>\n<h3>TEST ANTIGIENICI NELLE FARMACIE A BELLUNO,CORTINA, FELTRE, ALPAGO, VALBELLUNA E CADORE<\/h3>\n<\/blockquote>\n<p><a href=\"https:\/\/www.radiopiu.net\/wordpress\/azienda-agordo-servizi-farmacia-e-asilo-nido-bilancio-in-positivo\/farmacia-2\/\" rel=\"attachment wp-att-84142\"><img loading=\"lazy\" decoding=\"async\" class=\"size-full wp-image-84142 alignleft\" src=\"https:\/\/www.radiopiu.net\/wordpress\/wp-content\/uploads\/2019\/04\/FARMACIA.jpg\" alt=\"\" width=\"295\" height=\"171\" \/><\/a><strong>BELLUNO<\/strong> Con l\u2019avvio della stagione turistica ecco le Farmacie che ad oggi hanno aderito al Protocollo di Intesa per l&#8217;esecuzione del test antigenico rapido: <strong>BELLUNO<\/strong>\u00a0FARMACIE CHIMENTI e FARMACIA VENEGGIA <strong>CORTINA<\/strong><u> \u00a0<\/u>FARMACIA SAN GIORGIO e\u00a0 FARMACIA INTERNAZIONALE\u00a0 <strong>FELTRE<\/strong> FARMACIA COMUNALE e\u00a0 FARMACIA MINCIOTTI <strong>ALPAGO<\/strong><u> <\/u>FARMACIA PHARMA FUTURE <strong>LIMANA <\/strong>FARMACIA SMERIERI <strong>TRICHIANA<\/strong> DOLOMITI sas <strong>SEDICO<\/strong>\u00a0 FARMACIA DR. ARRIGONI DOMINGO <strong>SEREN DEL GRAPPA <\/strong>FARMACIA MAZZOCCATO DR.SSA GIULIA <strong>BORGO VALBELLUNA <\/strong>FARMACIA AL CASTELLO <strong>VALLE DI CADORE <\/strong>FARMACIA SORAVIA <strong>AURONZO<\/strong> ENTE COOP. DI MUTUO SOCCORSO <strong>LOZZO DI CADORE<\/strong> DOLOMITI. L\u2019iniziativa \u00e8 rivolta ai cittadini che, a titolo totalmente volontario, intendono sottoporsi all\u2019effettuazione del test antigenico rapido, senza necessit\u00e0 di presentare ricetta medica e a proprio carico. Il costo della prestazione non pu\u00f2 superare l\u2019importo di\u00a0 22\u00a0 euro.Rimangono invariate le modalit\u00e0 di esecuzione dei tamponi presso i siti individuati dalla ULSS 1 Dolomiti, su prescrizione del Medico di Medicina Generale o Pediatra di Libera Scelta o su invito del Dipartimento di Prevenzione dell\u2019ULSS. Dal 7 giugno le farmacie territoriali effettuano tamponi anche a favore di cittadini italiani non assistiti in Veneto e di cittadini stranieri. Le farmacie, effettuato il tampone antigenico, rilasciano il relativo certificato.<\/p>\n<p>&nbsp;<\/p>\n<div><\/div>\n<div>\n<p>&nbsp;<\/p>\n<\/div>\n<hr \/>\n<p>&nbsp;<\/p>\n<blockquote>\n<h3>A LIVINALLONGO PARTE LA RACCOLTA DELLE DOCUMENTAZIONI PER I RISTORI DEI DANNI SUBITI DAL MALTEMPO DAL 12 AL 29 NOVEMBRE 2019<\/h3>\n<\/blockquote>\n<p><strong><a href=\"https:\/\/www.radiopiu.net\/wordpress\/il-minuto-di-silenzo-a-belluno-feltre-e-in-tutto-lagordino\/minuto-silenzio-municipio-livinallongo\/\" rel=\"attachment wp-att-126458\"><img loading=\"lazy\" decoding=\"async\" class=\" wp-image-126458 alignleft\" src=\"https:\/\/www.radiopiu.net\/wordpress\/wp-content\/uploads\/2020\/03\/MINUTO-SILENZIO-MUNICIPIO-LIVINALLONGO-267x300.jpg\" alt=\"\" width=\"147\" height=\"165\" srcset=\"https:\/\/www.radiopiu.net\/wordpress\/wp-content\/uploads\/2020\/03\/MINUTO-SILENZIO-MUNICIPIO-LIVINALLONGO-267x300.jpg 267w, https:\/\/www.radiopiu.net\/wordpress\/wp-content\/uploads\/2020\/03\/MINUTO-SILENZIO-MUNICIPIO-LIVINALLONGO-768x863.jpg 768w, https:\/\/www.radiopiu.net\/wordpress\/wp-content\/uploads\/2020\/03\/MINUTO-SILENZIO-MUNICIPIO-LIVINALLONGO.jpg 854w\" sizes=\"auto, (max-width: 147px) 100vw, 147px\" \/><\/a>LIVINALLONGO <\/strong>\u00c8 iniziata la raccolta dei moduli inerenti ai danni subiti dal maltempo tra il 12 e il 29 novembre 2019. I proprietari dei beni mobili registrati danneggiati nel territorio comunale di Livinallongo del Col di Lana durante le eccezionali avversit\u00e0 atmosferiche possono effettuare segnalazione dei danni subiti e richiesta di contributo esclusivamente tramite la compilazione del modulo di istanza che possono trovare presso l&#8217;ufficio comunale. I moduli regolarmente compilati e sottoscritti, dovranno essere consegnati entro le 12 di luned\u00ec 12 luglio 2021 presso l&#8217;ufficio protocollo del Comune di Livinallongo del Col di Lana oppure mediante posta certificata a <a href=\"mailto:sindaco.comune.livinallongo.bl@pecveneto.it\">sindaco.comune.livinallongo.bl@pecveneto.it<\/a> specificando nell&#8217;oggetto \u201cEvento 12 &#8211; 29 novembre 2019. Istanza di contributo per beni immobili registrati\u201d. Per informazioni chiamare il numero 0436\/7193 interno 2<\/p>\n<p>&nbsp;<\/p>\n<p>&nbsp;<\/p>\n<hr \/>\n<p>&nbsp;<\/p>\n<blockquote>\n<h3>RICHIESTA DANNI SUBITI DOPO IL MALTEMPO DELLO SCORSO DICEMBRE<\/h3>\n<\/blockquote>\n<p><strong>FELTRE<\/strong> I privati cittadini residenti nel Comune di Feltre che hanno subito danni a beni mobili registrati (quali ad esempio: auto, moto, mezzi di lavoro, altri mezzi di trasporto privati&#8230; ) durante l&#8217;evento meteo del 4-6 dicembre 2020, possono effettuare richiesta di contributo regionale finalizzato al ristoro dei danni stessi, fatto salvo il pieno rispetto dei requisiti e delle modalita\u0300 indicate.<\/p>\n<p><strong>PER LEGGERE L&#8217;AVVISO DEL COMUNE DI FELTRE <a href=\"https:\/\/www.radiopiu.net\/wordpress\/wp-content\/uploads\/2021\/06\/Avviso-pubblico-ristoro-beni-mobili-evento-dic-2020.pdf\">CLICCA QUI<\/a><\/strong><\/p>\n<p>&nbsp;<\/p>\n<p>&nbsp;<\/p>\n<hr \/>\n<p>&nbsp;<\/p>\n<blockquote>\n<h3>LUNEDI&#8217; IL CONSIGLIO DELL&#8217;UNIONE MONTANA<\/h3>\n<\/blockquote>\n<p><strong>DI GIANNI SANTOMASO\u00a0<\/strong><\/p>\n<audio class=\"wp-audio-shortcode\" id=\"audio-218319-5\" preload=\"none\" style=\"width: 100%;\" controls=\"controls\"><source type=\"audio\/mpeg\" src=\"https:\/\/www.radiopiu.net\/wordpress\/wp-content\/uploads\/2021\/06\/gianni-unione.mp3?_=5\" \/><a href=\"https:\/\/www.radiopiu.net\/wordpress\/wp-content\/uploads\/2021\/06\/gianni-unione.mp3\">https:\/\/www.radiopiu.net\/wordpress\/wp-content\/uploads\/2021\/06\/gianni-unione.mp3<\/a><\/audio>\n<p>&nbsp;<\/p>\n<p><strong>AGORDO<\/strong> Il Presidente dell&#8217;Unione Montana Agordina Michele Costa ha convocato i consiglieri per luned\u00ec alle 20 in videoconferenza. Sar\u00e0 un consiglio breve con soli 2 punti da discutere. Si parler\u00e0 principalmente di rifiuti con l&#8217;approvazione del piano economico finanziario e le tariffe corrispettive all&#8217;anno 2021.<\/p>\n<p>&nbsp;<\/p>\n<hr \/>\n<p>&nbsp;<\/p>\n<blockquote>\n<h3>IL CONSIGLIO COMUNALE CHIAMATO AD APPROVARE L&#8217;ORDINE DELGIORNO SULLA CARENZA DI SEGRETARI COMUNALI<\/h3>\n<\/blockquote>\n<p><strong>ALLEGHE<\/strong> Il sindaco Danilo De Toni ha convocato il consiglio comunale per mercoledi alle 20. All&#8217;ordine del giorno la variazione al bilancio, l&#8217;approvazione del rendiconto dell&#8217;Azienda Speciale Consortile Agordina (Asca);\u00a0 riconoscimento della cittadinanza onoraria al milite ignoto; approvazione ordine del giorno sulla carenza sei segretari comunali, Alleghe ne \u00e8 l&#8217;esempio.<\/p>\n<p>&nbsp;<\/p>\n<hr \/>\n<p>&nbsp;<\/p>\n<blockquote>\n<h3>ANCHE IL SINDACO NINO DEON PROPONE LA CITTADINANZA ONORARIA PER IL MILITE IGNOTO<\/h3>\n<\/blockquote>\n<p><strong>RIVAMONTE<\/strong>\u00a0 Cos\u00ec a Rivamonte e nel resto del Paese con il consiglio comunale chiamato ad approvare la delibera che riconosce il milite ignoto cittadino onorario, sar\u00e0 uno dei temi del consiglio comunale di mercoledi alle 18.30, all&#8217;ordine del giorno la seconda variazione al bilancio, l&#8217;approvazione del rendiconto e della gestione finanziaria 2020<\/p>\n<p>&nbsp;<\/p>\n<hr \/>\n<p>&nbsp;<\/p>\n<blockquote>\n<h3>IL RITORNO ALLA SEDE COMUNALE<\/h3>\n<p><strong>COLLE SANTA LUCIA<\/strong>\u00a0 Il Sindaco Paolo Frena ha convocato il consiglio comunale per mercoledi alle 18, in discussione il bilancio, il rendiconto finanziario, l&#8217;approvazione del bilancio Asca e il regolamento edilizio.<\/p><\/blockquote>\n<p>&nbsp;<\/p>\n<p>&nbsp;<\/p>\n<hr \/>\n<p>&nbsp;<\/p>\n<blockquote>\n<h3>DOMENICA L&#8217;ASSEMBLEA ANNUALE DEL GAV<\/h3>\n<\/blockquote>\n<p><strong>AGORDO<\/strong> Domani mattina alle 11:10 presso la sala Framont del Centro Parrocchiale Mons. Savio di Agordo si terr\u00e0 l&#8217;assemblea annuale del GAV. Il presidente Sisto Da Roit ha messo in discussione 8 punti all&#8217;ordine del giorno tra cui la relazione delle attivit\u00e0 2020 e il bilancio consuntivo 2020 e preventivo 2021. Prima dell&#8217;assemblea la messa in ricordo dei volontari defunti.<\/p>\n<p>&nbsp;<\/p>\n<p>&nbsp;<\/p>\n<hr \/>\n<p>&nbsp;<\/p>\n<blockquote>\n<h3>GLI APPUNTAMENTI DELLA BIBLIOTECA DI LIMANA<\/h3>\n<\/blockquote>\n<p><strong>LIMANA <\/strong><span style=\"color: #000000;\">Il Comune di Limana \u00e8 lieto di presentare la nuova edizione della rassegna <i>Al calar della sera &#8230; in Biblioteca! <\/i><\/span><span style=\"color: #000000;\">Durante tutti i gioved\u00ec di luglio la Biblioteca di Limana sar\u00e0 aperta dalle 17.00 alle 21.30 e verranno proposti vari eventi. Prenotazione obbligatoria per tutti gli eventi, posti limitati. Per informazioni www.biblioteca.limana.org<\/span><\/p>\n<p><strong>IL CALENDARIO DEGLI EVENTI<\/strong><\/p>\n<a href=\"https:\/\/www.radiopiu.net\/wordpress\/wp-content\/uploads\/2021\/06\/Al-calar-della-sera-in-Biblioteca-2021.pdf\" class=\"pdfemb-viewer\" style=\"\" data-width=\"max\" data-height=\"max\" data-toolbar=\"top\" data-toolbar-fixed=\"on\">Al calar della sera in Biblioteca 2021<\/a>\n<p>&nbsp;<\/p>\n<p>&nbsp;<\/p>\n<p>&nbsp;<\/p>\n<hr \/>\n<p>&nbsp;<\/p>\n<blockquote>\n<h3><a href=\"https:\/\/www.radiopiu.net\/wordpress\/quando-il-centro-estivo-fa-il-pieno\/whatsapp-image-2020-08-04-at-17-23-46\/\" rel=\"attachment wp-att-216713\"><img loading=\"lazy\" decoding=\"async\" class=\"wp-image-216713 alignleft\" src=\"https:\/\/www.radiopiu.net\/wordpress\/wp-content\/uploads\/2021\/06\/WhatsApp-Image-2020-08-04-at-17.23.46-300x225.jpeg\" alt=\"\" width=\"137\" height=\"103\" srcset=\"https:\/\/www.radiopiu.net\/wordpress\/wp-content\/uploads\/2021\/06\/WhatsApp-Image-2020-08-04-at-17.23.46-300x225.jpeg 300w, https:\/\/www.radiopiu.net\/wordpress\/wp-content\/uploads\/2021\/06\/WhatsApp-Image-2020-08-04-at-17.23.46-1024x768.jpeg 1024w, https:\/\/www.radiopiu.net\/wordpress\/wp-content\/uploads\/2021\/06\/WhatsApp-Image-2020-08-04-at-17.23.46-768x576.jpeg 768w, https:\/\/www.radiopiu.net\/wordpress\/wp-content\/uploads\/2021\/06\/WhatsApp-Image-2020-08-04-at-17.23.46-1536x1152.jpeg 1536w, https:\/\/www.radiopiu.net\/wordpress\/wp-content\/uploads\/2021\/06\/WhatsApp-Image-2020-08-04-at-17.23.46.jpeg 1600w\" sizes=\"auto, (max-width: 137px) 100vw, 137px\" \/><\/a>LE ATTIVITA&#8217; DI VOLONTARIATO DI SCUOLE IN RETE<\/h3>\n<\/blockquote>\n<p><strong>BELLUNO<\/strong> Dal primo luglio ritornano le tradizionali attivit\u00e0 di volontariato informatico delle Scuole in Rete, tramite le quali gli studenti e i volontari dell&#8217;Associazione Amici delle Scuole in Rete tenteranno di limitare il gap generazionale e sostenere adulti, anziani e associazioni nell&#8217;acquisizione delle competenze digitali per l&#8217;uso dello smartphone o del computer, ma anche di recuperare e ringiovanire\u00a0 vecchi pc dismessi dalle aziende a beneficio di famiglie e associazioni.\u00a0 Le iscrizioni online sul sito www.studentibelluno.it, oppure presso lo sportello del cittadino di Belluno<\/p>\n<p>&nbsp;<\/p>\n<p>&nbsp;<\/p>\n<hr \/>\n<p>&nbsp;<\/p>\n<blockquote>\n<h3>IL CENTRO DIURNO LE CASETTE ALLA MOSTRA DELL&#8217;ARTIGIANATO<\/h3>\n<\/blockquote>\n<p><strong>FELTRE<\/strong> Il Centro Diurno\u00a0 \u00a0\u201cLe casette\u201d partecipa anche quest\u2019anno alla Mostra dell\u2019Artigiano al n\u00b033 del Monte di Piet\u00e0 in Via Paradiso, saranno esposti i lavori eseguiti durante il laboratorio grafico pittorico espressivo manuale. La partecipazione alla Mostra dell\u2019Artigianato \u00e8 un valore aggiunto all\u2019attivit\u00e0 del Centro in quanto contribuisce a valorizzare e gratificare gli utenti e le loro famiglie e, nel contempo, a dare visibilit\u00e0 al Centro stesso nel contesto sociale in cui opera.<\/p>\n<p>&nbsp;<\/p>\n<blockquote>\n<p align=\"JUSTIFY\"><span style=\"color: #000000;\"><span style=\"font-family: Helvetica Neue, serif;\"><span style=\"font-size: small;\"><span style=\"font-family: Calibri, serif;\"><span style=\"font-size: large;\"><b>ULSS 1 \u201cDolomiti\u201d, Comune di Feltre e Mostra dell\u2019Artigianato insieme per la sensibilizzazione ai comportamenti corretti nella prevenzione del Covid.<\/b><\/span><\/span><\/span><\/span><\/span><\/p>\n<\/blockquote>\n<p align=\"JUSTIFY\"><span style=\"color: #000000;\"><span style=\"font-family: Helvetica Neue, serif;\"><span style=\"font-size: small;\"><span style=\"font-family: Calibri, serif;\"><span style=\"font-size: large;\">Di concerto con il Comune di Feltre e il Comitato Organizzatore della Mostra dell\u2019Artigianato, l\u2019Azienda Sanitaria sar\u00e0 presente all\u2019interno della cittadella nelle giornate di <\/span><\/span><span style=\"font-family: Calibri, serif;\"><span style=\"font-size: large;\">sabato 26 e domenica 27 giugno dalle ore 16 alle ore 20 <\/span><\/span><span style=\"font-family: Calibri, serif;\"><span style=\"font-size: large;\">con un punto informativo, attrezzato anche per l\u2019esecuzione di <\/span><\/span><span style=\"font-family: Calibri, serif;\"><span style=\"font-size: large;\">tamponi \u201crapidi\u201d antigenici<\/span><\/span><span style=\"font-family: Calibri, serif;\"><span style=\"font-size: large;\">, <\/span><\/span><span style=\"font-family: Calibri, serif;\"><span style=\"font-size: large;\">su base volontaria e in modo gratuito <\/span><\/span><\/span><\/span><\/span><span style=\"color: #000000;\"><span style=\"font-family: Helvetica Neue, serif;\"><span style=\"font-size: small;\"><span style=\"font-family: Calibri, serif;\"><span style=\"font-size: large;\">La postazione sanitaria sar\u00e0 posizionata in piazzetta De Boni, lungo via Mezzaterra.<\/span><\/span><\/span><\/span><\/span><\/p>\n<p>&nbsp;<\/p>\n<p>&nbsp;<\/p>\n<hr \/>\n<p>&nbsp;<\/p>\n<h3><strong><a href=\"https:\/\/www.radiopiu.net\/wordpress\/al-via-le-prenotazioni-per-il-concerto-la-mia-terra-con-roby-facchinetti\/6d2f3eca-51eb-475d-a53d-f8cc7852afd5\/\" rel=\"attachment wp-att-216089\"><img loading=\"lazy\" decoding=\"async\" class=\" wp-image-216089 alignleft\" src=\"https:\/\/www.radiopiu.net\/wordpress\/wp-content\/uploads\/2021\/06\/6d2f3eca-51eb-475d-a53d-f8cc7852afd5-300x300.jpg\" alt=\"\" width=\"169\" height=\"169\" srcset=\"https:\/\/www.radiopiu.net\/wordpress\/wp-content\/uploads\/2021\/06\/6d2f3eca-51eb-475d-a53d-f8cc7852afd5-300x300.jpg 300w, https:\/\/www.radiopiu.net\/wordpress\/wp-content\/uploads\/2021\/06\/6d2f3eca-51eb-475d-a53d-f8cc7852afd5-150x150.jpg 150w, https:\/\/www.radiopiu.net\/wordpress\/wp-content\/uploads\/2021\/06\/6d2f3eca-51eb-475d-a53d-f8cc7852afd5-768x768.jpg 768w, https:\/\/www.radiopiu.net\/wordpress\/wp-content\/uploads\/2021\/06\/6d2f3eca-51eb-475d-a53d-f8cc7852afd5.jpg 1024w\" sizes=\"auto, (max-width: 169px) 100vw, 169px\" \/><\/a><\/strong>AL VIA LE PRENOTAZIONI PER IL CONCERTO &#8220;LA MIA TERRA&#8221; CON ROBY FACCHINETTI<\/h3>\n<p><em>Regione Veneto, Provincia di Belluno, Comune di Falcade, Pro Loco Falcade Caviola, PromoFalcade Dolomiti e Ski Area San Pellegrino.<\/em><\/p>\n<p><strong>FALCADE <\/strong>\u00a0Diretti dal Maestro Diego Basso un centinaio di artisti tra musicisti e coristi dell\u2019Orchestra Ritmico Sinfonica Italiana e Le Voci di Art Voice Academy.\u00a0 L\u2019accesso all\u2019area del concerto e\u0300 raggiungibile solo su prenotazione, tramite il sito: <a href=\"https:\/\/www.falcadedolomiti.it\/falcade-e-il-concerto-la-mia-terra\/\">https:\/\/www.falcadedolomiti.it\/falcade-e-il-concerto-la-mia-terra\/\u00a0<\/a><\/p>\n<p>&nbsp;<\/p>\n<p>&nbsp;<\/p>\n<hr \/>\n<p>&nbsp;<\/p>\n<blockquote>\n<h3><a href=\"https:\/\/www.radiopiu.net\/wordpress\/giornale-radiopiu-17-giugno-2021-direttore-mirko-mezzacasa\/aaa_offesi_edizione_2020\/\" rel=\"attachment wp-att-216401\"><img loading=\"lazy\" decoding=\"async\" class=\"wp-image-216401 alignleft\" src=\"https:\/\/www.radiopiu.net\/wordpress\/wp-content\/uploads\/2021\/06\/Aaa_Offesi_edizione_2020-300x178.jpg\" alt=\"\" width=\"202\" height=\"120\" srcset=\"https:\/\/www.radiopiu.net\/wordpress\/wp-content\/uploads\/2021\/06\/Aaa_Offesi_edizione_2020-300x178.jpg 300w, https:\/\/www.radiopiu.net\/wordpress\/wp-content\/uploads\/2021\/06\/Aaa_Offesi_edizione_2020.jpg 521w\" sizes=\"auto, (max-width: 202px) 100vw, 202px\" \/><\/a>ESTATE UTILE E CREATIVA PER I GIOVANI DEL TERRITORIO<\/h3>\n<\/blockquote>\n<p><strong>PONTE NELLE ALPI<\/strong>\u00a0 Torna il progetto Aaa Offresi, promosso dal Comune di Ponte nelle Alpi: i laboratori creativi e le attivit\u00e0 di manutenzione si svilupperanno da luned\u00ec 5 luglio alla prima settimana di settembre.<\/p>\n<p>sito www.comune.pontenellealpi.bl.it.<\/p>\n<p>&nbsp;<\/p>\n<p>&nbsp;<\/p>\n<p>&nbsp;<\/p>\n<hr \/>\n<p>&nbsp;<\/p>\n<blockquote>\n<h3>LA MOSTRA &#8220;IL GIAPPONE IN PUNTA DI NASO&#8221;<\/h3>\n<\/blockquote>\n<p><a href=\"https:\/\/www.radiopiu.net\/wordpress\/giornale-radiopiu-25-giugno-2021-direttore-mirko-mezzacasa\/occhiale-orientale-ad-arco\/\" rel=\"attachment wp-att-217978\"><img loading=\"lazy\" decoding=\"async\" class=\"wp-image-217978 alignleft\" src=\"https:\/\/www.radiopiu.net\/wordpress\/wp-content\/uploads\/2021\/06\/Fig.31-300x225.jpg\" alt=\"\" width=\"131\" height=\"98\" srcset=\"https:\/\/www.radiopiu.net\/wordpress\/wp-content\/uploads\/2021\/06\/Fig.31-300x225.jpg 300w, https:\/\/www.radiopiu.net\/wordpress\/wp-content\/uploads\/2021\/06\/Fig.31-1024x768.jpg 1024w, https:\/\/www.radiopiu.net\/wordpress\/wp-content\/uploads\/2021\/06\/Fig.31-768x576.jpg 768w, https:\/\/www.radiopiu.net\/wordpress\/wp-content\/uploads\/2021\/06\/Fig.31-1536x1152.jpg 1536w, https:\/\/www.radiopiu.net\/wordpress\/wp-content\/uploads\/2021\/06\/Fig.31-2048x1536.jpg 2048w\" sizes=\"auto, (max-width: 131px) 100vw, 131px\" \/><\/a><strong>PIEVE DI CADORE<\/strong> Sabato 3 luglio, alle ore 18.00 si terra\u0300 l\u2019inaugurazione della mostra Il Giappone in punta di naso. Gli occhiali nel paese del Sol Levante, presso la sede della Fondazione Museo dell\u2019Occhiale onlus a Pieve di Cadore. L\u2019esposizione sara\u0300 visitabile a partire dal 4 luglio fino al 6 gennaio 2022, e prevede una serie di attivita\u0300 a corollario, da quelle laboratoriali per i bambini, agli approfondimenti sulla storia e la cultura giapponese, alle visite guidate a tema. La mostra, fino al 30 settembre, sara\u0300 visitabile tutti i giorni dalle ore 9.30 alle ore 12.30 e dalle 15.30 alle ore 18.30.<\/p>\n<div class=\"page\" title=\"Page 1\">\n<div class=\"layoutArea\">\n<div class=\"column\">\n<p>&nbsp;<\/p>\n<p>&nbsp;<\/p>\n<p>&nbsp;<\/p>\n<\/div>\n<\/div>\n<\/div>\n<hr \/>\n<p>&nbsp;<\/p>\n<blockquote>\n<h3>TRA FELTRO E FELTRE&#8230;DANTE CON IL LIBRO PARLATO DI FELTRE<\/h3>\n<\/blockquote>\n<p><strong>FELTRE<\/strong> \u00c8 in programma per domenica 4 luglio alle 17:30 &#8220;Tra Feltro e Feltre&#8230;700 anni dalla morte di Dante&#8221;, la lettura della Divina Commedia, La Vita Nova, Le Rime e le Epistole in Chiesa San Rocco nella Piazza Maggiore di Feltre con le voci dei Libri Parlanti Luisa Alchini, Ornella Favretti, Annunciata Olivieri, Enis Pocchetto, Maria Teresa Totti e Mauro Viani. Per informazioni www.libroparlato.org oppure www.fondacofeltre.it<\/p>\n<p>&nbsp;<\/p>\n<p>&nbsp;<\/p>\n<hr \/>\n<p>&nbsp;<\/p>\n<h2><strong><span style=\"color: #ff0000;\">QUINDICINALE APPUNTAMENTO ALLA RADIO<\/span><\/strong><\/h2>\n<blockquote>\n<h3><a style=\"font-size: 14px; font-weight: normal;\" href=\"https:\/\/www.radiopiu.net\/wordpress\/giornale-radiopiu-06-febbraio-2019-direttore-mirko-mezzacasa\/logo_spi-cgil-800x445\/\" rel=\"attachment wp-att-75538\"><img loading=\"lazy\" decoding=\"async\" class=\"wp-image-75538 alignleft\" src=\"https:\/\/www.radiopiu.net\/wordpress\/wp-content\/uploads\/2019\/02\/Logo_Spi-CGIL-800x445-300x167.jpg\" alt=\"\" width=\"210\" height=\"117\" srcset=\"https:\/\/www.radiopiu.net\/wordpress\/wp-content\/uploads\/2019\/02\/Logo_Spi-CGIL-800x445-300x167.jpg 300w, https:\/\/www.radiopiu.net\/wordpress\/wp-content\/uploads\/2019\/02\/Logo_Spi-CGIL-800x445-768x427.jpg 768w, https:\/\/www.radiopiu.net\/wordpress\/wp-content\/uploads\/2019\/02\/Logo_Spi-CGIL-800x445.jpg 800w\" sizes=\"auto, (max-width: 210px) 100vw, 210px\" \/><\/a><\/h3>\n<\/blockquote>\n<blockquote>\n<h3>ALLA RADIO, APPUNTAMENTO QUINDICINALE CON SPI-CGIL BELLUNO, IN STUDIO MARIA RITA GENTILIN<\/h3>\n<\/blockquote>\n<p><strong>di Claudio Fontanive\u00a0<\/strong><\/p>\n<p><span style=\"color: #ff0000;\"><strong>PUNTATA DEL\u00a0 24 giugno 2021<\/strong><\/span><\/p>\n<audio class=\"wp-audio-shortcode\" id=\"audio-218319-6\" preload=\"none\" style=\"width: 100%;\" controls=\"controls\"><source type=\"audio\/mpeg\" src=\"https:\/\/www.radiopiu.net\/wordpress\/wp-content\/uploads\/2021\/06\/spig-gentilin-24-giugno.mp3?_=6\" \/><a href=\"https:\/\/www.radiopiu.net\/wordpress\/wp-content\/uploads\/2021\/06\/spig-gentilin-24-giugno.mp3\">https:\/\/www.radiopiu.net\/wordpress\/wp-content\/uploads\/2021\/06\/spig-gentilin-24-giugno.mp3<\/a><\/audio>\n<p>&nbsp;<\/p>\n<p>&nbsp;<\/p>\n<p>&nbsp;<\/p>\n<hr \/>\n<h2><span style=\"color: #ff6600;\">\u00a0<\/span><\/h2>\n<h2><span style=\"color: #ff6600;\">GIROVAGANDO ALLA RADIO, PUNTATA 05<\/span><\/h2>\n<h2><span style=\"color: #ff0000;\">LA RACCOLTA COMPLETA\u00a0<\/span><\/h2>\n<blockquote class=\"wp-embedded-content\" data-secret=\"ZmryMunU96\"><p><a href=\"https:\/\/www.radiopiu.net\/wordpress\/girovagando-in-e-bike-tra-le-dolomiti\/\">GIROVAGANDO IN E BIKE TRA LE DOLOMITI<\/a><\/p><\/blockquote>\n<p><iframe loading=\"lazy\" class=\"wp-embedded-content\" sandbox=\"allow-scripts\" security=\"restricted\" style=\"position: absolute; clip: rect(1px, 1px, 1px, 1px);\" title=\"&#8220;GIROVAGANDO IN E BIKE TRA LE DOLOMITI&#8221; &#8212; Radio Pi\u00f9\" src=\"https:\/\/www.radiopiu.net\/wordpress\/girovagando-in-e-bike-tra-le-dolomiti\/embed\/#?secret=ZmryMunU96\" data-secret=\"ZmryMunU96\" width=\"600\" height=\"338\" frameborder=\"0\" marginwidth=\"0\" marginheight=\"0\" scrolling=\"no\"><\/iframe><\/p>\n<p>&nbsp;<\/p>\n<hr \/>\n<p>&nbsp;<\/p>\n<p>&nbsp;<\/p>\n<blockquote class=\"wp-embedded-content\" data-secret=\"EmhS8DgBkv\"><p><a href=\"https:\/\/www.radiopiu.net\/wordpress\/da-ieri-alla-radio-in-palinsesto-loris-e-maurizio-con-la-grande-musica\/\">IL BLUES ALLA RADIO &#8230; COME NON L&#8217;AVETE MAI SENTITO PRIMA<\/a><\/p><\/blockquote>\n<p><iframe loading=\"lazy\" class=\"wp-embedded-content\" sandbox=\"allow-scripts\" security=\"restricted\" style=\"position: absolute; clip: rect(1px, 1px, 1px, 1px);\" title=\"&#8220;IL BLUES ALLA RADIO &#8230; COME NON L&#8217;AVETE MAI SENTITO PRIMA&#8221; &#8212; Radio Pi\u00f9\" src=\"https:\/\/www.radiopiu.net\/wordpress\/da-ieri-alla-radio-in-palinsesto-loris-e-maurizio-con-la-grande-musica\/embed\/#?secret=EmhS8DgBkv\" data-secret=\"EmhS8DgBkv\" width=\"600\" height=\"338\" frameborder=\"0\" marginwidth=\"0\" marginheight=\"0\" scrolling=\"no\"><\/iframe><\/p>\n<p>\u200b<\/p>\n<p>&nbsp;<\/p>\n<hr \/>\n<p>&nbsp;<\/p>\n<div>\n<div class=\"b654a4as d2edcug0\">\n<div class=\"rq0escxv hkbzh7o3 jwdofwj8 n8tt0mok r8blr3vg hyh9befq\">\n<p><a class=\"dt-pswp-item\" href=\"https:\/\/www.radiopiu.net\/wordpress\/wp-content\/uploads\/2020\/10\/pp.jpg\" data-dt-img-description=\"\" data-large_image_width=\"640\" data-large_image_height=\"640\"><img loading=\"lazy\" decoding=\"async\" class=\"wp-image-163678 alignleft\" src=\"https:\/\/www.radiopiu.net\/wordpress\/wp-content\/uploads\/2020\/10\/pp-300x300.jpg\" alt=\"\" width=\"106\" height=\"106\" srcset=\"https:\/\/www.radiopiu.net\/wordpress\/wp-content\/uploads\/2020\/10\/pp-300x300.jpg 300w, https:\/\/www.radiopiu.net\/wordpress\/wp-content\/uploads\/2020\/10\/pp-150x150.jpg 150w, https:\/\/www.radiopiu.net\/wordpress\/wp-content\/uploads\/2020\/10\/pp-125x125.jpg 125w, https:\/\/www.radiopiu.net\/wordpress\/wp-content\/uploads\/2020\/10\/pp-200x200.jpg 200w, https:\/\/www.radiopiu.net\/wordpress\/wp-content\/uploads\/2020\/10\/pp-80x80.jpg 80w, https:\/\/www.radiopiu.net\/wordpress\/wp-content\/uploads\/2020\/10\/pp-480x480.jpg 480w, https:\/\/www.radiopiu.net\/wordpress\/wp-content\/uploads\/2020\/10\/pp.jpg 640w\" sizes=\"auto, (max-width: 106px) 100vw, 106px\" \/><\/a><\/p>\n<\/div>\n<\/div>\n<\/div>\n<div>\n<div class=\"page-title-head hgroup\">\n<div class=\"page-title-head hgroup\">\n<div class=\"b654a4as d2edcug0\">\n<div class=\"j83agx80 btwxx1t3 lhclo0ds hop8lmos nkwizq5d scwd0bx6 roh60bw9\">\n<div class=\"rq0escxv hkbzh7o3 jwdofwj8 n8tt0mok r8blr3vg hyh9befq\">\n<div class=\"do00u71z l9j0dhe7 k4urcfbm\">\n<h2><span style=\"color: #000080;\">DON CESARE, IL PENSIERO DEL GIORNO. ALLA RADIO ALLE 7 DEL MATTINO E ALLE 19.30 DELLA SERA.\u00a0\u00a0<\/span><\/h2>\n<\/div>\n<\/div>\n<\/div>\n<div class=\"rq0escxv hkbzh7o3 jwdofwj8 n8tt0mok r8blr3vg hyh9befq\"><\/div>\n<div><\/div>\n<div><\/div>\n<div>\n<p>&nbsp;<\/p>\n<hr \/>\n<p>&nbsp;<\/p>\n<h2><a href=\"https:\/\/www.radiopiu.net\/wordpress\/laugurio-di-monsignor-giorgio-lise-agli-agordini\/don-giorgio-lise\/\" rel=\"attachment wp-att-177420\"><img loading=\"lazy\" decoding=\"async\" class=\"size-medium wp-image-177420 alignleft\" src=\"https:\/\/www.radiopiu.net\/wordpress\/wp-content\/uploads\/2020\/12\/DON-GIORGIO-LISE-300x169.jpg\" alt=\"\" width=\"300\" height=\"169\" srcset=\"https:\/\/www.radiopiu.net\/wordpress\/wp-content\/uploads\/2020\/12\/DON-GIORGIO-LISE-300x169.jpg 300w, https:\/\/www.radiopiu.net\/wordpress\/wp-content\/uploads\/2020\/12\/DON-GIORGIO-LISE-1024x577.jpg 1024w, https:\/\/www.radiopiu.net\/wordpress\/wp-content\/uploads\/2020\/12\/DON-GIORGIO-LISE-768x432.jpg 768w, https:\/\/www.radiopiu.net\/wordpress\/wp-content\/uploads\/2020\/12\/DON-GIORGIO-LISE-1536x865.jpg 1536w, https:\/\/www.radiopiu.net\/wordpress\/wp-content\/uploads\/2020\/12\/DON-GIORGIO-LISE.jpg 1600w\" sizes=\"auto, (max-width: 300px) 100vw, 300px\" \/><\/a><span style=\"color: #800080;\">DUE MINUTI PER TE CON DON GIORGIO LISE<\/span><\/h2>\n<audio class=\"wp-audio-shortcode\" id=\"audio-218319-7\" preload=\"none\" style=\"width: 100%;\" controls=\"controls\"><source type=\"audio\/mpeg\" src=\"https:\/\/www.radiopiu.net\/wordpress\/wp-content\/uploads\/2021\/06\/DON-GIORGIO-4.mp3?_=7\" \/><a href=\"https:\/\/www.radiopiu.net\/wordpress\/wp-content\/uploads\/2021\/06\/DON-GIORGIO-4.mp3\">https:\/\/www.radiopiu.net\/wordpress\/wp-content\/uploads\/2021\/06\/DON-GIORGIO-4.mp3<\/a><\/audio>\n<p>&nbsp;<\/p>\n<\/div>\n<div>\n<hr \/>\n<\/div>\n<div><\/div>\n<h2>COLLAGE&#8230; DI LORIS SCUSSEL dal lunedi al venerdi alle 16 e alle 23 su RADIO PIU<\/h2>\n<div>\n<p>&nbsp;<\/p>\n<\/div>\n<div>\n<blockquote><p><strong>PUNTATA 375 DEL 25 GIUGNO 2021<\/strong><\/p>\n<audio class=\"wp-audio-shortcode\" id=\"audio-218319-8\" preload=\"none\" style=\"width: 100%;\" controls=\"controls\"><source type=\"audio\/mpeg\" src=\"https:\/\/www.radiopiu.net\/wordpress\/wp-content\/uploads\/2021\/06\/Collage-375.mp3?_=8\" \/><a href=\"https:\/\/www.radiopiu.net\/wordpress\/wp-content\/uploads\/2021\/06\/Collage-375.mp3\">https:\/\/www.radiopiu.net\/wordpress\/wp-content\/uploads\/2021\/06\/Collage-375.mp3<\/a><\/audio><\/blockquote>\n<div>\n<blockquote>\n<div>\n<div>\n<div>\n<div>\n<div>\n<p><img loading=\"lazy\" decoding=\"async\" class=\"alignleft\" src=\"https:\/\/www.radiopiu.net\/wordpress\/wp-content\/uploads\/2021\/05\/Schermata-2021-05-23-alle-11.50.11.png\" width=\"186\" height=\"131\" \/>Il programma \u00e8 andato in onda da dicembre 2013 fino a luglio 2019, comprese le repliche, in due serie per 350 puntate complessive con 1.890 brani trasmessi. L\u2019obiettivo del programma: riproporre agli ascoltatori pi\u00f9 grandicelli le canzoni che ascoltavano nel passato e nello stesso tempo farle conoscere anche ai pi\u00f9 giovani.<\/p>\n<\/div>\n<\/div>\n<\/div>\n<\/div>\n<\/div>\n<\/blockquote>\n<\/div>\n<\/div>\n<div><\/div>\n<div><\/div>\n<div><\/div>\n<div><\/div>\n<hr \/>\n<p>&nbsp;<\/p>\n<blockquote>\n<h2>FANTASTICHE DOLOMITI, NUOVA STAGIONE. APPUNTAMENTO QUINDICINALE IL GIOVEDI ALLE 10.30 E 19.00<\/h2>\n<\/blockquote>\n<blockquote class=\"wp-embedded-content\" data-secret=\"IawNt1VKwH\"><p><a href=\"https:\/\/www.radiopiu.net\/wordpress\/raccolta-completa11\/\">FANTASTICHE DOLOMITI LA RACCOLTA COMPLETA<\/a><\/p><\/blockquote>\n<p><iframe loading=\"lazy\" class=\"wp-embedded-content\" sandbox=\"allow-scripts\" security=\"restricted\" style=\"position: absolute; clip: rect(1px, 1px, 1px, 1px);\" title=\"&#8220;FANTASTICHE DOLOMITI LA RACCOLTA COMPLETA&#8221; &#8212; Radio Pi\u00f9\" src=\"https:\/\/www.radiopiu.net\/wordpress\/raccolta-completa11\/embed\/#?secret=IawNt1VKwH\" data-secret=\"IawNt1VKwH\" width=\"600\" height=\"338\" frameborder=\"0\" marginwidth=\"0\" marginheight=\"0\" scrolling=\"no\"><\/iframe><\/p>\n<p>&nbsp;<\/p>\n<p>&nbsp;<\/p>\n<p>&nbsp;<\/p>\n<hr \/>\n<div>\n<div class=\"b654a4as d2edcug0\">\n<div class=\"rq0escxv hkbzh7o3 jwdofwj8 n8tt0mok r8blr3vg hyh9befq\">\n<div class=\"b654a4as d2edcug0\">\n<h2><span style=\"color: #008000;\">\u00a0<\/span><\/h2>\n<h2><span style=\"color: #008000;\">ERBE E PIANTE CURATIVE&#8230;IL\u00a0 PROGRAMMA DI PAOLA LANCIATO\u00a0<\/span><\/h2>\n<\/div>\n<blockquote class=\"wp-embedded-content\" data-secret=\"cxu1GuW9Kn\"><p><a href=\"https:\/\/www.radiopiu.net\/wordpress\/erbe-e-piante-curative-il-mandorlo\/\">L\u2019ERBA VOGLIO DEL GIARDINO DEL RE\u2026 ERBE, FIORI E PIANTE DI E CON PAOLA LANCIATO<\/a><\/p><\/blockquote>\n<p><iframe loading=\"lazy\" class=\"wp-embedded-content\" sandbox=\"allow-scripts\" security=\"restricted\" style=\"position: absolute; clip: rect(1px, 1px, 1px, 1px);\" title=\"&#8220;L\u2019ERBA VOGLIO DEL GIARDINO DEL RE\u2026 ERBE, FIORI E PIANTE DI E CON PAOLA LANCIATO&#8221; &#8212; Radio Pi\u00f9\" src=\"https:\/\/www.radiopiu.net\/wordpress\/erbe-e-piante-curative-il-mandorlo\/embed\/#?secret=cxu1GuW9Kn\" data-secret=\"cxu1GuW9Kn\" width=\"600\" height=\"338\" frameborder=\"0\" marginwidth=\"0\" marginheight=\"0\" scrolling=\"no\"><\/iframe><\/p>\n<p>&nbsp;<\/p>\n<\/div>\n<\/div>\n<\/div>\n<p>&nbsp;<\/p>\n<hr \/>\n<p>&nbsp;<\/p>\n<div>\n<h2><span style=\"color: #ff0000;\"><strong>IN VIVO VERSO 2020-21 ESTATE, RIASCOLTIAMOLI&#8230; DAL CASSETTO DEI RICORDI DI RADIO PIU&#8217;&#8230; LE PRIME\u00a0 SEI STAGIONI\u00a0 \u00a0<\/strong><\/span><\/h2>\n<div class=\"page-title-head hgroup\">\n<div class=\"page-title-head hgroup\">\n<div class=\"page-title-head hgroup\">\n<div class=\"page-title-head hgroup\">\n<div class=\"page-title-head hgroup\">\n<div class=\"page-title-head hgroup\">\n<blockquote>\n<h3>riascoltiamole BROI di ADALBERTO BERLETTI 2017<\/h3>\n<p><strong>AUDIO<\/strong><\/p>\n<audio class=\"wp-audio-shortcode\" id=\"audio-218319-9\" preload=\"none\" style=\"width: 100%;\" controls=\"controls\"><source type=\"audio\/mpeg\" src=\"https:\/\/www.radiopiu.net\/wordpress\/wp-content\/uploads\/2021\/06\/BERLETTI-3-BROI.mp3?_=9\" \/><a href=\"https:\/\/www.radiopiu.net\/wordpress\/wp-content\/uploads\/2021\/06\/BERLETTI-3-BROI.mp3\">https:\/\/www.radiopiu.net\/wordpress\/wp-content\/uploads\/2021\/06\/BERLETTI-3-BROI.mp3<\/a><\/audio>\n<p><strong>LA RACCOLTA COMPLETA<\/strong><\/p><\/blockquote>\n<\/div>\n<\/div>\n<\/div>\n<\/div>\n<\/div>\n<\/div>\n<blockquote class=\"wp-embedded-content\" data-secret=\"yRAr6HOc5z\"><p><a href=\"https:\/\/www.radiopiu.net\/wordpress\/in-vivo-verso\/\">In Vivo Verso<\/a><\/p><\/blockquote>\n<p><iframe loading=\"lazy\" class=\"wp-embedded-content\" sandbox=\"allow-scripts\" security=\"restricted\" style=\"position: absolute; clip: rect(1px, 1px, 1px, 1px);\" title=\"&#8220;In Vivo Verso&#8221; &#8212; Radio Pi\u00f9\" src=\"https:\/\/www.radiopiu.net\/wordpress\/in-vivo-verso\/embed\/#?secret=yRAr6HOc5z\" data-secret=\"yRAr6HOc5z\" width=\"600\" height=\"338\" frameborder=\"0\" marginwidth=\"0\" marginheight=\"0\" scrolling=\"no\"><\/iframe><\/p>\n<p>&nbsp;<\/p>\n<p>&nbsp;<\/p>\n<hr \/>\n<\/div>\n<blockquote>\n<blockquote>\n<h2><\/h2>\n<\/blockquote>\n<\/blockquote>\n<div>\n<div class=\"b654a4as d2edcug0\">\n<div class=\"rq0escxv hkbzh7o3 jwdofwj8 n8tt0mok r8blr3vg hyh9befq\">\n<p>&nbsp;<\/p>\n<blockquote>\n<h2><span style=\"color: #ff0000;\"><em>ZAINO ALLA RADIO&#8230;ESTATE DI PAOLA LANCIATO TUTTI I GIORNI dal lunedi al venerdi ALLE 14 E 23.30\u00a0 \u00a0<\/em><\/span><\/h2>\n<\/blockquote>\n<div class=\"b654a4as d2edcug0\">\n<p>&nbsp;<\/p>\n<p><strong>LA RACCOLTA COMPLETA<\/strong><\/p>\n<\/div>\n<blockquote class=\"wp-embedded-content\" data-secret=\"ccf8i9Q7F4\"><p><a href=\"https:\/\/www.radiopiu.net\/wordpress\/zaino-femminile-lanciato\/\">Zaino da viaggio al femminile<\/a><\/p><\/blockquote>\n<p><iframe loading=\"lazy\" class=\"wp-embedded-content\" sandbox=\"allow-scripts\" security=\"restricted\" style=\"position: absolute; clip: rect(1px, 1px, 1px, 1px);\" title=\"&#8220;Zaino da viaggio al femminile&#8221; &#8212; Radio Pi\u00f9\" src=\"https:\/\/www.radiopiu.net\/wordpress\/zaino-femminile-lanciato\/embed\/#?secret=ccf8i9Q7F4\" data-secret=\"ccf8i9Q7F4\" width=\"600\" height=\"338\" frameborder=\"0\" marginwidth=\"0\" marginheight=\"0\" scrolling=\"no\"><\/iframe><\/p>\n<p>&nbsp;<\/p>\n<\/div>\n<\/div>\n<\/div>\n<hr \/>\n<p>&nbsp;<\/p>\n<div>\n<h2><span style=\"color: #800080;\"><strong>LA RASSEGNA STAMPA DA L&#8217;AMICO DEL POPOLO\u00a0<\/strong><\/span><\/h2>\n<h3 class=\"kvgmc6g5 cxmmr5t8 oygrvhab hcukyx3x c1et5uql\"><span style=\"color: #0000ff;\"> INFORMAZIONE il canale su TELEGRAM informazione di prima mano e in tempo reale. iscriviti ed aiutaci a farlo conoscere\u00a0\u00a0<\/span><\/h3>\n<p><strong><a href=\"https:\/\/www.radiopiu.net\/wordpress\/alleanza-comune-librai-da-domani-a-belluno-la-consegna-dei-libri-a-domicilio\/libri-scaffale\/\" rel=\"attachment wp-att-122391\"><img loading=\"lazy\" decoding=\"async\" class=\" wp-image-122391 alignleft\" src=\"https:\/\/www.radiopiu.net\/wordpress\/wp-content\/uploads\/2020\/03\/LIBRI-SCAFFALE-300x300.jpg\" alt=\"\" width=\"102\" height=\"102\" srcset=\"https:\/\/www.radiopiu.net\/wordpress\/wp-content\/uploads\/2020\/03\/LIBRI-SCAFFALE-300x300.jpg 300w, https:\/\/www.radiopiu.net\/wordpress\/wp-content\/uploads\/2020\/03\/LIBRI-SCAFFALE-1024x1024.jpg 1024w, https:\/\/www.radiopiu.net\/wordpress\/wp-content\/uploads\/2020\/03\/LIBRI-SCAFFALE-150x150.jpg 150w, https:\/\/www.radiopiu.net\/wordpress\/wp-content\/uploads\/2020\/03\/LIBRI-SCAFFALE-768x768.jpg 768w, https:\/\/www.radiopiu.net\/wordpress\/wp-content\/uploads\/2020\/03\/LIBRI-SCAFFALE.jpg 1052w\" sizes=\"auto, (max-width: 102px) 100vw, 102px\" \/><\/a>di Gianni Santomaso<\/strong><\/p>\n<p>OSPITE: Lionella Tonet Vicepresidente del Circolo Culturale Agordino<\/p>\n<audio class=\"wp-audio-shortcode\" id=\"audio-218319-10\" preload=\"none\" style=\"width: 100%;\" controls=\"controls\"><source type=\"audio\/mpeg\" src=\"https:\/\/www.radiopiu.net\/wordpress\/wp-content\/uploads\/2021\/06\/RASSEGNA-GIANNI-3.mp3?_=10\" \/><a href=\"https:\/\/www.radiopiu.net\/wordpress\/wp-content\/uploads\/2021\/06\/RASSEGNA-GIANNI-3.mp3\">https:\/\/www.radiopiu.net\/wordpress\/wp-content\/uploads\/2021\/06\/RASSEGNA-GIANNI-3.mp3<\/a><\/audio>\n<p>&nbsp;<\/p>\n<p><strong>LA RACCOLTA COMPLETA<\/strong><\/p>\n<blockquote class=\"wp-embedded-content\" data-secret=\"GQcGdeU5fP\"><p><a href=\"https:\/\/www.radiopiu.net\/wordpress\/rassegna-stampa-di-gianni-santomaso\/\">Rassegna stampa da l&#8217;amico del popolo &#8211; di Gianni Santomaso<\/a><\/p><\/blockquote>\n<p><iframe loading=\"lazy\" class=\"wp-embedded-content\" sandbox=\"allow-scripts\" security=\"restricted\" style=\"position: absolute; clip: rect(1px, 1px, 1px, 1px);\" title=\"&#8220;Rassegna stampa da l&#8217;amico del popolo &#8211; di Gianni Santomaso&#8221; &#8212; Radio Pi\u00f9\" src=\"https:\/\/www.radiopiu.net\/wordpress\/rassegna-stampa-di-gianni-santomaso\/embed\/#?secret=GQcGdeU5fP\" data-secret=\"GQcGdeU5fP\" width=\"600\" height=\"338\" frameborder=\"0\" marginwidth=\"0\" marginheight=\"0\" scrolling=\"no\"><\/iframe><\/p>\n<div class=\"b654a4as d2edcug0\"><\/div>\n<\/div>\n<p>&nbsp;<\/p>\n<hr \/>\n<div dir=\"auto\"><\/div>\n<p>&nbsp;<\/p>\n<div dir=\"auto\">\n<blockquote>\n<h3>SALUTE E SOCIETA&#8217; IL LUNEDI ALLE 13.10 E ALLE 20.10, LA DOMENICA ALLE 10.30 A CURA DEL DOTTOR MARCO CARACCIOLO. QUINTA STAGIONE<\/h3>\n<\/blockquote>\n<p><strong><a href=\"https:\/\/www.radiopiu.net\/wordpress\/giornale-radiopiu-21-giugno-2021-direttore-mirko-mezzacasa\/50cd5aef-3d0b-c302-1df6-97eaf9d03648\/\" rel=\"attachment wp-att-217269\"><img loading=\"lazy\" decoding=\"async\" class=\"size-medium wp-image-217269 alignleft\" src=\"https:\/\/www.radiopiu.net\/wordpress\/wp-content\/uploads\/2021\/06\/50cd5aef-3d0b-c302-1df6-97eaf9d03648-300x169.png\" alt=\"\" width=\"300\" height=\"169\" srcset=\"https:\/\/www.radiopiu.net\/wordpress\/wp-content\/uploads\/2021\/06\/50cd5aef-3d0b-c302-1df6-97eaf9d03648-300x169.png 300w, https:\/\/www.radiopiu.net\/wordpress\/wp-content\/uploads\/2021\/06\/50cd5aef-3d0b-c302-1df6-97eaf9d03648-1024x576.png 1024w, https:\/\/www.radiopiu.net\/wordpress\/wp-content\/uploads\/2021\/06\/50cd5aef-3d0b-c302-1df6-97eaf9d03648-768x432.png 768w, https:\/\/www.radiopiu.net\/wordpress\/wp-content\/uploads\/2021\/06\/50cd5aef-3d0b-c302-1df6-97eaf9d03648.png 1280w\" sizes=\"auto, (max-width: 300px) 100vw, 300px\" \/><\/a>LA PUNTATA DELLA SETTIMANA del 21 GIUGNO<\/strong><\/p>\n<p>Per assistere in maniera ottimale i pazienti \u00e8 necessario costruire dei percorsi assistenziali condivisi tra tutti gli specialisti che ruotano intorno a una determinata patologia. \u00c8 importante abbandonare l\u2019autoreferenzialit\u00e0 e attivare la collaborazione tra le diverse figure sanitarie. Fabio Cartabellotta, Direttore Dipartimento di Medicina dell\u2019Ospedale Buccheri la Ferla FBF di Palermo, Nicol\u00f2 Borsellino, Direttore UOC di Oncologia Medica Ospedale Buccheri La Ferla FBF di Palermo, Salvatore Corrao, professore associato presso l\u2019Universit\u00e0 di Palermo; direttore U.O.C. di Medicina interna \u2013 Arnas Civico Palermo<\/p>\n<audio class=\"wp-audio-shortcode\" id=\"audio-218319-11\" preload=\"none\" style=\"width: 100%;\" controls=\"controls\"><source type=\"audio\/mpeg\" src=\"https:\/\/www.radiopiu.net\/wordpress\/wp-content\/uploads\/2021\/06\/SALUTE-2.mp3?_=11\" \/><a href=\"https:\/\/www.radiopiu.net\/wordpress\/wp-content\/uploads\/2021\/06\/SALUTE-2.mp3\">https:\/\/www.radiopiu.net\/wordpress\/wp-content\/uploads\/2021\/06\/SALUTE-2.mp3<\/a><\/audio>\n<p>&nbsp;<\/p>\n<blockquote class=\"wp-embedded-content\" data-secret=\"jE49YbTYId\"><p><a href=\"https:\/\/www.radiopiu.net\/wordpress\/saluteesocieta\/\">Salute e Societ\u00e0<\/a><\/p><\/blockquote>\n<p><iframe loading=\"lazy\" class=\"wp-embedded-content\" sandbox=\"allow-scripts\" security=\"restricted\" style=\"position: absolute; clip: rect(1px, 1px, 1px, 1px);\" title=\"&#8220;Salute e Societ\u00e0&#8221; &#8212; Radio Pi\u00f9\" src=\"https:\/\/www.radiopiu.net\/wordpress\/saluteesocieta\/embed\/#?secret=jE49YbTYId\" data-secret=\"jE49YbTYId\" width=\"600\" height=\"338\" frameborder=\"0\" marginwidth=\"0\" marginheight=\"0\" scrolling=\"no\"><\/iframe><\/p>\n<\/div>\n<div dir=\"auto\">\n<h1><\/h1>\n<\/div>\n<div>\n<div class=\"page-title-head hgroup\">\n<div class=\"page-title-head hgroup\">\n<div class=\"page-title-head hgroup\">\n<div>\n<div class=\"b654a4as d2edcug0\">\n<div class=\"rq0escxv hkbzh7o3 jwdofwj8 n8tt0mok r8blr3vg hyh9befq\">\n<hr \/>\n<\/div>\n<\/div>\n<\/div>\n<div>\n<div class=\"page-title-head hgroup\">\n<div class=\"page-title-head hgroup\">\n<div>\n<div class=\"b654a4as d2edcug0\">\n<p>&nbsp;<\/p>\n<blockquote>\n<h3><img loading=\"lazy\" decoding=\"async\" class=\"alignleft\" src=\"https:\/\/www.radiopiu.net\/wordpress\/wp-content\/uploads\/2021\/06\/fresh-flower-leaves-saffron-white-background-place-your-text-use-saffron-spice-cooking-cosmetology_347372-394.jpeg\" width=\"141\" height=\"94\" \/>L&#8217;ALMANACCO LADINO CON L&#8217;ISTITUT CESA DE JAN QUINDICINALE APPUNTAMENTO. LA DOMENICA ALLE 9 IL LUNEDI ALLE 8.35 IL MARTEDI ALLE 12.35 IL MERCOLEDI ALLE 18.35. SECONDA STAGIONE.<\/h3>\n<p>&nbsp;<\/p><\/blockquote>\n<p>&nbsp;<\/p>\n<p><strong>RACCOLTA COMPLETA\u00a0<\/strong><\/p>\n<blockquote class=\"wp-embedded-content\" data-secret=\"zM2HxAszyA\"><p><a href=\"https:\/\/www.radiopiu.net\/wordpress\/almanacco-ladino\/\">Almanacco Ladino<\/a><\/p><\/blockquote>\n<p><iframe loading=\"lazy\" class=\"wp-embedded-content\" sandbox=\"allow-scripts\" security=\"restricted\" style=\"position: absolute; clip: rect(1px, 1px, 1px, 1px);\" title=\"&#8220;Almanacco Ladino&#8221; &#8212; Radio Pi\u00f9\" src=\"https:\/\/www.radiopiu.net\/wordpress\/almanacco-ladino\/embed\/#?secret=zM2HxAszyA\" data-secret=\"zM2HxAszyA\" width=\"600\" height=\"338\" frameborder=\"0\" marginwidth=\"0\" marginheight=\"0\" scrolling=\"no\"><\/iframe><\/p>\n<div dir=\"auto\"><\/div>\n<\/div>\n<div>\n<p>&nbsp;<\/p>\n<hr \/>\n<h2><span style=\"color: #808000;\">\u00a0<\/span><\/h2>\n<h2><span style=\"color: #808000;\">DUE MINUTI UN LIBRO\u00a0 TUTTI I GIORNI ALLA RADIO ALLE 9.30 E ALLE 18. QUINTA STAGIONE\u00a0<\/span><\/h2>\n<p>&nbsp;<\/p>\n<p>&nbsp;<\/p>\n<blockquote class=\"wp-embedded-content\" data-secret=\"XcvPv7Fp22\"><p><a href=\"https:\/\/www.radiopiu.net\/wordpress\/due-minuti-un-libro\/\">Due minuti un libro<\/a><\/p><\/blockquote>\n<p><iframe loading=\"lazy\" class=\"wp-embedded-content\" sandbox=\"allow-scripts\" security=\"restricted\" style=\"position: absolute; clip: rect(1px, 1px, 1px, 1px);\" title=\"&#8220;Due minuti un libro&#8221; &#8212; Radio Pi\u00f9\" src=\"https:\/\/www.radiopiu.net\/wordpress\/due-minuti-un-libro\/embed\/#?secret=XcvPv7Fp22\" data-secret=\"XcvPv7Fp22\" width=\"600\" height=\"338\" frameborder=\"0\" marginwidth=\"0\" marginheight=\"0\" scrolling=\"no\"><\/iframe><\/p>\n<p>&nbsp;<\/p>\n<p>&nbsp;<\/p>\n<hr \/>\n<p>\u200b<\/p>\n<div>\n<h2><span style=\"color: #33cccc;\">I RACCONTI DI PAOLO SOPPELSA il lunedi alle 9.30 e 18.30<\/span><\/h2>\n<p><span style=\"color: #0000ff;\">INFORMAZIONE il canale su TELEGRAM informazione di prima mano e in tempo reale. iscriviti ed aiutaci a farlo conoscere\u00a0<\/span><\/p>\n<blockquote class=\"wp-embedded-content\" data-secret=\"d262Z3BgKC\"><p><a href=\"https:\/\/www.radiopiu.net\/wordpress\/i-racconti-di-paolo-soppelsa-ottantesima-puntata\/\">I RACCONTI DI PAOLO SOPPELSA OTTANTESIMA PUNTATA<\/a><\/p><\/blockquote>\n<p><iframe loading=\"lazy\" class=\"wp-embedded-content\" sandbox=\"allow-scripts\" security=\"restricted\" style=\"position: absolute; clip: rect(1px, 1px, 1px, 1px);\" title=\"&#8220;I RACCONTI DI PAOLO SOPPELSA OTTANTESIMA PUNTATA&#8221; &#8212; Radio Pi\u00f9\" src=\"https:\/\/www.radiopiu.net\/wordpress\/i-racconti-di-paolo-soppelsa-ottantesima-puntata\/embed\/#?secret=d262Z3BgKC\" data-secret=\"d262Z3BgKC\" width=\"600\" height=\"338\" frameborder=\"0\" marginwidth=\"0\" marginheight=\"0\" scrolling=\"no\"><\/iframe><\/p>\n<p>&nbsp;<\/p>\n<blockquote class=\"wp-embedded-content\" data-secret=\"cStbBptcAc\"><p><a href=\"https:\/\/www.radiopiu.net\/wordpress\/i-racconti-di-paolo-soppelsa\/\">I racconti di Paolo Soppelsa<\/a><\/p><\/blockquote>\n<p><iframe loading=\"lazy\" class=\"wp-embedded-content\" sandbox=\"allow-scripts\" security=\"restricted\" style=\"position: absolute; clip: rect(1px, 1px, 1px, 1px);\" title=\"&#8220;I racconti di Paolo Soppelsa&#8221; &#8212; Radio Pi\u00f9\" src=\"https:\/\/www.radiopiu.net\/wordpress\/i-racconti-di-paolo-soppelsa\/embed\/#?secret=cStbBptcAc\" data-secret=\"cStbBptcAc\" width=\"600\" height=\"338\" frameborder=\"0\" marginwidth=\"0\" marginheight=\"0\" scrolling=\"no\"><\/iframe><\/p>\n<p>&nbsp;<\/p>\n<\/div>\n<\/div>\n<hr \/>\n<p>&nbsp;<\/p>\n<h2><strong><span style=\"color: #ff0000;\">ALLA RADIO<\/span><\/strong><\/h2>\n<div data-offset-key=\"5n5nl-0-0\">\n<h3>Per ricevere gli aggiornamenti in tempo reale delle notizie pubblicate alla radio e sul sito di radio pi\u00f9 iscriviti al gruppo RADIO PIU INFORMAZIONE su Telegram.\u00a0\u00a0<a href=\"https:\/\/t.me\/radiopiu\">clicca qui<\/a><\/h3>\n<p>&nbsp;<\/p>\n<\/div>\n<blockquote><p><strong><a href=\"https:\/\/www.radiopiu.net\/wordpress\/cassa-solidarieta-luxottica-puntata-del-19-giugno-2020\/cslxo-2\/\" rel=\"attachment wp-att-145244\"><img loading=\"lazy\" decoding=\"async\" class=\"size-medium wp-image-145244 alignleft\" src=\"https:\/\/www.radiopiu.net\/wordpress\/wp-content\/uploads\/2020\/06\/cassa-solidarieta-luxottica-300x148.jpg\" alt=\"\" width=\"300\" height=\"148\" srcset=\"https:\/\/www.radiopiu.net\/wordpress\/wp-content\/uploads\/2020\/06\/cassa-solidarieta-luxottica-300x148.jpg 300w, https:\/\/www.radiopiu.net\/wordpress\/wp-content\/uploads\/2020\/06\/cassa-solidarieta-luxottica-1024x504.jpg 1024w, https:\/\/www.radiopiu.net\/wordpress\/wp-content\/uploads\/2020\/06\/cassa-solidarieta-luxottica-768x378.jpg 768w, https:\/\/www.radiopiu.net\/wordpress\/wp-content\/uploads\/2020\/06\/cassa-solidarieta-luxottica.jpg 1167w\" sizes=\"auto, (max-width: 300px) 100vw, 300px\" \/><\/a>di Claudio Fontanive<\/strong><\/p>\n<p>OSPITI: Paolo Chissal\u00e8 e Fabrizio Campedel<\/p>\n<p>&nbsp;<\/p>\n<p><strong>PUNTATA MAGGIO 2021<\/strong><\/p>\n<audio class=\"wp-audio-shortcode\" id=\"audio-218319-12\" preload=\"none\" style=\"width: 100%;\" controls=\"controls\"><source type=\"audio\/mpeg\" src=\"https:\/\/www.radiopiu.net\/wordpress\/wp-content\/uploads\/2021\/05\/ca-sol-lux-maggio-2021.mp3?_=12\" \/><a href=\"https:\/\/www.radiopiu.net\/wordpress\/wp-content\/uploads\/2021\/05\/ca-sol-lux-maggio-2021.mp3\">https:\/\/www.radiopiu.net\/wordpress\/wp-content\/uploads\/2021\/05\/ca-sol-lux-maggio-2021.mp3<\/a><\/audio>\n<h2>RACCOLTA COMPLETA<\/h2>\n<\/blockquote>\n<blockquote class=\"wp-embedded-content\" data-secret=\"W9uYVQzYPd\"><p><a href=\"https:\/\/www.radiopiu.net\/wordpress\/cassa-solidarieta-luxottica-puntata-del-16-ottobre-2020\/\">CASSA SOLIDARIET\u00c0 LUXOTTICA &#8211; TUTTE LE PUNTATE<\/a><\/p><\/blockquote>\n<p><iframe loading=\"lazy\" class=\"wp-embedded-content\" sandbox=\"allow-scripts\" security=\"restricted\" style=\"position: absolute; clip: rect(1px, 1px, 1px, 1px);\" title=\"&#8220;CASSA SOLIDARIET\u00c0 LUXOTTICA &#8211; TUTTE LE PUNTATE&#8221; &#8212; Radio Pi\u00f9\" src=\"https:\/\/www.radiopiu.net\/wordpress\/cassa-solidarieta-luxottica-puntata-del-16-ottobre-2020\/embed\/#?secret=W9uYVQzYPd\" data-secret=\"W9uYVQzYPd\" width=\"600\" height=\"338\" frameborder=\"0\" marginwidth=\"0\" marginheight=\"0\" scrolling=\"no\"><\/iframe><\/p>\n<div>\n<h2><\/h2>\n<p>&nbsp;<\/p>\n<\/div>\n<hr \/>\n<\/div>\n<blockquote>\n<blockquote>\n<h2><a href=\"https:\/\/www.radiopiu.net\/wordpress\/speciale-solidarieta-veneto\/solidarieta-veneto-3\/\" rel=\"attachment wp-att-134366\">\u00a0<\/a><\/h2>\n<h2><a href=\"https:\/\/www.radiopiu.net\/wordpress\/speciale-solidarieta-veneto\/solidarieta-veneto-3\/\" rel=\"attachment wp-att-134366\"><img loading=\"lazy\" decoding=\"async\" class=\"wp-image-134366 alignleft\" src=\"https:\/\/www.radiopiu.net\/wordpress\/wp-content\/uploads\/2020\/05\/solidariet\u00e0-veneto-300x210.jpg\" alt=\"\" width=\"102\" height=\"71\" srcset=\"https:\/\/www.radiopiu.net\/wordpress\/wp-content\/uploads\/2020\/05\/solidariet\u00e0-veneto-300x210.jpg 300w, https:\/\/www.radiopiu.net\/wordpress\/wp-content\/uploads\/2020\/05\/solidariet\u00e0-veneto-1024x717.jpg 1024w, https:\/\/www.radiopiu.net\/wordpress\/wp-content\/uploads\/2020\/05\/solidariet\u00e0-veneto-768x538.jpg 768w, https:\/\/www.radiopiu.net\/wordpress\/wp-content\/uploads\/2020\/05\/solidariet\u00e0-veneto.jpg 1373w\" sizes=\"auto, (max-width: 102px) 100vw, 102px\" \/><\/a>SOLIDARIETA&#8217; VENETO FONDO PENSIONE, IN ONDA IL PRIMO VENERDI DEL MESE ALLE 10.30 E ALLE 19.00 QUINTA STAGIONE<\/h2>\n<\/blockquote>\n<h2><strong><span style=\"color: #ff0000;\">AUDIO MAGGIO 2021<\/span><\/strong><\/h2>\n<\/blockquote>\n<div>\n<audio class=\"wp-audio-shortcode\" id=\"audio-218319-13\" preload=\"none\" style=\"width: 100%;\" controls=\"controls\"><source type=\"audio\/mpeg\" src=\"https:\/\/www.radiopiu.net\/wordpress\/wp-content\/uploads\/2021\/05\/solidarieta-veneto-maggio-2021.mp3?_=13\" \/><a href=\"https:\/\/www.radiopiu.net\/wordpress\/wp-content\/uploads\/2021\/05\/solidarieta-veneto-maggio-2021.mp3\">https:\/\/www.radiopiu.net\/wordpress\/wp-content\/uploads\/2021\/05\/solidarieta-veneto-maggio-2021.mp3<\/a><\/audio>\n<\/div>\n<h2>LA RACCOLTA COMPLETA<\/h2>\n<blockquote class=\"wp-embedded-content\" data-secret=\"eZGvzKNspG\"><p><a href=\"https:\/\/www.radiopiu.net\/wordpress\/solidarieta-veneto\/\">Solidariet\u00e0 Veneto<\/a><\/p><\/blockquote>\n<p><iframe loading=\"lazy\" class=\"wp-embedded-content\" sandbox=\"allow-scripts\" security=\"restricted\" style=\"position: absolute; clip: rect(1px, 1px, 1px, 1px);\" title=\"&#8220;Solidariet\u00e0 Veneto&#8221; &#8212; Radio Pi\u00f9\" src=\"https:\/\/www.radiopiu.net\/wordpress\/solidarieta-veneto\/embed\/#?secret=eZGvzKNspG\" data-secret=\"eZGvzKNspG\" width=\"600\" height=\"338\" frameborder=\"0\" marginwidth=\"0\" marginheight=\"0\" scrolling=\"no\"><\/iframe><\/p>\n<blockquote>\n<h2><\/h2>\n<h2><\/h2>\n<\/blockquote>\n<div>\n<hr \/>\n<\/div>\n<div class=\"page-title-head hgroup\">\n<div>\n<p>&nbsp;<\/p>\n<h2><span style=\"color: #ff0000;\">MUSLA, CON LA NUOVA GENERAZIONE LINGUE, USI, COSTUMI , raccolta completa<\/span><\/h2>\n<blockquote class=\"wp-embedded-content\" data-secret=\"XjaJ4lySAO\"><p><a href=\"https:\/\/www.radiopiu.net\/wordpress\/agora-agordina-la-nosta-piaza\/\">AGORA&#8217; AGORDINA&#8230; LA NOSTA PIAZA LADINA RACCOLTA COMPLETA PRIMA STAGIONE<\/a><\/p><\/blockquote>\n<p><iframe loading=\"lazy\" class=\"wp-embedded-content\" sandbox=\"allow-scripts\" security=\"restricted\" style=\"position: absolute; clip: rect(1px, 1px, 1px, 1px);\" title=\"&#8220;AGORA&#8217; AGORDINA&#8230; LA NOSTA PIAZA LADINA RACCOLTA COMPLETA PRIMA STAGIONE&#8221; &#8212; Radio Pi\u00f9\" src=\"https:\/\/www.radiopiu.net\/wordpress\/agora-agordina-la-nosta-piaza\/embed\/#?secret=XjaJ4lySAO\" data-secret=\"XjaJ4lySAO\" width=\"600\" height=\"338\" frameborder=\"0\" marginwidth=\"0\" marginheight=\"0\" scrolling=\"no\"><\/iframe><\/p>\n<p>&nbsp;<\/p>\n<div class=\"b654a4as d2edcug0\">\n<div dir=\"auto\">\n<h1><\/h1>\n<hr \/>\n<p>&nbsp;<\/p>\n<div>\n<h2><span style=\"color: #ff0000;\">LEGGERMENTE BELLUNESI CON LUISA ALCHINI la raccolta completa<\/span><\/h2>\n<\/div>\n<div>\n<blockquote class=\"wp-embedded-content\" data-secret=\"Q5yidbJFE3\"><p><a href=\"https:\/\/www.radiopiu.net\/wordpress\/leggermente-20\/\">LEGGERmente&#8230;Bellunesi<\/a><\/p><\/blockquote>\n<p><iframe loading=\"lazy\" class=\"wp-embedded-content\" sandbox=\"allow-scripts\" security=\"restricted\" style=\"position: absolute; clip: rect(1px, 1px, 1px, 1px);\" title=\"&#8220;LEGGERmente&#8230;Bellunesi&#8221; &#8212; Radio Pi\u00f9\" src=\"https:\/\/www.radiopiu.net\/wordpress\/leggermente-20\/embed\/#?secret=Q5yidbJFE3\" data-secret=\"Q5yidbJFE3\" width=\"600\" height=\"338\" frameborder=\"0\" marginwidth=\"0\" marginheight=\"0\" scrolling=\"no\"><\/iframe><\/p>\n<\/div>\n<\/div>\n<p>&nbsp;<\/p>\n<hr \/>\n<p>&nbsp;<\/p>\n<h2><span style=\"color: #ff0000;\">GOCCE DI FILOSOFIA, CON CHIARA CAU, CON LISA DE LUCA la raccolta completa<\/span><\/h2>\n<blockquote class=\"wp-embedded-content\" data-secret=\"57GNCbCXjs\"><p><a href=\"https:\/\/www.radiopiu.net\/wordpress\/gocce-filosofia\/\">Gocce di filosofia<\/a><\/p><\/blockquote>\n<p><iframe loading=\"lazy\" class=\"wp-embedded-content\" sandbox=\"allow-scripts\" security=\"restricted\" style=\"position: absolute; clip: rect(1px, 1px, 1px, 1px);\" title=\"&#8220;Gocce di filosofia&#8221; &#8212; Radio Pi\u00f9\" src=\"https:\/\/www.radiopiu.net\/wordpress\/gocce-filosofia\/embed\/#?secret=57GNCbCXjs\" data-secret=\"57GNCbCXjs\" width=\"600\" height=\"338\" frameborder=\"0\" marginwidth=\"0\" marginheight=\"0\" scrolling=\"no\"><\/iframe><\/p>\n<p>&nbsp;<\/p>\n<p>&nbsp;<\/p>\n<hr \/>\n<\/div>\n<\/div>\n<p>&nbsp;<\/p>\n<p><a href=\"https:\/\/www.radiopiu.net\/wordpress\/giornale-radiopiu-26-settembre-2018-direttore-mirko-mezzacasa\/viabilita-2\/\" rel=\"attachment wp-att-61954\"><img loading=\"lazy\" decoding=\"async\" class=\"wp-image-61954 size-full aligncenter\" src=\"https:\/\/www.radiopiu.net\/wordpress\/wp-content\/uploads\/2018\/09\/viabilita.jpeg\" alt=\"\" width=\"800\" height=\"100\" srcset=\"https:\/\/www.radiopiu.net\/wordpress\/wp-content\/uploads\/2018\/09\/viabilita.jpeg 800w, https:\/\/www.radiopiu.net\/wordpress\/wp-content\/uploads\/2018\/09\/viabilita-300x38.jpeg 300w, https:\/\/www.radiopiu.net\/wordpress\/wp-content\/uploads\/2018\/09\/viabilita-768x96.jpeg 768w\" sizes=\"auto, (max-width: 800px) 100vw, 800px\" \/><\/a><\/p>\n<blockquote><p>&nbsp;<\/p><\/blockquote>\n<\/div>\n<\/div>\n<\/div>\n<\/div>\n<\/div>\n<\/div>\n<\/div>\n<\/div>\n<div><\/div>\n<div>\n<div>\n<div>\n<div>\n<div class=\"page-title-head hgroup\">\n<div class=\"page-title-head hgroup\">\n<div class=\"page-title-head hgroup\">\n<div>\n<div>\n<div class=\"page-title-head hgroup\">\n<div class=\"page-title-head hgroup\">\n<div class=\"page-title-head hgroup\">\n<blockquote><p><a href=\"https:\/\/www.radiopiu.net\/wordpress\/giornale-radiopiu-09-agosto-2018-direttore-mirko-mezzacasa\/viabilia\/\" rel=\"attachment wp-att-57053\"><img loading=\"lazy\" decoding=\"async\" class=\" wp-image-57053 alignleft\" src=\"https:\/\/www.radiopiu.net\/wordpress\/wp-content\/uploads\/2018\/08\/VIABILIA-300x180.jpeg\" alt=\"\" width=\"220\" height=\"132\" srcset=\"https:\/\/www.radiopiu.net\/wordpress\/wp-content\/uploads\/2018\/08\/VIABILIA-300x180.jpeg 300w, https:\/\/www.radiopiu.net\/wordpress\/wp-content\/uploads\/2018\/08\/VIABILIA-768x461.jpeg 768w, https:\/\/www.radiopiu.net\/wordpress\/wp-content\/uploads\/2018\/08\/VIABILIA-1024x614.jpeg 1024w, https:\/\/www.radiopiu.net\/wordpress\/wp-content\/uploads\/2018\/08\/VIABILIA.jpeg 1280w\" sizes=\"auto, (max-width: 220px) 100vw, 220px\" \/><\/a>La viabilit\u00e0 con gli ultimi aggiornamenti<\/p><\/blockquote>\n<\/div>\n<\/div>\n<\/div>\n<\/div>\n<\/div>\n<\/div>\n<\/div>\n<\/div>\n<\/div>\n<\/div>\n<\/div>\n<div><\/div>\n<div><\/div>\n<div>\n<div>\n<div class=\"page-title-head hgroup\">\n<p>&nbsp;<\/p>\n<audio class=\"wp-audio-shortcode\" id=\"audio-218319-14\" preload=\"none\" style=\"width: 100%;\" controls=\"controls\"><source type=\"audio\/mpeg\" src=\"https:\/\/www.radiopiu.net\/wordpress\/wp-content\/uploads\/2021\/06\/VIABILITA-7.mp3?_=14\" \/><a href=\"https:\/\/www.radiopiu.net\/wordpress\/wp-content\/uploads\/2021\/06\/VIABILITA-7.mp3\">https:\/\/www.radiopiu.net\/wordpress\/wp-content\/uploads\/2021\/06\/VIABILITA-7.mp3<\/a><\/audio>\n<p>&nbsp;<\/p>\n<hr \/>\n<p>&nbsp;<\/p>\n<\/div>\n<\/div>\n<\/div>\n<\/div>\n<div>\n<div class=\"page-title-head hgroup\">\n<div class=\"page-title-head hgroup\">\n<div dir=\"auto\">\n<p><a class=\"dt-pswp-item pspw-wrap-ready\" href=\"https:\/\/i0.wp.com\/www.radiopiu.net\/wordpress\/wp-content\/uploads\/2018\/09\/WhatsApp-Image-2018-09-20-at-16.04.06.jpeg?ssl=1\" data-dt-img-description=\"\" data-large_image_width=\"800\" data-large_image_height=\"100\"><img loading=\"lazy\" decoding=\"async\" class=\"aligncenter wp-image-61378 size-full jetpack-lazy-image jetpack-lazy-image--handled\" src=\"https:\/\/i0.wp.com\/www.radiopiu.net\/wordpress\/wp-content\/uploads\/2018\/09\/WhatsApp-Image-2018-09-20-at-16.04.06.jpeg?resize=800%2C100&amp;ssl=1\" sizes=\"auto, (max-width: 800px) 100vw, 800px\" srcset=\"https:\/\/i0.wp.com\/www.radiopiu.net\/wordpress\/wp-content\/uploads\/2018\/09\/WhatsApp-Image-2018-09-20-at-16.04.06.jpeg?w=800&amp;ssl=1 800w, https:\/\/i0.wp.com\/www.radiopiu.net\/wordpress\/wp-content\/uploads\/2018\/09\/WhatsApp-Image-2018-09-20-at-16.04.06.jpeg?resize=300%2C38&amp;ssl=1 300w, https:\/\/i0.wp.com\/www.radiopiu.net\/wordpress\/wp-content\/uploads\/2018\/09\/WhatsApp-Image-2018-09-20-at-16.04.06.jpeg?resize=768%2C96&amp;ssl=1 768w\" alt=\"\" width=\"800\" height=\"100\" data-lazy-loaded=\"1\" \/><\/a><\/p>\n<div><\/div>\n<div><center><b>Domenica 27<\/b><\/center><b>Tempo atteso: <\/b>Al mattino perlopi\u00f9 soleggiato con cielo generalmente poco nuvoloso. Gi\u00e0 nel corso del mattino graduale aumento della nuvolosit\u00e0 per nubi a sviluppo cumuliforme e per l&#8217;arrivo di nuvolosit\u00e0 medio-alta; il rischio di fenomeni tra le ore centrali e il pomeriggio\/sera rimarr\u00e0 contenuto. Contesto termico pienamente estivo a tutte le quote.<br \/>\n<b>Precipitazioni: <\/b>Al mattino assenti (0%); nella seconda parte della giornata aumento della probabilit\u00e0 di qualche rovescio o temporale di calore a carattere sparso, un po&#8217; pi\u00f9 probabile sulle Dolomiti (20\/40%).<br \/>\n<b>Temperature: <\/b>Minime in contenuto aumento, massime perlopi\u00f9 stazionarie. Su Prealpi a 1500 m min 12\u00b0C max 18\u00b0C, a 2000 m min 8\u00b0C max 14\u00b0C. Su Dolomiti a 2000 m min 7\u00b0C max 15\u00b0C, a 3000 m min 2\u00b0C max 6\u00b0C.<br \/>\n<b>Venti: <\/b>Nelle valli deboli o moderati per brezze; in quota deboli o moderati in prevalenza da ovest, a 5-10 km\/h a 2000 m, 10-20 km\/h a 3000 m.<\/p>\n<hr \/>\n<p><center><b>Lunedi 28<\/b><\/center><b>Tempo atteso: <\/b>Tempo pi\u00f9 soleggiato rispetto a domenica, a parte qualche possibile nube bassa nelle ore pi\u00f9 fredde in alcune valli; cielo perlopi\u00f9 sereno al mattino e modesta attivit\u00e0 cumuliforme diurna associata ad una bassa probabilit\u00e0 di fenomeni. Contesto termico spiccatamente estivo con temperature oltre le medie del periodo.<br \/>\n<b>Precipitazioni: <\/b>Generalmente assenti, o limitate a qualche isolato piovasco pomeridiano di poco conto (10\/20%).<br \/>\n<b>Temperature: <\/b>In generale contenuto aumento, su valori superiori alle medie del periodo. Su Prealpi a 1500 m min 14\u00b0C max 20\u00b0C, a 2000 m min 10\u00b0C max 16\u00b0C. Su Dolomiti a 2000 m min 10\u00b0C max 17\u00b0C, a 3000 m min 5\u00b0C max 7\u00b0C.<br \/>\n<b>Venti: <\/b>Nelle valli deboli o moderati per brezze; in quota da deboli a moderati da sud-ovest, a 10-20 km\/h a 2000 m, 15-30 km\/h a 3000 m.<\/p>\n<hr \/>\n<p><center><b>Martedi 29<\/b><\/center>Tempo soleggiato e caldo nelle valli durante le ore diurne con clima tipicamente estivo; modesta attivit\u00e0 cumuliforme diurna associata ad una probabilit\u00e0 molto bassa di precipitazioni. Temperature senza notevoli variazioni. Venti in quota in prevalenza moderati da sud-ovest, a regime di brezza nelle valli.<\/p>\n<hr \/>\n<p><center><b>Mercoledi 30<\/b><\/center>Tempo ancora piuttosto soleggiato e sempre caldo, anche se con temperature diurne in lieve calo, ma con maggiore sviluppo della nuvolosit\u00e0 cumuliforme diurna, specie sulle Dolomiti, dove la probabilit\u00e0 di rovesci o temporali dalle ore centrali sar\u00e0 in aumento rispetto ai giorni precedenti. Venti moderati sudoccidentali in quota. Previsore: G.M.<\/p>\n<\/div>\n<\/div>\n<\/div>\n<\/div>\n<\/div>\n<\/div>\n<\/div>\n<\/div>\n<\/div>\n<div>\n<div><\/div>\n<div><\/div>\n<hr \/>\n<\/div>\n<p>&nbsp;<\/p>\n<p>&nbsp;<\/p>\n<p><a href=\"https:\/\/www.radiopiu.net\/wordpress\/giornale-radiopiu-15-settembre-2018-direttore-mirko-mezzacasa\/sport-7\/\" rel=\"attachment wp-att-60761\"><img loading=\"lazy\" decoding=\"async\" class=\"aligncenter wp-image-60761 size-full\" src=\"https:\/\/www.radiopiu.net\/wordpress\/wp-content\/uploads\/2018\/09\/sport.jpg\" alt=\"\" width=\"800\" height=\"100\" srcset=\"https:\/\/www.radiopiu.net\/wordpress\/wp-content\/uploads\/2018\/09\/sport.jpg 800w, https:\/\/www.radiopiu.net\/wordpress\/wp-content\/uploads\/2018\/09\/sport-300x38.jpg 300w, https:\/\/www.radiopiu.net\/wordpress\/wp-content\/uploads\/2018\/09\/sport-768x96.jpg 768w\" sizes=\"auto, (max-width: 800px) 100vw, 800px\" \/>\u00a0<\/a><\/p>\n<blockquote>\n<h3><span style=\"font-family: arial,helvetica neue,helvetica,sans-serif;\">LA SPORTIVA LAVAREDO ULTRA TRAIL, HANNES NAMBERGER VINCE LA BATTAGLIA CONTRO ANDREU SIMON AYMERICH\u00a0E VINCE A TEMPO DI RECORD<\/span><\/h3>\n<\/blockquote>\n<p><strong><a href=\"https:\/\/www.radiopiu.net\/wordpress\/giornale-radiopiu-27-giugno-2021-direttore-mirko-mezzacasa\/jannyka_dsc_8914\/\" rel=\"attachment wp-att-218350\"><img loading=\"lazy\" decoding=\"async\" class=\"size-medium wp-image-218350 alignleft\" src=\"https:\/\/www.radiopiu.net\/wordpress\/wp-content\/uploads\/2021\/06\/\u00a9jannyka_DSC_8914-300x200.jpg\" alt=\"\" width=\"300\" height=\"200\" srcset=\"https:\/\/www.radiopiu.net\/wordpress\/wp-content\/uploads\/2021\/06\/\u00a9jannyka_DSC_8914-300x200.jpg 300w, https:\/\/www.radiopiu.net\/wordpress\/wp-content\/uploads\/2021\/06\/\u00a9jannyka_DSC_8914-1024x683.jpg 1024w, https:\/\/www.radiopiu.net\/wordpress\/wp-content\/uploads\/2021\/06\/\u00a9jannyka_DSC_8914-768x512.jpg 768w, https:\/\/www.radiopiu.net\/wordpress\/wp-content\/uploads\/2021\/06\/\u00a9jannyka_DSC_8914-1536x1024.jpg 1536w, https:\/\/www.radiopiu.net\/wordpress\/wp-content\/uploads\/2021\/06\/\u00a9jannyka_DSC_8914.jpg 2048w\" sizes=\"auto, (max-width: 300px) 100vw, 300px\" \/><\/a>CORTINA\u00a0<\/strong>La Sportiva Lavaredo Ultra Trail regala spettacolo ed emozioni dal primo all\u2019ultimo metro. Emozione \u00e8 stata fin dalla partenza per i 1200 concorrenti, alle 23 di venerd\u00ec 25 giugno, per la gara pi\u00f9 prestigiosa e massacrante tra le quattro del fine settimana proposte a Cortina d&#8217;Ampezzo (Belluno) nella quattro giorni dedicata alla Lut: 120 chilometri di sviluppo e 5.800 metri di dislivello positivo. Tanto pubblico, applausi calorosi e musica a scaldare gli animi per una partenza da brividi, anzi partenze da brividi, perch\u00e9 lo start quest\u2019anno \u00e8 stato scaglionato in tre (un \u201cvia\u201d ogni dieci minuti) per evitare il pi\u00f9 possibile assembramenti e garantire il rispetto delle normative sanitarie anticovid. Pronti \u2013 via e subito a prendere le redini del comando \u00e8 uno dei favoriti, lo spagnolo Andreu Simon Aymerich. \u00c8 lui a transitare in testa al primo rilevamento, quello di Ospitale dopo 10, abbordabili, chilometri. A seguirlo, a una manciata di secondi, l\u2019altoatesino Andreas Reiterer, con lo svedese Carl S\u04e7rman un minuto dietro. Passano i chilometri e trascorrono le ore della notte e la situazione non cambia. Anzi s\u00ec: perch\u00e9 ad affiancare Aymerich in testa arriva il tedesco Hannes Namberger che nei primi chilometri era partito senza forzare troppo. Sono loro due a viaggiare in testa, di fatto appaiati \u00a0e scavando un vantaggio di assoluto rispetto sul resto del gruppo dei migliori: corrono forte sui sentieri verso Misurina e il rifugio Auronzo (ai piedi delle Tre Cime di Lavaredo) e poi ai passaggi del lago di Landro, di Cimabanche e della Val Travenanzes. Mentre tanti favoriti \u201csaltano\u201d, Namberger prende il comando e a Col Gallina, nei pressi del Passo Falzarego, ha una cinquantina di secondi su Aymerich. Al passo Giau, chilometro 104, il tedesco e lo spagnolo passano insieme. Nel tratto che va dal Giau a Forcella Ambrizzola, Namberger per\u00f2 cambia marcia e nel giro di sei chilometri scava un gap di quasi tre minuti tra lui e l\u2019iberico. Un gap che nell\u2019ultimo tratto, quello in discesa da Croda da Lago (km 111) all\u2019arrivo, diventa di 7 sette minuti. Apoteosi per Namberger in Corso Italia, accolto da un pubblico festante che il bavarese di Ruhpolding ringrazia con inchini e applausi. 12h02\u201912\u201d: questo il responso del cronometro che sancisce il nuovo record della manifestazione. Aymerich arriva, stremato, in 12h09\u201913\u201d mentre a completare il podio, bissando il terzo posto del 2017, \u00e8 il norvegese Sebastian Krokvig. La gara in rosa ha visto il successo di Camille Bruyas: la francese si \u00e8 imposta con il tempo di 14h06\u201916\u201d, precedendo la statunitense Katie Schide (14h28\u201921\u201d) e la svedese Mimmi Kotka (14h51\u201909\u201d). Prima italiana un\u2019atleta di casa: l\u2019ampezzana Barbara Giacomuzzi, ex azzurra dello sci di fondo, undicesima. Nella mattinata di oggi, 26 giugno, ha preso il via anche l\u2019ultima nata tra le gare griffate Lut, la UltraDolomites: partenza da Sesto (Bolzano) e arrivo a Cortina dopo 80 chilometri e 4.100 metri di dislivello positivo. A imporsi, con il tempo di 8h10\u201926\u201d, Marek Causidis (Repubblica Ceca). Sul secondo e terzo gradino del podio, rispettivamente lo spagnolo Mario Olmedo e il trentino di Mori Christian Modena. Vittoria bellunese tra le donne, con la \u00a0cadorina Martina Valmassoi, azzurra di sci alpinismo e di trail running, prima in 9h21\u201911\u201d.<\/p>\n<p>&nbsp;<\/p>\n<p>&nbsp;<\/p>\n<p>****<\/p>\n","protected":false},"excerpt":{"rendered":"<p>PER\u00a0RICEVERE QUESTO NOTIZIARIO DIRETTAMENTE SUL TUO CELLULARE ISCRIVITI AL CANALE TELEGRAM\u00a0\u201cRADIO PIU\u00a0 INFORMAZIONE\u201d\u00a0 FUSIONE DI COMUNI? IL DIBATTITO E&#8217; APERTO &nbsp; &nbsp; Riapertura funivia Margherita Bianco candido di grandine cielo azzurro&#8230; di John Francis Della Pietra &nbsp; &nbsp; OGGI CHIUSURA DEI PASSI DOLOMITICI PER IL SELLA RONDA BIKE DAY &nbsp; Si raccomanda il giro in&hellip;<\/p>\n","protected":false},"author":4,"featured_media":218391,"comment_status":"closed","ping_status":"open","sticky":false,"template":"","format":"standard","meta":{"_monsterinsights_skip_tracking":false,"_monsterinsights_sitenote_active":false,"_monsterinsights_sitenote_note":"","_monsterinsights_sitenote_category":0,"footnotes":""},"categories":[1,51,86,49],"tags":[],"class_list":["post-218319","post","type-post","status-publish","format-standard","has-post-thumbnail","hentry","category-senza-categoria","category-evidenza-top","category-gr","category-news-18","category-1","category-51","category-86","category-49","description-off"],"img_url":"https:\/\/www.radiopiu.net\/wordpress\/wp-content\/uploads\/2021\/06\/9d636a05-6885-46d4-9739-dfc0b522c5ec.jpg","_links":{"self":[{"href":"https:\/\/www.radiopiu.net\/wordpress\/wp-json\/wp\/v2\/posts\/218319","targetHints":{"allow":["GET"]}}],"collection":[{"href":"https:\/\/www.radiopiu.net\/wordpress\/wp-json\/wp\/v2\/posts"}],"about":[{"href":"https:\/\/www.radiopiu.net\/wordpress\/wp-json\/wp\/v2\/types\/post"}],"author":[{"embeddable":true,"href":"https:\/\/www.radiopiu.net\/wordpress\/wp-json\/wp\/v2\/users\/4"}],"replies":[{"embeddable":true,"href":"https:\/\/www.radiopiu.net\/wordpress\/wp-json\/wp\/v2\/comments?post=218319"}],"version-history":[{"count":0,"href":"https:\/\/www.radiopiu.net\/wordpress\/wp-json\/wp\/v2\/posts\/218319\/revisions"}],"wp:featuredmedia":[{"embeddable":true,"href":"https:\/\/www.radiopiu.net\/wordpress\/wp-json\/wp\/v2\/media\/218391"}],"wp:attachment":[{"href":"https:\/\/www.radiopiu.net\/wordpress\/wp-json\/wp\/v2\/media?parent=218319"}],"wp:term":[{"taxonomy":"category","embeddable":true,"href":"https:\/\/www.radiopiu.net\/wordpress\/wp-json\/wp\/v2\/categories?post=218319"},{"taxonomy":"post_tag","embeddable":true,"href":"https:\/\/www.radiopiu.net\/wordpress\/wp-json\/wp\/v2\/tags?post=218319"}],"curies":[{"name":"wp","href":"https:\/\/api.w.org\/{rel}","templated":true}]}}