{"id":218326,"date":"2021-06-26T13:13:10","date_gmt":"2021-06-26T11:13:10","guid":{"rendered":"https:\/\/www.radiopiu.net\/wordpress\/?p=218326"},"modified":"2021-06-27T07:27:23","modified_gmt":"2021-06-27T05:27:23","slug":"conclusa-la-prima-ricognizione-degli-eventi-meteo-4-9-dicembre-2020-segnalati-quasi-180-milioni-di-euro-di-danni","status":"publish","type":"post","link":"https:\/\/www.radiopiu.net\/wordpress\/conclusa-la-prima-ricognizione-degli-eventi-meteo-4-9-dicembre-2020-segnalati-quasi-180-milioni-di-euro-di-danni\/","title":{"rendered":"CONCLUSA LA PRIMA RICOGNIZIONE DEGLI EVENTI METEO 4-9 DICEMBRE 2020, SEGNALATI QUASI 180 MILIONI DI EURO DI DANNI"},"content":{"rendered":"<p><strong><a href=\"https:\/\/www.radiopiu.net\/wordpress\/una-vicinanza-grata-il-messaggio-del-parroco-del-poi-don-fabiano\/9c4cab98-ce5f-4b91-8374-5c9dd6756de4\/\" rel=\"attachment wp-att-177408\"><img loading=\"lazy\" decoding=\"async\" class=\"size-medium wp-image-177408 alignleft\" src=\"https:\/\/www.radiopiu.net\/wordpress\/wp-content\/uploads\/2020\/12\/9c4cab98-ce5f-4b91-8374-5c9dd6756de4-300x214.jpg\" alt=\"\" width=\"300\" height=\"214\" srcset=\"https:\/\/www.radiopiu.net\/wordpress\/wp-content\/uploads\/2020\/12\/9c4cab98-ce5f-4b91-8374-5c9dd6756de4-300x214.jpg 300w, https:\/\/www.radiopiu.net\/wordpress\/wp-content\/uploads\/2020\/12\/9c4cab98-ce5f-4b91-8374-5c9dd6756de4-1024x730.jpg 1024w, https:\/\/www.radiopiu.net\/wordpress\/wp-content\/uploads\/2020\/12\/9c4cab98-ce5f-4b91-8374-5c9dd6756de4-768x548.jpg 768w, https:\/\/www.radiopiu.net\/wordpress\/wp-content\/uploads\/2020\/12\/9c4cab98-ce5f-4b91-8374-5c9dd6756de4.jpg 1080w\" sizes=\"auto, (max-width: 300px) 100vw, 300px\" \/><\/a>BELLUNO\u00a0 <\/strong>Ammontano a poco meno di 180 milioni di euro i danni registrati nell\u2019episodio di maltempo del 4-9 dicembre 2020. Questa la somma delle segnalazioni pervenute agli uffici della Provincia di Belluno, che \u00e8 stata individuata soggetto attuatore dal commissario delegato all\u2019emergenza meteo Nicola Dell\u2019Acqua. Si tratta di una parte dei danni, perch\u00e9 riguarda esclusivamente il patrimonio pubblico di amministrazioni, agenzie e societ\u00e0 di servizi essenziali. Restano fuori dal calcolo i beni dei privati, che soprattutto nella zona dell\u2019Alpago hanno subito la furia dell\u2019alluvione. \u00abOra passiamo alla seconda fase, quella della trasmissione dei dati al commissario delegato all\u2019emergenza, nella speranza che la maggior parte delle richieste trovi copertura economica &#8211; spiega il presidente della Provincia, Roberto Padrin -. Dopodich\u00e9 si proceder\u00e0 con l\u2019erogazione delle risorse e con l\u2019esecuzione degli interventi di ripristino necessari, che ci auguriamo possano trovare piena copertura ed essere rapidi. Il fatto che la Provincia sia stata individuata come soggetto attuatore \u00e8 un fatto importante, che avvicina al territorio la soluzione dei problemi\u00bb. Sono molti i Comuni e gli enti che hanno segnalato danni causati dal maltempo di dicembre. Soprattutto frane e allagamenti. \u00abA dimostrazione di una fragilit\u00e0 diffusa sul territorio, resa ancora pi\u00f9 forte dopo gli eventi di Vaia\u00bb commenta il consigliere provinciale delegato alla difesa del suolo Massimo Bortoluzzi. Nella conta spicca soprattutto la conca dell\u2019Alpago, dove l\u2019alluvione a Puos e le frane diffuse tra Chies e Tambre hanno causato quasi 50 milioni di danni segnalati tra Comune, Servizi forestali regionali e altri enti (30 milioni di euro soltanto per il territorio comunale di Alpago); ma anche Val di Zoldo e Longarone dove i danni sfiorano i 40 milioni (oltre 20 milioni a Val di Zoldo). A seguire, Borgo Valbelluna (poco meno di 10 milioni), Gosaldo (all\u2019incirca 12 milioni), Livinallongo (poco meno di 15 milioni), e Feltre (circa 5 milioni). Molti i territori in cui la somma raggiunge e supera il milione di euro, mentre i danni per almeno 5-600mila euro sono diffusi in quasi tutti i Comuni. \u00ab<em>In quasi tutti i casi si tratta di frane, smottamenti e allagamenti, che hanno distrutto opere idrauliche, tratti di viabilit\u00e0 e simili &#8211; sottolinea il consigliere Bortoluzzi -. Ci auguriamo che eventi meteo simili non si verifichino pi\u00f9, ma purtroppo negli ultimi anni abbiamo dovuto fare i conti troppo spesso con danni simili. Prima con Vaia, poi con l\u2019emergenza meteo di novembre 2019 e con gli eventi di fine agosto 2020. E infine con l\u2019alluvione del dicembre scorso. Sono tutte emergenze che mettono in luce una volta di pi\u00f9 quanto il nostro territorio avrebbe bisogno di specificit\u00e0 reale, vale a dire di risorse umane e finanziarie per far fronte alle necessit\u00e0. Anche perch\u00e9 i 180 milioni di euro di danni registrati finora riguardano esclusivamente i beni pubblici, mentre sappiamo che anche molti privati hanno perso auto, scantinati, elettrodomestici e altre propriet\u00e0. La Provincia ha gi\u00e0 avviato una ricognizione dei danni anche ai privati e prossimamente vedremo di tirare le somme<\/em>\u00bb.<\/p>\n<p>&nbsp;<\/p>\n<p>&nbsp;<\/p>\n<p>&nbsp;<\/p>\n<p>&nbsp;<\/p>\n<p>****<\/p>\n","protected":false},"excerpt":{"rendered":"<p>BELLUNO\u00a0 Ammontano a poco meno di 180 milioni di euro i danni registrati nell\u2019episodio di maltempo del 4-9 dicembre 2020. Questa la somma delle segnalazioni pervenute agli uffici della Provincia di Belluno, che \u00e8 stata individuata soggetto attuatore dal commissario delegato all\u2019emergenza meteo Nicola Dell\u2019Acqua. Si tratta di una parte dei danni, perch\u00e9 riguarda esclusivamente&hellip;<\/p>\n","protected":false},"author":4,"featured_media":177408,"comment_status":"closed","ping_status":"open","sticky":false,"template":"","format":"standard","meta":{"_monsterinsights_skip_tracking":false,"_monsterinsights_sitenote_active":false,"_monsterinsights_sitenote_note":"","_monsterinsights_sitenote_category":0,"footnotes":""},"categories":[51,49],"tags":[],"class_list":["post-218326","post","type-post","status-publish","format-standard","has-post-thumbnail","hentry","category-evidenza-top","category-news-18","category-51","category-49","description-off"],"img_url":"https:\/\/www.radiopiu.net\/wordpress\/wp-content\/uploads\/2020\/12\/9c4cab98-ce5f-4b91-8374-5c9dd6756de4.jpg","_links":{"self":[{"href":"https:\/\/www.radiopiu.net\/wordpress\/wp-json\/wp\/v2\/posts\/218326","targetHints":{"allow":["GET"]}}],"collection":[{"href":"https:\/\/www.radiopiu.net\/wordpress\/wp-json\/wp\/v2\/posts"}],"about":[{"href":"https:\/\/www.radiopiu.net\/wordpress\/wp-json\/wp\/v2\/types\/post"}],"author":[{"embeddable":true,"href":"https:\/\/www.radiopiu.net\/wordpress\/wp-json\/wp\/v2\/users\/4"}],"replies":[{"embeddable":true,"href":"https:\/\/www.radiopiu.net\/wordpress\/wp-json\/wp\/v2\/comments?post=218326"}],"version-history":[{"count":0,"href":"https:\/\/www.radiopiu.net\/wordpress\/wp-json\/wp\/v2\/posts\/218326\/revisions"}],"wp:featuredmedia":[{"embeddable":true,"href":"https:\/\/www.radiopiu.net\/wordpress\/wp-json\/wp\/v2\/media\/177408"}],"wp:attachment":[{"href":"https:\/\/www.radiopiu.net\/wordpress\/wp-json\/wp\/v2\/media?parent=218326"}],"wp:term":[{"taxonomy":"category","embeddable":true,"href":"https:\/\/www.radiopiu.net\/wordpress\/wp-json\/wp\/v2\/categories?post=218326"},{"taxonomy":"post_tag","embeddable":true,"href":"https:\/\/www.radiopiu.net\/wordpress\/wp-json\/wp\/v2\/tags?post=218326"}],"curies":[{"name":"wp","href":"https:\/\/api.w.org\/{rel}","templated":true}]}}