{"id":218388,"date":"2021-06-27T07:11:47","date_gmt":"2021-06-27T05:11:47","guid":{"rendered":"https:\/\/www.radiopiu.net\/wordpress\/?p=218388"},"modified":"2021-06-27T07:11:47","modified_gmt":"2021-06-27T05:11:47","slug":"agordina-arrestata-a-padova","status":"publish","type":"post","link":"https:\/\/www.radiopiu.net\/wordpress\/agordina-arrestata-a-padova\/","title":{"rendered":"AGORDINA ARRESTATA A PADOVA\u00a0\u00a0"},"content":{"rendered":"<blockquote><p><em>Venerdi l&#8217;arrestata \u00e8 stata poi rimessa in libert\u00e0 come disposto dall&#8217;autorit\u00e0 giudiziaria<\/em><\/p><\/blockquote>\n<p><strong>AGORDO <\/strong>Una donna agordina\u00a0 \u00e8 stata arrestata nel Padovano per essersi scagliata contro i controllori dell&#8217;autobus a Selvazzano Dentro. La donna agordina, G.R., 29 anni, \u00e8 stata sorpresa senza biglietto e nel tentativo di fuga ha preso a calci e pugni i due operatori. Uno, leggermente contuso, si \u00e8 dovuto recare al pronto soccorso dove dopo le cure del caso \u00e8 stato dimesso con una prognosi di 3 giorni, salvo complicazioni.La donna agordina \u00e8 stata arrestata\u00a0 per violenza ad incaricato di pubblico servizio e lesioni personali.<\/p>\n","protected":false},"excerpt":{"rendered":"<p>Venerdi l&#8217;arrestata \u00e8 stata poi rimessa in libert\u00e0 come disposto dall&#8217;autorit\u00e0 giudiziaria AGORDO Una donna agordina\u00a0 \u00e8 stata arrestata nel Padovano per essersi scagliata contro i controllori dell&#8217;autobus a Selvazzano Dentro. La donna agordina, G.R., 29 anni, \u00e8 stata sorpresa senza biglietto e nel tentativo di fuga ha preso a calci e pugni i due&hellip;<\/p>\n","protected":false},"author":4,"featured_media":110919,"comment_status":"closed","ping_status":"open","sticky":false,"template":"","format":"standard","meta":{"_monsterinsights_skip_tracking":false,"_monsterinsights_sitenote_active":false,"_monsterinsights_sitenote_note":"","_monsterinsights_sitenote_category":0,"footnotes":""},"categories":[51,49],"tags":[],"class_list":["post-218388","post","type-post","status-publish","format-standard","has-post-thumbnail","hentry","category-evidenza-top","category-news-18","category-51","category-49","description-off"],"img_url":"https:\/\/www.radiopiu.net\/wordpress\/wp-content\/uploads\/2019\/12\/CARABINIERI-FELTRE-1.jpg","_links":{"self":[{"href":"https:\/\/www.radiopiu.net\/wordpress\/wp-json\/wp\/v2\/posts\/218388","targetHints":{"allow":["GET"]}}],"collection":[{"href":"https:\/\/www.radiopiu.net\/wordpress\/wp-json\/wp\/v2\/posts"}],"about":[{"href":"https:\/\/www.radiopiu.net\/wordpress\/wp-json\/wp\/v2\/types\/post"}],"author":[{"embeddable":true,"href":"https:\/\/www.radiopiu.net\/wordpress\/wp-json\/wp\/v2\/users\/4"}],"replies":[{"embeddable":true,"href":"https:\/\/www.radiopiu.net\/wordpress\/wp-json\/wp\/v2\/comments?post=218388"}],"version-history":[{"count":0,"href":"https:\/\/www.radiopiu.net\/wordpress\/wp-json\/wp\/v2\/posts\/218388\/revisions"}],"wp:featuredmedia":[{"embeddable":true,"href":"https:\/\/www.radiopiu.net\/wordpress\/wp-json\/wp\/v2\/media\/110919"}],"wp:attachment":[{"href":"https:\/\/www.radiopiu.net\/wordpress\/wp-json\/wp\/v2\/media?parent=218388"}],"wp:term":[{"taxonomy":"category","embeddable":true,"href":"https:\/\/www.radiopiu.net\/wordpress\/wp-json\/wp\/v2\/categories?post=218388"},{"taxonomy":"post_tag","embeddable":true,"href":"https:\/\/www.radiopiu.net\/wordpress\/wp-json\/wp\/v2\/tags?post=218388"}],"curies":[{"name":"wp","href":"https:\/\/api.w.org\/{rel}","templated":true}]}}