{"id":218700,"date":"2021-06-28T16:43:40","date_gmt":"2021-06-28T14:43:40","guid":{"rendered":"https:\/\/www.radiopiu.net\/wordpress\/?p=218700"},"modified":"2021-06-28T16:43:40","modified_gmt":"2021-06-28T14:43:40","slug":"giro-ditalia-del-volontariato-della-croce-rossa-anche-belluno-tra-le-tappe-della-manifestazione","status":"publish","type":"post","link":"https:\/\/www.radiopiu.net\/wordpress\/giro-ditalia-del-volontariato-della-croce-rossa-anche-belluno-tra-le-tappe-della-manifestazione\/","title":{"rendered":"GIRO D&#8217;ITALIA DEL VOLONTARIATO DELLA CROCE ROSSA. ANCHE BELLUNO TRA LE TAPPE DELLA MANIFESTAZIONE"},"content":{"rendered":"<p><strong>BELLUNO<\/strong> Ha fatto tappa anche a Belluno il &#8220;Giro d&#8217;Italia del Volontariato &#8211; TORINO-SOLFERINO 2021&#8221;, la manifestazione organizzata dalla Croce Rossa Italiana per promuovere la salute e stili di vita sani, valorizzare il patrimonio culturale italiano e le zone colpite da calamit\u00e0 naturali, ricordando l&#8217;impegno dei Volontari accorsi e i soccorritori caduti per cercare di salvare il prossimo, e per sottolineare l&#8217;importanza della prevenzione e della tutela dell&#8217;ambiente. La manifestazione ha attraversato otto regioni e coinvolto 40 Comitati di Croce Rossa; nei giorni scorsi, la 4\u00b0 tappa partita da Gemona del Friuli si \u00e8 conclusa a Belluno, in Piazza dei Martiri, dopo il passaggio per Erto e per i luoghi del Vajont.<br \/>\nAd accogliere i ciclisti \u00e8 stato l&#8217;assessore Biagio Giannone: \u201c\u00c8 stato un piacere e un onore accogliere nella nostra citt\u00e0 i partecipanti a questa manifestazione. Belluno e i bellunesi da sempre sono conosciuti per la loro generosit\u00e0, che si riflette poi nelle innumerevoli associazioni di volontariato del territorio, ed il lavoro dei volontari \u00e8 stato per noi fondamentale non solo nell&#8217;ultimo anno a causa della pandemia Covid, ma in tutte quelle occasioni \u2013 penso ad esempio alla tempesta Vaia \u2013 in cui solo l&#8217;aiuto di tutti ci ha permesso di uscire a testa alta da situazioni realmente complicate. A tutti loro va quindi un grande grazie da parte di tutti noi, perch\u00e9 \u00e8 sempre pi\u00f9 difficile trovare persone che si mettono a disposizione degli altri senza chiedere nulla in cambio.<\/p>\n\n\t\t\t<style type='text\/css'>\n\t\t\t\t#gallery-1 {\n\t\t\t\t\tmargin: auto;\n\t\t\t\t}\n\t\t\t\t#gallery-1 .gallery-item {\n\t\t\t\t\tfloat: left;\n\t\t\t\t\tmargin-top: 10px;\n\t\t\t\t\ttext-align: center;\n\t\t\t\t\twidth: 50%;\n\t\t\t\t}\n\t\t\t\t#gallery-1 img {\n\t\t\t\t\tborder: 2px solid #cfcfcf;\n\t\t\t\t}\n\t\t\t\t#gallery-1 .gallery-caption {\n\t\t\t\t\tmargin-left: 0;\n\t\t\t\t}\n\t\t\t\t\/* see gallery_shortcode() in wp-includes\/media.php *\/\n\t\t\t<\/style>\n\t\t<div id='gallery-1' class='dt-gallery-container gallery galleryid-218700 gallery-columns-2 gallery-size-medium'><dl class='gallery-item'>\n\t\t\t\t<dt class='gallery-icon landscape'>\n\t\t\t\t\t<a class=\"rollover rollover-zoom dt-pswp-item\" title=\"75d55a30-ca8e-4e5b-9974-aeb741f524d6\" data-dt-img-description=\"\" data-large_image_width=\"1368\" data-large_image_height=\"912\"href='https:\/\/www.radiopiu.net\/wordpress\/wp-content\/uploads\/2021\/06\/75d55a30-ca8e-4e5b-9974-aeb741f524d6.jpg'><img loading=\"lazy\" decoding=\"async\" width=\"300\" height=\"200\" src=\"https:\/\/www.radiopiu.net\/wordpress\/wp-content\/uploads\/2021\/06\/75d55a30-ca8e-4e5b-9974-aeb741f524d6-300x200.jpg\" class=\"attachment-medium size-medium\" alt=\"\" srcset=\"https:\/\/www.radiopiu.net\/wordpress\/wp-content\/uploads\/2021\/06\/75d55a30-ca8e-4e5b-9974-aeb741f524d6-300x200.jpg 300w, https:\/\/www.radiopiu.net\/wordpress\/wp-content\/uploads\/2021\/06\/75d55a30-ca8e-4e5b-9974-aeb741f524d6-1024x683.jpg 1024w, https:\/\/www.radiopiu.net\/wordpress\/wp-content\/uploads\/2021\/06\/75d55a30-ca8e-4e5b-9974-aeb741f524d6-768x512.jpg 768w, https:\/\/www.radiopiu.net\/wordpress\/wp-content\/uploads\/2021\/06\/75d55a30-ca8e-4e5b-9974-aeb741f524d6.jpg 1368w\" sizes=\"auto, (max-width: 300px) 100vw, 300px\" \/><\/a>\n\t\t\t\t<\/dt><\/dl><dl class='gallery-item'>\n\t\t\t\t<dt class='gallery-icon landscape'>\n\t\t\t\t\t<a class=\"rollover rollover-zoom dt-pswp-item\" title=\"94c39e06-8ab3-4c4b-9e91-efcaafd7eecb\" data-dt-img-description=\"\" data-large_image_width=\"873\" data-large_image_height=\"608\"href='https:\/\/www.radiopiu.net\/wordpress\/wp-content\/uploads\/2021\/06\/94c39e06-8ab3-4c4b-9e91-efcaafd7eecb.jpg'><img loading=\"lazy\" decoding=\"async\" width=\"300\" height=\"209\" src=\"https:\/\/www.radiopiu.net\/wordpress\/wp-content\/uploads\/2021\/06\/94c39e06-8ab3-4c4b-9e91-efcaafd7eecb-300x209.jpg\" class=\"attachment-medium size-medium\" alt=\"\" srcset=\"https:\/\/www.radiopiu.net\/wordpress\/wp-content\/uploads\/2021\/06\/94c39e06-8ab3-4c4b-9e91-efcaafd7eecb-300x209.jpg 300w, https:\/\/www.radiopiu.net\/wordpress\/wp-content\/uploads\/2021\/06\/94c39e06-8ab3-4c4b-9e91-efcaafd7eecb-768x535.jpg 768w, https:\/\/www.radiopiu.net\/wordpress\/wp-content\/uploads\/2021\/06\/94c39e06-8ab3-4c4b-9e91-efcaafd7eecb.jpg 873w\" sizes=\"auto, (max-width: 300px) 100vw, 300px\" \/><\/a>\n\t\t\t\t<\/dt><\/dl><br style=\"clear: both\" \/>\n\t\t\t<\/div>\n\n","protected":false},"excerpt":{"rendered":"<p>BELLUNO Ha fatto tappa anche a Belluno il &#8220;Giro d&#8217;Italia del Volontariato &#8211; TORINO-SOLFERINO 2021&#8221;, la manifestazione organizzata dalla Croce Rossa Italiana per promuovere la salute e stili di vita sani, valorizzare il patrimonio culturale italiano e le zone colpite da calamit\u00e0 naturali, ricordando l&#8217;impegno dei Volontari accorsi e i soccorritori caduti per cercare di&hellip;<\/p>\n","protected":false},"author":4,"featured_media":218702,"comment_status":"closed","ping_status":"open","sticky":false,"template":"","format":"standard","meta":{"_monsterinsights_skip_tracking":false,"_monsterinsights_sitenote_active":false,"_monsterinsights_sitenote_note":"","_monsterinsights_sitenote_category":0,"footnotes":""},"categories":[49,72],"tags":[],"class_list":["post-218700","post","type-post","status-publish","format-standard","has-post-thumbnail","hentry","category-news-18","category-sport","category-49","category-72","description-off"],"img_url":"https:\/\/www.radiopiu.net\/wordpress\/wp-content\/uploads\/2021\/06\/94c39e06-8ab3-4c4b-9e91-efcaafd7eecb.jpg","_links":{"self":[{"href":"https:\/\/www.radiopiu.net\/wordpress\/wp-json\/wp\/v2\/posts\/218700","targetHints":{"allow":["GET"]}}],"collection":[{"href":"https:\/\/www.radiopiu.net\/wordpress\/wp-json\/wp\/v2\/posts"}],"about":[{"href":"https:\/\/www.radiopiu.net\/wordpress\/wp-json\/wp\/v2\/types\/post"}],"author":[{"embeddable":true,"href":"https:\/\/www.radiopiu.net\/wordpress\/wp-json\/wp\/v2\/users\/4"}],"replies":[{"embeddable":true,"href":"https:\/\/www.radiopiu.net\/wordpress\/wp-json\/wp\/v2\/comments?post=218700"}],"version-history":[{"count":0,"href":"https:\/\/www.radiopiu.net\/wordpress\/wp-json\/wp\/v2\/posts\/218700\/revisions"}],"wp:featuredmedia":[{"embeddable":true,"href":"https:\/\/www.radiopiu.net\/wordpress\/wp-json\/wp\/v2\/media\/218702"}],"wp:attachment":[{"href":"https:\/\/www.radiopiu.net\/wordpress\/wp-json\/wp\/v2\/media?parent=218700"}],"wp:term":[{"taxonomy":"category","embeddable":true,"href":"https:\/\/www.radiopiu.net\/wordpress\/wp-json\/wp\/v2\/categories?post=218700"},{"taxonomy":"post_tag","embeddable":true,"href":"https:\/\/www.radiopiu.net\/wordpress\/wp-json\/wp\/v2\/tags?post=218700"}],"curies":[{"name":"wp","href":"https:\/\/api.w.org\/{rel}","templated":true}]}}