{"id":218750,"date":"2021-06-30T06:00:26","date_gmt":"2021-06-30T04:00:26","guid":{"rendered":"https:\/\/www.radiopiu.net\/wordpress\/?p=218750"},"modified":"2021-06-30T10:05:15","modified_gmt":"2021-06-30T08:05:15","slug":"giornale-radiopiu-30-giugno-2021-direttore-mirko-mezzacasa","status":"publish","type":"post","link":"https:\/\/www.radiopiu.net\/wordpress\/giornale-radiopiu-30-giugno-2021-direttore-mirko-mezzacasa\/","title":{"rendered":"GIORNALE RADIOPIU 30 GIUGNO 2021 DIRETTORE MIRKO MEZZACASA"},"content":{"rendered":"<h2><span style=\"color: #0000ff;\">PER<strong>\u00a0RICEVERE QUESTO NOTIZIARIO DIRETTAMENTE SUL TUO CELLULARE ISCRIVITI AL CANALE TELEGRAM\u00a0<\/strong><strong>\u201cRADIO PIU\u00a0 INFORMAZIONE\u201d\u00a0<\/strong><\/span><\/h2>\n<blockquote class=\"wp-embedded-content\" data-secret=\"cu6HqSi9EN\"><p><a href=\"https:\/\/www.radiopiu.net\/wordpress\/fusione-di-comuni-il-dibattito-e-aperto\/\">FUSIONE DI COMUNI? IL DIBATTITO E&#8217; APERTO<\/a><\/p><\/blockquote>\n<p><iframe loading=\"lazy\" class=\"wp-embedded-content\" sandbox=\"allow-scripts\" security=\"restricted\" style=\"position: absolute; clip: rect(1px, 1px, 1px, 1px);\" title=\"&#8220;FUSIONE DI COMUNI? IL DIBATTITO E&#8217; APERTO&#8221; &#8212; Radio Pi\u00f9\" src=\"https:\/\/www.radiopiu.net\/wordpress\/fusione-di-comuni-il-dibattito-e-aperto\/embed\/#?secret=cu6HqSi9EN\" data-secret=\"cu6HqSi9EN\" width=\"600\" height=\"338\" frameborder=\"0\" marginwidth=\"0\" marginheight=\"0\" scrolling=\"no\"><\/iframe><\/p>\n<p>&nbsp;<\/p>\n<p>&nbsp;<\/p>\n<hr \/>\n<p>&nbsp;<\/p>\n<h2 style=\"text-align: center;\"><span style=\"color: #008080;\">ASCOLTA RADIO PIU&#8217; ANCHE SUI TUOI DEVICE DI CASA MARCHIATI AMAZON ECHO O GOOGLE NEST&#8230;BASTA CHIEDERE!!<\/span><\/h2>\n<p style=\"text-align: center;\"><strong><span style=\"color: #ff0000;\">DEVICE AMAZON<\/span>: &#8220;Alexa, fammi ascoltare Radio Pi\u00f9&#8221;<\/strong><\/p>\n<p style=\"text-align: center;\"><strong><span style=\"color: #0000ff;\">DEVICE GOOGLE<\/span>: &#8220;Hey Google, fammi ascoltare Radio Pi\u00f9&#8221;<\/strong><\/p>\n<p>&nbsp;<\/p>\n<p>&nbsp;<\/p>\n<hr \/>\n<p>&nbsp;<\/p>\n<h2><span style=\"color: #ff0000;\">ACQUA DA NON BERE<\/span><\/h2>\n<p><strong><img loading=\"lazy\" decoding=\"async\" class=\"alignleft\" src=\"https:\/\/www.radiopiu.net\/wordpress\/wp-content\/uploads\/2018\/08\/ACQUA.jpeg\" width=\"212\" height=\"127\" \/>Gestione Servizi Pubblici informa che a GOSALDO\u00a0 al gi\u00e0 lungo elenco di localit\u00e0 dove l&#8217;acqua \u00e8 inquinata si aggiunge anche PETTE. Da giorni \u00e8 in vigore l&#8217;ordinanza che ne vieta l&#8217;uso alimentare (se non previa bollitura) in LOCALITA\u2019 VALLASIN,\u00a0 PONGAN, LE FOCHE, LAMBROI, DENEORE, MAGAIT, REN, SELLE, COL TAMAI, BITTI, GIARDOI E PETTUINE\u00a0<\/strong><\/p>\n<p>&nbsp;<\/p>\n<p>&nbsp;<\/p>\n<p>&nbsp;<\/p>\n<hr \/>\n<p>&nbsp;<\/p>\n<p><strong><a href=\"https:\/\/www.radiopiu.net\/wordpress\/da-mercoledi-chiude-la-563-di-salesei-rocca-pietore-digonera\/th-143\/\" rel=\"attachment wp-att-216769\"><img loading=\"lazy\" decoding=\"async\" class=\"wp-image-216769 alignleft\" src=\"https:\/\/www.radiopiu.net\/wordpress\/wp-content\/uploads\/2021\/06\/th-16-300x169.jpg\" sizes=\"auto, (max-width: 154px) 100vw, 154px\" srcset=\"https:\/\/www.radiopiu.net\/wordpress\/wp-content\/uploads\/2021\/06\/th-16-300x169.jpg 300w, https:\/\/www.radiopiu.net\/wordpress\/wp-content\/uploads\/2021\/06\/th-16.jpg 330w\" alt=\"\" width=\"154\" height=\"87\" \/><\/a>ROCCA PIETORE<\/strong>\u00a0 Fino al 2 luglio (sabato e domenica escluso) lungo la 563 di Digonera sono previsti gli interventi di realizzazione delle opere di difesa dalla valanghe. La circolazione stradale sar\u00e0 totalmente interdetta dalle 8 alle 12 e dalle 14 alle 18. Negli altri orari senso unico alternato a vista.<\/p>\n<p><strong><a href=\"https:\/\/www.radiopiu.net\/wordpress\/giornale-radiopiu-16-giugno-2021-direttore-mirko-mezzacasa\/lavorii\/\" rel=\"attachment wp-att-216177\"><img loading=\"lazy\" decoding=\"async\" class=\"size-medium wp-image-216177 alignleft\" src=\"https:\/\/www.radiopiu.net\/wordpress\/wp-content\/uploads\/2021\/06\/LAVORII-300x159.jpg\" sizes=\"auto, (max-width: 300px) 100vw, 300px\" srcset=\"https:\/\/www.radiopiu.net\/wordpress\/wp-content\/uploads\/2021\/06\/LAVORII-300x159.jpg 300w, https:\/\/www.radiopiu.net\/wordpress\/wp-content\/uploads\/2021\/06\/LAVORII.jpg 335w\" alt=\"\" width=\"300\" height=\"159\" \/><\/a><\/strong><\/p>\n<p>&nbsp;<\/p>\n<p><b>GALLERIA \u2018COMELICO\u00a0<\/b>fino al 31 luglio\u00a0 dalle 21 alle\u00a0 6 la galleria sar\u00e0 chiusa al traffico. Per i veicoli pesanti trainanti un rimorchio \u00e8 prevista la deviazione sulla SR 48 \u201cdelle Dolomiti e sulla SP 49 \u201cMisurina\u201d,\u00a0 \u00a0il traffico pesante sar\u00e0 deviato lungo la SP 532 \u201cPasso S. Antonio\u201d. Il traffico leggero\u00a0 sulla SP 532.<\/p>\n<p>&nbsp;<\/p>\n<p><strong>BELLUNO\u00a0<\/strong>Per consentire l\u2019esecuzione dei lavori di manutenzione degli impianti a servizio della galleria \u2018Termine\u2019 sono previste limitazioni notturne lungo la strada statale 51 \u201cdi Alemagna\u201d. Da luned\u00ec 21 giugno, nella fascia oraria compresa tra le 21:00 e le 6:00 del giorno successivo, sar\u00e0 chiuso al traffico il tratto dal km 53,400 al km 55,950 con deviazione della circolazione sulla ex strada statale 51.La modifica alla circolazione non sar\u00e0 in vigore nei giorni festivi e prefestivi ed \u00e8 prevista fino a venerd\u00ec 2 luglio 2021.<\/p>\n<p><strong>VOLTAGO<\/strong>\u00a0 Fino al 10 luglio, domeniche escluse, per consentire i lavori di esbosco\u00a0 interdizione totale alla circolazione\u00a0 dalle 8 alle 17 lungo la Strada provinciale 26 \u201cdi Digoman\u201d, nei comuni di Rivamonte e Voltago Agordino.\u00a0 Nei periodi non interessati dalle chiusure sar\u00e0 istituto il senso unico alternato regolato da impianto semaforico.<\/p>\n<p><strong>48 DELLE DOLOMITI<\/strong>\u00a0Fino al 16 luglio da Pieve di Livinallongo ad Arabba si potr\u00e0 transitare ma in determinate fasce orarie. Dalle 7 del mattino alle 18 sono infatti previste interruzioni fino a 20 minuti per permettere i lavori di esbosco e realizzazione paramassi. Per tutta la durata dei lavori senso unico alternato nei periodi non interessati delle interruzioni.<\/p>\n<hr \/>\n<blockquote>\n<h3><\/h3>\n<p>&nbsp;<\/p><\/blockquote>\n<p>&nbsp;<\/p>\n<h3>OGGI SCIOPERO CONTRO IL CODICE APPALTI<\/h3>\n<p><strong><img loading=\"lazy\" decoding=\"async\" class=\"alignleft\" src=\"https:\/\/www.radiopiu.net\/wordpress\/wp-content\/uploads\/2018\/10\/logo-valpe-verticale.jpg\" width=\"121\" height=\"120\" \/>AGORDO<\/strong> Valpe Ambiente informa i cittadini che tutte le organizzazioni sindacali hanno proclamato uno sciopero nazionale per l\u2019intera giornata di\u00a0 contro l\u2019applicazione del \u201cCodice degli appalti\u201d. Per questo motivo, l\u2019apertura degli sportelli e il servizio di raccolta dei rifiuti potrebbero non essere garantiti o subire delle interruzioni. Si ricorda che il contenitore deve essere comunque ritirato entro la giornata, anche se non svuotato, e che potr\u00e0 essere esposto nel successivo turno di raccolta regolamentare, come indicato nell\u2019EcoCalendario.<\/p>\n<p>&nbsp;<\/p>\n<hr \/>\n<p>&nbsp;<\/p>\n<p>&nbsp;<\/p>\n<blockquote>\n<h3>A VALLE DI CADORE L&#8217;AIUTO ALLE ATTIVITA&#8217; E AI PRIVATI E&#8217; CONCRETO! LA SOCIETA&#8217; CHE HA IN APPALTO LA RACCOLTA DEI RIFIUTI HA CANCELLATO LA TASSA, LA DECISIZIONE IN <a href=\"https:\/\/www.radiopiu.net\/wordpress\/giornale-radiopiu-15-ottobre-2020-direttore-mirko-mezzacasa\/raccolta_ponte_nelle_alpi\/\" rel=\"attachment wp-att-166380\"><img loading=\"lazy\" decoding=\"async\" class=\"wp-image-166380 alignleft\" src=\"https:\/\/www.radiopiu.net\/wordpress\/wp-content\/uploads\/2020\/10\/Raccolta_Ponte_nelle_Alpi-300x200.jpg\" alt=\"\" width=\"191\" height=\"127\" srcset=\"https:\/\/www.radiopiu.net\/wordpress\/wp-content\/uploads\/2020\/10\/Raccolta_Ponte_nelle_Alpi-300x200.jpg 300w, https:\/\/www.radiopiu.net\/wordpress\/wp-content\/uploads\/2020\/10\/Raccolta_Ponte_nelle_Alpi-768x512.jpg 768w, https:\/\/www.radiopiu.net\/wordpress\/wp-content\/uploads\/2020\/10\/Raccolta_Ponte_nelle_Alpi.jpg 924w\" sizes=\"auto, (max-width: 191px) 100vw, 191px\" \/><\/a>CONSIGLIO COMUNALE<\/h3>\n<\/blockquote>\n<blockquote><p><em>Le attivit\u00e0 commerciali\u00a0 di Valle di Cadore non dovranno pagare la tassa sui rifiuti; uno sconto sar\u00e0 riservato anche alle utenze domestiche. Lo ha deciso il consiglio comunale\u00a0 perche&#8217; anche in Cadore le attivit\u00e0 economiche del paese da oltre un anno in sofferenza. Il piano economico finanziario del servizio di gestione dei rifiuti per il 2021 e le conseguenti tariffe della Tari, \u00e8 stato approvato all&#8217;unanimit\u00e0.\u00a0<\/em><\/p><\/blockquote>\n<p>&nbsp;<\/p>\n<p>&nbsp;<\/p>\n<hr \/>\n<blockquote>\n<h3><\/h3>\n<h3>OGGI SCIOPERO PER I SETTORI ENERGIA ELETTRICA, GAS E IGIENE AMBIENTALE. INCONTRO E PRESIDIO IN PREFETTURA<\/h3>\n<\/blockquote>\n<p><strong>BELLUNO <\/strong>Con l\u2019obbligo di esternalizzare almeno l\u201980% delle attivit\u00e0 in concessione con importo superiore ai 150mila euro sono a rischio posti di lavoro e qualit\u00e0 di servizi pubblici fondamentali. Per questo motivo a livello nazionale le Federazioni di categoria dei lavoratori settori dell\u2019Energia elettrica, del Gas e dell\u2019Igiene Ambientale\u00a0 hanno proclamato uno sciopero nazionale per l&#8217;intera giornata. Anche in provincia di Belluno si svilupper\u00e0 la protesta di lavoratori e Sindacati: oltre alle ore di sciopero avr\u00e0 luogo un presidio davanti alla Prefettura dalle 9.30 alle 12.00 e un incontro con il Prefetto alle 10.15.<\/p>\n<p>&nbsp;<\/p>\n<hr \/>\n<blockquote>\n<h2><a href=\"https:\/\/www.radiopiu.net\/wordpress\/giornale-radiopiu-16-giugno-2021-direttore-mirko-mezzacasa\/lavori-6\/\" rel=\"attachment wp-att-216175\"><img loading=\"lazy\" decoding=\"async\" class=\"wp-image-216175 alignleft\" src=\"https:\/\/www.radiopiu.net\/wordpress\/wp-content\/uploads\/2021\/06\/LAVORI-1-1.jpg\" alt=\"\" width=\"122\" height=\"122\" srcset=\"https:\/\/www.radiopiu.net\/wordpress\/wp-content\/uploads\/2021\/06\/LAVORI-1-1.jpg 300w, https:\/\/www.radiopiu.net\/wordpress\/wp-content\/uploads\/2021\/06\/LAVORI-1-1-150x150.jpg 150w\" sizes=\"auto, (max-width: 122px) 100vw, 122px\" \/><\/a>CANTIERI A ROCCA PIETORE<\/h2>\n<\/blockquote>\n<p><strong>ROCCA PIETORE<\/strong> Fino al 10 luglio \u00e8 chiuso al transito il ponte sul Ru de Molin tra le localit\u00e0 di Santa Maria delle Grazie e Caracoi. Chiusura dell&#8217;area compresa tra la localit\u00e0 di Aur\u00f9 e l&#8217;intersezione con la strada per Laste Fino al 9 luglio \u00e8 chiuso il tratto di strada in localit\u00e0 Col di Rocca nel tratto tra la Centralina Comunale e il bivio in cui si innesta con la strada provinciale 641 lato Sass Negher. . La viabilit\u00e0 da e per l&#8217;abitato di Col di Rocca \u00e8 comunque garantita da altri due accessi esistenti.<\/p>\n<blockquote>\n<h3>ESBOSCO E DIVIETI, S&#8217;ALZANO GLI ALBERI SCHIANTATA DA VAIA<\/h3>\n<\/blockquote>\n<p><strong>CANALE D&#8217;AGORDO<\/strong> Fino al\u00a0 18 dicembre\u00a0 e comunque fino ad ultimazione dei lavori \u00e8 fatto divieto \u00a0di accedere e transitare anche a piedi nelle aree interessate dai lavori di utilizzazione, esbosco e trasporto del lotto boschivo nella zona compresa tra Loc. Mandra de Chi De Dea \u2013 Col dei Prai \u2013 Le Buse Basse ed in ogni caso in tutta la zona soprastante e compresa nella Localit\u00e0 Pian de Sabion. E\u2019 disposta nello stesso periodo <a href=\"https:\/\/www.radiopiu.net\/wordpress\/149923-2\/valle-liera-canale-d-agordo-gares-101\/\" rel=\"attachment wp-att-149932\"><img loading=\"lazy\" decoding=\"async\" class=\"wp-image-149932 alignright\" src=\"https:\/\/www.radiopiu.net\/wordpress\/wp-content\/uploads\/2020\/07\/Valle-Liera-Canale-d-Agordo-Gares-101-300x201.jpg\" alt=\"\" width=\"237\" height=\"159\" srcset=\"https:\/\/www.radiopiu.net\/wordpress\/wp-content\/uploads\/2020\/07\/Valle-Liera-Canale-d-Agordo-Gares-101-300x201.jpg 300w, https:\/\/www.radiopiu.net\/wordpress\/wp-content\/uploads\/2020\/07\/Valle-Liera-Canale-d-Agordo-Gares-101.jpg 500w\" sizes=\"auto, (max-width: 237px) 100vw, 237px\" \/><\/a>l\u2019interruzione del tratto della strada silvopastorale Col dei Prai &#8211; Forzela, in dipendenza delle varie fasi di lavorazione e dei vari sentieri che ad essa confluiscono.<\/p>\n<p>Fino al 18 dicembre\u00a0 limitato il traffico sulla strada comunale della Valle di Gares, in particolare nella Loc. Pian de Sabion, nonch\u00e9 sui parcheggi siti nelle vicinanze ed immediate adiacenze, in dipendenza del trasporto del legname e\/o materiali vari nelle localit\u00e0 stesse, in particolare nei piazzali di deposito. Stessa ordinanza ma sabato e domenica esclusi nella zona compresa tra Gares, La Stia ed adiacenze. Interruzione della strada silvo pastorale n. 12 La Stia, in dipendenza delle varie fasi di lavorazione. Nel periodo dei lavori \u00e8 consentito il transito pedonale per la localit\u00e0 malga Stia attraverso il sentiero CAI n. 754. Nello stesso periodo \u00e8 limitato il traffico sulla strada comunale della Valle di Gares, in\u00a0 particolare dalla Loc. Palafachina fino alla Frazione di Gares, nonch\u00e9 sui parcheggi siti nelle vicinanze ed immediate adiacenze, in dipendenza del trasporto del legname e\/o materiali vari nelle localit\u00e0 stesse, in particolare nei piazzali di deposito<\/p>\n<p>&nbsp;<\/p>\n<p>&nbsp;<\/p>\n<hr \/>\n<p>&nbsp;<\/p>\n<blockquote>\n<h3><strong><a href=\"https:\/\/www.radiopiu.net\/wordpress\/agordo-il-mio-paese-litalia-che-vorrei-di-mirko-mezzacasa\/8cea600a-c88b-4d28-8748-e360e4864c44\/\" rel=\"attachment wp-att-144890\"><img loading=\"lazy\" decoding=\"async\" class=\" wp-image-144890 alignleft\" src=\"https:\/\/www.radiopiu.net\/wordpress\/wp-content\/uploads\/2020\/06\/8cea600a-c88b-4d28-8748-e360e4864c44-300x225.jpg\" alt=\"\" width=\"155\" height=\"116\" srcset=\"https:\/\/www.radiopiu.net\/wordpress\/wp-content\/uploads\/2020\/06\/8cea600a-c88b-4d28-8748-e360e4864c44-300x225.jpg 300w, https:\/\/www.radiopiu.net\/wordpress\/wp-content\/uploads\/2020\/06\/8cea600a-c88b-4d28-8748-e360e4864c44-1024x768.jpg 1024w, https:\/\/www.radiopiu.net\/wordpress\/wp-content\/uploads\/2020\/06\/8cea600a-c88b-4d28-8748-e360e4864c44-768x576.jpg 768w, https:\/\/www.radiopiu.net\/wordpress\/wp-content\/uploads\/2020\/06\/8cea600a-c88b-4d28-8748-e360e4864c44-1536x1152.jpg 1536w, https:\/\/www.radiopiu.net\/wordpress\/wp-content\/uploads\/2020\/06\/8cea600a-c88b-4d28-8748-e360e4864c44.jpg 2048w\" sizes=\"auto, (max-width: 155px) 100vw, 155px\" \/><\/a><\/strong>LAVORI DI RIFACIMENTO DEL PONTE SUL TORRENTE CAMPREGANA<\/h3>\n<\/blockquote>\n<p><strong>AGORDO<\/strong> Fino al 16 luglio, per le frazioni Farenzena e Val di Frela deviazioni per la\u00a0 strada silvo-pastorale Farenzena-Don <em>Transito consentito <strong>A SALIRE<\/strong>, da frazione FARENZENA a localita\u0300 DON: dalle 6 alle 7:45, dalle 9 alle 9:45, dalle 11:00 alle 11:45, dalle 13 alle 13:45 &#8211; dalle 15 alle 15:45, dalle 17 alle 17:45, dalle 19 alle 19:45. Transito consentito<strong> A SCENDERE<\/strong>, da localita\u0300 DON a frazione FARENZENA: dalle 8 alle 8:45, dalle 10 alle 10:45, dalle 12 alle 12:45, dalle 14 alle 14:45, dalle 16 alle 16:45, dalle 18 alle 18:45, dalle 20 alle 20:45. Dalle ore 20:45 alle ore 05:45 la circolazione dei veicoli e\u0300 consentita contemporaneamente in entrambi i sensi di marcia.\u00a0<\/em><\/p>\n<p>&nbsp;<\/p>\n<p>&nbsp;<\/p>\n<hr \/>\n<p>&nbsp;<\/p>\n<blockquote>\n<h3>RITROVATO SANO E SALVO L&#8217;UOMO SCOMPARSO\u00a0 IN COMELICO<\/h3>\n<\/blockquote>\n<p><strong><a href=\"https:\/\/www.radiopiu.net\/wordpress\/incrodati-sulla-civetta-soccorsi-stamane-alle-4-30-due-alpinisti-bloccati-sullantelao-chiamano-la-compagna-anziche-il-118\/salt_20200810_175813_090_resized\/\" rel=\"attachment wp-att-154485\"><img loading=\"lazy\" decoding=\"async\" class=\" wp-image-154485 alignleft\" src=\"https:\/\/www.radiopiu.net\/wordpress\/wp-content\/uploads\/2020\/08\/salt_20200810_175813_090_resized-300x225.jpg\" alt=\"\" width=\"195\" height=\"146\" srcset=\"https:\/\/www.radiopiu.net\/wordpress\/wp-content\/uploads\/2020\/08\/salt_20200810_175813_090_resized-300x225.jpg 300w, https:\/\/www.radiopiu.net\/wordpress\/wp-content\/uploads\/2020\/08\/salt_20200810_175813_090_resized-1024x768.jpg 1024w, https:\/\/www.radiopiu.net\/wordpress\/wp-content\/uploads\/2020\/08\/salt_20200810_175813_090_resized-768x576.jpg 768w, https:\/\/www.radiopiu.net\/wordpress\/wp-content\/uploads\/2020\/08\/salt_20200810_175813_090_resized.jpg 1182w\" sizes=\"auto, (max-width: 195px) 100vw, 195px\" \/><\/a>COMELICO SUPERIORE<\/strong> \u00c8 stato rintracciato dopo una notte lontano da casa, e sta bene, l&#8217;uomo per il cui mancato rientro a casa era scattato l&#8217;allarme ieri attorno alle 18. Il settantatreenne di Comelico Superiore, il cui cellulare suonava libero, era stato visto l&#8217;ultima volta domenica alle 17.30 nella zona di Candide. Quando la Centrale del Suem ha allertato il Soccorso alpino della Val Comelico, su richiesta dei Carabinieri, sei soccorritori assieme a tre del Sagf e ai Vigili del fuoco hanno cominciato le ricerche. Fortunatamente verso le 20 una squadra lo ha ritrovato a Sega Digon, 200 metri sopra la strada, vicino a due casere nuove. Stava bene ed era tranquillo.<\/p>\n<p>&nbsp;<\/p>\n<p>&nbsp;<\/p>\n<hr \/>\n<p>&nbsp;<\/p>\n<blockquote>\n<h3>SCIVOLA E SI FA MALE SUL SENTIERO CHE PORTA AL RIFUGIO SENNES<\/h3>\n<\/blockquote>\n<p><strong><a href=\"https:\/\/www.radiopiu.net\/wordpress\/torna-la-festa-del-volontariato-cadorino-sabato-1-settembre\/soccorsoalpino\/\" rel=\"attachment wp-att-59164\"><img loading=\"lazy\" decoding=\"async\" class=\" wp-image-59164 alignleft\" src=\"https:\/\/www.radiopiu.net\/wordpress\/wp-content\/uploads\/2018\/08\/soccorsoalpino-300x300.jpg\" alt=\"\" width=\"117\" height=\"117\" srcset=\"https:\/\/www.radiopiu.net\/wordpress\/wp-content\/uploads\/2018\/08\/soccorsoalpino-300x300.jpg 300w, https:\/\/www.radiopiu.net\/wordpress\/wp-content\/uploads\/2018\/08\/soccorsoalpino-150x150.jpg 150w, https:\/\/www.radiopiu.net\/wordpress\/wp-content\/uploads\/2018\/08\/soccorsoalpino-768x768.jpg 768w, https:\/\/www.radiopiu.net\/wordpress\/wp-content\/uploads\/2018\/08\/soccorsoalpino-1024x1024.jpg 1024w, https:\/\/www.radiopiu.net\/wordpress\/wp-content\/uploads\/2018\/08\/soccorsoalpino.jpg 1200w\" sizes=\"auto, (max-width: 117px) 100vw, 117px\" \/><\/a>CORTINA<\/strong> Ieri attorno alle 12.30 il Soccorso alpino di Cortina \u00e8 stato allertato dalla Centrale del Suem, per un&#8217;escursionista infortunatasi mentre con il marito saliva da Ra Stua verso il Rifugio Sennes. S.N.N., 62 anni, di Milano, che aveva riportato un probabile trauma alla caviglia e si trovava alla fine della Val Salata, \u00e8 stata raggiunta da una squadra del Soccorso alpino della Guardia di finanza in fuoristrada. Caricata a bordo assieme al marito, \u00e8 stata accompagnata all&#8217;auto con la quale si \u00e8 allontanata autonomamente.<\/p>\n<p>&nbsp;<\/p>\n<p>&nbsp;<\/p>\n<hr \/>\n<p>&nbsp;<\/p>\n<div class=\"page-title-head hgroup\">\n<blockquote>\n<h3 class=\"entry-title\">URTA LA RUOTA DELLA BICI, CICLISTA IN OSPEDALE<\/h3>\n<\/blockquote>\n<\/div>\n<p><strong>SEDICO\u00a0<\/strong> Ieri pomeriggio in via Feltre incidente tra una Panda condotta da M.D. 46enne residente a Mel e una bicicletta\u00a0 condotta da\u00a0 E.M. 67 anni di Sedico. Entrambi i mezzi si stavano spostando da via Feltre verso Sedico. La Panda avrebbe urtato la ruota posterie della bicicletta facendo cade a terra l\u2019uomo portato in ospedale con varie contusioni. Indagano i Carabinieri.<\/p>\n<p>&nbsp;<\/p>\n<hr \/>\n<p>&nbsp;<\/p>\n<blockquote>\n<h3>AUTO CONTRO MOTO ANCHE SULLA PROVINCIALE 635<\/h3>\n<\/blockquote>\n<p><strong>BORGO VALBELLUNA\u00a0<\/strong> Nessun ferito nello scontro\u00a0 a Sant&#8217;Antonio Tortal dove sono intervenuti i carabinieri di Mel. L&#8217;incidente\u00a0 all&#8217;uscita di una curva tra una Opel Corsa e una moto Bmw Gs di grossa cilindrata. Non ci sono stati particolari disagi al traffico. In quel momento non c&#8217;erano molti viaggiatori in direzione passo San Boldo o Trichiana.<\/p>\n<p>&nbsp;<\/p>\n<hr \/>\n<p>&nbsp;<\/p>\n<blockquote>\n<h3>ANZIANO SOCCORSO IN CASA DOPO UNA CADUTA<\/h3>\n<\/blockquote>\n<p><strong>RIVAMONTE<\/strong>\u00a0 Si alza dal letto e cade a terra,\u00a0 le sue richieste di aiuto sono state sentite dai vicini di casa, che hanno chiamato il 115. I vigili del fuoco del distaccamento di Agordo\u00a0 l&#8217;hanno trovato sul pavimento, dolorante ma cosciente.\u00a0 Il paziente \u00e8 stato sottoposto a tutta una serie di accertamenti per le contusioni.<\/p>\n<p>&nbsp;<\/p>\n<p>&nbsp;<\/p>\n<hr \/>\n<p>&nbsp;<\/p>\n<blockquote>\n<h3>SPUDORATI VANDALI, INCIVILI E MALEDUCATI<\/h3>\n<\/blockquote>\n<p><strong>PONTE NELLE ALPI<\/strong> Rieccoli gli imbecilli di giornata, in pieno giorno a Ponte nelle Alpi nell&#8217;edificio della Provincia hanno rotto vetri, specchi e lasciato scritte insulse e volgari testimoniando la cattiveria di quei giovani con poco cervello che hanno pure tentato di danneggiare la sede di Belluno Donna, ma uno degli autori ha trovato sulla sua strada un operatrice al lavoro e ha pensato bene, il vigliacco, di darsi alla fuga portandosi appresso i suoi amichetti, la speranza che qualcuno abbia visto e aiuti le Forze di Polizia a rintracciare i vandali<\/p>\n<p>&nbsp;<\/p>\n<blockquote>\n<h3>GLI IMBECILLI DEL CADORE, L&#8217;IRA DEL SINDACO<\/h3>\n<p><strong>PIEVE DI CADORE<\/strong> Cartelli stradali, segnaletiche turistiche e panchine in legno situate lungo la pista ciclabile a Tai, nell&#8217;area del palaghiaccio imbrattati di scritte prive di qualsiasi senso. Popolazione, amministrazione comunale e soprattutto il sindaco\u00a0 Giuseppe Casagrande esterefatti e arrabbiati. Indagini in corso.<\/p><\/blockquote>\n<p>&nbsp;<\/p>\n<hr \/>\n<p>&nbsp;<\/p>\n<blockquote>\n<h3>PROBABILI ROVESCI, ANCHE FORTI CON GRANDINATE SU ZONE MONTANE, PEDEMONTANE E PIANURA CENTRO-SETTENTRIONALE. STATO DI ATTENZIONE IN ALCUNI BACINI DELLA REGIONE<\/h3>\n<\/blockquote>\n<p><strong><a href=\"https:\/\/www.radiopiu.net\/wordpress\/meteo-sul-veneto-ancora-tempo-instabile-con-rasserenamenti-alternati-a-piovaschi-e-qualche-possibile-temporale\/pioggia-2\/\" rel=\"attachment wp-att-144264\"><img loading=\"lazy\" decoding=\"async\" class=\"size-medium wp-image-144264 alignleft\" src=\"https:\/\/www.radiopiu.net\/wordpress\/wp-content\/uploads\/2020\/06\/PIOGGIA-300x199.jpg\" alt=\"\" width=\"300\" height=\"199\" srcset=\"https:\/\/www.radiopiu.net\/wordpress\/wp-content\/uploads\/2020\/06\/PIOGGIA-300x199.jpg 300w, https:\/\/www.radiopiu.net\/wordpress\/wp-content\/uploads\/2020\/06\/PIOGGIA-1024x678.jpg 1024w, https:\/\/www.radiopiu.net\/wordpress\/wp-content\/uploads\/2020\/06\/PIOGGIA-768x508.jpg 768w, https:\/\/www.radiopiu.net\/wordpress\/wp-content\/uploads\/2020\/06\/PIOGGIA-1536x1017.jpg 1536w, https:\/\/www.radiopiu.net\/wordpress\/wp-content\/uploads\/2020\/06\/PIOGGIA.jpg 1920w\" sizes=\"auto, (max-width: 300px) 100vw, 300px\" \/><\/a>VENEZIA <\/strong>Le previsioni meteorologiche del Veneto segnalano, dalle ore centrali di oggi fino alle prime ore di domani, tempo a tratti instabile con probabili rovesci e temporali sparsi, specie su zone montane, pedemontane e pianura centro-settentrionale. In occasione di qualche temporale saranno possibili locali fenomeni intensi (forti rovesci, forti raffiche di vento e locali grandinate). In particolare, per le Dolomiti, sono attesi, dalla tarda mattinata di oggi, con fenomeni intensi.\u00a0 Considerati i fenomeni meteorologici previsti, la criticit\u00e0 idrogeologica attesa \u00e8 riferita allo scenario per temporali forti. Il Centro Funzionale Decentrato della Protezione Civile della Regione ha emesso un avviso di criticit\u00e0 idrogeologica, con particolare riferimento alla rete idraulica secondaria, stabilendo dalle 10.00 di oggi fino alle 9.00 del domani, lo stato di Attenzione (allerta gialla)<\/p>\n<p>&nbsp;<\/p>\n<hr \/>\n<p>&nbsp;<\/p>\n<blockquote>\n<h3>L&#8217;ULTIMO GIORNO DI LAVORO DELLA DOTTORESSA FRIDA SPOTO, IL SALUTO E IL RINGRAZIAMENTO DEL SINDACO DI TAIBON SILVIA TORMEN<\/h3>\n<\/blockquote>\n<p><strong><a href=\"https:\/\/www.radiopiu.net\/wordpress\/fripen\/frida-spoto\/\" rel=\"attachment wp-att-217957\"><img loading=\"lazy\" decoding=\"async\" class=\"wp-image-217957 alignleft\" src=\"https:\/\/www.radiopiu.net\/wordpress\/wp-content\/uploads\/2021\/06\/FRIDA-SPOTO-225x300.jpg\" alt=\"\" width=\"96\" height=\"128\" srcset=\"https:\/\/www.radiopiu.net\/wordpress\/wp-content\/uploads\/2021\/06\/FRIDA-SPOTO-225x300.jpg 225w, https:\/\/www.radiopiu.net\/wordpress\/wp-content\/uploads\/2021\/06\/FRIDA-SPOTO-768x1024.jpg 768w, https:\/\/www.radiopiu.net\/wordpress\/wp-content\/uploads\/2021\/06\/FRIDA-SPOTO-1152x1536.jpg 1152w, https:\/\/www.radiopiu.net\/wordpress\/wp-content\/uploads\/2021\/06\/FRIDA-SPOTO.jpg 1200w\" sizes=\"auto, (max-width: 96px) 100vw, 96px\" \/><\/a>TAIBON<\/strong>\u00a0 Da oggi <span style=\"font-family: Calibri, serif;\"><span style=\"font-size: small;\"><b>la <\/b><\/span><\/span><span style=\"font-family: Calibri, serif;\"><span style=\"font-size: small;\"><b>dr.ssa Frida Spoto<\/b><\/span><\/span><span style=\"font-family: Calibri, serif;\"><span style=\"font-size: small;\"> cesser\u00e0 l\u2019attivit\u00e0 di medico di assistenza primaria nell\u2019ambito territoriale dei Comuni di Agordo, Gosaldo, La Valle Agordina, Taibon Agordino, Voltago Agordino e Rivamonte. <\/span><\/span><span style=\"color: #222222;\"><span style=\"font-family: Calibri, serif;\"><span style=\"font-size: small;\">L\u2019assistenza medico generica a carico del Servizio Sanitario regionale <\/span><\/span><\/span><span style=\"color: #222222;\"><span style=\"font-family: Calibri, serif;\"><span style=\"font-size: small;\"><b>sar\u00e0 assicurata dal dr. <\/b><\/span><\/span><\/span><span style=\"color: #222222;\"><span style=\"font-family: Calibri, serif;\"><span style=\"font-size: small;\"><b>Ugo Pennacchioni <\/b><\/span><\/span><\/span><b> <\/b><span style=\"color: #222222;\"><span style=\"font-family: Calibri, serif;\"><span style=\"font-size: small;\">che svolger\u00e0, a far data dall\u20191.7.2021, l\u2019attivit\u00e0 di medico di assistenza primaria <\/span><\/span><\/span><span style=\"color: #222222;\"><span style=\"font-family: Calibri, serif;\"><span style=\"font-size: small;\">Gli assistiti della dr.ssa Spoto <\/span><\/span><\/span><span style=\"color: #222222;\"><span style=\"font-family: Calibri, serif;\"><span style=\"font-size: small;\"><b>saranno assegnati d\u2019ufficio<\/b><\/span><\/span><\/span><span style=\"color: #222222;\"><span style=\"font-family: Calibri, serif;\"><span style=\"font-size: small;\"> al dr. Pennacchioni; <\/span><\/span><\/span><span style=\"color: #222222;\"><span style=\"font-family: Calibri, serif;\"><span style=\"font-size: small;\"><b>non sar\u00e0 pertanto necessario che gli stessi si rechino presso gli sportelli <\/b><\/span><\/span><\/span><span style=\"color: #222222;\"><span style=\"font-family: Calibri, serif;\"><span style=\"font-size: small;\">ULSS per effettuare la scelta del nuovo medico.<\/span><\/span><\/span><\/p>\n<p><strong>IL SINDACO DI TAIBON SILVIA TORMEN<\/strong><\/p>\n<audio class=\"wp-audio-shortcode\" id=\"audio-218750-1\" preload=\"none\" style=\"width: 100%;\" controls=\"controls\"><source type=\"audio\/mpeg\" src=\"https:\/\/www.radiopiu.net\/wordpress\/wp-content\/uploads\/2021\/06\/SILVIA-SPOTO.mp3?_=1\" \/><a href=\"https:\/\/www.radiopiu.net\/wordpress\/wp-content\/uploads\/2021\/06\/SILVIA-SPOTO.mp3\">https:\/\/www.radiopiu.net\/wordpress\/wp-content\/uploads\/2021\/06\/SILVIA-SPOTO.mp3<\/a><\/audio>\n<p><strong>ARCHIVIO RADIO PIU&#8217;, IL SALUTO DELLA DOTTORESSA<\/strong><\/p>\n<audio class=\"wp-audio-shortcode\" id=\"audio-218750-2\" preload=\"none\" style=\"width: 100%;\" controls=\"controls\"><source type=\"audio\/mpeg\" src=\"https:\/\/www.radiopiu.net\/wordpress\/wp-content\/uploads\/2021\/06\/DOTTORESSA-SPOTO.mp3?_=2\" \/><a href=\"https:\/\/www.radiopiu.net\/wordpress\/wp-content\/uploads\/2021\/06\/DOTTORESSA-SPOTO.mp3\">https:\/\/www.radiopiu.net\/wordpress\/wp-content\/uploads\/2021\/06\/DOTTORESSA-SPOTO.mp3<\/a><\/audio>\n<p>&nbsp;<\/p>\n<hr \/>\n<p>&nbsp;<\/p>\n<blockquote>\n<h3>LA GIURIA HA SCELTO I PREMIATI DEL PELMO D&#8217;ORO 2021. TRA LORO ANCHE L&#8217;AGORDINO EUGENIO BIEN<\/h3>\n<\/blockquote>\n<p><strong><a href=\"https:\/\/www.radiopiu.net\/wordpress\/la-giuria-ha-scelto-i-premiato-del-pelmo-doro-2021-tra-loro-anche-lagordino-eugenio-bien\/45871a32-0fbf-41b8-93a6-1e06ae97dc20\/\" rel=\"attachment wp-att-218888\"><img loading=\"lazy\" decoding=\"async\" class=\"size-medium wp-image-218888 alignleft\" src=\"https:\/\/www.radiopiu.net\/wordpress\/wp-content\/uploads\/2021\/06\/45871a32-0fbf-41b8-93a6-1e06ae97dc20-300x225.jpg\" alt=\"\" width=\"300\" height=\"225\" srcset=\"https:\/\/www.radiopiu.net\/wordpress\/wp-content\/uploads\/2021\/06\/45871a32-0fbf-41b8-93a6-1e06ae97dc20-300x225.jpg 300w, https:\/\/www.radiopiu.net\/wordpress\/wp-content\/uploads\/2021\/06\/45871a32-0fbf-41b8-93a6-1e06ae97dc20-768x576.jpg 768w, https:\/\/www.radiopiu.net\/wordpress\/wp-content\/uploads\/2021\/06\/45871a32-0fbf-41b8-93a6-1e06ae97dc20.jpg 1024w\" sizes=\"auto, (max-width: 300px) 100vw, 300px\" \/><\/a>BELLUNO <\/strong>Sar\u00e0 Cesiomaggiore ad ospitare la 23^ edizione del Premio Pelmo d\u2019Oro. L\u2019appuntamento, con l\u2019attesa cerimonia, \u00e8 per sabato 24 luglio 2021 alle ore 10,30 nella Sala Polifunzionale in localit\u00e0 Pradenich.<\/p>\n<p>I premiati Pelmo d\u2019Oro 2021 sono: l\u2019altoatesino Christoph Hainz per l\u2019alpinismo in attivit\u00e0, l\u2019agordino Eugenio Bien per la carriera alpinistica, il bellunese Giuliano Dal Mas per la cultura alpina. Quest\u2019anno il Premio Speciale Dolomiti UNESCO sar\u00e0 assegnato alla Sezione CAI di Mestre per la gestione del rifugio Galassi e il Premio Speciale della Provincia di Belluno andr\u00e0 a Giuseppe Tabacco, fondatore e titolare delle Edizioni Tabacco. Per finire, ma non di meno conto, la solidariet\u00e0 con il premio Giuliano De Marchi andr\u00e0 al carpigiano Dante Colli.<\/p>\n<p><strong>di Moreno Gioli<\/strong><\/p>\n<audio class=\"wp-audio-shortcode\" id=\"audio-218750-3\" preload=\"none\" style=\"width: 100%;\" controls=\"controls\"><source type=\"audio\/mpeg\" src=\"https:\/\/www.radiopiu.net\/wordpress\/wp-content\/uploads\/2021\/06\/GIOLI-PELMO-DORO.mp3?_=3\" \/><a href=\"https:\/\/www.radiopiu.net\/wordpress\/wp-content\/uploads\/2021\/06\/GIOLI-PELMO-DORO.mp3\">https:\/\/www.radiopiu.net\/wordpress\/wp-content\/uploads\/2021\/06\/GIOLI-PELMO-DORO.mp3<\/a><\/audio>\n<p>&nbsp;<\/p>\n<p><strong>IL PRESIDENTE DELLA PROVINCIA DI BELLUNO ROBERTO PADRIN<\/strong><\/p>\n<audio class=\"wp-audio-shortcode\" id=\"audio-218750-4\" preload=\"none\" style=\"width: 100%;\" controls=\"controls\"><source type=\"audio\/mpeg\" src=\"https:\/\/www.radiopiu.net\/wordpress\/wp-content\/uploads\/2021\/06\/ROBERTO-PADRIN-PELMO-DORO.mp3?_=4\" \/><a href=\"https:\/\/www.radiopiu.net\/wordpress\/wp-content\/uploads\/2021\/06\/ROBERTO-PADRIN-PELMO-DORO.mp3\">https:\/\/www.radiopiu.net\/wordpress\/wp-content\/uploads\/2021\/06\/ROBERTO-PADRIN-PELMO-DORO.mp3<\/a><\/audio>\n<p>&nbsp;<\/p>\n<p><strong>IL SINDACO DI CESIOMAGGIORE CARLO ZANELLA<\/strong><\/p>\n<audio class=\"wp-audio-shortcode\" id=\"audio-218750-5\" preload=\"none\" style=\"width: 100%;\" controls=\"controls\"><source type=\"audio\/mpeg\" src=\"https:\/\/www.radiopiu.net\/wordpress\/wp-content\/uploads\/2021\/06\/CARLO-ZANELLA-SINDACO-CESIO-PELMO-DORO.mp3?_=5\" \/><a href=\"https:\/\/www.radiopiu.net\/wordpress\/wp-content\/uploads\/2021\/06\/CARLO-ZANELLA-SINDACO-CESIO-PELMO-DORO.mp3\">https:\/\/www.radiopiu.net\/wordpress\/wp-content\/uploads\/2021\/06\/CARLO-ZANELLA-SINDACO-CESIO-PELMO-DORO.mp3<\/a><\/audio>\n<p>&nbsp;<\/p>\n<p><strong>CHRISTOPH HAINZ<\/strong><\/p>\n\n\t\t\t<style type='text\/css'>\n\t\t\t\t#gallery-1 {\n\t\t\t\t\tmargin: auto;\n\t\t\t\t}\n\t\t\t\t#gallery-1 .gallery-item {\n\t\t\t\t\tfloat: left;\n\t\t\t\t\tmargin-top: 10px;\n\t\t\t\t\ttext-align: center;\n\t\t\t\t\twidth: 25%;\n\t\t\t\t}\n\t\t\t\t#gallery-1 img {\n\t\t\t\t\tborder: 2px solid #cfcfcf;\n\t\t\t\t}\n\t\t\t\t#gallery-1 .gallery-caption {\n\t\t\t\t\tmargin-left: 0;\n\t\t\t\t}\n\t\t\t\t\/* see gallery_shortcode() in wp-includes\/media.php *\/\n\t\t\t<\/style>\n\t\t<div id='gallery-1' class='dt-gallery-container gallery galleryid-218750 gallery-columns-4 gallery-size-thumbnail'><dl class='gallery-item'>\n\t\t\t\t<dt class='gallery-icon landscape'>\n\t\t\t\t\t<a class=\"rollover rollover-zoom dt-pswp-item\" title=\"Hainz Gro\u0308nlandia 1996-Via Sudtirolese 9+\" data-dt-img-description=\"\" data-large_image_width=\"2560\" data-large_image_height=\"1707\"href='https:\/\/www.radiopiu.net\/wordpress\/wp-content\/uploads\/2021\/06\/Hainz-Gro\u0308nlandia-1996-Via-Sudtirolese-9-scaled.jpg'><img loading=\"lazy\" decoding=\"async\" width=\"150\" height=\"150\" src=\"https:\/\/www.radiopiu.net\/wordpress\/wp-content\/uploads\/2021\/06\/Hainz-Gro\u0308nlandia-1996-Via-Sudtirolese-9-150x150.jpg\" class=\"attachment-thumbnail size-thumbnail\" alt=\"\" \/><\/a>\n\t\t\t\t<\/dt><\/dl><dl class='gallery-item'>\n\t\t\t\t<dt class='gallery-icon portrait'>\n\t\t\t\t\t<a class=\"rollover rollover-zoom dt-pswp-item\" title=\"Hainz Su\u0308dafrika-Route Wave up 8a Foto-Frank Kerschmann\" data-dt-img-description=\"\" data-large_image_width=\"1335\" data-large_image_height=\"2000\"href='https:\/\/www.radiopiu.net\/wordpress\/wp-content\/uploads\/2021\/06\/Hainz-Su\u0308dafrika-Route-Wave-up-8a-Foto-Frank-Kerschmann.jpg'><img loading=\"lazy\" decoding=\"async\" width=\"150\" height=\"150\" src=\"https:\/\/www.radiopiu.net\/wordpress\/wp-content\/uploads\/2021\/06\/Hainz-Su\u0308dafrika-Route-Wave-up-8a-Foto-Frank-Kerschmann-150x150.jpg\" class=\"attachment-thumbnail size-thumbnail\" alt=\"\" \/><\/a>\n\t\t\t\t<\/dt><\/dl><dl class='gallery-item'>\n\t\t\t\t<dt class='gallery-icon portrait'>\n\t\t\t\t\t<a class=\"rollover rollover-zoom dt-pswp-item\" title=\"Hainz Via canederli pressati 7c cima ovest di lavaredo parete nord 2\" data-dt-img-description=\"\" data-large_image_width=\"1703\" data-large_image_height=\"2560\"href='https:\/\/www.radiopiu.net\/wordpress\/wp-content\/uploads\/2021\/06\/Hainz-Via-canederli-pressati-7c-cima-ovest-di-lavaredo-parete-nord-2-scaled.jpg'><img loading=\"lazy\" decoding=\"async\" width=\"150\" height=\"150\" src=\"https:\/\/www.radiopiu.net\/wordpress\/wp-content\/uploads\/2021\/06\/Hainz-Via-canederli-pressati-7c-cima-ovest-di-lavaredo-parete-nord-2-150x150.jpg\" class=\"attachment-thumbnail size-thumbnail\" alt=\"\" \/><\/a>\n\t\t\t\t<\/dt><\/dl><dl class='gallery-item'>\n\t\t\t\t<dt class='gallery-icon landscape'>\n\t\t\t\t\t<a class=\"rollover rollover-zoom dt-pswp-item\" title=\"Hainz Via November Sun 7b 2018 san vito lo capo Sicilia\" data-dt-img-description=\"\" data-large_image_width=\"2560\" data-large_image_height=\"1920\"href='https:\/\/www.radiopiu.net\/wordpress\/wp-content\/uploads\/2021\/06\/Hainz-Via-November-Sun-7b-2018-san-vito-lo-capo-Sicilia-scaled.jpg'><img loading=\"lazy\" decoding=\"async\" width=\"150\" height=\"150\" src=\"https:\/\/www.radiopiu.net\/wordpress\/wp-content\/uploads\/2021\/06\/Hainz-Via-November-Sun-7b-2018-san-vito-lo-capo-Sicilia-150x150.jpg\" class=\"attachment-thumbnail size-thumbnail\" alt=\"\" \/><\/a>\n\t\t\t\t<\/dt><\/dl><br style=\"clear: both\" \/>\n\t\t\t<\/div>\n\n<p>&nbsp;<\/p>\n<p><strong>EUGENIO BIEN<\/strong><\/p>\n\n\t\t\t<style type='text\/css'>\n\t\t\t\t#gallery-2 {\n\t\t\t\t\tmargin: auto;\n\t\t\t\t}\n\t\t\t\t#gallery-2 .gallery-item {\n\t\t\t\t\tfloat: left;\n\t\t\t\t\tmargin-top: 10px;\n\t\t\t\t\ttext-align: center;\n\t\t\t\t\twidth: 25%;\n\t\t\t\t}\n\t\t\t\t#gallery-2 img {\n\t\t\t\t\tborder: 2px solid #cfcfcf;\n\t\t\t\t}\n\t\t\t\t#gallery-2 .gallery-caption {\n\t\t\t\t\tmargin-left: 0;\n\t\t\t\t}\n\t\t\t\t\/* see gallery_shortcode() in wp-includes\/media.php *\/\n\t\t\t<\/style>\n\t\t<div id='gallery-2' class='dt-gallery-container gallery galleryid-218750 gallery-columns-4 gallery-size-thumbnail'><dl class='gallery-item'>\n\t\t\t\t<dt class='gallery-icon landscape'>\n\t\t\t\t\t<a class=\"rollover rollover-zoom dt-pswp-item\" title=\"Eugenio Bien 1970\" data-dt-img-description=\"\" data-large_image_width=\"1928\" data-large_image_height=\"1378\"href='https:\/\/www.radiopiu.net\/wordpress\/wp-content\/uploads\/2021\/06\/Eugenio-Bien-1970.jpg'><img loading=\"lazy\" decoding=\"async\" width=\"150\" height=\"150\" src=\"https:\/\/www.radiopiu.net\/wordpress\/wp-content\/uploads\/2021\/06\/Eugenio-Bien-1970-150x150.jpg\" class=\"attachment-thumbnail size-thumbnail\" alt=\"\" \/><\/a>\n\t\t\t\t<\/dt><\/dl><dl class='gallery-item'>\n\t\t\t\t<dt class='gallery-icon portrait'>\n\t\t\t\t\t<a class=\"rollover rollover-zoom dt-pswp-item\" title=\"Eugenio Bien 1971\" data-dt-img-description=\"\" data-large_image_width=\"1371\" data-large_image_height=\"2030\"href='https:\/\/www.radiopiu.net\/wordpress\/wp-content\/uploads\/2021\/06\/Eugenio-Bien-1971.jpg'><img loading=\"lazy\" decoding=\"async\" width=\"150\" height=\"150\" src=\"https:\/\/www.radiopiu.net\/wordpress\/wp-content\/uploads\/2021\/06\/Eugenio-Bien-1971-150x150.jpg\" class=\"attachment-thumbnail size-thumbnail\" alt=\"\" \/><\/a>\n\t\t\t\t<\/dt><\/dl><dl class='gallery-item'>\n\t\t\t\t<dt class='gallery-icon landscape'>\n\t\t\t\t\t<a class=\"rollover rollover-zoom dt-pswp-item\" title=\"Eugenio Bien consegna una targa a Riccardo Cassin -\" data-dt-img-description=\"\" data-large_image_width=\"2034\" data-large_image_height=\"1381\"href='https:\/\/www.radiopiu.net\/wordpress\/wp-content\/uploads\/2021\/06\/Eugenio-Bien-consegna-una-targa-a-Riccardo-Cassin-.jpg'><img loading=\"lazy\" decoding=\"async\" width=\"150\" height=\"150\" src=\"https:\/\/www.radiopiu.net\/wordpress\/wp-content\/uploads\/2021\/06\/Eugenio-Bien-consegna-una-targa-a-Riccardo-Cassin--150x150.jpg\" class=\"attachment-thumbnail size-thumbnail\" alt=\"\" \/><\/a>\n\t\t\t\t<\/dt><\/dl><dl class='gallery-item'>\n\t\t\t\t<dt class='gallery-icon landscape'>\n\t\t\t\t\t<a class=\"rollover rollover-zoom dt-pswp-item\" title=\"Eugenio Bien\" data-dt-img-description=\"\" data-large_image_width=\"1280\" data-large_image_height=\"738\"href='https:\/\/www.radiopiu.net\/wordpress\/wp-content\/uploads\/2021\/06\/Eugenio-Bien.jpg'><img loading=\"lazy\" decoding=\"async\" width=\"150\" height=\"150\" src=\"https:\/\/www.radiopiu.net\/wordpress\/wp-content\/uploads\/2021\/06\/Eugenio-Bien-150x150.jpg\" class=\"attachment-thumbnail size-thumbnail\" alt=\"\" \/><\/a>\n\t\t\t\t<\/dt><\/dl><br style=\"clear: both\" \/>\n\t\t\t<\/div>\n\n<p>&nbsp;<\/p>\n<p><strong>DANTE COLLI<\/strong><\/p>\n\n\t\t\t<style type='text\/css'>\n\t\t\t\t#gallery-3 {\n\t\t\t\t\tmargin: auto;\n\t\t\t\t}\n\t\t\t\t#gallery-3 .gallery-item {\n\t\t\t\t\tfloat: left;\n\t\t\t\t\tmargin-top: 10px;\n\t\t\t\t\ttext-align: center;\n\t\t\t\t\twidth: 33%;\n\t\t\t\t}\n\t\t\t\t#gallery-3 img {\n\t\t\t\t\tborder: 2px solid #cfcfcf;\n\t\t\t\t}\n\t\t\t\t#gallery-3 .gallery-caption {\n\t\t\t\t\tmargin-left: 0;\n\t\t\t\t}\n\t\t\t\t\/* see gallery_shortcode() in wp-includes\/media.php *\/\n\t\t\t<\/style>\n\t\t<div id='gallery-3' class='dt-gallery-container gallery galleryid-218750 gallery-columns-3 gallery-size-thumbnail'><dl class='gallery-item'>\n\t\t\t\t<dt class='gallery-icon portrait'>\n\t\t\t\t\t<a class=\"rollover rollover-zoom dt-pswp-item\" title=\"Dante Colli arrampica\" data-dt-img-description=\"\" data-large_image_width=\"618\" data-large_image_height=\"945\"href='https:\/\/www.radiopiu.net\/wordpress\/wp-content\/uploads\/2021\/06\/Dante-Colli-arrampica.jpg'><img loading=\"lazy\" decoding=\"async\" width=\"150\" height=\"150\" src=\"https:\/\/www.radiopiu.net\/wordpress\/wp-content\/uploads\/2021\/06\/Dante-Colli-arrampica-150x150.jpg\" class=\"attachment-thumbnail size-thumbnail\" alt=\"\" \/><\/a>\n\t\t\t\t<\/dt><\/dl><dl class='gallery-item'>\n\t\t\t\t<dt class='gallery-icon portrait'>\n\t\t\t\t\t<a class=\"rollover rollover-zoom dt-pswp-item\" title=\"Dante Colli in arrampicata\" data-dt-img-description=\"\" data-large_image_width=\"896\" data-large_image_height=\"1126\"href='https:\/\/www.radiopiu.net\/wordpress\/wp-content\/uploads\/2021\/06\/Dante-Colli-in-arrampicata.jpg'><img loading=\"lazy\" decoding=\"async\" width=\"150\" height=\"150\" src=\"https:\/\/www.radiopiu.net\/wordpress\/wp-content\/uploads\/2021\/06\/Dante-Colli-in-arrampicata-150x150.jpg\" class=\"attachment-thumbnail size-thumbnail\" alt=\"\" \/><\/a>\n\t\t\t\t<\/dt><\/dl><dl class='gallery-item'>\n\t\t\t\t<dt class='gallery-icon landscape'>\n\t\t\t\t\t<a class=\"rollover rollover-zoom dt-pswp-item\" title=\"Dante Colli\" data-dt-img-description=\"\" data-large_image_width=\"1440\" data-large_image_height=\"981\"href='https:\/\/www.radiopiu.net\/wordpress\/wp-content\/uploads\/2021\/06\/Dante-Colli.jpg'><img loading=\"lazy\" decoding=\"async\" width=\"150\" height=\"150\" src=\"https:\/\/www.radiopiu.net\/wordpress\/wp-content\/uploads\/2021\/06\/Dante-Colli-150x150.jpg\" class=\"attachment-thumbnail size-thumbnail\" alt=\"\" \/><\/a>\n\t\t\t\t<\/dt><\/dl><br style=\"clear: both\" \/>\n\t\t\t<\/div>\n\n<p>&nbsp;<\/p>\n<p><strong>GIULIANO DAL MAS<\/strong><\/p>\n\n\t\t\t<style type='text\/css'>\n\t\t\t\t#gallery-4 {\n\t\t\t\t\tmargin: auto;\n\t\t\t\t}\n\t\t\t\t#gallery-4 .gallery-item {\n\t\t\t\t\tfloat: left;\n\t\t\t\t\tmargin-top: 10px;\n\t\t\t\t\ttext-align: center;\n\t\t\t\t\twidth: 25%;\n\t\t\t\t}\n\t\t\t\t#gallery-4 img {\n\t\t\t\t\tborder: 2px solid #cfcfcf;\n\t\t\t\t}\n\t\t\t\t#gallery-4 .gallery-caption {\n\t\t\t\t\tmargin-left: 0;\n\t\t\t\t}\n\t\t\t\t\/* see gallery_shortcode() in wp-includes\/media.php *\/\n\t\t\t<\/style>\n\t\t<div id='gallery-4' class='dt-gallery-container gallery galleryid-218750 gallery-columns-4 gallery-size-thumbnail'><dl class='gallery-item'>\n\t\t\t\t<dt class='gallery-icon landscape'>\n\t\t\t\t\t<a class=\"rollover rollover-zoom dt-pswp-item\" title=\"Giuliano Dal Mas 1\" data-dt-img-description=\"\" data-large_image_width=\"2560\" data-large_image_height=\"1707\"href='https:\/\/www.radiopiu.net\/wordpress\/wp-content\/uploads\/2021\/06\/Giuliano-Dal-Mas-1-scaled.jpg'><img loading=\"lazy\" decoding=\"async\" width=\"150\" height=\"150\" src=\"https:\/\/www.radiopiu.net\/wordpress\/wp-content\/uploads\/2021\/06\/Giuliano-Dal-Mas-1-150x150.jpg\" class=\"attachment-thumbnail size-thumbnail\" alt=\"\" \/><\/a>\n\t\t\t\t<\/dt><\/dl><dl class='gallery-item'>\n\t\t\t\t<dt class='gallery-icon portrait'>\n\t\t\t\t\t<a class=\"rollover rollover-zoom dt-pswp-item\" title=\"Giuliano Dal Mas 2\" data-dt-img-description=\"\" data-large_image_width=\"1706\" data-large_image_height=\"2560\"href='https:\/\/www.radiopiu.net\/wordpress\/wp-content\/uploads\/2021\/06\/Giuliano-Dal-Mas-2-scaled.jpg'><img loading=\"lazy\" decoding=\"async\" width=\"150\" height=\"150\" src=\"https:\/\/www.radiopiu.net\/wordpress\/wp-content\/uploads\/2021\/06\/Giuliano-Dal-Mas-2-150x150.jpg\" class=\"attachment-thumbnail size-thumbnail\" alt=\"\" \/><\/a>\n\t\t\t\t<\/dt><\/dl><dl class='gallery-item'>\n\t\t\t\t<dt class='gallery-icon landscape'>\n\t\t\t\t\t<a class=\"rollover rollover-zoom dt-pswp-item\" title=\"Giuliano Dal Mas 3\" data-dt-img-description=\"\" data-large_image_width=\"2560\" data-large_image_height=\"1706\"href='https:\/\/www.radiopiu.net\/wordpress\/wp-content\/uploads\/2021\/06\/Giuliano-Dal-Mas-3-scaled.jpg'><img loading=\"lazy\" decoding=\"async\" width=\"150\" height=\"150\" src=\"https:\/\/www.radiopiu.net\/wordpress\/wp-content\/uploads\/2021\/06\/Giuliano-Dal-Mas-3-150x150.jpg\" class=\"attachment-thumbnail size-thumbnail\" alt=\"\" \/><\/a>\n\t\t\t\t<\/dt><\/dl><dl class='gallery-item'>\n\t\t\t\t<dt class='gallery-icon landscape'>\n\t\t\t\t\t<a class=\"rollover rollover-zoom dt-pswp-item\" title=\"Giuliano Dal Mas\" data-dt-img-description=\"\" data-large_image_width=\"2048\" data-large_image_height=\"1924\"href='https:\/\/www.radiopiu.net\/wordpress\/wp-content\/uploads\/2021\/06\/Giuliano-Dal-Mas.jpg'><img loading=\"lazy\" decoding=\"async\" width=\"150\" height=\"150\" src=\"https:\/\/www.radiopiu.net\/wordpress\/wp-content\/uploads\/2021\/06\/Giuliano-Dal-Mas-150x150.jpg\" class=\"attachment-thumbnail size-thumbnail\" alt=\"\" \/><\/a>\n\t\t\t\t<\/dt><\/dl><br style=\"clear: both\" \/>\n\t\t\t<\/div>\n\n<p><strong>\u00a0<\/strong><\/p>\n<p><strong>GIIUSEPPE TABACCO<\/strong><\/p>\n\n\t\t\t<style type='text\/css'>\n\t\t\t\t#gallery-5 {\n\t\t\t\t\tmargin: auto;\n\t\t\t\t}\n\t\t\t\t#gallery-5 .gallery-item {\n\t\t\t\t\tfloat: left;\n\t\t\t\t\tmargin-top: 10px;\n\t\t\t\t\ttext-align: center;\n\t\t\t\t\twidth: 100%;\n\t\t\t\t}\n\t\t\t\t#gallery-5 img {\n\t\t\t\t\tborder: 2px solid #cfcfcf;\n\t\t\t\t}\n\t\t\t\t#gallery-5 .gallery-caption {\n\t\t\t\t\tmargin-left: 0;\n\t\t\t\t}\n\t\t\t\t\/* see gallery_shortcode() in wp-includes\/media.php *\/\n\t\t\t<\/style>\n\t\t<div id='gallery-5' class='dt-gallery-container gallery galleryid-218750 gallery-columns-1 gallery-size-thumbnail'><dl class='gallery-item'>\n\t\t\t\t<dt class='gallery-icon landscape'>\n\t\t\t\t\t<a class=\"rollover rollover-zoom dt-pswp-item\" title=\"Giuseppe Tabacco\" data-dt-img-description=\"\" data-large_image_width=\"2560\" data-large_image_height=\"1907\"href='https:\/\/www.radiopiu.net\/wordpress\/wp-content\/uploads\/2021\/06\/Giuseppe-Tabacco-scaled.jpg'><img loading=\"lazy\" decoding=\"async\" width=\"150\" height=\"150\" src=\"https:\/\/www.radiopiu.net\/wordpress\/wp-content\/uploads\/2021\/06\/Giuseppe-Tabacco-150x150.jpg\" class=\"attachment-thumbnail size-thumbnail\" alt=\"\" \/><\/a>\n\t\t\t\t<\/dt><\/dl><br style=\"clear: both\" \/>\n\t\t\t<\/div>\n\n<p>&nbsp;<\/p>\n<p><strong>RIFUGIO GALASSI<\/strong><\/p>\n\n\t\t\t<style type='text\/css'>\n\t\t\t\t#gallery-6 {\n\t\t\t\t\tmargin: auto;\n\t\t\t\t}\n\t\t\t\t#gallery-6 .gallery-item {\n\t\t\t\t\tfloat: left;\n\t\t\t\t\tmargin-top: 10px;\n\t\t\t\t\ttext-align: center;\n\t\t\t\t\twidth: 16%;\n\t\t\t\t}\n\t\t\t\t#gallery-6 img {\n\t\t\t\t\tborder: 2px solid #cfcfcf;\n\t\t\t\t}\n\t\t\t\t#gallery-6 .gallery-caption {\n\t\t\t\t\tmargin-left: 0;\n\t\t\t\t}\n\t\t\t\t\/* see gallery_shortcode() in wp-includes\/media.php *\/\n\t\t\t<\/style>\n\t\t<div id='gallery-6' class='dt-gallery-container gallery galleryid-218750 gallery-columns-6 gallery-size-thumbnail'><dl class='gallery-item'>\n\t\t\t\t<dt class='gallery-icon portrait'>\n\t\t\t\t\t<a class=\"rollover rollover-zoom dt-pswp-item\" title=\"Lavori al Rifugio Galassi\" data-dt-img-description=\"\" data-large_image_width=\"1200\" data-large_image_height=\"1600\"href='https:\/\/www.radiopiu.net\/wordpress\/wp-content\/uploads\/2021\/06\/Lavori-al-Rifugio-Galassi.jpg'><img loading=\"lazy\" decoding=\"async\" width=\"150\" height=\"150\" src=\"https:\/\/www.radiopiu.net\/wordpress\/wp-content\/uploads\/2021\/06\/Lavori-al-Rifugio-Galassi-150x150.jpg\" class=\"attachment-thumbnail size-thumbnail\" alt=\"\" \/><\/a>\n\t\t\t\t<\/dt><\/dl><dl class='gallery-item'>\n\t\t\t\t<dt class='gallery-icon landscape'>\n\t\t\t\t\t<a class=\"rollover rollover-zoom dt-pswp-item\" title=\"rif galassi-lavoro\" data-dt-img-description=\"\" data-large_image_width=\"1280\" data-large_image_height=\"853\"href='https:\/\/www.radiopiu.net\/wordpress\/wp-content\/uploads\/2021\/06\/rif-galassi-lavoro.jpg'><img loading=\"lazy\" decoding=\"async\" width=\"150\" height=\"150\" src=\"https:\/\/www.radiopiu.net\/wordpress\/wp-content\/uploads\/2021\/06\/rif-galassi-lavoro-150x150.jpg\" class=\"attachment-thumbnail size-thumbnail\" alt=\"\" \/><\/a>\n\t\t\t\t<\/dt><\/dl><dl class='gallery-item'>\n\t\t\t\t<dt class='gallery-icon landscape'>\n\t\t\t\t\t<a class=\"rollover rollover-zoom dt-pswp-item\" title=\"Rifugio Galassi inverno\" data-dt-img-description=\"\" data-large_image_width=\"1280\" data-large_image_height=\"960\"href='https:\/\/www.radiopiu.net\/wordpress\/wp-content\/uploads\/2021\/06\/Rifugio-Galassi-inverno.jpg'><img loading=\"lazy\" decoding=\"async\" width=\"150\" height=\"150\" src=\"https:\/\/www.radiopiu.net\/wordpress\/wp-content\/uploads\/2021\/06\/Rifugio-Galassi-inverno-150x150.jpg\" class=\"attachment-thumbnail size-thumbnail\" alt=\"\" \/><\/a>\n\t\t\t\t<\/dt><\/dl><dl class='gallery-item'>\n\t\t\t\t<dt class='gallery-icon landscape'>\n\t\t\t\t\t<a class=\"rollover rollover-zoom dt-pswp-item\" title=\"Rifugio Galassi primavera\" data-dt-img-description=\"\" data-large_image_width=\"1280\" data-large_image_height=\"853\"href='https:\/\/www.radiopiu.net\/wordpress\/wp-content\/uploads\/2021\/06\/Rifugio-Galassi-primavera.jpg'><img loading=\"lazy\" decoding=\"async\" width=\"150\" height=\"150\" src=\"https:\/\/www.radiopiu.net\/wordpress\/wp-content\/uploads\/2021\/06\/Rifugio-Galassi-primavera-150x150.jpg\" class=\"attachment-thumbnail size-thumbnail\" alt=\"\" \/><\/a>\n\t\t\t\t<\/dt><\/dl><dl class='gallery-item'>\n\t\t\t\t<dt class='gallery-icon landscape'>\n\t\t\t\t\t<a class=\"rollover rollover-zoom dt-pswp-item\" title=\"Rifugio Galassi\" data-dt-img-description=\"\" data-large_image_width=\"960\" data-large_image_height=\"640\"href='https:\/\/www.radiopiu.net\/wordpress\/wp-content\/uploads\/2021\/06\/Rifugio-Galassi.jpg'><img loading=\"lazy\" decoding=\"async\" width=\"150\" height=\"150\" src=\"https:\/\/www.radiopiu.net\/wordpress\/wp-content\/uploads\/2021\/06\/Rifugio-Galassi-150x150.jpg\" class=\"attachment-thumbnail size-thumbnail\" alt=\"\" \/><\/a>\n\t\t\t\t<\/dt><\/dl><dl class='gallery-item'>\n\t\t\t\t<dt class='gallery-icon portrait'>\n\t\t\t\t\t<a class=\"rollover rollover-zoom dt-pswp-item\" title=\"Volonari Rifugio Galassi\" data-dt-img-description=\"\" data-large_image_width=\"1200\" data-large_image_height=\"1600\"href='https:\/\/www.radiopiu.net\/wordpress\/wp-content\/uploads\/2021\/06\/Volonari-Rifugio-Galassi.jpeg'><img loading=\"lazy\" decoding=\"async\" width=\"150\" height=\"150\" src=\"https:\/\/www.radiopiu.net\/wordpress\/wp-content\/uploads\/2021\/06\/Volonari-Rifugio-Galassi-150x150.jpeg\" class=\"attachment-thumbnail size-thumbnail\" alt=\"\" \/><\/a>\n\t\t\t\t<\/dt><\/dl><br style=\"clear: both\" \/>\n\t\t\t<\/div>\n\n<hr \/>\n<p>&nbsp;<\/p>\n<blockquote>\n<h3>ESSILORLUXOTTICA: L&#8217;ACQUISIZIONE DI GRANDVISION SARA&#8217; FINALIZZATA<\/h3>\n<\/blockquote>\n<p><strong><a href=\"https:\/\/www.radiopiu.net\/wordpress\/essilor-luxottica-continua-la-via-legale-sul-caso-grandvision\/essilor-grandvision\/\" rel=\"attachment wp-att-159137\"><img loading=\"lazy\" decoding=\"async\" class=\"size-medium wp-image-159137 alignleft\" src=\"https:\/\/www.radiopiu.net\/wordpress\/wp-content\/uploads\/2020\/09\/ESSILOR-GRANDVISION-300x300.jpg\" alt=\"\" width=\"300\" height=\"300\" srcset=\"https:\/\/www.radiopiu.net\/wordpress\/wp-content\/uploads\/2020\/09\/ESSILOR-GRANDVISION-300x300.jpg 300w, https:\/\/www.radiopiu.net\/wordpress\/wp-content\/uploads\/2020\/09\/ESSILOR-GRANDVISION.jpg 1024w, https:\/\/www.radiopiu.net\/wordpress\/wp-content\/uploads\/2020\/09\/ESSILOR-GRANDVISION-150x150.jpg 150w, https:\/\/www.radiopiu.net\/wordpress\/wp-content\/uploads\/2020\/09\/ESSILOR-GRANDVISION-768x768.jpg 768w, https:\/\/www.radiopiu.net\/wordpress\/wp-content\/uploads\/2020\/09\/ESSILOR-GRANDVISION-125x125.jpg 125w, https:\/\/www.radiopiu.net\/wordpress\/wp-content\/uploads\/2020\/09\/ESSILOR-GRANDVISION-200x200.jpg 200w, https:\/\/www.radiopiu.net\/wordpress\/wp-content\/uploads\/2020\/09\/ESSILOR-GRANDVISION-80x80.jpg 80w, https:\/\/www.radiopiu.net\/wordpress\/wp-content\/uploads\/2020\/09\/ESSILOR-GRANDVISION-480x480.jpg 480w\" sizes=\"auto, (max-width: 300px) 100vw, 300px\" \/><\/a>FRANCIA<\/strong> Dopo l&#8217;approvazione del Consiglio di Amministrazione, EssilorLuxottica annuncia di voler completare l&#8217;acquisizione del 76,72% di GrandVision detenuto da HAL il 1\u00b0 luglio 2021, al prezzo di 28,42 Euro per azione come previsto negli accordi stipulati il 30 luglio 2019. \u201c<em>Dopo aver valutato tutte le opzioni a nostra disposizione, abbiamo deciso di completare l&#8217;operazione senza ulteriori indugi. Il razionale strategico alla base dell&#8217;operazione rimane forte e intatto e, dopo due anni di impegno e lavoro incessante, siamo ora pronti a voltare pagina e iniziare un nuovo capitolo della storia di EssilorLuxottica con GrandVision. Valorizzeremo le conoscenze e l&#8217;esperienza maturate negli anni per garantire che GrandVision e le sue 37.000 persone di talento possano diventare parte di EssilorLuxottica. Il retail \u00e8 tornato a crescere dopo la pandemia e riteniamo pertanto che questo sia il momento perfetto per espandere la nostra rete di negozi, al fine di interagire in modo pi\u00f9 efficace con i consumatori e aumentare cos\u00ec l\u2019esposizione e la qualit\u00e0 dell&#8217;intero settore. Ci\u00f2 porter\u00e0 beneficio a tutti gli stakeholder, compresi i clienti che rimangono al centro delle nostre strategie<\/em>\u201d, hanno affermato Francesco Milleri e Paul du Saillant, rispettivamente Amministratore Delegato e Vice Amministratore Delegato di EssilorLuxottica<\/p>\n<p>&nbsp;<\/p>\n<p>&nbsp;<\/p>\n<hr \/>\n<p>&nbsp;<\/p>\n<blockquote class=\"wp-embedded-content\" data-secret=\"0aSn3GOyER\"><p><a href=\"https:\/\/www.radiopiu.net\/wordpress\/aggiornamentogiu29\/\">CORONAVIRUS: AGGIORNAMENTO NAZIONALE 29 GIUGNO  2021<\/a><\/p><\/blockquote>\n<p><iframe loading=\"lazy\" class=\"wp-embedded-content\" sandbox=\"allow-scripts\" security=\"restricted\" style=\"position: absolute; clip: rect(1px, 1px, 1px, 1px);\" title=\"&#8220;CORONAVIRUS: AGGIORNAMENTO NAZIONALE 29 GIUGNO  2021&#8221; &#8212; Radio Pi\u00f9\" src=\"https:\/\/www.radiopiu.net\/wordpress\/aggiornamentogiu29\/embed\/#?secret=0aSn3GOyER\" data-secret=\"0aSn3GOyER\" width=\"600\" height=\"338\" frameborder=\"0\" marginwidth=\"0\" marginheight=\"0\" scrolling=\"no\"><\/iframe><\/p>\n<p>&nbsp;<\/p>\n<blockquote class=\"wp-embedded-content\" data-secret=\"Ac5naKyaZt\"><p><a href=\"https:\/\/www.radiopiu.net\/wordpress\/nelle-ultime-24-ore-sono-26-i-nuovi-positivi-in-veneto-ricoveri-in-calo-e-3-decessi-di-cui-uno-a-belluno\/\">NELLE ULTIME 24 ORE SONO 26 I NUOVI POSITIVI IN VENETO. RICOVERI IN CALO E 3 DECESSI (DI CUI UNO A BELLUNO)<\/a><\/p><\/blockquote>\n<p><iframe loading=\"lazy\" class=\"wp-embedded-content\" sandbox=\"allow-scripts\" security=\"restricted\" style=\"position: absolute; clip: rect(1px, 1px, 1px, 1px);\" title=\"&#8220;NELLE ULTIME 24 ORE SONO 26 I NUOVI POSITIVI IN VENETO. RICOVERI IN CALO E 3 DECESSI (DI CUI UNO A BELLUNO)&#8221; &#8212; Radio Pi\u00f9\" src=\"https:\/\/www.radiopiu.net\/wordpress\/nelle-ultime-24-ore-sono-26-i-nuovi-positivi-in-veneto-ricoveri-in-calo-e-3-decessi-di-cui-uno-a-belluno\/embed\/#?secret=Ac5naKyaZt\" data-secret=\"Ac5naKyaZt\" width=\"600\" height=\"338\" frameborder=\"0\" marginwidth=\"0\" marginheight=\"0\" scrolling=\"no\"><\/iframe><\/p>\n<p>&nbsp;<\/p>\n<h3>I GRAFICI DI TIZIANO DE COL<\/h3>\n\n\t\t\t<style type='text\/css'>\n\t\t\t\t#gallery-7 {\n\t\t\t\t\tmargin: auto;\n\t\t\t\t}\n\t\t\t\t#gallery-7 .gallery-item {\n\t\t\t\t\tfloat: left;\n\t\t\t\t\tmargin-top: 10px;\n\t\t\t\t\ttext-align: center;\n\t\t\t\t\twidth: 20%;\n\t\t\t\t}\n\t\t\t\t#gallery-7 img {\n\t\t\t\t\tborder: 2px solid #cfcfcf;\n\t\t\t\t}\n\t\t\t\t#gallery-7 .gallery-caption {\n\t\t\t\t\tmargin-left: 0;\n\t\t\t\t}\n\t\t\t\t\/* see gallery_shortcode() in wp-includes\/media.php *\/\n\t\t\t<\/style>\n\t\t<div id='gallery-7' class='dt-gallery-container gallery galleryid-218750 gallery-columns-5 gallery-size-medium'><dl class='gallery-item'>\n\t\t\t\t<dt class='gallery-icon landscape'>\n\t\t\t\t\t<a class=\"rollover rollover-zoom dt-pswp-item\" title=\"be0e2b06-cf42-4356-9884-e2c5ee0b35c9\" data-dt-img-description=\"\" data-large_image_width=\"599\" data-large_image_height=\"359\"href='https:\/\/www.radiopiu.net\/wordpress\/wp-content\/uploads\/2021\/06\/be0e2b06-cf42-4356-9884-e2c5ee0b35c9.jpg'><img loading=\"lazy\" decoding=\"async\" width=\"300\" height=\"180\" src=\"https:\/\/www.radiopiu.net\/wordpress\/wp-content\/uploads\/2021\/06\/be0e2b06-cf42-4356-9884-e2c5ee0b35c9-300x180.jpg\" class=\"attachment-medium size-medium\" alt=\"\" srcset=\"https:\/\/www.radiopiu.net\/wordpress\/wp-content\/uploads\/2021\/06\/be0e2b06-cf42-4356-9884-e2c5ee0b35c9-300x180.jpg 300w, https:\/\/www.radiopiu.net\/wordpress\/wp-content\/uploads\/2021\/06\/be0e2b06-cf42-4356-9884-e2c5ee0b35c9.jpg 599w\" sizes=\"auto, (max-width: 300px) 100vw, 300px\" \/><\/a>\n\t\t\t\t<\/dt><\/dl><dl class='gallery-item'>\n\t\t\t\t<dt class='gallery-icon landscape'>\n\t\t\t\t\t<a class=\"rollover rollover-zoom dt-pswp-item\" title=\"36a4b9e0-d818-4e19-b4c3-352b5ed3b456\" data-dt-img-description=\"\" data-large_image_width=\"612\" data-large_image_height=\"352\"href='https:\/\/www.radiopiu.net\/wordpress\/wp-content\/uploads\/2021\/06\/36a4b9e0-d818-4e19-b4c3-352b5ed3b456.jpg'><img loading=\"lazy\" decoding=\"async\" width=\"300\" height=\"173\" src=\"https:\/\/www.radiopiu.net\/wordpress\/wp-content\/uploads\/2021\/06\/36a4b9e0-d818-4e19-b4c3-352b5ed3b456-300x173.jpg\" class=\"attachment-medium size-medium\" alt=\"\" srcset=\"https:\/\/www.radiopiu.net\/wordpress\/wp-content\/uploads\/2021\/06\/36a4b9e0-d818-4e19-b4c3-352b5ed3b456-300x173.jpg 300w, https:\/\/www.radiopiu.net\/wordpress\/wp-content\/uploads\/2021\/06\/36a4b9e0-d818-4e19-b4c3-352b5ed3b456.jpg 612w\" sizes=\"auto, (max-width: 300px) 100vw, 300px\" \/><\/a>\n\t\t\t\t<\/dt><\/dl><dl class='gallery-item'>\n\t\t\t\t<dt class='gallery-icon landscape'>\n\t\t\t\t\t<a class=\"rollover rollover-zoom dt-pswp-item\" title=\"7ae97b63-bb1d-4215-9562-5014ef39356d\" data-dt-img-description=\"\" data-large_image_width=\"610\" data-large_image_height=\"354\"href='https:\/\/www.radiopiu.net\/wordpress\/wp-content\/uploads\/2021\/06\/7ae97b63-bb1d-4215-9562-5014ef39356d.jpg'><img loading=\"lazy\" decoding=\"async\" width=\"300\" height=\"174\" src=\"https:\/\/www.radiopiu.net\/wordpress\/wp-content\/uploads\/2021\/06\/7ae97b63-bb1d-4215-9562-5014ef39356d-300x174.jpg\" class=\"attachment-medium size-medium\" alt=\"\" srcset=\"https:\/\/www.radiopiu.net\/wordpress\/wp-content\/uploads\/2021\/06\/7ae97b63-bb1d-4215-9562-5014ef39356d-300x174.jpg 300w, https:\/\/www.radiopiu.net\/wordpress\/wp-content\/uploads\/2021\/06\/7ae97b63-bb1d-4215-9562-5014ef39356d.jpg 610w\" sizes=\"auto, (max-width: 300px) 100vw, 300px\" \/><\/a>\n\t\t\t\t<\/dt><\/dl><dl class='gallery-item'>\n\t\t\t\t<dt class='gallery-icon landscape'>\n\t\t\t\t\t<a class=\"rollover rollover-zoom dt-pswp-item\" title=\"43633605-e9aa-4692-b564-143f6addc72b\" data-dt-img-description=\"\" data-large_image_width=\"604\" data-large_image_height=\"359\"href='https:\/\/www.radiopiu.net\/wordpress\/wp-content\/uploads\/2021\/06\/43633605-e9aa-4692-b564-143f6addc72b.jpg'><img loading=\"lazy\" decoding=\"async\" width=\"300\" height=\"178\" src=\"https:\/\/www.radiopiu.net\/wordpress\/wp-content\/uploads\/2021\/06\/43633605-e9aa-4692-b564-143f6addc72b-300x178.jpg\" class=\"attachment-medium size-medium\" alt=\"\" srcset=\"https:\/\/www.radiopiu.net\/wordpress\/wp-content\/uploads\/2021\/06\/43633605-e9aa-4692-b564-143f6addc72b-300x178.jpg 300w, https:\/\/www.radiopiu.net\/wordpress\/wp-content\/uploads\/2021\/06\/43633605-e9aa-4692-b564-143f6addc72b.jpg 604w\" sizes=\"auto, (max-width: 300px) 100vw, 300px\" \/><\/a>\n\t\t\t\t<\/dt><\/dl><dl class='gallery-item'>\n\t\t\t\t<dt class='gallery-icon landscape'>\n\t\t\t\t\t<a class=\"rollover rollover-zoom dt-pswp-item\" title=\"539d2e74-93e1-4e91-8f8d-9f251613ba6b\" data-dt-img-description=\"\" data-large_image_width=\"600\" data-large_image_height=\"351\"href='https:\/\/www.radiopiu.net\/wordpress\/wp-content\/uploads\/2021\/06\/539d2e74-93e1-4e91-8f8d-9f251613ba6b.jpg'><img loading=\"lazy\" decoding=\"async\" width=\"300\" height=\"176\" src=\"https:\/\/www.radiopiu.net\/wordpress\/wp-content\/uploads\/2021\/06\/539d2e74-93e1-4e91-8f8d-9f251613ba6b-300x176.jpg\" class=\"attachment-medium size-medium\" alt=\"\" srcset=\"https:\/\/www.radiopiu.net\/wordpress\/wp-content\/uploads\/2021\/06\/539d2e74-93e1-4e91-8f8d-9f251613ba6b-300x176.jpg 300w, https:\/\/www.radiopiu.net\/wordpress\/wp-content\/uploads\/2021\/06\/539d2e74-93e1-4e91-8f8d-9f251613ba6b.jpg 600w\" sizes=\"auto, (max-width: 300px) 100vw, 300px\" \/><\/a>\n\t\t\t\t<\/dt><\/dl><br style=\"clear: both\" \/>\n\t\t\t<\/div>\n\n<p>&nbsp;<\/p>\n<hr \/>\n<p>&nbsp;<\/p>\n<blockquote>\n<h3>COVID 19. IL GRANDE CONTRIBUTO DI OLTRE 12.000 VOLONTARI VENETI DI PROTEZIONE CIVILE NELLA LOTTA AL VIRUS<\/h3>\n<\/blockquote>\n<p><strong><a href=\"https:\/\/www.radiopiu.net\/wordpress\/giornale-radiopiu-30-giugno-2021-direttore-mirko-mezzacasa\/1260-2021-ravenna-bottacin-soppelsa-cappello\/\" rel=\"attachment wp-att-218949\"><img loading=\"lazy\" decoding=\"async\" class=\"size-medium wp-image-218949 alignleft\" src=\"https:\/\/www.radiopiu.net\/wordpress\/wp-content\/uploads\/2021\/06\/1260-2021-RAVENNA-BOTTACIN-SOPPELSA-CAPPELLO-300x225.jpg\" alt=\"\" width=\"300\" height=\"225\" srcset=\"https:\/\/www.radiopiu.net\/wordpress\/wp-content\/uploads\/2021\/06\/1260-2021-RAVENNA-BOTTACIN-SOPPELSA-CAPPELLO-300x225.jpg 300w, https:\/\/www.radiopiu.net\/wordpress\/wp-content\/uploads\/2021\/06\/1260-2021-RAVENNA-BOTTACIN-SOPPELSA-CAPPELLO-1024x768.jpg 1024w, https:\/\/www.radiopiu.net\/wordpress\/wp-content\/uploads\/2021\/06\/1260-2021-RAVENNA-BOTTACIN-SOPPELSA-CAPPELLO-768x576.jpg 768w, https:\/\/www.radiopiu.net\/wordpress\/wp-content\/uploads\/2021\/06\/1260-2021-RAVENNA-BOTTACIN-SOPPELSA-CAPPELLO-1536x1152.jpg 1536w, https:\/\/www.radiopiu.net\/wordpress\/wp-content\/uploads\/2021\/06\/1260-2021-RAVENNA-BOTTACIN-SOPPELSA-CAPPELLO.jpg 2048w\" sizes=\"auto, (max-width: 300px) 100vw, 300px\" \/><\/a>VENEZIA\u00a0 <\/strong>Un esercito di 12.044 volontari al lavoro per complessive 281.782 giornate uomo. \u00c8 questa l\u2019estrema sintesi del massiccio impegno della Protezione Civile regionale in 16 mesi, dall\u2019inizio della pandemia. Un lavoro che se fosse monetizzato corrisponderebbe ad una donazione di 50 milioni di euro a beneficio della lotta contro il Coronavirus. Un impegno che comprende anche la riattivazione di 6 ospedali dismessi al fine di disporre di ulteriori strutture, a fronte di una necessit\u00e0 di nuovi ricoveri. Ma c\u2019\u00e8 stato anche un impegno pi\u00f9 discreto e altrettanto importante: l\u2019assistenza informativa ai cittadini dalla sala operativa regionale che \u2013 grazie al numero verde attivato &#8211; ha ricevuto una media di 300 telefonate al giorno con picchi molto pi\u00f9 alti nel periodo di aprile e maggio del 2020. Altri dati, parlano di decine di milioni di dispositivi di protezione individuale consegnati tramite i Volontari alle strutture e ai cittadini, decine di ventilatori polmonari portati a destinazione, movimentazione di 31 bilici di materiale vario frutto di donazioni per essere destinato al sistema sanitario o alle organizzazioni di volontariato. C\u2019\u00e8, inoltre, la totale gestione da parte di volontari di un centro vaccinale, quello destinato all\u2019immunizzazione dei volontari stessi, allestito e funzionante grazie all\u2019Associazione Alpini e il suo servizio sanitario. Sono soltanto alcuni dei numeri resi noti a Marghera dall\u2019assessore veneto alla Protezione civile, Gianpaolo Bottacin, durante un incontro a cui hanno partecipato anche il referente regionale del Volontariato di PC, Maurizio Cappello (in rappresentanza delle organizzazioni volontarie) e il coordinatore del 3\u00b0 Raggruppamento ANA (Associazione Nazionale Alpini), Stefano Ravenna (in rappresentanza delle organizzazioni nazionali), insieme al dirigente della struttura regionale di Protezione Civile, Luca Soppelsa.<\/p>\n<div style=\"width: 640px;\" class=\"wp-video\"><video class=\"wp-video-shortcode\" id=\"video-218750-1\" width=\"640\" height=\"352\" preload=\"metadata\" controls=\"controls\"><source type=\"video\/mp4\" src=\"https:\/\/www.radiopiu.net\/wordpress\/wp-content\/uploads\/2021\/06\/BOTTACIN-PROTEZIONE-CIVILE.mp4?_=1\" \/><a href=\"https:\/\/www.radiopiu.net\/wordpress\/wp-content\/uploads\/2021\/06\/BOTTACIN-PROTEZIONE-CIVILE.mp4\">https:\/\/www.radiopiu.net\/wordpress\/wp-content\/uploads\/2021\/06\/BOTTACIN-PROTEZIONE-CIVILE.mp4<\/a><\/video><\/div>\n<p>&nbsp;<\/p>\n<p><strong>LE SCHEDE PRESENTATE DALL&#8217;ASSESSORE REGIONALE GIANPAOLO BOTTACIN<\/strong><\/p>\n<a href=\"https:\/\/www.radiopiu.net\/wordpress\/wp-content\/uploads\/2021\/06\/1260-2021-SCHEDE-ASSESSORE-BOTTACIN-conferenza-stampa-29-giugno-2021.pdf\" class=\"pdfemb-viewer\" style=\"\" data-width=\"max\" data-height=\"max\" data-toolbar=\"top\" data-toolbar-fixed=\"on\">1260-2021 SCHEDE ASSESSORE BOTTACIN conferenza stampa 29 giugno 2021<\/a>\n<p>&nbsp;<\/p>\n<p>&nbsp;<\/p>\n<hr \/>\n<p>&nbsp;<\/p>\n<blockquote>\n<h3>PROTEZIONE CIVILE. DICHIARATO LO STATO DI GRAVE PERICOLOSITA\u2019 PER GLI INCENDI BOSCHIVI NEI COMUNI A RISCHIO<\/h3>\n<\/blockquote>\n<p><strong>VENEZIA\u00a0 <\/strong>Viste le condizioni meteo-climatiche e vegetazionali, \u00e8 stato dichiarato lo stato di grave pericolosit\u00e0 per gli incendi boschivi per tutti i territori comunali a rischio della Regione Veneto. Fino alla comunicazione di revoca dello stato di grave pericolosit\u00e0 per gli\u00a0incendi\u00a0boschivi, sono pertanto vietate tutte le operazioni che possono creare pericolo o possibilit\u00e0 di\u00a0incendio\u00a0in aree boscate, cespugliate o arborate, e comunque entro la distanza di cento metri dai medesimi terreni. Per le trasgressioni a tali divieti si applicano le sanzioni previste dalla Legge 21 novembre 2000, n. 353 e dalle Prescrizioni di Massima e di Polizia Forestale vigenti.<\/p>\n<p>&nbsp;<\/p>\n<p>&nbsp;<\/p>\n<hr \/>\n<p>&nbsp;<\/p>\n<blockquote>\n<h3>DOMENICA PASSI CHIUSI, IL RITORNO DELLA MARATONA DLES DOLOMITES<\/h3>\n<\/blockquote>\n<p><a href=\"https:\/\/www.radiopiu.net\/wordpress\/domenica-passi-chiusi-il-ritorno-della-maratona-dles-dolomites\/0862207a-d195-4e51-88a3-a6336df6463c\/\" rel=\"attachment wp-att-218787\"><img loading=\"lazy\" decoding=\"async\" class=\"size-medium wp-image-218787 alignleft\" src=\"https:\/\/www.radiopiu.net\/wordpress\/wp-content\/uploads\/2021\/06\/0862207a-d195-4e51-88a3-a6336df6463c-300x289.jpg\" sizes=\"auto, (max-width: 300px) 100vw, 300px\" srcset=\"https:\/\/www.radiopiu.net\/wordpress\/wp-content\/uploads\/2021\/06\/0862207a-d195-4e51-88a3-a6336df6463c-300x289.jpg 300w, https:\/\/www.radiopiu.net\/wordpress\/wp-content\/uploads\/2021\/06\/0862207a-d195-4e51-88a3-a6336df6463c-768x739.jpg 768w, https:\/\/www.radiopiu.net\/wordpress\/wp-content\/uploads\/2021\/06\/0862207a-d195-4e51-88a3-a6336df6463c.jpg 800w\" alt=\"\" width=\"300\" height=\"289\" \/><\/a>REDAZIONE\u00a0 Dopo un anno forzato di stop (covid19) riecco la Maratona Dles Dolomites, domenica con partenza ed arrivo a Corvara. Inevitabili i disagi lungo le strade per la chiusura.\u00a0<strong>NELL\u2019AGORDINO:<\/strong>\u00a0 LA VILLA-ARABBA dalle 5 alle 7.30 ARABBA-PASSO PORDOI DALLE 6.30 alle 8.45 CORVARA-ARABBA 7.55-11.30 ARABBA-CERNADOI 8.20-12 CERNADOI-SELVA DI CADORE 8.40-12.15 SELVA-PASSO GIAU 9-14 POCOL-FALZAREGO 9.50-14.45 CERNADOI-FALZAREGO 9.15 14.50 FALZAREGO-VAL PAROLA 9.15-14.50<\/p>\n<p><strong>ALTO ADIGE:<\/strong>\u00a0SS48-PIAN DE GRALBA 7.30-11.20, GARDENA-CORVARA 7.45-11.35 VAL PAROLA-SAN CASSIANO 9-15-15.30 SAN CASSIANO-LA VILLA 9-15-16 LA VILLA ALTA 9.20-17 CORVARA-LA VILLA 9-30-17<\/p>\n<p>&nbsp;<\/p>\n<p>&nbsp;<\/p>\n<p>&nbsp;<\/p>\n<hr \/>\n<p>&nbsp;<\/p>\n<blockquote>\n<h3>SABATO LA QUINTA TAPPA DEL GIRO DEL VENETO TRANSITA PER L&#8217;AGORDINO<\/h3>\n<\/blockquote>\n<p><strong>REDAZIONE <\/strong>Sar\u00e0 una tappa completamente bellunese quella del Giro del Veneto che transiter\u00e0 sabato prossimo sulle strade dell&#8217;Agordino. La quinta tappa della corsa a livello Nazionale Elite &#8211; Under 23 partir\u00e0 da Sospirolo e arriver\u00e0 a Falcade. I corridori partiranno alle 13:30 da Sospirolo per fare 3 giri su un anello prima di prendere la strada del Mis, arrivare a Gosaldo per poi salire a Forcella Aurine. Da li la discesa verso Voltago per poi svoltare verso Digoman, transitare a Rivamonte, ritornare a Gosaldo e Forcella Aurine per la seconda volta. Da qui i ciclisti scenderanno verso Agordo e prenderanno la tangenziale che li porter\u00e0 a Cencenighe e poi l&#8217;ultima fatica prima di arrivare a Falcade dove \u00e8 previsto l&#8217;arrivo tra le 16:25 e le 17. <strong>Per chi transita nel senso inverso arresto nel momento in cui s&#8217;incontra la gara, per chi segue la gara e si ritrova ad esempio lungo la regionel 203 agordina fino a Cencenighe e poi su fino a Falcade rimane in coda.\u00a0<\/strong><\/p>\n<p><strong>LA TABELLA DI MARCIA DELLA 5\u00aa TAPPA DEL GIRO DEL VENETO SOSPIROLO &#8211; FALCADE<\/strong><\/p>\n<p><a href=\"https:\/\/www.radiopiu.net\/wordpress\/sabato-la-quinta-tappa-del-giro-del-veneto-transita-per-lagordino\/giro_veneto\/\" rel=\"attachment wp-att-218817\"><img loading=\"lazy\" decoding=\"async\" class=\"alignnone wp-image-218817 size-large\" src=\"https:\/\/www.radiopiu.net\/wordpress\/wp-content\/uploads\/2021\/06\/Giro_Veneto-1024x724.jpg\" alt=\"\" width=\"1024\" height=\"724\" srcset=\"https:\/\/www.radiopiu.net\/wordpress\/wp-content\/uploads\/2021\/06\/Giro_Veneto-1024x724.jpg 1024w, https:\/\/www.radiopiu.net\/wordpress\/wp-content\/uploads\/2021\/06\/Giro_Veneto-300x212.jpg 300w, https:\/\/www.radiopiu.net\/wordpress\/wp-content\/uploads\/2021\/06\/Giro_Veneto-768x543.jpg 768w, https:\/\/www.radiopiu.net\/wordpress\/wp-content\/uploads\/2021\/06\/Giro_Veneto-1536x1086.jpg 1536w, https:\/\/www.radiopiu.net\/wordpress\/wp-content\/uploads\/2021\/06\/Giro_Veneto-2048x1448.jpg 2048w\" sizes=\"auto, (max-width: 1024px) 100vw, 1024px\" \/><\/a><\/p>\n<p>&nbsp;<\/p>\n<p>&nbsp;<\/p>\n<p>&nbsp;<\/p>\n<hr \/>\n<p>&nbsp;<\/p>\n<blockquote>\n<h3>IL MERCOLEDI&#8217; DOLOMITIBUS PROLUNGA FINO A LAMBROI LA CORSA DA AGORDO DELLE 13:30<\/h3>\n<p><em>Dopo le critiche del Corriere delle Alpi e Radio Piu&#8217; (vedi articoli precedenti di Gianni Santomaso) Dolomitibus scopre&#8230; la soluzione almeno un giorno alla settimana&#8230;sempre poco ma meglio che niente per chi ha deciso di continuare a vivere in montagna.\u00a0<\/em><\/p><\/blockquote>\n<p><strong><a href=\"https:\/\/www.radiopiu.net\/wordpress\/giornale-radiopiu-18-giugno-2020-direttore-mirko-mezzacasa\/4b299438-d3cd-4953-bb41-b739ff3291f9\/\" rel=\"attachment wp-att-144900\"><img loading=\"lazy\" decoding=\"async\" class=\" wp-image-144900 alignleft\" src=\"https:\/\/www.radiopiu.net\/wordpress\/wp-content\/uploads\/2020\/06\/4b299438-d3cd-4953-bb41-b739ff3291f9-300x225.jpg\" alt=\"\" width=\"211\" height=\"158\" srcset=\"https:\/\/www.radiopiu.net\/wordpress\/wp-content\/uploads\/2020\/06\/4b299438-d3cd-4953-bb41-b739ff3291f9-300x225.jpg 300w, https:\/\/www.radiopiu.net\/wordpress\/wp-content\/uploads\/2020\/06\/4b299438-d3cd-4953-bb41-b739ff3291f9-1024x768.jpg 1024w, https:\/\/www.radiopiu.net\/wordpress\/wp-content\/uploads\/2020\/06\/4b299438-d3cd-4953-bb41-b739ff3291f9-768x576.jpg 768w, https:\/\/www.radiopiu.net\/wordpress\/wp-content\/uploads\/2020\/06\/4b299438-d3cd-4953-bb41-b739ff3291f9-1536x1152.jpg 1536w, https:\/\/www.radiopiu.net\/wordpress\/wp-content\/uploads\/2020\/06\/4b299438-d3cd-4953-bb41-b739ff3291f9.jpg 2048w\" sizes=\"auto, (max-width: 211px) 100vw, 211px\" \/><\/a>GOSALDO<\/strong> Da domani DolomitiBus prolunga fino a Lambroi la corsa del mercoled\u00ec che parte da Agordo alle 13.10. \u00c8 stato cos\u00ec recepito il disagio manifestato alcuni giorni fa dalle sorelle Germana e Franca Ren che mercoled\u00ec scorso erano scese ad Agordo per fare la spesa visto che a Labroi e dintorni, dove abitano, non ci sono negozi, ma avevano avuto una brutta sorpresa. Partite alle 7 da Lambroi-Baita, erano arrivate ad Agordo alle 7.35. Quindi erano ripartite alle 13.10, ma la corriera, come stabilito dall&#8217;orario estivo, si era fermata a Tiser. Erano dunque riuscite ad arrivare a casa poco dopo le 15 solo grazie a un ragazzo del posto che aveva dato loro un passaggio. Altrimenti, se avessero dovuto aspettare la corriera, sarebbero tornate solo alle 17.50. Un orario di questo tipo, dunque, costringeva le sorelle e tutti gli utenti della zona a rimanere in giro per circa 11 ore. Dopo la protesta DolomitiBus \u00e8 corsa ai ripari. In seguito all&#8217;autorizzazione arrivata dalla Provincia, l&#8217;azienda di trasporto pubblico ha prolungato per tutta l&#8217;estate la corsa del mercoled\u00ec delle 13.10 fino a Lambroi. Tale corsa, dunque, arriver\u00e0 a destinazione alle 13.45. Quindi la corriera si girer\u00e0 e ripartir\u00e0 alla volta di Agordo dove arriver\u00e0 alle 14.20.<\/p>\n<p>&nbsp;<\/p>\n<p><strong>ARCHIVIO RADIO PIU\u00a0<\/strong><\/p>\n<blockquote class=\"wp-embedded-content\" data-secret=\"xZux1VgIga\"><p><a href=\"https:\/\/www.radiopiu.net\/wordpress\/quando-la-dolomitibus-lascia-gli-utenti-a-pendolon\/\">QUANDO LA DOLOMITIBUS LASCIA GLI UTENTI A &#8220;PENDOLON&#8221;<\/a><\/p><\/blockquote>\n<p><iframe loading=\"lazy\" class=\"wp-embedded-content\" sandbox=\"allow-scripts\" security=\"restricted\" style=\"position: absolute; clip: rect(1px, 1px, 1px, 1px);\" title=\"&#8220;QUANDO LA DOLOMITIBUS LASCIA GLI UTENTI A &#8220;PENDOLON&#8221;&#8221; &#8212; Radio Pi\u00f9\" src=\"https:\/\/www.radiopiu.net\/wordpress\/quando-la-dolomitibus-lascia-gli-utenti-a-pendolon\/embed\/#?secret=xZux1VgIga\" data-secret=\"xZux1VgIga\" width=\"600\" height=\"338\" frameborder=\"0\" marginwidth=\"0\" marginheight=\"0\" scrolling=\"no\"><\/iframe><\/p>\n<p>&nbsp;<\/p>\n<p>&nbsp;<\/p>\n<hr \/>\n<p>&nbsp;<\/p>\n<h2 style=\"text-align: left;\"><span style=\"color: #ff0000;\">MUSLA, CON LA NUOVA GENERAZIONE LINGUE, USI, COSTUMI , raccolta completa\u00a0<\/span><\/h2>\n<p style=\"text-align: left;\"><strong>10 PUNTATE ALLA RADIO, DA LUNEDI 28 GIUGNO ALLE 14.\u00a0<\/strong><\/p>\n<p>&nbsp;<\/p>\n<blockquote class=\"wp-embedded-content\" data-secret=\"xIUyQiYPgg\"><p><a href=\"https:\/\/www.radiopiu.net\/wordpress\/agora-agordina-la-nosta-piaza\/\">AGORA&#8217; AGORDINA&#8230; LA NOSTA PIAZA LADINA RACCOLTA COMPLETA PRIMA STAGIONE<\/a><\/p><\/blockquote>\n<p><iframe loading=\"lazy\" class=\"wp-embedded-content\" sandbox=\"allow-scripts\" security=\"restricted\" style=\"position: absolute; clip: rect(1px, 1px, 1px, 1px);\" title=\"&#8220;AGORA&#8217; AGORDINA&#8230; LA NOSTA PIAZA LADINA RACCOLTA COMPLETA PRIMA STAGIONE&#8221; &#8212; Radio Pi\u00f9\" src=\"https:\/\/www.radiopiu.net\/wordpress\/agora-agordina-la-nosta-piaza\/embed\/#?secret=xIUyQiYPgg\" data-secret=\"xIUyQiYPgg\" width=\"600\" height=\"338\" frameborder=\"0\" marginwidth=\"0\" marginheight=\"0\" scrolling=\"no\"><\/iframe><\/p>\n<p>&nbsp;<\/p>\n<p>&nbsp;<\/p>\n<p>&nbsp;<\/p>\n<hr \/>\n<p>&nbsp;<\/p>\n<blockquote>\n<h3>L&#8217;APPELLO DEL SINDACO &#8220;FATE LA PART DE LE LEGNE&#8221;<\/h3>\n<\/blockquote>\n<p><strong><img loading=\"lazy\" decoding=\"async\" class=\"alignleft\" src=\"https:\/\/www.radiopiu.net\/wordpress\/wp-content\/uploads\/2019\/07\/AGORDO-ROBERTO-CHISSALE-300x300.jpg\" width=\"107\" height=\"107\" \/>AGORDO<\/strong> Il sindaco di Agordo Roberto Chissal\u00e8 ha lanciato un appello dai microfoni di Radio Pi\u00f9 &#8220;fate la part de le legne&#8221;, lo dice ai cittadini di Agordo chiedendo aiuto a ripulire boschi e territorio.<\/p>\n<p>AUDIO<\/p>\n<audio class=\"wp-audio-shortcode\" id=\"audio-218750-6\" preload=\"none\" style=\"width: 100%;\" controls=\"controls\"><source type=\"audio\/mpeg\" src=\"https:\/\/www.radiopiu.net\/wordpress\/wp-content\/uploads\/2021\/06\/chissale.mp3?_=6\" \/><a href=\"https:\/\/www.radiopiu.net\/wordpress\/wp-content\/uploads\/2021\/06\/chissale.mp3\">https:\/\/www.radiopiu.net\/wordpress\/wp-content\/uploads\/2021\/06\/chissale.mp3<\/a><\/audio>\n<p>&nbsp;<\/p>\n<blockquote>\n<h3><\/h3>\n<\/blockquote>\n<hr \/>\n<blockquote>\n<h3><\/h3>\n<h3>LUXOTTICA-ETIFOR-COMUNE E IL BOSCO DEL LARION TORNA A &#8220;RESPIRARE&#8221; SPECIALE ALLA RADIO<\/h3>\n<\/blockquote>\n<p>&nbsp;<\/p>\n<p><strong>OSPITI Alex Pra di Etifor e Roberto Chissal\u00e8 sindaco di Agordo\u00a0<\/strong><\/p>\n<audio class=\"wp-audio-shortcode\" id=\"audio-218750-7\" preload=\"none\" style=\"width: 100%;\" controls=\"controls\"><source type=\"audio\/mpeg\" src=\"https:\/\/www.radiopiu.net\/wordpress\/wp-content\/uploads\/2021\/06\/roberto-e-alex.mp3?_=7\" \/><a href=\"https:\/\/www.radiopiu.net\/wordpress\/wp-content\/uploads\/2021\/06\/roberto-e-alex.mp3\">https:\/\/www.radiopiu.net\/wordpress\/wp-content\/uploads\/2021\/06\/roberto-e-alex.mp3<\/a><\/audio>\n<p>&nbsp;<\/p>\n<p><strong>DAI NOTIZIARI DI RADIO PIU maggio 2021<\/strong><\/p>\n<blockquote class=\"wp-embedded-content\" data-secret=\"H64HzPmkNh\"><p><a href=\"https:\/\/www.radiopiu.net\/wordpress\/larions-forest-esbosco-in-corso-grazie-a-luxottica\/\">LARION&#8217;S FOREST, ESBOSCO IN CORSO GRAZIE A LUXOTTICA<\/a><\/p><\/blockquote>\n<p><iframe loading=\"lazy\" class=\"wp-embedded-content\" sandbox=\"allow-scripts\" security=\"restricted\" style=\"position: absolute; clip: rect(1px, 1px, 1px, 1px);\" title=\"&#8220;LARION&#8217;S FOREST, ESBOSCO IN CORSO GRAZIE A LUXOTTICA&#8221; &#8212; Radio Pi\u00f9\" src=\"https:\/\/www.radiopiu.net\/wordpress\/larions-forest-esbosco-in-corso-grazie-a-luxottica\/embed\/#?secret=H64HzPmkNh\" data-secret=\"H64HzPmkNh\" width=\"600\" height=\"338\" frameborder=\"0\" marginwidth=\"0\" marginheight=\"0\" scrolling=\"no\"><\/iframe><\/p>\n<p>&nbsp;<\/p>\n<p>&nbsp;<\/p>\n<hr \/>\n<p>&nbsp;<\/p>\n<div>\n<blockquote>\n<h3 class=\"p1\"><span class=\"s1\">DMO, MICHELE BASSO NUOVO DIRETTORE, ESPRESSIONE CONDIVISA DEI SOCI PRIVATI<\/span><\/h3>\n<\/blockquote>\n<p class=\"p1\"><span class=\"s1\"><strong><a href=\"https:\/\/www.radiopiu.net\/wordpress\/giornale-radiopiu-30-giugno-2021-direttore-mirko-mezzacasa\/michele-basso\/\" rel=\"attachment wp-att-218856\"><img loading=\"lazy\" decoding=\"async\" class=\"size-medium wp-image-218856 alignleft\" src=\"https:\/\/www.radiopiu.net\/wordpress\/wp-content\/uploads\/2021\/06\/MIchele-Basso-300x225.jpg\" alt=\"\" width=\"300\" height=\"225\" srcset=\"https:\/\/www.radiopiu.net\/wordpress\/wp-content\/uploads\/2021\/06\/MIchele-Basso-300x225.jpg 300w, https:\/\/www.radiopiu.net\/wordpress\/wp-content\/uploads\/2021\/06\/MIchele-Basso-1024x768.jpg 1024w, https:\/\/www.radiopiu.net\/wordpress\/wp-content\/uploads\/2021\/06\/MIchele-Basso-768x576.jpg 768w, https:\/\/www.radiopiu.net\/wordpress\/wp-content\/uploads\/2021\/06\/MIchele-Basso-1536x1152.jpg 1536w, https:\/\/www.radiopiu.net\/wordpress\/wp-content\/uploads\/2021\/06\/MIchele-Basso.jpg 1600w\" sizes=\"auto, (max-width: 300px) 100vw, 300px\" \/><\/a>BELLUNO <\/strong>Michele Basso \u00e8 il nuovo direttore della Dmo Dolomiti. Cos\u00ec hanno deciso in maniera unitaria i soci pubblici e privati della Destination Management Organization, il soggetto pubblico-privato deputato alla gestione del marketing turistico della provincia di Belluno. Basso proviene dal mondo di Confartigianato Belluno, di cui \u00e8 direttore. Il suo nome \u00e8 stato condiviso tra tutti i componenti della Dmo, proposto unitariamente da Confartigianato, Ascom, Appia Cna, Confindustria, Confagricoltura e Coldiretti. E ufficializzato nell\u2019assemblea societaria di luned\u00ec 28 giugno, svoltasi a Longarone. <\/span><span class=\"s1\">\u00ab<em>Ringrazio per questa nomina, prestigiosa e allo stesso tempo impegnativa\u00bb <\/em>le prime parole di Basso, che ricoprir\u00e0 un incarico tecnico e gratuito, come deliberato all\u2019unanimit\u00e0 dall\u2019assemblea della Dmo, e affiancher\u00e0 la nuova figura della responsabile marketing<em>. \u00abOra lavoreremo seguendo il mandato dell\u2019assemblea di luned\u00ec, ovvero verificando lo statuto della Dmo, al fine di trovare la forma societaria pi\u00f9 adatta a rendere ancora pi\u00f9 operativa la struttura. La crisi Covid ha imposto una revisione delle attivit\u00e0, e ora \u00e8 arrivato il momento del rilancio<\/em>\u00bb. (foto: ilsestantenews.it)<\/span><\/p>\n<\/div>\n<p>&nbsp;<\/p>\n<hr \/>\n<p>&nbsp;<\/p>\n<blockquote>\n<h3>IERI ALLA RADIO, L&#8217;INTERROGAZIONE DI FRANCO ROCCON<\/h3>\n<\/blockquote>\n<p><strong>BELLUNO<\/strong> Ieri abbiamo chiesto al sindaco di Belluno &#8211; tramite il portavoce &#8211; un commento alla critica di Roccon, pi\u00f9 che altro per rispetto di cittadini sanzionati dall&#8217;autovelox di Levego e che in questi anni hanno contribuito a rimpinguare il bilancio del Comune e forse potranno anche fare ricorso. Ma il sindaco ha evidentemente preferito non risponderci&#8230; Peccato occasione persa per chiarire e dubbi in deciso aumento. Eppure la Giunta Massaro quando vuole accedere ai mezzi di informazione lo sa fare anche bene.<\/p>\n<h2>AUTOVELOX DI VIA MIARI, ROCCON &#8220;MA E&#8217; TUTTO REGOLARE?&#8221;<\/h2>\n<p><strong><img loading=\"lazy\" decoding=\"async\" class=\"alignleft\" src=\"https:\/\/www.radiopiu.net\/wordpress\/wp-content\/uploads\/2020\/01\/autovelox111.jpg_997313609.jpg\" width=\"219\" height=\"147\" \/>BELLUNO<\/strong> Dal novembre 2020 in via Miari (Levego) \u00e8 attivato l&#8217;autovelox lungo la provinciale 1 al chilometro 4.940 della ditta Sensys Gatto Group secondo i verbali tarato il 2 settembre 2020. Gi\u00e0 alcuni automobilisti hanno fatto ricorso al Giudice di Pace, Fabrizio Schioppa che ha accolto i ricorsi dei sanzionati annullando le gabelle ritenendo che sull&#8217;apparecchio non sia presente l&#8217;omologazione. Il Comune di Belluno ha previsto un incasso di 1milione di euro dalle sanzioni del codice della strada probabilmente senza valutare i costi indotti dagli annullamenti in seguito ad inevitabili ricorsi.<\/p>\n<blockquote><p><em>Il consigliere Franco Roccon a questo proposito interroga il sindaco Jacopo Massaro sulla stato di omologazione dell&#8217;autovelox chiedendo al contempo un&#8217;attenta analisi sospendendo le rilevazioni della velocit\u00e0 e calcolando eventuali danni erariali<\/em><\/p><\/blockquote>\n<p><strong>FRANCO ROCCON<\/strong><\/p>\n<audio class=\"wp-audio-shortcode\" id=\"audio-218750-8\" preload=\"none\" style=\"width: 100%;\" controls=\"controls\"><source type=\"audio\/mpeg\" src=\"https:\/\/www.radiopiu.net\/wordpress\/wp-content\/uploads\/2021\/06\/ROCCON.mp3?_=8\" \/><a href=\"https:\/\/www.radiopiu.net\/wordpress\/wp-content\/uploads\/2021\/06\/ROCCON.mp3\">https:\/\/www.radiopiu.net\/wordpress\/wp-content\/uploads\/2021\/06\/ROCCON.mp3<\/a><\/audio>\n<p>&nbsp;<\/p>\n<p>&nbsp;<\/p>\n<hr \/>\n<hr \/>\n<p>&nbsp;<\/p>\n<blockquote>\n<h3>IN COLLABORAZIONE CON LA QUESTURA: I CONSIGLI ANTI TRUFFA<\/h3>\n<\/blockquote>\n<blockquote><p><em><span style=\"color: #222222;\"><span style=\"font-family: Arial, serif;\"><span style=\"font-size: large;\"><b>Estate 2021: Da Polizia Postale e Airbnb i consigli anti-truffa per prenotare la casa \u00a0vacanza. Dal cervello in fuga al tecnico informatico: i profili dei truffatori a caccia della caparra<\/b><\/span><\/span><\/span><\/em><span style=\"color: #222222;\"><span style=\"font-family: Arial, serif;\"><em>.\u00a0<\/em><\/span><\/span><\/p><\/blockquote>\n<p><span style=\"color: #222222;\"><span style=\"font-family: Arial, serif;\"><strong><a href=\"https:\/\/www.radiopiu.net\/wordpress\/la-polizia-postale-e-salva-e-il-sap-esulta\/postale-10\/\" rel=\"attachment wp-att-114649\"><img loading=\"lazy\" decoding=\"async\" class=\"size-medium wp-image-114649 alignleft\" src=\"https:\/\/www.radiopiu.net\/wordpress\/wp-content\/uploads\/2020\/01\/postale-10-300x169.jpg\" alt=\"\" width=\"300\" height=\"169\" srcset=\"https:\/\/www.radiopiu.net\/wordpress\/wp-content\/uploads\/2020\/01\/postale-10-300x169.jpg 300w, https:\/\/www.radiopiu.net\/wordpress\/wp-content\/uploads\/2020\/01\/postale-10.jpg 720w\" sizes=\"auto, (max-width: 300px) 100vw, 300px\" \/><\/a>ROMA<\/strong> L\u2019estate 2021 \u00e8 alle porte e tra vaccini e Green Pass gli italiani guardano alle vacanze. Secondo i dati di Airbnb, stiamo assistendo ad un ritorno alla villeggiatura: le prenotazioni sono aumentate dal 33% nell\u2019estate 2019 al 53% per quella 2021 mentre il turismo rurale \u00e8 passato da un 21% nel 2019 al 37% di quest\u2019anno.\u00a0 Ma con la popolarit\u00e0 della casa vacanza online, aumenta anche il rischio di imbattersi in tentativi di truffa che prendono di mira gli utenti che per la prima volta si cimentano con la prenotazione fai da te della vacanza. Per stare pi\u00f9 tranquilli Polizia Postale e delle Comunicazioni e Airbnb, la piattaforma di viaggio, hanno avviato una campagna per aiutare i meno esperti a riconoscere e stare alla larga dai tentativi di raggiro pi\u00f9 diffusi, individuando i profili di truffatori pi\u00f9 comuni e i consigli per smascherarli. <\/span><\/span><span style=\"color: #222222;\"><span style=\"font-family: Arial, serif;\"><b>Italiani pi\u00f9 digitali: pi\u00f9 frodi virtuali <\/b><\/span><\/span><span style=\"color: #222222;\"><span style=\"font-family: Arial, serif;\">Secondo l\u2019Osservatorio Multicanalit\u00e0 del Politecnico di Milano e da Nielsen, lo scorso anno 30 milioni di italiani hanno effettuato almeno un acquisto online. Il settore dei viaggi, stando alla ricerca, \u00e8 quello in cui pi\u00f9 si utilizza il digitale: quasi 7 utenti su 10, il 65%, acquista una vacanza esclusivamente online oppure alternando online e offline. Nel 2020 con lo scoppio della pandemia le segnalazioni per reati informatici al <\/span><\/span><span style=\"color: #222222;\"><span style=\"font-family: Arial, serif;\"><b>Commissariatodips.it<\/b><\/span><\/span><span style=\"color: #222222;\"><span style=\"font-family: Arial, serif;\"> della Polizia Postale e delle Comunicazioni sono cresciute del <\/span><\/span><span style=\"color: #222222;\"><span style=\"font-family: Arial, serif;\"><b>142%<\/b><\/span><\/span><span style=\"color: #222222;\"><span style=\"font-family: Arial, serif;\"> rispetto all\u2019anno precedente. Per semplificare la vita ai consumatori, \u00e8 nata la Guida pocket In Vacanza come a casa: prenota e parti in tutta sicurezza, curata da Altroconsumo, Polizia Postale con Airbnb per aiutare soprattutto chi \u00e8 alle prime armi a orientarsi quando prenota una casa vacanza online.\u00a0 <\/span><\/span><span style=\"color: #222222;\"><span style=\"font-family: Arial, serif;\"><em>\u201cNonostante gli oltre 5,6 milioni di annunci disponibili, i tentativi di truffa sono estremamente rari e un team di assistenza \u00e8 disponibile 24 su 24 a supporto degli ospiti. La riprova \u00e8 che le frodi pi\u00f9 comuni avvengono su altri siti e il nome di Airbnb \u00e8 utilizzato per adescare la potenziale vittima perch\u00e9 \u00e8 un brand che tranquillizza\u201d, spiega Giacomo Trovato, Country Manager di Airbnb Italia. \u201cE\u2019 importante che sia i contatti tra host e guest sia i pagamenti avvengano sempre all\u2019interno del nostro sito o dell\u2019applicazione, come indicato dai nostri termini di servizio. Airbnb infatti trattiene la somma al momento della prenotazione, riversandola \u00a0al padrone di casa solamente 24 ore dopo l&#8217;avvenuto check in\u201d. <\/em><\/span><\/span><span style=\"font-family: Arial, serif; color: #222222;\">\u00a0 <\/span><span style=\"color: #222222;\"><span style=\"font-family: Arial, serif;\"><b>I profili dei truffatori <\/b><\/span><\/span><strong style=\"font-family: Arial, serif; color: #222222;\">1.<\/strong><span style=\"font-family: Arial, serif; color: #222222;\"> Il cervello in fuga. Questo finto proprietario si \u00e8 appena trasferito all\u2019estero, e non pu\u00f2 mostrare la casa o accogliervi di persona, anche se ci tiene molto ad affittarvela. Per fugare eventuali dubbi, spiegher\u00e0 che si tratta di lavoro. La trattativa a distanza \u00e8 il preludio di una richiesta di \u00a0bonifico internazionale. Comincer\u00e0 subito a chiedervi documenti (utili per costruire la sua prossima falsa identit\u00e0), condividere non meno di 2-3 bozze di contratto \u00c0 la carte, in un sospettoso crescendo di zelo che culminer\u00e0 nella necessit\u00e0 di concludere l\u2019affare entro 24 ore. Il tutto seguito \u00a0da una finta pagina di prenotazione Airbnb, una finta fattura Airbnb e una vera scomparsa dopo aver ricevuto una caparra importante. <\/span><span style=\"color: #222222;\"><span style=\"font-family: Arial, serif;\"><b>2.<\/b><\/span><\/span><span style=\"color: #222222;\"><span style=\"font-family: Arial, serif;\"> Il tecnico informatico. L\u2019host ha davvero creato un annuncio su Airbnb, ma appena chiedete informazioni tramite l\u2019app vi propone per comodit\u00e0 di continuare la conversazione per posta elettronica. Il tempo di chiedervi un paio di cose sul vostro arrivo e vi mander\u00e0 un\u2019altra email informandovi che per un problema con l\u2019aggiornamento del calendario l\u2019annuncio non \u00e8 al momento visibile nella ricerca (in realt\u00e0 lo ha rimosso), e vi fornisce per comodit\u00e0 il link diretto, ovviamente ad un sito clone, molto simile ad Airbnb a un occhio poco esperto. <\/span><\/span><strong>3.<\/strong> Il compare. Anche in questo caso l\u2019host ha creato (da poco, troppo poco) un annuncio su Airbnb, sprovvisto di recensioni. La pagina vi convince e prenotate. Il truffatore \u00e8 amichevole, gentilissimo e lieto che abbiate scelto la sua casa e vi proporr\u00e0 addirittura un bello sconto. Come pu\u00f2 permetterselo? Strizzandovi l\u2019occhio, suggerisce di annullare la prenotazione con Airbnb e di trattare privatamente, cos\u00ec da risparmiare entrambi la commissione del portale. Una volta incassato il bonifico, l\u2019amichevole complicit\u00e0 lascer\u00e0 il posto ad un assordante silenzio: l\u2019amicone \u00e8 sparito e gi\u00e0 a caccia di un\u2019altra vittima. <span style=\"color: #222222;\"><span style=\"font-family: Arial, serif;\"><b>I consigli per non farsi fregare <\/b><\/span><\/span><span style=\"color: #222222;\"><span style=\"font-family: Arial, serif;\"><b>\u00a0<\/b><\/span><\/span><span style=\"color: #222222;\"><span style=\"font-family: Arial, serif;\"><b>1<\/b><\/span><\/span><span style=\"color: #222222;\"><span style=\"font-family: Arial, serif;\">. Non pagate mai direttamente con bonifico. Se vi viene proposto di inviare una caparra, non fidatevi: \u00e8 contrario ai termini del servizio di Airbnb. Pagate esclusivamente attraverso il sito, che in nessun caso prevede il bonifico come strumento di pagamento. Airbnb generalmente trattiene l\u2019intera somma dalla vostra carta di credito e la inoltra all\u2019host solamente 24 ore dopo l\u2019avvenuto check-in, dandovi il tempo di entrare in casa e verificare che tutto sia come pubblicizzato. <\/span><\/span><span style=\"color: #222222;\"><span style=\"font-family: Arial, serif;\"><b>2<\/b><\/span><\/span><span style=\"color: #222222;\"><span style=\"font-family: Arial, serif;\">. Non comunicate fuori dal sito. Diffidate da chi vi propone di lasciare Airbnb per accordarvi privatamente con la promessa di uno sconto: \u00e8 il preludio ad una richiesta di bonifico. Inoltre, non sarete pi\u00f9 tutelati dalle garanzie della piattaforma. Restando nella chat dell\u2019applicazione, potrete segnalare in qualsiasi momento al servizio clienti comportamenti sospetti. <\/span><\/span><span style=\"color: #222222;\"><span style=\"font-family: Arial, serif;\"><b>3<\/b><\/span><\/span><span style=\"color: #222222;\"><span style=\"font-family: Arial, serif;\">. Occhio a link condivisi via email o da altri siti. Diffidate da chi vi contatta tramite un sito di annunci dell\u2019usato o un portale immobiliare generico dicendo di affidarsi ad Airbnb. C\u2019\u00e8 il rischio che vi condividano un link ad un sito fasullo. <\/span><\/span><span style=\"color: #222222;\"><span style=\"font-family: Arial, serif;\"><b>4<\/b><\/span><\/span><span style=\"color: #222222;\"><span style=\"font-family: Arial, serif;\">. Come riconoscere Airbnb dai cloni. Tutte le pagine di Airbnb hanno l\u2019indirizzo che inizia con\u00a0<\/span><\/span><a href=\"http:\/\/www.airbnb.it\/\"><span style=\"color: #1155cc;\"><span style=\"font-family: Arial, serif;\">www.airbnb.it<\/span><\/span><\/a><span style=\"color: #222222;\"><span style=\"font-family: Arial, serif;\">\u00a0o .com, e un numero dopo la parola \u2018rooms\u2019, come nell\u2019esempio:\u00a0<\/span><\/span><a href=\"http:\/\/www.airbnb.it\/rooms\/30728582\"><span style=\"color: #1155cc;\"><span style=\"font-family: Arial, serif;\">www.airbnb.it\/rooms\/30728582<\/span><\/span><\/a><span style=\"color: #222222;\"><span style=\"font-family: Arial, serif;\">. Indirizzi pi\u00f9 complicati o con una struttura diversa devono insospettirvi. Se non siete sicuri, potete cercare su un motore di ricerca il nome dell\u2019annuncio (es. \u201cLuminoso terrazzo Milano\u201d) e \u201cAirbnb\u201d come parole chiave; dovrebbero comparire solamente le pagine legittime. <\/span><\/span><span style=\"color: #222222;\"><span style=\"font-family: Arial, serif;\"><b>5<\/b><\/span><\/span><span style=\"color: #222222;\"><span style=\"font-family: Arial, serif;\">. Leggete l\u2019annuncio con attenzione. Un annuncio ben curato \u00e8 di solito indice di un host e di una casa altrettanto in ordine. Dovrebbero invece mettervi in allarme: un prezzo troppo competitivo per la settimana di Ferragosto, descrizioni particolarmente vaghe, la totale mancanza di recensioni o un profilo utente creato da pochi giorni. <\/span><\/span><span style=\"color: #222222;\"><span style=\"font-family: Arial, serif;\"><b>6<\/b><\/span><\/span><span style=\"color: #222222;\"><span style=\"font-family: Arial, serif;\">. Airbnb non \u00e8 un\u2019agenzia immobiliare. Diffidate di chi vi dice di \u201caver dato incarico ad Airbnb\u201d di mostrarvi la casa. Il sito infatti \u00e8 solamente un portale di intermediazione, equidistante da host e guest. Non esiste \u201cpersonale Airbnb con le chiavi\u201d, come se si trattasse di agenti immobiliari. <\/span><\/span><span style=\"color: #222222;\"><span style=\"font-family: Arial, serif;\"><b>7.<\/b><\/span><\/span><span style=\"color: #222222;\"><span style=\"font-family: Arial, serif;\"> Attenzione agli alloggi \u2018esca\u2019. Se una volta arrivati a destinazione vi si chiede un cambio di sistemazione, ovviamente non all\u2019altezza di quella prenotata, usando come scusa un problema improvviso sorto nell\u2019appartamento originario che lo ha reso momentaneamente inagibile, la cosa migliore \u00e8 documentare tutto e contattare subito la piattaforma per avere un rimborso totale.<\/span><\/span><\/p>\n<p>&nbsp;<\/p>\n<p>&nbsp;<\/p>\n<p>&nbsp;<\/p>\n<p>&nbsp;<\/p>\n<hr \/>\n<blockquote>\n<h3 class=\"p1\"><span class=\"s1\">\u00a0<\/span><\/h3>\n<h3 class=\"p1\"><span class=\"s1\">MALTEMPO, BOND (FI): \u00abTROVARE LA COPERTURA TOTALE DEI DANNI DI DICEMBRE. INDISPENSABILE PER LA MONTAGNA BELLUNESE\u00bb<\/span><\/h3>\n<\/blockquote>\n<p class=\"p1\"><span class=\"s1\"><strong><a href=\"https:\/\/www.radiopiu.net\/wordpress\/giornale-radiopiu-16-luglio-2020-direttore-mirko-mezzacasa\/bond-roma-2\/\" rel=\"attachment wp-att-149602\"><img loading=\"lazy\" decoding=\"async\" class=\" wp-image-149602 alignleft\" src=\"https:\/\/www.radiopiu.net\/wordpress\/wp-content\/uploads\/2020\/07\/BOND-ROMA-300x300.jpg\" alt=\"\" width=\"109\" height=\"109\" srcset=\"https:\/\/www.radiopiu.net\/wordpress\/wp-content\/uploads\/2020\/07\/BOND-ROMA-300x300.jpg 300w, https:\/\/www.radiopiu.net\/wordpress\/wp-content\/uploads\/2020\/07\/BOND-ROMA-150x150.jpg 150w, https:\/\/www.radiopiu.net\/wordpress\/wp-content\/uploads\/2020\/07\/BOND-ROMA.jpg 640w\" sizes=\"auto, (max-width: 109px) 100vw, 109px\" \/><\/a>ROMA <\/strong>\u00ab<em>All\u2019appello della Provincia di Belluno rispondo \u201cpresente!\u201d<\/em>. Far\u00f2 la mia parte per sensibilizzare il governo a trovare la copertura economica dei danni dello scorso dicembre\u00bb. \u00c8 quanto afferma il deputato di Forza Italia Dario Bond, dopo aver letto l\u2019invito dell\u2019amministrazione provinciale a fare squadra per avere il finanziamento completo del ristoro danni a seguito dell\u2019alluvione del 4-9 dicembre 2020.\u00a0<\/span><\/p>\n<p>&nbsp;<\/p>\n<p>&nbsp;<\/p>\n<hr \/>\n<p>&nbsp;<\/p>\n<blockquote>\n<h3>CARENZA DI PERSONALE NELLE CASE DI RIPOSO, NE PARLA IL PD<\/h3>\n<\/blockquote>\n<p><strong><a href=\"https:\/\/www.radiopiu.net\/wordpress\/giornale-radiopiu-del-29-novembre-2018-direttore-mirko-mezzacasa\/pd\/\" rel=\"attachment wp-att-67744\"><img loading=\"lazy\" decoding=\"async\" class=\" wp-image-67744 alignleft\" src=\"https:\/\/www.radiopiu.net\/wordpress\/wp-content\/uploads\/2018\/11\/PD.png\" alt=\"\" width=\"129\" height=\"104\" \/><\/a>VENEZIA<\/strong><em> \u201cLa richiesta di aiuto delle case di riposo va ascoltata, ma la soluzione non \u00e8 equiparare Oss e infermieri come ha voluto fare la Regione. Una recente sentenza del Consiglio di Stato ha infatti ribadito che \u2018l\u2019operatore socio- sanitario non \u00e8 ascrivibile al novero delle professioni sanitarie\u2019. <b>.<\/b><\/em> A ribadirlo \u00e8 Anna Maria Bigon, esponente PD e vicepresidente della commissione Sanit\u00e0 in Consiglio regionale, riprendendo l\u2019allarme lanciato da Uneba Veneto che ha parlato senza mezzi di termini del pericolo chiusura per mancanza di infermieri, circa il 30% del fabbisogno, per molte strutture.<\/p>\n<p>&nbsp;<\/p>\n<p>&nbsp;<\/p>\n<hr \/>\n<p>&nbsp;<\/p>\n<blockquote>\n<h3>INCONTRO ONLINE PER LA LEGA SULLO SPOPOLAMENTO IN PROVINCIA<\/h3>\n<p><em>L&#8217;incontro sar\u00e0 online sulla piattaforma Meet, con inizio alle 20.30.<\/em><\/p><\/blockquote>\n<p><strong><a href=\"https:\/\/www.radiopiu.net\/wordpress\/giornale-radiopiu-21-marzo-2021-direttore-mirko-mezzacasa\/lega-salvini\/\" rel=\"attachment wp-att-198269\"><img loading=\"lazy\" decoding=\"async\" class=\" wp-image-198269 alignleft\" src=\"https:\/\/www.radiopiu.net\/wordpress\/wp-content\/uploads\/2021\/03\/LEGA-SALVINI.png\" alt=\"\" width=\"159\" height=\"159\" srcset=\"https:\/\/www.radiopiu.net\/wordpress\/wp-content\/uploads\/2021\/03\/LEGA-SALVINI.png 262w, https:\/\/www.radiopiu.net\/wordpress\/wp-content\/uploads\/2021\/03\/LEGA-SALVINI-150x150.png 150w\" sizes=\"auto, (max-width: 159px) 100vw, 159px\" \/><\/a>BELLUNO<\/strong> \u201cLo spopolamento nel Bellunese. Numeri e dati di un fenomeno che si pu\u00f2 ancora invertire\u201d. \u00c8 questo il tema del terzo degli incontri online promossi da Lega Belluno per incontrare i cittadini e i militanti attorno ad argomenti di grande attualit\u00e0 per la provincia, in programma gioved\u00ec 1 luglio alle 20.30. A intervenire saranno Quirino Biscaro, professore universitario che spiegher\u00e0 i risvolti sull&#8217;economia dello spopolamento, l&#8217;assessore regionale Gianpaolo Bottacin che, invece, porter\u00e0 i numeri di questa tendenza, e la presidente di Ater Belluno Ilenia Rento. A organizzare e coordinare la serata, condotta online sulla piattaforma Meet, saranno il senatore Paolo Saviane e il parlamentare Mirco Badole.<\/p>\n<p>&nbsp;<\/p>\n<hr \/>\n<p>&nbsp;<\/p>\n<blockquote>\n<h3>CON L&#8217;ONDATA DI CALDO ARRIVANO I CONSIGLI DELL&#8217;ULSS 1 DOLOMITI<\/h3>\n<\/blockquote>\n<p><strong><a href=\"https:\/\/www.radiopiu.net\/wordpress\/con-londata-di-caldo-arrivano-i-consigli-dellulss-1-dolomiti\/caldo-afa\/\" rel=\"attachment wp-att-218959\"><img loading=\"lazy\" decoding=\"async\" class=\"size-medium wp-image-218959 alignleft\" src=\"https:\/\/www.radiopiu.net\/wordpress\/wp-content\/uploads\/2021\/06\/CALDO-AFA-300x300.png\" alt=\"\" width=\"300\" height=\"300\" srcset=\"https:\/\/www.radiopiu.net\/wordpress\/wp-content\/uploads\/2021\/06\/CALDO-AFA-300x300.png 300w, https:\/\/www.radiopiu.net\/wordpress\/wp-content\/uploads\/2021\/06\/CALDO-AFA-1024x1024.png 1024w, https:\/\/www.radiopiu.net\/wordpress\/wp-content\/uploads\/2021\/06\/CALDO-AFA-150x150.png 150w, https:\/\/www.radiopiu.net\/wordpress\/wp-content\/uploads\/2021\/06\/CALDO-AFA-768x768.png 768w, https:\/\/www.radiopiu.net\/wordpress\/wp-content\/uploads\/2021\/06\/CALDO-AFA-1536x1536.png 1536w, https:\/\/www.radiopiu.net\/wordpress\/wp-content\/uploads\/2021\/06\/CALDO-AFA.png 1694w\" sizes=\"auto, (max-width: 300px) 100vw, 300px\" \/><\/a>BELLUNO <\/strong>L\u2019Azienda ULSS 1 Dolomiti, nell\u2019ambito dei piani promossi dalla Regione del Veneto per fronteggiare l\u2019emergenza relativa al disagio da elevata temperatura, ha attivato un progetto per dare aiuto in caso vengano richiesti interventi a supporto di persone in stato di bisogno. Il piano di intervento permette inoltre di individuare preventivamente situazioni a rischio e segnalarle alla rete dei Servizi per un intervento tempestivo. Il piano, infatti, pu\u00f2 essere attivato per il singolo caso dal Medico di Medicina Generale, dal Medico del Servizio di Continuit\u00e0 Assistenziale (ex Guardia Medica), dagli Assistenti Sociali e dal SUEM 118 o Pronto Soccorso attraverso la Centrale Operativa Territoriale. Le situazioni di rilievo clinico saranno comunque affrontate e risolte in ambito sanitario. Inoltre, nel sito <a href=\"http:\/\/www.aulss1.veneto.it\/\">www.aulss1.veneto.it<\/a> area notizie \u00e8 pubblicato un opuscoletto con i consigli utili per fronteggiare il caldo. La popolazione maggiormente a rischio \u00e8 rappresentata dai bambini di et\u00e0 compresa tra 0 e 4 anni, diabetici, cardiopatici, ipertesi, soggetti colpiti da malattie venose e patologie renali, non autosufficienti e pazienti sottoposti a trattamenti farmacologici particolarmente pesanti. In caso di colpo di calore \u00e8 bene tenere la persona in un luogo fresco, ombroso e possibilmente ventilato, usare un ventilatore per favorire l\u2019evaporazione della pelle bagnata, eseguire spugnature sui polsi, fronte, collo e inguine, porre una borsa di ghiaccio sul capo, integrare i liquidi persi dando da bere acqua e sali minerali, raffreddare la cute con dell\u2019acqua. Questi i principali consigli pratici per difendersi dal caldo, rivolti in particolare agli anziani: <strong>Bere molta acqua<\/strong> a temperatura ambiente, anche se non avete sete. <strong>Consumare pasti leggeri<\/strong>, scegliere cibi ricchi di acqua e sali minerali, come frutta, verdura, minestre e minestroni non troppo caldi e cibi privi di grassi come la pasta, il pesce, invece che la carne e formaggi, gelato alla frutta. <strong>Consumare frutta<\/strong> tra un pasto e l\u2019altro, ricca di acqua e sali minerali. <strong>Ridurre l\u2019attivit\u00e0 fisica <\/strong>limitatamente alle fasce orarie pi\u00f9 calde. <strong>Fare attenzione ai condizionatori<\/strong>: sono utili ma \u00e8 bene non creare uno sbalzo di temperatura troppo elevato. Bene, invece, il deumidificatore. <strong>Oscurare le finestre<\/strong> orientate verso il sole nelle ore diurne e ventilare i locali nelle ore mattutine e serali. <strong>Fare<\/strong> <strong>bagni, docce<\/strong> pi\u00f9 frequenti o <strong>spugnature<\/strong> a letto se la persona \u00e8 immobilizzata. <strong>Indossare abiti leggeri,<\/strong> preferire vestiario ampio che non ostacoli la traspirazione, di colore chiaro, di cotone o di lino. <strong>Coprire il capo<\/strong> quando si esce all\u2019aperto e usare occhiali da sole. Fino al 15 settembre sar\u00e0 <strong>attivo un supporto telefonico<\/strong> per la raccolta di segnalazioni sia\u00a0 dal numero verde regionale attivo 24 ore su 24 (800535535) che dalla rete dei servizi ospedalieri e territoriali, tramite il numero telefonico della <strong>CENTRALE OPERATIVA TERRITORIALE (COT) <\/strong><strong>0437 514558 <\/strong>a cui risponde un operatore COT dalle 8:00 alle 21:00, dal luned\u00ec alla domenica, compresi i giorni festivi.<\/p>\n<p><strong>L&#8217;OPUSCOLO DELL&#8217;ULSS 1 DOLOMITI SU COME PROTEGGERSI DAL CALDO<\/strong><\/p>\n<a href=\"https:\/\/www.radiopiu.net\/wordpress\/wp-content\/uploads\/2021\/06\/piano-caldo-2021.pdf\" class=\"pdfemb-viewer\" style=\"\" data-width=\"max\" data-height=\"max\" data-toolbar=\"top\" data-toolbar-fixed=\"on\">piano caldo 2021<\/a>\n<p>&nbsp;<\/p>\n<p>&nbsp;<\/p>\n<hr \/>\n<p>&nbsp;<\/p>\n<blockquote>\n<h3>NASCE L&#8217;ECOMUSEO DELLA VALLE DEL BIOIS<\/h3>\n<\/blockquote>\n<p><strong><a href=\"https:\/\/www.radiopiu.net\/wordpress\/riaperta-martedi-la-strada-per-carfon-di-canale-dagordo\/canale-dagordo-bl\/\" rel=\"attachment wp-att-155275\"><img loading=\"lazy\" decoding=\"async\" class=\" wp-image-155275 alignleft\" src=\"https:\/\/www.radiopiu.net\/wordpress\/wp-content\/uploads\/2020\/08\/Canale-dAgordo-BL-225x300.jpg\" alt=\"\" width=\"121\" height=\"161\" srcset=\"https:\/\/www.radiopiu.net\/wordpress\/wp-content\/uploads\/2020\/08\/Canale-dAgordo-BL-225x300.jpg 225w, https:\/\/www.radiopiu.net\/wordpress\/wp-content\/uploads\/2020\/08\/Canale-dAgordo-BL-768x1024.jpg 768w, https:\/\/www.radiopiu.net\/wordpress\/wp-content\/uploads\/2020\/08\/Canale-dAgordo-BL-1152x1536.jpg 1152w, https:\/\/www.radiopiu.net\/wordpress\/wp-content\/uploads\/2020\/08\/Canale-dAgordo-BL-1536x2048.jpg 1536w, https:\/\/www.radiopiu.net\/wordpress\/wp-content\/uploads\/2020\/08\/Canale-dAgordo-BL-scaled.jpg 1920w\" sizes=\"auto, (max-width: 121px) 100vw, 121px\" \/><\/a>CANALE D&#8217;AGORDO<\/strong><\/p>\n<p>di Gianni Santomaso<\/p>\n<audio class=\"wp-audio-shortcode\" id=\"audio-218750-9\" preload=\"none\" style=\"width: 100%;\" controls=\"controls\"><source type=\"audio\/mpeg\" src=\"https:\/\/www.radiopiu.net\/wordpress\/wp-content\/uploads\/2021\/06\/GIANNI-ECOMUSEO-VALLE-DEL-BIOIS.mp3?_=9\" \/><a href=\"https:\/\/www.radiopiu.net\/wordpress\/wp-content\/uploads\/2021\/06\/GIANNI-ECOMUSEO-VALLE-DEL-BIOIS.mp3\">https:\/\/www.radiopiu.net\/wordpress\/wp-content\/uploads\/2021\/06\/GIANNI-ECOMUSEO-VALLE-DEL-BIOIS.mp3<\/a><\/audio>\n<p>&nbsp;<\/p>\n<hr \/>\n<p>&nbsp;<\/p>\n<blockquote>\n<h3>MOBILITA&#8217; SOSTENIBILE: INCENTIVI DA ARPAV PER IL BIKE TO WORK<\/h3>\n<\/blockquote>\n<p><strong><a href=\"https:\/\/www.radiopiu.net\/wordpress\/incentivi-comunali-per-lacquisto-di-biciclette-a-pedalata-assistita-e-muscolare-nel-primo-giorno-autentico-boom-di-richieste\/bicicletta\/\" rel=\"attachment wp-att-161990\"><img loading=\"lazy\" decoding=\"async\" class=\"size-medium wp-image-161990 alignleft\" src=\"https:\/\/www.radiopiu.net\/wordpress\/wp-content\/uploads\/2020\/09\/BICICLETTA-300x200.jpg\" alt=\"\" width=\"300\" height=\"200\" srcset=\"https:\/\/www.radiopiu.net\/wordpress\/wp-content\/uploads\/2020\/09\/BICICLETTA-300x200.jpg 300w, https:\/\/www.radiopiu.net\/wordpress\/wp-content\/uploads\/2020\/09\/BICICLETTA-1024x683.jpg 1024w, https:\/\/www.radiopiu.net\/wordpress\/wp-content\/uploads\/2020\/09\/BICICLETTA-768x512.jpg 768w, https:\/\/www.radiopiu.net\/wordpress\/wp-content\/uploads\/2020\/09\/BICICLETTA-1536x1024.jpg 1536w, https:\/\/www.radiopiu.net\/wordpress\/wp-content\/uploads\/2020\/09\/BICICLETTA-640x427.jpg 640w, https:\/\/www.radiopiu.net\/wordpress\/wp-content\/uploads\/2020\/09\/BICICLETTA.jpg 1920w\" sizes=\"auto, (max-width: 300px) 100vw, 300px\" \/><\/a>PADOVA <\/strong><span id=\"parent-fieldname-description\" class=\"\">ARPAV ha approvato il progetto per la mobilit\u00e0 sostenibile Casa-Lavoro \u201cBike to work\u201d per i suoi dipendenti per premiare chi va al lavoro in bicicletta con un incentivo di 25 centesimi al km. \u00c8 un avvio sperimentale per i prossimi sei mesi per verificare la risposta del personale. La proposta fa parte del Piano degli Spostamenti Casa-Lavoro 2020-2021, primo strumento dedicato alla mobilit\u00e0 aziendale sostenibile adottato dall\u2019Agenzia il 30 dicembre scorso. <\/span>Nel Piano sono stati elaborati i risultati espressi dal 46% dei dipendenti, riscontrando un\u00a0notevole utilizzo della bicicletta, pari al 15% del totale degli spostamenti in caso di multi modalit\u00e0, che scende al 10% in caso di utilizzo esclusivo, ma che potrebbe aumentare del 17%, sulla base delle risposte favorevoli al\u00a0cambiamento per incentivare la mobilit\u00e0 sostenibile proprio mediante contributi monetari per il \u201cBike to work\u201d. Altri dipendenti hanno espresso la preferenza verso \u201cbuoni mobilit\u00e0\u201d per l\u2019acquisto di una bicicletta elettrica o accessori per la manutenzione della bici, altri ancora hanno richiesto l\u2019installazione di pensiline adeguate e spogliatoi per chi si impegna a coprire distanze maggiori da casa all\u2019ufficio. Molte idee che ARPAV valuter\u00e0 nel tempo, ma che gi\u00e0 dalla primavera scorsa aveva visto la proposta di integrazione della polizza assicurativa vigente con la copertura di eventuali infortuni subiti dai dipendenti per gli spostamenti effettuati in bicicletta in orario di servizio. Un segnale importante che affianca al valore ambientale della bicicletta l\u2019attenzione alla sicurezza della persona. ARPAV premia l\u2019uso della bicicletta, che \u00e8 un simbolo di trasporto sostenibile e trasmette un messaggio positivo dedicato al proprio ambiente e all\u2019attivit\u00e0 all\u2019aperto e che ha un impatto diretto sulla salute e il benessere lavorativo.<\/p>\n<p>&nbsp;<\/p>\n<p>&nbsp;<\/p>\n<hr \/>\n<p>&nbsp;<\/p>\n<blockquote>\n<h3 align=\"CENTER\"><span style=\"color: #000000;\"><span style=\"font-size: x-large;\"><b>Vaccinazione anti COVID anche nelle Farmacie territoriali<\/b><\/span><\/span><\/h3>\n<\/blockquote>\n<p align=\"LEFT\"><span style=\"color: #000000;\"><span style=\"font-size: medium;\"><span lang=\"it-IT\"><strong>BELLUNO<\/strong><\/span><\/span><\/span><span style=\"color: #000000;\"><span style=\"font-size: medium;\"><span lang=\"it-IT\">: Da oggi \u00e8 possibile prenotare ed effettuare la vaccinazione anti covid anche nelle Farmacie del territorio che hanno aderito al progetto regionale e hanno concluso la formazione in Ulss. Le Farmacie territoriali si configurano sempre pi\u00f9 come uno snodo centrale nel sistema dei servizi sanitari, con il vantaggio di essere capillarmente diffuse nel territorio e quindi vicine al cittadino. La vaccinazione in farmacia \u00e8 gratuita e indicata per le persone sane (non rientranti nelle categorie estremamente vulnerabili). Nelle Farmacie territoriali \u00e8 disponibile la modulistica per l\u2019autodichiarazione e le informative, eventualmente scaricabili anche dal sito www.aulss1.veneto.it. Le Farmacie dove sar\u00e0 possibile effetuare la vaccinazione anti covid (previa prenotazione nella Farmacia stessa) sono <\/span><\/span><\/span><b style=\"font-size: medium; color: #000000;\">Dolomiti s.a.s. (Belluno);\u00a0<\/b> <b style=\"font-size: medium; color: #000000;\">Azienda Feltrina Servizi alla Persona \u2013 Farmacia Comunale \u201call\u2019Ospedale\u201d; <\/b><b style=\"font-size: medium; color: #000000;\">Minciotti dr.ssa Eleonora;\u00a0 <\/b><b style=\"font-size: medium; color: #000000;\"><span style=\"color: #ff0000;\">Azienda Speciale Agordo Servizi \u2013 Farmacia Comunale;<\/span><\/b><b style=\"font-size: medium; color: #000000;\">Girardi dr.ssa Ester;\u00a0 <\/b><b style=\"font-size: medium; color: #000000;\">Dolomiti s.a.s. (Trichiana):\u00a0<\/b> <b style=\"font-size: medium; color: #000000;\">Dolomiti s.a.s. (Lozzo)<\/b><\/p>\n<h3 align=\"LEFT\"><\/h3>\n<hr \/>\n<p>&nbsp;<\/p>\n<blockquote>\n<h3>\u201cTRICHIANA PAESE DEL LIBRO\u201d: LIBRI E AUTORI A BORGO VALBELLUNA<\/h3>\n<\/blockquote>\n<p><strong>BORGO VALBELLUNA <\/strong>L&#8217;ufficio cultura del comune, affiancato da un gruppo di volontari, sta lavorando per l\u2019organizzazione degli eventi culturali che si svolgeranno tra inizio luglio e fine settembre,. Gli incontri si svolgeranno, preferibilmente all\u2019aperto, in luoghi caratteristici distribuiti in tutto il comune di Borgo Valbelluna<\/p>\n<p>&nbsp;<\/p>\n<p>&nbsp;<\/p>\n<hr \/>\n<p>&nbsp;<\/p>\n<blockquote>\n<h3>TEST ANTIGIENICI NELLE FARMACIE A BELLUNO,CORTINA, FELTRE, ALPAGO, VALBELLUNA E CADORE<\/h3>\n<\/blockquote>\n<p><a href=\"https:\/\/www.radiopiu.net\/wordpress\/azienda-agordo-servizi-farmacia-e-asilo-nido-bilancio-in-positivo\/farmacia-2\/\" rel=\"attachment wp-att-84142\"><img loading=\"lazy\" decoding=\"async\" class=\"size-full wp-image-84142 alignleft\" src=\"https:\/\/www.radiopiu.net\/wordpress\/wp-content\/uploads\/2019\/04\/FARMACIA.jpg\" alt=\"\" width=\"295\" height=\"171\" \/><\/a><strong>BELLUNO<\/strong> Con l\u2019avvio della stagione turistica ecco le Farmacie che ad oggi hanno aderito al Protocollo di Intesa per l&#8217;esecuzione del test antigenico rapido: <strong>BELLUNO<\/strong>\u00a0FARMACIE CHIMENTI e FARMACIA VENEGGIA <strong>CORTINA<\/strong><u> \u00a0<\/u>FARMACIA SAN GIORGIO e\u00a0 FARMACIA INTERNAZIONALE\u00a0 <strong>FELTRE<\/strong> FARMACIA COMUNALE e\u00a0 FARMACIA MINCIOTTI <strong>ALPAGO<\/strong><u> <\/u>FARMACIA PHARMA FUTURE <strong>LIMANA <\/strong>FARMACIA SMERIERI <strong>TRICHIANA<\/strong> DOLOMITI sas <strong>SEDICO<\/strong>\u00a0 FARMACIA DR. ARRIGONI DOMINGO <strong>SEREN DEL GRAPPA <\/strong>FARMACIA MAZZOCCATO DR.SSA GIULIA <strong>BORGO VALBELLUNA <\/strong>FARMACIA AL CASTELLO <strong>VALLE DI CADORE <\/strong>FARMACIA SORAVIA <strong>AURONZO<\/strong> ENTE COOP. DI MUTUO SOCCORSO <strong>LOZZO DI CADORE<\/strong> DOLOMITI.<\/p>\n<p>&nbsp;<\/p>\n<div><\/div>\n<div>\n<p>&nbsp;<\/p>\n<\/div>\n<hr \/>\n<p>&nbsp;<\/p>\n<blockquote>\n<h3>A LIVINALLONGO PARTE LA RACCOLTA DELLE DOCUMENTAZIONI PER I RISTORI DEI DANNI SUBITI DAL MALTEMPO DAL 12 AL 29 NOVEMBRE 2019<\/h3>\n<\/blockquote>\n<p><strong><a href=\"https:\/\/www.radiopiu.net\/wordpress\/il-minuto-di-silenzo-a-belluno-feltre-e-in-tutto-lagordino\/minuto-silenzio-municipio-livinallongo\/\" rel=\"attachment wp-att-126458\"><img loading=\"lazy\" decoding=\"async\" class=\" wp-image-126458 alignleft\" src=\"https:\/\/www.radiopiu.net\/wordpress\/wp-content\/uploads\/2020\/03\/MINUTO-SILENZIO-MUNICIPIO-LIVINALLONGO-267x300.jpg\" alt=\"\" width=\"147\" height=\"165\" srcset=\"https:\/\/www.radiopiu.net\/wordpress\/wp-content\/uploads\/2020\/03\/MINUTO-SILENZIO-MUNICIPIO-LIVINALLONGO-267x300.jpg 267w, https:\/\/www.radiopiu.net\/wordpress\/wp-content\/uploads\/2020\/03\/MINUTO-SILENZIO-MUNICIPIO-LIVINALLONGO-768x863.jpg 768w, https:\/\/www.radiopiu.net\/wordpress\/wp-content\/uploads\/2020\/03\/MINUTO-SILENZIO-MUNICIPIO-LIVINALLONGO.jpg 854w\" sizes=\"auto, (max-width: 147px) 100vw, 147px\" \/><\/a>LIVINALLONGO <\/strong>\u00c8 iniziata la raccolta dei moduli inerenti ai danni subiti dal maltempo tra il 12 e il 29 novembre 2019. I proprietari dei beni mobili registrati danneggiati nel territorio comunale di Livinallongo del Col di Lana durante le eccezionali avversit\u00e0 atmosferiche possono effettuare segnalazione dei danni subiti e richiesta di contributo esclusivamente tramite la compilazione del modulo di istanza che possono trovare presso l&#8217;ufficio comunale. I moduli regolarmente compilati e sottoscritti, dovranno essere consegnati entro le 12 di luned\u00ec 12 luglio 2021 presso l&#8217;ufficio protocollo del Comune di Livinallongo del Col di Lana oppure mediante posta certificata a <a href=\"mailto:sindaco.comune.livinallongo.bl@pecveneto.it\">sindaco.comune.livinallongo.bl@pecveneto.it<\/a> specificando nell&#8217;oggetto \u201cEvento 12 &#8211; 29 novembre 2019. Istanza di contributo per beni immobili registrati\u201d. Per informazioni chiamare il numero 0436\/7193 interno 2<\/p>\n<p>&nbsp;<\/p>\n<p>&nbsp;<\/p>\n<p>&nbsp;<\/p>\n<hr \/>\n<p>&nbsp;<\/p>\n<blockquote>\n<h3>IL CONSIGLIO COMUNALE CHIAMATO AD APPROVARE L&#8217;ORDINE DEL GIORNO SULLA CARENZA DI SEGRETARI COMUNALI<\/h3>\n<\/blockquote>\n<p><strong>ALLEGHE<\/strong> Il sindaco Danilo De Toni ha convocato il consiglio comunale per oggi alle 20. All&#8217;ordine del giorno la variazione al bilancio, l&#8217;approvazione del rendiconto dell&#8217;Azienda Speciale Consortile Agordina (Asca);\u00a0 riconoscimento della cittadinanza onoraria al milite ignoto; approvazione ordine del giorno sulla carenza sei segretari comunali, Alleghe ne \u00e8 l&#8217;esempio.<\/p>\n<p>&nbsp;<\/p>\n<hr \/>\n<p>&nbsp;<\/p>\n<blockquote>\n<h3>ANCHE IL SINDACO NINO DEON PROPONE LA CITTADINANZA ONORARIA PER IL MILITE IGNOTO<\/h3>\n<\/blockquote>\n<p><strong>RIVAMONTE<\/strong>\u00a0 Cos\u00ec a Rivamonte e nel resto del Paese con il consiglio comunale chiamato ad approvare la delibera che riconosce il milite ignoto cittadino onorario, sar\u00e0 uno dei temi del consiglio comunale di oggi alle 18.30, all&#8217;ordine del giorno la seconda variazione al bilancio, l&#8217;approvazione del rendiconto e della gestione finanziaria 2020<\/p>\n<p>&nbsp;<\/p>\n<hr \/>\n<p>&nbsp;<\/p>\n<blockquote>\n<h3>IL RITORNO ALLA SEDE COMUNALE<\/h3>\n<p><strong>COLLE SANTA LUCIA<\/strong>\u00a0 Il Sindaco Paolo Frena ha convocato il consiglio comunale per oggi alle 18, in discussione il bilancio, il rendiconto finanziario, l&#8217;approvazione del bilancio Asca e il regolamento edilizio.<\/p><\/blockquote>\n<blockquote><p>&nbsp;<\/p><\/blockquote>\n<hr \/>\n<p>&nbsp;<\/p>\n<blockquote>\n<h3>GLI APPUNTAMENTI DELLA BIBLIOTECA DI LIMANA<\/h3>\n<\/blockquote>\n<p><strong>LIMANA <\/strong><span style=\"color: #000000;\">Il Comune di Limana \u00e8 lieto di presentare la nuova edizione della rassegna <i>Al calar della sera &#8230; in Biblioteca! <\/i><\/span><span style=\"color: #000000;\">Durante tutti i gioved\u00ec di luglio la Biblioteca di Limana sar\u00e0 aperta dalle 17.00 alle 21.30 e verranno proposti vari eventi. Prenotazione obbligatoria per tutti gli eventi, posti limitati. Per informazioni www.biblioteca.limana.org<\/span><\/p>\n<p>&nbsp;<\/p>\n<p>&nbsp;<\/p>\n<hr \/>\n<p>&nbsp;<\/p>\n<p>&nbsp;<\/p>\n<blockquote>\n<h3>LE ATTIVITA&#8217; DI VOLONTARIATO DI SCUOLE IN RETE<\/h3>\n<\/blockquote>\n<p><strong>BELLUNO<\/strong> Dal primo luglio ritornano le tradizionali attivit\u00e0 di volontariato informatico delle Scuole in Rete,\u00a0 iscrizioni online sul sito www.studentibelluno.it, oppure presso lo sportello del cittadino di Belluno<\/p>\n<p>&nbsp;<\/p>\n<p>&nbsp;<\/p>\n<p>&nbsp;<\/p>\n<hr \/>\n<p>&nbsp;<\/p>\n<h3><strong><a href=\"https:\/\/www.radiopiu.net\/wordpress\/al-via-le-prenotazioni-per-il-concerto-la-mia-terra-con-roby-facchinetti\/6d2f3eca-51eb-475d-a53d-f8cc7852afd5\/\" rel=\"attachment wp-att-216089\"><img loading=\"lazy\" decoding=\"async\" class=\" wp-image-216089 alignleft\" src=\"https:\/\/www.radiopiu.net\/wordpress\/wp-content\/uploads\/2021\/06\/6d2f3eca-51eb-475d-a53d-f8cc7852afd5-300x300.jpg\" alt=\"\" width=\"169\" height=\"169\" srcset=\"https:\/\/www.radiopiu.net\/wordpress\/wp-content\/uploads\/2021\/06\/6d2f3eca-51eb-475d-a53d-f8cc7852afd5-300x300.jpg 300w, https:\/\/www.radiopiu.net\/wordpress\/wp-content\/uploads\/2021\/06\/6d2f3eca-51eb-475d-a53d-f8cc7852afd5-150x150.jpg 150w, https:\/\/www.radiopiu.net\/wordpress\/wp-content\/uploads\/2021\/06\/6d2f3eca-51eb-475d-a53d-f8cc7852afd5-768x768.jpg 768w, https:\/\/www.radiopiu.net\/wordpress\/wp-content\/uploads\/2021\/06\/6d2f3eca-51eb-475d-a53d-f8cc7852afd5.jpg 1024w\" sizes=\"auto, (max-width: 169px) 100vw, 169px\" \/><\/a><\/strong>AL VIA LE PRENOTAZIONI PER IL CONCERTO &#8220;LA MIA TERRA&#8221; CON ROBY FACCHINETTI<\/h3>\n<p><em>Regione Veneto, Provincia di Belluno, Comune di Falcade, Pro Loco Falcade Caviola, PromoFalcade Dolomiti e Ski Area San Pellegrino.<\/em><\/p>\n<p><strong>FALCADE <\/strong>\u00a0Diretti dal Maestro Diego Basso un centinaio di artisti tra musicisti e coristi dell\u2019Orchestra Ritmico Sinfonica Italiana e Le Voci di Art Voice Academy.\u00a0 L\u2019accesso all\u2019area del concerto e\u0300 raggiungibile solo su prenotazione, tramite il sito: <a href=\"https:\/\/www.falcadedolomiti.it\/falcade-e-il-concerto-la-mia-terra\/\">https:\/\/www.falcadedolomiti.it\/falcade-e-il-concerto-la-mia-terra\/\u00a0<\/a><\/p>\n<p>&nbsp;<\/p>\n<p>&nbsp;<\/p>\n<hr \/>\n<p>&nbsp;<\/p>\n<blockquote>\n<h3><a href=\"https:\/\/www.radiopiu.net\/wordpress\/giornale-radiopiu-17-giugno-2021-direttore-mirko-mezzacasa\/aaa_offesi_edizione_2020\/\" rel=\"attachment wp-att-216401\"><img loading=\"lazy\" decoding=\"async\" class=\"wp-image-216401 alignleft\" src=\"https:\/\/www.radiopiu.net\/wordpress\/wp-content\/uploads\/2021\/06\/Aaa_Offesi_edizione_2020-300x178.jpg\" alt=\"\" width=\"202\" height=\"120\" srcset=\"https:\/\/www.radiopiu.net\/wordpress\/wp-content\/uploads\/2021\/06\/Aaa_Offesi_edizione_2020-300x178.jpg 300w, https:\/\/www.radiopiu.net\/wordpress\/wp-content\/uploads\/2021\/06\/Aaa_Offesi_edizione_2020.jpg 521w\" sizes=\"auto, (max-width: 202px) 100vw, 202px\" \/><\/a>ESTATE UTILE E CREATIVA PER I GIOVANI DEL TERRITORIO<\/h3>\n<\/blockquote>\n<p><strong>PONTE NELLE ALPI<\/strong>\u00a0 Torna il progetto Aaa Offresi, promosso dal Comune di Ponte nelle Alpi: i laboratori creativi e le attivit\u00e0 di manutenzione si svilupperanno da luned\u00ec 5 luglio alla prima settimana di settembre.<\/p>\n<p>sito www.comune.pontenellealpi.bl.it.<\/p>\n<p>&nbsp;<\/p>\n<p>&nbsp;<\/p>\n<hr \/>\n<p>&nbsp;<\/p>\n<p>&nbsp;<\/p>\n<blockquote>\n<h3>&#8220;MUSICA DA CORTILE&#8221; A PAIANE DI PONTE NELLE ALPI<\/h3>\n<\/blockquote>\n<p><strong><a href=\"https:\/\/www.radiopiu.net\/wordpress\/musica-da-cortile-a-paiane-di-ponte-nelle-alpi\/post_fb-mdc\/\" rel=\"attachment wp-att-218710\"><img loading=\"lazy\" decoding=\"async\" class=\" wp-image-218710 alignleft\" src=\"https:\/\/www.radiopiu.net\/wordpress\/wp-content\/uploads\/2021\/06\/MUSICA-DA-CORTILE-300x300.jpg\" alt=\"\" width=\"147\" height=\"147\" srcset=\"https:\/\/www.radiopiu.net\/wordpress\/wp-content\/uploads\/2021\/06\/MUSICA-DA-CORTILE-300x300.jpg 300w, https:\/\/www.radiopiu.net\/wordpress\/wp-content\/uploads\/2021\/06\/MUSICA-DA-CORTILE-1024x1024.jpg 1024w, https:\/\/www.radiopiu.net\/wordpress\/wp-content\/uploads\/2021\/06\/MUSICA-DA-CORTILE-150x150.jpg 150w, https:\/\/www.radiopiu.net\/wordpress\/wp-content\/uploads\/2021\/06\/MUSICA-DA-CORTILE-768x768.jpg 768w, https:\/\/www.radiopiu.net\/wordpress\/wp-content\/uploads\/2021\/06\/MUSICA-DA-CORTILE-1536x1536.jpg 1536w, https:\/\/www.radiopiu.net\/wordpress\/wp-content\/uploads\/2021\/06\/MUSICA-DA-CORTILE.jpg 2000w\" sizes=\"auto, (max-width: 147px) 100vw, 147px\" \/><\/a>PONTE NELLE ALPI <\/strong>Da un\u2019idea dei ragazzi del Terzo Mondo Studio e l\u2019esperienza nell\u2019organizzazione di eventi del direttore della Scuola di Musica di Paiane, nasce MUSICA DA CORTILE. Quattro appuntamenti all\u2019insegna della buona musica<i>\u00a0 <\/i>Primo appuntamento l&#8217;8 luglio con un live acustico in duo della band Italo-irlandese Strawman &amp; The Jackdaws, secondi assoluti del Firenze Suona Music Contest.\u00a0 Tutte le serate saranno ad ingresso gratuito e avranno inizio alle ore 21:00 e si terranno nel cortile della Scuola di Musica di Paiane di Ponte nelle Alpi in Via Soccher, 19.<\/p>\n<p>&nbsp;<\/p>\n<p>&nbsp;<\/p>\n<hr \/>\n<p>&nbsp;<\/p>\n<blockquote>\n<h3>LA MOSTRA &#8220;IL GIAPPONE IN PUNTA DI NASO&#8221;<\/h3>\n<\/blockquote>\n<p><strong>PIEVE DI CADORE<\/strong> Sabato 3 luglio, alle ore 18.00 si terra\u0300 l\u2019inaugurazione della mostra Il Giappone in punta di naso. Gli occhiali nel paese del Sol Levante, presso la sede della Fondazione Museo dell\u2019Occhiale onlus a Pieve di Cadore. La mostra, fino al 30 settembre, sara\u0300 visitabile tutti i giorni dalle ore 9.30 alle ore 12.30 e dalle 15.30 alle ore 18.30.<\/p>\n<div class=\"page\" title=\"Page 1\">\n<div class=\"layoutArea\">\n<div class=\"column\">\n<p>&nbsp;<\/p>\n<p>&nbsp;<\/p>\n<p>&nbsp;<\/p>\n<\/div>\n<\/div>\n<\/div>\n<hr \/>\n<p>&nbsp;<\/p>\n<blockquote>\n<h3>TRA FELTRO E FELTRE&#8230;DANTE CON IL LIBRO PARLATO DI FELTRE<\/h3>\n<\/blockquote>\n<p><strong>FELTRE<\/strong> \u00c8 in programma per domenica 4 luglio alle 17:30 &#8220;Tra Feltro e Feltre&#8230;700 anni dalla morte di Dante&#8221;, la lettura della Divina Commedia, La Vita Nova, Le Rime e le Epistole in Chiesa San Rocco nella Piazza Maggiore di Feltre con le voci dei Libri Parlanti Luisa Alchini, Ornella Favretti, Annunciata Olivieri, Enis Pocchetto, Maria Teresa Totti e Mauro Viani. Per informazioni www.libroparlato.org oppure www.fondacofeltre.it<\/p>\n<p>&nbsp;<\/p>\n<p>&nbsp;<\/p>\n<hr \/>\n<p>&nbsp;<\/p>\n<blockquote>\n<h3>ALPAGO ATTENTO! PASSA L\u2019ADIGE\u2026<\/h3>\n<\/blockquote>\n<p><strong><a href=\"https:\/\/www.radiopiu.net\/wordpress\/giornale-radiopiu-06-giugno-2018-direttore-mirko-mezzacasa\/lagosantacroce\/\" rel=\"attachment wp-att-50180\"><img loading=\"lazy\" decoding=\"async\" class=\"size-medium wp-image-50180 alignleft\" src=\"https:\/\/www.radiopiu.net\/wordpress\/wp-content\/uploads\/2018\/06\/LagoSantaCroce-300x166.jpg\" alt=\"\" width=\"300\" height=\"166\" srcset=\"https:\/\/www.radiopiu.net\/wordpress\/wp-content\/uploads\/2018\/06\/LagoSantaCroce-300x166.jpg 300w, https:\/\/www.radiopiu.net\/wordpress\/wp-content\/uploads\/2018\/06\/LagoSantaCroce.jpg 500w\" sizes=\"auto, (max-width: 300px) 100vw, 300px\" \/><\/a>di Dino Bridda<\/strong><\/p>\n<p>Sfogliamo le pagine di un noto e diffuso settimanale che si occupa di spettacolo e programmi tv (n. 26 del 29 giugno 2021) e l\u2019occhio si ferma a pagina 6. \u00c8 un pagina pubblicitaria all\u2019insegna di \u201cVeneto. The land of Venice\u201d e temiamo che, come spesso accade, l\u2019immagine si riferisca ad altre zone della nostra Regione. Invece no, anche la didascalia recita \u201cVal Fiorentina, Dolomiti\u201d. Meno male, ma \u00e8 ancora poco, perch\u00e9 non \u00e8 indicata l\u2019ubicazione esatta di quella vallata in provincia di Belluno: il turista distratto e scarso in geografia rischia di collocarla facilmente in Trentino. Pazienza, andiamo avanti con la lettura. Altra pagina di pubblicit\u00e0 turistica con una guida viaggi per le vacanze estive. Notiamo la foto del lago di S. Caterina ad Auronzo di Cadore e ci accingiamo a leggere il testo relativo: \u00abDici Veneto e pensi subito a Venezia, Jesolo, Caorle, Bibione, tanta voglia di mare. Ma il territorio offre anche altra\u2026 acqua, tutta da scoprire. Come quella degli splendidi laghi che si trovano in provincia di Belluno, nella parte settentrionale della regione\u00bb. Ci siamo, finalmente indicazioni geografiche precise e puntuali! Ora proseguiamo nella lettura: \u00abDal Santa Croce, nato da una frana che ha deviato il corso del fiume Adige..\u00bb. Alt! Qui non ci siamo proprio. Dove \u00e8 finito il Piave? A quale giro contorto \u00e8 stato sottoposto l\u2019Adige scendendo dal passo Resia? Per quale vallata \u00e8 passato dalla provincia di Bolzano a quella di Belluno ricevendo Boite e Ma\u00e8? Suggestivo, poi, che pi\u00f9 a sud possa ricevere pure il Cordevole \u201cscorazzando\u201d tra il Trevigiano e il Padovano per terminare in Polesine\u2026 Rimanendo sgomenti per lo strafalcione arriviamo sino in fondo all\u2019articolo sperando di non incappare in altre inesattezze: \u00ab\u2026 al Misurina, il pi\u00f9 grande di tutto il Cadore. Dal lago di Auronzo, quasi ai piedi delle Tre Cime di Lavaredo, a quello del Corlo che assomiglia ad un fiordo norvegese. Solo per citarne alcuni\u00bb. Gi\u00e0, ma i laghi di Alleghe e della Valle del Mis sono scomparsi dalle mappe? Non valgono una bella vacanza tra Civetta e Monti del Sole? E ci fermiamo qui. Ancora una volta la provincia di Belluno \u00e8 vittima di errori di geografia che nelle nostre scuole verrebbero rimarcati con segnacci rossi e blu facendo inorridire l\u2019insegnante! Purtroppo siamo costretti a ripeterci: nella scuola italiana, gi\u00e0 gravata da tanti pesanti problemi ben pi\u00f9 gravi, la geografia \u00e8 stata relegata a livello di optional. Di conseguenza anche tanti ex alunni, divenuti giornalisti (ci dissociamo dai somari della categoria), si portano appresso dosi massicce di pressapochismo. Ma costa cos\u00ec tanto consultare una carta geografica? Lasciando stare per\u00f2 il navigatore, perch\u00e9 \u00e8 strumento spesso soggetto ad errori pure esso.<\/p>\n<p>&nbsp;<\/p>\n<p>&nbsp;<\/p>\n<hr \/>\n<p>&nbsp;<\/p>\n<blockquote>\n<h3>IL PAPPAGALLO CHE PIU&#8217; GIU&#8217; VOLEA VOLARE&#8230;SULLA SPALLA<\/h3>\n<\/blockquote>\n<p><a href=\"https:\/\/www.radiopiu.net\/wordpress\/il-pappagallo-che-piu-giu-volea-volare-sulla-spalla\/ee1ab654-4b19-43c2-b60c-3ce84cb47834\/\" rel=\"attachment wp-att-218895\"><img loading=\"lazy\" decoding=\"async\" class=\" wp-image-218895 alignleft\" src=\"https:\/\/www.radiopiu.net\/wordpress\/wp-content\/uploads\/2021\/06\/ee1ab654-4b19-43c2-b60c-3ce84cb47834-150x300.jpg\" alt=\"\" width=\"103\" height=\"206\" srcset=\"https:\/\/www.radiopiu.net\/wordpress\/wp-content\/uploads\/2021\/06\/ee1ab654-4b19-43c2-b60c-3ce84cb47834-150x300.jpg 150w, https:\/\/www.radiopiu.net\/wordpress\/wp-content\/uploads\/2021\/06\/ee1ab654-4b19-43c2-b60c-3ce84cb47834-512x1024.jpg 512w, https:\/\/www.radiopiu.net\/wordpress\/wp-content\/uploads\/2021\/06\/ee1ab654-4b19-43c2-b60c-3ce84cb47834.jpg 720w\" sizes=\"auto, (max-width: 103px) 100vw, 103px\" \/><\/a><\/p>\n<p><strong>\u00a0<\/strong><\/p>\n<p><strong>\u00a0<\/strong><\/p>\n<p><strong>\u00a0<\/strong><\/p>\n<p><strong>AGORDO<\/strong> Moreno, nostro fedelissimo amico ci scrive <em>&#8220;Stamane\u00a0 sul Broi un pappagallo verde con la coda rossa si \u00e8 appoggiato sulla spalla di mia nipote e da l\u00ec non se ne \u00e8 pi\u00f9 voluto andare. Sicuramente qualcuno lo star\u00e0 cercando. Ora \u00e8 a Taibon&#8221;<\/em> Qualcuno tra Agordo e la Conca Agordina lo sta cercando?.Moreno lo sta accudendo: 3409641496<\/p>\n<p>&nbsp;<\/p>\n<p>&nbsp;<\/p>\n<p>&nbsp;<\/p>\n<p>&nbsp;<\/p>\n<hr \/>\n<p>&nbsp;<\/p>\n<blockquote class=\"wp-embedded-content\" data-secret=\"rvQj95SD90\"><p><a href=\"https:\/\/www.radiopiu.net\/wordpress\/quella-volta-che-lenel-inauguro-la-cabina-a-cencenighe\/\">QUELLA VOLTA CHE L&#8217;ENEL INAUGURO&#8217; LA CABINA A CENCENIGHE<\/a><\/p><\/blockquote>\n<p><iframe loading=\"lazy\" class=\"wp-embedded-content\" sandbox=\"allow-scripts\" security=\"restricted\" style=\"position: absolute; clip: rect(1px, 1px, 1px, 1px);\" title=\"&#8220;QUELLA VOLTA CHE L&#8217;ENEL INAUGURO&#8217; LA CABINA A CENCENIGHE&#8221; &#8212; Radio Pi\u00f9\" src=\"https:\/\/www.radiopiu.net\/wordpress\/quella-volta-che-lenel-inauguro-la-cabina-a-cencenighe\/embed\/#?secret=rvQj95SD90\" data-secret=\"rvQj95SD90\" width=\"600\" height=\"338\" frameborder=\"0\" marginwidth=\"0\" marginheight=\"0\" scrolling=\"no\"><\/iframe><\/p>\n<p>&nbsp;<\/p>\n<hr \/>\n<p>&nbsp;<\/p>\n<blockquote>\n<h3>ECCOCI GONA DI CONEDERA E DI ZENICH LACH E LONIE DALLA \u201cFINESTRA SU RIVA\u201d<\/h3>\n<\/blockquote>\n<p><strong>di Renato Bona<\/strong><\/p>\n<p>Prosegue il nostro \u201cviaggio\u201d attraverso le frazioni e le localit\u00e0 di Rivamonte Agordino \u201cguidati\u201d dall\u2019ottimo volume \u201cUna finestra su Riva\u201d, voluto dal Club Unesco Agordino con il patrocinio di Ficlu, la Federazione italiana club e centri Unesco, e stampato nell\u2019ottobre 2013 dall\u2019agordina tipografia Castaldi con foto dell\u2019archivio di Giuliano Laveder, e del Club agordino di cui \u00e8 il presidente, nonch\u00e9 di: Breveglieri, Burloni, A. Case, don Elio Cesco, Della Lucia, Ganz Falcade, Giorgio Fontanvie, Cesare Gnech, Gubert, Piatti e don Giovanni Re; coordinamento didascalico di Emilia Sommariva. In questa occasione facciamo tappa a Gona di Conedera, Gona di Zenich, Lach e Lonie proponiamo un\u2019immagine di fine anni \u201940 che ci mostra la piccola \u201cCarla Conedera mentre pettina il nonno Carlo Conedera\u201d. Della stessa epoca, segue quella di un gruppo familiare con, in piedi da sinistra: Paolo, Eugenia, Mario e Maria Conedera e seduti, sempre da sinistra: Maria Carrera e Carlo Conedera. Per la cronaca si rammenta che: \u201cA met\u00e0 degli anni \u201940 le famiglie che abitavano a Gona erano sei e gli abitanti diciannove! Restiamo in zona con la foto del 1948 che presenta, da sinistra: Renato Guadagnin, Carla Conedera e Sergio Gianetti di Milano, e precede quella della coppia Carlo Conedera (Carl\u00e9to Gamba) e signora. Carlo (1909-1985) lavorava in Francia come \u2018c\u00f3ntha\u2019; alla pensione \u00e8 rientrato a Gona. Infine: \u201cScorcio con fontana\u201d con la precisazione: prima della costruzione della strada comunale, aggiungendo che \u201cNel 1933 l\u2019acquedotto comunale contava cinque chilometri di tubazioni e 40 fontanine di cui 30 con abbeveratoio\u201d. Segue la foto riservata a Maria Eugenia Conedera che ha raccolto il foraggio. Ci spostiamo a Gona di Zenich ed ammiriamo, di inizio anni \u201930, la \u201cFamiglia di Angelo De Bernard (C\u00e0uto). Davanti, da sinistra: Angelo e Maria De Bernard e una zia. Dietro, da sinistra: Maria Mottes con in braccio il figlio Cesare e quindi il marito Angelo. A Gona abitavano anche le famiglie: Maria e Gino Bonorato, Fiori Schena (Bepin da Gona) e i Z\u00e8le (famiglia D\u2019Este). Ecco, di seguito, l\u2019immagine, del 1948 di Maria Mottes e l\u2019indicazione che \u201cNel 1944 gli abitanti erano 14\u201d. Una sola fotografia per Lach: \u00e8 quella della squadra di calcio anni 1955-56 con questa didascalia: \u201cPrima fila da sinistra: Beppino Schena, Lucio Tazzer, Cesare Gnech, Emilio Tazzer, Mario Angoletta, Gioachino Fossali e Raffaello De Bernard (L\u00e8llo), Seconda fila da sinistra: Giovanni Battista Gnech (Titol\u00e9t), Luigi Sommariva (Gis\u00e9to), Valentino Laveder, don Elio Cesco, Emilio Zanin e Luigi Conedera. Per la cronaca si ricorda che nel 1934 viene richiesta la bonifica dello stagno denominato Lach, tale bonifica viene motivata anche per l\u2019interesse turistico dell\u2019area, infatti dalla localit\u00e0 Lach \u2018si gode una splendida veduta su tutta la conca del Basso Agordino ed \u00e8 meta di frequentissime passeggiate dei forestieri, specialmente quelli provenienti dalla vicina Frassen\u00e8 di Voltago\u2019. Mentre nel 1957 viene quasi completata la strada che da Lach porta alla Val del Port\u00f3n\u201d. L\u2019ultimo tratto del percorso \u00e8 riservato a Lonie e si apre con un\u2019immagine degli anni \u201950: da sinistra Pia Fossen, Carla Fossen, Angelo Fossen (Gino G\u00f2s) e Sergio Todesco. Segue quella, anni \u201960, del piccolo Gianpaolo Todesco davanti alla propria casa. La cronaca annota: \u201cNel 1934 si ordin\u00f2 a tutti i proprietari frontisti delle strade e dei sentieri di provvedere entro 15 giorni alla potatura delle piante e delle siepi, in caso di mancato adempimento i cittadini erano soggetti ad ammenda\u201d. Fa sorridere l\u2019immagine della strada delle Lonie negli anni \u201960, cui \u00e8 stato dato il titolo: \u201cQuando scappa scappa!\u201d che ci mostra: Pia Fossen, Barbara Fusina, Valter e Gianpaolo Todesco. Ancora bimbi, a fine anni \u201950: a sinistra Valter Todesco; viene aggiunto un dato statistico: \u201cgli abitanti della frazione nel 1944 erano ben 63 suddivisi in 19 nuclei familiari\u201d. Conclusione della tappa con: \u201cVeduta di Agordo dalle Lonie\u201d che mostra in primo piano una bella signora mentre, per la cronaca, c\u2019\u00e8 il richiamo al fatto che: \u201cL\u2019Acquedotto comunale arriv\u00f2 nella frazione nel 1930\u201d.<\/p>\n\n\t\t\t<style type='text\/css'>\n\t\t\t\t#gallery-8 {\n\t\t\t\t\tmargin: auto;\n\t\t\t\t}\n\t\t\t\t#gallery-8 .gallery-item {\n\t\t\t\t\tfloat: left;\n\t\t\t\t\tmargin-top: 10px;\n\t\t\t\t\ttext-align: center;\n\t\t\t\t\twidth: 14%;\n\t\t\t\t}\n\t\t\t\t#gallery-8 img {\n\t\t\t\t\tborder: 2px solid #cfcfcf;\n\t\t\t\t}\n\t\t\t\t#gallery-8 .gallery-caption {\n\t\t\t\t\tmargin-left: 0;\n\t\t\t\t}\n\t\t\t\t\/* see gallery_shortcode() in wp-includes\/media.php *\/\n\t\t\t<\/style>\n\t\t<div id='gallery-8' class='dt-gallery-container gallery galleryid-218750 gallery-columns-7 gallery-size-thumbnail'><dl class='gallery-item'>\n\t\t\t\t<dt class='gallery-icon portrait'>\n\t\t\t\t\t<a class=\"rollover rollover-zoom dt-pswp-item\" title=\"206356491_312988496981132_7444867819130601680_n\" data-dt-img-description=\"\" data-large_image_width=\"301\" data-large_image_height=\"414\"href='https:\/\/www.radiopiu.net\/wordpress\/wp-content\/uploads\/2021\/06\/206356491_312988496981132_7444867819130601680_n.jpg'><img loading=\"lazy\" decoding=\"async\" width=\"150\" height=\"150\" src=\"https:\/\/www.radiopiu.net\/wordpress\/wp-content\/uploads\/2021\/06\/206356491_312988496981132_7444867819130601680_n-150x150.jpg\" class=\"attachment-thumbnail size-thumbnail\" alt=\"\" \/><\/a>\n\t\t\t\t<\/dt><\/dl><dl class='gallery-item'>\n\t\t\t\t<dt class='gallery-icon landscape'>\n\t\t\t\t\t<a class=\"rollover rollover-zoom dt-pswp-item\" title=\"206309257_171601514994266_6381092953509676292_n\" data-dt-img-description=\"\" data-large_image_width=\"586\" data-large_image_height=\"403\"href='https:\/\/www.radiopiu.net\/wordpress\/wp-content\/uploads\/2021\/06\/206309257_171601514994266_6381092953509676292_n.jpg'><img loading=\"lazy\" decoding=\"async\" width=\"150\" height=\"150\" src=\"https:\/\/www.radiopiu.net\/wordpress\/wp-content\/uploads\/2021\/06\/206309257_171601514994266_6381092953509676292_n-150x150.jpg\" class=\"attachment-thumbnail size-thumbnail\" alt=\"\" \/><\/a>\n\t\t\t\t<\/dt><\/dl><dl class='gallery-item'>\n\t\t\t\t<dt class='gallery-icon landscape'>\n\t\t\t\t\t<a class=\"rollover rollover-zoom dt-pswp-item\" title=\"209035899_1408666399505900_5922951301368371226_n\" data-dt-img-description=\"\" data-large_image_width=\"580\" data-large_image_height=\"403\"href='https:\/\/www.radiopiu.net\/wordpress\/wp-content\/uploads\/2021\/06\/209035899_1408666399505900_5922951301368371226_n.jpg'><img loading=\"lazy\" decoding=\"async\" width=\"150\" height=\"150\" src=\"https:\/\/www.radiopiu.net\/wordpress\/wp-content\/uploads\/2021\/06\/209035899_1408666399505900_5922951301368371226_n-150x150.jpg\" class=\"attachment-thumbnail size-thumbnail\" alt=\"\" \/><\/a>\n\t\t\t\t<\/dt><\/dl><dl class='gallery-item'>\n\t\t\t\t<dt class='gallery-icon landscape'>\n\t\t\t\t\t<a class=\"rollover rollover-zoom dt-pswp-item\" title=\"206085463_681563989342430_9046083194817853632_n\" data-dt-img-description=\"\" data-large_image_width=\"663\" data-large_image_height=\"403\"href='https:\/\/www.radiopiu.net\/wordpress\/wp-content\/uploads\/2021\/06\/206085463_681563989342430_9046083194817853632_n.jpg'><img loading=\"lazy\" decoding=\"async\" width=\"150\" height=\"150\" src=\"https:\/\/www.radiopiu.net\/wordpress\/wp-content\/uploads\/2021\/06\/206085463_681563989342430_9046083194817853632_n-150x150.jpg\" class=\"attachment-thumbnail size-thumbnail\" alt=\"\" \/><\/a>\n\t\t\t\t<\/dt><\/dl><dl class='gallery-item'>\n\t\t\t\t<dt class='gallery-icon portrait'>\n\t\t\t\t\t<a class=\"rollover rollover-zoom dt-pswp-item\" title=\"206504435_274686767764443_6050945154044086088_n\" data-dt-img-description=\"\" data-large_image_width=\"320\" data-large_image_height=\"481\"href='https:\/\/www.radiopiu.net\/wordpress\/wp-content\/uploads\/2021\/06\/206504435_274686767764443_6050945154044086088_n.jpg'><img loading=\"lazy\" decoding=\"async\" width=\"150\" height=\"150\" src=\"https:\/\/www.radiopiu.net\/wordpress\/wp-content\/uploads\/2021\/06\/206504435_274686767764443_6050945154044086088_n-150x150.jpg\" class=\"attachment-thumbnail size-thumbnail\" alt=\"\" \/><\/a>\n\t\t\t\t<\/dt><\/dl><dl class='gallery-item'>\n\t\t\t\t<dt class='gallery-icon portrait'>\n\t\t\t\t\t<a class=\"rollover rollover-zoom dt-pswp-item\" title=\"207812253_828686667766805_673301598402108934_n\" data-dt-img-description=\"\" data-large_image_width=\"313\" data-large_image_height=\"403\"href='https:\/\/www.radiopiu.net\/wordpress\/wp-content\/uploads\/2021\/06\/207812253_828686667766805_673301598402108934_n.jpg'><img loading=\"lazy\" decoding=\"async\" width=\"150\" height=\"150\" src=\"https:\/\/www.radiopiu.net\/wordpress\/wp-content\/uploads\/2021\/06\/207812253_828686667766805_673301598402108934_n-150x150.jpg\" class=\"attachment-thumbnail size-thumbnail\" alt=\"\" \/><\/a>\n\t\t\t\t<\/dt><\/dl><dl class='gallery-item'>\n\t\t\t\t<dt class='gallery-icon portrait'>\n\t\t\t\t\t<a class=\"rollover rollover-zoom dt-pswp-item\" title=\"205729627_913189632870165_3850497922427597617_n\" data-dt-img-description=\"\" data-large_image_width=\"320\" data-large_image_height=\"536\"href='https:\/\/www.radiopiu.net\/wordpress\/wp-content\/uploads\/2021\/06\/205729627_913189632870165_3850497922427597617_n.jpg'><img loading=\"lazy\" decoding=\"async\" width=\"150\" height=\"150\" src=\"https:\/\/www.radiopiu.net\/wordpress\/wp-content\/uploads\/2021\/06\/205729627_913189632870165_3850497922427597617_n-150x150.jpg\" class=\"attachment-thumbnail size-thumbnail\" alt=\"\" \/><\/a>\n\t\t\t\t<\/dt><\/dl><br style=\"clear: both\" \/><dl class='gallery-item'>\n\t\t\t\t<dt class='gallery-icon portrait'>\n\t\t\t\t\t<a class=\"rollover rollover-zoom dt-pswp-item\" title=\"208220622_540708527100552_8592448189512833694_n\" data-dt-img-description=\"\" data-large_image_width=\"320\" data-large_image_height=\"404\"href='https:\/\/www.radiopiu.net\/wordpress\/wp-content\/uploads\/2021\/06\/208220622_540708527100552_8592448189512833694_n.jpg'><img loading=\"lazy\" decoding=\"async\" width=\"150\" height=\"150\" src=\"https:\/\/www.radiopiu.net\/wordpress\/wp-content\/uploads\/2021\/06\/208220622_540708527100552_8592448189512833694_n-150x150.jpg\" class=\"attachment-thumbnail size-thumbnail\" alt=\"\" \/><\/a>\n\t\t\t\t<\/dt><\/dl><dl class='gallery-item'>\n\t\t\t\t<dt class='gallery-icon portrait'>\n\t\t\t\t\t<a class=\"rollover rollover-zoom dt-pswp-item\" title=\"205834533_817029542288808_8726807648079849863_n\" data-dt-img-description=\"\" data-large_image_width=\"306\" data-large_image_height=\"414\"href='https:\/\/www.radiopiu.net\/wordpress\/wp-content\/uploads\/2021\/06\/205834533_817029542288808_8726807648079849863_n.jpg'><img loading=\"lazy\" decoding=\"async\" width=\"150\" height=\"150\" src=\"https:\/\/www.radiopiu.net\/wordpress\/wp-content\/uploads\/2021\/06\/205834533_817029542288808_8726807648079849863_n-150x150.jpg\" class=\"attachment-thumbnail size-thumbnail\" alt=\"\" \/><\/a>\n\t\t\t\t<\/dt><\/dl><dl class='gallery-item'>\n\t\t\t\t<dt class='gallery-icon portrait'>\n\t\t\t\t\t<a class=\"rollover rollover-zoom dt-pswp-item\" title=\"207156420_368075521334234_6459181056047609582_n\" data-dt-img-description=\"\" data-large_image_width=\"306\" data-large_image_height=\"403\"href='https:\/\/www.radiopiu.net\/wordpress\/wp-content\/uploads\/2021\/06\/207156420_368075521334234_6459181056047609582_n.jpg'><img loading=\"lazy\" decoding=\"async\" width=\"150\" height=\"150\" src=\"https:\/\/www.radiopiu.net\/wordpress\/wp-content\/uploads\/2021\/06\/207156420_368075521334234_6459181056047609582_n-150x150.jpg\" class=\"attachment-thumbnail size-thumbnail\" alt=\"\" \/><\/a>\n\t\t\t\t<\/dt><\/dl><dl class='gallery-item'>\n\t\t\t\t<dt class='gallery-icon portrait'>\n\t\t\t\t\t<a class=\"rollover rollover-zoom dt-pswp-item\" title=\"208580741_301257915055886_665005088635357964_n\" data-dt-img-description=\"\" data-large_image_width=\"370\" data-large_image_height=\"403\"href='https:\/\/www.radiopiu.net\/wordpress\/wp-content\/uploads\/2021\/06\/208580741_301257915055886_665005088635357964_n.jpg'><img loading=\"lazy\" decoding=\"async\" width=\"150\" height=\"150\" src=\"https:\/\/www.radiopiu.net\/wordpress\/wp-content\/uploads\/2021\/06\/208580741_301257915055886_665005088635357964_n-150x150.jpg\" class=\"attachment-thumbnail size-thumbnail\" alt=\"\" \/><\/a>\n\t\t\t\t<\/dt><\/dl><dl class='gallery-item'>\n\t\t\t\t<dt class='gallery-icon portrait'>\n\t\t\t\t\t<a class=\"rollover rollover-zoom dt-pswp-item\" title=\"209358583_4150217105070876_3067635659037350675_n\" data-dt-img-description=\"\" data-large_image_width=\"335\" data-large_image_height=\"403\"href='https:\/\/www.radiopiu.net\/wordpress\/wp-content\/uploads\/2021\/06\/209358583_4150217105070876_3067635659037350675_n.jpg'><img loading=\"lazy\" decoding=\"async\" width=\"150\" height=\"150\" src=\"https:\/\/www.radiopiu.net\/wordpress\/wp-content\/uploads\/2021\/06\/209358583_4150217105070876_3067635659037350675_n-150x150.jpg\" class=\"attachment-thumbnail size-thumbnail\" alt=\"\" \/><\/a>\n\t\t\t\t<\/dt><\/dl><dl class='gallery-item'>\n\t\t\t\t<dt class='gallery-icon portrait'>\n\t\t\t\t\t<a class=\"rollover rollover-zoom dt-pswp-item\" title=\"207616080_195329509185223_9177371457399242835_n\" data-dt-img-description=\"\" data-large_image_width=\"317\" data-large_image_height=\"480\"href='https:\/\/www.radiopiu.net\/wordpress\/wp-content\/uploads\/2021\/06\/207616080_195329509185223_9177371457399242835_n.jpg'><img loading=\"lazy\" decoding=\"async\" width=\"150\" height=\"150\" src=\"https:\/\/www.radiopiu.net\/wordpress\/wp-content\/uploads\/2021\/06\/207616080_195329509185223_9177371457399242835_n-150x150.jpg\" class=\"attachment-thumbnail size-thumbnail\" alt=\"\" \/><\/a>\n\t\t\t\t<\/dt><\/dl><dl class='gallery-item'>\n\t\t\t\t<dt class='gallery-icon landscape'>\n\t\t\t\t\t<a class=\"rollover rollover-zoom dt-pswp-item\" title=\"208161594_215599233758087_3837783145246483578_n\" data-dt-img-description=\"\" data-large_image_width=\"780\" data-large_image_height=\"403\"href='https:\/\/www.radiopiu.net\/wordpress\/wp-content\/uploads\/2021\/06\/208161594_215599233758087_3837783145246483578_n.jpg'><img loading=\"lazy\" decoding=\"async\" width=\"150\" height=\"150\" src=\"https:\/\/www.radiopiu.net\/wordpress\/wp-content\/uploads\/2021\/06\/208161594_215599233758087_3837783145246483578_n-150x150.jpg\" class=\"attachment-thumbnail size-thumbnail\" alt=\"\" \/><\/a>\n\t\t\t\t<\/dt><\/dl><br style=\"clear: both\" \/>\n\t\t\t<\/div>\n\n<p>&nbsp;<\/p>\n<hr \/>\n<p>&nbsp;<\/p>\n<h2><strong><span style=\"color: #ff0000;\">QUINDICINALE APPUNTAMENTO ALLA RADIO<\/span><\/strong><\/h2>\n<blockquote>\n<h3><a style=\"font-size: 14px; font-weight: normal;\" href=\"https:\/\/www.radiopiu.net\/wordpress\/giornale-radiopiu-06-febbraio-2019-direttore-mirko-mezzacasa\/logo_spi-cgil-800x445\/\" rel=\"attachment wp-att-75538\"><img loading=\"lazy\" decoding=\"async\" class=\"wp-image-75538 alignleft\" src=\"https:\/\/www.radiopiu.net\/wordpress\/wp-content\/uploads\/2019\/02\/Logo_Spi-CGIL-800x445-300x167.jpg\" alt=\"\" width=\"210\" height=\"117\" srcset=\"https:\/\/www.radiopiu.net\/wordpress\/wp-content\/uploads\/2019\/02\/Logo_Spi-CGIL-800x445-300x167.jpg 300w, https:\/\/www.radiopiu.net\/wordpress\/wp-content\/uploads\/2019\/02\/Logo_Spi-CGIL-800x445-768x427.jpg 768w, https:\/\/www.radiopiu.net\/wordpress\/wp-content\/uploads\/2019\/02\/Logo_Spi-CGIL-800x445.jpg 800w\" sizes=\"auto, (max-width: 210px) 100vw, 210px\" \/><\/a><\/h3>\n<\/blockquote>\n<blockquote>\n<h3>ALLA RADIO, APPUNTAMENTO QUINDICINALE CON SPI-CGIL BELLUNO, IN STUDIO MARIA RITA GENTILIN<\/h3>\n<\/blockquote>\n<p><strong>di Claudio Fontanive\u00a0<\/strong><\/p>\n<p><span style=\"color: #ff0000;\"><strong>PUNTATA DEL\u00a0 24 giugno 2021<\/strong><\/span><\/p>\n<audio class=\"wp-audio-shortcode\" id=\"audio-218750-10\" preload=\"none\" style=\"width: 100%;\" controls=\"controls\"><source type=\"audio\/mpeg\" src=\"https:\/\/www.radiopiu.net\/wordpress\/wp-content\/uploads\/2021\/06\/spig-gentilin-24-giugno.mp3?_=10\" \/><a href=\"https:\/\/www.radiopiu.net\/wordpress\/wp-content\/uploads\/2021\/06\/spig-gentilin-24-giugno.mp3\">https:\/\/www.radiopiu.net\/wordpress\/wp-content\/uploads\/2021\/06\/spig-gentilin-24-giugno.mp3<\/a><\/audio>\n<p>&nbsp;<\/p>\n<p>&nbsp;<\/p>\n<p>&nbsp;<\/p>\n<hr \/>\n<h2><span style=\"color: #ff6600;\">\u00a0<\/span><\/h2>\n<h2><span style=\"color: #ff6600;\">GIROVAGANDO ALLA RADIO, PUNTATA 06<\/span><\/h2>\n<h3><a href=\"https:\/\/www.radiopiu.net\/wordpress\/girovagando-alla-radio-puntata-06\/6fc9c834-0128-418f-bd85-2af5897ff8e6\/\" rel=\"attachment wp-att-218407\"><img loading=\"lazy\" decoding=\"async\" class=\"size-medium wp-image-218407 alignleft\" src=\"https:\/\/www.radiopiu.net\/wordpress\/wp-content\/uploads\/2021\/06\/6fc9c834-0128-418f-bd85-2af5897ff8e6-300x200.jpg\" alt=\"\" width=\"300\" height=\"200\" srcset=\"https:\/\/www.radiopiu.net\/wordpress\/wp-content\/uploads\/2021\/06\/6fc9c834-0128-418f-bd85-2af5897ff8e6-300x200.jpg 300w, https:\/\/www.radiopiu.net\/wordpress\/wp-content\/uploads\/2021\/06\/6fc9c834-0128-418f-bd85-2af5897ff8e6-1024x682.jpg 1024w, https:\/\/www.radiopiu.net\/wordpress\/wp-content\/uploads\/2021\/06\/6fc9c834-0128-418f-bd85-2af5897ff8e6-768x512.jpg 768w, https:\/\/www.radiopiu.net\/wordpress\/wp-content\/uploads\/2021\/06\/6fc9c834-0128-418f-bd85-2af5897ff8e6.jpg 1400w\" sizes=\"auto, (max-width: 300px) 100vw, 300px\" \/><\/a>Collaborazione Thomas Soppera<\/h3>\n<p>&nbsp;<\/p>\n<p>&nbsp;<\/p>\n<p>&nbsp;<\/p>\n<p><strong>AUDIO PUNTATA 28 giugno 2021<\/strong><\/p>\n<audio class=\"wp-audio-shortcode\" id=\"audio-218750-11\" preload=\"none\" style=\"width: 100%;\" controls=\"controls\"><source type=\"audio\/mpeg\" src=\"https:\/\/www.radiopiu.net\/wordpress\/wp-content\/uploads\/2021\/06\/GIROVAGANDO-06.mp3?_=11\" \/><a href=\"https:\/\/www.radiopiu.net\/wordpress\/wp-content\/uploads\/2021\/06\/GIROVAGANDO-06.mp3\">https:\/\/www.radiopiu.net\/wordpress\/wp-content\/uploads\/2021\/06\/GIROVAGANDO-06.mp3<\/a><\/audio>\n<h2><span style=\"color: #ff0000;\">LA RACCOLTA COMPLETA\u00a0<\/span><\/h2>\n<blockquote class=\"wp-embedded-content\" data-secret=\"Ri7nyYEo2i\"><p><a href=\"https:\/\/www.radiopiu.net\/wordpress\/girovagando-in-e-bike-tra-le-dolomiti\/\">GIROVAGANDO IN E BIKE TRA LE DOLOMITI<\/a><\/p><\/blockquote>\n<p><iframe loading=\"lazy\" class=\"wp-embedded-content\" sandbox=\"allow-scripts\" security=\"restricted\" style=\"position: absolute; clip: rect(1px, 1px, 1px, 1px);\" title=\"&#8220;GIROVAGANDO IN E BIKE TRA LE DOLOMITI&#8221; &#8212; Radio Pi\u00f9\" src=\"https:\/\/www.radiopiu.net\/wordpress\/girovagando-in-e-bike-tra-le-dolomiti\/embed\/#?secret=Ri7nyYEo2i\" data-secret=\"Ri7nyYEo2i\" width=\"600\" height=\"338\" frameborder=\"0\" marginwidth=\"0\" marginheight=\"0\" scrolling=\"no\"><\/iframe><\/p>\n<p>&nbsp;<\/p>\n<hr \/>\n<p>&nbsp;<\/p>\n<p>&nbsp;<\/p>\n<blockquote class=\"wp-embedded-content\" data-secret=\"V17a9AWCln\"><p><a href=\"https:\/\/www.radiopiu.net\/wordpress\/da-ieri-alla-radio-in-palinsesto-loris-e-maurizio-con-la-grande-musica\/\">IL BLUES ALLA RADIO &#8230; COME NON L&#8217;AVETE MAI SENTITO PRIMA<\/a><\/p><\/blockquote>\n<p><iframe loading=\"lazy\" class=\"wp-embedded-content\" sandbox=\"allow-scripts\" security=\"restricted\" style=\"position: absolute; clip: rect(1px, 1px, 1px, 1px);\" title=\"&#8220;IL BLUES ALLA RADIO &#8230; COME NON L&#8217;AVETE MAI SENTITO PRIMA&#8221; &#8212; Radio Pi\u00f9\" src=\"https:\/\/www.radiopiu.net\/wordpress\/da-ieri-alla-radio-in-palinsesto-loris-e-maurizio-con-la-grande-musica\/embed\/#?secret=V17a9AWCln\" data-secret=\"V17a9AWCln\" width=\"600\" height=\"338\" frameborder=\"0\" marginwidth=\"0\" marginheight=\"0\" scrolling=\"no\"><\/iframe><\/p>\n<p>\u200b<\/p>\n<p>&nbsp;<\/p>\n<hr \/>\n<p>&nbsp;<\/p>\n<div>\n<div class=\"b654a4as d2edcug0\">\n<div class=\"rq0escxv hkbzh7o3 jwdofwj8 n8tt0mok r8blr3vg hyh9befq\">\n<p><a class=\"dt-pswp-item\" href=\"https:\/\/www.radiopiu.net\/wordpress\/wp-content\/uploads\/2020\/10\/pp.jpg\" data-dt-img-description=\"\" data-large_image_width=\"640\" data-large_image_height=\"640\"><img loading=\"lazy\" decoding=\"async\" class=\"wp-image-163678 alignleft\" src=\"https:\/\/www.radiopiu.net\/wordpress\/wp-content\/uploads\/2020\/10\/pp-300x300.jpg\" alt=\"\" width=\"106\" height=\"106\" srcset=\"https:\/\/www.radiopiu.net\/wordpress\/wp-content\/uploads\/2020\/10\/pp-300x300.jpg 300w, https:\/\/www.radiopiu.net\/wordpress\/wp-content\/uploads\/2020\/10\/pp-150x150.jpg 150w, https:\/\/www.radiopiu.net\/wordpress\/wp-content\/uploads\/2020\/10\/pp-125x125.jpg 125w, https:\/\/www.radiopiu.net\/wordpress\/wp-content\/uploads\/2020\/10\/pp-200x200.jpg 200w, https:\/\/www.radiopiu.net\/wordpress\/wp-content\/uploads\/2020\/10\/pp-80x80.jpg 80w, https:\/\/www.radiopiu.net\/wordpress\/wp-content\/uploads\/2020\/10\/pp-480x480.jpg 480w, https:\/\/www.radiopiu.net\/wordpress\/wp-content\/uploads\/2020\/10\/pp.jpg 640w\" sizes=\"auto, (max-width: 106px) 100vw, 106px\" \/><\/a><\/p>\n<\/div>\n<\/div>\n<\/div>\n<div>\n<div class=\"page-title-head hgroup\">\n<div class=\"page-title-head hgroup\">\n<div class=\"b654a4as d2edcug0\">\n<div class=\"j83agx80 btwxx1t3 lhclo0ds hop8lmos nkwizq5d scwd0bx6 roh60bw9\">\n<div class=\"rq0escxv hkbzh7o3 jwdofwj8 n8tt0mok r8blr3vg hyh9befq\">\n<div class=\"do00u71z l9j0dhe7 k4urcfbm\">\n<h2><span style=\"color: #000080;\">DON CESARE, IL PENSIERO DEL GIORNO. ALLA RADIO ALLE 7 DEL MATTINO E ALLE 19.30 DELLA SERA.\u00a0\u00a0<\/span><\/h2>\n<\/div>\n<\/div>\n<\/div>\n<div class=\"rq0escxv hkbzh7o3 jwdofwj8 n8tt0mok r8blr3vg hyh9befq\"><\/div>\n<div><\/div>\n<div>\n<audio class=\"wp-audio-shortcode\" id=\"audio-218750-12\" preload=\"none\" style=\"width: 100%;\" controls=\"controls\"><source type=\"audio\/mpeg\" src=\"https:\/\/www.radiopiu.net\/wordpress\/wp-content\/uploads\/2021\/06\/CESARE-24.mp3?_=12\" \/><a href=\"https:\/\/www.radiopiu.net\/wordpress\/wp-content\/uploads\/2021\/06\/CESARE-24.mp3\">https:\/\/www.radiopiu.net\/wordpress\/wp-content\/uploads\/2021\/06\/CESARE-24.mp3<\/a><\/audio>\n<p>&nbsp;<\/p>\n<\/div>\n<div>\n<hr \/>\n<\/div>\n<div><\/div>\n<h2>COLLAGE&#8230; DI LORIS SCUSSEL dal lunedi al venerdi alle 16 e alle 23 su RADIO PIU<\/h2>\n<div>\n<p>&nbsp;<\/p>\n<\/div>\n<div>\n<blockquote><p><strong>PUNTATA 377 DEL 29\u00a0 GIUGNO 2021<\/strong><\/p>\n<audio class=\"wp-audio-shortcode\" id=\"audio-218750-13\" preload=\"none\" style=\"width: 100%;\" controls=\"controls\"><source type=\"audio\/mpeg\" src=\"https:\/\/www.radiopiu.net\/wordpress\/wp-content\/uploads\/2021\/06\/Collage-377.mp3?_=13\" \/><a href=\"https:\/\/www.radiopiu.net\/wordpress\/wp-content\/uploads\/2021\/06\/Collage-377.mp3\">https:\/\/www.radiopiu.net\/wordpress\/wp-content\/uploads\/2021\/06\/Collage-377.mp3<\/a><\/audio><\/blockquote>\n<div>\n<blockquote>\n<div>\n<div>\n<div>\n<div>\n<div>\n<p><img loading=\"lazy\" decoding=\"async\" class=\"alignleft\" src=\"https:\/\/www.radiopiu.net\/wordpress\/wp-content\/uploads\/2021\/05\/Schermata-2021-05-23-alle-11.50.11.png\" width=\"186\" height=\"131\" \/>Il programma \u00e8 andato in onda da dicembre 2013 fino a luglio 2019, comprese le repliche, in due serie per 350 puntate complessive con 1.890 brani trasmessi. L\u2019obiettivo del programma: riproporre agli ascoltatori pi\u00f9 grandicelli le canzoni che ascoltavano nel passato e nello stesso tempo farle conoscere anche ai pi\u00f9 giovani.<\/p>\n<\/div>\n<\/div>\n<\/div>\n<\/div>\n<\/div>\n<\/blockquote>\n<\/div>\n<\/div>\n<div><\/div>\n<div><\/div>\n<div><\/div>\n<div><\/div>\n<hr \/>\n<p>&nbsp;<\/p>\n<blockquote>\n<h2>FANTASTICHE DOLOMITI, NUOVA STAGIONE. APPUNTAMENTO QUINDICINALE IL GIOVEDI ALLE 10.30 E 19.00<\/h2>\n<\/blockquote>\n<blockquote class=\"wp-embedded-content\" data-secret=\"G8mVw0AYPH\"><p><a href=\"https:\/\/www.radiopiu.net\/wordpress\/raccolta-completa11\/\">FANTASTICHE DOLOMITI LA RACCOLTA COMPLETA<\/a><\/p><\/blockquote>\n<p><iframe loading=\"lazy\" class=\"wp-embedded-content\" sandbox=\"allow-scripts\" security=\"restricted\" style=\"position: absolute; clip: rect(1px, 1px, 1px, 1px);\" title=\"&#8220;FANTASTICHE DOLOMITI LA RACCOLTA COMPLETA&#8221; &#8212; Radio Pi\u00f9\" src=\"https:\/\/www.radiopiu.net\/wordpress\/raccolta-completa11\/embed\/#?secret=G8mVw0AYPH\" data-secret=\"G8mVw0AYPH\" width=\"600\" height=\"338\" frameborder=\"0\" marginwidth=\"0\" marginheight=\"0\" scrolling=\"no\"><\/iframe><\/p>\n<p>&nbsp;<\/p>\n<p>&nbsp;<\/p>\n<p>&nbsp;<\/p>\n<hr \/>\n<div>\n<div class=\"b654a4as d2edcug0\">\n<div class=\"rq0escxv hkbzh7o3 jwdofwj8 n8tt0mok r8blr3vg hyh9befq\">\n<div class=\"b654a4as d2edcug0\">\n<h2><span style=\"color: #008000;\">\u00a0<\/span><\/h2>\n<h2><span style=\"color: #008000;\">ERBE E PIANTE CURATIVE&#8230;IL\u00a0 PROGRAMMA DI PAOLA LANCIATO\u00a0\u00a0<\/span><\/h2>\n<p><a href=\"https:\/\/www.radiopiu.net\/wordpress\/?attachment_id=218554\" rel=\"attachment wp-att-218554\"><img loading=\"lazy\" decoding=\"async\" class=\"wp-image-218554 alignleft\" src=\"https:\/\/www.radiopiu.net\/wordpress\/wp-content\/uploads\/2021\/06\/mora-di-gelso-300x213.jpg\" alt=\"\" width=\"113\" height=\"80\" srcset=\"https:\/\/www.radiopiu.net\/wordpress\/wp-content\/uploads\/2021\/06\/mora-di-gelso-300x213.jpg 300w, https:\/\/www.radiopiu.net\/wordpress\/wp-content\/uploads\/2021\/06\/mora-di-gelso.jpg 350w\" sizes=\"auto, (max-width: 113px) 100vw, 113px\" \/><\/a><\/p>\n<p>&nbsp;<\/p>\n<p>IERI ALLA RADIO\u00a0<strong> IL GELSO<\/strong><\/p>\n<audio class=\"wp-audio-shortcode\" id=\"audio-218750-14\" preload=\"none\" style=\"width: 100%;\" controls=\"controls\"><source type=\"audio\/mpeg\" src=\"https:\/\/www.radiopiu.net\/wordpress\/wp-content\/uploads\/2021\/06\/20-Il-gelso-M.mp3?_=14\" \/><a href=\"https:\/\/www.radiopiu.net\/wordpress\/wp-content\/uploads\/2021\/06\/20-Il-gelso-M.mp3\">https:\/\/www.radiopiu.net\/wordpress\/wp-content\/uploads\/2021\/06\/20-Il-gelso-M.mp3<\/a><\/audio>\n<p>&nbsp;<\/p>\n<\/div>\n<blockquote class=\"wp-embedded-content\" data-secret=\"g2aCMtprhR\"><p><a href=\"https:\/\/www.radiopiu.net\/wordpress\/erbe-e-piante-curative-il-mandorlo\/\">L\u2019ERBA VOGLIO DEL GIARDINO DEL RE\u2026 ERBE, FIORI E PIANTE DI E CON PAOLA LANCIATO<\/a><\/p><\/blockquote>\n<p><iframe loading=\"lazy\" class=\"wp-embedded-content\" sandbox=\"allow-scripts\" security=\"restricted\" style=\"position: absolute; clip: rect(1px, 1px, 1px, 1px);\" title=\"&#8220;L\u2019ERBA VOGLIO DEL GIARDINO DEL RE\u2026 ERBE, FIORI E PIANTE DI E CON PAOLA LANCIATO&#8221; &#8212; Radio Pi\u00f9\" src=\"https:\/\/www.radiopiu.net\/wordpress\/erbe-e-piante-curative-il-mandorlo\/embed\/#?secret=g2aCMtprhR\" data-secret=\"g2aCMtprhR\" width=\"600\" height=\"338\" frameborder=\"0\" marginwidth=\"0\" marginheight=\"0\" scrolling=\"no\"><\/iframe><\/p>\n<p>&nbsp;<\/p>\n<\/div>\n<\/div>\n<\/div>\n<p>&nbsp;<\/p>\n<hr \/>\n<p>&nbsp;<\/p>\n<div>\n<h2><span style=\"color: #ff0000;\"><strong>IN VIVO VERSO 2020-21 ESTATE, RIASCOLTIAMOLI&#8230; DAL CASSETTO DEI RICORDI DI RADIO PIU&#8217;&#8230; LE PRIME\u00a0 SEI STAGIONI\u00a0 \u00a0<\/strong><\/span><\/h2>\n<div class=\"page-title-head hgroup\">\n<div class=\"page-title-head hgroup\">\n<div class=\"page-title-head hgroup\">\n<div class=\"page-title-head hgroup\">\n<div class=\"page-title-head hgroup\">\n<div class=\"page-title-head hgroup\">\n<blockquote>\n<h3>riascoltiamole TI DONO SORRISI di GISELLA CANZIAN 2018<\/h3>\n<p><strong>AUDIO<\/strong><\/p>\n<audio class=\"wp-audio-shortcode\" id=\"audio-218750-15\" preload=\"none\" style=\"width: 100%;\" controls=\"controls\"><source type=\"audio\/mpeg\" src=\"https:\/\/www.radiopiu.net\/wordpress\/wp-content\/uploads\/2021\/06\/02-GISELLA-CANZIAN-TI-DONO-SORRISI.mp3?_=15\" \/><a href=\"https:\/\/www.radiopiu.net\/wordpress\/wp-content\/uploads\/2021\/06\/02-GISELLA-CANZIAN-TI-DONO-SORRISI.mp3\">https:\/\/www.radiopiu.net\/wordpress\/wp-content\/uploads\/2021\/06\/02-GISELLA-CANZIAN-TI-DONO-SORRISI.mp3<\/a><\/audio>\n<p><strong>LA RACCOLTA COMPLETA<\/strong><\/p><\/blockquote>\n<\/div>\n<\/div>\n<\/div>\n<\/div>\n<\/div>\n<\/div>\n<blockquote class=\"wp-embedded-content\" data-secret=\"MqYnsIQ4Td\"><p><a href=\"https:\/\/www.radiopiu.net\/wordpress\/in-vivo-verso\/\">In Vivo Verso<\/a><\/p><\/blockquote>\n<p><iframe loading=\"lazy\" class=\"wp-embedded-content\" sandbox=\"allow-scripts\" security=\"restricted\" style=\"position: absolute; clip: rect(1px, 1px, 1px, 1px);\" title=\"&#8220;In Vivo Verso&#8221; &#8212; Radio Pi\u00f9\" src=\"https:\/\/www.radiopiu.net\/wordpress\/in-vivo-verso\/embed\/#?secret=MqYnsIQ4Td\" data-secret=\"MqYnsIQ4Td\" width=\"600\" height=\"338\" frameborder=\"0\" marginwidth=\"0\" marginheight=\"0\" scrolling=\"no\"><\/iframe><\/p>\n<p>&nbsp;<\/p>\n<hr \/>\n<\/div>\n<blockquote>\n<blockquote>\n<h2><\/h2>\n<\/blockquote>\n<\/blockquote>\n<div>\n<div class=\"b654a4as d2edcug0\">\n<div class=\"rq0escxv hkbzh7o3 jwdofwj8 n8tt0mok r8blr3vg hyh9befq\">\n<p>&nbsp;<\/p>\n<blockquote>\n<h2><span style=\"color: #ff0000;\"><em>ZAINO ALLA RADIO&#8230;ESTATE DI PAOLA LANCIATO TUTTI I GIORNI dal lunedi al venerdi ALLE 14 E 23.30\u00a0 \u00a0<\/em><\/span><\/h2>\n<\/blockquote>\n<div class=\"b654a4as d2edcug0\">\n<blockquote>\n<h2>ALL&#8217;ABBAZIA DI SAN GALGANO CON PAOLA LANCIATO E IL SUO ZAINO DA VIAGGIO ESTIVO<\/h2>\n<\/blockquote>\n<p style=\"padding-left: 40px;\"><strong>AUDIO<\/strong><\/p>\n<audio class=\"wp-audio-shortcode\" id=\"audio-218750-16\" preload=\"none\" style=\"width: 100%;\" controls=\"controls\"><source type=\"audio\/mpeg\" src=\"https:\/\/www.radiopiu.net\/wordpress\/wp-content\/uploads\/2021\/06\/37-LAbbazia-di-San-Galgano-M.mp3?_=16\" \/><a href=\"https:\/\/www.radiopiu.net\/wordpress\/wp-content\/uploads\/2021\/06\/37-LAbbazia-di-San-Galgano-M.mp3\">https:\/\/www.radiopiu.net\/wordpress\/wp-content\/uploads\/2021\/06\/37-LAbbazia-di-San-Galgano-M.mp3<\/a><\/audio>\n<p>&nbsp;<\/p>\n<p><a href=\"https:\/\/www.radiopiu.net\/wordpress\/?attachment_id=218565\" rel=\"attachment wp-att-218565\"><img loading=\"lazy\" decoding=\"async\" class=\"alignnone size-medium wp-image-218565\" src=\"https:\/\/www.radiopiu.net\/wordpress\/wp-content\/uploads\/2021\/06\/37-300x200.jpg\" alt=\"\" width=\"300\" height=\"200\" srcset=\"https:\/\/www.radiopiu.net\/wordpress\/wp-content\/uploads\/2021\/06\/37-300x200.jpg 300w, https:\/\/www.radiopiu.net\/wordpress\/wp-content\/uploads\/2021\/06\/37-1024x681.jpg 1024w, https:\/\/www.radiopiu.net\/wordpress\/wp-content\/uploads\/2021\/06\/37-768x511.jpg 768w, https:\/\/www.radiopiu.net\/wordpress\/wp-content\/uploads\/2021\/06\/37.jpg 1200w\" sizes=\"auto, (max-width: 300px) 100vw, 300px\" \/><\/a><\/p>\n<p>&nbsp;<\/p>\n<p><strong>LA RACCOLTA COMPLETA<\/strong><\/p>\n<\/div>\n<blockquote class=\"wp-embedded-content\" data-secret=\"In6oNCnkRw\"><p><a href=\"https:\/\/www.radiopiu.net\/wordpress\/zaino-femminile-lanciato\/\">Zaino da viaggio al femminile<\/a><\/p><\/blockquote>\n<p><iframe loading=\"lazy\" class=\"wp-embedded-content\" sandbox=\"allow-scripts\" security=\"restricted\" style=\"position: absolute; clip: rect(1px, 1px, 1px, 1px);\" title=\"&#8220;Zaino da viaggio al femminile&#8221; &#8212; Radio Pi\u00f9\" src=\"https:\/\/www.radiopiu.net\/wordpress\/zaino-femminile-lanciato\/embed\/#?secret=In6oNCnkRw\" data-secret=\"In6oNCnkRw\" width=\"600\" height=\"338\" frameborder=\"0\" marginwidth=\"0\" marginheight=\"0\" scrolling=\"no\"><\/iframe><\/p>\n<p>&nbsp;<\/p>\n<\/div>\n<\/div>\n<\/div>\n<hr \/>\n<p>&nbsp;<\/p>\n<div>\n<h2><span style=\"color: #800080;\"><strong>LA RASSEGNA STAMPA DA L&#8217;AMICO DEL POPOLO\u00a0<\/strong><\/span><\/h2>\n<h3 class=\"kvgmc6g5 cxmmr5t8 oygrvhab hcukyx3x c1et5uql\"><span style=\"color: #0000ff;\"> INFORMAZIONE il canale su TELEGRAM informazione di prima mano e in tempo reale. iscriviti ed aiutaci a farlo conoscere\u00a0\u00a0<\/span><\/h3>\n<p><a href=\"https:\/\/www.radiopiu.net\/wordpress\/tre-agordini-al-campionato-mondiale-di-pesto-genovese-al-mortaio\/a70961a5-8249-40f2-b8ac-e60b60d2e03e\/\" rel=\"attachment wp-att-193173\"><img loading=\"lazy\" decoding=\"async\" class=\"wp-image-193173 alignleft\" src=\"https:\/\/www.radiopiu.net\/wordpress\/wp-content\/uploads\/2021\/02\/a70961a5-8249-40f2-b8ac-e60b60d2e03e-271x300.jpg\" alt=\"\" width=\"125\" height=\"138\" srcset=\"https:\/\/www.radiopiu.net\/wordpress\/wp-content\/uploads\/2021\/02\/a70961a5-8249-40f2-b8ac-e60b60d2e03e-271x300.jpg 271w, https:\/\/www.radiopiu.net\/wordpress\/wp-content\/uploads\/2021\/02\/a70961a5-8249-40f2-b8ac-e60b60d2e03e.jpg 720w\" sizes=\"auto, (max-width: 125px) 100vw, 125px\" \/><\/a><strong>di Gianni Santomaso<\/strong><\/p>\n<p>OSPITE: Gabriele Riva<\/p>\n<audio class=\"wp-audio-shortcode\" id=\"audio-218750-17\" preload=\"none\" style=\"width: 100%;\" controls=\"controls\"><source type=\"audio\/mpeg\" src=\"https:\/\/www.radiopiu.net\/wordpress\/wp-content\/uploads\/2021\/06\/RASSEGNA-GIANNI-4.mp3?_=17\" \/><a href=\"https:\/\/www.radiopiu.net\/wordpress\/wp-content\/uploads\/2021\/06\/RASSEGNA-GIANNI-4.mp3\">https:\/\/www.radiopiu.net\/wordpress\/wp-content\/uploads\/2021\/06\/RASSEGNA-GIANNI-4.mp3<\/a><\/audio>\n<p>&nbsp;<\/p>\n<p><strong>LA RACCOLTA COMPLETA<\/strong><\/p>\n<blockquote class=\"wp-embedded-content\" data-secret=\"cQyjfAL771\"><p><a href=\"https:\/\/www.radiopiu.net\/wordpress\/rassegna-stampa-di-gianni-santomaso\/\">Rassegna stampa da l&#8217;amico del popolo &#8211; di Gianni Santomaso<\/a><\/p><\/blockquote>\n<p><iframe loading=\"lazy\" class=\"wp-embedded-content\" sandbox=\"allow-scripts\" security=\"restricted\" style=\"position: absolute; clip: rect(1px, 1px, 1px, 1px);\" title=\"&#8220;Rassegna stampa da l&#8217;amico del popolo &#8211; di Gianni Santomaso&#8221; &#8212; Radio Pi\u00f9\" src=\"https:\/\/www.radiopiu.net\/wordpress\/rassegna-stampa-di-gianni-santomaso\/embed\/#?secret=cQyjfAL771\" data-secret=\"cQyjfAL771\" width=\"600\" height=\"338\" frameborder=\"0\" marginwidth=\"0\" marginheight=\"0\" scrolling=\"no\"><\/iframe><\/p>\n<div class=\"b654a4as d2edcug0\"><\/div>\n<\/div>\n<p>&nbsp;<\/p>\n<hr \/>\n<div dir=\"auto\"><\/div>\n<p>&nbsp;<\/p>\n<div dir=\"auto\">\n<blockquote>\n<h3>SALUTE E SOCIETA&#8217; IL LUNEDI ALLE 13.10 E ALLE 20.10, LA DOMENICA ALLE 10.30 A CURA DEL DOTTOR MARCO CARACCIOLO. QUINTA STAGIONE<\/h3>\n<\/blockquote>\n<p><strong><a href=\"https:\/\/www.radiopiu.net\/wordpress\/tumore-ovarico-manteniamoci-informate\/whatsapp-image-2021-06-28-at-09-40-27\/\" rel=\"attachment wp-att-218600\"><img loading=\"lazy\" decoding=\"async\" class=\"size-medium wp-image-218600 alignleft\" src=\"https:\/\/www.radiopiu.net\/wordpress\/wp-content\/uploads\/2021\/06\/WhatsApp-Image-2021-06-28-at-09.40.27-300x169.jpeg\" alt=\"\" width=\"300\" height=\"169\" srcset=\"https:\/\/www.radiopiu.net\/wordpress\/wp-content\/uploads\/2021\/06\/WhatsApp-Image-2021-06-28-at-09.40.27-300x169.jpeg 300w, https:\/\/www.radiopiu.net\/wordpress\/wp-content\/uploads\/2021\/06\/WhatsApp-Image-2021-06-28-at-09.40.27-1024x576.jpeg 1024w, https:\/\/www.radiopiu.net\/wordpress\/wp-content\/uploads\/2021\/06\/WhatsApp-Image-2021-06-28-at-09.40.27-768x432.jpeg 768w, https:\/\/www.radiopiu.net\/wordpress\/wp-content\/uploads\/2021\/06\/WhatsApp-Image-2021-06-28-at-09.40.27.jpeg 1280w\" sizes=\"auto, (max-width: 300px) 100vw, 300px\" \/><\/a>LA PUNTATA DELLA SETTIMANA del 21 GIUGNO<\/strong><\/p>\n<p>Per assistere in maniera ottimale i pazienti \u00e8 necessario costruire dei percorsi assistenziali condivisi tra tutti gli specialisti che ruotano intorno a una determinata patologia. \u00c8 importante abbandonare l\u2019autoreferenzialit\u00e0 e attivare la collaborazione tra le diverse figure sanitarie. Fabio Cartabellotta, Direttore Dipartimento di Medicina dell\u2019Ospedale Buccheri la Ferla FBF di Palermo, Nicol\u00f2 Borsellino, Direttore UOC di Oncologia Medica Ospedale Buccheri La Ferla FBF di Palermo, Salvatore Corrao, professore associato presso l\u2019Universit\u00e0 di Palermo; direttore U.O.C. di Medicina interna \u2013 Arnas Civico Palermo<\/p>\n<audio class=\"wp-audio-shortcode\" id=\"audio-218750-18\" preload=\"none\" style=\"width: 100%;\" controls=\"controls\"><source type=\"audio\/mpeg\" src=\"https:\/\/www.radiopiu.net\/wordpress\/wp-content\/uploads\/2021\/06\/SALUTE-3.mp3?_=18\" \/><a href=\"https:\/\/www.radiopiu.net\/wordpress\/wp-content\/uploads\/2021\/06\/SALUTE-3.mp3\">https:\/\/www.radiopiu.net\/wordpress\/wp-content\/uploads\/2021\/06\/SALUTE-3.mp3<\/a><\/audio>\n<p>&nbsp;<\/p>\n<blockquote class=\"wp-embedded-content\" data-secret=\"Vtcznmx0Yr\"><p><a href=\"https:\/\/www.radiopiu.net\/wordpress\/saluteesocieta\/\">Salute e Societ\u00e0<\/a><\/p><\/blockquote>\n<p><iframe loading=\"lazy\" class=\"wp-embedded-content\" sandbox=\"allow-scripts\" security=\"restricted\" style=\"position: absolute; clip: rect(1px, 1px, 1px, 1px);\" title=\"&#8220;Salute e Societ\u00e0&#8221; &#8212; Radio Pi\u00f9\" src=\"https:\/\/www.radiopiu.net\/wordpress\/saluteesocieta\/embed\/#?secret=Vtcznmx0Yr\" data-secret=\"Vtcznmx0Yr\" width=\"600\" height=\"338\" frameborder=\"0\" marginwidth=\"0\" marginheight=\"0\" scrolling=\"no\"><\/iframe><\/p>\n<\/div>\n<div dir=\"auto\">\n<h1><\/h1>\n<\/div>\n<div>\n<div class=\"page-title-head hgroup\">\n<div class=\"page-title-head hgroup\">\n<div class=\"page-title-head hgroup\">\n<div>\n<div class=\"b654a4as d2edcug0\">\n<div class=\"rq0escxv hkbzh7o3 jwdofwj8 n8tt0mok r8blr3vg hyh9befq\">\n<hr \/>\n<\/div>\n<\/div>\n<\/div>\n<div>\n<div class=\"page-title-head hgroup\">\n<div class=\"page-title-head hgroup\">\n<div>\n<div class=\"b654a4as d2edcug0\">\n<p>&nbsp;<\/p>\n<blockquote>\n<h3><img loading=\"lazy\" decoding=\"async\" class=\"alignleft\" src=\"https:\/\/www.radiopiu.net\/wordpress\/wp-content\/uploads\/2021\/06\/fresh-flower-leaves-saffron-white-background-place-your-text-use-saffron-spice-cooking-cosmetology_347372-394.jpeg\" width=\"141\" height=\"94\" \/>L&#8217;ALMANACCO LADINO CON L&#8217;ISTITUT CESA DE JAN QUINDICINALE APPUNTAMENTO. LA DOMENICA ALLE 9 IL LUNEDI ALLE 8.35 IL MARTEDI ALLE 12.35 IL MERCOLEDI ALLE 18.35. SECONDA STAGIONE.<\/h3>\n<\/blockquote>\n<p><strong>RACCOLTA COMPLETA\u00a0<\/strong><\/p>\n<blockquote class=\"wp-embedded-content\" data-secret=\"0Oo8moYIHk\"><p><a href=\"https:\/\/www.radiopiu.net\/wordpress\/almanacco-ladino\/\">Almanacco Ladino<\/a><\/p><\/blockquote>\n<p><iframe loading=\"lazy\" class=\"wp-embedded-content\" sandbox=\"allow-scripts\" security=\"restricted\" style=\"position: absolute; clip: rect(1px, 1px, 1px, 1px);\" title=\"&#8220;Almanacco Ladino&#8221; &#8212; Radio Pi\u00f9\" src=\"https:\/\/www.radiopiu.net\/wordpress\/almanacco-ladino\/embed\/#?secret=0Oo8moYIHk\" data-secret=\"0Oo8moYIHk\" width=\"600\" height=\"338\" frameborder=\"0\" marginwidth=\"0\" marginheight=\"0\" scrolling=\"no\"><\/iframe><\/p>\n<div dir=\"auto\"><\/div>\n<\/div>\n<div>\n<p>&nbsp;<\/p>\n<hr \/>\n<h2><span style=\"color: #808000;\">\u00a0<\/span><\/h2>\n<h2><span style=\"color: #808000;\">DUE MINUTI UN LIBRO\u00a0 TUTTI I GIORNI ALLA RADIO ALLE 9.30 E ALLE 18. QUINTA STAGIONE\u00a0<\/span><\/h2>\n<blockquote class=\"wp-embedded-content\" data-secret=\"g1xLLp1j13\"><p><a href=\"https:\/\/www.radiopiu.net\/wordpress\/i-favolosi-racconti-del-tempo-che-fu\/\">I FAVOLOSI RACCONTI DEL TEMPO CHE FU<\/a><\/p><\/blockquote>\n<p><iframe loading=\"lazy\" class=\"wp-embedded-content\" sandbox=\"allow-scripts\" security=\"restricted\" style=\"position: absolute; clip: rect(1px, 1px, 1px, 1px);\" title=\"&#8220;I FAVOLOSI RACCONTI DEL TEMPO CHE FU&#8221; &#8212; Radio Pi\u00f9\" src=\"https:\/\/www.radiopiu.net\/wordpress\/i-favolosi-racconti-del-tempo-che-fu\/embed\/#?secret=g1xLLp1j13\" data-secret=\"g1xLLp1j13\" width=\"600\" height=\"338\" frameborder=\"0\" marginwidth=\"0\" marginheight=\"0\" scrolling=\"no\"><\/iframe><\/p>\n<p>&nbsp;<\/p>\n<blockquote class=\"wp-embedded-content\" data-secret=\"MOdmdTmqPL\"><p><a href=\"https:\/\/www.radiopiu.net\/wordpress\/due-minuti-un-libro\/\">Due minuti un libro<\/a><\/p><\/blockquote>\n<p><iframe loading=\"lazy\" class=\"wp-embedded-content\" sandbox=\"allow-scripts\" security=\"restricted\" style=\"position: absolute; clip: rect(1px, 1px, 1px, 1px);\" title=\"&#8220;Due minuti un libro&#8221; &#8212; Radio Pi\u00f9\" src=\"https:\/\/www.radiopiu.net\/wordpress\/due-minuti-un-libro\/embed\/#?secret=MOdmdTmqPL\" data-secret=\"MOdmdTmqPL\" width=\"600\" height=\"338\" frameborder=\"0\" marginwidth=\"0\" marginheight=\"0\" scrolling=\"no\"><\/iframe><\/p>\n<p>&nbsp;<\/p>\n<p>&nbsp;<\/p>\n<hr \/>\n<p>\u200b<\/p>\n<div>\n<h2><span style=\"color: #33cccc;\">I RACCONTI DI PAOLO SOPPELSA il lunedi alle 9.30 e 18.30<\/span><\/h2>\n<p><span style=\"color: #0000ff;\">INFORMAZIONE il canale su TELEGRAM informazione di prima mano e in tempo reale. iscriviti ed aiutaci a farlo conoscere\u00a0<\/span><\/p>\n<blockquote class=\"wp-embedded-content\" data-secret=\"44lNNuV3aW\"><p><a href=\"https:\/\/www.radiopiu.net\/wordpress\/i-racconti-di-paolo-soppelsa-ottantunesima-puntata\/\">I RACCONTI DI PAOLO SOPPELSA OTTANTUNESIMA PUNTATA<\/a><\/p><\/blockquote>\n<p><iframe loading=\"lazy\" class=\"wp-embedded-content\" sandbox=\"allow-scripts\" security=\"restricted\" style=\"position: absolute; clip: rect(1px, 1px, 1px, 1px);\" title=\"&#8220;I RACCONTI DI PAOLO SOPPELSA OTTANTUNESIMA PUNTATA&#8221; &#8212; Radio Pi\u00f9\" src=\"https:\/\/www.radiopiu.net\/wordpress\/i-racconti-di-paolo-soppelsa-ottantunesima-puntata\/embed\/#?secret=44lNNuV3aW\" data-secret=\"44lNNuV3aW\" width=\"600\" height=\"338\" frameborder=\"0\" marginwidth=\"0\" marginheight=\"0\" scrolling=\"no\"><\/iframe><\/p>\n<p>&nbsp;<\/p>\n<blockquote class=\"wp-embedded-content\" data-secret=\"RtM3ySf4fk\"><p><a href=\"https:\/\/www.radiopiu.net\/wordpress\/i-racconti-di-paolo-soppelsa\/\">I racconti di Paolo Soppelsa<\/a><\/p><\/blockquote>\n<p><iframe loading=\"lazy\" class=\"wp-embedded-content\" sandbox=\"allow-scripts\" security=\"restricted\" style=\"position: absolute; clip: rect(1px, 1px, 1px, 1px);\" title=\"&#8220;I racconti di Paolo Soppelsa&#8221; &#8212; Radio Pi\u00f9\" src=\"https:\/\/www.radiopiu.net\/wordpress\/i-racconti-di-paolo-soppelsa\/embed\/#?secret=RtM3ySf4fk\" data-secret=\"RtM3ySf4fk\" width=\"600\" height=\"338\" frameborder=\"0\" marginwidth=\"0\" marginheight=\"0\" scrolling=\"no\"><\/iframe><\/p>\n<p>&nbsp;<\/p>\n<\/div>\n<\/div>\n<hr \/>\n<p>&nbsp;<\/p>\n<h2><strong><span style=\"color: #ff0000;\">ALLA RADIO<\/span><\/strong><\/h2>\n<div data-offset-key=\"5n5nl-0-0\">\n<h3>Per ricevere gli aggiornamenti in tempo reale delle notizie pubblicate alla radio e sul sito di radio pi\u00f9 iscriviti al gruppo RADIO PIU INFORMAZIONE su Telegram.\u00a0\u00a0<a href=\"https:\/\/t.me\/radiopiu\">clicca qui<\/a><\/h3>\n<p>&nbsp;<\/p>\n<\/div>\n<blockquote><p><strong><a href=\"https:\/\/www.radiopiu.net\/wordpress\/cassa-solidarieta-luxottica-puntata-del-19-giugno-2020\/cslxo-2\/\" rel=\"attachment wp-att-145244\"><img loading=\"lazy\" decoding=\"async\" class=\"size-medium wp-image-145244 alignleft\" src=\"https:\/\/www.radiopiu.net\/wordpress\/wp-content\/uploads\/2020\/06\/cassa-solidarieta-luxottica-300x148.jpg\" alt=\"\" width=\"300\" height=\"148\" srcset=\"https:\/\/www.radiopiu.net\/wordpress\/wp-content\/uploads\/2020\/06\/cassa-solidarieta-luxottica-300x148.jpg 300w, https:\/\/www.radiopiu.net\/wordpress\/wp-content\/uploads\/2020\/06\/cassa-solidarieta-luxottica-1024x504.jpg 1024w, https:\/\/www.radiopiu.net\/wordpress\/wp-content\/uploads\/2020\/06\/cassa-solidarieta-luxottica-768x378.jpg 768w, https:\/\/www.radiopiu.net\/wordpress\/wp-content\/uploads\/2020\/06\/cassa-solidarieta-luxottica.jpg 1167w\" sizes=\"auto, (max-width: 300px) 100vw, 300px\" \/><\/a>di Claudio Fontanive<\/strong><\/p>\n<p>OSPITI: Paolo Chissal\u00e8 e Fabrizio Campedel<\/p>\n<p>&nbsp;<\/p>\n<p><strong>PUNTATA MAGGIO 2021<\/strong><\/p>\n<audio class=\"wp-audio-shortcode\" id=\"audio-218750-19\" preload=\"none\" style=\"width: 100%;\" controls=\"controls\"><source type=\"audio\/mpeg\" src=\"https:\/\/www.radiopiu.net\/wordpress\/wp-content\/uploads\/2021\/05\/ca-sol-lux-maggio-2021.mp3?_=19\" \/><a href=\"https:\/\/www.radiopiu.net\/wordpress\/wp-content\/uploads\/2021\/05\/ca-sol-lux-maggio-2021.mp3\">https:\/\/www.radiopiu.net\/wordpress\/wp-content\/uploads\/2021\/05\/ca-sol-lux-maggio-2021.mp3<\/a><\/audio>\n<h2>RACCOLTA COMPLETA<\/h2>\n<\/blockquote>\n<blockquote class=\"wp-embedded-content\" data-secret=\"0HvqayLlJu\"><p><a href=\"https:\/\/www.radiopiu.net\/wordpress\/cassa-solidarieta-luxottica-puntata-del-16-ottobre-2020\/\">CASSA SOLIDARIET\u00c0 LUXOTTICA &#8211; TUTTE LE PUNTATE<\/a><\/p><\/blockquote>\n<p><iframe loading=\"lazy\" class=\"wp-embedded-content\" sandbox=\"allow-scripts\" security=\"restricted\" style=\"position: absolute; clip: rect(1px, 1px, 1px, 1px);\" title=\"&#8220;CASSA SOLIDARIET\u00c0 LUXOTTICA &#8211; TUTTE LE PUNTATE&#8221; &#8212; Radio Pi\u00f9\" src=\"https:\/\/www.radiopiu.net\/wordpress\/cassa-solidarieta-luxottica-puntata-del-16-ottobre-2020\/embed\/#?secret=0HvqayLlJu\" data-secret=\"0HvqayLlJu\" width=\"600\" height=\"338\" frameborder=\"0\" marginwidth=\"0\" marginheight=\"0\" scrolling=\"no\"><\/iframe><\/p>\n<div>\n<h2><\/h2>\n<p>&nbsp;<\/p>\n<\/div>\n<hr \/>\n<\/div>\n<blockquote>\n<blockquote>\n<h2><a href=\"https:\/\/www.radiopiu.net\/wordpress\/speciale-solidarieta-veneto\/solidarieta-veneto-3\/\" rel=\"attachment wp-att-134366\">\u00a0<\/a><\/h2>\n<h2><a href=\"https:\/\/www.radiopiu.net\/wordpress\/speciale-solidarieta-veneto\/solidarieta-veneto-3\/\" rel=\"attachment wp-att-134366\"><img loading=\"lazy\" decoding=\"async\" class=\"wp-image-134366 alignleft\" src=\"https:\/\/www.radiopiu.net\/wordpress\/wp-content\/uploads\/2020\/05\/solidariet\u00e0-veneto-300x210.jpg\" alt=\"\" width=\"102\" height=\"71\" srcset=\"https:\/\/www.radiopiu.net\/wordpress\/wp-content\/uploads\/2020\/05\/solidariet\u00e0-veneto-300x210.jpg 300w, https:\/\/www.radiopiu.net\/wordpress\/wp-content\/uploads\/2020\/05\/solidariet\u00e0-veneto-1024x717.jpg 1024w, https:\/\/www.radiopiu.net\/wordpress\/wp-content\/uploads\/2020\/05\/solidariet\u00e0-veneto-768x538.jpg 768w, https:\/\/www.radiopiu.net\/wordpress\/wp-content\/uploads\/2020\/05\/solidariet\u00e0-veneto.jpg 1373w\" sizes=\"auto, (max-width: 102px) 100vw, 102px\" \/><\/a>SOLIDARIETA&#8217; VENETO FONDO PENSIONE, IN ONDA IL PRIMO VENERDI DEL MESE ALLE 10.30 E ALLE 19.00 QUINTA STAGIONE<\/h2>\n<\/blockquote>\n<h2><strong><span style=\"color: #ff0000;\">AUDIO MAGGIO 2021<\/span><\/strong><\/h2>\n<\/blockquote>\n<div>\n<audio class=\"wp-audio-shortcode\" id=\"audio-218750-20\" preload=\"none\" style=\"width: 100%;\" controls=\"controls\"><source type=\"audio\/mpeg\" src=\"https:\/\/www.radiopiu.net\/wordpress\/wp-content\/uploads\/2021\/05\/solidarieta-veneto-maggio-2021.mp3?_=20\" \/><a href=\"https:\/\/www.radiopiu.net\/wordpress\/wp-content\/uploads\/2021\/05\/solidarieta-veneto-maggio-2021.mp3\">https:\/\/www.radiopiu.net\/wordpress\/wp-content\/uploads\/2021\/05\/solidarieta-veneto-maggio-2021.mp3<\/a><\/audio>\n<\/div>\n<h2>LA RACCOLTA COMPLETA<\/h2>\n<blockquote class=\"wp-embedded-content\" data-secret=\"96IvY4taQ4\"><p><a href=\"https:\/\/www.radiopiu.net\/wordpress\/solidarieta-veneto\/\">Solidariet\u00e0 Veneto<\/a><\/p><\/blockquote>\n<p><iframe loading=\"lazy\" class=\"wp-embedded-content\" sandbox=\"allow-scripts\" security=\"restricted\" style=\"position: absolute; clip: rect(1px, 1px, 1px, 1px);\" title=\"&#8220;Solidariet\u00e0 Veneto&#8221; &#8212; Radio Pi\u00f9\" src=\"https:\/\/www.radiopiu.net\/wordpress\/solidarieta-veneto\/embed\/#?secret=96IvY4taQ4\" data-secret=\"96IvY4taQ4\" width=\"600\" height=\"338\" frameborder=\"0\" marginwidth=\"0\" marginheight=\"0\" scrolling=\"no\"><\/iframe><\/p>\n<blockquote>\n<h2><\/h2>\n<h2><\/h2>\n<\/blockquote>\n<div class=\"page-title-head hgroup\">\n<div>\n<div class=\"b654a4as d2edcug0\">\n<div dir=\"auto\">\n<hr \/>\n<p>&nbsp;<\/p>\n<div>\n<h2><span style=\"color: #ff0000;\">LEGGERMENTE BELLUNESI CON LUISA ALCHINI la raccolta completa<\/span><\/h2>\n<\/div>\n<div>\n<blockquote class=\"wp-embedded-content\" data-secret=\"WwY7qI1DeN\"><p><a href=\"https:\/\/www.radiopiu.net\/wordpress\/leggermente-20\/\">LEGGERmente&#8230;Bellunesi<\/a><\/p><\/blockquote>\n<p><iframe loading=\"lazy\" class=\"wp-embedded-content\" sandbox=\"allow-scripts\" security=\"restricted\" style=\"position: absolute; clip: rect(1px, 1px, 1px, 1px);\" title=\"&#8220;LEGGERmente&#8230;Bellunesi&#8221; &#8212; Radio Pi\u00f9\" src=\"https:\/\/www.radiopiu.net\/wordpress\/leggermente-20\/embed\/#?secret=WwY7qI1DeN\" data-secret=\"WwY7qI1DeN\" width=\"600\" height=\"338\" frameborder=\"0\" marginwidth=\"0\" marginheight=\"0\" scrolling=\"no\"><\/iframe><\/p>\n<\/div>\n<\/div>\n<p>&nbsp;<\/p>\n<hr \/>\n<p>&nbsp;<\/p>\n<h2><span style=\"color: #ff0000;\">GOCCE DI FILOSOFIA, CON CHIARA CAU, CON LISA DE LUCA la raccolta completa<\/span><\/h2>\n<blockquote class=\"wp-embedded-content\" data-secret=\"7jlXMFXaEB\"><p><a href=\"https:\/\/www.radiopiu.net\/wordpress\/gocce-filosofia\/\">Gocce di filosofia<\/a><\/p><\/blockquote>\n<p><iframe loading=\"lazy\" class=\"wp-embedded-content\" sandbox=\"allow-scripts\" security=\"restricted\" style=\"position: absolute; clip: rect(1px, 1px, 1px, 1px);\" title=\"&#8220;Gocce di filosofia&#8221; &#8212; Radio Pi\u00f9\" src=\"https:\/\/www.radiopiu.net\/wordpress\/gocce-filosofia\/embed\/#?secret=7jlXMFXaEB\" data-secret=\"7jlXMFXaEB\" width=\"600\" height=\"338\" frameborder=\"0\" marginwidth=\"0\" marginheight=\"0\" scrolling=\"no\"><\/iframe><\/p>\n<p>&nbsp;<\/p>\n<p>&nbsp;<\/p>\n<hr \/>\n<\/div>\n<\/div>\n<p>&nbsp;<\/p>\n<p><a href=\"https:\/\/www.radiopiu.net\/wordpress\/giornale-radiopiu-26-settembre-2018-direttore-mirko-mezzacasa\/viabilita-2\/\" rel=\"attachment wp-att-61954\"><img loading=\"lazy\" decoding=\"async\" class=\"wp-image-61954 size-full aligncenter\" src=\"https:\/\/www.radiopiu.net\/wordpress\/wp-content\/uploads\/2018\/09\/viabilita.jpeg\" alt=\"\" width=\"800\" height=\"100\" srcset=\"https:\/\/www.radiopiu.net\/wordpress\/wp-content\/uploads\/2018\/09\/viabilita.jpeg 800w, https:\/\/www.radiopiu.net\/wordpress\/wp-content\/uploads\/2018\/09\/viabilita-300x38.jpeg 300w, https:\/\/www.radiopiu.net\/wordpress\/wp-content\/uploads\/2018\/09\/viabilita-768x96.jpeg 768w\" sizes=\"auto, (max-width: 800px) 100vw, 800px\" \/><\/a><\/p>\n<blockquote><p>&nbsp;<\/p><\/blockquote>\n<\/div>\n<\/div>\n<\/div>\n<\/div>\n<\/div>\n<\/div>\n<\/div>\n<\/div>\n<div><\/div>\n<div>\n<div>\n<div>\n<div>\n<div class=\"page-title-head hgroup\">\n<div class=\"page-title-head hgroup\">\n<div class=\"page-title-head hgroup\">\n<div>\n<div>\n<div class=\"page-title-head hgroup\">\n<div class=\"page-title-head hgroup\">\n<div class=\"page-title-head hgroup\">\n<blockquote><p><a href=\"https:\/\/www.radiopiu.net\/wordpress\/giornale-radiopiu-09-agosto-2018-direttore-mirko-mezzacasa\/viabilia\/\" rel=\"attachment wp-att-57053\"><img loading=\"lazy\" decoding=\"async\" class=\" wp-image-57053 alignleft\" src=\"https:\/\/www.radiopiu.net\/wordpress\/wp-content\/uploads\/2018\/08\/VIABILIA-300x180.jpeg\" alt=\"\" width=\"220\" height=\"132\" srcset=\"https:\/\/www.radiopiu.net\/wordpress\/wp-content\/uploads\/2018\/08\/VIABILIA-300x180.jpeg 300w, https:\/\/www.radiopiu.net\/wordpress\/wp-content\/uploads\/2018\/08\/VIABILIA-768x461.jpeg 768w, https:\/\/www.radiopiu.net\/wordpress\/wp-content\/uploads\/2018\/08\/VIABILIA-1024x614.jpeg 1024w, https:\/\/www.radiopiu.net\/wordpress\/wp-content\/uploads\/2018\/08\/VIABILIA.jpeg 1280w\" sizes=\"auto, (max-width: 220px) 100vw, 220px\" \/><\/a>La viabilit\u00e0 con gli ultimi aggiornamenti<\/p><\/blockquote>\n<\/div>\n<\/div>\n<\/div>\n<\/div>\n<\/div>\n<\/div>\n<\/div>\n<\/div>\n<\/div>\n<\/div>\n<\/div>\n<div><\/div>\n<div><\/div>\n<div>\n<div>\n<div class=\"page-title-head hgroup\">\n<p>&nbsp;<\/p>\n<audio class=\"wp-audio-shortcode\" id=\"audio-218750-21\" preload=\"none\" style=\"width: 100%;\" controls=\"controls\"><source type=\"audio\/mpeg\" src=\"https:\/\/www.radiopiu.net\/wordpress\/wp-content\/uploads\/2021\/06\/VIABILITA-7.mp3?_=21\" \/><a href=\"https:\/\/www.radiopiu.net\/wordpress\/wp-content\/uploads\/2021\/06\/VIABILITA-7.mp3\">https:\/\/www.radiopiu.net\/wordpress\/wp-content\/uploads\/2021\/06\/VIABILITA-7.mp3<\/a><\/audio>\n<p>&nbsp;<\/p>\n<p><a href=\"https:\/\/www.radiopiu.net\/wordpress\/giornale-radiopiu-28-giugno-2021-direttore-mirko-mezzacasa\/44ac2ed7-01a2-4a37-9944-8e01b4842246\/\" rel=\"attachment wp-att-218441\"><img loading=\"lazy\" decoding=\"async\" class=\"alignnone wp-image-218441 size-full\" src=\"https:\/\/www.radiopiu.net\/wordpress\/wp-content\/uploads\/2021\/06\/44ac2ed7-01a2-4a37-9944-8e01b4842246.jpg\" alt=\"\" width=\"800\" height=\"497\" srcset=\"https:\/\/www.radiopiu.net\/wordpress\/wp-content\/uploads\/2021\/06\/44ac2ed7-01a2-4a37-9944-8e01b4842246.jpg 800w, https:\/\/www.radiopiu.net\/wordpress\/wp-content\/uploads\/2021\/06\/44ac2ed7-01a2-4a37-9944-8e01b4842246-300x186.jpg 300w, https:\/\/www.radiopiu.net\/wordpress\/wp-content\/uploads\/2021\/06\/44ac2ed7-01a2-4a37-9944-8e01b4842246-768x477.jpg 768w\" sizes=\"auto, (max-width: 800px) 100vw, 800px\" \/><\/a><\/p>\n<p>&nbsp;<\/p>\n<hr \/>\n<p>&nbsp;<\/p>\n<\/div>\n<\/div>\n<\/div>\n<\/div>\n<div>\n<div class=\"page-title-head hgroup\">\n<div class=\"page-title-head hgroup\">\n<div dir=\"auto\">\n<p><a class=\"dt-pswp-item pspw-wrap-ready\" href=\"https:\/\/i0.wp.com\/www.radiopiu.net\/wordpress\/wp-content\/uploads\/2018\/09\/WhatsApp-Image-2018-09-20-at-16.04.06.jpeg?ssl=1\" data-dt-img-description=\"\" data-large_image_width=\"800\" data-large_image_height=\"100\"><img loading=\"lazy\" decoding=\"async\" class=\"aligncenter wp-image-61378 size-full jetpack-lazy-image jetpack-lazy-image--handled\" src=\"https:\/\/i0.wp.com\/www.radiopiu.net\/wordpress\/wp-content\/uploads\/2018\/09\/WhatsApp-Image-2018-09-20-at-16.04.06.jpeg?resize=800%2C100&amp;ssl=1\" sizes=\"auto, (max-width: 800px) 100vw, 800px\" srcset=\"https:\/\/i0.wp.com\/www.radiopiu.net\/wordpress\/wp-content\/uploads\/2018\/09\/WhatsApp-Image-2018-09-20-at-16.04.06.jpeg?w=800&amp;ssl=1 800w, https:\/\/i0.wp.com\/www.radiopiu.net\/wordpress\/wp-content\/uploads\/2018\/09\/WhatsApp-Image-2018-09-20-at-16.04.06.jpeg?resize=300%2C38&amp;ssl=1 300w, https:\/\/i0.wp.com\/www.radiopiu.net\/wordpress\/wp-content\/uploads\/2018\/09\/WhatsApp-Image-2018-09-20-at-16.04.06.jpeg?resize=768%2C96&amp;ssl=1 768w\" alt=\"\" width=\"800\" height=\"100\" data-lazy-loaded=\"1\" \/><\/a><\/p>\n<div><center><b>\u00a0<\/b><\/center><\/p>\n<div><center><b>Mercoledi 30<\/b><\/center><b>Tempo atteso: <\/b>Fino all&#8217;alba cielo sereno o poco nuvoloso, poi nuvolosit\u00e0 in aumento gi\u00e0 al mattino sulle Dolomiti e di pomeriggio anche sulle Prealpi; nella seconda met\u00e0 di giornata in prevalenza nuvoloso.<br \/>\n<b>Precipitazioni: <\/b>Fino al mattino assenti. Nella seconda met\u00e0 di giornata probabilit\u00e0 medio-alta (50-75%); piover\u00e0 estesamente e pi\u00f9 probabilmente di pomeriggio rispetto alla sera, si tratter\u00e0 di piovaschi\/rovesci\/temporali.<br \/>\n<b>Temperature: <\/b>Rispetto a marted\u00ec saranno in calo, anche di molto specie dopo le piogge, con minime a tarda sera. Valori prossimi alla norma prima delle piogge, sotto la norma anche di molto dopo le piogge. Min\/max (\u00b0C): su Prealpi 12\/14 a 1500 m e 9\/11 a 2000 m, su Dolomiti 7\/10 a 2000 m e 1\/3 a 3000 m.<br \/>\n<b>Venti: <\/b>In alta montagna moderati con tendenza a disporsi da sud-ovest ad ovest col passar delle ore, nelle valli deboli\/moderati con direzione variabile. A 1500 m 5-15 km\/h, a 2000 m 10-20 km\/h.<\/div>\n<\/div>\n<\/div>\n<\/div>\n<\/div>\n<\/div>\n<\/div>\n<\/div>\n<\/div>\n<\/div>\n<hr \/>\n<p><center><b>Giovedi 1<\/b><\/center><b>Tempo atteso: <\/b>Alternanza di nuvole e rasserenamenti.<br \/>\n<b>Precipitazioni: <\/b>Probabilit\u00e0 bassa (5-25%) nelle ore notturne per piogge locali e medio-bassa (25-50%) nelle ore diurne per piogge sparse; si tratter\u00e0 di piovaschi\/rovesci\/temporali.<br \/>\n<b>Temperature: <\/b>Rispetto a mercoled\u00ec nella prima met\u00e0 di giornata saranno pi\u00f9 basse, anche di molto fino al primo mattino, mentre dal pomeriggio avranno andamento irregolare con differenze generalmente leggere\/moderate. Min\/max (\u00b0C): su Prealpi 12\/15 a 1500 m e 9\/10 a 2000 m, su Dolomiti 7\/12 a 2000 m e 0\/2 a 3000 m.<br \/>\n<b>Venti: <\/b>In alta montagna moderati da nord-ovest, nelle valli deboli\/moderati con direzione variabile. A 1500 m 5-15 km\/h, a 2000 m 10-20 km\/h.<\/p>\n<hr \/>\n<p><center><b>Venerdi 2<\/b><\/center>Alternanza di nuvole e rasserenamenti con varie piogge a tratti pi\u00f9 probabili nelle ore diurne rispetto alle ore notturne, temperature in aumento di notte e con andamento irregolare di giorno.<\/p>\n<hr \/>\n<p><center><b>Sabato 3<\/b><\/center>Alternanza di nuvole e rasserenamenti con qualche pioggia a tratti di pomeriggio, temperature in calo di notte ed in aumento di giorno. Previsore: Stefano Veronese<\/p>\n<hr \/>\n<div>\n<div><\/div>\n<hr \/>\n<\/div>\n<p>&nbsp;<\/p>\n<p>&nbsp;<\/p>\n<p><a href=\"https:\/\/www.radiopiu.net\/wordpress\/giornale-radiopiu-15-settembre-2018-direttore-mirko-mezzacasa\/sport-7\/\" rel=\"attachment wp-att-60761\"><img loading=\"lazy\" decoding=\"async\" class=\"aligncenter wp-image-60761 size-full\" src=\"https:\/\/www.radiopiu.net\/wordpress\/wp-content\/uploads\/2018\/09\/sport.jpg\" alt=\"\" width=\"800\" height=\"100\" srcset=\"https:\/\/www.radiopiu.net\/wordpress\/wp-content\/uploads\/2018\/09\/sport.jpg 800w, https:\/\/www.radiopiu.net\/wordpress\/wp-content\/uploads\/2018\/09\/sport-300x38.jpg 300w, https:\/\/www.radiopiu.net\/wordpress\/wp-content\/uploads\/2018\/09\/sport-768x96.jpg 768w\" sizes=\"auto, (max-width: 800px) 100vw, 800px\" \/><\/a><\/p>\n<p>&nbsp;<\/p>\n<blockquote>\n<h3>AL LAGO DI GARDA, MEDAGLIA DI BRONZO PER MARTA CESARE<\/h3>\n<\/blockquote>\n<blockquote><p><em>La passione per l\u2019acqua, il piacere di trascorrere insieme delle giornate di sport, un luogo incantato e il gusto della sfida, prima di tutto con se stessi: ingredienti ideali per rendere indimenticabile l\u2019esperienza a Sirmione della Sportivamente Belluno.\u00a0<\/em><\/p><\/blockquote>\n<p><strong>BELLUNO\u00a0 <\/strong>Erano in 900\u00a0 a Sirmione per la sesta edizione di SwimTheIsland, unr due giorni di gare di nuoto in acque libere.\u00a0 Sul Garda sono arrivati atleti e atlete da tutta Italia, oltre che da sette Paesi esteri: Argentina, Francia, Germania, Inghilterra, Olanda, Polonia e Svizzera.\u00a0 \u00a0Per la Sportivamente Belluno al via Marta Cesare, Enrico Triches (Triathlon Dolomiti, gruppo della Sportivamente), Silvia Casagrande, Anna Fontana, Lucilla Majo, Marco Vaccaro e Matteo Sogne.\u00a0 Straordinario terzo posto di categoria\u00a0 per Marta Cesare, nella prova dei 1.800 metri (Short Swim). Una vera impresa. Come quella di chi \u00e8 riuscito a tagliare il traguardo della \u201cSunset Swim\u201d (prova al tramonto di 1,5 km) e della \u201cClassic \u201cSwim\u201d, la gara regina sui 3.200 metri.<\/p>\n<div><a href=\"https:\/\/www.radiopiu.net\/wordpress\/al-lago-di-garda-medaglia-di-bronzo-per-marta-cesare\/marta_cesare_1\/\" rel=\"attachment wp-att-218839\"><img loading=\"lazy\" decoding=\"async\" class=\"alignnone size-medium wp-image-218839\" src=\"https:\/\/www.radiopiu.net\/wordpress\/wp-content\/uploads\/2021\/06\/Marta_Cesare_1-249x300.jpg\" alt=\"\" width=\"249\" height=\"300\" srcset=\"https:\/\/www.radiopiu.net\/wordpress\/wp-content\/uploads\/2021\/06\/Marta_Cesare_1-249x300.jpg 249w, https:\/\/www.radiopiu.net\/wordpress\/wp-content\/uploads\/2021\/06\/Marta_Cesare_1.jpg 768w\" sizes=\"auto, (max-width: 249px) 100vw, 249px\" \/><\/a><a href=\"https:\/\/www.radiopiu.net\/wordpress\/al-lago-di-garda-medaglia-di-bronzo-per-marta-cesare\/marta_cesare_2\/\" rel=\"attachment wp-att-218840\"><img loading=\"lazy\" decoding=\"async\" class=\"alignnone size-medium wp-image-218840\" src=\"https:\/\/www.radiopiu.net\/wordpress\/wp-content\/uploads\/2021\/06\/Marta_Cesare_2-212x300.jpg\" alt=\"\" width=\"212\" height=\"300\" srcset=\"https:\/\/www.radiopiu.net\/wordpress\/wp-content\/uploads\/2021\/06\/Marta_Cesare_2-212x300.jpg 212w, https:\/\/www.radiopiu.net\/wordpress\/wp-content\/uploads\/2021\/06\/Marta_Cesare_2.jpg 724w\" sizes=\"auto, (max-width: 212px) 100vw, 212px\" \/><\/a><\/div>\n<div><\/div>\n<div><\/div>\n<div>\n<hr \/>\n<\/div>\n<div>\n<blockquote>\n<h2 dir=\"ltr\">Corso estivo di qualificazione ad Arbitro Effettivo della Federazione Italiana Giuoco Calcio<\/h2>\n<\/blockquote>\n<p dir=\"ltr\"><a href=\"https:\/\/www.radiopiu.net\/wordpress\/un-parcheggio-da-120-mila-euro-a-servizio-del-campo-di-calcio-ivano-dorigo-da-veneto-strade-un-bonus-di-40-mila-euro-per-gli-asfalti\/campo-calcio-agordo2\/\" rel=\"attachment wp-att-141279\"><img loading=\"lazy\" decoding=\"async\" class=\"size-full wp-image-141279 alignleft\" src=\"https:\/\/www.radiopiu.net\/wordpress\/wp-content\/uploads\/2020\/05\/CAMPO-CALCIO-AGORDO2.jpg\" alt=\"\" width=\"275\" height=\"183\" \/><\/a>Si terr\u00e0 sabato\u00a0 \u00a0alle 17\u00a0 la presentazione del nuovo corso arbitri estivo organizzato dalla Sezione A.I.A. di Belluno. La presentazione si terr\u00e0 online attraverso la piattaforma meet cliccando il seguente link: <a href=\"https:\/\/meet.google.com\/pnk-ecdr-pwd\" target=\"_blank\" rel=\"noopener noreferrer\">https:\/\/meet.google.com\/pnk-ecdr-pwd<\/a> .\u00a0 Il corso sar\u00e0 organizzato nei mesi estivi e terminer\u00e0 a settembre, permettendo cos\u00ec di entrare subito nel vivo del Campionato e nei terreni di gioco di tutta la nostra Provincia. \u00c8 composto da 14 lezioni, che si terranno online e con cadenza settimanale, pi\u00f9 2 incontri in presenza nel rispetto di tutte le normative sanitarie in vigore. Il corso e il materiale didattico messi a disposizione sono totalmente gratuiti. Una volta superato l\u2019esame finale i neo-arbitri avranno diritto al possesso della tessera F.I.G.C. con la quale potranno accedere gratuitamente in tutti gli stadi italiani, saranno dotati gratuitamente di divisa, taccuino e fischietto e avranno diritto ad un congruo rimborso spese per ogni gara diretta. Novit\u00e0: il doppio tesseramento,\u00a0 consiste nella possibilit\u00e0 per ragazze e ragazzi fino ai 17 anni di essere tesserati sia per l\u2019A.I.A. sia per societ\u00e0 della L.N.D. o del Settore Giovanile e Scolastico. Il doppio tesseramento arbitro-calciatore permetter\u00e0 a questi giovani associati di dirigere partite di calcio nei gironi nei quali non \u00e8 ovviamente presente la propria societ\u00e0.<\/p>\n<blockquote>\n<p dir=\"ltr\"><em>Info: Daniele Sbardella\u00a0 3463274940\u00a0 mail <a href=\"mailto:sbardi1993@hotmail.it\" target=\"_blank\" rel=\"noopener noreferrer\">sbardi1993@hotmail.it<\/a>,\u00a0 Marco Cruder\u00a0 3385091422\u00a0 mail <a href=\"mailto:pres.belluno@aia-figc.it\" target=\"_blank\" rel=\"noopener noreferrer\">pres.belluno@aia-figc.it<\/a>,\u00a0<\/em><\/p>\n<\/blockquote>\n<\/div>\n","protected":false},"excerpt":{"rendered":"<p>PER\u00a0RICEVERE QUESTO NOTIZIARIO DIRETTAMENTE SUL TUO CELLULARE ISCRIVITI AL CANALE TELEGRAM\u00a0\u201cRADIO PIU\u00a0 INFORMAZIONE\u201d\u00a0 FUSIONE DI COMUNI? IL DIBATTITO E&#8217; APERTO &nbsp; &nbsp; &nbsp; ASCOLTA RADIO PIU&#8217; ANCHE SUI TUOI DEVICE DI CASA MARCHIATI AMAZON ECHO O GOOGLE NEST&#8230;BASTA CHIEDERE!! DEVICE AMAZON: &#8220;Alexa, fammi ascoltare Radio Pi\u00f9&#8221; DEVICE GOOGLE: &#8220;Hey Google, fammi ascoltare Radio Pi\u00f9&#8221; &nbsp;&hellip;<\/p>\n","protected":false},"author":4,"featured_media":218932,"comment_status":"closed","ping_status":"open","sticky":false,"template":"","format":"standard","meta":{"_monsterinsights_skip_tracking":false,"_monsterinsights_sitenote_active":false,"_monsterinsights_sitenote_note":"","_monsterinsights_sitenote_category":0,"footnotes":""},"categories":[1,51,86,49],"tags":[],"class_list":["post-218750","post","type-post","status-publish","format-standard","has-post-thumbnail","hentry","category-senza-categoria","category-evidenza-top","category-gr","category-news-18","category-1","category-51","category-86","category-49","description-off"],"img_url":"https:\/\/www.radiopiu.net\/wordpress\/wp-content\/uploads\/2021\/06\/DSC01116.jpg","_links":{"self":[{"href":"https:\/\/www.radiopiu.net\/wordpress\/wp-json\/wp\/v2\/posts\/218750","targetHints":{"allow":["GET"]}}],"collection":[{"href":"https:\/\/www.radiopiu.net\/wordpress\/wp-json\/wp\/v2\/posts"}],"about":[{"href":"https:\/\/www.radiopiu.net\/wordpress\/wp-json\/wp\/v2\/types\/post"}],"author":[{"embeddable":true,"href":"https:\/\/www.radiopiu.net\/wordpress\/wp-json\/wp\/v2\/users\/4"}],"replies":[{"embeddable":true,"href":"https:\/\/www.radiopiu.net\/wordpress\/wp-json\/wp\/v2\/comments?post=218750"}],"version-history":[{"count":0,"href":"https:\/\/www.radiopiu.net\/wordpress\/wp-json\/wp\/v2\/posts\/218750\/revisions"}],"wp:featuredmedia":[{"embeddable":true,"href":"https:\/\/www.radiopiu.net\/wordpress\/wp-json\/wp\/v2\/media\/218932"}],"wp:attachment":[{"href":"https:\/\/www.radiopiu.net\/wordpress\/wp-json\/wp\/v2\/media?parent=218750"}],"wp:term":[{"taxonomy":"category","embeddable":true,"href":"https:\/\/www.radiopiu.net\/wordpress\/wp-json\/wp\/v2\/categories?post=218750"},{"taxonomy":"post_tag","embeddable":true,"href":"https:\/\/www.radiopiu.net\/wordpress\/wp-json\/wp\/v2\/tags?post=218750"}],"curies":[{"name":"wp","href":"https:\/\/api.w.org\/{rel}","templated":true}]}}