{"id":218855,"date":"2021-06-30T05:55:01","date_gmt":"2021-06-30T03:55:01","guid":{"rendered":"https:\/\/www.radiopiu.net\/wordpress\/?p=218855"},"modified":"2021-06-30T06:22:00","modified_gmt":"2021-06-30T04:22:00","slug":"probabili-rovesci-anche-forti-con-grandinate-su-zone-montane-pedemontane-e-pianura-centro-settentrionale-stato-di-attenzione-in-alcuni-bacini-della-regione","status":"publish","type":"post","link":"https:\/\/www.radiopiu.net\/wordpress\/probabili-rovesci-anche-forti-con-grandinate-su-zone-montane-pedemontane-e-pianura-centro-settentrionale-stato-di-attenzione-in-alcuni-bacini-della-regione\/","title":{"rendered":"PROBABILI ROVESCI, ANCHE FORTI CON GRANDINATE SU ZONE MONTANE, PEDEMONTANE E PIANURA CENTRO-SETTENTRIONALE. STATO DI ATTENZIONE IN ALCUNI BACINI DELLA REGIONE"},"content":{"rendered":"<p><strong><a href=\"https:\/\/www.radiopiu.net\/wordpress\/meteo-sul-veneto-ancora-tempo-instabile-con-rasserenamenti-alternati-a-piovaschi-e-qualche-possibile-temporale\/pioggia-2\/\" rel=\"attachment wp-att-144264\"><img loading=\"lazy\" decoding=\"async\" class=\"size-medium wp-image-144264 alignleft\" src=\"https:\/\/www.radiopiu.net\/wordpress\/wp-content\/uploads\/2020\/06\/PIOGGIA-300x199.jpg\" alt=\"\" width=\"300\" height=\"199\" srcset=\"https:\/\/www.radiopiu.net\/wordpress\/wp-content\/uploads\/2020\/06\/PIOGGIA-300x199.jpg 300w, https:\/\/www.radiopiu.net\/wordpress\/wp-content\/uploads\/2020\/06\/PIOGGIA-1024x678.jpg 1024w, https:\/\/www.radiopiu.net\/wordpress\/wp-content\/uploads\/2020\/06\/PIOGGIA-768x508.jpg 768w, https:\/\/www.radiopiu.net\/wordpress\/wp-content\/uploads\/2020\/06\/PIOGGIA-1536x1017.jpg 1536w, https:\/\/www.radiopiu.net\/wordpress\/wp-content\/uploads\/2020\/06\/PIOGGIA.jpg 1920w\" sizes=\"auto, (max-width: 300px) 100vw, 300px\" \/><\/a>VENEZIA <\/strong>Le previsioni meteorologiche del Veneto segnalano, dalle ore centrali di domani, mercoled\u00ec 30 giugno, fino alle prime ore di gioved\u00ec 1 luglio, tempo a tratti instabile con probabili rovesci e temporali sparsi, specie su zone montane, pedemontane e pianura centro-settentrionale. In occasione di qualche temporale saranno possibili locali fenomeni intensi (forti rovesci, forti raffiche di vento e locali grandinate). In particolare, per le Dolomiti, sono attesi possibili rovesci e temporali gi\u00e0 nel pomeriggio di oggi con probabilit\u00e0 contenuta e, dalla tarda mattinata di domani, mercoled\u00ec 30 giugno, con fenomeni intensi.\u00a0 Considerati i fenomeni meteorologici previsti, la criticit\u00e0 idrogeologica attesa \u00e8 riferita allo scenario per temporali forti. Il Centro Funzionale Decentrato della Protezione Civile della Regione ha emesso un avviso di criticit\u00e0 idrogeologica, con particolare riferimento alla rete idraulica secondaria, stabilendo dalle 10.00 di domani fino alle 9.00 del 1 luglio, lo stato di Attenzione (allerta gialla) per i bacini: Alto Piave (BL), Piave Pedemontano (BL-TV), Alto Brenta \u2013 Bacchiglione -Alpone (VI-BL-TV-VR), Adige- Garda e Monti Lessini (VR), Basso Brenta \u2013 Bacchiglione (PD-VI-VR-VE-TV), Basso Piave &#8211; Sile e Bacino scolante in laguna (VE-TV-PD), Livenza &#8211; Lemene e Tagliamento (VE-TV). Il possibile verificarsi di rovesci o temporali localmente anche intensi, potrebbe creare disagi al sistema fognario e lungo la rete idrografica minore. Si raccomanda agli enti interessati di prestare la massima attenzione per la sorveglianza dei fenomeni previsti sul territorio di competenza e di prepararsi con congruo anticipo, rispetto agli orari indicati nel presente avviso, alla gestione di eventuali fenomeni emergenziali.<\/p>\n<p>&nbsp;<\/p>\n<p>&nbsp;<\/p>\n<p>&nbsp;<\/p>\n<p>****<\/p>\n","protected":false},"excerpt":{"rendered":"<p>VENEZIA Le previsioni meteorologiche del Veneto segnalano, dalle ore centrali di domani, mercoled\u00ec 30 giugno, fino alle prime ore di gioved\u00ec 1 luglio, tempo a tratti instabile con probabili rovesci e temporali sparsi, specie su zone montane, pedemontane e pianura centro-settentrionale. In occasione di qualche temporale saranno possibili locali fenomeni intensi (forti rovesci, forti raffiche&hellip;<\/p>\n","protected":false},"author":4,"featured_media":144264,"comment_status":"closed","ping_status":"open","sticky":false,"template":"","format":"standard","meta":{"_monsterinsights_skip_tracking":false,"_monsterinsights_sitenote_active":false,"_monsterinsights_sitenote_note":"","_monsterinsights_sitenote_category":0,"footnotes":""},"categories":[51,49],"tags":[],"class_list":["post-218855","post","type-post","status-publish","format-standard","has-post-thumbnail","hentry","category-evidenza-top","category-news-18","category-51","category-49","description-off"],"img_url":"https:\/\/www.radiopiu.net\/wordpress\/wp-content\/uploads\/2020\/06\/PIOGGIA.jpg","_links":{"self":[{"href":"https:\/\/www.radiopiu.net\/wordpress\/wp-json\/wp\/v2\/posts\/218855","targetHints":{"allow":["GET"]}}],"collection":[{"href":"https:\/\/www.radiopiu.net\/wordpress\/wp-json\/wp\/v2\/posts"}],"about":[{"href":"https:\/\/www.radiopiu.net\/wordpress\/wp-json\/wp\/v2\/types\/post"}],"author":[{"embeddable":true,"href":"https:\/\/www.radiopiu.net\/wordpress\/wp-json\/wp\/v2\/users\/4"}],"replies":[{"embeddable":true,"href":"https:\/\/www.radiopiu.net\/wordpress\/wp-json\/wp\/v2\/comments?post=218855"}],"version-history":[{"count":0,"href":"https:\/\/www.radiopiu.net\/wordpress\/wp-json\/wp\/v2\/posts\/218855\/revisions"}],"wp:featuredmedia":[{"embeddable":true,"href":"https:\/\/www.radiopiu.net\/wordpress\/wp-json\/wp\/v2\/media\/144264"}],"wp:attachment":[{"href":"https:\/\/www.radiopiu.net\/wordpress\/wp-json\/wp\/v2\/media?parent=218855"}],"wp:term":[{"taxonomy":"category","embeddable":true,"href":"https:\/\/www.radiopiu.net\/wordpress\/wp-json\/wp\/v2\/categories?post=218855"},{"taxonomy":"post_tag","embeddable":true,"href":"https:\/\/www.radiopiu.net\/wordpress\/wp-json\/wp\/v2\/tags?post=218855"}],"curies":[{"name":"wp","href":"https:\/\/api.w.org\/{rel}","templated":true}]}}