{"id":218893,"date":"2021-06-30T05:53:25","date_gmt":"2021-06-30T03:53:25","guid":{"rendered":"https:\/\/www.radiopiu.net\/wordpress\/?p=218893"},"modified":"2021-06-30T06:21:35","modified_gmt":"2021-06-30T04:21:35","slug":"il-pappagallo-che-piu-giu-volea-volare-sulla-spalla","status":"publish","type":"post","link":"https:\/\/www.radiopiu.net\/wordpress\/il-pappagallo-che-piu-giu-volea-volare-sulla-spalla\/","title":{"rendered":"IL PAPPAGALLO CHE PIU&#8217; GIU&#8217; VOLEA VOLARE&#8230;SULLA SPALLA"},"content":{"rendered":"<p><a href=\"https:\/\/www.radiopiu.net\/wordpress\/il-pappagallo-che-piu-giu-volea-volare-sulla-spalla\/ee1ab654-4b19-43c2-b60c-3ce84cb47834\/\" rel=\"attachment wp-att-218895\"><img loading=\"lazy\" decoding=\"async\" class=\" wp-image-218895 alignleft\" src=\"https:\/\/www.radiopiu.net\/wordpress\/wp-content\/uploads\/2021\/06\/ee1ab654-4b19-43c2-b60c-3ce84cb47834-150x300.jpg\" alt=\"\" width=\"103\" height=\"206\" srcset=\"https:\/\/www.radiopiu.net\/wordpress\/wp-content\/uploads\/2021\/06\/ee1ab654-4b19-43c2-b60c-3ce84cb47834-150x300.jpg 150w, https:\/\/www.radiopiu.net\/wordpress\/wp-content\/uploads\/2021\/06\/ee1ab654-4b19-43c2-b60c-3ce84cb47834-512x1024.jpg 512w, https:\/\/www.radiopiu.net\/wordpress\/wp-content\/uploads\/2021\/06\/ee1ab654-4b19-43c2-b60c-3ce84cb47834.jpg 720w\" sizes=\"auto, (max-width: 103px) 100vw, 103px\" \/><\/a><\/p>\n<p><strong>\u00a0<\/strong><\/p>\n<p><strong>AGORDO<\/strong> Moreno, nostro fedelissimo amico ci scrive <em>&#8220;Stamane\u00a0 sul Broi un pappagallo verde con la coda rossa si \u00e8 appoggiato sulla spalla di mia nipote e da l\u00ec non se ne \u00e8 pi\u00f9 voluto andare. Sicuramente qualcuno lo star\u00e0 cercando. Ora \u00e8 a Taibon&#8221;<\/em> Qualcuno tra Agordo e la Conca Agordina lo sta cercando? All&#8217;interrogativo posto da RADIO PIU&#8217; dopo pochi minuti la risposta&#8230;.<em> &#8220;E&#8217; mio&#8221;.\u00a0<\/em>Lo splendido esemplare \u00e8 quindi tornato tra le pareti di casa dopo aver trascorso la sua festa di San Piero sul Broi di Agordo e sulla spalla della nipote di Moreno.<\/p>\n","protected":false},"excerpt":{"rendered":"<p>\u00a0 AGORDO Moreno, nostro fedelissimo amico ci scrive &#8220;Stamane\u00a0 sul Broi un pappagallo verde con la coda rossa si \u00e8 appoggiato sulla spalla di mia nipote e da l\u00ec non se ne \u00e8 pi\u00f9 voluto andare. Sicuramente qualcuno lo star\u00e0 cercando. Ora \u00e8 a Taibon&#8221; Qualcuno tra Agordo e la Conca Agordina lo sta cercando?&hellip;<\/p>\n","protected":false},"author":4,"featured_media":218896,"comment_status":"closed","ping_status":"open","sticky":false,"template":"","format":"standard","meta":{"_monsterinsights_skip_tracking":false,"_monsterinsights_sitenote_active":false,"_monsterinsights_sitenote_note":"","_monsterinsights_sitenote_category":0,"footnotes":""},"categories":[51,49],"tags":[],"class_list":["post-218893","post","type-post","status-publish","format-standard","has-post-thumbnail","hentry","category-evidenza-top","category-news-18","category-51","category-49","description-off"],"img_url":"https:\/\/www.radiopiu.net\/wordpress\/wp-content\/uploads\/2021\/06\/37f15e0c-1cb3-4cf7-9e74-68c836c5744b.jpg","_links":{"self":[{"href":"https:\/\/www.radiopiu.net\/wordpress\/wp-json\/wp\/v2\/posts\/218893","targetHints":{"allow":["GET"]}}],"collection":[{"href":"https:\/\/www.radiopiu.net\/wordpress\/wp-json\/wp\/v2\/posts"}],"about":[{"href":"https:\/\/www.radiopiu.net\/wordpress\/wp-json\/wp\/v2\/types\/post"}],"author":[{"embeddable":true,"href":"https:\/\/www.radiopiu.net\/wordpress\/wp-json\/wp\/v2\/users\/4"}],"replies":[{"embeddable":true,"href":"https:\/\/www.radiopiu.net\/wordpress\/wp-json\/wp\/v2\/comments?post=218893"}],"version-history":[{"count":0,"href":"https:\/\/www.radiopiu.net\/wordpress\/wp-json\/wp\/v2\/posts\/218893\/revisions"}],"wp:featuredmedia":[{"embeddable":true,"href":"https:\/\/www.radiopiu.net\/wordpress\/wp-json\/wp\/v2\/media\/218896"}],"wp:attachment":[{"href":"https:\/\/www.radiopiu.net\/wordpress\/wp-json\/wp\/v2\/media?parent=218893"}],"wp:term":[{"taxonomy":"category","embeddable":true,"href":"https:\/\/www.radiopiu.net\/wordpress\/wp-json\/wp\/v2\/categories?post=218893"},{"taxonomy":"post_tag","embeddable":true,"href":"https:\/\/www.radiopiu.net\/wordpress\/wp-json\/wp\/v2\/tags?post=218893"}],"curies":[{"name":"wp","href":"https:\/\/api.w.org\/{rel}","templated":true}]}}