{"id":218973,"date":"2021-06-30T05:29:42","date_gmt":"2021-06-30T03:29:42","guid":{"rendered":"https:\/\/www.radiopiu.net\/wordpress\/?p=218973"},"modified":"2021-06-30T06:20:52","modified_gmt":"2021-06-30T04:20:52","slug":"alpago-attento-passa-ladige","status":"publish","type":"post","link":"https:\/\/www.radiopiu.net\/wordpress\/alpago-attento-passa-ladige\/","title":{"rendered":"ALPAGO ATTENTO! PASSA L\u2019ADIGE\u2026"},"content":{"rendered":"<p><strong><a href=\"https:\/\/www.radiopiu.net\/wordpress\/giornale-radiopiu-06-giugno-2018-direttore-mirko-mezzacasa\/lagosantacroce\/\" rel=\"attachment wp-att-50180\"><img loading=\"lazy\" decoding=\"async\" class=\"size-medium wp-image-50180 alignleft\" src=\"https:\/\/www.radiopiu.net\/wordpress\/wp-content\/uploads\/2018\/06\/LagoSantaCroce-300x166.jpg\" alt=\"\" width=\"300\" height=\"166\" srcset=\"https:\/\/www.radiopiu.net\/wordpress\/wp-content\/uploads\/2018\/06\/LagoSantaCroce-300x166.jpg 300w, https:\/\/www.radiopiu.net\/wordpress\/wp-content\/uploads\/2018\/06\/LagoSantaCroce.jpg 500w\" sizes=\"auto, (max-width: 300px) 100vw, 300px\" \/><\/a>di Dino Bridda<\/strong><\/p>\n<p>Sfogliamo le pagine di un noto e diffuso settimanale che si occupa di spettacolo e programmi tv (n. 26 del 29 giugno 2021) e l\u2019occhio si ferma a pagina 6. \u00c8 un pagina pubblicitaria all\u2019insegna di \u201cVeneto. The land of Venice\u201d e temiamo che, come spesso accade, l\u2019immagine si riferisca ad altre zone della nostra Regione. Invece no, anche la didascalia recita \u201cVal Fiorentina, Dolomiti\u201d. Meno male, ma \u00e8 ancora poco, perch\u00e9 non \u00e8 indicata l\u2019ubicazione esatta di quella vallata in provincia di Belluno: il turista distratto e scarso in geografia rischia di collocarla facilmente in Trentino. Pazienza, andiamo avanti con la lettura. Altra pagina di pubblicit\u00e0 turistica con una guida viaggi per le vacanze estive. Notiamo la foto del lago di S. Caterina ad Auronzo di Cadore e ci accingiamo a leggere il testo relativo: \u00abDici Veneto e pensi subito a Venezia, Jesolo, Caorle, Bibione, tanta voglia di mare. Ma il territorio offre anche altra\u2026 acqua, tutta da scoprire. Come quella degli splendidi laghi che si trovano in provincia di Belluno, nella parte settentrionale della regione\u00bb. Ci siamo, finalmente indicazioni geografiche precise e puntuali! Ora proseguiamo nella lettura: \u00abDal Santa Croce, nato da una frana che ha deviato il corso del fiume Adige..\u00bb. Alt! Qui non ci siamo proprio. Dove \u00e8 finito il Piave? A quale giro contorto \u00e8 stato sottoposto l\u2019Adige scendendo dal passo Resia? Per quale vallata \u00e8 passato dalla provincia di Bolzano a quella di Belluno ricevendo Boite e Ma\u00e8? Suggestivo, poi, che pi\u00f9 a sud possa ricevere pure il Cordevole \u201cscorazzando\u201d tra il Trevigiano e il Padovano per terminare in Polesine\u2026 Rimanendo sgomenti per lo strafalcione arriviamo sino in fondo all\u2019articolo sperando di non incappare in altre inesattezze: \u00ab\u2026 al Misurina, il pi\u00f9 grande di tutto il Cadore. Dal lago di Auronzo, quasi ai piedi delle Tre Cime di Lavaredo, a quello del Corlo che assomiglia ad un fiordo norvegese. Solo per citarne alcuni\u00bb. Gi\u00e0, ma i laghi di Alleghe e della Valle del Mis sono scomparsi dalle mappe? Non valgono una bella vacanza tra Civetta e Monti del Sole? E ci fermiamo qui. Ancora una volta la provincia di Belluno \u00e8 vittima di errori di geografia che nelle nostre scuole verrebbero rimarcati con segnacci rossi e blu facendo inorridire l\u2019insegnante! Purtroppo siamo costretti a ripeterci: nella scuola italiana, gi\u00e0 gravata da tanti pesanti problemi ben pi\u00f9 gravi, la geografia \u00e8 stata relegata a livello di optional. Di conseguenza anche tanti ex alunni, divenuti giornalisti (ci dissociamo dai somari della categoria), si portano appresso dosi massicce di pressapochismo. Ma costa cos\u00ec tanto consultare una carta geografica? Lasciando stare per\u00f2 il navigatore, perch\u00e9 \u00e8 strumento spesso soggetto ad errori pure esso.<\/p>\n<p>&nbsp;<\/p>\n<p>&nbsp;<\/p>\n<p>&nbsp;<\/p>\n<p>*****<\/p>\n","protected":false},"excerpt":{"rendered":"<p>di Dino Bridda Sfogliamo le pagine di un noto e diffuso settimanale che si occupa di spettacolo e programmi tv (n. 26 del 29 giugno 2021) e l\u2019occhio si ferma a pagina 6. \u00c8 un pagina pubblicitaria all\u2019insegna di \u201cVeneto. The land of Venice\u201d e temiamo che, come spesso accade, l\u2019immagine si riferisca ad altre&hellip;<\/p>\n","protected":false},"author":4,"featured_media":50180,"comment_status":"closed","ping_status":"open","sticky":false,"template":"","format":"standard","meta":{"_monsterinsights_skip_tracking":false,"_monsterinsights_sitenote_active":false,"_monsterinsights_sitenote_note":"","_monsterinsights_sitenote_category":0,"footnotes":""},"categories":[104,49],"tags":[],"class_list":["post-218973","post","type-post","status-publish","format-standard","has-post-thumbnail","hentry","category-evidenza_3","category-news-18","category-104","category-49","description-off"],"img_url":"https:\/\/www.radiopiu.net\/wordpress\/wp-content\/uploads\/2018\/06\/LagoSantaCroce.jpg","_links":{"self":[{"href":"https:\/\/www.radiopiu.net\/wordpress\/wp-json\/wp\/v2\/posts\/218973","targetHints":{"allow":["GET"]}}],"collection":[{"href":"https:\/\/www.radiopiu.net\/wordpress\/wp-json\/wp\/v2\/posts"}],"about":[{"href":"https:\/\/www.radiopiu.net\/wordpress\/wp-json\/wp\/v2\/types\/post"}],"author":[{"embeddable":true,"href":"https:\/\/www.radiopiu.net\/wordpress\/wp-json\/wp\/v2\/users\/4"}],"replies":[{"embeddable":true,"href":"https:\/\/www.radiopiu.net\/wordpress\/wp-json\/wp\/v2\/comments?post=218973"}],"version-history":[{"count":0,"href":"https:\/\/www.radiopiu.net\/wordpress\/wp-json\/wp\/v2\/posts\/218973\/revisions"}],"wp:featuredmedia":[{"embeddable":true,"href":"https:\/\/www.radiopiu.net\/wordpress\/wp-json\/wp\/v2\/media\/50180"}],"wp:attachment":[{"href":"https:\/\/www.radiopiu.net\/wordpress\/wp-json\/wp\/v2\/media?parent=218973"}],"wp:term":[{"taxonomy":"category","embeddable":true,"href":"https:\/\/www.radiopiu.net\/wordpress\/wp-json\/wp\/v2\/categories?post=218973"},{"taxonomy":"post_tag","embeddable":true,"href":"https:\/\/www.radiopiu.net\/wordpress\/wp-json\/wp\/v2\/tags?post=218973"}],"curies":[{"name":"wp","href":"https:\/\/api.w.org\/{rel}","templated":true}]}}