{"id":218981,"date":"2021-06-30T05:54:54","date_gmt":"2021-06-30T03:54:54","guid":{"rendered":"https:\/\/www.radiopiu.net\/wordpress\/?p=218981"},"modified":"2021-06-30T06:20:26","modified_gmt":"2021-06-30T04:20:26","slug":"il-mercoledi-dolomitibus-prolunga-fino-a-lambroi-la-corsa-da-agordo-delle-1330","status":"publish","type":"post","link":"https:\/\/www.radiopiu.net\/wordpress\/il-mercoledi-dolomitibus-prolunga-fino-a-lambroi-la-corsa-da-agordo-delle-1330\/","title":{"rendered":"IL MERCOLEDI&#8217; DOLOMITIBUS PROLUNGA FINO A LAMBROI LA CORSA DA AGORDO DELLE 13:30"},"content":{"rendered":"<p><strong><a href=\"https:\/\/www.radiopiu.net\/wordpress\/giornale-radiopiu-18-giugno-2020-direttore-mirko-mezzacasa\/4b299438-d3cd-4953-bb41-b739ff3291f9\/\" rel=\"attachment wp-att-144900\"><img loading=\"lazy\" decoding=\"async\" class=\"size-medium wp-image-144900 alignleft\" src=\"https:\/\/www.radiopiu.net\/wordpress\/wp-content\/uploads\/2020\/06\/4b299438-d3cd-4953-bb41-b739ff3291f9-300x225.jpg\" alt=\"\" width=\"300\" height=\"225\" srcset=\"https:\/\/www.radiopiu.net\/wordpress\/wp-content\/uploads\/2020\/06\/4b299438-d3cd-4953-bb41-b739ff3291f9-300x225.jpg 300w, https:\/\/www.radiopiu.net\/wordpress\/wp-content\/uploads\/2020\/06\/4b299438-d3cd-4953-bb41-b739ff3291f9-1024x768.jpg 1024w, https:\/\/www.radiopiu.net\/wordpress\/wp-content\/uploads\/2020\/06\/4b299438-d3cd-4953-bb41-b739ff3291f9-768x576.jpg 768w, https:\/\/www.radiopiu.net\/wordpress\/wp-content\/uploads\/2020\/06\/4b299438-d3cd-4953-bb41-b739ff3291f9-1536x1152.jpg 1536w, https:\/\/www.radiopiu.net\/wordpress\/wp-content\/uploads\/2020\/06\/4b299438-d3cd-4953-bb41-b739ff3291f9.jpg 2048w\" sizes=\"auto, (max-width: 300px) 100vw, 300px\" \/><\/a>GOSALDO<\/strong> Da domani DolomitiBus prolunga fino a Lambroi la corsa del mercoled\u00ec che parte da Agordo alle 13.10. \u00c8 stato cos\u00ec recepito il disagio manifestato alcuni giorni fa dalle sorelle Germana e Franca Ren che mercoled\u00ec scorso erano scese ad Agordo per fare la spesa visto che a Labroi e dintorni, dove abitano, non ci sono negozi, ma avevano avuto una brutta sorpresa. Partite alle 7 da Lambroi-Baita, erano arrivate ad Agordo alle 7.35. Quindi vi erano ripartite alle 13.10, ma la corriera, come stabilito dall&#8217;orario estivo, si era fermata a Tiser. Erano dunque riuscite ad arrivare a casa poco dopo le 15 solo grazie a un ragazzo del posto che aveva dato loro un passaggio. Altrimenti, se avessero dovuto aspettare la corriera, sarebbero tornate solo alle 17.50. Un orario di questo tipo, dunque, costringeva le sorelle e tutti gli utenti della zona a rimanere in giro per circa 11 ore. Dopo la protesta DolomitiBus \u00e8 corsa ai ripari. In seguito all&#8217;autorizzazione arrivata dalla Provincia, l&#8217;azienda di trasporto pubblico ha prolungato per tutta l&#8217;estate la corsa del mercoled\u00ec delle 13.10 fino a Lambroi. Tale corsa, dunque, arriver\u00e0 a destinazione alle 13.45. Quindi la corriera si girer\u00e0 e ripartir\u00e0 alla volta di Agordo dove arriver\u00e0 alle 14.20.<\/p>\n<a href=\"https:\/\/www.radiopiu.net\/wordpress\/wp-content\/uploads\/2021\/06\/avviso-prolunga-Tiser-30-giu-2021.pdf\" class=\"pdfemb-viewer\" style=\"\" data-width=\"max\" data-height=\"max\" data-toolbar=\"top\" data-toolbar-fixed=\"on\">avviso-prolunga-Tiser-30-giu-2021<\/a>\n<p>&nbsp;<\/p>\n<p>&nbsp;<\/p>\n<p>ARCHIVIO RADIO PIU<\/p>\n<blockquote class=\"wp-embedded-content\" data-secret=\"ac1OorlXu8\"><p><a href=\"https:\/\/www.radiopiu.net\/wordpress\/quando-la-dolomitibus-lascia-gli-utenti-a-pendolon\/\">QUANDO LA DOLOMITIBUS LASCIA GLI UTENTI A &#8220;PENDOLON&#8221;<\/a><\/p><\/blockquote>\n<p><iframe loading=\"lazy\" class=\"wp-embedded-content\" sandbox=\"allow-scripts\" security=\"restricted\" style=\"position: absolute; clip: rect(1px, 1px, 1px, 1px);\" title=\"&#8220;QUANDO LA DOLOMITIBUS LASCIA GLI UTENTI A &#8220;PENDOLON&#8221;&#8221; &#8212; Radio Pi\u00f9\" src=\"https:\/\/www.radiopiu.net\/wordpress\/quando-la-dolomitibus-lascia-gli-utenti-a-pendolon\/embed\/#?secret=ac1OorlXu8\" data-secret=\"ac1OorlXu8\" width=\"600\" height=\"338\" frameborder=\"0\" marginwidth=\"0\" marginheight=\"0\" scrolling=\"no\"><\/iframe><\/p>\n<p>&nbsp;<\/p>\n<p>&nbsp;<\/p>\n<p>****<\/p>\n","protected":false},"excerpt":{"rendered":"<p>GOSALDO Da domani DolomitiBus prolunga fino a Lambroi la corsa del mercoled\u00ec che parte da Agordo alle 13.10. \u00c8 stato cos\u00ec recepito il disagio manifestato alcuni giorni fa dalle sorelle Germana e Franca Ren che mercoled\u00ec scorso erano scese ad Agordo per fare la spesa visto che a Labroi e dintorni, dove abitano, non ci&hellip;<\/p>\n","protected":false},"author":4,"featured_media":144901,"comment_status":"closed","ping_status":"open","sticky":false,"template":"","format":"standard","meta":{"_monsterinsights_skip_tracking":false,"_monsterinsights_sitenote_active":false,"_monsterinsights_sitenote_note":"","_monsterinsights_sitenote_category":0,"footnotes":""},"categories":[51,49],"tags":[],"class_list":["post-218981","post","type-post","status-publish","format-standard","has-post-thumbnail","hentry","category-evidenza-top","category-news-18","category-51","category-49","description-off"],"img_url":"https:\/\/www.radiopiu.net\/wordpress\/wp-content\/uploads\/2020\/06\/bac1e271-d4cb-4f10-b12b-dad19da85e7a.jpg","_links":{"self":[{"href":"https:\/\/www.radiopiu.net\/wordpress\/wp-json\/wp\/v2\/posts\/218981","targetHints":{"allow":["GET"]}}],"collection":[{"href":"https:\/\/www.radiopiu.net\/wordpress\/wp-json\/wp\/v2\/posts"}],"about":[{"href":"https:\/\/www.radiopiu.net\/wordpress\/wp-json\/wp\/v2\/types\/post"}],"author":[{"embeddable":true,"href":"https:\/\/www.radiopiu.net\/wordpress\/wp-json\/wp\/v2\/users\/4"}],"replies":[{"embeddable":true,"href":"https:\/\/www.radiopiu.net\/wordpress\/wp-json\/wp\/v2\/comments?post=218981"}],"version-history":[{"count":0,"href":"https:\/\/www.radiopiu.net\/wordpress\/wp-json\/wp\/v2\/posts\/218981\/revisions"}],"wp:featuredmedia":[{"embeddable":true,"href":"https:\/\/www.radiopiu.net\/wordpress\/wp-json\/wp\/v2\/media\/144901"}],"wp:attachment":[{"href":"https:\/\/www.radiopiu.net\/wordpress\/wp-json\/wp\/v2\/media?parent=218981"}],"wp:term":[{"taxonomy":"category","embeddable":true,"href":"https:\/\/www.radiopiu.net\/wordpress\/wp-json\/wp\/v2\/categories?post=218981"},{"taxonomy":"post_tag","embeddable":true,"href":"https:\/\/www.radiopiu.net\/wordpress\/wp-json\/wp\/v2\/tags?post=218981"}],"curies":[{"name":"wp","href":"https:\/\/api.w.org\/{rel}","templated":true}]}}