{"id":218990,"date":"2021-06-30T05:56:38","date_gmt":"2021-06-30T03:56:38","guid":{"rendered":"https:\/\/www.radiopiu.net\/wordpress\/?p=218990"},"modified":"2021-06-30T06:19:53","modified_gmt":"2021-06-30T04:19:53","slug":"essilorluxottica-lacquisizione-di-grandvision-sara-finalizzata-il-1-luglio","status":"publish","type":"post","link":"https:\/\/www.radiopiu.net\/wordpress\/essilorluxottica-lacquisizione-di-grandvision-sara-finalizzata-il-1-luglio\/","title":{"rendered":"ESSILORLUXOTTICA: L&#8217;ACQUISIZIONE DI GRANDVISION SARA&#8217; FINALIZZATA IL 1 LUGLIO"},"content":{"rendered":"<p><strong><a href=\"https:\/\/www.radiopiu.net\/wordpress\/essilor-luxottica-continua-la-via-legale-sul-caso-grandvision\/essilor-grandvision\/\" rel=\"attachment wp-att-159137\"><img loading=\"lazy\" decoding=\"async\" class=\"size-medium wp-image-159137 alignleft\" src=\"https:\/\/www.radiopiu.net\/wordpress\/wp-content\/uploads\/2020\/09\/ESSILOR-GRANDVISION-300x300.jpg\" alt=\"\" width=\"300\" height=\"300\" srcset=\"https:\/\/www.radiopiu.net\/wordpress\/wp-content\/uploads\/2020\/09\/ESSILOR-GRANDVISION-300x300.jpg 300w, https:\/\/www.radiopiu.net\/wordpress\/wp-content\/uploads\/2020\/09\/ESSILOR-GRANDVISION.jpg 1024w, https:\/\/www.radiopiu.net\/wordpress\/wp-content\/uploads\/2020\/09\/ESSILOR-GRANDVISION-150x150.jpg 150w, https:\/\/www.radiopiu.net\/wordpress\/wp-content\/uploads\/2020\/09\/ESSILOR-GRANDVISION-768x768.jpg 768w, https:\/\/www.radiopiu.net\/wordpress\/wp-content\/uploads\/2020\/09\/ESSILOR-GRANDVISION-125x125.jpg 125w, https:\/\/www.radiopiu.net\/wordpress\/wp-content\/uploads\/2020\/09\/ESSILOR-GRANDVISION-200x200.jpg 200w, https:\/\/www.radiopiu.net\/wordpress\/wp-content\/uploads\/2020\/09\/ESSILOR-GRANDVISION-80x80.jpg 80w, https:\/\/www.radiopiu.net\/wordpress\/wp-content\/uploads\/2020\/09\/ESSILOR-GRANDVISION-480x480.jpg 480w\" sizes=\"auto, (max-width: 300px) 100vw, 300px\" \/><\/a>FRANCIA<\/strong> Dopo l&#8217;approvazione del Consiglio di Amministrazione, EssilorLuxottica annuncia di voler completare l&#8217;acquisizione del 76,72% di GrandVision detenuto da HAL il 1\u00b0 luglio 2021, al prezzo di 28,42 Euro per azione come previsto negli accordi stipulati il 30 luglio 2019. \u201c<em>Dopo aver valutato tutte le opzioni a nostra disposizione, abbiamo deciso di completare l&#8217;operazione senza ulteriori indugi. Il razionale strategico alla base dell&#8217;operazione rimane forte e intatto e, dopo due anni di impegno e lavoro incessante, siamo ora pronti a voltare pagina e iniziare un nuovo capitolo della storia di EssilorLuxottica con GrandVision. Valorizzeremo le conoscenze e l&#8217;esperienza maturate negli anni per garantire che GrandVision e le sue 37.000 persone di talento possano diventare parte di EssilorLuxottica. Il retail \u00e8 tornato a crescere dopo la pandemia e riteniamo pertanto che questo sia il momento perfetto per espandere la nostra rete di negozi, al fine di interagire in modo pi\u00f9 efficace con i consumatori e aumentare cos\u00ec l\u2019esposizione e la qualit\u00e0 dell&#8217;intero settore. Ci\u00f2 porter\u00e0 beneficio a tutti gli stakeholder, compresi i clienti che rimangono al centro delle nostre strategie<\/em>\u201d, hanno affermato Francesco Milleri e Paul du Saillant, rispettivamente Amministratore Delegato e Vice Amministratore Delegato di EssilorLuxottica<\/p>\n<p>&nbsp;<\/p>\n<p>&nbsp;<\/p>\n<p>&nbsp;<\/p>\n<p>*****<\/p>\n","protected":false},"excerpt":{"rendered":"<p>FRANCIA Dopo l&#8217;approvazione del Consiglio di Amministrazione, EssilorLuxottica annuncia di voler completare l&#8217;acquisizione del 76,72% di GrandVision detenuto da HAL il 1\u00b0 luglio 2021, al prezzo di 28,42 Euro per azione come previsto negli accordi stipulati il 30 luglio 2019. \u201cDopo aver valutato tutte le opzioni a nostra disposizione, abbiamo deciso di completare l&#8217;operazione senza&hellip;<\/p>\n","protected":false},"author":4,"featured_media":159137,"comment_status":"closed","ping_status":"open","sticky":false,"template":"","format":"standard","meta":{"_monsterinsights_skip_tracking":false,"_monsterinsights_sitenote_active":false,"_monsterinsights_sitenote_note":"","_monsterinsights_sitenote_category":0,"footnotes":""},"categories":[51,49],"tags":[],"class_list":["post-218990","post","type-post","status-publish","format-standard","has-post-thumbnail","hentry","category-evidenza-top","category-news-18","category-51","category-49","description-off"],"img_url":"https:\/\/www.radiopiu.net\/wordpress\/wp-content\/uploads\/2020\/09\/ESSILOR-GRANDVISION.jpg","_links":{"self":[{"href":"https:\/\/www.radiopiu.net\/wordpress\/wp-json\/wp\/v2\/posts\/218990","targetHints":{"allow":["GET"]}}],"collection":[{"href":"https:\/\/www.radiopiu.net\/wordpress\/wp-json\/wp\/v2\/posts"}],"about":[{"href":"https:\/\/www.radiopiu.net\/wordpress\/wp-json\/wp\/v2\/types\/post"}],"author":[{"embeddable":true,"href":"https:\/\/www.radiopiu.net\/wordpress\/wp-json\/wp\/v2\/users\/4"}],"replies":[{"embeddable":true,"href":"https:\/\/www.radiopiu.net\/wordpress\/wp-json\/wp\/v2\/comments?post=218990"}],"version-history":[{"count":0,"href":"https:\/\/www.radiopiu.net\/wordpress\/wp-json\/wp\/v2\/posts\/218990\/revisions"}],"wp:featuredmedia":[{"embeddable":true,"href":"https:\/\/www.radiopiu.net\/wordpress\/wp-json\/wp\/v2\/media\/159137"}],"wp:attachment":[{"href":"https:\/\/www.radiopiu.net\/wordpress\/wp-json\/wp\/v2\/media?parent=218990"}],"wp:term":[{"taxonomy":"category","embeddable":true,"href":"https:\/\/www.radiopiu.net\/wordpress\/wp-json\/wp\/v2\/categories?post=218990"},{"taxonomy":"post_tag","embeddable":true,"href":"https:\/\/www.radiopiu.net\/wordpress\/wp-json\/wp\/v2\/tags?post=218990"}],"curies":[{"name":"wp","href":"https:\/\/api.w.org\/{rel}","templated":true}]}}