{"id":219015,"date":"2021-07-01T05:45:59","date_gmt":"2021-07-01T03:45:59","guid":{"rendered":"https:\/\/www.radiopiu.net\/wordpress\/?p=219015"},"modified":"2021-07-01T10:44:53","modified_gmt":"2021-07-01T08:44:53","slug":"giornale-radiopiu-01-luglio-2021-direttore-mirko-mezzacasa","status":"publish","type":"post","link":"https:\/\/www.radiopiu.net\/wordpress\/giornale-radiopiu-01-luglio-2021-direttore-mirko-mezzacasa\/","title":{"rendered":"GIORNALE RADIOPIU 01 LUGLIO 2021 DIRETTORE MIRKO MEZZACASA"},"content":{"rendered":"<h2><span style=\"color: #0000ff;\">PER<strong>\u00a0RICEVERE QUESTO NOTIZIARIO DIRETTAMENTE SUL TUO CELLULARE ISCRIVITI AL CANALE TELEGRAM\u00a0<\/strong><strong>\u201cRADIO PIU\u00a0 INFORMAZIONE\u201d\u00a0<\/strong><\/span><\/h2>\n<blockquote class=\"wp-embedded-content\" data-secret=\"BCQTGsf6lY\"><p><a href=\"https:\/\/www.radiopiu.net\/wordpress\/fusione-di-comuni-il-dibattito-e-aperto\/\">FUSIONE DI COMUNI? IL DIBATTITO E&#8217; APERTO<\/a><\/p><\/blockquote>\n<p><iframe loading=\"lazy\" class=\"wp-embedded-content\" sandbox=\"allow-scripts\" security=\"restricted\" style=\"position: absolute; clip: rect(1px, 1px, 1px, 1px);\" title=\"&#8220;FUSIONE DI COMUNI? IL DIBATTITO E&#8217; APERTO&#8221; &#8212; Radio Pi\u00f9\" src=\"https:\/\/www.radiopiu.net\/wordpress\/fusione-di-comuni-il-dibattito-e-aperto\/embed\/#?secret=BCQTGsf6lY\" data-secret=\"BCQTGsf6lY\" width=\"600\" height=\"338\" frameborder=\"0\" marginwidth=\"0\" marginheight=\"0\" scrolling=\"no\"><\/iframe><\/p>\n<p>&nbsp;<\/p>\n<p>&nbsp;<\/p>\n<hr \/>\n<p>&nbsp;<\/p>\n<h2 style=\"text-align: center;\"><span style=\"color: #008080;\">ASCOLTA RADIO PIU&#8217; ANCHE SUI TUOI DEVICE DI CASA MARCHIATI AMAZON ECHO O GOOGLE NEST&#8230;BASTA CHIEDERE!!<\/span><\/h2>\n<p style=\"text-align: center;\"><strong><span style=\"color: #ff0000;\">DEVICE AMAZON<\/span>: &#8220;Alexa, fammi ascoltare Radio Pi\u00f9&#8221;<\/strong><\/p>\n<p style=\"text-align: center;\"><strong><span style=\"color: #0000ff;\">DEVICE GOOGLE<\/span>: &#8220;Hey Google, fammi ascoltare Radio Pi\u00f9&#8221;<\/strong><\/p>\n<p>&nbsp;<\/p>\n<p>&nbsp;<\/p>\n<hr \/>\n<p>&nbsp;<\/p>\n<h2><span style=\"color: #ff0000;\">ACQUA DA NON BERE<\/span><\/h2>\n<p><strong><img loading=\"lazy\" decoding=\"async\" class=\"alignleft\" src=\"https:\/\/www.radiopiu.net\/wordpress\/wp-content\/uploads\/2018\/08\/ACQUA.jpeg\" width=\"212\" height=\"127\" \/>Gestione Servizi Pubblici informa che a GOSALDO\u00a0 al gi\u00e0 lungo elenco di localit\u00e0 dove l&#8217;acqua \u00e8 inquinata si aggiunge anche PETTE. Da giorni \u00e8 in vigore l&#8217;ordinanza che ne vieta l&#8217;uso alimentare (se non previa bollitura) in LOCALITA\u2019 VALLASIN,\u00a0 PONGAN, LE FOCHE, LAMBROI, DENEORE, MAGAIT, REN, SELLE, COL TAMAI, BITTI, GIARDOI E PETTUINE\u00a0<\/strong><\/p>\n<p>&nbsp;<\/p>\n<p>&nbsp;<\/p>\n<p>&nbsp;<\/p>\n<hr \/>\n<p>&nbsp;<\/p>\n<div><\/div>\n<blockquote>\n<div><span style=\"color: #ff0000;\"><b><a href=\"https:\/\/www.radiopiu.net\/wordpress\/valle-imperina\/ortopedia-ospedale-agordo-1\/\" rel=\"attachment wp-att-169308\"><img loading=\"lazy\" decoding=\"async\" class=\"wp-image-169308 alignleft\" src=\"https:\/\/www.radiopiu.net\/wordpress\/wp-content\/uploads\/2020\/10\/ORTOPEDIA-OSPEDALE-AGORDO-1-169x300.jpg\" alt=\"\" width=\"88\" height=\"156\" srcset=\"https:\/\/www.radiopiu.net\/wordpress\/wp-content\/uploads\/2020\/10\/ORTOPEDIA-OSPEDALE-AGORDO-1-169x300.jpg 169w, https:\/\/www.radiopiu.net\/wordpress\/wp-content\/uploads\/2020\/10\/ORTOPEDIA-OSPEDALE-AGORDO-1-576x1024.jpg 576w, https:\/\/www.radiopiu.net\/wordpress\/wp-content\/uploads\/2020\/10\/ORTOPEDIA-OSPEDALE-AGORDO-1-768x1367.jpg 768w, https:\/\/www.radiopiu.net\/wordpress\/wp-content\/uploads\/2020\/10\/ORTOPEDIA-OSPEDALE-AGORDO-1-863x1536.jpg 863w, https:\/\/www.radiopiu.net\/wordpress\/wp-content\/uploads\/2020\/10\/ORTOPEDIA-OSPEDALE-AGORDO-1.jpg 1151w\" sizes=\"auto, (max-width: 88px) 100vw, 88px\" \/><\/a>DA OGGI ALLE 11.30 SARA&#8217; UFFICIALMENTE ATTIVO L&#8217;OSPEDALE DI COMUNITA&#8217; AL QUARTO PIANO DELL&#8217;OSPEDALE DI AGORDO .<\/b><\/span><\/div>\n<\/blockquote>\n<p>&nbsp;<\/p>\n<p>&nbsp;<\/p>\n<p>&nbsp;<\/p>\n<p>&nbsp;<\/p>\n<p>&nbsp;<\/p>\n<hr \/>\n<p>&nbsp;<\/p>\n<div class=\"page-title-head hgroup\">\n<h2 class=\"entry-title\" style=\"text-align: center;\">LE VACCINAZIONI IN PROGRAMMA SABATO A TAMONICH VERRANNO ANTICIPATE O POSTICIPATE<\/h2>\n<\/div>\n<p><strong><a href=\"https:\/\/www.radiopiu.net\/wordpress\/vaccinazioni-a-ponte-nelle-alpi-il-6-e-7-aprile-convocate-600-persone-tra-70-e-79-anni\/vaccino_anti_covid\/\" rel=\"attachment wp-att-200891\"><img loading=\"lazy\" decoding=\"async\" class=\" wp-image-200891 alignleft\" src=\"https:\/\/www.radiopiu.net\/wordpress\/wp-content\/uploads\/2021\/04\/Vaccino_anti_Covid-300x167.jpg\" sizes=\"auto, (max-width: 151px) 100vw, 151px\" srcset=\"https:\/\/www.radiopiu.net\/wordpress\/wp-content\/uploads\/2021\/04\/Vaccino_anti_Covid-300x167.jpg 300w, https:\/\/www.radiopiu.net\/wordpress\/wp-content\/uploads\/2021\/04\/Vaccino_anti_Covid-768x428.jpg 768w, https:\/\/www.radiopiu.net\/wordpress\/wp-content\/uploads\/2021\/04\/Vaccino_anti_Covid.jpg 943w\" alt=\"\" width=\"151\" height=\"84\" \/><\/a>BELLUNO\u00a0<\/strong>In relazione al passaggio del Giro del Veneto in Agordino, con la conseguente chiusura delle strade, sabato 3 luglio 2021 viene sospesa la seduta vaccinale in drive in di AGORDO. E\u2019 in corso lo spostamento degli utenti prenotati (101 persone) nelle sedute in programma sempre ad Agordo venerd\u00ec 2 luglio e domenica 4 luglio<\/p>\n<p>&nbsp;<\/p>\n<p>&nbsp;<\/p>\n<hr \/>\n<p>&nbsp;<\/p>\n<p><strong><a href=\"https:\/\/www.radiopiu.net\/wordpress\/da-mercoledi-chiude-la-563-di-salesei-rocca-pietore-digonera\/th-143\/\" rel=\"attachment wp-att-216769\"><img loading=\"lazy\" decoding=\"async\" class=\"wp-image-216769 alignleft\" src=\"https:\/\/www.radiopiu.net\/wordpress\/wp-content\/uploads\/2021\/06\/th-16-300x169.jpg\" sizes=\"auto, (max-width: 154px) 100vw, 154px\" srcset=\"https:\/\/www.radiopiu.net\/wordpress\/wp-content\/uploads\/2021\/06\/th-16-300x169.jpg 300w, https:\/\/www.radiopiu.net\/wordpress\/wp-content\/uploads\/2021\/06\/th-16.jpg 330w\" alt=\"\" width=\"154\" height=\"87\" \/><\/a>ROCCA PIETORE<\/strong>\u00a0 Fino al 2 luglio (sabato e domenica escluso) lungo la 563 di Digonera sono previsti gli interventi di realizzazione delle opere di difesa dalla valanghe. La circolazione stradale sar\u00e0 totalmente interdetta dalle 8 alle 12 e dalle 14 alle 18. Negli altri orari senso unico alternato a vista.<\/p>\n<p><strong><a href=\"https:\/\/www.radiopiu.net\/wordpress\/giornale-radiopiu-16-giugno-2021-direttore-mirko-mezzacasa\/lavorii\/\" rel=\"attachment wp-att-216177\"><img loading=\"lazy\" decoding=\"async\" class=\"size-medium wp-image-216177 alignleft\" src=\"https:\/\/www.radiopiu.net\/wordpress\/wp-content\/uploads\/2021\/06\/LAVORII-300x159.jpg\" sizes=\"auto, (max-width: 300px) 100vw, 300px\" srcset=\"https:\/\/www.radiopiu.net\/wordpress\/wp-content\/uploads\/2021\/06\/LAVORII-300x159.jpg 300w, https:\/\/www.radiopiu.net\/wordpress\/wp-content\/uploads\/2021\/06\/LAVORII.jpg 335w\" alt=\"\" width=\"300\" height=\"159\" \/><\/a><\/strong><\/p>\n<p>&nbsp;<\/p>\n<p><b>GALLERIA \u2018COMELICO\u00a0<\/b>fino al 31 luglio\u00a0 dalle 21 alle\u00a0 6 la galleria sar\u00e0 chiusa al traffico. Per i veicoli pesanti trainanti un rimorchio \u00e8 prevista la deviazione sulla SR 48 \u201cdelle Dolomiti e sulla SP 49 \u201cMisurina\u201d,\u00a0 \u00a0il traffico pesante sar\u00e0 deviato lungo la SP 532 \u201cPasso S. Antonio\u201d. Il traffico leggero\u00a0 sulla SP 532.<\/p>\n<p>&nbsp;<\/p>\n<p><strong>BELLUNO\u00a0<\/strong>Per consentire l\u2019esecuzione dei lavori di manutenzione degli impianti a servizio della galleria \u2018Termine\u2019 sono previste limitazioni notturne lungo la strada statale 51 \u201cdi Alemagna\u201d. Da luned\u00ec 21 giugno, nella fascia oraria compresa tra le 21:00 e le 6:00 del giorno successivo, sar\u00e0 chiuso al traffico il tratto dal km 53,400 al km 55,950 con deviazione della circolazione sulla ex strada statale 51.La modifica alla circolazione non sar\u00e0 in vigore nei giorni festivi e prefestivi ed \u00e8 prevista fino a venerd\u00ec 2 luglio 2021.<\/p>\n<p><strong>VOLTAGO<\/strong>\u00a0 Fino al 10 luglio, domeniche escluse, per consentire i lavori di esbosco\u00a0 interdizione totale alla circolazione\u00a0 dalle 8 alle 17 lungo la Strada provinciale 26 \u201cdi Digoman\u201d, nei comuni di Rivamonte e Voltago Agordino.\u00a0 Nei periodi non interessati dalle chiusure sar\u00e0 istituto il senso unico alternato regolato da impianto semaforico.<\/p>\n<p><strong>48 DELLE DOLOMITI<\/strong>\u00a0Fino al 16 luglio da Pieve di Livinallongo ad Arabba si potr\u00e0 transitare ma in determinate fasce orarie. Dalle 7 del mattino alle 18 sono infatti previste interruzioni fino a 20 minuti per permettere i lavori di esbosco e realizzazione paramassi. Per tutta la durata dei lavori senso unico alternato nei periodi non interessati delle interruzioni.<\/p>\n<p>&nbsp;<\/p>\n<p>&nbsp;<\/p>\n<hr \/>\n<blockquote>\n<h2><a href=\"https:\/\/www.radiopiu.net\/wordpress\/giornale-radiopiu-16-giugno-2021-direttore-mirko-mezzacasa\/lavori-6\/\" rel=\"attachment wp-att-216175\"><img loading=\"lazy\" decoding=\"async\" class=\"wp-image-216175 alignleft\" src=\"https:\/\/www.radiopiu.net\/wordpress\/wp-content\/uploads\/2021\/06\/LAVORI-1-1.jpg\" alt=\"\" width=\"122\" height=\"122\" srcset=\"https:\/\/www.radiopiu.net\/wordpress\/wp-content\/uploads\/2021\/06\/LAVORI-1-1.jpg 300w, https:\/\/www.radiopiu.net\/wordpress\/wp-content\/uploads\/2021\/06\/LAVORI-1-1-150x150.jpg 150w\" sizes=\"auto, (max-width: 122px) 100vw, 122px\" \/><\/a>CANTIERI A ROCCA PIETORE<\/h2>\n<\/blockquote>\n<p><strong>ROCCA PIETORE<\/strong> Fino al 10 luglio \u00e8 chiuso al transito il ponte sul Ru de Molin tra le localit\u00e0 di Santa Maria delle Grazie e Caracoi. Chiusura dell&#8217;area compresa tra la localit\u00e0 di Aur\u00f9 e l&#8217;intersezione con la strada per Laste Fino al 9 luglio \u00e8 chiuso il tratto di strada in localit\u00e0 Col di Rocca nel tratto tra la Centralina Comunale e il bivio in cui si innesta con la strada provinciale 641 lato Sass Negher. . La viabilit\u00e0 da e per l&#8217;abitato di Col di Rocca \u00e8 comunque garantita da altri due accessi esistenti.<\/p>\n<blockquote>\n<h3>ESBOSCO E DIVIETI, S&#8217;ALZANO GLI ALBERI SCHIANTATA DA VAIA<\/h3>\n<\/blockquote>\n<p><strong>CANALE D&#8217;AGORDO<\/strong> Fino al\u00a0 18 dicembre\u00a0 e comunque fino ad ultimazione dei lavori \u00e8 fatto divieto \u00a0di accedere e transitare anche a piedi nelle aree interessate dai lavori di utilizzazione, esbosco e trasporto del lotto boschivo nella zona compresa tra Loc. Mandra de Chi De Dea \u2013 Col dei Prai \u2013 Le Buse Basse ed in ogni caso in tutta la zona soprastante e compresa nella Localit\u00e0 Pian de Sabion. E\u2019 disposta nello stesso periodo <a href=\"https:\/\/www.radiopiu.net\/wordpress\/149923-2\/valle-liera-canale-d-agordo-gares-101\/\" rel=\"attachment wp-att-149932\"><img loading=\"lazy\" decoding=\"async\" class=\"wp-image-149932 alignright\" src=\"https:\/\/www.radiopiu.net\/wordpress\/wp-content\/uploads\/2020\/07\/Valle-Liera-Canale-d-Agordo-Gares-101-300x201.jpg\" alt=\"\" width=\"237\" height=\"159\" srcset=\"https:\/\/www.radiopiu.net\/wordpress\/wp-content\/uploads\/2020\/07\/Valle-Liera-Canale-d-Agordo-Gares-101-300x201.jpg 300w, https:\/\/www.radiopiu.net\/wordpress\/wp-content\/uploads\/2020\/07\/Valle-Liera-Canale-d-Agordo-Gares-101.jpg 500w\" sizes=\"auto, (max-width: 237px) 100vw, 237px\" \/><\/a>l\u2019interruzione del tratto della strada silvopastorale Col dei Prai &#8211; Forzela, in dipendenza delle varie fasi di lavorazione e dei vari sentieri che ad essa confluiscono.<\/p>\n<p>Fino al 18 dicembre\u00a0 limitato il traffico sulla strada comunale della Valle di Gares, in particolare nella Loc. Pian de Sabion, nonch\u00e9 sui parcheggi siti nelle vicinanze ed immediate adiacenze, in dipendenza del trasporto del legname e\/o materiali vari nelle localit\u00e0 stesse, in particolare nei piazzali di deposito. Stessa ordinanza ma sabato e domenica esclusi nella zona compresa tra Gares, La Stia ed adiacenze. Interruzione della strada silvo pastorale n. 12 La Stia, in dipendenza delle varie fasi di lavorazione. Nel periodo dei lavori \u00e8 consentito il transito pedonale per la localit\u00e0 malga Stia attraverso il sentiero CAI n. 754. Nello stesso periodo \u00e8 limitato il traffico sulla strada comunale della Valle di Gares, in\u00a0 particolare dalla Loc. Palafachina fino alla Frazione di Gares, nonch\u00e9 sui parcheggi siti nelle vicinanze ed immediate adiacenze, in dipendenza del trasporto del legname e\/o materiali vari nelle localit\u00e0 stesse, in particolare nei piazzali di deposito<\/p>\n<p>&nbsp;<\/p>\n<p>&nbsp;<\/p>\n<hr \/>\n<p>&nbsp;<\/p>\n<blockquote>\n<h3><strong><a href=\"https:\/\/www.radiopiu.net\/wordpress\/agordo-il-mio-paese-litalia-che-vorrei-di-mirko-mezzacasa\/8cea600a-c88b-4d28-8748-e360e4864c44\/\" rel=\"attachment wp-att-144890\"><img loading=\"lazy\" decoding=\"async\" class=\" wp-image-144890 alignleft\" src=\"https:\/\/www.radiopiu.net\/wordpress\/wp-content\/uploads\/2020\/06\/8cea600a-c88b-4d28-8748-e360e4864c44-300x225.jpg\" alt=\"\" width=\"155\" height=\"116\" srcset=\"https:\/\/www.radiopiu.net\/wordpress\/wp-content\/uploads\/2020\/06\/8cea600a-c88b-4d28-8748-e360e4864c44-300x225.jpg 300w, https:\/\/www.radiopiu.net\/wordpress\/wp-content\/uploads\/2020\/06\/8cea600a-c88b-4d28-8748-e360e4864c44-1024x768.jpg 1024w, https:\/\/www.radiopiu.net\/wordpress\/wp-content\/uploads\/2020\/06\/8cea600a-c88b-4d28-8748-e360e4864c44-768x576.jpg 768w, https:\/\/www.radiopiu.net\/wordpress\/wp-content\/uploads\/2020\/06\/8cea600a-c88b-4d28-8748-e360e4864c44-1536x1152.jpg 1536w, https:\/\/www.radiopiu.net\/wordpress\/wp-content\/uploads\/2020\/06\/8cea600a-c88b-4d28-8748-e360e4864c44.jpg 2048w\" sizes=\"auto, (max-width: 155px) 100vw, 155px\" \/><\/a><\/strong>LAVORI DI RIFACIMENTO DEL PONTE SUL TORRENTE CAMPREGANA<\/h3>\n<\/blockquote>\n<p><strong>AGORDO<\/strong> Fino al 16 luglio, per le frazioni Farenzena e Val di Frela deviazioni per la\u00a0 strada silvo-pastorale Farenzena-Don <em>Transito consentito <strong>A SALIRE<\/strong>, da frazione FARENZENA a localita\u0300 DON: dalle 6 alle 7:45, dalle 9 alle 9:45, dalle 11:00 alle 11:45, dalle 13 alle 13:45 &#8211; dalle 15 alle 15:45, dalle 17 alle 17:45, dalle 19 alle 19:45. Transito consentito<strong> A SCENDERE<\/strong>, da localita\u0300 DON a frazione FARENZENA: dalle 8 alle 8:45, dalle 10 alle 10:45, dalle 12 alle 12:45, dalle 14 alle 14:45, dalle 16 alle 16:45, dalle 18 alle 18:45, dalle 20 alle 20:45. Dalle ore 20:45 alle ore 05:45 la circolazione dei veicoli e\u0300 consentita contemporaneamente in entrambi i sensi di marcia.\u00a0<\/em><\/p>\n<p>&nbsp;<\/p>\n<hr \/>\n<p>&nbsp;<\/p>\n<p><a href=\"https:\/\/www.radiopiu.net\/wordpress\/giornale-radiopiu-01-luglio-2021-direttore-mirko-mezzacasa\/60c03b48-c359-476d-b335-a9aad6ce2d02\/\" rel=\"attachment wp-att-219064\"><img loading=\"lazy\" decoding=\"async\" class=\"size-medium wp-image-219064 aligncenter\" src=\"https:\/\/www.radiopiu.net\/wordpress\/wp-content\/uploads\/2021\/06\/60c03b48-c359-476d-b335-a9aad6ce2d02-300x169.jpg\" alt=\"\" width=\"300\" height=\"169\" srcset=\"https:\/\/www.radiopiu.net\/wordpress\/wp-content\/uploads\/2021\/06\/60c03b48-c359-476d-b335-a9aad6ce2d02-300x169.jpg 300w, https:\/\/www.radiopiu.net\/wordpress\/wp-content\/uploads\/2021\/06\/60c03b48-c359-476d-b335-a9aad6ce2d02-1024x576.jpg 1024w, https:\/\/www.radiopiu.net\/wordpress\/wp-content\/uploads\/2021\/06\/60c03b48-c359-476d-b335-a9aad6ce2d02-768x432.jpg 768w, https:\/\/www.radiopiu.net\/wordpress\/wp-content\/uploads\/2021\/06\/60c03b48-c359-476d-b335-a9aad6ce2d02-1536x864.jpg 1536w, https:\/\/www.radiopiu.net\/wordpress\/wp-content\/uploads\/2021\/06\/60c03b48-c359-476d-b335-a9aad6ce2d02.jpg 1600w\" sizes=\"auto, (max-width: 300px) 100vw, 300px\" \/><\/a><\/p>\n<p>&nbsp;<\/p>\n<hr \/>\n<p>&nbsp;<\/p>\n<blockquote>\n<h3>DONNA BELLUNESE PERDE LA VITA IN UN INCIDENTE A PAESE<\/h3>\n<\/blockquote>\n<p><strong><img loading=\"lazy\" decoding=\"async\" class=\"alignleft\" src=\"https:\/\/www.radiopiu.net\/wordpress\/wp-content\/uploads\/2021\/06\/WhatsApp-Image-2021-06-30-at-19.02.27-2.jpg\" width=\"252\" height=\"142\" \/>PAESE<\/strong> <em>Gabriella Cont, 73 anni segretaria della Cisl ha perso la vita in un grave incidente,\u00a0 La donna\u00a0\u00a0 residente a Paese ma nativa di Cesiomaggiore viaggiava \u00a0lungo la statale\u00a0 Feltrina a Castagnole di Paese a bordo della sua auto, una Hyundai ix20, quando, forse per un malore improvviso o una distrazione, il veicolo \u00e8 uscito di strada, schiantandosi in un fossato, sotto ad un ponticello in cemento.\u00a0 Per estrarre la donna dalle lamiere sono intervenuti anche i vigili del fuoco. Sulla tragedia della strada indagano ora i carabinieri della stazione di Paese<\/em><\/p>\n<p>&nbsp;<\/p>\n<p><a href=\"https:\/\/www.radiopiu.net\/wordpress\/donna-bellunese-perde-la-vita-in-un-incidente-a-paese\/0b0d50fb-be1b-4d71-b7ea-02adb3b7dd6a\/\" rel=\"attachment wp-att-219252\"><img loading=\"lazy\" decoding=\"async\" class=\"alignnone size-medium wp-image-219252\" src=\"https:\/\/www.radiopiu.net\/wordpress\/wp-content\/uploads\/2021\/06\/0b0d50fb-be1b-4d71-b7ea-02adb3b7dd6a-300x169.jpg\" alt=\"\" width=\"300\" height=\"169\" srcset=\"https:\/\/www.radiopiu.net\/wordpress\/wp-content\/uploads\/2021\/06\/0b0d50fb-be1b-4d71-b7ea-02adb3b7dd6a-300x169.jpg 300w, https:\/\/www.radiopiu.net\/wordpress\/wp-content\/uploads\/2021\/06\/0b0d50fb-be1b-4d71-b7ea-02adb3b7dd6a-1024x576.jpg 1024w, https:\/\/www.radiopiu.net\/wordpress\/wp-content\/uploads\/2021\/06\/0b0d50fb-be1b-4d71-b7ea-02adb3b7dd6a-768x432.jpg 768w, https:\/\/www.radiopiu.net\/wordpress\/wp-content\/uploads\/2021\/06\/0b0d50fb-be1b-4d71-b7ea-02adb3b7dd6a-1536x864.jpg 1536w, https:\/\/www.radiopiu.net\/wordpress\/wp-content\/uploads\/2021\/06\/0b0d50fb-be1b-4d71-b7ea-02adb3b7dd6a.jpg 1599w\" sizes=\"auto, (max-width: 300px) 100vw, 300px\" \/><\/a><\/p>\n<p>&nbsp;<\/p>\n<blockquote>\n<h2>Tragica scomparsa di Gabriella Cont, componente di Segreteria della Cisl Fnp Belluno Treviso<\/h2>\n<\/blockquote>\n<p><strong><a href=\"https:\/\/www.radiopiu.net\/wordpress\/tragica-scomparsa-di-gabriella-cont-componente-di-segreteria-della-cisl-fnp-belluno-treviso\/96dbdedd-a58b-4323-9dc6-ebb718158c30\/\" rel=\"attachment wp-att-219262\"><img loading=\"lazy\" decoding=\"async\" class=\"size-medium wp-image-219262 alignleft\" src=\"https:\/\/www.radiopiu.net\/wordpress\/wp-content\/uploads\/2021\/06\/96dbdedd-a58b-4323-9dc6-ebb718158c30-173x300.jpg\" alt=\"\" width=\"173\" height=\"300\" srcset=\"https:\/\/www.radiopiu.net\/wordpress\/wp-content\/uploads\/2021\/06\/96dbdedd-a58b-4323-9dc6-ebb718158c30-173x300.jpg 173w, https:\/\/www.radiopiu.net\/wordpress\/wp-content\/uploads\/2021\/06\/96dbdedd-a58b-4323-9dc6-ebb718158c30.jpg 590w\" sizes=\"auto, (max-width: 173px) 100vw, 173px\" \/><\/a>BELLUNO-TREVISO<\/strong>\u00a0\u00a0<span style=\"color: #000000; font-family: Helvetica;\">La tragica morte di Gabriella Cont, avvenuta nel tardo pomeriggio di mercoled\u00ec 30 giugno in un incidente lungo la Feltrina, ha sconvolto la Cisl di Belluno Treviso. Cont era componente della Segreteria della Fnp territoriale. E dalla sede della Cisl di Treviso si era messa alla guida dopo una riunione con i colleghi. \u201cUna giornata normale si \u00e8 trasformata in una tragedia &#8211; dice Franco Marcuzzo, il segretario generale dei Pensionati Cisl Belluno Treviso -. Avevamo fatto riunione di segreteria come ogni settimana, ci eravamo lasciati con serenit\u00e0 come sempre e poco dopo \u00e8 arrivata questa notizia. Gabriella era stata riconfermata da poco in segreteria, era una brava persona, sempre disponibile, e una dirigente impegnata e sempre pronta a dare la sua disponibilit\u00e0 per la Federazione dei Pensionati. Non riesco a credere che non ci sia pi\u00f9\u201d. <\/span><span style=\"color: #000000; font-family: Helvetica;\">\u201cGabriella &#8211; spiega il segretario generale della Cisl territoriale Massimiliano Paglini &#8211; era una persona di poche parole, ma molto attenta e sempre pronta a dare il proprio contributo per il bene della Fnp e della Cisl. Siamo sconvolti per una perdita improvvisa e che lascia un vuoto per il grande spirito di servizio che ha sempre riservato nel suo fare sindacato e per la sua presenza discreta ma forte dei valori di appartenenza alla Cisl. Esprimiamo le pi\u00f9 sentite condoglianze al marito, alle figlie e alla famiglia tutta\u201d. <\/span><span style=\"color: #000000; font-family: Helvetica;\">Confermata in segreteria Fnp lo scorso 31 marzo Gabriella Cont, 73 anni, ex insegnante, bellunese di Cesiomaggiore, era stata anche presidente dell\u2019associazione Anteas di Belluno e segretaria Fnp Belluno Treviso dal 2015. Diplomata all\u2019Istituto Magistrale nel 1968, ha iniziato insegnare nel 1970 e ha svolto l\u2019attivit\u00e0 di docenza per 40 anni, fino alla pensione nel 2011. Dal 1980 al 1990 ha avuto anche diverse esperienze amministrative nel suo Comune, come assessore e consigliere comunale. Negli ultimi anni di lavoro \u00e8 stata RSU Scuola all\u2019Istituto Comprensivo di Cesiomaggiore. <\/span><span style=\"color: #000000; font-family: Helvetica;\">Dopo il pensionamento ha collaborato con il patronato Inas di Belluno ed \u00e8 stata eletta presidente dell\u2019associazione Anteas provinciale di Belluno, ricoprendo l\u2019incarico per 4 anni. \u00c8 stata poi nominata Coordinatore della RLS Pedemontana Destra-Sinistra Piave, ruolo che ha lasciato nel 2015 quando \u00e8 entrata nella Segreteria Fnp Belluno Treviso. <\/span><span style=\"color: #000000; font-family: Helvetica;\">Gabriella era sposata con il marito Bruno De Bernardin da oltre 50 anni. Oltre a lui, lascia tre figlie e sette nipoti.\u00a0<\/span><\/p>\n<div align=\"left\"><\/div>\n<div align=\"left\">\n\n\t\t\t<style type='text\/css'>\n\t\t\t\t#gallery-1 {\n\t\t\t\t\tmargin: auto;\n\t\t\t\t}\n\t\t\t\t#gallery-1 .gallery-item {\n\t\t\t\t\tfloat: left;\n\t\t\t\t\tmargin-top: 10px;\n\t\t\t\t\ttext-align: center;\n\t\t\t\t\twidth: 25%;\n\t\t\t\t}\n\t\t\t\t#gallery-1 img {\n\t\t\t\t\tborder: 2px solid #cfcfcf;\n\t\t\t\t}\n\t\t\t\t#gallery-1 .gallery-caption {\n\t\t\t\t\tmargin-left: 0;\n\t\t\t\t}\n\t\t\t\t\/* see gallery_shortcode() in wp-includes\/media.php *\/\n\t\t\t<\/style>\n\t\t<div id='gallery-1' class='dt-gallery-container gallery galleryid-219015 gallery-columns-4 gallery-size-thumbnail'><dl class='gallery-item'>\n\t\t\t\t<dt class='gallery-icon portrait'>\n\t\t\t\t\t<a class=\"rollover rollover-zoom dt-pswp-item\" title=\"Gabriella Cont1-1\" data-dt-img-description=\"\" data-large_image_width=\"848\" data-large_image_height=\"1352\"href='https:\/\/www.radiopiu.net\/wordpress\/wp-content\/uploads\/2021\/06\/Gabriella-Cont1-1.jpg'><img loading=\"lazy\" decoding=\"async\" width=\"150\" height=\"150\" src=\"https:\/\/www.radiopiu.net\/wordpress\/wp-content\/uploads\/2021\/06\/Gabriella-Cont1-1-150x150.jpg\" class=\"attachment-thumbnail size-thumbnail\" alt=\"\" \/><\/a>\n\t\t\t\t<\/dt><\/dl><dl class='gallery-item'>\n\t\t\t\t<dt class='gallery-icon landscape'>\n\t\t\t\t\t<a class=\"rollover rollover-zoom dt-pswp-item\" title=\"nuova segreteria FNP Cisl-1\" data-dt-img-description=\"\" data-large_image_width=\"1600\" data-large_image_height=\"1200\"href='https:\/\/www.radiopiu.net\/wordpress\/wp-content\/uploads\/2021\/06\/nuova-segreteria-FNP-Cisl-1.jpeg'><img loading=\"lazy\" decoding=\"async\" width=\"150\" height=\"150\" src=\"https:\/\/www.radiopiu.net\/wordpress\/wp-content\/uploads\/2021\/06\/nuova-segreteria-FNP-Cisl-1-150x150.jpeg\" class=\"attachment-thumbnail size-thumbnail\" alt=\"\" \/><\/a>\n\t\t\t\t<\/dt><\/dl><dl class='gallery-item'>\n\t\t\t\t<dt class='gallery-icon landscape'>\n\t\t\t\t\t<a class=\"rollover rollover-zoom dt-pswp-item\" title=\"Gabriella Cont-1\" data-dt-img-description=\"\" data-large_image_width=\"1498\" data-large_image_height=\"1258\"href='https:\/\/www.radiopiu.net\/wordpress\/wp-content\/uploads\/2021\/06\/Gabriella-Cont-1.jpg'><img loading=\"lazy\" decoding=\"async\" width=\"150\" height=\"150\" src=\"https:\/\/www.radiopiu.net\/wordpress\/wp-content\/uploads\/2021\/06\/Gabriella-Cont-1-150x150.jpg\" class=\"attachment-thumbnail size-thumbnail\" alt=\"\" \/><\/a>\n\t\t\t\t<\/dt><\/dl><dl class='gallery-item'>\n\t\t\t\t<dt class='gallery-icon landscape'>\n\t\t\t\t\t<a class=\"rollover rollover-zoom dt-pswp-item\" title=\"burst\" data-dt-img-description=\"\" data-large_image_width=\"2560\" data-large_image_height=\"1280\"href='https:\/\/www.radiopiu.net\/wordpress\/wp-content\/uploads\/2021\/06\/Cont-palco-1-scaled.jpg'><img loading=\"lazy\" decoding=\"async\" width=\"150\" height=\"150\" src=\"https:\/\/www.radiopiu.net\/wordpress\/wp-content\/uploads\/2021\/06\/Cont-palco-1-150x150.jpg\" class=\"attachment-thumbnail size-thumbnail\" alt=\"\" aria-describedby=\"gallery-1-219256\" \/><\/a>\n\t\t\t\t<\/dt>\n\t\t\t\t\t<dd class='wp-caption-text gallery-caption' id='gallery-1-219256'>\n\t\t\t\t\tburst\n\t\t\t\t\t<\/dd><\/dl><br style=\"clear: both\" \/>\n\t\t\t<\/div>\n\n<p>&nbsp;<\/p>\n<p>&nbsp;<\/p>\n<\/div>\n<hr \/>\n<blockquote>\n<h3><\/h3>\n<h3>LANCIANO L&#8217;ALLARME PER UN&#8217;ANZIANA CHE ERA USCITA DURANTE LA NOTTE MA LA DONNA RIENTRA A CASA POCO DOPO<\/h3>\n<\/blockquote>\n<p><strong><a href=\"https:\/\/www.radiopiu.net\/wordpress\/ritrovati-uno-zaino-e-un-bastone-da-funghi-apperteneti\/salt_20201005_175730_488_resized\/\" rel=\"attachment wp-att-164432\"><img loading=\"lazy\" decoding=\"async\" class=\" wp-image-164432 alignleft\" src=\"https:\/\/www.radiopiu.net\/wordpress\/wp-content\/uploads\/2020\/10\/salt_20201005_175730_488_resized-300x225.jpg\" alt=\"\" width=\"129\" height=\"97\" srcset=\"https:\/\/www.radiopiu.net\/wordpress\/wp-content\/uploads\/2020\/10\/salt_20201005_175730_488_resized-300x225.jpg 300w, https:\/\/www.radiopiu.net\/wordpress\/wp-content\/uploads\/2020\/10\/salt_20201005_175730_488_resized-1024x768.jpg 1024w, https:\/\/www.radiopiu.net\/wordpress\/wp-content\/uploads\/2020\/10\/salt_20201005_175730_488_resized-768x576.jpg 768w, https:\/\/www.radiopiu.net\/wordpress\/wp-content\/uploads\/2020\/10\/salt_20201005_175730_488_resized-640x480.jpg 640w, https:\/\/www.radiopiu.net\/wordpress\/wp-content\/uploads\/2020\/10\/salt_20201005_175730_488_resized.jpg 1182w\" sizes=\"auto, (max-width: 129px) 100vw, 129px\" \/><\/a>SAN NICOLO&#8217; DI COMELICO<\/strong> Ieri, passate da poco le 7, il Soccorso alpino della Val Comelico \u00e8 stato allertato, poich\u00e9 nella notte un&#8217;anziana villeggiante era uscita dalla propria abitazione a San Nicol\u00f2 Comelico senza pi\u00f9 farsi trovare. Mentre le squadre iniziavano le ricerche, verso le 8.30 la donna, 83 anni, di Albignasego (PD), \u00e8 fortunatamente rientrata da sola e l&#8217;allarme \u00e8 cessato.<\/p>\n<p>&nbsp;<\/p>\n<p>&nbsp;<\/p>\n<hr \/>\n<p>&nbsp;<\/p>\n<blockquote>\n<h3>POMERIGGIO DI INTERVENTI PER IL SOCCORSO ALPINO. A SELVA DI CADORE UNA CICLISTA CADE DALLA MOUNTAIN BIKE E AD AURONZO UN TEDESCO SI FA MALE AD UN BRACCIO<\/h3>\n<\/blockquote>\n<p><strong><a href=\"https:\/\/www.radiopiu.net\/wordpress\/torna-la-festa-del-volontariato-cadorino-sabato-1-settembre\/soccorsoalpino\/\" rel=\"attachment wp-att-59164\"><img loading=\"lazy\" decoding=\"async\" class=\" wp-image-59164 alignleft\" src=\"https:\/\/www.radiopiu.net\/wordpress\/wp-content\/uploads\/2018\/08\/soccorsoalpino-300x300.jpg\" alt=\"\" width=\"185\" height=\"185\" srcset=\"https:\/\/www.radiopiu.net\/wordpress\/wp-content\/uploads\/2018\/08\/soccorsoalpino-300x300.jpg 300w, https:\/\/www.radiopiu.net\/wordpress\/wp-content\/uploads\/2018\/08\/soccorsoalpino-150x150.jpg 150w, https:\/\/www.radiopiu.net\/wordpress\/wp-content\/uploads\/2018\/08\/soccorsoalpino-768x768.jpg 768w, https:\/\/www.radiopiu.net\/wordpress\/wp-content\/uploads\/2018\/08\/soccorsoalpino-1024x1024.jpg 1024w, https:\/\/www.radiopiu.net\/wordpress\/wp-content\/uploads\/2018\/08\/soccorsoalpino.jpg 1200w\" sizes=\"auto, (max-width: 185px) 100vw, 185px\" \/><\/a>SELVA DI CADORE <\/strong>Ieri verso le 13 il Soccorso alpino della Val Fiorentina \u00e8 intervenuto nei presso del Rifugio Fertazza, a Selva di Cadore, dove una ciclista era caduta dalla mountain bike procurandosi un trauma alla gamba. S.F., 42 anni, di Bevilacqua (MI), che si trovava con il marito, \u00e8 stata raggiunta da una squadra in jeep e accompagnata alla partenza degli impianti dove attendeva l&#8217;ambulanza.<\/p>\n<p>&nbsp;<\/p>\n<p><strong>AURONZO DI CADORE <\/strong>Sempre ieri verso le 14 l&#8217;elicottero del Suem di Pieve di Cadore \u00e8 volato al Rifugio Lavaredo, sotto le Tre Cime, Auronzo di Cadore, per un escursionista tedesco di 76 anni, che si era fatto male a un braccio. L&#8217;uomo \u00e8 stato trasportato all&#8217;ospedale di Belluno<\/p>\n<p>&nbsp;<\/p>\n<p>&nbsp;<\/p>\n<hr \/>\n<p>&nbsp;<\/p>\n<blockquote>\n<h3>PIANTE IN STRADA E CASE SCOPERCHIATE AD AURONZO CON IL MALTEMPO DELLE ULTIME ORE<\/h3>\n<\/blockquote>\n<p><strong><a href=\"https:\/\/www.radiopiu.net\/wordpress\/219224-2\/611fce3d-0968-4399-9984-053f771fb697\/\" rel=\"attachment wp-att-219225\"><img loading=\"lazy\" decoding=\"async\" class=\"size-medium wp-image-219225 alignleft\" src=\"https:\/\/www.radiopiu.net\/wordpress\/wp-content\/uploads\/2021\/06\/611fce3d-0968-4399-9984-053f771fb697-300x182.jpg\" alt=\"\" width=\"300\" height=\"182\" srcset=\"https:\/\/www.radiopiu.net\/wordpress\/wp-content\/uploads\/2021\/06\/611fce3d-0968-4399-9984-053f771fb697-300x182.jpg 300w, https:\/\/www.radiopiu.net\/wordpress\/wp-content\/uploads\/2021\/06\/611fce3d-0968-4399-9984-053f771fb697-1024x622.jpg 1024w, https:\/\/www.radiopiu.net\/wordpress\/wp-content\/uploads\/2021\/06\/611fce3d-0968-4399-9984-053f771fb697-768x466.jpg 768w, https:\/\/www.radiopiu.net\/wordpress\/wp-content\/uploads\/2021\/06\/611fce3d-0968-4399-9984-053f771fb697.jpg 1280w\" sizes=\"auto, (max-width: 300px) 100vw, 300px\" \/><\/a>AURONZO DI CADORE<\/strong> Vigili del Fuoco al lavoro . Il maltempo delle ultime ore ha scoperchiato due abitazioni. Disagi anche alla viabilit\u00e0 per alcune piante cadute in strada<\/p>\n<p>&nbsp;<\/p>\n<p>&nbsp;<\/p>\n<p>&nbsp;<\/p>\n<p>&nbsp;<\/p>\n<p>&nbsp;<\/p>\n<hr \/>\n<p>&nbsp;<\/p>\n<blockquote>\n<h3>CAMION IN PANNE PER LO SCOPPIO DEL PNEUMATICO, INTERVENGONO I VIGILI DEL FUOCO<\/h3>\n<\/blockquote>\n<p><strong>PEDAVENA<\/strong> Ieri mattina, poco dopo le 9, i Vigili del Fuoco sono intervenuti all\u2019incrocio del bivio di Norcen a Pedavena per prestare soccorso ad un autista a cui \u00e8 scoppiato il pneumatico anteriore di un autoarticolato, il quale si \u00e8 squarciato completamente finendo con il cerchione sull\u2019asfalto e bloccando di fatto la strada. I pompieri intervenuti da Feltre e da Belluno anche con l\u2019autogru e un\u2019altra motrice, hanno prima rimosso il trattore dell\u2019autoarticolato trainandolo in una piazzola e successivamente il semirimorchio carico di legname \u00e8 stato agganciato con la motrice dei Vigili del Fuoco e portato in un parcheggio. Sul posto la Polizia Locale per deviare il traffico. Le operazioni di soccorso sono terminate alle 13 circa.<\/p>\n\n\t\t\t<style type='text\/css'>\n\t\t\t\t#gallery-2 {\n\t\t\t\t\tmargin: auto;\n\t\t\t\t}\n\t\t\t\t#gallery-2 .gallery-item {\n\t\t\t\t\tfloat: left;\n\t\t\t\t\tmargin-top: 10px;\n\t\t\t\t\ttext-align: center;\n\t\t\t\t\twidth: 25%;\n\t\t\t\t}\n\t\t\t\t#gallery-2 img {\n\t\t\t\t\tborder: 2px solid #cfcfcf;\n\t\t\t\t}\n\t\t\t\t#gallery-2 .gallery-caption {\n\t\t\t\t\tmargin-left: 0;\n\t\t\t\t}\n\t\t\t\t\/* see gallery_shortcode() in wp-includes\/media.php *\/\n\t\t\t<\/style>\n\t\t<div id='gallery-2' class='dt-gallery-container gallery galleryid-219015 gallery-columns-4 gallery-size-medium'><dl class='gallery-item'>\n\t\t\t\t<dt class='gallery-icon landscape'>\n\t\t\t\t\t<a class=\"rollover rollover-zoom dt-pswp-item\" title=\"384fd23f-9e90-4053-bfa5-af5279955a2a\" data-dt-img-description=\"\" data-large_image_width=\"1280\" data-large_image_height=\"720\"href='https:\/\/www.radiopiu.net\/wordpress\/wp-content\/uploads\/2021\/06\/384fd23f-9e90-4053-bfa5-af5279955a2a.jpg'><img loading=\"lazy\" decoding=\"async\" width=\"300\" height=\"169\" src=\"https:\/\/www.radiopiu.net\/wordpress\/wp-content\/uploads\/2021\/06\/384fd23f-9e90-4053-bfa5-af5279955a2a-300x169.jpg\" class=\"attachment-medium size-medium\" alt=\"\" srcset=\"https:\/\/www.radiopiu.net\/wordpress\/wp-content\/uploads\/2021\/06\/384fd23f-9e90-4053-bfa5-af5279955a2a-300x169.jpg 300w, https:\/\/www.radiopiu.net\/wordpress\/wp-content\/uploads\/2021\/06\/384fd23f-9e90-4053-bfa5-af5279955a2a-1024x576.jpg 1024w, https:\/\/www.radiopiu.net\/wordpress\/wp-content\/uploads\/2021\/06\/384fd23f-9e90-4053-bfa5-af5279955a2a-768x432.jpg 768w, https:\/\/www.radiopiu.net\/wordpress\/wp-content\/uploads\/2021\/06\/384fd23f-9e90-4053-bfa5-af5279955a2a.jpg 1280w\" sizes=\"auto, (max-width: 300px) 100vw, 300px\" \/><\/a>\n\t\t\t\t<\/dt><\/dl><dl class='gallery-item'>\n\t\t\t\t<dt class='gallery-icon landscape'>\n\t\t\t\t\t<a class=\"rollover rollover-zoom dt-pswp-item\" title=\"3457816a-d96c-4389-9bcc-fadcea691a7f\" data-dt-img-description=\"\" data-large_image_width=\"1280\" data-large_image_height=\"852\"href='https:\/\/www.radiopiu.net\/wordpress\/wp-content\/uploads\/2021\/06\/3457816a-d96c-4389-9bcc-fadcea691a7f.jpg'><img loading=\"lazy\" decoding=\"async\" width=\"300\" height=\"200\" src=\"https:\/\/www.radiopiu.net\/wordpress\/wp-content\/uploads\/2021\/06\/3457816a-d96c-4389-9bcc-fadcea691a7f-300x200.jpg\" class=\"attachment-medium size-medium\" alt=\"\" srcset=\"https:\/\/www.radiopiu.net\/wordpress\/wp-content\/uploads\/2021\/06\/3457816a-d96c-4389-9bcc-fadcea691a7f-300x200.jpg 300w, https:\/\/www.radiopiu.net\/wordpress\/wp-content\/uploads\/2021\/06\/3457816a-d96c-4389-9bcc-fadcea691a7f-1024x682.jpg 1024w, https:\/\/www.radiopiu.net\/wordpress\/wp-content\/uploads\/2021\/06\/3457816a-d96c-4389-9bcc-fadcea691a7f-768x511.jpg 768w, https:\/\/www.radiopiu.net\/wordpress\/wp-content\/uploads\/2021\/06\/3457816a-d96c-4389-9bcc-fadcea691a7f.jpg 1280w\" sizes=\"auto, (max-width: 300px) 100vw, 300px\" \/><\/a>\n\t\t\t\t<\/dt><\/dl><dl class='gallery-item'>\n\t\t\t\t<dt class='gallery-icon landscape'>\n\t\t\t\t\t<a class=\"rollover rollover-zoom dt-pswp-item\" title=\"4d30fcd9-47c3-432e-b603-5048bb90d350\" data-dt-img-description=\"\" data-large_image_width=\"1280\" data-large_image_height=\"879\"href='https:\/\/www.radiopiu.net\/wordpress\/wp-content\/uploads\/2021\/06\/4d30fcd9-47c3-432e-b603-5048bb90d350.jpg'><img loading=\"lazy\" decoding=\"async\" width=\"300\" height=\"206\" src=\"https:\/\/www.radiopiu.net\/wordpress\/wp-content\/uploads\/2021\/06\/4d30fcd9-47c3-432e-b603-5048bb90d350-300x206.jpg\" class=\"attachment-medium size-medium\" alt=\"\" srcset=\"https:\/\/www.radiopiu.net\/wordpress\/wp-content\/uploads\/2021\/06\/4d30fcd9-47c3-432e-b603-5048bb90d350-300x206.jpg 300w, https:\/\/www.radiopiu.net\/wordpress\/wp-content\/uploads\/2021\/06\/4d30fcd9-47c3-432e-b603-5048bb90d350-1024x703.jpg 1024w, https:\/\/www.radiopiu.net\/wordpress\/wp-content\/uploads\/2021\/06\/4d30fcd9-47c3-432e-b603-5048bb90d350-768x527.jpg 768w, https:\/\/www.radiopiu.net\/wordpress\/wp-content\/uploads\/2021\/06\/4d30fcd9-47c3-432e-b603-5048bb90d350.jpg 1280w\" sizes=\"auto, (max-width: 300px) 100vw, 300px\" \/><\/a>\n\t\t\t\t<\/dt><\/dl><dl class='gallery-item'>\n\t\t\t\t<dt class='gallery-icon landscape'>\n\t\t\t\t\t<a class=\"rollover rollover-zoom dt-pswp-item\" title=\"796ea239-4df8-4f24-a965-051821c7ec4f\" data-dt-img-description=\"\" data-large_image_width=\"1280\" data-large_image_height=\"792\"href='https:\/\/www.radiopiu.net\/wordpress\/wp-content\/uploads\/2021\/06\/796ea239-4df8-4f24-a965-051821c7ec4f.jpg'><img loading=\"lazy\" decoding=\"async\" width=\"300\" height=\"186\" src=\"https:\/\/www.radiopiu.net\/wordpress\/wp-content\/uploads\/2021\/06\/796ea239-4df8-4f24-a965-051821c7ec4f-300x186.jpg\" class=\"attachment-medium size-medium\" alt=\"\" srcset=\"https:\/\/www.radiopiu.net\/wordpress\/wp-content\/uploads\/2021\/06\/796ea239-4df8-4f24-a965-051821c7ec4f-300x186.jpg 300w, https:\/\/www.radiopiu.net\/wordpress\/wp-content\/uploads\/2021\/06\/796ea239-4df8-4f24-a965-051821c7ec4f-1024x634.jpg 1024w, https:\/\/www.radiopiu.net\/wordpress\/wp-content\/uploads\/2021\/06\/796ea239-4df8-4f24-a965-051821c7ec4f-768x475.jpg 768w, https:\/\/www.radiopiu.net\/wordpress\/wp-content\/uploads\/2021\/06\/796ea239-4df8-4f24-a965-051821c7ec4f.jpg 1280w\" sizes=\"auto, (max-width: 300px) 100vw, 300px\" \/><\/a>\n\t\t\t\t<\/dt><\/dl><br style=\"clear: both\" \/>\n\t\t\t<\/div>\n\n<p>&nbsp;<\/p>\n<p>&nbsp;<\/p>\n<hr \/>\n<p>&nbsp;<\/p>\n<blockquote>\n<h3>USCITA AUTONOMA E FINALE CONTRO UNA RECINZIONE<\/h3>\n<\/blockquote>\n<p><strong>AGORDO<\/strong> Anziano\u00a0 durante la manovra\u00a0 \u00a0sbatte contro la recinzione di un vicino di casa. I vigili del fuoco del distaccamento di Agordo sono intervenuti ieri mattina, alle 8.30, nella frazione di Parech. in auto a un 80enne. Nell&#8217;impatto, ha riportato dei traumi, che hanno richiesto anche l&#8217;arrivo dell&#8217;ambulanza per il trasporto all&#8217;ospedale.<\/p>\n<p>&nbsp;<\/p>\n<p>&nbsp;<\/p>\n<hr \/>\n<p>&nbsp;<\/p>\n<blockquote>\n<h3>L&#8217;AMPEZZANO\u00a0 CHE VOLEVA SCANNARE I LUPI: CONDANNATO GHEDINA, ESULTA L&#8217;ENPA<\/h3>\n<\/blockquote>\n<p><strong>BELLUNO\u00a0<\/strong> Il Tribunale di Belluno ha emesso un decreto penale, a seguito della denuncia querela presentata dall&#8217;Ente nazionale protezione animali. Luca Ghedina gi\u00e0 \u00e8 stato sanzionato per violazioni al Codice della strada, uso del telefono cellulare mentre era alla guida,\u00a0 guida contromano,\u00a0 mancata osservanza dell&#8217;obbligo di fermarsi in presenza di animali,\u00a0 guida a cavallo della striscia longitudinale continua. Luca Ghedina potr\u00e0 quindi chiedere di andare a processo<\/p>\n<blockquote><p><strong>l video\u00a0 era stato pubblicato sul canale youtube del gruppo animalista &#8220;100x100animalista&#8221;<\/strong><\/p><\/blockquote>\n<p><iframe loading=\"lazy\" title=\"automobilista senza cuore spaventa i Lupi con l&#039;auto\" width=\"1200\" height=\"675\" src=\"https:\/\/www.youtube.com\/embed\/VCJ4104eYT8?feature=oembed\" frameborder=\"0\" allow=\"accelerometer; autoplay; clipboard-write; encrypted-media; gyroscope; picture-in-picture\" allowfullscreen><\/iframe><\/p>\n<p>&nbsp;<\/p>\n<p>&nbsp;<\/p>\n<hr \/>\n<p>&nbsp;<\/p>\n<p>&nbsp;<\/p>\n<blockquote>\n<h3>DAL 1 GENNAIO AUMENTANO LE BOLLETTE DEI RIFIUTI E I RINCARI SONO PURE RETROATTIVI. CONTRARIE LE MINORANZE<\/h3>\n<p><span style=\"color: #ff0000;\">CONTRARIAMENTE A QUANTO SUCCEDE NELL&#8217;AGORDINO, SEDICO, BORGO VALBELLUNA<\/span><\/p><\/blockquote>\n<p><strong>BELLUNO<\/strong><\/p>\n<p><strong>di MORENO GIOLI<\/strong><\/p>\n<audio class=\"wp-audio-shortcode\" id=\"audio-219015-1\" preload=\"none\" style=\"width: 100%;\" controls=\"controls\"><source type=\"audio\/mpeg\" src=\"https:\/\/www.radiopiu.net\/wordpress\/wp-content\/uploads\/2021\/07\/MORENO-RIFIUTI.mp3?_=1\" \/><a href=\"https:\/\/www.radiopiu.net\/wordpress\/wp-content\/uploads\/2021\/07\/MORENO-RIFIUTI.mp3\">https:\/\/www.radiopiu.net\/wordpress\/wp-content\/uploads\/2021\/07\/MORENO-RIFIUTI.mp3<\/a><\/audio>\n<p>&nbsp;<\/p>\n<p>&nbsp;<\/p>\n<hr \/>\n<p>&nbsp;<\/p>\n<p>&nbsp;<\/p>\n<blockquote>\n<h3>VIA ALLE NUOVE TARIFFE CON RINCARI MA BOLLETTE PIU&#8217; BASSE<\/h3>\n<p><span style=\"color: #ff0000;\">CONTRARIAMENTE A QUANTO SUCCEDE A BELLUNO CAPOLUOGO<\/span><\/p><\/blockquote>\n<p><strong>BORGO VALBELLUNA<\/strong> Calano le bollette per l&#8217;artigianato e i servizi, cresce\u00a0 la bolletta per il settore della ristorazione e della somministrazione di bevande ma per quest&#8217;anno c&#8217;\u00e8 il fondo Covid da 70 mila euro per abbattere la tariffa. Le utenze non domestiche potranno ora usufruire della riduzione del 30 per cento della parte variabile della tariffa grazie al compostaggio dell&#8217;umido. Sar\u00e0 completamente azzerata la tariffa per le casere in montagna di propriet\u00e0 di residenti sul territorio comunale.<\/p>\n<p>&nbsp;<\/p>\n<hr \/>\n<p>&nbsp;<\/p>\n<blockquote>\n<h3>NUOVO BANDO PER LE MENSE SCOLASTICHE, AUMENTANO I COSTI PER IL COMUNE<\/h3>\n<\/blockquote>\n<p><strong>FELTRE <\/strong>S&#8217;alzano i costi a carico del Comune per il servizio delle mense scolastiche, con un aumento stimato di circa 10 mila euro al mese,\u00a0 incremento dovuto allo sporzionamento dei pasti, distribuiti ai bambini in confezione monodose come prevede il protocollo igienico-sanitario.\u00a0 \u00a0Domani \u00e8 il termine entro il quale devono pervenire le manifestazioni di interesse.<\/p>\n<p>&nbsp;<\/p>\n<hr \/>\n<p>&nbsp;<\/p>\n<blockquote>\n<h3>NELLE ULTIME ORE SONO STATE REGISTRATE 3 NUOVE POSITIVITA&#8217; IN ULSS 1 DOLOMITI<\/h3>\n<\/blockquote>\n<p><strong><a href=\"https:\/\/www.radiopiu.net\/wordpress\/giornale-radiopiu-10-marzo-2020-direttore-mirko-mezzacasa\/covid-ulss\/\" rel=\"attachment wp-att-121260\"><img loading=\"lazy\" decoding=\"async\" class=\"size-medium wp-image-121260 alignleft\" src=\"https:\/\/www.radiopiu.net\/wordpress\/wp-content\/uploads\/2020\/03\/covid-ulss-300x225.jpg\" alt=\"\" width=\"300\" height=\"225\" srcset=\"https:\/\/www.radiopiu.net\/wordpress\/wp-content\/uploads\/2020\/03\/covid-ulss-300x225.jpg 300w, https:\/\/www.radiopiu.net\/wordpress\/wp-content\/uploads\/2020\/03\/covid-ulss-768x576.jpg 768w, https:\/\/www.radiopiu.net\/wordpress\/wp-content\/uploads\/2020\/03\/covid-ulss.jpg 800w\" sizes=\"auto, (max-width: 300px) 100vw, 300px\" \/><\/a>BELLUNO <\/strong>Dopo un lungo periodo di costante rallentamento epidemico con, la scorsa settimana 3 soli casi di covid segnalati, sono stati\u00a0 refertati 3 casi di covid a carico di tre giovani: un turista straniero di 23 anni e due ventenni residenti nel nostro territorio studenti universiari. Questi tre casi verranno studiati con sequenziamento in relazione all\u2019ipotesi di una prima circolazione della variante Delta, finora assente nel Bellunese. Ovviamente, come per tutti i casi di covid, \u00e8 in corso un contact tracing accurato con le conseguenti misure contumaciali (isolamento\/quarantena). Questa ripresa di casistica attesta che l\u2019epidemia covid non \u00e8 conclusa. \u00c8 quindi necessario mantenere ancora attivi i comportamenti preventivi contro il virus Sars Cov 2: distanziamento, lavaggio frequente delle mani e mascherina e, per gli indecisi, accedere rapidamente all\u2019offerta vaccinale, oggi attiva in tutte le sedi con ampi spazi prenotabili. Con l\u2019occasione si precisa che il ricovero covid segnalato nel bollettino odierno diffuso di Azienda Zero non \u00e8 riferito a un nuovo caso ma al riemergere di una vecchia positivit\u00e0 in un paziente anziano ricoverato da molto tempo. \u00ab<em>Questo tipo di positivit\u00e0\u00a0 riguarda frammenti di mRNA non di virus vivo e contagioso<\/em>\u00bb, spiega il direttore delle Malattie Infettive Renzo Scaggiante, \u00ab<em>Per massima precauzione, il paziente \u00e8 stato trasferito in Malattie Infettive a Belluno in modo da poterlo a breve dimettere in totale sicurezza in una struttura residenziale<\/em>\u00bb<\/p>\n<p>&nbsp;<\/p>\n<p>&nbsp;<\/p>\n<hr \/>\n<p>&nbsp;<\/p>\n<p>&nbsp;<\/p>\n<p>&nbsp;<\/p>\n<p>&nbsp;<\/p>\n<blockquote>\n<h3 style=\"text-align: left;\" align=\"CENTER\"><strong><span style=\"color: #000000; font-size: x-large;\">ACCESSO\u00a0 \u00a0AI\u00a0 COVID\u00a0 POINT<\/span><a style=\"color: #222222; font-family: Arial, Helvetica, sans-serif; font-size: large;\" href=\"https:\/\/www.radiopiu.net\/wordpress\/tamponi-in-modalita-drive-in-al-san-martino-di-belluno\/tamponi-drive-in-2\/\" rel=\"attachment wp-att-136984\"><img loading=\"lazy\" decoding=\"async\" class=\"wp-image-136984 alignleft\" src=\"https:\/\/www.radiopiu.net\/wordpress\/wp-content\/uploads\/2020\/05\/tamponi-drive-in-1-225x300.jpg\" alt=\"\" width=\"164\" height=\"219\" srcset=\"https:\/\/www.radiopiu.net\/wordpress\/wp-content\/uploads\/2020\/05\/tamponi-drive-in-1-225x300.jpg 225w, https:\/\/www.radiopiu.net\/wordpress\/wp-content\/uploads\/2020\/05\/tamponi-drive-in-1-768x1023.jpg 768w, https:\/\/www.radiopiu.net\/wordpress\/wp-content\/uploads\/2020\/05\/tamponi-drive-in-1-1153x1536.jpg 1153w, https:\/\/www.radiopiu.net\/wordpress\/wp-content\/uploads\/2020\/05\/tamponi-drive-in-1.jpg 1200w\" sizes=\"auto, (max-width: 164px) 100vw, 164px\" \/><\/a><\/strong><\/h3>\n<\/blockquote>\n<p style=\"text-align: left;\" align=\"LEFT\"><span style=\"color: #222222;\"><span style=\"font-family: Arial, Helvetica, sans-serif;\"><span style=\"font-size: large;\"><strong>BELLUNO<\/strong>\u00a0 D<\/span><\/span><\/span><span style=\"color: #222222;\"><span style=\"font-family: Arial, Helvetica, sans-serif;\"><span style=\"font-size: large;\">a oggi i cittadini (anche non residenti in provincia) potranno accedere ai 4 covid point del territorio <\/span><\/span><\/span><span style=\"color: #222222;\"><span style=\"font-family: Arial, Helvetica, sans-serif;\"><span style=\"font-size: large;\">per l&#8217;esecuzione del tampone antigenico rapido gratuitamente senza prescrizione e senza prenotazione<\/span><\/span><\/span><span style=\"color: #222222;\"><span style=\"font-family: Arial, Helvetica, sans-serif;\"><span style=\"font-size: large;\">; rimane necessaria la prescrizione per l&#8217;esecuzione del tampone molecolare. Da oggi<\/span><\/span><\/span><span style=\"font-size: large; font-family: Arial, Helvetica, sans-serif; color: #222222;\">, presso il Centro Vaccinale di Sedico, sar\u00e0 offerta, dalle 14 alle 19, a tutti i soggetti vaccinati l&#8217;esecuzione del tampone per la ricerca del virus Sars-Cov2. G<\/span><span style=\"font-size: large; font-family: Arial, Helvetica, sans-serif; color: #222222;\">li orari dei covid point dell\u2019Ulss Dolomiti: <\/span><span style=\"color: #222222;\"><span style=\"font-family: Arial, Helvetica, sans-serif;\"><span style=\"font-size: large;\">Covid Point <\/span><\/span><\/span><span style=\"color: #222222;\"><span style=\"font-family: Arial, Helvetica, sans-serif;\"><span style=\"font-size: large;\">Belluno-Ospedale<\/span><\/span><\/span><span style=\"color: #222222;\"><span style=\"font-family: Arial, Helvetica, sans-serif;\"><span style=\"font-size: large;\"> (drive-in San Gervasio): <\/span><\/span><\/span><span style=\"font-size: large; font-family: Arial, Helvetica, sans-serif; color: #222222;\">tutti i giorni, festivi inclusi, dalle 8.30 alle 12.30 <\/span><span style=\"color: #222222;\"><span style=\"font-family: Arial, Helvetica, sans-serif;\"><span style=\"font-size: large;\">Covid Point <\/span><\/span><\/span><span style=\"color: #222222;\"><span style=\"font-family: Arial, Helvetica, sans-serif;\"><span style=\"font-size: large;\">Feltre-Anz\u00f9: <\/span><\/span><\/span><span style=\"font-size: large; font-family: Arial, Helvetica, sans-serif; color: #222222;\">dal luned\u00ec al sabato (festivi esclusi), dalle 8.30 alle 12.30 <\/span><span style=\"color: #222222;\"><span style=\"font-family: Arial, Helvetica, sans-serif;\"><span style=\"font-size: large;\">Covid Point <\/span><\/span><\/span><span style=\"color: #222222;\"><span style=\"font-family: Arial, Helvetica, sans-serif;\"><span style=\"font-size: large;\">Agordo-Tamonich: <\/span><\/span><\/span><span style=\"font-size: large; font-family: Arial, Helvetica, sans-serif; color: #222222;\">marted\u00ec, gioved\u00ec e sabato (festivi esclusi), dalle 9.00 alle 10.00 <\/span><span style=\"color: #222222;\"><span style=\"font-family: Arial, Helvetica, sans-serif;\"><span style=\"font-size: large;\">Covid Point <\/span><\/span><\/span><span style=\"color: #222222;\"><span style=\"font-family: Arial, Helvetica, sans-serif;\"><span style=\"font-size: large;\">Tai di Cadore<\/span><\/span><\/span><span style=\"color: #222222;\"><span style=\"font-family: Arial, Helvetica, sans-serif;\"><span style=\"font-size: large;\">: <\/span><\/span><\/span><span style=\"font-size: large; font-family: Arial, Helvetica, sans-serif; color: #222222;\">marted\u00ec, gioved\u00ec e sabato (festivi esclusi), dalle 13.00 alle 15.00<\/span><\/p>\n<h3 align=\"LEFT\"><\/h3>\n<hr \/>\n<p>&nbsp;<\/p>\n<p>&nbsp;<\/p>\n<p>&nbsp;<\/p>\n<p>&nbsp;<\/p>\n<hr \/>\n<p>&nbsp;<\/p>\n<blockquote class=\"wp-embedded-content\" data-secret=\"9d7x971GZN\"><p><a href=\"https:\/\/www.radiopiu.net\/wordpress\/aggiornamentogiu30\/\">CORONAVIRUS: AGGIORNAMENTO NAZIONALE 30 GIUGNO  2021<\/a><\/p><\/blockquote>\n<p><iframe loading=\"lazy\" class=\"wp-embedded-content\" sandbox=\"allow-scripts\" security=\"restricted\" style=\"position: absolute; clip: rect(1px, 1px, 1px, 1px);\" title=\"&#8220;CORONAVIRUS: AGGIORNAMENTO NAZIONALE 30 GIUGNO  2021&#8221; &#8212; Radio Pi\u00f9\" src=\"https:\/\/www.radiopiu.net\/wordpress\/aggiornamentogiu30\/embed\/#?secret=9d7x971GZN\" data-secret=\"9d7x971GZN\" width=\"600\" height=\"338\" frameborder=\"0\" marginwidth=\"0\" marginheight=\"0\" scrolling=\"no\"><\/iframe><\/p>\n<p>&nbsp;<\/p>\n<blockquote class=\"wp-embedded-content\" data-secret=\"hoI1g9HFks\"><p><a href=\"https:\/\/www.radiopiu.net\/wordpress\/unpafe\/\">UN PAZIENTE COVID  RICOVERATO A FELTRE DOPO GIORNI DI REPARTI VUOTI.  IN REGIONE UN&#8217;INTERA GIORNATA SENZA DECESSI PER COVID, A BELLUNO ALTRE 24 ORE SENZA NUOVI POSITIVI<\/a><\/p><\/blockquote>\n<p><iframe loading=\"lazy\" class=\"wp-embedded-content\" sandbox=\"allow-scripts\" security=\"restricted\" style=\"position: absolute; clip: rect(1px, 1px, 1px, 1px);\" title=\"&#8220;UN PAZIENTE COVID  RICOVERATO A FELTRE DOPO GIORNI DI REPARTI VUOTI.  IN REGIONE UN&#8217;INTERA GIORNATA SENZA DECESSI PER COVID, A BELLUNO ALTRE 24 ORE SENZA NUOVI POSITIVI&#8221; &#8212; Radio Pi\u00f9\" src=\"https:\/\/www.radiopiu.net\/wordpress\/unpafe\/embed\/#?secret=hoI1g9HFks\" data-secret=\"hoI1g9HFks\" width=\"600\" height=\"338\" frameborder=\"0\" marginwidth=\"0\" marginheight=\"0\" scrolling=\"no\"><\/iframe><\/p>\n<p>&nbsp;<\/p>\n<h2>I GRAFICI DI TIZIANO DE COL<\/h2>\n\n\t\t\t<style type='text\/css'>\n\t\t\t\t#gallery-3 {\n\t\t\t\t\tmargin: auto;\n\t\t\t\t}\n\t\t\t\t#gallery-3 .gallery-item {\n\t\t\t\t\tfloat: left;\n\t\t\t\t\tmargin-top: 10px;\n\t\t\t\t\ttext-align: center;\n\t\t\t\t\twidth: 33%;\n\t\t\t\t}\n\t\t\t\t#gallery-3 img {\n\t\t\t\t\tborder: 2px solid #cfcfcf;\n\t\t\t\t}\n\t\t\t\t#gallery-3 .gallery-caption {\n\t\t\t\t\tmargin-left: 0;\n\t\t\t\t}\n\t\t\t\t\/* see gallery_shortcode() in wp-includes\/media.php *\/\n\t\t\t<\/style>\n\t\t<div id='gallery-3' class='dt-gallery-container gallery galleryid-219015 gallery-columns-3 gallery-size-thumbnail'><dl class='gallery-item'>\n\t\t\t\t<dt class='gallery-icon landscape'>\n\t\t\t\t\t<a class=\"rollover\" href='https:\/\/www.radiopiu.net\/wordpress\/giornale-radiopiu-01-luglio-2021-direttore-mirko-mezzacasa\/502458f7-0f80-409b-a008-aa0c6b881401\/'><img loading=\"lazy\" decoding=\"async\" width=\"150\" height=\"150\" src=\"https:\/\/www.radiopiu.net\/wordpress\/wp-content\/uploads\/2021\/07\/502458f7-0f80-409b-a008-aa0c6b881401-150x150.jpg\" class=\"attachment-thumbnail size-thumbnail\" alt=\"\" \/><\/a>\n\t\t\t\t<\/dt><\/dl><dl class='gallery-item'>\n\t\t\t\t<dt class='gallery-icon landscape'>\n\t\t\t\t\t<a class=\"rollover\" href='https:\/\/www.radiopiu.net\/wordpress\/giornale-radiopiu-01-luglio-2021-direttore-mirko-mezzacasa\/eccc9d6c-519a-4ca3-8b6a-dd7fc295d2aa\/'><img loading=\"lazy\" decoding=\"async\" width=\"150\" height=\"150\" src=\"https:\/\/www.radiopiu.net\/wordpress\/wp-content\/uploads\/2021\/07\/eccc9d6c-519a-4ca3-8b6a-dd7fc295d2aa-150x150.jpg\" class=\"attachment-thumbnail size-thumbnail\" alt=\"\" \/><\/a>\n\t\t\t\t<\/dt><\/dl><dl class='gallery-item'>\n\t\t\t\t<dt class='gallery-icon landscape'>\n\t\t\t\t\t<a class=\"rollover\" href='https:\/\/www.radiopiu.net\/wordpress\/giornale-radiopiu-01-luglio-2021-direttore-mirko-mezzacasa\/130bec28-7a18-4c16-bd82-ee8b264b49de\/'><img loading=\"lazy\" decoding=\"async\" width=\"150\" height=\"150\" src=\"https:\/\/www.radiopiu.net\/wordpress\/wp-content\/uploads\/2021\/07\/130bec28-7a18-4c16-bd82-ee8b264b49de-150x150.jpg\" class=\"attachment-thumbnail size-thumbnail\" alt=\"\" \/><\/a>\n\t\t\t\t<\/dt><\/dl><br style=\"clear: both\" \/><dl class='gallery-item'>\n\t\t\t\t<dt class='gallery-icon landscape'>\n\t\t\t\t\t<a class=\"rollover\" href='https:\/\/www.radiopiu.net\/wordpress\/giornale-radiopiu-01-luglio-2021-direttore-mirko-mezzacasa\/c51e3500-f733-4ed8-8e28-67f14cc520a4\/'><img loading=\"lazy\" decoding=\"async\" width=\"150\" height=\"150\" src=\"https:\/\/www.radiopiu.net\/wordpress\/wp-content\/uploads\/2021\/07\/c51e3500-f733-4ed8-8e28-67f14cc520a4-150x150.jpg\" class=\"attachment-thumbnail size-thumbnail\" alt=\"\" \/><\/a>\n\t\t\t\t<\/dt><\/dl><dl class='gallery-item'>\n\t\t\t\t<dt class='gallery-icon landscape'>\n\t\t\t\t\t<a class=\"rollover\" href='https:\/\/www.radiopiu.net\/wordpress\/giornale-radiopiu-01-luglio-2021-direttore-mirko-mezzacasa\/3dd351d1-b159-4f17-b93b-f2c3def55d98\/'><img loading=\"lazy\" decoding=\"async\" width=\"150\" height=\"150\" src=\"https:\/\/www.radiopiu.net\/wordpress\/wp-content\/uploads\/2021\/07\/3dd351d1-b159-4f17-b93b-f2c3def55d98-150x150.jpg\" class=\"attachment-thumbnail size-thumbnail\" alt=\"\" \/><\/a>\n\t\t\t\t<\/dt><\/dl>\n\t\t\t\t<br style='clear: both' \/>\n\t\t\t<\/div>\n\n<p>&nbsp;<\/p>\n<hr \/>\n<p>&nbsp;<\/p>\n<blockquote>\n<h3>SONO 3 I CLUSTER DI VARIANTE DELTA PRESENTI IN VENETO<\/h3>\n<\/blockquote>\n<p><strong>VENEZIA<\/strong> La Regione Veneto ha diramato un bollettino aggiornato sulle varianti di Covid-19 presenti in regione in questo momento. Nel documento vengono descritte le varianti e in quali ULSS Veneto sono attualmente presenti. A destare particolare preoccupazione in questo momento \u00e8 la variante Delta (Indiana)<\/p>\n<p><strong>IL DOCUMENTO (6 PAGINE)<\/strong><\/p>\n<a href=\"https:\/\/www.radiopiu.net\/wordpress\/wp-content\/uploads\/2021\/06\/Bollettino-30_2021_Sorveglianza-varianti-SARS-CoV-2.pdf\" class=\"pdfemb-viewer\" style=\"\" data-width=\"max\" data-height=\"max\" data-toolbar=\"top\" data-toolbar-fixed=\"on\">Bollettino 30_2021_Sorveglianza varianti SARS-CoV-2<\/a>\n<p>&nbsp;<\/p>\n<p>&nbsp;<\/p>\n<hr \/>\n<p>&nbsp;<\/p>\n<blockquote>\n<h3>VACCINAZIONI ANTI-COVID: L&#8217;ULSS INVIA UN SMS CON L&#8217;APPUNTAMENTO AI CITTADINI TRA I 40 E I 59 ANNI<\/h3>\n<\/blockquote>\n<p><strong>BELLUNO <\/strong>Per accelerare la campagna vaccinale, l\u2019Ulss Dolomiti invier\u00e0 ai cittadini tra i 40 e i 59 anni un appuntamento personale via SMS per la vaccinazione anti covid nei punti vaccinali del territorio. Ad oggi, le dosi somministrate in provincia sono 183.564 \u00a0\u00a0(pari a 102.590 dosi su 100 mila abitanti, dato pi\u00f9 elevato in ambito regionale) In particolare, sono gi\u00e0 stati vaccinati<\/p>\n<table width=\"533\">\n<tbody>\n<tr>\n<td width=\"177\"><\/td>\n<td width=\"177\">Almeno una dose<\/td>\n<td width=\"179\"><strong>Di cui<\/strong> immunizzati con Ciclo completo<\/td>\n<\/tr>\n<tr>\n<td width=\"177\">Over 60<\/td>\n<td width=\"177\">86,25%<\/td>\n<td width=\"179\">71,59%<\/td>\n<\/tr>\n<tr>\n<td width=\"177\">50-59<\/td>\n<td width=\"177\">68%<\/td>\n<td width=\"179\">39,8%<\/td>\n<\/tr>\n<tr>\n<td width=\"177\">40-49<\/td>\n<td width=\"177\">57,2%<\/td>\n<td width=\"179\">15,5%<\/td>\n<\/tr>\n<tr>\n<td width=\"177\">20-39<\/td>\n<td width=\"177\">30,13%<\/td>\n<td width=\"179\">11,44%<\/td>\n<\/tr>\n<tr>\n<td width=\"177\">12-19<\/td>\n<td width=\"177\">12%<\/td>\n<td width=\"179\">0,9%<\/td>\n<\/tr>\n<\/tbody>\n<\/table>\n<p>&nbsp;<\/p>\n<p>Dopo le lettere invito inviate agli over 60, in fase di consegna in questi giorni, saranno inviati degli inviti via SMS , per la vaccinazione in Centri vaccinali vicini alla residenza, ai cittadini tra 40 e 59 anni (iniziando con i 59enni e scendendo con l\u2019et\u00e0). A queste persone sar\u00e0 eseguito un vaccino a mRNA (Pfizer o Moderna).\u00a0 I primi inviti via SMS sono stati spediti ieri pomeriggio ad un primo gruppo di 50-59enni chiamati nei drive in vaccinali di Feltre (ex Marangoni) venerd\u00ec 2 luglio dalle 10.00 alle 13.00 Alpago Paludi \u2013 sabato 3 luglio dalle 14.30 alle 18.00. Seguiranno altre sedute in questi centri e nei centri di Agordo, Tai di Cadore e Sedico. Alle sedute di Feltre e Paludi del 2 e 3 luglio, potranno presentarsi anche eventuali\u00a0 50-59enni del Feltrino e del Bellunese, non gi\u00e0 vaccinati, che non dovessero aver ricevuto l\u2019SMS. Grazie a nuove disponibilit\u00e0 di vaccino, inoltre, sono stati aperti a portale nuovi posti prenotabili per tutte le fasce d\u2019et\u00e0 e tutti i punti vaccinali. Per raggiungere in breve tempo l\u2019immunit\u00e0 di gregge e vivere un\u2019estate sicura e libera, si invitano i cittadini non ancora vaccinati a presentarsi all\u2019appuntamento dato con SMS o a prenotare la vaccinazione nei luoghi e negli orari pi\u00f9 comodi per ciascuno attraverso il portale.<\/p>\n<p>&nbsp;<\/p>\n<p>&nbsp;<\/p>\n<hr \/>\n<p>&nbsp;<\/p>\n<blockquote>\n<h2>SERVIZI A RISCHIO COSI&#8217; COME I POSTI DI LAVORO, I SINDACATI DAL PREFETTO SAVASTANO<\/h2>\n<\/blockquote>\n<blockquote><p><strong>di Moreno Gioli<\/strong><\/p><\/blockquote>\n<audio class=\"wp-audio-shortcode\" id=\"audio-219015-2\" preload=\"none\" style=\"width: 100%;\" controls=\"controls\"><source type=\"audio\/mpeg\" src=\"https:\/\/www.radiopiu.net\/wordpress\/wp-content\/uploads\/2021\/06\/GIOLI-SINDACATI-1.mp3?_=2\" \/><a href=\"https:\/\/www.radiopiu.net\/wordpress\/wp-content\/uploads\/2021\/06\/GIOLI-SINDACATI-1.mp3\">https:\/\/www.radiopiu.net\/wordpress\/wp-content\/uploads\/2021\/06\/GIOLI-SINDACATI-1.mp3<\/a><\/audio>\n<p>&nbsp;<\/p>\n<p><strong><a href=\"https:\/\/www.radiopiu.net\/wordpress\/servizi-a-rischio-cosi-come-i-posti-di-lavoro-i-sindacati-dal-prefetto-savastano\/b6698f27-a2eb-460a-a9ce-cec9bd86b619\/\" rel=\"attachment wp-att-219126\"><img loading=\"lazy\" decoding=\"async\" class=\"size-medium wp-image-219126 alignleft\" src=\"https:\/\/www.radiopiu.net\/wordpress\/wp-content\/uploads\/2021\/06\/b6698f27-a2eb-460a-a9ce-cec9bd86b619-300x150.jpg\" alt=\"\" width=\"300\" height=\"150\" srcset=\"https:\/\/www.radiopiu.net\/wordpress\/wp-content\/uploads\/2021\/06\/b6698f27-a2eb-460a-a9ce-cec9bd86b619-300x150.jpg 300w, https:\/\/www.radiopiu.net\/wordpress\/wp-content\/uploads\/2021\/06\/b6698f27-a2eb-460a-a9ce-cec9bd86b619-1024x512.jpg 1024w, https:\/\/www.radiopiu.net\/wordpress\/wp-content\/uploads\/2021\/06\/b6698f27-a2eb-460a-a9ce-cec9bd86b619-768x384.jpg 768w, https:\/\/www.radiopiu.net\/wordpress\/wp-content\/uploads\/2021\/06\/b6698f27-a2eb-460a-a9ce-cec9bd86b619-1536x768.jpg 1536w, https:\/\/www.radiopiu.net\/wordpress\/wp-content\/uploads\/2021\/06\/b6698f27-a2eb-460a-a9ce-cec9bd86b619.jpg 1984w\" sizes=\"auto, (max-width: 300px) 100vw, 300px\" \/><\/a>BELLUNO<\/strong> Sindacati anche a Belluno\u00a0 in presidio davanti alla Prefettura per sensibilizzare la popolazione sulle problematiche che attanagliano il mondo economico bellunese i sindacalisti sono stati accolti dal Prefetto Mariano Savastano.\u00a0 Con l\u2019obbligo di esternalizzare almeno l\u201980% delle attivit\u00e0 in concessione con importo superiore ai 150mila euro sono a rischio posti di lavoro e qualit\u00e0 di servizi pubblici fondamentali. Per questo motivo a livello nazionale le Federazioni di categoria dei lavoratori settori dell\u2019Energia elettrica, del Gas e dell\u2019Igiene Ambientale\u00a0 hanno proclamato uno sciopero nazionale per l\u2019intera giornata di ieri\u00a0 Anche in provincia di Belluno si \u00e8 sviluppata la protesta di lavoratori e Sindacati con lo\u00a0 sciopero e il presidio davanti alla Prefettura.<\/p>\n<p>&nbsp;<\/p>\n<p><strong>GIORGIO AGNOLETTO UIL<\/strong><\/p>\n<audio class=\"wp-audio-shortcode\" id=\"audio-219015-3\" preload=\"none\" style=\"width: 100%;\" controls=\"controls\"><source type=\"audio\/mpeg\" src=\"https:\/\/www.radiopiu.net\/wordpress\/wp-content\/uploads\/2021\/06\/GIORGIO-AGNOLETTO-UIL.mp3?_=3\" \/><a href=\"https:\/\/www.radiopiu.net\/wordpress\/wp-content\/uploads\/2021\/06\/GIORGIO-AGNOLETTO-UIL.mp3\">https:\/\/www.radiopiu.net\/wordpress\/wp-content\/uploads\/2021\/06\/GIORGIO-AGNOLETTO-UIL.mp3<\/a><\/audio>\n<p>&nbsp;<\/p>\n<p><strong>GIANPIERO MARRA CGIL<\/strong><\/p>\n<audio class=\"wp-audio-shortcode\" id=\"audio-219015-4\" preload=\"none\" style=\"width: 100%;\" controls=\"controls\"><source type=\"audio\/mpeg\" src=\"https:\/\/www.radiopiu.net\/wordpress\/wp-content\/uploads\/2021\/06\/GIANPIERO-MARRA-CGIL.mp3?_=4\" \/><a href=\"https:\/\/www.radiopiu.net\/wordpress\/wp-content\/uploads\/2021\/06\/GIANPIERO-MARRA-CGIL.mp3\">https:\/\/www.radiopiu.net\/wordpress\/wp-content\/uploads\/2021\/06\/GIANPIERO-MARRA-CGIL.mp3<\/a><\/audio>\n<p>&nbsp;<\/p>\n<p><strong>DOMENICO TEMPESTA CISL\u00a0<\/strong><\/p>\n<audio class=\"wp-audio-shortcode\" id=\"audio-219015-5\" preload=\"none\" style=\"width: 100%;\" controls=\"controls\"><source type=\"audio\/mpeg\" src=\"https:\/\/www.radiopiu.net\/wordpress\/wp-content\/uploads\/2021\/06\/DOMENICA-TEMPESTA-CISL.mp3?_=5\" \/><a href=\"https:\/\/www.radiopiu.net\/wordpress\/wp-content\/uploads\/2021\/06\/DOMENICA-TEMPESTA-CISL.mp3\">https:\/\/www.radiopiu.net\/wordpress\/wp-content\/uploads\/2021\/06\/DOMENICA-TEMPESTA-CISL.mp3<\/a><\/audio>\n<p>&nbsp;<\/p>\n<p>&nbsp;<\/p>\n<hr \/>\n<p>&nbsp;<\/p>\n<blockquote>\n<h3>GLI ABITANTI DI PERAROLO POSSONO RITORNARE NELLE LORO ABITAZIONI<\/h3>\n<\/blockquote>\n<p><strong><a href=\"https:\/\/www.radiopiu.net\/wordpress\/gli-abitanti-di-perarolo-possono-ritornare-nelle-loro-abitazioni\/17c76fdc-15b6-47d2-9d61-a9dcaf69e44f-2\/\" rel=\"attachment wp-att-219196\"><img loading=\"lazy\" decoding=\"async\" class=\" wp-image-219196 alignleft\" src=\"https:\/\/www.radiopiu.net\/wordpress\/wp-content\/uploads\/2021\/06\/17c76fdc-15b6-47d2-9d61-a9dcaf69e44f-1-300x225.jpg\" alt=\"\" width=\"169\" height=\"127\" srcset=\"https:\/\/www.radiopiu.net\/wordpress\/wp-content\/uploads\/2021\/06\/17c76fdc-15b6-47d2-9d61-a9dcaf69e44f-1-300x225.jpg 300w, https:\/\/www.radiopiu.net\/wordpress\/wp-content\/uploads\/2021\/06\/17c76fdc-15b6-47d2-9d61-a9dcaf69e44f-1-1024x768.jpg 1024w, https:\/\/www.radiopiu.net\/wordpress\/wp-content\/uploads\/2021\/06\/17c76fdc-15b6-47d2-9d61-a9dcaf69e44f-1-768x576.jpg 768w, https:\/\/www.radiopiu.net\/wordpress\/wp-content\/uploads\/2021\/06\/17c76fdc-15b6-47d2-9d61-a9dcaf69e44f-1-1536x1152.jpg 1536w, https:\/\/www.radiopiu.net\/wordpress\/wp-content\/uploads\/2021\/06\/17c76fdc-15b6-47d2-9d61-a9dcaf69e44f-1.jpg 1600w\" sizes=\"auto, (max-width: 169px) 100vw, 169px\" \/><\/a>VENEZIA<\/strong> Gli abitanti di Perarolo potranno tornare nelle loro abitazioni. A comunicarlo l&#8217;assessore regionale Gianpaolo Bottacin. &#8220;<em>A seguito della verifica dell&#8217;andamento delle velocit\u00e0 della frana della Busa del Cristo a Perarolo di Cadore, in sede tecnica \u00e8 stata definito che la popolazione potr\u00e0 rientrare in casa. Di ci\u00f2 la Protezione Civile della Regione ha dato comunicazione al Sindaco. Questo il primo effetto dell&#8217;intervento effettuato tramite utilizzo di esplosivo la settimana scorsa. Ovviamente la frana continua ad essere monitorata costantemente<\/em>&#8220;.<\/p>\n<p>&nbsp;<\/p>\n<p>&nbsp;<\/p>\n<hr \/>\n<p>&nbsp;<\/p>\n<blockquote>\n<h3>IL CONSIGLIO COMUNALE DI RIVAMONTE<\/h3>\n<\/blockquote>\n<p><strong>DI GIANNI SANTOMASO<\/strong><\/p>\n<audio class=\"wp-audio-shortcode\" id=\"audio-219015-6\" preload=\"none\" style=\"width: 100%;\" controls=\"controls\"><source type=\"audio\/mpeg\" src=\"https:\/\/www.radiopiu.net\/wordpress\/wp-content\/uploads\/2021\/06\/GIANNI-CONSIGLIO-RIVAMONTE.mp3?_=6\" \/><a href=\"https:\/\/www.radiopiu.net\/wordpress\/wp-content\/uploads\/2021\/06\/GIANNI-CONSIGLIO-RIVAMONTE.mp3\">https:\/\/www.radiopiu.net\/wordpress\/wp-content\/uploads\/2021\/06\/GIANNI-CONSIGLIO-RIVAMONTE.mp3<\/a><\/audio>\n<p>&nbsp;<\/p>\n<p><strong>LA DIRETTA<\/strong><\/p>\n<p>https:\/\/www.facebook.com\/mirko.mezzacasa\/videos\/156629879755372<\/p>\n<p>&nbsp;<\/p>\n<p>&nbsp;<\/p>\n<hr \/>\n<p>&nbsp;<\/p>\n<blockquote>\n<h3>LA BUROCRAZIA FA SLITTARE L&#8217;APERTURA DI VALLE IMPERINA<\/h3>\n<\/blockquote>\n<p><strong><a href=\"https:\/\/www.radiopiu.net\/wordpress\/dalla-certosa-di-vedana-a-valle-imperina-di-gianni-santomaso\/dav-190\/\" rel=\"attachment wp-att-170177\"><img loading=\"lazy\" decoding=\"async\" class=\" wp-image-170177 alignleft\" src=\"https:\/\/www.radiopiu.net\/wordpress\/wp-content\/uploads\/2020\/11\/36_Valle-Imperina-300x169.jpg\" alt=\"\" width=\"213\" height=\"120\" srcset=\"https:\/\/www.radiopiu.net\/wordpress\/wp-content\/uploads\/2020\/11\/36_Valle-Imperina-300x169.jpg 300w, https:\/\/www.radiopiu.net\/wordpress\/wp-content\/uploads\/2020\/11\/36_Valle-Imperina-1024x578.jpg 1024w, https:\/\/www.radiopiu.net\/wordpress\/wp-content\/uploads\/2020\/11\/36_Valle-Imperina-768x434.jpg 768w, https:\/\/www.radiopiu.net\/wordpress\/wp-content\/uploads\/2020\/11\/36_Valle-Imperina.jpg 1280w\" sizes=\"auto, (max-width: 213px) 100vw, 213px\" \/><\/a>RIVAMONTE<\/strong><\/p>\n<p>di Gianni Santomaso<\/p>\n<audio class=\"wp-audio-shortcode\" id=\"audio-219015-7\" preload=\"none\" style=\"width: 100%;\" controls=\"controls\"><source type=\"audio\/mpeg\" src=\"https:\/\/www.radiopiu.net\/wordpress\/wp-content\/uploads\/2021\/06\/GIANNI-SLITTA-APERTURA-VALLE-IMPERINA.mp3?_=7\" \/><a href=\"https:\/\/www.radiopiu.net\/wordpress\/wp-content\/uploads\/2021\/06\/GIANNI-SLITTA-APERTURA-VALLE-IMPERINA.mp3\">https:\/\/www.radiopiu.net\/wordpress\/wp-content\/uploads\/2021\/06\/GIANNI-SLITTA-APERTURA-VALLE-IMPERINA.mp3<\/a><\/audio>\n<p>&nbsp;<\/p>\n<p>&nbsp;<\/p>\n<hr \/>\n<p>&nbsp;<\/p>\n<p>&nbsp;<\/p>\n<blockquote>\n<h3>LA NUOVA SEGNALETICA DEI SENTIERI TRA TAIBON E IL LAGHETTO DELLE PESCHIERE<\/h3>\n<\/blockquote>\n<div>\n<p><strong>TAIBON<\/strong><\/p>\n<p>di Gianni Santomaso<\/p>\n<audio class=\"wp-audio-shortcode\" id=\"audio-219015-8\" preload=\"none\" style=\"width: 100%;\" controls=\"controls\"><source type=\"audio\/mpeg\" src=\"https:\/\/www.radiopiu.net\/wordpress\/wp-content\/uploads\/2021\/06\/GIANNI-SEGNALETICA-PESCHIERE.mp3?_=8\" \/><a href=\"https:\/\/www.radiopiu.net\/wordpress\/wp-content\/uploads\/2021\/06\/GIANNI-SEGNALETICA-PESCHIERE.mp3\">https:\/\/www.radiopiu.net\/wordpress\/wp-content\/uploads\/2021\/06\/GIANNI-SEGNALETICA-PESCHIERE.mp3<\/a><\/audio>\n<p>&nbsp;<\/p>\n\n\t\t\t<style type='text\/css'>\n\t\t\t\t#gallery-4 {\n\t\t\t\t\tmargin: auto;\n\t\t\t\t}\n\t\t\t\t#gallery-4 .gallery-item {\n\t\t\t\t\tfloat: left;\n\t\t\t\t\tmargin-top: 10px;\n\t\t\t\t\ttext-align: center;\n\t\t\t\t\twidth: 25%;\n\t\t\t\t}\n\t\t\t\t#gallery-4 img {\n\t\t\t\t\tborder: 2px solid #cfcfcf;\n\t\t\t\t}\n\t\t\t\t#gallery-4 .gallery-caption {\n\t\t\t\t\tmargin-left: 0;\n\t\t\t\t}\n\t\t\t\t\/* see gallery_shortcode() in wp-includes\/media.php *\/\n\t\t\t<\/style>\n\t\t<div id='gallery-4' class='dt-gallery-container gallery galleryid-219015 gallery-columns-4 gallery-size-thumbnail'><dl class='gallery-item'>\n\t\t\t\t<dt class='gallery-icon landscape'>\n\t\t\t\t\t<a class=\"rollover rollover-zoom dt-pswp-item\" title=\"e50a52d7-97ba-4388-959a-5ae6644b3259\" data-dt-img-description=\"\" data-large_image_width=\"1600\" data-large_image_height=\"1200\"href='https:\/\/www.radiopiu.net\/wordpress\/wp-content\/uploads\/2021\/06\/e50a52d7-97ba-4388-959a-5ae6644b3259.jpg'><img loading=\"lazy\" decoding=\"async\" width=\"150\" height=\"150\" src=\"https:\/\/www.radiopiu.net\/wordpress\/wp-content\/uploads\/2021\/06\/e50a52d7-97ba-4388-959a-5ae6644b3259-150x150.jpg\" class=\"attachment-thumbnail size-thumbnail\" alt=\"\" \/><\/a>\n\t\t\t\t<\/dt><\/dl><dl class='gallery-item'>\n\t\t\t\t<dt class='gallery-icon portrait'>\n\t\t\t\t\t<a class=\"rollover rollover-zoom dt-pswp-item\" title=\"cc272959-1d5d-4a6c-b42c-fc820f613db9\" data-dt-img-description=\"\" data-large_image_width=\"1200\" data-large_image_height=\"1600\"href='https:\/\/www.radiopiu.net\/wordpress\/wp-content\/uploads\/2021\/06\/cc272959-1d5d-4a6c-b42c-fc820f613db9.jpg'><img loading=\"lazy\" decoding=\"async\" width=\"150\" height=\"150\" src=\"https:\/\/www.radiopiu.net\/wordpress\/wp-content\/uploads\/2021\/06\/cc272959-1d5d-4a6c-b42c-fc820f613db9-150x150.jpg\" class=\"attachment-thumbnail size-thumbnail\" alt=\"\" \/><\/a>\n\t\t\t\t<\/dt><\/dl><dl class='gallery-item'>\n\t\t\t\t<dt class='gallery-icon portrait'>\n\t\t\t\t\t<a class=\"rollover rollover-zoom dt-pswp-item\" title=\"7885ab65-2885-43fc-b008-02b0f452632a\" data-dt-img-description=\"\" data-large_image_width=\"1200\" data-large_image_height=\"1600\"href='https:\/\/www.radiopiu.net\/wordpress\/wp-content\/uploads\/2021\/06\/7885ab65-2885-43fc-b008-02b0f452632a.jpg'><img loading=\"lazy\" decoding=\"async\" width=\"150\" height=\"150\" src=\"https:\/\/www.radiopiu.net\/wordpress\/wp-content\/uploads\/2021\/06\/7885ab65-2885-43fc-b008-02b0f452632a-150x150.jpg\" class=\"attachment-thumbnail size-thumbnail\" alt=\"\" \/><\/a>\n\t\t\t\t<\/dt><\/dl><dl class='gallery-item'>\n\t\t\t\t<dt class='gallery-icon portrait'>\n\t\t\t\t\t<a class=\"rollover rollover-zoom dt-pswp-item\" title=\"fdd72457-371f-46b6-acc8-f5cd4613ed28\" data-dt-img-description=\"\" data-large_image_width=\"800\" data-large_image_height=\"1600\"href='https:\/\/www.radiopiu.net\/wordpress\/wp-content\/uploads\/2021\/06\/fdd72457-371f-46b6-acc8-f5cd4613ed28.jpg'><img loading=\"lazy\" decoding=\"async\" width=\"150\" height=\"150\" src=\"https:\/\/www.radiopiu.net\/wordpress\/wp-content\/uploads\/2021\/06\/fdd72457-371f-46b6-acc8-f5cd4613ed28-150x150.jpg\" class=\"attachment-thumbnail size-thumbnail\" alt=\"\" \/><\/a>\n\t\t\t\t<\/dt><\/dl><br style=\"clear: both\" \/><dl class='gallery-item'>\n\t\t\t\t<dt class='gallery-icon portrait'>\n\t\t\t\t\t<a class=\"rollover rollover-zoom dt-pswp-item\" title=\"8a42a9cd-0651-46d7-9027-4f9a0f275e1c\" data-dt-img-description=\"\" data-large_image_width=\"800\" data-large_image_height=\"1600\"href='https:\/\/www.radiopiu.net\/wordpress\/wp-content\/uploads\/2021\/06\/8a42a9cd-0651-46d7-9027-4f9a0f275e1c.jpg'><img loading=\"lazy\" decoding=\"async\" width=\"150\" height=\"150\" src=\"https:\/\/www.radiopiu.net\/wordpress\/wp-content\/uploads\/2021\/06\/8a42a9cd-0651-46d7-9027-4f9a0f275e1c-150x150.jpg\" class=\"attachment-thumbnail size-thumbnail\" alt=\"\" \/><\/a>\n\t\t\t\t<\/dt><\/dl><dl class='gallery-item'>\n\t\t\t\t<dt class='gallery-icon portrait'>\n\t\t\t\t\t<a class=\"rollover rollover-zoom dt-pswp-item\" title=\"caf6c05c-444d-428c-8978-aaab6731c69b\" data-dt-img-description=\"\" data-large_image_width=\"800\" data-large_image_height=\"1600\"href='https:\/\/www.radiopiu.net\/wordpress\/wp-content\/uploads\/2021\/06\/caf6c05c-444d-428c-8978-aaab6731c69b.jpg'><img loading=\"lazy\" decoding=\"async\" width=\"150\" height=\"150\" src=\"https:\/\/www.radiopiu.net\/wordpress\/wp-content\/uploads\/2021\/06\/caf6c05c-444d-428c-8978-aaab6731c69b-150x150.jpg\" class=\"attachment-thumbnail size-thumbnail\" alt=\"\" \/><\/a>\n\t\t\t\t<\/dt><\/dl><dl class='gallery-item'>\n\t\t\t\t<dt class='gallery-icon portrait'>\n\t\t\t\t\t<a class=\"rollover rollover-zoom dt-pswp-item\" title=\"0d5e8177-9a25-4904-b48f-e1aae17531ee\" data-dt-img-description=\"\" data-large_image_width=\"800\" data-large_image_height=\"1600\"href='https:\/\/www.radiopiu.net\/wordpress\/wp-content\/uploads\/2021\/06\/0d5e8177-9a25-4904-b48f-e1aae17531ee.jpg'><img loading=\"lazy\" decoding=\"async\" width=\"150\" height=\"150\" src=\"https:\/\/www.radiopiu.net\/wordpress\/wp-content\/uploads\/2021\/06\/0d5e8177-9a25-4904-b48f-e1aae17531ee-150x150.jpg\" class=\"attachment-thumbnail size-thumbnail\" alt=\"\" \/><\/a>\n\t\t\t\t<\/dt><\/dl><dl class='gallery-item'>\n\t\t\t\t<dt class='gallery-icon landscape'>\n\t\t\t\t\t<a class=\"rollover rollover-zoom dt-pswp-item\" title=\"86d52d68-45a9-4308-aac4-33e258f79d6b\" data-dt-img-description=\"\" data-large_image_width=\"1600\" data-large_image_height=\"800\"href='https:\/\/www.radiopiu.net\/wordpress\/wp-content\/uploads\/2021\/06\/86d52d68-45a9-4308-aac4-33e258f79d6b.jpg'><img loading=\"lazy\" decoding=\"async\" width=\"150\" height=\"150\" src=\"https:\/\/www.radiopiu.net\/wordpress\/wp-content\/uploads\/2021\/06\/86d52d68-45a9-4308-aac4-33e258f79d6b-150x150.jpg\" class=\"attachment-thumbnail size-thumbnail\" alt=\"\" \/><\/a>\n\t\t\t\t<\/dt><\/dl><br style=\"clear: both\" \/>\n\t\t\t<\/div>\n\n<p>&nbsp;<\/p>\n<\/div>\n<p>&nbsp;<\/p>\n<p>&nbsp;<\/p>\n<p>&nbsp;<\/p>\n<p>&nbsp;<\/p>\n<hr \/>\n<p>&nbsp;<\/p>\n<blockquote>\n<h3>PROTEZIONE CIVILE. IL PREFETTO AI SINDACI: UNITI NELLA GESTIONE DELLE EMERGENZE<\/h3>\n<\/blockquote>\n<p><strong>BELLUNO<\/strong> Il Prefetto di Belluno, Mariano Savastano, ha inviato una circolare ai Sindaci della provincia per condividere con loro le corrette modalit\u00e0 di attivazione del sistema provinciale di Protezione Civile e ribadire l\u2019importanza dell\u2019aggiornamento delle pianificazioni di emergenza comunali. L\u2019obiettivo \u00e8 quello di assicurare la tempestiva e coordinata risposta della \u201csquadra\u201d della protezione civile di fronte alle emergenze che caratterizzano il nostro territorio provinciale. In quest\u2019ottica, il Prefetto ha sottolineato la necessit\u00e0 che ogni Comune disponga di un sistema che assicuri il corretto e puntuale recepimento della messaggistica del sistema di allertamento regionale (gli avvisi del Centro Funzionale Decentrato), per l\u2019attivazione immediata delle misure di vigilanza e controllo del territorio, di tutela dell\u2019incolumit\u00e0 della popolazione ed ogni altro intervento di competenza che si rendesse necessario in relazione ad uno specifico evento.<\/p>\n<p><strong>IL DOCUMENTO IN TRE PAGINE<\/strong><\/p>\n<a href=\"https:\/\/www.radiopiu.net\/wordpress\/wp-content\/uploads\/2021\/06\/CIRCOLARE-AI-SINDACI-28-giugno.pdf\" class=\"pdfemb-viewer\" style=\"\" data-width=\"max\" data-height=\"max\" data-toolbar=\"top\" data-toolbar-fixed=\"on\">CIRCOLARE AI SINDACI 28 giugno<\/a>\n<blockquote><p>&nbsp;<\/p>\n<p>&nbsp;<\/p><\/blockquote>\n<hr \/>\n<blockquote>\n<h3><\/h3>\n<h3>QUANDO LA PUBBLICA AMMINISTRAZIONE PENSA AI PIU&#8217; PICCOLI<\/h3>\n<\/blockquote>\n<p><strong>ALPAGO<\/strong> Sono stati avviati ed in buona parte conclusi i lavori di manutenzione e messa in sicurezza di numerosi parchi pubblici del Comune. Gli operai comunali hanno proceduto alla sistemazione delle aree,\u00a0 nel parco di Puos d&#8217;Alpago una nuova e funzionale casetta in legno, nei parchi di Garna, Spert, Tignes e Torch sono presenti nuovi giochi. Il vice sindaco\u00a0 Vanessa De Francesch: <em>&#8220;Si tratta di una giusta attenzione verso l\u2019infanzia e un biglietto da visita per il nostro territorio. Ci sono ancora altri interventi in programma che verranno effettuati compatibilmente con le risorse finanziarie disponibili&#8221;.<\/em> I parchi sono poi oggetto di alcune attivit\u00e0 estive dei ragazzi del GOG (gruppo operativo giovani). Gli interventi effettuati sino ad ora sui parchi hanno visto l\u2019impiego di risorse per complessivi 20 mila euro, tutti derivanti da fondi propri del Comune di Alpago.<\/p>\n\n\t\t\t<style type='text\/css'>\n\t\t\t\t#gallery-5 {\n\t\t\t\t\tmargin: auto;\n\t\t\t\t}\n\t\t\t\t#gallery-5 .gallery-item {\n\t\t\t\t\tfloat: left;\n\t\t\t\t\tmargin-top: 10px;\n\t\t\t\t\ttext-align: center;\n\t\t\t\t\twidth: 50%;\n\t\t\t\t}\n\t\t\t\t#gallery-5 img {\n\t\t\t\t\tborder: 2px solid #cfcfcf;\n\t\t\t\t}\n\t\t\t\t#gallery-5 .gallery-caption {\n\t\t\t\t\tmargin-left: 0;\n\t\t\t\t}\n\t\t\t\t\/* see gallery_shortcode() in wp-includes\/media.php *\/\n\t\t\t<\/style>\n\t\t<div id='gallery-5' class='dt-gallery-container gallery galleryid-219015 gallery-columns-2 gallery-size-thumbnail'><dl class='gallery-item'>\n\t\t\t\t<dt class='gallery-icon landscape'>\n\t\t\t\t\t<a class=\"rollover rollover-zoom dt-pswp-item\" title=\"IMG-20210616-WA0006\" data-dt-img-description=\"\" data-large_image_width=\"1920\" data-large_image_height=\"1080\"href='https:\/\/www.radiopiu.net\/wordpress\/wp-content\/uploads\/2021\/06\/IMG-20210616-WA0006.jpg'><img loading=\"lazy\" decoding=\"async\" width=\"150\" height=\"150\" src=\"https:\/\/www.radiopiu.net\/wordpress\/wp-content\/uploads\/2021\/06\/IMG-20210616-WA0006-150x150.jpg\" class=\"attachment-thumbnail size-thumbnail\" alt=\"\" \/><\/a>\n\t\t\t\t<\/dt><\/dl><dl class='gallery-item'>\n\t\t\t\t<dt class='gallery-icon portrait'>\n\t\t\t\t\t<a class=\"rollover rollover-zoom dt-pswp-item\" title=\"IMG-20210616-WA0000\" data-dt-img-description=\"\" data-large_image_width=\"1536\" data-large_image_height=\"2048\"href='https:\/\/www.radiopiu.net\/wordpress\/wp-content\/uploads\/2021\/06\/IMG-20210616-WA0000.jpg'><img loading=\"lazy\" decoding=\"async\" width=\"150\" height=\"150\" src=\"https:\/\/www.radiopiu.net\/wordpress\/wp-content\/uploads\/2021\/06\/IMG-20210616-WA0000-150x150.jpg\" class=\"attachment-thumbnail size-thumbnail\" alt=\"\" \/><\/a>\n\t\t\t\t<\/dt><\/dl><br style=\"clear: both\" \/>\n\t\t\t<\/div>\n\n<h2><\/h2>\n<hr \/>\n<h2><\/h2>\n<p>&nbsp;<\/p>\n<blockquote>\n<h2>SOSTEGNI AL TURISMO INVERNALE, BOND &#8220;NON C&#8217;E&#8217; PIU&#8217; LIQUIDITA&#8217;, EROGAZIONE IMMEDIATA DEI RISTORI&#8221;<\/h2>\n<\/blockquote>\n<div>\n<p><strong><span style=\"font-size: large;\"><a href=\"https:\/\/www.radiopiu.net\/wordpress\/dario-bond-e-il-bando-sul-direttore-della-fondazione-unesco\/dario-bond-12\/\" rel=\"attachment wp-att-191054\"><img loading=\"lazy\" decoding=\"async\" class=\" wp-image-191054 alignleft\" src=\"https:\/\/www.radiopiu.net\/wordpress\/wp-content\/uploads\/2021\/02\/DARIO-BOND-300x138.jpg\" alt=\"\" width=\"200\" height=\"92\" srcset=\"https:\/\/www.radiopiu.net\/wordpress\/wp-content\/uploads\/2021\/02\/DARIO-BOND-300x138.jpg 300w, https:\/\/www.radiopiu.net\/wordpress\/wp-content\/uploads\/2021\/02\/DARIO-BOND-1024x472.jpg 1024w, https:\/\/www.radiopiu.net\/wordpress\/wp-content\/uploads\/2021\/02\/DARIO-BOND-768x354.jpg 768w, https:\/\/www.radiopiu.net\/wordpress\/wp-content\/uploads\/2021\/02\/DARIO-BOND-1536x708.jpg 1536w, https:\/\/www.radiopiu.net\/wordpress\/wp-content\/uploads\/2021\/02\/DARIO-BOND.jpg 1600w\" sizes=\"auto, (max-width: 200px) 100vw, 200px\" \/><\/a>ROMA\u00a0 <\/span><\/strong><span style=\"font-size: large;\">\u00abI ministri Garavaglia e Giorgetti riferiscano la situazione dei sostegni al turismo invernale. Ormai molte aziende sono alla canna del gas e rischiano la chiusura\u00bb. \u00c8 quanto ha affermato il deputato di Forza Italia Dario Bond.<\/span><\/p>\n<blockquote><p><em><span style=\"font-size: large;\">\u00abNon voglio assolutamente entrare in polemica con i due ministri del turismo e dello sviluppo economico. Per\u00f2 sono trascorsi diversi mesi ormai dall\u2019approvazione del Decreto Sostegni per quanto riguarda gli sport invernali e le attivit\u00e0 turistiche, e in questi mesi le imprese non hanno mai visto arrivare un euro. Mentre la Francia ha gi\u00e0 pagato i maestri di sci, gli albergatori e gli impiantisti, l\u2019Italia sta ancora aspettando chiarimenti da parte dell\u2019Europa. Nel frattempo per\u00f2 c\u2019\u00e8 un\u2019economia che lentamente muore. Le aziende non ce la fanno pi\u00f9: si trovano senza liquidit\u00e0, impossibilitate ad andare avanti. Se le imprese saranno costrette a chiudere, le conseguenze saranno prima di tutto sociali, visto che dietro al turismo invernale lavorano e vivono migliaia di famiglie; e poi anche di spopolamento, perch\u00e9 il settore del turismo \u00e8 vitale per la montagna. Per questo chiedo che i ministri Garavaglia e Giorgetti vengano a riferire sulla situazione\u00bb.<\/span><\/em><\/p><\/blockquote>\n<\/div>\n<p><strong>AUDIO ALLA RADIO\u00a0<\/strong><\/p>\n<audio class=\"wp-audio-shortcode\" id=\"audio-219015-9\" preload=\"none\" style=\"width: 100%;\" controls=\"controls\"><source type=\"audio\/mpeg\" src=\"https:\/\/www.radiopiu.net\/wordpress\/wp-content\/uploads\/2021\/06\/BOND.mp3?_=9\" \/><a href=\"https:\/\/www.radiopiu.net\/wordpress\/wp-content\/uploads\/2021\/06\/BOND.mp3\">https:\/\/www.radiopiu.net\/wordpress\/wp-content\/uploads\/2021\/06\/BOND.mp3<\/a><\/audio>\n<p><strong>OGGI IN PARLAMENTO<\/strong><\/p>\n<div style=\"width: 854px;\" class=\"wp-video\"><video class=\"wp-video-shortcode\" id=\"video-219015-1\" width=\"854\" height=\"480\" preload=\"metadata\" controls=\"controls\"><source type=\"video\/mp4\" src=\"https:\/\/www.radiopiu.net\/wordpress\/wp-content\/uploads\/2021\/06\/3c9eddf5-9e60-4dea-8180-f3d0bb1296df.mp4?_=1\" \/><a href=\"https:\/\/www.radiopiu.net\/wordpress\/wp-content\/uploads\/2021\/06\/3c9eddf5-9e60-4dea-8180-f3d0bb1296df.mp4\">https:\/\/www.radiopiu.net\/wordpress\/wp-content\/uploads\/2021\/06\/3c9eddf5-9e60-4dea-8180-f3d0bb1296df.mp4<\/a><\/video><\/div>\n<p>&nbsp;<\/p>\n<hr \/>\n<p>&nbsp;<\/p>\n<blockquote>\n<h3><\/h3>\n<h3>LA PISTA DA BOB A CORTINA, PER CRISTINA GUARDA UN BUCO&#8230; NELLA NEVE<\/h3>\n<p><em><span style=\"font-family: HelveticaNeue;\">&#8220;una nuova opera stile Pedemontana: cara da morire e pensata su analisi sovrastimate. I giochi olimpici possono essere occasione di rilancio per il territorio, ma non a discapito dell\u2019ambiente circostante e delle tasche dei Veneti&#8221;.<\/span><\/em><\/p><\/blockquote>\n<div>\n<p><span style=\"font-family: HelveticaNeue;\"><strong>VENEZIA<\/strong> Cristina Guarda, Consigliera regionale di Europa Verde, interviene sulla realizzazione della pista da bob a Cortina in vista dei Giochi olimpici:\u00a0 <em>&#8220;Come denunciato da pi\u00f9 parti, si tratta di un\u2019opera fortemente invasiva, dai costi faraonici e, ancor peggio, che rischia di diventare una cattedrale nel deserto.\u201d<\/em> <\/span><span style=\"font-family: HelveticaNeue;\">Aggiunge Luigino Tonus portavoce di EV Belluno:<em> \u201cInfatti la sostenibilit\u00e0 economica dell\u2019opera sarebbe giustificata dal suo utilizzo anche non sportivo nel periodo post giochi olimpici. In realt\u00e0 \u00e8 difficile pensare che vi saranno frotte di persone vogliose di provare il brivido del bob in modo tale da compensare anche solo le spese di gestione dell\u2019impianto.\u201d <\/em><\/span><span style=\"font-family: HelveticaNeue;\">Conclude Guarda: <em>\u201c\u00a0 Investiamo invece per rendere queste Olimpiadi pi\u00f9 innovative e sostenibili piuttosto di continuare a ripetere gli errori del passato.\u201d<\/em><\/span><\/p>\n<\/div>\n<div>\n<div><\/div>\n<div>\n<hr \/>\n<\/div>\n<div><\/div>\n<div><\/div>\n<div><\/div>\n<div><a href=\"https:\/\/www.radiopiu.net\/wordpress\/giornale-radiopiu-01-luglio-2021-direttore-mirko-mezzacasa\/60c03b48-c359-476d-b335-a9aad6ce2d02\/\" rel=\"attachment wp-att-219064\"><img loading=\"lazy\" decoding=\"async\" class=\"size-medium wp-image-219064 aligncenter\" src=\"https:\/\/www.radiopiu.net\/wordpress\/wp-content\/uploads\/2021\/06\/60c03b48-c359-476d-b335-a9aad6ce2d02-300x169.jpg\" alt=\"\" width=\"300\" height=\"169\" srcset=\"https:\/\/www.radiopiu.net\/wordpress\/wp-content\/uploads\/2021\/06\/60c03b48-c359-476d-b335-a9aad6ce2d02-300x169.jpg 300w, https:\/\/www.radiopiu.net\/wordpress\/wp-content\/uploads\/2021\/06\/60c03b48-c359-476d-b335-a9aad6ce2d02-1024x576.jpg 1024w, https:\/\/www.radiopiu.net\/wordpress\/wp-content\/uploads\/2021\/06\/60c03b48-c359-476d-b335-a9aad6ce2d02-768x432.jpg 768w, https:\/\/www.radiopiu.net\/wordpress\/wp-content\/uploads\/2021\/06\/60c03b48-c359-476d-b335-a9aad6ce2d02-1536x864.jpg 1536w, https:\/\/www.radiopiu.net\/wordpress\/wp-content\/uploads\/2021\/06\/60c03b48-c359-476d-b335-a9aad6ce2d02.jpg 1600w\" sizes=\"auto, (max-width: 300px) 100vw, 300px\" \/><\/a><\/div>\n<div><\/div>\n<div><\/div>\n<div><\/div>\n<div>\n<hr \/>\n<\/div>\n<div>\n<blockquote>\n<h3>ACC, DE MENECH &#8220;RISPETTO PER LA DIGNITA&#8217; DEI LAVORATORI&#8221;<\/h3>\n<p><em>Cresce la preoccupazione tra i dipendenti dell\u2019azienda di Borgo Valbelluna\u00a0<\/em><\/p><\/blockquote>\n<p><strong>ALLA RADIO\u00a0<\/strong><\/p>\n<audio class=\"wp-audio-shortcode\" id=\"audio-219015-10\" preload=\"none\" style=\"width: 100%;\" controls=\"controls\"><source type=\"audio\/mpeg\" src=\"https:\/\/www.radiopiu.net\/wordpress\/wp-content\/uploads\/2021\/07\/ROGER.mp3?_=10\" \/><a href=\"https:\/\/www.radiopiu.net\/wordpress\/wp-content\/uploads\/2021\/07\/ROGER.mp3\">https:\/\/www.radiopiu.net\/wordpress\/wp-content\/uploads\/2021\/07\/ROGER.mp3<\/a><\/audio>\n<p>&nbsp;<\/p>\n<p><strong><a href=\"https:\/\/www.radiopiu.net\/wordpress\/de-menech-messaggio-per-il-25esimo-del-parco-nazionale-delle-dolomiti-bellunesi\/roger-4\/\" rel=\"attachment wp-att-53882\"><img loading=\"lazy\" decoding=\"async\" class=\"wp-image-53882 alignleft\" src=\"https:\/\/www.radiopiu.net\/wordpress\/wp-content\/uploads\/2018\/07\/ROGER.jpg\" alt=\"\" width=\"73\" height=\"99\" \/><\/a>BORGO VALBELLUNA\u00a0<\/strong> <em>\u00abQuotidianamente ricevo messaggi di lavoratrici e lavoratori preoccupati sul futuro della ACC di Borgo Valbelluna. Nel merito riscontriamo purtroppo ancora troppe incertezze. Agli annunci del presidente della Regione Veneto e del Ministro per lo sviluppo economico non sono finora seguite azioni concrete. Sollecito sia la Regione sia il ministro a tenere in cima all\u2019agenda quella che rimane una delle principali crisi aziendali del Veneto e che, lo ricordo, tocca la vita di oltre 300 lavoratori e delle loro famiglie. Chiedo si lavori, anche in silenzio, sono il primo a capire la necessit\u00e0 di riservatezza nelle trattative, ma con profondo rispetto per le persone che hanno sopportato con grande dignit\u00e0 anni di incertezze, stipendi ridotti, periodi di cassa integrazione. Ribadisco infine la necessit\u00e0 di fare presto e di sbloccare definitivamente le linee di credito di cui l\u2019impresa ha bisogno per sopravvivere e, mi auguro, per rilanciarsi\u00bb. Lo a<\/em>fferma il deputato bellunese Roger De Menech.<\/p>\n<\/div>\n<div><\/div>\n<div><\/div>\n<div>\n<hr \/>\n<\/div>\n<div><\/div>\n<div>\n<p>&nbsp;<\/p>\n<div><\/div>\n<blockquote>\n<div><span style=\"color: #ff0000;\"><b><a href=\"https:\/\/www.radiopiu.net\/wordpress\/valle-imperina\/ortopedia-ospedale-agordo-1\/\" rel=\"attachment wp-att-169308\"><img loading=\"lazy\" decoding=\"async\" class=\"wp-image-169308 alignleft\" src=\"https:\/\/www.radiopiu.net\/wordpress\/wp-content\/uploads\/2020\/10\/ORTOPEDIA-OSPEDALE-AGORDO-1-169x300.jpg\" alt=\"\" width=\"88\" height=\"156\" srcset=\"https:\/\/www.radiopiu.net\/wordpress\/wp-content\/uploads\/2020\/10\/ORTOPEDIA-OSPEDALE-AGORDO-1-169x300.jpg 169w, https:\/\/www.radiopiu.net\/wordpress\/wp-content\/uploads\/2020\/10\/ORTOPEDIA-OSPEDALE-AGORDO-1-576x1024.jpg 576w, https:\/\/www.radiopiu.net\/wordpress\/wp-content\/uploads\/2020\/10\/ORTOPEDIA-OSPEDALE-AGORDO-1-768x1367.jpg 768w, https:\/\/www.radiopiu.net\/wordpress\/wp-content\/uploads\/2020\/10\/ORTOPEDIA-OSPEDALE-AGORDO-1-863x1536.jpg 863w, https:\/\/www.radiopiu.net\/wordpress\/wp-content\/uploads\/2020\/10\/ORTOPEDIA-OSPEDALE-AGORDO-1.jpg 1151w\" sizes=\"auto, (max-width: 88px) 100vw, 88px\" \/><\/a>DA OGGI ALLE 11.30 SARA&#8217; UFFICIALMENTE ATTIVO L&#8217;OSPEDALE DI COMUNITA&#8217; AL QUARTO PIANO DELL&#8217;OSPEDALE DI AGORDO .<\/b><\/span><\/div>\n<\/blockquote>\n<p>&nbsp;<\/p>\n<\/div>\n<div><\/div>\n<div><\/div>\n<div><\/div>\n<div><\/div>\n<div><\/div>\n<div><\/div>\n<div>\n<hr \/>\n<\/div>\n<div>\n<hr \/>\n<p>&nbsp;<\/p>\n<\/div>\n<div>\n<blockquote>\n<h3 class=\"p1\"><span class=\"s1\">PROPOSTA DDL ZES, CONFARTIGIANATO BELLUNO PLAUDE ALL\u2019INIZIATIVA DEL SENATORE SAVIANE<\/span><\/h3>\n<\/blockquote>\n<p class=\"p1\"><span class=\"s1\"><strong><a href=\"https:\/\/www.radiopiu.net\/wordpress\/la-presidente-di-confartigianato-claudia-scarzanella-parla-delle-sfide-territoriali-per-lanno-che-verra\/claudia-scarzanella-confartigianato\/\" rel=\"attachment wp-att-182277\"><img loading=\"lazy\" decoding=\"async\" class=\"size-medium wp-image-182277 alignleft\" src=\"https:\/\/www.radiopiu.net\/wordpress\/wp-content\/uploads\/2020\/12\/CLAUDIA-SCARZANELLA-CONFARTIGIANATO-300x236.png\" alt=\"\" width=\"300\" height=\"236\" srcset=\"https:\/\/www.radiopiu.net\/wordpress\/wp-content\/uploads\/2020\/12\/CLAUDIA-SCARZANELLA-CONFARTIGIANATO-300x236.png 300w, https:\/\/www.radiopiu.net\/wordpress\/wp-content\/uploads\/2020\/12\/CLAUDIA-SCARZANELLA-CONFARTIGIANATO-1024x804.png 1024w, https:\/\/www.radiopiu.net\/wordpress\/wp-content\/uploads\/2020\/12\/CLAUDIA-SCARZANELLA-CONFARTIGIANATO-768x603.png 768w, https:\/\/www.radiopiu.net\/wordpress\/wp-content\/uploads\/2020\/12\/CLAUDIA-SCARZANELLA-CONFARTIGIANATO.png 1042w\" sizes=\"auto, (max-width: 300px) 100vw, 300px\" \/><\/a>BELLUNO<\/strong> \u00ab<em>La Zes, zona economica speciale, \u00e8 da sempre uno dei nostri cavalli di battaglia, convinti che possa essere uno strumento in grado di contrastare lo spopolamento, dare una mano allo sviluppo dell\u2019economia, e rappresentare un primo provvedimento concreto per la montagna e le imprese che vi operano. Pertanto il nostro appoggio all\u2019iniziativa legislativa del senatore Saviane \u00e8 pieno e convinto<\/em>\u00bb. \u00c8 il commento di Claudia Scarzanella, presidente di Confartigianato Belluno, a seguito di un incontro in videoconferenza con Paolo Saviane, a tema Zes. Il senatore della Lega infatti ha presentato di recente un disegno di legge per realizzare una Zona economica speciale che ricomprenda anche il Bellunese. <\/span><span class=\"s1\">\u00ab<em>Si tratta di una proposta che da sempre \u00e8 nelle idee di Confartigianato &#8211; sottolinea la presidente Scarzanella -. L\u2019avevamo condivisa con le altre categorie economiche, presentandola anche alla Camera di Commercio. Per cui lo strumento del disegno di legge portato avanti dal senatore Saviane ha sicuramente il nostro appoggio. Glielo abbiamo confermato anche in una recente videoconferenza<\/em>\u00bb. <\/span><span class=\"s1\">Confartigianato ricorda che la Zona economica speciale consente semplificazioni fiscali e burocratiche, costituendo &#8211; di fatto &#8211; un tassello del differenziale montagna che serve a un territorio frastagliato e complesso. \u00ab<em>La nostra montagna paga uno spopolamento demografico che si traduce in impoverimento sociale e imprenditoriale. La presenza e la permanenza delle imprese \u00e8 fondamentale per garantire servizi e presidi, soprattutto alle terre alte &#8211; spiega la presidente Scarzanella -. E in questo senso, le piccole e medie imprese artigiane sono un valore aggiunto, fatto di persone, prima ancora che di realt\u00e0 produttive. Credo che questa sia l\u2019occasione giusta. Lancio l\u2019appello all\u2019unit\u00e0 di intenti, per costruire insieme questa Zes<\/em>\u00bb.<\/span><\/p>\n<p>&nbsp;<\/p>\n<p>&nbsp;<\/p>\n<hr \/>\n<p>&nbsp;<\/p>\n<\/div>\n<blockquote>\n<h3>BIM GSP PREMIATA PER L&#8217;INNOVAZIONE NEL SETTORE SMART UTILITY<\/h3>\n<\/blockquote>\n<div>\n<blockquote>\n<h3><strong style=\"font-size: 14px;\">BELLUNO<\/strong><span style=\"font-size: 14px; font-weight: normal;\"> Premio nazionale per Bim Gsp, che ha partecipato, di recente, alla Conferenza ESRI 2021 e vinto per l\u2019innovazione nella sessione dedicata al settore Smart Utility e Smart Water. L\u2019evento,\u00a0 ha visto la societ\u00e0 idrica bellunese distinguersi per il progetto Work Force Management (WFM), che prevede lo sviluppo, nei <a href=\"https:\/\/www.radiopiu.net\/wordpress\/giornale-radiopiu-26-maggio-2021-direttore-mirko-mezzacasa\/dav-229\/\" rel=\"attachment wp-att-211992\"><img loading=\"lazy\" decoding=\"async\" class=\"size-medium wp-image-211992 alignright\" src=\"https:\/\/www.radiopiu.net\/wordpress\/wp-content\/uploads\/2021\/05\/BimGsp_Attilio_Sommavilla_1-227x300.jpg\" alt=\"\" width=\"227\" height=\"300\" srcset=\"https:\/\/www.radiopiu.net\/wordpress\/wp-content\/uploads\/2021\/05\/BimGsp_Attilio_Sommavilla_1-227x300.jpg 227w, https:\/\/www.radiopiu.net\/wordpress\/wp-content\/uploads\/2021\/05\/BimGsp_Attilio_Sommavilla_1-775x1024.jpg 775w, https:\/\/www.radiopiu.net\/wordpress\/wp-content\/uploads\/2021\/05\/BimGsp_Attilio_Sommavilla_1-768x1015.jpg 768w, https:\/\/www.radiopiu.net\/wordpress\/wp-content\/uploads\/2021\/05\/BimGsp_Attilio_Sommavilla_1.jpg 1134w\" sizes=\"auto, (max-width: 227px) 100vw, 227px\" \/><\/a>prossimi mesi, di una soluzione integrata in grado di far dialogare tra loro applicativi distinti, gi\u00e0 in uso in azienda, per la gestione delle attivit\u00e0 tecnico-operative svolte sul territorio. <\/span><span style=\"font-size: 14px; font-weight: normal;\">Ciascun tecnico, in sintesi, \u200bricever\u00e0 su tablet le singole attivit\u00e0 da svolgere\u00a0 \u00a0con geolocalizzazione e priorit\u00e0 di svolgimento: ogni lavoro assegnato verr\u00e0 tracciato in digitale ed arricchito in tempo reale di dati, informazioni e materiali raccolti sul campo. <\/span><em style=\"font-size: 14px; font-weight: normal;\">\u201cL\u2019evoluzione dei servizi pubblici passa necessariamente attraverso l\u2019innovazione digitale \u2013 spiega Attilio Sommavilla presidente di Bim Gsp (foto) \u2013 e su questo non ci faremo trovare impreparati. E\u2019 il presente, non pi\u00f9 il futuro: investire in ricerca e sviluppo, quindi, \u00e8 nostro dovere e la concreta garanzia di restituire all\u2019utenza un servizio davvero di qualit\u00e0 e al passo con i tempi. La soluzione integrata di WFM che andremo a sviluppare nei prossimi mesi \u2013 commenta Sommavilla \u2013 sar\u00e0 solo il primo tassello di una progettualit\u00e0 molto pi\u00f9 ampia e articolata gi\u00e0 avviata qualche anno fa e che ci impegner\u00e0 anche in futuro: un investimento complessivo di 1,5 milioni di euro, per una massima efficienza operativa, a cui dobbiamo e vogliamo tendere come societ\u00e0 pubblica che gestisce un patrimonio collettivo e un servizio essenziale\u201d.<\/em><\/h3>\n<\/blockquote>\n<\/div>\n<div><\/div>\n<\/div>\n<p>&nbsp;<\/p>\n<hr \/>\n<p>&nbsp;<\/p>\n<blockquote>\n<h3>BIM GSP VENDE LE AZIONI ASCOTRADE<\/h3>\n<\/blockquote>\n<p><strong>BELLUNO <\/strong>E\u2019 in dirittura d\u2019arrivo l\u2019operazione di vendita delle azioni di Bim Gsp in Ascotrade. EstEnergy, societ\u00e0 del Gruppo Hera e socio di maggioranza nella societ\u00e0 di vendita di gas metano di Pieve di Soligo, si \u00e8 aggiudicata in via provvisoria il pacchetto azionario dell\u201911% detenuto da Bim Gsp. Questa mattina l\u2019apertura dell\u2019offerta, unica, pervenuta entro i termini: 21.000.100 il valore offerto. Nelle prossime settimane verranno espletate le formalit\u00e0 del caso: si proceder\u00e0, quindi, con l\u2019aggiudicazione definitiva e con la stipula del contratto di cessione.<\/p>\n<p>&nbsp;<\/p>\n<hr \/>\n<p>&nbsp;<\/p>\n<blockquote>\n<h3>\u00a0DOMENICA VOLONTARI IN AZIONE DAL NEVEGAL A LIMANA<\/h3>\n<\/blockquote>\n<p><strong><a href=\"https:\/\/www.radiopiu.net\/wordpress\/giornale-radiopiu-01-luglio-2021-direttore-mirko-mezzacasa\/nature-3289812_960_720\/\" rel=\"attachment wp-att-219112\"><img loading=\"lazy\" decoding=\"async\" class=\"wp-image-219112 alignleft\" src=\"https:\/\/www.radiopiu.net\/wordpress\/wp-content\/uploads\/2021\/06\/nature-3289812_960_720-300x200.jpg\" alt=\"\" width=\"176\" height=\"117\" srcset=\"https:\/\/www.radiopiu.net\/wordpress\/wp-content\/uploads\/2021\/06\/nature-3289812_960_720-300x200.jpg 300w, https:\/\/www.radiopiu.net\/wordpress\/wp-content\/uploads\/2021\/06\/nature-3289812_960_720-768x512.jpg 768w, https:\/\/www.radiopiu.net\/wordpress\/wp-content\/uploads\/2021\/06\/nature-3289812_960_720.jpg 960w\" sizes=\"auto, (max-width: 176px) 100vw, 176px\" \/><\/a>BELLUNO<\/strong> Appuntamento domenica alle 7.30 al Piazzale del Nevegal per la giornata di pulizia dei sentieri: torna anche quest&#8217;anno l&#8217;iniziativa promossa dagli assessori del Comune di Belluno Marco Bogo e Biagio Giannone e coordinata dalla Protezione Civile comunale con la collaborazione della Protezione Civile di ANA Belluno. La novit\u00e0 di quest&#8217;anno \u00e8 il coordinamento tra il Comune di Belluno e quello di Limana, che nella stessa mattinata vedr\u00e0 impegnati i volontari nella pulizia del proprio territorio con partenza da Valpiana. Quattro i sentieri che saranno oggetto di intervento nel capoluogo, una quinta squadra si occuper\u00e0 della pulizia con i decespugliatori dal Campo scuola al rifugio La Grava. A Limana sotto l&#8217;organizzazione del Gruppo Alpini, la Riserva di Caccia e la Protezione Civile: ritrovo alle 5.30 alla Baita degli Alpini in Valpiana, attesi una sessantina di volontari di queste ed altre realt\u00e0 del territorio. <em>\u00abUn grande grazie a chi organizza questi lavori, fondamentali per la cura del nostro territorio; come sempre, aspettiamo numerosi i nostri concittadini. &#8211; sottolinea la sindaca di Limana, Milena De Zanet \u2013 Siamo poi molto soddisfatti per essere riusciti a coordinare con il Comune di Belluno queste giornate di pulizia che consentono ai due enti di confrontarsi e lavorare insieme per presentare ai turisti un territorio curato e accogliente\u00bb.<\/em><\/p>\n<p><strong>L&#8217;ASSESSORE BIAGIO GIANNONE\u00a0<\/strong><\/p>\n<audio class=\"wp-audio-shortcode\" id=\"audio-219015-11\" preload=\"none\" style=\"width: 100%;\" controls=\"controls\"><source type=\"audio\/mpeg\" src=\"https:\/\/www.radiopiu.net\/wordpress\/wp-content\/uploads\/2021\/06\/Giannone-Pulizia-sentieri-2021.mp3?_=11\" \/><a href=\"https:\/\/www.radiopiu.net\/wordpress\/wp-content\/uploads\/2021\/06\/Giannone-Pulizia-sentieri-2021.mp3\">https:\/\/www.radiopiu.net\/wordpress\/wp-content\/uploads\/2021\/06\/Giannone-Pulizia-sentieri-2021.mp3<\/a><\/audio>\n<p>&nbsp;<\/p>\n<hr \/>\n<p>&nbsp;<\/p>\n<p>&nbsp;<\/p>\n<blockquote>\n<h3>11 LUGLIO,\u00a0 TORNA LA MAGNALONGA\u00a0 CON PASSEGGIATE PER SMALTIRE I &#8220;SENSI DI COLPA&#8221; DEI PELLEGRINI DEL GUSTO<\/h3>\n<\/blockquote>\n<p><strong><a href=\"https:\/\/www.radiopiu.net\/wordpress\/giornale-radiopiu-01-luglio-2021-direttore-mirko-mezzacasa\/slider-1_magnalonga2019\/\" rel=\"attachment wp-att-219277\"><img loading=\"lazy\" decoding=\"async\" class=\" wp-image-219277 alignleft\" src=\"https:\/\/www.radiopiu.net\/wordpress\/wp-content\/uploads\/2021\/07\/slider-1_magnalonga2019-300x109.png\" alt=\"\" width=\"242\" height=\"88\" srcset=\"https:\/\/www.radiopiu.net\/wordpress\/wp-content\/uploads\/2021\/07\/slider-1_magnalonga2019-300x109.png 300w, https:\/\/www.radiopiu.net\/wordpress\/wp-content\/uploads\/2021\/07\/slider-1_magnalonga2019-1024x373.png 1024w, https:\/\/www.radiopiu.net\/wordpress\/wp-content\/uploads\/2021\/07\/slider-1_magnalonga2019-768x280.png 768w, https:\/\/www.radiopiu.net\/wordpress\/wp-content\/uploads\/2021\/07\/slider-1_magnalonga2019-1536x560.png 1536w, https:\/\/www.radiopiu.net\/wordpress\/wp-content\/uploads\/2021\/07\/slider-1_magnalonga2019.png 1920w\" sizes=\"auto, (max-width: 242px) 100vw, 242px\" \/><\/a>LIMANA<\/strong><\/p>\n<p><strong>DI DAMIANO TORMEN<\/strong><\/p>\n<audio class=\"wp-audio-shortcode\" id=\"audio-219015-12\" preload=\"none\" style=\"width: 100%;\" controls=\"controls\"><source type=\"audio\/mpeg\" src=\"https:\/\/www.radiopiu.net\/wordpress\/wp-content\/uploads\/2021\/07\/DAMIANO-MAGNALONGA.mp3?_=12\" \/><a href=\"https:\/\/www.radiopiu.net\/wordpress\/wp-content\/uploads\/2021\/07\/DAMIANO-MAGNALONGA.mp3\">https:\/\/www.radiopiu.net\/wordpress\/wp-content\/uploads\/2021\/07\/DAMIANO-MAGNALONGA.mp3<\/a><\/audio>\n<p>&nbsp;<\/p>\n<p>&nbsp;<\/p>\n<hr \/>\n<blockquote>\n<h3><\/h3>\n<h3>DOMENICA PASSI CHIUSI, IL RITORNO DELLA MARATONA DLES DOLOMITES<\/h3>\n<\/blockquote>\n<p><a href=\"https:\/\/www.radiopiu.net\/wordpress\/domenica-passi-chiusi-il-ritorno-della-maratona-dles-dolomites\/0862207a-d195-4e51-88a3-a6336df6463c\/\" rel=\"attachment wp-att-218787\"><img loading=\"lazy\" decoding=\"async\" class=\"size-medium wp-image-218787 alignleft\" src=\"https:\/\/www.radiopiu.net\/wordpress\/wp-content\/uploads\/2021\/06\/0862207a-d195-4e51-88a3-a6336df6463c-300x289.jpg\" sizes=\"auto, (max-width: 300px) 100vw, 300px\" srcset=\"https:\/\/www.radiopiu.net\/wordpress\/wp-content\/uploads\/2021\/06\/0862207a-d195-4e51-88a3-a6336df6463c-300x289.jpg 300w, https:\/\/www.radiopiu.net\/wordpress\/wp-content\/uploads\/2021\/06\/0862207a-d195-4e51-88a3-a6336df6463c-768x739.jpg 768w, https:\/\/www.radiopiu.net\/wordpress\/wp-content\/uploads\/2021\/06\/0862207a-d195-4e51-88a3-a6336df6463c.jpg 800w\" alt=\"\" width=\"300\" height=\"289\" \/><\/a><strong>REDAZIONE<\/strong>\u00a0 Dopo un anno forzato di stop (covid19) riecco la Maratona Dles Dolomites, domenica con partenza ed arrivo a Corvara. Inevitabili i disagi lungo le strade per la chiusura.\u00a0<strong>NELL\u2019AGORDINO:<\/strong>\u00a0 LA VILLA-ARABBA dalle 5 alle 7.30 ARABBA-PASSO PORDOI DALLE 6.30 alle 8.45 CORVARA-ARABBA 7.55-11.30 ARABBA-CERNADOI 8.20-12 CERNADOI-SELVA DI CADORE 8.40-12.15 SELVA-PASSO GIAU 9-14 POCOL-FALZAREGO 9.50-14.45 CERNADOI-FALZAREGO 9.15 14.50 FALZAREGO-VAL PAROLA 9.15-14.50<\/p>\n<p><strong>ALTO ADIGE:<\/strong>\u00a0SS48-PIAN DE GRALBA 7.30-11.20, GARDENA-CORVARA 7.45-11.35 VAL PAROLA-SAN CASSIANO 9-15-15.30 SAN CASSIANO-LA VILLA 9-15-16 LA VILLA ALTA 9.20-17 CORVARA-LA VILLA 9-30-17<\/p>\n<p>&nbsp;<\/p>\n<p>&nbsp;<\/p>\n<p>&nbsp;<\/p>\n<hr \/>\n<p>&nbsp;<\/p>\n<blockquote>\n<h3>SABATO LA QUINTA TAPPA DEL GIRO DEL VENETO TRANSITA PER L&#8217;AGORDINO<\/h3>\n<\/blockquote>\n<p><strong>REDAZIONE <\/strong>Sar\u00e0 una tappa completamente bellunese quella del Giro del Veneto che transiter\u00e0 sabato prossimo sulle strade dell&#8217;Agordino. La quinta tappa della corsa a livello Nazionale Elite &#8211; Under 23 partir\u00e0 da Sospirolo e arriver\u00e0 a Falcade. I corridori partiranno alle 13:30 da Sospirolo per fare 3 giri su un anello prima di prendere la strada del Mis, arrivare a Gosaldo per poi salire a Forcella Aurine. Da li la discesa verso Voltago per poi svoltare verso Digoman, transitare a Rivamonte, ritornare a Gosaldo e Forcella Aurine per la seconda volta. Da qui i ciclisti scenderanno verso Agordo e prenderanno la tangenziale che li porter\u00e0 a Cencenighe e poi l&#8217;ultima fatica prima di arrivare a Falcade dove \u00e8 previsto l&#8217;arrivo tra le 16:25 e le 17. <strong>Per chi transita nel senso inverso arresto nel momento in cui s&#8217;incontra la gara, per chi segue la gara e si ritrova ad esempio lungo la regionel 203 agordina fino a Cencenighe e poi su fino a Falcade rimane in coda.\u00a0<\/strong><\/p>\n<p><strong>LA TABELLA DI MARCIA DELLA 5\u00aa TAPPA DEL GIRO DEL VENETO SOSPIROLO &#8211; FALCADE<\/strong><\/p>\n<p><a href=\"https:\/\/www.radiopiu.net\/wordpress\/sabato-la-quinta-tappa-del-giro-del-veneto-transita-per-lagordino\/giro_veneto\/\" rel=\"attachment wp-att-218817\"><img loading=\"lazy\" decoding=\"async\" class=\"alignnone wp-image-218817 size-large\" src=\"https:\/\/www.radiopiu.net\/wordpress\/wp-content\/uploads\/2021\/06\/Giro_Veneto-1024x724.jpg\" alt=\"\" width=\"1024\" height=\"724\" srcset=\"https:\/\/www.radiopiu.net\/wordpress\/wp-content\/uploads\/2021\/06\/Giro_Veneto-1024x724.jpg 1024w, https:\/\/www.radiopiu.net\/wordpress\/wp-content\/uploads\/2021\/06\/Giro_Veneto-300x212.jpg 300w, https:\/\/www.radiopiu.net\/wordpress\/wp-content\/uploads\/2021\/06\/Giro_Veneto-768x543.jpg 768w, https:\/\/www.radiopiu.net\/wordpress\/wp-content\/uploads\/2021\/06\/Giro_Veneto-1536x1086.jpg 1536w, https:\/\/www.radiopiu.net\/wordpress\/wp-content\/uploads\/2021\/06\/Giro_Veneto-2048x1448.jpg 2048w\" sizes=\"auto, (max-width: 1024px) 100vw, 1024px\" \/><\/a><\/p>\n<p>&nbsp;<\/p>\n<p>&nbsp;<\/p>\n<hr \/>\n<p>&nbsp;<\/p>\n<p>&nbsp;<\/p>\n<blockquote>\n<h3>IN COLLABORAZIONE CON LA QUESTURA: I CONSIGLI ANTI TRUFFA<\/h3>\n<\/blockquote>\n<blockquote><p><em><span style=\"color: #222222;\"><span style=\"font-family: Arial, serif;\"><span style=\"font-size: large;\"><b>Estate 2021: Da Polizia Postale e Airbnb i consigli anti-truffa per prenotare la casa \u00a0vacanza. Dal cervello in fuga al tecnico informatico: i profili dei truffatori a caccia della caparra<\/b><\/span><\/span><\/span><\/em><span style=\"color: #222222;\"><span style=\"font-family: Arial, serif;\"><em>.\u00a0<\/em><\/span><\/span><\/p><\/blockquote>\n<p><span style=\"color: #222222;\"><span style=\"font-family: Arial, serif;\"><strong><a href=\"https:\/\/www.radiopiu.net\/wordpress\/la-polizia-postale-e-salva-e-il-sap-esulta\/postale-10\/\" rel=\"attachment wp-att-114649\"><img loading=\"lazy\" decoding=\"async\" class=\"size-medium wp-image-114649 alignleft\" src=\"https:\/\/www.radiopiu.net\/wordpress\/wp-content\/uploads\/2020\/01\/postale-10-300x169.jpg\" alt=\"\" width=\"300\" height=\"169\" srcset=\"https:\/\/www.radiopiu.net\/wordpress\/wp-content\/uploads\/2020\/01\/postale-10-300x169.jpg 300w, https:\/\/www.radiopiu.net\/wordpress\/wp-content\/uploads\/2020\/01\/postale-10.jpg 720w\" sizes=\"auto, (max-width: 300px) 100vw, 300px\" \/><\/a>ROMA<\/strong> L\u2019estate 2021 \u00e8 alle porte e tra vaccini e Green Pass gli italiani guardano alle vacanze. Secondo i dati di Airbnb, stiamo assistendo ad un ritorno alla villeggiatura: le prenotazioni sono aumentate dal 33% nell\u2019estate 2019 al 53% per quella 2021 mentre il turismo rurale \u00e8 passato da un 21% nel 2019 al 37% di quest\u2019anno.\u00a0 Ma con la popolarit\u00e0 della casa vacanza online, aumenta anche il rischio di imbattersi in tentativi di truffa che prendono di mira gli utenti che per la prima volta si cimentano con la prenotazione fai da te della vacanza. Per stare pi\u00f9 tranquilli Polizia Postale e delle Comunicazioni e Airbnb, la piattaforma di viaggio, hanno avviato una campagna per aiutare i meno esperti a riconoscere e stare alla larga dai tentativi di raggiro pi\u00f9 diffusi, individuando i profili di truffatori pi\u00f9 comuni e i consigli per smascherarli<\/span><\/span><\/p>\n<p><strong>audio\u00a0<\/strong><\/p>\n<audio class=\"wp-audio-shortcode\" id=\"audio-219015-13\" preload=\"none\" style=\"width: 100%;\" controls=\"controls\"><source type=\"audio\/mpeg\" src=\"https:\/\/www.radiopiu.net\/wordpress\/wp-content\/uploads\/2021\/06\/airbeb.mp3?_=13\" \/><a href=\"https:\/\/www.radiopiu.net\/wordpress\/wp-content\/uploads\/2021\/06\/airbeb.mp3\">https:\/\/www.radiopiu.net\/wordpress\/wp-content\/uploads\/2021\/06\/airbeb.mp3<\/a><\/audio>\n<p>&nbsp;<\/p>\n<p>&nbsp;<\/p>\n<hr \/>\n<p>&nbsp;<\/p>\n<blockquote>\n<h3>CON LE STUDENTESSE DEL CANOSSIANO TREE ROOM | LA POETICA DELL\u2019ALBERO<\/h3>\n<\/blockquote>\n<p><strong><a href=\"https:\/\/www.radiopiu.net\/wordpress\/con-le-studentesse-del-canossiano-tree-room-la-poetica-dellalbero\/tree-room-1\/\" rel=\"attachment wp-att-219061\"><img loading=\"lazy\" decoding=\"async\" class=\" wp-image-219061 alignleft\" src=\"https:\/\/www.radiopiu.net\/wordpress\/wp-content\/uploads\/2021\/06\/Tree-Room-1-225x300.jpg\" alt=\"\" width=\"139\" height=\"185\" srcset=\"https:\/\/www.radiopiu.net\/wordpress\/wp-content\/uploads\/2021\/06\/Tree-Room-1-225x300.jpg 225w, https:\/\/www.radiopiu.net\/wordpress\/wp-content\/uploads\/2021\/06\/Tree-Room-1-768x1024.jpg 768w, https:\/\/www.radiopiu.net\/wordpress\/wp-content\/uploads\/2021\/06\/Tree-Room-1-1152x1536.jpg 1152w, https:\/\/www.radiopiu.net\/wordpress\/wp-content\/uploads\/2021\/06\/Tree-Room-1.jpg 1200w\" sizes=\"auto, (max-width: 139px) 100vw, 139px\" \/><\/a>FELTRE<\/strong> L\u2019albero simbolo di crescita, rinascita e perseveranza \u00e8 il protagonista della installazione \u201cTree Room. La poetica dell\u2019albero\u201d, che verr\u00e0 inaugurata sabato\u00a0 alle 19 e fino al 9 luglio sar\u00e0 visitabile nel Parco \u201cTerra di Mezzo\u201d di Via Mezzaterra, tutti i giorni dalle 10 alle 22 e\u00a0 il 9 luglio alle\u00a0 21, all\u2019interno del parco il gruppo di lettrici \u201cCaratteri Atipici\u201d racconter\u00e0 l\u2019albero attraverso una lettura espressiva tra frammenti letterari, poesia, musica e immagini. L\u2019allestimento \u00e8 il frutto del vissuto e dell\u2019entusiasmo delle studentesse della classe prima Liceo Scienze Umane dell\u2019Istituto Canossiano \u201cVittorino da Feltre\u201d. Le ragazze sono state seguite e guidate dalla professoressa Lara Cossalter con la collaborazione interdisciplinare dei docenti della classe protagonista dell&#8217;iniziativa.<\/p>\n<p><strong>L&#8217;ASSESSORE DEL COMUNE DI FELTRE GIORGIA LI CASTRI<\/strong><\/p>\n<audio class=\"wp-audio-shortcode\" id=\"audio-219015-14\" preload=\"none\" style=\"width: 100%;\" controls=\"controls\"><source type=\"audio\/mpeg\" src=\"https:\/\/www.radiopiu.net\/wordpress\/wp-content\/uploads\/2021\/06\/GIORGIA-LI-CASTRI-CANOSSIANE.mp3?_=14\" \/><a href=\"https:\/\/www.radiopiu.net\/wordpress\/wp-content\/uploads\/2021\/06\/GIORGIA-LI-CASTRI-CANOSSIANE.mp3\">https:\/\/www.radiopiu.net\/wordpress\/wp-content\/uploads\/2021\/06\/GIORGIA-LI-CASTRI-CANOSSIANE.mp3<\/a><\/audio>\n<p>&nbsp;<\/p>\n<hr \/>\n<p>&nbsp;<\/p>\n<blockquote>\n<h3>SULLA MOGOLFIERA DI GIORGIA SALE LA SOLIDARIETA&#8217;<\/h3>\n<\/blockquote>\n<blockquote>\n<h3 style=\"text-align: center;\"><em>1.986 EURO PER GIOVANI CON DISABILIT\u00c0 <\/em><\/h3>\n<\/blockquote>\n<p><strong>BELLUNO\u00a0<\/strong> Un altro bel traguardo quello raggiunto dall&#8217;associazione \u201cLa Mongolfiera di Giorgia Onlus\u201d. Si \u00e8 appena chiuso, infatti, il sesto bando a fine sociale che ha accolto due domande di beneficiari bellunesi, entrambi con certificazione di disabilit\u00e0 per un totale di 1.986 euro per l&#8217;acquisto di un software con relative lezioni di utilizzo per un giovane di 15 anni (706 euro) e di alcune sedute di musicoterapia per un altro utente di 23 anni (1.280 euro). Grande soddisfazione quella espressa dalla presidente Ivana Turrin, che ringrazia quanti hanno dimostrato, in un periodo gravato dalla pandemia, tanta generosit\u00e0 e spirito solidale. Non \u00e8 tutto: la novit\u00e0 \u00e8 che, per l&#8217;estate, l&#8217;associazione ha presentato un bando straordinario in collaborazione con la Cooperativa Sociale CROCEBLu, la quale offre due pacchetti di fisioterapia, ciascuno di dieci sedute. Il bando si chiamer\u00e0 proprio &#8220;CROCEBLu per Giorgia&#8221;: sar\u00e0 attivo dal 1\u00b0 luglio fino al 31 agosto, con le stesse caratteristiche dei bandi gi\u00e0 emessi. Sar\u00e0 cio\u00e8 rivolto agli adolescenti tra i 13 ed i 24 anni, residenti in Veneto, in condizioni di disabilit\u00e0 certificata che hanno bisogno di un po&#8217; di sollievo. Il bando completo \u00e8 disponibile su www.lamongolfieradigiorgia.it<\/p>\n<h2><span style=\"color: #ff0000;\"><strong>ARCHIVIO RADIO PIU&#8217;&#8230;. LA PRESENTAZIONE ALLA RADIO 20 LUGLIO 2018 CON LA MAMMA DI GIORGIA<\/strong><\/span><\/h2>\n<p><img loading=\"lazy\" decoding=\"async\" class=\" wp-image-54526 alignleft\" src=\"http:\/\/www.radiopiu.net\/wordpress\/wp-content\/uploads\/2018\/07\/37287456_2012007738843929_8627059468967870464_n-199x300.png\" alt=\"\" width=\"131\" height=\"197\" srcset=\"https:\/\/www.radiopiu.net\/wordpress\/wp-content\/uploads\/2018\/07\/37287456_2012007738843929_8627059468967870464_n-199x300.png 199w, https:\/\/www.radiopiu.net\/wordpress\/wp-content\/uploads\/2018\/07\/37287456_2012007738843929_8627059468967870464_n.png 637w\" sizes=\"auto, (max-width: 131px) 100vw, 131px\" \/><\/p>\n<p>&nbsp;<\/p>\n<p>&nbsp;<\/p>\n<p>Un&#8217;associazione (\u00a0<span class=\"_2iem\">Via G. Mameli, 81B\u00a0<\/span><span class=\"_2iem\">Belluno)\u00a0<\/span>nel ricordo di Giorgia, voluta dai sui cari a favore dei meno fortunati. Nostra intervista ad Ivana, la mamma di\u00a0 Giorgia che presenta l&#8217;iniziativa. Tra poco il via al tesseramento, associarsi per aiutare gli altri<\/p>\n<audio class=\"wp-audio-shortcode\" id=\"audio-219015-15\" preload=\"none\" style=\"width: 100%;\" controls=\"controls\"><source type=\"audio\/mpeg\" src=\"http:\/\/www.radiopiu.net\/wordpress\/wp-content\/uploads\/2018\/07\/IVANA.mp3?_=15\" \/><a href=\"http:\/\/www.radiopiu.net\/wordpress\/wp-content\/uploads\/2018\/07\/IVANA.mp3\">http:\/\/www.radiopiu.net\/wordpress\/wp-content\/uploads\/2018\/07\/IVANA.mp3<\/a><\/audio>\n<p>&nbsp;<\/p>\n<p>&nbsp;<\/p>\n<p>&nbsp;<\/p>\n<hr \/>\n<p>&nbsp;<\/p>\n<p>&nbsp;<\/p>\n<blockquote>\n<h3>MADONA DE LA NEIF&#8230; E SCOPPIA LA FESTA<\/h3>\n<\/blockquote>\n<p><strong><a href=\"https:\/\/www.radiopiu.net\/wordpress\/madona-de-la-neif-e-scoppia-la-festa\/3d7a0268-51be-630d-97af-99ccf6cc1c1e\/\" rel=\"attachment wp-att-219046\"><img loading=\"lazy\" decoding=\"async\" class=\" wp-image-219046 alignleft\" src=\"https:\/\/www.radiopiu.net\/wordpress\/wp-content\/uploads\/2021\/06\/3d7a0268-51be-630d-97af-99ccf6cc1c1e-300x300.jpg\" alt=\"\" width=\"249\" height=\"249\" srcset=\"https:\/\/www.radiopiu.net\/wordpress\/wp-content\/uploads\/2021\/06\/3d7a0268-51be-630d-97af-99ccf6cc1c1e-300x300.jpg 300w, https:\/\/www.radiopiu.net\/wordpress\/wp-content\/uploads\/2021\/06\/3d7a0268-51be-630d-97af-99ccf6cc1c1e-1024x1024.jpg 1024w, https:\/\/www.radiopiu.net\/wordpress\/wp-content\/uploads\/2021\/06\/3d7a0268-51be-630d-97af-99ccf6cc1c1e-150x150.jpg 150w, https:\/\/www.radiopiu.net\/wordpress\/wp-content\/uploads\/2021\/06\/3d7a0268-51be-630d-97af-99ccf6cc1c1e-768x768.jpg 768w, https:\/\/www.radiopiu.net\/wordpress\/wp-content\/uploads\/2021\/06\/3d7a0268-51be-630d-97af-99ccf6cc1c1e.jpg 1200w\" sizes=\"auto, (max-width: 249px) 100vw, 249px\" \/><\/a>LA VALLE<\/strong> L\u2019Associazione Pro Loco La Valle Agordina\u00a0 presenta la sesta edizione de <strong>EL MERC\u00c0 DE L&#8217;IST\u00c0,<\/strong> la grande Mostra Mercato di prodotti tipici, artigianato locale e hobbistico in occasione della tradizionale Sagra &#8220;Madona de la Neif&#8221; che\u00a0 nel rispetto delle normative anti covid si terr\u00e0 gioved\u00ec 5 agosto\u00a0 in centro. All&#8217;edizione precedente hanno partecipato 62 espositori (54 nel 2019, 41 nel 2018, 35 nel 2017, 23 nel 2016) provenienti dall&#8217;Agordino, dal Bellunese, dal Veneto, dal Trentino e dal Friuli Venezia Giulia. <strong>SAGRA MADONA \u00a0DE LA N\u00c9IF <\/strong>Il 5 agosto \u00e8 il giorno della sagra con la\u00a0 Messa Granda e la pesca parrocchiale.\u00a0 Come la scorsa edizione, cos\u00ec in quest&#8217;anno particolare, l&#8217;Associazione Pro Loco ha ritenuto opportuno rispettare la normativa applicando il buonsenso comune e non ha allestito il grande tendone presso gli Impianti Sportivi. Tuttavia sia a pranzo che a cena sar\u00e0 disponibile un servizio per asporto su prenotazione, garantendo la possibilit\u00e0 di assaporare i piatti tipici della tradizione.<\/p>\n<p>&nbsp;<\/p>\n<p>&nbsp;<\/p>\n<hr \/>\n<p>&nbsp;<\/p>\n<h2 style=\"text-align: left;\"><span style=\"color: #ff0000;\">MUSLA, CON LA NUOVA GENERAZIONE LINGUE, USI, COSTUMI , raccolta completa\u00a0<\/span><\/h2>\n<p style=\"text-align: left;\"><strong>10 PUNTATE ALLA RADIO, DA LUNEDI 28 GIUGNO ALLE 14.\u00a0<\/strong><\/p>\n<p>&nbsp;<\/p>\n<blockquote class=\"wp-embedded-content\" data-secret=\"borC1HpthK\"><p><a href=\"https:\/\/www.radiopiu.net\/wordpress\/agora-agordina-la-nosta-piaza\/\">AGORA&#8217; AGORDINA&#8230; LA NOSTA PIAZA LADINA RACCOLTA COMPLETA PRIMA STAGIONE<\/a><\/p><\/blockquote>\n<p><iframe loading=\"lazy\" class=\"wp-embedded-content\" sandbox=\"allow-scripts\" security=\"restricted\" style=\"position: absolute; clip: rect(1px, 1px, 1px, 1px);\" title=\"&#8220;AGORA&#8217; AGORDINA&#8230; LA NOSTA PIAZA LADINA RACCOLTA COMPLETA PRIMA STAGIONE&#8221; &#8212; Radio Pi\u00f9\" src=\"https:\/\/www.radiopiu.net\/wordpress\/agora-agordina-la-nosta-piaza\/embed\/#?secret=borC1HpthK\" data-secret=\"borC1HpthK\" width=\"600\" height=\"338\" frameborder=\"0\" marginwidth=\"0\" marginheight=\"0\" scrolling=\"no\"><\/iframe><\/p>\n<p>&nbsp;<\/p>\n<p>&nbsp;<\/p>\n<hr \/>\n<p>&nbsp;<\/p>\n<p>&nbsp;<\/p>\n<blockquote>\n<h3>\u201cTRICHIANA PAESE DEL LIBRO\u201d: LIBRI E AUTORI A BORGO VALBELLUNA<\/h3>\n<\/blockquote>\n<p><strong>BORGO VALBELLUNA <\/strong>L&#8217;ufficio cultura del comune, affiancato da un gruppo di volontari, sta lavorando per l\u2019organizzazione degli eventi culturali che si svolgeranno tra inizio luglio e fine settembre,. Gli incontri si svolgeranno, preferibilmente all\u2019aperto, in luoghi caratteristici distribuiti in tutto il comune di Borgo Valbelluna<\/p>\n<p>&nbsp;<\/p>\n<p>&nbsp;<\/p>\n<hr \/>\n<p>&nbsp;<\/p>\n<blockquote>\n<h3>LA CASERMA GIOPPI DI ARABBA NON C&#8217;E&#8217; PIU&#8217;<\/h3>\n<\/blockquote>\n\n\t\t\t<style type='text\/css'>\n\t\t\t\t#gallery-6 {\n\t\t\t\t\tmargin: auto;\n\t\t\t\t}\n\t\t\t\t#gallery-6 .gallery-item {\n\t\t\t\t\tfloat: left;\n\t\t\t\t\tmargin-top: 10px;\n\t\t\t\t\ttext-align: center;\n\t\t\t\t\twidth: 25%;\n\t\t\t\t}\n\t\t\t\t#gallery-6 img {\n\t\t\t\t\tborder: 2px solid #cfcfcf;\n\t\t\t\t}\n\t\t\t\t#gallery-6 .gallery-caption {\n\t\t\t\t\tmargin-left: 0;\n\t\t\t\t}\n\t\t\t\t\/* see gallery_shortcode() in wp-includes\/media.php *\/\n\t\t\t<\/style>\n\t\t<div id='gallery-6' class='dt-gallery-container gallery galleryid-219015 gallery-columns-4 gallery-size-thumbnail'><dl class='gallery-item'>\n\t\t\t\t<dt class='gallery-icon landscape'>\n\t\t\t\t\t<a class=\"rollover rollover-zoom dt-pswp-item\" title=\"4818fb90-2699-4837-82bb-93f9b64f4507\" data-dt-img-description=\"\" data-large_image_width=\"1600\" data-large_image_height=\"1200\"href='https:\/\/www.radiopiu.net\/wordpress\/wp-content\/uploads\/2021\/06\/4818fb90-2699-4837-82bb-93f9b64f4507.jpg'><img loading=\"lazy\" decoding=\"async\" width=\"150\" height=\"150\" src=\"https:\/\/www.radiopiu.net\/wordpress\/wp-content\/uploads\/2021\/06\/4818fb90-2699-4837-82bb-93f9b64f4507-150x150.jpg\" class=\"attachment-thumbnail size-thumbnail\" alt=\"\" \/><\/a>\n\t\t\t\t<\/dt><\/dl><dl class='gallery-item'>\n\t\t\t\t<dt class='gallery-icon landscape'>\n\t\t\t\t\t<a class=\"rollover rollover-zoom dt-pswp-item\" title=\"a6516ffa-5c3c-49d7-8c8d-472e672d8285\" data-dt-img-description=\"\" data-large_image_width=\"1600\" data-large_image_height=\"1200\"href='https:\/\/www.radiopiu.net\/wordpress\/wp-content\/uploads\/2021\/06\/a6516ffa-5c3c-49d7-8c8d-472e672d8285.jpg'><img loading=\"lazy\" decoding=\"async\" width=\"150\" height=\"150\" src=\"https:\/\/www.radiopiu.net\/wordpress\/wp-content\/uploads\/2021\/06\/a6516ffa-5c3c-49d7-8c8d-472e672d8285-150x150.jpg\" class=\"attachment-thumbnail size-thumbnail\" alt=\"\" \/><\/a>\n\t\t\t\t<\/dt><\/dl><dl class='gallery-item'>\n\t\t\t\t<dt class='gallery-icon landscape'>\n\t\t\t\t\t<a class=\"rollover rollover-zoom dt-pswp-item\" title=\"34bdbcaf-49bd-401b-8f34-6a16e7a21259\" data-dt-img-description=\"\" data-large_image_width=\"1600\" data-large_image_height=\"1200\"href='https:\/\/www.radiopiu.net\/wordpress\/wp-content\/uploads\/2021\/06\/34bdbcaf-49bd-401b-8f34-6a16e7a21259.jpg'><img loading=\"lazy\" decoding=\"async\" width=\"150\" height=\"150\" src=\"https:\/\/www.radiopiu.net\/wordpress\/wp-content\/uploads\/2021\/06\/34bdbcaf-49bd-401b-8f34-6a16e7a21259-150x150.jpg\" class=\"attachment-thumbnail size-thumbnail\" alt=\"\" \/><\/a>\n\t\t\t\t<\/dt><\/dl><dl class='gallery-item'>\n\t\t\t\t<dt class='gallery-icon landscape'>\n\t\t\t\t\t<a class=\"rollover rollover-zoom dt-pswp-item\" title=\"fba3fbe5-4416-44ae-b6ae-cc9662312f29\" data-dt-img-description=\"\" data-large_image_width=\"1920\" data-large_image_height=\"1080\"href='https:\/\/www.radiopiu.net\/wordpress\/wp-content\/uploads\/2021\/06\/fba3fbe5-4416-44ae-b6ae-cc9662312f29.jpg'><img loading=\"lazy\" decoding=\"async\" width=\"150\" height=\"150\" src=\"https:\/\/www.radiopiu.net\/wordpress\/wp-content\/uploads\/2021\/06\/fba3fbe5-4416-44ae-b6ae-cc9662312f29-150x150.jpg\" class=\"attachment-thumbnail size-thumbnail\" alt=\"\" \/><\/a>\n\t\t\t\t<\/dt><\/dl><br style=\"clear: both\" \/><dl class='gallery-item'>\n\t\t\t\t<dt class='gallery-icon landscape'>\n\t\t\t\t\t<a class=\"rollover rollover-zoom dt-pswp-item\" title=\"ed9d0234-c441-47c7-998b-c812b5c96569\" data-dt-img-description=\"\" data-large_image_width=\"1600\" data-large_image_height=\"1200\"href='https:\/\/www.radiopiu.net\/wordpress\/wp-content\/uploads\/2021\/06\/ed9d0234-c441-47c7-998b-c812b5c96569.jpg'><img loading=\"lazy\" decoding=\"async\" width=\"150\" height=\"150\" src=\"https:\/\/www.radiopiu.net\/wordpress\/wp-content\/uploads\/2021\/06\/ed9d0234-c441-47c7-998b-c812b5c96569-150x150.jpg\" class=\"attachment-thumbnail size-thumbnail\" alt=\"\" \/><\/a>\n\t\t\t\t<\/dt><\/dl><dl class='gallery-item'>\n\t\t\t\t<dt class='gallery-icon landscape'>\n\t\t\t\t\t<a class=\"rollover rollover-zoom dt-pswp-item\" title=\"50d9ee85-f2bb-41c5-8324-e2f8cc5a2194\" data-dt-img-description=\"\" data-large_image_width=\"1600\" data-large_image_height=\"1200\"href='https:\/\/www.radiopiu.net\/wordpress\/wp-content\/uploads\/2021\/06\/50d9ee85-f2bb-41c5-8324-e2f8cc5a2194.jpg'><img loading=\"lazy\" decoding=\"async\" width=\"150\" height=\"150\" src=\"https:\/\/www.radiopiu.net\/wordpress\/wp-content\/uploads\/2021\/06\/50d9ee85-f2bb-41c5-8324-e2f8cc5a2194-150x150.jpg\" class=\"attachment-thumbnail size-thumbnail\" alt=\"\" \/><\/a>\n\t\t\t\t<\/dt><\/dl><dl class='gallery-item'>\n\t\t\t\t<dt class='gallery-icon landscape'>\n\t\t\t\t\t<a class=\"rollover rollover-zoom dt-pswp-item\" title=\"95de5465-eae0-451c-b591-3b0905b1fafe\" data-dt-img-description=\"\" data-large_image_width=\"1600\" data-large_image_height=\"1200\"href='https:\/\/www.radiopiu.net\/wordpress\/wp-content\/uploads\/2021\/06\/95de5465-eae0-451c-b591-3b0905b1fafe.jpg'><img loading=\"lazy\" decoding=\"async\" width=\"150\" height=\"150\" src=\"https:\/\/www.radiopiu.net\/wordpress\/wp-content\/uploads\/2021\/06\/95de5465-eae0-451c-b591-3b0905b1fafe-150x150.jpg\" class=\"attachment-thumbnail size-thumbnail\" alt=\"\" \/><\/a>\n\t\t\t\t<\/dt><\/dl><dl class='gallery-item'>\n\t\t\t\t<dt class='gallery-icon landscape'>\n\t\t\t\t\t<a class=\"rollover rollover-zoom dt-pswp-item\" title=\"532fcaf1-2951-4bf4-9e99-8ede4c92f20a\" data-dt-img-description=\"\" data-large_image_width=\"1600\" data-large_image_height=\"1200\"href='https:\/\/www.radiopiu.net\/wordpress\/wp-content\/uploads\/2021\/06\/532fcaf1-2951-4bf4-9e99-8ede4c92f20a.jpg'><img loading=\"lazy\" decoding=\"async\" width=\"150\" height=\"150\" src=\"https:\/\/www.radiopiu.net\/wordpress\/wp-content\/uploads\/2021\/06\/532fcaf1-2951-4bf4-9e99-8ede4c92f20a-150x150.jpg\" class=\"attachment-thumbnail size-thumbnail\" alt=\"\" \/><\/a>\n\t\t\t\t<\/dt><\/dl><br style=\"clear: both\" \/>\n\t\t\t<\/div>\n\n<p>&nbsp;<\/p>\n<div><\/div>\n<hr \/>\n<p>&nbsp;<\/p>\n<blockquote>\n<h3>A LIVINALLONGO PARTE LA RACCOLTA DELLE DOCUMENTAZIONI PER I RISTORI DEI DANNI SUBITI DAL MALTEMPO DAL 12 AL 29 NOVEMBRE 2019<\/h3>\n<\/blockquote>\n<p><strong><a href=\"https:\/\/www.radiopiu.net\/wordpress\/il-minuto-di-silenzo-a-belluno-feltre-e-in-tutto-lagordino\/minuto-silenzio-municipio-livinallongo\/\" rel=\"attachment wp-att-126458\"><img loading=\"lazy\" decoding=\"async\" class=\" wp-image-126458 alignleft\" src=\"https:\/\/www.radiopiu.net\/wordpress\/wp-content\/uploads\/2020\/03\/MINUTO-SILENZIO-MUNICIPIO-LIVINALLONGO-267x300.jpg\" alt=\"\" width=\"147\" height=\"165\" srcset=\"https:\/\/www.radiopiu.net\/wordpress\/wp-content\/uploads\/2020\/03\/MINUTO-SILENZIO-MUNICIPIO-LIVINALLONGO-267x300.jpg 267w, https:\/\/www.radiopiu.net\/wordpress\/wp-content\/uploads\/2020\/03\/MINUTO-SILENZIO-MUNICIPIO-LIVINALLONGO-768x863.jpg 768w, https:\/\/www.radiopiu.net\/wordpress\/wp-content\/uploads\/2020\/03\/MINUTO-SILENZIO-MUNICIPIO-LIVINALLONGO.jpg 854w\" sizes=\"auto, (max-width: 147px) 100vw, 147px\" \/><\/a>LIVINALLONGO <\/strong>\u00c8 iniziata la raccolta dei moduli inerenti ai danni subiti dal maltempo tra il 12 e il 29 novembre 2019. I proprietari dei beni mobili registrati danneggiati nel territorio comunale di Livinallongo del Col di Lana durante le eccezionali avversit\u00e0 atmosferiche possono effettuare segnalazione dei danni subiti e richiesta di contributo esclusivamente tramite la compilazione del modulo di istanza che possono trovare presso l&#8217;ufficio comunale. I moduli regolarmente compilati e sottoscritti, dovranno essere consegnati entro le 12 di luned\u00ec 12 luglio 2021 presso l&#8217;ufficio protocollo del Comune di Livinallongo del Col di Lana oppure mediante posta certificata a <a href=\"mailto:sindaco.comune.livinallongo.bl@pecveneto.it\">sindaco.comune.livinallongo.bl@pecveneto.it<\/a> specificando nell&#8217;oggetto \u201cEvento 12 &#8211; 29 novembre 2019. Istanza di contributo per beni immobili registrati\u201d. Per informazioni chiamare il numero 0436\/7193 interno 2<\/p>\n<blockquote><p>&nbsp;<\/p><\/blockquote>\n<p>&nbsp;<\/p>\n<p>&nbsp;<\/p>\n<hr \/>\n<p>&nbsp;<\/p>\n<h3><strong><a href=\"https:\/\/www.radiopiu.net\/wordpress\/al-via-le-prenotazioni-per-il-concerto-la-mia-terra-con-roby-facchinetti\/6d2f3eca-51eb-475d-a53d-f8cc7852afd5\/\" rel=\"attachment wp-att-216089\"><img loading=\"lazy\" decoding=\"async\" class=\" wp-image-216089 alignleft\" src=\"https:\/\/www.radiopiu.net\/wordpress\/wp-content\/uploads\/2021\/06\/6d2f3eca-51eb-475d-a53d-f8cc7852afd5-300x300.jpg\" alt=\"\" width=\"169\" height=\"169\" srcset=\"https:\/\/www.radiopiu.net\/wordpress\/wp-content\/uploads\/2021\/06\/6d2f3eca-51eb-475d-a53d-f8cc7852afd5-300x300.jpg 300w, https:\/\/www.radiopiu.net\/wordpress\/wp-content\/uploads\/2021\/06\/6d2f3eca-51eb-475d-a53d-f8cc7852afd5-150x150.jpg 150w, https:\/\/www.radiopiu.net\/wordpress\/wp-content\/uploads\/2021\/06\/6d2f3eca-51eb-475d-a53d-f8cc7852afd5-768x768.jpg 768w, https:\/\/www.radiopiu.net\/wordpress\/wp-content\/uploads\/2021\/06\/6d2f3eca-51eb-475d-a53d-f8cc7852afd5.jpg 1024w\" sizes=\"auto, (max-width: 169px) 100vw, 169px\" \/><\/a><\/strong>AL VIA LE PRENOTAZIONI PER IL CONCERTO &#8220;LA MIA TERRA&#8221; CON ROBY FACCHINETTI<\/h3>\n<p><em>Regione Veneto, Provincia di Belluno, Comune di Falcade, Pro Loco Falcade Caviola, PromoFalcade Dolomiti e Ski Area San Pellegrino.<\/em><\/p>\n<p><strong>FALCADE <\/strong>\u00a0Diretti dal Maestro Diego Basso un centinaio di artisti tra musicisti e coristi dell\u2019Orchestra Ritmico Sinfonica Italiana e Le Voci di Art Voice Academy.\u00a0 L\u2019accesso all\u2019area del concerto e\u0300 raggiungibile solo su prenotazione, tramite il sito: <a href=\"https:\/\/www.falcadedolomiti.it\/falcade-e-il-concerto-la-mia-terra\/\">https:\/\/www.falcadedolomiti.it\/falcade-e-il-concerto-la-mia-terra\/\u00a0<\/a><\/p>\n<p>&nbsp;<\/p>\n<p>&nbsp;<\/p>\n<hr \/>\n<p>&nbsp;<\/p>\n<p>&nbsp;<\/p>\n<blockquote>\n<h3>&#8220;MUSICA DA CORTILE&#8221; A PAIANE DI PONTE NELLE ALPI<\/h3>\n<\/blockquote>\n<p><strong><a href=\"https:\/\/www.radiopiu.net\/wordpress\/musica-da-cortile-a-paiane-di-ponte-nelle-alpi\/post_fb-mdc\/\" rel=\"attachment wp-att-218710\"><img loading=\"lazy\" decoding=\"async\" class=\" wp-image-218710 alignleft\" src=\"https:\/\/www.radiopiu.net\/wordpress\/wp-content\/uploads\/2021\/06\/MUSICA-DA-CORTILE-300x300.jpg\" alt=\"\" width=\"147\" height=\"147\" srcset=\"https:\/\/www.radiopiu.net\/wordpress\/wp-content\/uploads\/2021\/06\/MUSICA-DA-CORTILE-300x300.jpg 300w, https:\/\/www.radiopiu.net\/wordpress\/wp-content\/uploads\/2021\/06\/MUSICA-DA-CORTILE-1024x1024.jpg 1024w, https:\/\/www.radiopiu.net\/wordpress\/wp-content\/uploads\/2021\/06\/MUSICA-DA-CORTILE-150x150.jpg 150w, https:\/\/www.radiopiu.net\/wordpress\/wp-content\/uploads\/2021\/06\/MUSICA-DA-CORTILE-768x768.jpg 768w, https:\/\/www.radiopiu.net\/wordpress\/wp-content\/uploads\/2021\/06\/MUSICA-DA-CORTILE-1536x1536.jpg 1536w, https:\/\/www.radiopiu.net\/wordpress\/wp-content\/uploads\/2021\/06\/MUSICA-DA-CORTILE.jpg 2000w\" sizes=\"auto, (max-width: 147px) 100vw, 147px\" \/><\/a>PONTE NELLE ALPI <\/strong>Da un\u2019idea dei ragazzi del Terzo Mondo Studio e l\u2019esperienza nell\u2019organizzazione di eventi del direttore della Scuola di Musica di Paiane, nasce MUSICA DA CORTILE. Quattro appuntamenti all\u2019insegna della buona musica<i>\u00a0 <\/i>Primo appuntamento l&#8217;8 luglio con un live acustico in duo della band Italo-irlandese Strawman &amp; The Jackdaws, secondi assoluti del Firenze Suona Music Contest.\u00a0 Tutte le serate saranno ad ingresso gratuito e avranno inizio alle ore 21:00 e si terranno nel cortile della Scuola di Musica di Paiane di Ponte nelle Alpi in Via Soccher, 19.<\/p>\n<p>&nbsp;<\/p>\n<p>&nbsp;<\/p>\n<hr \/>\n<p>&nbsp;<\/p>\n<blockquote>\n<h3>LA MOSTRA &#8220;IL GIAPPONE IN PUNTA DI NASO&#8221;<\/h3>\n<\/blockquote>\n<p><strong>PIEVE DI CADORE<\/strong> Sabato 3 luglio, alle ore 18.00 si terra\u0300 l\u2019inaugurazione della mostra Il Giappone in punta di naso. Gli occhiali nel paese del Sol Levante, presso la sede della Fondazione Museo dell\u2019Occhiale onlus a Pieve di Cadore. La mostra, fino al 30 settembre, sara\u0300 visitabile tutti i giorni dalle ore 9.30 alle ore 12.30 e dalle 15.30 alle ore 18.30.<\/p>\n<div class=\"page\" title=\"Page 1\">\n<div class=\"layoutArea\">\n<div class=\"column\">\n<p>&nbsp;<\/p>\n<p>&nbsp;<\/p>\n<p>&nbsp;<\/p>\n<\/div>\n<\/div>\n<\/div>\n<hr \/>\n<p>&nbsp;<\/p>\n<blockquote>\n<h3>TRA FELTRO E FELTRE&#8230;DANTE CON IL LIBRO PARLATO DI FELTRE<\/h3>\n<\/blockquote>\n<p><strong>FELTRE<\/strong> \u00c8 in programma per domenica 4 luglio alle 17:30 &#8220;Tra Feltro e Feltre&#8230;700 anni dalla morte di Dante&#8221;, la lettura della Divina Commedia, La Vita Nova, Le Rime e le Epistole in Chiesa San Rocco nella Piazza Maggiore di Feltre con le voci dei Libri Parlanti Luisa Alchini, Ornella Favretti, Annunciata Olivieri, Enis Pocchetto, Maria Teresa Totti e Mauro Viani. Per informazioni www.libroparlato.org oppure www.fondacofeltre.it<\/p>\n<p>&nbsp;<\/p>\n<hr \/>\n<p>&nbsp;<\/p>\n<blockquote>\n<h3>LENTIAI. QUANDO, UN GIORNO D\u2019AUTUNNO DANIELE ZATTA LANCIO&#8217; ARTISTI A TAVOLA<\/h3>\n<\/blockquote>\n<p><strong>di Renato Bona<\/strong><\/p>\n<p>\u201cUn giorno d\u2019autunno di due anni fa ero a tavola al \u2018Bon Tajer\u2019 con alcuni amici artisti; si parlava d\u2019arte, di agricoltura, di cucina tradizionale\u2026 e quando ci \u00e8 stato portato un tajer di prosciutto e soppressa (dove il legno vecchio del tagliere esaltava il rosso delle carni perfettamente stagionate) qualcuno di noi ha commentato: questa \u00e8 davvero un\u2019opera d\u2019arte\u201d. Nasceva allora &#8211; lo spiega Daniele Zatta in \u201cArtisti a tavola\u201d pubblicazione (marzo 1995, Grafiche Trabella di Lentiai; a cura di Flavio Grigoletto, Francesca Zatta, Antonella Alban, Daniela e Angelo, testi critici della Alban, patrocinio di Provincia di Belluno, Comune e Pro loco di Lentiai) &#8211; l\u2019idea di invitare gli artisti a realizzare un\u2019opera sul tajer, proporre ai gestori della nota azienda agrituristica di San Gervasio di Lentiai, di ideare men\u00f9 stagionali, rigorosamente prodotti dalla terra bellunese, e creare cos\u00ec occasioni di incontro a scadenza mensile, tra arte e gastronomia. Zatta ricorda che \u201cL\u2019iniziativa si \u00e8 poi sviluppata oltre ogni aspettativa: per l\u2019adesione degli artisti, per la qualit\u00e0 delle opere prodotte, per l\u2019entusiasmo del pubblico (attirato sia dai contenuti culturali che da quelli gastronomici!), per la partecipazione di artisti appartenenti ad altri ambiti espressivi, che hanno reso particolarmente vivaci le serate\u2026\u201d. E cos\u00ec, per pi\u00f9 di un anno, da gioved\u00ec 24 febbraio 1994 a gioved\u00ec 26 gennaio 1995, \u201cArtisti a tavola\u201d \u00e8 risultato un appuntamento importante. Anche, come si \u00e8 accennato, per la \u201cqualit\u00e0\u201d degli artisti che vi hanno partecipato: Mario Penso e Giulio Berton; Beppino Lorenzet ed Antonio Da Rold; Claudio Nevjel e Dina Zaia Levore; Gianni Stiletto e Walter Bernardi; Gina Roma ed Isidoro Busana; Gino Silvestri e Tojo Banot; Vico Calabr\u00f2 e Rino Pinto; Cristiana Ricci Comel e Franco Fiabane; Paolo Casagrande e Carlo Sovilla; Renato Scarton e Giuseppe Niero; Fabiola Colle e Ferruccio Noal; Marco Bellotto e Franco Vergerio. E per &#8211; va giustamente ricordato &#8211; il \u201ccontributo\u201d offerto da altri artisti che hanno allietato le varie serate con le loro esibizioni: Maria Grazia Feltre, Adriano Faustini e Paolo Bittante, Mauro Bortolotto, Giorgio Fornasier e Pio Sagrillo, Giancarlo Dal Pra, Edoardo Comiotto, Carlo Garlet e Mauro Tibolla, Andrea Grigoletto e Cristina Zanolla. Cos\u00ec come va evidenziata l\u2019opera di Daniele Zatta per le riprese, Vico Calabr\u00f2 per la grafica, Cristiana Galiazzo e Marcella Corr\u00e0 per le interviste, Piera Zatta per il coordinamento di sala, Roberto Zatta per la presentazione dei men\u00f9. Erasmo Turrin per la presentazione dei vini, Massimo Tremea per le ricette, gli organi di informazione e Ivana Susana per le foto. Infine vanno citati quanti hanno contribuito alla realizzazione della pubblicazione: azienda agrituristica Bon Tajer, Gioielleria Pasa, Cassa di Risparmio di Verona, Vicenza, Belluno e Ancona, Lattebusche, Mionetto Spumanti, l\u2019Agricola Zumellese. L\u2019allora presidente della Provincia di Belluno, Oscar De Bona, nella presentazione della settantina di pagine di \u201cArtisti a tavola\u201d sottolineava come \u201cL\u2019intgelligente accostamento della cultura contadina, rivisitata attraverso la cucina tradizionale sapientemente gestita da Daniela e Angelo, alle valide opere di affermati artisti della nostra provincia, ha creato motivo di incontro fra due patrimoni della nostra gente. Questa felice e riuscita esperienza \u00e8 dimostrazione di c one l\u2019impegno e la professionalit\u00e0 possano essere veicolo di promozione agrituristica e di valida proposta culturale\u201d. Il sindaco di Lentiai Giancarlo Dallo a sua volta sottolineava come \u201c\u2026 ancora una volta, attraverso un\u2019idea originale ed innovativa, la pittura, la scultura, la musica, la poesia, il canto, la riscoperta e la valorizzazione della nostra tradizione culinaria che a certi livelli diventa espressione artistica, la cultura in assoluto hanno trovato ospitalit\u00e0 in quel di Lentiai, contribuendo in tal modo a dare continuit\u00e0 e validit\u00e0 ad una scelta culturale che ha sempre caratterizzato le molteplici iniziative nate e cresciute nel nostro Comune\u201d. Dal canto suo il presidente della Pro Loco, Lorenzo Durante sottolineava come \u201cLa cura e l\u2019attenzione posti nella scelta degli accoppiamenti degli artisti, unita alla semplice e squisita ospitalit\u00e0 del Bon Tajer hanno rappresentato per un intero anno un gradevole ed interessante biglietto da visita per la nostra comunit\u00e0\u201d ed esprimeva un sentito ringraziamento fra l\u2019altro agli artisti che \u201ccon palpabile entusiasmo hanno accolto l\u2019invito trasformandolo in un\u2019ennesima vetrina pur al di fuori dei consueti canoni entro i quali si muove il pianeta arte\u201d. Prima dell\u2019intervento di Daniele Zatta di cui abbiamo detto, che precede due liriche dialettali di Edoardo Comiotto e Giancarlo Dal Pr\u00e0, vi \u00e8 una stringata ma efficace descrizione, a cura del prof. Claudio Comel, di \u201cLentiai \u00e8\u2026\u201d e la sottolineatura che \u201cRiscoprire la natura ed il mondo semplice dei campi \u00e8 lo scopo primo che l\u2019agriturismo si propone, accompagnandolo con il piacere di degustare cibi schietti e genuini nell\u2019ambiente ancora intatto delle tradizioni patriarcali\u201d. E che: \u201cI conduttori dell\u2019azienda \u2018al Bon Tajer\u2019 hanno inteso in questa prospettiva, riproporre tutte le pi\u00f9 genuine tradizioni alimentari locali, aggiungendo per\u00f2 a tutto questo anche l\u2019amore per la ricerca e la sperimentazione di gusti ed ingredienti sempre nuovi, tratti dalle risorse che i prodotti dell\u2019agricoltura e della zootecnia, da loro stessi realizzati in prima persona, possono offrire\u201d. In quello che definisce \u201cParadiso dei poveri\u2026 paradiso raffinato e genuino\u2026 oggi che il vivere inquinato ed inquinante delle citt\u00e0 rende sempre pi\u00f9 irrespirabile l\u2019aria che ci circonda, oggi che il rumore assordante e convulso delle metropoli rende invidiabile la pace dei campi e la quiete delle nostre montagne\u201d. Concludiamo ricordando i singoli pezzi forti dei men\u00f9 che allora erano stati proposti:\u201dGn\u00f2c de puina\u201d,\u201dLuganega co\u2019l\u2019aseo\u201d, \u201cPrimule fritte\u201d, \u201cMaltaiadi de polenta coi sciape\u201d, \u201cCunicio inpan\u00e0\u201d, \u201cCrostata co le giasene\u201d, \u201cPuina frita\u201d, \u201cFrico co le patate\u201d, \u201cSchiz inpan\u00e0\u201d, \u201cTorta de puina\u201d, \u201cVedel in umido\u201d, \u201cScorzet coi funghi\u201d.<\/p>\n\n\t\t\t<style type='text\/css'>\n\t\t\t\t#gallery-7 {\n\t\t\t\t\tmargin: auto;\n\t\t\t\t}\n\t\t\t\t#gallery-7 .gallery-item {\n\t\t\t\t\tfloat: left;\n\t\t\t\t\tmargin-top: 10px;\n\t\t\t\t\ttext-align: center;\n\t\t\t\t\twidth: 16%;\n\t\t\t\t}\n\t\t\t\t#gallery-7 img {\n\t\t\t\t\tborder: 2px solid #cfcfcf;\n\t\t\t\t}\n\t\t\t\t#gallery-7 .gallery-caption {\n\t\t\t\t\tmargin-left: 0;\n\t\t\t\t}\n\t\t\t\t\/* see gallery_shortcode() in wp-includes\/media.php *\/\n\t\t\t<\/style>\n\t\t<div id='gallery-7' class='dt-gallery-container gallery galleryid-219015 gallery-columns-6 gallery-size-thumbnail'><dl class='gallery-item'>\n\t\t\t\t<dt class='gallery-icon portrait'>\n\t\t\t\t\t<a class=\"rollover rollover-zoom dt-pswp-item\" title=\"210949820_350816073137537_6932357443182251269_n\" data-dt-img-description=\"\" data-large_image_width=\"334\" data-large_image_height=\"403\"href='https:\/\/www.radiopiu.net\/wordpress\/wp-content\/uploads\/2021\/06\/210949820_350816073137537_6932357443182251269_n.jpg'><img loading=\"lazy\" decoding=\"async\" width=\"150\" height=\"150\" src=\"https:\/\/www.radiopiu.net\/wordpress\/wp-content\/uploads\/2021\/06\/210949820_350816073137537_6932357443182251269_n-150x150.jpg\" class=\"attachment-thumbnail size-thumbnail\" alt=\"\" \/><\/a>\n\t\t\t\t<\/dt><\/dl><dl class='gallery-item'>\n\t\t\t\t<dt class='gallery-icon landscape'>\n\t\t\t\t\t<a class=\"rollover rollover-zoom dt-pswp-item\" title=\"208220622_954912455364160_1379718399889357629_n\" data-dt-img-description=\"\" data-large_image_width=\"552\" data-large_image_height=\"399\"href='https:\/\/www.radiopiu.net\/wordpress\/wp-content\/uploads\/2021\/06\/208220622_954912455364160_1379718399889357629_n.jpg'><img loading=\"lazy\" decoding=\"async\" width=\"150\" height=\"150\" src=\"https:\/\/www.radiopiu.net\/wordpress\/wp-content\/uploads\/2021\/06\/208220622_954912455364160_1379718399889357629_n-150x150.jpg\" class=\"attachment-thumbnail size-thumbnail\" alt=\"\" \/><\/a>\n\t\t\t\t<\/dt><\/dl><dl class='gallery-item'>\n\t\t\t\t<dt class='gallery-icon portrait'>\n\t\t\t\t\t<a class=\"rollover rollover-zoom dt-pswp-item\" title=\"207338416_829476557704869_705624468914854077_n\" data-dt-img-description=\"\" data-large_image_width=\"339\" data-large_image_height=\"403\"href='https:\/\/www.radiopiu.net\/wordpress\/wp-content\/uploads\/2021\/06\/207338416_829476557704869_705624468914854077_n.jpg'><img loading=\"lazy\" decoding=\"async\" width=\"150\" height=\"150\" src=\"https:\/\/www.radiopiu.net\/wordpress\/wp-content\/uploads\/2021\/06\/207338416_829476557704869_705624468914854077_n-150x150.jpg\" class=\"attachment-thumbnail size-thumbnail\" alt=\"\" \/><\/a>\n\t\t\t\t<\/dt><\/dl><dl class='gallery-item'>\n\t\t\t\t<dt class='gallery-icon landscape'>\n\t\t\t\t\t<a class=\"rollover rollover-zoom dt-pswp-item\" title=\"206341908_242593150661793_7214269998167145250_n\" data-dt-img-description=\"\" data-large_image_width=\"511\" data-large_image_height=\"403\"href='https:\/\/www.radiopiu.net\/wordpress\/wp-content\/uploads\/2021\/06\/206341908_242593150661793_7214269998167145250_n.jpg'><img loading=\"lazy\" decoding=\"async\" width=\"150\" height=\"150\" src=\"https:\/\/www.radiopiu.net\/wordpress\/wp-content\/uploads\/2021\/06\/206341908_242593150661793_7214269998167145250_n-150x150.jpg\" class=\"attachment-thumbnail size-thumbnail\" alt=\"\" \/><\/a>\n\t\t\t\t<\/dt><\/dl><dl class='gallery-item'>\n\t\t\t\t<dt class='gallery-icon landscape'>\n\t\t\t\t\t<a class=\"rollover rollover-zoom dt-pswp-item\" title=\"207616076_162087395911391_1672068135095705311_n\" data-dt-img-description=\"\" data-large_image_width=\"443\" data-large_image_height=\"403\"href='https:\/\/www.radiopiu.net\/wordpress\/wp-content\/uploads\/2021\/06\/207616076_162087395911391_1672068135095705311_n.jpg'><img loading=\"lazy\" decoding=\"async\" width=\"150\" height=\"150\" src=\"https:\/\/www.radiopiu.net\/wordpress\/wp-content\/uploads\/2021\/06\/207616076_162087395911391_1672068135095705311_n-150x150.jpg\" class=\"attachment-thumbnail size-thumbnail\" alt=\"\" \/><\/a>\n\t\t\t\t<\/dt><\/dl><dl class='gallery-item'>\n\t\t\t\t<dt class='gallery-icon landscape'>\n\t\t\t\t\t<a class=\"rollover rollover-zoom dt-pswp-item\" title=\"207230121_346158500363814_6248744203701724223_n\" data-dt-img-description=\"\" data-large_image_width=\"520\" data-large_image_height=\"403\"href='https:\/\/www.radiopiu.net\/wordpress\/wp-content\/uploads\/2021\/06\/207230121_346158500363814_6248744203701724223_n.jpg'><img loading=\"lazy\" decoding=\"async\" width=\"150\" height=\"150\" src=\"https:\/\/www.radiopiu.net\/wordpress\/wp-content\/uploads\/2021\/06\/207230121_346158500363814_6248744203701724223_n-150x150.jpg\" class=\"attachment-thumbnail size-thumbnail\" alt=\"\" \/><\/a>\n\t\t\t\t<\/dt><\/dl><br style=\"clear: both\" \/><dl class='gallery-item'>\n\t\t\t\t<dt class='gallery-icon landscape'>\n\t\t\t\t\t<a class=\"rollover rollover-zoom dt-pswp-item\" title=\"208732941_299391118584684_5665412188383185415_n\" data-dt-img-description=\"\" data-large_image_width=\"479\" data-large_image_height=\"403\"href='https:\/\/www.radiopiu.net\/wordpress\/wp-content\/uploads\/2021\/06\/208732941_299391118584684_5665412188383185415_n.jpg'><img loading=\"lazy\" decoding=\"async\" width=\"150\" height=\"150\" src=\"https:\/\/www.radiopiu.net\/wordpress\/wp-content\/uploads\/2021\/06\/208732941_299391118584684_5665412188383185415_n-150x150.jpg\" class=\"attachment-thumbnail size-thumbnail\" alt=\"\" \/><\/a>\n\t\t\t\t<\/dt><\/dl><dl class='gallery-item'>\n\t\t\t\t<dt class='gallery-icon landscape'>\n\t\t\t\t\t<a class=\"rollover rollover-zoom dt-pswp-item\" title=\"210260466_569735434014467_3816743209665544925_n\" data-dt-img-description=\"\" data-large_image_width=\"580\" data-large_image_height=\"403\"href='https:\/\/www.radiopiu.net\/wordpress\/wp-content\/uploads\/2021\/06\/210260466_569735434014467_3816743209665544925_n.jpg'><img loading=\"lazy\" decoding=\"async\" width=\"150\" height=\"150\" src=\"https:\/\/www.radiopiu.net\/wordpress\/wp-content\/uploads\/2021\/06\/210260466_569735434014467_3816743209665544925_n-150x150.jpg\" class=\"attachment-thumbnail size-thumbnail\" alt=\"\" \/><\/a>\n\t\t\t\t<\/dt><\/dl><dl class='gallery-item'>\n\t\t\t\t<dt class='gallery-icon landscape'>\n\t\t\t\t\t<a class=\"rollover rollover-zoom dt-pswp-item\" title=\"208949893_1251145915314739_3563932077477158377_n\" data-dt-img-description=\"\" data-large_image_width=\"455\" data-large_image_height=\"403\"href='https:\/\/www.radiopiu.net\/wordpress\/wp-content\/uploads\/2021\/06\/208949893_1251145915314739_3563932077477158377_n.jpg'><img loading=\"lazy\" decoding=\"async\" width=\"150\" height=\"150\" src=\"https:\/\/www.radiopiu.net\/wordpress\/wp-content\/uploads\/2021\/06\/208949893_1251145915314739_3563932077477158377_n-150x150.jpg\" class=\"attachment-thumbnail size-thumbnail\" alt=\"\" \/><\/a>\n\t\t\t\t<\/dt><\/dl><dl class='gallery-item'>\n\t\t\t\t<dt class='gallery-icon portrait'>\n\t\t\t\t\t<a class=\"rollover rollover-zoom dt-pswp-item\" title=\"206473654_832018651086258_4483154417859047720_n\" data-dt-img-description=\"\" data-large_image_width=\"320\" data-large_image_height=\"477\"href='https:\/\/www.radiopiu.net\/wordpress\/wp-content\/uploads\/2021\/06\/206473654_832018651086258_4483154417859047720_n.jpg'><img loading=\"lazy\" decoding=\"async\" width=\"150\" height=\"150\" src=\"https:\/\/www.radiopiu.net\/wordpress\/wp-content\/uploads\/2021\/06\/206473654_832018651086258_4483154417859047720_n-150x150.jpg\" class=\"attachment-thumbnail size-thumbnail\" alt=\"\" \/><\/a>\n\t\t\t\t<\/dt><\/dl><dl class='gallery-item'>\n\t\t\t\t<dt class='gallery-icon portrait'>\n\t\t\t\t\t<a class=\"rollover rollover-zoom dt-pswp-item\" title=\"208909610_4104631106285714_14334809891638007_n\" data-dt-img-description=\"\" data-large_image_width=\"318\" data-large_image_height=\"403\"href='https:\/\/www.radiopiu.net\/wordpress\/wp-content\/uploads\/2021\/06\/208909610_4104631106285714_14334809891638007_n.jpg'><img loading=\"lazy\" decoding=\"async\" width=\"150\" height=\"150\" src=\"https:\/\/www.radiopiu.net\/wordpress\/wp-content\/uploads\/2021\/06\/208909610_4104631106285714_14334809891638007_n-150x150.jpg\" class=\"attachment-thumbnail size-thumbnail\" alt=\"\" \/><\/a>\n\t\t\t\t<\/dt><\/dl><dl class='gallery-item'>\n\t\t\t\t<dt class='gallery-icon landscape'>\n\t\t\t\t\t<a class=\"rollover rollover-zoom dt-pswp-item\" title=\"208194543_493832011924690_7237092014193900600_n\" data-dt-img-description=\"\" data-large_image_width=\"475\" data-large_image_height=\"403\"href='https:\/\/www.radiopiu.net\/wordpress\/wp-content\/uploads\/2021\/06\/208194543_493832011924690_7237092014193900600_n.jpg'><img loading=\"lazy\" decoding=\"async\" width=\"150\" height=\"150\" src=\"https:\/\/www.radiopiu.net\/wordpress\/wp-content\/uploads\/2021\/06\/208194543_493832011924690_7237092014193900600_n-150x150.jpg\" class=\"attachment-thumbnail size-thumbnail\" alt=\"\" \/><\/a>\n\t\t\t\t<\/dt><\/dl><br style=\"clear: both\" \/><dl class='gallery-item'>\n\t\t\t\t<dt class='gallery-icon portrait'>\n\t\t\t\t\t<a class=\"rollover rollover-zoom dt-pswp-item\" title=\"208357440_425853798818185_950931776074751132_n\" data-dt-img-description=\"\" data-large_image_width=\"310\" data-large_image_height=\"480\"href='https:\/\/www.radiopiu.net\/wordpress\/wp-content\/uploads\/2021\/06\/208357440_425853798818185_950931776074751132_n.jpg'><img loading=\"lazy\" decoding=\"async\" width=\"150\" height=\"150\" src=\"https:\/\/www.radiopiu.net\/wordpress\/wp-content\/uploads\/2021\/06\/208357440_425853798818185_950931776074751132_n-150x150.jpg\" class=\"attachment-thumbnail size-thumbnail\" alt=\"\" \/><\/a>\n\t\t\t\t<\/dt><\/dl><dl class='gallery-item'>\n\t\t\t\t<dt class='gallery-icon landscape'>\n\t\t\t\t\t<a class=\"rollover rollover-zoom dt-pswp-item\" title=\"210224555_371669491042085_3223648325977626093_n\" data-dt-img-description=\"\" data-large_image_width=\"498\" data-large_image_height=\"403\"href='https:\/\/www.radiopiu.net\/wordpress\/wp-content\/uploads\/2021\/06\/210224555_371669491042085_3223648325977626093_n.jpg'><img loading=\"lazy\" decoding=\"async\" width=\"150\" height=\"150\" src=\"https:\/\/www.radiopiu.net\/wordpress\/wp-content\/uploads\/2021\/06\/210224555_371669491042085_3223648325977626093_n-150x150.jpg\" class=\"attachment-thumbnail size-thumbnail\" alt=\"\" \/><\/a>\n\t\t\t\t<\/dt><\/dl><dl class='gallery-item'>\n\t\t\t\t<dt class='gallery-icon landscape'>\n\t\t\t\t\t<a class=\"rollover rollover-zoom dt-pswp-item\" title=\"207872987_1919058728262107_1632651665812618021_n\" data-dt-img-description=\"\" data-large_image_width=\"587\" data-large_image_height=\"403\"href='https:\/\/www.radiopiu.net\/wordpress\/wp-content\/uploads\/2021\/06\/207872987_1919058728262107_1632651665812618021_n.jpg'><img loading=\"lazy\" decoding=\"async\" width=\"150\" height=\"150\" src=\"https:\/\/www.radiopiu.net\/wordpress\/wp-content\/uploads\/2021\/06\/207872987_1919058728262107_1632651665812618021_n-150x150.jpg\" class=\"attachment-thumbnail size-thumbnail\" alt=\"\" \/><\/a>\n\t\t\t\t<\/dt><\/dl><dl class='gallery-item'>\n\t\t\t\t<dt class='gallery-icon landscape'>\n\t\t\t\t\t<a class=\"rollover rollover-zoom dt-pswp-item\" title=\"209053924_283249310251857_6327694788768640512_n\" data-dt-img-description=\"\" data-large_image_width=\"430\" data-large_image_height=\"403\"href='https:\/\/www.radiopiu.net\/wordpress\/wp-content\/uploads\/2021\/06\/209053924_283249310251857_6327694788768640512_n.jpg'><img loading=\"lazy\" decoding=\"async\" width=\"150\" height=\"150\" src=\"https:\/\/www.radiopiu.net\/wordpress\/wp-content\/uploads\/2021\/06\/209053924_283249310251857_6327694788768640512_n-150x150.jpg\" class=\"attachment-thumbnail size-thumbnail\" alt=\"\" \/><\/a>\n\t\t\t\t<\/dt><\/dl><dl class='gallery-item'>\n\t\t\t\t<dt class='gallery-icon landscape'>\n\t\t\t\t\t<a class=\"rollover rollover-zoom dt-pswp-item\" title=\"206347400_1219012301902372_5038107010604753767_n\" data-dt-img-description=\"\" data-large_image_width=\"449\" data-large_image_height=\"403\"href='https:\/\/www.radiopiu.net\/wordpress\/wp-content\/uploads\/2021\/06\/206347400_1219012301902372_5038107010604753767_n.jpg'><img loading=\"lazy\" decoding=\"async\" width=\"150\" height=\"150\" src=\"https:\/\/www.radiopiu.net\/wordpress\/wp-content\/uploads\/2021\/06\/206347400_1219012301902372_5038107010604753767_n-150x150.jpg\" class=\"attachment-thumbnail size-thumbnail\" alt=\"\" \/><\/a>\n\t\t\t\t<\/dt><\/dl><dl class='gallery-item'>\n\t\t\t\t<dt class='gallery-icon portrait'>\n\t\t\t\t\t<a class=\"rollover rollover-zoom dt-pswp-item\" title=\"206680408_569353477561335_2098476905735521358_n\" data-dt-img-description=\"\" data-large_image_width=\"320\" data-large_image_height=\"463\"href='https:\/\/www.radiopiu.net\/wordpress\/wp-content\/uploads\/2021\/06\/206680408_569353477561335_2098476905735521358_n.jpg'><img loading=\"lazy\" decoding=\"async\" width=\"150\" height=\"150\" src=\"https:\/\/www.radiopiu.net\/wordpress\/wp-content\/uploads\/2021\/06\/206680408_569353477561335_2098476905735521358_n-150x150.jpg\" class=\"attachment-thumbnail size-thumbnail\" alt=\"\" \/><\/a>\n\t\t\t\t<\/dt><\/dl><br style=\"clear: both\" \/>\n\t\t\t<\/div>\n\n<p>&nbsp;<\/p>\n<p>&nbsp;<\/p>\n<hr \/>\n<p>&nbsp;<\/p>\n<h1><span style=\"color: #ff0000;\">IERI ALLA RADIO<\/span><\/h1>\n<h2><em><a href=\"https:\/\/www.radiopiu.net\/wordpress\/estate-in-villa-2021-alla-scoperta-dei-vini-del-bellunese\/bicchiere-vino\/\" rel=\"attachment wp-att-219120\"><img loading=\"lazy\" decoding=\"async\" class=\"size-medium wp-image-219120 alignleft\" src=\"https:\/\/www.radiopiu.net\/wordpress\/wp-content\/uploads\/2021\/06\/bicchiere-vino-300x199.jpg\" alt=\"\" width=\"300\" height=\"199\" srcset=\"https:\/\/www.radiopiu.net\/wordpress\/wp-content\/uploads\/2021\/06\/bicchiere-vino-300x199.jpg 300w, https:\/\/www.radiopiu.net\/wordpress\/wp-content\/uploads\/2021\/06\/bicchiere-vino-1024x678.jpg 1024w, https:\/\/www.radiopiu.net\/wordpress\/wp-content\/uploads\/2021\/06\/bicchiere-vino-768x508.jpg 768w, https:\/\/www.radiopiu.net\/wordpress\/wp-content\/uploads\/2021\/06\/bicchiere-vino-1536x1017.jpg 1536w, https:\/\/www.radiopiu.net\/wordpress\/wp-content\/uploads\/2021\/06\/bicchiere-vino.jpg 1920w\" sizes=\"auto, (max-width: 300px) 100vw, 300px\" \/><\/a><\/em><span style=\"color: #993300;\">ESTATE IN VILLA 2021, ALLA SCOPERTA DEI VINI DEL BELLUNESE<\/span><\/h2>\n<p><em>Torna la rassegna che conduce alla scoperta delle pi\u00f9 belle Ville Venete della nostra provincia. <\/em><em>In questa edizione spazio ai viticoltori presenti sul territorio bellunese, che allieteranno le serate facendo degustare i loro vini di montagna.<\/em><\/p>\n<p><strong>di Claudio Fontanive<\/strong><\/p>\n<p>OSPITI: Ulisse Baldisseri e Marco De Bacco<\/p>\n<audio class=\"wp-audio-shortcode\" id=\"audio-219015-16\" preload=\"none\" style=\"width: 100%;\" controls=\"controls\"><source type=\"audio\/mpeg\" src=\"https:\/\/www.radiopiu.net\/wordpress\/wp-content\/uploads\/2021\/06\/estate-in-villa-baldisseri-de-bacco.mp3?_=16\" \/><a href=\"https:\/\/www.radiopiu.net\/wordpress\/wp-content\/uploads\/2021\/06\/estate-in-villa-baldisseri-de-bacco.mp3\">https:\/\/www.radiopiu.net\/wordpress\/wp-content\/uploads\/2021\/06\/estate-in-villa-baldisseri-de-bacco.mp3<\/a><\/audio>\n<p>&nbsp;<\/p>\n<p>Ricco il programma, che attraverser\u00e0 la provincia e si protrarr\u00e0 fino al 24 settembre, con epilogo presso Palazzo Fulcis. L\u2019appuntamento inaugurale avr\u00e0 luogo il prossimo 2 luglio, a Feltre, e per l\u2019occasione a fare da cornice sar\u00e0 la Galleria d\u2019Arte Moderna Carlo Rizzarda<\/p>\n<p class=\"Standard\" style=\"text-align: justify; text-justify: inter-ideograph;\"><strong>IL CALENDARIO: <\/strong>09\/07 &#8211; Villa Crotta De Manzoni (Agordo), 16\/07 &#8211; Palazzo Francescon (Mel), 23\/07 &#8211; Villa Guarnieri (Feltre), 30\/07 &#8211; Villa Miari Fulcis (Belluno), 06\/08 &#8211; Villa San Liberale (Feltre), 20\/08 &#8211; Villa Buzzati (Belluno), 27\/08 &#8211; Villa Alpago-Novello (Trichiana), 03\/09 &#8211; Villa Zasso (Sospirolo), 10\/09 &#8211; Villa Gaggia (Belluno), 17\/09 &#8211; Villa Azzoni Avogadro (Santa Giustina), 24\/09 &#8211; Palazzo Fulcis (Belluno). Il costo di partecipazione alla singola serata \u00e8 di 20 euro: visita + degustazione.<\/p>\n<p>&nbsp;<\/p>\n<p>&nbsp;<\/p>\n<hr \/>\n<p>&nbsp;<\/p>\n<h2><strong><span style=\"color: #ff0000;\">QUINDICINALE APPUNTAMENTO ALLA RADIO<\/span><\/strong><\/h2>\n<blockquote>\n<h3><a style=\"font-size: 14px; font-weight: normal;\" href=\"https:\/\/www.radiopiu.net\/wordpress\/giornale-radiopiu-06-febbraio-2019-direttore-mirko-mezzacasa\/logo_spi-cgil-800x445\/\" rel=\"attachment wp-att-75538\"><img loading=\"lazy\" decoding=\"async\" class=\"wp-image-75538 alignleft\" src=\"https:\/\/www.radiopiu.net\/wordpress\/wp-content\/uploads\/2019\/02\/Logo_Spi-CGIL-800x445-300x167.jpg\" alt=\"\" width=\"210\" height=\"117\" srcset=\"https:\/\/www.radiopiu.net\/wordpress\/wp-content\/uploads\/2019\/02\/Logo_Spi-CGIL-800x445-300x167.jpg 300w, https:\/\/www.radiopiu.net\/wordpress\/wp-content\/uploads\/2019\/02\/Logo_Spi-CGIL-800x445-768x427.jpg 768w, https:\/\/www.radiopiu.net\/wordpress\/wp-content\/uploads\/2019\/02\/Logo_Spi-CGIL-800x445.jpg 800w\" sizes=\"auto, (max-width: 210px) 100vw, 210px\" \/><\/a><\/h3>\n<\/blockquote>\n<blockquote>\n<h3>ALLA RADIO, APPUNTAMENTO QUINDICINALE CON SPI-CGIL BELLUNO, IN STUDIO MARIA RITA GENTILIN<\/h3>\n<\/blockquote>\n<p><strong>di Claudio Fontanive\u00a0<\/strong><\/p>\n<p><span style=\"color: #ff0000;\"><strong>PUNTATA DEL\u00a0 24 giugno 2021<\/strong><\/span><\/p>\n<audio class=\"wp-audio-shortcode\" id=\"audio-219015-17\" preload=\"none\" style=\"width: 100%;\" controls=\"controls\"><source type=\"audio\/mpeg\" src=\"https:\/\/www.radiopiu.net\/wordpress\/wp-content\/uploads\/2021\/06\/spig-gentilin-24-giugno.mp3?_=17\" \/><a href=\"https:\/\/www.radiopiu.net\/wordpress\/wp-content\/uploads\/2021\/06\/spig-gentilin-24-giugno.mp3\">https:\/\/www.radiopiu.net\/wordpress\/wp-content\/uploads\/2021\/06\/spig-gentilin-24-giugno.mp3<\/a><\/audio>\n<p>&nbsp;<\/p>\n<p>&nbsp;<\/p>\n<p>&nbsp;<\/p>\n<hr \/>\n<h2><span style=\"color: #ff6600;\">\u00a0<\/span><\/h2>\n<h2><span style=\"color: #ff6600;\">GIROVAGANDO ALLA RADIO, PUNTATA 06<\/span><\/h2>\n<h3><a href=\"https:\/\/www.radiopiu.net\/wordpress\/girovagando-alla-radio-puntata-06\/6fc9c834-0128-418f-bd85-2af5897ff8e6\/\" rel=\"attachment wp-att-218407\"><img loading=\"lazy\" decoding=\"async\" class=\"size-medium wp-image-218407 alignleft\" src=\"https:\/\/www.radiopiu.net\/wordpress\/wp-content\/uploads\/2021\/06\/6fc9c834-0128-418f-bd85-2af5897ff8e6-300x200.jpg\" alt=\"\" width=\"300\" height=\"200\" srcset=\"https:\/\/www.radiopiu.net\/wordpress\/wp-content\/uploads\/2021\/06\/6fc9c834-0128-418f-bd85-2af5897ff8e6-300x200.jpg 300w, https:\/\/www.radiopiu.net\/wordpress\/wp-content\/uploads\/2021\/06\/6fc9c834-0128-418f-bd85-2af5897ff8e6-1024x682.jpg 1024w, https:\/\/www.radiopiu.net\/wordpress\/wp-content\/uploads\/2021\/06\/6fc9c834-0128-418f-bd85-2af5897ff8e6-768x512.jpg 768w, https:\/\/www.radiopiu.net\/wordpress\/wp-content\/uploads\/2021\/06\/6fc9c834-0128-418f-bd85-2af5897ff8e6.jpg 1400w\" sizes=\"auto, (max-width: 300px) 100vw, 300px\" \/><\/a>Collaborazione Thomas Soppera<\/h3>\n<p>&nbsp;<\/p>\n<p>&nbsp;<\/p>\n<p>&nbsp;<\/p>\n<p><strong>AUDIO PUNTATA 28 giugno 2021<\/strong><\/p>\n<audio class=\"wp-audio-shortcode\" id=\"audio-219015-18\" preload=\"none\" style=\"width: 100%;\" controls=\"controls\"><source type=\"audio\/mpeg\" src=\"https:\/\/www.radiopiu.net\/wordpress\/wp-content\/uploads\/2021\/06\/GIROVAGANDO-06.mp3?_=18\" \/><a href=\"https:\/\/www.radiopiu.net\/wordpress\/wp-content\/uploads\/2021\/06\/GIROVAGANDO-06.mp3\">https:\/\/www.radiopiu.net\/wordpress\/wp-content\/uploads\/2021\/06\/GIROVAGANDO-06.mp3<\/a><\/audio>\n<h2><span style=\"color: #ff0000;\">LA RACCOLTA COMPLETA\u00a0<\/span><\/h2>\n<blockquote class=\"wp-embedded-content\" data-secret=\"uzNkD6TkN4\"><p><a href=\"https:\/\/www.radiopiu.net\/wordpress\/girovagando-in-e-bike-tra-le-dolomiti\/\">GIROVAGANDO IN E BIKE TRA LE DOLOMITI<\/a><\/p><\/blockquote>\n<p><iframe loading=\"lazy\" class=\"wp-embedded-content\" sandbox=\"allow-scripts\" security=\"restricted\" style=\"position: absolute; clip: rect(1px, 1px, 1px, 1px);\" title=\"&#8220;GIROVAGANDO IN E BIKE TRA LE DOLOMITI&#8221; &#8212; Radio Pi\u00f9\" src=\"https:\/\/www.radiopiu.net\/wordpress\/girovagando-in-e-bike-tra-le-dolomiti\/embed\/#?secret=uzNkD6TkN4\" data-secret=\"uzNkD6TkN4\" width=\"600\" height=\"338\" frameborder=\"0\" marginwidth=\"0\" marginheight=\"0\" scrolling=\"no\"><\/iframe><\/p>\n<p>&nbsp;<\/p>\n<hr \/>\n<p>&nbsp;<\/p>\n<p>&nbsp;<\/p>\n<blockquote class=\"wp-embedded-content\" data-secret=\"JUEWKRL6fp\"><p><a href=\"https:\/\/www.radiopiu.net\/wordpress\/da-ieri-alla-radio-in-palinsesto-loris-e-maurizio-con-la-grande-musica\/\">IL BLUES ALLA RADIO &#8230; COME NON L&#8217;AVETE MAI SENTITO PRIMA<\/a><\/p><\/blockquote>\n<p><iframe loading=\"lazy\" class=\"wp-embedded-content\" sandbox=\"allow-scripts\" security=\"restricted\" style=\"position: absolute; clip: rect(1px, 1px, 1px, 1px);\" title=\"&#8220;IL BLUES ALLA RADIO &#8230; COME NON L&#8217;AVETE MAI SENTITO PRIMA&#8221; &#8212; Radio Pi\u00f9\" src=\"https:\/\/www.radiopiu.net\/wordpress\/da-ieri-alla-radio-in-palinsesto-loris-e-maurizio-con-la-grande-musica\/embed\/#?secret=JUEWKRL6fp\" data-secret=\"JUEWKRL6fp\" width=\"600\" height=\"338\" frameborder=\"0\" marginwidth=\"0\" marginheight=\"0\" scrolling=\"no\"><\/iframe><\/p>\n<p>\u200b<\/p>\n<p>&nbsp;<\/p>\n<hr \/>\n<p>&nbsp;<\/p>\n<div>\n<div class=\"b654a4as d2edcug0\">\n<div class=\"rq0escxv hkbzh7o3 jwdofwj8 n8tt0mok r8blr3vg hyh9befq\">\n<p><a class=\"dt-pswp-item\" href=\"https:\/\/www.radiopiu.net\/wordpress\/wp-content\/uploads\/2020\/10\/pp.jpg\" data-dt-img-description=\"\" data-large_image_width=\"640\" data-large_image_height=\"640\"><img loading=\"lazy\" decoding=\"async\" class=\"wp-image-163678 alignleft\" src=\"https:\/\/www.radiopiu.net\/wordpress\/wp-content\/uploads\/2020\/10\/pp-300x300.jpg\" alt=\"\" width=\"106\" height=\"106\" srcset=\"https:\/\/www.radiopiu.net\/wordpress\/wp-content\/uploads\/2020\/10\/pp-300x300.jpg 300w, https:\/\/www.radiopiu.net\/wordpress\/wp-content\/uploads\/2020\/10\/pp-150x150.jpg 150w, https:\/\/www.radiopiu.net\/wordpress\/wp-content\/uploads\/2020\/10\/pp-125x125.jpg 125w, https:\/\/www.radiopiu.net\/wordpress\/wp-content\/uploads\/2020\/10\/pp-200x200.jpg 200w, https:\/\/www.radiopiu.net\/wordpress\/wp-content\/uploads\/2020\/10\/pp-80x80.jpg 80w, https:\/\/www.radiopiu.net\/wordpress\/wp-content\/uploads\/2020\/10\/pp-480x480.jpg 480w, https:\/\/www.radiopiu.net\/wordpress\/wp-content\/uploads\/2020\/10\/pp.jpg 640w\" sizes=\"auto, (max-width: 106px) 100vw, 106px\" \/><\/a><\/p>\n<\/div>\n<\/div>\n<\/div>\n<div>\n<div class=\"page-title-head hgroup\">\n<div class=\"page-title-head hgroup\">\n<div class=\"b654a4as d2edcug0\">\n<div class=\"j83agx80 btwxx1t3 lhclo0ds hop8lmos nkwizq5d scwd0bx6 roh60bw9\">\n<div class=\"rq0escxv hkbzh7o3 jwdofwj8 n8tt0mok r8blr3vg hyh9befq\">\n<div class=\"do00u71z l9j0dhe7 k4urcfbm\">\n<h2><span style=\"color: #000080;\">DON CESARE, IL PENSIERO DEL GIORNO. ALLA RADIO ALLE 7 DEL MATTINO E ALLE 19.30 DELLA SERA.\u00a0\u00a0<\/span><\/h2>\n<\/div>\n<\/div>\n<\/div>\n<div class=\"rq0escxv hkbzh7o3 jwdofwj8 n8tt0mok r8blr3vg hyh9befq\"><\/div>\n<div><\/div>\n<div>\n<audio class=\"wp-audio-shortcode\" id=\"audio-219015-19\" preload=\"none\" style=\"width: 100%;\" controls=\"controls\"><source type=\"audio\/mpeg\" src=\"https:\/\/www.radiopiu.net\/wordpress\/wp-content\/uploads\/2021\/07\/CESARE.mp3?_=19\" \/><a href=\"https:\/\/www.radiopiu.net\/wordpress\/wp-content\/uploads\/2021\/07\/CESARE.mp3\">https:\/\/www.radiopiu.net\/wordpress\/wp-content\/uploads\/2021\/07\/CESARE.mp3<\/a><\/audio>\n<p>&nbsp;<\/p>\n<\/div>\n<div>\n<hr \/>\n<\/div>\n<div><\/div>\n<h2>COLLAGE&#8230; DI LORIS SCUSSEL dal lunedi al venerdi alle 16 e alle 23 su RADIO PIU<\/h2>\n<div>\n<p>&nbsp;<\/p>\n<\/div>\n<div>\n<blockquote>\n<blockquote>\n<div>\n<div>\n<blockquote>\n<blockquote>\n<div>\n<blockquote><p><strong>PUNTATA 378 DEL 30\u00a0 GIUGNO 2021\u00a0<\/strong><\/p><\/blockquote>\n<\/div>\n<\/blockquote>\n<\/blockquote>\n<\/div>\n<\/div>\n<\/blockquote>\n<div>\n<div>\n<audio class=\"wp-audio-shortcode\" id=\"audio-219015-20\" preload=\"none\" style=\"width: 100%;\" controls=\"controls\"><source type=\"audio\/mpeg\" src=\"https:\/\/www.radiopiu.net\/wordpress\/wp-content\/uploads\/2021\/06\/Collage-378.mp3?_=20\" \/><a href=\"https:\/\/www.radiopiu.net\/wordpress\/wp-content\/uploads\/2021\/06\/Collage-378.mp3\">https:\/\/www.radiopiu.net\/wordpress\/wp-content\/uploads\/2021\/06\/Collage-378.mp3<\/a><\/audio>\n<\/div>\n<\/div>\n<div>\n<div><\/div>\n<\/div>\n<blockquote>\n<div>\n<div>\n<blockquote>\n<blockquote>\n<div>\n<div>\n<blockquote>\n<div>\n<div>\n<div>\n<div>\n<div>\n<p><img loading=\"lazy\" decoding=\"async\" class=\"alignleft\" src=\"https:\/\/www.radiopiu.net\/wordpress\/wp-content\/uploads\/2021\/05\/Schermata-2021-05-23-alle-11.50.11.png\" width=\"186\" height=\"131\" \/>Il programma \u00e8 andato in onda da dicembre 2013 fino a luglio 2019, comprese le repliche, in due serie per 350 puntate complessive con 1.890 brani trasmessi. L\u2019obiettivo del programma: riproporre agli ascoltatori pi\u00f9 grandicelli le canzoni che ascoltavano nel passato e nello stesso tempo farle conoscere anche ai pi\u00f9 giovani.<\/p>\n<\/div>\n<\/div>\n<\/div>\n<\/div>\n<\/div>\n<\/blockquote>\n<\/div>\n<\/div>\n<\/blockquote>\n<\/blockquote>\n<\/div>\n<div>\n<div>\n<p>&nbsp;<\/p>\n<\/div>\n<\/div>\n<\/div>\n<\/blockquote>\n<\/blockquote>\n<\/div>\n<div><\/div>\n<div><\/div>\n<div><\/div>\n<div><\/div>\n<hr \/>\n<p>&nbsp;<\/p>\n<blockquote>\n<h2>FANTASTICHE DOLOMITI, NUOVA STAGIONE. APPUNTAMENTO QUINDICINALE IL GIOVEDI ALLE 10.30 E 19.00<\/h2>\n<\/blockquote>\n<blockquote class=\"wp-embedded-content\" data-secret=\"rSWO5LEHgz\"><p><a href=\"https:\/\/www.radiopiu.net\/wordpress\/raccolta-completa11\/\">FANTASTICHE DOLOMITI LA RACCOLTA COMPLETA<\/a><\/p><\/blockquote>\n<p><iframe loading=\"lazy\" class=\"wp-embedded-content\" sandbox=\"allow-scripts\" security=\"restricted\" style=\"position: absolute; clip: rect(1px, 1px, 1px, 1px);\" title=\"&#8220;FANTASTICHE DOLOMITI LA RACCOLTA COMPLETA&#8221; &#8212; Radio Pi\u00f9\" src=\"https:\/\/www.radiopiu.net\/wordpress\/raccolta-completa11\/embed\/#?secret=rSWO5LEHgz\" data-secret=\"rSWO5LEHgz\" width=\"600\" height=\"338\" frameborder=\"0\" marginwidth=\"0\" marginheight=\"0\" scrolling=\"no\"><\/iframe><\/p>\n<p>&nbsp;<\/p>\n<p>&nbsp;<\/p>\n<p>&nbsp;<\/p>\n<hr \/>\n<div>\n<div class=\"b654a4as d2edcug0\">\n<div class=\"rq0escxv hkbzh7o3 jwdofwj8 n8tt0mok r8blr3vg hyh9befq\">\n<div class=\"b654a4as d2edcug0\">\n<h2><span style=\"color: #008000;\">\u00a0<\/span><\/h2>\n<h2><span style=\"color: #008000;\">ERBE E PIANTE CURATIVE&#8230;IL\u00a0 PROGRAMMA DI PAOLA LANCIATO\u00a0\u00a0<\/span><\/h2>\n<p><a href=\"https:\/\/www.radiopiu.net\/wordpress\/?attachment_id=218554\" rel=\"attachment wp-att-218554\"><img loading=\"lazy\" decoding=\"async\" class=\"wp-image-218554 alignleft\" src=\"https:\/\/www.radiopiu.net\/wordpress\/wp-content\/uploads\/2021\/06\/mora-di-gelso-300x213.jpg\" alt=\"\" width=\"113\" height=\"80\" srcset=\"https:\/\/www.radiopiu.net\/wordpress\/wp-content\/uploads\/2021\/06\/mora-di-gelso-300x213.jpg 300w, https:\/\/www.radiopiu.net\/wordpress\/wp-content\/uploads\/2021\/06\/mora-di-gelso.jpg 350w\" sizes=\"auto, (max-width: 113px) 100vw, 113px\" \/><\/a><\/p>\n<p>&nbsp;<\/p>\n<p>IERI ALLA RADIO\u00a0<strong> IL GELSO<\/strong><\/p>\n<audio class=\"wp-audio-shortcode\" id=\"audio-219015-21\" preload=\"none\" style=\"width: 100%;\" controls=\"controls\"><source type=\"audio\/mpeg\" src=\"https:\/\/www.radiopiu.net\/wordpress\/wp-content\/uploads\/2021\/06\/20-Il-gelso-M.mp3?_=21\" \/><a href=\"https:\/\/www.radiopiu.net\/wordpress\/wp-content\/uploads\/2021\/06\/20-Il-gelso-M.mp3\">https:\/\/www.radiopiu.net\/wordpress\/wp-content\/uploads\/2021\/06\/20-Il-gelso-M.mp3<\/a><\/audio>\n<p>&nbsp;<\/p>\n<\/div>\n<blockquote class=\"wp-embedded-content\" data-secret=\"SO3qFpJ4QM\"><p><a href=\"https:\/\/www.radiopiu.net\/wordpress\/erbe-e-piante-curative-il-mandorlo\/\">L\u2019ERBA VOGLIO DEL GIARDINO DEL RE\u2026 ERBE, FIORI E PIANTE DI E CON PAOLA LANCIATO<\/a><\/p><\/blockquote>\n<p><iframe loading=\"lazy\" class=\"wp-embedded-content\" sandbox=\"allow-scripts\" security=\"restricted\" style=\"position: absolute; clip: rect(1px, 1px, 1px, 1px);\" title=\"&#8220;L\u2019ERBA VOGLIO DEL GIARDINO DEL RE\u2026 ERBE, FIORI E PIANTE DI E CON PAOLA LANCIATO&#8221; &#8212; Radio Pi\u00f9\" src=\"https:\/\/www.radiopiu.net\/wordpress\/erbe-e-piante-curative-il-mandorlo\/embed\/#?secret=SO3qFpJ4QM\" data-secret=\"SO3qFpJ4QM\" width=\"600\" height=\"338\" frameborder=\"0\" marginwidth=\"0\" marginheight=\"0\" scrolling=\"no\"><\/iframe><\/p>\n<p>&nbsp;<\/p>\n<\/div>\n<\/div>\n<\/div>\n<p>&nbsp;<\/p>\n<hr \/>\n<p>&nbsp;<\/p>\n<div>\n<h2><span style=\"color: #ff0000;\"><strong>IN VIVO VERSO 2020-21 ESTATE, RIASCOLTIAMOLI&#8230; DAL CASSETTO DEI RICORDI DI RADIO PIU&#8217;&#8230; LE PRIME\u00a0 SEI STAGIONI\u00a0 \u00a0<\/strong><\/span><\/h2>\n<div class=\"page-title-head hgroup\">\n<div class=\"page-title-head hgroup\">\n<div class=\"page-title-head hgroup\">\n<div class=\"page-title-head hgroup\">\n<div class=\"page-title-head hgroup\">\n<div class=\"page-title-head hgroup\">\n<blockquote>\n<h3>riascoltiamole SONO OVUNQUE di LAURETTA CASCELLA<\/h3>\n<p><strong>AUDIO<\/strong><\/p>\n<audio class=\"wp-audio-shortcode\" id=\"audio-219015-22\" preload=\"none\" style=\"width: 100%;\" controls=\"controls\"><source type=\"audio\/mpeg\" src=\"https:\/\/www.radiopiu.net\/wordpress\/wp-content\/uploads\/2021\/06\/03-LAURETTA-CASCELLA-SONO-OVUNQUE.mp3?_=22\" \/><a href=\"https:\/\/www.radiopiu.net\/wordpress\/wp-content\/uploads\/2021\/06\/03-LAURETTA-CASCELLA-SONO-OVUNQUE.mp3\">https:\/\/www.radiopiu.net\/wordpress\/wp-content\/uploads\/2021\/06\/03-LAURETTA-CASCELLA-SONO-OVUNQUE.mp3<\/a><\/audio>\n<p><strong>LA RACCOLTA COMPLETA<\/strong><\/p><\/blockquote>\n<\/div>\n<\/div>\n<\/div>\n<\/div>\n<\/div>\n<\/div>\n<blockquote class=\"wp-embedded-content\" data-secret=\"UDqCZWJR0Y\"><p><a href=\"https:\/\/www.radiopiu.net\/wordpress\/in-vivo-verso\/\">In Vivo Verso<\/a><\/p><\/blockquote>\n<p><iframe loading=\"lazy\" class=\"wp-embedded-content\" sandbox=\"allow-scripts\" security=\"restricted\" style=\"position: absolute; clip: rect(1px, 1px, 1px, 1px);\" title=\"&#8220;In Vivo Verso&#8221; &#8212; Radio Pi\u00f9\" src=\"https:\/\/www.radiopiu.net\/wordpress\/in-vivo-verso\/embed\/#?secret=UDqCZWJR0Y\" data-secret=\"UDqCZWJR0Y\" width=\"600\" height=\"338\" frameborder=\"0\" marginwidth=\"0\" marginheight=\"0\" scrolling=\"no\"><\/iframe><\/p>\n<p>&nbsp;<\/p>\n<hr \/>\n<\/div>\n<blockquote>\n<blockquote>\n<h2><\/h2>\n<\/blockquote>\n<\/blockquote>\n<div>\n<div class=\"b654a4as d2edcug0\">\n<div class=\"rq0escxv hkbzh7o3 jwdofwj8 n8tt0mok r8blr3vg hyh9befq\">\n<p>&nbsp;<\/p>\n<blockquote>\n<h2><span style=\"color: #ff0000;\"><em>ZAINO ALLA RADIO&#8230;ESTATE DI PAOLA LANCIATO TUTTI I GIORNI dal lunedi al venerdi ALLE 14 E 23.30\u00a0 \u00a0<\/em><\/span><\/h2>\n<\/blockquote>\n<div class=\"b654a4as d2edcug0\">\n<blockquote>\n<h2>IN VIAGGIO CON PAOLA LANCIATO, NEL ZAINO ESTATE Il Giardino di Ninfa Sermoneta e Norma<\/h2>\n<\/blockquote>\n<p><strong>AUDIO<\/strong><\/p>\n<audio class=\"wp-audio-shortcode\" id=\"audio-219015-23\" preload=\"none\" style=\"width: 100%;\" controls=\"controls\"><source type=\"audio\/mpeg\" src=\"https:\/\/www.radiopiu.net\/wordpress\/wp-content\/uploads\/2021\/06\/38-Il-Giardino-di-Ninfa-Sermoneta-e-Norma-M.mp3?_=23\" \/><a href=\"https:\/\/www.radiopiu.net\/wordpress\/wp-content\/uploads\/2021\/06\/38-Il-Giardino-di-Ninfa-Sermoneta-e-Norma-M.mp3\">https:\/\/www.radiopiu.net\/wordpress\/wp-content\/uploads\/2021\/06\/38-Il-Giardino-di-Ninfa-Sermoneta-e-Norma-M.mp3<\/a><\/audio>\n<p><img loading=\"lazy\" decoding=\"async\" class=\"\" src=\"https:\/\/www.radiopiu.net\/wordpress\/wp-content\/uploads\/2021\/06\/38.jpg\" width=\"317\" height=\"210\" \/><\/p>\n<p>&nbsp;<\/p>\n<p>&nbsp;<\/p>\n<p>&nbsp;<\/p>\n<p><strong>LA RACCOLTA COMPLETA<\/strong><\/p>\n<\/div>\n<blockquote class=\"wp-embedded-content\" data-secret=\"NNiNLRAE5i\"><p><a href=\"https:\/\/www.radiopiu.net\/wordpress\/zaino-femminile-lanciato\/\">Zaino da viaggio al femminile<\/a><\/p><\/blockquote>\n<p><iframe loading=\"lazy\" class=\"wp-embedded-content\" sandbox=\"allow-scripts\" security=\"restricted\" style=\"position: absolute; clip: rect(1px, 1px, 1px, 1px);\" title=\"&#8220;Zaino da viaggio al femminile&#8221; &#8212; Radio Pi\u00f9\" src=\"https:\/\/www.radiopiu.net\/wordpress\/zaino-femminile-lanciato\/embed\/#?secret=NNiNLRAE5i\" data-secret=\"NNiNLRAE5i\" width=\"600\" height=\"338\" frameborder=\"0\" marginwidth=\"0\" marginheight=\"0\" scrolling=\"no\"><\/iframe><\/p>\n<p>&nbsp;<\/p>\n<\/div>\n<\/div>\n<\/div>\n<hr \/>\n<p>&nbsp;<\/p>\n<div>\n<h2><span style=\"color: #800080;\"><strong>LA RASSEGNA STAMPA DA L&#8217;AMICO DEL POPOLO\u00a0<\/strong><\/span><\/h2>\n<h3 class=\"kvgmc6g5 cxmmr5t8 oygrvhab hcukyx3x c1et5uql\"><span style=\"color: #0000ff;\"> INFORMAZIONE il canale su TELEGRAM informazione di prima mano e in tempo reale. iscriviti ed aiutaci a farlo conoscere\u00a0\u00a0<\/span><\/h3>\n<p><a href=\"https:\/\/www.radiopiu.net\/wordpress\/tre-agordini-al-campionato-mondiale-di-pesto-genovese-al-mortaio\/a70961a5-8249-40f2-b8ac-e60b60d2e03e\/\" rel=\"attachment wp-att-193173\"><img loading=\"lazy\" decoding=\"async\" class=\"wp-image-193173 alignleft\" src=\"https:\/\/www.radiopiu.net\/wordpress\/wp-content\/uploads\/2021\/02\/a70961a5-8249-40f2-b8ac-e60b60d2e03e-271x300.jpg\" alt=\"\" width=\"125\" height=\"138\" srcset=\"https:\/\/www.radiopiu.net\/wordpress\/wp-content\/uploads\/2021\/02\/a70961a5-8249-40f2-b8ac-e60b60d2e03e-271x300.jpg 271w, https:\/\/www.radiopiu.net\/wordpress\/wp-content\/uploads\/2021\/02\/a70961a5-8249-40f2-b8ac-e60b60d2e03e.jpg 720w\" sizes=\"auto, (max-width: 125px) 100vw, 125px\" \/><\/a><strong>di Gianni Santomaso<\/strong><\/p>\n<p>OSPITE: Gabriele Riva<\/p>\n<audio class=\"wp-audio-shortcode\" id=\"audio-219015-24\" preload=\"none\" style=\"width: 100%;\" controls=\"controls\"><source type=\"audio\/mpeg\" src=\"https:\/\/www.radiopiu.net\/wordpress\/wp-content\/uploads\/2021\/06\/RASSEGNA-GIANNI-4.mp3?_=24\" \/><a href=\"https:\/\/www.radiopiu.net\/wordpress\/wp-content\/uploads\/2021\/06\/RASSEGNA-GIANNI-4.mp3\">https:\/\/www.radiopiu.net\/wordpress\/wp-content\/uploads\/2021\/06\/RASSEGNA-GIANNI-4.mp3<\/a><\/audio>\n<p>&nbsp;<\/p>\n<p><strong>LA RACCOLTA COMPLETA<\/strong><\/p>\n<blockquote class=\"wp-embedded-content\" data-secret=\"y4cwgWe9na\"><p><a href=\"https:\/\/www.radiopiu.net\/wordpress\/rassegna-stampa-di-gianni-santomaso\/\">Rassegna stampa da l&#8217;amico del popolo &#8211; di Gianni Santomaso<\/a><\/p><\/blockquote>\n<p><iframe loading=\"lazy\" class=\"wp-embedded-content\" sandbox=\"allow-scripts\" security=\"restricted\" style=\"position: absolute; clip: rect(1px, 1px, 1px, 1px);\" title=\"&#8220;Rassegna stampa da l&#8217;amico del popolo &#8211; di Gianni Santomaso&#8221; &#8212; Radio Pi\u00f9\" src=\"https:\/\/www.radiopiu.net\/wordpress\/rassegna-stampa-di-gianni-santomaso\/embed\/#?secret=y4cwgWe9na\" data-secret=\"y4cwgWe9na\" width=\"600\" height=\"338\" frameborder=\"0\" marginwidth=\"0\" marginheight=\"0\" scrolling=\"no\"><\/iframe><\/p>\n<div class=\"b654a4as d2edcug0\"><\/div>\n<\/div>\n<p>&nbsp;<\/p>\n<hr \/>\n<div dir=\"auto\"><\/div>\n<p>&nbsp;<\/p>\n<div dir=\"auto\">\n<blockquote>\n<h3>SALUTE E SOCIETA&#8217; IL LUNEDI ALLE 13.10 E ALLE 20.10, LA DOMENICA ALLE 10.30 A CURA DEL DOTTOR MARCO CARACCIOLO. QUINTA STAGIONE<\/h3>\n<\/blockquote>\n<p><strong><a href=\"https:\/\/www.radiopiu.net\/wordpress\/tumore-ovarico-manteniamoci-informate\/whatsapp-image-2021-06-28-at-09-40-27\/\" rel=\"attachment wp-att-218600\"><img loading=\"lazy\" decoding=\"async\" class=\"size-medium wp-image-218600 alignleft\" src=\"https:\/\/www.radiopiu.net\/wordpress\/wp-content\/uploads\/2021\/06\/WhatsApp-Image-2021-06-28-at-09.40.27-300x169.jpeg\" alt=\"\" width=\"300\" height=\"169\" srcset=\"https:\/\/www.radiopiu.net\/wordpress\/wp-content\/uploads\/2021\/06\/WhatsApp-Image-2021-06-28-at-09.40.27-300x169.jpeg 300w, https:\/\/www.radiopiu.net\/wordpress\/wp-content\/uploads\/2021\/06\/WhatsApp-Image-2021-06-28-at-09.40.27-1024x576.jpeg 1024w, https:\/\/www.radiopiu.net\/wordpress\/wp-content\/uploads\/2021\/06\/WhatsApp-Image-2021-06-28-at-09.40.27-768x432.jpeg 768w, https:\/\/www.radiopiu.net\/wordpress\/wp-content\/uploads\/2021\/06\/WhatsApp-Image-2021-06-28-at-09.40.27.jpeg 1280w\" sizes=\"auto, (max-width: 300px) 100vw, 300px\" \/><\/a>LA PUNTATA DELLA SETTIMANA del 21 GIUGNO<\/strong><\/p>\n<p>Per assistere in maniera ottimale i pazienti \u00e8 necessario costruire dei percorsi assistenziali condivisi tra tutti gli specialisti che ruotano intorno a una determinata patologia. \u00c8 importante abbandonare l\u2019autoreferenzialit\u00e0 e attivare la collaborazione tra le diverse figure sanitarie. Fabio Cartabellotta, Direttore Dipartimento di Medicina dell\u2019Ospedale Buccheri la Ferla FBF di Palermo, Nicol\u00f2 Borsellino, Direttore UOC di Oncologia Medica Ospedale Buccheri La Ferla FBF di Palermo, Salvatore Corrao, professore associato presso l\u2019Universit\u00e0 di Palermo; direttore U.O.C. di Medicina interna \u2013 Arnas Civico Palermo<\/p>\n<audio class=\"wp-audio-shortcode\" id=\"audio-219015-25\" preload=\"none\" style=\"width: 100%;\" controls=\"controls\"><source type=\"audio\/mpeg\" src=\"https:\/\/www.radiopiu.net\/wordpress\/wp-content\/uploads\/2021\/06\/SALUTE-3.mp3?_=25\" \/><a href=\"https:\/\/www.radiopiu.net\/wordpress\/wp-content\/uploads\/2021\/06\/SALUTE-3.mp3\">https:\/\/www.radiopiu.net\/wordpress\/wp-content\/uploads\/2021\/06\/SALUTE-3.mp3<\/a><\/audio>\n<p>&nbsp;<\/p>\n<blockquote class=\"wp-embedded-content\" data-secret=\"pjFXW3GBhy\"><p><a href=\"https:\/\/www.radiopiu.net\/wordpress\/saluteesocieta\/\">Salute e Societ\u00e0<\/a><\/p><\/blockquote>\n<p><iframe loading=\"lazy\" class=\"wp-embedded-content\" sandbox=\"allow-scripts\" security=\"restricted\" style=\"position: absolute; clip: rect(1px, 1px, 1px, 1px);\" title=\"&#8220;Salute e Societ\u00e0&#8221; &#8212; Radio Pi\u00f9\" src=\"https:\/\/www.radiopiu.net\/wordpress\/saluteesocieta\/embed\/#?secret=pjFXW3GBhy\" data-secret=\"pjFXW3GBhy\" width=\"600\" height=\"338\" frameborder=\"0\" marginwidth=\"0\" marginheight=\"0\" scrolling=\"no\"><\/iframe><\/p>\n<\/div>\n<div dir=\"auto\">\n<h1><\/h1>\n<\/div>\n<div>\n<div class=\"page-title-head hgroup\">\n<div class=\"page-title-head hgroup\">\n<div class=\"page-title-head hgroup\">\n<div>\n<div class=\"b654a4as d2edcug0\">\n<div class=\"rq0escxv hkbzh7o3 jwdofwj8 n8tt0mok r8blr3vg hyh9befq\">\n<hr \/>\n<\/div>\n<\/div>\n<\/div>\n<div>\n<div class=\"page-title-head hgroup\">\n<div class=\"page-title-head hgroup\">\n<div>\n<div class=\"b654a4as d2edcug0\">\n<p>&nbsp;<\/p>\n<blockquote>\n<h3><img loading=\"lazy\" decoding=\"async\" class=\"alignleft\" src=\"https:\/\/www.radiopiu.net\/wordpress\/wp-content\/uploads\/2021\/06\/fresh-flower-leaves-saffron-white-background-place-your-text-use-saffron-spice-cooking-cosmetology_347372-394.jpeg\" width=\"141\" height=\"94\" \/>L&#8217;ALMANACCO LADINO CON L&#8217;ISTITUT CESA DE JAN QUINDICINALE APPUNTAMENTO. LA DOMENICA ALLE 9 IL LUNEDI ALLE 8.35 IL MARTEDI ALLE 12.35 IL MERCOLEDI ALLE 18.35. SECONDA STAGIONE.<\/h3>\n<\/blockquote>\n<p><strong>RACCOLTA COMPLETA\u00a0<\/strong><\/p>\n<blockquote class=\"wp-embedded-content\" data-secret=\"f2K792zeAT\"><p><a href=\"https:\/\/www.radiopiu.net\/wordpress\/almanacco-ladino\/\">Almanacco Ladino<\/a><\/p><\/blockquote>\n<p><iframe loading=\"lazy\" class=\"wp-embedded-content\" sandbox=\"allow-scripts\" security=\"restricted\" style=\"position: absolute; clip: rect(1px, 1px, 1px, 1px);\" title=\"&#8220;Almanacco Ladino&#8221; &#8212; Radio Pi\u00f9\" src=\"https:\/\/www.radiopiu.net\/wordpress\/almanacco-ladino\/embed\/#?secret=f2K792zeAT\" data-secret=\"f2K792zeAT\" width=\"600\" height=\"338\" frameborder=\"0\" marginwidth=\"0\" marginheight=\"0\" scrolling=\"no\"><\/iframe><\/p>\n<div dir=\"auto\"><\/div>\n<\/div>\n<div>\n<p>&nbsp;<\/p>\n<hr \/>\n<h2><span style=\"color: #808000;\">\u00a0<\/span><\/h2>\n<h2><span style=\"color: #808000;\">DUE MINUTI UN LIBRO\u00a0 TUTTI I GIORNI ALLA RADIO ALLE 9.30 E ALLE 18. QUINTA STAGIONE\u00a0<\/span><\/h2>\n<blockquote class=\"wp-embedded-content\" data-secret=\"EzwvxBiCSN\"><p><a href=\"https:\/\/www.radiopiu.net\/wordpress\/leo-luomo-senza-tempo\/\">LEO, L&#8217;UOMO SENZA TEMPO<\/a><\/p><\/blockquote>\n<p><iframe loading=\"lazy\" class=\"wp-embedded-content\" sandbox=\"allow-scripts\" security=\"restricted\" style=\"position: absolute; clip: rect(1px, 1px, 1px, 1px);\" title=\"&#8220;LEO, L&#8217;UOMO SENZA TEMPO&#8221; &#8212; Radio Pi\u00f9\" src=\"https:\/\/www.radiopiu.net\/wordpress\/leo-luomo-senza-tempo\/embed\/#?secret=EzwvxBiCSN\" data-secret=\"EzwvxBiCSN\" width=\"600\" height=\"338\" frameborder=\"0\" marginwidth=\"0\" marginheight=\"0\" scrolling=\"no\"><\/iframe><\/p>\n<p>&nbsp;<\/p>\n<blockquote class=\"wp-embedded-content\" data-secret=\"Pi3cHo3teK\"><p><a href=\"https:\/\/www.radiopiu.net\/wordpress\/due-minuti-un-libro\/\">Due minuti un libro<\/a><\/p><\/blockquote>\n<p><iframe loading=\"lazy\" class=\"wp-embedded-content\" sandbox=\"allow-scripts\" security=\"restricted\" style=\"position: absolute; clip: rect(1px, 1px, 1px, 1px);\" title=\"&#8220;Due minuti un libro&#8221; &#8212; Radio Pi\u00f9\" src=\"https:\/\/www.radiopiu.net\/wordpress\/due-minuti-un-libro\/embed\/#?secret=Pi3cHo3teK\" data-secret=\"Pi3cHo3teK\" width=\"600\" height=\"338\" frameborder=\"0\" marginwidth=\"0\" marginheight=\"0\" scrolling=\"no\"><\/iframe><\/p>\n<p>&nbsp;<\/p>\n<p>&nbsp;<\/p>\n<hr \/>\n<p>\u200b<\/p>\n<div>\n<h2><span style=\"color: #33cccc;\">I RACCONTI DI PAOLO SOPPELSA il lunedi alle 9.30 e 18.30<\/span><\/h2>\n<p><span style=\"color: #0000ff;\">INFORMAZIONE il canale su TELEGRAM informazione di prima mano e in tempo reale. iscriviti ed aiutaci a farlo conoscere\u00a0<\/span><\/p>\n<blockquote class=\"wp-embedded-content\" data-secret=\"7PcUoOYzEn\"><p><a href=\"https:\/\/www.radiopiu.net\/wordpress\/i-racconti-di-paolo-soppelsa-ottantunesima-puntata\/\">I RACCONTI DI PAOLO SOPPELSA OTTANTUNESIMA PUNTATA<\/a><\/p><\/blockquote>\n<p><iframe loading=\"lazy\" class=\"wp-embedded-content\" sandbox=\"allow-scripts\" security=\"restricted\" style=\"position: absolute; clip: rect(1px, 1px, 1px, 1px);\" title=\"&#8220;I RACCONTI DI PAOLO SOPPELSA OTTANTUNESIMA PUNTATA&#8221; &#8212; Radio Pi\u00f9\" src=\"https:\/\/www.radiopiu.net\/wordpress\/i-racconti-di-paolo-soppelsa-ottantunesima-puntata\/embed\/#?secret=7PcUoOYzEn\" data-secret=\"7PcUoOYzEn\" width=\"600\" height=\"338\" frameborder=\"0\" marginwidth=\"0\" marginheight=\"0\" scrolling=\"no\"><\/iframe><\/p>\n<p>&nbsp;<\/p>\n<blockquote class=\"wp-embedded-content\" data-secret=\"L7ueNvqJLT\"><p><a href=\"https:\/\/www.radiopiu.net\/wordpress\/i-racconti-di-paolo-soppelsa\/\">I racconti di Paolo Soppelsa<\/a><\/p><\/blockquote>\n<p><iframe loading=\"lazy\" class=\"wp-embedded-content\" sandbox=\"allow-scripts\" security=\"restricted\" style=\"position: absolute; clip: rect(1px, 1px, 1px, 1px);\" title=\"&#8220;I racconti di Paolo Soppelsa&#8221; &#8212; Radio Pi\u00f9\" src=\"https:\/\/www.radiopiu.net\/wordpress\/i-racconti-di-paolo-soppelsa\/embed\/#?secret=L7ueNvqJLT\" data-secret=\"L7ueNvqJLT\" width=\"600\" height=\"338\" frameborder=\"0\" marginwidth=\"0\" marginheight=\"0\" scrolling=\"no\"><\/iframe><\/p>\n<p>&nbsp;<\/p>\n<\/div>\n<\/div>\n<hr \/>\n<p>&nbsp;<\/p>\n<h2><strong><span style=\"color: #ff0000;\">ALLA RADIO<\/span><\/strong><\/h2>\n<div data-offset-key=\"5n5nl-0-0\">\n<h3>Per ricevere gli aggiornamenti in tempo reale delle notizie pubblicate alla radio e sul sito di radio pi\u00f9 iscriviti al gruppo RADIO PIU INFORMAZIONE su Telegram.\u00a0\u00a0<a href=\"https:\/\/t.me\/radiopiu\">clicca qui<\/a><\/h3>\n<p>&nbsp;<\/p>\n<\/div>\n<blockquote><p><strong><a href=\"https:\/\/www.radiopiu.net\/wordpress\/cassa-solidarieta-luxottica-puntata-del-19-giugno-2020\/cslxo-2\/\" rel=\"attachment wp-att-145244\"><img loading=\"lazy\" decoding=\"async\" class=\"size-medium wp-image-145244 alignleft\" src=\"https:\/\/www.radiopiu.net\/wordpress\/wp-content\/uploads\/2020\/06\/cassa-solidarieta-luxottica-300x148.jpg\" alt=\"\" width=\"300\" height=\"148\" srcset=\"https:\/\/www.radiopiu.net\/wordpress\/wp-content\/uploads\/2020\/06\/cassa-solidarieta-luxottica-300x148.jpg 300w, https:\/\/www.radiopiu.net\/wordpress\/wp-content\/uploads\/2020\/06\/cassa-solidarieta-luxottica-1024x504.jpg 1024w, https:\/\/www.radiopiu.net\/wordpress\/wp-content\/uploads\/2020\/06\/cassa-solidarieta-luxottica-768x378.jpg 768w, https:\/\/www.radiopiu.net\/wordpress\/wp-content\/uploads\/2020\/06\/cassa-solidarieta-luxottica.jpg 1167w\" sizes=\"auto, (max-width: 300px) 100vw, 300px\" \/><\/a>di Claudio Fontanive<\/strong><\/p>\n<p>OSPITI: Paolo Chissal\u00e8 e Fabrizio Campedel<\/p>\n<p>&nbsp;<\/p>\n<p><strong>PUNTATA MAGGIO 2021<\/strong><\/p>\n<audio class=\"wp-audio-shortcode\" id=\"audio-219015-26\" preload=\"none\" style=\"width: 100%;\" controls=\"controls\"><source type=\"audio\/mpeg\" src=\"https:\/\/www.radiopiu.net\/wordpress\/wp-content\/uploads\/2021\/05\/ca-sol-lux-maggio-2021.mp3?_=26\" \/><a href=\"https:\/\/www.radiopiu.net\/wordpress\/wp-content\/uploads\/2021\/05\/ca-sol-lux-maggio-2021.mp3\">https:\/\/www.radiopiu.net\/wordpress\/wp-content\/uploads\/2021\/05\/ca-sol-lux-maggio-2021.mp3<\/a><\/audio>\n<h2>RACCOLTA COMPLETA<\/h2>\n<\/blockquote>\n<blockquote class=\"wp-embedded-content\" data-secret=\"h2AnspxJmc\"><p><a href=\"https:\/\/www.radiopiu.net\/wordpress\/cassa-solidarieta-luxottica-puntata-del-16-ottobre-2020\/\">CASSA SOLIDARIET\u00c0 LUXOTTICA &#8211; TUTTE LE PUNTATE<\/a><\/p><\/blockquote>\n<p><iframe loading=\"lazy\" class=\"wp-embedded-content\" sandbox=\"allow-scripts\" security=\"restricted\" style=\"position: absolute; clip: rect(1px, 1px, 1px, 1px);\" title=\"&#8220;CASSA SOLIDARIET\u00c0 LUXOTTICA &#8211; TUTTE LE PUNTATE&#8221; &#8212; Radio Pi\u00f9\" src=\"https:\/\/www.radiopiu.net\/wordpress\/cassa-solidarieta-luxottica-puntata-del-16-ottobre-2020\/embed\/#?secret=h2AnspxJmc\" data-secret=\"h2AnspxJmc\" width=\"600\" height=\"338\" frameborder=\"0\" marginwidth=\"0\" marginheight=\"0\" scrolling=\"no\"><\/iframe><\/p>\n<div>\n<h2><\/h2>\n<p>&nbsp;<\/p>\n<\/div>\n<hr \/>\n<\/div>\n<blockquote>\n<blockquote>\n<h2><a href=\"https:\/\/www.radiopiu.net\/wordpress\/speciale-solidarieta-veneto\/solidarieta-veneto-3\/\" rel=\"attachment wp-att-134366\">\u00a0<\/a><\/h2>\n<h2><a href=\"https:\/\/www.radiopiu.net\/wordpress\/speciale-solidarieta-veneto\/solidarieta-veneto-3\/\" rel=\"attachment wp-att-134366\"><img loading=\"lazy\" decoding=\"async\" class=\"wp-image-134366 alignleft\" src=\"https:\/\/www.radiopiu.net\/wordpress\/wp-content\/uploads\/2020\/05\/solidariet\u00e0-veneto-300x210.jpg\" alt=\"\" width=\"102\" height=\"71\" srcset=\"https:\/\/www.radiopiu.net\/wordpress\/wp-content\/uploads\/2020\/05\/solidariet\u00e0-veneto-300x210.jpg 300w, https:\/\/www.radiopiu.net\/wordpress\/wp-content\/uploads\/2020\/05\/solidariet\u00e0-veneto-1024x717.jpg 1024w, https:\/\/www.radiopiu.net\/wordpress\/wp-content\/uploads\/2020\/05\/solidariet\u00e0-veneto-768x538.jpg 768w, https:\/\/www.radiopiu.net\/wordpress\/wp-content\/uploads\/2020\/05\/solidariet\u00e0-veneto.jpg 1373w\" sizes=\"auto, (max-width: 102px) 100vw, 102px\" \/><\/a>SOLIDARIETA&#8217; VENETO FONDO PENSIONE, IN ONDA IL PRIMO VENERDI DEL MESE ALLE 10.30 E ALLE 19.00 QUINTA STAGIONE<\/h2>\n<\/blockquote>\n<h2><strong><span style=\"color: #ff0000;\">AUDIO MAGGIO 2021<\/span><\/strong><\/h2>\n<\/blockquote>\n<div>\n<audio class=\"wp-audio-shortcode\" id=\"audio-219015-27\" preload=\"none\" style=\"width: 100%;\" controls=\"controls\"><source type=\"audio\/mpeg\" src=\"https:\/\/www.radiopiu.net\/wordpress\/wp-content\/uploads\/2021\/05\/solidarieta-veneto-maggio-2021.mp3?_=27\" \/><a href=\"https:\/\/www.radiopiu.net\/wordpress\/wp-content\/uploads\/2021\/05\/solidarieta-veneto-maggio-2021.mp3\">https:\/\/www.radiopiu.net\/wordpress\/wp-content\/uploads\/2021\/05\/solidarieta-veneto-maggio-2021.mp3<\/a><\/audio>\n<\/div>\n<h2>LA RACCOLTA COMPLETA<\/h2>\n<blockquote class=\"wp-embedded-content\" data-secret=\"Z9BJCRmZOX\"><p><a href=\"https:\/\/www.radiopiu.net\/wordpress\/solidarieta-veneto\/\">Solidariet\u00e0 Veneto<\/a><\/p><\/blockquote>\n<p><iframe loading=\"lazy\" class=\"wp-embedded-content\" sandbox=\"allow-scripts\" security=\"restricted\" style=\"position: absolute; clip: rect(1px, 1px, 1px, 1px);\" title=\"&#8220;Solidariet\u00e0 Veneto&#8221; &#8212; Radio Pi\u00f9\" src=\"https:\/\/www.radiopiu.net\/wordpress\/solidarieta-veneto\/embed\/#?secret=Z9BJCRmZOX\" data-secret=\"Z9BJCRmZOX\" width=\"600\" height=\"338\" frameborder=\"0\" marginwidth=\"0\" marginheight=\"0\" scrolling=\"no\"><\/iframe><\/p>\n<blockquote>\n<h2><\/h2>\n<h2><\/h2>\n<\/blockquote>\n<div class=\"page-title-head hgroup\">\n<div>\n<div class=\"b654a4as d2edcug0\">\n<div dir=\"auto\">\n<hr \/>\n<p>&nbsp;<\/p>\n<div>\n<h2><span style=\"color: #ff0000;\">LEGGERMENTE BELLUNESI CON LUISA ALCHINI la raccolta completa<\/span><\/h2>\n<\/div>\n<div>\n<blockquote class=\"wp-embedded-content\" data-secret=\"pKiVLIOQge\"><p><a href=\"https:\/\/www.radiopiu.net\/wordpress\/leggermente-20\/\">LEGGERmente&#8230;Bellunesi<\/a><\/p><\/blockquote>\n<p><iframe loading=\"lazy\" class=\"wp-embedded-content\" sandbox=\"allow-scripts\" security=\"restricted\" style=\"position: absolute; clip: rect(1px, 1px, 1px, 1px);\" title=\"&#8220;LEGGERmente&#8230;Bellunesi&#8221; &#8212; Radio Pi\u00f9\" src=\"https:\/\/www.radiopiu.net\/wordpress\/leggermente-20\/embed\/#?secret=pKiVLIOQge\" data-secret=\"pKiVLIOQge\" width=\"600\" height=\"338\" frameborder=\"0\" marginwidth=\"0\" marginheight=\"0\" scrolling=\"no\"><\/iframe><\/p>\n<\/div>\n<\/div>\n<p>&nbsp;<\/p>\n<hr \/>\n<p>&nbsp;<\/p>\n<h2><span style=\"color: #ff0000;\">GOCCE DI FILOSOFIA, CON CHIARA CAU, CON LISA DE LUCA la raccolta completa<\/span><\/h2>\n<blockquote class=\"wp-embedded-content\" data-secret=\"p6cWKVwcH3\"><p><a href=\"https:\/\/www.radiopiu.net\/wordpress\/gocce-filosofia\/\">Gocce di filosofia<\/a><\/p><\/blockquote>\n<p><iframe loading=\"lazy\" class=\"wp-embedded-content\" sandbox=\"allow-scripts\" security=\"restricted\" style=\"position: absolute; clip: rect(1px, 1px, 1px, 1px);\" title=\"&#8220;Gocce di filosofia&#8221; &#8212; Radio Pi\u00f9\" src=\"https:\/\/www.radiopiu.net\/wordpress\/gocce-filosofia\/embed\/#?secret=p6cWKVwcH3\" data-secret=\"p6cWKVwcH3\" width=\"600\" height=\"338\" frameborder=\"0\" marginwidth=\"0\" marginheight=\"0\" scrolling=\"no\"><\/iframe><\/p>\n<p>&nbsp;<\/p>\n<p>&nbsp;<\/p>\n<hr \/>\n<\/div>\n<\/div>\n<p>&nbsp;<\/p>\n<p><a href=\"https:\/\/www.radiopiu.net\/wordpress\/giornale-radiopiu-26-settembre-2018-direttore-mirko-mezzacasa\/viabilita-2\/\" rel=\"attachment wp-att-61954\"><img loading=\"lazy\" decoding=\"async\" class=\"wp-image-61954 size-full aligncenter\" src=\"https:\/\/www.radiopiu.net\/wordpress\/wp-content\/uploads\/2018\/09\/viabilita.jpeg\" alt=\"\" width=\"800\" height=\"100\" srcset=\"https:\/\/www.radiopiu.net\/wordpress\/wp-content\/uploads\/2018\/09\/viabilita.jpeg 800w, https:\/\/www.radiopiu.net\/wordpress\/wp-content\/uploads\/2018\/09\/viabilita-300x38.jpeg 300w, https:\/\/www.radiopiu.net\/wordpress\/wp-content\/uploads\/2018\/09\/viabilita-768x96.jpeg 768w\" sizes=\"auto, (max-width: 800px) 100vw, 800px\" \/><\/a><\/p>\n<blockquote><p>&nbsp;<\/p><\/blockquote>\n<\/div>\n<\/div>\n<\/div>\n<\/div>\n<\/div>\n<\/div>\n<\/div>\n<\/div>\n<div><\/div>\n<div>\n<div>\n<div>\n<div>\n<div class=\"page-title-head hgroup\">\n<div class=\"page-title-head hgroup\">\n<div class=\"page-title-head hgroup\">\n<div>\n<div>\n<div class=\"page-title-head hgroup\">\n<div class=\"page-title-head hgroup\">\n<div class=\"page-title-head hgroup\">\n<blockquote><p><a href=\"https:\/\/www.radiopiu.net\/wordpress\/giornale-radiopiu-09-agosto-2018-direttore-mirko-mezzacasa\/viabilia\/\" rel=\"attachment wp-att-57053\"><img loading=\"lazy\" decoding=\"async\" class=\" wp-image-57053 alignleft\" src=\"https:\/\/www.radiopiu.net\/wordpress\/wp-content\/uploads\/2018\/08\/VIABILIA-300x180.jpeg\" alt=\"\" width=\"220\" height=\"132\" srcset=\"https:\/\/www.radiopiu.net\/wordpress\/wp-content\/uploads\/2018\/08\/VIABILIA-300x180.jpeg 300w, https:\/\/www.radiopiu.net\/wordpress\/wp-content\/uploads\/2018\/08\/VIABILIA-768x461.jpeg 768w, https:\/\/www.radiopiu.net\/wordpress\/wp-content\/uploads\/2018\/08\/VIABILIA-1024x614.jpeg 1024w, https:\/\/www.radiopiu.net\/wordpress\/wp-content\/uploads\/2018\/08\/VIABILIA.jpeg 1280w\" sizes=\"auto, (max-width: 220px) 100vw, 220px\" \/><\/a>La viabilit\u00e0 con gli ultimi aggiornamenti<\/p><\/blockquote>\n<\/div>\n<\/div>\n<\/div>\n<\/div>\n<\/div>\n<\/div>\n<\/div>\n<\/div>\n<\/div>\n<\/div>\n<\/div>\n<div><\/div>\n<div><\/div>\n<div>\n<div>\n<div class=\"page-title-head hgroup\">\n<p>&nbsp;<\/p>\n<audio class=\"wp-audio-shortcode\" id=\"audio-219015-28\" preload=\"none\" style=\"width: 100%;\" controls=\"controls\"><source type=\"audio\/mpeg\" src=\"https:\/\/www.radiopiu.net\/wordpress\/wp-content\/uploads\/2021\/06\/VIABILITA-7.mp3?_=28\" \/><a href=\"https:\/\/www.radiopiu.net\/wordpress\/wp-content\/uploads\/2021\/06\/VIABILITA-7.mp3\">https:\/\/www.radiopiu.net\/wordpress\/wp-content\/uploads\/2021\/06\/VIABILITA-7.mp3<\/a><\/audio>\n<p>&nbsp;<\/p>\n<p><a href=\"https:\/\/www.radiopiu.net\/wordpress\/giornale-radiopiu-28-giugno-2021-direttore-mirko-mezzacasa\/44ac2ed7-01a2-4a37-9944-8e01b4842246\/\" rel=\"attachment wp-att-218441\"><img loading=\"lazy\" decoding=\"async\" class=\"alignnone wp-image-218441 size-full\" src=\"https:\/\/www.radiopiu.net\/wordpress\/wp-content\/uploads\/2021\/06\/44ac2ed7-01a2-4a37-9944-8e01b4842246.jpg\" alt=\"\" width=\"800\" height=\"497\" srcset=\"https:\/\/www.radiopiu.net\/wordpress\/wp-content\/uploads\/2021\/06\/44ac2ed7-01a2-4a37-9944-8e01b4842246.jpg 800w, https:\/\/www.radiopiu.net\/wordpress\/wp-content\/uploads\/2021\/06\/44ac2ed7-01a2-4a37-9944-8e01b4842246-300x186.jpg 300w, https:\/\/www.radiopiu.net\/wordpress\/wp-content\/uploads\/2021\/06\/44ac2ed7-01a2-4a37-9944-8e01b4842246-768x477.jpg 768w\" sizes=\"auto, (max-width: 800px) 100vw, 800px\" \/><\/a><\/p>\n<p>&nbsp;<\/p>\n<hr \/>\n<p>&nbsp;<\/p>\n<\/div>\n<\/div>\n<\/div>\n<\/div>\n<div>\n<div class=\"page-title-head hgroup\" style=\"text-align: left;\">\n<div class=\"page-title-head hgroup\">\n<div dir=\"auto\">\n<p><a class=\"dt-pswp-item pspw-wrap-ready\" href=\"https:\/\/i0.wp.com\/www.radiopiu.net\/wordpress\/wp-content\/uploads\/2018\/09\/WhatsApp-Image-2018-09-20-at-16.04.06.jpeg?ssl=1\" data-dt-img-description=\"\" data-large_image_width=\"800\" data-large_image_height=\"100\"><img loading=\"lazy\" decoding=\"async\" class=\"aligncenter wp-image-61378 size-full jetpack-lazy-image jetpack-lazy-image--handled\" src=\"https:\/\/i0.wp.com\/www.radiopiu.net\/wordpress\/wp-content\/uploads\/2018\/09\/WhatsApp-Image-2018-09-20-at-16.04.06.jpeg?resize=800%2C100&amp;ssl=1\" sizes=\"auto, (max-width: 800px) 100vw, 800px\" srcset=\"https:\/\/i0.wp.com\/www.radiopiu.net\/wordpress\/wp-content\/uploads\/2018\/09\/WhatsApp-Image-2018-09-20-at-16.04.06.jpeg?w=800&amp;ssl=1 800w, https:\/\/i0.wp.com\/www.radiopiu.net\/wordpress\/wp-content\/uploads\/2018\/09\/WhatsApp-Image-2018-09-20-at-16.04.06.jpeg?resize=300%2C38&amp;ssl=1 300w, https:\/\/i0.wp.com\/www.radiopiu.net\/wordpress\/wp-content\/uploads\/2018\/09\/WhatsApp-Image-2018-09-20-at-16.04.06.jpeg?resize=768%2C96&amp;ssl=1 768w\" alt=\"\" width=\"800\" height=\"100\" data-lazy-loaded=\"1\" \/><\/a><\/p>\n<div style=\"text-align: left;\"><center><\/center><center>\u00a0<\/center><\/div>\n<\/div>\n<\/div>\n<p>&nbsp;<\/p>\n<div class=\"page-title-head hgroup\">\n<div dir=\"auto\">\n<div style=\"text-align: left;\">\n<div><center><b>Giovedi 1<\/b><\/center><b>Tempo atteso: <\/b>Giornata in prevalenza soleggiata e meno calda rispetto ai giorni scorsi. Al mattino cielo poco nuvoloso, nel pomeriggio nuvolosit\u00e0 cumuliforme irregolare con rischio di qualche fenomeno d&#8217;instabilit\u00e0, principalmente sulle Prealpi. In serata rasserenamento sulle Dolomiti e possibile qualche iniziale, residuo fenomeno sulle Prealpi.<br \/>\n<b>Precipitazioni: <\/b>Al mattino assenti (0%), nel pomeriggio possibilit\u00e0 di qualche rovescio o temporale, maggiore sulle Prealpi (60%) e minore sulle Dolomiti (30-40%).<br \/>\n<b>Temperature: <\/b>Minime in diminuzione, massime in aumento. Su Prealpi a 1500 m min 11, max 15 m, a 2000 m min 8, max 11, su Dolomiti a 2000 m min 6, max 12, a 3000 m min -1, max 1<br \/>\n<b>Venti: <\/b>Nelle valli deboli o moderati a regime di brezza: in quota moderati o tesi da ovest nord-ovest, 10-15 km\/h a 2000 m, 25-35 km\/h a 3000 m<\/p>\n<hr \/>\n<p><center><b>Venerdi 2<\/b><\/center><b>Tempo atteso: <\/b>Giornata generalmente bella, con caldo tipicamente estivo, ma non eccessivo. Cielo poco nuvoloso salvo qualche addensamento nelle ore pi\u00f9 calde.<br \/>\n<b>Precipitazioni: <\/b>Al mattino generalmente assenti (0-10%), nel pomeriggio non si esclude qualche rovescio o temporale (30%). In serata assenti (0%)<br \/>\n<b>Temperature: <\/b>Senza notevoli variazioni, salvo un lieve aumento nelle massime. Su Prealpi a 1500 m min 11, max 15 m, a 2000 m min 7, max 10, su Dolomiti a 2000 m min 6, max 13, a 3000 m -1, max 1<br \/>\n<b>Venti: <\/b>Nelle valli deboli o moderati per brezze: in quota deboli o moderati da ovest nord-ovest, 5-15 km\/h a 2000 m, 15-25 km\/h a 3000 m<\/p>\n<hr \/>\n<p><center><b>Sabato 3<\/b><\/center>Giornata solo in parte soleggiata per la presenza di nubi medio-alte, pi\u00f9 estese nel pomeriggio. In serata intensificazione della nuvolosit\u00e0 con successivi possibili rovesci o temporali, soprattutto nel corso della notte. Temperature stazionarie. Venti in quota deboli o moderati da ovest nord-ovest.<\/p>\n<hr \/>\n<p><center><b>Domenica 4<\/b><\/center>Parzialmente nuvoloso, con possibilit\u00e0 di rovesci sia al mattino che nel pomeriggio. Temperature senza grossi cambiamenti. Venti in quota deboli o moderati occidentali. Previsore: B.R.<\/p>\n<\/div>\n<\/div>\n<\/div>\n<\/div>\n<\/div>\n<\/div>\n<\/div>\n<\/div>\n<\/div>\n<\/div>\n<div>\n<div><\/div>\n<div><\/div>\n<hr \/>\n<\/div>\n<p>&nbsp;<\/p>\n<p><a href=\"https:\/\/www.radiopiu.net\/wordpress\/giornale-radiopiu-15-settembre-2018-direttore-mirko-mezzacasa\/sport-7\/\" rel=\"attachment wp-att-60761\"><img loading=\"lazy\" decoding=\"async\" class=\"aligncenter wp-image-60761 size-full\" src=\"https:\/\/www.radiopiu.net\/wordpress\/wp-content\/uploads\/2018\/09\/sport.jpg\" alt=\"\" width=\"800\" height=\"100\" srcset=\"https:\/\/www.radiopiu.net\/wordpress\/wp-content\/uploads\/2018\/09\/sport.jpg 800w, https:\/\/www.radiopiu.net\/wordpress\/wp-content\/uploads\/2018\/09\/sport-300x38.jpg 300w, https:\/\/www.radiopiu.net\/wordpress\/wp-content\/uploads\/2018\/09\/sport-768x96.jpg 768w\" sizes=\"auto, (max-width: 800px) 100vw, 800px\" \/><\/a><\/p>\n<p>&nbsp;<\/p>\n<blockquote>\n<h3>47^ ALPE DEL NEVEGAL SEMPRE PIU&#8217; INTERNAZIONALE di ROBERTO BONA<\/h3>\n<\/blockquote>\n<p><strong><img loading=\"lazy\" decoding=\"async\" class=\"alignleft\" src=\"https:\/\/www.radiopiu.net\/wordpress\/wp-content\/uploads\/2021\/07\/ChristianMerli-FotoFlavioCasoni.jpg\" width=\"309\" height=\"206\" \/>BELLUNO<\/strong><\/p>\n<audio class=\"wp-audio-shortcode\" id=\"audio-219015-29\" preload=\"none\" style=\"width: 100%;\" controls=\"controls\"><source type=\"audio\/mpeg\" src=\"https:\/\/www.radiopiu.net\/wordpress\/wp-content\/uploads\/2021\/07\/roberto.mp3?_=29\" \/><a href=\"https:\/\/www.radiopiu.net\/wordpress\/wp-content\/uploads\/2021\/07\/roberto.mp3\">https:\/\/www.radiopiu.net\/wordpress\/wp-content\/uploads\/2021\/07\/roberto.mp3<\/a><\/audio>\n<p>&nbsp;<\/p>\n<hr \/>\n<blockquote>\n<h2 dir=\"ltr\">Corso estivo di qualificazione ad Arbitro Effettivo della Federazione Italiana Giuoco Calcio<\/h2>\n<\/blockquote>\n<p dir=\"ltr\"><a href=\"https:\/\/www.radiopiu.net\/wordpress\/un-parcheggio-da-120-mila-euro-a-servizio-del-campo-di-calcio-ivano-dorigo-da-veneto-strade-un-bonus-di-40-mila-euro-per-gli-asfalti\/campo-calcio-agordo2\/\" rel=\"attachment wp-att-141279\"><img loading=\"lazy\" decoding=\"async\" class=\"size-full wp-image-141279 alignleft\" src=\"https:\/\/www.radiopiu.net\/wordpress\/wp-content\/uploads\/2020\/05\/CAMPO-CALCIO-AGORDO2.jpg\" alt=\"\" width=\"275\" height=\"183\" \/><\/a>Si terr\u00e0 sabato\u00a0 \u00a0alle 17\u00a0 la presentazione del nuovo corso arbitri estivo organizzato dalla Sezione A.I.A. di Belluno. La presentazione si terr\u00e0 online attraverso la piattaforma meet cliccando il seguente link: <a href=\"https:\/\/meet.google.com\/pnk-ecdr-pwd\" target=\"_blank\" rel=\"noopener noreferrer\">https:\/\/meet.google.com\/pnk-ecdr-pwd<\/a> .\u00a0 Il corso sar\u00e0 organizzato nei mesi estivi e terminer\u00e0 a settembre, permettendo cos\u00ec di entrare subito nel vivo del Campionato e nei terreni di gioco di tutta la nostra Provincia. \u00c8 composto da 14 lezioni, che si terranno online e con cadenza settimanale, pi\u00f9 2 incontri in presenza nel rispetto di tutte le normative sanitarie in vigore. Il corso e il materiale didattico messi a disposizione sono totalmente gratuiti. Una volta superato l\u2019esame finale i neo-arbitri avranno diritto al possesso della tessera F.I.G.C. con la quale potranno accedere gratuitamente in tutti gli stadi italiani, saranno dotati gratuitamente di divisa, taccuino e fischietto e avranno diritto ad un congruo rimborso spese per ogni gara diretta. Novit\u00e0: il doppio tesseramento,\u00a0 consiste nella possibilit\u00e0 per ragazze e ragazzi fino ai 17 anni di essere tesserati sia per l\u2019A.I.A. sia per societ\u00e0 della L.N.D. o del Settore Giovanile e Scolastico. Il doppio tesseramento arbitro-calciatore permetter\u00e0 a questi giovani associati di dirigere partite di calcio nei gironi nei quali non \u00e8 ovviamente presente la propria societ\u00e0.<\/p>\n<blockquote>\n<p dir=\"ltr\"><em>Info: Daniele Sbardella\u00a0 3463274940\u00a0 mail <a href=\"mailto:sbardi1993@hotmail.it\" target=\"_blank\" rel=\"noopener noreferrer\">sbardi1993@hotmail.it<\/a>,\u00a0 Marco Cruder\u00a0 3385091422\u00a0 mail <a href=\"mailto:pres.belluno@aia-figc.it\" target=\"_blank\" rel=\"noopener noreferrer\">pres.belluno@aia-figc.it<\/a>,\u00a0<\/em><\/p>\n<p dir=\"ltr\">\n<\/blockquote>\n<hr \/>\n<p>&nbsp;<\/p>\n<blockquote class=\"wp-embedded-content\" data-secret=\"Y3Anbz1uaA\"><p><a href=\"https:\/\/www.radiopiu.net\/wordpress\/agordo-hockey-2005-le-nostre-campionesse-in-una-pagina-di-storia-indimenticabile\/\">AGORDO HOCKEY 2005, LE NOSTRE CAMPIONESSE IN UNA PAGINA DI STORIA INDIMENTICABILE<\/a><\/p><\/blockquote>\n<p><iframe loading=\"lazy\" class=\"wp-embedded-content\" sandbox=\"allow-scripts\" security=\"restricted\" style=\"position: absolute; clip: rect(1px, 1px, 1px, 1px);\" title=\"&#8220;AGORDO HOCKEY 2005, LE NOSTRE CAMPIONESSE IN UNA PAGINA DI STORIA INDIMENTICABILE&#8221; &#8212; Radio Pi\u00f9\" src=\"https:\/\/www.radiopiu.net\/wordpress\/agordo-hockey-2005-le-nostre-campionesse-in-una-pagina-di-storia-indimenticabile\/embed\/#?secret=Y3Anbz1uaA\" data-secret=\"Y3Anbz1uaA\" width=\"600\" height=\"338\" frameborder=\"0\" marginwidth=\"0\" marginheight=\"0\" scrolling=\"no\"><\/iframe><\/p>\n<p>&nbsp;<\/p>\n<p>&nbsp;<\/p>\n<p>&nbsp;<\/p>\n","protected":false},"excerpt":{"rendered":"<p>PER\u00a0RICEVERE QUESTO NOTIZIARIO DIRETTAMENTE SUL TUO CELLULARE ISCRIVITI AL CANALE TELEGRAM\u00a0\u201cRADIO PIU\u00a0 INFORMAZIONE\u201d\u00a0 FUSIONE DI COMUNI? IL DIBATTITO E&#8217; APERTO &nbsp; &nbsp; &nbsp; ASCOLTA RADIO PIU&#8217; ANCHE SUI TUOI DEVICE DI CASA MARCHIATI AMAZON ECHO O GOOGLE NEST&#8230;BASTA CHIEDERE!! DEVICE AMAZON: &#8220;Alexa, fammi ascoltare Radio Pi\u00f9&#8221; DEVICE GOOGLE: &#8220;Hey Google, fammi ascoltare Radio Pi\u00f9&#8221; &nbsp;&hellip;<\/p>\n","protected":false},"author":4,"featured_media":219213,"comment_status":"closed","ping_status":"open","sticky":false,"template":"","format":"standard","meta":{"_monsterinsights_skip_tracking":false,"_monsterinsights_sitenote_active":false,"_monsterinsights_sitenote_note":"","_monsterinsights_sitenote_category":0,"footnotes":""},"categories":[1,51,86,49],"tags":[],"class_list":["post-219015","post","type-post","status-publish","format-standard","has-post-thumbnail","hentry","category-senza-categoria","category-evidenza-top","category-gr","category-news-18","category-1","category-51","category-86","category-49","description-off"],"img_url":"https:\/\/www.radiopiu.net\/wordpress\/wp-content\/uploads\/2021\/06\/796ea239-4df8-4f24-a965-051821c7ec4f.jpg","_links":{"self":[{"href":"https:\/\/www.radiopiu.net\/wordpress\/wp-json\/wp\/v2\/posts\/219015","targetHints":{"allow":["GET"]}}],"collection":[{"href":"https:\/\/www.radiopiu.net\/wordpress\/wp-json\/wp\/v2\/posts"}],"about":[{"href":"https:\/\/www.radiopiu.net\/wordpress\/wp-json\/wp\/v2\/types\/post"}],"author":[{"embeddable":true,"href":"https:\/\/www.radiopiu.net\/wordpress\/wp-json\/wp\/v2\/users\/4"}],"replies":[{"embeddable":true,"href":"https:\/\/www.radiopiu.net\/wordpress\/wp-json\/wp\/v2\/comments?post=219015"}],"version-history":[{"count":0,"href":"https:\/\/www.radiopiu.net\/wordpress\/wp-json\/wp\/v2\/posts\/219015\/revisions"}],"wp:featuredmedia":[{"embeddable":true,"href":"https:\/\/www.radiopiu.net\/wordpress\/wp-json\/wp\/v2\/media\/219213"}],"wp:attachment":[{"href":"https:\/\/www.radiopiu.net\/wordpress\/wp-json\/wp\/v2\/media?parent=219015"}],"wp:term":[{"taxonomy":"category","embeddable":true,"href":"https:\/\/www.radiopiu.net\/wordpress\/wp-json\/wp\/v2\/categories?post=219015"},{"taxonomy":"post_tag","embeddable":true,"href":"https:\/\/www.radiopiu.net\/wordpress\/wp-json\/wp\/v2\/tags?post=219015"}],"curies":[{"name":"wp","href":"https:\/\/api.w.org\/{rel}","templated":true}]}}