{"id":219246,"date":"2021-07-02T05:30:28","date_gmt":"2021-07-02T03:30:28","guid":{"rendered":"https:\/\/www.radiopiu.net\/wordpress\/?p=219246"},"modified":"2021-07-02T09:25:49","modified_gmt":"2021-07-02T07:25:49","slug":"giornale-radiopiu-02-luglio-2021-direttore-mirko-mezzacasa","status":"publish","type":"post","link":"https:\/\/www.radiopiu.net\/wordpress\/giornale-radiopiu-02-luglio-2021-direttore-mirko-mezzacasa\/","title":{"rendered":"GIORNALE RADIOPIU 02 LUGLIO 2021 DIRETTORE MIRKO MEZZACASA"},"content":{"rendered":"<h2><span style=\"color: #0000ff;\">PER<strong>\u00a0RICEVERE QUESTO NOTIZIARIO DIRETTAMENTE SUL TUO CELLULARE ISCRIVITI AL CANALE TELEGRAM\u00a0<\/strong><strong>\u201cRADIO PIU\u00a0 INFORMAZIONE\u201d\u00a0<\/strong><\/span><\/h2>\n<blockquote class=\"wp-embedded-content\" data-secret=\"EbnvPIRM6m\"><p><a href=\"https:\/\/www.radiopiu.net\/wordpress\/fusione-di-comuni-il-dibattito-e-aperto\/\">FUSIONE DI COMUNI? IL DIBATTITO E&#8217; APERTO<\/a><\/p><\/blockquote>\n<p><iframe loading=\"lazy\" class=\"wp-embedded-content\" sandbox=\"allow-scripts\" security=\"restricted\" style=\"position: absolute; clip: rect(1px, 1px, 1px, 1px);\" title=\"&#8220;FUSIONE DI COMUNI? IL DIBATTITO E&#8217; APERTO&#8221; &#8212; Radio Pi\u00f9\" src=\"https:\/\/www.radiopiu.net\/wordpress\/fusione-di-comuni-il-dibattito-e-aperto\/embed\/#?secret=EbnvPIRM6m\" data-secret=\"EbnvPIRM6m\" width=\"600\" height=\"338\" frameborder=\"0\" marginwidth=\"0\" marginheight=\"0\" scrolling=\"no\"><\/iframe><\/p>\n<p>&nbsp;<\/p>\n<p>&nbsp;<\/p>\n<hr \/>\n<p>&nbsp;<\/p>\n<h2 style=\"text-align: center;\"><span style=\"color: #008080;\">ASCOLTA RADIO PIU&#8217; ANCHE SUI TUOI DEVICE DI CASA MARCHIATI AMAZON ECHO O GOOGLE NEST&#8230;BASTA CHIEDERE!!<\/span><\/h2>\n<p style=\"text-align: center;\"><strong><span style=\"color: #ff0000;\">DEVICE AMAZON<\/span>: &#8220;Alexa, fammi ascoltare Radio Pi\u00f9&#8221;<\/strong><\/p>\n<p style=\"text-align: center;\"><strong><span style=\"color: #0000ff;\">DEVICE GOOGLE<\/span>: &#8220;Hey Google, fammi ascoltare Radio Pi\u00f9&#8221;<\/strong><\/p>\n<p>&nbsp;<\/p>\n<p>&nbsp;<\/p>\n<hr \/>\n<p>&nbsp;<\/p>\n<h2><span style=\"color: #ff0000;\">ACQUA DA NON BERE<\/span><\/h2>\n<p><strong><img loading=\"lazy\" decoding=\"async\" class=\"alignleft\" src=\"https:\/\/www.radiopiu.net\/wordpress\/wp-content\/uploads\/2018\/08\/ACQUA.jpeg\" width=\"212\" height=\"127\" \/>Gestione Servizi Pubblici informa che a GOSALDO\u00a0 al gi\u00e0 lungo elenco di localit\u00e0 dove l&#8217;acqua \u00e8 inquinata si aggiunge anche PETTE. Da giorni \u00e8 in vigore l&#8217;ordinanza che ne vieta l&#8217;uso alimentare (se non previa bollitura) in LOCALITA\u2019 VALLASIN,\u00a0 PONGAN, LE FOCHE, LAMBROI, DENEORE, MAGAIT, REN, SELLE, COL TAMAI, BITTI, GIARDOI E PETTUINE\u00a0<\/strong><\/p>\n<p>&nbsp;<\/p>\n<p><span style=\"color: #ff0000; font-family: Roboto, Tahoma, sans-serif; font-size: 12px;\"><strong>SAN TOMASO<\/strong> per lavori alla rete idrica comunale, LUNEDI dalle 08 a fine lavori potrebbe mancare l&#8217;acqua nelle localit\u00e0 PIAN MOLIN, VALLATA e COSTA DI MEZZO.<\/span><\/p>\n<p>&nbsp;<\/p>\n<hr \/>\n<p>&nbsp;<\/p>\n<div class=\"page-title-head hgroup\">\n<h2 class=\"entry-title\" style=\"text-align: center;\">LE VACCINAZIONI IN PROGRAMMA SABATO A TAMONICH VERRANNO ANTICIPATE O POSTICIPATE<\/h2>\n<\/div>\n<p><strong><a href=\"https:\/\/www.radiopiu.net\/wordpress\/vaccinazioni-a-ponte-nelle-alpi-il-6-e-7-aprile-convocate-600-persone-tra-70-e-79-anni\/vaccino_anti_covid\/\" rel=\"attachment wp-att-200891\"><img loading=\"lazy\" decoding=\"async\" class=\" wp-image-200891 alignleft\" src=\"https:\/\/www.radiopiu.net\/wordpress\/wp-content\/uploads\/2021\/04\/Vaccino_anti_Covid-300x167.jpg\" sizes=\"auto, (max-width: 151px) 100vw, 151px\" srcset=\"https:\/\/www.radiopiu.net\/wordpress\/wp-content\/uploads\/2021\/04\/Vaccino_anti_Covid-300x167.jpg 300w, https:\/\/www.radiopiu.net\/wordpress\/wp-content\/uploads\/2021\/04\/Vaccino_anti_Covid-768x428.jpg 768w, https:\/\/www.radiopiu.net\/wordpress\/wp-content\/uploads\/2021\/04\/Vaccino_anti_Covid.jpg 943w\" alt=\"\" width=\"151\" height=\"84\" \/><\/a>BELLUNO\u00a0<\/strong>In relazione al passaggio del Giro del Veneto in Agordino, con la conseguente chiusura delle strade, sabato 3 luglio 2021 viene sospesa la seduta vaccinale in drive in di AGORDO. E\u2019 in corso lo spostamento degli utenti prenotati (101 persone) nelle sedute in programma sempre ad Agordo venerd\u00ec 2 luglio e domenica 4 luglio<\/p>\n<p>&nbsp;<\/p>\n<p>&nbsp;<\/p>\n<hr \/>\n<p>&nbsp;<\/p>\n<p><strong><a href=\"https:\/\/www.radiopiu.net\/wordpress\/da-mercoledi-chiude-la-563-di-salesei-rocca-pietore-digonera\/th-143\/\" rel=\"attachment wp-att-216769\"><img loading=\"lazy\" decoding=\"async\" class=\"wp-image-216769 alignleft\" src=\"https:\/\/www.radiopiu.net\/wordpress\/wp-content\/uploads\/2021\/06\/th-16-300x169.jpg\" sizes=\"auto, (max-width: 154px) 100vw, 154px\" srcset=\"https:\/\/www.radiopiu.net\/wordpress\/wp-content\/uploads\/2021\/06\/th-16-300x169.jpg 300w, https:\/\/www.radiopiu.net\/wordpress\/wp-content\/uploads\/2021\/06\/th-16.jpg 330w\" alt=\"\" width=\"154\" height=\"87\" \/><\/a>ROCCA PIETORE<\/strong>\u00a0 Fino al 2 luglio (sabato e domenica escluso) lungo la 563 di Digonera sono previsti gli interventi di realizzazione delle opere di difesa dalla valanghe. La circolazione stradale sar\u00e0 totalmente interdetta dalle 8 alle 12 e dalle 14 alle 18. Negli altri orari senso unico alternato a vista.<\/p>\n<p><strong><a href=\"https:\/\/www.radiopiu.net\/wordpress\/giornale-radiopiu-16-giugno-2021-direttore-mirko-mezzacasa\/lavorii\/\" rel=\"attachment wp-att-216177\"><img loading=\"lazy\" decoding=\"async\" class=\"size-medium wp-image-216177 alignleft\" src=\"https:\/\/www.radiopiu.net\/wordpress\/wp-content\/uploads\/2021\/06\/LAVORII-300x159.jpg\" sizes=\"auto, (max-width: 300px) 100vw, 300px\" srcset=\"https:\/\/www.radiopiu.net\/wordpress\/wp-content\/uploads\/2021\/06\/LAVORII-300x159.jpg 300w, https:\/\/www.radiopiu.net\/wordpress\/wp-content\/uploads\/2021\/06\/LAVORII.jpg 335w\" alt=\"\" width=\"300\" height=\"159\" \/><\/a><\/strong><\/p>\n<p>&nbsp;<\/p>\n<p><b>GALLERIA \u2018COMELICO\u00a0<\/b>fino al 31 luglio\u00a0 dalle 21 alle\u00a0 6 la galleria sar\u00e0 chiusa al traffico. Per i veicoli pesanti trainanti un rimorchio \u00e8 prevista la deviazione sulla SR 48 \u201cdelle Dolomiti e sulla SP 49 \u201cMisurina\u201d,\u00a0 \u00a0il traffico pesante sar\u00e0 deviato lungo la SP 532 \u201cPasso S. Antonio\u201d. Il traffico leggero\u00a0 sulla SP 532.<\/p>\n<p>&nbsp;<\/p>\n<p><strong>BELLUNO\u00a0<\/strong>Per consentire l\u2019esecuzione dei lavori di manutenzione degli impianti a servizio della galleria \u2018Termine\u2019 sono previste limitazioni notturne lungo la strada statale 51 \u201cdi Alemagna\u201d. Da luned\u00ec 21 giugno, nella fascia oraria compresa tra le 21:00 e le 6:00 del giorno successivo, sar\u00e0 chiuso al traffico il tratto dal km 53,400 al km 55,950 con deviazione della circolazione sulla ex strada statale 51.La modifica alla circolazione non sar\u00e0 in vigore nei giorni festivi e prefestivi ed \u00e8 prevista fino a venerd\u00ec 2 luglio 2021.<\/p>\n<p><strong>VOLTAGO<\/strong>\u00a0 Fino al 10 luglio, domeniche escluse, per consentire i lavori di esbosco\u00a0 interdizione totale alla circolazione\u00a0 dalle 8 alle 17 lungo la Strada provinciale 26 \u201cdi Digoman\u201d, nei comuni di Rivamonte e Voltago Agordino.\u00a0 Nei periodi non interessati dalle chiusure sar\u00e0 istituto il senso unico alternato regolato da impianto semaforico.<\/p>\n<p><strong>48 DELLE DOLOMITI<\/strong>\u00a0Fino al 16 luglio da Pieve di Livinallongo ad Arabba si potr\u00e0 transitare ma in determinate fasce orarie. Dalle 7 del mattino alle 18 sono infatti previste interruzioni fino a 20 minuti per permettere i lavori di esbosco e realizzazione paramassi. Per tutta la durata dei lavori senso unico alternato nei periodi non interessati delle interruzioni.<\/p>\n<p>&nbsp;<\/p>\n<p>&nbsp;<\/p>\n<hr \/>\n<blockquote>\n<h2><a href=\"https:\/\/www.radiopiu.net\/wordpress\/giornale-radiopiu-16-giugno-2021-direttore-mirko-mezzacasa\/lavori-6\/\" rel=\"attachment wp-att-216175\"><img loading=\"lazy\" decoding=\"async\" class=\"wp-image-216175 alignleft\" src=\"https:\/\/www.radiopiu.net\/wordpress\/wp-content\/uploads\/2021\/06\/LAVORI-1-1.jpg\" alt=\"\" width=\"122\" height=\"122\" srcset=\"https:\/\/www.radiopiu.net\/wordpress\/wp-content\/uploads\/2021\/06\/LAVORI-1-1.jpg 300w, https:\/\/www.radiopiu.net\/wordpress\/wp-content\/uploads\/2021\/06\/LAVORI-1-1-150x150.jpg 150w\" sizes=\"auto, (max-width: 122px) 100vw, 122px\" \/><\/a>CANTIERI A ROCCA PIETORE<\/h2>\n<\/blockquote>\n<p><strong>ROCCA PIETORE<\/strong> Fino al 10 luglio \u00e8 chiuso al transito il ponte sul Ru de Molin tra le localit\u00e0 di Santa Maria delle Grazie e Caracoi. Chiusura dell&#8217;area compresa tra la localit\u00e0 di Aur\u00f9 e l&#8217;intersezione con la strada per Laste Fino al 9 luglio \u00e8 chiuso il tratto di strada in localit\u00e0 Col di Rocca nel tratto tra la Centralina Comunale e il bivio in cui si innesta con la strada provinciale 641 lato Sass Negher. . La viabilit\u00e0 da e per l&#8217;abitato di Col di Rocca \u00e8 comunque garantita da altri due accessi esistenti.<\/p>\n<blockquote>\n<h3>ESBOSCO E DIVIETI, S&#8217;ALZANO GLI ALBERI SCHIANTATA DA VAIA<\/h3>\n<\/blockquote>\n<p><strong>CANALE D&#8217;AGORDO<\/strong> Fino al\u00a0 18 dicembre\u00a0 e comunque fino ad ultimazione dei lavori \u00e8 fatto divieto \u00a0di accedere e transitare anche a piedi nelle aree interessate dai lavori di utilizzazione, esbosco e trasporto del lotto boschivo nella zona compresa tra Loc. Mandra de Chi De Dea \u2013 Col dei Prai \u2013 Le Buse Basse ed in ogni caso in tutta la zona soprastante e compresa nella Localit\u00e0 Pian de Sabion. E\u2019 disposta nello stesso periodo <a href=\"https:\/\/www.radiopiu.net\/wordpress\/149923-2\/valle-liera-canale-d-agordo-gares-101\/\" rel=\"attachment wp-att-149932\"><img loading=\"lazy\" decoding=\"async\" class=\"wp-image-149932 alignright\" src=\"https:\/\/www.radiopiu.net\/wordpress\/wp-content\/uploads\/2020\/07\/Valle-Liera-Canale-d-Agordo-Gares-101-300x201.jpg\" alt=\"\" width=\"237\" height=\"159\" srcset=\"https:\/\/www.radiopiu.net\/wordpress\/wp-content\/uploads\/2020\/07\/Valle-Liera-Canale-d-Agordo-Gares-101-300x201.jpg 300w, https:\/\/www.radiopiu.net\/wordpress\/wp-content\/uploads\/2020\/07\/Valle-Liera-Canale-d-Agordo-Gares-101.jpg 500w\" sizes=\"auto, (max-width: 237px) 100vw, 237px\" \/><\/a>l\u2019interruzione del tratto della strada silvopastorale Col dei Prai &#8211; Forzela, in dipendenza delle varie fasi di lavorazione e dei vari sentieri che ad essa confluiscono.<\/p>\n<p>Fino al 18 dicembre\u00a0 limitato il traffico sulla strada comunale della Valle di Gares, in particolare nella Loc. Pian de Sabion, nonch\u00e9 sui parcheggi siti nelle vicinanze ed immediate adiacenze, in dipendenza del trasporto del legname e\/o materiali vari nelle localit\u00e0 stesse, in particolare nei piazzali di deposito. Stessa ordinanza ma sabato e domenica esclusi nella zona compresa tra Gares, La Stia ed adiacenze. Interruzione della strada silvo pastorale n. 12 La Stia, in dipendenza delle varie fasi di lavorazione. Nel periodo dei lavori \u00e8 consentito il transito pedonale per la localit\u00e0 malga Stia attraverso il sentiero CAI n. 754. Nello stesso periodo \u00e8 limitato il traffico sulla strada comunale della Valle di Gares, in\u00a0 particolare dalla Loc. Palafachina fino alla Frazione di Gares, nonch\u00e9 sui parcheggi siti nelle vicinanze ed immediate adiacenze, in dipendenza del trasporto del legname e\/o materiali vari nelle localit\u00e0 stesse, in particolare nei piazzali di deposito<\/p>\n<p>&nbsp;<\/p>\n<p>&nbsp;<\/p>\n<hr \/>\n<p>&nbsp;<\/p>\n<blockquote>\n<h3><strong><a href=\"https:\/\/www.radiopiu.net\/wordpress\/agordo-il-mio-paese-litalia-che-vorrei-di-mirko-mezzacasa\/8cea600a-c88b-4d28-8748-e360e4864c44\/\" rel=\"attachment wp-att-144890\"><img loading=\"lazy\" decoding=\"async\" class=\" wp-image-144890 alignleft\" src=\"https:\/\/www.radiopiu.net\/wordpress\/wp-content\/uploads\/2020\/06\/8cea600a-c88b-4d28-8748-e360e4864c44-300x225.jpg\" alt=\"\" width=\"155\" height=\"116\" srcset=\"https:\/\/www.radiopiu.net\/wordpress\/wp-content\/uploads\/2020\/06\/8cea600a-c88b-4d28-8748-e360e4864c44-300x225.jpg 300w, https:\/\/www.radiopiu.net\/wordpress\/wp-content\/uploads\/2020\/06\/8cea600a-c88b-4d28-8748-e360e4864c44-1024x768.jpg 1024w, https:\/\/www.radiopiu.net\/wordpress\/wp-content\/uploads\/2020\/06\/8cea600a-c88b-4d28-8748-e360e4864c44-768x576.jpg 768w, https:\/\/www.radiopiu.net\/wordpress\/wp-content\/uploads\/2020\/06\/8cea600a-c88b-4d28-8748-e360e4864c44-1536x1152.jpg 1536w, https:\/\/www.radiopiu.net\/wordpress\/wp-content\/uploads\/2020\/06\/8cea600a-c88b-4d28-8748-e360e4864c44.jpg 2048w\" sizes=\"auto, (max-width: 155px) 100vw, 155px\" \/><\/a><\/strong>LAVORI DI RIFACIMENTO DEL PONTE SUL TORRENTE CAMPREGANA<\/h3>\n<\/blockquote>\n<p><strong>AGORDO<\/strong> Fino al 16 luglio, per le frazioni Farenzena e Val di Frela deviazioni per la\u00a0 strada silvo-pastorale Farenzena-Don <em>Transito consentito <strong>A SALIRE<\/strong>, da frazione FARENZENA a localita\u0300 DON: dalle 6 alle 7:45, dalle 9 alle 9:45, dalle 11:00 alle 11:45, dalle 13 alle 13:45 &#8211; dalle 15 alle 15:45, dalle 17 alle 17:45, dalle 19 alle 19:45. Transito consentito<strong> A SCENDERE<\/strong>, da localita\u0300 DON a frazione FARENZENA: dalle 8 alle 8:45, dalle 10 alle 10:45, dalle 12 alle 12:45, dalle 14 alle 14:45, dalle 16 alle 16:45, dalle 18 alle 18:45, dalle 20 alle 20:45. Dalle ore 20:45 alle ore 05:45 la circolazione dei veicoli e\u0300 consentita contemporaneamente in entrambi i sensi di marcia.\u00a0<\/em><\/p>\n<p>&nbsp;<\/p>\n<hr \/>\n<p>&nbsp;<\/p>\n<blockquote>\n<h3>UN GRANDE VUOTO, QUELLO CHE LASCIA &#8220;EL DOTOR&#8221; PIETRO DE MATTIA<\/h3>\n<\/blockquote>\n<p><strong><a href=\"https:\/\/www.radiopiu.net\/wordpress\/un-grande-vuoto-quello-che-lascia-el-dotor-pietro-de-mattia\/35609d64-9594-4604-aa56-b23c0fdd4e42\/\" rel=\"attachment wp-att-219324\"><img loading=\"lazy\" decoding=\"async\" class=\"size-medium wp-image-219324 alignleft\" src=\"https:\/\/www.radiopiu.net\/wordpress\/wp-content\/uploads\/2021\/07\/35609d64-9594-4604-aa56-b23c0fdd4e42-211x300.jpg\" alt=\"\" width=\"211\" height=\"300\" srcset=\"https:\/\/www.radiopiu.net\/wordpress\/wp-content\/uploads\/2021\/07\/35609d64-9594-4604-aa56-b23c0fdd4e42-211x300.jpg 211w, https:\/\/www.radiopiu.net\/wordpress\/wp-content\/uploads\/2021\/07\/35609d64-9594-4604-aa56-b23c0fdd4e42.jpg 260w\" sizes=\"auto, (max-width: 211px) 100vw, 211px\" \/><\/a>LIVINALLONGO<\/strong> <em>&#8220;E&#8217; mancato il dottore, \u00e8 mancato Pietro il nostro medico di famiglia&#8221;<\/em> Difficile da credere, ma purtroppo \u00e8 il destino di un medico amato dai suoi pazienti, dal suo paese, sempre vicino alla gente fodoma. Ha svolto il ruolo di medico di base fino a poche settimane fa quando ha dovuto arrendersi alla malattia. Appassionato del Coro Fodom ha cantato per molti anni\u00a0 grazie ad una potente voce da basso,\u00a0 \u00e8 stato anche amministratore nel consiglio comunale, originario di Renaz, 61 anni era nato il 17 febbraio 1960,\u00a0 laureato all&#8217;Universit\u00e0 di Padova nel 1987,\u00a0 viveva a Pieve di Livinallongo,\u00a0 lascia la moglie Sonia Dariz i fratelli Martina e Damiano. Un caro saluto a<em> EL PIERE DOTOR<\/em> e un abbraccio a chi resta e sapr\u00e0 portarne un grande ricordo, anche alla Casa di Riposo Villa San Giuseppe\u00a0 dove \u00a0prestava servizio giornalmente, indiscutibilmente legato ai &#8220;suoi&#8221; anziani e alla struttura. I FUNERALI DOMANI ALLE 14.30 A PIEVE DI LIVINALLONGO<\/p>\n<p>&nbsp;<\/p>\n<p>&nbsp;<\/p>\n<blockquote><p><strong><a class=\"dt-pswp-item\" href=\"https:\/\/www.radiopiu.net\/wordpress\/wp-content\/uploads\/2021\/07\/pp.jpg\" data-dt-img-description=\"\" data-large_image_width=\"578\" data-large_image_height=\"577\"><img loading=\"lazy\" decoding=\"async\" class=\"wp-image-219332 alignleft\" src=\"https:\/\/www.radiopiu.net\/wordpress\/wp-content\/uploads\/2021\/07\/pp-300x300.jpg\" alt=\"\" width=\"120\" height=\"120\" srcset=\"https:\/\/www.radiopiu.net\/wordpress\/wp-content\/uploads\/2021\/07\/pp-300x300.jpg 300w, https:\/\/www.radiopiu.net\/wordpress\/wp-content\/uploads\/2021\/07\/pp-150x150.jpg 150w, https:\/\/www.radiopiu.net\/wordpress\/wp-content\/uploads\/2021\/07\/pp.jpg 578w\" sizes=\"auto, (max-width: 120px) 100vw, 120px\" \/><\/a>DAL CORO FODOM LORENZO SORATROI\u00a0<\/strong><\/p><\/blockquote>\n<audio class=\"wp-audio-shortcode\" id=\"audio-219246-1\" preload=\"none\" style=\"width: 100%;\" controls=\"controls\"><source type=\"audio\/mpeg\" src=\"https:\/\/www.radiopiu.net\/wordpress\/wp-content\/uploads\/2021\/07\/LORENZO.mp3?_=1\" \/><a href=\"https:\/\/www.radiopiu.net\/wordpress\/wp-content\/uploads\/2021\/07\/LORENZO.mp3\">https:\/\/www.radiopiu.net\/wordpress\/wp-content\/uploads\/2021\/07\/LORENZO.mp3<\/a><\/audio>\n<p>&nbsp;<\/p>\n<blockquote><p><strong><a href=\"https:\/\/www.radiopiu.net\/wordpress\/elezioni-comunali-2019-livinallongo-del-col-di-lana\/livinallongo-leandro-grones\/\" rel=\"attachment wp-att-86470\"><img loading=\"lazy\" decoding=\"async\" class=\"wp-image-86470 alignleft\" src=\"https:\/\/www.radiopiu.net\/wordpress\/wp-content\/uploads\/2019\/05\/LIVINALLONGO-LEANDRO-GRONES-214x300.jpg\" alt=\"\" width=\"86\" height=\"121\" srcset=\"https:\/\/www.radiopiu.net\/wordpress\/wp-content\/uploads\/2019\/05\/LIVINALLONGO-LEANDRO-GRONES-214x300.jpg 214w, https:\/\/www.radiopiu.net\/wordpress\/wp-content\/uploads\/2019\/05\/LIVINALLONGO-LEANDRO-GRONES.jpg 548w\" sizes=\"auto, (max-width: 86px) 100vw, 86px\" \/><\/a><\/strong><\/p>\n<p>&nbsp;<\/p>\n<p>&nbsp;<\/p>\n<p><strong>IL SINDACO LEANDRO GRONES<\/strong><\/p><\/blockquote>\n<audio class=\"wp-audio-shortcode\" id=\"audio-219246-2\" preload=\"none\" style=\"width: 100%;\" controls=\"controls\"><source type=\"audio\/mpeg\" src=\"https:\/\/www.radiopiu.net\/wordpress\/wp-content\/uploads\/2021\/07\/LEANDRO.mp3?_=2\" \/><a href=\"https:\/\/www.radiopiu.net\/wordpress\/wp-content\/uploads\/2021\/07\/LEANDRO.mp3\">https:\/\/www.radiopiu.net\/wordpress\/wp-content\/uploads\/2021\/07\/LEANDRO.mp3<\/a><\/audio>\n<p>&nbsp;<\/p>\n<hr \/>\n<p>&nbsp;<\/p>\n<blockquote>\n<h3>I CARABINIERI METTONO FINE ALLE VIOLENZE SULLA MADRE<\/h3>\n<\/blockquote>\n<p><strong><a href=\"https:\/\/www.radiopiu.net\/wordpress\/carabinieri-al-lavoro-nel-bellunese-e-feltrino\/carabinieri-feltre-2\/\" rel=\"attachment wp-att-110913\"><img loading=\"lazy\" decoding=\"async\" class=\"size-medium wp-image-110913 alignleft\" src=\"https:\/\/www.radiopiu.net\/wordpress\/wp-content\/uploads\/2019\/12\/CARABINIERI-FELTRE-2-300x225.jpg\" alt=\"\" width=\"300\" height=\"225\" srcset=\"https:\/\/www.radiopiu.net\/wordpress\/wp-content\/uploads\/2019\/12\/CARABINIERI-FELTRE-2-300x225.jpg 300w, https:\/\/www.radiopiu.net\/wordpress\/wp-content\/uploads\/2019\/12\/CARABINIERI-FELTRE-2-1024x768.jpg 1024w, https:\/\/www.radiopiu.net\/wordpress\/wp-content\/uploads\/2019\/12\/CARABINIERI-FELTRE-2-768x576.jpg 768w, https:\/\/www.radiopiu.net\/wordpress\/wp-content\/uploads\/2019\/12\/CARABINIERI-FELTRE-2.jpg 1280w\" sizes=\"auto, (max-width: 300px) 100vw, 300px\" \/><\/a>BELLUNO<\/strong><\/p>\n<p>di Moreno Gioli<\/p>\n<audio class=\"wp-audio-shortcode\" id=\"audio-219246-3\" preload=\"none\" style=\"width: 100%;\" controls=\"controls\"><source type=\"audio\/mpeg\" src=\"https:\/\/www.radiopiu.net\/wordpress\/wp-content\/uploads\/2021\/07\/GIOLI-ARRESTO.mp3?_=3\" \/><a href=\"https:\/\/www.radiopiu.net\/wordpress\/wp-content\/uploads\/2021\/07\/GIOLI-ARRESTO.mp3\">https:\/\/www.radiopiu.net\/wordpress\/wp-content\/uploads\/2021\/07\/GIOLI-ARRESTO.mp3<\/a><\/audio>\n<p>&nbsp;<\/p>\n<hr \/>\n<p>&nbsp;<\/p>\n<blockquote>\n<h3>ACCUSA UN MALORE TRA PASSO GIAU E FORCELLA NUVOLAO. ELITRASPORTATA A BELLUNO<\/h3>\n<\/blockquote>\n<p><strong><a href=\"https:\/\/www.radiopiu.net\/wordpress\/scivola-sulla-neve-il-soccorso-alpino-interviene\/20210405_163922\/\" rel=\"attachment wp-att-202691\"><img loading=\"lazy\" decoding=\"async\" class=\" wp-image-202691 alignleft\" src=\"https:\/\/www.radiopiu.net\/wordpress\/wp-content\/uploads\/2021\/04\/20210405_163922-300x225.jpg\" alt=\"\" width=\"149\" height=\"112\" srcset=\"https:\/\/www.radiopiu.net\/wordpress\/wp-content\/uploads\/2021\/04\/20210405_163922-300x225.jpg 300w, https:\/\/www.radiopiu.net\/wordpress\/wp-content\/uploads\/2021\/04\/20210405_163922-1024x768.jpg 1024w, https:\/\/www.radiopiu.net\/wordpress\/wp-content\/uploads\/2021\/04\/20210405_163922-768x576.jpg 768w, https:\/\/www.radiopiu.net\/wordpress\/wp-content\/uploads\/2021\/04\/20210405_163922-1536x1152.jpg 1536w, https:\/\/www.radiopiu.net\/wordpress\/wp-content\/uploads\/2021\/04\/20210405_163922-2048x1536.jpg 2048w\" sizes=\"auto, (max-width: 149px) 100vw, 149px\" \/><\/a>SELVA DI CADORE<\/strong> Ieri alle 14.10 circa la Centrale del Suem \u00e8 stata contattata da alcuni passanti che lungo il sentiero 452, tra Passo Giau e Forcella Nuvolau, si sono imbattuti in un&#8217;escursionista colta da malore. G.D.M., 63 anni, di Sovere (BG), che si trovava con il marito ed era in stato confusionale, \u00e8 stata raggiunta dall&#8217;equipe medica e dal tecnico di elisoccorso dell&#8217;elicottero del Suem di Pieve di Cadore. Imbarcata, la donna \u00e8 stata trasportata per accertamenti all&#8217;ospedale di Belluno.<\/p>\n<p>&nbsp;<\/p>\n<p>&nbsp;<\/p>\n<hr \/>\n<p>&nbsp;<\/p>\n<blockquote>\n<h2>Scomparsa di Gabriella Cont, il cordoglio del Coordinamento Donne della Cisl e della Fnp<\/h2>\n<\/blockquote>\n<p><strong><img loading=\"lazy\" decoding=\"async\" class=\"alignleft\" src=\"https:\/\/www.radiopiu.net\/wordpress\/wp-content\/uploads\/2021\/06\/0b0d50fb-be1b-4d71-b7ea-02adb3b7dd6a.jpg\" width=\"269\" height=\"151\" \/>BELLUNO-TREVISO <\/strong>Grande commozione in tutta la Cisl Belluno Treviso per la tragica scomparsa della segretaria organizzativa della Fnp territoriale Gabriella Cont, deceduta mercoled\u00ec pomeriggio in un incidente stradale. Oggi la ricordano Alessia Salvador ed Emma Parisotto, coordinatrici, rispettivamente, del Coordinamento Donne della Cisl e di quello dei Pensionati, che esprimono, a nome dei due organismi, le pi\u00f9 sentite condoglianze al marito, alle figlie e a tutta la famiglia.<\/p>\n<blockquote><p><em>\u201cHo collaborato con Gabriella per il Coordinamento Donne fin dalla mia elezione nel novembre 2017 &#8211; spiega Alessia Salvador -. Era una persona dinamica e attenta alla figura di donna nel ruolo del sindacato. Insieme abbiamo organizzato la campagna #stopviolenza negli istituti scolastici di secondo grado delle due province, per sensibilizzare gli studenti sul tema della violenza contro le donne, iniziativa in cui si \u00e8 spesa moltissimo, anche in virt\u00f9 del suo passato da insegnante. Esprimo, a nome di tutto il Coordinamento Donne della Cisl, le pi\u00f9 sentite condoglianze al marito, alle figlie e a tutta la famiglia\u201d.<\/em><\/p>\n<p><em>\u201cGabriella \u00e8 stata una donna sempre presente alle iniziative sindacali &#8211; ricorda Emma Parisotto -. Prestava particolare attenzione alle problematiche femminili delle lavoratrici e delle pensionate ed era il punto di riferimento per tutte noi all\u2019interno dell\u2019esecutivo della Fnp. Mercoled\u00ec ci eravamo appena lasciate dopo la consueta riunione di segreteria, non mi capacito ancora di quanto successo\u201d.<\/em><\/p><\/blockquote>\n<hr \/>\n<p>&nbsp;<\/p>\n<blockquote>\n<h2><strong>Intensificati i controlli stradali nelle localit\u00e0 di montagna<\/strong><\/h2>\n<\/blockquote>\n<p><strong><a href=\"https:\/\/www.radiopiu.net\/wordpress\/giornale-radiopiu-02-luglio-2021-direttore-mirko-mezzacasa\/superbike-930715_960_720\/\" rel=\"attachment wp-att-219466\"><img loading=\"lazy\" decoding=\"async\" class=\" wp-image-219466 alignleft\" src=\"https:\/\/www.radiopiu.net\/wordpress\/wp-content\/uploads\/2021\/07\/superbike-930715_960_720-300x214.jpg\" alt=\"\" width=\"199\" height=\"142\" srcset=\"https:\/\/www.radiopiu.net\/wordpress\/wp-content\/uploads\/2021\/07\/superbike-930715_960_720-300x214.jpg 300w, https:\/\/www.radiopiu.net\/wordpress\/wp-content\/uploads\/2021\/07\/superbike-930715_960_720-768x548.jpg 768w, https:\/\/www.radiopiu.net\/wordpress\/wp-content\/uploads\/2021\/07\/superbike-930715_960_720.jpg 960w\" sizes=\"auto, (max-width: 199px) 100vw, 199px\" \/><\/a>\u00a0BELLUNO\u00a0 <\/strong>I servizi interforze aggiuntivi\u00a0 interesseranno la viabilit\u00e0 lungo le principali arterie montane nonch\u00e9 lungo le strade che conducono ai pi\u00f9 rinomati passi alpini, caratterizzate, specie in questi mesi dell\u2019anno, da un intenso traffico veicolare, soprattutto motociclistico. \u00a0L\u2019obiettivo comune \u00e8 quello di garantire la regolarit\u00e0 del traffico veicolare, la sicurezza dei conducenti e dei passeggeri, nonch\u00e9 il contrasto ad ogni forma di comportamento pregiudizievole posto in essere in violazione delle norme del Codice della Strada, con specifico riguardo all\u2019osservanza dei limiti di velocit\u00e0 e al contrasto di ogni forma di condotta di guida pericolosa. L\u2019iniziativa andr\u00e0 a rafforzare il sistema di prevenzione gi\u00e0 avviato nel bellunese, in particolare lungo la SP 251 e la SS51 nei pressi del Fadalto e della localit\u00e0 La Secca dove \u2013 nel mese di giugno \u2013 sono stati predisposti, durante i fine settimana, coordinati servizi di polizia stradale. In particolare, l\u2019attivit\u00e0 di controllo ha visto impegnate 21 pattuglie delle Forze di Polizia, di cui una della Polizia Locale di Ponte nelle Alpi, le quali hanno controllato un totale di 156 motociclette ed elevato 10 verbali di accertamento di violazione al Codice della Strada. I servizi proseguiranno nei prossimi fine settimana, in occasione dei quali \u00e8 stato richiesto un maggiore coinvolgimento delle Polizie Locali.<\/p>\n<p>&nbsp;<\/p>\n<hr \/>\n<p>&nbsp;<\/p>\n<blockquote>\n<h3>GATTO UCCISO A CELARDA DAI CANI DA CACCIA<\/h3>\n<\/blockquote>\n<p><strong>FELTRE<\/strong> Due cani da caccia in fuga dal campo di addestramento di Celarda\u00a0 lo scorso agosto ammazzarono un gatto. La proprietaria si \u00e8 rivolta all&#8217;avvocato Eleonora Secco ed \u00e8 stato chiesto\u00a0 l&#8217;intervento della Polizia provinciale. Non c&#8217;\u00e8 ancora una querela, piuttosto la minaccia di querela se la situazione di convivenza con il canile non dovesse migliorare.<\/p>\n<p>&nbsp;<\/p>\n<hr \/>\n<p>&nbsp;<\/p>\n<blockquote>\n<h3>A FUOCO QUINTALI DI FIENO<\/h3>\n<\/blockquote>\n<p><strong>PEDAVENA<\/strong>\u00a0 Quindici quintali di fieno\u00a0 in fumo, le fiamme sono state spente dai\u00a0 vigili del fuoco. Le cause dell&#8217;incendio non sono chiare anche per il proprietario, un\u00a0 pensionato che abita a pochi passi dal fienile. Potrebbe anche essersi trattato di autocombustione,\u00a0 ma anche\u00a0 una bravata o un dispetto al proprietario<\/p>\n<p>&nbsp;<\/p>\n<hr \/>\n<p>&nbsp;<\/p>\n<blockquote>\n<h3><strong>CADORE NEL MIRINO DEI VANDALI<\/strong><\/h3>\n<\/blockquote>\n<p><strong>PIEVE DI CADORE<\/strong>\u00a0 \u00a0Dopo gli imbrattamenti lungo la pista ciclopedonale nell&#8217;area del palaghiaccio di Tai \u00e8 la volta del\u00a0 parco Roccolo dove sono state tranciate le luminarie spegnendo la luce sul parco.\u00a0 L&#8217;amministrazione comunale\u00a0 ha\u00a0 assicurato che le luminarie verranno presto rimesse al loro posto. Diverse le segnalazioni pervenute alla Polizia che potrebbero aiutare a dare un volto\u00a0 \u00a0ai protagonisti dello stupido festo.<\/p>\n<p>&nbsp;<\/p>\n<hr \/>\n<p>&nbsp;<\/p>\n<blockquote>\n<h3>SONO DIECI I NUOVI MAESTRI DEL LAVORO IN PROVINCIA DI BELLUNO<\/h3>\n<\/blockquote>\n<p><strong>BELLUNO <\/strong>Sono dieci i nuovi Maestri del Lavoro bellunesi che a breve riceveranno il brevetto con la \u201cStella al Merito del Lavoro\u201d, onorificenza decretata in questi giorni dal Presidente della Repubblica Sergio Mattarella su proposta del Ministro del Lavoro Andrea Orlando. Sono 62 in tutto il Veneto le \u201cStelle al Merito del Lavoro\u201d conferite ai lavoratori che si sono particolarmente distinti nell\u2019attivit\u00e0 lavorativa con ingegno, moralit\u00e0 e capacit\u00e0 di trasferimento delle professionalit\u00e0 alle giovani generazioni. I bellunesi insigniti quest\u2019anno sono: Maria Grazia Ben (Luxottica srl, Agordo), Oscar Carniel (Hydro Extrusion Italy srl, Feltre), Kamal Chergui (De Rigo Vision spa, Longarone), Renzo Corso (Clivet spa, Villapaiera di Feltre), Ernesto De Biasi (Safilo Group spa, Padova), Arcangelo Rocco De Vitis ( De Rigo Vision spa, Longarone), Pio Lorenzet (Meccanostampi srl, Limana), Maurizio Raveane (Deon spa, Belluno), Mauro Salvaterra ( Luxottica srl, Agordo), Paolo Zucco (Clivet spa, Villapaiera di Feltre). Anche per il 2021, come per il 2020, la nomina dei nuovi Maestri del Lavoro non ha potuto rispettare la consueta prassi della cerimonia del 1\u00b0maggio, per\u00f2 il Presidente della Repubblica ha proceduto, su proposta del Ministro del Lavoro, sia pure con un po\u2019 di ritardo sulla data canonica della Festa del Lavoro, al conferimento delle Stelle al merito del Lavoro. In attesa della cerimonia ufficiale di consegna dell\u2019onorificenza il console provinciale della Federazione Maestri del Lavoro Giuseppe Colferai ed i suoi collaboratori hanno incontrato i decorati 2020 e 2021 nella sede di Confindustria Belluno Dolomiti per una reciproca conoscenza. In tale occasione, oltre al saluto e alle congratulazioni da parte dello stesso Colferai, \u00e8 intervenuto anche il direttore di Confindustria Belluno Dolomiti dott. Andrea Ferrazzi. A seguire sono intervenuti, con una breve presentazione, i neo insigniti che hanno manifestato la loro soddisfazione e avuto parole di ringraziamento verso le aziende dove hanno prestato la loro opera per tanti anni.<\/p>\n\n\t\t\t<style type='text\/css'>\n\t\t\t\t#gallery-1 {\n\t\t\t\t\tmargin: auto;\n\t\t\t\t}\n\t\t\t\t#gallery-1 .gallery-item {\n\t\t\t\t\tfloat: left;\n\t\t\t\t\tmargin-top: 10px;\n\t\t\t\t\ttext-align: center;\n\t\t\t\t\twidth: 20%;\n\t\t\t\t}\n\t\t\t\t#gallery-1 img {\n\t\t\t\t\tborder: 2px solid #cfcfcf;\n\t\t\t\t}\n\t\t\t\t#gallery-1 .gallery-caption {\n\t\t\t\t\tmargin-left: 0;\n\t\t\t\t}\n\t\t\t\t\/* see gallery_shortcode() in wp-includes\/media.php *\/\n\t\t\t<\/style>\n\t\t<div id='gallery-1' class='dt-gallery-container gallery galleryid-219246 gallery-columns-5 gallery-size-thumbnail'><dl class='gallery-item'>\n\t\t\t\t<dt class='gallery-icon portrait'>\n\t\t\t\t\t<a class=\"rollover rollover-zoom dt-pswp-item\" title=\"ernesto de biasi\" data-dt-img-description=\"\" data-large_image_width=\"1573\" data-large_image_height=\"2048\"href='https:\/\/www.radiopiu.net\/wordpress\/wp-content\/uploads\/2021\/07\/ernesto-de-biasi.jpg'><img loading=\"lazy\" decoding=\"async\" width=\"150\" height=\"150\" src=\"https:\/\/www.radiopiu.net\/wordpress\/wp-content\/uploads\/2021\/07\/ernesto-de-biasi-150x150.jpg\" class=\"attachment-thumbnail size-thumbnail\" alt=\"\" aria-describedby=\"gallery-1-219401\" \/><\/a>\n\t\t\t\t<\/dt>\n\t\t\t\t\t<dd class='wp-caption-text gallery-caption' id='gallery-1-219401'>\n\t\t\t\t\tERNESTO DE BIASI\n\t\t\t\t\t<\/dd><\/dl><dl class='gallery-item'>\n\t\t\t\t<dt class='gallery-icon portrait'>\n\t\t\t\t\t<a class=\"rollover rollover-zoom dt-pswp-item\" title=\"kamal chergui\" data-dt-img-description=\"\" data-large_image_width=\"527\" data-large_image_height=\"668\"href='https:\/\/www.radiopiu.net\/wordpress\/wp-content\/uploads\/2021\/07\/kamal-chergui.jpg'><img loading=\"lazy\" decoding=\"async\" width=\"150\" height=\"150\" src=\"https:\/\/www.radiopiu.net\/wordpress\/wp-content\/uploads\/2021\/07\/kamal-chergui-150x150.jpg\" class=\"attachment-thumbnail size-thumbnail\" alt=\"\" aria-describedby=\"gallery-1-219402\" \/><\/a>\n\t\t\t\t<\/dt>\n\t\t\t\t\t<dd class='wp-caption-text gallery-caption' id='gallery-1-219402'>\n\t\t\t\t\tKAMAL CHERGUI\n\t\t\t\t\t<\/dd><\/dl><dl class='gallery-item'>\n\t\t\t\t<dt class='gallery-icon portrait'>\n\t\t\t\t\t<a class=\"rollover rollover-zoom dt-pswp-item\" title=\"maria grazia ben\" data-dt-img-description=\"\" data-large_image_width=\"1920\" data-large_image_height=\"2560\"href='https:\/\/www.radiopiu.net\/wordpress\/wp-content\/uploads\/2021\/07\/maria-grazia-ben-scaled.jpg'><img loading=\"lazy\" decoding=\"async\" width=\"150\" height=\"150\" src=\"https:\/\/www.radiopiu.net\/wordpress\/wp-content\/uploads\/2021\/07\/maria-grazia-ben-150x150.jpg\" class=\"attachment-thumbnail size-thumbnail\" alt=\"\" aria-describedby=\"gallery-1-219403\" \/><\/a>\n\t\t\t\t<\/dt>\n\t\t\t\t\t<dd class='wp-caption-text gallery-caption' id='gallery-1-219403'>\n\t\t\t\t\tMARIA GRAZIA BEN\n\t\t\t\t\t<\/dd><\/dl><dl class='gallery-item'>\n\t\t\t\t<dt class='gallery-icon portrait'>\n\t\t\t\t\t<a class=\"rollover rollover-zoom dt-pswp-item\" title=\"mauro salvaterra\" data-dt-img-description=\"\" data-large_image_width=\"1563\" data-large_image_height=\"2243\"href='https:\/\/www.radiopiu.net\/wordpress\/wp-content\/uploads\/2021\/07\/mauro-salvaterra.jpg'><img loading=\"lazy\" decoding=\"async\" width=\"150\" height=\"150\" src=\"https:\/\/www.radiopiu.net\/wordpress\/wp-content\/uploads\/2021\/07\/mauro-salvaterra-150x150.jpg\" class=\"attachment-thumbnail size-thumbnail\" alt=\"\" aria-describedby=\"gallery-1-219404\" \/><\/a>\n\t\t\t\t<\/dt>\n\t\t\t\t\t<dd class='wp-caption-text gallery-caption' id='gallery-1-219404'>\n\t\t\t\t\tMAURO SALVATERRA\n\t\t\t\t\t<\/dd><\/dl><dl class='gallery-item'>\n\t\t\t\t<dt class='gallery-icon portrait'>\n\t\t\t\t\t<a class=\"rollover rollover-zoom dt-pswp-item\" title=\"oscar carniel\" data-dt-img-description=\"\" data-large_image_width=\"439\" data-large_image_height=\"527\"href='https:\/\/www.radiopiu.net\/wordpress\/wp-content\/uploads\/2021\/07\/oscar-carniel.jpg'><img loading=\"lazy\" decoding=\"async\" width=\"150\" height=\"150\" src=\"https:\/\/www.radiopiu.net\/wordpress\/wp-content\/uploads\/2021\/07\/oscar-carniel-150x150.jpg\" class=\"attachment-thumbnail size-thumbnail\" alt=\"\" aria-describedby=\"gallery-1-219405\" \/><\/a>\n\t\t\t\t<\/dt>\n\t\t\t\t\t<dd class='wp-caption-text gallery-caption' id='gallery-1-219405'>\n\t\t\t\t\tOSCAR CARNIEL\n\t\t\t\t\t<\/dd><\/dl><br style=\"clear: both\" \/><dl class='gallery-item'>\n\t\t\t\t<dt class='gallery-icon portrait'>\n\t\t\t\t\t<a class=\"rollover rollover-zoom dt-pswp-item\" title=\"paolo raveane\" data-dt-img-description=\"\" data-large_image_width=\"548\" data-large_image_height=\"707\"href='https:\/\/www.radiopiu.net\/wordpress\/wp-content\/uploads\/2021\/07\/paolo-raveane.jpg'><img loading=\"lazy\" decoding=\"async\" width=\"150\" height=\"150\" src=\"https:\/\/www.radiopiu.net\/wordpress\/wp-content\/uploads\/2021\/07\/paolo-raveane-150x150.jpg\" class=\"attachment-thumbnail size-thumbnail\" alt=\"\" aria-describedby=\"gallery-1-219406\" \/><\/a>\n\t\t\t\t<\/dt>\n\t\t\t\t\t<dd class='wp-caption-text gallery-caption' id='gallery-1-219406'>\n\t\t\t\t\tPAOLO RAVEANE\n\t\t\t\t\t<\/dd><\/dl><dl class='gallery-item'>\n\t\t\t\t<dt class='gallery-icon portrait'>\n\t\t\t\t\t<a class=\"rollover rollover-zoom dt-pswp-item\" title=\"paolo zucco\" data-dt-img-description=\"\" data-large_image_width=\"413\" data-large_image_height=\"531\"href='https:\/\/www.radiopiu.net\/wordpress\/wp-content\/uploads\/2021\/07\/paolo-zucco.jpg'><img loading=\"lazy\" decoding=\"async\" width=\"150\" height=\"150\" src=\"https:\/\/www.radiopiu.net\/wordpress\/wp-content\/uploads\/2021\/07\/paolo-zucco-150x150.jpg\" class=\"attachment-thumbnail size-thumbnail\" alt=\"\" aria-describedby=\"gallery-1-219407\" \/><\/a>\n\t\t\t\t<\/dt>\n\t\t\t\t\t<dd class='wp-caption-text gallery-caption' id='gallery-1-219407'>\n\t\t\t\t\tPAOLO ZUCCOTTO\n\t\t\t\t\t<\/dd><\/dl><dl class='gallery-item'>\n\t\t\t\t<dt class='gallery-icon portrait'>\n\t\t\t\t\t<a class=\"rollover rollover-zoom dt-pswp-item\" title=\"pio lorenzet\" data-dt-img-description=\"\" data-large_image_width=\"892\" data-large_image_height=\"1213\"href='https:\/\/www.radiopiu.net\/wordpress\/wp-content\/uploads\/2021\/07\/pio-lorenzet.jpg'><img loading=\"lazy\" decoding=\"async\" width=\"150\" height=\"150\" src=\"https:\/\/www.radiopiu.net\/wordpress\/wp-content\/uploads\/2021\/07\/pio-lorenzet-150x150.jpg\" class=\"attachment-thumbnail size-thumbnail\" alt=\"\" aria-describedby=\"gallery-1-219408\" \/><\/a>\n\t\t\t\t<\/dt>\n\t\t\t\t\t<dd class='wp-caption-text gallery-caption' id='gallery-1-219408'>\n\t\t\t\t\tPIO LORENZET\n\t\t\t\t\t<\/dd><\/dl><dl class='gallery-item'>\n\t\t\t\t<dt class='gallery-icon portrait'>\n\t\t\t\t\t<a class=\"rollover rollover-zoom dt-pswp-item\" title=\"renzo corso\" data-dt-img-description=\"\" data-large_image_width=\"550\" data-large_image_height=\"687\"href='https:\/\/www.radiopiu.net\/wordpress\/wp-content\/uploads\/2021\/07\/renzo-corso.jpg'><img loading=\"lazy\" decoding=\"async\" width=\"150\" height=\"150\" src=\"https:\/\/www.radiopiu.net\/wordpress\/wp-content\/uploads\/2021\/07\/renzo-corso-150x150.jpg\" class=\"attachment-thumbnail size-thumbnail\" alt=\"\" aria-describedby=\"gallery-1-219409\" \/><\/a>\n\t\t\t\t<\/dt>\n\t\t\t\t\t<dd class='wp-caption-text gallery-caption' id='gallery-1-219409'>\n\t\t\t\t\tRENZO CORSO\n\t\t\t\t\t<\/dd><\/dl><dl class='gallery-item'>\n\t\t\t\t<dt class='gallery-icon portrait'>\n\t\t\t\t\t<a class=\"rollover rollover-zoom dt-pswp-item\" title=\"arcangelo de vitis\" data-dt-img-description=\"\" data-large_image_width=\"501\" data-large_image_height=\"698\"href='https:\/\/www.radiopiu.net\/wordpress\/wp-content\/uploads\/2021\/07\/arcangelo-de-vitis.jpg'><img loading=\"lazy\" decoding=\"async\" width=\"150\" height=\"150\" src=\"https:\/\/www.radiopiu.net\/wordpress\/wp-content\/uploads\/2021\/07\/arcangelo-de-vitis-150x150.jpg\" class=\"attachment-thumbnail size-thumbnail\" alt=\"\" aria-describedby=\"gallery-1-219410\" \/><\/a>\n\t\t\t\t<\/dt>\n\t\t\t\t\t<dd class='wp-caption-text gallery-caption' id='gallery-1-219410'>\n\t\t\t\t\tARCANGELO DE VITIS\n\t\t\t\t\t<\/dd><\/dl><br style=\"clear: both\" \/>\n\t\t\t<\/div>\n\n<p>&nbsp;<\/p>\n<hr \/>\n<p>&nbsp;<\/p>\n<blockquote>\n<h3>DOPPIO SILENZIO DEL MISE &#8220;UN ATTACCO INDIRETTO AI POSTI DI LAVORO DI BORGO VALBELLUNA<\/h3>\n<\/blockquote>\n<p><strong><a href=\"https:\/\/www.radiopiu.net\/wordpress\/doppio-silenzio-del-mise-un-attacco-indiretto-ai-posti-di-lavoro-di-borgo-valbelluna\/th-151\/\" rel=\"attachment wp-att-219342\"><img loading=\"lazy\" decoding=\"async\" class=\"size-full wp-image-219342 alignleft\" src=\"https:\/\/www.radiopiu.net\/wordpress\/wp-content\/uploads\/2021\/07\/th-1.jpg\" alt=\"\" width=\"231\" height=\"154\" \/><\/a>BORGO VALBELLUNA<\/strong> In una nota la Fiom Cgil sottolinea come in Parlamento il Ministro del lavoro abbia in via definitiva abbandonato il progetto Italcomp chiedendosi quindi chi presidia le politiche industriali in Italia.<em>\u00a0 &#8220;Non certo il Mise, silente e inoperoso &#8211; ribatte la Cgil &#8211;\u00a0 \u00a0Il doppio silenzio del Mise ( Italcomp e art.37) prefigura oltre al triste e drammatico abbandono di Chieri al suo destino, anche un attacco indiretto ai posti di lavoro di Borgo Valbelluna&#8221;.\u00a0<\/em>Al Ministro Federico D&#8217;Inc\u00e0 l&#8217;invito a prendere le distanze dal Mise e al Ministro Giorgetti una domanda <em>&#8220;Quanto a lungo clienti e fornitori si faranno carico di un sostegno finanziario che spetta invece al suo dicastero? Chi potr\u00e0\u00a0 comperare Acc nella gara in corso senza sapere se la stessa avr\u00e0 i fondi?&#8221;\u00a0<\/em>La Cgil\u00a0 auspica l&#8217;apertura della stagione dell&#8217;autonomia non solo giuridica,\u00a0 soprattutto economica e sociale.<\/p>\n<p>&nbsp;<\/p>\n<p>&nbsp;<\/p>\n<hr \/>\n<blockquote>\n<h3><\/h3>\n<h3>LE SOLLECITAZIONI DEL DEPUTATO ROGER DE MENECH<\/h3>\n<\/blockquote>\n<p><strong><a href=\"https:\/\/www.radiopiu.net\/wordpress\/doppio-silenzio-del-mise-un-attacco-indiretto-ai-posti-di-lavoro-di-borgo-valbelluna\/808d5912-a714-45f8-b1f6-ecfe9e03d925-2\/\" rel=\"attachment wp-att-219343\"><img loading=\"lazy\" decoding=\"async\" class=\"wp-image-219343 alignleft\" src=\"https:\/\/www.radiopiu.net\/wordpress\/wp-content\/uploads\/2021\/07\/808d5912-a714-45f8-b1f6-ecfe9e03d925-300x225.jpg\" alt=\"\" width=\"239\" height=\"179\" srcset=\"https:\/\/www.radiopiu.net\/wordpress\/wp-content\/uploads\/2021\/07\/808d5912-a714-45f8-b1f6-ecfe9e03d925-300x225.jpg 300w, https:\/\/www.radiopiu.net\/wordpress\/wp-content\/uploads\/2021\/07\/808d5912-a714-45f8-b1f6-ecfe9e03d925-1024x768.jpg 1024w, https:\/\/www.radiopiu.net\/wordpress\/wp-content\/uploads\/2021\/07\/808d5912-a714-45f8-b1f6-ecfe9e03d925-768x576.jpg 768w, https:\/\/www.radiopiu.net\/wordpress\/wp-content\/uploads\/2021\/07\/808d5912-a714-45f8-b1f6-ecfe9e03d925-1536x1152.jpg 1536w, https:\/\/www.radiopiu.net\/wordpress\/wp-content\/uploads\/2021\/07\/808d5912-a714-45f8-b1f6-ecfe9e03d925.jpg 2048w\" sizes=\"auto, (max-width: 239px) 100vw, 239px\" \/><\/a>ROMA<\/strong>\u00a0 Il deputato bellunese Roger De Menech \u00e8 intervenuto alla Camera dei deputati chiedendo al ministro dello Sviluppo Economico di andare oltre gli accordi, pur importanti, siglati nei giorni scorsi tra governo e parti sociali ed elaborare un piano industriale nazionale a tutela delle produzioni e del lavoro. <em>\u00abIl lavoro\u00bb, ha ricordato De Menech, \u00ab\u00e8 il fulcro delle politiche del governo Draghi, anche grazie al protagonismo del ministro Orlando\u00bb. In questo momento, a un anno e mezzo dall\u2019inizio della pandemia, ha affermato il deputato \u00ababbiamo bisogno di aggredire le crisi esistenti, di mantenere in Italia le produzioni strategiche, sopratutto quelle di qualit\u00e0\u00bb. Nella sola provincia di Belluno, ha rimarcato De Menech, \u00abrestano da risolvere le crisi di due aziende storiche, la ACC e la Ideal Standard, entrambe nel comune di Borgo Valbelluna. Proprio due giorni fa le RSU della ACC hanno ribadito al Mise e alla Regione Veneto che il tempo \u00e8 scaduto e c\u2019\u00e8 bisogno di riaprire i canali di finanziamento per garantire la produzione. Abbiamo bisogno di dare una garanzia vera a tutti quei lavoratori e quelle lavoratrici che sono da troppo tempo in una situazione di incertezza. Per farlo servono le linee di finanziamento, come detto, ma soprattutto avere le idee chiare sul futuro industriale del nostro paese e delle produzioni che devono rimanere in Italia, anche per mantenere l\u2019aspetto strategico della manifattura sul territorio\u00bb.<\/em><\/p>\n<p><strong>L&#8217;INTERVENTO ALLA CAMERA DEI DEPUTATI DI ROGER DE MENECH<\/strong><\/p>\n<div style=\"width: 720px;\" class=\"wp-video\"><video class=\"wp-video-shortcode\" id=\"video-219246-1\" width=\"720\" height=\"576\" preload=\"metadata\" controls=\"controls\"><source type=\"video\/mp4\" src=\"https:\/\/www.radiopiu.net\/wordpress\/wp-content\/uploads\/2021\/07\/DE-MENECH-PARLAMENTO.mp4?_=1\" \/><a href=\"https:\/\/www.radiopiu.net\/wordpress\/wp-content\/uploads\/2021\/07\/DE-MENECH-PARLAMENTO.mp4\">https:\/\/www.radiopiu.net\/wordpress\/wp-content\/uploads\/2021\/07\/DE-MENECH-PARLAMENTO.mp4<\/a><\/video><\/div>\n<p>&nbsp;<\/p>\n<hr \/>\n<p>&nbsp;<\/p>\n<blockquote>\n<h3>INAUGURATO L&#8217;OSPEDALE DI COMUNITA&#8217; IN UNA VALLATA VACCINATA AL 60%<\/h3>\n<\/blockquote>\n<p><strong>DI GIANNI SANTOMASO\u00a0<\/strong><\/p>\n<audio class=\"wp-audio-shortcode\" id=\"audio-219246-4\" preload=\"none\" style=\"width: 100%;\" controls=\"controls\"><source type=\"audio\/mpeg\" src=\"https:\/\/www.radiopiu.net\/wordpress\/wp-content\/uploads\/2021\/07\/GIANNI-OSPEDALE-AGORDO-E-VACCINI.mp3?_=4\" \/><a href=\"https:\/\/www.radiopiu.net\/wordpress\/wp-content\/uploads\/2021\/07\/GIANNI-OSPEDALE-AGORDO-E-VACCINI.mp3\">https:\/\/www.radiopiu.net\/wordpress\/wp-content\/uploads\/2021\/07\/GIANNI-OSPEDALE-AGORDO-E-VACCINI.mp3<\/a><\/audio>\n<p>&nbsp;<\/p>\n<p><strong>AGORDO<\/strong> Inaugurato\u00a0 ad Agordo l&#8217;ospedale di Comunit\u00e0 un aiuto in ambito famigliare dopo la fase acuta in un territorio particolare, difficile. L&#8217;obiettivo: il re inserimento del paziente in famiglia. Modello da rinforzare secondo il dottor Massimiliano Mosca.<\/p>\n<p>DI GIANNI SANTOMASO<\/p>\n<audio class=\"wp-audio-shortcode\" id=\"audio-219246-5\" preload=\"none\" style=\"width: 100%;\" controls=\"controls\"><source type=\"audio\/mpeg\" src=\"https:\/\/www.radiopiu.net\/wordpress\/wp-content\/uploads\/2021\/07\/GIANNI-OSPEDALE-AGORDO-E-VACCINI.mp3?_=5\" \/><a href=\"https:\/\/www.radiopiu.net\/wordpress\/wp-content\/uploads\/2021\/07\/GIANNI-OSPEDALE-AGORDO-E-VACCINI.mp3\">https:\/\/www.radiopiu.net\/wordpress\/wp-content\/uploads\/2021\/07\/GIANNI-OSPEDALE-AGORDO-E-VACCINI.mp3<\/a><\/audio>\n<p>&nbsp;<\/p>\n<p><span style=\"color: #ff0000;\">SINTESI&#8230;.<\/span><\/p>\n<p><strong><a href=\"https:\/\/www.radiopiu.net\/wordpress\/?attachment_id=219434\" rel=\"attachment wp-att-219434\"><img loading=\"lazy\" decoding=\"async\" class=\"size-medium wp-image-219434 alignleft\" src=\"https:\/\/www.radiopiu.net\/wordpress\/wp-content\/uploads\/2021\/07\/f2dc7b2a-3903-4b57-9cbd-160f1f1a7d85-300x169.jpg\" alt=\"\" width=\"300\" height=\"169\" srcset=\"https:\/\/www.radiopiu.net\/wordpress\/wp-content\/uploads\/2021\/07\/f2dc7b2a-3903-4b57-9cbd-160f1f1a7d85-300x169.jpg 300w, https:\/\/www.radiopiu.net\/wordpress\/wp-content\/uploads\/2021\/07\/f2dc7b2a-3903-4b57-9cbd-160f1f1a7d85-1024x576.jpg 1024w, https:\/\/www.radiopiu.net\/wordpress\/wp-content\/uploads\/2021\/07\/f2dc7b2a-3903-4b57-9cbd-160f1f1a7d85-768x432.jpg 768w, https:\/\/www.radiopiu.net\/wordpress\/wp-content\/uploads\/2021\/07\/f2dc7b2a-3903-4b57-9cbd-160f1f1a7d85-1536x864.jpg 1536w, https:\/\/www.radiopiu.net\/wordpress\/wp-content\/uploads\/2021\/07\/f2dc7b2a-3903-4b57-9cbd-160f1f1a7d85.jpg 1920w\" sizes=\"auto, (max-width: 300px) 100vw, 300px\" \/><\/a>l&#8217;intervento del Direttore Maria Grazia Carraro, L&#8217;OSPEDALE DI COMUNITA&#8217;<\/strong><\/p>\n<audio class=\"wp-audio-shortcode\" id=\"audio-219246-6\" preload=\"none\" style=\"width: 100%;\" controls=\"controls\"><source type=\"audio\/mpeg\" src=\"https:\/\/www.radiopiu.net\/wordpress\/wp-content\/uploads\/2021\/07\/CARRARO.mp3?_=6\" \/><a href=\"https:\/\/www.radiopiu.net\/wordpress\/wp-content\/uploads\/2021\/07\/CARRARO.mp3\">https:\/\/www.radiopiu.net\/wordpress\/wp-content\/uploads\/2021\/07\/CARRARO.mp3<\/a><\/audio>\n<p>&nbsp;<\/p>\n<p>&nbsp;<\/p>\n<p><strong><a href=\"https:\/\/www.radiopiu.net\/wordpress\/?attachment_id=219428\" rel=\"attachment wp-att-219428\"><img loading=\"lazy\" decoding=\"async\" class=\"size-medium wp-image-219428 alignleft\" src=\"https:\/\/www.radiopiu.net\/wordpress\/wp-content\/uploads\/2021\/07\/1fcc9806-d0e3-4079-858a-5a48b5ac25b1-300x169.jpg\" alt=\"\" width=\"300\" height=\"169\" srcset=\"https:\/\/www.radiopiu.net\/wordpress\/wp-content\/uploads\/2021\/07\/1fcc9806-d0e3-4079-858a-5a48b5ac25b1-300x169.jpg 300w, https:\/\/www.radiopiu.net\/wordpress\/wp-content\/uploads\/2021\/07\/1fcc9806-d0e3-4079-858a-5a48b5ac25b1-1024x576.jpg 1024w, https:\/\/www.radiopiu.net\/wordpress\/wp-content\/uploads\/2021\/07\/1fcc9806-d0e3-4079-858a-5a48b5ac25b1-768x432.jpg 768w, https:\/\/www.radiopiu.net\/wordpress\/wp-content\/uploads\/2021\/07\/1fcc9806-d0e3-4079-858a-5a48b5ac25b1-1536x864.jpg 1536w, https:\/\/www.radiopiu.net\/wordpress\/wp-content\/uploads\/2021\/07\/1fcc9806-d0e3-4079-858a-5a48b5ac25b1.jpg 1920w\" sizes=\"auto, (max-width: 300px) 100vw, 300px\" \/><\/a>Il sindaco Roberto Chissal\u00e8 CHI SI RIEMPIE LA BOCCA CON LO SPOPOLAMENTO E CHI FA\u00a0<\/strong><\/p>\n<audio class=\"wp-audio-shortcode\" id=\"audio-219246-7\" preload=\"none\" style=\"width: 100%;\" controls=\"controls\"><source type=\"audio\/mpeg\" src=\"https:\/\/www.radiopiu.net\/wordpress\/wp-content\/uploads\/2021\/07\/CHISSAKE.mp3?_=7\" \/><a href=\"https:\/\/www.radiopiu.net\/wordpress\/wp-content\/uploads\/2021\/07\/CHISSAKE.mp3\">https:\/\/www.radiopiu.net\/wordpress\/wp-content\/uploads\/2021\/07\/CHISSAKE.mp3<\/a><\/audio>\n<p>&nbsp;<\/p>\n<p><strong><a href=\"https:\/\/www.radiopiu.net\/wordpress\/?attachment_id=219430\" rel=\"attachment wp-att-219430\"><img loading=\"lazy\" decoding=\"async\" class=\"size-medium wp-image-219430 alignleft\" src=\"https:\/\/www.radiopiu.net\/wordpress\/wp-content\/uploads\/2021\/07\/d536fc42-8689-423a-b6ce-b7b3e480acdb-300x169.jpg\" alt=\"\" width=\"300\" height=\"169\" srcset=\"https:\/\/www.radiopiu.net\/wordpress\/wp-content\/uploads\/2021\/07\/d536fc42-8689-423a-b6ce-b7b3e480acdb-300x169.jpg 300w, https:\/\/www.radiopiu.net\/wordpress\/wp-content\/uploads\/2021\/07\/d536fc42-8689-423a-b6ce-b7b3e480acdb-1024x576.jpg 1024w, https:\/\/www.radiopiu.net\/wordpress\/wp-content\/uploads\/2021\/07\/d536fc42-8689-423a-b6ce-b7b3e480acdb-768x432.jpg 768w, https:\/\/www.radiopiu.net\/wordpress\/wp-content\/uploads\/2021\/07\/d536fc42-8689-423a-b6ce-b7b3e480acdb-1536x864.jpg 1536w, https:\/\/www.radiopiu.net\/wordpress\/wp-content\/uploads\/2021\/07\/d536fc42-8689-423a-b6ce-b7b3e480acdb.jpg 1920w\" sizes=\"auto, (max-width: 300px) 100vw, 300px\" \/><\/a>il dottor Sandro De Col\u00a0 &#8220;FORTE CONNESSIONE TRA SERVIZIO OSPEDALIERI E TERRITORIALI&#8221;<\/strong><\/p>\n<audio class=\"wp-audio-shortcode\" id=\"audio-219246-8\" preload=\"none\" style=\"width: 100%;\" controls=\"controls\"><source type=\"audio\/mpeg\" src=\"https:\/\/www.radiopiu.net\/wordpress\/wp-content\/uploads\/2021\/07\/DE-COL.mp3?_=8\" \/><a href=\"https:\/\/www.radiopiu.net\/wordpress\/wp-content\/uploads\/2021\/07\/DE-COL.mp3\">https:\/\/www.radiopiu.net\/wordpress\/wp-content\/uploads\/2021\/07\/DE-COL.mp3<\/a><\/audio>\n<p>&nbsp;<\/p>\n<p><strong><a href=\"https:\/\/www.radiopiu.net\/wordpress\/?attachment_id=219430\" rel=\"attachment wp-att-219430\"><img loading=\"lazy\" decoding=\"async\" class=\"size-medium wp-image-219430 alignleft\" src=\"https:\/\/www.radiopiu.net\/wordpress\/wp-content\/uploads\/2021\/07\/d536fc42-8689-423a-b6ce-b7b3e480acdb-300x169.jpg\" alt=\"\" width=\"300\" height=\"169\" srcset=\"https:\/\/www.radiopiu.net\/wordpress\/wp-content\/uploads\/2021\/07\/d536fc42-8689-423a-b6ce-b7b3e480acdb-300x169.jpg 300w, https:\/\/www.radiopiu.net\/wordpress\/wp-content\/uploads\/2021\/07\/d536fc42-8689-423a-b6ce-b7b3e480acdb-1024x576.jpg 1024w, https:\/\/www.radiopiu.net\/wordpress\/wp-content\/uploads\/2021\/07\/d536fc42-8689-423a-b6ce-b7b3e480acdb-768x432.jpg 768w, https:\/\/www.radiopiu.net\/wordpress\/wp-content\/uploads\/2021\/07\/d536fc42-8689-423a-b6ce-b7b3e480acdb-1536x864.jpg 1536w, https:\/\/www.radiopiu.net\/wordpress\/wp-content\/uploads\/2021\/07\/d536fc42-8689-423a-b6ce-b7b3e480acdb.jpg 1920w\" sizes=\"auto, (max-width: 300px) 100vw, 300px\" \/><\/a>il dottor Massimiliano Mosca &#8220;PROGETTARE IL FUTURO GUARDANDO AL PASSATO&#8221;<\/strong><\/p>\n<audio class=\"wp-audio-shortcode\" id=\"audio-219246-9\" preload=\"none\" style=\"width: 100%;\" controls=\"controls\"><source type=\"audio\/mpeg\" src=\"https:\/\/www.radiopiu.net\/wordpress\/wp-content\/uploads\/2021\/07\/MOSCA.mp3?_=9\" \/><a href=\"https:\/\/www.radiopiu.net\/wordpress\/wp-content\/uploads\/2021\/07\/MOSCA.mp3\">https:\/\/www.radiopiu.net\/wordpress\/wp-content\/uploads\/2021\/07\/MOSCA.mp3<\/a><\/audio>\n<p>&nbsp;<\/p>\n<p><strong><a href=\"https:\/\/www.radiopiu.net\/wordpress\/?attachment_id=219433\" rel=\"attachment wp-att-219433\"><img loading=\"lazy\" decoding=\"async\" class=\"size-medium wp-image-219433 alignleft\" src=\"https:\/\/www.radiopiu.net\/wordpress\/wp-content\/uploads\/2021\/07\/e3cc8fec-fa47-4277-bd46-836322f28c43-300x169.jpg\" alt=\"\" width=\"300\" height=\"169\" srcset=\"https:\/\/www.radiopiu.net\/wordpress\/wp-content\/uploads\/2021\/07\/e3cc8fec-fa47-4277-bd46-836322f28c43-300x169.jpg 300w, https:\/\/www.radiopiu.net\/wordpress\/wp-content\/uploads\/2021\/07\/e3cc8fec-fa47-4277-bd46-836322f28c43-1024x576.jpg 1024w, https:\/\/www.radiopiu.net\/wordpress\/wp-content\/uploads\/2021\/07\/e3cc8fec-fa47-4277-bd46-836322f28c43-768x432.jpg 768w, https:\/\/www.radiopiu.net\/wordpress\/wp-content\/uploads\/2021\/07\/e3cc8fec-fa47-4277-bd46-836322f28c43-1536x864.jpg 1536w, https:\/\/www.radiopiu.net\/wordpress\/wp-content\/uploads\/2021\/07\/e3cc8fec-fa47-4277-bd46-836322f28c43.jpg 1920w\" sizes=\"auto, (max-width: 300px) 100vw, 300px\" \/><\/a>L&#8217;infermiera Paola Fullin &#8220;SIAMO INFERMIERI PER DARE UN RISPOSTA ALL&#8217;UTENZA E A NOI STESSI&#8221;<\/strong><\/p>\n<audio class=\"wp-audio-shortcode\" id=\"audio-219246-10\" preload=\"none\" style=\"width: 100%;\" controls=\"controls\"><source type=\"audio\/mpeg\" src=\"https:\/\/www.radiopiu.net\/wordpress\/wp-content\/uploads\/2021\/07\/PAOLA.mp3?_=10\" \/><a href=\"https:\/\/www.radiopiu.net\/wordpress\/wp-content\/uploads\/2021\/07\/PAOLA.mp3\">https:\/\/www.radiopiu.net\/wordpress\/wp-content\/uploads\/2021\/07\/PAOLA.mp3<\/a><\/audio>\n<p>&nbsp;<\/p>\n<p><strong><a href=\"https:\/\/www.radiopiu.net\/wordpress\/valle-imperina\/ortopedia-ospedale-agordo-2\/\" rel=\"attachment wp-att-169309\"><img loading=\"lazy\" decoding=\"async\" class=\" wp-image-169309 alignleft\" src=\"https:\/\/www.radiopiu.net\/wordpress\/wp-content\/uploads\/2020\/10\/ORTOPEDIA-OSPEDALE-AGORDO-2-169x300.jpg\" alt=\"\" width=\"98\" height=\"174\" srcset=\"https:\/\/www.radiopiu.net\/wordpress\/wp-content\/uploads\/2020\/10\/ORTOPEDIA-OSPEDALE-AGORDO-2-169x300.jpg 169w, https:\/\/www.radiopiu.net\/wordpress\/wp-content\/uploads\/2020\/10\/ORTOPEDIA-OSPEDALE-AGORDO-2-576x1024.jpg 576w, https:\/\/www.radiopiu.net\/wordpress\/wp-content\/uploads\/2020\/10\/ORTOPEDIA-OSPEDALE-AGORDO-2-768x1367.jpg 768w, https:\/\/www.radiopiu.net\/wordpress\/wp-content\/uploads\/2020\/10\/ORTOPEDIA-OSPEDALE-AGORDO-2-863x1536.jpg 863w, https:\/\/www.radiopiu.net\/wordpress\/wp-content\/uploads\/2020\/10\/ORTOPEDIA-OSPEDALE-AGORDO-2.jpg 1151w\" sizes=\"auto, (max-width: 98px) 100vw, 98px\" \/><\/a><\/strong><\/p>\n<p>&nbsp;<\/p>\n<p>&nbsp;<\/p>\n<p>&nbsp;<\/p>\n<p><strong>LE DOMANDE DI GIANNI SANTOMASO E MIRKO MEZZACASA\u00a0<\/strong><\/p>\n<audio class=\"wp-audio-shortcode\" id=\"audio-219246-11\" preload=\"none\" style=\"width: 100%;\" controls=\"controls\"><source type=\"audio\/mpeg\" src=\"https:\/\/www.radiopiu.net\/wordpress\/wp-content\/uploads\/2021\/07\/INTERVISTE-GIMI.mp3?_=11\" \/><a href=\"https:\/\/www.radiopiu.net\/wordpress\/wp-content\/uploads\/2021\/07\/INTERVISTE-GIMI.mp3\">https:\/\/www.radiopiu.net\/wordpress\/wp-content\/uploads\/2021\/07\/INTERVISTE-GIMI.mp3<\/a><\/audio>\n<p>&nbsp;<\/p>\n<p><span style=\"color: #ff0000;\"><strong>LA DIRETTA DI RADIO PIU&#8217;<\/strong><\/span><\/p>\n<p>https:\/\/www.facebook.com\/mirko.mezzacasa\/videos\/165065219000742<\/p>\n<p>&nbsp;<\/p>\n<p>&nbsp;<\/p>\n<p>&nbsp;<\/p>\n<hr \/>\n<p>&nbsp;<\/p>\n<blockquote class=\"wp-embedded-content\" data-secret=\"DYwNkeVYuG\"><p><a href=\"https:\/\/www.radiopiu.net\/wordpress\/aggiornamentolug01\/\">CORONAVIRUS: AGGIORNAMENTO NAZIONALE 01 LUGLIO  2021<\/a><\/p><\/blockquote>\n<p><iframe loading=\"lazy\" class=\"wp-embedded-content\" sandbox=\"allow-scripts\" security=\"restricted\" style=\"position: absolute; clip: rect(1px, 1px, 1px, 1px);\" title=\"&#8220;CORONAVIRUS: AGGIORNAMENTO NAZIONALE 01 LUGLIO  2021&#8221; &#8212; Radio Pi\u00f9\" src=\"https:\/\/www.radiopiu.net\/wordpress\/aggiornamentolug01\/embed\/#?secret=DYwNkeVYuG\" data-secret=\"DYwNkeVYuG\" width=\"600\" height=\"338\" frameborder=\"0\" marginwidth=\"0\" marginheight=\"0\" scrolling=\"no\"><\/iframe><\/p>\n<p>&nbsp;<\/p>\n<blockquote class=\"wp-embedded-content\" data-secret=\"2JG57cc1Mp\"><p><a href=\"https:\/\/www.radiopiu.net\/wordpress\/unpafeaaa\/\">MENO DI 20 PAZIENTI IN TERAPIA INTENSIVA, NELLE 24 ORE 55 POSITIVI, ALTRETTANTI GUARITI E UN  DECESSO<\/a><\/p><\/blockquote>\n<p><iframe loading=\"lazy\" class=\"wp-embedded-content\" sandbox=\"allow-scripts\" security=\"restricted\" style=\"position: absolute; clip: rect(1px, 1px, 1px, 1px);\" title=\"&#8220;MENO DI 20 PAZIENTI IN TERAPIA INTENSIVA, NELLE 24 ORE 55 POSITIVI, ALTRETTANTI GUARITI E UN  DECESSO&#8221; &#8212; Radio Pi\u00f9\" src=\"https:\/\/www.radiopiu.net\/wordpress\/unpafeaaa\/embed\/#?secret=2JG57cc1Mp\" data-secret=\"2JG57cc1Mp\" width=\"600\" height=\"338\" frameborder=\"0\" marginwidth=\"0\" marginheight=\"0\" scrolling=\"no\"><\/iframe><\/p>\n<p>&nbsp;<\/p>\n<h3>I GRAFICI DI TIZIANO DE COL<\/h3>\n\n\t\t\t<style type='text\/css'>\n\t\t\t\t#gallery-2 {\n\t\t\t\t\tmargin: auto;\n\t\t\t\t}\n\t\t\t\t#gallery-2 .gallery-item {\n\t\t\t\t\tfloat: left;\n\t\t\t\t\tmargin-top: 10px;\n\t\t\t\t\ttext-align: center;\n\t\t\t\t\twidth: 20%;\n\t\t\t\t}\n\t\t\t\t#gallery-2 img {\n\t\t\t\t\tborder: 2px solid #cfcfcf;\n\t\t\t\t}\n\t\t\t\t#gallery-2 .gallery-caption {\n\t\t\t\t\tmargin-left: 0;\n\t\t\t\t}\n\t\t\t\t\/* see gallery_shortcode() in wp-includes\/media.php *\/\n\t\t\t<\/style>\n\t\t<div id='gallery-2' class='dt-gallery-container gallery galleryid-219246 gallery-columns-5 gallery-size-thumbnail'><dl class='gallery-item'>\n\t\t\t\t<dt class='gallery-icon landscape'>\n\t\t\t\t\t<a class=\"rollover rollover-zoom dt-pswp-item\" title=\"c27de93d-b43a-4419-a5a0-549d4a66e75b\" data-dt-img-description=\"\" data-large_image_width=\"582\" data-large_image_height=\"353\"href='https:\/\/www.radiopiu.net\/wordpress\/wp-content\/uploads\/2021\/07\/c27de93d-b43a-4419-a5a0-549d4a66e75b.jpg'><img loading=\"lazy\" decoding=\"async\" width=\"150\" height=\"150\" src=\"https:\/\/www.radiopiu.net\/wordpress\/wp-content\/uploads\/2021\/07\/c27de93d-b43a-4419-a5a0-549d4a66e75b-150x150.jpg\" class=\"attachment-thumbnail size-thumbnail\" alt=\"\" \/><\/a>\n\t\t\t\t<\/dt><\/dl><dl class='gallery-item'>\n\t\t\t\t<dt class='gallery-icon landscape'>\n\t\t\t\t\t<a class=\"rollover rollover-zoom dt-pswp-item\" title=\"3589374a-cbb2-4432-9591-d793e9ef347b\" data-dt-img-description=\"\" data-large_image_width=\"604\" data-large_image_height=\"350\"href='https:\/\/www.radiopiu.net\/wordpress\/wp-content\/uploads\/2021\/07\/3589374a-cbb2-4432-9591-d793e9ef347b.jpg'><img loading=\"lazy\" decoding=\"async\" width=\"150\" height=\"150\" src=\"https:\/\/www.radiopiu.net\/wordpress\/wp-content\/uploads\/2021\/07\/3589374a-cbb2-4432-9591-d793e9ef347b-150x150.jpg\" class=\"attachment-thumbnail size-thumbnail\" alt=\"\" \/><\/a>\n\t\t\t\t<\/dt><\/dl><dl class='gallery-item'>\n\t\t\t\t<dt class='gallery-icon landscape'>\n\t\t\t\t\t<a class=\"rollover rollover-zoom dt-pswp-item\" title=\"d3f6bc1e-5252-47a3-ab84-8e43f8fb04a3\" data-dt-img-description=\"\" data-large_image_width=\"610\" data-large_image_height=\"352\"href='https:\/\/www.radiopiu.net\/wordpress\/wp-content\/uploads\/2021\/07\/d3f6bc1e-5252-47a3-ab84-8e43f8fb04a3.jpg'><img loading=\"lazy\" decoding=\"async\" width=\"150\" height=\"150\" src=\"https:\/\/www.radiopiu.net\/wordpress\/wp-content\/uploads\/2021\/07\/d3f6bc1e-5252-47a3-ab84-8e43f8fb04a3-150x150.jpg\" class=\"attachment-thumbnail size-thumbnail\" alt=\"\" \/><\/a>\n\t\t\t\t<\/dt><\/dl><dl class='gallery-item'>\n\t\t\t\t<dt class='gallery-icon landscape'>\n\t\t\t\t\t<a class=\"rollover rollover-zoom dt-pswp-item\" title=\"fb307e04-ae29-4518-b7f3-b4ee2871240a\" data-dt-img-description=\"\" data-large_image_width=\"608\" data-large_image_height=\"351\"href='https:\/\/www.radiopiu.net\/wordpress\/wp-content\/uploads\/2021\/07\/fb307e04-ae29-4518-b7f3-b4ee2871240a.jpg'><img loading=\"lazy\" decoding=\"async\" width=\"150\" height=\"150\" src=\"https:\/\/www.radiopiu.net\/wordpress\/wp-content\/uploads\/2021\/07\/fb307e04-ae29-4518-b7f3-b4ee2871240a-150x150.jpg\" class=\"attachment-thumbnail size-thumbnail\" alt=\"\" \/><\/a>\n\t\t\t\t<\/dt><\/dl><dl class='gallery-item'>\n\t\t\t\t<dt class='gallery-icon landscape'>\n\t\t\t\t\t<a class=\"rollover rollover-zoom dt-pswp-item\" title=\"dcbe2313-9456-4d19-bb40-a0e057918d73\" data-dt-img-description=\"\" data-large_image_width=\"600\" data-large_image_height=\"352\"href='https:\/\/www.radiopiu.net\/wordpress\/wp-content\/uploads\/2021\/07\/dcbe2313-9456-4d19-bb40-a0e057918d73.jpg'><img loading=\"lazy\" decoding=\"async\" width=\"150\" height=\"150\" src=\"https:\/\/www.radiopiu.net\/wordpress\/wp-content\/uploads\/2021\/07\/dcbe2313-9456-4d19-bb40-a0e057918d73-150x150.jpg\" class=\"attachment-thumbnail size-thumbnail\" alt=\"\" \/><\/a>\n\t\t\t\t<\/dt><\/dl><br style=\"clear: both\" \/>\n\t\t\t<\/div>\n\n<p>&nbsp;<\/p>\n<hr \/>\n<p>&nbsp;<\/p>\n<blockquote>\n<h3>COVID-19: ALTRI 7 POSITIVI IN ULSS 1 DOLOMITI, SONO 11 IN DUE GIORNI<\/h3>\n<\/blockquote>\n<p><strong><a href=\"https:\/\/www.radiopiu.net\/wordpress\/giornale-radiopiu-10-marzo-2020-direttore-mirko-mezzacasa\/covid-ulss\/\" rel=\"attachment wp-att-121260\"><img loading=\"lazy\" decoding=\"async\" class=\" wp-image-121260 alignleft\" src=\"https:\/\/www.radiopiu.net\/wordpress\/wp-content\/uploads\/2020\/03\/covid-ulss-300x225.jpg\" alt=\"\" width=\"216\" height=\"162\" srcset=\"https:\/\/www.radiopiu.net\/wordpress\/wp-content\/uploads\/2020\/03\/covid-ulss-300x225.jpg 300w, https:\/\/www.radiopiu.net\/wordpress\/wp-content\/uploads\/2020\/03\/covid-ulss-768x576.jpg 768w, https:\/\/www.radiopiu.net\/wordpress\/wp-content\/uploads\/2020\/03\/covid-ulss.jpg 800w\" sizes=\"auto, (max-width: 216px) 100vw, 216px\" \/><\/a>BELLUNO <\/strong>Dopo le tre positivit\u00e0 covid segnalate nel pomeriggio di mercoled\u00ec, nella tarda serata \u00e8 emersa una nuova positivit\u00e0, contatto stretto di uno dei tre giovani positivi citati. Ieri sera sono giunti\u00a0 all\u2019attenzione dell\u2019unit\u00e0 di crisi 7 nuovi referti di positivit\u00e0, quasi tutti a carico di \u00a0giovani. Il team dedicato al contact tracing sta costruendo le possibili catene epidemiche di queste 11 positivit\u00e0 registrate tra mercoled\u00ec e ieri, e disponendo i provvedimenti contumaciali previsti a carico dei casi Covid (isolamento per almeno 10 giorni) e dei contatti (quarantena per 10 giorni con tampone di controllo in entrata e tampone di uscita). Le quattro positivit\u00e0 di mercoled\u00ec sono gi\u00e0 state inviate per il sequenziamento all\u2019Istituto Zooprofilattico delle Venezie. I risultati sono attesi tra alcuni giorni.<\/p>\n<p>&nbsp;<\/p>\n<p>&nbsp;<\/p>\n<hr \/>\n<p>&nbsp;<\/p>\n<blockquote>\n<h3>AVVIATA IN VENETO LA VACCINAZIONE NELLE FARMACIE<\/h3>\n<\/blockquote>\n<p><strong><a href=\"https:\/\/www.radiopiu.net\/wordpress\/vaccini-per-gli-anziani-artrite-psoriasica-prodotti-di-tabacco-a-basso-rischio\/dettaglio-del-vaccino-in-laboratorio_78895-1491\/\" rel=\"attachment wp-att-116862\"><img loading=\"lazy\" decoding=\"async\" class=\"size-medium wp-image-116862 alignleft\" src=\"https:\/\/www.radiopiu.net\/wordpress\/wp-content\/uploads\/2020\/02\/dettaglio-del-vaccino-in-laboratorio_78895-1491-300x200.jpg\" alt=\"\" width=\"300\" height=\"200\" srcset=\"https:\/\/www.radiopiu.net\/wordpress\/wp-content\/uploads\/2020\/02\/dettaglio-del-vaccino-in-laboratorio_78895-1491-300x200.jpg 300w, https:\/\/www.radiopiu.net\/wordpress\/wp-content\/uploads\/2020\/02\/dettaglio-del-vaccino-in-laboratorio_78895-1491.jpg 626w\" sizes=\"auto, (max-width: 300px) 100vw, 300px\" \/><\/a>VENEZIA<\/strong> Nel Veneto si d\u00e0 avvio alla vaccinazione anti-covid 19 presso le Farmacie di comunit\u00e0 che hanno conseguito la necessaria formazione e sono state quindi abilitate all\u2019uso della piattaforma per la registrazione della somministrazione vaccinale. Ad oggi risultano abilitate 120 Farmacie di comunit\u00e0, distribuite nel territorio regionale, di cui 22 &#8211; distribuite prevalentemente nelle ULSS 3 Serenissima e ULSS 6 Euganea &#8211; hanno gi\u00e0 provveduto alla richiesta dei vaccini alle Farmacie Ospedaliere per avviare la vaccinazione ai cittadini. Alle farmacie che hanno comunicato alla propria azienda ULSS l\u2019adesione al protocollo di vaccinazione e che hanno completato la formazione teorico-pratica, verranno distribuite, in fase di prima applicazione, n. 30 dosi di vaccino Moderna\u00ae COVID-19 alla settimana, che verr\u00e0 utilizzato nei soggetti a partire dai 18 anni di et\u00e0. In una fase successiva, sulla base dell\u2019andamento delle prenotazioni e della disponibilit\u00e0 di vaccini, le relative tipologie e quantit\u00e0 potranno essere oggetto di aggiornamento. Alle farmacie che ne faranno richiesta verr\u00e0 consegnato anche uno stock minimo di 100 dosi del vaccino Johnson&amp;Johnson &#8211; Janssen\u00ae che, in linea con le indicazioni del Ministero e di AIFA, verr\u00e0 riservato alle\u00a0\u00a0 persone di et\u00e0 superiore ai 60 anni in sedute specificatamente dedicate a questo target di popolazione. L\u2019elenco delle Farmacie, aggiornato settimanalmente sulla base delle nuove abilitazioni, sar\u00e0 pubblicato sui siti istituzionali delle Aziende ULSS di afferenza territoriale, in apposita sezione dedicata, per la dovuta informazione al cittadino; tale elenco riporter\u00e0 i recapiti, anche telefonici, della Farmacia, utili al cittadino per procedere con la richiesta di prenotazione della vaccinazione che andr\u00e0 fatta contattando direttamente la Farmacia. Potranno vaccinarsi in farmacia i cittadini che rispondono alle condizioni espressamente indicate dalle Aziende ULSS nella predetta \u201csezione dedicata\u201d del proprio sito web.<\/p>\n<p>&nbsp;<\/p>\n<p>&nbsp;<\/p>\n<hr \/>\n<p>&nbsp;<\/p>\n<blockquote>\n<h3>CONDANNATO L&#8217;AUTOMOBILISTA CHE INEGUI&#8217; I LUPI PER &#8220;SCANNARLI&#8221;, PD &#8220;CONFERMATE LE NOSTRE TESI&#8221;<\/h3>\n<\/blockquote>\n<p><strong>VENEZIA<\/strong>\u00a0 <em>\u201cInseguire dei lupi per chilometri con temperature sotto lo zero, costringendoli a un grande sforzo per scappare e mettendo in serio pericolo la loro vita, ripetendo di volerli \u2018scannare\u2019, \u00e8 un comportamento assolutamente ingiustificabile oltre che un reato<\/em>. \u00c8 quanto dichiarano Andrea Zanoni e Anna Maria Bigon, consiglieri regionali del Partito Democratico<em> Siamo perci\u00f2 soddisfatti per la decisione del Tribunale di Belluno, la magistratura ha confermato le nostre tesi e ringraziamo l\u2019Enpa per l\u2019impegno. Avevamo anche presentato un\u2019interrogazione in Regione, ricevendo una sostanziale non-risposta, cinque righe in cui si diceva che il responsabile era stato individuato e che tutto era coperto da segreto istruttorio<\/em>\u201d La giustizia \u2018fai da te\u2019 non \u00e8 mai accettabile rimarca il PD<em> &#8220;Il lupo &#8211; conclude &#8211;\u00a0 \u00e8 un naturale alleato per contenere gli ungulati, in particolare i cinghiali e i danni che recano alle colture\u201d.\u00a0<\/em><\/p>\n<p>&nbsp;<\/p>\n<blockquote><p><strong>l video\u00a0 era stato pubblicato sul canale youtube del gruppo animalista &#8220;100x100animalista&#8221;<\/strong><\/p><\/blockquote>\n<p><iframe loading=\"lazy\" title=\"automobilista senza cuore spaventa i Lupi con l&#039;auto\" width=\"1200\" height=\"675\" src=\"https:\/\/www.youtube.com\/embed\/VCJ4104eYT8?feature=oembed\" frameborder=\"0\" allow=\"accelerometer; autoplay; clipboard-write; encrypted-media; gyroscope; picture-in-picture\" allowfullscreen><\/iframe><\/p>\n<p>&nbsp;<\/p>\n<p>&nbsp;<\/p>\n<p>&nbsp;<\/p>\n<hr \/>\n<p>&nbsp;<\/p>\n<blockquote>\n<h3>ESSILORLUXOTTICA ACQUISISCE DA HALL IL 76,72% DI GRANDVISION<\/h3>\n<\/blockquote>\n<p><strong><a href=\"https:\/\/www.radiopiu.net\/wordpress\/essilor-luxottica-continua-la-via-legale-sul-caso-grandvision\/essilor-grandvision\/\" rel=\"attachment wp-att-159137\"><img loading=\"lazy\" decoding=\"async\" class=\" wp-image-159137 alignleft\" src=\"https:\/\/www.radiopiu.net\/wordpress\/wp-content\/uploads\/2020\/09\/ESSILOR-GRANDVISION-300x300.jpg\" alt=\"\" width=\"153\" height=\"153\" srcset=\"https:\/\/www.radiopiu.net\/wordpress\/wp-content\/uploads\/2020\/09\/ESSILOR-GRANDVISION-300x300.jpg 300w, https:\/\/www.radiopiu.net\/wordpress\/wp-content\/uploads\/2020\/09\/ESSILOR-GRANDVISION.jpg 1024w, https:\/\/www.radiopiu.net\/wordpress\/wp-content\/uploads\/2020\/09\/ESSILOR-GRANDVISION-150x150.jpg 150w, https:\/\/www.radiopiu.net\/wordpress\/wp-content\/uploads\/2020\/09\/ESSILOR-GRANDVISION-768x768.jpg 768w, https:\/\/www.radiopiu.net\/wordpress\/wp-content\/uploads\/2020\/09\/ESSILOR-GRANDVISION-125x125.jpg 125w, https:\/\/www.radiopiu.net\/wordpress\/wp-content\/uploads\/2020\/09\/ESSILOR-GRANDVISION-200x200.jpg 200w, https:\/\/www.radiopiu.net\/wordpress\/wp-content\/uploads\/2020\/09\/ESSILOR-GRANDVISION-80x80.jpg 80w, https:\/\/www.radiopiu.net\/wordpress\/wp-content\/uploads\/2020\/09\/ESSILOR-GRANDVISION-480x480.jpg 480w\" sizes=\"auto, (max-width: 153px) 100vw, 153px\" \/><\/a>FRANCIA <\/strong>EssilorLuxottica annuncia di aver completato l&#8217;acquisizione della partecipazione del 76,72% di GrandVision da HAL Optical Investments, societ\u00e0 interamente controllata da HAL Holding, ai sensi dell\u2019accordo stipulato con HAL in data 30 luglio 2019. In conseguenza del completamento dell&#8217;operazione prevista dal Block Trade Agreement, EssilorLuxottica ha acquisito il &#8220;controllo prevalente\u201d (overwegende zeggenschap) su GrandVision ed \u00e8 tenuta a lanciare un&#8217;offerta pubblica di acquisto obbligatoria avente ad oggetto la totalit\u00e0 delle azioni della Societ\u00e0 rimanenti in circolazione, in conformit\u00e0 con la legge olandese. L\u2019intento di EssilorLuxottica \u00e8 quello di procedere con il delisting di GrandVision da Euronext Amsterdam. EssilorLuxottica presenter\u00e0 il documento di offerta per l&#8217;offerta pubblica di acquisto all&#8217;autorit\u00e0 olandese per i mercati finanziari (AFM) entro e non oltre il 23 settembre 2021, data ultima per la presentazione del documento di offerta per l&#8217;approvazione da parte dell\u2019AFM ai sensi della legge olandese. Il documento di offerta avr\u00e0 ad oggetto l&#8217;offerta pubblica di acquisto di tutte le azioni ordinarie rimanenti in circolazione del capitale sociale di GrandVision, ciascuna avente un valore nominale di Euro 0,02. Il prezzo di offerta per azione sar\u00e0 di Euro 28,42 e tale prezzo di offerta \u00e8 pari al prezzo per azione pagato da EssilorLuxottica ai sensi del Block Trade Agreement.<\/p>\n<p>&nbsp;<\/p>\n<p>&nbsp;<\/p>\n<hr \/>\n<p>&nbsp;<\/p>\n<blockquote>\n<h3 class=\"p1\"><span class=\"s1\">CONTRIBUTI PER BUS OPERATOR E NCA, APPROVATO IL BANDO DA 100MILA EURO<\/span><\/h3>\n<\/blockquote>\n<p class=\"p1\"><span class=\"s1\"><strong><a href=\"https:\/\/www.radiopiu.net\/wordpress\/giornale-radiopiu-28-marzo-2018-direttore-mirko-mezzacasa\/modern-blue-bus\/\" rel=\"attachment wp-att-45488\"><img loading=\"lazy\" decoding=\"async\" class=\"size-medium wp-image-45488 alignleft\" src=\"https:\/\/www.radiopiu.net\/wordpress\/wp-content\/uploads\/2018\/03\/Autobus-300x200.jpg\" alt=\"\" width=\"300\" height=\"200\" srcset=\"https:\/\/www.radiopiu.net\/wordpress\/wp-content\/uploads\/2018\/03\/Autobus-300x200.jpg 300w, https:\/\/www.radiopiu.net\/wordpress\/wp-content\/uploads\/2018\/03\/Autobus.jpg 424w\" sizes=\"auto, (max-width: 300px) 100vw, 300px\" \/><\/a>BELLUNO <\/strong>Le imprese di bus operator e Nca (noleggio con autobus) potranno beneficiare di un sostegno economico per far fronte alle perdite registrate con lockdown e chiusure imposte. Dalla Provincia arriva un contributo di 100mila euro, gi\u00e0 stanziato con la \u201cmanovra Covid\u201d di fine anno e adesso reso operativo con l\u2019approvazione del bando di erogazione. <\/span><span class=\"s1\">\u00ab<em>Si tratta di un segnale, piccolo forse, ma importante. Le imprese che operano nel settore del trasporto di persone sono state tra le pi\u00f9 colpite dalla pandemia e dalle conseguenze delle misure di contenimento del contagio &#8211; spiega il consigliere provinciale delegato alla mobilit\u00e0 e ai trasporti, Dario Scopel -. Con questo bando intendiamo dare un ristoro per i minori ricavi e per le perdite economiche dell\u2019ultimo anno, che stanno mettendo a rischio la sopravvivenza di diverse realt\u00e0 economiche. Abbiamo atteso qualche mese, in modo da verificare che il contributo provinciale non entrasse in conflitto con altri ristori, impedendo di fatto la cumulabilit\u00e0. Una volta scongiurato questo rischio, siamo partiti. Ora le imprese potranno fare richiesta<\/em>\u00bb. <\/span><span class=\"s2\">Il bando scade il 23 luglio prossimo. <\/span><span class=\"s1\">L\u2019agevolazione \u00e8 concessa nella forma di contributo a fondo perduto a sostegno dei costi di gestione (spese correnti) e della liquidit\u00e0. I requisiti sono specificati nel bando, pubblicato sul sito istituzionale della Provincia. <\/span><span class=\"s1\">\u00ab<em>Ora ci auguriamo che la ripartenza non subisca nuovi stop &#8211; conclude il consigliere Scopel -. L\u2019estate e il ritorno in zona bianca potranno contribuire a rilanciare il settore dei trasporti, che anche a livello pubblico ha subito una mazzata non indifferente. Il ritorno alla capienza massima all\u201980% aiuta, ma tutti ci auguriamo di recuperare la normalit\u00e0, come era prima del Covid<\/em>\u00bb. <\/span><span class=\"s1\">Soddisfazione per il contributo da parte delle categorie economiche, in particolare da Confartigianato, che raggruppa le aziende attive nel settore trasporti del Bellunese. \u00ab<em>Questo bando \u00e8 nato in un momento in cui le nostre imprese erano in difficolt\u00e0 e abbiamo chiesto alla Provincia un sostegno concreto per attivit\u00e0 economiche che non avevano aiuti dallo Stato &#8211; commenta la presidente di Confartigianato Belluno, Claudia Scarzanella -. Il rapporto di collaborazione costante con la Provincia ha portato a un risultato importante. I criteri vincolanti legati al fatto che il bando utilizza fondi pubblici non soddisferanno tutte le aziende, ma l\u2019amministrazione provinciale ha dato un segnale di vicinanza alle imprese che apprezziamo molto<\/em>\u00bb.<\/span><\/p>\n<p>&nbsp;<\/p>\n<p>&nbsp;<\/p>\n<hr \/>\n<p>&nbsp;<\/p>\n<blockquote>\n<h3>IL RESTAURO DEL RITRATTO DI GIOVANNI BERNARDI DI BARBARANO, OPERA DI PLACIDO FABRIS (1802-1859)<\/h3>\n<\/blockquote>\n<p><strong><a href=\"https:\/\/www.radiopiu.net\/wordpress\/giornale-radiopiu-02-luglio-2021-direttore-mirko-mezzacasa\/ritratto-di-giovanni-bernardi-di-barbarano-opera-di-placido-fabris\/\" rel=\"attachment wp-att-219367\"><img loading=\"lazy\" decoding=\"async\" class=\"size-medium wp-image-219367 alignleft\" src=\"https:\/\/www.radiopiu.net\/wordpress\/wp-content\/uploads\/2021\/07\/Ritratto-di-Giovanni-Bernardi-di-Barbarano-opera-di-Placido-Fabris-300x300.jpg\" alt=\"\" width=\"300\" height=\"300\" srcset=\"https:\/\/www.radiopiu.net\/wordpress\/wp-content\/uploads\/2021\/07\/Ritratto-di-Giovanni-Bernardi-di-Barbarano-opera-di-Placido-Fabris-300x300.jpg 300w, https:\/\/www.radiopiu.net\/wordpress\/wp-content\/uploads\/2021\/07\/Ritratto-di-Giovanni-Bernardi-di-Barbarano-opera-di-Placido-Fabris-1024x1024.jpg 1024w, https:\/\/www.radiopiu.net\/wordpress\/wp-content\/uploads\/2021\/07\/Ritratto-di-Giovanni-Bernardi-di-Barbarano-opera-di-Placido-Fabris-150x150.jpg 150w, https:\/\/www.radiopiu.net\/wordpress\/wp-content\/uploads\/2021\/07\/Ritratto-di-Giovanni-Bernardi-di-Barbarano-opera-di-Placido-Fabris-768x768.jpg 768w, https:\/\/www.radiopiu.net\/wordpress\/wp-content\/uploads\/2021\/07\/Ritratto-di-Giovanni-Bernardi-di-Barbarano-opera-di-Placido-Fabris-1536x1536.jpg 1536w, https:\/\/www.radiopiu.net\/wordpress\/wp-content\/uploads\/2021\/07\/Ritratto-di-Giovanni-Bernardi-di-Barbarano-opera-di-Placido-Fabris-2048x2048.jpg 2048w\" sizes=\"auto, (max-width: 300px) 100vw, 300px\" \/><\/a>BELLUNO <\/strong>Oggi alle ore 17.00 a Palazzo Fulcis sar\u00e0 presentato il restauro del Ritratto di Giovanni Bernardi di Barbarano, opera di Placido Fabris (1802-1859), di propriet\u00e0 delle Gallerie dell\u2019Accademia di Venezia. Placido Fabris, pittore originario di Pieve d\u2019Alpago, nel corso della sua attivit\u00e0 ha lavorato principalmente a Trieste e a Venezia, sviluppando una straordinaria capacit\u00e0 tecnica e specializzandosi in particolar modo nel genere del ritratto. L\u2019intervento si sta concludendo in questi giorni, ed \u00e8 stato realizzato da Mariangela Mattia che ha lavorato in uno spazio appositamente allestito a Palazzo Fulcis, con la formula del cantiere aperto #FulcisOpenAir, gi\u00e0 sperimentata in passato, che ha consentito ai visitatori di avvicinarsi all\u2019opera, di assistere alle operazioni di restauro e di interagire direttamente con la restauratrice. Il dipinto presentava alcuni problemi di adesione della tela originale, dipinta a olio, con la tela di rifodero, frutto di un intervento di restauro realizzato in passato. Il distacco delle due tele in alcuni punti, oltre ad avere evidenti effetti antiestetici, poteva nel lungo termine compromettere la conservazione della superficie pittorica. Il restauro \u00e8 stato interamente finanziato dal Club Inner Wheel di Belluno, che con questo service offre un importante contributo alla conservazione di quest\u2019opera e del suo autore, e prosegue una lunga tradizione di interventi a favore della citt\u00e0 di Belluno e del territorio, tra i quali il restauro di alcune opere del Museo Civico e il cofinanziamento alla Guida delle collezioni storico-artistiche allestite in Palazzo Fulcis dal 2017.<\/p>\n<p>&nbsp;<\/p>\n<p>&nbsp;<\/p>\n<hr \/>\n<p>&nbsp;<\/p>\n<blockquote>\n<h3>IL 31 LUGLIO AL VIA IL PALIO DI FELTRE<\/h3>\n<\/blockquote>\n<p><strong><a href=\"https:\/\/www.radiopiu.net\/wordpress\/giornale-radiopiu-13-febbraio-2019-direttore-mirko-mezzacasa\/51757621_786919278332374_4057065011615367168_n\/\" rel=\"attachment wp-att-76193\"><img loading=\"lazy\" decoding=\"async\" class=\"size-medium wp-image-76193 alignleft\" src=\"https:\/\/www.radiopiu.net\/wordpress\/wp-content\/uploads\/2019\/02\/51757621_786919278332374_4057065011615367168_n-300x225.jpg\" alt=\"\" width=\"300\" height=\"225\" srcset=\"https:\/\/www.radiopiu.net\/wordpress\/wp-content\/uploads\/2019\/02\/51757621_786919278332374_4057065011615367168_n-300x225.jpg 300w, https:\/\/www.radiopiu.net\/wordpress\/wp-content\/uploads\/2019\/02\/51757621_786919278332374_4057065011615367168_n.jpg 720w\" sizes=\"auto, (max-width: 300px) 100vw, 300px\" \/><\/a>FELTRE <\/strong>La quarantaduesima edizione del Palio di Feltre inizier\u00e0 il 31 luglio, con la consueta presentazione in piazza Maggiore e con la successiva esibizione delle Cernide al Palaghiaccio.\u00a0 Sar\u00e0 poi Pra\u2019 del Moro la scena della cerimonia di dedizione e della prima serata del Palio, con le prime due gare. La domenica vedr\u00e0 invece la tradizionale Messa in costume e le ultime due gare, sempre a Pra\u2019 del Moro. Gli accessi ai mercatini medievali saranno liberi, mentre per tutti gli altri momenti l\u2019accesso sar\u00e0 consentito solo mediante prenotazione o, per le gare a Pra\u2019 del Moro, con acquisto del biglietto<\/p>\n<p>&nbsp;<\/p>\n<p>&nbsp;<\/p>\n<hr \/>\n<p>&nbsp;<\/p>\n<blockquote>\n<h3>URBANISTICA TATTICA: RITORNA IN CENTRO CITT\u00c0 LA SPERIMENTAZIONE SUGLI SPAZI IN COLLABORAZIONE CON L&#8217;UNIVERSIT\u00c0 DI VENEZIA<\/h3>\n<\/blockquote>\n<p><strong><a href=\"https:\/\/www.radiopiu.net\/wordpress\/omaggi-a-feltre-dallalto\/94e3b68b-d386-4f94-8aa8-30105c25932b\/\" rel=\"attachment wp-att-145789\"><img loading=\"lazy\" decoding=\"async\" class=\"size-medium wp-image-145789 alignleft\" src=\"https:\/\/www.radiopiu.net\/wordpress\/wp-content\/uploads\/2020\/06\/94e3b68b-d386-4f94-8aa8-30105c25932b-300x225.jpg\" alt=\"\" width=\"300\" height=\"225\" srcset=\"https:\/\/www.radiopiu.net\/wordpress\/wp-content\/uploads\/2020\/06\/94e3b68b-d386-4f94-8aa8-30105c25932b-300x225.jpg 300w, https:\/\/www.radiopiu.net\/wordpress\/wp-content\/uploads\/2020\/06\/94e3b68b-d386-4f94-8aa8-30105c25932b-768x576.jpg 768w, https:\/\/www.radiopiu.net\/wordpress\/wp-content\/uploads\/2020\/06\/94e3b68b-d386-4f94-8aa8-30105c25932b.jpg 960w\" sizes=\"auto, (max-width: 300px) 100vw, 300px\" \/><\/a>FELTRE <\/strong>Ritorna per il secondo anno consecutivo l&#8217;esperienza di urbanistica tattica, promossa dall&#8217;Amministrazione Comunale in collaborazione con il master in Progettazione Partecipata dell\u2019universit\u00e0 IUAV di Venezia. Le attivit\u00e0 di quest&#8217;anno riguarderanno buona parte del centro citt\u00e0 e saranno focalizzate, in particolare, nelle aree di Largo Castaldi, Piazzetta Trento e Trieste, l&#8217;ex Manifattura e via Tezze. Proprio quest&#8217;ultima sar\u00e0 oggetto per pochi giorni di una sperimentazione che riguarda il traffico veicolare, in quanto sar\u00e0 istituito un senso unico in direzione da via Cesare Battisti a via XXXI Ottobre\/viale Marconi; contestualmente \u00e8 prevista la creazione di alcuni stalli per la sosta breve sul lato sinistro della carreggiata. Contemporaneamente alla sperimentazione di urbanistica tattica, alcuni tecnici del gruppo di lavoro intervisteranno gli operatori commerciali della zona e i cittadini per conoscere le loro opinioni ed eventuali suggerimenti sull&#8217;iniziativa e sulle soluzioni sperimentate.<\/p>\n<p>&nbsp;<\/p>\n<p>&nbsp;<\/p>\n<hr \/>\n<p>&nbsp;<\/p>\n<blockquote>\n<h3>LE FAMIGLIE GENER-@ATTIVE SI RACCONTANO. LUNED\u00cc 5 LUGLIO ALLE 21 CONVERSAZIONE ON-LINE<\/h3>\n<\/blockquote>\n<p><strong><a href=\"https:\/\/www.radiopiu.net\/wordpress\/giornale-radiopiu-02-luglio-2021-direttore-mirko-mezzacasa\/attachment\/1624943481357\/\" rel=\"attachment wp-att-219435\"><img loading=\"lazy\" decoding=\"async\" class=\"size-medium wp-image-219435 alignleft\" src=\"https:\/\/www.radiopiu.net\/wordpress\/wp-content\/uploads\/2021\/07\/1624943481357-300x300.jpg\" alt=\"\" width=\"300\" height=\"300\" srcset=\"https:\/\/www.radiopiu.net\/wordpress\/wp-content\/uploads\/2021\/07\/1624943481357-300x300.jpg 300w, https:\/\/www.radiopiu.net\/wordpress\/wp-content\/uploads\/2021\/07\/1624943481357-150x150.jpg 150w, https:\/\/www.radiopiu.net\/wordpress\/wp-content\/uploads\/2021\/07\/1624943481357-768x768.jpg 768w, https:\/\/www.radiopiu.net\/wordpress\/wp-content\/uploads\/2021\/07\/1624943481357.jpg 1000w\" sizes=\"auto, (max-width: 300px) 100vw, 300px\" \/><\/a>FELTRE<\/strong> Le reti del feltrino si raccontano con testimonianze del progetto \u201cFamiglie in rete\u201d di Feltre, Sedico-Sospirolo, Alano-Quero-Vas, modera Mara Frare, dirigente psicologa di Infanzia Adolescenza Famiglia e Consultori dell\u2019ULSS 1 Dolomiti del Distretto di Feltre: appuntamento il 5 luglio alle 21. La rete \u00e8 un gruppo di famiglie o anche di singoli individui, definiti famiglie accoglienti, che si riuniscono a livello locale aiutando e sostenendo, per periodi limitati, famiglie con figli minori che si trovano in situazione di temporanea difficolt\u00e0, denominate famiglie accolte.\u00a0 Le Reti offrono accoglienza a ed aiuto alle famiglie accolte attraverso forme diversificate di solidariet\u00e0: sostegno nei compiti scolastici, supporto nell\u2019organizzazione della quotidianit\u00e0, accompagnamento a scuola, accadimento per alcune ore la settimana. Le accoglienze vengono codificate in un patto psico-sociale, dove sono declinati obiettivi, tempi e modi del progetto,\u00a0 che viene sottoscritto da tutte le parti coinvolte, anche dai minori stessi. Nel corso della serata del 5 luglio, porteranno la propria testimonianza Lucia Zago educatrice Portaperta con Paolo Sandi della rete di Feltre, Chiara Pinto,assistente sociale Azienda Feltrina con Susy Candiago e Agnese Spagnolo della Rete di Alano- Quero Vas, Carla Boz educatore Et\u00e0 Evolutiva ULSS 1 Dolomiti con Antonella Frescura della Rete di Sedico Sospirolo. E\u2019 possibile seguire l\u2019evento sulla pagina Facebook di Dolomiti Hub.<\/p>\n<p>&nbsp;<\/p>\n<p>&nbsp;<\/p>\n<hr \/>\n<p>&nbsp;<\/p>\n<blockquote>\n<h3>DOMENICA PASSI CHIUSI, IL RITORNO DELLA MARATONA DLES DOLOMITES<\/h3>\n<\/blockquote>\n<p><a href=\"https:\/\/www.radiopiu.net\/wordpress\/domenica-passi-chiusi-il-ritorno-della-maratona-dles-dolomites\/0862207a-d195-4e51-88a3-a6336df6463c\/\" rel=\"attachment wp-att-218787\"><img loading=\"lazy\" decoding=\"async\" class=\"size-medium wp-image-218787 alignleft\" src=\"https:\/\/www.radiopiu.net\/wordpress\/wp-content\/uploads\/2021\/06\/0862207a-d195-4e51-88a3-a6336df6463c-300x289.jpg\" sizes=\"auto, (max-width: 300px) 100vw, 300px\" srcset=\"https:\/\/www.radiopiu.net\/wordpress\/wp-content\/uploads\/2021\/06\/0862207a-d195-4e51-88a3-a6336df6463c-300x289.jpg 300w, https:\/\/www.radiopiu.net\/wordpress\/wp-content\/uploads\/2021\/06\/0862207a-d195-4e51-88a3-a6336df6463c-768x739.jpg 768w, https:\/\/www.radiopiu.net\/wordpress\/wp-content\/uploads\/2021\/06\/0862207a-d195-4e51-88a3-a6336df6463c.jpg 800w\" alt=\"\" width=\"300\" height=\"289\" \/><\/a><strong>REDAZIONE<\/strong>\u00a0 Dopo un anno forzato di stop (covid19) riecco la Maratona Dles Dolomites, domenica con partenza ed arrivo a Corvara. Inevitabili i disagi lungo le strade per la chiusura.\u00a0<strong>NELL\u2019AGORDINO:<\/strong>\u00a0 LA VILLA-ARABBA dalle 5 alle 7.30 ARABBA-PASSO PORDOI DALLE 6.30 alle 8.45 CORVARA-ARABBA 7.55-11.30 ARABBA-CERNADOI 8.20-12 CERNADOI-SELVA DI CADORE 8.40-12.15 SELVA-PASSO GIAU 9-14 POCOL-FALZAREGO 9.50-14.45 CERNADOI-FALZAREGO 9.15 14.50 FALZAREGO-VAL PAROLA 9.15-14.50<\/p>\n<p><strong>ALTO ADIGE:<\/strong>\u00a0SS48-PIAN DE GRALBA 7.30-11.20, GARDENA-CORVARA 7.45-11.35 VAL PAROLA-SAN CASSIANO 9-15-15.30 SAN CASSIANO-LA VILLA 9-15-16 LA VILLA ALTA 9.20-17 CORVARA-LA VILLA 9-30-17<\/p>\n<p>&nbsp;<\/p>\n<p>&nbsp;<\/p>\n<hr \/>\n<p>&nbsp;<\/p>\n<blockquote>\n<h3>DOMANI LA QUINTA TAPPA DEL GIRO DEL VENETO TRANSITA PER L&#8217;AGORDINO<\/h3>\n<p><strong><span style=\"color: #ff0000;\">dal COMUNE DI FALCADE: Arrivo indicativo tra le 16.25 e le 17.04 al Piazzale dello Sport, per questo viene disposta la chiusura delle strade del Comune dalle 16.10 circa e fino al passaggio della vettura di fine gara. Il pubblico \u00e8 invitato a rispettare il distanziamento ed indossare la mascherina. La competizione non transiter\u00e0 pi\u00f9 per il centro di Caviola, come riportato nei manifesti, ma si manterr\u00e0 sulla S.P. 346 &#8220;del Passo San Pellegrino&#8221; con arrivo in Piazzale dello Sport.<\/span><\/strong><\/p><\/blockquote>\n<p><strong>REDAZIONE <\/strong>Sar\u00e0 una tappa completamente bellunese quella del Giro del Veneto che transiter\u00e0 domani sulle strade dell&#8217;Agordino. La quinta tappa della corsa a livello Nazionale Elite &#8211; Under 23 partir\u00e0 da Sospirolo e arriver\u00e0 a Falcade. I corridori partiranno alle 13:30 da Sospirolo per fare 3 giri su un anello prima di prendere la strada del Mis, arrivare a Gosaldo per poi salire a Forcella Aurine. Da li la discesa verso Voltago per poi svoltare verso Digoman, transitare a Rivamonte, ritornare a Gosaldo e Forcella Aurine per la seconda volta. Da qui i ciclisti scenderanno verso Agordo e prenderanno la tangenziale che li porter\u00e0 a Cencenighe e poi l&#8217;ultima fatica prima di arrivare a Falcade dove \u00e8 previsto l&#8217;arrivo tra le 16:25 e le 17. <strong>Per chi transita nel senso inverso arresto nel momento in cui s&#8217;incontra la gara, per chi segue la gara e si ritrova ad esempio lungo la regionel 203 agordina fino a Cencenighe e poi su fino a Falcade rimane in coda.\u00a0<\/strong><\/p>\n<p><strong>LA TABELLA DI MARCIA DELLA 5\u00aa TAPPA DEL GIRO DEL VENETO SOSPIROLO &#8211; FALCADE<\/strong><\/p>\n<p><a href=\"https:\/\/www.radiopiu.net\/wordpress\/sabato-la-quinta-tappa-del-giro-del-veneto-transita-per-lagordino\/giro_veneto\/\" rel=\"attachment wp-att-218817\"><img loading=\"lazy\" decoding=\"async\" class=\"alignnone wp-image-218817 size-large\" src=\"https:\/\/www.radiopiu.net\/wordpress\/wp-content\/uploads\/2021\/06\/Giro_Veneto-1024x724.jpg\" alt=\"\" width=\"1024\" height=\"724\" srcset=\"https:\/\/www.radiopiu.net\/wordpress\/wp-content\/uploads\/2021\/06\/Giro_Veneto-1024x724.jpg 1024w, https:\/\/www.radiopiu.net\/wordpress\/wp-content\/uploads\/2021\/06\/Giro_Veneto-300x212.jpg 300w, https:\/\/www.radiopiu.net\/wordpress\/wp-content\/uploads\/2021\/06\/Giro_Veneto-768x543.jpg 768w, https:\/\/www.radiopiu.net\/wordpress\/wp-content\/uploads\/2021\/06\/Giro_Veneto-1536x1086.jpg 1536w, https:\/\/www.radiopiu.net\/wordpress\/wp-content\/uploads\/2021\/06\/Giro_Veneto-2048x1448.jpg 2048w\" sizes=\"auto, (max-width: 1024px) 100vw, 1024px\" \/><\/a><\/p>\n<p>&nbsp;<\/p>\n<hr \/>\n<p>&nbsp;<\/p>\n<blockquote>\n<h3>\u201cSOTTO UN CIELO DI STOFFA\u201d IL 10 LUGLIO A VILLA ALPAGO NOVELLO<\/h3>\n<\/blockquote>\n<p><strong><a href=\"https:\/\/www.radiopiu.net\/wordpress\/giornale-radiopiu-02-luglio-2021-direttore-mirko-mezzacasa\/corsi-alfabetizzazione-isp-afghanistan\/\" rel=\"attachment wp-att-219360\"><img loading=\"lazy\" decoding=\"async\" class=\" wp-image-219360 alignleft\" src=\"https:\/\/www.radiopiu.net\/wordpress\/wp-content\/uploads\/2021\/07\/corsi-alfabetizzazione-ISP-afghanistan-223x300.jpg\" alt=\"\" width=\"190\" height=\"256\" srcset=\"https:\/\/www.radiopiu.net\/wordpress\/wp-content\/uploads\/2021\/07\/corsi-alfabetizzazione-ISP-afghanistan-223x300.jpg 223w, https:\/\/www.radiopiu.net\/wordpress\/wp-content\/uploads\/2021\/07\/corsi-alfabetizzazione-ISP-afghanistan.jpg 657w\" sizes=\"auto, (max-width: 190px) 100vw, 190px\" \/><\/a>BELLUNO<\/strong> Sabato 10 luglio alle\u00a0 20.45 a Villa Alpago Novello (Frontin di Trichiana), si svolger\u00e0 il reading scenico \u201cSotto un cielo di stoffa\u201d, un\u2019emozionante serata tra parole e musica per raccontare storie di donne afghane e della loro quotidiana lotta per l\u2019emancipazione e la dignit\u00e0. Le storie, tratte dall\u2019omonimo libro di Cristina Cella arricchito dalle immagini di Carla Dazzi, saranno portate in scena dalle attrici Caterina Comingio, Marisa Del Ben e Alessandra Menis. L\u2019iniziativa \u00e8\u00a0 ideata dal Gruppo Insieme si pu\u00f2 \u201cPurlilium Act\u201d di Porcia (Pordenone). Il ricavato della serata andr\u00e0 a sostenere due importanti progetti che Insieme si pu\u00f2 sta realizzando in Afghanistan:\u00a0 corsi di alfabetizzazione per le donne di ogni et\u00e0\u00a0 e\u00a0 \u00a0il completamento della costruzione della clinica voluta da Insieme si pu\u00f2 per garantire cure mediche essenziali ed educazione sanitaria di base alle fasce pi\u00f9 deboli della popolazione. In caso di maltempo la serata si svolger\u00e0 al Teatro San Felice di Trichiana. A seguire un momento conviviale e sar\u00e0 presente un mercatino di artigianato equo-solidale. Maggiori informazioni sul sito\u00a0www.365giorni.org\u00a0e sui canali sociali dell\u2019Associazione Insieme si pu\u00f2.<\/p>\n<p>&nbsp;<\/p>\n<p>&nbsp;<\/p>\n<hr \/>\n<p>&nbsp;<\/p>\n<blockquote>\n<h3>MADONA DE LA NEIF&#8230; E SCOPPIA LA FESTA<\/h3>\n<\/blockquote>\n<p><strong><a href=\"https:\/\/www.radiopiu.net\/wordpress\/madona-de-la-neif-e-scoppia-la-festa\/3d7a0268-51be-630d-97af-99ccf6cc1c1e\/\" rel=\"attachment wp-att-219046\"><img loading=\"lazy\" decoding=\"async\" class=\" wp-image-219046 alignleft\" src=\"https:\/\/www.radiopiu.net\/wordpress\/wp-content\/uploads\/2021\/06\/3d7a0268-51be-630d-97af-99ccf6cc1c1e-300x300.jpg\" alt=\"\" width=\"249\" height=\"249\" srcset=\"https:\/\/www.radiopiu.net\/wordpress\/wp-content\/uploads\/2021\/06\/3d7a0268-51be-630d-97af-99ccf6cc1c1e-300x300.jpg 300w, https:\/\/www.radiopiu.net\/wordpress\/wp-content\/uploads\/2021\/06\/3d7a0268-51be-630d-97af-99ccf6cc1c1e-1024x1024.jpg 1024w, https:\/\/www.radiopiu.net\/wordpress\/wp-content\/uploads\/2021\/06\/3d7a0268-51be-630d-97af-99ccf6cc1c1e-150x150.jpg 150w, https:\/\/www.radiopiu.net\/wordpress\/wp-content\/uploads\/2021\/06\/3d7a0268-51be-630d-97af-99ccf6cc1c1e-768x768.jpg 768w, https:\/\/www.radiopiu.net\/wordpress\/wp-content\/uploads\/2021\/06\/3d7a0268-51be-630d-97af-99ccf6cc1c1e.jpg 1200w\" sizes=\"auto, (max-width: 249px) 100vw, 249px\" \/><\/a>LA VALLE<\/strong> L\u2019Associazione Pro Loco La Valle Agordina\u00a0 presenta la sesta edizione de <strong>EL MERC\u00c0 DE L&#8217;IST\u00c0,<\/strong> la grande Mostra Mercato di prodotti tipici, artigianato locale e hobbistico in occasione della tradizionale Sagra &#8220;Madona de la Neif&#8221; che\u00a0 nel rispetto delle normative anti covid si terr\u00e0 gioved\u00ec 5 agosto\u00a0 in centro. All&#8217;edizione precedente hanno partecipato 62 espositori (54 nel 2019, 41 nel 2018, 35 nel 2017, 23 nel 2016) provenienti dall&#8217;Agordino, dal Bellunese, dal Veneto, dal Trentino e dal Friuli Venezia Giulia. <strong>SAGRA MADONA \u00a0DE LA N\u00c9IF <\/strong>Il 5 agosto \u00e8 il giorno della sagra con la\u00a0 Messa Granda e la pesca parrocchiale.\u00a0 Come la scorsa edizione, cos\u00ec in quest&#8217;anno particolare, l&#8217;Associazione Pro Loco ha ritenuto opportuno rispettare la normativa applicando il buonsenso comune e non ha allestito il grande tendone presso gli Impianti Sportivi. Tuttavia sia a pranzo che a cena sar\u00e0 disponibile un servizio per asporto su prenotazione, garantendo la possibilit\u00e0 di assaporare i piatti tipici della tradizione.<\/p>\n<p>&nbsp;<\/p>\n<p>&nbsp;<\/p>\n<hr \/>\n<p>&nbsp;<\/p>\n<h2 style=\"text-align: left;\"><span style=\"color: #ff0000;\">MUSLA, CON LA NUOVA GENERAZIONE LINGUE, USI, COSTUMI , raccolta completa\u00a0<\/span><\/h2>\n<p style=\"text-align: left;\"><strong>10 PUNTATE ALLA RADIO, DA LUNEDI 28 GIUGNO ALLE 14.\u00a0<\/strong><\/p>\n<p>&nbsp;<\/p>\n<blockquote class=\"wp-embedded-content\" data-secret=\"KV8PBJOzo8\"><p><a href=\"https:\/\/www.radiopiu.net\/wordpress\/agora-agordina-la-nosta-piaza\/\">AGORA&#8217; AGORDINA&#8230; LA NOSTA PIAZA LADINA RACCOLTA COMPLETA PRIMA STAGIONE<\/a><\/p><\/blockquote>\n<p><iframe loading=\"lazy\" class=\"wp-embedded-content\" sandbox=\"allow-scripts\" security=\"restricted\" style=\"position: absolute; clip: rect(1px, 1px, 1px, 1px);\" title=\"&#8220;AGORA&#8217; AGORDINA&#8230; LA NOSTA PIAZA LADINA RACCOLTA COMPLETA PRIMA STAGIONE&#8221; &#8212; Radio Pi\u00f9\" src=\"https:\/\/www.radiopiu.net\/wordpress\/agora-agordina-la-nosta-piaza\/embed\/#?secret=KV8PBJOzo8\" data-secret=\"KV8PBJOzo8\" width=\"600\" height=\"338\" frameborder=\"0\" marginwidth=\"0\" marginheight=\"0\" scrolling=\"no\"><\/iframe><\/p>\n<p>&nbsp;<\/p>\n<p>&nbsp;<\/p>\n<hr \/>\n<p>&nbsp;<\/p>\n<p>&nbsp;<\/p>\n<blockquote>\n<h3 style=\"text-align: left;\" align=\"CENTER\"><strong><span style=\"color: #000000; font-size: x-large;\">ACCESSO\u00a0 \u00a0AI\u00a0 COVID\u00a0 POINT<\/span><a style=\"color: #222222; font-family: Arial, Helvetica, sans-serif; font-size: large;\" href=\"https:\/\/www.radiopiu.net\/wordpress\/tamponi-in-modalita-drive-in-al-san-martino-di-belluno\/tamponi-drive-in-2\/\" rel=\"attachment wp-att-136984\"><img loading=\"lazy\" decoding=\"async\" class=\"wp-image-136984 alignleft\" src=\"https:\/\/www.radiopiu.net\/wordpress\/wp-content\/uploads\/2020\/05\/tamponi-drive-in-1-225x300.jpg\" alt=\"\" width=\"164\" height=\"219\" srcset=\"https:\/\/www.radiopiu.net\/wordpress\/wp-content\/uploads\/2020\/05\/tamponi-drive-in-1-225x300.jpg 225w, https:\/\/www.radiopiu.net\/wordpress\/wp-content\/uploads\/2020\/05\/tamponi-drive-in-1-768x1023.jpg 768w, https:\/\/www.radiopiu.net\/wordpress\/wp-content\/uploads\/2020\/05\/tamponi-drive-in-1-1153x1536.jpg 1153w, https:\/\/www.radiopiu.net\/wordpress\/wp-content\/uploads\/2020\/05\/tamponi-drive-in-1.jpg 1200w\" sizes=\"auto, (max-width: 164px) 100vw, 164px\" \/><\/a><\/strong><\/h3>\n<\/blockquote>\n<p style=\"text-align: left;\" align=\"LEFT\"><span style=\"color: #222222;\"><span style=\"font-family: Arial, Helvetica, sans-serif;\"><span style=\"font-size: large;\"><strong>BELLUNO<\/strong>\u00a0 I<\/span><\/span><\/span><span style=\"color: #222222;\"><span style=\"font-family: Arial, Helvetica, sans-serif;\"><span style=\"font-size: large;\">cittadini (anche non residenti in provincia) potranno accedere ai 4 covid point del territorio <\/span><\/span><\/span><span style=\"color: #222222;\"><span style=\"font-family: Arial, Helvetica, sans-serif;\"><span style=\"font-size: large;\">per l&#8217;esecuzione del tampone antigenico rapido gratuitamente senza prescrizione e senza prenotazione<\/span><\/span><\/span><span style=\"color: #222222;\"><span style=\"font-family: Arial, Helvetica, sans-serif;\"><span style=\"font-size: large;\">; rimane necessaria la prescrizione per l&#8217;esecuzione del tampone molecolare. Da oggi<\/span><\/span><\/span><span style=\"font-size: large; font-family: Arial, Helvetica, sans-serif; color: #222222;\">, presso il Centro Vaccinale di Sedico, sar\u00e0 offerta, dalle 14 alle 19, a tutti i soggetti vaccinati l&#8217;esecuzione del tampone per la ricerca del virus Sars-Cov2. G<\/span><span style=\"font-size: large; font-family: Arial, Helvetica, sans-serif; color: #222222;\">li orari dei covid point dell\u2019Ulss Dolomiti: <\/span><span style=\"color: #222222;\"><span style=\"font-family: Arial, Helvetica, sans-serif;\"><span style=\"font-size: large;\">Covid Point <\/span><\/span><\/span><span style=\"color: #222222;\"><span style=\"font-family: Arial, Helvetica, sans-serif;\"><span style=\"font-size: large;\">Belluno-Ospedale<\/span><\/span><\/span><span style=\"color: #222222;\"><span style=\"font-family: Arial, Helvetica, sans-serif;\"><span style=\"font-size: large;\"> (drive-in San Gervasio): <\/span><\/span><\/span><span style=\"font-size: large; font-family: Arial, Helvetica, sans-serif; color: #222222;\">tutti i giorni, festivi inclusi, dalle 8.30 alle 12.30 <\/span><span style=\"color: #222222;\"><span style=\"font-family: Arial, Helvetica, sans-serif;\"><span style=\"font-size: large;\">Covid Point <\/span><\/span><\/span><span style=\"color: #222222;\"><span style=\"font-family: Arial, Helvetica, sans-serif;\"><span style=\"font-size: large;\">Feltre-Anz\u00f9: <\/span><\/span><\/span><span style=\"font-size: large; font-family: Arial, Helvetica, sans-serif; color: #222222;\">dal luned\u00ec al sabato (festivi esclusi), dalle 8.30 alle 12.30 <\/span><span style=\"color: #222222;\"><span style=\"font-family: Arial, Helvetica, sans-serif;\"><span style=\"font-size: large;\">Covid Point <\/span><\/span><\/span><span style=\"color: #222222;\"><span style=\"font-family: Arial, Helvetica, sans-serif;\"><span style=\"font-size: large;\">Agordo-Tamonich: <\/span><\/span><\/span><span style=\"font-size: large; font-family: Arial, Helvetica, sans-serif; color: #222222;\">marted\u00ec, gioved\u00ec e sabato (festivi esclusi), dalle 9.00 alle 10.00 <\/span><span style=\"color: #222222;\"><span style=\"font-family: Arial, Helvetica, sans-serif;\"><span style=\"font-size: large;\">Covid Point <\/span><\/span><\/span><span style=\"color: #222222;\"><span style=\"font-family: Arial, Helvetica, sans-serif;\"><span style=\"font-size: large;\">Tai di Cadore<\/span><\/span><\/span><span style=\"color: #222222;\"><span style=\"font-family: Arial, Helvetica, sans-serif;\"><span style=\"font-size: large;\">: <\/span><\/span><\/span><span style=\"font-size: large; font-family: Arial, Helvetica, sans-serif; color: #222222;\">marted\u00ec, gioved\u00ec e sabato (festivi esclusi), dalle 13.00 alle 15.00<\/span><\/p>\n<h3 align=\"LEFT\"><\/h3>\n<hr \/>\n<p>&nbsp;<\/p>\n<blockquote>\n<h3>\u201cTRICHIANA PAESE DEL LIBRO\u201d: LIBRI E AUTORI A BORGO VALBELLUNA<\/h3>\n<\/blockquote>\n<p><strong>BORGO VALBELLUNA <\/strong>L&#8217;ufficio cultura del comune, affiancato da un gruppo di volontari, sta lavorando per l\u2019organizzazione degli eventi culturali che si svolgeranno tra inizio luglio e fine settembre,. Gli incontri si svolgeranno, preferibilmente all\u2019aperto, in luoghi caratteristici distribuiti in tutto il comune di Borgo Valbelluna<\/p>\n<p>&nbsp;<\/p>\n<hr \/>\n<p>&nbsp;<\/p>\n<blockquote>\n<h3>A LIVINALLONGO PARTE LA RACCOLTA DELLE DOCUMENTAZIONI PER I RISTORI DEI DANNI SUBITI DAL MALTEMPO DAL 12 AL 29 NOVEMBRE 2019<\/h3>\n<\/blockquote>\n<p><strong><a href=\"https:\/\/www.radiopiu.net\/wordpress\/il-minuto-di-silenzo-a-belluno-feltre-e-in-tutto-lagordino\/minuto-silenzio-municipio-livinallongo\/\" rel=\"attachment wp-att-126458\"><img loading=\"lazy\" decoding=\"async\" class=\" wp-image-126458 alignleft\" src=\"https:\/\/www.radiopiu.net\/wordpress\/wp-content\/uploads\/2020\/03\/MINUTO-SILENZIO-MUNICIPIO-LIVINALLONGO-267x300.jpg\" alt=\"\" width=\"147\" height=\"165\" srcset=\"https:\/\/www.radiopiu.net\/wordpress\/wp-content\/uploads\/2020\/03\/MINUTO-SILENZIO-MUNICIPIO-LIVINALLONGO-267x300.jpg 267w, https:\/\/www.radiopiu.net\/wordpress\/wp-content\/uploads\/2020\/03\/MINUTO-SILENZIO-MUNICIPIO-LIVINALLONGO-768x863.jpg 768w, https:\/\/www.radiopiu.net\/wordpress\/wp-content\/uploads\/2020\/03\/MINUTO-SILENZIO-MUNICIPIO-LIVINALLONGO.jpg 854w\" sizes=\"auto, (max-width: 147px) 100vw, 147px\" \/><\/a>LIVINALLONGO <\/strong>\u00c8 iniziata la raccolta dei moduli inerenti ai danni subiti dal maltempo tra il 12 e il 29 novembre 2019. I proprietari dei beni mobili registrati danneggiati nel territorio comunale di Livinallongo del Col di Lana durante le eccezionali avversit\u00e0 atmosferiche possono effettuare segnalazione dei danni subiti e richiesta di contributo esclusivamente tramite la compilazione del modulo di istanza che possono trovare presso l&#8217;ufficio comunale. I moduli regolarmente compilati e sottoscritti, dovranno essere consegnati entro le 12 di luned\u00ec 12 luglio 2021 presso l&#8217;ufficio protocollo del Comune di Livinallongo del Col di Lana oppure mediante posta certificata a <a href=\"mailto:sindaco.comune.livinallongo.bl@pecveneto.it\">sindaco.comune.livinallongo.bl@pecveneto.it<\/a> specificando nell&#8217;oggetto \u201cEvento 12 &#8211; 29 novembre 2019. Istanza di contributo per beni immobili registrati\u201d. Per informazioni chiamare il numero 0436\/7193 interno 2<\/p>\n<blockquote><p>&nbsp;<\/p><\/blockquote>\n<p>&nbsp;<\/p>\n<hr \/>\n<p>&nbsp;<\/p>\n<h3><strong><a href=\"https:\/\/www.radiopiu.net\/wordpress\/al-via-le-prenotazioni-per-il-concerto-la-mia-terra-con-roby-facchinetti\/6d2f3eca-51eb-475d-a53d-f8cc7852afd5\/\" rel=\"attachment wp-att-216089\"><img loading=\"lazy\" decoding=\"async\" class=\" wp-image-216089 alignleft\" src=\"https:\/\/www.radiopiu.net\/wordpress\/wp-content\/uploads\/2021\/06\/6d2f3eca-51eb-475d-a53d-f8cc7852afd5-300x300.jpg\" alt=\"\" width=\"169\" height=\"169\" srcset=\"https:\/\/www.radiopiu.net\/wordpress\/wp-content\/uploads\/2021\/06\/6d2f3eca-51eb-475d-a53d-f8cc7852afd5-300x300.jpg 300w, https:\/\/www.radiopiu.net\/wordpress\/wp-content\/uploads\/2021\/06\/6d2f3eca-51eb-475d-a53d-f8cc7852afd5-150x150.jpg 150w, https:\/\/www.radiopiu.net\/wordpress\/wp-content\/uploads\/2021\/06\/6d2f3eca-51eb-475d-a53d-f8cc7852afd5-768x768.jpg 768w, https:\/\/www.radiopiu.net\/wordpress\/wp-content\/uploads\/2021\/06\/6d2f3eca-51eb-475d-a53d-f8cc7852afd5.jpg 1024w\" sizes=\"auto, (max-width: 169px) 100vw, 169px\" \/><\/a><\/strong>AL VIA LE PRENOTAZIONI PER IL CONCERTO &#8220;LA MIA TERRA&#8221; CON ROBY FACCHINETTI<\/h3>\n<p><em>Regione Veneto, Provincia di Belluno, Comune di Falcade, Pro Loco Falcade Caviola, PromoFalcade Dolomiti e Ski Area San Pellegrino.<\/em><\/p>\n<p><strong>FALCADE <\/strong>\u00a0Diretti dal Maestro Diego Basso un centinaio di artisti tra musicisti e coristi dell\u2019Orchestra Ritmico Sinfonica Italiana e Le Voci di Art Voice Academy.\u00a0 L\u2019accesso all\u2019area del concerto e\u0300 raggiungibile solo su prenotazione, tramite il sito: <a href=\"https:\/\/www.falcadedolomiti.it\/falcade-e-il-concerto-la-mia-terra\/\">https:\/\/www.falcadedolomiti.it\/falcade-e-il-concerto-la-mia-terra\/\u00a0<\/a><\/p>\n<p>&nbsp;<\/p>\n<p>&nbsp;<\/p>\n<p>&nbsp;<\/p>\n<hr \/>\n<p>&nbsp;<\/p>\n<p>&nbsp;<\/p>\n<blockquote>\n<h3>&#8220;MUSICA DA CORTILE&#8221; A PAIANE DI PONTE NELLE ALPI<\/h3>\n<\/blockquote>\n<p><strong><a href=\"https:\/\/www.radiopiu.net\/wordpress\/musica-da-cortile-a-paiane-di-ponte-nelle-alpi\/post_fb-mdc\/\" rel=\"attachment wp-att-218710\"><img loading=\"lazy\" decoding=\"async\" class=\" wp-image-218710 alignleft\" src=\"https:\/\/www.radiopiu.net\/wordpress\/wp-content\/uploads\/2021\/06\/MUSICA-DA-CORTILE-300x300.jpg\" alt=\"\" width=\"147\" height=\"147\" srcset=\"https:\/\/www.radiopiu.net\/wordpress\/wp-content\/uploads\/2021\/06\/MUSICA-DA-CORTILE-300x300.jpg 300w, https:\/\/www.radiopiu.net\/wordpress\/wp-content\/uploads\/2021\/06\/MUSICA-DA-CORTILE-1024x1024.jpg 1024w, https:\/\/www.radiopiu.net\/wordpress\/wp-content\/uploads\/2021\/06\/MUSICA-DA-CORTILE-150x150.jpg 150w, https:\/\/www.radiopiu.net\/wordpress\/wp-content\/uploads\/2021\/06\/MUSICA-DA-CORTILE-768x768.jpg 768w, https:\/\/www.radiopiu.net\/wordpress\/wp-content\/uploads\/2021\/06\/MUSICA-DA-CORTILE-1536x1536.jpg 1536w, https:\/\/www.radiopiu.net\/wordpress\/wp-content\/uploads\/2021\/06\/MUSICA-DA-CORTILE.jpg 2000w\" sizes=\"auto, (max-width: 147px) 100vw, 147px\" \/><\/a>PONTE NELLE ALPI <\/strong>Da un\u2019idea dei ragazzi del Terzo Mondo Studio e l\u2019esperienza nell\u2019organizzazione di eventi del direttore della Scuola di Musica di Paiane, nasce MUSICA DA CORTILE. Quattro appuntamenti all\u2019insegna della buona musica<i>\u00a0 <\/i>Primo appuntamento l&#8217;8 luglio con un live acustico in duo della band Italo-irlandese Strawman &amp; The Jackdaws, secondi assoluti del Firenze Suona Music Contest.\u00a0 Tutte le serate saranno ad ingresso gratuito e avranno inizio alle ore 21:00 e si terranno nel cortile della Scuola di Musica di Paiane di Ponte nelle Alpi in Via Soccher, 19.<\/p>\n<p>&nbsp;<\/p>\n<p>&nbsp;<\/p>\n<hr \/>\n<p>&nbsp;<\/p>\n<blockquote>\n<h3>LA MOSTRA &#8220;IL GIAPPONE IN PUNTA DI NASO&#8221;<\/h3>\n<\/blockquote>\n<p><strong>PIEVE DI CADORE<\/strong> Domani, alle ore 18.00 si terra\u0300 l\u2019inaugurazione della mostra Il Giappone in punta di naso. Gli occhiali nel paese del Sol Levante, presso la sede della Fondazione Museo dell\u2019Occhiale onlus a Pieve di Cadore. La mostra, fino al 30 settembre, sara\u0300 visitabile tutti i giorni dalle ore 9.30 alle ore 12.30 e dalle 15.30 alle ore 18.30.<\/p>\n<div class=\"page\" title=\"Page 1\">\n<div class=\"layoutArea\">\n<div class=\"column\">\n<p>&nbsp;<\/p>\n<p>&nbsp;<\/p>\n<p>&nbsp;<\/p>\n<\/div>\n<\/div>\n<\/div>\n<hr \/>\n<p>&nbsp;<\/p>\n<blockquote>\n<h3>TRA FELTRO E FELTRE&#8230;DANTE CON IL LIBRO PARLATO DI FELTRE<\/h3>\n<\/blockquote>\n<p><strong>FELTRE<\/strong> \u00c8 in programma per domenica 4 luglio alle 17:30 &#8220;Tra Feltro e Feltre&#8230;700 anni dalla morte di Dante&#8221;, la lettura della Divina Commedia, La Vita Nova, Le Rime e le Epistole in Chiesa San Rocco nella Piazza Maggiore di Feltre con le voci dei Libri Parlanti Luisa Alchini, Ornella Favretti, Annunciata Olivieri, Enis Pocchetto, Maria Teresa Totti e Mauro Viani. Per informazioni www.libroparlato.org oppure www.fondacofeltre.it<\/p>\n<p>&nbsp;<\/p>\n<hr \/>\n<p>&nbsp;<\/p>\n<h1><span style=\"color: #ff0000;\">IERI ALLA RADIO<\/span><\/h1>\n<h2><strong><a href=\"https:\/\/www.radiopiu.net\/wordpress\/?attachment_id=219354\" rel=\"attachment wp-att-219354\"><img loading=\"lazy\" decoding=\"async\" class=\" wp-image-219354 alignleft\" src=\"https:\/\/www.radiopiu.net\/wordpress\/wp-content\/uploads\/2021\/07\/LOCANDINA-MOSTRA-ARCA-2021-212x300.jpg\" alt=\"\" width=\"206\" height=\"292\" srcset=\"https:\/\/www.radiopiu.net\/wordpress\/wp-content\/uploads\/2021\/07\/LOCANDINA-MOSTRA-ARCA-2021-212x300.jpg 212w, https:\/\/www.radiopiu.net\/wordpress\/wp-content\/uploads\/2021\/07\/LOCANDINA-MOSTRA-ARCA-2021-724x1024.jpg 724w, https:\/\/www.radiopiu.net\/wordpress\/wp-content\/uploads\/2021\/07\/LOCANDINA-MOSTRA-ARCA-2021-768x1086.jpg 768w, https:\/\/www.radiopiu.net\/wordpress\/wp-content\/uploads\/2021\/07\/LOCANDINA-MOSTRA-ARCA-2021-1086x1536.jpg 1086w, https:\/\/www.radiopiu.net\/wordpress\/wp-content\/uploads\/2021\/07\/LOCANDINA-MOSTRA-ARCA-2021-1448x2048.jpg 1448w, https:\/\/www.radiopiu.net\/wordpress\/wp-content\/uploads\/2021\/07\/LOCANDINA-MOSTRA-ARCA-2021-scaled.jpg 1810w\" sizes=\"auto, (max-width: 206px) 100vw, 206px\" \/><\/a><\/strong><span style=\"color: #3366ff;\">ARCA RIPROPONE LA MOSTRA &#8220;EL CANALE DE AGORT&#8221;<\/span><\/h2>\n<p><strong>di Claudio Fontanive<\/strong><\/p>\n<p>OSPITI: Maurizio Olivotto e Gabriele Fogliata<\/p>\n<audio class=\"wp-audio-shortcode\" id=\"audio-219246-12\" preload=\"none\" style=\"width: 100%;\" controls=\"controls\"><source type=\"audio\/mpeg\" src=\"https:\/\/www.radiopiu.net\/wordpress\/wp-content\/uploads\/2021\/07\/arca-01-luglio.mp3?_=12\" \/><a href=\"https:\/\/www.radiopiu.net\/wordpress\/wp-content\/uploads\/2021\/07\/arca-01-luglio.mp3\">https:\/\/www.radiopiu.net\/wordpress\/wp-content\/uploads\/2021\/07\/arca-01-luglio.mp3<\/a><\/audio>\n<p>&nbsp;<\/p>\n<hr \/>\n<p>&nbsp;<\/p>\n<blockquote>\n<h3>PARCO E UNIFARCO ASSIEME PER DARE UN FUTURO ALL&#8217;ERBARIO SANDI E BUG HOTEL<\/h3>\n<\/blockquote>\n<p><strong>BELLUNO\u00a0<\/strong><\/p>\n<p><strong>di MORENO GIOLI<\/strong><\/p>\n<audio class=\"wp-audio-shortcode\" id=\"audio-219246-13\" preload=\"none\" style=\"width: 100%;\" controls=\"controls\"><source type=\"audio\/mpeg\" src=\"https:\/\/www.radiopiu.net\/wordpress\/wp-content\/uploads\/2021\/07\/moreno-unifarco.mp3?_=13\" \/><a href=\"https:\/\/www.radiopiu.net\/wordpress\/wp-content\/uploads\/2021\/07\/moreno-unifarco.mp3\">https:\/\/www.radiopiu.net\/wordpress\/wp-content\/uploads\/2021\/07\/moreno-unifarco.mp3<\/a><\/audio>\n<p>&nbsp;<\/p>\n<p>&nbsp;<\/p>\n<hr \/>\n<p>&nbsp;<\/p>\n<blockquote>\n<h3>&#8220;BATTITO&#8221; di JOHN FRANCIS DELLA PIETRA NEL RICORDO DI GIGI<\/h3>\n<\/blockquote>\n<p><strong>AUDIO<\/strong><\/p>\n<audio class=\"wp-audio-shortcode\" id=\"audio-219246-14\" preload=\"none\" style=\"width: 100%;\" controls=\"controls\"><source type=\"audio\/mpeg\" src=\"https:\/\/www.radiopiu.net\/wordpress\/wp-content\/uploads\/2021\/07\/JOHN.mp3?_=14\" \/><a href=\"https:\/\/www.radiopiu.net\/wordpress\/wp-content\/uploads\/2021\/07\/JOHN.mp3\">https:\/\/www.radiopiu.net\/wordpress\/wp-content\/uploads\/2021\/07\/JOHN.mp3<\/a><\/audio>\n<p><a href=\"https:\/\/www.radiopiu.net\/wordpress\/due-nuovi-negozi-in-via-garibaldi-ad-agordo\/6a91baea-1aef-43bc-885a-79e1331a0588\/\" rel=\"attachment wp-att-216678\"><img loading=\"lazy\" decoding=\"async\" class=\" wp-image-216678 alignleft\" src=\"https:\/\/www.radiopiu.net\/wordpress\/wp-content\/uploads\/2021\/06\/6a91baea-1aef-43bc-885a-79e1331a0588-300x169.jpg\" alt=\"\" width=\"126\" height=\"71\" srcset=\"https:\/\/www.radiopiu.net\/wordpress\/wp-content\/uploads\/2021\/06\/6a91baea-1aef-43bc-885a-79e1331a0588-300x169.jpg 300w, https:\/\/www.radiopiu.net\/wordpress\/wp-content\/uploads\/2021\/06\/6a91baea-1aef-43bc-885a-79e1331a0588-1024x577.jpg 1024w, https:\/\/www.radiopiu.net\/wordpress\/wp-content\/uploads\/2021\/06\/6a91baea-1aef-43bc-885a-79e1331a0588-768x433.jpg 768w, https:\/\/www.radiopiu.net\/wordpress\/wp-content\/uploads\/2021\/06\/6a91baea-1aef-43bc-885a-79e1331a0588-1536x866.jpg 1536w, https:\/\/www.radiopiu.net\/wordpress\/wp-content\/uploads\/2021\/06\/6a91baea-1aef-43bc-885a-79e1331a0588.jpg 2048w\" sizes=\"auto, (max-width: 126px) 100vw, 126px\" \/><\/a>Non son facile d interpretare i discorsi le parole<br \/>\nFiguriamoci i silenzi<br \/>\nSeppur inframezzati dall urlo del vento dallo scrosciar della pioggia o dal rombo del tuono<br \/>\nFenomeni tipici di queste giornate<br \/>\nCos\u00ec chiudo gl occhi<br \/>\nPenso ascolto immagino<br \/>\nCerco di comprendere<br \/>\nQuesti vuoti di suono<br \/>\nIl nulla<br \/>\nPoi l ennesimo lampo<br \/>\nChe squarcia il cielo<br \/>\nMi costringe a guatare<br \/>\nCon pi\u00f9 attenzione<br \/>\nLa mente pian piano<br \/>\nSi muove nell onirico<br \/>\nAi confini della realt\u00e0<br \/>\nCos\u00ec nel breve lasso<br \/>\nDel rischiar<br \/>\nIntravedo quel riservato ma sempre donato<br \/>\nSorriso<br \/>\nM interrogo a lungo<br \/>\nSenza capire il nesso la correlazione<br \/>\nUn altra saetta<br \/>\nMi riporta la visione<br \/>\nD angelica felicit\u00e0<br \/>\nSu quel viso<br \/>\nChe pare indicarmi<br \/>\nLa via della comprensione<br \/>\nOra che la notte incede<br \/>\nEd il temporale cessa<br \/>\nIl silenzio diviene infinito quasi<br \/>\nI sensi s acquiscono<br \/>\nE da quel grande universo blu<br \/>\nImpercettibile flebile giunge un ritmo vitale<br \/>\nLo riconosco<br \/>\n\u00c8 un battito<br \/>\nProvo a seguirne a stento la direzione<br \/>\nViene da un vicolo antico del borgo<br \/>\nMente una calda dola scende<br \/>\nOra tutto diventa chiaro<br \/>\nQuella piccola attivit\u00e0<br \/>\nDal grande cuore<br \/>\nDopo un lungo tempo<br \/>\nHa ripreso vita<br \/>\nFra il blu \u00e8 ritornato il sereno<br \/>\nUna scia di luce<br \/>\nIllummina quella strada da lui tracciata con amore per il suo lavoro<br \/>\nTermina anzi inizia l\u00ec<br \/>\nSu quella stella<br \/>\nChe riluce ed occhieggia verso di me<br \/>\nIl battito accelera felice<br \/>\nDa tutti noi ancora una volta<br \/>\nGrazie<br \/>\nGigi&#8230;<\/p>\n<p>&nbsp;<\/p>\n<p>&nbsp;<\/p>\n<hr \/>\n<blockquote>\n<h3>ARGENTI, CASSOL, DE FAVERI AUTORI NEL 1988 DEL LIBRETTO \u201cFLORA E FAUNA DEL PIAVE. LE FONTANE DI NOGARE\u201d<\/h3>\n<\/blockquote>\n<p><strong>di Renato Bona<\/strong><\/p>\n<p>Nel maggio del 1988, Grafiche Antiga di Cornuda stampava per il benemerito Istituto bellunese di ricerche sociali e culturali, serie Quaderni, la sessantina di pagine dal titolo \u201cFlora e Fauna del Piave. Le Fontane di Nogar\u00e8\u201d, curato da Carlo Argenti, Michele Cassol e Adriano De Faveri con la preziosa collaborazione degli amici Cesare Lasen (utili i consigli per la stesura del libro) ed Ettore Saronide per il materiale fotografico messo a disposizione)\u201d. Nella prefazione il prof. don Sergio Sacco, presidente dell\u2019Ibrsc, esordiva affermando che \u201cE\u2019 sempre una cosa bella conoscere il proprio ambiente dove si vive; \u00e8 cosa attraente conoscerlo sotto i vari aspetti, quindi anche sotto l\u2019aspetto naturalistico, che \u00e8 pieno di sorprese e di bellezze nascoste\u201d. Ci\u00f2 \u00e8 tanto pi\u00f9 vero &#8211; sottolineava &#8211; se l\u2019ambiente preso in considerazione \u00e8 sottoposto a forti spinte che lo avviano ad un progressivo cambiamento. In tal caso conoscere il proprio habitat e serbarne testimonianza \u00e8 un dovere di ognuno che ama il suo luogo natio\u201d. Si tratta di considerazioni che hanno mosso gli autori della ricerca, i quali hanno preso a soggetto una localit\u00e0 vicino alla citt\u00e0 di Belluno, in riva al Piave. L\u00ec infatti si \u00e8 conservata fino ai giorni nostri una situazione ambientale che merita di essere tutelata. Luogo caratterizzato da presenza di flora particolare ed impreziosito da frequentazione di uccelli, sia stanziali che di passo, quasi sconosciuti ai pi\u00f9. Il lavoro di Argenti, Cassol e De Faveri &#8211; concludeva Sergio Sacco &#8211; descrive tale ambiente e invita chi di dovere a porre un freno al degrado della zona, prima che i guasti diventino irreparabili. Nell\u2019introduzione, gli autori richiamano il fatto che \u201cIl fiume Piave costituisce uno degli elementi pi\u00f9 caratteristici del paesaggio della Val Belluna e certamente il fattore che pi\u00e0 di ogni altro ha condizionato la localizzazione degli insediamenti civili e produttivi. La conca bellunese risulta modellata dal suo ampio greto (da cui derivano problemi non secondari di viabilit\u00e0, in ordine ai pochi attraversamenti esistenti) e su essa incombe la minaccia di ricorrenti fenomeni alluvionali\u201d. Aggiungono che \u201cIl corso del Piave riveste da sempre grande interesse anche per gli ecosistemi naturali che lo caratterizzano. Le vaste superfici frl greto, estranee a fenomeni di marcata antropizzazione in virt\u00f9 della minaccia incombente di piene disastrose, ospitano infatti comunit\u00e0 vegetali ed animali ricche ed eterogenee, di notevole significato naturalistico\u201d. A questo punto la \u201cdenuncia\u201d di una situazione allarmante: \u201cIl mutare delle condizioni economiche e sociali, proprio di questi decenni, ha profondamente alterato gli equilibri che per secolo avevano scandito il regolare flusso del Piave nella Val Belluna. Le sue acque defraudate nella portata da uno sfruttamento idroelettrico che sottovaluta i problemi ambientali, lambiscono nel loro corso onnipresenti discariche e raccolgono le acque luride di insediamenti civili ed industriali. Percorrendo il suo greto si osserva ogni sorta di rifiuti: i boschi golenali, quando non vengono dissodati per far posto a campi di mais, sono soggetti a tagli intensi e frequenti che li impoveriscono. L\u2019attivit\u00e0 di escavazione e l\u2019apertura di innumerevoli strade contribuiscono ad aggravare la situazione, nel quadro di un generale spreco del territorio che non ha avuto precedenti in Val Belluna\u201d. In chiusura, espongono motivi per guardare con fiduciosa attesa all\u2019evolversi in positivo della situazione: \u201cAncorch\u00e9 soggetto ad un progressivo e rapido degrado, il Piave conserva tuttavia ancora ambiti di elevato interessa naturalistico e paesaggistico (ricordiamo in proposito oltre alle Fontane di Nogar\u00e8 l\u2019area delle Fontane di Formegan e di quelle di Bardies in comune di Santa Giustina e Lentiai) per i quali si impone una sollecita tutela, prima di una loro irrimediabile scomparsa. L\u2019importanza di tali biotopi assume maggior risalto se si considera inoltre che la provincia di Belluno \u00e8 di per s\u00e9 povera di zone umide che meritano quindi, a maggior ragione, di essere salvaguardate\u201d. E fra le diverse aree degne di tutela richiamano la zona delle Fontane di Nogar\u00e8 che \u201csi colloca senza dubbio tra quelle che hanno conservano aspetti naturali e paesaggistici che richiamano gli antichi equilibri\u201d. Segue una dettagliata descrizione del biotopo in cui, fra l\u2019altro, si sottolinea che \u201cLe caratteristiche fisico-geografiche della zona hanno favorito il delinearsi di complessi ambientali di rilevante interesse naturalistico, caratterizzati da variet\u00e0 e ricchezza dei singoli habitat. Fitti boschi ripariali ad ontani si alternano a cespuglietti con varie specie di salici, ampie distese di sabbie e ghiaie sono colonizzate da peculiari comunit\u00e0 erbacee, talora effimere per il rinnovarsi di fenomeni alluvionali, ma sempre pronte a ricostituirsi l\u00e0 dove nuovi spazi sono resi disponibili\u201d. Gli autori specificano poi che \u201cLa repentina variazione dei fattori ecologici ha consentito lo sviluppo di comunit\u00e0 vegetali di primario interesse e non minore \u00e8 l\u2019importanza che tale area riveste dal punto di vista faunistico\u201d e concludono sottolineando che: \u201cLe risorgive, peculiarit\u00e0 specifica della zona, costituiscono un episodio raro lungo l\u2019intero corso del fiume. Nonostante il loro numero appaia ridotto rispetto a solo pochi anni fa, costituiscono senz\u2019altro l\u2019elemento paesaggistico ed ambientale pi\u00f9 tipico. La falda affiora nella zona pi\u00f9 settentrionale del biotopo, alimentando alcuni canali che dopo aver percorso il bosco ripariale per circa un chilometro, si immettono nel Piave\u201d. La pubblicazione &#8211; di grande interesse e meritato successo &#8211; si occupa quindi in altrettanti capitoli di: \u201cAspetti floristici e vegetazionali\u201d, \u201cAspetti faunistici\u201d e, prima delle conclusioni, di \u201cProposte di tutela\u201d, per esporre, in appendice, seguito da una serie di splendide immagini, l\u2019elenco \u201cdelle presenze\u201d alle Fontane di Nogar\u00e8, elencando ben 134 tipi di uccelli delle specie: nidificante, stazionaria, migratrice, svernante, regolare, irregolare, accidentale; elenco aperto dal Tuffetto e concluso dal Migliarino di palude.<\/p>\n\n\t\t\t<style type='text\/css'>\n\t\t\t\t#gallery-3 {\n\t\t\t\t\tmargin: auto;\n\t\t\t\t}\n\t\t\t\t#gallery-3 .gallery-item {\n\t\t\t\t\tfloat: left;\n\t\t\t\t\tmargin-top: 10px;\n\t\t\t\t\ttext-align: center;\n\t\t\t\t\twidth: 16%;\n\t\t\t\t}\n\t\t\t\t#gallery-3 img {\n\t\t\t\t\tborder: 2px solid #cfcfcf;\n\t\t\t\t}\n\t\t\t\t#gallery-3 .gallery-caption {\n\t\t\t\t\tmargin-left: 0;\n\t\t\t\t}\n\t\t\t\t\/* see gallery_shortcode() in wp-includes\/media.php *\/\n\t\t\t<\/style>\n\t\t<div id='gallery-3' class='dt-gallery-container gallery galleryid-219246 gallery-columns-6 gallery-size-thumbnail'><dl class='gallery-item'>\n\t\t\t\t<dt class='gallery-icon portrait'>\n\t\t\t\t\t<a class=\"rollover rollover-zoom dt-pswp-item\" title=\"206721660_172175764889518_2946336574911625437_n\" data-dt-img-description=\"\" data-large_image_width=\"299\" data-large_image_height=\"417\"href='https:\/\/www.radiopiu.net\/wordpress\/wp-content\/uploads\/2021\/07\/206721660_172175764889518_2946336574911625437_n.jpg'><img loading=\"lazy\" decoding=\"async\" width=\"150\" height=\"150\" src=\"https:\/\/www.radiopiu.net\/wordpress\/wp-content\/uploads\/2021\/07\/206721660_172175764889518_2946336574911625437_n-150x150.jpg\" class=\"attachment-thumbnail size-thumbnail\" alt=\"\" \/><\/a>\n\t\t\t\t<\/dt><\/dl><dl class='gallery-item'>\n\t\t\t\t<dt class='gallery-icon landscape'>\n\t\t\t\t\t<a class=\"rollover rollover-zoom dt-pswp-item\" title=\"209791186_330334702033446_6112367282597545355_n\" data-dt-img-description=\"\" data-large_image_width=\"575\" data-large_image_height=\"403\"href='https:\/\/www.radiopiu.net\/wordpress\/wp-content\/uploads\/2021\/07\/209791186_330334702033446_6112367282597545355_n.jpg'><img loading=\"lazy\" decoding=\"async\" width=\"150\" height=\"150\" src=\"https:\/\/www.radiopiu.net\/wordpress\/wp-content\/uploads\/2021\/07\/209791186_330334702033446_6112367282597545355_n-150x150.jpg\" class=\"attachment-thumbnail size-thumbnail\" alt=\"\" \/><\/a>\n\t\t\t\t<\/dt><\/dl><dl class='gallery-item'>\n\t\t\t\t<dt class='gallery-icon landscape'>\n\t\t\t\t\t<a class=\"rollover rollover-zoom dt-pswp-item\" title=\"206721661_1341786762959902_4298310656038025199_n\" data-dt-img-description=\"\" data-large_image_width=\"633\" data-large_image_height=\"403\"href='https:\/\/www.radiopiu.net\/wordpress\/wp-content\/uploads\/2021\/07\/206721661_1341786762959902_4298310656038025199_n.jpg'><img loading=\"lazy\" decoding=\"async\" width=\"150\" height=\"150\" src=\"https:\/\/www.radiopiu.net\/wordpress\/wp-content\/uploads\/2021\/07\/206721661_1341786762959902_4298310656038025199_n-150x150.jpg\" class=\"attachment-thumbnail size-thumbnail\" alt=\"\" \/><\/a>\n\t\t\t\t<\/dt><\/dl><dl class='gallery-item'>\n\t\t\t\t<dt class='gallery-icon landscape'>\n\t\t\t\t\t<a class=\"rollover rollover-zoom dt-pswp-item\" title=\"209021534_334679304954576_977980858916815311_n\" data-dt-img-description=\"\" data-large_image_width=\"573\" data-large_image_height=\"403\"href='https:\/\/www.radiopiu.net\/wordpress\/wp-content\/uploads\/2021\/07\/209021534_334679304954576_977980858916815311_n.jpg'><img loading=\"lazy\" decoding=\"async\" width=\"150\" height=\"150\" src=\"https:\/\/www.radiopiu.net\/wordpress\/wp-content\/uploads\/2021\/07\/209021534_334679304954576_977980858916815311_n-150x150.jpg\" class=\"attachment-thumbnail size-thumbnail\" alt=\"\" \/><\/a>\n\t\t\t\t<\/dt><\/dl><dl class='gallery-item'>\n\t\t\t\t<dt class='gallery-icon portrait'>\n\t\t\t\t\t<a class=\"rollover rollover-zoom dt-pswp-item\" title=\"207565342_846175252947190_4037350714984234191_n\" data-dt-img-description=\"\" data-large_image_width=\"305\" data-large_image_height=\"403\"href='https:\/\/www.radiopiu.net\/wordpress\/wp-content\/uploads\/2021\/07\/207565342_846175252947190_4037350714984234191_n.jpg'><img loading=\"lazy\" decoding=\"async\" width=\"150\" height=\"150\" src=\"https:\/\/www.radiopiu.net\/wordpress\/wp-content\/uploads\/2021\/07\/207565342_846175252947190_4037350714984234191_n-150x150.jpg\" class=\"attachment-thumbnail size-thumbnail\" alt=\"\" \/><\/a>\n\t\t\t\t<\/dt><\/dl><dl class='gallery-item'>\n\t\t\t\t<dt class='gallery-icon landscape'>\n\t\t\t\t\t<a class=\"rollover rollover-zoom dt-pswp-item\" title=\"208892533_168427931936342_736247878266832967_n\" data-dt-img-description=\"\" data-large_image_width=\"542\" data-large_image_height=\"403\"href='https:\/\/www.radiopiu.net\/wordpress\/wp-content\/uploads\/2021\/07\/208892533_168427931936342_736247878266832967_n.jpg'><img loading=\"lazy\" decoding=\"async\" width=\"150\" height=\"150\" src=\"https:\/\/www.radiopiu.net\/wordpress\/wp-content\/uploads\/2021\/07\/208892533_168427931936342_736247878266832967_n-150x150.jpg\" class=\"attachment-thumbnail size-thumbnail\" alt=\"\" \/><\/a>\n\t\t\t\t<\/dt><\/dl><br style=\"clear: both\" \/><dl class='gallery-item'>\n\t\t\t\t<dt class='gallery-icon landscape'>\n\t\t\t\t\t<a class=\"rollover rollover-zoom dt-pswp-item\" title=\"210010475_190742736325696_3535206404902473661_n\" data-dt-img-description=\"\" data-large_image_width=\"621\" data-large_image_height=\"403\"href='https:\/\/www.radiopiu.net\/wordpress\/wp-content\/uploads\/2021\/07\/210010475_190742736325696_3535206404902473661_n.jpg'><img loading=\"lazy\" decoding=\"async\" width=\"150\" height=\"150\" src=\"https:\/\/www.radiopiu.net\/wordpress\/wp-content\/uploads\/2021\/07\/210010475_190742736325696_3535206404902473661_n-150x150.jpg\" class=\"attachment-thumbnail size-thumbnail\" alt=\"\" \/><\/a>\n\t\t\t\t<\/dt><\/dl><dl class='gallery-item'>\n\t\t\t\t<dt class='gallery-icon portrait'>\n\t\t\t\t\t<a class=\"rollover rollover-zoom dt-pswp-item\" title=\"208357435_4683576504991223_6332403996468382177_n\" data-dt-img-description=\"\" data-large_image_width=\"320\" data-large_image_height=\"452\"href='https:\/\/www.radiopiu.net\/wordpress\/wp-content\/uploads\/2021\/07\/208357435_4683576504991223_6332403996468382177_n.jpg'><img loading=\"lazy\" decoding=\"async\" width=\"150\" height=\"150\" src=\"https:\/\/www.radiopiu.net\/wordpress\/wp-content\/uploads\/2021\/07\/208357435_4683576504991223_6332403996468382177_n-150x150.jpg\" class=\"attachment-thumbnail size-thumbnail\" alt=\"\" \/><\/a>\n\t\t\t\t<\/dt><\/dl><dl class='gallery-item'>\n\t\t\t\t<dt class='gallery-icon portrait'>\n\t\t\t\t\t<a class=\"rollover rollover-zoom dt-pswp-item\" title=\"207627570_941766233342820_7253079125102561717_n\" data-dt-img-description=\"\" data-large_image_width=\"300\" data-large_image_height=\"417\"href='https:\/\/www.radiopiu.net\/wordpress\/wp-content\/uploads\/2021\/07\/207627570_941766233342820_7253079125102561717_n.jpg'><img loading=\"lazy\" decoding=\"async\" width=\"150\" height=\"150\" src=\"https:\/\/www.radiopiu.net\/wordpress\/wp-content\/uploads\/2021\/07\/207627570_941766233342820_7253079125102561717_n-150x150.jpg\" class=\"attachment-thumbnail size-thumbnail\" alt=\"\" \/><\/a>\n\t\t\t\t<\/dt><\/dl><dl class='gallery-item'>\n\t\t\t\t<dt class='gallery-icon portrait'>\n\t\t\t\t\t<a class=\"rollover rollover-zoom dt-pswp-item\" title=\"207077737_200818395379916_3700709089754070486_n\" data-dt-img-description=\"\" data-large_image_width=\"320\" data-large_image_height=\"458\"href='https:\/\/www.radiopiu.net\/wordpress\/wp-content\/uploads\/2021\/07\/207077737_200818395379916_3700709089754070486_n.jpg'><img loading=\"lazy\" decoding=\"async\" width=\"150\" height=\"150\" src=\"https:\/\/www.radiopiu.net\/wordpress\/wp-content\/uploads\/2021\/07\/207077737_200818395379916_3700709089754070486_n-150x150.jpg\" class=\"attachment-thumbnail size-thumbnail\" alt=\"\" \/><\/a>\n\t\t\t\t<\/dt><\/dl><dl class='gallery-item'>\n\t\t\t\t<dt class='gallery-icon landscape'>\n\t\t\t\t\t<a class=\"rollover rollover-zoom dt-pswp-item\" title=\"210473120_2994493774157678_1573308272152858012_n\" data-dt-img-description=\"\" data-large_image_width=\"594\" data-large_image_height=\"403\"href='https:\/\/www.radiopiu.net\/wordpress\/wp-content\/uploads\/2021\/07\/210473120_2994493774157678_1573308272152858012_n.jpg'><img loading=\"lazy\" decoding=\"async\" width=\"150\" height=\"150\" src=\"https:\/\/www.radiopiu.net\/wordpress\/wp-content\/uploads\/2021\/07\/210473120_2994493774157678_1573308272152858012_n-150x150.jpg\" class=\"attachment-thumbnail size-thumbnail\" alt=\"\" \/><\/a>\n\t\t\t\t<\/dt><\/dl><dl class='gallery-item'>\n\t\t\t\t<dt class='gallery-icon landscape'>\n\t\t\t\t\t<a class=\"rollover rollover-zoom dt-pswp-item\" title=\"208814060_907909436801283_514336792039082631_n\" data-dt-img-description=\"\" data-large_image_width=\"664\" data-large_image_height=\"403\"href='https:\/\/www.radiopiu.net\/wordpress\/wp-content\/uploads\/2021\/07\/208814060_907909436801283_514336792039082631_n.jpg'><img loading=\"lazy\" decoding=\"async\" width=\"150\" height=\"150\" src=\"https:\/\/www.radiopiu.net\/wordpress\/wp-content\/uploads\/2021\/07\/208814060_907909436801283_514336792039082631_n-150x150.jpg\" class=\"attachment-thumbnail size-thumbnail\" alt=\"\" \/><\/a>\n\t\t\t\t<\/dt><\/dl><br style=\"clear: both\" \/><dl class='gallery-item'>\n\t\t\t\t<dt class='gallery-icon landscape'>\n\t\t\t\t\t<a class=\"rollover rollover-zoom dt-pswp-item\" title=\"209227397_979164539502264_139145858431868745_n\" data-dt-img-description=\"\" data-large_image_width=\"539\" data-large_image_height=\"403\"href='https:\/\/www.radiopiu.net\/wordpress\/wp-content\/uploads\/2021\/07\/209227397_979164539502264_139145858431868745_n.jpg'><img loading=\"lazy\" decoding=\"async\" width=\"150\" height=\"150\" src=\"https:\/\/www.radiopiu.net\/wordpress\/wp-content\/uploads\/2021\/07\/209227397_979164539502264_139145858431868745_n-150x150.jpg\" class=\"attachment-thumbnail size-thumbnail\" alt=\"\" \/><\/a>\n\t\t\t\t<\/dt><\/dl><dl class='gallery-item'>\n\t\t\t\t<dt class='gallery-icon portrait'>\n\t\t\t\t\t<a class=\"rollover rollover-zoom dt-pswp-item\" title=\"208220619_328174622131503_3048040940937422721_n\" data-dt-img-description=\"\" data-large_image_width=\"320\" data-large_image_height=\"457\"href='https:\/\/www.radiopiu.net\/wordpress\/wp-content\/uploads\/2021\/07\/208220619_328174622131503_3048040940937422721_n.jpg'><img loading=\"lazy\" decoding=\"async\" width=\"150\" height=\"150\" src=\"https:\/\/www.radiopiu.net\/wordpress\/wp-content\/uploads\/2021\/07\/208220619_328174622131503_3048040940937422721_n-150x150.jpg\" class=\"attachment-thumbnail size-thumbnail\" alt=\"\" \/><\/a>\n\t\t\t\t<\/dt><\/dl><dl class='gallery-item'>\n\t\t\t\t<dt class='gallery-icon portrait'>\n\t\t\t\t\t<a class=\"rollover rollover-zoom dt-pswp-item\" title=\"210232934_504698604089858_9218820096465040655_n\" data-dt-img-description=\"\" data-large_image_width=\"340\" data-large_image_height=\"403\"href='https:\/\/www.radiopiu.net\/wordpress\/wp-content\/uploads\/2021\/07\/210232934_504698604089858_9218820096465040655_n.jpg'><img loading=\"lazy\" decoding=\"async\" width=\"150\" height=\"150\" src=\"https:\/\/www.radiopiu.net\/wordpress\/wp-content\/uploads\/2021\/07\/210232934_504698604089858_9218820096465040655_n-150x150.jpg\" class=\"attachment-thumbnail size-thumbnail\" alt=\"\" \/><\/a>\n\t\t\t\t<\/dt><\/dl><dl class='gallery-item'>\n\t\t\t\t<dt class='gallery-icon landscape'>\n\t\t\t\t\t<a class=\"rollover rollover-zoom dt-pswp-item\" title=\"206984453_940104083506855_3991128010129778991_n\" data-dt-img-description=\"\" data-large_image_width=\"574\" data-large_image_height=\"403\"href='https:\/\/www.radiopiu.net\/wordpress\/wp-content\/uploads\/2021\/07\/206984453_940104083506855_3991128010129778991_n.jpg'><img loading=\"lazy\" decoding=\"async\" width=\"150\" height=\"150\" src=\"https:\/\/www.radiopiu.net\/wordpress\/wp-content\/uploads\/2021\/07\/206984453_940104083506855_3991128010129778991_n-150x150.jpg\" class=\"attachment-thumbnail size-thumbnail\" alt=\"\" \/><\/a>\n\t\t\t\t<\/dt><\/dl><dl class='gallery-item'>\n\t\t\t\t<dt class='gallery-icon portrait'>\n\t\t\t\t\t<a class=\"rollover rollover-zoom dt-pswp-item\" title=\"207302252_546974413343092_5467125915654182575_n\" data-dt-img-description=\"\" data-large_image_width=\"299\" data-large_image_height=\"417\"href='https:\/\/www.radiopiu.net\/wordpress\/wp-content\/uploads\/2021\/07\/207302252_546974413343092_5467125915654182575_n.jpg'><img loading=\"lazy\" decoding=\"async\" width=\"150\" height=\"150\" src=\"https:\/\/www.radiopiu.net\/wordpress\/wp-content\/uploads\/2021\/07\/207302252_546974413343092_5467125915654182575_n-150x150.jpg\" class=\"attachment-thumbnail size-thumbnail\" alt=\"\" \/><\/a>\n\t\t\t\t<\/dt><\/dl><dl class='gallery-item'>\n\t\t\t\t<dt class='gallery-icon portrait'>\n\t\t\t\t\t<a class=\"rollover rollover-zoom dt-pswp-item\" title=\"209655710_966074324189462_2694223303961867071_n\" data-dt-img-description=\"\" data-large_image_width=\"299\" data-large_image_height=\"417\"href='https:\/\/www.radiopiu.net\/wordpress\/wp-content\/uploads\/2021\/07\/209655710_966074324189462_2694223303961867071_n.jpg'><img loading=\"lazy\" decoding=\"async\" width=\"150\" height=\"150\" src=\"https:\/\/www.radiopiu.net\/wordpress\/wp-content\/uploads\/2021\/07\/209655710_966074324189462_2694223303961867071_n-150x150.jpg\" class=\"attachment-thumbnail size-thumbnail\" alt=\"\" \/><\/a>\n\t\t\t\t<\/dt><\/dl><br style=\"clear: both\" \/>\n\t\t\t<\/div>\n\n<p>NELLE FOTO (riproduzioni dal libro \u201cFlora e fauna del Piave. Le Fontane di Nogar\u00e8\u201d): la copertina della pubblicazione; illustrazione dell\u2019area delle Fontane di Nogar\u00e8; l\u2019ampio letto ghiaioso del Piave; canale d\u2019acqua risorgiva; ramo secondario del Piave con fitti popolamenti di Typham latifolia che offrono ospitalit\u00e0 a numerosi uccelli; cuscinetti di Saxifraga aizoides; cespi di Carex elata; esemplari di Orchis maculata; Typa latifolia (Mazza Sorda); Olivello spinoso; Epilobium dodonaei; Campanula spicata; Pulmonaria officinalis; uno degli uccelli pi\u00f9 comuni della zona il Merlo, presente in tutte le stagioni; Picchio verde; Picchio rosso maggiore; la Ghiandaia; il Germano reale; lungo i canali d\u2019acqua risorgiva nidifica la Gallinella d\u2019acqua; la Civetta: frequenta i coltivi e frutteti della zona; Pettirosso a caccia d\u2019insetti; il Voltolino, presente solo nei periodi migratori; Schiribilla in pastura; l\u2019Airone cenerino; maschio di Saltimpalo; Pendolino che si nutre su una canna; la Pavoncella, presente alle Fontane di Nogar\u00e8 nei mesi primaverili; la Sterna comune, uno degli uccelli pi\u00f9 rari della zona; il Piro, piro piccolo, frequente incontrarlo d\u2019estate nel greto del Piave; giovane di Cuculo; il Riccio, comune abitatore dei boschi ripariali.<\/p>\n<p>&nbsp;<\/p>\n<p>&nbsp;<\/p>\n<hr \/>\n<p>&nbsp;<\/p>\n<h2><strong><span style=\"color: #ff0000;\">QUINDICINALE APPUNTAMENTO ALLA RADIO<\/span><\/strong><\/h2>\n<blockquote>\n<h3><a style=\"font-size: 14px; font-weight: normal;\" href=\"https:\/\/www.radiopiu.net\/wordpress\/giornale-radiopiu-06-febbraio-2019-direttore-mirko-mezzacasa\/logo_spi-cgil-800x445\/\" rel=\"attachment wp-att-75538\"><img loading=\"lazy\" decoding=\"async\" class=\"wp-image-75538 alignleft\" src=\"https:\/\/www.radiopiu.net\/wordpress\/wp-content\/uploads\/2019\/02\/Logo_Spi-CGIL-800x445-300x167.jpg\" alt=\"\" width=\"210\" height=\"117\" srcset=\"https:\/\/www.radiopiu.net\/wordpress\/wp-content\/uploads\/2019\/02\/Logo_Spi-CGIL-800x445-300x167.jpg 300w, https:\/\/www.radiopiu.net\/wordpress\/wp-content\/uploads\/2019\/02\/Logo_Spi-CGIL-800x445-768x427.jpg 768w, https:\/\/www.radiopiu.net\/wordpress\/wp-content\/uploads\/2019\/02\/Logo_Spi-CGIL-800x445.jpg 800w\" sizes=\"auto, (max-width: 210px) 100vw, 210px\" \/><\/a><\/h3>\n<\/blockquote>\n<blockquote>\n<h3>ALLA RADIO, APPUNTAMENTO QUINDICINALE CON SPI-CGIL BELLUNO, IN STUDIO MARIA RITA GENTILIN<\/h3>\n<\/blockquote>\n<p><strong>di Claudio Fontanive\u00a0<\/strong><\/p>\n<p><span style=\"color: #ff0000;\"><strong>PUNTATA DEL\u00a0 24 giugno 2021<\/strong><\/span><\/p>\n<audio class=\"wp-audio-shortcode\" id=\"audio-219246-15\" preload=\"none\" style=\"width: 100%;\" controls=\"controls\"><source type=\"audio\/mpeg\" src=\"https:\/\/www.radiopiu.net\/wordpress\/wp-content\/uploads\/2021\/06\/spig-gentilin-24-giugno.mp3?_=15\" \/><a href=\"https:\/\/www.radiopiu.net\/wordpress\/wp-content\/uploads\/2021\/06\/spig-gentilin-24-giugno.mp3\">https:\/\/www.radiopiu.net\/wordpress\/wp-content\/uploads\/2021\/06\/spig-gentilin-24-giugno.mp3<\/a><\/audio>\n<p>&nbsp;<\/p>\n<p>&nbsp;<\/p>\n<p>&nbsp;<\/p>\n<hr \/>\n<h2><span style=\"color: #ff6600;\">\u00a0<\/span><\/h2>\n<h2><span style=\"color: #ff6600;\">GIROVAGANDO ALLA RADIO, PUNTATA 06<\/span><\/h2>\n<h3><a href=\"https:\/\/www.radiopiu.net\/wordpress\/girovagando-alla-radio-puntata-06\/6fc9c834-0128-418f-bd85-2af5897ff8e6\/\" rel=\"attachment wp-att-218407\"><img loading=\"lazy\" decoding=\"async\" class=\"size-medium wp-image-218407 alignleft\" src=\"https:\/\/www.radiopiu.net\/wordpress\/wp-content\/uploads\/2021\/06\/6fc9c834-0128-418f-bd85-2af5897ff8e6-300x200.jpg\" alt=\"\" width=\"300\" height=\"200\" srcset=\"https:\/\/www.radiopiu.net\/wordpress\/wp-content\/uploads\/2021\/06\/6fc9c834-0128-418f-bd85-2af5897ff8e6-300x200.jpg 300w, https:\/\/www.radiopiu.net\/wordpress\/wp-content\/uploads\/2021\/06\/6fc9c834-0128-418f-bd85-2af5897ff8e6-1024x682.jpg 1024w, https:\/\/www.radiopiu.net\/wordpress\/wp-content\/uploads\/2021\/06\/6fc9c834-0128-418f-bd85-2af5897ff8e6-768x512.jpg 768w, https:\/\/www.radiopiu.net\/wordpress\/wp-content\/uploads\/2021\/06\/6fc9c834-0128-418f-bd85-2af5897ff8e6.jpg 1400w\" sizes=\"auto, (max-width: 300px) 100vw, 300px\" \/><\/a>Collaborazione Thomas Soppera<\/h3>\n<p>&nbsp;<\/p>\n<p>&nbsp;<\/p>\n<p>&nbsp;<\/p>\n<p><strong>AUDIO PUNTATA 28 giugno 2021<\/strong><\/p>\n<audio class=\"wp-audio-shortcode\" id=\"audio-219246-16\" preload=\"none\" style=\"width: 100%;\" controls=\"controls\"><source type=\"audio\/mpeg\" src=\"https:\/\/www.radiopiu.net\/wordpress\/wp-content\/uploads\/2021\/06\/GIROVAGANDO-06.mp3?_=16\" \/><a href=\"https:\/\/www.radiopiu.net\/wordpress\/wp-content\/uploads\/2021\/06\/GIROVAGANDO-06.mp3\">https:\/\/www.radiopiu.net\/wordpress\/wp-content\/uploads\/2021\/06\/GIROVAGANDO-06.mp3<\/a><\/audio>\n<h2><span style=\"color: #ff0000;\">LA RACCOLTA COMPLETA\u00a0<\/span><\/h2>\n<blockquote class=\"wp-embedded-content\" data-secret=\"eVWD1mSwHY\"><p><a href=\"https:\/\/www.radiopiu.net\/wordpress\/girovagando-in-e-bike-tra-le-dolomiti\/\">GIROVAGANDO IN E BIKE TRA LE DOLOMITI<\/a><\/p><\/blockquote>\n<p><iframe loading=\"lazy\" class=\"wp-embedded-content\" sandbox=\"allow-scripts\" security=\"restricted\" style=\"position: absolute; clip: rect(1px, 1px, 1px, 1px);\" title=\"&#8220;GIROVAGANDO IN E BIKE TRA LE DOLOMITI&#8221; &#8212; Radio Pi\u00f9\" src=\"https:\/\/www.radiopiu.net\/wordpress\/girovagando-in-e-bike-tra-le-dolomiti\/embed\/#?secret=eVWD1mSwHY\" data-secret=\"eVWD1mSwHY\" width=\"600\" height=\"338\" frameborder=\"0\" marginwidth=\"0\" marginheight=\"0\" scrolling=\"no\"><\/iframe><\/p>\n<p>&nbsp;<\/p>\n<hr \/>\n<p>&nbsp;<\/p>\n<p>&nbsp;<\/p>\n<blockquote class=\"wp-embedded-content\" data-secret=\"Vm9a28yHUL\"><p><a href=\"https:\/\/www.radiopiu.net\/wordpress\/da-ieri-alla-radio-in-palinsesto-loris-e-maurizio-con-la-grande-musica\/\">IL BLUES ALLA RADIO &#8230; COME NON L&#8217;AVETE MAI SENTITO PRIMA<\/a><\/p><\/blockquote>\n<p><iframe loading=\"lazy\" class=\"wp-embedded-content\" sandbox=\"allow-scripts\" security=\"restricted\" style=\"position: absolute; clip: rect(1px, 1px, 1px, 1px);\" title=\"&#8220;IL BLUES ALLA RADIO &#8230; COME NON L&#8217;AVETE MAI SENTITO PRIMA&#8221; &#8212; Radio Pi\u00f9\" src=\"https:\/\/www.radiopiu.net\/wordpress\/da-ieri-alla-radio-in-palinsesto-loris-e-maurizio-con-la-grande-musica\/embed\/#?secret=Vm9a28yHUL\" data-secret=\"Vm9a28yHUL\" width=\"600\" height=\"338\" frameborder=\"0\" marginwidth=\"0\" marginheight=\"0\" scrolling=\"no\"><\/iframe><\/p>\n<p>\u200b<\/p>\n<p>&nbsp;<\/p>\n<hr \/>\n<p>&nbsp;<\/p>\n<div>\n<div class=\"b654a4as d2edcug0\">\n<div class=\"rq0escxv hkbzh7o3 jwdofwj8 n8tt0mok r8blr3vg hyh9befq\">\n<p><a class=\"dt-pswp-item\" href=\"https:\/\/www.radiopiu.net\/wordpress\/wp-content\/uploads\/2020\/10\/pp.jpg\" data-dt-img-description=\"\" data-large_image_width=\"640\" data-large_image_height=\"640\"><img loading=\"lazy\" decoding=\"async\" class=\"wp-image-163678 alignleft\" src=\"https:\/\/www.radiopiu.net\/wordpress\/wp-content\/uploads\/2020\/10\/pp-300x300.jpg\" alt=\"\" width=\"106\" height=\"106\" srcset=\"https:\/\/www.radiopiu.net\/wordpress\/wp-content\/uploads\/2020\/10\/pp-300x300.jpg 300w, https:\/\/www.radiopiu.net\/wordpress\/wp-content\/uploads\/2020\/10\/pp-150x150.jpg 150w, https:\/\/www.radiopiu.net\/wordpress\/wp-content\/uploads\/2020\/10\/pp-125x125.jpg 125w, https:\/\/www.radiopiu.net\/wordpress\/wp-content\/uploads\/2020\/10\/pp-200x200.jpg 200w, https:\/\/www.radiopiu.net\/wordpress\/wp-content\/uploads\/2020\/10\/pp-80x80.jpg 80w, https:\/\/www.radiopiu.net\/wordpress\/wp-content\/uploads\/2020\/10\/pp-480x480.jpg 480w, https:\/\/www.radiopiu.net\/wordpress\/wp-content\/uploads\/2020\/10\/pp.jpg 640w\" sizes=\"auto, (max-width: 106px) 100vw, 106px\" \/><\/a><\/p>\n<\/div>\n<\/div>\n<\/div>\n<div>\n<div class=\"page-title-head hgroup\">\n<div class=\"page-title-head hgroup\">\n<div class=\"b654a4as d2edcug0\">\n<div class=\"j83agx80 btwxx1t3 lhclo0ds hop8lmos nkwizq5d scwd0bx6 roh60bw9\">\n<div class=\"rq0escxv hkbzh7o3 jwdofwj8 n8tt0mok r8blr3vg hyh9befq\">\n<div class=\"do00u71z l9j0dhe7 k4urcfbm\">\n<h2><span style=\"color: #000080;\">DON CESARE, IL PENSIERO DEL GIORNO. ALLA RADIO ALLE 7 DEL MATTINO E ALLE 19.30 DELLA SERA.\u00a0\u00a0<\/span><\/h2>\n<\/div>\n<\/div>\n<\/div>\n<div class=\"rq0escxv hkbzh7o3 jwdofwj8 n8tt0mok r8blr3vg hyh9befq\"><\/div>\n<div><\/div>\n<div>\n<audio class=\"wp-audio-shortcode\" id=\"audio-219246-17\" preload=\"none\" style=\"width: 100%;\" controls=\"controls\"><source type=\"audio\/mpeg\" src=\"https:\/\/www.radiopiu.net\/wordpress\/wp-content\/uploads\/2021\/07\/cesare.mp3?_=17\" \/><a href=\"https:\/\/www.radiopiu.net\/wordpress\/wp-content\/uploads\/2021\/07\/cesare.mp3\">https:\/\/www.radiopiu.net\/wordpress\/wp-content\/uploads\/2021\/07\/cesare.mp3<\/a><\/audio>\n<\/div>\n<div>\n<p>&nbsp;<\/p>\n<p>&nbsp;<\/p>\n<\/div>\n<div>\n<hr \/>\n<\/div>\n<div><\/div>\n<h2>COLLAGE&#8230; DI LORIS SCUSSEL dal lunedi al venerdi alle 16 e alle 23 su RADIO PIU<\/h2>\n<div>\n<div>\n<div>\n<div>\n<div>\n<div>\n<p><strong>PUNTATA 379 DEL 01\u00a0 LUGLIO 2021 <\/strong><\/p>\n<audio class=\"wp-audio-shortcode\" id=\"audio-219246-18\" preload=\"none\" style=\"width: 100%;\" controls=\"controls\"><source type=\"audio\/mpeg\" src=\"https:\/\/www.radiopiu.net\/wordpress\/wp-content\/uploads\/2021\/06\/Collage-379.mp3?_=18\" \/><a href=\"https:\/\/www.radiopiu.net\/wordpress\/wp-content\/uploads\/2021\/06\/Collage-379.mp3\">https:\/\/www.radiopiu.net\/wordpress\/wp-content\/uploads\/2021\/06\/Collage-379.mp3<\/a><\/audio>\n<\/div>\n<\/div>\n<\/div>\n<\/div>\n<\/div>\n<\/div>\n<blockquote>\n<div>\n<div>\n<blockquote>\n<blockquote>\n<div>\n<blockquote>\n<blockquote>\n<div>\n<div>\n<blockquote>\n<blockquote>\n<div>\n<div>\n<blockquote>\n<div>\n<div>\n<div>\n<div>\n<div>\n<p>&nbsp;<\/p>\n<\/div>\n<\/div>\n<\/div>\n<\/div>\n<\/div>\n<\/blockquote>\n<\/div>\n<\/div>\n<\/blockquote>\n<\/blockquote>\n<\/div>\n<\/div>\n<\/blockquote>\n<\/blockquote>\n<\/div>\n<\/blockquote>\n<\/blockquote>\n<\/div>\n<\/div>\n<\/blockquote>\n<div>\n<div>\n<div>\n<div>\n<div>\n<div>\n<div>\n<div>\n<div>\n<div>\n<div>\n<div>\n<p><img loading=\"lazy\" decoding=\"async\" class=\"alignleft\" src=\"https:\/\/www.radiopiu.net\/wordpress\/wp-content\/uploads\/2021\/05\/Schermata-2021-05-23-alle-11.50.11.png\" width=\"186\" height=\"131\" \/>Il programma \u00e8 andato in onda da dicembre 2013 fino a luglio 2019, comprese le repliche, in due serie per 350 puntate complessive con 1.890 brani trasmessi. L\u2019obiettivo del programma: riproporre agli ascoltatori pi\u00f9 grandicelli le canzoni che ascoltavano nel passato e nello stesso tempo farle conoscere anche ai pi\u00f9 giovani.<\/p>\n<\/div>\n<\/div>\n<\/div>\n<\/div>\n<\/div>\n<\/div>\n<\/div>\n<\/div>\n<\/div>\n<\/div>\n<\/div>\n<\/div>\n<div>\n<p>&nbsp;<\/p>\n<\/div>\n<div>\n<blockquote>\n<blockquote>\n<div>\n<div>\n<blockquote>\n<blockquote>\n<div><\/div>\n<\/blockquote>\n<\/blockquote>\n<\/div>\n<\/div>\n<\/blockquote>\n<\/blockquote>\n<\/div>\n<div><\/div>\n<div><\/div>\n<hr \/>\n<p>&nbsp;<\/p>\n<blockquote>\n<h2>FANTASTICHE DOLOMITI, NUOVA STAGIONE. APPUNTAMENTO QUINDICINALE IL GIOVEDI ALLE 10.30 E 19.00<\/h2>\n<\/blockquote>\n<blockquote class=\"wp-embedded-content\" data-secret=\"ewchxeo5a8\"><p><a href=\"https:\/\/www.radiopiu.net\/wordpress\/raccolta-completa11\/\">FANTASTICHE DOLOMITI LA RACCOLTA COMPLETA<\/a><\/p><\/blockquote>\n<p><iframe loading=\"lazy\" class=\"wp-embedded-content\" sandbox=\"allow-scripts\" security=\"restricted\" style=\"position: absolute; clip: rect(1px, 1px, 1px, 1px);\" title=\"&#8220;FANTASTICHE DOLOMITI LA RACCOLTA COMPLETA&#8221; &#8212; Radio Pi\u00f9\" src=\"https:\/\/www.radiopiu.net\/wordpress\/raccolta-completa11\/embed\/#?secret=ewchxeo5a8\" data-secret=\"ewchxeo5a8\" width=\"600\" height=\"338\" frameborder=\"0\" marginwidth=\"0\" marginheight=\"0\" scrolling=\"no\"><\/iframe><\/p>\n<p>&nbsp;<\/p>\n<p>&nbsp;<\/p>\n<p>&nbsp;<\/p>\n<hr \/>\n<div>\n<div class=\"b654a4as d2edcug0\">\n<div class=\"rq0escxv hkbzh7o3 jwdofwj8 n8tt0mok r8blr3vg hyh9befq\">\n<div class=\"b654a4as d2edcug0\">\n<h2><span style=\"color: #008000;\">\u00a0<\/span><\/h2>\n<h2><span style=\"color: #008000;\">ERBE E PIANTE CURATIVE&#8230;IL\u00a0 PROGRAMMA DI PAOLA LANCIATO\u00a0\u00a0<\/span><\/h2>\n<p><a href=\"https:\/\/www.radiopiu.net\/wordpress\/?attachment_id=218554\" rel=\"attachment wp-att-218554\"><img loading=\"lazy\" decoding=\"async\" class=\"wp-image-218554 alignleft\" src=\"https:\/\/www.radiopiu.net\/wordpress\/wp-content\/uploads\/2021\/06\/mora-di-gelso-300x213.jpg\" alt=\"\" width=\"113\" height=\"80\" srcset=\"https:\/\/www.radiopiu.net\/wordpress\/wp-content\/uploads\/2021\/06\/mora-di-gelso-300x213.jpg 300w, https:\/\/www.radiopiu.net\/wordpress\/wp-content\/uploads\/2021\/06\/mora-di-gelso.jpg 350w\" sizes=\"auto, (max-width: 113px) 100vw, 113px\" \/><\/a><\/p>\n<p>&nbsp;<\/p>\n<p><strong>\u00a0IL GELSO<\/strong><\/p>\n<audio class=\"wp-audio-shortcode\" id=\"audio-219246-19\" preload=\"none\" style=\"width: 100%;\" controls=\"controls\"><source type=\"audio\/mpeg\" src=\"https:\/\/www.radiopiu.net\/wordpress\/wp-content\/uploads\/2021\/06\/20-Il-gelso-M.mp3?_=19\" \/><a href=\"https:\/\/www.radiopiu.net\/wordpress\/wp-content\/uploads\/2021\/06\/20-Il-gelso-M.mp3\">https:\/\/www.radiopiu.net\/wordpress\/wp-content\/uploads\/2021\/06\/20-Il-gelso-M.mp3<\/a><\/audio>\n<p>&nbsp;<\/p>\n<\/div>\n<blockquote class=\"wp-embedded-content\" data-secret=\"8qRTDF1b2Z\"><p><a href=\"https:\/\/www.radiopiu.net\/wordpress\/erbe-e-piante-curative-il-mandorlo\/\">L\u2019ERBA VOGLIO DEL GIARDINO DEL RE\u2026 ERBE, FIORI E PIANTE DI E CON PAOLA LANCIATO<\/a><\/p><\/blockquote>\n<p><iframe loading=\"lazy\" class=\"wp-embedded-content\" sandbox=\"allow-scripts\" security=\"restricted\" style=\"position: absolute; clip: rect(1px, 1px, 1px, 1px);\" title=\"&#8220;L\u2019ERBA VOGLIO DEL GIARDINO DEL RE\u2026 ERBE, FIORI E PIANTE DI E CON PAOLA LANCIATO&#8221; &#8212; Radio Pi\u00f9\" src=\"https:\/\/www.radiopiu.net\/wordpress\/erbe-e-piante-curative-il-mandorlo\/embed\/#?secret=8qRTDF1b2Z\" data-secret=\"8qRTDF1b2Z\" width=\"600\" height=\"338\" frameborder=\"0\" marginwidth=\"0\" marginheight=\"0\" scrolling=\"no\"><\/iframe><\/p>\n<p>&nbsp;<\/p>\n<\/div>\n<\/div>\n<\/div>\n<p>&nbsp;<\/p>\n<hr \/>\n<p>&nbsp;<\/p>\n<div>\n<h2><span style=\"color: #ff0000;\"><strong>IN VIVO VERSO 2020-21 ESTATE, RIASCOLTIAMOLI&#8230; DAL CASSETTO DEI RICORDI DI RADIO PIU&#8217;&#8230; LE PRIME\u00a0 SEI STAGIONI\u00a0 \u00a0<\/strong><\/span><\/h2>\n<div class=\"page-title-head hgroup\">\n<div class=\"page-title-head hgroup\">\n<div class=\"page-title-head hgroup\">\n<div class=\"page-title-head hgroup\">\n<div class=\"page-title-head hgroup\">\n<div class=\"page-title-head hgroup\">\n<blockquote>\n<h3>riascoltiamole IL GIOCATORE D&#8217;AZZARDO di FRANCO CALLEGARO<\/h3>\n<p><strong>AUDIO<\/strong><\/p>\n<audio class=\"wp-audio-shortcode\" id=\"audio-219246-20\" preload=\"none\" style=\"width: 100%;\" controls=\"controls\"><source type=\"audio\/mpeg\" src=\"https:\/\/www.radiopiu.net\/wordpress\/wp-content\/uploads\/2021\/06\/05-FRAANCO-CALLEGARO-IL-GIOCATORE-DAZZARDO.mp3?_=20\" \/><a href=\"https:\/\/www.radiopiu.net\/wordpress\/wp-content\/uploads\/2021\/06\/05-FRAANCO-CALLEGARO-IL-GIOCATORE-DAZZARDO.mp3\">https:\/\/www.radiopiu.net\/wordpress\/wp-content\/uploads\/2021\/06\/05-FRAANCO-CALLEGARO-IL-GIOCATORE-DAZZARDO.mp3<\/a><\/audio>\n<p><strong>LA RACCOLTA COMPLETA<\/strong><\/p><\/blockquote>\n<\/div>\n<\/div>\n<\/div>\n<\/div>\n<\/div>\n<\/div>\n<blockquote class=\"wp-embedded-content\" data-secret=\"1BDXji0eSN\"><p><a href=\"https:\/\/www.radiopiu.net\/wordpress\/in-vivo-verso\/\">In Vivo Verso<\/a><\/p><\/blockquote>\n<p><iframe loading=\"lazy\" class=\"wp-embedded-content\" sandbox=\"allow-scripts\" security=\"restricted\" style=\"position: absolute; clip: rect(1px, 1px, 1px, 1px);\" title=\"&#8220;In Vivo Verso&#8221; &#8212; Radio Pi\u00f9\" src=\"https:\/\/www.radiopiu.net\/wordpress\/in-vivo-verso\/embed\/#?secret=1BDXji0eSN\" data-secret=\"1BDXji0eSN\" width=\"600\" height=\"338\" frameborder=\"0\" marginwidth=\"0\" marginheight=\"0\" scrolling=\"no\"><\/iframe><\/p>\n<p>&nbsp;<\/p>\n<hr \/>\n<\/div>\n<blockquote>\n<blockquote>\n<h2><\/h2>\n<\/blockquote>\n<\/blockquote>\n<div>\n<div class=\"b654a4as d2edcug0\">\n<div class=\"rq0escxv hkbzh7o3 jwdofwj8 n8tt0mok r8blr3vg hyh9befq\">\n<p>&nbsp;<\/p>\n<blockquote>\n<h2><span style=\"color: #ff0000;\"><em>ZAINO ALLA RADIO&#8230;ESTATE DI PAOLA LANCIATO TUTTI I GIORNI dal lunedi al venerdi ALLE 14 E 23.30\u00a0 \u00a0<\/em><\/span><\/h2>\n<\/blockquote>\n<div class=\"b654a4as d2edcug0\">\n<blockquote>\n<h2>L&#8217;abbazia di San Vito e Polignano a mare ZAINO DA VIAGGIO ESTATE CON PAOLA LANCIATO<\/h2>\n<\/blockquote>\n<p><strong>audio<\/strong><\/p>\n<audio class=\"wp-audio-shortcode\" id=\"audio-219246-21\" preload=\"none\" style=\"width: 100%;\" controls=\"controls\"><source type=\"audio\/mpeg\" src=\"https:\/\/www.radiopiu.net\/wordpress\/wp-content\/uploads\/2021\/06\/39-Labbazia-di-San-Vito-e-Polignano-a-mare-M.mp3?_=21\" \/><a href=\"https:\/\/www.radiopiu.net\/wordpress\/wp-content\/uploads\/2021\/06\/39-Labbazia-di-San-Vito-e-Polignano-a-mare-M.mp3\">https:\/\/www.radiopiu.net\/wordpress\/wp-content\/uploads\/2021\/06\/39-Labbazia-di-San-Vito-e-Polignano-a-mare-M.mp3<\/a><\/audio>\n<p>&nbsp;<\/p>\n<p><img loading=\"lazy\" decoding=\"async\" class=\"\" src=\"https:\/\/www.radiopiu.net\/wordpress\/wp-content\/uploads\/2021\/06\/39.jpg\" width=\"222\" height=\"162\" \/><\/p>\n<p>&nbsp;<\/p>\n<p>&nbsp;<\/p>\n<p>&nbsp;<\/p>\n<p><strong>LA RACCOLTA COMPLETA<\/strong><\/p>\n<\/div>\n<blockquote class=\"wp-embedded-content\" data-secret=\"sCHcTy5mEh\"><p><a href=\"https:\/\/www.radiopiu.net\/wordpress\/zaino-femminile-lanciato\/\">Zaino da viaggio al femminile<\/a><\/p><\/blockquote>\n<p><iframe loading=\"lazy\" class=\"wp-embedded-content\" sandbox=\"allow-scripts\" security=\"restricted\" style=\"position: absolute; clip: rect(1px, 1px, 1px, 1px);\" title=\"&#8220;Zaino da viaggio al femminile&#8221; &#8212; Radio Pi\u00f9\" src=\"https:\/\/www.radiopiu.net\/wordpress\/zaino-femminile-lanciato\/embed\/#?secret=sCHcTy5mEh\" data-secret=\"sCHcTy5mEh\" width=\"600\" height=\"338\" frameborder=\"0\" marginwidth=\"0\" marginheight=\"0\" scrolling=\"no\"><\/iframe><\/p>\n<p>&nbsp;<\/p>\n<\/div>\n<\/div>\n<\/div>\n<hr \/>\n<p>&nbsp;<\/p>\n<div>\n<h2><span style=\"color: #800080;\"><strong>LA RASSEGNA STAMPA DA L&#8217;AMICO DEL POPOLO\u00a0<\/strong><\/span><\/h2>\n<h3 class=\"kvgmc6g5 cxmmr5t8 oygrvhab hcukyx3x c1et5uql\"><span style=\"color: #0000ff;\"> INFORMAZIONE il canale su TELEGRAM informazione di prima mano e in tempo reale. iscriviti ed aiutaci a farlo conoscere\u00a0\u00a0<\/span><\/h3>\n<p><a href=\"https:\/\/www.radiopiu.net\/wordpress\/tre-agordini-al-campionato-mondiale-di-pesto-genovese-al-mortaio\/a70961a5-8249-40f2-b8ac-e60b60d2e03e\/\" rel=\"attachment wp-att-193173\"><img loading=\"lazy\" decoding=\"async\" class=\"wp-image-193173 alignleft\" src=\"https:\/\/www.radiopiu.net\/wordpress\/wp-content\/uploads\/2021\/02\/a70961a5-8249-40f2-b8ac-e60b60d2e03e-271x300.jpg\" alt=\"\" width=\"125\" height=\"138\" srcset=\"https:\/\/www.radiopiu.net\/wordpress\/wp-content\/uploads\/2021\/02\/a70961a5-8249-40f2-b8ac-e60b60d2e03e-271x300.jpg 271w, https:\/\/www.radiopiu.net\/wordpress\/wp-content\/uploads\/2021\/02\/a70961a5-8249-40f2-b8ac-e60b60d2e03e.jpg 720w\" sizes=\"auto, (max-width: 125px) 100vw, 125px\" \/><\/a><strong>di Gianni Santomaso<\/strong><\/p>\n<p>OSPITE: Gabriele Riva<\/p>\n<audio class=\"wp-audio-shortcode\" id=\"audio-219246-22\" preload=\"none\" style=\"width: 100%;\" controls=\"controls\"><source type=\"audio\/mpeg\" src=\"https:\/\/www.radiopiu.net\/wordpress\/wp-content\/uploads\/2021\/06\/RASSEGNA-GIANNI-4.mp3?_=22\" \/><a href=\"https:\/\/www.radiopiu.net\/wordpress\/wp-content\/uploads\/2021\/06\/RASSEGNA-GIANNI-4.mp3\">https:\/\/www.radiopiu.net\/wordpress\/wp-content\/uploads\/2021\/06\/RASSEGNA-GIANNI-4.mp3<\/a><\/audio>\n<p>&nbsp;<\/p>\n<p><strong>LA RACCOLTA COMPLETA<\/strong><\/p>\n<blockquote class=\"wp-embedded-content\" data-secret=\"vavjjWrbNH\"><p><a href=\"https:\/\/www.radiopiu.net\/wordpress\/rassegna-stampa-di-gianni-santomaso\/\">Rassegna stampa da l&#8217;amico del popolo &#8211; di Gianni Santomaso<\/a><\/p><\/blockquote>\n<p><iframe loading=\"lazy\" class=\"wp-embedded-content\" sandbox=\"allow-scripts\" security=\"restricted\" style=\"position: absolute; clip: rect(1px, 1px, 1px, 1px);\" title=\"&#8220;Rassegna stampa da l&#8217;amico del popolo &#8211; di Gianni Santomaso&#8221; &#8212; Radio Pi\u00f9\" src=\"https:\/\/www.radiopiu.net\/wordpress\/rassegna-stampa-di-gianni-santomaso\/embed\/#?secret=vavjjWrbNH\" data-secret=\"vavjjWrbNH\" width=\"600\" height=\"338\" frameborder=\"0\" marginwidth=\"0\" marginheight=\"0\" scrolling=\"no\"><\/iframe><\/p>\n<div class=\"b654a4as d2edcug0\"><\/div>\n<\/div>\n<p>&nbsp;<\/p>\n<hr \/>\n<div dir=\"auto\"><\/div>\n<p>&nbsp;<\/p>\n<div dir=\"auto\">\n<blockquote>\n<h3>SALUTE E SOCIETA&#8217; IL LUNEDI ALLE 13.10 E ALLE 20.10, LA DOMENICA ALLE 10.30 A CURA DEL DOTTOR MARCO CARACCIOLO. QUINTA STAGIONE<\/h3>\n<\/blockquote>\n<p><strong><a href=\"https:\/\/www.radiopiu.net\/wordpress\/tumore-ovarico-manteniamoci-informate\/whatsapp-image-2021-06-28-at-09-40-27\/\" rel=\"attachment wp-att-218600\"><img loading=\"lazy\" decoding=\"async\" class=\"size-medium wp-image-218600 alignleft\" src=\"https:\/\/www.radiopiu.net\/wordpress\/wp-content\/uploads\/2021\/06\/WhatsApp-Image-2021-06-28-at-09.40.27-300x169.jpeg\" alt=\"\" width=\"300\" height=\"169\" srcset=\"https:\/\/www.radiopiu.net\/wordpress\/wp-content\/uploads\/2021\/06\/WhatsApp-Image-2021-06-28-at-09.40.27-300x169.jpeg 300w, https:\/\/www.radiopiu.net\/wordpress\/wp-content\/uploads\/2021\/06\/WhatsApp-Image-2021-06-28-at-09.40.27-1024x576.jpeg 1024w, https:\/\/www.radiopiu.net\/wordpress\/wp-content\/uploads\/2021\/06\/WhatsApp-Image-2021-06-28-at-09.40.27-768x432.jpeg 768w, https:\/\/www.radiopiu.net\/wordpress\/wp-content\/uploads\/2021\/06\/WhatsApp-Image-2021-06-28-at-09.40.27.jpeg 1280w\" sizes=\"auto, (max-width: 300px) 100vw, 300px\" \/><\/a>LA PUNTATA DELLA SETTIMANA del 21 GIUGNO<\/strong><\/p>\n<p>Per assistere in maniera ottimale i pazienti \u00e8 necessario costruire dei percorsi assistenziali condivisi tra tutti gli specialisti che ruotano intorno a una determinata patologia. \u00c8 importante abbandonare l\u2019autoreferenzialit\u00e0 e attivare la collaborazione tra le diverse figure sanitarie. Fabio Cartabellotta, Direttore Dipartimento di Medicina dell\u2019Ospedale Buccheri la Ferla FBF di Palermo, Nicol\u00f2 Borsellino, Direttore UOC di Oncologia Medica Ospedale Buccheri La Ferla FBF di Palermo, Salvatore Corrao, professore associato presso l\u2019Universit\u00e0 di Palermo; direttore U.O.C. di Medicina interna \u2013 Arnas Civico Palermo<\/p>\n<audio class=\"wp-audio-shortcode\" id=\"audio-219246-23\" preload=\"none\" style=\"width: 100%;\" controls=\"controls\"><source type=\"audio\/mpeg\" src=\"https:\/\/www.radiopiu.net\/wordpress\/wp-content\/uploads\/2021\/06\/SALUTE-3.mp3?_=23\" \/><a href=\"https:\/\/www.radiopiu.net\/wordpress\/wp-content\/uploads\/2021\/06\/SALUTE-3.mp3\">https:\/\/www.radiopiu.net\/wordpress\/wp-content\/uploads\/2021\/06\/SALUTE-3.mp3<\/a><\/audio>\n<p>&nbsp;<\/p>\n<blockquote class=\"wp-embedded-content\" data-secret=\"Y5zc6aeSdK\"><p><a href=\"https:\/\/www.radiopiu.net\/wordpress\/saluteesocieta\/\">Salute e Societ\u00e0<\/a><\/p><\/blockquote>\n<p><iframe loading=\"lazy\" class=\"wp-embedded-content\" sandbox=\"allow-scripts\" security=\"restricted\" style=\"position: absolute; clip: rect(1px, 1px, 1px, 1px);\" title=\"&#8220;Salute e Societ\u00e0&#8221; &#8212; Radio Pi\u00f9\" src=\"https:\/\/www.radiopiu.net\/wordpress\/saluteesocieta\/embed\/#?secret=Y5zc6aeSdK\" data-secret=\"Y5zc6aeSdK\" width=\"600\" height=\"338\" frameborder=\"0\" marginwidth=\"0\" marginheight=\"0\" scrolling=\"no\"><\/iframe><\/p>\n<\/div>\n<div dir=\"auto\">\n<h1><\/h1>\n<\/div>\n<div>\n<div class=\"page-title-head hgroup\">\n<div class=\"page-title-head hgroup\">\n<div class=\"page-title-head hgroup\">\n<div>\n<div class=\"b654a4as d2edcug0\">\n<div class=\"rq0escxv hkbzh7o3 jwdofwj8 n8tt0mok r8blr3vg hyh9befq\">\n<hr \/>\n<\/div>\n<\/div>\n<\/div>\n<div>\n<div class=\"page-title-head hgroup\">\n<div class=\"page-title-head hgroup\">\n<div>\n<div class=\"b654a4as d2edcug0\">\n<p>&nbsp;<\/p>\n<blockquote>\n<h3><img loading=\"lazy\" decoding=\"async\" class=\"alignleft\" src=\"https:\/\/www.radiopiu.net\/wordpress\/wp-content\/uploads\/2021\/06\/fresh-flower-leaves-saffron-white-background-place-your-text-use-saffron-spice-cooking-cosmetology_347372-394.jpeg\" width=\"141\" height=\"94\" \/>L&#8217;ALMANACCO LADINO CON L&#8217;ISTITUT CESA DE JAN QUINDICINALE APPUNTAMENTO. LA DOMENICA ALLE 9 IL LUNEDI ALLE 8.35 IL MARTEDI ALLE 12.35 IL MERCOLEDI ALLE 18.35. SECONDA STAGIONE.<\/h3>\n<\/blockquote>\n<p><strong>RACCOLTA COMPLETA\u00a0<\/strong><\/p>\n<blockquote class=\"wp-embedded-content\" data-secret=\"rTnu6mE8l1\"><p><a href=\"https:\/\/www.radiopiu.net\/wordpress\/almanacco-ladino\/\">Almanacco Ladino<\/a><\/p><\/blockquote>\n<p><iframe loading=\"lazy\" class=\"wp-embedded-content\" sandbox=\"allow-scripts\" security=\"restricted\" style=\"position: absolute; clip: rect(1px, 1px, 1px, 1px);\" title=\"&#8220;Almanacco Ladino&#8221; &#8212; Radio Pi\u00f9\" src=\"https:\/\/www.radiopiu.net\/wordpress\/almanacco-ladino\/embed\/#?secret=rTnu6mE8l1\" data-secret=\"rTnu6mE8l1\" width=\"600\" height=\"338\" frameborder=\"0\" marginwidth=\"0\" marginheight=\"0\" scrolling=\"no\"><\/iframe><\/p>\n<div dir=\"auto\"><\/div>\n<\/div>\n<div>\n<p>&nbsp;<\/p>\n<hr \/>\n<h2><span style=\"color: #808000;\">\u00a0<\/span><\/h2>\n<h2><span style=\"color: #808000;\">DUE MINUTI UN LIBRO\u00a0 TUTTI I GIORNI ALLA RADIO ALLE 9.30 E ALLE 18. QUINTA STAGIONE\u00a0<\/span><\/h2>\n<p>&nbsp;<\/p>\n<p>&nbsp;<\/p>\n<blockquote class=\"wp-embedded-content\" data-secret=\"vciUA8cUJe\"><p><a href=\"https:\/\/www.radiopiu.net\/wordpress\/due-minuti-un-libro\/\">Due minuti un libro<\/a><\/p><\/blockquote>\n<p><iframe loading=\"lazy\" class=\"wp-embedded-content\" sandbox=\"allow-scripts\" security=\"restricted\" style=\"position: absolute; clip: rect(1px, 1px, 1px, 1px);\" title=\"&#8220;Due minuti un libro&#8221; &#8212; Radio Pi\u00f9\" src=\"https:\/\/www.radiopiu.net\/wordpress\/due-minuti-un-libro\/embed\/#?secret=vciUA8cUJe\" data-secret=\"vciUA8cUJe\" width=\"600\" height=\"338\" frameborder=\"0\" marginwidth=\"0\" marginheight=\"0\" scrolling=\"no\"><\/iframe><\/p>\n<p>&nbsp;<\/p>\n<p>&nbsp;<\/p>\n<hr \/>\n<p>\u200b<\/p>\n<div>\n<h2><span style=\"color: #33cccc;\">I RACCONTI DI PAOLO SOPPELSA il lunedi alle 9.30 e 18.30<\/span><\/h2>\n<p><span style=\"color: #0000ff;\">INFORMAZIONE il canale su TELEGRAM informazione di prima mano e in tempo reale. iscriviti ed aiutaci a farlo conoscere\u00a0<\/span><\/p>\n<blockquote class=\"wp-embedded-content\" data-secret=\"AxKOZn5AJV\"><p><a href=\"https:\/\/www.radiopiu.net\/wordpress\/i-racconti-di-paolo-soppelsa-ottantunesima-puntata\/\">I RACCONTI DI PAOLO SOPPELSA OTTANTUNESIMA PUNTATA<\/a><\/p><\/blockquote>\n<p><iframe loading=\"lazy\" class=\"wp-embedded-content\" sandbox=\"allow-scripts\" security=\"restricted\" style=\"position: absolute; clip: rect(1px, 1px, 1px, 1px);\" title=\"&#8220;I RACCONTI DI PAOLO SOPPELSA OTTANTUNESIMA PUNTATA&#8221; &#8212; Radio Pi\u00f9\" src=\"https:\/\/www.radiopiu.net\/wordpress\/i-racconti-di-paolo-soppelsa-ottantunesima-puntata\/embed\/#?secret=AxKOZn5AJV\" data-secret=\"AxKOZn5AJV\" width=\"600\" height=\"338\" frameborder=\"0\" marginwidth=\"0\" marginheight=\"0\" scrolling=\"no\"><\/iframe><\/p>\n<p>&nbsp;<\/p>\n<blockquote class=\"wp-embedded-content\" data-secret=\"4s7oSl0qup\"><p><a href=\"https:\/\/www.radiopiu.net\/wordpress\/i-racconti-di-paolo-soppelsa\/\">I racconti di Paolo Soppelsa<\/a><\/p><\/blockquote>\n<p><iframe loading=\"lazy\" class=\"wp-embedded-content\" sandbox=\"allow-scripts\" security=\"restricted\" style=\"position: absolute; clip: rect(1px, 1px, 1px, 1px);\" title=\"&#8220;I racconti di Paolo Soppelsa&#8221; &#8212; Radio Pi\u00f9\" src=\"https:\/\/www.radiopiu.net\/wordpress\/i-racconti-di-paolo-soppelsa\/embed\/#?secret=4s7oSl0qup\" data-secret=\"4s7oSl0qup\" width=\"600\" height=\"338\" frameborder=\"0\" marginwidth=\"0\" marginheight=\"0\" scrolling=\"no\"><\/iframe><\/p>\n<p>&nbsp;<\/p>\n<\/div>\n<\/div>\n<hr \/>\n<p>&nbsp;<\/p>\n<h2><strong><span style=\"color: #ff0000;\">ALLA RADIO<\/span><\/strong><\/h2>\n<div data-offset-key=\"5n5nl-0-0\">\n<h3>Per ricevere gli aggiornamenti in tempo reale delle notizie pubblicate alla radio e sul sito di radio pi\u00f9 iscriviti al gruppo RADIO PIU INFORMAZIONE su Telegram.\u00a0\u00a0<a href=\"https:\/\/t.me\/radiopiu\">clicca qui<\/a><\/h3>\n<p>&nbsp;<\/p>\n<\/div>\n<blockquote><p><strong><a href=\"https:\/\/www.radiopiu.net\/wordpress\/cassa-solidarieta-luxottica-puntata-del-19-giugno-2020\/cslxo-2\/\" rel=\"attachment wp-att-145244\"><img loading=\"lazy\" decoding=\"async\" class=\"size-medium wp-image-145244 alignleft\" src=\"https:\/\/www.radiopiu.net\/wordpress\/wp-content\/uploads\/2020\/06\/cassa-solidarieta-luxottica-300x148.jpg\" alt=\"\" width=\"300\" height=\"148\" srcset=\"https:\/\/www.radiopiu.net\/wordpress\/wp-content\/uploads\/2020\/06\/cassa-solidarieta-luxottica-300x148.jpg 300w, https:\/\/www.radiopiu.net\/wordpress\/wp-content\/uploads\/2020\/06\/cassa-solidarieta-luxottica-1024x504.jpg 1024w, https:\/\/www.radiopiu.net\/wordpress\/wp-content\/uploads\/2020\/06\/cassa-solidarieta-luxottica-768x378.jpg 768w, https:\/\/www.radiopiu.net\/wordpress\/wp-content\/uploads\/2020\/06\/cassa-solidarieta-luxottica.jpg 1167w\" sizes=\"auto, (max-width: 300px) 100vw, 300px\" \/><\/a>di Claudio Fontanive<\/strong><\/p>\n<p>OSPITI: Paolo Chissal\u00e8 e Fabrizio Campedel<\/p>\n<p>&nbsp;<\/p>\n<p><strong>PUNTATA MAGGIO 2021<\/strong><\/p>\n<audio class=\"wp-audio-shortcode\" id=\"audio-219246-24\" preload=\"none\" style=\"width: 100%;\" controls=\"controls\"><source type=\"audio\/mpeg\" src=\"https:\/\/www.radiopiu.net\/wordpress\/wp-content\/uploads\/2021\/05\/ca-sol-lux-maggio-2021.mp3?_=24\" \/><a href=\"https:\/\/www.radiopiu.net\/wordpress\/wp-content\/uploads\/2021\/05\/ca-sol-lux-maggio-2021.mp3\">https:\/\/www.radiopiu.net\/wordpress\/wp-content\/uploads\/2021\/05\/ca-sol-lux-maggio-2021.mp3<\/a><\/audio>\n<h2>RACCOLTA COMPLETA<\/h2>\n<\/blockquote>\n<blockquote class=\"wp-embedded-content\" data-secret=\"d7Kjgtwy8E\"><p><a href=\"https:\/\/www.radiopiu.net\/wordpress\/cassa-solidarieta-luxottica-puntata-del-16-ottobre-2020\/\">CASSA SOLIDARIET\u00c0 LUXOTTICA &#8211; TUTTE LE PUNTATE<\/a><\/p><\/blockquote>\n<p><iframe loading=\"lazy\" class=\"wp-embedded-content\" sandbox=\"allow-scripts\" security=\"restricted\" style=\"position: absolute; clip: rect(1px, 1px, 1px, 1px);\" title=\"&#8220;CASSA SOLIDARIET\u00c0 LUXOTTICA &#8211; TUTTE LE PUNTATE&#8221; &#8212; Radio Pi\u00f9\" src=\"https:\/\/www.radiopiu.net\/wordpress\/cassa-solidarieta-luxottica-puntata-del-16-ottobre-2020\/embed\/#?secret=d7Kjgtwy8E\" data-secret=\"d7Kjgtwy8E\" width=\"600\" height=\"338\" frameborder=\"0\" marginwidth=\"0\" marginheight=\"0\" scrolling=\"no\"><\/iframe><\/p>\n<div>\n<h2><\/h2>\n<p>&nbsp;<\/p>\n<\/div>\n<hr \/>\n<\/div>\n<blockquote>\n<blockquote>\n<h2><a href=\"https:\/\/www.radiopiu.net\/wordpress\/speciale-solidarieta-veneto\/solidarieta-veneto-3\/\" rel=\"attachment wp-att-134366\">\u00a0<\/a><\/h2>\n<h2><a href=\"https:\/\/www.radiopiu.net\/wordpress\/speciale-solidarieta-veneto\/solidarieta-veneto-3\/\" rel=\"attachment wp-att-134366\"><img loading=\"lazy\" decoding=\"async\" class=\"wp-image-134366 alignleft\" src=\"https:\/\/www.radiopiu.net\/wordpress\/wp-content\/uploads\/2020\/05\/solidariet\u00e0-veneto-300x210.jpg\" alt=\"\" width=\"102\" height=\"71\" srcset=\"https:\/\/www.radiopiu.net\/wordpress\/wp-content\/uploads\/2020\/05\/solidariet\u00e0-veneto-300x210.jpg 300w, https:\/\/www.radiopiu.net\/wordpress\/wp-content\/uploads\/2020\/05\/solidariet\u00e0-veneto-1024x717.jpg 1024w, https:\/\/www.radiopiu.net\/wordpress\/wp-content\/uploads\/2020\/05\/solidariet\u00e0-veneto-768x538.jpg 768w, https:\/\/www.radiopiu.net\/wordpress\/wp-content\/uploads\/2020\/05\/solidariet\u00e0-veneto.jpg 1373w\" sizes=\"auto, (max-width: 102px) 100vw, 102px\" \/><\/a>SOLIDARIETA&#8217; VENETO FONDO PENSIONE, IN ONDA IL PRIMO VENERDI DEL MESE ALLE 10.30 E ALLE 19.00 QUINTA STAGIONE<\/h2>\n<\/blockquote>\n<h2><strong><span style=\"color: #ff0000;\">AUDIO MAGGIO 2021<\/span><\/strong><\/h2>\n<\/blockquote>\n<div>\n<audio class=\"wp-audio-shortcode\" id=\"audio-219246-25\" preload=\"none\" style=\"width: 100%;\" controls=\"controls\"><source type=\"audio\/mpeg\" src=\"https:\/\/www.radiopiu.net\/wordpress\/wp-content\/uploads\/2021\/05\/solidarieta-veneto-maggio-2021.mp3?_=25\" \/><a href=\"https:\/\/www.radiopiu.net\/wordpress\/wp-content\/uploads\/2021\/05\/solidarieta-veneto-maggio-2021.mp3\">https:\/\/www.radiopiu.net\/wordpress\/wp-content\/uploads\/2021\/05\/solidarieta-veneto-maggio-2021.mp3<\/a><\/audio>\n<\/div>\n<h2>LA RACCOLTA COMPLETA<\/h2>\n<blockquote class=\"wp-embedded-content\" data-secret=\"BVemvNF6m7\"><p><a href=\"https:\/\/www.radiopiu.net\/wordpress\/solidarieta-veneto\/\">Solidariet\u00e0 Veneto<\/a><\/p><\/blockquote>\n<p><iframe loading=\"lazy\" class=\"wp-embedded-content\" sandbox=\"allow-scripts\" security=\"restricted\" style=\"position: absolute; clip: rect(1px, 1px, 1px, 1px);\" title=\"&#8220;Solidariet\u00e0 Veneto&#8221; &#8212; Radio Pi\u00f9\" src=\"https:\/\/www.radiopiu.net\/wordpress\/solidarieta-veneto\/embed\/#?secret=BVemvNF6m7\" data-secret=\"BVemvNF6m7\" width=\"600\" height=\"338\" frameborder=\"0\" marginwidth=\"0\" marginheight=\"0\" scrolling=\"no\"><\/iframe><\/p>\n<blockquote>\n<h2><\/h2>\n<h2><\/h2>\n<\/blockquote>\n<div class=\"page-title-head hgroup\">\n<div>\n<div class=\"b654a4as d2edcug0\">\n<div dir=\"auto\">\n<hr \/>\n<p>&nbsp;<\/p>\n<div>\n<h2><span style=\"color: #ff0000;\">LEGGERMENTE BELLUNESI CON LUISA ALCHINI la raccolta completa<\/span><\/h2>\n<\/div>\n<div>\n<blockquote class=\"wp-embedded-content\" data-secret=\"7UWhLIxZNF\"><p><a href=\"https:\/\/www.radiopiu.net\/wordpress\/leggermente-20\/\">LEGGERmente&#8230;Bellunesi<\/a><\/p><\/blockquote>\n<p><iframe loading=\"lazy\" class=\"wp-embedded-content\" sandbox=\"allow-scripts\" security=\"restricted\" style=\"position: absolute; clip: rect(1px, 1px, 1px, 1px);\" title=\"&#8220;LEGGERmente&#8230;Bellunesi&#8221; &#8212; Radio Pi\u00f9\" src=\"https:\/\/www.radiopiu.net\/wordpress\/leggermente-20\/embed\/#?secret=7UWhLIxZNF\" data-secret=\"7UWhLIxZNF\" width=\"600\" height=\"338\" frameborder=\"0\" marginwidth=\"0\" marginheight=\"0\" scrolling=\"no\"><\/iframe><\/p>\n<\/div>\n<\/div>\n<p>&nbsp;<\/p>\n<hr \/>\n<p>&nbsp;<\/p>\n<h2><span style=\"color: #ff0000;\">GOCCE DI FILOSOFIA, CON CHIARA CAU, CON LISA DE LUCA la raccolta completa<\/span><\/h2>\n<blockquote class=\"wp-embedded-content\" data-secret=\"SRlhQBjM2N\"><p><a href=\"https:\/\/www.radiopiu.net\/wordpress\/gocce-filosofia\/\">Gocce di filosofia<\/a><\/p><\/blockquote>\n<p><iframe loading=\"lazy\" class=\"wp-embedded-content\" sandbox=\"allow-scripts\" security=\"restricted\" style=\"position: absolute; clip: rect(1px, 1px, 1px, 1px);\" title=\"&#8220;Gocce di filosofia&#8221; &#8212; Radio Pi\u00f9\" src=\"https:\/\/www.radiopiu.net\/wordpress\/gocce-filosofia\/embed\/#?secret=SRlhQBjM2N\" data-secret=\"SRlhQBjM2N\" width=\"600\" height=\"338\" frameborder=\"0\" marginwidth=\"0\" marginheight=\"0\" scrolling=\"no\"><\/iframe><\/p>\n<p>&nbsp;<\/p>\n<p>&nbsp;<\/p>\n<hr \/>\n<\/div>\n<\/div>\n<p>&nbsp;<\/p>\n<p><a href=\"https:\/\/www.radiopiu.net\/wordpress\/giornale-radiopiu-26-settembre-2018-direttore-mirko-mezzacasa\/viabilita-2\/\" rel=\"attachment wp-att-61954\"><img loading=\"lazy\" decoding=\"async\" class=\"wp-image-61954 size-full aligncenter\" src=\"https:\/\/www.radiopiu.net\/wordpress\/wp-content\/uploads\/2018\/09\/viabilita.jpeg\" alt=\"\" width=\"800\" height=\"100\" srcset=\"https:\/\/www.radiopiu.net\/wordpress\/wp-content\/uploads\/2018\/09\/viabilita.jpeg 800w, https:\/\/www.radiopiu.net\/wordpress\/wp-content\/uploads\/2018\/09\/viabilita-300x38.jpeg 300w, https:\/\/www.radiopiu.net\/wordpress\/wp-content\/uploads\/2018\/09\/viabilita-768x96.jpeg 768w\" sizes=\"auto, (max-width: 800px) 100vw, 800px\" \/><\/a><\/p>\n<blockquote><p>&nbsp;<\/p><\/blockquote>\n<\/div>\n<\/div>\n<\/div>\n<\/div>\n<\/div>\n<\/div>\n<\/div>\n<\/div>\n<div><\/div>\n<div>\n<div>\n<div>\n<div>\n<div class=\"page-title-head hgroup\">\n<div class=\"page-title-head hgroup\">\n<div class=\"page-title-head hgroup\">\n<div>\n<div>\n<div class=\"page-title-head hgroup\">\n<div class=\"page-title-head hgroup\">\n<div class=\"page-title-head hgroup\">\n<blockquote><p><a href=\"https:\/\/www.radiopiu.net\/wordpress\/giornale-radiopiu-09-agosto-2018-direttore-mirko-mezzacasa\/viabilia\/\" rel=\"attachment wp-att-57053\"><img loading=\"lazy\" decoding=\"async\" class=\" wp-image-57053 alignleft\" src=\"https:\/\/www.radiopiu.net\/wordpress\/wp-content\/uploads\/2018\/08\/VIABILIA-300x180.jpeg\" alt=\"\" width=\"220\" height=\"132\" srcset=\"https:\/\/www.radiopiu.net\/wordpress\/wp-content\/uploads\/2018\/08\/VIABILIA-300x180.jpeg 300w, https:\/\/www.radiopiu.net\/wordpress\/wp-content\/uploads\/2018\/08\/VIABILIA-768x461.jpeg 768w, https:\/\/www.radiopiu.net\/wordpress\/wp-content\/uploads\/2018\/08\/VIABILIA-1024x614.jpeg 1024w, https:\/\/www.radiopiu.net\/wordpress\/wp-content\/uploads\/2018\/08\/VIABILIA.jpeg 1280w\" sizes=\"auto, (max-width: 220px) 100vw, 220px\" \/><\/a>La viabilit\u00e0 con gli ultimi aggiornamenti<\/p><\/blockquote>\n<\/div>\n<\/div>\n<\/div>\n<\/div>\n<\/div>\n<\/div>\n<\/div>\n<\/div>\n<\/div>\n<\/div>\n<\/div>\n<div><\/div>\n<div><\/div>\n<div>\n<div>\n<div class=\"page-title-head hgroup\">\n<p>&nbsp;<\/p>\n<audio class=\"wp-audio-shortcode\" id=\"audio-219246-26\" preload=\"none\" style=\"width: 100%;\" controls=\"controls\"><source type=\"audio\/mpeg\" src=\"https:\/\/www.radiopiu.net\/wordpress\/wp-content\/uploads\/2021\/06\/VIABILITA-7.mp3?_=26\" \/><a href=\"https:\/\/www.radiopiu.net\/wordpress\/wp-content\/uploads\/2021\/06\/VIABILITA-7.mp3\">https:\/\/www.radiopiu.net\/wordpress\/wp-content\/uploads\/2021\/06\/VIABILITA-7.mp3<\/a><\/audio>\n<p>&nbsp;<\/p>\n<p><a href=\"https:\/\/www.radiopiu.net\/wordpress\/giornale-radiopiu-28-giugno-2021-direttore-mirko-mezzacasa\/44ac2ed7-01a2-4a37-9944-8e01b4842246\/\" rel=\"attachment wp-att-218441\"><img loading=\"lazy\" decoding=\"async\" class=\"alignnone wp-image-218441 size-full\" src=\"https:\/\/www.radiopiu.net\/wordpress\/wp-content\/uploads\/2021\/06\/44ac2ed7-01a2-4a37-9944-8e01b4842246.jpg\" alt=\"\" width=\"800\" height=\"497\" srcset=\"https:\/\/www.radiopiu.net\/wordpress\/wp-content\/uploads\/2021\/06\/44ac2ed7-01a2-4a37-9944-8e01b4842246.jpg 800w, https:\/\/www.radiopiu.net\/wordpress\/wp-content\/uploads\/2021\/06\/44ac2ed7-01a2-4a37-9944-8e01b4842246-300x186.jpg 300w, https:\/\/www.radiopiu.net\/wordpress\/wp-content\/uploads\/2021\/06\/44ac2ed7-01a2-4a37-9944-8e01b4842246-768x477.jpg 768w\" sizes=\"auto, (max-width: 800px) 100vw, 800px\" \/><\/a><\/p>\n<p>&nbsp;<\/p>\n<hr \/>\n<p>&nbsp;<\/p>\n<\/div>\n<\/div>\n<\/div>\n<\/div>\n<div>\n<div class=\"page-title-head hgroup\" style=\"text-align: left;\">\n<div class=\"page-title-head hgroup\">\n<div dir=\"auto\">\n<p><a class=\"dt-pswp-item pspw-wrap-ready\" href=\"https:\/\/i0.wp.com\/www.radiopiu.net\/wordpress\/wp-content\/uploads\/2018\/09\/WhatsApp-Image-2018-09-20-at-16.04.06.jpeg?ssl=1\" data-dt-img-description=\"\" data-large_image_width=\"800\" data-large_image_height=\"100\"><img loading=\"lazy\" decoding=\"async\" class=\"aligncenter wp-image-61378 size-full jetpack-lazy-image jetpack-lazy-image--handled\" src=\"https:\/\/i0.wp.com\/www.radiopiu.net\/wordpress\/wp-content\/uploads\/2018\/09\/WhatsApp-Image-2018-09-20-at-16.04.06.jpeg?resize=800%2C100&amp;ssl=1\" sizes=\"auto, (max-width: 800px) 100vw, 800px\" srcset=\"https:\/\/i0.wp.com\/www.radiopiu.net\/wordpress\/wp-content\/uploads\/2018\/09\/WhatsApp-Image-2018-09-20-at-16.04.06.jpeg?w=800&amp;ssl=1 800w, https:\/\/i0.wp.com\/www.radiopiu.net\/wordpress\/wp-content\/uploads\/2018\/09\/WhatsApp-Image-2018-09-20-at-16.04.06.jpeg?resize=300%2C38&amp;ssl=1 300w, https:\/\/i0.wp.com\/www.radiopiu.net\/wordpress\/wp-content\/uploads\/2018\/09\/WhatsApp-Image-2018-09-20-at-16.04.06.jpeg?resize=768%2C96&amp;ssl=1 768w\" alt=\"\" width=\"800\" height=\"100\" data-lazy-loaded=\"1\" \/><\/a><\/p>\n<div style=\"text-align: left;\"><center><\/center><center>\u00a0<\/center><\/div>\n<\/div>\n<\/div>\n<p>&nbsp;<\/p>\n<div class=\"page-title-head hgroup\">\n<div dir=\"auto\">\n<div style=\"text-align: left;\">\n<div><center><b>Venerdi 2<\/b><\/center><b>Tempo atteso: <\/b>Giornata in prevalenza soleggiata, con cielo poco nuvoloso, per banchi di nubi medio\/alte e modesti cumuli, salvo qualche breve addensamento pomeridiano.<br \/>\n<b>Precipitazioni: <\/b>Al mattino assenti (0%), nel pomeriggio non escluso qualche locale rovescio (20%)<br \/>\n<b>Temperature: <\/b>Minime stazionarie, massime in lieve aumento. Su Prealpi a 1500 m min 10\u00b0C, max 14\u00b0C m, a 2000 m min 6\u00b0C, max 11\u00b0C, su Dolomiti a 2000 m min 5\u00b0C, max 14\u00b0C, a 3000 m -1\u00b0C, max 2\u00b0C<br \/>\n<b>Venti: <\/b>Nelle valli deboli o moderati per brezze: in quota deboli o moderati da nord-ovest, 5-15 km\/h a 2000 m, 15-25 km\/h a 3000 m<\/p>\n<hr \/>\n<p><center><b>Sabato 3<\/b><\/center><b>Tempo atteso: <\/b>Al mattino cielo poco nuvoloso, nel pomeriggio\/sera graduale aumento ed intensificazione della nuvolosit\u00e0 medio\/alta da ovest, con possibili primi fenomeni in tarda serata, prima del peggioramento notturno.<br \/>\n<b>Precipitazioni: <\/b>Al mattino assenti (0%), nel pomeriggio generalmente assenti (10%), alla sera probabilit\u00e0 in aumento ad iniziare da ovest, fino a media (40-60%) in tarda serata<br \/>\n<b>Temperature: <\/b>Senza grosse variazioni. Su Prealpi a 1500 m min 11\u00b0C, max 15\u00b0C m, a 2000 m min 7\u00b0C, max 12\u00b0C, su Dolomiti a 2000 m min 7\u00b0C, max 16\u00b0C, a 3000 m 1\u00b0C, max 4\u00b0C<br \/>\n<b>Venti: <\/b>Nelle valli deboli o moderati a regime di brezza: in quota deboli o al piu&#8217; moderati da ovest nord-ovest, 5-15 km\/h sia a 2000 che a 3000 m<\/p>\n<hr \/>\n<p><center><b>Domenica 4<\/b><\/center>Dopo il peggioramento notturno, con precipitazioni anche temporalesche, i fenomeni potrebbero continuare anche al mattino o riprendere dopo una pausa, specie sulle Dolomiti, in un contesto di cielo nuvoloso, salvo qualche schiarita. Molte nubi anche nel pomeriggio, con nuovi piovaschi. Temperature minime in aumento, massime stazionarie. Venti in quota moderati o tesi da ovest sud-ovest al primo mattino, poi in attenuazione e rotazione a ovest.<\/p>\n<hr \/>\n<p><center><b>Lunedi 5<\/b><\/center>Dopo le possibili, nuove piogge notturne, la giornata risulter\u00e0 variabile, con nuvolosit\u00e0 per\u00f2 che tender\u00e0 a diminuire e basso rischio di precipitazioni. Previsore: B.R.<\/p>\n<\/div>\n<\/div>\n<\/div>\n<\/div>\n<\/div>\n<\/div>\n<\/div>\n<\/div>\n<\/div>\n<\/div>\n<div>\n<div><\/div>\n<div><\/div>\n<hr \/>\n<\/div>\n<p>&nbsp;<\/p>\n<p><a href=\"https:\/\/www.radiopiu.net\/wordpress\/giornale-radiopiu-15-settembre-2018-direttore-mirko-mezzacasa\/sport-7\/\" rel=\"attachment wp-att-60761\"><img loading=\"lazy\" decoding=\"async\" class=\"aligncenter wp-image-60761 size-full\" src=\"https:\/\/www.radiopiu.net\/wordpress\/wp-content\/uploads\/2018\/09\/sport.jpg\" alt=\"\" width=\"800\" height=\"100\" srcset=\"https:\/\/www.radiopiu.net\/wordpress\/wp-content\/uploads\/2018\/09\/sport.jpg 800w, https:\/\/www.radiopiu.net\/wordpress\/wp-content\/uploads\/2018\/09\/sport-300x38.jpg 300w, https:\/\/www.radiopiu.net\/wordpress\/wp-content\/uploads\/2018\/09\/sport-768x96.jpg 768w\" sizes=\"auto, (max-width: 800px) 100vw, 800px\" \/><\/a><\/p>\n<p>&nbsp;<\/p>\n<blockquote>\n<h2><span style=\"color: #000000;\">L&#8217;ATTIVITA&#8217; DELL&#8217;ASD SKATING CLUB AD AGORDO MA NON SOLO<\/span><\/h2>\n<\/blockquote>\n<p><strong>AGORDO<\/strong> L&#8217;ASD Skating Club continua la sua attivit\u00e0 dopo l&#8217;emergenza Covid-19. Sono ricominciati gli allenamenti e anche le gare. Il pattinaggio a rotelle, uno sport che non \u00e8 molto conosciuto ma negli ultimi anni ha creato curiosit\u00e0 tra i pi\u00f9 giovani che hanno iniziato a praticarlo al PalaRova di Agordo.<\/p>\n<p><strong>L&#8217;INTERVISTA A DARIO MEZZACASA DELL&#8217;ASD SKATING CLUB<\/strong><\/p>\n<audio class=\"wp-audio-shortcode\" id=\"audio-219246-27\" preload=\"none\" style=\"width: 100%;\" controls=\"controls\"><source type=\"audio\/mpeg\" src=\"https:\/\/www.radiopiu.net\/wordpress\/wp-content\/uploads\/2021\/06\/DARIO-MEZZACASA-PATTINAGGIO-ROTELLE.mp3?_=27\" \/><a href=\"https:\/\/www.radiopiu.net\/wordpress\/wp-content\/uploads\/2021\/06\/DARIO-MEZZACASA-PATTINAGGIO-ROTELLE.mp3\">https:\/\/www.radiopiu.net\/wordpress\/wp-content\/uploads\/2021\/06\/DARIO-MEZZACASA-PATTINAGGIO-ROTELLE.mp3<\/a><\/audio>\n<p>&nbsp;<\/p>\n\n\t\t\t<style type='text\/css'>\n\t\t\t\t#gallery-4 {\n\t\t\t\t\tmargin: auto;\n\t\t\t\t}\n\t\t\t\t#gallery-4 .gallery-item {\n\t\t\t\t\tfloat: left;\n\t\t\t\t\tmargin-top: 10px;\n\t\t\t\t\ttext-align: center;\n\t\t\t\t\twidth: 33%;\n\t\t\t\t}\n\t\t\t\t#gallery-4 img {\n\t\t\t\t\tborder: 2px solid #cfcfcf;\n\t\t\t\t}\n\t\t\t\t#gallery-4 .gallery-caption {\n\t\t\t\t\tmargin-left: 0;\n\t\t\t\t}\n\t\t\t\t\/* see gallery_shortcode() in wp-includes\/media.php *\/\n\t\t\t<\/style>\n\t\t<div id='gallery-4' class='dt-gallery-container gallery galleryid-219246 gallery-columns-3 gallery-size-medium'><dl class='gallery-item'>\n\t\t\t\t<dt class='gallery-icon landscape'>\n\t\t\t\t\t<a class=\"rollover rollover-zoom dt-pswp-item\" title=\"IMG-20210623-WA0000\" data-dt-img-description=\"\" data-large_image_width=\"1440\" data-large_image_height=\"1440\"href='https:\/\/www.radiopiu.net\/wordpress\/wp-content\/uploads\/2021\/06\/IMG-20210623-WA0000.jpg'><img loading=\"lazy\" decoding=\"async\" width=\"300\" height=\"300\" src=\"https:\/\/www.radiopiu.net\/wordpress\/wp-content\/uploads\/2021\/06\/IMG-20210623-WA0000-300x300.jpg\" class=\"attachment-medium size-medium\" alt=\"\" srcset=\"https:\/\/www.radiopiu.net\/wordpress\/wp-content\/uploads\/2021\/06\/IMG-20210623-WA0000-300x300.jpg 300w, https:\/\/www.radiopiu.net\/wordpress\/wp-content\/uploads\/2021\/06\/IMG-20210623-WA0000-1024x1024.jpg 1024w, https:\/\/www.radiopiu.net\/wordpress\/wp-content\/uploads\/2021\/06\/IMG-20210623-WA0000-150x150.jpg 150w, https:\/\/www.radiopiu.net\/wordpress\/wp-content\/uploads\/2021\/06\/IMG-20210623-WA0000-768x768.jpg 768w, https:\/\/www.radiopiu.net\/wordpress\/wp-content\/uploads\/2021\/06\/IMG-20210623-WA0000.jpg 1440w\" sizes=\"auto, (max-width: 300px) 100vw, 300px\" \/><\/a>\n\t\t\t\t<\/dt><\/dl><dl class='gallery-item'>\n\t\t\t\t<dt class='gallery-icon landscape'>\n\t\t\t\t\t<a class=\"rollover rollover-zoom dt-pswp-item\" title=\"IMG-20210623-WA0001\" data-dt-img-description=\"\" data-large_image_width=\"932\" data-large_image_height=\"730\"href='https:\/\/www.radiopiu.net\/wordpress\/wp-content\/uploads\/2021\/06\/IMG-20210623-WA0001.jpg'><img loading=\"lazy\" decoding=\"async\" width=\"300\" height=\"235\" src=\"https:\/\/www.radiopiu.net\/wordpress\/wp-content\/uploads\/2021\/06\/IMG-20210623-WA0001-300x235.jpg\" class=\"attachment-medium size-medium\" alt=\"\" srcset=\"https:\/\/www.radiopiu.net\/wordpress\/wp-content\/uploads\/2021\/06\/IMG-20210623-WA0001-300x235.jpg 300w, https:\/\/www.radiopiu.net\/wordpress\/wp-content\/uploads\/2021\/06\/IMG-20210623-WA0001-768x602.jpg 768w, https:\/\/www.radiopiu.net\/wordpress\/wp-content\/uploads\/2021\/06\/IMG-20210623-WA0001.jpg 932w\" sizes=\"auto, (max-width: 300px) 100vw, 300px\" \/><\/a>\n\t\t\t\t<\/dt><\/dl><dl class='gallery-item'>\n\t\t\t\t<dt class='gallery-icon landscape'>\n\t\t\t\t\t<a class=\"rollover rollover-zoom dt-pswp-item\" title=\"IMG-20210623-WA0002\" data-dt-img-description=\"\" data-large_image_width=\"1080\" data-large_image_height=\"1080\"href='https:\/\/www.radiopiu.net\/wordpress\/wp-content\/uploads\/2021\/06\/IMG-20210623-WA0002.jpg'><img loading=\"lazy\" decoding=\"async\" width=\"300\" height=\"300\" src=\"https:\/\/www.radiopiu.net\/wordpress\/wp-content\/uploads\/2021\/06\/IMG-20210623-WA0002-300x300.jpg\" class=\"attachment-medium size-medium\" alt=\"\" srcset=\"https:\/\/www.radiopiu.net\/wordpress\/wp-content\/uploads\/2021\/06\/IMG-20210623-WA0002-300x300.jpg 300w, https:\/\/www.radiopiu.net\/wordpress\/wp-content\/uploads\/2021\/06\/IMG-20210623-WA0002-1024x1024.jpg 1024w, https:\/\/www.radiopiu.net\/wordpress\/wp-content\/uploads\/2021\/06\/IMG-20210623-WA0002-150x150.jpg 150w, https:\/\/www.radiopiu.net\/wordpress\/wp-content\/uploads\/2021\/06\/IMG-20210623-WA0002-768x768.jpg 768w, https:\/\/www.radiopiu.net\/wordpress\/wp-content\/uploads\/2021\/06\/IMG-20210623-WA0002.jpg 1080w\" sizes=\"auto, (max-width: 300px) 100vw, 300px\" \/><\/a>\n\t\t\t\t<\/dt><\/dl><br style=\"clear: both\" \/>\n\t\t\t<\/div>\n\n<hr \/>\n<p>&nbsp;<\/p>\n<blockquote>\n<h3>47^ ALPE DEL NEVEGAL SEMPRE PIU&#8217; INTERNAZIONALE di ROBERTO BONA<\/h3>\n<\/blockquote>\n<p><strong><img loading=\"lazy\" decoding=\"async\" class=\"alignleft\" src=\"https:\/\/www.radiopiu.net\/wordpress\/wp-content\/uploads\/2021\/07\/ChristianMerli-FotoFlavioCasoni.jpg\" width=\"309\" height=\"206\" \/>BELLUNO<\/strong><\/p>\n<audio class=\"wp-audio-shortcode\" id=\"audio-219246-28\" preload=\"none\" style=\"width: 100%;\" controls=\"controls\"><source type=\"audio\/mpeg\" src=\"https:\/\/www.radiopiu.net\/wordpress\/wp-content\/uploads\/2021\/07\/roberto.mp3?_=28\" \/><a href=\"https:\/\/www.radiopiu.net\/wordpress\/wp-content\/uploads\/2021\/07\/roberto.mp3\">https:\/\/www.radiopiu.net\/wordpress\/wp-content\/uploads\/2021\/07\/roberto.mp3<\/a><\/audio>\n<p>&nbsp;<\/p>\n<hr \/>\n<blockquote>\n<h2 dir=\"ltr\">Corso estivo di qualificazione ad Arbitro Effettivo della Federazione Italiana Giuoco Calcio<\/h2>\n<\/blockquote>\n<p dir=\"ltr\"><a href=\"https:\/\/www.radiopiu.net\/wordpress\/un-parcheggio-da-120-mila-euro-a-servizio-del-campo-di-calcio-ivano-dorigo-da-veneto-strade-un-bonus-di-40-mila-euro-per-gli-asfalti\/campo-calcio-agordo2\/\" rel=\"attachment wp-att-141279\"><img loading=\"lazy\" decoding=\"async\" class=\"size-full wp-image-141279 alignleft\" src=\"https:\/\/www.radiopiu.net\/wordpress\/wp-content\/uploads\/2020\/05\/CAMPO-CALCIO-AGORDO2.jpg\" alt=\"\" width=\"275\" height=\"183\" \/><\/a>Si terr\u00e0 sabato\u00a0 \u00a0alle 17\u00a0 la presentazione del nuovo corso arbitri estivo organizzato dalla Sezione A.I.A. di Belluno. La presentazione si terr\u00e0 online attraverso la piattaforma meet cliccando il seguente link: <a href=\"https:\/\/meet.google.com\/pnk-ecdr-pwd\" target=\"_blank\" rel=\"noopener noreferrer\">https:\/\/meet.google.com\/pnk-ecdr-pwd<\/a> .\u00a0 Il corso sar\u00e0 organizzato nei mesi estivi e terminer\u00e0 a settembre, permettendo cos\u00ec di entrare subito nel vivo del Campionato e nei terreni di gioco di tutta la nostra Provincia. \u00c8 composto da 14 lezioni, che si terranno online e con cadenza settimanale, pi\u00f9 2 incontri in presenza nel rispetto di tutte le normative sanitarie in vigore. Il corso e il materiale didattico messi a disposizione sono totalmente gratuiti. Una volta superato l\u2019esame finale i neo-arbitri avranno diritto al possesso della tessera F.I.G.C. con la quale potranno accedere gratuitamente in tutti gli stadi italiani, saranno dotati gratuitamente di divisa, taccuino e fischietto e avranno diritto ad un congruo rimborso spese per ogni gara diretta. Novit\u00e0: il doppio tesseramento,\u00a0 consiste nella possibilit\u00e0 per ragazze e ragazzi fino ai 17 anni di essere tesserati sia per l\u2019A.I.A. sia per societ\u00e0 della L.N.D. o del Settore Giovanile e Scolastico. Il doppio tesseramento arbitro-calciatore permetter\u00e0 a questi giovani associati di dirigere partite di calcio nei gironi nei quali non \u00e8 ovviamente presente la propria societ\u00e0.<\/p>\n<blockquote>\n<p dir=\"ltr\"><em>Info: Daniele Sbardella\u00a0 3463274940\u00a0 mail <a href=\"mailto:sbardi1993@hotmail.it\" target=\"_blank\" rel=\"noopener noreferrer\">sbardi1993@hotmail.it<\/a>,\u00a0 Marco Cruder\u00a0 3385091422\u00a0 mail <a href=\"mailto:pres.belluno@aia-figc.it\" target=\"_blank\" rel=\"noopener noreferrer\">pres.belluno@aia-figc.it<\/a>,\u00a0<\/em><\/p>\n<p dir=\"ltr\">\n<\/blockquote>\n<hr \/>\n<p>&nbsp;<\/p>\n<blockquote class=\"wp-embedded-content\" data-secret=\"cPqeVr2hy6\"><p><a href=\"https:\/\/www.radiopiu.net\/wordpress\/agordo-hockey-2005-le-nostre-campionesse-in-una-pagina-di-storia-indimenticabile\/\">AGORDO HOCKEY 2005, LE NOSTRE CAMPIONESSE IN UNA PAGINA DI STORIA INDIMENTICABILE<\/a><\/p><\/blockquote>\n<p><iframe loading=\"lazy\" class=\"wp-embedded-content\" sandbox=\"allow-scripts\" security=\"restricted\" style=\"position: absolute; clip: rect(1px, 1px, 1px, 1px);\" title=\"&#8220;AGORDO HOCKEY 2005, LE NOSTRE CAMPIONESSE IN UNA PAGINA DI STORIA INDIMENTICABILE&#8221; &#8212; Radio Pi\u00f9\" src=\"https:\/\/www.radiopiu.net\/wordpress\/agordo-hockey-2005-le-nostre-campionesse-in-una-pagina-di-storia-indimenticabile\/embed\/#?secret=cPqeVr2hy6\" data-secret=\"cPqeVr2hy6\" width=\"600\" height=\"338\" frameborder=\"0\" marginwidth=\"0\" marginheight=\"0\" scrolling=\"no\"><\/iframe><\/p>\n<p>&nbsp;<\/p>\n<p>&nbsp;<\/p>\n<p>&nbsp;<\/p>\n","protected":false},"excerpt":{"rendered":"<p>PER\u00a0RICEVERE QUESTO NOTIZIARIO DIRETTAMENTE SUL TUO CELLULARE ISCRIVITI AL CANALE TELEGRAM\u00a0\u201cRADIO PIU\u00a0 INFORMAZIONE\u201d\u00a0 FUSIONE DI COMUNI? IL DIBATTITO E&#8217; APERTO &nbsp; &nbsp; &nbsp; ASCOLTA RADIO PIU&#8217; ANCHE SUI TUOI DEVICE DI CASA MARCHIATI AMAZON ECHO O GOOGLE NEST&#8230;BASTA CHIEDERE!! DEVICE AMAZON: &#8220;Alexa, fammi ascoltare Radio Pi\u00f9&#8221; DEVICE GOOGLE: &#8220;Hey Google, fammi ascoltare Radio Pi\u00f9&#8221; &nbsp;&hellip;<\/p>\n","protected":false},"author":4,"featured_media":219343,"comment_status":"closed","ping_status":"open","sticky":false,"template":"","format":"standard","meta":{"_monsterinsights_skip_tracking":false,"_monsterinsights_sitenote_active":false,"_monsterinsights_sitenote_note":"","_monsterinsights_sitenote_category":0,"footnotes":""},"categories":[1,51,86,49],"tags":[],"class_list":["post-219246","post","type-post","status-publish","format-standard","has-post-thumbnail","hentry","category-senza-categoria","category-evidenza-top","category-gr","category-news-18","category-1","category-51","category-86","category-49","description-off"],"img_url":"https:\/\/www.radiopiu.net\/wordpress\/wp-content\/uploads\/2021\/07\/808d5912-a714-45f8-b1f6-ecfe9e03d925.jpg","_links":{"self":[{"href":"https:\/\/www.radiopiu.net\/wordpress\/wp-json\/wp\/v2\/posts\/219246","targetHints":{"allow":["GET"]}}],"collection":[{"href":"https:\/\/www.radiopiu.net\/wordpress\/wp-json\/wp\/v2\/posts"}],"about":[{"href":"https:\/\/www.radiopiu.net\/wordpress\/wp-json\/wp\/v2\/types\/post"}],"author":[{"embeddable":true,"href":"https:\/\/www.radiopiu.net\/wordpress\/wp-json\/wp\/v2\/users\/4"}],"replies":[{"embeddable":true,"href":"https:\/\/www.radiopiu.net\/wordpress\/wp-json\/wp\/v2\/comments?post=219246"}],"version-history":[{"count":0,"href":"https:\/\/www.radiopiu.net\/wordpress\/wp-json\/wp\/v2\/posts\/219246\/revisions"}],"wp:featuredmedia":[{"embeddable":true,"href":"https:\/\/www.radiopiu.net\/wordpress\/wp-json\/wp\/v2\/media\/219343"}],"wp:attachment":[{"href":"https:\/\/www.radiopiu.net\/wordpress\/wp-json\/wp\/v2\/media?parent=219246"}],"wp:term":[{"taxonomy":"category","embeddable":true,"href":"https:\/\/www.radiopiu.net\/wordpress\/wp-json\/wp\/v2\/categories?post=219246"},{"taxonomy":"post_tag","embeddable":true,"href":"https:\/\/www.radiopiu.net\/wordpress\/wp-json\/wp\/v2\/tags?post=219246"}],"curies":[{"name":"wp","href":"https:\/\/api.w.org\/{rel}","templated":true}]}}