{"id":219356,"date":"2021-07-02T05:24:06","date_gmt":"2021-07-02T03:24:06","guid":{"rendered":"https:\/\/www.radiopiu.net\/wordpress\/?p=219356"},"modified":"2021-07-02T05:44:30","modified_gmt":"2021-07-02T03:44:30","slug":"scomparsa-di-gabriella-cont-il-cordoglio-del-coordinamento-donne-della-cisl-e-della-fnp","status":"publish","type":"post","link":"https:\/\/www.radiopiu.net\/wordpress\/scomparsa-di-gabriella-cont-il-cordoglio-del-coordinamento-donne-della-cisl-e-della-fnp\/","title":{"rendered":"Scomparsa di Gabriella Cont, il cordoglio del Coordinamento Donne della Cisl e della Fnp"},"content":{"rendered":"<h2><span style=\"color: #0000ff;\">PER<strong>\u00a0RICEVERE QUESTO NOTIZIARIO DIRETTAMENTE SUL TUO CELLULARE ISCRIVITI AL CANALE TELEGRAM\u00a0<\/strong><strong>\u201cRADIO PIU\u00a0 INFORMAZIONE\u201d\u00a0<\/strong><\/span><\/h2>\n<p>&nbsp;<\/p>\n<p><strong><img loading=\"lazy\" decoding=\"async\" class=\"alignleft\" src=\"https:\/\/www.radiopiu.net\/wordpress\/wp-content\/uploads\/2021\/06\/0b0d50fb-be1b-4d71-b7ea-02adb3b7dd6a.jpg\" width=\"269\" height=\"151\" \/>BELLUNO-TREVISO <\/strong>Grande commozione in tutta la Cisl Belluno Treviso per la tragica scomparsa della segretaria organizzativa della Fnp territoriale Gabriella Cont, deceduta mercoled\u00ec pomeriggio in un incidente stradale. Oggi la ricordano Alessia Salvador ed Emma Parisotto, coordinatrici, rispettivamente, del Coordinamento Donne della Cisl e di quello dei Pensionati, che esprimono, a nome dei due organismi, le pi\u00f9 sentite condoglianze al marito, alle figlie e a tutta la famiglia.<\/p>\n<blockquote><p><em>\u201cHo collaborato con Gabriella per il Coordinamento Donne fin dalla mia elezione nel novembre 2017 &#8211; spiega Alessia Salvador -. Era una persona dinamica e attenta alla figura di donna nel ruolo del sindacato. Insieme abbiamo organizzato la campagna #stopviolenza negli istituti scolastici di secondo grado delle due province, per sensibilizzare gli studenti sul tema della violenza contro le donne, iniziativa in cui si \u00e8 spesa moltissimo, anche in virt\u00f9 del suo passato da insegnante. Esprimo, a nome di tutto il Coordinamento Donne della Cisl, le pi\u00f9 sentite condoglianze al marito, alle figlie e a tutta la famiglia\u201d.<\/em><\/p>\n<p><em>\u201cGabriella \u00e8 stata una donna sempre presente alle iniziative sindacali &#8211; ricorda Emma Parisotto -. Prestava particolare attenzione alle problematiche femminili delle lavoratrici e delle pensionate ed era il punto di riferimento per tutte noi all\u2019interno dell\u2019esecutivo della Fnp. Mercoled\u00ec ci eravamo appena lasciate dopo la consueta riunione di segreteria, non mi capacito ancora di quanto successo\u201d.<\/em><\/p><\/blockquote>\n<p>&nbsp;<\/p>\n<h2><span style=\"color: #0000ff;\">PER<strong>\u00a0RICEVERE QUESTO NOTIZIARIO DIRETTAMENTE SUL TUO CELLULARE ISCRIVITI AL CANALE TELEGRAM\u00a0<\/strong><strong>\u201cRADIO PIU\u00a0 INFORMAZIONE\u201d\u00a0<\/strong><\/span><\/h2>\n","protected":false},"excerpt":{"rendered":"<p>PER\u00a0RICEVERE QUESTO NOTIZIARIO DIRETTAMENTE SUL TUO CELLULARE ISCRIVITI AL CANALE TELEGRAM\u00a0\u201cRADIO PIU\u00a0 INFORMAZIONE\u201d\u00a0 &nbsp; BELLUNO-TREVISO Grande commozione in tutta la Cisl Belluno Treviso per la tragica scomparsa della segretaria organizzativa della Fnp territoriale Gabriella Cont, deceduta mercoled\u00ec pomeriggio in un incidente stradale. Oggi la ricordano Alessia Salvador ed Emma Parisotto, coordinatrici, rispettivamente, del Coordinamento Donne&hellip;<\/p>\n","protected":false},"author":4,"featured_media":219252,"comment_status":"closed","ping_status":"open","sticky":false,"template":"","format":"standard","meta":{"_monsterinsights_skip_tracking":false,"_monsterinsights_sitenote_active":false,"_monsterinsights_sitenote_note":"","_monsterinsights_sitenote_category":0,"footnotes":""},"categories":[51,49],"tags":[],"class_list":["post-219356","post","type-post","status-publish","format-standard","has-post-thumbnail","hentry","category-evidenza-top","category-news-18","category-51","category-49","description-off"],"img_url":"https:\/\/www.radiopiu.net\/wordpress\/wp-content\/uploads\/2021\/06\/0b0d50fb-be1b-4d71-b7ea-02adb3b7dd6a.jpg","_links":{"self":[{"href":"https:\/\/www.radiopiu.net\/wordpress\/wp-json\/wp\/v2\/posts\/219356","targetHints":{"allow":["GET"]}}],"collection":[{"href":"https:\/\/www.radiopiu.net\/wordpress\/wp-json\/wp\/v2\/posts"}],"about":[{"href":"https:\/\/www.radiopiu.net\/wordpress\/wp-json\/wp\/v2\/types\/post"}],"author":[{"embeddable":true,"href":"https:\/\/www.radiopiu.net\/wordpress\/wp-json\/wp\/v2\/users\/4"}],"replies":[{"embeddable":true,"href":"https:\/\/www.radiopiu.net\/wordpress\/wp-json\/wp\/v2\/comments?post=219356"}],"version-history":[{"count":0,"href":"https:\/\/www.radiopiu.net\/wordpress\/wp-json\/wp\/v2\/posts\/219356\/revisions"}],"wp:featuredmedia":[{"embeddable":true,"href":"https:\/\/www.radiopiu.net\/wordpress\/wp-json\/wp\/v2\/media\/219252"}],"wp:attachment":[{"href":"https:\/\/www.radiopiu.net\/wordpress\/wp-json\/wp\/v2\/media?parent=219356"}],"wp:term":[{"taxonomy":"category","embeddable":true,"href":"https:\/\/www.radiopiu.net\/wordpress\/wp-json\/wp\/v2\/categories?post=219356"},{"taxonomy":"post_tag","embeddable":true,"href":"https:\/\/www.radiopiu.net\/wordpress\/wp-json\/wp\/v2\/tags?post=219356"}],"curies":[{"name":"wp","href":"https:\/\/api.w.org\/{rel}","templated":true}]}}