{"id":219417,"date":"2021-07-02T05:26:23","date_gmt":"2021-07-02T03:26:23","guid":{"rendered":"https:\/\/www.radiopiu.net\/wordpress\/?p=219417"},"modified":"2021-07-02T05:44:04","modified_gmt":"2021-07-02T03:44:04","slug":"covid-19-altri-7-positivi-in-ulss-1-dolomiti-sono-11-in-due-giorni","status":"publish","type":"post","link":"https:\/\/www.radiopiu.net\/wordpress\/covid-19-altri-7-positivi-in-ulss-1-dolomiti-sono-11-in-due-giorni\/","title":{"rendered":"COVID-19: ALTRI 7 POSITIVI IN ULSS 1 DOLOMITI, SONO 11 IN DUE GIORNI"},"content":{"rendered":"<h2><span style=\"color: #0000ff;\">PER<strong>\u00a0RICEVERE QUESTO NOTIZIARIO DIRETTAMENTE SUL TUO CELLULARE ISCRIVITI AL CANALE TELEGRAM\u00a0<\/strong><strong>\u201cRADIO PIU\u00a0 INFORMAZIONE\u201d<\/strong><\/span><\/h2>\n<p><strong><a href=\"https:\/\/www.radiopiu.net\/wordpress\/giornale-radiopiu-10-marzo-2020-direttore-mirko-mezzacasa\/covid-ulss\/\" rel=\"attachment wp-att-121260\"><img loading=\"lazy\" decoding=\"async\" class=\" wp-image-121260 alignleft\" src=\"https:\/\/www.radiopiu.net\/wordpress\/wp-content\/uploads\/2020\/03\/covid-ulss-300x225.jpg\" alt=\"\" width=\"236\" height=\"177\" srcset=\"https:\/\/www.radiopiu.net\/wordpress\/wp-content\/uploads\/2020\/03\/covid-ulss-300x225.jpg 300w, https:\/\/www.radiopiu.net\/wordpress\/wp-content\/uploads\/2020\/03\/covid-ulss-768x576.jpg 768w, https:\/\/www.radiopiu.net\/wordpress\/wp-content\/uploads\/2020\/03\/covid-ulss.jpg 800w\" sizes=\"auto, (max-width: 236px) 100vw, 236px\" \/><\/a>BELLUNO <\/strong>Dopo le tre positivit\u00e0 covid segnalate nel pomeriggio di ieri, nella tarda serata \u00e8 emersa una nuova positivit\u00e0, contatto stretto di uno dei tre giovani positivi citati. Pochi minuti fa sono giunti\u00a0 all\u2019attenzione dell\u2019unit\u00e0 di crisi 7 nuovi referti di positivit\u00e0, quasi tutti a carico di \u00a0giovani. Il team dedicato al contact tracing sta costruendo le possibili catene epidemiche di queste 11 positivit\u00e0 registrate tra ieri e oggi, e disponendo i provvedimenti contumaciali previsti a carico dei casi Covid (isolamento per almeno 10 giorni) e dei contatti (quarantena per 10 giorni con tampone di controllo in entrata e tampone di uscita). Le quattro positivit\u00e0 di ieri sono gi\u00e0 state inviate per il sequenziamento all\u2019Istituto Zooprofilattico delle Venezie. I risultati sono attesi tra alcuni giorni.<\/p>\n<p>&nbsp;<\/p>\n<p>&nbsp;<\/p>\n<p>&nbsp;<\/p>\n<p>*****<\/p>\n","protected":false},"excerpt":{"rendered":"<p>PER\u00a0RICEVERE QUESTO NOTIZIARIO DIRETTAMENTE SUL TUO CELLULARE ISCRIVITI AL CANALE TELEGRAM\u00a0\u201cRADIO PIU\u00a0 INFORMAZIONE\u201d BELLUNO Dopo le tre positivit\u00e0 covid segnalate nel pomeriggio di ieri, nella tarda serata \u00e8 emersa una nuova positivit\u00e0, contatto stretto di uno dei tre giovani positivi citati. Pochi minuti fa sono giunti\u00a0 all\u2019attenzione dell\u2019unit\u00e0 di crisi 7 nuovi referti di positivit\u00e0,&hellip;<\/p>\n","protected":false},"author":4,"featured_media":121260,"comment_status":"closed","ping_status":"open","sticky":false,"template":"","format":"standard","meta":{"_monsterinsights_skip_tracking":false,"_monsterinsights_sitenote_active":false,"_monsterinsights_sitenote_note":"","_monsterinsights_sitenote_category":0,"footnotes":""},"categories":[51,49],"tags":[],"class_list":["post-219417","post","type-post","status-publish","format-standard","has-post-thumbnail","hentry","category-evidenza-top","category-news-18","category-51","category-49","description-off"],"img_url":"https:\/\/www.radiopiu.net\/wordpress\/wp-content\/uploads\/2020\/03\/covid-ulss.jpg","_links":{"self":[{"href":"https:\/\/www.radiopiu.net\/wordpress\/wp-json\/wp\/v2\/posts\/219417","targetHints":{"allow":["GET"]}}],"collection":[{"href":"https:\/\/www.radiopiu.net\/wordpress\/wp-json\/wp\/v2\/posts"}],"about":[{"href":"https:\/\/www.radiopiu.net\/wordpress\/wp-json\/wp\/v2\/types\/post"}],"author":[{"embeddable":true,"href":"https:\/\/www.radiopiu.net\/wordpress\/wp-json\/wp\/v2\/users\/4"}],"replies":[{"embeddable":true,"href":"https:\/\/www.radiopiu.net\/wordpress\/wp-json\/wp\/v2\/comments?post=219417"}],"version-history":[{"count":0,"href":"https:\/\/www.radiopiu.net\/wordpress\/wp-json\/wp\/v2\/posts\/219417\/revisions"}],"wp:featuredmedia":[{"embeddable":true,"href":"https:\/\/www.radiopiu.net\/wordpress\/wp-json\/wp\/v2\/media\/121260"}],"wp:attachment":[{"href":"https:\/\/www.radiopiu.net\/wordpress\/wp-json\/wp\/v2\/media?parent=219417"}],"wp:term":[{"taxonomy":"category","embeddable":true,"href":"https:\/\/www.radiopiu.net\/wordpress\/wp-json\/wp\/v2\/categories?post=219417"},{"taxonomy":"post_tag","embeddable":true,"href":"https:\/\/www.radiopiu.net\/wordpress\/wp-json\/wp\/v2\/tags?post=219417"}],"curies":[{"name":"wp","href":"https:\/\/api.w.org\/{rel}","templated":true}]}}