{"id":219458,"date":"2021-07-02T05:28:01","date_gmt":"2021-07-02T03:28:01","guid":{"rendered":"https:\/\/www.radiopiu.net\/wordpress\/?p=219458"},"modified":"2021-07-02T05:41:28","modified_gmt":"2021-07-02T03:41:28","slug":"essilorluxottica-acquisisce-da-hall-il-7672-di-grandvision","status":"publish","type":"post","link":"https:\/\/www.radiopiu.net\/wordpress\/essilorluxottica-acquisisce-da-hall-il-7672-di-grandvision\/","title":{"rendered":"ESSILORLUXOTTICA ACQUISISCE DA HALL IL 76,72% DI GRANDVISION"},"content":{"rendered":"<h2><span style=\"color: #0000ff;\">PER<strong>\u00a0RICEVERE QUESTO NOTIZIARIO DIRETTAMENTE SUL TUO CELLULARE ISCRIVITI AL CANALE TELEGRAM\u00a0<\/strong><strong>\u201cRADIO PIU\u00a0 INFORMAZIONE\u201d<\/strong><\/span><\/h2>\n<p><strong><a href=\"https:\/\/www.radiopiu.net\/wordpress\/essilor-luxottica-continua-la-via-legale-sul-caso-grandvision\/essilor-grandvision\/\" rel=\"attachment wp-att-159137\"><img loading=\"lazy\" decoding=\"async\" class=\"size-medium wp-image-159137 alignleft\" src=\"https:\/\/www.radiopiu.net\/wordpress\/wp-content\/uploads\/2020\/09\/ESSILOR-GRANDVISION-300x300.jpg\" alt=\"\" width=\"300\" height=\"300\" srcset=\"https:\/\/www.radiopiu.net\/wordpress\/wp-content\/uploads\/2020\/09\/ESSILOR-GRANDVISION-300x300.jpg 300w, https:\/\/www.radiopiu.net\/wordpress\/wp-content\/uploads\/2020\/09\/ESSILOR-GRANDVISION.jpg 1024w, https:\/\/www.radiopiu.net\/wordpress\/wp-content\/uploads\/2020\/09\/ESSILOR-GRANDVISION-150x150.jpg 150w, https:\/\/www.radiopiu.net\/wordpress\/wp-content\/uploads\/2020\/09\/ESSILOR-GRANDVISION-768x768.jpg 768w, https:\/\/www.radiopiu.net\/wordpress\/wp-content\/uploads\/2020\/09\/ESSILOR-GRANDVISION-125x125.jpg 125w, https:\/\/www.radiopiu.net\/wordpress\/wp-content\/uploads\/2020\/09\/ESSILOR-GRANDVISION-200x200.jpg 200w, https:\/\/www.radiopiu.net\/wordpress\/wp-content\/uploads\/2020\/09\/ESSILOR-GRANDVISION-80x80.jpg 80w, https:\/\/www.radiopiu.net\/wordpress\/wp-content\/uploads\/2020\/09\/ESSILOR-GRANDVISION-480x480.jpg 480w\" sizes=\"auto, (max-width: 300px) 100vw, 300px\" \/><\/a>FRANCIA <\/strong>EssilorLuxottica annuncia di aver completato l&#8217;acquisizione della partecipazione del 76,72% di GrandVision da HAL Optical Investments, societ\u00e0 interamente controllata da HAL Holding, ai sensi dell\u2019accordo stipulato con HAL in data 30 luglio 2019. In conseguenza del completamento dell&#8217;operazione prevista dal Block Trade Agreement, EssilorLuxottica ha acquisito il &#8220;controllo prevalente\u201d (overwegende zeggenschap) su GrandVision ed \u00e8 tenuta a lanciare un&#8217;offerta pubblica di acquisto obbligatoria avente ad oggetto la totalit\u00e0 delle azioni della Societ\u00e0 rimanenti in circolazione, in conformit\u00e0 con la legge olandese. L\u2019intento di EssilorLuxottica \u00e8 quello di procedere con il delisting di GrandVision da Euronext Amsterdam. EssilorLuxottica presenter\u00e0 il documento di offerta per l&#8217;offerta pubblica di acquisto all&#8217;autorit\u00e0 olandese per i mercati finanziari (AFM) entro e non oltre il 23 settembre 2021, data ultima per la presentazione del documento di offerta per l&#8217;approvazione da parte dell\u2019AFM ai sensi della legge olandese. Il documento di offerta avr\u00e0 ad oggetto l&#8217;offerta pubblica di acquisto di tutte le azioni ordinarie rimanenti in circolazione del capitale sociale di GrandVision, ciascuna avente un valore nominale di Euro 0,02. Il prezzo di offerta per azione sar\u00e0 di Euro 28,42 e tale prezzo di offerta \u00e8 pari al prezzo per azione pagato da EssilorLuxottica ai sensi del Block Trade Agreement. Il prezzo di offerta \u00e8 inoltre pari al prezzo pi\u00f9 alto pagato da EssilorLuxottica per le azioni di GrandVision durante i dodici mesi precedenti l&#8217;annuncio dell&#8217;offerta pubblica di acquisto ed \u00e8 quindi da ritenersi un &#8220;prezzo equo&#8221; (billijke prijs) ai sensi del paragrafo 5:80a della \u201cLegge Olandese sulla Vigilanza Finanziaria\u201d (Wet op het financieel toezicht). Il perfezionamento dell\u2019offerta pubblica di acquisto \u00e8 previsto entro sei mesi. EssilorLuxottica conferma altres\u00ec che sono stati garantiti fondi sufficienti per il pagamento integrale di tutte le azioni rimanenti in circolazione di GrandVision a fronte del prezzo di offerta. Alla data del presente comunicato stampa, EssilorLuxottica detiene una partecipazione pari al 76,72% in GrandVision. EssilorLuxottica si \u00e8 avvalsa della consulenza di Citi in qualit\u00e0 di advisor finanziario M&amp;A, Sullivan &amp; Cromwell LLP in qualit\u00e0 di advisor legale M&amp;A, Stibbe N.V. in qualit\u00e0 di advisor legale M&amp;A per le questioni di diritto olandese, BonelliErede e Stibbe N.V. in qualit\u00e0 di advisor legali nel processo arbitrale, BonelliErede e Latham &amp; Watkins LLP in qualit\u00e0 di consulenti legali per le questioni antitrust.<\/p>\n<p>&nbsp;<\/p>\n<p>&nbsp;<\/p>\n<p>*****<\/p>\n","protected":false},"excerpt":{"rendered":"<p>PER\u00a0RICEVERE QUESTO NOTIZIARIO DIRETTAMENTE SUL TUO CELLULARE ISCRIVITI AL CANALE TELEGRAM\u00a0\u201cRADIO PIU\u00a0 INFORMAZIONE\u201d FRANCIA EssilorLuxottica annuncia di aver completato l&#8217;acquisizione della partecipazione del 76,72% di GrandVision da HAL Optical Investments, societ\u00e0 interamente controllata da HAL Holding, ai sensi dell\u2019accordo stipulato con HAL in data 30 luglio 2019. In conseguenza del completamento dell&#8217;operazione prevista dal Block&hellip;<\/p>\n","protected":false},"author":4,"featured_media":159137,"comment_status":"closed","ping_status":"open","sticky":false,"template":"","format":"standard","meta":{"_monsterinsights_skip_tracking":false,"_monsterinsights_sitenote_active":false,"_monsterinsights_sitenote_note":"","_monsterinsights_sitenote_category":0,"footnotes":""},"categories":[51,49],"tags":[],"class_list":["post-219458","post","type-post","status-publish","format-standard","has-post-thumbnail","hentry","category-evidenza-top","category-news-18","category-51","category-49","description-off"],"img_url":"https:\/\/www.radiopiu.net\/wordpress\/wp-content\/uploads\/2020\/09\/ESSILOR-GRANDVISION.jpg","_links":{"self":[{"href":"https:\/\/www.radiopiu.net\/wordpress\/wp-json\/wp\/v2\/posts\/219458","targetHints":{"allow":["GET"]}}],"collection":[{"href":"https:\/\/www.radiopiu.net\/wordpress\/wp-json\/wp\/v2\/posts"}],"about":[{"href":"https:\/\/www.radiopiu.net\/wordpress\/wp-json\/wp\/v2\/types\/post"}],"author":[{"embeddable":true,"href":"https:\/\/www.radiopiu.net\/wordpress\/wp-json\/wp\/v2\/users\/4"}],"replies":[{"embeddable":true,"href":"https:\/\/www.radiopiu.net\/wordpress\/wp-json\/wp\/v2\/comments?post=219458"}],"version-history":[{"count":0,"href":"https:\/\/www.radiopiu.net\/wordpress\/wp-json\/wp\/v2\/posts\/219458\/revisions"}],"wp:featuredmedia":[{"embeddable":true,"href":"https:\/\/www.radiopiu.net\/wordpress\/wp-json\/wp\/v2\/media\/159137"}],"wp:attachment":[{"href":"https:\/\/www.radiopiu.net\/wordpress\/wp-json\/wp\/v2\/media?parent=219458"}],"wp:term":[{"taxonomy":"category","embeddable":true,"href":"https:\/\/www.radiopiu.net\/wordpress\/wp-json\/wp\/v2\/categories?post=219458"},{"taxonomy":"post_tag","embeddable":true,"href":"https:\/\/www.radiopiu.net\/wordpress\/wp-json\/wp\/v2\/tags?post=219458"}],"curies":[{"name":"wp","href":"https:\/\/api.w.org\/{rel}","templated":true}]}}